{"id":2922,"date":"2023-09-27T13:49:46","date_gmt":"2023-09-27T11:49:46","guid":{"rendered":"https:\/\/www.ariasassessors.com\/?p=2922"},"modified":"2023-09-26T15:47:40","modified_gmt":"2023-09-26T13:47:40","slug":"estos-son-los-pequenos-negocios-que-van-a-pagar-menos-en-el-impuesto-de-sociedades-del-2024","status":"publish","type":"post","link":"https:\/\/www.ariasassessors.com\/ca\/estos-son-los-pequenos-negocios-que-van-a-pagar-menos-en-el-impuesto-de-sociedades-del-2024\/","title":{"rendered":"Aquests s\u00f3n els petits negocis que pagaran menys en l&#8217;Impost de Societats del 2024"},"content":{"rendered":"<p>M\u00e9s de mig mili\u00f3 de petits negocis podrien tributar per tipus redu\u00efts en l&#8217;Impost de Societats de l&#8217;any que ve. Aquestes s\u00f3n les tres mesures que els permetran pagar menys en la seg\u00fcent declaraci\u00f3.<\/p>\n<p>M\u00e9s de mitj\u00e0 de mili\u00f3 de petits negocis podrien beneficiar-se a l&#8217;any que ve de diferents rebaixes fiscals que els permetran pagar un tipus m\u00e9s redu\u00eft de l&#8217;habitual en l&#8217;Impost de Societats. El Govern va llan\u00e7ar a la fi de 2022 una bateria de mesures fiscals entre les quals es troba la reducci\u00f3 del tipus nominal del 25% al 23% en l&#8217;<a href=\"https:\/\/www.autonomosyemprendedor.es\/articulo\/tus-finanzas\/impuesto-sociedades-nuevos-gastos-deducibles-ultimas-sentencias-supremo\/20230915145535032201.html\" target=\"_blank\" rel=\"noopener\">Impost de Societats<\/a> per a les pimes que compleixin determinats requisits.<\/p>\n<p>Segons les estimacions proporcionades pel propi Ministeri d&#8217;Hisenda durant la presentaci\u00f3 de la bateria de mesures fiscals, serien\u00a0407.384 negocis els que es podran beneficiar en 2023 a\u00a0aquesta rebaixa\u00a0impositiva, que els suposar\u00e0 un estalvi mitj\u00e0 en la liquidaci\u00f3 de l&#8217;Impost de Societats a presentar en 2024 de\u00a0717 euros per empresa.<\/p>\n<p>Si b\u00e9 \u00e9s cert que la mesura est\u00e0 dirigida a reduir la c\u00e0rrega impositiva de les pimes durant 2023, la veritat \u00e9s que l&#8217;Impost de Societats es presenta, igual que la declaraci\u00f3 de la RENDA, a l&#8217;any seg\u00fcent. Per tant, les m\u00e9s de 400.000 pimes benefici\u00e0ries\u00a0d&#8217;aquesta mesura notaran aquesta reducci\u00f3 de m\u00e9s de 700 euros de mitjana en el seu impost de societats quan presentin la declaraci\u00f3 anual, entre l&#8217;1 i el 25 de juliol de 2024.<\/p>\n<p>En 2022 tamb\u00e9 va entrar en vigor la llei\u00a028\/2022, de 21 de desembre, de\u00a0startups\u00a0que\u00a0amplia aquest tipus redu\u00eft del 15% a un nou perfil de beneficiaris: els negocis considerats &#8221; de recent creaci\u00f3&#8221; i els\u00a0&#8220;emergents&#8221;. En aquest cas, podran pagar aquest tipus redu\u00eft durant el primer any d&#8217;activitat en el qual hagin registrat guanys\u00a0i en els tres seg\u00fcents, per la qual cosa tamb\u00e9 serien moltes activitats les que podrien pagar menys en l&#8217;Impost de Societats de\u00a02024 a trav\u00e9s d&#8217;aquestes dues mesures.<\/p>\n<div id=\"ez-toc-container\" class=\"ez-toc-v2_0_72 counter-hierarchy ez-toc-counter ez-toc-grey ez-toc-container-direction\">\n<div class=\"ez-toc-title-container\">\n<p class=\"ez-toc-title\" style=\"cursor:inherit\">\u00cdndice de Contenidos<\/p>\n<span class=\"ez-toc-title-toggle\"><a href=\"#\" class=\"ez-toc-pull-right ez-toc-btn ez-toc-btn-xs ez-toc-btn-default ez-toc-toggle\" aria-label=\"Toggle Table of Content\"><span class=\"ez-toc-js-icon-con\"><span class=\"\"><span class=\"eztoc-hide\" style=\"display:none;\">Toggle<\/span><span class=\"ez-toc-icon-toggle-span\"><svg style=\"fill: #428bca;color:#428bca\" xmlns=\"http:\/\/www.w3.org\/2000\/svg\" class=\"list-377408\" width=\"20px\" height=\"20px\" viewBox=\"0 0 24 24\" fill=\"none\"><path d=\"M6 6H4v2h2V6zm14 0H8v2h12V6zM4 11h2v2H4v-2zm16 0H8v2h12v-2zM4 16h2v2H4v-2zm16 0H8v2h12v-2z\" fill=\"currentColor\"><\/path><\/svg><svg style=\"fill: #428bca;color:#428bca\" class=\"arrow-unsorted-368013\" xmlns=\"http:\/\/www.w3.org\/2000\/svg\" width=\"10px\" height=\"10px\" viewBox=\"0 0 24 24\" version=\"1.2\" baseProfile=\"tiny\"><path d=\"M18.2 9.3l-6.2-6.3-6.2 6.3c-.2.2-.3.4-.3.7s.1.5.3.7c.2.2.4.3.7.3h11c.3 0 .5-.1.7-.3.2-.2.3-.5.3-.7s-.1-.5-.3-.7zM5.8 14.7l6.2 6.3 6.2-6.3c.2-.2.3-.5.3-.7s-.1-.5-.3-.7c-.2-.2-.4-.3-.7-.3h-11c-.3 0-.5.1-.7.3-.2.2-.3.5-.3.7s.1.5.3.7z\"\/><\/svg><\/span><\/span><\/span><\/a><\/span><\/div>\n<nav><ul class='ez-toc-list ez-toc-list-level-1 eztoc-toggle-hide-by-default' ><li class='ez-toc-page-1 ez-toc-heading-level-2'><a class=\"ez-toc-link ez-toc-heading-1\" href=\"https:\/\/www.ariasassessors.com\/ca\/estos-son-los-pequenos-negocios-que-van-a-pagar-menos-en-el-impuesto-de-sociedades-del-2024\/#Quins_negocis_podran_accedir_a_la_rebaixa_al_23_en_lImpost_de_Societats\" title=\"Quins negocis podran accedir a la rebaixa al 23%\u00a0en l&#8217;Impost de Societats?\">Quins negocis podran accedir a la rebaixa al 23%\u00a0en l&#8217;Impost de Societats?<\/a><ul class='ez-toc-list-level-3' ><li class='ez-toc-heading-level-3'><a class=\"ez-toc-link ez-toc-heading-2\" href=\"https:\/\/www.ariasassessors.com\/ca\/estos-son-los-pequenos-negocios-que-van-a-pagar-menos-en-el-impuesto-de-sociedades-del-2024\/#Primer_requisit_haver_facturat_menys_dun_milio_deuros\" title=\"Primer requisit: haver facturat menys d&#8217;un mili\u00f3 d&#8217;euros\">Primer requisit: haver facturat menys d&#8217;un mili\u00f3 d&#8217;euros<\/a><\/li><li class='ez-toc-page-1 ez-toc-heading-level-3'><a class=\"ez-toc-link ez-toc-heading-3\" href=\"https:\/\/www.ariasassessors.com\/ca\/estos-son-los-pequenos-negocios-que-van-a-pagar-menos-en-el-impuesto-de-sociedades-del-2024\/#El_segon_requisit_haver_tingut_una_base_imposable_positiva\" title=\"El segon requisit: haver tingut una base imposable positiva\">El segon requisit: haver tingut una base imposable positiva<\/a><\/li><\/ul><\/li><li class='ez-toc-page-1 ez-toc-heading-level-2'><a class=\"ez-toc-link ez-toc-heading-4\" href=\"https:\/\/www.ariasassessors.com\/ca\/estos-son-los-pequenos-negocios-que-van-a-pagar-menos-en-el-impuesto-de-sociedades-del-2024\/#Altres_negocis_que_poden_pagar_tipus_reduits_en_lImpost_de_Societats_en_2022\" title=\"Altres negocis que poden pagar tipus redu\u00efts en l&#8217;Impost de Societats en 2022\">Altres negocis que poden pagar tipus redu\u00efts en l&#8217;Impost de Societats en 2022<\/a><ul class='ez-toc-list-level-3' ><li class='ez-toc-heading-level-3'><a class=\"ez-toc-link ez-toc-heading-5\" href=\"https:\/\/www.ariasassessors.com\/ca\/estos-son-los-pequenos-negocios-que-van-a-pagar-menos-en-el-impuesto-de-sociedades-del-2024\/#Tambe_tributaran_per_una_mena_del_15_els_negocis_%E2%80%9Cemergents%E2%80%9D\" title=\"Tamb\u00e9 tributaran per una mena del 15% els negocis &#8220;emergents&#8221;\">Tamb\u00e9 tributaran per una mena del 15% els negocis &#8220;emergents&#8221;<\/a><\/li><\/ul><\/li><\/ul><\/nav><\/div>\n<h2><span class=\"ez-toc-section\" id=\"Quins_negocis_podran_accedir_a_la_rebaixa_al_23_en_lImpost_de_Societats\"><\/span>Quins negocis podran accedir a la rebaixa al 23%\u00a0en l&#8217;Impost de Societats?<span class=\"ez-toc-section-end\"><\/span><\/h2>\n<p>La rebaixa de dos punts percentuals que va anunciar el Govern per a les pimes a la fi de 2022\u00a0s&#8217;aplica sobre el tipus nominal, que fins ara era igual per a tots els negocis. No obstant aix\u00f2, les pimes normalment tenen m\u00e9s dificultats per a accedir a la majoria d&#8217;incentius fiscals dels quals s\u00ed que es beneficien les grans empreses, per la qual cosa en comparaci\u00f3 sempre acaben pagant m\u00e9s. Per exemple, les petites empreses no tenen departaments per a poder accedir a deduccions com a r+D+I.<\/p>\n<p>Moltes pimes veuran retallat a l&#8217;any que ve\u00a0el tipus efectiu que pagaran en la seva declaraci\u00f3 de l&#8217;Impost de Societats. En 2018,-\u00faltimes dades disponibles-, les grans empreses van tributar -despr\u00e9s d&#8217;aplicar les deduccions-\u00a0per un tipus mitj\u00e0\u00a0d&#8217;un\u00a0 5,69% dels seus beneficis\u00a0mentre que els petits negocis ho van fer al 15,14%.<\/p>\n<p>Per a ser beneficiaris d&#8217;aquesta mesura, els negocis hauran de complir dos requisits que va establir el Govern.<\/p>\n<h3><span class=\"ez-toc-section\" id=\"Primer_requisit_haver_facturat_menys_dun_milio_deuros\"><\/span>Primer requisit: haver facturat menys d&#8217;un mili\u00f3 d&#8217;euros<span class=\"ez-toc-section-end\"><\/span><\/h3>\n<p>El requisit principal per a poder beneficiar-se d&#8217;aquesta reducci\u00f3 d&#8217;impostos no estar\u00e0 lligat al nombre d&#8217;empleats que tingui l&#8217;empresa -com caldria esperar- sin\u00f3 a la seva facturaci\u00f3.\u00a0Hauran d&#8217;haver obtingut &#8220;una xifra de negocis inferior al mili\u00f3 d&#8217;euros&#8221;, \u00e9s a dir uns ingressos o facturaci\u00f3 inferior a aquest l\u00edmit.\u00a0Moltes petites empreses, malgrat la seva redu\u00efda grand\u00e0ria, poden haver facturat per sobre d&#8217;aquest llindar i quedar fora d&#8217;aquesta baixada impositiva.<\/p>\n<p>\u00c9s m\u00e9s, segons recorden els experts,\u00a0en cap moment s&#8217;est\u00e0 parlant de rendiments nets\u00a0-\u00e9s a dir, de beneficis-, sin\u00f3 de facturaci\u00f3,\u00a0per la qual cosa podria donar-se el cas que petites activitats de sectors com la construcci\u00f3, que solen manejar grans quantitats de diners, no puguin beneficiar-se d&#8217;aquesta mesura encara que els seus marges siguin estrets.<\/p>\n<h3><span class=\"ez-toc-section\" id=\"El_segon_requisit_haver_tingut_una_base_imposable_positiva\"><\/span>El segon requisit: haver tingut una base imposable positiva<span class=\"ez-toc-section-end\"><\/span><\/h3>\n<p>Segons els experts consultats, hi hauria\u00a0un segon requisit\u00a0per a poder beneficiar-se d&#8217;aquesta rebaixa fiscal que, encara que no va ser anunciat pel Govern, est\u00e0\u00a0impl\u00edcit en la pr\u00f2pia din\u00e0mica de l&#8217;Impost de Societats. Per a poder aplicar-se la baixada de dos punts, del 25% al 23% del tipus nominal, l&#8217;aut\u00f2nom societari o l&#8217;empresa haur\u00e0 a m\u00e9s d&#8217;haver tingut en 2023\u00a0una base imposable positiva.<\/p>\n<p>Encara que sembli evident, aquesta segona condici\u00f3 explicaria per qu\u00e8\u00a0havent-hi m\u00e9s d&#8217;un mili\u00f3 de microempreses i m\u00e9s de 164.000 petits negocis a Espanya, nom\u00e9s 407.000 podran beneficiar-se d&#8217;aquesta mesura fiscal. La majoria de negocis, i m\u00e9s encara venint de l&#8217;actual pujada de costos,\u00a0estaran encara compensant en 2023 les p\u00e8rdues d&#8217;anys anteriors.<\/p>\n<h2><span class=\"ez-toc-section\" id=\"Altres_negocis_que_poden_pagar_tipus_reduits_en_lImpost_de_Societats_en_2022\"><\/span>Altres negocis que poden pagar tipus redu\u00efts en l&#8217;Impost de Societats en 2022<span class=\"ez-toc-section-end\"><\/span><\/h2>\n<p>En paral\u00b7lel a la reducci\u00f3 d&#8217;impostos per a pimes, en 2022\u00a0tamb\u00e9 va entrar en vigor la llei\u00a028\/2022, de 21 de desembre, de\u00a0startups\u00a0que\u00a0amplia aquest tipus redu\u00eft del 15% a un nou perfil de beneficiaris: els negocis considerats &#8220;emergents&#8221;.\u00a0En aquest cas, podran pagar aquest tipus redu\u00eft durant el primer any d&#8217;activitat en el qual hagin registrat guanys\u00a0i en els tres seg\u00fcents.<\/p>\n<p>El primer grup de beneficiaris que podr\u00e0 accedir a un tipus redu\u00eft del 15% en l&#8217;Impost de Societats en 2024\u00a0s\u00f3n els negocis de &#8220;recent creaci\u00f3&#8221;. Tots els negocis podran optar a aquesta consideraci\u00f3 en primer any en qu\u00e8 han obtingut\u00a0resultats positius i en el seg\u00fcent. \u00c9s a dir, pagaran un 15% les empreses que\u00a0hagin tingut per primera vegada un resultat positiu en 2023.<\/p>\n<p>No obstant aix\u00f2, afegeix la llei, quedaran exclosos de la consideraci\u00f3 de &#8220;recent creaci\u00f3&#8221; els seg\u00fcents negocis:<\/p>\n<ul>\n<li>Quan l&#8217;activitat\u00a0 econ\u00f2mica hagu\u00e9s estat realitzada amb car\u00e0cter previ per altres persones o entitats vinculades\u00a0en el sentit de l&#8217;article 18 d&#8217;aquesta llei i transmesa, per qualsevol t\u00edtol jur\u00eddic, a l&#8217;entitat de nova creaci\u00f3.<\/li>\n<li>Quan l&#8217;activitat econ\u00f2mica hagu\u00e9s estat exercida,\u00a0durant l&#8217;any anterior a la constituci\u00f3 de l&#8217;entitat, per una persona f\u00edsica que ostenti una participaci\u00f3, directa o indirecta, en el capital o en els fons propis de l&#8217;entitat de nova creaci\u00f3 superior al 50 per cent.<\/li>\n<\/ul>\n<h3><span class=\"ez-toc-section\" id=\"Tambe_tributaran_per_una_mena_del_15_els_negocis_%E2%80%9Cemergents%E2%80%9D\"><\/span>Tamb\u00e9 tributaran per una mena del 15% els negocis &#8220;emergents&#8221;<span class=\"ez-toc-section-end\"><\/span><\/h3>\n<p>Com a novetat, enguany, la nova llei de\u00a0startups\u00a0ha ampliat tamb\u00e9\u00a0la reducci\u00f3 d&#8217;un 15% en el tipus que hauran de pagar les empreses en l&#8217;Impost de Societats\u00a0a aquells negocis considerats\u00a0&#8220;emergents&#8221;.\u00a0Segons diu la norma,\u00a0 els contribuents que tinguin la condici\u00f3 d&#8217;empresa emergent\u00a0tributaran al tipus del 15% en el\u00a0primer per\u00edode impositiu\u00a0en qu\u00e8, tenint aquesta condici\u00f3, la base imposable resulti positiva i en els\u00a0tres seg\u00fcents.<\/p>\n<p>\u00c9s a dir, en aquest cas, els negocis que obtinguin la consideraci\u00f3 de &#8220;emergent&#8221;,\u00a0podrien tributar per un total de quatre anys al 15% a comptar des de 2023 i amb efectes des de 2024.\u00a0Si, per exemple, un negoci que compleixi els requisits per a ser considerat &#8220;startup&#8221;\u00a0don\u00e9s resultats positius per primera vegada enguany, tributaria al 15% pels seus guanys no sols en aquest exercici sin\u00f3 fins a 2026, sempre que en aquest temps mantingui la consideraci\u00f3 de &#8220;emergent&#8221;. En cas que enguany tingu\u00e9s p\u00e8rdues i el seu primer exercici en positiu fos 2024, el tipus redu\u00eft del 15% aconseguiria\u00a0fins a 2027.<\/p>\n<p>Segons la nova llei de\u00a0startups, es considerar\u00e0 que una empresa emergent \u00e9s innovadora\u00a0&#8220;quan la seva finalitat sigui resoldre un problema o millorar una situaci\u00f3\u00a0existent mitjan\u00e7ant el desenvolupament de productes, serveis o processos nous o millorats substancialment en comparaci\u00f3 amb l&#8217;estat de la t\u00e8cnica i que porti impl\u00edcit un risc de frac\u00e0s tecnol\u00f2gic o industrial o en el propi model de negoci&#8221;.<\/p>\n<p>Per a ser considerada com a tal, el negoci haur\u00e0 de complir alguns requisits com:<\/p>\n<ul>\n<li>Ser de\u00a0nova creaci\u00f3\u00a0 o que no hagin transcorregut m\u00e9s de cinc anys\u00a0des de la data d&#8217;inscripci\u00f3 en el Registre Mercantil, o Registre de Cooperatives competent, de l&#8217;escriptura p\u00fablica de constituci\u00f3, amb car\u00e0cter general. Aquest termini es pot ampliar a\u00a0set anys en el cas d&#8217;empreses de biotecnologia, energia, industrials i altres sectors estrat\u00e8gics o que hagin desenvolupat tecnologia pr\u00f2pia, dissenyada \u00edntegrament a Espanya.<\/li>\n<li>No haver sorgit d&#8217;una operaci\u00f3 de fusi\u00f3,\u00a0escissi\u00f3 o transformaci\u00f3 d&#8217;empreses que no tinguin consideraci\u00f3 d&#8217;empreses emergents.<\/li>\n<li>Tenir la seva seu social, domicili social o establiment permanent a Espanya.<\/li>\n<li>El 60% de la plantilla haur\u00e0 de tenir un contracte laboral a Espanya.\u00a0En les cooperatives es computaran dins de la plantilla, \u00fanicament als efectes del citat percentatge, els socis treballadors i els socis de treball, la relaci\u00f3 del qual sigui de naturalesa societ\u00e0ria.<\/li>\n<li>Desenvolupar un projecte d&#8217;emprenedoria innovadora\u00a0que compti amb un model de negoci escalable. Aquesta consideraci\u00f3 l&#8217;atorgar\u00e0 l&#8217;empresa\u00a0Enisa<\/li>\n<li>No distribuir ni haver distribu\u00eft dividends, o retorns en el cas de cooperatives.<\/li>\n<li>No cotitzar en un mercat\u00a0regulat.<\/li>\n<li>No podran acollir-se als beneficis de la Llei aquelles empreses emergents\u00a0fundades o dirigides per una persona que no estigui al corrent de les obligacions tribut\u00e0ries i amb la Seguretat Social, hagi estat condemnada per sent\u00e8ncia ferma per un delicte d&#8217;administraci\u00f3 deslleial, insolv\u00e8ncia punible, delictes societaris, delictes de blanqueig de capitals, finan\u00e7ament del terrorisme, per delictes contra la Hisenda p\u00fablica i la Seguretat Social, per delictes de prevaricaci\u00f3, suborn, tr\u00e0fic d&#8217;influ\u00e8ncies, malversaci\u00f3 de cabals p\u00fablics, fraus i exaccions il\u00b7legals o per delictes urban\u00edstics aix\u00ed com a la pena de p\u00e8rdua de la possibilitat d&#8217;obtenir subvencions o ajudes p\u00fabliques.<\/li>\n<\/ul>\n","protected":false},"excerpt":{"rendered":"<p>M\u00e9s de mig mili\u00f3 de petits negocis podrien tributar per tipus redu\u00efts en l&#8217;Impost de Societats de l&#8217;any que ve. Aquestes s\u00f3n les tres mesures que els permetran pagar menys en la seg\u00fcent declaraci\u00f3. M\u00e9s de mitj\u00e0 de mili\u00f3 de petits negocis podrien beneficiar-se a&#8230;<\/p>\n","protected":false},"author":2,"featured_media":2919,"comment_status":"open","ping_status":"open","sticky":false,"template":"","format":"standard","meta":{"footnotes":""},"categories":[4],"tags":[],"class_list":["post-2922","post","type-post","status-publish","format-standard","has-post-thumbnail","hentry","category-noticies"],"yoast_head":"<!-- This site is optimized with the Yoast SEO plugin v24.3 - https:\/\/yoast.com\/wordpress\/plugins\/seo\/ -->\n<title>Aquests s\u00f3n els petits negocis que pagaran menys en l&#039;Impost de Societats del 2024 | Arias Assessors<\/title>\n<meta name=\"robots\" content=\"index, follow, max-snippet:-1, max-image-preview:large, max-video-preview:-1\" \/>\n<link rel=\"canonical\" href=\"https:\/\/www.ariasassessors.com\/ca\/estos-son-los-pequenos-negocios-que-van-a-pagar-menos-en-el-impuesto-de-sociedades-del-2024\/\" \/>\n<meta property=\"og:locale\" content=\"ca_ES\" \/>\n<meta property=\"og:type\" content=\"article\" \/>\n<meta property=\"og:title\" content=\"Aquests s\u00f3n els petits negocis que pagaran menys en l&#039;Impost de Societats del 2024 | Arias Assessors\" \/>\n<meta property=\"og:description\" content=\"M\u00e9s de mig mili\u00f3 de petits negocis podrien tributar per tipus redu\u00efts en l&#8217;Impost de Societats de l&#8217;any que ve. Aquestes s\u00f3n les tres mesures que els permetran pagar menys en la seg\u00fcent declaraci\u00f3. M\u00e9s de mitj\u00e0 de mili\u00f3 de petits negocis podrien beneficiar-se a...\" \/>\n<meta property=\"og:url\" content=\"https:\/\/www.ariasassessors.com\/ca\/estos-son-los-pequenos-negocios-que-van-a-pagar-menos-en-el-impuesto-de-sociedades-del-2024\/\" \/>\n<meta property=\"og:site_name\" content=\"Arias Assessors\" \/>\n<meta property=\"article:publisher\" content=\"https:\/\/www.facebook.com\/ariasassessors\/\" \/>\n<meta property=\"article:published_time\" content=\"2023-09-27T11:49:46+00:00\" \/>\n<meta property=\"article:modified_time\" content=\"2023-09-26T13:47:40+00:00\" \/>\n<meta property=\"og:image\" content=\"https:\/\/www.ariasassessors.com\/wp-content\/uploads\/2023\/09\/Arias_Blog_IMAGEN_DESTACADA-61.png\" \/>\n\t<meta property=\"og:image:width\" content=\"1920\" \/>\n\t<meta property=\"og:image:height\" content=\"1202\" \/>\n\t<meta property=\"og:image:type\" content=\"image\/png\" \/>\n<meta name=\"author\" content=\"btorras\" \/>\n<meta name=\"twitter:card\" content=\"summary_large_image\" \/>\n<meta name=\"twitter:creator\" content=\"@ariasassessors\" \/>\n<meta name=\"twitter:site\" content=\"@ariasassessors\" \/>\n<meta name=\"twitter:label1\" content=\"Escrit per\" \/>\n\t<meta name=\"twitter:data1\" content=\"btorras\" \/>\n\t<meta name=\"twitter:label2\" content=\"Temps estimat de lectura\" \/>\n\t<meta name=\"twitter:data2\" content=\"8 minuts\" \/>\n<script type=\"application\/ld+json\" class=\"yoast-schema-graph\">{\"@context\":\"https:\/\/schema.org\",\"@graph\":[{\"@type\":\"Article\",\"@id\":\"https:\/\/www.ariasassessors.com\/ca\/estos-son-los-pequenos-negocios-que-van-a-pagar-menos-en-el-impuesto-de-sociedades-del-2024\/#article\",\"isPartOf\":{\"@id\":\"https:\/\/www.ariasassessors.com\/ca\/estos-son-los-pequenos-negocios-que-van-a-pagar-menos-en-el-impuesto-de-sociedades-del-2024\/\"},\"author\":{\"name\":\"btorras\",\"@id\":\"https:\/\/www.ariasassessors.com\/#\/schema\/person\/63c6ad1775f0a9413c37932562673cef\"},\"headline\":\"Aquests s\u00f3n els petits negocis que pagaran menys en l&#8217;Impost de Societats del 2024\",\"datePublished\":\"2023-09-27T11:49:46+00:00\",\"dateModified\":\"2023-09-26T13:47:40+00:00\",\"mainEntityOfPage\":{\"@id\":\"https:\/\/www.ariasassessors.com\/ca\/estos-son-los-pequenos-negocios-que-van-a-pagar-menos-en-el-impuesto-de-sociedades-del-2024\/\"},\"wordCount\":1584,\"commentCount\":0,\"publisher\":{\"@id\":\"https:\/\/www.ariasassessors.com\/#organization\"},\"image\":{\"@id\":\"https:\/\/www.ariasassessors.com\/ca\/estos-son-los-pequenos-negocios-que-van-a-pagar-menos-en-el-impuesto-de-sociedades-del-2024\/#primaryimage\"},\"thumbnailUrl\":\"https:\/\/www.ariasassessors.com\/wp-content\/uploads\/2023\/09\/Arias_Blog_IMAGEN_DESTACADA-61.png\",\"articleSection\":[\"noticies\"],\"inLanguage\":\"ca\",\"potentialAction\":[{\"@type\":\"CommentAction\",\"name\":\"Comment\",\"target\":[\"https:\/\/www.ariasassessors.com\/ca\/estos-son-los-pequenos-negocios-que-van-a-pagar-menos-en-el-impuesto-de-sociedades-del-2024\/#respond\"]}]},{\"@type\":\"WebPage\",\"@id\":\"https:\/\/www.ariasassessors.com\/ca\/estos-son-los-pequenos-negocios-que-van-a-pagar-menos-en-el-impuesto-de-sociedades-del-2024\/\",\"url\":\"https:\/\/www.ariasassessors.com\/ca\/estos-son-los-pequenos-negocios-que-van-a-pagar-menos-en-el-impuesto-de-sociedades-del-2024\/\",\"name\":\"Aquests s\u00f3n els petits negocis que pagaran menys en l'Impost de Societats del 2024 | Arias Assessors\",\"isPartOf\":{\"@id\":\"https:\/\/www.ariasassessors.com\/#website\"},\"primaryImageOfPage\":{\"@id\":\"https:\/\/www.ariasassessors.com\/ca\/estos-son-los-pequenos-negocios-que-van-a-pagar-menos-en-el-impuesto-de-sociedades-del-2024\/#primaryimage\"},\"image\":{\"@id\":\"https:\/\/www.ariasassessors.com\/ca\/estos-son-los-pequenos-negocios-que-van-a-pagar-menos-en-el-impuesto-de-sociedades-del-2024\/#primaryimage\"},\"thumbnailUrl\":\"https:\/\/www.ariasassessors.com\/wp-content\/uploads\/2023\/09\/Arias_Blog_IMAGEN_DESTACADA-61.png\",\"datePublished\":\"2023-09-27T11:49:46+00:00\",\"dateModified\":\"2023-09-26T13:47:40+00:00\",\"breadcrumb\":{\"@id\":\"https:\/\/www.ariasassessors.com\/ca\/estos-son-los-pequenos-negocios-que-van-a-pagar-menos-en-el-impuesto-de-sociedades-del-2024\/#breadcrumb\"},\"inLanguage\":\"ca\",\"potentialAction\":[{\"@type\":\"ReadAction\",\"target\":[\"https:\/\/www.ariasassessors.com\/ca\/estos-son-los-pequenos-negocios-que-van-a-pagar-menos-en-el-impuesto-de-sociedades-del-2024\/\"]}]},{\"@type\":\"ImageObject\",\"inLanguage\":\"ca\",\"@id\":\"https:\/\/www.ariasassessors.com\/ca\/estos-son-los-pequenos-negocios-que-van-a-pagar-menos-en-el-impuesto-de-sociedades-del-2024\/#primaryimage\",\"url\":\"https:\/\/www.ariasassessors.com\/wp-content\/uploads\/2023\/09\/Arias_Blog_IMAGEN_DESTACADA-61.png\",\"contentUrl\":\"https:\/\/www.ariasassessors.com\/wp-content\/uploads\/2023\/09\/Arias_Blog_IMAGEN_DESTACADA-61.png\",\"width\":1920,\"height\":1202},{\"@type\":\"BreadcrumbList\",\"@id\":\"https:\/\/www.ariasassessors.com\/ca\/estos-son-los-pequenos-negocios-que-van-a-pagar-menos-en-el-impuesto-de-sociedades-del-2024\/#breadcrumb\",\"itemListElement\":[{\"@type\":\"ListItem\",\"position\":1,\"name\":\"Portada\",\"item\":\"https:\/\/www.ariasassessors.com\/ca\/\"},{\"@type\":\"ListItem\",\"position\":2,\"name\":\"Aquests s\u00f3n els petits negocis que pagaran menys en l&#8217;Impost de Societats del 2024\"}]},{\"@type\":\"WebSite\",\"@id\":\"https:\/\/www.ariasassessors.com\/#website\",\"url\":\"https:\/\/www.ariasassessors.com\/\",\"name\":\"Arias Assessors\",\"description\":\"Asesor\u00eda para aut\u00f3nomos, profesionales y PYMES\",\"publisher\":{\"@id\":\"https:\/\/www.ariasassessors.com\/#organization\"},\"potentialAction\":[{\"@type\":\"SearchAction\",\"target\":{\"@type\":\"EntryPoint\",\"urlTemplate\":\"https:\/\/www.ariasassessors.com\/?s={search_term_string}\"},\"query-input\":{\"@type\":\"PropertyValueSpecification\",\"valueRequired\":true,\"valueName\":\"search_term_string\"}}],\"inLanguage\":\"ca\"},{\"@type\":\"Organization\",\"@id\":\"https:\/\/www.ariasassessors.com\/#organization\",\"name\":\"Arias Assessors\",\"url\":\"https:\/\/www.ariasassessors.com\/\",\"logo\":{\"@type\":\"ImageObject\",\"inLanguage\":\"ca\",\"@id\":\"https:\/\/www.ariasassessors.com\/#\/schema\/logo\/image\/\",\"url\":\"https:\/\/www.ariasassessors.com\/wp-content\/uploads\/2019\/01\/arias-logo.png\",\"contentUrl\":\"https:\/\/www.ariasassessors.com\/wp-content\/uploads\/2019\/01\/arias-logo.png\",\"width\":349,\"height\":254,\"caption\":\"Arias Assessors\"},\"image\":{\"@id\":\"https:\/\/www.ariasassessors.com\/#\/schema\/logo\/image\/\"},\"sameAs\":[\"https:\/\/www.facebook.com\/ariasassessors\/\",\"https:\/\/x.com\/ariasassessors\",\"https:\/\/www.linkedin.com\/company\/r&amp;amp;r-growing-knowledge\/\"]},{\"@type\":\"Person\",\"@id\":\"https:\/\/www.ariasassessors.com\/#\/schema\/person\/63c6ad1775f0a9413c37932562673cef\",\"name\":\"btorras\",\"image\":{\"@type\":\"ImageObject\",\"inLanguage\":\"ca\",\"@id\":\"https:\/\/www.ariasassessors.com\/#\/schema\/person\/image\/\",\"url\":\"https:\/\/secure.gravatar.com\/avatar\/0531db351fc361fdbfd204c58fa2d6a3?s=96&d=mm&r=g\",\"contentUrl\":\"https:\/\/secure.gravatar.com\/avatar\/0531db351fc361fdbfd204c58fa2d6a3?s=96&d=mm&r=g\",\"caption\":\"btorras\"}}]}<\/script>\n<!-- \/ Yoast SEO plugin. -->","yoast_head_json":{"title":"Aquests s\u00f3n els petits negocis que pagaran menys en l'Impost de Societats del 2024 | Arias Assessors","robots":{"index":"index","follow":"follow","max-snippet":"max-snippet:-1","max-image-preview":"max-image-preview:large","max-video-preview":"max-video-preview:-1"},"canonical":"https:\/\/www.ariasassessors.com\/ca\/estos-son-los-pequenos-negocios-que-van-a-pagar-menos-en-el-impuesto-de-sociedades-del-2024\/","og_locale":"ca_ES","og_type":"article","og_title":"Aquests s\u00f3n els petits negocis que pagaran menys en l'Impost de Societats del 2024 | Arias Assessors","og_description":"M\u00e9s de mig mili\u00f3 de petits negocis podrien tributar per tipus redu\u00efts en l&#8217;Impost de Societats de l&#8217;any que ve. Aquestes s\u00f3n les tres mesures que els permetran pagar menys en la seg\u00fcent declaraci\u00f3. M\u00e9s de mitj\u00e0 de mili\u00f3 de petits negocis podrien beneficiar-se a...","og_url":"https:\/\/www.ariasassessors.com\/ca\/estos-son-los-pequenos-negocios-que-van-a-pagar-menos-en-el-impuesto-de-sociedades-del-2024\/","og_site_name":"Arias Assessors","article_publisher":"https:\/\/www.facebook.com\/ariasassessors\/","article_published_time":"2023-09-27T11:49:46+00:00","article_modified_time":"2023-09-26T13:47:40+00:00","og_image":[{"width":1920,"height":1202,"url":"https:\/\/www.ariasassessors.com\/wp-content\/uploads\/2023\/09\/Arias_Blog_IMAGEN_DESTACADA-61.png","type":"image\/png"}],"author":"btorras","twitter_card":"summary_large_image","twitter_creator":"@ariasassessors","twitter_site":"@ariasassessors","twitter_misc":{"Escrit per":"btorras","Temps estimat de lectura":"8 minuts"},"schema":{"@context":"https:\/\/schema.org","@graph":[{"@type":"Article","@id":"https:\/\/www.ariasassessors.com\/ca\/estos-son-los-pequenos-negocios-que-van-a-pagar-menos-en-el-impuesto-de-sociedades-del-2024\/#article","isPartOf":{"@id":"https:\/\/www.ariasassessors.com\/ca\/estos-son-los-pequenos-negocios-que-van-a-pagar-menos-en-el-impuesto-de-sociedades-del-2024\/"},"author":{"name":"btorras","@id":"https:\/\/www.ariasassessors.com\/#\/schema\/person\/63c6ad1775f0a9413c37932562673cef"},"headline":"Aquests s\u00f3n els petits negocis que pagaran menys en l&#8217;Impost de Societats del 2024","datePublished":"2023-09-27T11:49:46+00:00","dateModified":"2023-09-26T13:47:40+00:00","mainEntityOfPage":{"@id":"https:\/\/www.ariasassessors.com\/ca\/estos-son-los-pequenos-negocios-que-van-a-pagar-menos-en-el-impuesto-de-sociedades-del-2024\/"},"wordCount":1584,"commentCount":0,"publisher":{"@id":"https:\/\/www.ariasassessors.com\/#organization"},"image":{"@id":"https:\/\/www.ariasassessors.com\/ca\/estos-son-los-pequenos-negocios-que-van-a-pagar-menos-en-el-impuesto-de-sociedades-del-2024\/#primaryimage"},"thumbnailUrl":"https:\/\/www.ariasassessors.com\/wp-content\/uploads\/2023\/09\/Arias_Blog_IMAGEN_DESTACADA-61.png","articleSection":["noticies"],"inLanguage":"ca","potentialAction":[{"@type":"CommentAction","name":"Comment","target":["https:\/\/www.ariasassessors.com\/ca\/estos-son-los-pequenos-negocios-que-van-a-pagar-menos-en-el-impuesto-de-sociedades-del-2024\/#respond"]}]},{"@type":"WebPage","@id":"https:\/\/www.ariasassessors.com\/ca\/estos-son-los-pequenos-negocios-que-van-a-pagar-menos-en-el-impuesto-de-sociedades-del-2024\/","url":"https:\/\/www.ariasassessors.com\/ca\/estos-son-los-pequenos-negocios-que-van-a-pagar-menos-en-el-impuesto-de-sociedades-del-2024\/","name":"Aquests s\u00f3n els petits negocis que pagaran menys en l'Impost de Societats del 2024 | Arias Assessors","isPartOf":{"@id":"https:\/\/www.ariasassessors.com\/#website"},"primaryImageOfPage":{"@id":"https:\/\/www.ariasassessors.com\/ca\/estos-son-los-pequenos-negocios-que-van-a-pagar-menos-en-el-impuesto-de-sociedades-del-2024\/#primaryimage"},"image":{"@id":"https:\/\/www.ariasassessors.com\/ca\/estos-son-los-pequenos-negocios-que-van-a-pagar-menos-en-el-impuesto-de-sociedades-del-2024\/#primaryimage"},"thumbnailUrl":"https:\/\/www.ariasassessors.com\/wp-content\/uploads\/2023\/09\/Arias_Blog_IMAGEN_DESTACADA-61.png","datePublished":"2023-09-27T11:49:46+00:00","dateModified":"2023-09-26T13:47:40+00:00","breadcrumb":{"@id":"https:\/\/www.ariasassessors.com\/ca\/estos-son-los-pequenos-negocios-que-van-a-pagar-menos-en-el-impuesto-de-sociedades-del-2024\/#breadcrumb"},"inLanguage":"ca","potentialAction":[{"@type":"ReadAction","target":["https:\/\/www.ariasassessors.com\/ca\/estos-son-los-pequenos-negocios-que-van-a-pagar-menos-en-el-impuesto-de-sociedades-del-2024\/"]}]},{"@type":"ImageObject","inLanguage":"ca","@id":"https:\/\/www.ariasassessors.com\/ca\/estos-son-los-pequenos-negocios-que-van-a-pagar-menos-en-el-impuesto-de-sociedades-del-2024\/#primaryimage","url":"https:\/\/www.ariasassessors.com\/wp-content\/uploads\/2023\/09\/Arias_Blog_IMAGEN_DESTACADA-61.png","contentUrl":"https:\/\/www.ariasassessors.com\/wp-content\/uploads\/2023\/09\/Arias_Blog_IMAGEN_DESTACADA-61.png","width":1920,"height":1202},{"@type":"BreadcrumbList","@id":"https:\/\/www.ariasassessors.com\/ca\/estos-son-los-pequenos-negocios-que-van-a-pagar-menos-en-el-impuesto-de-sociedades-del-2024\/#breadcrumb","itemListElement":[{"@type":"ListItem","position":1,"name":"Portada","item":"https:\/\/www.ariasassessors.com\/ca\/"},{"@type":"ListItem","position":2,"name":"Aquests s\u00f3n els petits negocis que pagaran menys en l&#8217;Impost de Societats del 2024"}]},{"@type":"WebSite","@id":"https:\/\/www.ariasassessors.com\/#website","url":"https:\/\/www.ariasassessors.com\/","name":"Arias Assessors","description":"Asesor\u00eda para aut\u00f3nomos, profesionales y PYMES","publisher":{"@id":"https:\/\/www.ariasassessors.com\/#organization"},"potentialAction":[{"@type":"SearchAction","target":{"@type":"EntryPoint","urlTemplate":"https:\/\/www.ariasassessors.com\/?s={search_term_string}"},"query-input":{"@type":"PropertyValueSpecification","valueRequired":true,"valueName":"search_term_string"}}],"inLanguage":"ca"},{"@type":"Organization","@id":"https:\/\/www.ariasassessors.com\/#organization","name":"Arias Assessors","url":"https:\/\/www.ariasassessors.com\/","logo":{"@type":"ImageObject","inLanguage":"ca","@id":"https:\/\/www.ariasassessors.com\/#\/schema\/logo\/image\/","url":"https:\/\/www.ariasassessors.com\/wp-content\/uploads\/2019\/01\/arias-logo.png","contentUrl":"https:\/\/www.ariasassessors.com\/wp-content\/uploads\/2019\/01\/arias-logo.png","width":349,"height":254,"caption":"Arias Assessors"},"image":{"@id":"https:\/\/www.ariasassessors.com\/#\/schema\/logo\/image\/"},"sameAs":["https:\/\/www.facebook.com\/ariasassessors\/","https:\/\/x.com\/ariasassessors","https:\/\/www.linkedin.com\/company\/r&amp;amp;r-growing-knowledge\/"]},{"@type":"Person","@id":"https:\/\/www.ariasassessors.com\/#\/schema\/person\/63c6ad1775f0a9413c37932562673cef","name":"btorras","image":{"@type":"ImageObject","inLanguage":"ca","@id":"https:\/\/www.ariasassessors.com\/#\/schema\/person\/image\/","url":"https:\/\/secure.gravatar.com\/avatar\/0531db351fc361fdbfd204c58fa2d6a3?s=96&d=mm&r=g","contentUrl":"https:\/\/secure.gravatar.com\/avatar\/0531db351fc361fdbfd204c58fa2d6a3?s=96&d=mm&r=g","caption":"btorras"}}]}},"_links":{"self":[{"href":"https:\/\/www.ariasassessors.com\/ca\/wp-json\/wp\/v2\/posts\/2922","targetHints":{"allow":["GET"]}}],"collection":[{"href":"https:\/\/www.ariasassessors.com\/ca\/wp-json\/wp\/v2\/posts"}],"about":[{"href":"https:\/\/www.ariasassessors.com\/ca\/wp-json\/wp\/v2\/types\/post"}],"author":[{"embeddable":true,"href":"https:\/\/www.ariasassessors.com\/ca\/wp-json\/wp\/v2\/users\/2"}],"replies":[{"embeddable":true,"href":"https:\/\/www.ariasassessors.com\/ca\/wp-json\/wp\/v2\/comments?post=2922"}],"version-history":[{"count":2,"href":"https:\/\/www.ariasassessors.com\/ca\/wp-json\/wp\/v2\/posts\/2922\/revisions"}],"predecessor-version":[{"id":2924,"href":"https:\/\/www.ariasassessors.com\/ca\/wp-json\/wp\/v2\/posts\/2922\/revisions\/2924"}],"wp:featuredmedia":[{"embeddable":true,"href":"https:\/\/www.ariasassessors.com\/ca\/wp-json\/wp\/v2\/media\/2919"}],"wp:attachment":[{"href":"https:\/\/www.ariasassessors.com\/ca\/wp-json\/wp\/v2\/media?parent=2922"}],"wp:term":[{"taxonomy":"category","embeddable":true,"href":"https:\/\/www.ariasassessors.com\/ca\/wp-json\/wp\/v2\/categories?post=2922"},{"taxonomy":"post_tag","embeddable":true,"href":"https:\/\/www.ariasassessors.com\/ca\/wp-json\/wp\/v2\/tags?post=2922"}],"curies":[{"name":"wp","href":"https:\/\/api.w.org\/{rel}","templated":true}]}}