{"id":2947,"date":"2023-10-06T12:22:45","date_gmt":"2023-10-06T10:22:45","guid":{"rendered":"https:\/\/www.ariasassessors.com\/?p=2947"},"modified":"2023-10-04T12:39:25","modified_gmt":"2023-10-04T10:39:25","slug":"nueva-guia-de-la-seguridad-social-sobre-como-regularizara-las-cuotas-de-los-autonomos-en-2024","status":"publish","type":"post","link":"https:\/\/www.ariasassessors.com\/ca\/nueva-guia-de-la-seguridad-social-sobre-como-regularizara-las-cuotas-de-los-autonomos-en-2024\/","title":{"rendered":"Nova guia de la Seguretat Social sobre com regularitzar\u00e0 les quotes dels aut\u00f2noms en 2024"},"content":{"rendered":"<p>La Seguretat Social ha publicat una nova guia on respon a nous dubtes dels aut\u00f2noms sobre el sistema de cotitzaci\u00f3 per ingressos reals i dona detalls sobre la regularitzaci\u00f3 que realitzar\u00e0 en 2024 en les seves quotes. Aquestes s\u00f3n les seves respostes.<\/p>\n<ol class=\"table-of-contents\">\n<li><a href=\"https:\/\/www.autonomosyemprendedor.es\/articulo\/tus-finanzas\/nueva-guia-seguridad-social-como-regularizara-cuotas-autonomos-2024\/20231002151821032494.html#estas-son-las-respuestas-de-la-seguridad-social-a-las-nuevas-preguntas-de-los-autonomos-sobre-la-cotizacion-por-ingresos-reales\">Aquestes s\u00f3n les respostes de la Seguretat Social a les noves preguntes dels aut\u00f2noms sobre la cotitzaci\u00f3 per ingressos reals<\/a>\n<ul>\n<li><a href=\"https:\/\/www.autonomosyemprendedor.es\/articulo\/tus-finanzas\/nueva-guia-seguridad-social-como-regularizara-cuotas-autonomos-2024\/20231002151821032494.html#que-deben-hacer-los-autonomos-que-todavia-no-hayan-cambiado-su-base-de-cotizacion\">Qu\u00e8 han de fer els aut\u00f2noms que encara no hagin canviat la seva base de cotitzaci\u00f3?<\/a><\/li>\n<li><a href=\"https:\/\/www.autonomosyemprendedor.es\/articulo\/tus-finanzas\/nueva-guia-seguridad-social-como-regularizara-cuotas-autonomos-2024\/20231002151821032494.html#se-puede-elegir-entre-el-nuevo-sistema-de-cotizacion-y-el-anterior\">Es pot triar entre el nou sistema de cotitzaci\u00f3 i l&#8217;anterior?<\/a><\/li>\n<li><a href=\"https:\/\/www.autonomosyemprendedor.es\/articulo\/tus-finanzas\/nueva-guia-seguridad-social-como-regularizara-cuotas-autonomos-2024\/20231002151821032494.html#en-2024-se-regularizaran-las-cuotas-de-quienes-no-hayan-cambiado-su-base-de-cotizacion\">En 2024 es regularitzaran les quotes dels qui no hagin canviat la seva base de cotitzaci\u00f3?<\/a><\/li>\n<li><a href=\"https:\/\/www.autonomosyemprendedor.es\/articulo\/tus-finanzas\/nueva-guia-seguridad-social-como-regularizara-cuotas-autonomos-2024\/20231002151821032494.html#como-se-comunicara-la-regularizacion-de-las-cuotas-de-2023\">Com es comunicar\u00e0 la regularitzaci\u00f3 de les quotes de 2023?<\/a><\/li>\n<li><a href=\"https:\/\/www.autonomosyemprendedor.es\/articulo\/tus-finanzas\/nueva-guia-seguridad-social-como-regularizara-cuotas-autonomos-2024\/20231002151821032494.html#pueden-los-autonomos-cotizar-por-encima-de-sus-ingresos-reales\">Poden els aut\u00f2noms cotitzar per sobre dels seus ingressos reals?<\/a><\/li>\n<li><a href=\"https:\/\/www.autonomosyemprendedor.es\/articulo\/tus-finanzas\/nueva-guia-seguridad-social-como-regularizara-cuotas-autonomos-2024\/20231002151821032494.html#fechas-en-las-que-los-autonomos-podran-cambiar-sus-bases-de-cotizacion-en-2024\">Dates en les quals els aut\u00f2noms podran canviar les seves bases de cotitzaci\u00f3 en 2024<\/a><\/li>\n<\/ul>\n<\/li>\n<li><a href=\"https:\/\/www.autonomosyemprendedor.es\/articulo\/tus-finanzas\/nueva-guia-seguridad-social-como-regularizara-cuotas-autonomos-2024\/20231002151821032494.html#que-ocurrira-con-las-prestaciones-que-hayan-recibido-los-autonomos-este-ano-tras-la-regularizacion-de-cuotas-en-2024\">Qu\u00e8 ocorrer\u00e0 amb les prestacions que hagin rebut els aut\u00f2noms enguany despr\u00e9s de la regularitzaci\u00f3 de quotes en 2024?<\/a><\/li>\n<\/ol>\n<p>Coincidint amb el comen\u00e7ament de l&#8217;\u00faltim trimestre de 2023, la Seguretat Social ha publicat una nova guia en la qual respon a nous dubtes que els aut\u00f2noms han anat plantejant enguany sobre el sistema de cotitzaci\u00f3 per ingressos reals, que va entrar en vigor el passat 1 de gener per a gaireb\u00e9 tots els treballadors per compte propi.<\/p>\n<p>La publicaci\u00f3 de la Seguretat Social s&#8217;ha produ\u00eft en un context on la gran majoria dels aut\u00f2noms no han modificat les seves bases de cotitzaci\u00f3 per a adaptar-les als seus rendiments nets. Segons les dades de la pr\u00f2pia Tresoreria recollits per eldiario.es, a penes 400.000 treballadors per compte propi van canviar la seva quota entre gener i juliol, al voltant d&#8217;un 12% del col\u00b7lectiu.<\/p>\n<p>Encara que no hagin modificat la seva quota del R\u00e8gim Especial de Treballadors Aut\u00f2noms (RETA) per a adaptar-la als seus ingressos reals, tots els aut\u00f2noms -amb excepci\u00f3 dels religiosos i els treballadors de la mar- ja estan cotitzant pel nou sistema des del passat 1 de gener. El que succeeix \u00e9s que potser les\u00a0quotes que estiguin pagant enguany es trobin\u00a0per damunt o per sota dels\u00a0rendiments nets que finalment declarin el la RENDA del 2023. Per aix\u00f2, la Seguretat Social regularitzar\u00e0, a partir del segon semestre del pr\u00f2xim any, les cotitzacions d&#8217;aquells aut\u00f2noms sobre la base de les seves declaracions d&#8217;IRPF que presentin\u00a0fins al 30 de juny del 2024. Encara que hagin continuat amb les seves antigues bases de cotitzaci\u00f3, en aquest moment, la Seguretat Social compensar\u00e0 a la baixa o a l&#8217;al\u00e7a les quotes que van pagar en el 2023.<\/p>\n<p>A m\u00e9s, la Tresoreria ha recordat una altra s\u00e8rie de q\u00fcestions que afectaran el col\u00b7lectiu en els pr\u00f2xims mesos, com els terminis per a canviar les seves bases o el sistema que utilitzaran per a comunicar la regularitzaci\u00f3.<\/p>\n<div id=\"ez-toc-container\" class=\"ez-toc-v2_0_72 counter-hierarchy ez-toc-counter ez-toc-grey ez-toc-container-direction\">\n<div class=\"ez-toc-title-container\">\n<p class=\"ez-toc-title\" style=\"cursor:inherit\">\u00cdndice de Contenidos<\/p>\n<span class=\"ez-toc-title-toggle\"><a href=\"#\" class=\"ez-toc-pull-right ez-toc-btn ez-toc-btn-xs ez-toc-btn-default ez-toc-toggle\" aria-label=\"Toggle Table of Content\"><span class=\"ez-toc-js-icon-con\"><span class=\"\"><span class=\"eztoc-hide\" style=\"display:none;\">Toggle<\/span><span class=\"ez-toc-icon-toggle-span\"><svg style=\"fill: #428bca;color:#428bca\" xmlns=\"http:\/\/www.w3.org\/2000\/svg\" class=\"list-377408\" width=\"20px\" height=\"20px\" viewBox=\"0 0 24 24\" fill=\"none\"><path d=\"M6 6H4v2h2V6zm14 0H8v2h12V6zM4 11h2v2H4v-2zm16 0H8v2h12v-2zM4 16h2v2H4v-2zm16 0H8v2h12v-2z\" fill=\"currentColor\"><\/path><\/svg><svg style=\"fill: #428bca;color:#428bca\" class=\"arrow-unsorted-368013\" xmlns=\"http:\/\/www.w3.org\/2000\/svg\" width=\"10px\" height=\"10px\" viewBox=\"0 0 24 24\" version=\"1.2\" baseProfile=\"tiny\"><path d=\"M18.2 9.3l-6.2-6.3-6.2 6.3c-.2.2-.3.4-.3.7s.1.5.3.7c.2.2.4.3.7.3h11c.3 0 .5-.1.7-.3.2-.2.3-.5.3-.7s-.1-.5-.3-.7zM5.8 14.7l6.2 6.3 6.2-6.3c.2-.2.3-.5.3-.7s-.1-.5-.3-.7c-.2-.2-.4-.3-.7-.3h-11c-.3 0-.5.1-.7.3-.2.2-.3.5-.3.7s.1.5.3.7z\"\/><\/svg><\/span><\/span><\/span><\/a><\/span><\/div>\n<nav><ul class='ez-toc-list ez-toc-list-level-1 eztoc-toggle-hide-by-default' ><li class='ez-toc-page-1 ez-toc-heading-level-2'><a class=\"ez-toc-link ez-toc-heading-1\" href=\"https:\/\/www.ariasassessors.com\/ca\/nueva-guia-de-la-seguridad-social-sobre-como-regularizara-las-cuotas-de-los-autonomos-en-2024\/#Aquestes_son_les_respostes_de_la_Seguretat_Social_a_les_noves_preguntes_dels_autonoms_sobre_la_cotitzacio_per_ingressos_reals\" title=\"Aquestes s\u00f3n les respostes de la Seguretat Social a les noves preguntes dels aut\u00f2noms sobre la cotitzaci\u00f3 per ingressos reals\">Aquestes s\u00f3n les respostes de la Seguretat Social a les noves preguntes dels aut\u00f2noms sobre la cotitzaci\u00f3 per ingressos reals<\/a><ul class='ez-toc-list-level-3' ><li class='ez-toc-heading-level-3'><a class=\"ez-toc-link ez-toc-heading-2\" href=\"https:\/\/www.ariasassessors.com\/ca\/nueva-guia-de-la-seguridad-social-sobre-como-regularizara-las-cuotas-de-los-autonomos-en-2024\/#Que_han_de_fer_els_autonoms_que_encara_no_hagin_canviat_la_seva_base_de_cotitzacio\" title=\"Qu\u00e8 han de fer els aut\u00f2noms que encara no hagin canviat la seva base de cotitzaci\u00f3?\">Qu\u00e8 han de fer els aut\u00f2noms que encara no hagin canviat la seva base de cotitzaci\u00f3?<\/a><\/li><li class='ez-toc-page-1 ez-toc-heading-level-3'><a class=\"ez-toc-link ez-toc-heading-3\" href=\"https:\/\/www.ariasassessors.com\/ca\/nueva-guia-de-la-seguridad-social-sobre-como-regularizara-las-cuotas-de-los-autonomos-en-2024\/#Es_pot_triar_entre_el_nou_sistema_de_cotitzacio_i_lanterior\" title=\"Es pot triar entre el nou sistema de cotitzaci\u00f3 i l&#8217;anterior?\">Es pot triar entre el nou sistema de cotitzaci\u00f3 i l&#8217;anterior?<\/a><\/li><li class='ez-toc-page-1 ez-toc-heading-level-3'><a class=\"ez-toc-link ez-toc-heading-4\" href=\"https:\/\/www.ariasassessors.com\/ca\/nueva-guia-de-la-seguridad-social-sobre-como-regularizara-las-cuotas-de-los-autonomos-en-2024\/#En_2024_es_regularitzaran_les_quotes_dels_qui_no_hagin_canviat_la_seva_base_de_cotitzacio\" title=\"En 2024 es regularitzaran les quotes dels qui no hagin canviat la seva base de cotitzaci\u00f3?\">En 2024 es regularitzaran les quotes dels qui no hagin canviat la seva base de cotitzaci\u00f3?<\/a><\/li><li class='ez-toc-page-1 ez-toc-heading-level-3'><a class=\"ez-toc-link ez-toc-heading-5\" href=\"https:\/\/www.ariasassessors.com\/ca\/nueva-guia-de-la-seguridad-social-sobre-como-regularizara-las-cuotas-de-los-autonomos-en-2024\/#Com_es_comunicara_la_regularitzacio_de_les_quotes_de_2023\" title=\"Com es comunicar\u00e0 la regularitzaci\u00f3 de les quotes de 2023?\">Com es comunicar\u00e0 la regularitzaci\u00f3 de les quotes de 2023?<\/a><\/li><li class='ez-toc-page-1 ez-toc-heading-level-3'><a class=\"ez-toc-link ez-toc-heading-6\" href=\"https:\/\/www.ariasassessors.com\/ca\/nueva-guia-de-la-seguridad-social-sobre-como-regularizara-las-cuotas-de-los-autonomos-en-2024\/#Poden_els_autonoms_cotitzar_per_sobre_dels_seus_ingressos_reals\" title=\"Poden els aut\u00f2noms cotitzar per sobre dels seus ingressos reals?\">Poden els aut\u00f2noms cotitzar per sobre dels seus ingressos reals?<\/a><\/li><li class='ez-toc-page-1 ez-toc-heading-level-3'><a class=\"ez-toc-link ez-toc-heading-7\" href=\"https:\/\/www.ariasassessors.com\/ca\/nueva-guia-de-la-seguridad-social-sobre-como-regularizara-las-cuotas-de-los-autonomos-en-2024\/#Dates_en_les_quals_els_autonoms_podran_canviar_les_seves_bases_de_cotitzacio_en_2024\" title=\"Dates en les quals els aut\u00f2noms podran canviar les seves bases de cotitzaci\u00f3 en 2024\">Dates en les quals els aut\u00f2noms podran canviar les seves bases de cotitzaci\u00f3 en 2024<\/a><\/li><\/ul><\/li><li class='ez-toc-page-1 ez-toc-heading-level-2'><a class=\"ez-toc-link ez-toc-heading-8\" href=\"https:\/\/www.ariasassessors.com\/ca\/nueva-guia-de-la-seguridad-social-sobre-como-regularizara-las-cuotas-de-los-autonomos-en-2024\/#Que_ocorrera_amb_les_prestacions_que_hagin_rebut_els_autonoms_enguany_despres_de_la_regularitzacio_de_quotes_en_2024\" title=\"Qu\u00e8 ocorrer\u00e0 amb les prestacions que hagin rebut els aut\u00f2noms enguany despr\u00e9s de la regularitzaci\u00f3 de quotes en 2024?\">Qu\u00e8 ocorrer\u00e0 amb les prestacions que hagin rebut els aut\u00f2noms enguany despr\u00e9s de la regularitzaci\u00f3 de quotes en 2024?<\/a><\/li><\/ul><\/nav><\/div>\n<h2 id=\"estas-son-las-respuestas-de-la-seguridad-social-a-las-nuevas-preguntas-de-los-autonomos-sobre-la-cotizacion-por-ingresos-reales\"><span class=\"ez-toc-section\" id=\"Aquestes_son_les_respostes_de_la_Seguretat_Social_a_les_noves_preguntes_dels_autonoms_sobre_la_cotitzacio_per_ingressos_reals\"><\/span>Aquestes s\u00f3n les respostes de la Seguretat Social a les noves preguntes dels aut\u00f2noms sobre la cotitzaci\u00f3 per ingressos reals<span class=\"ez-toc-section-end\"><\/span><\/h2>\n<h3 id=\"que-deben-hacer-los-autonomos-que-todavia-no-hayan-cambiado-su-base-de-cotizacion\"><span class=\"ez-toc-section\" id=\"Que_han_de_fer_els_autonoms_que_encara_no_hagin_canviat_la_seva_base_de_cotitzacio\"><\/span>Qu\u00e8 han de fer els aut\u00f2noms que encara no hagin canviat la seva base de cotitzaci\u00f3?<span class=\"ez-toc-section-end\"><\/span><\/h3>\n<p>Per als aut\u00f2noms que ja estaven donats d&#8217;alta en el RETA abans de l&#8217;1 de gener, la Seguretat Social va habilitar a trav\u00e9s del servei \u201cModificaci\u00f3 de dades de treball aut\u00f2nom\u201d de\u00a0Importass\u00a0la possibilitat de comunicar els rendiments per a adaptar-los als ingressos reals. \u201cSi encara no ho has fet, pots comunicar-ho abans del 31 d&#8217;octubre de 2023. En cas de no fer-ho, en 2024 es regularitzaran les quotes sobre la base dels teus rendiments\u201d, va respondre la Tresoreria.<\/p>\n<p>En el cas dels treballadors per compte propi que s&#8217;hagin donat d&#8217;alta durant aquest any, \u201cja hauran hagut de seleccionar una base de cotitzaci\u00f3 en funci\u00f3 de la seva previsi\u00f3 de rendiments nets en donar-se d&#8217;alta\u201d, van explicar. Segons les dades de la Tresoreria, aquest \u00e9s el cas de 233.911 aut\u00f2noms fins al juliol passat.<\/p>\n<h3 id=\"se-puede-elegir-entre-el-nuevo-sistema-de-cotizacion-y-el-anterior\"><span class=\"ez-toc-section\" id=\"Es_pot_triar_entre_el_nou_sistema_de_cotitzacio_i_lanterior\"><\/span>Es pot triar entre el nou sistema de cotitzaci\u00f3 i l&#8217;anterior?<span class=\"ez-toc-section-end\"><\/span><\/h3>\n<p>Davant aquesta pregunta, la Seguretat Social \u00e9s clara en la seva nova guia. \u201cNo, el sistema de cotitzaci\u00f3 per als aut\u00f2noms ara \u00e9s per rendiments nets\u00a0per a tots, tant per a nous aut\u00f2noms com per als que estiguessin donats d&#8217;alta, hagin canviat la seva base de cotitzaci\u00f3 o no.\u201d<\/p>\n<p>No obstant aix\u00f2, existeixen excepcions. Tal com va confirmar la Tresoreria, la legislaci\u00f3 preveu que els aut\u00f2noms religiosos de l&#8217;Esgl\u00e9sia Cat\u00f2lica i aquells que es troben en el R\u00e8gim Especial de Treballadors de la Mar \u201cdel grup segon i tercer de cotitzaci\u00f3\u201d no estiguin inclosos en el nou sistema.<\/p>\n<h3 id=\"en-2024-se-regularizaran-las-cuotas-de-quienes-no-hayan-cambiado-su-base-de-cotizacion\"><span class=\"ez-toc-section\" id=\"En_2024_es_regularitzaran_les_quotes_dels_qui_no_hagin_canviat_la_seva_base_de_cotitzacio\"><\/span>En 2024 es regularitzaran les quotes dels qui no hagin canviat la seva base de cotitzaci\u00f3?<span class=\"ez-toc-section-end\"><\/span><\/h3>\n<p>Segons va explicar la Seguretat Social a<a href=\"https:\/\/www.autonomosyemprendedor.es\/articulo\/tus-finanzas\/seguridad-social-regularizara-cuotas-autonomos-segunda-mitad-2024\/20230918153635032230.html\" target=\"_blank\" rel=\"noopener\"> aquest diari fa unes setmanes<\/a>, es procedir\u00e0 a la regularitzaci\u00f3 de quotes durant el segon semestre del pr\u00f2xim any, quan la Tresoreria pugui acarar amb Hisenda les dades declarades pels aut\u00f2noms en la seva pr\u00f2xima declaraci\u00f3 de RENDA, corresponent a enguany.<\/p>\n<p>\u201cAquesta regularitzaci\u00f3\u00a0es produir\u00e0 per a tots els treballadors aut\u00f2noms, amb independ\u00e8ncia que\u00a0s&#8217;hagin adaptat o no al nou sistema de cotitzaci\u00f3\u00a0-ajustant la seva base de cotitzaci\u00f3 a la mitjana mensual dels rendiments nets anuals que prevegi obtenir l&#8217;any natural corresponent-\u00a0o s&#8217;hagin donat d&#8217;alta en 2023\u201d, van matisar en la seva guia.<\/p>\n<h3 id=\"como-se-comunicara-la-regularizacion-de-las-cuotas-de-2023\"><span class=\"ez-toc-section\" id=\"Com_es_comunicara_la_regularitzacio_de_les_quotes_de_2023\"><\/span>Com es comunicar\u00e0 la regularitzaci\u00f3 de les quotes de 2023?<span class=\"ez-toc-section-end\"><\/span><\/h3>\n<p>Tal com va recordar la Tresoreria, \u201cla resoluci\u00f3 de la regularitzaci\u00f3 anual de quotes es notificar\u00e0 telem\u00e0ticament als treballadors aut\u00f2noms a trav\u00e9s de\u00a0NOTESS\u00a0(el sistema de notificacions telem\u00e0tiques de la Seguretat Social), en tractar-se d&#8217;un col\u00b7lectiu obligat a rebre notificacions i comunicacions per mitjans electr\u00f2nics.\u201d<\/p>\n<h3 id=\"pueden-los-autonomos-cotizar-por-encima-de-sus-ingresos-reales\"><span class=\"ez-toc-section\" id=\"Poden_els_autonoms_cotitzar_per_sobre_dels_seus_ingressos_reals\"><\/span>Poden els aut\u00f2noms cotitzar per sobre dels seus ingressos reals?<span class=\"ez-toc-section-end\"><\/span><\/h3>\n<p>Aquesta \u00e9s una de les preguntes m\u00e9s recurrents entre els aut\u00f2noms que cotitzaven per una base superior a la dels seus ingressos abans de 2023 per a, per exemple, augmentar la quantia de les seves prestacions d&#8217;incapacitat o les seves pensions de jubilaci\u00f3. En aquests casos, la Seguretat Social va explicar que \u201cpodran mantenir aquesta base de cotitzaci\u00f3, o una inferior a aquesta, encara que els seus rendiments determinin l&#8217;aplicaci\u00f3 d&#8217;una base de cotitzaci\u00f3 inferior a qualsevol d&#8217;elles.\u201d<\/p>\n<h3 id=\"fechas-en-las-que-los-autonomos-podran-cambiar-sus-bases-de-cotizacion-en-2024\"><span class=\"ez-toc-section\" id=\"Dates_en_les_quals_els_autonoms_podran_canviar_les_seves_bases_de_cotitzacio_en_2024\"><\/span>Dates en les quals els aut\u00f2noms podran canviar les seves bases de cotitzaci\u00f3 en 2024<span class=\"ez-toc-section-end\"><\/span><\/h3>\n<p>El nou sistema de cotitzaci\u00f3 per ingressos reals preveu fins a sis canvis de base de cotitzaci\u00f3 a l&#8217;any, una vegada cada dos mesos. Aix\u00ed, la Tresoreria va recordar les dates en les quals els aut\u00f2noms podran canviar de quota durant l&#8217;any vinent, aix\u00ed com el moment en el qual tindran efecte:<\/p>\n<p>&#8211; 1 de mar\u00e7, si la sol\u00b7licitud es formula entre l&#8217;1 de gener i el 29 de febrer (l&#8217;any vinent \u00e9s de trasp\u00e0s).<br \/>\n&#8211; 1 de maig, si la sol\u00b7licitud es formula entre l&#8217;1 de mar\u00e7 i el 30 d&#8217;abril.<br \/>\n&#8211; 1 de juliol, si la sol\u00b7licitud es formula entre l&#8217;1 de maig i el 30 de juny.<br \/>\n&#8211; 1 de setembre, si la sol\u00b7licitud es formula entre l&#8217;1 de juliol i el 31 d&#8217;agost.<br \/>\n&#8211; 1 de novembre, si la sol\u00b7licitud es formula entre l&#8217;1 de setembre i el 31 d&#8217;octubre.<br \/>\n&#8211; 1 de gener de l&#8217;any seg\u00fcent, si la sol\u00b7licitud es formula entre l&#8217;1 de novembre i el 31 de desembre.<\/p>\n<h2 id=\"que-ocurrira-con-las-prestaciones-que-hayan-recibido-los-autonomos-este-ano-tras-la-regularizacion-de-cuotas-en-2024\"><span class=\"ez-toc-section\" id=\"Que_ocorrera_amb_les_prestacions_que_hagin_rebut_els_autonoms_enguany_despres_de_la_regularitzacio_de_quotes_en_2024\"><\/span>Qu\u00e8 ocorrer\u00e0 amb les prestacions que hagin rebut els aut\u00f2noms enguany despr\u00e9s de la regularitzaci\u00f3 de quotes en 2024?<span class=\"ez-toc-section-end\"><\/span><\/h2>\n<p>A m\u00e9s d&#8217;aquestes preguntes, existeixen altres q\u00fcestions que han preocupat els aut\u00f2noms en els \u00faltims mesos al voltant del nou sistema de cotitzaci\u00f3 per ingressos reals. Per exemple, qu\u00e8 ocorrer\u00e0 amb les prestacions que hagin rebut enguany si la Seguretat Social regularitza la seva situaci\u00f3 l&#8217;any vinent i han de pagar m\u00e9s -o menys- quota, un dubte que ha arribat a la redacci\u00f3 d&#8217;aquest diari fa uns dies.<\/p>\n<p>Segons la legislaci\u00f3 del sistema de cotitzaci\u00f3 per ingressos reals i la confirmaci\u00f3 de diferents fonts especialitzades, les quotes dels mesos que duri la baixa, aix\u00ed com les que s&#8217;hagin utilitzat per a calcular l&#8217;import de la prestaci\u00f3, no seran objecte d&#8217;aquesta regularitzaci\u00f3, romanent congelades. Aix\u00ed, els aut\u00f2noms no hauran de pagar -ni rebre- a la Seguretat Social les difer\u00e8ncies de les seves prestacions. Fins i tot, malgrat que encara no hagin canviat la seva quota per a adaptar-la als seus ingressos reals.<\/p>\n<p>Per exemple, en el cas d&#8217;un treballador per compte propi que romangui un mes de baixa enguany, la Seguretat Social nom\u00e9s regularitzar\u00e0 les seves quotes al RETA corresponent a deu mesos de l&#8217;any. Aix\u00f2 es deu al fet que, per a calcular la seva prestaci\u00f3 per incapacitat temporal, es pren com a base la cotitzada el mes immediatament anterior a la baixa m\u00e8dica.<\/p>\n","protected":false},"excerpt":{"rendered":"<p>La Seguretat Social ha publicat una nova guia on respon a nous dubtes dels aut\u00f2noms sobre el sistema de cotitzaci\u00f3 per ingressos reals i dona detalls sobre la regularitzaci\u00f3 que realitzar\u00e0 en 2024 en les seves quotes. Aquestes s\u00f3n les seves respostes. Aquestes s\u00f3n les&#8230;<\/p>\n","protected":false},"author":2,"featured_media":2944,"comment_status":"open","ping_status":"open","sticky":false,"template":"","format":"standard","meta":{"footnotes":""},"categories":[4],"tags":[],"class_list":["post-2947","post","type-post","status-publish","format-standard","has-post-thumbnail","hentry","category-noticies"],"yoast_head":"<!-- This site is optimized with the Yoast SEO plugin v24.3 - https:\/\/yoast.com\/wordpress\/plugins\/seo\/ -->\n<title>Nova guia de la Seguretat Social sobre com regularitzar\u00e0 les quotes dels aut\u00f2noms en 2024 | Arias Assessors<\/title>\n<meta name=\"robots\" content=\"index, follow, max-snippet:-1, max-image-preview:large, max-video-preview:-1\" \/>\n<link rel=\"canonical\" href=\"https:\/\/www.ariasassessors.com\/ca\/nueva-guia-de-la-seguridad-social-sobre-como-regularizara-las-cuotas-de-los-autonomos-en-2024\/\" \/>\n<meta property=\"og:locale\" content=\"ca_ES\" \/>\n<meta property=\"og:type\" content=\"article\" \/>\n<meta property=\"og:title\" content=\"Nova guia de la Seguretat Social sobre com regularitzar\u00e0 les quotes dels aut\u00f2noms en 2024 | Arias Assessors\" \/>\n<meta property=\"og:description\" content=\"La Seguretat Social ha publicat una nova guia on respon a nous dubtes dels aut\u00f2noms sobre el sistema de cotitzaci\u00f3 per ingressos reals i dona detalls sobre la regularitzaci\u00f3 que realitzar\u00e0 en 2024 en les seves quotes. Aquestes s\u00f3n les seves respostes. Aquestes s\u00f3n les...\" \/>\n<meta property=\"og:url\" content=\"https:\/\/www.ariasassessors.com\/ca\/nueva-guia-de-la-seguridad-social-sobre-como-regularizara-las-cuotas-de-los-autonomos-en-2024\/\" \/>\n<meta property=\"og:site_name\" content=\"Arias Assessors\" \/>\n<meta property=\"article:publisher\" content=\"https:\/\/www.facebook.com\/ariasassessors\/\" \/>\n<meta property=\"article:published_time\" content=\"2023-10-06T10:22:45+00:00\" \/>\n<meta property=\"article:modified_time\" content=\"2023-10-04T10:39:25+00:00\" \/>\n<meta property=\"og:image\" content=\"https:\/\/www.ariasassessors.com\/wp-content\/uploads\/2023\/10\/Arias_Blog_IMAGEN_DESTACADA-64.png\" \/>\n\t<meta property=\"og:image:width\" content=\"1920\" \/>\n\t<meta property=\"og:image:height\" content=\"1202\" \/>\n\t<meta property=\"og:image:type\" content=\"image\/png\" \/>\n<meta name=\"author\" content=\"btorras\" \/>\n<meta name=\"twitter:card\" content=\"summary_large_image\" \/>\n<meta name=\"twitter:creator\" content=\"@ariasassessors\" \/>\n<meta name=\"twitter:site\" content=\"@ariasassessors\" \/>\n<meta name=\"twitter:label1\" content=\"Escrit per\" \/>\n\t<meta name=\"twitter:data1\" content=\"btorras\" \/>\n\t<meta name=\"twitter:label2\" content=\"Temps estimat de lectura\" \/>\n\t<meta name=\"twitter:data2\" content=\"7 minuts\" \/>\n<script type=\"application\/ld+json\" class=\"yoast-schema-graph\">{\"@context\":\"https:\/\/schema.org\",\"@graph\":[{\"@type\":\"Article\",\"@id\":\"https:\/\/www.ariasassessors.com\/ca\/nueva-guia-de-la-seguridad-social-sobre-como-regularizara-las-cuotas-de-los-autonomos-en-2024\/#article\",\"isPartOf\":{\"@id\":\"https:\/\/www.ariasassessors.com\/ca\/nueva-guia-de-la-seguridad-social-sobre-como-regularizara-las-cuotas-de-los-autonomos-en-2024\/\"},\"author\":{\"name\":\"btorras\",\"@id\":\"https:\/\/www.ariasassessors.com\/#\/schema\/person\/63c6ad1775f0a9413c37932562673cef\"},\"headline\":\"Nova guia de la Seguretat Social sobre com regularitzar\u00e0 les quotes dels aut\u00f2noms en 2024\",\"datePublished\":\"2023-10-06T10:22:45+00:00\",\"dateModified\":\"2023-10-04T10:39:25+00:00\",\"mainEntityOfPage\":{\"@id\":\"https:\/\/www.ariasassessors.com\/ca\/nueva-guia-de-la-seguridad-social-sobre-como-regularizara-las-cuotas-de-los-autonomos-en-2024\/\"},\"wordCount\":1473,\"commentCount\":0,\"publisher\":{\"@id\":\"https:\/\/www.ariasassessors.com\/#organization\"},\"image\":{\"@id\":\"https:\/\/www.ariasassessors.com\/ca\/nueva-guia-de-la-seguridad-social-sobre-como-regularizara-las-cuotas-de-los-autonomos-en-2024\/#primaryimage\"},\"thumbnailUrl\":\"https:\/\/www.ariasassessors.com\/wp-content\/uploads\/2023\/10\/Arias_Blog_IMAGEN_DESTACADA-64.png\",\"articleSection\":[\"noticies\"],\"inLanguage\":\"ca\",\"potentialAction\":[{\"@type\":\"CommentAction\",\"name\":\"Comment\",\"target\":[\"https:\/\/www.ariasassessors.com\/ca\/nueva-guia-de-la-seguridad-social-sobre-como-regularizara-las-cuotas-de-los-autonomos-en-2024\/#respond\"]}]},{\"@type\":\"WebPage\",\"@id\":\"https:\/\/www.ariasassessors.com\/ca\/nueva-guia-de-la-seguridad-social-sobre-como-regularizara-las-cuotas-de-los-autonomos-en-2024\/\",\"url\":\"https:\/\/www.ariasassessors.com\/ca\/nueva-guia-de-la-seguridad-social-sobre-como-regularizara-las-cuotas-de-los-autonomos-en-2024\/\",\"name\":\"Nova guia de la Seguretat Social sobre com regularitzar\u00e0 les quotes dels aut\u00f2noms en 2024 | Arias Assessors\",\"isPartOf\":{\"@id\":\"https:\/\/www.ariasassessors.com\/#website\"},\"primaryImageOfPage\":{\"@id\":\"https:\/\/www.ariasassessors.com\/ca\/nueva-guia-de-la-seguridad-social-sobre-como-regularizara-las-cuotas-de-los-autonomos-en-2024\/#primaryimage\"},\"image\":{\"@id\":\"https:\/\/www.ariasassessors.com\/ca\/nueva-guia-de-la-seguridad-social-sobre-como-regularizara-las-cuotas-de-los-autonomos-en-2024\/#primaryimage\"},\"thumbnailUrl\":\"https:\/\/www.ariasassessors.com\/wp-content\/uploads\/2023\/10\/Arias_Blog_IMAGEN_DESTACADA-64.png\",\"datePublished\":\"2023-10-06T10:22:45+00:00\",\"dateModified\":\"2023-10-04T10:39:25+00:00\",\"breadcrumb\":{\"@id\":\"https:\/\/www.ariasassessors.com\/ca\/nueva-guia-de-la-seguridad-social-sobre-como-regularizara-las-cuotas-de-los-autonomos-en-2024\/#breadcrumb\"},\"inLanguage\":\"ca\",\"potentialAction\":[{\"@type\":\"ReadAction\",\"target\":[\"https:\/\/www.ariasassessors.com\/ca\/nueva-guia-de-la-seguridad-social-sobre-como-regularizara-las-cuotas-de-los-autonomos-en-2024\/\"]}]},{\"@type\":\"ImageObject\",\"inLanguage\":\"ca\",\"@id\":\"https:\/\/www.ariasassessors.com\/ca\/nueva-guia-de-la-seguridad-social-sobre-como-regularizara-las-cuotas-de-los-autonomos-en-2024\/#primaryimage\",\"url\":\"https:\/\/www.ariasassessors.com\/wp-content\/uploads\/2023\/10\/Arias_Blog_IMAGEN_DESTACADA-64.png\",\"contentUrl\":\"https:\/\/www.ariasassessors.com\/wp-content\/uploads\/2023\/10\/Arias_Blog_IMAGEN_DESTACADA-64.png\",\"width\":1920,\"height\":1202},{\"@type\":\"BreadcrumbList\",\"@id\":\"https:\/\/www.ariasassessors.com\/ca\/nueva-guia-de-la-seguridad-social-sobre-como-regularizara-las-cuotas-de-los-autonomos-en-2024\/#breadcrumb\",\"itemListElement\":[{\"@type\":\"ListItem\",\"position\":1,\"name\":\"Portada\",\"item\":\"https:\/\/www.ariasassessors.com\/ca\/\"},{\"@type\":\"ListItem\",\"position\":2,\"name\":\"Nova guia de la Seguretat Social sobre com regularitzar\u00e0 les quotes dels aut\u00f2noms en 2024\"}]},{\"@type\":\"WebSite\",\"@id\":\"https:\/\/www.ariasassessors.com\/#website\",\"url\":\"https:\/\/www.ariasassessors.com\/\",\"name\":\"Arias Assessors\",\"description\":\"Asesor\u00eda para aut\u00f3nomos, profesionales y PYMES\",\"publisher\":{\"@id\":\"https:\/\/www.ariasassessors.com\/#organization\"},\"potentialAction\":[{\"@type\":\"SearchAction\",\"target\":{\"@type\":\"EntryPoint\",\"urlTemplate\":\"https:\/\/www.ariasassessors.com\/?s={search_term_string}\"},\"query-input\":{\"@type\":\"PropertyValueSpecification\",\"valueRequired\":true,\"valueName\":\"search_term_string\"}}],\"inLanguage\":\"ca\"},{\"@type\":\"Organization\",\"@id\":\"https:\/\/www.ariasassessors.com\/#organization\",\"name\":\"Arias Assessors\",\"url\":\"https:\/\/www.ariasassessors.com\/\",\"logo\":{\"@type\":\"ImageObject\",\"inLanguage\":\"ca\",\"@id\":\"https:\/\/www.ariasassessors.com\/#\/schema\/logo\/image\/\",\"url\":\"https:\/\/www.ariasassessors.com\/wp-content\/uploads\/2019\/01\/arias-logo.png\",\"contentUrl\":\"https:\/\/www.ariasassessors.com\/wp-content\/uploads\/2019\/01\/arias-logo.png\",\"width\":349,\"height\":254,\"caption\":\"Arias Assessors\"},\"image\":{\"@id\":\"https:\/\/www.ariasassessors.com\/#\/schema\/logo\/image\/\"},\"sameAs\":[\"https:\/\/www.facebook.com\/ariasassessors\/\",\"https:\/\/x.com\/ariasassessors\",\"https:\/\/www.linkedin.com\/company\/r&amp;amp;r-growing-knowledge\/\"]},{\"@type\":\"Person\",\"@id\":\"https:\/\/www.ariasassessors.com\/#\/schema\/person\/63c6ad1775f0a9413c37932562673cef\",\"name\":\"btorras\",\"image\":{\"@type\":\"ImageObject\",\"inLanguage\":\"ca\",\"@id\":\"https:\/\/www.ariasassessors.com\/#\/schema\/person\/image\/\",\"url\":\"https:\/\/secure.gravatar.com\/avatar\/0531db351fc361fdbfd204c58fa2d6a3?s=96&d=mm&r=g\",\"contentUrl\":\"https:\/\/secure.gravatar.com\/avatar\/0531db351fc361fdbfd204c58fa2d6a3?s=96&d=mm&r=g\",\"caption\":\"btorras\"}}]}<\/script>\n<!-- \/ Yoast SEO plugin. -->","yoast_head_json":{"title":"Nova guia de la Seguretat Social sobre com regularitzar\u00e0 les quotes dels aut\u00f2noms en 2024 | Arias Assessors","robots":{"index":"index","follow":"follow","max-snippet":"max-snippet:-1","max-image-preview":"max-image-preview:large","max-video-preview":"max-video-preview:-1"},"canonical":"https:\/\/www.ariasassessors.com\/ca\/nueva-guia-de-la-seguridad-social-sobre-como-regularizara-las-cuotas-de-los-autonomos-en-2024\/","og_locale":"ca_ES","og_type":"article","og_title":"Nova guia de la Seguretat Social sobre com regularitzar\u00e0 les quotes dels aut\u00f2noms en 2024 | Arias Assessors","og_description":"La Seguretat Social ha publicat una nova guia on respon a nous dubtes dels aut\u00f2noms sobre el sistema de cotitzaci\u00f3 per ingressos reals i dona detalls sobre la regularitzaci\u00f3 que realitzar\u00e0 en 2024 en les seves quotes. Aquestes s\u00f3n les seves respostes. Aquestes s\u00f3n les...","og_url":"https:\/\/www.ariasassessors.com\/ca\/nueva-guia-de-la-seguridad-social-sobre-como-regularizara-las-cuotas-de-los-autonomos-en-2024\/","og_site_name":"Arias Assessors","article_publisher":"https:\/\/www.facebook.com\/ariasassessors\/","article_published_time":"2023-10-06T10:22:45+00:00","article_modified_time":"2023-10-04T10:39:25+00:00","og_image":[{"width":1920,"height":1202,"url":"https:\/\/www.ariasassessors.com\/wp-content\/uploads\/2023\/10\/Arias_Blog_IMAGEN_DESTACADA-64.png","type":"image\/png"}],"author":"btorras","twitter_card":"summary_large_image","twitter_creator":"@ariasassessors","twitter_site":"@ariasassessors","twitter_misc":{"Escrit per":"btorras","Temps estimat de lectura":"7 minuts"},"schema":{"@context":"https:\/\/schema.org","@graph":[{"@type":"Article","@id":"https:\/\/www.ariasassessors.com\/ca\/nueva-guia-de-la-seguridad-social-sobre-como-regularizara-las-cuotas-de-los-autonomos-en-2024\/#article","isPartOf":{"@id":"https:\/\/www.ariasassessors.com\/ca\/nueva-guia-de-la-seguridad-social-sobre-como-regularizara-las-cuotas-de-los-autonomos-en-2024\/"},"author":{"name":"btorras","@id":"https:\/\/www.ariasassessors.com\/#\/schema\/person\/63c6ad1775f0a9413c37932562673cef"},"headline":"Nova guia de la Seguretat Social sobre com regularitzar\u00e0 les quotes dels aut\u00f2noms en 2024","datePublished":"2023-10-06T10:22:45+00:00","dateModified":"2023-10-04T10:39:25+00:00","mainEntityOfPage":{"@id":"https:\/\/www.ariasassessors.com\/ca\/nueva-guia-de-la-seguridad-social-sobre-como-regularizara-las-cuotas-de-los-autonomos-en-2024\/"},"wordCount":1473,"commentCount":0,"publisher":{"@id":"https:\/\/www.ariasassessors.com\/#organization"},"image":{"@id":"https:\/\/www.ariasassessors.com\/ca\/nueva-guia-de-la-seguridad-social-sobre-como-regularizara-las-cuotas-de-los-autonomos-en-2024\/#primaryimage"},"thumbnailUrl":"https:\/\/www.ariasassessors.com\/wp-content\/uploads\/2023\/10\/Arias_Blog_IMAGEN_DESTACADA-64.png","articleSection":["noticies"],"inLanguage":"ca","potentialAction":[{"@type":"CommentAction","name":"Comment","target":["https:\/\/www.ariasassessors.com\/ca\/nueva-guia-de-la-seguridad-social-sobre-como-regularizara-las-cuotas-de-los-autonomos-en-2024\/#respond"]}]},{"@type":"WebPage","@id":"https:\/\/www.ariasassessors.com\/ca\/nueva-guia-de-la-seguridad-social-sobre-como-regularizara-las-cuotas-de-los-autonomos-en-2024\/","url":"https:\/\/www.ariasassessors.com\/ca\/nueva-guia-de-la-seguridad-social-sobre-como-regularizara-las-cuotas-de-los-autonomos-en-2024\/","name":"Nova guia de la Seguretat Social sobre com regularitzar\u00e0 les quotes dels aut\u00f2noms en 2024 | Arias Assessors","isPartOf":{"@id":"https:\/\/www.ariasassessors.com\/#website"},"primaryImageOfPage":{"@id":"https:\/\/www.ariasassessors.com\/ca\/nueva-guia-de-la-seguridad-social-sobre-como-regularizara-las-cuotas-de-los-autonomos-en-2024\/#primaryimage"},"image":{"@id":"https:\/\/www.ariasassessors.com\/ca\/nueva-guia-de-la-seguridad-social-sobre-como-regularizara-las-cuotas-de-los-autonomos-en-2024\/#primaryimage"},"thumbnailUrl":"https:\/\/www.ariasassessors.com\/wp-content\/uploads\/2023\/10\/Arias_Blog_IMAGEN_DESTACADA-64.png","datePublished":"2023-10-06T10:22:45+00:00","dateModified":"2023-10-04T10:39:25+00:00","breadcrumb":{"@id":"https:\/\/www.ariasassessors.com\/ca\/nueva-guia-de-la-seguridad-social-sobre-como-regularizara-las-cuotas-de-los-autonomos-en-2024\/#breadcrumb"},"inLanguage":"ca","potentialAction":[{"@type":"ReadAction","target":["https:\/\/www.ariasassessors.com\/ca\/nueva-guia-de-la-seguridad-social-sobre-como-regularizara-las-cuotas-de-los-autonomos-en-2024\/"]}]},{"@type":"ImageObject","inLanguage":"ca","@id":"https:\/\/www.ariasassessors.com\/ca\/nueva-guia-de-la-seguridad-social-sobre-como-regularizara-las-cuotas-de-los-autonomos-en-2024\/#primaryimage","url":"https:\/\/www.ariasassessors.com\/wp-content\/uploads\/2023\/10\/Arias_Blog_IMAGEN_DESTACADA-64.png","contentUrl":"https:\/\/www.ariasassessors.com\/wp-content\/uploads\/2023\/10\/Arias_Blog_IMAGEN_DESTACADA-64.png","width":1920,"height":1202},{"@type":"BreadcrumbList","@id":"https:\/\/www.ariasassessors.com\/ca\/nueva-guia-de-la-seguridad-social-sobre-como-regularizara-las-cuotas-de-los-autonomos-en-2024\/#breadcrumb","itemListElement":[{"@type":"ListItem","position":1,"name":"Portada","item":"https:\/\/www.ariasassessors.com\/ca\/"},{"@type":"ListItem","position":2,"name":"Nova guia de la Seguretat Social sobre com regularitzar\u00e0 les quotes dels aut\u00f2noms en 2024"}]},{"@type":"WebSite","@id":"https:\/\/www.ariasassessors.com\/#website","url":"https:\/\/www.ariasassessors.com\/","name":"Arias Assessors","description":"Asesor\u00eda para aut\u00f3nomos, profesionales y PYMES","publisher":{"@id":"https:\/\/www.ariasassessors.com\/#organization"},"potentialAction":[{"@type":"SearchAction","target":{"@type":"EntryPoint","urlTemplate":"https:\/\/www.ariasassessors.com\/?s={search_term_string}"},"query-input":{"@type":"PropertyValueSpecification","valueRequired":true,"valueName":"search_term_string"}}],"inLanguage":"ca"},{"@type":"Organization","@id":"https:\/\/www.ariasassessors.com\/#organization","name":"Arias Assessors","url":"https:\/\/www.ariasassessors.com\/","logo":{"@type":"ImageObject","inLanguage":"ca","@id":"https:\/\/www.ariasassessors.com\/#\/schema\/logo\/image\/","url":"https:\/\/www.ariasassessors.com\/wp-content\/uploads\/2019\/01\/arias-logo.png","contentUrl":"https:\/\/www.ariasassessors.com\/wp-content\/uploads\/2019\/01\/arias-logo.png","width":349,"height":254,"caption":"Arias Assessors"},"image":{"@id":"https:\/\/www.ariasassessors.com\/#\/schema\/logo\/image\/"},"sameAs":["https:\/\/www.facebook.com\/ariasassessors\/","https:\/\/x.com\/ariasassessors","https:\/\/www.linkedin.com\/company\/r&amp;amp;r-growing-knowledge\/"]},{"@type":"Person","@id":"https:\/\/www.ariasassessors.com\/#\/schema\/person\/63c6ad1775f0a9413c37932562673cef","name":"btorras","image":{"@type":"ImageObject","inLanguage":"ca","@id":"https:\/\/www.ariasassessors.com\/#\/schema\/person\/image\/","url":"https:\/\/secure.gravatar.com\/avatar\/0531db351fc361fdbfd204c58fa2d6a3?s=96&d=mm&r=g","contentUrl":"https:\/\/secure.gravatar.com\/avatar\/0531db351fc361fdbfd204c58fa2d6a3?s=96&d=mm&r=g","caption":"btorras"}}]}},"_links":{"self":[{"href":"https:\/\/www.ariasassessors.com\/ca\/wp-json\/wp\/v2\/posts\/2947","targetHints":{"allow":["GET"]}}],"collection":[{"href":"https:\/\/www.ariasassessors.com\/ca\/wp-json\/wp\/v2\/posts"}],"about":[{"href":"https:\/\/www.ariasassessors.com\/ca\/wp-json\/wp\/v2\/types\/post"}],"author":[{"embeddable":true,"href":"https:\/\/www.ariasassessors.com\/ca\/wp-json\/wp\/v2\/users\/2"}],"replies":[{"embeddable":true,"href":"https:\/\/www.ariasassessors.com\/ca\/wp-json\/wp\/v2\/comments?post=2947"}],"version-history":[{"count":2,"href":"https:\/\/www.ariasassessors.com\/ca\/wp-json\/wp\/v2\/posts\/2947\/revisions"}],"predecessor-version":[{"id":2949,"href":"https:\/\/www.ariasassessors.com\/ca\/wp-json\/wp\/v2\/posts\/2947\/revisions\/2949"}],"wp:featuredmedia":[{"embeddable":true,"href":"https:\/\/www.ariasassessors.com\/ca\/wp-json\/wp\/v2\/media\/2944"}],"wp:attachment":[{"href":"https:\/\/www.ariasassessors.com\/ca\/wp-json\/wp\/v2\/media?parent=2947"}],"wp:term":[{"taxonomy":"category","embeddable":true,"href":"https:\/\/www.ariasassessors.com\/ca\/wp-json\/wp\/v2\/categories?post=2947"},{"taxonomy":"post_tag","embeddable":true,"href":"https:\/\/www.ariasassessors.com\/ca\/wp-json\/wp\/v2\/tags?post=2947"}],"curies":[{"name":"wp","href":"https:\/\/api.w.org\/{rel}","templated":true}]}}