{"id":2950,"date":"2023-10-07T12:39:41","date_gmt":"2023-10-07T10:39:41","guid":{"rendered":"https:\/\/www.ariasassessors.com\/?p=2950"},"modified":"2023-10-04T12:49:48","modified_gmt":"2023-10-04T10:49:48","slug":"en-noviembre-los-autonomos-pueden-inscribirse-en-el-redeme-y-solicitar-la-devolucion-mensual-del-iva","status":"publish","type":"post","link":"https:\/\/www.ariasassessors.com\/ca\/en-noviembre-los-autonomos-pueden-inscribirse-en-el-redeme-y-solicitar-la-devolucion-mensual-del-iva\/","title":{"rendered":"Al novembre, els aut\u00f2noms poden inscriure&#8217;s en el REDEME i sol\u00b7licitar la devoluci\u00f3 mensual de l&#8217;IVA"},"content":{"rendered":"<p>La devoluci\u00f3 dels imports favorables de l&#8217;IVA i, per tant, la recuperaci\u00f3 d&#8217;uns diners ja avan\u00e7ats \u00e9s important per a aut\u00f2noms i pimes. I no hi ha per qu\u00e8 fer-ho anualment, sin\u00f3 que \u00e9s possible acollir-se a la devoluci\u00f3 mensual de l&#8217;IVA, excepte els aut\u00f2noms en m\u00f2duls.<\/p>\n<p>La devoluci\u00f3 dels imports favorables de l&#8217;Impost del Valor Afegit (IVA) i, per tant, la recuperaci\u00f3 d&#8217;uns diners ja avan\u00e7ats \u00e9s important per a aut\u00f2noms i pimes. I no hi ha per qu\u00e8 fer-ho anualment,\u00a0sin\u00f3 que \u00e9s possible acollir-se a la devoluci\u00f3 mensual de l&#8217;IVA, mitjan\u00e7ant la inscripci\u00f3 en el R\u00e8gim de Devoluci\u00f3 Mensual de l&#8217;IVA (REDEME).<\/p>\n<p>Novembre, mes ja pr\u00f2xim en el calendari, \u00e9s el mes per a inscriure&#8217;s en el\u00a0REDEME. \u00c9s a dir, el R\u00e8gim de Devoluci\u00f3 Mensual de l&#8217;IVA, que \u00e9s un sistema especial que permet als aut\u00f2noms i als petits negocis\u00a0liquidar l&#8217;Impost sobre el Valor Afegit (IVA) mensualment\u00a0i no trimestralment. Els aut\u00f2noms que vulguin, o es decideixin a acollir-se a aquest r\u00e8gim, ja estan, doncs, pr\u00f2xims\u00a0a aquesta data i des d&#8217;aqu\u00ed explicarem qu\u00e8 \u00e9s el\u00a0REDEME\u00a0i com poden accedir a aix\u00f2.<\/p>\n<p>El R\u00e8gim de Devoluci\u00f3 Mensual de l&#8217;IVA (REDEME)\u00a0\u00e9s un sistema excepcional\u00a0que permet als aut\u00f2noms i als petits negocis\u00a0liquidar l&#8217;Impost sobre el Valor Afegit (IVA) mensualment. Amb aix\u00f2 aconsegueixen tenir major liquiditat, si suporten molt IVA de les compres que realitzen.<\/p>\n<p>Ricardo\u00a0Perpi\u00f1an\u00a0Girol, secretari de l&#8217;Associaci\u00f3 Espanyola d&#8217;Assessors Fiscals i Gestors Tributaris (ASEFIGET),\u00a0ho explica: \u201c\u00e9s un r\u00e8gim especial\u00a0pel qual se sol\u00b7licita la devoluci\u00f3 de l&#8217;IVA mes a mes. Cal sol\u00b7licitar-ho al novembre anterior a l&#8217;any en qu\u00e8 hagi de tenir els seus efectes, mitjan\u00e7ant la presentaci\u00f3 d&#8217;una declaraci\u00f3 censal\u201d.<\/p>\n<p>\u201cEn principi, \u00e9s voluntari per a tots els empresaris i persones f\u00edsiques, excepte els quals tributin en el r\u00e8gim simplificat de l&#8217;IVA, i\u00a0s&#8217;ha d&#8217;estar\u00a0al corrent de les obligacions tribut\u00e0ries. Per\u00f2 per a les companyies el volum de facturaci\u00f3 de les quals excedeixi de 6.010.121,04 euros \u00e9s obligatori i han d&#8217;acollir-se al\u00a0SII\u00a0(Subministrament Immediat d&#8217;Informaci\u00f3)\u201d, afegeix.<\/p>\n<div class=\"traductor-textarea form-group\">\n<div class=\"textarea-desti col-xs-12 col-sm-6\">\n<div id=\"ez-toc-container\" class=\"ez-toc-v2_0_72 counter-hierarchy ez-toc-counter ez-toc-grey ez-toc-container-direction\">\n<div class=\"ez-toc-title-container\">\n<p class=\"ez-toc-title\" style=\"cursor:inherit\">\u00cdndice de Contenidos<\/p>\n<span class=\"ez-toc-title-toggle\"><a href=\"#\" class=\"ez-toc-pull-right ez-toc-btn ez-toc-btn-xs ez-toc-btn-default ez-toc-toggle\" aria-label=\"Toggle Table of Content\"><span class=\"ez-toc-js-icon-con\"><span class=\"\"><span class=\"eztoc-hide\" style=\"display:none;\">Toggle<\/span><span class=\"ez-toc-icon-toggle-span\"><svg style=\"fill: #428bca;color:#428bca\" xmlns=\"http:\/\/www.w3.org\/2000\/svg\" class=\"list-377408\" width=\"20px\" height=\"20px\" viewBox=\"0 0 24 24\" fill=\"none\"><path d=\"M6 6H4v2h2V6zm14 0H8v2h12V6zM4 11h2v2H4v-2zm16 0H8v2h12v-2zM4 16h2v2H4v-2zm16 0H8v2h12v-2z\" fill=\"currentColor\"><\/path><\/svg><svg style=\"fill: #428bca;color:#428bca\" class=\"arrow-unsorted-368013\" xmlns=\"http:\/\/www.w3.org\/2000\/svg\" width=\"10px\" height=\"10px\" viewBox=\"0 0 24 24\" version=\"1.2\" baseProfile=\"tiny\"><path d=\"M18.2 9.3l-6.2-6.3-6.2 6.3c-.2.2-.3.4-.3.7s.1.5.3.7c.2.2.4.3.7.3h11c.3 0 .5-.1.7-.3.2-.2.3-.5.3-.7s-.1-.5-.3-.7zM5.8 14.7l6.2 6.3 6.2-6.3c.2-.2.3-.5.3-.7s-.1-.5-.3-.7c-.2-.2-.4-.3-.7-.3h-11c-.3 0-.5.1-.7.3-.2.2-.3.5-.3.7s.1.5.3.7z\"\/><\/svg><\/span><\/span><\/span><\/a><\/span><\/div>\n<nav><ul class='ez-toc-list ez-toc-list-level-1 eztoc-toggle-hide-by-default' ><li class='ez-toc-page-1 ez-toc-heading-level-2'><a class=\"ez-toc-link ez-toc-heading-1\" href=\"https:\/\/www.ariasassessors.com\/ca\/en-noviembre-los-autonomos-pueden-inscribirse-en-el-redeme-y-solicitar-la-devolucion-mensual-del-iva\/#Com_acollir-se_al_REDEME\" title=\"Com acollir-se al REDEME?\">Com acollir-se al REDEME?<\/a><\/li><li class='ez-toc-page-1 ez-toc-heading-level-2'><a class=\"ez-toc-link ez-toc-heading-2\" href=\"https:\/\/www.ariasassessors.com\/ca\/en-noviembre-los-autonomos-pueden-inscribirse-en-el-redeme-y-solicitar-la-devolucion-mensual-del-iva\/#Quan_es_pot_realitzar_la_inscripcio\" title=\"Quan es pot realitzar la inscripci\u00f3?\">Quan es pot realitzar la inscripci\u00f3?<\/a><\/li><li class='ez-toc-page-1 ez-toc-heading-level-2'><a class=\"ez-toc-link ez-toc-heading-3\" href=\"https:\/\/www.ariasassessors.com\/ca\/en-noviembre-los-autonomos-pueden-inscribirse-en-el-redeme-y-solicitar-la-devolucion-mensual-del-iva\/#Requisits_basics_per_a_sollicitar_la_inscripcio_en_el_registre_de_devolucio_mensual_REDEME\" title=\"Requisits b\u00e0sics per a sol\u00b7licitar la inscripci\u00f3 en el registre de devoluci\u00f3 mensual (REDEME)\">Requisits b\u00e0sics per a sol\u00b7licitar la inscripci\u00f3 en el registre de devoluci\u00f3 mensual (REDEME)<\/a><\/li><li class='ez-toc-page-1 ez-toc-heading-level-2'><a class=\"ez-toc-link ez-toc-heading-4\" href=\"https:\/\/www.ariasassessors.com\/ca\/en-noviembre-los-autonomos-pueden-inscribirse-en-el-redeme-y-solicitar-la-devolucion-mensual-del-iva\/#Obligacions_de_lautonom_despres_de_sollicitar_la_seva_inscripcio_en_el_REDEME\" title=\"Obligacions de l&#8217;aut\u00f2nom despr\u00e9s de sol\u00b7licitar la seva inscripci\u00f3 en el\u00a0REDEME\">Obligacions de l&#8217;aut\u00f2nom despr\u00e9s de sol\u00b7licitar la seva inscripci\u00f3 en el\u00a0REDEME<\/a><\/li><\/ul><\/nav><\/div>\n<h2 class=\"form-control second-textarea\"><span class=\"ez-toc-section\" id=\"Com_acollir-se_al_REDEME\"><\/span>Com acollir-se al REDEME?<span class=\"ez-toc-section-end\"><\/span><\/h2>\n<\/div>\n<\/div>\n<p>Per a acollir-se a aquesta opci\u00f3 de poder liquidar l&#8217;IVA mensualment, l&#8217;aut\u00f2nom haur\u00e0 de sol\u00b7licitar-lo mitjan\u00e7ant la inscripci\u00f3 en el registre de devoluci\u00f3 mensual de l&#8217;IVA. I hauran de tenir en compte, a partir d&#8217;aquesta gesti\u00f3 d&#8217;alta en l&#8217;Ag\u00e8ncia Tribut\u00e0ria, que tots els mesos caldr\u00e0 presentar les autoliquidacions i que nom\u00e9s es podr\u00e0 dur a terme per via telem\u00e0tica.<\/p>\n<p>Com ja s&#8217;ha dit, \u00e9s voluntari per a tots els aut\u00f2noms i amos de negocis i petites empreses, salvo per a aquells que tributin en el r\u00e8gim simplificat de l&#8217;IVA (Estimaci\u00f3 objectiva) i per a aquelles empreses el volum de facturaci\u00f3 de les quals excedeixi de 6.010.121,04 euros.<\/p>\n<div class=\"traductor-textarea form-group\">\n<div class=\"textarea-desti col-xs-12 col-sm-6\">\n<h2 class=\"form-control second-textarea\"><span class=\"ez-toc-section\" id=\"Quan_es_pot_realitzar_la_inscripcio\"><\/span>Quan es pot realitzar la inscripci\u00f3?<span class=\"ez-toc-section-end\"><\/span><\/h2>\n<\/div>\n<\/div>\n<p>La sol\u00b7licitud cal dur-la a terme el mes de novembre i passar\u00e0 un any fins que es faci efectiu. \u00c9s a dir, si se sol\u00b7licita el mes que ve, ser\u00e0 al novembre de 2024 quan tingui efecte la sol\u00b7licitud i ja es pugui liquidar l&#8217;IVA mensualment. I tamb\u00e9 es pot sol\u00b7licitar la inscripci\u00f3 durant el termini de presentaci\u00f3 de les liquidacions peri\u00f2diques.<\/p>\n<p>L&#8217;Ag\u00e8ncia Tribut\u00e0ria contestar\u00e0 abans de tres mesos sobre l&#8217;efecte de la inscripci\u00f3.<\/p>\n<h2><span class=\"ez-toc-section\" id=\"Requisits_basics_per_a_sollicitar_la_inscripcio_en_el_registre_de_devolucio_mensual_REDEME\"><\/span>Requisits b\u00e0sics per a sol\u00b7licitar la inscripci\u00f3 en el registre de devoluci\u00f3 mensual (REDEME)<span class=\"ez-toc-section-end\"><\/span><\/h2>\n<p>Els requisits per a poder accedir a aquest r\u00e8gim especial s\u00f3n:<\/p>\n<p>&#8211; Sol\u00b7licitar la inscripci\u00f3 en el registre en termini, mitjan\u00e7ant la presentaci\u00f3 de la declaraci\u00f3 censal, obligat\u00f2riament ha de fer-se per via telem\u00e0tica (casella 129 del model 036).<br \/>\n&#8211; Estar al corrent de les obligacions tribut\u00e0ries.<br \/>\n&#8211; No realitzar activitats en el r\u00e8gim simplificat.<br \/>\n&#8211; No trobar-se en algun dels sup\u00f2sits que podrien donen lloc a la baixa cautelar en el registre de devoluci\u00f3 mensual o a la revocaci\u00f3 del n\u00famero d&#8217;identificaci\u00f3 fiscal.<br \/>\n&#8211; No haver estat excl\u00f2s del Registre en els tres anys previs al de presentaci\u00f3 de sol\u00b7licitud d&#8217;alta.<\/p>\n<p>Una vez que el aut\u00f3nomo haya quedado inscrito,<\/p>\n<h2><span class=\"ez-toc-section\" id=\"Obligacions_de_lautonom_despres_de_sollicitar_la_seva_inscripcio_en_el_REDEME\"><\/span>Obligacions de l&#8217;aut\u00f2nom despr\u00e9s de sol\u00b7licitar la seva inscripci\u00f3 en el\u00a0REDEME<span class=\"ez-toc-section-end\"><\/span><\/h2>\n<p>Una vegada que l&#8217;aut\u00f2nom hagi quedat inscrit, estar\u00e0 obligat a romandre en ell almenys durant un any. I si es va sol\u00b7licitar durant el termini de presentaci\u00f3 de les liquidacions peri\u00f2diques, haur\u00e0 de romandre almenys durant l&#8217;any en qu\u00e8 va sol\u00b7licitar aquesta inscripci\u00f3 i el seg\u00fcent.<\/p>\n<p>Si es volgu\u00e9s sol\u00b7licitar la baixa, caldr\u00e0 dur-ho a terme tamb\u00e9 el mes de novembre i far\u00e0 efecte a partir del mateix mes del seg\u00fcent any. Cal tenir en compte que, si s&#8217;hagu\u00e9s sol\u00b7licitat la baixa, no podr\u00e0 tornar a sol\u00b7licitar-se l&#8217;alta en el registre en aquest mateix any.<\/p>\n<p>A m\u00e9s, l&#8217;aut\u00f2nom queda obligat a portar els Llibres del Registre de l&#8217;IVA a trav\u00e9s de la de la Seu electr\u00f2nica\u00a0de la\u00a0AEAT\u00a0(SII).<\/p>\n","protected":false},"excerpt":{"rendered":"<p>La devoluci\u00f3 dels imports favorables de l&#8217;IVA i, per tant, la recuperaci\u00f3 d&#8217;uns diners ja avan\u00e7ats \u00e9s important per a aut\u00f2noms i pimes. I no hi ha per qu\u00e8 fer-ho anualment, sin\u00f3 que \u00e9s possible acollir-se a la devoluci\u00f3 mensual de l&#8217;IVA, excepte els aut\u00f2noms&#8230;<\/p>\n","protected":false},"author":2,"featured_media":2951,"comment_status":"open","ping_status":"open","sticky":false,"template":"","format":"standard","meta":{"footnotes":""},"categories":[4],"tags":[],"class_list":["post-2950","post","type-post","status-publish","format-standard","has-post-thumbnail","hentry","category-noticies"],"yoast_head":"<!-- This site is optimized with the Yoast SEO plugin v24.3 - https:\/\/yoast.com\/wordpress\/plugins\/seo\/ -->\n<title>Al novembre, els aut\u00f2noms poden inscriure&#039;s en el REDEME i sol\u00b7licitar la devoluci\u00f3 mensual de l&#039;IVA | Arias Assessors<\/title>\n<meta name=\"robots\" content=\"index, follow, max-snippet:-1, max-image-preview:large, max-video-preview:-1\" \/>\n<link rel=\"canonical\" href=\"https:\/\/www.ariasassessors.com\/ca\/en-noviembre-los-autonomos-pueden-inscribirse-en-el-redeme-y-solicitar-la-devolucion-mensual-del-iva\/\" \/>\n<meta property=\"og:locale\" content=\"ca_ES\" \/>\n<meta property=\"og:type\" content=\"article\" \/>\n<meta property=\"og:title\" content=\"Al novembre, els aut\u00f2noms poden inscriure&#039;s en el REDEME i sol\u00b7licitar la devoluci\u00f3 mensual de l&#039;IVA | Arias Assessors\" \/>\n<meta property=\"og:description\" content=\"La devoluci\u00f3 dels imports favorables de l&#8217;IVA i, per tant, la recuperaci\u00f3 d&#8217;uns diners ja avan\u00e7ats \u00e9s important per a aut\u00f2noms i pimes. I no hi ha per qu\u00e8 fer-ho anualment, sin\u00f3 que \u00e9s possible acollir-se a la devoluci\u00f3 mensual de l&#8217;IVA, excepte els aut\u00f2noms...\" \/>\n<meta property=\"og:url\" content=\"https:\/\/www.ariasassessors.com\/ca\/en-noviembre-los-autonomos-pueden-inscribirse-en-el-redeme-y-solicitar-la-devolucion-mensual-del-iva\/\" \/>\n<meta property=\"og:site_name\" content=\"Arias Assessors\" \/>\n<meta property=\"article:publisher\" content=\"https:\/\/www.facebook.com\/ariasassessors\/\" \/>\n<meta property=\"article:published_time\" content=\"2023-10-07T10:39:41+00:00\" \/>\n<meta property=\"article:modified_time\" content=\"2023-10-04T10:49:48+00:00\" \/>\n<meta property=\"og:image\" content=\"https:\/\/www.ariasassessors.com\/wp-content\/uploads\/2023\/10\/Arias_Blog_IMAGEN_DESTACADA-65.png\" \/>\n\t<meta property=\"og:image:width\" content=\"1920\" \/>\n\t<meta property=\"og:image:height\" content=\"1202\" \/>\n\t<meta property=\"og:image:type\" content=\"image\/png\" \/>\n<meta name=\"author\" content=\"btorras\" \/>\n<meta name=\"twitter:card\" content=\"summary_large_image\" \/>\n<meta name=\"twitter:creator\" content=\"@ariasassessors\" \/>\n<meta name=\"twitter:site\" content=\"@ariasassessors\" \/>\n<meta name=\"twitter:label1\" content=\"Escrit per\" \/>\n\t<meta name=\"twitter:data1\" content=\"btorras\" \/>\n\t<meta name=\"twitter:label2\" content=\"Temps estimat de lectura\" \/>\n\t<meta name=\"twitter:data2\" content=\"4 minuts\" \/>\n<script type=\"application\/ld+json\" class=\"yoast-schema-graph\">{\"@context\":\"https:\/\/schema.org\",\"@graph\":[{\"@type\":\"Article\",\"@id\":\"https:\/\/www.ariasassessors.com\/ca\/en-noviembre-los-autonomos-pueden-inscribirse-en-el-redeme-y-solicitar-la-devolucion-mensual-del-iva\/#article\",\"isPartOf\":{\"@id\":\"https:\/\/www.ariasassessors.com\/ca\/en-noviembre-los-autonomos-pueden-inscribirse-en-el-redeme-y-solicitar-la-devolucion-mensual-del-iva\/\"},\"author\":{\"name\":\"btorras\",\"@id\":\"https:\/\/www.ariasassessors.com\/#\/schema\/person\/63c6ad1775f0a9413c37932562673cef\"},\"headline\":\"Al novembre, els aut\u00f2noms poden inscriure&#8217;s en el REDEME i sol\u00b7licitar la devoluci\u00f3 mensual de l&#8217;IVA\",\"datePublished\":\"2023-10-07T10:39:41+00:00\",\"dateModified\":\"2023-10-04T10:49:48+00:00\",\"mainEntityOfPage\":{\"@id\":\"https:\/\/www.ariasassessors.com\/ca\/en-noviembre-los-autonomos-pueden-inscribirse-en-el-redeme-y-solicitar-la-devolucion-mensual-del-iva\/\"},\"wordCount\":873,\"commentCount\":0,\"publisher\":{\"@id\":\"https:\/\/www.ariasassessors.com\/#organization\"},\"image\":{\"@id\":\"https:\/\/www.ariasassessors.com\/ca\/en-noviembre-los-autonomos-pueden-inscribirse-en-el-redeme-y-solicitar-la-devolucion-mensual-del-iva\/#primaryimage\"},\"thumbnailUrl\":\"https:\/\/www.ariasassessors.com\/wp-content\/uploads\/2023\/10\/Arias_Blog_IMAGEN_DESTACADA-65.png\",\"articleSection\":[\"noticies\"],\"inLanguage\":\"ca\",\"potentialAction\":[{\"@type\":\"CommentAction\",\"name\":\"Comment\",\"target\":[\"https:\/\/www.ariasassessors.com\/ca\/en-noviembre-los-autonomos-pueden-inscribirse-en-el-redeme-y-solicitar-la-devolucion-mensual-del-iva\/#respond\"]}]},{\"@type\":\"WebPage\",\"@id\":\"https:\/\/www.ariasassessors.com\/ca\/en-noviembre-los-autonomos-pueden-inscribirse-en-el-redeme-y-solicitar-la-devolucion-mensual-del-iva\/\",\"url\":\"https:\/\/www.ariasassessors.com\/ca\/en-noviembre-los-autonomos-pueden-inscribirse-en-el-redeme-y-solicitar-la-devolucion-mensual-del-iva\/\",\"name\":\"Al novembre, els aut\u00f2noms poden inscriure's en el REDEME i sol\u00b7licitar la devoluci\u00f3 mensual de l'IVA | Arias Assessors\",\"isPartOf\":{\"@id\":\"https:\/\/www.ariasassessors.com\/#website\"},\"primaryImageOfPage\":{\"@id\":\"https:\/\/www.ariasassessors.com\/ca\/en-noviembre-los-autonomos-pueden-inscribirse-en-el-redeme-y-solicitar-la-devolucion-mensual-del-iva\/#primaryimage\"},\"image\":{\"@id\":\"https:\/\/www.ariasassessors.com\/ca\/en-noviembre-los-autonomos-pueden-inscribirse-en-el-redeme-y-solicitar-la-devolucion-mensual-del-iva\/#primaryimage\"},\"thumbnailUrl\":\"https:\/\/www.ariasassessors.com\/wp-content\/uploads\/2023\/10\/Arias_Blog_IMAGEN_DESTACADA-65.png\",\"datePublished\":\"2023-10-07T10:39:41+00:00\",\"dateModified\":\"2023-10-04T10:49:48+00:00\",\"breadcrumb\":{\"@id\":\"https:\/\/www.ariasassessors.com\/ca\/en-noviembre-los-autonomos-pueden-inscribirse-en-el-redeme-y-solicitar-la-devolucion-mensual-del-iva\/#breadcrumb\"},\"inLanguage\":\"ca\",\"potentialAction\":[{\"@type\":\"ReadAction\",\"target\":[\"https:\/\/www.ariasassessors.com\/ca\/en-noviembre-los-autonomos-pueden-inscribirse-en-el-redeme-y-solicitar-la-devolucion-mensual-del-iva\/\"]}]},{\"@type\":\"ImageObject\",\"inLanguage\":\"ca\",\"@id\":\"https:\/\/www.ariasassessors.com\/ca\/en-noviembre-los-autonomos-pueden-inscribirse-en-el-redeme-y-solicitar-la-devolucion-mensual-del-iva\/#primaryimage\",\"url\":\"https:\/\/www.ariasassessors.com\/wp-content\/uploads\/2023\/10\/Arias_Blog_IMAGEN_DESTACADA-65.png\",\"contentUrl\":\"https:\/\/www.ariasassessors.com\/wp-content\/uploads\/2023\/10\/Arias_Blog_IMAGEN_DESTACADA-65.png\",\"width\":1920,\"height\":1202},{\"@type\":\"BreadcrumbList\",\"@id\":\"https:\/\/www.ariasassessors.com\/ca\/en-noviembre-los-autonomos-pueden-inscribirse-en-el-redeme-y-solicitar-la-devolucion-mensual-del-iva\/#breadcrumb\",\"itemListElement\":[{\"@type\":\"ListItem\",\"position\":1,\"name\":\"Portada\",\"item\":\"https:\/\/www.ariasassessors.com\/ca\/\"},{\"@type\":\"ListItem\",\"position\":2,\"name\":\"Al novembre, els aut\u00f2noms poden inscriure&#8217;s en el REDEME i sol\u00b7licitar la devoluci\u00f3 mensual de l&#8217;IVA\"}]},{\"@type\":\"WebSite\",\"@id\":\"https:\/\/www.ariasassessors.com\/#website\",\"url\":\"https:\/\/www.ariasassessors.com\/\",\"name\":\"Arias Assessors\",\"description\":\"Asesor\u00eda para aut\u00f3nomos, profesionales y PYMES\",\"publisher\":{\"@id\":\"https:\/\/www.ariasassessors.com\/#organization\"},\"potentialAction\":[{\"@type\":\"SearchAction\",\"target\":{\"@type\":\"EntryPoint\",\"urlTemplate\":\"https:\/\/www.ariasassessors.com\/?s={search_term_string}\"},\"query-input\":{\"@type\":\"PropertyValueSpecification\",\"valueRequired\":true,\"valueName\":\"search_term_string\"}}],\"inLanguage\":\"ca\"},{\"@type\":\"Organization\",\"@id\":\"https:\/\/www.ariasassessors.com\/#organization\",\"name\":\"Arias Assessors\",\"url\":\"https:\/\/www.ariasassessors.com\/\",\"logo\":{\"@type\":\"ImageObject\",\"inLanguage\":\"ca\",\"@id\":\"https:\/\/www.ariasassessors.com\/#\/schema\/logo\/image\/\",\"url\":\"https:\/\/www.ariasassessors.com\/wp-content\/uploads\/2019\/01\/arias-logo.png\",\"contentUrl\":\"https:\/\/www.ariasassessors.com\/wp-content\/uploads\/2019\/01\/arias-logo.png\",\"width\":349,\"height\":254,\"caption\":\"Arias Assessors\"},\"image\":{\"@id\":\"https:\/\/www.ariasassessors.com\/#\/schema\/logo\/image\/\"},\"sameAs\":[\"https:\/\/www.facebook.com\/ariasassessors\/\",\"https:\/\/x.com\/ariasassessors\",\"https:\/\/www.linkedin.com\/company\/r&amp;amp;r-growing-knowledge\/\"]},{\"@type\":\"Person\",\"@id\":\"https:\/\/www.ariasassessors.com\/#\/schema\/person\/63c6ad1775f0a9413c37932562673cef\",\"name\":\"btorras\",\"image\":{\"@type\":\"ImageObject\",\"inLanguage\":\"ca\",\"@id\":\"https:\/\/www.ariasassessors.com\/#\/schema\/person\/image\/\",\"url\":\"https:\/\/secure.gravatar.com\/avatar\/0531db351fc361fdbfd204c58fa2d6a3?s=96&d=mm&r=g\",\"contentUrl\":\"https:\/\/secure.gravatar.com\/avatar\/0531db351fc361fdbfd204c58fa2d6a3?s=96&d=mm&r=g\",\"caption\":\"btorras\"}}]}<\/script>\n<!-- \/ Yoast SEO plugin. -->","yoast_head_json":{"title":"Al novembre, els aut\u00f2noms poden inscriure's en el REDEME i sol\u00b7licitar la devoluci\u00f3 mensual de l'IVA | Arias Assessors","robots":{"index":"index","follow":"follow","max-snippet":"max-snippet:-1","max-image-preview":"max-image-preview:large","max-video-preview":"max-video-preview:-1"},"canonical":"https:\/\/www.ariasassessors.com\/ca\/en-noviembre-los-autonomos-pueden-inscribirse-en-el-redeme-y-solicitar-la-devolucion-mensual-del-iva\/","og_locale":"ca_ES","og_type":"article","og_title":"Al novembre, els aut\u00f2noms poden inscriure's en el REDEME i sol\u00b7licitar la devoluci\u00f3 mensual de l'IVA | Arias Assessors","og_description":"La devoluci\u00f3 dels imports favorables de l&#8217;IVA i, per tant, la recuperaci\u00f3 d&#8217;uns diners ja avan\u00e7ats \u00e9s important per a aut\u00f2noms i pimes. I no hi ha per qu\u00e8 fer-ho anualment, sin\u00f3 que \u00e9s possible acollir-se a la devoluci\u00f3 mensual de l&#8217;IVA, excepte els aut\u00f2noms...","og_url":"https:\/\/www.ariasassessors.com\/ca\/en-noviembre-los-autonomos-pueden-inscribirse-en-el-redeme-y-solicitar-la-devolucion-mensual-del-iva\/","og_site_name":"Arias Assessors","article_publisher":"https:\/\/www.facebook.com\/ariasassessors\/","article_published_time":"2023-10-07T10:39:41+00:00","article_modified_time":"2023-10-04T10:49:48+00:00","og_image":[{"width":1920,"height":1202,"url":"https:\/\/www.ariasassessors.com\/wp-content\/uploads\/2023\/10\/Arias_Blog_IMAGEN_DESTACADA-65.png","type":"image\/png"}],"author":"btorras","twitter_card":"summary_large_image","twitter_creator":"@ariasassessors","twitter_site":"@ariasassessors","twitter_misc":{"Escrit per":"btorras","Temps estimat de lectura":"4 minuts"},"schema":{"@context":"https:\/\/schema.org","@graph":[{"@type":"Article","@id":"https:\/\/www.ariasassessors.com\/ca\/en-noviembre-los-autonomos-pueden-inscribirse-en-el-redeme-y-solicitar-la-devolucion-mensual-del-iva\/#article","isPartOf":{"@id":"https:\/\/www.ariasassessors.com\/ca\/en-noviembre-los-autonomos-pueden-inscribirse-en-el-redeme-y-solicitar-la-devolucion-mensual-del-iva\/"},"author":{"name":"btorras","@id":"https:\/\/www.ariasassessors.com\/#\/schema\/person\/63c6ad1775f0a9413c37932562673cef"},"headline":"Al novembre, els aut\u00f2noms poden inscriure&#8217;s en el REDEME i sol\u00b7licitar la devoluci\u00f3 mensual de l&#8217;IVA","datePublished":"2023-10-07T10:39:41+00:00","dateModified":"2023-10-04T10:49:48+00:00","mainEntityOfPage":{"@id":"https:\/\/www.ariasassessors.com\/ca\/en-noviembre-los-autonomos-pueden-inscribirse-en-el-redeme-y-solicitar-la-devolucion-mensual-del-iva\/"},"wordCount":873,"commentCount":0,"publisher":{"@id":"https:\/\/www.ariasassessors.com\/#organization"},"image":{"@id":"https:\/\/www.ariasassessors.com\/ca\/en-noviembre-los-autonomos-pueden-inscribirse-en-el-redeme-y-solicitar-la-devolucion-mensual-del-iva\/#primaryimage"},"thumbnailUrl":"https:\/\/www.ariasassessors.com\/wp-content\/uploads\/2023\/10\/Arias_Blog_IMAGEN_DESTACADA-65.png","articleSection":["noticies"],"inLanguage":"ca","potentialAction":[{"@type":"CommentAction","name":"Comment","target":["https:\/\/www.ariasassessors.com\/ca\/en-noviembre-los-autonomos-pueden-inscribirse-en-el-redeme-y-solicitar-la-devolucion-mensual-del-iva\/#respond"]}]},{"@type":"WebPage","@id":"https:\/\/www.ariasassessors.com\/ca\/en-noviembre-los-autonomos-pueden-inscribirse-en-el-redeme-y-solicitar-la-devolucion-mensual-del-iva\/","url":"https:\/\/www.ariasassessors.com\/ca\/en-noviembre-los-autonomos-pueden-inscribirse-en-el-redeme-y-solicitar-la-devolucion-mensual-del-iva\/","name":"Al novembre, els aut\u00f2noms poden inscriure's en el REDEME i sol\u00b7licitar la devoluci\u00f3 mensual de l'IVA | Arias Assessors","isPartOf":{"@id":"https:\/\/www.ariasassessors.com\/#website"},"primaryImageOfPage":{"@id":"https:\/\/www.ariasassessors.com\/ca\/en-noviembre-los-autonomos-pueden-inscribirse-en-el-redeme-y-solicitar-la-devolucion-mensual-del-iva\/#primaryimage"},"image":{"@id":"https:\/\/www.ariasassessors.com\/ca\/en-noviembre-los-autonomos-pueden-inscribirse-en-el-redeme-y-solicitar-la-devolucion-mensual-del-iva\/#primaryimage"},"thumbnailUrl":"https:\/\/www.ariasassessors.com\/wp-content\/uploads\/2023\/10\/Arias_Blog_IMAGEN_DESTACADA-65.png","datePublished":"2023-10-07T10:39:41+00:00","dateModified":"2023-10-04T10:49:48+00:00","breadcrumb":{"@id":"https:\/\/www.ariasassessors.com\/ca\/en-noviembre-los-autonomos-pueden-inscribirse-en-el-redeme-y-solicitar-la-devolucion-mensual-del-iva\/#breadcrumb"},"inLanguage":"ca","potentialAction":[{"@type":"ReadAction","target":["https:\/\/www.ariasassessors.com\/ca\/en-noviembre-los-autonomos-pueden-inscribirse-en-el-redeme-y-solicitar-la-devolucion-mensual-del-iva\/"]}]},{"@type":"ImageObject","inLanguage":"ca","@id":"https:\/\/www.ariasassessors.com\/ca\/en-noviembre-los-autonomos-pueden-inscribirse-en-el-redeme-y-solicitar-la-devolucion-mensual-del-iva\/#primaryimage","url":"https:\/\/www.ariasassessors.com\/wp-content\/uploads\/2023\/10\/Arias_Blog_IMAGEN_DESTACADA-65.png","contentUrl":"https:\/\/www.ariasassessors.com\/wp-content\/uploads\/2023\/10\/Arias_Blog_IMAGEN_DESTACADA-65.png","width":1920,"height":1202},{"@type":"BreadcrumbList","@id":"https:\/\/www.ariasassessors.com\/ca\/en-noviembre-los-autonomos-pueden-inscribirse-en-el-redeme-y-solicitar-la-devolucion-mensual-del-iva\/#breadcrumb","itemListElement":[{"@type":"ListItem","position":1,"name":"Portada","item":"https:\/\/www.ariasassessors.com\/ca\/"},{"@type":"ListItem","position":2,"name":"Al novembre, els aut\u00f2noms poden inscriure&#8217;s en el REDEME i sol\u00b7licitar la devoluci\u00f3 mensual de l&#8217;IVA"}]},{"@type":"WebSite","@id":"https:\/\/www.ariasassessors.com\/#website","url":"https:\/\/www.ariasassessors.com\/","name":"Arias Assessors","description":"Asesor\u00eda para aut\u00f3nomos, profesionales y PYMES","publisher":{"@id":"https:\/\/www.ariasassessors.com\/#organization"},"potentialAction":[{"@type":"SearchAction","target":{"@type":"EntryPoint","urlTemplate":"https:\/\/www.ariasassessors.com\/?s={search_term_string}"},"query-input":{"@type":"PropertyValueSpecification","valueRequired":true,"valueName":"search_term_string"}}],"inLanguage":"ca"},{"@type":"Organization","@id":"https:\/\/www.ariasassessors.com\/#organization","name":"Arias Assessors","url":"https:\/\/www.ariasassessors.com\/","logo":{"@type":"ImageObject","inLanguage":"ca","@id":"https:\/\/www.ariasassessors.com\/#\/schema\/logo\/image\/","url":"https:\/\/www.ariasassessors.com\/wp-content\/uploads\/2019\/01\/arias-logo.png","contentUrl":"https:\/\/www.ariasassessors.com\/wp-content\/uploads\/2019\/01\/arias-logo.png","width":349,"height":254,"caption":"Arias Assessors"},"image":{"@id":"https:\/\/www.ariasassessors.com\/#\/schema\/logo\/image\/"},"sameAs":["https:\/\/www.facebook.com\/ariasassessors\/","https:\/\/x.com\/ariasassessors","https:\/\/www.linkedin.com\/company\/r&amp;amp;r-growing-knowledge\/"]},{"@type":"Person","@id":"https:\/\/www.ariasassessors.com\/#\/schema\/person\/63c6ad1775f0a9413c37932562673cef","name":"btorras","image":{"@type":"ImageObject","inLanguage":"ca","@id":"https:\/\/www.ariasassessors.com\/#\/schema\/person\/image\/","url":"https:\/\/secure.gravatar.com\/avatar\/0531db351fc361fdbfd204c58fa2d6a3?s=96&d=mm&r=g","contentUrl":"https:\/\/secure.gravatar.com\/avatar\/0531db351fc361fdbfd204c58fa2d6a3?s=96&d=mm&r=g","caption":"btorras"}}]}},"_links":{"self":[{"href":"https:\/\/www.ariasassessors.com\/ca\/wp-json\/wp\/v2\/posts\/2950","targetHints":{"allow":["GET"]}}],"collection":[{"href":"https:\/\/www.ariasassessors.com\/ca\/wp-json\/wp\/v2\/posts"}],"about":[{"href":"https:\/\/www.ariasassessors.com\/ca\/wp-json\/wp\/v2\/types\/post"}],"author":[{"embeddable":true,"href":"https:\/\/www.ariasassessors.com\/ca\/wp-json\/wp\/v2\/users\/2"}],"replies":[{"embeddable":true,"href":"https:\/\/www.ariasassessors.com\/ca\/wp-json\/wp\/v2\/comments?post=2950"}],"version-history":[{"count":3,"href":"https:\/\/www.ariasassessors.com\/ca\/wp-json\/wp\/v2\/posts\/2950\/revisions"}],"predecessor-version":[{"id":2957,"href":"https:\/\/www.ariasassessors.com\/ca\/wp-json\/wp\/v2\/posts\/2950\/revisions\/2957"}],"wp:featuredmedia":[{"embeddable":true,"href":"https:\/\/www.ariasassessors.com\/ca\/wp-json\/wp\/v2\/media\/2951"}],"wp:attachment":[{"href":"https:\/\/www.ariasassessors.com\/ca\/wp-json\/wp\/v2\/media?parent=2950"}],"wp:term":[{"taxonomy":"category","embeddable":true,"href":"https:\/\/www.ariasassessors.com\/ca\/wp-json\/wp\/v2\/categories?post=2950"},{"taxonomy":"post_tag","embeddable":true,"href":"https:\/\/www.ariasassessors.com\/ca\/wp-json\/wp\/v2\/tags?post=2950"}],"curies":[{"name":"wp","href":"https:\/\/api.w.org\/{rel}","templated":true}]}}