{"id":3018,"date":"2023-11-13T14:45:38","date_gmt":"2023-11-13T13:45:38","guid":{"rendered":"https:\/\/www.ariasassessors.com\/la-prestacion-por-cese-de-actividad-de-los-autonomos-un-respiro-economico-en-momentos-criticos\/"},"modified":"2023-11-13T14:54:10","modified_gmt":"2023-11-13T13:54:10","slug":"la-prestacio-por-cessament-activitat-autonoms","status":"publish","type":"post","link":"https:\/\/www.ariasassessors.com\/ca\/la-prestacio-por-cessament-activitat-autonoms\/","title":{"rendered":"La Prestaci\u00f3 per Cessament d&#8217;Activitat dels Aut\u00f2noms: Un Respir Econ\u00f2mic en Moments Cr\u00edtics"},"content":{"rendered":"<p>En el complex entramat del treball aut\u00f2nom, la Prestaci\u00f3 per Cessament d&#8217;Activitat emergeix com a salvavides financer en moments crucials. Segons les dades revelades per la Tresoreria de la Seguretat Social, dels 15,776 treballadors per compte propi que van sol\u00b7licitar aquesta prestaci\u00f3, 10,723 van rebre una resposta afirmativa. Aquest nombre significatiu es deu, en gran part, a l&#8217;entrada en vigor el passat 1 de gener del Reial Decret-llei 13\/2022. Aquest decret va suposar una ampliaci\u00f3 significativa de les causes que atorguen el dret al cessament d&#8217;activitat per als treballadors aut\u00f2noms.<\/p>\n<div id=\"ez-toc-container\" class=\"ez-toc-v2_0_72 counter-hierarchy ez-toc-counter ez-toc-grey ez-toc-container-direction\">\n<div class=\"ez-toc-title-container\">\n<p class=\"ez-toc-title\" style=\"cursor:inherit\">\u00cdndice de Contenidos<\/p>\n<span class=\"ez-toc-title-toggle\"><a href=\"#\" class=\"ez-toc-pull-right ez-toc-btn ez-toc-btn-xs ez-toc-btn-default ez-toc-toggle\" aria-label=\"Toggle Table of Content\"><span class=\"ez-toc-js-icon-con\"><span class=\"\"><span class=\"eztoc-hide\" style=\"display:none;\">Toggle<\/span><span class=\"ez-toc-icon-toggle-span\"><svg style=\"fill: #428bca;color:#428bca\" xmlns=\"http:\/\/www.w3.org\/2000\/svg\" class=\"list-377408\" width=\"20px\" height=\"20px\" viewBox=\"0 0 24 24\" fill=\"none\"><path d=\"M6 6H4v2h2V6zm14 0H8v2h12V6zM4 11h2v2H4v-2zm16 0H8v2h12v-2zM4 16h2v2H4v-2zm16 0H8v2h12v-2z\" fill=\"currentColor\"><\/path><\/svg><svg style=\"fill: #428bca;color:#428bca\" class=\"arrow-unsorted-368013\" xmlns=\"http:\/\/www.w3.org\/2000\/svg\" width=\"10px\" height=\"10px\" viewBox=\"0 0 24 24\" version=\"1.2\" baseProfile=\"tiny\"><path d=\"M18.2 9.3l-6.2-6.3-6.2 6.3c-.2.2-.3.4-.3.7s.1.5.3.7c.2.2.4.3.7.3h11c.3 0 .5-.1.7-.3.2-.2.3-.5.3-.7s-.1-.5-.3-.7zM5.8 14.7l6.2 6.3 6.2-6.3c.2-.2.3-.5.3-.7s-.1-.5-.3-.7c-.2-.2-.4-.3-.7-.3h-11c-.3 0-.5.1-.7.3-.2.2-.3.5-.3.7s.1.5.3.7z\"\/><\/svg><\/span><\/span><\/span><\/a><\/span><\/div>\n<nav><ul class='ez-toc-list ez-toc-list-level-1 eztoc-toggle-hide-by-default' ><li class='ez-toc-page-1 ez-toc-heading-level-2'><a class=\"ez-toc-link ez-toc-heading-1\" href=\"https:\/\/www.ariasassessors.com\/ca\/la-prestacio-por-cessament-activitat-autonoms\/#Noves_Causes_per_Sollicitar_la_Prestacio\" title=\"Noves Causes per Sol\u00b7licitar la Prestaci\u00f3\">Noves Causes per Sol\u00b7licitar la Prestaci\u00f3<\/a><ul class='ez-toc-list-level-3' ><li class='ez-toc-heading-level-3'><a class=\"ez-toc-link ez-toc-heading-2\" href=\"https:\/\/www.ariasassessors.com\/ca\/la-prestacio-por-cessament-activitat-autonoms\/#Causes_Economiques_Tecniques_Organitzatives_o_de_Produccio_ETOP\" title=\"Causes Econ\u00f2miques, T\u00e8cniques, Organitzatives o de Producci\u00f3 (ETOP):\">Causes Econ\u00f2miques, T\u00e8cniques, Organitzatives o de Producci\u00f3 (ETOP):<\/a><\/li><li class='ez-toc-page-1 ez-toc-heading-level-3'><a class=\"ez-toc-link ez-toc-heading-3\" href=\"https:\/\/www.ariasassessors.com\/ca\/la-prestacio-por-cessament-activitat-autonoms\/#Causes_de_Forca_Major\" title=\"Causes de For\u00e7a Major:\">Causes de For\u00e7a Major:<\/a><\/li><li class='ez-toc-page-1 ez-toc-heading-level-3'><a class=\"ez-toc-link ez-toc-heading-4\" href=\"https:\/\/www.ariasassessors.com\/ca\/la-prestacio-por-cessament-activitat-autonoms\/#Cessament_dActivitat_per_Divorci_o_Separacio_Matrimonial\" title=\"Cessament d&#8217;Activitat per Divorci o Separaci\u00f3 Matrimonial:\">Cessament d&#8217;Activitat per Divorci o Separaci\u00f3 Matrimonial:<\/a><\/li><li class='ez-toc-page-1 ez-toc-heading-level-3'><a class=\"ez-toc-link ez-toc-heading-5\" href=\"https:\/\/www.ariasassessors.com\/ca\/la-prestacio-por-cessament-activitat-autonoms\/#Cessament_dActivitat_per_a_Dones_Victimes_de_Violencia_de_Genere\" title=\"Cessament d&#8217;Activitat per a Dones V\u00edctimes de Viol\u00e8ncia de G\u00e8nere:\">Cessament d&#8217;Activitat per a Dones V\u00edctimes de Viol\u00e8ncia de G\u00e8nere:<\/a><\/li><li class='ez-toc-page-1 ez-toc-heading-level-3'><a class=\"ez-toc-link ez-toc-heading-6\" href=\"https:\/\/www.ariasassessors.com\/ca\/la-prestacio-por-cessament-activitat-autonoms\/#Cessament_dActivitat_per_a_Autonoms_Economicament_Dependents_TRADE\" title=\"Cessament d&#8217;Activitat per a Aut\u00f2noms Econ\u00f2micament Dependents (TRADE):\">Cessament d&#8217;Activitat per a Aut\u00f2noms Econ\u00f2micament Dependents (TRADE):<\/a><\/li><li class='ez-toc-page-1 ez-toc-heading-level-3'><a class=\"ez-toc-link ez-toc-heading-7\" href=\"https:\/\/www.ariasassessors.com\/ca\/la-prestacio-por-cessament-activitat-autonoms\/#Cessament_de_Socis_de_Cooperatives_de_Treball_Associat\" title=\"Cessament de Socis de Cooperatives de Treball Associat:\">Cessament de Socis de Cooperatives de Treball Associat:<\/a><\/li><\/ul><\/li><li class='ez-toc-page-1 ez-toc-heading-level-2'><a class=\"ez-toc-link ez-toc-heading-8\" href=\"https:\/\/www.ariasassessors.com\/ca\/la-prestacio-por-cessament-activitat-autonoms\/#Conclusions\" title=\"Conclusions\">Conclusions<\/a><\/li><\/ul><\/nav><\/div>\n<h2><span class=\"ez-toc-section\" id=\"Noves_Causes_per_Sollicitar_la_Prestacio\"><\/span><strong>Noves Causes per Sol\u00b7licitar la Prestaci\u00f3<\/strong><span class=\"ez-toc-section-end\"><\/span><\/h2>\n<p>Des de la mencionada data, les causes per les quals els treballadors per compte propi poden accedir a la prestaci\u00f3 es van diversificar, oferint una xarxa de seguretat m\u00e9s robusta en moments de crisis econ\u00f2miques, t\u00e8cniques, organitzatives o de producci\u00f3 (ETOP). En m\u00e9s del 90% dels casos, les sol\u00b7licituds van ser reconegudes sota aquesta categoria.<\/p>\n<h3><span class=\"ez-toc-section\" id=\"Causes_Economiques_Tecniques_Organitzatives_o_de_Produccio_ETOP\"><\/span><strong>Causes Econ\u00f2miques, T\u00e8cniques, Organitzatives o de Producci\u00f3 (ETOP):<\/strong><span class=\"ez-toc-section-end\"><\/span><\/h3>\n<p>El cor de l&#8217;ampliaci\u00f3 radica en la consideraci\u00f3 de causes econ\u00f2miques, t\u00e8cniques, organitzatives o de producci\u00f3 (ETOP). Aquesta categoria abasta un ampli espectre de situacions, des de dificultats financeres fins a reestructuracions empresarials. M\u00e9s del 90% de les sol\u00b7licituds exitoses es van sustentar en raons vinculades a aquestes categories.<\/p>\n<h3><span class=\"ez-toc-section\" id=\"Causes_de_Forca_Major\"><\/span><strong>Causes de For\u00e7a Major:<\/strong><span class=\"ez-toc-section-end\"><\/span><\/h3>\n<p>Les causes de for\u00e7a major tamb\u00e9 han guanyat protagonisme, amb un total de 520 sol\u00b7licituds acceptades. La novetat rau en la inclusi\u00f3 de tres possibles sup\u00f2sits: un cessament definitiu, un cessament temporal complet, que implica el tancament de tota l&#8217;activitat per un temps determinat, i un cessament temporal parcial, on s&#8217;interromp nom\u00e9s una part de l&#8217;activitat habitual.<\/p>\n<h3><span class=\"ez-toc-section\" id=\"Cessament_dActivitat_per_Divorci_o_Separacio_Matrimonial\"><\/span><strong>Cessament d&#8217;Activitat per Divorci o Separaci\u00f3 Matrimonial:<\/strong><span class=\"ez-toc-section-end\"><\/span><\/h3>\n<p>El 2023, 117 treballadors per compte propi van optar per la prestaci\u00f3 a causa de processos de divorci o separaci\u00f3 matrimonial. Aquest canvi reconeix la complexitat de la vida personal dels aut\u00f2noms i busca ser una xarxa de suport en situacions dif\u00edcils.<\/p>\n<h3><span class=\"ez-toc-section\" id=\"Cessament_dActivitat_per_a_Dones_Victimes_de_Violencia_de_Genere\"><\/span><strong>Cessament d&#8217;Activitat per a Dones V\u00edctimes de Viol\u00e8ncia de G\u00e8nere:<\/strong><span class=\"ez-toc-section-end\"><\/span><\/h3>\n<p>La inclusi\u00f3 de mesures espec\u00edfiques per a dones v\u00edctimes de viol\u00e8ncia de g\u00e8nere \u00e9s un altre aven\u00e7 destacat. El 2023, 33 aut\u00f2nomes es van veure obligades a accedir a la prestaci\u00f3 per aquesta dolorosa ra\u00f3, subratllant la import\u00e0ncia d&#8217;abordar la viol\u00e8ncia de g\u00e8nere en tots els \u00e0mbits de la societat.<\/p>\n<h3><span class=\"ez-toc-section\" id=\"Cessament_dActivitat_per_a_Autonoms_Economicament_Dependents_TRADE\"><\/span><strong>Cessament d&#8217;Activitat per a Aut\u00f2noms Econ\u00f2micament Dependents (TRADE):<\/strong><span class=\"ez-toc-section-end\"><\/span><\/h3>\n<p>La figura de l&#8217;aut\u00f2nom econ\u00f2micament dependent (TRADE) ha estat reconeguda amb 485 sol\u00b7licituds aprovades el 2023. Per ser considerat com a TRADE, el treballador per compte propi ha de complir amb criteris espec\u00edfics, com que almenys el 75% de les seves vendes siguin a un mateix client, l&#8217;abs\u00e8ncia d&#8217;un local obert al p\u00fablic i la falta d&#8217;empleats sota la seva responsabilitat, entre altres requisits.<\/p>\n<h3><span class=\"ez-toc-section\" id=\"Cessament_de_Socis_de_Cooperatives_de_Treball_Associat\"><\/span><strong>Cessament de Socis de Cooperatives de Treball Associat:<\/strong><span class=\"ez-toc-section-end\"><\/span><\/h3>\n<p>La modalitat de cessament de socis de cooperatives de treball associat va permetre que 52 aut\u00f2noms socis accedissin a la prestaci\u00f3 el 2023. Aquest enfocament reconeix les particularitats de les cooperatives i ofereix un suport als qui participen en aquest model de negoci.<\/p>\n<h2><span class=\"ez-toc-section\" id=\"Conclusions\"><\/span><strong>Conclusions<\/strong><span class=\"ez-toc-section-end\"><\/span><\/h2>\n<p>En un context en constant evoluci\u00f3, les mesures que faciliten l&#8217;acc\u00e9s a la Prestaci\u00f3 per Cessament d&#8217;Activitat representen una resposta crucial a les demandes canviant dels treballadors aut\u00f2noms. L&#8217;ampliaci\u00f3 de les causes, en l\u00ednia amb el Reial Decret-llei 13\/2022, ha proporcionat un marc m\u00e9s flexible per abordar les complexitats del treball independent. Aquestes mesures no nom\u00e9s s\u00f3n un alleujament econ\u00f2mic, sin\u00f3 tamb\u00e9 un reconeixement de la diversitat de reptes que enfronten els aut\u00f2noms en la seva jornada laboral.<\/p>\n","protected":false},"excerpt":{"rendered":"<p>En el complex entramat del treball aut\u00f2nom, la Prestaci\u00f3 per Cessament d&#8217;Activitat emergeix com a salvavides financer en moments crucials. Segons les dades revelades per la Tresoreria de la Seguretat Social, dels 15,776 treballadors per compte propi que van sol\u00b7licitar aquesta prestaci\u00f3, 10,723 van rebre&#8230;<\/p>\n","protected":false},"author":2,"featured_media":3016,"comment_status":"open","ping_status":"open","sticky":false,"template":"","format":"standard","meta":{"footnotes":""},"categories":[4],"tags":[],"class_list":["post-3018","post","type-post","status-publish","format-standard","has-post-thumbnail","hentry","category-noticies"],"yoast_head":"<!-- This site is optimized with the Yoast SEO plugin v24.3 - https:\/\/yoast.com\/wordpress\/plugins\/seo\/ -->\n<title>La Prestaci\u00f3 per Cessament d&#039;Activitat dels Aut\u00f2noms | Arias Assessors<\/title>\n<meta name=\"description\" content=\"Revisem les sol\u00b7licituds a la Tresoreria el 2023 i analitzem els sup\u00f2sits per poder sol\u00b7licitar la prestaci\u00f3 per cessament d&#039;activitat per a aut\u00f2noms.\" \/>\n<meta name=\"robots\" content=\"index, follow, max-snippet:-1, max-image-preview:large, max-video-preview:-1\" \/>\n<link rel=\"canonical\" href=\"https:\/\/www.ariasassessors.com\/ca\/la-prestacio-por-cessament-activitat-autonoms\/\" \/>\n<meta property=\"og:locale\" content=\"ca_ES\" \/>\n<meta property=\"og:type\" content=\"article\" \/>\n<meta property=\"og:title\" content=\"La Prestaci\u00f3 per Cessament d&#039;Activitat dels Aut\u00f2noms | Arias Assessors\" \/>\n<meta property=\"og:description\" content=\"Revisem les sol\u00b7licituds a la Tresoreria el 2023 i analitzem els sup\u00f2sits per poder sol\u00b7licitar la prestaci\u00f3 per cessament d&#039;activitat per a aut\u00f2noms.\" \/>\n<meta property=\"og:url\" content=\"https:\/\/www.ariasassessors.com\/ca\/la-prestacio-por-cessament-activitat-autonoms\/\" \/>\n<meta property=\"og:site_name\" content=\"Arias Assessors\" \/>\n<meta property=\"article:publisher\" content=\"https:\/\/www.facebook.com\/ariasassessors\/\" \/>\n<meta property=\"article:published_time\" content=\"2023-11-13T13:45:38+00:00\" \/>\n<meta property=\"article:modified_time\" content=\"2023-11-13T13:54:10+00:00\" \/>\n<meta property=\"og:image\" content=\"https:\/\/www.ariasassessors.com\/wp-content\/uploads\/2023\/11\/Destacada_Mesa-de-trabajo-1-copia_Mesa-de-trabajo-1-min.jpg\" \/>\n\t<meta property=\"og:image:width\" content=\"2250\" \/>\n\t<meta property=\"og:image:height\" content=\"1407\" \/>\n\t<meta property=\"og:image:type\" content=\"image\/jpeg\" \/>\n<meta name=\"author\" content=\"btorras\" \/>\n<meta name=\"twitter:card\" content=\"summary_large_image\" \/>\n<meta name=\"twitter:creator\" content=\"@ariasassessors\" \/>\n<meta name=\"twitter:site\" content=\"@ariasassessors\" \/>\n<meta name=\"twitter:label1\" content=\"Escrit per\" \/>\n\t<meta name=\"twitter:data1\" content=\"btorras\" \/>\n\t<meta name=\"twitter:label2\" content=\"Temps estimat de lectura\" \/>\n\t<meta name=\"twitter:data2\" content=\"3 minuts\" \/>\n<script type=\"application\/ld+json\" class=\"yoast-schema-graph\">{\"@context\":\"https:\/\/schema.org\",\"@graph\":[{\"@type\":\"Article\",\"@id\":\"https:\/\/www.ariasassessors.com\/ca\/la-prestacio-por-cessament-activitat-autonoms\/#article\",\"isPartOf\":{\"@id\":\"https:\/\/www.ariasassessors.com\/ca\/la-prestacio-por-cessament-activitat-autonoms\/\"},\"author\":{\"name\":\"btorras\",\"@id\":\"https:\/\/www.ariasassessors.com\/#\/schema\/person\/63c6ad1775f0a9413c37932562673cef\"},\"headline\":\"La Prestaci\u00f3 per Cessament d&#8217;Activitat dels Aut\u00f2noms: Un Respir Econ\u00f2mic en Moments Cr\u00edtics\",\"datePublished\":\"2023-11-13T13:45:38+00:00\",\"dateModified\":\"2023-11-13T13:54:10+00:00\",\"mainEntityOfPage\":{\"@id\":\"https:\/\/www.ariasassessors.com\/ca\/la-prestacio-por-cessament-activitat-autonoms\/\"},\"wordCount\":629,\"commentCount\":0,\"publisher\":{\"@id\":\"https:\/\/www.ariasassessors.com\/#organization\"},\"image\":{\"@id\":\"https:\/\/www.ariasassessors.com\/ca\/la-prestacio-por-cessament-activitat-autonoms\/#primaryimage\"},\"thumbnailUrl\":\"https:\/\/www.ariasassessors.com\/wp-content\/uploads\/2023\/11\/Destacada_Mesa-de-trabajo-1-copia_Mesa-de-trabajo-1-min.jpg\",\"articleSection\":[\"noticies\"],\"inLanguage\":\"ca\",\"potentialAction\":[{\"@type\":\"CommentAction\",\"name\":\"Comment\",\"target\":[\"https:\/\/www.ariasassessors.com\/ca\/la-prestacio-por-cessament-activitat-autonoms\/#respond\"]}]},{\"@type\":\"WebPage\",\"@id\":\"https:\/\/www.ariasassessors.com\/ca\/la-prestacio-por-cessament-activitat-autonoms\/\",\"url\":\"https:\/\/www.ariasassessors.com\/ca\/la-prestacio-por-cessament-activitat-autonoms\/\",\"name\":\"La Prestaci\u00f3 per Cessament d'Activitat dels Aut\u00f2noms | Arias Assessors\",\"isPartOf\":{\"@id\":\"https:\/\/www.ariasassessors.com\/#website\"},\"primaryImageOfPage\":{\"@id\":\"https:\/\/www.ariasassessors.com\/ca\/la-prestacio-por-cessament-activitat-autonoms\/#primaryimage\"},\"image\":{\"@id\":\"https:\/\/www.ariasassessors.com\/ca\/la-prestacio-por-cessament-activitat-autonoms\/#primaryimage\"},\"thumbnailUrl\":\"https:\/\/www.ariasassessors.com\/wp-content\/uploads\/2023\/11\/Destacada_Mesa-de-trabajo-1-copia_Mesa-de-trabajo-1-min.jpg\",\"datePublished\":\"2023-11-13T13:45:38+00:00\",\"dateModified\":\"2023-11-13T13:54:10+00:00\",\"description\":\"Revisem les sol\u00b7licituds a la Tresoreria el 2023 i analitzem els sup\u00f2sits per poder sol\u00b7licitar la prestaci\u00f3 per cessament d'activitat per a aut\u00f2noms.\",\"breadcrumb\":{\"@id\":\"https:\/\/www.ariasassessors.com\/ca\/la-prestacio-por-cessament-activitat-autonoms\/#breadcrumb\"},\"inLanguage\":\"ca\",\"potentialAction\":[{\"@type\":\"ReadAction\",\"target\":[\"https:\/\/www.ariasassessors.com\/ca\/la-prestacio-por-cessament-activitat-autonoms\/\"]}]},{\"@type\":\"ImageObject\",\"inLanguage\":\"ca\",\"@id\":\"https:\/\/www.ariasassessors.com\/ca\/la-prestacio-por-cessament-activitat-autonoms\/#primaryimage\",\"url\":\"https:\/\/www.ariasassessors.com\/wp-content\/uploads\/2023\/11\/Destacada_Mesa-de-trabajo-1-copia_Mesa-de-trabajo-1-min.jpg\",\"contentUrl\":\"https:\/\/www.ariasassessors.com\/wp-content\/uploads\/2023\/11\/Destacada_Mesa-de-trabajo-1-copia_Mesa-de-trabajo-1-min.jpg\",\"width\":2250,\"height\":1407},{\"@type\":\"BreadcrumbList\",\"@id\":\"https:\/\/www.ariasassessors.com\/ca\/la-prestacio-por-cessament-activitat-autonoms\/#breadcrumb\",\"itemListElement\":[{\"@type\":\"ListItem\",\"position\":1,\"name\":\"Portada\",\"item\":\"https:\/\/www.ariasassessors.com\/ca\/\"},{\"@type\":\"ListItem\",\"position\":2,\"name\":\"La Prestaci\u00f3 per Cessament d&#8217;Activitat dels Aut\u00f2noms: Un Respir Econ\u00f2mic en Moments Cr\u00edtics\"}]},{\"@type\":\"WebSite\",\"@id\":\"https:\/\/www.ariasassessors.com\/#website\",\"url\":\"https:\/\/www.ariasassessors.com\/\",\"name\":\"Arias Assessors\",\"description\":\"Asesor\u00eda para aut\u00f3nomos, profesionales y PYMES\",\"publisher\":{\"@id\":\"https:\/\/www.ariasassessors.com\/#organization\"},\"potentialAction\":[{\"@type\":\"SearchAction\",\"target\":{\"@type\":\"EntryPoint\",\"urlTemplate\":\"https:\/\/www.ariasassessors.com\/?s={search_term_string}\"},\"query-input\":{\"@type\":\"PropertyValueSpecification\",\"valueRequired\":true,\"valueName\":\"search_term_string\"}}],\"inLanguage\":\"ca\"},{\"@type\":\"Organization\",\"@id\":\"https:\/\/www.ariasassessors.com\/#organization\",\"name\":\"Arias Assessors\",\"url\":\"https:\/\/www.ariasassessors.com\/\",\"logo\":{\"@type\":\"ImageObject\",\"inLanguage\":\"ca\",\"@id\":\"https:\/\/www.ariasassessors.com\/#\/schema\/logo\/image\/\",\"url\":\"https:\/\/www.ariasassessors.com\/wp-content\/uploads\/2019\/01\/arias-logo.png\",\"contentUrl\":\"https:\/\/www.ariasassessors.com\/wp-content\/uploads\/2019\/01\/arias-logo.png\",\"width\":349,\"height\":254,\"caption\":\"Arias Assessors\"},\"image\":{\"@id\":\"https:\/\/www.ariasassessors.com\/#\/schema\/logo\/image\/\"},\"sameAs\":[\"https:\/\/www.facebook.com\/ariasassessors\/\",\"https:\/\/x.com\/ariasassessors\",\"https:\/\/www.linkedin.com\/company\/r&amp;amp;r-growing-knowledge\/\"]},{\"@type\":\"Person\",\"@id\":\"https:\/\/www.ariasassessors.com\/#\/schema\/person\/63c6ad1775f0a9413c37932562673cef\",\"name\":\"btorras\",\"image\":{\"@type\":\"ImageObject\",\"inLanguage\":\"ca\",\"@id\":\"https:\/\/www.ariasassessors.com\/#\/schema\/person\/image\/\",\"url\":\"https:\/\/secure.gravatar.com\/avatar\/0531db351fc361fdbfd204c58fa2d6a3?s=96&d=mm&r=g\",\"contentUrl\":\"https:\/\/secure.gravatar.com\/avatar\/0531db351fc361fdbfd204c58fa2d6a3?s=96&d=mm&r=g\",\"caption\":\"btorras\"}}]}<\/script>\n<!-- \/ Yoast SEO plugin. -->","yoast_head_json":{"title":"La Prestaci\u00f3 per Cessament d'Activitat dels Aut\u00f2noms | Arias Assessors","description":"Revisem les sol\u00b7licituds a la Tresoreria el 2023 i analitzem els sup\u00f2sits per poder sol\u00b7licitar la prestaci\u00f3 per cessament d'activitat per a aut\u00f2noms.","robots":{"index":"index","follow":"follow","max-snippet":"max-snippet:-1","max-image-preview":"max-image-preview:large","max-video-preview":"max-video-preview:-1"},"canonical":"https:\/\/www.ariasassessors.com\/ca\/la-prestacio-por-cessament-activitat-autonoms\/","og_locale":"ca_ES","og_type":"article","og_title":"La Prestaci\u00f3 per Cessament d'Activitat dels Aut\u00f2noms | Arias Assessors","og_description":"Revisem les sol\u00b7licituds a la Tresoreria el 2023 i analitzem els sup\u00f2sits per poder sol\u00b7licitar la prestaci\u00f3 per cessament d'activitat per a aut\u00f2noms.","og_url":"https:\/\/www.ariasassessors.com\/ca\/la-prestacio-por-cessament-activitat-autonoms\/","og_site_name":"Arias Assessors","article_publisher":"https:\/\/www.facebook.com\/ariasassessors\/","article_published_time":"2023-11-13T13:45:38+00:00","article_modified_time":"2023-11-13T13:54:10+00:00","og_image":[{"width":2250,"height":1407,"url":"https:\/\/www.ariasassessors.com\/wp-content\/uploads\/2023\/11\/Destacada_Mesa-de-trabajo-1-copia_Mesa-de-trabajo-1-min.jpg","type":"image\/jpeg"}],"author":"btorras","twitter_card":"summary_large_image","twitter_creator":"@ariasassessors","twitter_site":"@ariasassessors","twitter_misc":{"Escrit per":"btorras","Temps estimat de lectura":"3 minuts"},"schema":{"@context":"https:\/\/schema.org","@graph":[{"@type":"Article","@id":"https:\/\/www.ariasassessors.com\/ca\/la-prestacio-por-cessament-activitat-autonoms\/#article","isPartOf":{"@id":"https:\/\/www.ariasassessors.com\/ca\/la-prestacio-por-cessament-activitat-autonoms\/"},"author":{"name":"btorras","@id":"https:\/\/www.ariasassessors.com\/#\/schema\/person\/63c6ad1775f0a9413c37932562673cef"},"headline":"La Prestaci\u00f3 per Cessament d&#8217;Activitat dels Aut\u00f2noms: Un Respir Econ\u00f2mic en Moments Cr\u00edtics","datePublished":"2023-11-13T13:45:38+00:00","dateModified":"2023-11-13T13:54:10+00:00","mainEntityOfPage":{"@id":"https:\/\/www.ariasassessors.com\/ca\/la-prestacio-por-cessament-activitat-autonoms\/"},"wordCount":629,"commentCount":0,"publisher":{"@id":"https:\/\/www.ariasassessors.com\/#organization"},"image":{"@id":"https:\/\/www.ariasassessors.com\/ca\/la-prestacio-por-cessament-activitat-autonoms\/#primaryimage"},"thumbnailUrl":"https:\/\/www.ariasassessors.com\/wp-content\/uploads\/2023\/11\/Destacada_Mesa-de-trabajo-1-copia_Mesa-de-trabajo-1-min.jpg","articleSection":["noticies"],"inLanguage":"ca","potentialAction":[{"@type":"CommentAction","name":"Comment","target":["https:\/\/www.ariasassessors.com\/ca\/la-prestacio-por-cessament-activitat-autonoms\/#respond"]}]},{"@type":"WebPage","@id":"https:\/\/www.ariasassessors.com\/ca\/la-prestacio-por-cessament-activitat-autonoms\/","url":"https:\/\/www.ariasassessors.com\/ca\/la-prestacio-por-cessament-activitat-autonoms\/","name":"La Prestaci\u00f3 per Cessament d'Activitat dels Aut\u00f2noms | Arias Assessors","isPartOf":{"@id":"https:\/\/www.ariasassessors.com\/#website"},"primaryImageOfPage":{"@id":"https:\/\/www.ariasassessors.com\/ca\/la-prestacio-por-cessament-activitat-autonoms\/#primaryimage"},"image":{"@id":"https:\/\/www.ariasassessors.com\/ca\/la-prestacio-por-cessament-activitat-autonoms\/#primaryimage"},"thumbnailUrl":"https:\/\/www.ariasassessors.com\/wp-content\/uploads\/2023\/11\/Destacada_Mesa-de-trabajo-1-copia_Mesa-de-trabajo-1-min.jpg","datePublished":"2023-11-13T13:45:38+00:00","dateModified":"2023-11-13T13:54:10+00:00","description":"Revisem les sol\u00b7licituds a la Tresoreria el 2023 i analitzem els sup\u00f2sits per poder sol\u00b7licitar la prestaci\u00f3 per cessament d'activitat per a aut\u00f2noms.","breadcrumb":{"@id":"https:\/\/www.ariasassessors.com\/ca\/la-prestacio-por-cessament-activitat-autonoms\/#breadcrumb"},"inLanguage":"ca","potentialAction":[{"@type":"ReadAction","target":["https:\/\/www.ariasassessors.com\/ca\/la-prestacio-por-cessament-activitat-autonoms\/"]}]},{"@type":"ImageObject","inLanguage":"ca","@id":"https:\/\/www.ariasassessors.com\/ca\/la-prestacio-por-cessament-activitat-autonoms\/#primaryimage","url":"https:\/\/www.ariasassessors.com\/wp-content\/uploads\/2023\/11\/Destacada_Mesa-de-trabajo-1-copia_Mesa-de-trabajo-1-min.jpg","contentUrl":"https:\/\/www.ariasassessors.com\/wp-content\/uploads\/2023\/11\/Destacada_Mesa-de-trabajo-1-copia_Mesa-de-trabajo-1-min.jpg","width":2250,"height":1407},{"@type":"BreadcrumbList","@id":"https:\/\/www.ariasassessors.com\/ca\/la-prestacio-por-cessament-activitat-autonoms\/#breadcrumb","itemListElement":[{"@type":"ListItem","position":1,"name":"Portada","item":"https:\/\/www.ariasassessors.com\/ca\/"},{"@type":"ListItem","position":2,"name":"La Prestaci\u00f3 per Cessament d&#8217;Activitat dels Aut\u00f2noms: Un Respir Econ\u00f2mic en Moments Cr\u00edtics"}]},{"@type":"WebSite","@id":"https:\/\/www.ariasassessors.com\/#website","url":"https:\/\/www.ariasassessors.com\/","name":"Arias Assessors","description":"Asesor\u00eda para aut\u00f3nomos, profesionales y PYMES","publisher":{"@id":"https:\/\/www.ariasassessors.com\/#organization"},"potentialAction":[{"@type":"SearchAction","target":{"@type":"EntryPoint","urlTemplate":"https:\/\/www.ariasassessors.com\/?s={search_term_string}"},"query-input":{"@type":"PropertyValueSpecification","valueRequired":true,"valueName":"search_term_string"}}],"inLanguage":"ca"},{"@type":"Organization","@id":"https:\/\/www.ariasassessors.com\/#organization","name":"Arias Assessors","url":"https:\/\/www.ariasassessors.com\/","logo":{"@type":"ImageObject","inLanguage":"ca","@id":"https:\/\/www.ariasassessors.com\/#\/schema\/logo\/image\/","url":"https:\/\/www.ariasassessors.com\/wp-content\/uploads\/2019\/01\/arias-logo.png","contentUrl":"https:\/\/www.ariasassessors.com\/wp-content\/uploads\/2019\/01\/arias-logo.png","width":349,"height":254,"caption":"Arias Assessors"},"image":{"@id":"https:\/\/www.ariasassessors.com\/#\/schema\/logo\/image\/"},"sameAs":["https:\/\/www.facebook.com\/ariasassessors\/","https:\/\/x.com\/ariasassessors","https:\/\/www.linkedin.com\/company\/r&amp;amp;r-growing-knowledge\/"]},{"@type":"Person","@id":"https:\/\/www.ariasassessors.com\/#\/schema\/person\/63c6ad1775f0a9413c37932562673cef","name":"btorras","image":{"@type":"ImageObject","inLanguage":"ca","@id":"https:\/\/www.ariasassessors.com\/#\/schema\/person\/image\/","url":"https:\/\/secure.gravatar.com\/avatar\/0531db351fc361fdbfd204c58fa2d6a3?s=96&d=mm&r=g","contentUrl":"https:\/\/secure.gravatar.com\/avatar\/0531db351fc361fdbfd204c58fa2d6a3?s=96&d=mm&r=g","caption":"btorras"}}]}},"_links":{"self":[{"href":"https:\/\/www.ariasassessors.com\/ca\/wp-json\/wp\/v2\/posts\/3018","targetHints":{"allow":["GET"]}}],"collection":[{"href":"https:\/\/www.ariasassessors.com\/ca\/wp-json\/wp\/v2\/posts"}],"about":[{"href":"https:\/\/www.ariasassessors.com\/ca\/wp-json\/wp\/v2\/types\/post"}],"author":[{"embeddable":true,"href":"https:\/\/www.ariasassessors.com\/ca\/wp-json\/wp\/v2\/users\/2"}],"replies":[{"embeddable":true,"href":"https:\/\/www.ariasassessors.com\/ca\/wp-json\/wp\/v2\/comments?post=3018"}],"version-history":[{"count":2,"href":"https:\/\/www.ariasassessors.com\/ca\/wp-json\/wp\/v2\/posts\/3018\/revisions"}],"predecessor-version":[{"id":3020,"href":"https:\/\/www.ariasassessors.com\/ca\/wp-json\/wp\/v2\/posts\/3018\/revisions\/3020"}],"wp:featuredmedia":[{"embeddable":true,"href":"https:\/\/www.ariasassessors.com\/ca\/wp-json\/wp\/v2\/media\/3016"}],"wp:attachment":[{"href":"https:\/\/www.ariasassessors.com\/ca\/wp-json\/wp\/v2\/media?parent=3018"}],"wp:term":[{"taxonomy":"category","embeddable":true,"href":"https:\/\/www.ariasassessors.com\/ca\/wp-json\/wp\/v2\/categories?post=3018"},{"taxonomy":"post_tag","embeddable":true,"href":"https:\/\/www.ariasassessors.com\/ca\/wp-json\/wp\/v2\/tags?post=3018"}],"curies":[{"name":"wp","href":"https:\/\/api.w.org\/{rel}","templated":true}]}}