{"id":3021,"date":"2023-10-30T09:12:46","date_gmt":"2023-10-30T08:12:46","guid":{"rendered":"https:\/\/www.ariasassessors.com\/nuevo-criterio-del-inss-sobre-acceso-a-la-jubilacion-anticipada-por-causa-no-imputable-al-trabajador-en-caso-de-despido-tacito-por-cierre-de-la-empresa\/"},"modified":"2023-11-13T15:29:36","modified_gmt":"2023-11-13T14:29:36","slug":"nou-criteri-del-inss-sobre-access-jubilacio-anticipada-per-causa-no-imputable-al-treballador","status":"publish","type":"post","link":"https:\/\/www.ariasassessors.com\/ca\/nou-criteri-del-inss-sobre-access-jubilacio-anticipada-per-causa-no-imputable-al-treballador\/","title":{"rendered":"Nou criteri de l&#8217;INSS sobre l&#8217;acc\u00e9s a la jubilaci\u00f3 anticipada per causa no imputable al treballador en cas d&#8217;acomiadament t\u00e0cit per tancament de l&#8217;empresa."},"content":{"rendered":"<p>El INSS, mitjan\u00e7ant el Criteri 23\/2023, aclareix que \u00e9s factible accedir a una jubilaci\u00f3 anticipada involunt\u00e0ria en cas de finalitzaci\u00f3 del contracte de treball per acomiadament t\u00e0cit, similar a la situaci\u00f3 que ja s&#8217;aplicava als empleats acomiadats en circumst\u00e0ncies d&#8217;un Expedient de Regulaci\u00f3 d&#8217;Ocupaci\u00f3 (ERE) que compleixin els anys cotitzats requerits i el requisit crucial de l&#8217;edat.<\/p>\n<div class=\"flex-1 overflow-hidden\">\n<div class=\"react-scroll-to-bottom--css-sgvdr-79elbk h-full\">\n<div class=\"react-scroll-to-bottom--css-sgvdr-1n7m0yu\">\n<div class=\"flex flex-col text-sm gizmo:pb-9 dark:bg-gray-800 gizmo:dark:bg-transparent\">\n<div class=\"group w-full text-token-text-primary border-b border-black\/10 gizmo:border-0 dark:border-gray-900\/50 gizmo:dark:border-0 bg-gray-50 gizmo:bg-transparent dark:bg-[#444654] gizmo:dark:bg-transparent\" data-testid=\"conversation-turn-5\">\n<div class=\"p-4 gizmo:py-2 justify-center text-base md:gap-6 md:py-6 m-auto\">\n<div class=\"flex flex-1 gap-4 text-base mx-auto md:gap-6 gizmo:gap-3 gizmo:md:px-5 gizmo:lg:px-1 gizmo:xl:px-5 md:max-w-2xl lg:max-w-[38rem] gizmo:md:max-w-3xl gizmo:lg:max-w-[40rem] gizmo:xl:max-w-[48rem] xl:max-w-3xl }\">\n<div class=\"relative flex w-[calc(100%-50px)] flex-col gizmo:w-full lg:w-[calc(100%-115px)] agent-turn\">\n<div class=\"flex-col gap-1 md:gap-3\">\n<div class=\"flex flex-grow flex-col gap-3 max-w-full\">\n<div class=\"min-h-[20px] flex flex-col items-start gap-3 whitespace-pre-wrap break-words overflow-x-auto\" data-message-author-role=\"assistant\" data-message-id=\"e152fa74-dc1a-45bf-b799-985c0bcb875e\">\n<div class=\"markdown prose w-full break-words dark:prose-invert light\">\n<p>Es requereix haver assolit una edat que, com a m\u00e0xim, sigui fins a quatre anys menor que l&#8217;edat espec\u00edfica que correspongui en cada cas, d&#8217;acord amb el que estableix l&#8217;article 205.1.a) de la LGSS. En aquesta circumst\u00e0ncia, no s&#8217;aplicaran els coeficients reductors per jubilaci\u00f3 anticipada a causa d&#8217;activitat laboral o discapacitat, tal com es estableix en els articles 206 i 206 bis de la LGSS.<\/p>\n<\/div>\n<\/div>\n<\/div>\n<\/div>\n<\/div>\n<\/div>\n<\/div>\n<\/div>\n<\/div>\n<\/div>\n<\/div>\n<\/div>\n<p style=\"margin: 0cm; background: white;\">Partint de les edats de jubilaci\u00f3 i el per\u00edode de cotitzaci\u00f3 establert amb car\u00e0cter general a la D.T. 7.\u00aa de la LGSS. L&#8217;acc\u00e9s a aquesta prestaci\u00f3 suposa treure quatre anys a l&#8217;edat fixada normativament en cada moment. A mode d&#8217;exemple:<br \/>\n<span style=\"font-size: 14.0pt; font-family: 'Times New Roman',serif; color: #202020;\"><br \/>\n<\/span><\/p>\n<table width=\"1150\">\n<tbody>\n<tr>\n<td rowspan=\"2\"><strong>2023<\/strong><\/td>\n<td>37 anys i 9 mesos o m\u00e9s<\/td>\n<td>61 anys<\/td>\n<\/tr>\n<tr>\n<td>Menys de 37 anys i 9 meso<\/td>\n<td>62 anys i 4 mesos<\/td>\n<\/tr>\n<tr>\n<td rowspan=\"2\"><strong>2024<\/strong><\/td>\n<td>38 o m\u00e9s anys<\/td>\n<td>61 anys<\/td>\n<\/tr>\n<tr>\n<td>Menys de 38 anys<\/td>\n<td>62 anys i 6 mesos<\/td>\n<\/tr>\n<tr>\n<td rowspan=\"2\"><strong>2025<\/strong><\/td>\n<td>38 anys i 3 mesos o m\u00e9s<\/td>\n<td>61 anys<\/td>\n<\/tr>\n<tr>\n<td>Menys de 38 anys i 3 mesos<\/td>\n<td>62 anys i 8 mesos<\/td>\n<\/tr>\n<tr>\n<td rowspan=\"2\"><strong>2026<\/strong><\/td>\n<td>38 anys i 3 mesos o m\u00e9s<\/td>\n<td>61 anys<\/td>\n<\/tr>\n<tr>\n<td>Menys de 38 anys i 3 mesos<\/td>\n<td>62 anys i 10 mesos<\/td>\n<\/tr>\n<tr>\n<td rowspan=\"2\"><strong>A partir de 2027<\/strong><\/td>\n<td>38 anys i 6 mesos o m\u00e9s<\/td>\n<td>61 anys<\/td>\n<\/tr>\n<tr>\n<td>Menys de 38 anys i 6 mesos<\/td>\n<td>62 anys<\/td>\n<\/tr>\n<\/tbody>\n<\/table>\n<p>&nbsp;<\/p>\n<p>L&#8217;INSS assumeix la doctrina jurisprudencial i, en el seu Criteri de Gesti\u00f3 n\u00fam. 23\/2023, de 11 de setembre de 2023, ent\u00e9n que per accedir a la jubilaci\u00f3 anticipada per causa no imputable al treballador procedeix entendre inclosos en els sup\u00f2sits contemplats en els apartats 1r i 2n de l&#8217;article 207.1 d) del TRLGSS, les extincions dels contractes de treball causades per un tancament &#8220;de facto&#8221; de l&#8217;empresa quan l&#8217;extinci\u00f3 dels contractes de treball no s&#8217;hagi tramitat per la via dels articles 51 i 52 del TRLET com preceptivament estableix la norma.<\/p>\n<p style=\"background: white; box-sizing: inherit; -webkit-tap-highlight-color: transparent; transition: all 0.3s ease 0s; line-height: 1.5625rem; font-variant-ligatures: normal; font-variant-caps: normal; orphans: 2; text-align: start; widows: 2; -webkit-text-stroke-width: 0px; text-decoration-thickness: initial; text-decoration-style: initial; text-decoration-color: initial; word-spacing: 0px; margin: 0cm 0cm 15.0pt 0cm;\"><span style=\"font-size: 14.0pt; font-family: 'Times New Roman',serif; color: #202020;\"><span style=\"color: #000000;\"><b>Acc\u00e9s a la pensi\u00f3 de jubilaci\u00f3 anticipada que deriva del cessament en el treball per causa no imputable al treballador<\/b><\/span><a href=\"https:\/\/www.iberley.es\/temas\/jubilacion-anticipada-involuntaria-10211\" target=\"_blank\" rel=\"noopener\"><span style=\"color: #2e6d9d; text-decoration: none; text-underline: none;\"><br \/>\n<\/span><\/a><\/span><\/p>\n<p>L&#8217;art. 207.1 de la Llei General de la Seguretat Social assenyala unes causes d&#8217;extinci\u00f3 del contracte de treball taxatives, la qual contempla l&#8217;acomiadament col\u00b7lectiu per causes econ\u00f2miques, t\u00e8cniques, organitzatives o de producci\u00f3 conforme a l&#8217;article 51 del Text Ref\u00f3s de la Llei de l&#8217;Estatut dels Treballadors, aix\u00ed com l&#8217;acomiadament per causes objectives conforme a l&#8217;article 52 del text ref\u00f3s de la Llei de l&#8217;Estatut dels Treballadors. Aquesta norma es va crear com a cl\u00e0usula antifrau per evitar que l&#8217;acomiadament fos merament aparent, sense substrat real i amb la sola finalitat de possibilitar l&#8217;acc\u00e9s del treballador a la jubilaci\u00f3 anticipada.<\/p>\n<p style=\"background: white; box-sizing: inherit; -webkit-tap-highlight-color: transparent; transition: all 0.3s ease 0s; line-height: 1.5625rem; font-variant-ligatures: normal; font-variant-caps: normal; orphans: 2; text-align: start; widows: 2; -webkit-text-stroke-width: 0px; text-decoration-thickness: initial; text-decoration-style: initial; text-decoration-color: initial; word-spacing: 0px; margin: 0cm 0cm 15.0pt 0cm;\"><b><span style=\"font-size: 14.0pt; font-family: 'Times New Roman',serif; color: #202020;\"><a href=\"https:\/\/www.iberley.es\/jurisprudencia\/sentencia-social-n-1013-2021-ts-sala-social-sec-1-rec-4088-2018-14-10-2021-48385352\" target=\"_blank\" rel=\"noopener\"><span style=\"color: #2e6d9d; font-weight: normal;\">STS n.\u00ba 1013\/2021, de 14 de octubre de 2021, ECLI:ES:TS:2021:3927<\/span><\/a>\u00a0y\u00a0<a href=\"https:\/\/www.iberley.es\/jurisprudencia\/sentencia-social-n-828-2022-ts-sala-social-rec-1593-2019-17-10-2022-48447000\" target=\"_blank\" rel=\"noopener\"><span style=\"color: #2e6d9d; font-weight: normal;\">STS n.\u00ba 828\/2022, de 17 de octubre de 2022, ECLI:ES:TS:2022:3778<\/span><\/a><\/span><\/b><\/p>\n<p><em>\u00abLlegalment, un tancament d&#8217;empresa que vagi a donar lloc a l&#8217;extinci\u00f3 dels contractes de treball dels treballadors ha de canalitzar-se preceptivament, sense realitzar ara majors previsions, per la via de l&#8217;article 51 ET o de l&#8217;article 52 c) ET, depenent del nombre d&#8217;empleats afectats. Per\u00f2 el fet que l&#8217;empresa no procedeixi al tancament com legalment ha de fer-ho (&#8230;), sin\u00f3 que el tancament sigui de facto i, en conseq\u00fc\u00e8ncia, que els acomiadaments siguin t\u00e0cits (&#8230;), no pot perjudicar, ni el incompliment fer recaure, sobre el treballador.\u00bb<\/em><\/p>\n<p style=\"background: white; margin: 0cm 0cm 15.0pt 0cm;\"><span style=\"font-size: 14.0pt; font-family: 'Times New Roman',serif; color: #202020;\">\u00a0<\/span><\/p>\n","protected":false},"excerpt":{"rendered":"<p>El INSS, mitjan\u00e7ant el Criteri 23\/2023, aclareix que \u00e9s factible accedir a una jubilaci\u00f3 anticipada involunt\u00e0ria en cas de finalitzaci\u00f3 del contracte de treball per acomiadament t\u00e0cit, similar a la situaci\u00f3 que ja s&#8217;aplicava als empleats acomiadats en circumst\u00e0ncies d&#8217;un Expedient de Regulaci\u00f3 d&#8217;Ocupaci\u00f3 (ERE)&#8230;<\/p>\n","protected":false},"author":2,"featured_media":2965,"comment_status":"open","ping_status":"open","sticky":false,"template":"","format":"standard","meta":{"footnotes":""},"categories":[4],"tags":[],"class_list":["post-3021","post","type-post","status-publish","format-standard","has-post-thumbnail","hentry","category-noticies"],"yoast_head":"<!-- This site is optimized with the Yoast SEO plugin v24.3 - https:\/\/yoast.com\/wordpress\/plugins\/seo\/ -->\n<title>Nou criteri de l&#039;INSS sobre l&#039;acc\u00e9s a la jubilaci\u00f3 anticipada per causa no imputable al treballador en cas d&#039;acomiadament t\u00e0cit per tancament de l&#039;empresa. | Arias Assessors<\/title>\n<meta name=\"robots\" content=\"index, follow, max-snippet:-1, max-image-preview:large, max-video-preview:-1\" \/>\n<link rel=\"canonical\" href=\"https:\/\/www.ariasassessors.com\/ca\/nou-criteri-del-inss-sobre-access-jubilacio-anticipada-per-causa-no-imputable-al-treballador\/\" \/>\n<meta property=\"og:locale\" content=\"ca_ES\" \/>\n<meta property=\"og:type\" content=\"article\" \/>\n<meta property=\"og:title\" content=\"Nou criteri de l&#039;INSS sobre l&#039;acc\u00e9s a la jubilaci\u00f3 anticipada per causa no imputable al treballador en cas d&#039;acomiadament t\u00e0cit per tancament de l&#039;empresa. | Arias Assessors\" \/>\n<meta property=\"og:description\" content=\"El INSS, mitjan\u00e7ant el Criteri 23\/2023, aclareix que \u00e9s factible accedir a una jubilaci\u00f3 anticipada involunt\u00e0ria en cas de finalitzaci\u00f3 del contracte de treball per acomiadament t\u00e0cit, similar a la situaci\u00f3 que ja s&#8217;aplicava als empleats acomiadats en circumst\u00e0ncies d&#8217;un Expedient de Regulaci\u00f3 d&#8217;Ocupaci\u00f3 (ERE)...\" \/>\n<meta property=\"og:url\" content=\"https:\/\/www.ariasassessors.com\/ca\/nou-criteri-del-inss-sobre-access-jubilacio-anticipada-per-causa-no-imputable-al-treballador\/\" \/>\n<meta property=\"og:site_name\" content=\"Arias Assessors\" \/>\n<meta property=\"article:publisher\" content=\"https:\/\/www.facebook.com\/ariasassessors\/\" \/>\n<meta property=\"article:published_time\" content=\"2023-10-30T08:12:46+00:00\" \/>\n<meta property=\"article:modified_time\" content=\"2023-11-13T14:29:36+00:00\" \/>\n<meta property=\"og:image\" content=\"https:\/\/www.ariasassessors.com\/wp-content\/uploads\/2023\/10\/Destacada_Mesa-de-trabajo-1-copia_Mesa-de-trabajo-1-copia-min.jpg\" \/>\n\t<meta property=\"og:image:width\" content=\"2250\" \/>\n\t<meta property=\"og:image:height\" content=\"1407\" \/>\n\t<meta property=\"og:image:type\" content=\"image\/jpeg\" \/>\n<meta name=\"author\" content=\"btorras\" \/>\n<meta name=\"twitter:card\" content=\"summary_large_image\" \/>\n<meta name=\"twitter:creator\" content=\"@ariasassessors\" \/>\n<meta name=\"twitter:site\" content=\"@ariasassessors\" \/>\n<meta name=\"twitter:label1\" content=\"Escrit per\" \/>\n\t<meta name=\"twitter:data1\" content=\"btorras\" \/>\n\t<meta name=\"twitter:label2\" content=\"Temps estimat de lectura\" \/>\n\t<meta name=\"twitter:data2\" content=\"3 minuts\" \/>\n<script type=\"application\/ld+json\" class=\"yoast-schema-graph\">{\"@context\":\"https:\/\/schema.org\",\"@graph\":[{\"@type\":\"Article\",\"@id\":\"https:\/\/www.ariasassessors.com\/ca\/nou-criteri-del-inss-sobre-access-jubilacio-anticipada-per-causa-no-imputable-al-treballador\/#article\",\"isPartOf\":{\"@id\":\"https:\/\/www.ariasassessors.com\/ca\/nou-criteri-del-inss-sobre-access-jubilacio-anticipada-per-causa-no-imputable-al-treballador\/\"},\"author\":{\"name\":\"btorras\",\"@id\":\"https:\/\/www.ariasassessors.com\/#\/schema\/person\/63c6ad1775f0a9413c37932562673cef\"},\"headline\":\"Nou criteri de l&#8217;INSS sobre l&#8217;acc\u00e9s a la jubilaci\u00f3 anticipada per causa no imputable al treballador en cas d&#8217;acomiadament t\u00e0cit per tancament de l&#8217;empresa.\",\"datePublished\":\"2023-10-30T08:12:46+00:00\",\"dateModified\":\"2023-11-13T14:29:36+00:00\",\"mainEntityOfPage\":{\"@id\":\"https:\/\/www.ariasassessors.com\/ca\/nou-criteri-del-inss-sobre-access-jubilacio-anticipada-per-causa-no-imputable-al-treballador\/\"},\"wordCount\":583,\"commentCount\":0,\"publisher\":{\"@id\":\"https:\/\/www.ariasassessors.com\/#organization\"},\"image\":{\"@id\":\"https:\/\/www.ariasassessors.com\/ca\/nou-criteri-del-inss-sobre-access-jubilacio-anticipada-per-causa-no-imputable-al-treballador\/#primaryimage\"},\"thumbnailUrl\":\"https:\/\/www.ariasassessors.com\/wp-content\/uploads\/2023\/10\/Destacada_Mesa-de-trabajo-1-copia_Mesa-de-trabajo-1-copia-min.jpg\",\"articleSection\":[\"noticies\"],\"inLanguage\":\"ca\",\"potentialAction\":[{\"@type\":\"CommentAction\",\"name\":\"Comment\",\"target\":[\"https:\/\/www.ariasassessors.com\/ca\/nou-criteri-del-inss-sobre-access-jubilacio-anticipada-per-causa-no-imputable-al-treballador\/#respond\"]}]},{\"@type\":\"WebPage\",\"@id\":\"https:\/\/www.ariasassessors.com\/ca\/nou-criteri-del-inss-sobre-access-jubilacio-anticipada-per-causa-no-imputable-al-treballador\/\",\"url\":\"https:\/\/www.ariasassessors.com\/ca\/nou-criteri-del-inss-sobre-access-jubilacio-anticipada-per-causa-no-imputable-al-treballador\/\",\"name\":\"Nou criteri de l'INSS sobre l'acc\u00e9s a la jubilaci\u00f3 anticipada per causa no imputable al treballador en cas d'acomiadament t\u00e0cit per tancament de l'empresa. | Arias Assessors\",\"isPartOf\":{\"@id\":\"https:\/\/www.ariasassessors.com\/#website\"},\"primaryImageOfPage\":{\"@id\":\"https:\/\/www.ariasassessors.com\/ca\/nou-criteri-del-inss-sobre-access-jubilacio-anticipada-per-causa-no-imputable-al-treballador\/#primaryimage\"},\"image\":{\"@id\":\"https:\/\/www.ariasassessors.com\/ca\/nou-criteri-del-inss-sobre-access-jubilacio-anticipada-per-causa-no-imputable-al-treballador\/#primaryimage\"},\"thumbnailUrl\":\"https:\/\/www.ariasassessors.com\/wp-content\/uploads\/2023\/10\/Destacada_Mesa-de-trabajo-1-copia_Mesa-de-trabajo-1-copia-min.jpg\",\"datePublished\":\"2023-10-30T08:12:46+00:00\",\"dateModified\":\"2023-11-13T14:29:36+00:00\",\"breadcrumb\":{\"@id\":\"https:\/\/www.ariasassessors.com\/ca\/nou-criteri-del-inss-sobre-access-jubilacio-anticipada-per-causa-no-imputable-al-treballador\/#breadcrumb\"},\"inLanguage\":\"ca\",\"potentialAction\":[{\"@type\":\"ReadAction\",\"target\":[\"https:\/\/www.ariasassessors.com\/ca\/nou-criteri-del-inss-sobre-access-jubilacio-anticipada-per-causa-no-imputable-al-treballador\/\"]}]},{\"@type\":\"ImageObject\",\"inLanguage\":\"ca\",\"@id\":\"https:\/\/www.ariasassessors.com\/ca\/nou-criteri-del-inss-sobre-access-jubilacio-anticipada-per-causa-no-imputable-al-treballador\/#primaryimage\",\"url\":\"https:\/\/www.ariasassessors.com\/wp-content\/uploads\/2023\/10\/Destacada_Mesa-de-trabajo-1-copia_Mesa-de-trabajo-1-copia-min.jpg\",\"contentUrl\":\"https:\/\/www.ariasassessors.com\/wp-content\/uploads\/2023\/10\/Destacada_Mesa-de-trabajo-1-copia_Mesa-de-trabajo-1-copia-min.jpg\",\"width\":2250,\"height\":1407,\"caption\":\"trabajador-jubilado\"},{\"@type\":\"BreadcrumbList\",\"@id\":\"https:\/\/www.ariasassessors.com\/ca\/nou-criteri-del-inss-sobre-access-jubilacio-anticipada-per-causa-no-imputable-al-treballador\/#breadcrumb\",\"itemListElement\":[{\"@type\":\"ListItem\",\"position\":1,\"name\":\"Portada\",\"item\":\"https:\/\/www.ariasassessors.com\/ca\/\"},{\"@type\":\"ListItem\",\"position\":2,\"name\":\"Nou criteri de l&#8217;INSS sobre l&#8217;acc\u00e9s a la jubilaci\u00f3 anticipada per causa no imputable al treballador en cas d&#8217;acomiadament t\u00e0cit per tancament de l&#8217;empresa.\"}]},{\"@type\":\"WebSite\",\"@id\":\"https:\/\/www.ariasassessors.com\/#website\",\"url\":\"https:\/\/www.ariasassessors.com\/\",\"name\":\"Arias Assessors\",\"description\":\"Asesor\u00eda para aut\u00f3nomos, profesionales y PYMES\",\"publisher\":{\"@id\":\"https:\/\/www.ariasassessors.com\/#organization\"},\"potentialAction\":[{\"@type\":\"SearchAction\",\"target\":{\"@type\":\"EntryPoint\",\"urlTemplate\":\"https:\/\/www.ariasassessors.com\/?s={search_term_string}\"},\"query-input\":{\"@type\":\"PropertyValueSpecification\",\"valueRequired\":true,\"valueName\":\"search_term_string\"}}],\"inLanguage\":\"ca\"},{\"@type\":\"Organization\",\"@id\":\"https:\/\/www.ariasassessors.com\/#organization\",\"name\":\"Arias Assessors\",\"url\":\"https:\/\/www.ariasassessors.com\/\",\"logo\":{\"@type\":\"ImageObject\",\"inLanguage\":\"ca\",\"@id\":\"https:\/\/www.ariasassessors.com\/#\/schema\/logo\/image\/\",\"url\":\"https:\/\/www.ariasassessors.com\/wp-content\/uploads\/2019\/01\/arias-logo.png\",\"contentUrl\":\"https:\/\/www.ariasassessors.com\/wp-content\/uploads\/2019\/01\/arias-logo.png\",\"width\":349,\"height\":254,\"caption\":\"Arias Assessors\"},\"image\":{\"@id\":\"https:\/\/www.ariasassessors.com\/#\/schema\/logo\/image\/\"},\"sameAs\":[\"https:\/\/www.facebook.com\/ariasassessors\/\",\"https:\/\/x.com\/ariasassessors\",\"https:\/\/www.linkedin.com\/company\/r&amp;amp;r-growing-knowledge\/\"]},{\"@type\":\"Person\",\"@id\":\"https:\/\/www.ariasassessors.com\/#\/schema\/person\/63c6ad1775f0a9413c37932562673cef\",\"name\":\"btorras\",\"image\":{\"@type\":\"ImageObject\",\"inLanguage\":\"ca\",\"@id\":\"https:\/\/www.ariasassessors.com\/#\/schema\/person\/image\/\",\"url\":\"https:\/\/secure.gravatar.com\/avatar\/0531db351fc361fdbfd204c58fa2d6a3?s=96&d=mm&r=g\",\"contentUrl\":\"https:\/\/secure.gravatar.com\/avatar\/0531db351fc361fdbfd204c58fa2d6a3?s=96&d=mm&r=g\",\"caption\":\"btorras\"}}]}<\/script>\n<!-- \/ Yoast SEO plugin. -->","yoast_head_json":{"title":"Nou criteri de l'INSS sobre l'acc\u00e9s a la jubilaci\u00f3 anticipada per causa no imputable al treballador en cas d'acomiadament t\u00e0cit per tancament de l'empresa. | Arias Assessors","robots":{"index":"index","follow":"follow","max-snippet":"max-snippet:-1","max-image-preview":"max-image-preview:large","max-video-preview":"max-video-preview:-1"},"canonical":"https:\/\/www.ariasassessors.com\/ca\/nou-criteri-del-inss-sobre-access-jubilacio-anticipada-per-causa-no-imputable-al-treballador\/","og_locale":"ca_ES","og_type":"article","og_title":"Nou criteri de l'INSS sobre l'acc\u00e9s a la jubilaci\u00f3 anticipada per causa no imputable al treballador en cas d'acomiadament t\u00e0cit per tancament de l'empresa. | Arias Assessors","og_description":"El INSS, mitjan\u00e7ant el Criteri 23\/2023, aclareix que \u00e9s factible accedir a una jubilaci\u00f3 anticipada involunt\u00e0ria en cas de finalitzaci\u00f3 del contracte de treball per acomiadament t\u00e0cit, similar a la situaci\u00f3 que ja s&#8217;aplicava als empleats acomiadats en circumst\u00e0ncies d&#8217;un Expedient de Regulaci\u00f3 d&#8217;Ocupaci\u00f3 (ERE)...","og_url":"https:\/\/www.ariasassessors.com\/ca\/nou-criteri-del-inss-sobre-access-jubilacio-anticipada-per-causa-no-imputable-al-treballador\/","og_site_name":"Arias Assessors","article_publisher":"https:\/\/www.facebook.com\/ariasassessors\/","article_published_time":"2023-10-30T08:12:46+00:00","article_modified_time":"2023-11-13T14:29:36+00:00","og_image":[{"width":2250,"height":1407,"url":"https:\/\/www.ariasassessors.com\/wp-content\/uploads\/2023\/10\/Destacada_Mesa-de-trabajo-1-copia_Mesa-de-trabajo-1-copia-min.jpg","type":"image\/jpeg"}],"author":"btorras","twitter_card":"summary_large_image","twitter_creator":"@ariasassessors","twitter_site":"@ariasassessors","twitter_misc":{"Escrit per":"btorras","Temps estimat de lectura":"3 minuts"},"schema":{"@context":"https:\/\/schema.org","@graph":[{"@type":"Article","@id":"https:\/\/www.ariasassessors.com\/ca\/nou-criteri-del-inss-sobre-access-jubilacio-anticipada-per-causa-no-imputable-al-treballador\/#article","isPartOf":{"@id":"https:\/\/www.ariasassessors.com\/ca\/nou-criteri-del-inss-sobre-access-jubilacio-anticipada-per-causa-no-imputable-al-treballador\/"},"author":{"name":"btorras","@id":"https:\/\/www.ariasassessors.com\/#\/schema\/person\/63c6ad1775f0a9413c37932562673cef"},"headline":"Nou criteri de l&#8217;INSS sobre l&#8217;acc\u00e9s a la jubilaci\u00f3 anticipada per causa no imputable al treballador en cas d&#8217;acomiadament t\u00e0cit per tancament de l&#8217;empresa.","datePublished":"2023-10-30T08:12:46+00:00","dateModified":"2023-11-13T14:29:36+00:00","mainEntityOfPage":{"@id":"https:\/\/www.ariasassessors.com\/ca\/nou-criteri-del-inss-sobre-access-jubilacio-anticipada-per-causa-no-imputable-al-treballador\/"},"wordCount":583,"commentCount":0,"publisher":{"@id":"https:\/\/www.ariasassessors.com\/#organization"},"image":{"@id":"https:\/\/www.ariasassessors.com\/ca\/nou-criteri-del-inss-sobre-access-jubilacio-anticipada-per-causa-no-imputable-al-treballador\/#primaryimage"},"thumbnailUrl":"https:\/\/www.ariasassessors.com\/wp-content\/uploads\/2023\/10\/Destacada_Mesa-de-trabajo-1-copia_Mesa-de-trabajo-1-copia-min.jpg","articleSection":["noticies"],"inLanguage":"ca","potentialAction":[{"@type":"CommentAction","name":"Comment","target":["https:\/\/www.ariasassessors.com\/ca\/nou-criteri-del-inss-sobre-access-jubilacio-anticipada-per-causa-no-imputable-al-treballador\/#respond"]}]},{"@type":"WebPage","@id":"https:\/\/www.ariasassessors.com\/ca\/nou-criteri-del-inss-sobre-access-jubilacio-anticipada-per-causa-no-imputable-al-treballador\/","url":"https:\/\/www.ariasassessors.com\/ca\/nou-criteri-del-inss-sobre-access-jubilacio-anticipada-per-causa-no-imputable-al-treballador\/","name":"Nou criteri de l'INSS sobre l'acc\u00e9s a la jubilaci\u00f3 anticipada per causa no imputable al treballador en cas d'acomiadament t\u00e0cit per tancament de l'empresa. | Arias Assessors","isPartOf":{"@id":"https:\/\/www.ariasassessors.com\/#website"},"primaryImageOfPage":{"@id":"https:\/\/www.ariasassessors.com\/ca\/nou-criteri-del-inss-sobre-access-jubilacio-anticipada-per-causa-no-imputable-al-treballador\/#primaryimage"},"image":{"@id":"https:\/\/www.ariasassessors.com\/ca\/nou-criteri-del-inss-sobre-access-jubilacio-anticipada-per-causa-no-imputable-al-treballador\/#primaryimage"},"thumbnailUrl":"https:\/\/www.ariasassessors.com\/wp-content\/uploads\/2023\/10\/Destacada_Mesa-de-trabajo-1-copia_Mesa-de-trabajo-1-copia-min.jpg","datePublished":"2023-10-30T08:12:46+00:00","dateModified":"2023-11-13T14:29:36+00:00","breadcrumb":{"@id":"https:\/\/www.ariasassessors.com\/ca\/nou-criteri-del-inss-sobre-access-jubilacio-anticipada-per-causa-no-imputable-al-treballador\/#breadcrumb"},"inLanguage":"ca","potentialAction":[{"@type":"ReadAction","target":["https:\/\/www.ariasassessors.com\/ca\/nou-criteri-del-inss-sobre-access-jubilacio-anticipada-per-causa-no-imputable-al-treballador\/"]}]},{"@type":"ImageObject","inLanguage":"ca","@id":"https:\/\/www.ariasassessors.com\/ca\/nou-criteri-del-inss-sobre-access-jubilacio-anticipada-per-causa-no-imputable-al-treballador\/#primaryimage","url":"https:\/\/www.ariasassessors.com\/wp-content\/uploads\/2023\/10\/Destacada_Mesa-de-trabajo-1-copia_Mesa-de-trabajo-1-copia-min.jpg","contentUrl":"https:\/\/www.ariasassessors.com\/wp-content\/uploads\/2023\/10\/Destacada_Mesa-de-trabajo-1-copia_Mesa-de-trabajo-1-copia-min.jpg","width":2250,"height":1407,"caption":"trabajador-jubilado"},{"@type":"BreadcrumbList","@id":"https:\/\/www.ariasassessors.com\/ca\/nou-criteri-del-inss-sobre-access-jubilacio-anticipada-per-causa-no-imputable-al-treballador\/#breadcrumb","itemListElement":[{"@type":"ListItem","position":1,"name":"Portada","item":"https:\/\/www.ariasassessors.com\/ca\/"},{"@type":"ListItem","position":2,"name":"Nou criteri de l&#8217;INSS sobre l&#8217;acc\u00e9s a la jubilaci\u00f3 anticipada per causa no imputable al treballador en cas d&#8217;acomiadament t\u00e0cit per tancament de l&#8217;empresa."}]},{"@type":"WebSite","@id":"https:\/\/www.ariasassessors.com\/#website","url":"https:\/\/www.ariasassessors.com\/","name":"Arias Assessors","description":"Asesor\u00eda para aut\u00f3nomos, profesionales y PYMES","publisher":{"@id":"https:\/\/www.ariasassessors.com\/#organization"},"potentialAction":[{"@type":"SearchAction","target":{"@type":"EntryPoint","urlTemplate":"https:\/\/www.ariasassessors.com\/?s={search_term_string}"},"query-input":{"@type":"PropertyValueSpecification","valueRequired":true,"valueName":"search_term_string"}}],"inLanguage":"ca"},{"@type":"Organization","@id":"https:\/\/www.ariasassessors.com\/#organization","name":"Arias Assessors","url":"https:\/\/www.ariasassessors.com\/","logo":{"@type":"ImageObject","inLanguage":"ca","@id":"https:\/\/www.ariasassessors.com\/#\/schema\/logo\/image\/","url":"https:\/\/www.ariasassessors.com\/wp-content\/uploads\/2019\/01\/arias-logo.png","contentUrl":"https:\/\/www.ariasassessors.com\/wp-content\/uploads\/2019\/01\/arias-logo.png","width":349,"height":254,"caption":"Arias Assessors"},"image":{"@id":"https:\/\/www.ariasassessors.com\/#\/schema\/logo\/image\/"},"sameAs":["https:\/\/www.facebook.com\/ariasassessors\/","https:\/\/x.com\/ariasassessors","https:\/\/www.linkedin.com\/company\/r&amp;amp;r-growing-knowledge\/"]},{"@type":"Person","@id":"https:\/\/www.ariasassessors.com\/#\/schema\/person\/63c6ad1775f0a9413c37932562673cef","name":"btorras","image":{"@type":"ImageObject","inLanguage":"ca","@id":"https:\/\/www.ariasassessors.com\/#\/schema\/person\/image\/","url":"https:\/\/secure.gravatar.com\/avatar\/0531db351fc361fdbfd204c58fa2d6a3?s=96&d=mm&r=g","contentUrl":"https:\/\/secure.gravatar.com\/avatar\/0531db351fc361fdbfd204c58fa2d6a3?s=96&d=mm&r=g","caption":"btorras"}}]}},"_links":{"self":[{"href":"https:\/\/www.ariasassessors.com\/ca\/wp-json\/wp\/v2\/posts\/3021","targetHints":{"allow":["GET"]}}],"collection":[{"href":"https:\/\/www.ariasassessors.com\/ca\/wp-json\/wp\/v2\/posts"}],"about":[{"href":"https:\/\/www.ariasassessors.com\/ca\/wp-json\/wp\/v2\/types\/post"}],"author":[{"embeddable":true,"href":"https:\/\/www.ariasassessors.com\/ca\/wp-json\/wp\/v2\/users\/2"}],"replies":[{"embeddable":true,"href":"https:\/\/www.ariasassessors.com\/ca\/wp-json\/wp\/v2\/comments?post=3021"}],"version-history":[{"count":2,"href":"https:\/\/www.ariasassessors.com\/ca\/wp-json\/wp\/v2\/posts\/3021\/revisions"}],"predecessor-version":[{"id":3023,"href":"https:\/\/www.ariasassessors.com\/ca\/wp-json\/wp\/v2\/posts\/3021\/revisions\/3023"}],"wp:featuredmedia":[{"embeddable":true,"href":"https:\/\/www.ariasassessors.com\/ca\/wp-json\/wp\/v2\/media\/2965"}],"wp:attachment":[{"href":"https:\/\/www.ariasassessors.com\/ca\/wp-json\/wp\/v2\/media?parent=3021"}],"wp:term":[{"taxonomy":"category","embeddable":true,"href":"https:\/\/www.ariasassessors.com\/ca\/wp-json\/wp\/v2\/categories?post=3021"},{"taxonomy":"post_tag","embeddable":true,"href":"https:\/\/www.ariasassessors.com\/ca\/wp-json\/wp\/v2\/tags?post=3021"}],"curies":[{"name":"wp","href":"https:\/\/api.w.org\/{rel}","templated":true}]}}