{"id":3026,"date":"2023-11-27T16:10:42","date_gmt":"2023-11-27T15:10:42","guid":{"rendered":"https:\/\/www.ariasassessors.com\/?p=3026"},"modified":"2023-11-27T16:10:42","modified_gmt":"2023-11-27T15:10:42","slug":"compatibilitat-de-la-nova-deduccio-per-adquisicio-de-vehicle-electric-a-irpf-amb-ajudes-i-subvencions","status":"publish","type":"post","link":"https:\/\/www.ariasassessors.com\/ca\/compatibilitat-de-la-nova-deduccio-per-adquisicio-de-vehicle-electric-a-irpf-amb-ajudes-i-subvencions\/","title":{"rendered":"Compatibilitat de la Nova Deducci\u00f3 per Adquisici\u00f3 de Vehicle El\u00e8ctric a IRPF amb Ajudes i Subvencions"},"content":{"rendered":"<p>La revoluci\u00f3 en la mobilitat sostenible ha assolit un nou hito amb la introducci\u00f3 de la deducci\u00f3 per adquisici\u00f3 de vehicles el\u00e8ctrics a l&#8217;Impost sobre la Renda de les Persones F\u00edsiques (IRPF). No obstant aix\u00f2, la incertesa envolta aquells que busquen aprofitar aquesta avantatge fiscal mentre reben ajudes i subvencions p\u00fabliques. La Direcci\u00f3 General de Tributs (DGT) ha em\u00e8s dues consultes vinculants, V2282-23 i V2287-23, per arrodonir llum sobre la compatibilitat entre la deducci\u00f3 i les ajudes, aix\u00ed com la determinaci\u00f3 de la base de la deducci\u00f3 en casos de subvenci\u00f3 parcial del preu.<\/p>\n<p>En primer lloc, la consulta V2287-23 del 28 de juliol de 2023 aclareix que la percepci\u00f3 de subvencions o ajudes p\u00fabliques per a l&#8217;adquisici\u00f3 de vehicles el\u00e8ctrics no impedeix l&#8217;aplicaci\u00f3 de la deducci\u00f3. Aquesta afirmaci\u00f3, recolzada per la pr\u00f2pia normativa, proporciona seguretat a aquells que busquen beneficiar-se de totes dues iniciatives. La sinergia entre la deducci\u00f3 i les ajudes p\u00fabliques ofereix una oportunitat \u00fanica per incentivar la transici\u00f3 cap a vehicles m\u00e9s sostenibles.<\/p>\n<p>Pel que fa a la determinaci\u00f3 de la base de la deducci\u00f3 quan una part del preu del vehicle ha estat subvencionada, totes dues consultes, V2287-23 i V2282-23 del mateix 28 de juliol de 2023, coincideixen en un enfocament clar. La base de la deducci\u00f3 s&#8217;estableix en el valor d&#8217;adquisici\u00f3 del vehicle, incloent-hi els costos i tributs inherents a la compra. No obstant aix\u00f2, es planteja la necessitat de descomptar les quantitats subvencionades o que s&#8217;espera que ho siguin a trav\u00e9s de programes d&#8217;ajudes p\u00fabliques. Un mat\u00eds addicional \u00e9s crucial: la base m\u00e0xima de la deducci\u00f3 es limita a 20.000 euros.<\/p>\n<p>Aquest enfocament pr\u00e0ctic proporciona una guia clara per a aquells que desitgen calcular el seu benefici fiscal de manera precisa. El contribuent ha de restar la subvenci\u00f3 o ajuda p\u00fablica del valor d&#8217;adquisici\u00f3 total del vehicle, incloent-hi tots els costos associats. Si aquest ajust resulta en una xifra superior als 20.000 euros, la base de la deducci\u00f3 es fixa en aquest l\u00edmit. Aquesta mesura garanteix que la deducci\u00f3 compleixi el seu prop\u00f2sit d&#8217;incentivar la compra de vehicles el\u00e8ctrics sense crear distorsions fiscals.<\/p>\n<p>\u00c9s imperatiu destacar que, per ser elegible per a la deducci\u00f3, el preu de venda del vehicle adquirit no pot excedir l&#8217;import m\u00e0xim establert per a cada tipus de vehicle. Aquest l\u00edmit es detalla a l&#8217;annex III del Reial Decret 266\/2021, del 13 d&#8217;abril, i el seu c\u00e0lcul segueix els termes establerts en aquesta normativa. Aquest recordatori assegura que els contribuents estiguin al corrent de les condicions que han de complir per a beneficiar-se d&#8217;aquesta mesura fiscal.<\/p>\n<p>La compatibilitat entre la deducci\u00f3 per adquisici\u00f3 de vehicle el\u00e8ctric a IRPF i les ajudes p\u00fabliques no nom\u00e9s ofereix beneficis econ\u00f2mics tangibles pels contribuents, sin\u00f3 que tamb\u00e9 impulsa l&#8217;adopci\u00f3 de tecnologies m\u00e9s respectuoses amb el medi ambient. En integrar aquestes iniciatives, es crea un entorn propici per a la inversi\u00f3 en vehicles el\u00e8ctrics, allanant el cam\u00ed cap a un parc automotor m\u00e9s sostenible i reduint les emissions de gasos d&#8217;efecte hivernacle.<\/p>\n<p>A m\u00e9s, la claredat proporcionada per les consultes vinculants de la DGT ofereix seguretat jur\u00eddica als contribuents que volen aprofitar aquestes avantatges fiscals. La certesa entorn de la compatibilitat i els passos espec\u00edfics per determinar la base de la deducci\u00f3 disipa qualsevol ambig\u00fcitat que podria haver-hi existit pr\u00e8viament. Aix\u00f2, al seu torn, fomenta una adopci\u00f3 m\u00e9s r\u00e0pida de vehicles el\u00e8ctrics en eliminar possibles obstacles burocr\u00e0tics i fiscals.<\/p>\n<p>En conclusi\u00f3, la nova deducci\u00f3 per adquisici\u00f3 de vehicles el\u00e8ctrics a l&#8217;IRPF, en combinaci\u00f3 amb ajudes i subvencions, representa una oportunitat \u00fanica per als contribuents compromesos amb la mobilitat sostenible. La compatibilitat assegurada per la DGT, juntament amb les pautes clares per calcular la base de la deducci\u00f3, allana el cam\u00ed cap a una transici\u00f3 m\u00e9s r\u00e0pida cap a vehicles m\u00e9s ecol\u00f2gics. Aprofitar aquesta converg\u00e8ncia entre incentius fiscals i suport governamental \u00e9s un pas intel\u00b7ligent cap a un futur m\u00e9s net i sostenible.<\/p>\n","protected":false},"excerpt":{"rendered":"<p>La revoluci\u00f3 en la mobilitat sostenible ha assolit un nou hito amb la introducci\u00f3 de la deducci\u00f3 per adquisici\u00f3 de vehicles el\u00e8ctrics a l&#8217;Impost sobre la Renda de les Persones F\u00edsiques (IRPF). No obstant aix\u00f2, la incertesa envolta aquells que busquen aprofitar aquesta avantatge fiscal&#8230;<\/p>\n","protected":false},"author":2,"featured_media":3029,"comment_status":"open","ping_status":"open","sticky":false,"template":"","format":"standard","meta":{"footnotes":""},"categories":[4],"tags":[],"class_list":["post-3026","post","type-post","status-publish","format-standard","has-post-thumbnail","hentry","category-noticies"],"yoast_head":"<!-- This site is optimized with the Yoast SEO plugin v24.3 - https:\/\/yoast.com\/wordpress\/plugins\/seo\/ -->\n<title>Compatibilitat de la Nova Deducci\u00f3 per Adquisici\u00f3 de Vehicle El\u00e8ctric a IRPF amb Ajudes i Subvencions | Arias Assessors<\/title>\n<meta name=\"robots\" content=\"index, follow, max-snippet:-1, max-image-preview:large, max-video-preview:-1\" \/>\n<link rel=\"canonical\" href=\"https:\/\/www.ariasassessors.com\/ca\/compatibilitat-de-la-nova-deduccio-per-adquisicio-de-vehicle-electric-a-irpf-amb-ajudes-i-subvencions\/\" \/>\n<meta property=\"og:locale\" content=\"ca_ES\" \/>\n<meta property=\"og:type\" content=\"article\" \/>\n<meta property=\"og:title\" content=\"Compatibilitat de la Nova Deducci\u00f3 per Adquisici\u00f3 de Vehicle El\u00e8ctric a IRPF amb Ajudes i Subvencions | Arias Assessors\" \/>\n<meta property=\"og:description\" content=\"La revoluci\u00f3 en la mobilitat sostenible ha assolit un nou hito amb la introducci\u00f3 de la deducci\u00f3 per adquisici\u00f3 de vehicles el\u00e8ctrics a l&#8217;Impost sobre la Renda de les Persones F\u00edsiques (IRPF). No obstant aix\u00f2, la incertesa envolta aquells que busquen aprofitar aquesta avantatge fiscal...\" \/>\n<meta property=\"og:url\" content=\"https:\/\/www.ariasassessors.com\/ca\/compatibilitat-de-la-nova-deduccio-per-adquisicio-de-vehicle-electric-a-irpf-amb-ajudes-i-subvencions\/\" \/>\n<meta property=\"og:site_name\" content=\"Arias Assessors\" \/>\n<meta property=\"article:publisher\" content=\"https:\/\/www.facebook.com\/ariasassessors\/\" \/>\n<meta property=\"article:published_time\" content=\"2023-11-27T15:10:42+00:00\" \/>\n<meta property=\"og:image\" content=\"https:\/\/www.ariasassessors.com\/wp-content\/uploads\/2023\/11\/editable.jpg\" \/>\n\t<meta property=\"og:image:width\" content=\"1080\" \/>\n\t<meta property=\"og:image:height\" content=\"676\" \/>\n\t<meta property=\"og:image:type\" content=\"image\/jpeg\" \/>\n<meta name=\"author\" content=\"btorras\" \/>\n<meta name=\"twitter:card\" content=\"summary_large_image\" \/>\n<meta name=\"twitter:creator\" content=\"@ariasassessors\" \/>\n<meta name=\"twitter:site\" content=\"@ariasassessors\" \/>\n<meta name=\"twitter:label1\" content=\"Escrit per\" \/>\n\t<meta name=\"twitter:data1\" content=\"btorras\" \/>\n\t<meta name=\"twitter:label2\" content=\"Temps estimat de lectura\" \/>\n\t<meta name=\"twitter:data2\" content=\"3 minuts\" \/>\n<script type=\"application\/ld+json\" class=\"yoast-schema-graph\">{\"@context\":\"https:\/\/schema.org\",\"@graph\":[{\"@type\":\"Article\",\"@id\":\"https:\/\/www.ariasassessors.com\/ca\/compatibilitat-de-la-nova-deduccio-per-adquisicio-de-vehicle-electric-a-irpf-amb-ajudes-i-subvencions\/#article\",\"isPartOf\":{\"@id\":\"https:\/\/www.ariasassessors.com\/ca\/compatibilitat-de-la-nova-deduccio-per-adquisicio-de-vehicle-electric-a-irpf-amb-ajudes-i-subvencions\/\"},\"author\":{\"name\":\"btorras\",\"@id\":\"https:\/\/www.ariasassessors.com\/#\/schema\/person\/63c6ad1775f0a9413c37932562673cef\"},\"headline\":\"Compatibilitat de la Nova Deducci\u00f3 per Adquisici\u00f3 de Vehicle El\u00e8ctric a IRPF amb Ajudes i Subvencions\",\"datePublished\":\"2023-11-27T15:10:42+00:00\",\"dateModified\":\"2023-11-27T15:10:42+00:00\",\"mainEntityOfPage\":{\"@id\":\"https:\/\/www.ariasassessors.com\/ca\/compatibilitat-de-la-nova-deduccio-per-adquisicio-de-vehicle-electric-a-irpf-amb-ajudes-i-subvencions\/\"},\"wordCount\":707,\"commentCount\":0,\"publisher\":{\"@id\":\"https:\/\/www.ariasassessors.com\/#organization\"},\"image\":{\"@id\":\"https:\/\/www.ariasassessors.com\/ca\/compatibilitat-de-la-nova-deduccio-per-adquisicio-de-vehicle-electric-a-irpf-amb-ajudes-i-subvencions\/#primaryimage\"},\"thumbnailUrl\":\"https:\/\/www.ariasassessors.com\/wp-content\/uploads\/2023\/11\/editable.jpg\",\"articleSection\":[\"noticies\"],\"inLanguage\":\"ca\",\"potentialAction\":[{\"@type\":\"CommentAction\",\"name\":\"Comment\",\"target\":[\"https:\/\/www.ariasassessors.com\/ca\/compatibilitat-de-la-nova-deduccio-per-adquisicio-de-vehicle-electric-a-irpf-amb-ajudes-i-subvencions\/#respond\"]}]},{\"@type\":\"WebPage\",\"@id\":\"https:\/\/www.ariasassessors.com\/ca\/compatibilitat-de-la-nova-deduccio-per-adquisicio-de-vehicle-electric-a-irpf-amb-ajudes-i-subvencions\/\",\"url\":\"https:\/\/www.ariasassessors.com\/ca\/compatibilitat-de-la-nova-deduccio-per-adquisicio-de-vehicle-electric-a-irpf-amb-ajudes-i-subvencions\/\",\"name\":\"Compatibilitat de la Nova Deducci\u00f3 per Adquisici\u00f3 de Vehicle El\u00e8ctric a IRPF amb Ajudes i Subvencions | Arias Assessors\",\"isPartOf\":{\"@id\":\"https:\/\/www.ariasassessors.com\/#website\"},\"primaryImageOfPage\":{\"@id\":\"https:\/\/www.ariasassessors.com\/ca\/compatibilitat-de-la-nova-deduccio-per-adquisicio-de-vehicle-electric-a-irpf-amb-ajudes-i-subvencions\/#primaryimage\"},\"image\":{\"@id\":\"https:\/\/www.ariasassessors.com\/ca\/compatibilitat-de-la-nova-deduccio-per-adquisicio-de-vehicle-electric-a-irpf-amb-ajudes-i-subvencions\/#primaryimage\"},\"thumbnailUrl\":\"https:\/\/www.ariasassessors.com\/wp-content\/uploads\/2023\/11\/editable.jpg\",\"datePublished\":\"2023-11-27T15:10:42+00:00\",\"dateModified\":\"2023-11-27T15:10:42+00:00\",\"breadcrumb\":{\"@id\":\"https:\/\/www.ariasassessors.com\/ca\/compatibilitat-de-la-nova-deduccio-per-adquisicio-de-vehicle-electric-a-irpf-amb-ajudes-i-subvencions\/#breadcrumb\"},\"inLanguage\":\"ca\",\"potentialAction\":[{\"@type\":\"ReadAction\",\"target\":[\"https:\/\/www.ariasassessors.com\/ca\/compatibilitat-de-la-nova-deduccio-per-adquisicio-de-vehicle-electric-a-irpf-amb-ajudes-i-subvencions\/\"]}]},{\"@type\":\"ImageObject\",\"inLanguage\":\"ca\",\"@id\":\"https:\/\/www.ariasassessors.com\/ca\/compatibilitat-de-la-nova-deduccio-per-adquisicio-de-vehicle-electric-a-irpf-amb-ajudes-i-subvencions\/#primaryimage\",\"url\":\"https:\/\/www.ariasassessors.com\/wp-content\/uploads\/2023\/11\/editable.jpg\",\"contentUrl\":\"https:\/\/www.ariasassessors.com\/wp-content\/uploads\/2023\/11\/editable.jpg\",\"width\":1080,\"height\":676,\"caption\":\"Carga vehiculo electrico\"},{\"@type\":\"BreadcrumbList\",\"@id\":\"https:\/\/www.ariasassessors.com\/ca\/compatibilitat-de-la-nova-deduccio-per-adquisicio-de-vehicle-electric-a-irpf-amb-ajudes-i-subvencions\/#breadcrumb\",\"itemListElement\":[{\"@type\":\"ListItem\",\"position\":1,\"name\":\"Portada\",\"item\":\"https:\/\/www.ariasassessors.com\/ca\/\"},{\"@type\":\"ListItem\",\"position\":2,\"name\":\"Compatibilitat de la Nova Deducci\u00f3 per Adquisici\u00f3 de Vehicle El\u00e8ctric a IRPF amb Ajudes i Subvencions\"}]},{\"@type\":\"WebSite\",\"@id\":\"https:\/\/www.ariasassessors.com\/#website\",\"url\":\"https:\/\/www.ariasassessors.com\/\",\"name\":\"Arias Assessors\",\"description\":\"Asesor\u00eda para aut\u00f3nomos, profesionales y PYMES\",\"publisher\":{\"@id\":\"https:\/\/www.ariasassessors.com\/#organization\"},\"potentialAction\":[{\"@type\":\"SearchAction\",\"target\":{\"@type\":\"EntryPoint\",\"urlTemplate\":\"https:\/\/www.ariasassessors.com\/?s={search_term_string}\"},\"query-input\":{\"@type\":\"PropertyValueSpecification\",\"valueRequired\":true,\"valueName\":\"search_term_string\"}}],\"inLanguage\":\"ca\"},{\"@type\":\"Organization\",\"@id\":\"https:\/\/www.ariasassessors.com\/#organization\",\"name\":\"Arias Assessors\",\"url\":\"https:\/\/www.ariasassessors.com\/\",\"logo\":{\"@type\":\"ImageObject\",\"inLanguage\":\"ca\",\"@id\":\"https:\/\/www.ariasassessors.com\/#\/schema\/logo\/image\/\",\"url\":\"https:\/\/www.ariasassessors.com\/wp-content\/uploads\/2019\/01\/arias-logo.png\",\"contentUrl\":\"https:\/\/www.ariasassessors.com\/wp-content\/uploads\/2019\/01\/arias-logo.png\",\"width\":349,\"height\":254,\"caption\":\"Arias Assessors\"},\"image\":{\"@id\":\"https:\/\/www.ariasassessors.com\/#\/schema\/logo\/image\/\"},\"sameAs\":[\"https:\/\/www.facebook.com\/ariasassessors\/\",\"https:\/\/x.com\/ariasassessors\",\"https:\/\/www.linkedin.com\/company\/r&amp;amp;r-growing-knowledge\/\"]},{\"@type\":\"Person\",\"@id\":\"https:\/\/www.ariasassessors.com\/#\/schema\/person\/63c6ad1775f0a9413c37932562673cef\",\"name\":\"btorras\",\"image\":{\"@type\":\"ImageObject\",\"inLanguage\":\"ca\",\"@id\":\"https:\/\/www.ariasassessors.com\/#\/schema\/person\/image\/\",\"url\":\"https:\/\/secure.gravatar.com\/avatar\/0531db351fc361fdbfd204c58fa2d6a3?s=96&d=mm&r=g\",\"contentUrl\":\"https:\/\/secure.gravatar.com\/avatar\/0531db351fc361fdbfd204c58fa2d6a3?s=96&d=mm&r=g\",\"caption\":\"btorras\"}}]}<\/script>\n<!-- \/ Yoast SEO plugin. -->","yoast_head_json":{"title":"Compatibilitat de la Nova Deducci\u00f3 per Adquisici\u00f3 de Vehicle El\u00e8ctric a IRPF amb Ajudes i Subvencions | Arias Assessors","robots":{"index":"index","follow":"follow","max-snippet":"max-snippet:-1","max-image-preview":"max-image-preview:large","max-video-preview":"max-video-preview:-1"},"canonical":"https:\/\/www.ariasassessors.com\/ca\/compatibilitat-de-la-nova-deduccio-per-adquisicio-de-vehicle-electric-a-irpf-amb-ajudes-i-subvencions\/","og_locale":"ca_ES","og_type":"article","og_title":"Compatibilitat de la Nova Deducci\u00f3 per Adquisici\u00f3 de Vehicle El\u00e8ctric a IRPF amb Ajudes i Subvencions | Arias Assessors","og_description":"La revoluci\u00f3 en la mobilitat sostenible ha assolit un nou hito amb la introducci\u00f3 de la deducci\u00f3 per adquisici\u00f3 de vehicles el\u00e8ctrics a l&#8217;Impost sobre la Renda de les Persones F\u00edsiques (IRPF). No obstant aix\u00f2, la incertesa envolta aquells que busquen aprofitar aquesta avantatge fiscal...","og_url":"https:\/\/www.ariasassessors.com\/ca\/compatibilitat-de-la-nova-deduccio-per-adquisicio-de-vehicle-electric-a-irpf-amb-ajudes-i-subvencions\/","og_site_name":"Arias Assessors","article_publisher":"https:\/\/www.facebook.com\/ariasassessors\/","article_published_time":"2023-11-27T15:10:42+00:00","og_image":[{"width":1080,"height":676,"url":"https:\/\/www.ariasassessors.com\/wp-content\/uploads\/2023\/11\/editable.jpg","type":"image\/jpeg"}],"author":"btorras","twitter_card":"summary_large_image","twitter_creator":"@ariasassessors","twitter_site":"@ariasassessors","twitter_misc":{"Escrit per":"btorras","Temps estimat de lectura":"3 minuts"},"schema":{"@context":"https:\/\/schema.org","@graph":[{"@type":"Article","@id":"https:\/\/www.ariasassessors.com\/ca\/compatibilitat-de-la-nova-deduccio-per-adquisicio-de-vehicle-electric-a-irpf-amb-ajudes-i-subvencions\/#article","isPartOf":{"@id":"https:\/\/www.ariasassessors.com\/ca\/compatibilitat-de-la-nova-deduccio-per-adquisicio-de-vehicle-electric-a-irpf-amb-ajudes-i-subvencions\/"},"author":{"name":"btorras","@id":"https:\/\/www.ariasassessors.com\/#\/schema\/person\/63c6ad1775f0a9413c37932562673cef"},"headline":"Compatibilitat de la Nova Deducci\u00f3 per Adquisici\u00f3 de Vehicle El\u00e8ctric a IRPF amb Ajudes i Subvencions","datePublished":"2023-11-27T15:10:42+00:00","dateModified":"2023-11-27T15:10:42+00:00","mainEntityOfPage":{"@id":"https:\/\/www.ariasassessors.com\/ca\/compatibilitat-de-la-nova-deduccio-per-adquisicio-de-vehicle-electric-a-irpf-amb-ajudes-i-subvencions\/"},"wordCount":707,"commentCount":0,"publisher":{"@id":"https:\/\/www.ariasassessors.com\/#organization"},"image":{"@id":"https:\/\/www.ariasassessors.com\/ca\/compatibilitat-de-la-nova-deduccio-per-adquisicio-de-vehicle-electric-a-irpf-amb-ajudes-i-subvencions\/#primaryimage"},"thumbnailUrl":"https:\/\/www.ariasassessors.com\/wp-content\/uploads\/2023\/11\/editable.jpg","articleSection":["noticies"],"inLanguage":"ca","potentialAction":[{"@type":"CommentAction","name":"Comment","target":["https:\/\/www.ariasassessors.com\/ca\/compatibilitat-de-la-nova-deduccio-per-adquisicio-de-vehicle-electric-a-irpf-amb-ajudes-i-subvencions\/#respond"]}]},{"@type":"WebPage","@id":"https:\/\/www.ariasassessors.com\/ca\/compatibilitat-de-la-nova-deduccio-per-adquisicio-de-vehicle-electric-a-irpf-amb-ajudes-i-subvencions\/","url":"https:\/\/www.ariasassessors.com\/ca\/compatibilitat-de-la-nova-deduccio-per-adquisicio-de-vehicle-electric-a-irpf-amb-ajudes-i-subvencions\/","name":"Compatibilitat de la Nova Deducci\u00f3 per Adquisici\u00f3 de Vehicle El\u00e8ctric a IRPF amb Ajudes i Subvencions | Arias Assessors","isPartOf":{"@id":"https:\/\/www.ariasassessors.com\/#website"},"primaryImageOfPage":{"@id":"https:\/\/www.ariasassessors.com\/ca\/compatibilitat-de-la-nova-deduccio-per-adquisicio-de-vehicle-electric-a-irpf-amb-ajudes-i-subvencions\/#primaryimage"},"image":{"@id":"https:\/\/www.ariasassessors.com\/ca\/compatibilitat-de-la-nova-deduccio-per-adquisicio-de-vehicle-electric-a-irpf-amb-ajudes-i-subvencions\/#primaryimage"},"thumbnailUrl":"https:\/\/www.ariasassessors.com\/wp-content\/uploads\/2023\/11\/editable.jpg","datePublished":"2023-11-27T15:10:42+00:00","dateModified":"2023-11-27T15:10:42+00:00","breadcrumb":{"@id":"https:\/\/www.ariasassessors.com\/ca\/compatibilitat-de-la-nova-deduccio-per-adquisicio-de-vehicle-electric-a-irpf-amb-ajudes-i-subvencions\/#breadcrumb"},"inLanguage":"ca","potentialAction":[{"@type":"ReadAction","target":["https:\/\/www.ariasassessors.com\/ca\/compatibilitat-de-la-nova-deduccio-per-adquisicio-de-vehicle-electric-a-irpf-amb-ajudes-i-subvencions\/"]}]},{"@type":"ImageObject","inLanguage":"ca","@id":"https:\/\/www.ariasassessors.com\/ca\/compatibilitat-de-la-nova-deduccio-per-adquisicio-de-vehicle-electric-a-irpf-amb-ajudes-i-subvencions\/#primaryimage","url":"https:\/\/www.ariasassessors.com\/wp-content\/uploads\/2023\/11\/editable.jpg","contentUrl":"https:\/\/www.ariasassessors.com\/wp-content\/uploads\/2023\/11\/editable.jpg","width":1080,"height":676,"caption":"Carga vehiculo electrico"},{"@type":"BreadcrumbList","@id":"https:\/\/www.ariasassessors.com\/ca\/compatibilitat-de-la-nova-deduccio-per-adquisicio-de-vehicle-electric-a-irpf-amb-ajudes-i-subvencions\/#breadcrumb","itemListElement":[{"@type":"ListItem","position":1,"name":"Portada","item":"https:\/\/www.ariasassessors.com\/ca\/"},{"@type":"ListItem","position":2,"name":"Compatibilitat de la Nova Deducci\u00f3 per Adquisici\u00f3 de Vehicle El\u00e8ctric a IRPF amb Ajudes i Subvencions"}]},{"@type":"WebSite","@id":"https:\/\/www.ariasassessors.com\/#website","url":"https:\/\/www.ariasassessors.com\/","name":"Arias Assessors","description":"Asesor\u00eda para aut\u00f3nomos, profesionales y PYMES","publisher":{"@id":"https:\/\/www.ariasassessors.com\/#organization"},"potentialAction":[{"@type":"SearchAction","target":{"@type":"EntryPoint","urlTemplate":"https:\/\/www.ariasassessors.com\/?s={search_term_string}"},"query-input":{"@type":"PropertyValueSpecification","valueRequired":true,"valueName":"search_term_string"}}],"inLanguage":"ca"},{"@type":"Organization","@id":"https:\/\/www.ariasassessors.com\/#organization","name":"Arias Assessors","url":"https:\/\/www.ariasassessors.com\/","logo":{"@type":"ImageObject","inLanguage":"ca","@id":"https:\/\/www.ariasassessors.com\/#\/schema\/logo\/image\/","url":"https:\/\/www.ariasassessors.com\/wp-content\/uploads\/2019\/01\/arias-logo.png","contentUrl":"https:\/\/www.ariasassessors.com\/wp-content\/uploads\/2019\/01\/arias-logo.png","width":349,"height":254,"caption":"Arias Assessors"},"image":{"@id":"https:\/\/www.ariasassessors.com\/#\/schema\/logo\/image\/"},"sameAs":["https:\/\/www.facebook.com\/ariasassessors\/","https:\/\/x.com\/ariasassessors","https:\/\/www.linkedin.com\/company\/r&amp;amp;r-growing-knowledge\/"]},{"@type":"Person","@id":"https:\/\/www.ariasassessors.com\/#\/schema\/person\/63c6ad1775f0a9413c37932562673cef","name":"btorras","image":{"@type":"ImageObject","inLanguage":"ca","@id":"https:\/\/www.ariasassessors.com\/#\/schema\/person\/image\/","url":"https:\/\/secure.gravatar.com\/avatar\/0531db351fc361fdbfd204c58fa2d6a3?s=96&d=mm&r=g","contentUrl":"https:\/\/secure.gravatar.com\/avatar\/0531db351fc361fdbfd204c58fa2d6a3?s=96&d=mm&r=g","caption":"btorras"}}]}},"_links":{"self":[{"href":"https:\/\/www.ariasassessors.com\/ca\/wp-json\/wp\/v2\/posts\/3026","targetHints":{"allow":["GET"]}}],"collection":[{"href":"https:\/\/www.ariasassessors.com\/ca\/wp-json\/wp\/v2\/posts"}],"about":[{"href":"https:\/\/www.ariasassessors.com\/ca\/wp-json\/wp\/v2\/types\/post"}],"author":[{"embeddable":true,"href":"https:\/\/www.ariasassessors.com\/ca\/wp-json\/wp\/v2\/users\/2"}],"replies":[{"embeddable":true,"href":"https:\/\/www.ariasassessors.com\/ca\/wp-json\/wp\/v2\/comments?post=3026"}],"version-history":[{"count":1,"href":"https:\/\/www.ariasassessors.com\/ca\/wp-json\/wp\/v2\/posts\/3026\/revisions"}],"predecessor-version":[{"id":3027,"href":"https:\/\/www.ariasassessors.com\/ca\/wp-json\/wp\/v2\/posts\/3026\/revisions\/3027"}],"wp:featuredmedia":[{"embeddable":true,"href":"https:\/\/www.ariasassessors.com\/ca\/wp-json\/wp\/v2\/media\/3029"}],"wp:attachment":[{"href":"https:\/\/www.ariasassessors.com\/ca\/wp-json\/wp\/v2\/media?parent=3026"}],"wp:term":[{"taxonomy":"category","embeddable":true,"href":"https:\/\/www.ariasassessors.com\/ca\/wp-json\/wp\/v2\/categories?post=3026"},{"taxonomy":"post_tag","embeddable":true,"href":"https:\/\/www.ariasassessors.com\/ca\/wp-json\/wp\/v2\/tags?post=3026"}],"curies":[{"name":"wp","href":"https:\/\/api.w.org\/{rel}","templated":true}]}}