{"id":3060,"date":"2023-11-29T12:33:52","date_gmt":"2023-11-29T11:33:52","guid":{"rendered":"https:\/\/www.ariasassessors.com\/?p=3060"},"modified":"2023-11-29T12:33:52","modified_gmt":"2023-11-29T11:33:52","slug":"que-has-de-fer-si-encara-no-has-pagat-limpost-sobre-el-co2-dels-vehicles","status":"publish","type":"post","link":"https:\/\/www.ariasassessors.com\/ca\/que-has-de-fer-si-encara-no-has-pagat-limpost-sobre-el-co2-dels-vehicles\/","title":{"rendered":"Qu\u00e8 has de fer si encara no has pagat l&#8217;impost sobre el CO2 dels vehicles?"},"content":{"rendered":"<p>En la complexitat dels tr\u00e0mits i les responsabilitats fiscals, \u00e9s f\u00e0cil passar per alt dates l\u00edmit i obligacions tribut\u00e0ries. Si encara no has pagat l&#8217;impost sobre el CO2 dels vehicles corresponent a l&#8217;exercici 2022, aquest article et proporcionar\u00e0 la informaci\u00f3 clau per evitar inconvenients i possibles rec\u00e0rrecs. Descobreix les opcions disponibles i com procedir en aquesta situaci\u00f3.<\/p>\n<div id=\"ez-toc-container\" class=\"ez-toc-v2_0_72 counter-hierarchy ez-toc-counter ez-toc-grey ez-toc-container-direction\">\n<div class=\"ez-toc-title-container\">\n<p class=\"ez-toc-title\" style=\"cursor:inherit\">\u00cdndice de Contenidos<\/p>\n<span class=\"ez-toc-title-toggle\"><a href=\"#\" class=\"ez-toc-pull-right ez-toc-btn ez-toc-btn-xs ez-toc-btn-default ez-toc-toggle\" aria-label=\"Toggle Table of Content\"><span class=\"ez-toc-js-icon-con\"><span class=\"\"><span class=\"eztoc-hide\" style=\"display:none;\">Toggle<\/span><span class=\"ez-toc-icon-toggle-span\"><svg style=\"fill: #428bca;color:#428bca\" xmlns=\"http:\/\/www.w3.org\/2000\/svg\" class=\"list-377408\" width=\"20px\" height=\"20px\" viewBox=\"0 0 24 24\" fill=\"none\"><path d=\"M6 6H4v2h2V6zm14 0H8v2h12V6zM4 11h2v2H4v-2zm16 0H8v2h12v-2zM4 16h2v2H4v-2zm16 0H8v2h12v-2z\" fill=\"currentColor\"><\/path><\/svg><svg style=\"fill: #428bca;color:#428bca\" class=\"arrow-unsorted-368013\" xmlns=\"http:\/\/www.w3.org\/2000\/svg\" width=\"10px\" height=\"10px\" viewBox=\"0 0 24 24\" version=\"1.2\" baseProfile=\"tiny\"><path d=\"M18.2 9.3l-6.2-6.3-6.2 6.3c-.2.2-.3.4-.3.7s.1.5.3.7c.2.2.4.3.7.3h11c.3 0 .5-.1.7-.3.2-.2.3-.5.3-.7s-.1-.5-.3-.7zM5.8 14.7l6.2 6.3 6.2-6.3c.2-.2.3-.5.3-.7s-.1-.5-.3-.7c-.2-.2-.4-.3-.7-.3h-11c-.3 0-.5.1-.7.3-.2.2-.3.5-.3.7s.1.5.3.7z\"\/><\/svg><\/span><\/span><\/span><\/a><\/span><\/div>\n<nav><ul class='ez-toc-list ez-toc-list-level-1 eztoc-toggle-hide-by-default' ><li class='ez-toc-page-1 ez-toc-heading-level-3'><a class=\"ez-toc-link ez-toc-heading-1\" href=\"https:\/\/www.ariasassessors.com\/ca\/que-has-de-fer-si-encara-no-has-pagat-limpost-sobre-el-co2-dels-vehicles\/#El_Termini_Voluntari_ha_Conclos_I_Ara_Que\" title=\"El Termini Voluntari ha Concl\u00f2s, I Ara Qu\u00e8?\">El Termini Voluntari ha Concl\u00f2s, I Ara Qu\u00e8?<\/a><\/li><li class='ez-toc-page-1 ez-toc-heading-level-3'><a class=\"ez-toc-link ez-toc-heading-2\" href=\"https:\/\/www.ariasassessors.com\/ca\/que-has-de-fer-si-encara-no-has-pagat-limpost-sobre-el-co2-dels-vehicles\/#Opcions_per_al_Pagament_amb_Recarrec_del_5\" title=\"Opcions per al Pagament amb Rec\u00e0rrec del 5 %\">Opcions per al Pagament amb Rec\u00e0rrec del 5 %<\/a><\/li><li class='ez-toc-page-1 ez-toc-heading-level-3'><a class=\"ez-toc-link ez-toc-heading-3\" href=\"https:\/\/www.ariasassessors.com\/ca\/que-has-de-fer-si-encara-no-has-pagat-limpost-sobre-el-co2-dels-vehicles\/#Evita_la_Via_Executiva_i_les_seves_Consequencies\" title=\"Evita la Via Executiva i les seves Conseq\u00fc\u00e8ncies\">Evita la Via Executiva i les seves Conseq\u00fc\u00e8ncies<\/a><\/li><li class='ez-toc-page-1 ez-toc-heading-level-3'><a class=\"ez-toc-link ez-toc-heading-4\" href=\"https:\/\/www.ariasassessors.com\/ca\/que-has-de-fer-si-encara-no-has-pagat-limpost-sobre-el-co2-dels-vehicles\/#Que_Succeeix_Si_No_Actues\" title=\"Qu\u00e8 Succeeix Si No Actues?\">Qu\u00e8 Succeeix Si No Actues?<\/a><\/li><li class='ez-toc-page-1 ez-toc-heading-level-3'><a class=\"ez-toc-link ez-toc-heading-5\" href=\"https:\/\/www.ariasassessors.com\/ca\/que-has-de-fer-si-encara-no-has-pagat-limpost-sobre-el-co2-dels-vehicles\/#Passos_per_Regularitzar_la_teva_Situacio_Recursos_Disponibles\" title=\"Passos per Regularitzar la teva Situaci\u00f3: Recursos Disponibles\">Passos per Regularitzar la teva Situaci\u00f3: Recursos Disponibles<\/a><\/li><li class='ez-toc-page-1 ez-toc-heading-level-3'><a class=\"ez-toc-link ez-toc-heading-6\" href=\"https:\/\/www.ariasassessors.com\/ca\/que-has-de-fer-si-encara-no-has-pagat-limpost-sobre-el-co2-dels-vehicles\/#Conclusions_Pren_el_Control_de_la_teva_Situacio_Tributaria\" title=\"Conclusions: Pren el Control de la teva Situaci\u00f3 Tribut\u00e0ria\">Conclusions: Pren el Control de la teva Situaci\u00f3 Tribut\u00e0ria<\/a><\/li><\/ul><\/nav><\/div>\n<h3><span class=\"ez-toc-section\" id=\"El_Termini_Voluntari_ha_Conclos_I_Ara_Que\"><\/span><strong>El Termini Voluntari ha Concl\u00f2s, I Ara Qu\u00e8?<\/strong><span class=\"ez-toc-section-end\"><\/span><\/h3>\n<p>El passat 20 de novembre va marcar el tancament del termini voluntari per al pagament de l&#8217;impost sobre les emissions de CO2 dels vehicles corresponent a l&#8217;exercici 2022. No obstant aix\u00f2, si per alguna ra\u00f3 no vas poder complir amb aquesta data l\u00edmit, encara tens opcions disponibles. El primer pas \u00e9s comprendre les conseq\u00fc\u00e8ncies i els passos a seguir.<\/p>\n<h3><span class=\"ez-toc-section\" id=\"Opcions_per_al_Pagament_amb_Recarrec_del_5\"><\/span><strong>Opcions per al Pagament amb Rec\u00e0rrec del 5 %<\/strong><span class=\"ez-toc-section-end\"><\/span><\/h3>\n<p>Si et trobes en la situaci\u00f3 de no haver realitzat el pagament en el termini establert, existeix la possibilitat de fer-ho amb un rec\u00e0rrec del 5 %. Aquest rec\u00e0rrec s&#8217;aplicar\u00e0 abans que la deute sigui reclamada per via executiva, el que significa que encara tens marge per regularitzar la teva situaci\u00f3 tribut\u00e0ria.<\/p>\n<p>Per abonar l&#8217;impost amb el rec\u00e0rrec del 5 %, es presenten dues alternatives:<\/p>\n<ol>\n<li><strong>Pagament amb la Carta de Pagament:<\/strong> Si disposes de la carta de pagament, la qual ja inclou l&#8217;import amb el rec\u00e0rrec del 5 %, podr\u00e0s realitzar el pagament fins al dia 26 de gener de 2024. Aquest m\u00e8tode \u00e9s convenient si ja has rebut la comunicaci\u00f3 corresponent.<\/li>\n<li><strong>Acc\u00e9s al Padr\u00f3:<\/strong> Si no disposes de la carta de pagament per\u00f2 el teu vehicle figura com a &#8220;pendent&#8221; al padr\u00f3, pots efectuar el pagament del deute. Aquest m\u00e8tode et permet realitzar el pagament mentre el vehicle estigui en estat de pendent.<\/li>\n<\/ol>\n<h3><span class=\"ez-toc-section\" id=\"Evita_la_Via_Executiva_i_les_seves_Consequencies\"><\/span><strong>Evita la Via Executiva i les seves Conseq\u00fc\u00e8ncies<\/strong><span class=\"ez-toc-section-end\"><\/span><\/h3>\n<p>\u00c9s crucial comprendre les implicacions si el deute passa a la via executiva de cobrament. En aquesta etapa, el rec\u00e0rrec augmentar\u00e0 al 10 %, i rebr\u00e0s una notificaci\u00f3 amb una provisi\u00f3 de constrenyiment i una nova carta de pagament per ingr\u00e9s del deute. En cas de no realitzar el pagament en aquesta inst\u00e0ncia, el rec\u00e0rrec continuar\u00e0 incrementant-se, i el proc\u00e9s podria culminar en un embargo de comptes.<\/p>\n<h3><span class=\"ez-toc-section\" id=\"Que_Succeeix_Si_No_Actues\"><\/span><strong>Qu\u00e8 Succeeix Si No Actues?<\/strong><span class=\"ez-toc-section-end\"><\/span><\/h3>\n<p>La inacci\u00f3 davant d&#8217;un deute tributari pot tenir conseq\u00fc\u00e8ncies greus. L&#8217;increment del rec\u00e0rrec i la possibilitat d&#8217;un embargo de comptes s\u00f3n escenaris que has d&#8217;evitar. Actuar de manera proactiva no nom\u00e9s t&#8217;estalviar\u00e0 diners en rec\u00e0rrecs, sin\u00f3 que tamb\u00e9 et permetr\u00e0 mantenir una situaci\u00f3 fiscal saludable i evitar complicacions a llarg termini.<\/p>\n<h3><span class=\"ez-toc-section\" id=\"Passos_per_Regularitzar_la_teva_Situacio_Recursos_Disponibles\"><\/span><strong>Passos per Regularitzar la teva Situaci\u00f3: Recursos Disponibles<\/strong><span class=\"ez-toc-section-end\"><\/span><\/h3>\n<p>Per aquells que vulguin obtenir m\u00e9s informaci\u00f3 o necessitin orientaci\u00f3 addicional, es recomana consultar la secci\u00f3 de Recaptaci\u00f3 Executiva al lloc web Gencat.cat. Aquesta plataforma proporciona recursos detallats sobre el proc\u00e9s i pot servir com una guia \u00fatil per entendre els passos a seguir.<\/p>\n<h3><span class=\"ez-toc-section\" id=\"Conclusions_Pren_el_Control_de_la_teva_Situacio_Tributaria\"><\/span><strong>Conclusions: Pren el Control de la teva Situaci\u00f3 Tribut\u00e0ria<\/strong><span class=\"ez-toc-section-end\"><\/span><\/h3>\n<p>En resum, si encara no has pagat l&#8217;impost sobre el CO2 dels vehicles corresponent a l&#8217;exercici 2022, no et preocupis, per\u00f2 actu\u00efs amb dilig\u00e8ncia. Amb les opcions disponibles per al pagament amb rec\u00e0rrec del 5 %, encara tens l&#8217;oportunitat de regularitzar la teva situaci\u00f3 abans que s&#8217;agreugin els rec\u00e0rrecs i les conseq\u00fc\u00e8ncies fiscals.<\/p>\n<p>Prendre el control de la teva situaci\u00f3 tribut\u00e0ria \u00e9s fonamental per evitar problemes futurs. Ja sigui optant pel pagament amb la carta de pagament o accedint al padr\u00f3, assegura&#8217;t de complir amb les teves obligacions fiscals i mantenir el teu historial financer en ordre. Evitar la via executiva \u00e9s clau per evitar rec\u00e0rrecs addicionals i garantir una transici\u00f3 sense contratemps cap a una situaci\u00f3 tribut\u00e0ria saludable. No esperis m\u00e9s, pren acci\u00f3 ara i assegura&#8217;t d&#8217;estar al dia amb les teves obligacions tribut\u00e0ries!<\/p>\n","protected":false},"excerpt":{"rendered":"<p>En la complexitat dels tr\u00e0mits i les responsabilitats fiscals, \u00e9s f\u00e0cil passar per alt dates l\u00edmit i obligacions tribut\u00e0ries. Si encara no has pagat l&#8217;impost sobre el CO2 dels vehicles corresponent a l&#8217;exercici 2022, aquest article et proporcionar\u00e0 la informaci\u00f3 clau per evitar inconvenients i&#8230;<\/p>\n","protected":false},"author":2,"featured_media":3059,"comment_status":"open","ping_status":"open","sticky":false,"template":"","format":"standard","meta":{"footnotes":""},"categories":[4],"tags":[],"class_list":["post-3060","post","type-post","status-publish","format-standard","has-post-thumbnail","hentry","category-noticies"],"yoast_head":"<!-- This site is optimized with the Yoast SEO plugin v24.3 - https:\/\/yoast.com\/wordpress\/plugins\/seo\/ -->\n<title>Qu\u00e8 has de fer si encara no has pagat l&#039;impost sobre el CO2 dels vehicles? | Arias Assessors<\/title>\n<meta name=\"description\" content=\"Si encara no has pagat l&#039;impost sobre el CO2 dels vehicles de 2022, aquest article et proporcionar\u00e0 la informaci\u00f3 clau per evitar inconvenients i rec\u00e0rrecs.\" \/>\n<meta name=\"robots\" content=\"index, follow, max-snippet:-1, max-image-preview:large, max-video-preview:-1\" \/>\n<link rel=\"canonical\" href=\"https:\/\/www.ariasassessors.com\/ca\/que-has-de-fer-si-encara-no-has-pagat-limpost-sobre-el-co2-dels-vehicles\/\" \/>\n<meta property=\"og:locale\" content=\"ca_ES\" \/>\n<meta property=\"og:type\" content=\"article\" \/>\n<meta property=\"og:title\" content=\"Qu\u00e8 has de fer si encara no has pagat l&#039;impost sobre el CO2 dels vehicles? | Arias Assessors\" \/>\n<meta property=\"og:description\" content=\"Si encara no has pagat l&#039;impost sobre el CO2 dels vehicles de 2022, aquest article et proporcionar\u00e0 la informaci\u00f3 clau per evitar inconvenients i rec\u00e0rrecs.\" \/>\n<meta property=\"og:url\" content=\"https:\/\/www.ariasassessors.com\/ca\/que-has-de-fer-si-encara-no-has-pagat-limpost-sobre-el-co2-dels-vehicles\/\" \/>\n<meta property=\"og:site_name\" content=\"Arias Assessors\" \/>\n<meta property=\"article:publisher\" content=\"https:\/\/www.facebook.com\/ariasassessors\/\" \/>\n<meta property=\"article:published_time\" content=\"2023-11-29T11:33:52+00:00\" \/>\n<meta property=\"og:image\" content=\"https:\/\/www.ariasassessors.com\/wp-content\/uploads\/2023\/11\/vista-superior-trabajador-autonomo-ocupado-corte-pelo-afro-trabaja-proyecto-linea-min-min.png\" \/>\n\t<meta property=\"og:image:width\" content=\"1000\" \/>\n\t<meta property=\"og:image:height\" content=\"667\" \/>\n\t<meta property=\"og:image:type\" content=\"image\/png\" \/>\n<meta name=\"author\" content=\"btorras\" \/>\n<meta name=\"twitter:card\" content=\"summary_large_image\" \/>\n<meta name=\"twitter:creator\" content=\"@ariasassessors\" \/>\n<meta name=\"twitter:site\" content=\"@ariasassessors\" \/>\n<meta name=\"twitter:label1\" content=\"Escrit per\" \/>\n\t<meta name=\"twitter:data1\" content=\"btorras\" \/>\n\t<meta name=\"twitter:label2\" content=\"Temps estimat de lectura\" \/>\n\t<meta name=\"twitter:data2\" content=\"3 minuts\" \/>\n<script type=\"application\/ld+json\" class=\"yoast-schema-graph\">{\"@context\":\"https:\/\/schema.org\",\"@graph\":[{\"@type\":\"Article\",\"@id\":\"https:\/\/www.ariasassessors.com\/ca\/que-has-de-fer-si-encara-no-has-pagat-limpost-sobre-el-co2-dels-vehicles\/#article\",\"isPartOf\":{\"@id\":\"https:\/\/www.ariasassessors.com\/ca\/que-has-de-fer-si-encara-no-has-pagat-limpost-sobre-el-co2-dels-vehicles\/\"},\"author\":{\"name\":\"btorras\",\"@id\":\"https:\/\/www.ariasassessors.com\/#\/schema\/person\/63c6ad1775f0a9413c37932562673cef\"},\"headline\":\"Qu\u00e8 has de fer si encara no has pagat l&#8217;impost sobre el CO2 dels vehicles?\",\"datePublished\":\"2023-11-29T11:33:52+00:00\",\"dateModified\":\"2023-11-29T11:33:52+00:00\",\"mainEntityOfPage\":{\"@id\":\"https:\/\/www.ariasassessors.com\/ca\/que-has-de-fer-si-encara-no-has-pagat-limpost-sobre-el-co2-dels-vehicles\/\"},\"wordCount\":655,\"commentCount\":0,\"publisher\":{\"@id\":\"https:\/\/www.ariasassessors.com\/#organization\"},\"image\":{\"@id\":\"https:\/\/www.ariasassessors.com\/ca\/que-has-de-fer-si-encara-no-has-pagat-limpost-sobre-el-co2-dels-vehicles\/#primaryimage\"},\"thumbnailUrl\":\"https:\/\/www.ariasassessors.com\/wp-content\/uploads\/2023\/11\/vista-superior-trabajador-autonomo-ocupado-corte-pelo-afro-trabaja-proyecto-linea-min-min.png\",\"articleSection\":[\"noticies\"],\"inLanguage\":\"ca\",\"potentialAction\":[{\"@type\":\"CommentAction\",\"name\":\"Comment\",\"target\":[\"https:\/\/www.ariasassessors.com\/ca\/que-has-de-fer-si-encara-no-has-pagat-limpost-sobre-el-co2-dels-vehicles\/#respond\"]}]},{\"@type\":\"WebPage\",\"@id\":\"https:\/\/www.ariasassessors.com\/ca\/que-has-de-fer-si-encara-no-has-pagat-limpost-sobre-el-co2-dels-vehicles\/\",\"url\":\"https:\/\/www.ariasassessors.com\/ca\/que-has-de-fer-si-encara-no-has-pagat-limpost-sobre-el-co2-dels-vehicles\/\",\"name\":\"Qu\u00e8 has de fer si encara no has pagat l'impost sobre el CO2 dels vehicles? | Arias Assessors\",\"isPartOf\":{\"@id\":\"https:\/\/www.ariasassessors.com\/#website\"},\"primaryImageOfPage\":{\"@id\":\"https:\/\/www.ariasassessors.com\/ca\/que-has-de-fer-si-encara-no-has-pagat-limpost-sobre-el-co2-dels-vehicles\/#primaryimage\"},\"image\":{\"@id\":\"https:\/\/www.ariasassessors.com\/ca\/que-has-de-fer-si-encara-no-has-pagat-limpost-sobre-el-co2-dels-vehicles\/#primaryimage\"},\"thumbnailUrl\":\"https:\/\/www.ariasassessors.com\/wp-content\/uploads\/2023\/11\/vista-superior-trabajador-autonomo-ocupado-corte-pelo-afro-trabaja-proyecto-linea-min-min.png\",\"datePublished\":\"2023-11-29T11:33:52+00:00\",\"dateModified\":\"2023-11-29T11:33:52+00:00\",\"description\":\"Si encara no has pagat l'impost sobre el CO2 dels vehicles de 2022, aquest article et proporcionar\u00e0 la informaci\u00f3 clau per evitar inconvenients i rec\u00e0rrecs.\",\"breadcrumb\":{\"@id\":\"https:\/\/www.ariasassessors.com\/ca\/que-has-de-fer-si-encara-no-has-pagat-limpost-sobre-el-co2-dels-vehicles\/#breadcrumb\"},\"inLanguage\":\"ca\",\"potentialAction\":[{\"@type\":\"ReadAction\",\"target\":[\"https:\/\/www.ariasassessors.com\/ca\/que-has-de-fer-si-encara-no-has-pagat-limpost-sobre-el-co2-dels-vehicles\/\"]}]},{\"@type\":\"ImageObject\",\"inLanguage\":\"ca\",\"@id\":\"https:\/\/www.ariasassessors.com\/ca\/que-has-de-fer-si-encara-no-has-pagat-limpost-sobre-el-co2-dels-vehicles\/#primaryimage\",\"url\":\"https:\/\/www.ariasassessors.com\/wp-content\/uploads\/2023\/11\/vista-superior-trabajador-autonomo-ocupado-corte-pelo-afro-trabaja-proyecto-linea-min-min.png\",\"contentUrl\":\"https:\/\/www.ariasassessors.com\/wp-content\/uploads\/2023\/11\/vista-superior-trabajador-autonomo-ocupado-corte-pelo-afro-trabaja-proyecto-linea-min-min.png\",\"width\":1000,\"height\":667,\"caption\":\"pago de impuestos\"},{\"@type\":\"BreadcrumbList\",\"@id\":\"https:\/\/www.ariasassessors.com\/ca\/que-has-de-fer-si-encara-no-has-pagat-limpost-sobre-el-co2-dels-vehicles\/#breadcrumb\",\"itemListElement\":[{\"@type\":\"ListItem\",\"position\":1,\"name\":\"Portada\",\"item\":\"https:\/\/www.ariasassessors.com\/ca\/\"},{\"@type\":\"ListItem\",\"position\":2,\"name\":\"Qu\u00e8 has de fer si encara no has pagat l&#8217;impost sobre el CO2 dels vehicles?\"}]},{\"@type\":\"WebSite\",\"@id\":\"https:\/\/www.ariasassessors.com\/#website\",\"url\":\"https:\/\/www.ariasassessors.com\/\",\"name\":\"Arias Assessors\",\"description\":\"Asesor\u00eda para aut\u00f3nomos, profesionales y PYMES\",\"publisher\":{\"@id\":\"https:\/\/www.ariasassessors.com\/#organization\"},\"potentialAction\":[{\"@type\":\"SearchAction\",\"target\":{\"@type\":\"EntryPoint\",\"urlTemplate\":\"https:\/\/www.ariasassessors.com\/?s={search_term_string}\"},\"query-input\":{\"@type\":\"PropertyValueSpecification\",\"valueRequired\":true,\"valueName\":\"search_term_string\"}}],\"inLanguage\":\"ca\"},{\"@type\":\"Organization\",\"@id\":\"https:\/\/www.ariasassessors.com\/#organization\",\"name\":\"Arias Assessors\",\"url\":\"https:\/\/www.ariasassessors.com\/\",\"logo\":{\"@type\":\"ImageObject\",\"inLanguage\":\"ca\",\"@id\":\"https:\/\/www.ariasassessors.com\/#\/schema\/logo\/image\/\",\"url\":\"https:\/\/www.ariasassessors.com\/wp-content\/uploads\/2019\/01\/arias-logo.png\",\"contentUrl\":\"https:\/\/www.ariasassessors.com\/wp-content\/uploads\/2019\/01\/arias-logo.png\",\"width\":349,\"height\":254,\"caption\":\"Arias Assessors\"},\"image\":{\"@id\":\"https:\/\/www.ariasassessors.com\/#\/schema\/logo\/image\/\"},\"sameAs\":[\"https:\/\/www.facebook.com\/ariasassessors\/\",\"https:\/\/x.com\/ariasassessors\",\"https:\/\/www.linkedin.com\/company\/r&amp;amp;r-growing-knowledge\/\"]},{\"@type\":\"Person\",\"@id\":\"https:\/\/www.ariasassessors.com\/#\/schema\/person\/63c6ad1775f0a9413c37932562673cef\",\"name\":\"btorras\",\"image\":{\"@type\":\"ImageObject\",\"inLanguage\":\"ca\",\"@id\":\"https:\/\/www.ariasassessors.com\/#\/schema\/person\/image\/\",\"url\":\"https:\/\/secure.gravatar.com\/avatar\/0531db351fc361fdbfd204c58fa2d6a3?s=96&d=mm&r=g\",\"contentUrl\":\"https:\/\/secure.gravatar.com\/avatar\/0531db351fc361fdbfd204c58fa2d6a3?s=96&d=mm&r=g\",\"caption\":\"btorras\"}}]}<\/script>\n<!-- \/ Yoast SEO plugin. -->","yoast_head_json":{"title":"Qu\u00e8 has de fer si encara no has pagat l'impost sobre el CO2 dels vehicles? | Arias Assessors","description":"Si encara no has pagat l'impost sobre el CO2 dels vehicles de 2022, aquest article et proporcionar\u00e0 la informaci\u00f3 clau per evitar inconvenients i rec\u00e0rrecs.","robots":{"index":"index","follow":"follow","max-snippet":"max-snippet:-1","max-image-preview":"max-image-preview:large","max-video-preview":"max-video-preview:-1"},"canonical":"https:\/\/www.ariasassessors.com\/ca\/que-has-de-fer-si-encara-no-has-pagat-limpost-sobre-el-co2-dels-vehicles\/","og_locale":"ca_ES","og_type":"article","og_title":"Qu\u00e8 has de fer si encara no has pagat l'impost sobre el CO2 dels vehicles? | Arias Assessors","og_description":"Si encara no has pagat l'impost sobre el CO2 dels vehicles de 2022, aquest article et proporcionar\u00e0 la informaci\u00f3 clau per evitar inconvenients i rec\u00e0rrecs.","og_url":"https:\/\/www.ariasassessors.com\/ca\/que-has-de-fer-si-encara-no-has-pagat-limpost-sobre-el-co2-dels-vehicles\/","og_site_name":"Arias Assessors","article_publisher":"https:\/\/www.facebook.com\/ariasassessors\/","article_published_time":"2023-11-29T11:33:52+00:00","og_image":[{"width":1000,"height":667,"url":"https:\/\/www.ariasassessors.com\/wp-content\/uploads\/2023\/11\/vista-superior-trabajador-autonomo-ocupado-corte-pelo-afro-trabaja-proyecto-linea-min-min.png","type":"image\/png"}],"author":"btorras","twitter_card":"summary_large_image","twitter_creator":"@ariasassessors","twitter_site":"@ariasassessors","twitter_misc":{"Escrit per":"btorras","Temps estimat de lectura":"3 minuts"},"schema":{"@context":"https:\/\/schema.org","@graph":[{"@type":"Article","@id":"https:\/\/www.ariasassessors.com\/ca\/que-has-de-fer-si-encara-no-has-pagat-limpost-sobre-el-co2-dels-vehicles\/#article","isPartOf":{"@id":"https:\/\/www.ariasassessors.com\/ca\/que-has-de-fer-si-encara-no-has-pagat-limpost-sobre-el-co2-dels-vehicles\/"},"author":{"name":"btorras","@id":"https:\/\/www.ariasassessors.com\/#\/schema\/person\/63c6ad1775f0a9413c37932562673cef"},"headline":"Qu\u00e8 has de fer si encara no has pagat l&#8217;impost sobre el CO2 dels vehicles?","datePublished":"2023-11-29T11:33:52+00:00","dateModified":"2023-11-29T11:33:52+00:00","mainEntityOfPage":{"@id":"https:\/\/www.ariasassessors.com\/ca\/que-has-de-fer-si-encara-no-has-pagat-limpost-sobre-el-co2-dels-vehicles\/"},"wordCount":655,"commentCount":0,"publisher":{"@id":"https:\/\/www.ariasassessors.com\/#organization"},"image":{"@id":"https:\/\/www.ariasassessors.com\/ca\/que-has-de-fer-si-encara-no-has-pagat-limpost-sobre-el-co2-dels-vehicles\/#primaryimage"},"thumbnailUrl":"https:\/\/www.ariasassessors.com\/wp-content\/uploads\/2023\/11\/vista-superior-trabajador-autonomo-ocupado-corte-pelo-afro-trabaja-proyecto-linea-min-min.png","articleSection":["noticies"],"inLanguage":"ca","potentialAction":[{"@type":"CommentAction","name":"Comment","target":["https:\/\/www.ariasassessors.com\/ca\/que-has-de-fer-si-encara-no-has-pagat-limpost-sobre-el-co2-dels-vehicles\/#respond"]}]},{"@type":"WebPage","@id":"https:\/\/www.ariasassessors.com\/ca\/que-has-de-fer-si-encara-no-has-pagat-limpost-sobre-el-co2-dels-vehicles\/","url":"https:\/\/www.ariasassessors.com\/ca\/que-has-de-fer-si-encara-no-has-pagat-limpost-sobre-el-co2-dels-vehicles\/","name":"Qu\u00e8 has de fer si encara no has pagat l'impost sobre el CO2 dels vehicles? | Arias Assessors","isPartOf":{"@id":"https:\/\/www.ariasassessors.com\/#website"},"primaryImageOfPage":{"@id":"https:\/\/www.ariasassessors.com\/ca\/que-has-de-fer-si-encara-no-has-pagat-limpost-sobre-el-co2-dels-vehicles\/#primaryimage"},"image":{"@id":"https:\/\/www.ariasassessors.com\/ca\/que-has-de-fer-si-encara-no-has-pagat-limpost-sobre-el-co2-dels-vehicles\/#primaryimage"},"thumbnailUrl":"https:\/\/www.ariasassessors.com\/wp-content\/uploads\/2023\/11\/vista-superior-trabajador-autonomo-ocupado-corte-pelo-afro-trabaja-proyecto-linea-min-min.png","datePublished":"2023-11-29T11:33:52+00:00","dateModified":"2023-11-29T11:33:52+00:00","description":"Si encara no has pagat l'impost sobre el CO2 dels vehicles de 2022, aquest article et proporcionar\u00e0 la informaci\u00f3 clau per evitar inconvenients i rec\u00e0rrecs.","breadcrumb":{"@id":"https:\/\/www.ariasassessors.com\/ca\/que-has-de-fer-si-encara-no-has-pagat-limpost-sobre-el-co2-dels-vehicles\/#breadcrumb"},"inLanguage":"ca","potentialAction":[{"@type":"ReadAction","target":["https:\/\/www.ariasassessors.com\/ca\/que-has-de-fer-si-encara-no-has-pagat-limpost-sobre-el-co2-dels-vehicles\/"]}]},{"@type":"ImageObject","inLanguage":"ca","@id":"https:\/\/www.ariasassessors.com\/ca\/que-has-de-fer-si-encara-no-has-pagat-limpost-sobre-el-co2-dels-vehicles\/#primaryimage","url":"https:\/\/www.ariasassessors.com\/wp-content\/uploads\/2023\/11\/vista-superior-trabajador-autonomo-ocupado-corte-pelo-afro-trabaja-proyecto-linea-min-min.png","contentUrl":"https:\/\/www.ariasassessors.com\/wp-content\/uploads\/2023\/11\/vista-superior-trabajador-autonomo-ocupado-corte-pelo-afro-trabaja-proyecto-linea-min-min.png","width":1000,"height":667,"caption":"pago de impuestos"},{"@type":"BreadcrumbList","@id":"https:\/\/www.ariasassessors.com\/ca\/que-has-de-fer-si-encara-no-has-pagat-limpost-sobre-el-co2-dels-vehicles\/#breadcrumb","itemListElement":[{"@type":"ListItem","position":1,"name":"Portada","item":"https:\/\/www.ariasassessors.com\/ca\/"},{"@type":"ListItem","position":2,"name":"Qu\u00e8 has de fer si encara no has pagat l&#8217;impost sobre el CO2 dels vehicles?"}]},{"@type":"WebSite","@id":"https:\/\/www.ariasassessors.com\/#website","url":"https:\/\/www.ariasassessors.com\/","name":"Arias Assessors","description":"Asesor\u00eda para aut\u00f3nomos, profesionales y PYMES","publisher":{"@id":"https:\/\/www.ariasassessors.com\/#organization"},"potentialAction":[{"@type":"SearchAction","target":{"@type":"EntryPoint","urlTemplate":"https:\/\/www.ariasassessors.com\/?s={search_term_string}"},"query-input":{"@type":"PropertyValueSpecification","valueRequired":true,"valueName":"search_term_string"}}],"inLanguage":"ca"},{"@type":"Organization","@id":"https:\/\/www.ariasassessors.com\/#organization","name":"Arias Assessors","url":"https:\/\/www.ariasassessors.com\/","logo":{"@type":"ImageObject","inLanguage":"ca","@id":"https:\/\/www.ariasassessors.com\/#\/schema\/logo\/image\/","url":"https:\/\/www.ariasassessors.com\/wp-content\/uploads\/2019\/01\/arias-logo.png","contentUrl":"https:\/\/www.ariasassessors.com\/wp-content\/uploads\/2019\/01\/arias-logo.png","width":349,"height":254,"caption":"Arias Assessors"},"image":{"@id":"https:\/\/www.ariasassessors.com\/#\/schema\/logo\/image\/"},"sameAs":["https:\/\/www.facebook.com\/ariasassessors\/","https:\/\/x.com\/ariasassessors","https:\/\/www.linkedin.com\/company\/r&amp;amp;r-growing-knowledge\/"]},{"@type":"Person","@id":"https:\/\/www.ariasassessors.com\/#\/schema\/person\/63c6ad1775f0a9413c37932562673cef","name":"btorras","image":{"@type":"ImageObject","inLanguage":"ca","@id":"https:\/\/www.ariasassessors.com\/#\/schema\/person\/image\/","url":"https:\/\/secure.gravatar.com\/avatar\/0531db351fc361fdbfd204c58fa2d6a3?s=96&d=mm&r=g","contentUrl":"https:\/\/secure.gravatar.com\/avatar\/0531db351fc361fdbfd204c58fa2d6a3?s=96&d=mm&r=g","caption":"btorras"}}]}},"_links":{"self":[{"href":"https:\/\/www.ariasassessors.com\/ca\/wp-json\/wp\/v2\/posts\/3060","targetHints":{"allow":["GET"]}}],"collection":[{"href":"https:\/\/www.ariasassessors.com\/ca\/wp-json\/wp\/v2\/posts"}],"about":[{"href":"https:\/\/www.ariasassessors.com\/ca\/wp-json\/wp\/v2\/types\/post"}],"author":[{"embeddable":true,"href":"https:\/\/www.ariasassessors.com\/ca\/wp-json\/wp\/v2\/users\/2"}],"replies":[{"embeddable":true,"href":"https:\/\/www.ariasassessors.com\/ca\/wp-json\/wp\/v2\/comments?post=3060"}],"version-history":[{"count":1,"href":"https:\/\/www.ariasassessors.com\/ca\/wp-json\/wp\/v2\/posts\/3060\/revisions"}],"predecessor-version":[{"id":3061,"href":"https:\/\/www.ariasassessors.com\/ca\/wp-json\/wp\/v2\/posts\/3060\/revisions\/3061"}],"wp:featuredmedia":[{"embeddable":true,"href":"https:\/\/www.ariasassessors.com\/ca\/wp-json\/wp\/v2\/media\/3059"}],"wp:attachment":[{"href":"https:\/\/www.ariasassessors.com\/ca\/wp-json\/wp\/v2\/media?parent=3060"}],"wp:term":[{"taxonomy":"category","embeddable":true,"href":"https:\/\/www.ariasassessors.com\/ca\/wp-json\/wp\/v2\/categories?post=3060"},{"taxonomy":"post_tag","embeddable":true,"href":"https:\/\/www.ariasassessors.com\/ca\/wp-json\/wp\/v2\/tags?post=3060"}],"curies":[{"name":"wp","href":"https:\/\/api.w.org\/{rel}","templated":true}]}}