{"id":3066,"date":"2023-12-04T11:00:04","date_gmt":"2023-12-04T10:00:04","guid":{"rendered":"https:\/\/www.ariasassessors.com\/?p=3066"},"modified":"2023-12-04T11:00:04","modified_gmt":"2023-12-04T10:00:04","slug":"periodes-minims-de-cotitzacio-per-accedir-a-prestacions","status":"publish","type":"post","link":"https:\/\/www.ariasassessors.com\/ca\/periodes-minims-de-cotitzacio-per-accedir-a-prestacions\/","title":{"rendered":"Per\u00edodes M\u00ednims de Cotitzaci\u00f3 per Accedir a Prestacions"},"content":{"rendered":"<p>En el complex entramat de la Seguretat Social, comprendre els requisits i per\u00edodes m\u00ednims de cotitzaci\u00f3 \u00e9s essencial per garantir un futur financer estable. La revista de la Seguretat Social ha elaborat una guia detallada, disponible al seu web, que serveix com a br\u00faixola per a aquells que volen accedir a les prestacions m\u00e9s sol\u00b7licitades. Aquest article aprofundir\u00e0 en alguns dels aspectes clau d&#8217;aquesta guia, proporcionant informaci\u00f3 valuosa sobre els per\u00edodes m\u00ednims de cotitzaci\u00f3 per a prestacions espec\u00edfiques.<\/p>\n<div id=\"ez-toc-container\" class=\"ez-toc-v2_0_72 counter-hierarchy ez-toc-counter ez-toc-grey ez-toc-container-direction\">\n<div class=\"ez-toc-title-container\">\n<p class=\"ez-toc-title\" style=\"cursor:inherit\">\u00cdndice de Contenidos<\/p>\n<span class=\"ez-toc-title-toggle\"><a href=\"#\" class=\"ez-toc-pull-right ez-toc-btn ez-toc-btn-xs ez-toc-btn-default ez-toc-toggle\" aria-label=\"Toggle Table of Content\"><span class=\"ez-toc-js-icon-con\"><span class=\"\"><span class=\"eztoc-hide\" style=\"display:none;\">Toggle<\/span><span class=\"ez-toc-icon-toggle-span\"><svg style=\"fill: #428bca;color:#428bca\" xmlns=\"http:\/\/www.w3.org\/2000\/svg\" class=\"list-377408\" width=\"20px\" height=\"20px\" viewBox=\"0 0 24 24\" fill=\"none\"><path d=\"M6 6H4v2h2V6zm14 0H8v2h12V6zM4 11h2v2H4v-2zm16 0H8v2h12v-2zM4 16h2v2H4v-2zm16 0H8v2h12v-2z\" fill=\"currentColor\"><\/path><\/svg><svg style=\"fill: #428bca;color:#428bca\" class=\"arrow-unsorted-368013\" xmlns=\"http:\/\/www.w3.org\/2000\/svg\" width=\"10px\" height=\"10px\" viewBox=\"0 0 24 24\" version=\"1.2\" baseProfile=\"tiny\"><path d=\"M18.2 9.3l-6.2-6.3-6.2 6.3c-.2.2-.3.4-.3.7s.1.5.3.7c.2.2.4.3.7.3h11c.3 0 .5-.1.7-.3.2-.2.3-.5.3-.7s-.1-.5-.3-.7zM5.8 14.7l6.2 6.3 6.2-6.3c.2-.2.3-.5.3-.7s-.1-.5-.3-.7c-.2-.2-.4-.3-.7-.3h-11c-.3 0-.5.1-.7.3-.2.2-.3.5-.3.7s.1.5.3.7z\"\/><\/svg><\/span><\/span><\/span><\/a><\/span><\/div>\n<nav><ul class='ez-toc-list ez-toc-list-level-1 eztoc-toggle-hide-by-default' ><li class='ez-toc-page-1 ez-toc-heading-level-2'><a class=\"ez-toc-link ez-toc-heading-1\" href=\"https:\/\/www.ariasassessors.com\/ca\/periodes-minims-de-cotitzacio-per-accedir-a-prestacions\/#Pensio_de_Jubilacio_Ordinaria_Regim_General\" title=\"Pensi\u00f3 de Jubilaci\u00f3 Ordin\u00e0ria (R\u00e8gim General)\">Pensi\u00f3 de Jubilaci\u00f3 Ordin\u00e0ria (R\u00e8gim General)<\/a><\/li><li class='ez-toc-page-1 ez-toc-heading-level-2'><a class=\"ez-toc-link ez-toc-heading-2\" href=\"https:\/\/www.ariasassessors.com\/ca\/periodes-minims-de-cotitzacio-per-accedir-a-prestacions\/#Prestacio_per_Incapacitat_Permanent_Regim_General\" title=\"Prestaci\u00f3 per Incapacitat Permanent (R\u00e8gim General)\">Prestaci\u00f3 per Incapacitat Permanent (R\u00e8gim General)<\/a><\/li><li class='ez-toc-page-1 ez-toc-heading-level-2'><a class=\"ez-toc-link ez-toc-heading-3\" href=\"https:\/\/www.ariasassessors.com\/ca\/periodes-minims-de-cotitzacio-per-accedir-a-prestacions\/#Prestacio_per_Naixement_i_Cura_del_Menor\" title=\"Prestaci\u00f3 per Naixement i Cura del Menor\">Prestaci\u00f3 per Naixement i Cura del Menor<\/a><\/li><li class='ez-toc-page-1 ez-toc-heading-level-2'><a class=\"ez-toc-link ez-toc-heading-4\" href=\"https:\/\/www.ariasassessors.com\/ca\/periodes-minims-de-cotitzacio-per-accedir-a-prestacions\/#Prestacions_per_Mort_i_Supervivencia\" title=\"Prestacions per Mort i Superviv\u00e8ncia\">Prestacions per Mort i Superviv\u00e8ncia<\/a><\/li><li class='ez-toc-page-1 ez-toc-heading-level-2'><a class=\"ez-toc-link ez-toc-heading-5\" href=\"https:\/\/www.ariasassessors.com\/ca\/periodes-minims-de-cotitzacio-per-accedir-a-prestacions\/#Conclusio_Planifica_el_teu_Futur_amb_Coneixement\" title=\"Conclusi\u00f3: Planifica el teu Futur amb Coneixement\">Conclusi\u00f3: Planifica el teu Futur amb Coneixement<\/a><\/li><\/ul><\/nav><\/div>\n<h2><span class=\"ez-toc-section\" id=\"Pensio_de_Jubilacio_Ordinaria_Regim_General\"><\/span>Pensi\u00f3 de Jubilaci\u00f3 Ordin\u00e0ria (R\u00e8gim General)<span class=\"ez-toc-section-end\"><\/span><\/h2>\n<p>La pensi\u00f3 de jubilaci\u00f3 \u00e9s una de les prestacions m\u00e9s esperades i, per tant, entendre els requisits \u00e9s fonamental. Al R\u00e8gim General, s&#8217;estableix un temps m\u00ednim de 15 anys cotitzats per accedir a la jubilaci\u00f3. L&#8217;edat est\u00e0 fixada en 65 anys amb un per\u00edode de cotitzaci\u00f3 de 37 anys i 9 mesos. En cas d&#8217;un per\u00edode menor, l&#8217;acc\u00e9s es concedeix a partir dels 66 anys i 4 mesos.<\/p>\n<p>La jubilaci\u00f3 anticipada presenta opcions interessants. Pots sol\u00b7licitar-la quan faltin dos anys per a l&#8217;edat ordin\u00e0ria de jubilaci\u00f3, sempre que hagis cotitzat durant 35 anys. En situacions de jubilaci\u00f3 anticipada involunt\u00e0ria, l&#8217;acc\u00e9s es permet fins a 4 anys abans de l&#8217;edat ordin\u00e0ria, sempre que tinguis 33 anys cotitzats.<\/p>\n<h2><span class=\"ez-toc-section\" id=\"Prestacio_per_Incapacitat_Permanent_Regim_General\"><\/span>Prestaci\u00f3 per Incapacitat Permanent (R\u00e8gim General)<span class=\"ez-toc-section-end\"><\/span><\/h2>\n<p>La prestaci\u00f3 per incapacitat permanent abasta diferents graus i requisits. Per a la incapacitat permanent parcial i total, s&#8217;exigeix un m\u00ednim de cotitzaci\u00f3 de 1.800 dies en els \u00faltims 10 anys abans de la baixa per malaltia. En el cas de la incapacitat total, el per\u00edode gen\u00e8ric de cotitzaci\u00f3 requerit \u00e9s un quart del temps des dels 20 anys fins al fet causant, amb un m\u00ednim de 5 anys. Si la incapacitat prov\u00e9 d&#8217;un accident de treball o malaltia professional, es considera que els treballadors estan afiliats i en alta sense exigir per\u00edode previ de cotitzaci\u00f3.<\/p>\n<h2><span class=\"ez-toc-section\" id=\"Prestacio_per_Naixement_i_Cura_del_Menor\"><\/span>Prestaci\u00f3 per Naixement i Cura del Menor<span class=\"ez-toc-section-end\"><\/span><\/h2>\n<p>L&#8217;arribada d&#8217;un nou membre a la fam\u00edlia comporta drets i responsabilitats. La prestaci\u00f3 per naixement i cura del menor est\u00e0 dissenyada per a aquells afiliats en situaci\u00f3 asimilada a l&#8217;alta. Els requisits varien segons l&#8217;edat del treballador i la cotitzaci\u00f3 m\u00ednima.<\/p>\n<ul>\n<li>Menors de 21 anys: No es veuen afectats pels requisits de cotitzaci\u00f3.<\/li>\n<li>Menors de 26 anys: Han de haver cotitzat 90 dies en els \u00faltims 7 anys o 180 dies al llarg de la seva vida laboral.<\/li>\n<li>Majors de 26 anys: S&#8217;exigeixen com a m\u00ednim 180 dies de cotitzaci\u00f3 per accedir a la prestaci\u00f3.<\/li>\n<\/ul>\n<h2><span class=\"ez-toc-section\" id=\"Prestacions_per_Mort_i_Supervivencia\"><\/span>Prestacions per Mort i Superviv\u00e8ncia<span class=\"ez-toc-section-end\"><\/span><\/h2>\n<p>Les prestacions per mort i superviv\u00e8ncia busquen alleujar la necessitat econ\u00f2mica derivada de la defunci\u00f3 d&#8217;altres persones. Per accedir a la prestaci\u00f3 de vidu\u00eftat o orfandat, el difunt ha d&#8217;estar registrat al R\u00e8gim General de la Seguretat Social i complir amb un per\u00edode m\u00ednim de cotitzaci\u00f3.<\/p>\n<p>\u00c9s fonamental destacar que existeixen excepcions a aquest requisit, com en casos d&#8217;accidents o malalties professionals, aix\u00ed com en situacions d&#8217;auxili per defunci\u00f3.<\/p>\n<h2><span class=\"ez-toc-section\" id=\"Conclusio_Planifica_el_teu_Futur_amb_Coneixement\"><\/span>Conclusi\u00f3: Planifica el teu Futur amb Coneixement<span class=\"ez-toc-section-end\"><\/span><\/h2>\n<p>En resum, con\u00e8ixer els per\u00edodes m\u00ednims de cotitzaci\u00f3 per accedir a prestacions \u00e9s clau per planificar un futur financer s\u00f2lid. La guia proporcionada per la revista de la Seguretat Social ofereix una ruta valuosa per comprendre aquests requisits. Ja sigui que estiguis considerant la jubilaci\u00f3, enfrontant situacions d&#8217;incapacitat o preparant-te per a l&#8217;arribada d&#8217;un nou membre a la fam\u00edlia, entendre els requisits et permetr\u00e0 prendre decisions informades i assegurar un cam\u00ed financer m\u00e9s segur. No subestimis el poder del coneixement i comen\u00e7a a planificar el teu futur avui mateix!<\/p>\n","protected":false},"excerpt":{"rendered":"<p>En el complex entramat de la Seguretat Social, comprendre els requisits i per\u00edodes m\u00ednims de cotitzaci\u00f3 \u00e9s essencial per garantir un futur financer estable. La revista de la Seguretat Social ha elaborat una guia detallada, disponible al seu web, que serveix com a br\u00faixola per&#8230;<\/p>\n","protected":false},"author":2,"featured_media":3064,"comment_status":"open","ping_status":"open","sticky":false,"template":"","format":"standard","meta":{"footnotes":""},"categories":[4],"tags":[],"class_list":["post-3066","post","type-post","status-publish","format-standard","has-post-thumbnail","hentry","category-noticies"],"yoast_head":"<!-- This site is optimized with the Yoast SEO plugin v24.3 - https:\/\/yoast.com\/wordpress\/plugins\/seo\/ -->\n<title>Per\u00edodes M\u00ednims de Cotitzaci\u00f3 per Accedir a Prestacions | Arias Assessors<\/title>\n<meta name=\"description\" content=\"Descobreix els per\u00edodes m\u00ednims de cotitzaci\u00f3 essencials per accedir a prestacions de la Seguretat Social. Planifica el teu futur amb el nostre article.\" \/>\n<meta name=\"robots\" content=\"index, follow, max-snippet:-1, max-image-preview:large, max-video-preview:-1\" \/>\n<link rel=\"canonical\" href=\"https:\/\/www.ariasassessors.com\/ca\/periodes-minims-de-cotitzacio-per-accedir-a-prestacions\/\" \/>\n<meta property=\"og:locale\" content=\"ca_ES\" \/>\n<meta property=\"og:type\" content=\"article\" \/>\n<meta property=\"og:title\" content=\"Per\u00edodes M\u00ednims de Cotitzaci\u00f3 per Accedir a Prestacions | Arias Assessors\" \/>\n<meta property=\"og:description\" content=\"Descobreix els per\u00edodes m\u00ednims de cotitzaci\u00f3 essencials per accedir a prestacions de la Seguretat Social. Planifica el teu futur amb el nostre article.\" \/>\n<meta property=\"og:url\" content=\"https:\/\/www.ariasassessors.com\/ca\/periodes-minims-de-cotitzacio-per-accedir-a-prestacions\/\" \/>\n<meta property=\"og:site_name\" content=\"Arias Assessors\" \/>\n<meta property=\"article:publisher\" content=\"https:\/\/www.facebook.com\/ariasassessors\/\" \/>\n<meta property=\"article:published_time\" content=\"2023-12-04T10:00:04+00:00\" \/>\n<meta property=\"og:image\" content=\"https:\/\/www.ariasassessors.com\/wp-content\/uploads\/2023\/12\/vista-angulo-alto-empleado-recortado-trabajo-computadora-portatil-min.png\" \/>\n\t<meta property=\"og:image:width\" content=\"1000\" \/>\n\t<meta property=\"og:image:height\" content=\"667\" \/>\n\t<meta property=\"og:image:type\" content=\"image\/png\" \/>\n<meta name=\"author\" content=\"btorras\" \/>\n<meta name=\"twitter:card\" content=\"summary_large_image\" \/>\n<meta name=\"twitter:creator\" content=\"@ariasassessors\" \/>\n<meta name=\"twitter:site\" content=\"@ariasassessors\" \/>\n<meta name=\"twitter:label1\" content=\"Escrit per\" \/>\n\t<meta name=\"twitter:data1\" content=\"btorras\" \/>\n\t<meta name=\"twitter:label2\" content=\"Temps estimat de lectura\" \/>\n\t<meta name=\"twitter:data2\" content=\"3 minuts\" \/>\n<script type=\"application\/ld+json\" class=\"yoast-schema-graph\">{\"@context\":\"https:\/\/schema.org\",\"@graph\":[{\"@type\":\"Article\",\"@id\":\"https:\/\/www.ariasassessors.com\/ca\/periodes-minims-de-cotitzacio-per-accedir-a-prestacions\/#article\",\"isPartOf\":{\"@id\":\"https:\/\/www.ariasassessors.com\/ca\/periodes-minims-de-cotitzacio-per-accedir-a-prestacions\/\"},\"author\":{\"name\":\"btorras\",\"@id\":\"https:\/\/www.ariasassessors.com\/#\/schema\/person\/63c6ad1775f0a9413c37932562673cef\"},\"headline\":\"Per\u00edodes M\u00ednims de Cotitzaci\u00f3 per Accedir a Prestacions\",\"datePublished\":\"2023-12-04T10:00:04+00:00\",\"dateModified\":\"2023-12-04T10:00:04+00:00\",\"mainEntityOfPage\":{\"@id\":\"https:\/\/www.ariasassessors.com\/ca\/periodes-minims-de-cotitzacio-per-accedir-a-prestacions\/\"},\"wordCount\":608,\"commentCount\":0,\"publisher\":{\"@id\":\"https:\/\/www.ariasassessors.com\/#organization\"},\"image\":{\"@id\":\"https:\/\/www.ariasassessors.com\/ca\/periodes-minims-de-cotitzacio-per-accedir-a-prestacions\/#primaryimage\"},\"thumbnailUrl\":\"https:\/\/www.ariasassessors.com\/wp-content\/uploads\/2023\/12\/vista-angulo-alto-empleado-recortado-trabajo-computadora-portatil-min.png\",\"articleSection\":[\"noticies\"],\"inLanguage\":\"ca\",\"potentialAction\":[{\"@type\":\"CommentAction\",\"name\":\"Comment\",\"target\":[\"https:\/\/www.ariasassessors.com\/ca\/periodes-minims-de-cotitzacio-per-accedir-a-prestacions\/#respond\"]}]},{\"@type\":\"WebPage\",\"@id\":\"https:\/\/www.ariasassessors.com\/ca\/periodes-minims-de-cotitzacio-per-accedir-a-prestacions\/\",\"url\":\"https:\/\/www.ariasassessors.com\/ca\/periodes-minims-de-cotitzacio-per-accedir-a-prestacions\/\",\"name\":\"Per\u00edodes M\u00ednims de Cotitzaci\u00f3 per Accedir a Prestacions | Arias Assessors\",\"isPartOf\":{\"@id\":\"https:\/\/www.ariasassessors.com\/#website\"},\"primaryImageOfPage\":{\"@id\":\"https:\/\/www.ariasassessors.com\/ca\/periodes-minims-de-cotitzacio-per-accedir-a-prestacions\/#primaryimage\"},\"image\":{\"@id\":\"https:\/\/www.ariasassessors.com\/ca\/periodes-minims-de-cotitzacio-per-accedir-a-prestacions\/#primaryimage\"},\"thumbnailUrl\":\"https:\/\/www.ariasassessors.com\/wp-content\/uploads\/2023\/12\/vista-angulo-alto-empleado-recortado-trabajo-computadora-portatil-min.png\",\"datePublished\":\"2023-12-04T10:00:04+00:00\",\"dateModified\":\"2023-12-04T10:00:04+00:00\",\"description\":\"Descobreix els per\u00edodes m\u00ednims de cotitzaci\u00f3 essencials per accedir a prestacions de la Seguretat Social. Planifica el teu futur amb el nostre article.\",\"breadcrumb\":{\"@id\":\"https:\/\/www.ariasassessors.com\/ca\/periodes-minims-de-cotitzacio-per-accedir-a-prestacions\/#breadcrumb\"},\"inLanguage\":\"ca\",\"potentialAction\":[{\"@type\":\"ReadAction\",\"target\":[\"https:\/\/www.ariasassessors.com\/ca\/periodes-minims-de-cotitzacio-per-accedir-a-prestacions\/\"]}]},{\"@type\":\"ImageObject\",\"inLanguage\":\"ca\",\"@id\":\"https:\/\/www.ariasassessors.com\/ca\/periodes-minims-de-cotitzacio-per-accedir-a-prestacions\/#primaryimage\",\"url\":\"https:\/\/www.ariasassessors.com\/wp-content\/uploads\/2023\/12\/vista-angulo-alto-empleado-recortado-trabajo-computadora-portatil-min.png\",\"contentUrl\":\"https:\/\/www.ariasassessors.com\/wp-content\/uploads\/2023\/12\/vista-angulo-alto-empleado-recortado-trabajo-computadora-portatil-min.png\",\"width\":1000,\"height\":667,\"caption\":\"prestaciones seguridad social\"},{\"@type\":\"BreadcrumbList\",\"@id\":\"https:\/\/www.ariasassessors.com\/ca\/periodes-minims-de-cotitzacio-per-accedir-a-prestacions\/#breadcrumb\",\"itemListElement\":[{\"@type\":\"ListItem\",\"position\":1,\"name\":\"Portada\",\"item\":\"https:\/\/www.ariasassessors.com\/ca\/\"},{\"@type\":\"ListItem\",\"position\":2,\"name\":\"Per\u00edodes M\u00ednims de Cotitzaci\u00f3 per Accedir a Prestacions\"}]},{\"@type\":\"WebSite\",\"@id\":\"https:\/\/www.ariasassessors.com\/#website\",\"url\":\"https:\/\/www.ariasassessors.com\/\",\"name\":\"Arias Assessors\",\"description\":\"Asesor\u00eda para aut\u00f3nomos, profesionales y PYMES\",\"publisher\":{\"@id\":\"https:\/\/www.ariasassessors.com\/#organization\"},\"potentialAction\":[{\"@type\":\"SearchAction\",\"target\":{\"@type\":\"EntryPoint\",\"urlTemplate\":\"https:\/\/www.ariasassessors.com\/?s={search_term_string}\"},\"query-input\":{\"@type\":\"PropertyValueSpecification\",\"valueRequired\":true,\"valueName\":\"search_term_string\"}}],\"inLanguage\":\"ca\"},{\"@type\":\"Organization\",\"@id\":\"https:\/\/www.ariasassessors.com\/#organization\",\"name\":\"Arias Assessors\",\"url\":\"https:\/\/www.ariasassessors.com\/\",\"logo\":{\"@type\":\"ImageObject\",\"inLanguage\":\"ca\",\"@id\":\"https:\/\/www.ariasassessors.com\/#\/schema\/logo\/image\/\",\"url\":\"https:\/\/www.ariasassessors.com\/wp-content\/uploads\/2019\/01\/arias-logo.png\",\"contentUrl\":\"https:\/\/www.ariasassessors.com\/wp-content\/uploads\/2019\/01\/arias-logo.png\",\"width\":349,\"height\":254,\"caption\":\"Arias Assessors\"},\"image\":{\"@id\":\"https:\/\/www.ariasassessors.com\/#\/schema\/logo\/image\/\"},\"sameAs\":[\"https:\/\/www.facebook.com\/ariasassessors\/\",\"https:\/\/x.com\/ariasassessors\",\"https:\/\/www.linkedin.com\/company\/r&amp;amp;r-growing-knowledge\/\"]},{\"@type\":\"Person\",\"@id\":\"https:\/\/www.ariasassessors.com\/#\/schema\/person\/63c6ad1775f0a9413c37932562673cef\",\"name\":\"btorras\",\"image\":{\"@type\":\"ImageObject\",\"inLanguage\":\"ca\",\"@id\":\"https:\/\/www.ariasassessors.com\/#\/schema\/person\/image\/\",\"url\":\"https:\/\/secure.gravatar.com\/avatar\/0531db351fc361fdbfd204c58fa2d6a3?s=96&d=mm&r=g\",\"contentUrl\":\"https:\/\/secure.gravatar.com\/avatar\/0531db351fc361fdbfd204c58fa2d6a3?s=96&d=mm&r=g\",\"caption\":\"btorras\"}}]}<\/script>\n<!-- \/ Yoast SEO plugin. -->","yoast_head_json":{"title":"Per\u00edodes M\u00ednims de Cotitzaci\u00f3 per Accedir a Prestacions | Arias Assessors","description":"Descobreix els per\u00edodes m\u00ednims de cotitzaci\u00f3 essencials per accedir a prestacions de la Seguretat Social. Planifica el teu futur amb el nostre article.","robots":{"index":"index","follow":"follow","max-snippet":"max-snippet:-1","max-image-preview":"max-image-preview:large","max-video-preview":"max-video-preview:-1"},"canonical":"https:\/\/www.ariasassessors.com\/ca\/periodes-minims-de-cotitzacio-per-accedir-a-prestacions\/","og_locale":"ca_ES","og_type":"article","og_title":"Per\u00edodes M\u00ednims de Cotitzaci\u00f3 per Accedir a Prestacions | Arias Assessors","og_description":"Descobreix els per\u00edodes m\u00ednims de cotitzaci\u00f3 essencials per accedir a prestacions de la Seguretat Social. Planifica el teu futur amb el nostre article.","og_url":"https:\/\/www.ariasassessors.com\/ca\/periodes-minims-de-cotitzacio-per-accedir-a-prestacions\/","og_site_name":"Arias Assessors","article_publisher":"https:\/\/www.facebook.com\/ariasassessors\/","article_published_time":"2023-12-04T10:00:04+00:00","og_image":[{"width":1000,"height":667,"url":"https:\/\/www.ariasassessors.com\/wp-content\/uploads\/2023\/12\/vista-angulo-alto-empleado-recortado-trabajo-computadora-portatil-min.png","type":"image\/png"}],"author":"btorras","twitter_card":"summary_large_image","twitter_creator":"@ariasassessors","twitter_site":"@ariasassessors","twitter_misc":{"Escrit per":"btorras","Temps estimat de lectura":"3 minuts"},"schema":{"@context":"https:\/\/schema.org","@graph":[{"@type":"Article","@id":"https:\/\/www.ariasassessors.com\/ca\/periodes-minims-de-cotitzacio-per-accedir-a-prestacions\/#article","isPartOf":{"@id":"https:\/\/www.ariasassessors.com\/ca\/periodes-minims-de-cotitzacio-per-accedir-a-prestacions\/"},"author":{"name":"btorras","@id":"https:\/\/www.ariasassessors.com\/#\/schema\/person\/63c6ad1775f0a9413c37932562673cef"},"headline":"Per\u00edodes M\u00ednims de Cotitzaci\u00f3 per Accedir a Prestacions","datePublished":"2023-12-04T10:00:04+00:00","dateModified":"2023-12-04T10:00:04+00:00","mainEntityOfPage":{"@id":"https:\/\/www.ariasassessors.com\/ca\/periodes-minims-de-cotitzacio-per-accedir-a-prestacions\/"},"wordCount":608,"commentCount":0,"publisher":{"@id":"https:\/\/www.ariasassessors.com\/#organization"},"image":{"@id":"https:\/\/www.ariasassessors.com\/ca\/periodes-minims-de-cotitzacio-per-accedir-a-prestacions\/#primaryimage"},"thumbnailUrl":"https:\/\/www.ariasassessors.com\/wp-content\/uploads\/2023\/12\/vista-angulo-alto-empleado-recortado-trabajo-computadora-portatil-min.png","articleSection":["noticies"],"inLanguage":"ca","potentialAction":[{"@type":"CommentAction","name":"Comment","target":["https:\/\/www.ariasassessors.com\/ca\/periodes-minims-de-cotitzacio-per-accedir-a-prestacions\/#respond"]}]},{"@type":"WebPage","@id":"https:\/\/www.ariasassessors.com\/ca\/periodes-minims-de-cotitzacio-per-accedir-a-prestacions\/","url":"https:\/\/www.ariasassessors.com\/ca\/periodes-minims-de-cotitzacio-per-accedir-a-prestacions\/","name":"Per\u00edodes M\u00ednims de Cotitzaci\u00f3 per Accedir a Prestacions | Arias Assessors","isPartOf":{"@id":"https:\/\/www.ariasassessors.com\/#website"},"primaryImageOfPage":{"@id":"https:\/\/www.ariasassessors.com\/ca\/periodes-minims-de-cotitzacio-per-accedir-a-prestacions\/#primaryimage"},"image":{"@id":"https:\/\/www.ariasassessors.com\/ca\/periodes-minims-de-cotitzacio-per-accedir-a-prestacions\/#primaryimage"},"thumbnailUrl":"https:\/\/www.ariasassessors.com\/wp-content\/uploads\/2023\/12\/vista-angulo-alto-empleado-recortado-trabajo-computadora-portatil-min.png","datePublished":"2023-12-04T10:00:04+00:00","dateModified":"2023-12-04T10:00:04+00:00","description":"Descobreix els per\u00edodes m\u00ednims de cotitzaci\u00f3 essencials per accedir a prestacions de la Seguretat Social. Planifica el teu futur amb el nostre article.","breadcrumb":{"@id":"https:\/\/www.ariasassessors.com\/ca\/periodes-minims-de-cotitzacio-per-accedir-a-prestacions\/#breadcrumb"},"inLanguage":"ca","potentialAction":[{"@type":"ReadAction","target":["https:\/\/www.ariasassessors.com\/ca\/periodes-minims-de-cotitzacio-per-accedir-a-prestacions\/"]}]},{"@type":"ImageObject","inLanguage":"ca","@id":"https:\/\/www.ariasassessors.com\/ca\/periodes-minims-de-cotitzacio-per-accedir-a-prestacions\/#primaryimage","url":"https:\/\/www.ariasassessors.com\/wp-content\/uploads\/2023\/12\/vista-angulo-alto-empleado-recortado-trabajo-computadora-portatil-min.png","contentUrl":"https:\/\/www.ariasassessors.com\/wp-content\/uploads\/2023\/12\/vista-angulo-alto-empleado-recortado-trabajo-computadora-portatil-min.png","width":1000,"height":667,"caption":"prestaciones seguridad social"},{"@type":"BreadcrumbList","@id":"https:\/\/www.ariasassessors.com\/ca\/periodes-minims-de-cotitzacio-per-accedir-a-prestacions\/#breadcrumb","itemListElement":[{"@type":"ListItem","position":1,"name":"Portada","item":"https:\/\/www.ariasassessors.com\/ca\/"},{"@type":"ListItem","position":2,"name":"Per\u00edodes M\u00ednims de Cotitzaci\u00f3 per Accedir a Prestacions"}]},{"@type":"WebSite","@id":"https:\/\/www.ariasassessors.com\/#website","url":"https:\/\/www.ariasassessors.com\/","name":"Arias Assessors","description":"Asesor\u00eda para aut\u00f3nomos, profesionales y PYMES","publisher":{"@id":"https:\/\/www.ariasassessors.com\/#organization"},"potentialAction":[{"@type":"SearchAction","target":{"@type":"EntryPoint","urlTemplate":"https:\/\/www.ariasassessors.com\/?s={search_term_string}"},"query-input":{"@type":"PropertyValueSpecification","valueRequired":true,"valueName":"search_term_string"}}],"inLanguage":"ca"},{"@type":"Organization","@id":"https:\/\/www.ariasassessors.com\/#organization","name":"Arias Assessors","url":"https:\/\/www.ariasassessors.com\/","logo":{"@type":"ImageObject","inLanguage":"ca","@id":"https:\/\/www.ariasassessors.com\/#\/schema\/logo\/image\/","url":"https:\/\/www.ariasassessors.com\/wp-content\/uploads\/2019\/01\/arias-logo.png","contentUrl":"https:\/\/www.ariasassessors.com\/wp-content\/uploads\/2019\/01\/arias-logo.png","width":349,"height":254,"caption":"Arias Assessors"},"image":{"@id":"https:\/\/www.ariasassessors.com\/#\/schema\/logo\/image\/"},"sameAs":["https:\/\/www.facebook.com\/ariasassessors\/","https:\/\/x.com\/ariasassessors","https:\/\/www.linkedin.com\/company\/r&amp;amp;r-growing-knowledge\/"]},{"@type":"Person","@id":"https:\/\/www.ariasassessors.com\/#\/schema\/person\/63c6ad1775f0a9413c37932562673cef","name":"btorras","image":{"@type":"ImageObject","inLanguage":"ca","@id":"https:\/\/www.ariasassessors.com\/#\/schema\/person\/image\/","url":"https:\/\/secure.gravatar.com\/avatar\/0531db351fc361fdbfd204c58fa2d6a3?s=96&d=mm&r=g","contentUrl":"https:\/\/secure.gravatar.com\/avatar\/0531db351fc361fdbfd204c58fa2d6a3?s=96&d=mm&r=g","caption":"btorras"}}]}},"_links":{"self":[{"href":"https:\/\/www.ariasassessors.com\/ca\/wp-json\/wp\/v2\/posts\/3066","targetHints":{"allow":["GET"]}}],"collection":[{"href":"https:\/\/www.ariasassessors.com\/ca\/wp-json\/wp\/v2\/posts"}],"about":[{"href":"https:\/\/www.ariasassessors.com\/ca\/wp-json\/wp\/v2\/types\/post"}],"author":[{"embeddable":true,"href":"https:\/\/www.ariasassessors.com\/ca\/wp-json\/wp\/v2\/users\/2"}],"replies":[{"embeddable":true,"href":"https:\/\/www.ariasassessors.com\/ca\/wp-json\/wp\/v2\/comments?post=3066"}],"version-history":[{"count":1,"href":"https:\/\/www.ariasassessors.com\/ca\/wp-json\/wp\/v2\/posts\/3066\/revisions"}],"predecessor-version":[{"id":3067,"href":"https:\/\/www.ariasassessors.com\/ca\/wp-json\/wp\/v2\/posts\/3066\/revisions\/3067"}],"wp:featuredmedia":[{"embeddable":true,"href":"https:\/\/www.ariasassessors.com\/ca\/wp-json\/wp\/v2\/media\/3064"}],"wp:attachment":[{"href":"https:\/\/www.ariasassessors.com\/ca\/wp-json\/wp\/v2\/media?parent=3066"}],"wp:term":[{"taxonomy":"category","embeddable":true,"href":"https:\/\/www.ariasassessors.com\/ca\/wp-json\/wp\/v2\/categories?post=3066"},{"taxonomy":"post_tag","embeddable":true,"href":"https:\/\/www.ariasassessors.com\/ca\/wp-json\/wp\/v2\/tags?post=3066"}],"curies":[{"name":"wp","href":"https:\/\/api.w.org\/{rel}","templated":true}]}}