{"id":3088,"date":"2023-12-22T14:57:09","date_gmt":"2023-12-22T13:57:09","guid":{"rendered":"https:\/\/www.ariasassessors.com\/?p=3088"},"modified":"2023-12-22T14:57:09","modified_gmt":"2023-12-22T13:57:09","slug":"tots-els-becaris-cotitzaran-a-la-seguretat-social-a-partir-de-gener-de-2024-un-pas-important-per-als-joves-professionals","status":"publish","type":"post","link":"https:\/\/www.ariasassessors.com\/ca\/tots-els-becaris-cotitzaran-a-la-seguretat-social-a-partir-de-gener-de-2024-un-pas-important-per-als-joves-professionals\/","title":{"rendered":"Tots els Becaris Cotitzaran a la Seguretat Social a Partir de Gener de 2024: Un Pas Important per als Joves Professionals"},"content":{"rendered":"<p>El panorama pels alumnes universitaris i de formaci\u00f3 professional que realitzen pr\u00e0ctiques formatives est\u00e0 a punt de canviar significativament. A partir de l&#8217;1 de gener de 2024, tots els becaris, independentment de si les pr\u00e0ctiques s\u00f3n remunerades o no, estaran obligats a cotitzar a la Seguretat Social. Aquesta mesura representa una extensi\u00f3 de drets que no nom\u00e9s garanteix una major protecci\u00f3 pels joves durant les seves pr\u00e0ctiques, sin\u00f3 que tamb\u00e9 posa les bases per a una futura carrera de cotitzaci\u00f3, atorgant drets valuosos per a la jubilaci\u00f3.<\/p>\n<div id=\"ez-toc-container\" class=\"ez-toc-v2_0_72 counter-hierarchy ez-toc-counter ez-toc-grey ez-toc-container-direction\">\n<div class=\"ez-toc-title-container\">\n<p class=\"ez-toc-title\" style=\"cursor:inherit\">\u00cdndice de Contenidos<\/p>\n<span class=\"ez-toc-title-toggle\"><a href=\"#\" class=\"ez-toc-pull-right ez-toc-btn ez-toc-btn-xs ez-toc-btn-default ez-toc-toggle\" aria-label=\"Toggle Table of Content\"><span class=\"ez-toc-js-icon-con\"><span class=\"\"><span class=\"eztoc-hide\" style=\"display:none;\">Toggle<\/span><span class=\"ez-toc-icon-toggle-span\"><svg style=\"fill: #428bca;color:#428bca\" xmlns=\"http:\/\/www.w3.org\/2000\/svg\" class=\"list-377408\" width=\"20px\" height=\"20px\" viewBox=\"0 0 24 24\" fill=\"none\"><path d=\"M6 6H4v2h2V6zm14 0H8v2h12V6zM4 11h2v2H4v-2zm16 0H8v2h12v-2zM4 16h2v2H4v-2zm16 0H8v2h12v-2z\" fill=\"currentColor\"><\/path><\/svg><svg style=\"fill: #428bca;color:#428bca\" class=\"arrow-unsorted-368013\" xmlns=\"http:\/\/www.w3.org\/2000\/svg\" width=\"10px\" height=\"10px\" viewBox=\"0 0 24 24\" version=\"1.2\" baseProfile=\"tiny\"><path d=\"M18.2 9.3l-6.2-6.3-6.2 6.3c-.2.2-.3.4-.3.7s.1.5.3.7c.2.2.4.3.7.3h11c.3 0 .5-.1.7-.3.2-.2.3-.5.3-.7s-.1-.5-.3-.7zM5.8 14.7l6.2 6.3 6.2-6.3c.2-.2.3-.5.3-.7s-.1-.5-.3-.7c-.2-.2-.4-.3-.7-.3h-11c-.3 0-.5.1-.7.3-.2.2-.3.5-.3.7s.1.5.3.7z\"\/><\/svg><\/span><\/span><\/span><\/a><\/span><\/div>\n<nav><ul class='ez-toc-list ez-toc-list-level-1 eztoc-toggle-hide-by-default' ><li class='ez-toc-page-1 ez-toc-heading-level-3'><a class=\"ez-toc-link ez-toc-heading-1\" href=\"https:\/\/www.ariasassessors.com\/ca\/tots-els-becaris-cotitzaran-a-la-seguretat-social-a-partir-de-gener-de-2024-un-pas-important-per-als-joves-professionals\/#Una_Ampliacio_de_Drets_per_als_Joves_Professionals\" title=\"Una Ampliaci\u00f3 de Drets per als Joves Professionals\">Una Ampliaci\u00f3 de Drets per als Joves Professionals<\/a><\/li><li class='ez-toc-page-1 ez-toc-heading-level-3'><a class=\"ez-toc-link ez-toc-heading-2\" href=\"https:\/\/www.ariasassessors.com\/ca\/tots-els-becaris-cotitzaran-a-la-seguretat-social-a-partir-de-gener-de-2024-un-pas-important-per-als-joves-professionals\/#Reconeixement_del_Temps_Cotitzat_per_a_la_Futura_Pensio\" title=\"Reconeixement del Temps Cotitzat per a la Futura Pensi\u00f3\">Reconeixement del Temps Cotitzat per a la Futura Pensi\u00f3<\/a><\/li><li class='ez-toc-page-1 ez-toc-heading-level-3'><a class=\"ez-toc-link ez-toc-heading-3\" href=\"https:\/\/www.ariasassessors.com\/ca\/tots-els-becaris-cotitzaran-a-la-seguretat-social-a-partir-de-gener-de-2024-un-pas-important-per-als-joves-professionals\/#Proteccio_Augmentada_Durant_les_Practiques\" title=\"Protecci\u00f3 Augmentada Durant les Pr\u00e0ctiques\">Protecci\u00f3 Augmentada Durant les Pr\u00e0ctiques<\/a><\/li><li class='ez-toc-page-1 ez-toc-heading-level-3'><a class=\"ez-toc-link ez-toc-heading-4\" href=\"https:\/\/www.ariasassessors.com\/ca\/tots-els-becaris-cotitzaran-a-la-seguretat-social-a-partir-de-gener-de-2024-un-pas-important-per-als-joves-professionals\/#Accio_Protectora_i_Exclusions_Especifiques\" title=\"Acci\u00f3 Protectora i Exclusions Espec\u00edfiques\">Acci\u00f3 Protectora i Exclusions Espec\u00edfiques<\/a><\/li><li class='ez-toc-page-1 ez-toc-heading-level-3'><a class=\"ez-toc-link ez-toc-heading-5\" href=\"https:\/\/www.ariasassessors.com\/ca\/tots-els-becaris-cotitzaran-a-la-seguretat-social-a-partir-de-gener-de-2024-un-pas-important-per-als-joves-professionals\/#Calcul_de_Cotitzacio_i_Beneficis_Economics_pels_Estudiants\" title=\"C\u00e0lcul de Cotitzaci\u00f3 i Beneficis Econ\u00f2mics pels Estudiants\">C\u00e0lcul de Cotitzaci\u00f3 i Beneficis Econ\u00f2mics pels Estudiants<\/a><\/li><li class='ez-toc-page-1 ez-toc-heading-level-3'><a class=\"ez-toc-link ez-toc-heading-6\" href=\"https:\/\/www.ariasassessors.com\/ca\/tots-els-becaris-cotitzaran-a-la-seguretat-social-a-partir-de-gener-de-2024-un-pas-important-per-als-joves-professionals\/#Beneficis_per_als_Antics_Becaris_Conveni_Especial_i_Desenvolupament_Normatiu_Pendents\" title=\"Beneficis per als Antics Becaris: Conveni Especial i Desenvolupament Normatiu Pendents\">Beneficis per als Antics Becaris: Conveni Especial i Desenvolupament Normatiu Pendents<\/a><\/li><\/ul><\/nav><\/div>\n<h3><span class=\"ez-toc-section\" id=\"Una_Ampliacio_de_Drets_per_als_Joves_Professionals\"><\/span><strong>Una Ampliaci\u00f3 de Drets per als Joves Professionals<\/strong><span class=\"ez-toc-section-end\"><\/span><\/h3>\n<p>Fins a la data, l&#8217;obligaci\u00f3 de donar d&#8217;alta als alumnes a la Seguretat Social estava vinculada \u00fanicament a aquells que realitzaven pr\u00e0ctiques remunerades. No obstant aix\u00f2, amb la nova normativa, tots els estudiants universitaris i de formaci\u00f3 professional que participin en pr\u00e0ctiques formatives, remunerades o no, estaran subjectes a cotitzar a la Seguretat Social. Aquest canvi representa una extensi\u00f3 significativa de drets que beneficia directament als joves, permetent-los iniciar una carrera de cotitzaci\u00f3 des de l&#8217;inici de la seva vida professional.<\/p>\n<h3><span class=\"ez-toc-section\" id=\"Reconeixement_del_Temps_Cotitzat_per_a_la_Futura_Pensio\"><\/span><strong>Reconeixement del Temps Cotitzat per a la Futura Pensi\u00f3<\/strong><span class=\"ez-toc-section-end\"><\/span><\/h3>\n<p>La nova regulaci\u00f3 no nom\u00e9s implica una major protecci\u00f3 durant les pr\u00e0ctiques, sin\u00f3 que tamb\u00e9 t\u00e9 implicacions a llarg termini. Cotitzant a la Seguretat Social durant les pr\u00e0ctiques, aquests joves veuran reconegut aquest temps com a cotitzat, la qual cosa es tradueix en l&#8217;acumulaci\u00f3 de drets per a la seva futura pensi\u00f3. Aquest pas \u00e9s especialment significatiu, ja que contribueix a la seguretat financera dels joves professionals i els proporciona una base s\u00f2lida per a la seva jubilaci\u00f3.<\/p>\n<h3><span class=\"ez-toc-section\" id=\"Proteccio_Augmentada_Durant_les_Practiques\"><\/span><strong>Protecci\u00f3 Augmentada Durant les Pr\u00e0ctiques<\/strong><span class=\"ez-toc-section-end\"><\/span><\/h3>\n<p>La protecci\u00f3 dels becaris es veur\u00e0 refor\u00e7ada durant el desenvolupament de les seves pr\u00e0ctiques, especialment en casos d&#8217;accidents o altres incidents. Aquests alumnes en pr\u00e0ctiques estaran considerats com a asimilats a treballadors per compte ali\u00e8 en el R\u00e8gim General de la Seguretat Social. Tanmateix, cal destacar que aquesta inclusi\u00f3 no s&#8217;aplicar\u00e0 als sistemes especials del mateix, llevat que les pr\u00e0ctiques o formacions es realitzin a bord d&#8217;embarcacions, on la inclusi\u00f3 es produir\u00e0 en el R\u00e8gim Especial de la Seguretat Social dels Treballadors del Mar.<\/p>\n<h3><span class=\"ez-toc-section\" id=\"Accio_Protectora_i_Exclusions_Especifiques\"><\/span><strong>Acci\u00f3 Protectora i Exclusions Espec\u00edfiques<\/strong><span class=\"ez-toc-section-end\"><\/span><\/h3>\n<p>L&#8217;acci\u00f3 protectora aplicable ser\u00e0 la corresponent al r\u00e8gim de la Seguretat Social, excloent la protecci\u00f3 per desocupaci\u00f3, la cobertura del Fons de Garantia Salarial i per Formaci\u00f3 Professional. A m\u00e9s, aquests becaris no contribuiran al Mecanisme d&#8217;Equitat Intergeneracional. En el cas de pr\u00e0ctiques no remunerades, tamb\u00e9 s&#8217;exclour\u00e0 la protecci\u00f3 per la prestaci\u00f3 d&#8217;incapacitat temporal derivada de conting\u00e8ncies comunes.<\/p>\n<h3><span class=\"ez-toc-section\" id=\"Calcul_de_Cotitzacio_i_Beneficis_Economics_pels_Estudiants\"><\/span><strong>C\u00e0lcul de Cotitzaci\u00f3 i Beneficis Econ\u00f2mics pels Estudiants<\/strong><span class=\"ez-toc-section-end\"><\/span><\/h3>\n<p>En termes de prestacions, la base mensual de cotitzaci\u00f3 es calcular\u00e0 multiplicant la base m\u00ednima del grup 8 de cotitzaci\u00f3 del R\u00e8gim General de la Seguretat Social pel nombre de dies de pr\u00e0ctiques formatives realitzades. No obstant aix\u00f2, s&#8217;estableix un l\u00edmit equivalent a l&#8217;import de la base m\u00ednima de cotitzaci\u00f3 del grup 7 de cotitzaci\u00f3 del RGSS. Cada dia de pr\u00e0ctiques formatives no remunerades es considerar\u00e0 com a 1,61 dies cotitzats, sense excedir el nombre de dies del mes corresponent.<\/p>\n<p>La implementaci\u00f3 d&#8217;aquesta novetat comptar\u00e0 amb una \u00e0mplia bonificaci\u00f3 en les quotes a la Seguretat Social, assolint una reducci\u00f3 del 95% en la cotitzaci\u00f3 per conting\u00e8ncies comunes. En el cas dels estudiants de Formaci\u00f3 Professional, el 5% restant ser\u00e0 assumit pel Ministeri d&#8217;Educaci\u00f3, alleujant aix\u00ed la c\u00e0rrega financera dels becaris.<\/p>\n<h3><span class=\"ez-toc-section\" id=\"Beneficis_per_als_Antics_Becaris_Conveni_Especial_i_Desenvolupament_Normatiu_Pendents\"><\/span><strong>Beneficis per als Antics Becaris: Conveni Especial i Desenvolupament Normatiu Pendents<\/strong><span class=\"ez-toc-section-end\"><\/span><\/h3>\n<p>Aquesta mesura tamb\u00e9 contempla beneficis per als antics becaris, oferint-los la possibilitat de subscriure un conveni especial que permeti el c\u00f2mput de la cotitzaci\u00f3 pels per\u00edodes de formaci\u00f3 o realitzaci\u00f3 de pr\u00e0ctiques no laborals i acad\u00e8miques realitzats abans de l&#8217;entrada en vigor d&#8217;aquesta norma i fins a un m\u00e0xim de cinc anys. Cal destacar que aquesta opci\u00f3 es troba en fase de negociaci\u00f3 en el marc del di\u00e0leg social i est\u00e0 pendent de desenvolupament normatiu a trav\u00e9s d&#8217;una Ordre ministerial.<\/p>\n<p>En resum, l&#8217;obligaci\u00f3 de cotitzar a la Seguretat Social per a tots els becaris a partir de gener de 2024 representa un canvi significatiu que refor\u00e7ar\u00e0 la protecci\u00f3 i els drets dels joves professionals en les seves primeres etapes de desenvolupament professional. Aquest avan\u00e7 no nom\u00e9s ofereix seguretat econ\u00f2mica a llarg termini, sin\u00f3 que tamb\u00e9 contribueix a nivelar el terreny de joc per a tots els becaris, independentment de si les seves pr\u00e0ctiques s\u00f3n remunerades o no. La bonificaci\u00f3 en les quotes i la inclusi\u00f3 de beneficis per als antics becaris s\u00f3n passos addicionals que fan d&#8217;aquesta mesura un hito important en l&#8217;\u00e0mbit de la protecci\u00f3 social i laboral. En el proper segment, aprofundirem en com aquesta regulaci\u00f3 afectar\u00e0 diferents sectors i com els becaris poden preparar-se per a aquests canvis.<\/p>\n","protected":false},"excerpt":{"rendered":"<p>El panorama pels alumnes universitaris i de formaci\u00f3 professional que realitzen pr\u00e0ctiques formatives est\u00e0 a punt de canviar significativament. A partir de l&#8217;1 de gener de 2024, tots els becaris, independentment de si les pr\u00e0ctiques s\u00f3n remunerades o no, estaran obligats a cotitzar a la&#8230;<\/p>\n","protected":false},"author":2,"featured_media":3086,"comment_status":"open","ping_status":"open","sticky":false,"template":"","format":"standard","meta":{"footnotes":""},"categories":[4],"tags":[],"class_list":["post-3088","post","type-post","status-publish","format-standard","has-post-thumbnail","hentry","category-noticies"],"yoast_head":"<!-- This site is optimized with the Yoast SEO plugin v24.3 - https:\/\/yoast.com\/wordpress\/plugins\/seo\/ -->\n<title>Tots els Becaris Cotitzaran a la Seguretat Social a Partir de Gener de 2024: Un Pas Important per als Joves Professionals | Arias Assessors<\/title>\n<meta name=\"robots\" content=\"index, follow, max-snippet:-1, max-image-preview:large, max-video-preview:-1\" \/>\n<link rel=\"canonical\" href=\"https:\/\/www.ariasassessors.com\/ca\/tots-els-becaris-cotitzaran-a-la-seguretat-social-a-partir-de-gener-de-2024-un-pas-important-per-als-joves-professionals\/\" \/>\n<meta property=\"og:locale\" content=\"ca_ES\" \/>\n<meta property=\"og:type\" content=\"article\" \/>\n<meta property=\"og:title\" content=\"Tots els Becaris Cotitzaran a la Seguretat Social a Partir de Gener de 2024: Un Pas Important per als Joves Professionals | Arias Assessors\" \/>\n<meta property=\"og:description\" content=\"El panorama pels alumnes universitaris i de formaci\u00f3 professional que realitzen pr\u00e0ctiques formatives est\u00e0 a punt de canviar significativament. A partir de l&#8217;1 de gener de 2024, tots els becaris, independentment de si les pr\u00e0ctiques s\u00f3n remunerades o no, estaran obligats a cotitzar a la...\" \/>\n<meta property=\"og:url\" content=\"https:\/\/www.ariasassessors.com\/ca\/tots-els-becaris-cotitzaran-a-la-seguretat-social-a-partir-de-gener-de-2024-un-pas-important-per-als-joves-professionals\/\" \/>\n<meta property=\"og:site_name\" content=\"Arias Assessors\" \/>\n<meta property=\"article:publisher\" content=\"https:\/\/www.facebook.com\/ariasassessors\/\" \/>\n<meta property=\"article:published_time\" content=\"2023-12-22T13:57:09+00:00\" \/>\n<meta property=\"og:image\" content=\"https:\/\/www.ariasassessors.com\/wp-content\/uploads\/2023\/12\/Diseno-sin-titulo.jpg\" \/>\n\t<meta property=\"og:image:width\" content=\"1000\" \/>\n\t<meta property=\"og:image:height\" content=\"667\" \/>\n\t<meta property=\"og:image:type\" content=\"image\/jpeg\" \/>\n<meta name=\"author\" content=\"btorras\" \/>\n<meta name=\"twitter:card\" content=\"summary_large_image\" \/>\n<meta name=\"twitter:creator\" content=\"@ariasassessors\" \/>\n<meta name=\"twitter:site\" content=\"@ariasassessors\" \/>\n<meta name=\"twitter:label1\" content=\"Escrit per\" \/>\n\t<meta name=\"twitter:data1\" content=\"btorras\" \/>\n\t<meta name=\"twitter:label2\" content=\"Temps estimat de lectura\" \/>\n\t<meta name=\"twitter:data2\" content=\"4 minuts\" \/>\n<script type=\"application\/ld+json\" class=\"yoast-schema-graph\">{\"@context\":\"https:\/\/schema.org\",\"@graph\":[{\"@type\":\"Article\",\"@id\":\"https:\/\/www.ariasassessors.com\/ca\/tots-els-becaris-cotitzaran-a-la-seguretat-social-a-partir-de-gener-de-2024-un-pas-important-per-als-joves-professionals\/#article\",\"isPartOf\":{\"@id\":\"https:\/\/www.ariasassessors.com\/ca\/tots-els-becaris-cotitzaran-a-la-seguretat-social-a-partir-de-gener-de-2024-un-pas-important-per-als-joves-professionals\/\"},\"author\":{\"name\":\"btorras\",\"@id\":\"https:\/\/www.ariasassessors.com\/#\/schema\/person\/63c6ad1775f0a9413c37932562673cef\"},\"headline\":\"Tots els Becaris Cotitzaran a la Seguretat Social a Partir de Gener de 2024: Un Pas Important per als Joves Professionals\",\"datePublished\":\"2023-12-22T13:57:09+00:00\",\"dateModified\":\"2023-12-22T13:57:09+00:00\",\"mainEntityOfPage\":{\"@id\":\"https:\/\/www.ariasassessors.com\/ca\/tots-els-becaris-cotitzaran-a-la-seguretat-social-a-partir-de-gener-de-2024-un-pas-important-per-als-joves-professionals\/\"},\"wordCount\":835,\"commentCount\":0,\"publisher\":{\"@id\":\"https:\/\/www.ariasassessors.com\/#organization\"},\"image\":{\"@id\":\"https:\/\/www.ariasassessors.com\/ca\/tots-els-becaris-cotitzaran-a-la-seguretat-social-a-partir-de-gener-de-2024-un-pas-important-per-als-joves-professionals\/#primaryimage\"},\"thumbnailUrl\":\"https:\/\/www.ariasassessors.com\/wp-content\/uploads\/2023\/12\/Diseno-sin-titulo.jpg\",\"articleSection\":[\"noticies\"],\"inLanguage\":\"ca\",\"potentialAction\":[{\"@type\":\"CommentAction\",\"name\":\"Comment\",\"target\":[\"https:\/\/www.ariasassessors.com\/ca\/tots-els-becaris-cotitzaran-a-la-seguretat-social-a-partir-de-gener-de-2024-un-pas-important-per-als-joves-professionals\/#respond\"]}]},{\"@type\":\"WebPage\",\"@id\":\"https:\/\/www.ariasassessors.com\/ca\/tots-els-becaris-cotitzaran-a-la-seguretat-social-a-partir-de-gener-de-2024-un-pas-important-per-als-joves-professionals\/\",\"url\":\"https:\/\/www.ariasassessors.com\/ca\/tots-els-becaris-cotitzaran-a-la-seguretat-social-a-partir-de-gener-de-2024-un-pas-important-per-als-joves-professionals\/\",\"name\":\"Tots els Becaris Cotitzaran a la Seguretat Social a Partir de Gener de 2024: Un Pas Important per als Joves Professionals | Arias Assessors\",\"isPartOf\":{\"@id\":\"https:\/\/www.ariasassessors.com\/#website\"},\"primaryImageOfPage\":{\"@id\":\"https:\/\/www.ariasassessors.com\/ca\/tots-els-becaris-cotitzaran-a-la-seguretat-social-a-partir-de-gener-de-2024-un-pas-important-per-als-joves-professionals\/#primaryimage\"},\"image\":{\"@id\":\"https:\/\/www.ariasassessors.com\/ca\/tots-els-becaris-cotitzaran-a-la-seguretat-social-a-partir-de-gener-de-2024-un-pas-important-per-als-joves-professionals\/#primaryimage\"},\"thumbnailUrl\":\"https:\/\/www.ariasassessors.com\/wp-content\/uploads\/2023\/12\/Diseno-sin-titulo.jpg\",\"datePublished\":\"2023-12-22T13:57:09+00:00\",\"dateModified\":\"2023-12-22T13:57:09+00:00\",\"breadcrumb\":{\"@id\":\"https:\/\/www.ariasassessors.com\/ca\/tots-els-becaris-cotitzaran-a-la-seguretat-social-a-partir-de-gener-de-2024-un-pas-important-per-als-joves-professionals\/#breadcrumb\"},\"inLanguage\":\"ca\",\"potentialAction\":[{\"@type\":\"ReadAction\",\"target\":[\"https:\/\/www.ariasassessors.com\/ca\/tots-els-becaris-cotitzaran-a-la-seguretat-social-a-partir-de-gener-de-2024-un-pas-important-per-als-joves-professionals\/\"]}]},{\"@type\":\"ImageObject\",\"inLanguage\":\"ca\",\"@id\":\"https:\/\/www.ariasassessors.com\/ca\/tots-els-becaris-cotitzaran-a-la-seguretat-social-a-partir-de-gener-de-2024-un-pas-important-per-als-joves-professionals\/#primaryimage\",\"url\":\"https:\/\/www.ariasassessors.com\/wp-content\/uploads\/2023\/12\/Diseno-sin-titulo.jpg\",\"contentUrl\":\"https:\/\/www.ariasassessors.com\/wp-content\/uploads\/2023\/12\/Diseno-sin-titulo.jpg\",\"width\":1000,\"height\":667,\"caption\":\"becarios 2024\"},{\"@type\":\"BreadcrumbList\",\"@id\":\"https:\/\/www.ariasassessors.com\/ca\/tots-els-becaris-cotitzaran-a-la-seguretat-social-a-partir-de-gener-de-2024-un-pas-important-per-als-joves-professionals\/#breadcrumb\",\"itemListElement\":[{\"@type\":\"ListItem\",\"position\":1,\"name\":\"Portada\",\"item\":\"https:\/\/www.ariasassessors.com\/ca\/\"},{\"@type\":\"ListItem\",\"position\":2,\"name\":\"Tots els Becaris Cotitzaran a la Seguretat Social a Partir de Gener de 2024: Un Pas Important per als Joves Professionals\"}]},{\"@type\":\"WebSite\",\"@id\":\"https:\/\/www.ariasassessors.com\/#website\",\"url\":\"https:\/\/www.ariasassessors.com\/\",\"name\":\"Arias Assessors\",\"description\":\"Asesor\u00eda para aut\u00f3nomos, profesionales y PYMES\",\"publisher\":{\"@id\":\"https:\/\/www.ariasassessors.com\/#organization\"},\"potentialAction\":[{\"@type\":\"SearchAction\",\"target\":{\"@type\":\"EntryPoint\",\"urlTemplate\":\"https:\/\/www.ariasassessors.com\/?s={search_term_string}\"},\"query-input\":{\"@type\":\"PropertyValueSpecification\",\"valueRequired\":true,\"valueName\":\"search_term_string\"}}],\"inLanguage\":\"ca\"},{\"@type\":\"Organization\",\"@id\":\"https:\/\/www.ariasassessors.com\/#organization\",\"name\":\"Arias Assessors\",\"url\":\"https:\/\/www.ariasassessors.com\/\",\"logo\":{\"@type\":\"ImageObject\",\"inLanguage\":\"ca\",\"@id\":\"https:\/\/www.ariasassessors.com\/#\/schema\/logo\/image\/\",\"url\":\"https:\/\/www.ariasassessors.com\/wp-content\/uploads\/2019\/01\/arias-logo.png\",\"contentUrl\":\"https:\/\/www.ariasassessors.com\/wp-content\/uploads\/2019\/01\/arias-logo.png\",\"width\":349,\"height\":254,\"caption\":\"Arias Assessors\"},\"image\":{\"@id\":\"https:\/\/www.ariasassessors.com\/#\/schema\/logo\/image\/\"},\"sameAs\":[\"https:\/\/www.facebook.com\/ariasassessors\/\",\"https:\/\/x.com\/ariasassessors\",\"https:\/\/www.linkedin.com\/company\/r&amp;amp;r-growing-knowledge\/\"]},{\"@type\":\"Person\",\"@id\":\"https:\/\/www.ariasassessors.com\/#\/schema\/person\/63c6ad1775f0a9413c37932562673cef\",\"name\":\"btorras\",\"image\":{\"@type\":\"ImageObject\",\"inLanguage\":\"ca\",\"@id\":\"https:\/\/www.ariasassessors.com\/#\/schema\/person\/image\/\",\"url\":\"https:\/\/secure.gravatar.com\/avatar\/0531db351fc361fdbfd204c58fa2d6a3?s=96&d=mm&r=g\",\"contentUrl\":\"https:\/\/secure.gravatar.com\/avatar\/0531db351fc361fdbfd204c58fa2d6a3?s=96&d=mm&r=g\",\"caption\":\"btorras\"}}]}<\/script>\n<!-- \/ Yoast SEO plugin. -->","yoast_head_json":{"title":"Tots els Becaris Cotitzaran a la Seguretat Social a Partir de Gener de 2024: Un Pas Important per als Joves Professionals | Arias Assessors","robots":{"index":"index","follow":"follow","max-snippet":"max-snippet:-1","max-image-preview":"max-image-preview:large","max-video-preview":"max-video-preview:-1"},"canonical":"https:\/\/www.ariasassessors.com\/ca\/tots-els-becaris-cotitzaran-a-la-seguretat-social-a-partir-de-gener-de-2024-un-pas-important-per-als-joves-professionals\/","og_locale":"ca_ES","og_type":"article","og_title":"Tots els Becaris Cotitzaran a la Seguretat Social a Partir de Gener de 2024: Un Pas Important per als Joves Professionals | Arias Assessors","og_description":"El panorama pels alumnes universitaris i de formaci\u00f3 professional que realitzen pr\u00e0ctiques formatives est\u00e0 a punt de canviar significativament. A partir de l&#8217;1 de gener de 2024, tots els becaris, independentment de si les pr\u00e0ctiques s\u00f3n remunerades o no, estaran obligats a cotitzar a la...","og_url":"https:\/\/www.ariasassessors.com\/ca\/tots-els-becaris-cotitzaran-a-la-seguretat-social-a-partir-de-gener-de-2024-un-pas-important-per-als-joves-professionals\/","og_site_name":"Arias Assessors","article_publisher":"https:\/\/www.facebook.com\/ariasassessors\/","article_published_time":"2023-12-22T13:57:09+00:00","og_image":[{"width":1000,"height":667,"url":"https:\/\/www.ariasassessors.com\/wp-content\/uploads\/2023\/12\/Diseno-sin-titulo.jpg","type":"image\/jpeg"}],"author":"btorras","twitter_card":"summary_large_image","twitter_creator":"@ariasassessors","twitter_site":"@ariasassessors","twitter_misc":{"Escrit per":"btorras","Temps estimat de lectura":"4 minuts"},"schema":{"@context":"https:\/\/schema.org","@graph":[{"@type":"Article","@id":"https:\/\/www.ariasassessors.com\/ca\/tots-els-becaris-cotitzaran-a-la-seguretat-social-a-partir-de-gener-de-2024-un-pas-important-per-als-joves-professionals\/#article","isPartOf":{"@id":"https:\/\/www.ariasassessors.com\/ca\/tots-els-becaris-cotitzaran-a-la-seguretat-social-a-partir-de-gener-de-2024-un-pas-important-per-als-joves-professionals\/"},"author":{"name":"btorras","@id":"https:\/\/www.ariasassessors.com\/#\/schema\/person\/63c6ad1775f0a9413c37932562673cef"},"headline":"Tots els Becaris Cotitzaran a la Seguretat Social a Partir de Gener de 2024: Un Pas Important per als Joves Professionals","datePublished":"2023-12-22T13:57:09+00:00","dateModified":"2023-12-22T13:57:09+00:00","mainEntityOfPage":{"@id":"https:\/\/www.ariasassessors.com\/ca\/tots-els-becaris-cotitzaran-a-la-seguretat-social-a-partir-de-gener-de-2024-un-pas-important-per-als-joves-professionals\/"},"wordCount":835,"commentCount":0,"publisher":{"@id":"https:\/\/www.ariasassessors.com\/#organization"},"image":{"@id":"https:\/\/www.ariasassessors.com\/ca\/tots-els-becaris-cotitzaran-a-la-seguretat-social-a-partir-de-gener-de-2024-un-pas-important-per-als-joves-professionals\/#primaryimage"},"thumbnailUrl":"https:\/\/www.ariasassessors.com\/wp-content\/uploads\/2023\/12\/Diseno-sin-titulo.jpg","articleSection":["noticies"],"inLanguage":"ca","potentialAction":[{"@type":"CommentAction","name":"Comment","target":["https:\/\/www.ariasassessors.com\/ca\/tots-els-becaris-cotitzaran-a-la-seguretat-social-a-partir-de-gener-de-2024-un-pas-important-per-als-joves-professionals\/#respond"]}]},{"@type":"WebPage","@id":"https:\/\/www.ariasassessors.com\/ca\/tots-els-becaris-cotitzaran-a-la-seguretat-social-a-partir-de-gener-de-2024-un-pas-important-per-als-joves-professionals\/","url":"https:\/\/www.ariasassessors.com\/ca\/tots-els-becaris-cotitzaran-a-la-seguretat-social-a-partir-de-gener-de-2024-un-pas-important-per-als-joves-professionals\/","name":"Tots els Becaris Cotitzaran a la Seguretat Social a Partir de Gener de 2024: Un Pas Important per als Joves Professionals | Arias Assessors","isPartOf":{"@id":"https:\/\/www.ariasassessors.com\/#website"},"primaryImageOfPage":{"@id":"https:\/\/www.ariasassessors.com\/ca\/tots-els-becaris-cotitzaran-a-la-seguretat-social-a-partir-de-gener-de-2024-un-pas-important-per-als-joves-professionals\/#primaryimage"},"image":{"@id":"https:\/\/www.ariasassessors.com\/ca\/tots-els-becaris-cotitzaran-a-la-seguretat-social-a-partir-de-gener-de-2024-un-pas-important-per-als-joves-professionals\/#primaryimage"},"thumbnailUrl":"https:\/\/www.ariasassessors.com\/wp-content\/uploads\/2023\/12\/Diseno-sin-titulo.jpg","datePublished":"2023-12-22T13:57:09+00:00","dateModified":"2023-12-22T13:57:09+00:00","breadcrumb":{"@id":"https:\/\/www.ariasassessors.com\/ca\/tots-els-becaris-cotitzaran-a-la-seguretat-social-a-partir-de-gener-de-2024-un-pas-important-per-als-joves-professionals\/#breadcrumb"},"inLanguage":"ca","potentialAction":[{"@type":"ReadAction","target":["https:\/\/www.ariasassessors.com\/ca\/tots-els-becaris-cotitzaran-a-la-seguretat-social-a-partir-de-gener-de-2024-un-pas-important-per-als-joves-professionals\/"]}]},{"@type":"ImageObject","inLanguage":"ca","@id":"https:\/\/www.ariasassessors.com\/ca\/tots-els-becaris-cotitzaran-a-la-seguretat-social-a-partir-de-gener-de-2024-un-pas-important-per-als-joves-professionals\/#primaryimage","url":"https:\/\/www.ariasassessors.com\/wp-content\/uploads\/2023\/12\/Diseno-sin-titulo.jpg","contentUrl":"https:\/\/www.ariasassessors.com\/wp-content\/uploads\/2023\/12\/Diseno-sin-titulo.jpg","width":1000,"height":667,"caption":"becarios 2024"},{"@type":"BreadcrumbList","@id":"https:\/\/www.ariasassessors.com\/ca\/tots-els-becaris-cotitzaran-a-la-seguretat-social-a-partir-de-gener-de-2024-un-pas-important-per-als-joves-professionals\/#breadcrumb","itemListElement":[{"@type":"ListItem","position":1,"name":"Portada","item":"https:\/\/www.ariasassessors.com\/ca\/"},{"@type":"ListItem","position":2,"name":"Tots els Becaris Cotitzaran a la Seguretat Social a Partir de Gener de 2024: Un Pas Important per als Joves Professionals"}]},{"@type":"WebSite","@id":"https:\/\/www.ariasassessors.com\/#website","url":"https:\/\/www.ariasassessors.com\/","name":"Arias Assessors","description":"Asesor\u00eda para aut\u00f3nomos, profesionales y PYMES","publisher":{"@id":"https:\/\/www.ariasassessors.com\/#organization"},"potentialAction":[{"@type":"SearchAction","target":{"@type":"EntryPoint","urlTemplate":"https:\/\/www.ariasassessors.com\/?s={search_term_string}"},"query-input":{"@type":"PropertyValueSpecification","valueRequired":true,"valueName":"search_term_string"}}],"inLanguage":"ca"},{"@type":"Organization","@id":"https:\/\/www.ariasassessors.com\/#organization","name":"Arias Assessors","url":"https:\/\/www.ariasassessors.com\/","logo":{"@type":"ImageObject","inLanguage":"ca","@id":"https:\/\/www.ariasassessors.com\/#\/schema\/logo\/image\/","url":"https:\/\/www.ariasassessors.com\/wp-content\/uploads\/2019\/01\/arias-logo.png","contentUrl":"https:\/\/www.ariasassessors.com\/wp-content\/uploads\/2019\/01\/arias-logo.png","width":349,"height":254,"caption":"Arias Assessors"},"image":{"@id":"https:\/\/www.ariasassessors.com\/#\/schema\/logo\/image\/"},"sameAs":["https:\/\/www.facebook.com\/ariasassessors\/","https:\/\/x.com\/ariasassessors","https:\/\/www.linkedin.com\/company\/r&amp;amp;r-growing-knowledge\/"]},{"@type":"Person","@id":"https:\/\/www.ariasassessors.com\/#\/schema\/person\/63c6ad1775f0a9413c37932562673cef","name":"btorras","image":{"@type":"ImageObject","inLanguage":"ca","@id":"https:\/\/www.ariasassessors.com\/#\/schema\/person\/image\/","url":"https:\/\/secure.gravatar.com\/avatar\/0531db351fc361fdbfd204c58fa2d6a3?s=96&d=mm&r=g","contentUrl":"https:\/\/secure.gravatar.com\/avatar\/0531db351fc361fdbfd204c58fa2d6a3?s=96&d=mm&r=g","caption":"btorras"}}]}},"_links":{"self":[{"href":"https:\/\/www.ariasassessors.com\/ca\/wp-json\/wp\/v2\/posts\/3088","targetHints":{"allow":["GET"]}}],"collection":[{"href":"https:\/\/www.ariasassessors.com\/ca\/wp-json\/wp\/v2\/posts"}],"about":[{"href":"https:\/\/www.ariasassessors.com\/ca\/wp-json\/wp\/v2\/types\/post"}],"author":[{"embeddable":true,"href":"https:\/\/www.ariasassessors.com\/ca\/wp-json\/wp\/v2\/users\/2"}],"replies":[{"embeddable":true,"href":"https:\/\/www.ariasassessors.com\/ca\/wp-json\/wp\/v2\/comments?post=3088"}],"version-history":[{"count":1,"href":"https:\/\/www.ariasassessors.com\/ca\/wp-json\/wp\/v2\/posts\/3088\/revisions"}],"predecessor-version":[{"id":3089,"href":"https:\/\/www.ariasassessors.com\/ca\/wp-json\/wp\/v2\/posts\/3088\/revisions\/3089"}],"wp:featuredmedia":[{"embeddable":true,"href":"https:\/\/www.ariasassessors.com\/ca\/wp-json\/wp\/v2\/media\/3086"}],"wp:attachment":[{"href":"https:\/\/www.ariasassessors.com\/ca\/wp-json\/wp\/v2\/media?parent=3088"}],"wp:term":[{"taxonomy":"category","embeddable":true,"href":"https:\/\/www.ariasassessors.com\/ca\/wp-json\/wp\/v2\/categories?post=3088"},{"taxonomy":"post_tag","embeddable":true,"href":"https:\/\/www.ariasassessors.com\/ca\/wp-json\/wp\/v2\/tags?post=3088"}],"curies":[{"name":"wp","href":"https:\/\/api.w.org\/{rel}","templated":true}]}}