{"id":3106,"date":"2024-01-03T14:26:06","date_gmt":"2024-01-03T13:26:06","guid":{"rendered":"https:\/\/www.ariasassessors.com\/?p=3106"},"modified":"2024-01-03T14:26:06","modified_gmt":"2024-01-03T13:26:06","slug":"les-pensions-contributives-shan-revaloritzat-un-38-aquest-2024","status":"publish","type":"post","link":"https:\/\/www.ariasassessors.com\/ca\/les-pensions-contributives-shan-revaloritzat-un-38-aquest-2024\/","title":{"rendered":"Les pensions contributives s&#8217;han revaloritzat un 3,8% aquest 2024"},"content":{"rendered":"<p>En un pas significatiu per a assegurar el benestar econ\u00f2mic dels pensionistes, s&#8217;ha anunciat un augment del 3,8% en les pensions contributives per a l&#8217;any 2024. Aquest increment es basa en l&#8217;\u00edndex de preus de consum (IPC) medio entre desembre de 2022 i novembre de 2023, conforme al que s&#8217;estableix en la Llei 20\/2021 de garantia del poder adquisitiu de les pensions. Aquesta mesura, acordada amb els interlocutors socials, cerca complir amb la recomanaci\u00f3 2a del Pacte de Toledo, assegurant el poder adquisitiu dels pensionistes d&#8217;acord amb l&#8217;evoluci\u00f3 de l&#8217;IPC.<\/p>\n<div id=\"ez-toc-container\" class=\"ez-toc-v2_0_72 counter-hierarchy ez-toc-counter ez-toc-grey ez-toc-container-direction\">\n<div class=\"ez-toc-title-container\">\n<p class=\"ez-toc-title\" style=\"cursor:inherit\">\u00cdndice de Contenidos<\/p>\n<span class=\"ez-toc-title-toggle\"><a href=\"#\" class=\"ez-toc-pull-right ez-toc-btn ez-toc-btn-xs ez-toc-btn-default ez-toc-toggle\" aria-label=\"Toggle Table of Content\"><span class=\"ez-toc-js-icon-con\"><span class=\"\"><span class=\"eztoc-hide\" style=\"display:none;\">Toggle<\/span><span class=\"ez-toc-icon-toggle-span\"><svg style=\"fill: #428bca;color:#428bca\" xmlns=\"http:\/\/www.w3.org\/2000\/svg\" class=\"list-377408\" width=\"20px\" height=\"20px\" viewBox=\"0 0 24 24\" fill=\"none\"><path d=\"M6 6H4v2h2V6zm14 0H8v2h12V6zM4 11h2v2H4v-2zm16 0H8v2h12v-2zM4 16h2v2H4v-2zm16 0H8v2h12v-2z\" fill=\"currentColor\"><\/path><\/svg><svg style=\"fill: #428bca;color:#428bca\" class=\"arrow-unsorted-368013\" xmlns=\"http:\/\/www.w3.org\/2000\/svg\" width=\"10px\" height=\"10px\" viewBox=\"0 0 24 24\" version=\"1.2\" baseProfile=\"tiny\"><path d=\"M18.2 9.3l-6.2-6.3-6.2 6.3c-.2.2-.3.4-.3.7s.1.5.3.7c.2.2.4.3.7.3h11c.3 0 .5-.1.7-.3.2-.2.3-.5.3-.7s-.1-.5-.3-.7zM5.8 14.7l6.2 6.3 6.2-6.3c.2-.2.3-.5.3-.7s-.1-.5-.3-.7c-.2-.2-.4-.3-.7-.3h-11c-.3 0-.5.1-.7.3-.2.2-.3.5-.3.7s.1.5.3.7z\"\/><\/svg><\/span><\/span><\/span><\/a><\/span><\/div>\n<nav><ul class='ez-toc-list ez-toc-list-level-1 eztoc-toggle-hide-by-default' ><li class='ez-toc-page-1 ez-toc-heading-level-2'><a class=\"ez-toc-link ez-toc-heading-1\" href=\"https:\/\/www.ariasassessors.com\/ca\/les-pensions-contributives-shan-revaloritzat-un-38-aquest-2024\/#Impacte_en_les_Pensions\" title=\"Impacte en les Pensions\">Impacte en les Pensions<\/a><\/li><li class='ez-toc-page-1 ez-toc-heading-level-2'><a class=\"ez-toc-link ez-toc-heading-2\" href=\"https:\/\/www.ariasassessors.com\/ca\/les-pensions-contributives-shan-revaloritzat-un-38-aquest-2024\/#La_Ministra_Elma_Saiz_Destaca_els_Assoliments\" title=\"La Ministra Elma Saiz Destaca els Assoliments\">La Ministra Elma Saiz Destaca els Assoliments<\/a><\/li><li class='ez-toc-page-1 ez-toc-heading-level-2'><a class=\"ez-toc-link ez-toc-heading-3\" href=\"https:\/\/www.ariasassessors.com\/ca\/les-pensions-contributives-shan-revaloritzat-un-38-aquest-2024\/#Augment_Major_en_Pensions_Minimes_i_No_Contributives\" title=\"Augment Major en Pensions M\u00ednimes i No Contributives\">Augment Major en Pensions M\u00ednimes i No Contributives<\/a><\/li><\/ul><\/nav><\/div>\n<h2><span class=\"ez-toc-section\" id=\"Impacte_en_les_Pensions\"><\/span>Impacte en les Pensions<span class=\"ez-toc-section-end\"><\/span><\/h2>\n<p>Amb aquesta revaloraci\u00f3, la pensi\u00f3 mitjana de jubilaci\u00f3 experimenta un increment de 734 euros a l&#8217;any, equivalent a 52 euros al mes.<br \/>\nPer a la pensi\u00f3 mitjana del sistema, que se situa en 1.200 euros, l&#8217;augment \u00e9s de 638 euros anuals, traduint-se en un increment mensual de 46 euros. En conjunt, m\u00e9s de 10 milions de pensionistes veuen conservat o incrementat el seu poder adquisitiu.<\/p>\n<h2><span class=\"ez-toc-section\" id=\"La_Ministra_Elma_Saiz_Destaca_els_Assoliments\"><\/span>La Ministra Elma Saiz Destaca els Assoliments<span class=\"ez-toc-section-end\"><\/span><\/h2>\n<p>La ministra d&#8217;Inclusi\u00f3, Seguretat Social i Migracions, Elma Saiz, ressalta la import\u00e0ncia d&#8217;aquesta mesura i subratlla que, gr\u00e0cies a la reforma de les pensions aprovada en 2021, el Govern d&#8217;Espanya protegeix per tercer any consecutiu el poder adquisitiu dels pensionistes. Aquest assoliment ha estat possible gr\u00e0cies a la contribuci\u00f3 dels agents socials i els partits pol\u00edtics que van recolzar la reforma.<\/p>\n<h2><span class=\"ez-toc-section\" id=\"Augment_Major_en_Pensions_Minimes_i_No_Contributives\"><\/span>Augment Major en Pensions M\u00ednimes i No Contributives<span class=\"ez-toc-section-end\"><\/span><\/h2>\n<p>Destacant l&#8217;equitat en les pol\u00edtiques de pensions, s&#8217;informa que les pensions m\u00ednimes i no contributives experimenten un augment encara major, basat en el que s&#8217;estableix en el Reial decret llei 2\/2023. La ministra Saiz subratlla que aquesta not\u00edcia \u00e9s especialment positiva, ja que les pensions que experimenten majors augments s\u00f3n aquelles de menor quantia, beneficiant directament a persones amb menors ingressos i contribuint a la reducci\u00f3 de la bretxa de g\u00e8nere.<\/p>\n<p>En resum, l&#8217;augment del 3,8% en les pensions contributives per a l&#8217;any 2024 \u00e9s una fita significativa en la protecci\u00f3 del poder adquisitiu dels pensionistes a Espanya. La combinaci\u00f3 de la f\u00f3rmula basada en l&#8217;IPC i les mesures preses en la reforma de les pensions demostren el comprom\u00eds del Govern a garantir l&#8217;estabilitat financera dels ciutadans jubilats. Aquest increment no sols beneficia a m\u00e9s de 10 milions de pensionistes, sin\u00f3 que tamb\u00e9 t\u00e9 un impacte positiu en la reducci\u00f3 de desigualtats econ\u00f2miques, contribuint a aconseguir objectius socials fonamentals.<\/p>\n","protected":false},"excerpt":{"rendered":"<p>En un pas significatiu per a assegurar el benestar econ\u00f2mic dels pensionistes, s&#8217;ha anunciat un augment del 3,8% en les pensions contributives per a l&#8217;any 2024. Aquest increment es basa en l&#8217;\u00edndex de preus de consum (IPC) medio entre desembre de 2022 i novembre de&#8230;<\/p>\n","protected":false},"author":2,"featured_media":3104,"comment_status":"open","ping_status":"open","sticky":false,"template":"","format":"standard","meta":{"footnotes":""},"categories":[4],"tags":[],"class_list":["post-3106","post","type-post","status-publish","format-standard","has-post-thumbnail","hentry","category-noticies"],"yoast_head":"<!-- This site is optimized with the Yoast SEO plugin v24.3 - https:\/\/yoast.com\/wordpress\/plugins\/seo\/ -->\n<title>Les pensions contributives han pujat un 3,8% en 2024 | Arias Assessors<\/title>\n<meta name=\"description\" content=\"Per a assegurar el benestar econ\u00f2mic dels pensionistes, s&#039;ha anunciat un augment del 3,8% en les pensions contributives per a l&#039;any 2024.\" \/>\n<meta name=\"robots\" content=\"index, follow, max-snippet:-1, max-image-preview:large, max-video-preview:-1\" \/>\n<link rel=\"canonical\" href=\"https:\/\/www.ariasassessors.com\/ca\/les-pensions-contributives-shan-revaloritzat-un-38-aquest-2024\/\" \/>\n<meta property=\"og:locale\" content=\"ca_ES\" \/>\n<meta property=\"og:type\" content=\"article\" \/>\n<meta property=\"og:title\" content=\"Les pensions contributives han pujat un 3,8% en 2024 | Arias Assessors\" \/>\n<meta property=\"og:description\" content=\"Per a assegurar el benestar econ\u00f2mic dels pensionistes, s&#039;ha anunciat un augment del 3,8% en les pensions contributives per a l&#039;any 2024.\" \/>\n<meta property=\"og:url\" content=\"https:\/\/www.ariasassessors.com\/ca\/les-pensions-contributives-shan-revaloritzat-un-38-aquest-2024\/\" \/>\n<meta property=\"og:site_name\" content=\"Arias Assessors\" \/>\n<meta property=\"article:publisher\" content=\"https:\/\/www.facebook.com\/ariasassessors\/\" \/>\n<meta property=\"article:published_time\" content=\"2024-01-03T13:26:06+00:00\" \/>\n<meta property=\"og:image\" content=\"https:\/\/www.ariasassessors.com\/wp-content\/uploads\/2024\/01\/Diseno-sin-titulo.jpg\" \/>\n\t<meta property=\"og:image:width\" content=\"2048\" \/>\n\t<meta property=\"og:image:height\" content=\"1367\" \/>\n\t<meta property=\"og:image:type\" content=\"image\/jpeg\" \/>\n<meta name=\"author\" content=\"btorras\" \/>\n<meta name=\"twitter:card\" content=\"summary_large_image\" \/>\n<meta name=\"twitter:creator\" content=\"@ariasassessors\" \/>\n<meta name=\"twitter:site\" content=\"@ariasassessors\" \/>\n<meta name=\"twitter:label1\" content=\"Escrit per\" \/>\n\t<meta name=\"twitter:data1\" content=\"btorras\" \/>\n\t<meta name=\"twitter:label2\" content=\"Temps estimat de lectura\" \/>\n\t<meta name=\"twitter:data2\" content=\"2 minuts\" \/>\n<script type=\"application\/ld+json\" class=\"yoast-schema-graph\">{\"@context\":\"https:\/\/schema.org\",\"@graph\":[{\"@type\":\"Article\",\"@id\":\"https:\/\/www.ariasassessors.com\/ca\/les-pensions-contributives-shan-revaloritzat-un-38-aquest-2024\/#article\",\"isPartOf\":{\"@id\":\"https:\/\/www.ariasassessors.com\/ca\/les-pensions-contributives-shan-revaloritzat-un-38-aquest-2024\/\"},\"author\":{\"name\":\"btorras\",\"@id\":\"https:\/\/www.ariasassessors.com\/#\/schema\/person\/63c6ad1775f0a9413c37932562673cef\"},\"headline\":\"Les pensions contributives s&#8217;han revaloritzat un 3,8% aquest 2024\",\"datePublished\":\"2024-01-03T13:26:06+00:00\",\"dateModified\":\"2024-01-03T13:26:06+00:00\",\"mainEntityOfPage\":{\"@id\":\"https:\/\/www.ariasassessors.com\/ca\/les-pensions-contributives-shan-revaloritzat-un-38-aquest-2024\/\"},\"wordCount\":402,\"commentCount\":0,\"publisher\":{\"@id\":\"https:\/\/www.ariasassessors.com\/#organization\"},\"image\":{\"@id\":\"https:\/\/www.ariasassessors.com\/ca\/les-pensions-contributives-shan-revaloritzat-un-38-aquest-2024\/#primaryimage\"},\"thumbnailUrl\":\"https:\/\/www.ariasassessors.com\/wp-content\/uploads\/2024\/01\/Diseno-sin-titulo.jpg\",\"articleSection\":[\"noticies\"],\"inLanguage\":\"ca\",\"potentialAction\":[{\"@type\":\"CommentAction\",\"name\":\"Comment\",\"target\":[\"https:\/\/www.ariasassessors.com\/ca\/les-pensions-contributives-shan-revaloritzat-un-38-aquest-2024\/#respond\"]}]},{\"@type\":\"WebPage\",\"@id\":\"https:\/\/www.ariasassessors.com\/ca\/les-pensions-contributives-shan-revaloritzat-un-38-aquest-2024\/\",\"url\":\"https:\/\/www.ariasassessors.com\/ca\/les-pensions-contributives-shan-revaloritzat-un-38-aquest-2024\/\",\"name\":\"Les pensions contributives han pujat un 3,8% en 2024 | Arias Assessors\",\"isPartOf\":{\"@id\":\"https:\/\/www.ariasassessors.com\/#website\"},\"primaryImageOfPage\":{\"@id\":\"https:\/\/www.ariasassessors.com\/ca\/les-pensions-contributives-shan-revaloritzat-un-38-aquest-2024\/#primaryimage\"},\"image\":{\"@id\":\"https:\/\/www.ariasassessors.com\/ca\/les-pensions-contributives-shan-revaloritzat-un-38-aquest-2024\/#primaryimage\"},\"thumbnailUrl\":\"https:\/\/www.ariasassessors.com\/wp-content\/uploads\/2024\/01\/Diseno-sin-titulo.jpg\",\"datePublished\":\"2024-01-03T13:26:06+00:00\",\"dateModified\":\"2024-01-03T13:26:06+00:00\",\"description\":\"Per a assegurar el benestar econ\u00f2mic dels pensionistes, s'ha anunciat un augment del 3,8% en les pensions contributives per a l'any 2024.\",\"breadcrumb\":{\"@id\":\"https:\/\/www.ariasassessors.com\/ca\/les-pensions-contributives-shan-revaloritzat-un-38-aquest-2024\/#breadcrumb\"},\"inLanguage\":\"ca\",\"potentialAction\":[{\"@type\":\"ReadAction\",\"target\":[\"https:\/\/www.ariasassessors.com\/ca\/les-pensions-contributives-shan-revaloritzat-un-38-aquest-2024\/\"]}]},{\"@type\":\"ImageObject\",\"inLanguage\":\"ca\",\"@id\":\"https:\/\/www.ariasassessors.com\/ca\/les-pensions-contributives-shan-revaloritzat-un-38-aquest-2024\/#primaryimage\",\"url\":\"https:\/\/www.ariasassessors.com\/wp-content\/uploads\/2024\/01\/Diseno-sin-titulo.jpg\",\"contentUrl\":\"https:\/\/www.ariasassessors.com\/wp-content\/uploads\/2024\/01\/Diseno-sin-titulo.jpg\",\"width\":2048,\"height\":1367},{\"@type\":\"BreadcrumbList\",\"@id\":\"https:\/\/www.ariasassessors.com\/ca\/les-pensions-contributives-shan-revaloritzat-un-38-aquest-2024\/#breadcrumb\",\"itemListElement\":[{\"@type\":\"ListItem\",\"position\":1,\"name\":\"Portada\",\"item\":\"https:\/\/www.ariasassessors.com\/ca\/\"},{\"@type\":\"ListItem\",\"position\":2,\"name\":\"Les pensions contributives s&#8217;han revaloritzat un 3,8% aquest 2024\"}]},{\"@type\":\"WebSite\",\"@id\":\"https:\/\/www.ariasassessors.com\/#website\",\"url\":\"https:\/\/www.ariasassessors.com\/\",\"name\":\"Arias Assessors\",\"description\":\"Asesor\u00eda para aut\u00f3nomos, profesionales y PYMES\",\"publisher\":{\"@id\":\"https:\/\/www.ariasassessors.com\/#organization\"},\"potentialAction\":[{\"@type\":\"SearchAction\",\"target\":{\"@type\":\"EntryPoint\",\"urlTemplate\":\"https:\/\/www.ariasassessors.com\/?s={search_term_string}\"},\"query-input\":{\"@type\":\"PropertyValueSpecification\",\"valueRequired\":true,\"valueName\":\"search_term_string\"}}],\"inLanguage\":\"ca\"},{\"@type\":\"Organization\",\"@id\":\"https:\/\/www.ariasassessors.com\/#organization\",\"name\":\"Arias Assessors\",\"url\":\"https:\/\/www.ariasassessors.com\/\",\"logo\":{\"@type\":\"ImageObject\",\"inLanguage\":\"ca\",\"@id\":\"https:\/\/www.ariasassessors.com\/#\/schema\/logo\/image\/\",\"url\":\"https:\/\/www.ariasassessors.com\/wp-content\/uploads\/2019\/01\/arias-logo.png\",\"contentUrl\":\"https:\/\/www.ariasassessors.com\/wp-content\/uploads\/2019\/01\/arias-logo.png\",\"width\":349,\"height\":254,\"caption\":\"Arias Assessors\"},\"image\":{\"@id\":\"https:\/\/www.ariasassessors.com\/#\/schema\/logo\/image\/\"},\"sameAs\":[\"https:\/\/www.facebook.com\/ariasassessors\/\",\"https:\/\/x.com\/ariasassessors\",\"https:\/\/www.linkedin.com\/company\/r&amp;amp;r-growing-knowledge\/\"]},{\"@type\":\"Person\",\"@id\":\"https:\/\/www.ariasassessors.com\/#\/schema\/person\/63c6ad1775f0a9413c37932562673cef\",\"name\":\"btorras\",\"image\":{\"@type\":\"ImageObject\",\"inLanguage\":\"ca\",\"@id\":\"https:\/\/www.ariasassessors.com\/#\/schema\/person\/image\/\",\"url\":\"https:\/\/secure.gravatar.com\/avatar\/0531db351fc361fdbfd204c58fa2d6a3?s=96&d=mm&r=g\",\"contentUrl\":\"https:\/\/secure.gravatar.com\/avatar\/0531db351fc361fdbfd204c58fa2d6a3?s=96&d=mm&r=g\",\"caption\":\"btorras\"}}]}<\/script>\n<!-- \/ Yoast SEO plugin. -->","yoast_head_json":{"title":"Les pensions contributives han pujat un 3,8% en 2024 | Arias Assessors","description":"Per a assegurar el benestar econ\u00f2mic dels pensionistes, s'ha anunciat un augment del 3,8% en les pensions contributives per a l'any 2024.","robots":{"index":"index","follow":"follow","max-snippet":"max-snippet:-1","max-image-preview":"max-image-preview:large","max-video-preview":"max-video-preview:-1"},"canonical":"https:\/\/www.ariasassessors.com\/ca\/les-pensions-contributives-shan-revaloritzat-un-38-aquest-2024\/","og_locale":"ca_ES","og_type":"article","og_title":"Les pensions contributives han pujat un 3,8% en 2024 | Arias Assessors","og_description":"Per a assegurar el benestar econ\u00f2mic dels pensionistes, s'ha anunciat un augment del 3,8% en les pensions contributives per a l'any 2024.","og_url":"https:\/\/www.ariasassessors.com\/ca\/les-pensions-contributives-shan-revaloritzat-un-38-aquest-2024\/","og_site_name":"Arias Assessors","article_publisher":"https:\/\/www.facebook.com\/ariasassessors\/","article_published_time":"2024-01-03T13:26:06+00:00","og_image":[{"width":2048,"height":1367,"url":"https:\/\/www.ariasassessors.com\/wp-content\/uploads\/2024\/01\/Diseno-sin-titulo.jpg","type":"image\/jpeg"}],"author":"btorras","twitter_card":"summary_large_image","twitter_creator":"@ariasassessors","twitter_site":"@ariasassessors","twitter_misc":{"Escrit per":"btorras","Temps estimat de lectura":"2 minuts"},"schema":{"@context":"https:\/\/schema.org","@graph":[{"@type":"Article","@id":"https:\/\/www.ariasassessors.com\/ca\/les-pensions-contributives-shan-revaloritzat-un-38-aquest-2024\/#article","isPartOf":{"@id":"https:\/\/www.ariasassessors.com\/ca\/les-pensions-contributives-shan-revaloritzat-un-38-aquest-2024\/"},"author":{"name":"btorras","@id":"https:\/\/www.ariasassessors.com\/#\/schema\/person\/63c6ad1775f0a9413c37932562673cef"},"headline":"Les pensions contributives s&#8217;han revaloritzat un 3,8% aquest 2024","datePublished":"2024-01-03T13:26:06+00:00","dateModified":"2024-01-03T13:26:06+00:00","mainEntityOfPage":{"@id":"https:\/\/www.ariasassessors.com\/ca\/les-pensions-contributives-shan-revaloritzat-un-38-aquest-2024\/"},"wordCount":402,"commentCount":0,"publisher":{"@id":"https:\/\/www.ariasassessors.com\/#organization"},"image":{"@id":"https:\/\/www.ariasassessors.com\/ca\/les-pensions-contributives-shan-revaloritzat-un-38-aquest-2024\/#primaryimage"},"thumbnailUrl":"https:\/\/www.ariasassessors.com\/wp-content\/uploads\/2024\/01\/Diseno-sin-titulo.jpg","articleSection":["noticies"],"inLanguage":"ca","potentialAction":[{"@type":"CommentAction","name":"Comment","target":["https:\/\/www.ariasassessors.com\/ca\/les-pensions-contributives-shan-revaloritzat-un-38-aquest-2024\/#respond"]}]},{"@type":"WebPage","@id":"https:\/\/www.ariasassessors.com\/ca\/les-pensions-contributives-shan-revaloritzat-un-38-aquest-2024\/","url":"https:\/\/www.ariasassessors.com\/ca\/les-pensions-contributives-shan-revaloritzat-un-38-aquest-2024\/","name":"Les pensions contributives han pujat un 3,8% en 2024 | Arias Assessors","isPartOf":{"@id":"https:\/\/www.ariasassessors.com\/#website"},"primaryImageOfPage":{"@id":"https:\/\/www.ariasassessors.com\/ca\/les-pensions-contributives-shan-revaloritzat-un-38-aquest-2024\/#primaryimage"},"image":{"@id":"https:\/\/www.ariasassessors.com\/ca\/les-pensions-contributives-shan-revaloritzat-un-38-aquest-2024\/#primaryimage"},"thumbnailUrl":"https:\/\/www.ariasassessors.com\/wp-content\/uploads\/2024\/01\/Diseno-sin-titulo.jpg","datePublished":"2024-01-03T13:26:06+00:00","dateModified":"2024-01-03T13:26:06+00:00","description":"Per a assegurar el benestar econ\u00f2mic dels pensionistes, s'ha anunciat un augment del 3,8% en les pensions contributives per a l'any 2024.","breadcrumb":{"@id":"https:\/\/www.ariasassessors.com\/ca\/les-pensions-contributives-shan-revaloritzat-un-38-aquest-2024\/#breadcrumb"},"inLanguage":"ca","potentialAction":[{"@type":"ReadAction","target":["https:\/\/www.ariasassessors.com\/ca\/les-pensions-contributives-shan-revaloritzat-un-38-aquest-2024\/"]}]},{"@type":"ImageObject","inLanguage":"ca","@id":"https:\/\/www.ariasassessors.com\/ca\/les-pensions-contributives-shan-revaloritzat-un-38-aquest-2024\/#primaryimage","url":"https:\/\/www.ariasassessors.com\/wp-content\/uploads\/2024\/01\/Diseno-sin-titulo.jpg","contentUrl":"https:\/\/www.ariasassessors.com\/wp-content\/uploads\/2024\/01\/Diseno-sin-titulo.jpg","width":2048,"height":1367},{"@type":"BreadcrumbList","@id":"https:\/\/www.ariasassessors.com\/ca\/les-pensions-contributives-shan-revaloritzat-un-38-aquest-2024\/#breadcrumb","itemListElement":[{"@type":"ListItem","position":1,"name":"Portada","item":"https:\/\/www.ariasassessors.com\/ca\/"},{"@type":"ListItem","position":2,"name":"Les pensions contributives s&#8217;han revaloritzat un 3,8% aquest 2024"}]},{"@type":"WebSite","@id":"https:\/\/www.ariasassessors.com\/#website","url":"https:\/\/www.ariasassessors.com\/","name":"Arias Assessors","description":"Asesor\u00eda para aut\u00f3nomos, profesionales y PYMES","publisher":{"@id":"https:\/\/www.ariasassessors.com\/#organization"},"potentialAction":[{"@type":"SearchAction","target":{"@type":"EntryPoint","urlTemplate":"https:\/\/www.ariasassessors.com\/?s={search_term_string}"},"query-input":{"@type":"PropertyValueSpecification","valueRequired":true,"valueName":"search_term_string"}}],"inLanguage":"ca"},{"@type":"Organization","@id":"https:\/\/www.ariasassessors.com\/#organization","name":"Arias Assessors","url":"https:\/\/www.ariasassessors.com\/","logo":{"@type":"ImageObject","inLanguage":"ca","@id":"https:\/\/www.ariasassessors.com\/#\/schema\/logo\/image\/","url":"https:\/\/www.ariasassessors.com\/wp-content\/uploads\/2019\/01\/arias-logo.png","contentUrl":"https:\/\/www.ariasassessors.com\/wp-content\/uploads\/2019\/01\/arias-logo.png","width":349,"height":254,"caption":"Arias Assessors"},"image":{"@id":"https:\/\/www.ariasassessors.com\/#\/schema\/logo\/image\/"},"sameAs":["https:\/\/www.facebook.com\/ariasassessors\/","https:\/\/x.com\/ariasassessors","https:\/\/www.linkedin.com\/company\/r&amp;amp;r-growing-knowledge\/"]},{"@type":"Person","@id":"https:\/\/www.ariasassessors.com\/#\/schema\/person\/63c6ad1775f0a9413c37932562673cef","name":"btorras","image":{"@type":"ImageObject","inLanguage":"ca","@id":"https:\/\/www.ariasassessors.com\/#\/schema\/person\/image\/","url":"https:\/\/secure.gravatar.com\/avatar\/0531db351fc361fdbfd204c58fa2d6a3?s=96&d=mm&r=g","contentUrl":"https:\/\/secure.gravatar.com\/avatar\/0531db351fc361fdbfd204c58fa2d6a3?s=96&d=mm&r=g","caption":"btorras"}}]}},"_links":{"self":[{"href":"https:\/\/www.ariasassessors.com\/ca\/wp-json\/wp\/v2\/posts\/3106","targetHints":{"allow":["GET"]}}],"collection":[{"href":"https:\/\/www.ariasassessors.com\/ca\/wp-json\/wp\/v2\/posts"}],"about":[{"href":"https:\/\/www.ariasassessors.com\/ca\/wp-json\/wp\/v2\/types\/post"}],"author":[{"embeddable":true,"href":"https:\/\/www.ariasassessors.com\/ca\/wp-json\/wp\/v2\/users\/2"}],"replies":[{"embeddable":true,"href":"https:\/\/www.ariasassessors.com\/ca\/wp-json\/wp\/v2\/comments?post=3106"}],"version-history":[{"count":1,"href":"https:\/\/www.ariasassessors.com\/ca\/wp-json\/wp\/v2\/posts\/3106\/revisions"}],"predecessor-version":[{"id":3107,"href":"https:\/\/www.ariasassessors.com\/ca\/wp-json\/wp\/v2\/posts\/3106\/revisions\/3107"}],"wp:featuredmedia":[{"embeddable":true,"href":"https:\/\/www.ariasassessors.com\/ca\/wp-json\/wp\/v2\/media\/3104"}],"wp:attachment":[{"href":"https:\/\/www.ariasassessors.com\/ca\/wp-json\/wp\/v2\/media?parent=3106"}],"wp:term":[{"taxonomy":"category","embeddable":true,"href":"https:\/\/www.ariasassessors.com\/ca\/wp-json\/wp\/v2\/categories?post=3106"},{"taxonomy":"post_tag","embeddable":true,"href":"https:\/\/www.ariasassessors.com\/ca\/wp-json\/wp\/v2\/tags?post=3106"}],"curies":[{"name":"wp","href":"https:\/\/api.w.org\/{rel}","templated":true}]}}