{"id":3116,"date":"2024-01-09T17:52:33","date_gmt":"2024-01-09T16:52:33","guid":{"rendered":"https:\/\/www.ariasassessors.com\/?p=3116"},"modified":"2024-01-09T17:52:33","modified_gmt":"2024-01-09T16:52:33","slug":"optimitzant-la-tarifa-plana-guia-per-a-autonoms-que-es-van-donar-dalta-en-2023","status":"publish","type":"post","link":"https:\/\/www.ariasassessors.com\/ca\/optimitzant-la-tarifa-plana-guia-per-a-autonoms-que-es-van-donar-dalta-en-2023\/","title":{"rendered":"Optimitzant la Tarifa Plana: Guia per a Aut\u00f2noms que es van donar d&#8217;Alta en 2023"},"content":{"rendered":"<p>En el canviant escenari dels aut\u00f2noms, \u00e9s essencial mantenir-se actualitzat sobre les regulacions i beneficis fiscals que poden influir en la salut financera del teu negoci. Una de les novetats m\u00e9s destacades per a aquells que es van donar d&#8217;alta com a aut\u00f2noms en 2023 \u00e9s la nova tarifa plana de 80\u20ac mensuals per als primers 12 mesos. No obstant aix\u00f2, el que molts no coneixen \u00e9s la possibilitat d&#8217;estendre aquest benefici, i aqu\u00ed et proporcionarem informaci\u00f3 clau per a aprofitar al m\u00e0xim la tarifa plana.<\/p>\n<div id=\"ez-toc-container\" class=\"ez-toc-v2_0_72 counter-hierarchy ez-toc-counter ez-toc-grey ez-toc-container-direction\">\n<div class=\"ez-toc-title-container\">\n<p class=\"ez-toc-title\" style=\"cursor:inherit\">\u00cdndice de Contenidos<\/p>\n<span class=\"ez-toc-title-toggle\"><a href=\"#\" class=\"ez-toc-pull-right ez-toc-btn ez-toc-btn-xs ez-toc-btn-default ez-toc-toggle\" aria-label=\"Toggle Table of Content\"><span class=\"ez-toc-js-icon-con\"><span class=\"\"><span class=\"eztoc-hide\" style=\"display:none;\">Toggle<\/span><span class=\"ez-toc-icon-toggle-span\"><svg style=\"fill: #428bca;color:#428bca\" xmlns=\"http:\/\/www.w3.org\/2000\/svg\" class=\"list-377408\" width=\"20px\" height=\"20px\" viewBox=\"0 0 24 24\" fill=\"none\"><path d=\"M6 6H4v2h2V6zm14 0H8v2h12V6zM4 11h2v2H4v-2zm16 0H8v2h12v-2zM4 16h2v2H4v-2zm16 0H8v2h12v-2z\" fill=\"currentColor\"><\/path><\/svg><svg style=\"fill: #428bca;color:#428bca\" class=\"arrow-unsorted-368013\" xmlns=\"http:\/\/www.w3.org\/2000\/svg\" width=\"10px\" height=\"10px\" viewBox=\"0 0 24 24\" version=\"1.2\" baseProfile=\"tiny\"><path d=\"M18.2 9.3l-6.2-6.3-6.2 6.3c-.2.2-.3.4-.3.7s.1.5.3.7c.2.2.4.3.7.3h11c.3 0 .5-.1.7-.3.2-.2.3-.5.3-.7s-.1-.5-.3-.7zM5.8 14.7l6.2 6.3 6.2-6.3c.2-.2.3-.5.3-.7s-.1-.5-.3-.7c-.2-.2-.4-.3-.7-.3h-11c-.3 0-.5.1-.7.3-.2.2-.3.5-.3.7s.1.5.3.7z\"\/><\/svg><\/span><\/span><\/span><\/a><\/span><\/div>\n<nav><ul class='ez-toc-list ez-toc-list-level-1 eztoc-toggle-hide-by-default' ><li class='ez-toc-page-1 ez-toc-heading-level-2'><a class=\"ez-toc-link ez-toc-heading-1\" href=\"https:\/\/www.ariasassessors.com\/ca\/optimitzant-la-tarifa-plana-guia-per-a-autonoms-que-es-van-donar-dalta-en-2023\/#Qui_poden_sollicitar_la_prorroga_de_la_tarifa_plana\" title=\"Qui poden sol\u00b7licitar la pr\u00f2rroga de la tarifa plana?\">Qui poden sol\u00b7licitar la pr\u00f2rroga de la tarifa plana?<\/a><\/li><li class='ez-toc-page-1 ez-toc-heading-level-2'><a class=\"ez-toc-link ez-toc-heading-2\" href=\"https:\/\/www.ariasassessors.com\/ca\/optimitzant-la-tarifa-plana-guia-per-a-autonoms-que-es-van-donar-dalta-en-2023\/#Terminis_per_a_sollicitar_la_prorroga\" title=\"Terminis per a sol\u00b7licitar la pr\u00f2rroga\">Terminis per a sol\u00b7licitar la pr\u00f2rroga<\/a><\/li><li class='ez-toc-page-1 ez-toc-heading-level-2'><a class=\"ez-toc-link ez-toc-heading-3\" href=\"https:\/\/www.ariasassessors.com\/ca\/optimitzant-la-tarifa-plana-guia-per-a-autonoms-que-es-van-donar-dalta-en-2023\/#Passos_per_a_sollicitar_la_prorroga\" title=\"Passos per a sol\u00b7licitar la pr\u00f2rroga\">Passos per a sol\u00b7licitar la pr\u00f2rroga<\/a><\/li><\/ul><\/nav><\/div>\n<h2><span class=\"ez-toc-section\" id=\"Qui_poden_sollicitar_la_prorroga_de_la_tarifa_plana\"><\/span>Qui poden sol\u00b7licitar la pr\u00f2rroga de la tarifa plana?<span class=\"ez-toc-section-end\"><\/span><\/h2>\n<p>Els aut\u00f2noms que es van donar d&#8217;alta en 2023 amb la nova tarifa plana de 80\u20ac mensuals podran sol\u00b7licitar la pr\u00f2rroga quan prevegin que els seus rendiments seran inferiors al Salari M\u00ednim Interprofessional durant els primers 12 mesos d&#8217;activitat. Aquest \u00e9s un alleujament significatiu per a aquells que estan fent els seus primers passos en la vida aut\u00f2noma i necessiten temps per a consolidar els seus ingressos.<\/p>\n<p>Amb car\u00e0cter general, si l&#8217;aut\u00f2nom va gaudir de la tarifa plana despr\u00e9s de l&#8217;1 de gener de 2023, podr\u00e0 sol\u00b7licitar la seva pr\u00f2rroga per 12 mesos addicionals. No obstant aix\u00f2, si tenen reconeguda una discapacitat igual o superior al 33% o la condici\u00f3 de v\u00edctima de viol\u00e8ncia de g\u00e8nere o v\u00edctima de terrorisme, podran sol\u00b7licitar la seva pr\u00f2rroga per un per\u00edode m\u00e9s extens, aconseguint fins a 36 mesos.<\/p>\n<h2><span class=\"ez-toc-section\" id=\"Terminis_per_a_sollicitar_la_prorroga\"><\/span>Terminis per a sol\u00b7licitar la pr\u00f2rroga<span class=\"ez-toc-section-end\"><\/span><\/h2>\n<p>La clau per a maximitzar el benefici de la tarifa plana radica a con\u00e8ixer els terminis adequats per a sol\u00b7licitar la pr\u00f2rroga. Els aut\u00f2noms podran presentar la seva sol\u00b7licitud abans que venci el termini de 12 mesos des de l&#8217;inici de l&#8217;activitat. En cas de comptar amb una discapacitat igual o superior al 33% o la condici\u00f3 de v\u00edctima de viol\u00e8ncia de g\u00e8nere o v\u00edctima de terrorisme, aquest termini s&#8217;est\u00e9n a 24 mesos.<\/p>\n<p>\u00c9s fonamental tenir en compte que la pr\u00f2rroga del benefici s&#8217;aplicar\u00e0 des de l&#8217;endem\u00e0 de la finalitzaci\u00f3 dels primers 12 mesos o, si \u00e9s el cas, 24 mesos. Planificar amb antelaci\u00f3 la sol\u00b7licitud de pr\u00f2rroga \u00e9s essencial per a evitar interrupcions en els beneficis fiscals i garantir una transici\u00f3 fluida a les tarifes est\u00e0ndard.<\/p>\n<p>&nbsp;<\/p>\n<h2><span class=\"ez-toc-section\" id=\"Passos_per_a_sollicitar_la_prorroga\"><\/span>Passos per a sol\u00b7licitar la pr\u00f2rroga<span class=\"ez-toc-section-end\"><\/span><\/h2>\n<ol>\n<li><strong>Revisar els ingressos previstos:<\/strong> Abans de sol\u00b7licitar la pr\u00f2rroga, \u00e9s crucial avaluar amb precisi\u00f3 els ingressos previstos durant els primers 12 mesos d&#8217;activitat. Aix\u00f2 permetr\u00e0 determinar si compleixen amb els requisits per a estendre la tarifa plana.<\/li>\n<li><strong>Recopilar documentaci\u00f3 rellevant:<\/strong> Assegura&#8217;t de comptar amb tota la documentaci\u00f3 necess\u00e0ria, com a certificats de discapacitat o documentaci\u00f3 que recolzi la condici\u00f3 de v\u00edctima de viol\u00e8ncia de g\u00e8nere o terrorisme.<\/li>\n<li><strong>Presentar la sol\u00b7licitud dins del termini:<\/strong> Complir amb els terminis establerts \u00e9s essencial. Assegura&#8217;t de presentar la sol\u00b7licitud abans que venci el termini corresponent, evitant aix\u00ed possibles interrupcions en els beneficis.<\/li>\n<li><strong>Fer un seguiment de la sol\u00b7licitud:<\/strong> Una vegada presentada la sol\u00b7licitud, realitza un seguiment per a con\u00e8ixer l&#8217;estat d&#8217;aquesta i assegurar-te que es processi correctament.<\/li>\n<\/ol>\n<p>&nbsp;<\/p>\n<p>La nova tarifa plana de 80\u20ac mensuals ofereix als aut\u00f2noms una valuosa oportunitat per a estabilitzar les seves finances durant els primers 12 mesos d&#8217;activitat. La possibilitat de sol\u00b7licitar la pr\u00f2rroga, especialment per a aquells amb circumst\u00e0ncies particulars, est\u00e9n aquest benefici i proporciona un alleujament addicional. En estar informat sobre els terminis i requisits, podr\u00e0s optimitzar la tarifa plana i construir una base financera s\u00f2lida per al teu negoci aut\u00f2nom.<\/p>\n","protected":false},"excerpt":{"rendered":"<p>En el canviant escenari dels aut\u00f2noms, \u00e9s essencial mantenir-se actualitzat sobre les regulacions i beneficis fiscals que poden influir en la salut financera del teu negoci. Una de les novetats m\u00e9s destacades per a aquells que es van donar d&#8217;alta com a aut\u00f2noms en 2023&#8230;<\/p>\n","protected":false},"author":2,"featured_media":3110,"comment_status":"open","ping_status":"open","sticky":false,"template":"","format":"standard","meta":{"footnotes":""},"categories":[4],"tags":[],"class_list":["post-3116","post","type-post","status-publish","format-standard","has-post-thumbnail","hentry","category-noticies"],"yoast_head":"<!-- This site is optimized with the Yoast SEO plugin v24.3 - https:\/\/yoast.com\/wordpress\/plugins\/seo\/ -->\n<title>Optimitzant Tarifa a Aut\u00f2noms Donats d&#039;Alta en 2023 | Arias Assessors<\/title>\n<meta name=\"description\" content=\"Aquells que es van donar d&#039;alta com a aut\u00f2noms en 2023 \u00e9s la nova tarifa plana de 80\u20ac mensuals per als primers 12 mesos.\" \/>\n<meta name=\"robots\" content=\"index, follow, max-snippet:-1, max-image-preview:large, max-video-preview:-1\" \/>\n<link rel=\"canonical\" href=\"https:\/\/www.ariasassessors.com\/ca\/optimitzant-la-tarifa-plana-guia-per-a-autonoms-que-es-van-donar-dalta-en-2023\/\" \/>\n<meta property=\"og:locale\" content=\"ca_ES\" \/>\n<meta property=\"og:type\" content=\"article\" \/>\n<meta property=\"og:title\" content=\"Optimitzant Tarifa a Aut\u00f2noms Donats d&#039;Alta en 2023 | Arias Assessors\" \/>\n<meta property=\"og:description\" content=\"Aquells que es van donar d&#039;alta com a aut\u00f2noms en 2023 \u00e9s la nova tarifa plana de 80\u20ac mensuals per als primers 12 mesos.\" \/>\n<meta property=\"og:url\" content=\"https:\/\/www.ariasassessors.com\/ca\/optimitzant-la-tarifa-plana-guia-per-a-autonoms-que-es-van-donar-dalta-en-2023\/\" \/>\n<meta property=\"og:site_name\" content=\"Arias Assessors\" \/>\n<meta property=\"article:publisher\" content=\"https:\/\/www.facebook.com\/ariasassessors\/\" \/>\n<meta property=\"article:published_time\" content=\"2024-01-09T16:52:33+00:00\" \/>\n<meta property=\"og:image\" content=\"https:\/\/www.ariasassessors.com\/wp-content\/uploads\/2024\/01\/Diseno-sin-titulo-1.jpg\" \/>\n\t<meta property=\"og:image:width\" content=\"2048\" \/>\n\t<meta property=\"og:image:height\" content=\"1367\" \/>\n\t<meta property=\"og:image:type\" content=\"image\/jpeg\" \/>\n<meta name=\"author\" content=\"btorras\" \/>\n<meta name=\"twitter:card\" content=\"summary_large_image\" \/>\n<meta name=\"twitter:creator\" content=\"@ariasassessors\" \/>\n<meta name=\"twitter:site\" content=\"@ariasassessors\" \/>\n<meta name=\"twitter:label1\" content=\"Escrit per\" \/>\n\t<meta name=\"twitter:data1\" content=\"btorras\" \/>\n\t<meta name=\"twitter:label2\" content=\"Temps estimat de lectura\" \/>\n\t<meta name=\"twitter:data2\" content=\"3 minuts\" \/>\n<script type=\"application\/ld+json\" class=\"yoast-schema-graph\">{\"@context\":\"https:\/\/schema.org\",\"@graph\":[{\"@type\":\"Article\",\"@id\":\"https:\/\/www.ariasassessors.com\/ca\/optimitzant-la-tarifa-plana-guia-per-a-autonoms-que-es-van-donar-dalta-en-2023\/#article\",\"isPartOf\":{\"@id\":\"https:\/\/www.ariasassessors.com\/ca\/optimitzant-la-tarifa-plana-guia-per-a-autonoms-que-es-van-donar-dalta-en-2023\/\"},\"author\":{\"name\":\"btorras\",\"@id\":\"https:\/\/www.ariasassessors.com\/#\/schema\/person\/63c6ad1775f0a9413c37932562673cef\"},\"headline\":\"Optimitzant la Tarifa Plana: Guia per a Aut\u00f2noms que es van donar d&#8217;Alta en 2023\",\"datePublished\":\"2024-01-09T16:52:33+00:00\",\"dateModified\":\"2024-01-09T16:52:33+00:00\",\"mainEntityOfPage\":{\"@id\":\"https:\/\/www.ariasassessors.com\/ca\/optimitzant-la-tarifa-plana-guia-per-a-autonoms-que-es-van-donar-dalta-en-2023\/\"},\"wordCount\":622,\"commentCount\":0,\"publisher\":{\"@id\":\"https:\/\/www.ariasassessors.com\/#organization\"},\"image\":{\"@id\":\"https:\/\/www.ariasassessors.com\/ca\/optimitzant-la-tarifa-plana-guia-per-a-autonoms-que-es-van-donar-dalta-en-2023\/#primaryimage\"},\"thumbnailUrl\":\"https:\/\/www.ariasassessors.com\/wp-content\/uploads\/2024\/01\/Diseno-sin-titulo-1.jpg\",\"articleSection\":[\"noticies\"],\"inLanguage\":\"ca\",\"potentialAction\":[{\"@type\":\"CommentAction\",\"name\":\"Comment\",\"target\":[\"https:\/\/www.ariasassessors.com\/ca\/optimitzant-la-tarifa-plana-guia-per-a-autonoms-que-es-van-donar-dalta-en-2023\/#respond\"]}]},{\"@type\":\"WebPage\",\"@id\":\"https:\/\/www.ariasassessors.com\/ca\/optimitzant-la-tarifa-plana-guia-per-a-autonoms-que-es-van-donar-dalta-en-2023\/\",\"url\":\"https:\/\/www.ariasassessors.com\/ca\/optimitzant-la-tarifa-plana-guia-per-a-autonoms-que-es-van-donar-dalta-en-2023\/\",\"name\":\"Optimitzant Tarifa a Aut\u00f2noms Donats d'Alta en 2023 | Arias Assessors\",\"isPartOf\":{\"@id\":\"https:\/\/www.ariasassessors.com\/#website\"},\"primaryImageOfPage\":{\"@id\":\"https:\/\/www.ariasassessors.com\/ca\/optimitzant-la-tarifa-plana-guia-per-a-autonoms-que-es-van-donar-dalta-en-2023\/#primaryimage\"},\"image\":{\"@id\":\"https:\/\/www.ariasassessors.com\/ca\/optimitzant-la-tarifa-plana-guia-per-a-autonoms-que-es-van-donar-dalta-en-2023\/#primaryimage\"},\"thumbnailUrl\":\"https:\/\/www.ariasassessors.com\/wp-content\/uploads\/2024\/01\/Diseno-sin-titulo-1.jpg\",\"datePublished\":\"2024-01-09T16:52:33+00:00\",\"dateModified\":\"2024-01-09T16:52:33+00:00\",\"description\":\"Aquells que es van donar d'alta com a aut\u00f2noms en 2023 \u00e9s la nova tarifa plana de 80\u20ac mensuals per als primers 12 mesos.\",\"breadcrumb\":{\"@id\":\"https:\/\/www.ariasassessors.com\/ca\/optimitzant-la-tarifa-plana-guia-per-a-autonoms-que-es-van-donar-dalta-en-2023\/#breadcrumb\"},\"inLanguage\":\"ca\",\"potentialAction\":[{\"@type\":\"ReadAction\",\"target\":[\"https:\/\/www.ariasassessors.com\/ca\/optimitzant-la-tarifa-plana-guia-per-a-autonoms-que-es-van-donar-dalta-en-2023\/\"]}]},{\"@type\":\"ImageObject\",\"inLanguage\":\"ca\",\"@id\":\"https:\/\/www.ariasassessors.com\/ca\/optimitzant-la-tarifa-plana-guia-per-a-autonoms-que-es-van-donar-dalta-en-2023\/#primaryimage\",\"url\":\"https:\/\/www.ariasassessors.com\/wp-content\/uploads\/2024\/01\/Diseno-sin-titulo-1.jpg\",\"contentUrl\":\"https:\/\/www.ariasassessors.com\/wp-content\/uploads\/2024\/01\/Diseno-sin-titulo-1.jpg\",\"width\":2048,\"height\":1367},{\"@type\":\"BreadcrumbList\",\"@id\":\"https:\/\/www.ariasassessors.com\/ca\/optimitzant-la-tarifa-plana-guia-per-a-autonoms-que-es-van-donar-dalta-en-2023\/#breadcrumb\",\"itemListElement\":[{\"@type\":\"ListItem\",\"position\":1,\"name\":\"Portada\",\"item\":\"https:\/\/www.ariasassessors.com\/ca\/\"},{\"@type\":\"ListItem\",\"position\":2,\"name\":\"Optimitzant la Tarifa Plana: Guia per a Aut\u00f2noms que es van donar d&#8217;Alta en 2023\"}]},{\"@type\":\"WebSite\",\"@id\":\"https:\/\/www.ariasassessors.com\/#website\",\"url\":\"https:\/\/www.ariasassessors.com\/\",\"name\":\"Arias Assessors\",\"description\":\"Asesor\u00eda para aut\u00f3nomos, profesionales y PYMES\",\"publisher\":{\"@id\":\"https:\/\/www.ariasassessors.com\/#organization\"},\"potentialAction\":[{\"@type\":\"SearchAction\",\"target\":{\"@type\":\"EntryPoint\",\"urlTemplate\":\"https:\/\/www.ariasassessors.com\/?s={search_term_string}\"},\"query-input\":{\"@type\":\"PropertyValueSpecification\",\"valueRequired\":true,\"valueName\":\"search_term_string\"}}],\"inLanguage\":\"ca\"},{\"@type\":\"Organization\",\"@id\":\"https:\/\/www.ariasassessors.com\/#organization\",\"name\":\"Arias Assessors\",\"url\":\"https:\/\/www.ariasassessors.com\/\",\"logo\":{\"@type\":\"ImageObject\",\"inLanguage\":\"ca\",\"@id\":\"https:\/\/www.ariasassessors.com\/#\/schema\/logo\/image\/\",\"url\":\"https:\/\/www.ariasassessors.com\/wp-content\/uploads\/2019\/01\/arias-logo.png\",\"contentUrl\":\"https:\/\/www.ariasassessors.com\/wp-content\/uploads\/2019\/01\/arias-logo.png\",\"width\":349,\"height\":254,\"caption\":\"Arias Assessors\"},\"image\":{\"@id\":\"https:\/\/www.ariasassessors.com\/#\/schema\/logo\/image\/\"},\"sameAs\":[\"https:\/\/www.facebook.com\/ariasassessors\/\",\"https:\/\/x.com\/ariasassessors\",\"https:\/\/www.linkedin.com\/company\/r&amp;amp;r-growing-knowledge\/\"]},{\"@type\":\"Person\",\"@id\":\"https:\/\/www.ariasassessors.com\/#\/schema\/person\/63c6ad1775f0a9413c37932562673cef\",\"name\":\"btorras\",\"image\":{\"@type\":\"ImageObject\",\"inLanguage\":\"ca\",\"@id\":\"https:\/\/www.ariasassessors.com\/#\/schema\/person\/image\/\",\"url\":\"https:\/\/secure.gravatar.com\/avatar\/0531db351fc361fdbfd204c58fa2d6a3?s=96&d=mm&r=g\",\"contentUrl\":\"https:\/\/secure.gravatar.com\/avatar\/0531db351fc361fdbfd204c58fa2d6a3?s=96&d=mm&r=g\",\"caption\":\"btorras\"}}]}<\/script>\n<!-- \/ Yoast SEO plugin. -->","yoast_head_json":{"title":"Optimitzant Tarifa a Aut\u00f2noms Donats d'Alta en 2023 | Arias Assessors","description":"Aquells que es van donar d'alta com a aut\u00f2noms en 2023 \u00e9s la nova tarifa plana de 80\u20ac mensuals per als primers 12 mesos.","robots":{"index":"index","follow":"follow","max-snippet":"max-snippet:-1","max-image-preview":"max-image-preview:large","max-video-preview":"max-video-preview:-1"},"canonical":"https:\/\/www.ariasassessors.com\/ca\/optimitzant-la-tarifa-plana-guia-per-a-autonoms-que-es-van-donar-dalta-en-2023\/","og_locale":"ca_ES","og_type":"article","og_title":"Optimitzant Tarifa a Aut\u00f2noms Donats d'Alta en 2023 | Arias Assessors","og_description":"Aquells que es van donar d'alta com a aut\u00f2noms en 2023 \u00e9s la nova tarifa plana de 80\u20ac mensuals per als primers 12 mesos.","og_url":"https:\/\/www.ariasassessors.com\/ca\/optimitzant-la-tarifa-plana-guia-per-a-autonoms-que-es-van-donar-dalta-en-2023\/","og_site_name":"Arias Assessors","article_publisher":"https:\/\/www.facebook.com\/ariasassessors\/","article_published_time":"2024-01-09T16:52:33+00:00","og_image":[{"width":2048,"height":1367,"url":"https:\/\/www.ariasassessors.com\/wp-content\/uploads\/2024\/01\/Diseno-sin-titulo-1.jpg","type":"image\/jpeg"}],"author":"btorras","twitter_card":"summary_large_image","twitter_creator":"@ariasassessors","twitter_site":"@ariasassessors","twitter_misc":{"Escrit per":"btorras","Temps estimat de lectura":"3 minuts"},"schema":{"@context":"https:\/\/schema.org","@graph":[{"@type":"Article","@id":"https:\/\/www.ariasassessors.com\/ca\/optimitzant-la-tarifa-plana-guia-per-a-autonoms-que-es-van-donar-dalta-en-2023\/#article","isPartOf":{"@id":"https:\/\/www.ariasassessors.com\/ca\/optimitzant-la-tarifa-plana-guia-per-a-autonoms-que-es-van-donar-dalta-en-2023\/"},"author":{"name":"btorras","@id":"https:\/\/www.ariasassessors.com\/#\/schema\/person\/63c6ad1775f0a9413c37932562673cef"},"headline":"Optimitzant la Tarifa Plana: Guia per a Aut\u00f2noms que es van donar d&#8217;Alta en 2023","datePublished":"2024-01-09T16:52:33+00:00","dateModified":"2024-01-09T16:52:33+00:00","mainEntityOfPage":{"@id":"https:\/\/www.ariasassessors.com\/ca\/optimitzant-la-tarifa-plana-guia-per-a-autonoms-que-es-van-donar-dalta-en-2023\/"},"wordCount":622,"commentCount":0,"publisher":{"@id":"https:\/\/www.ariasassessors.com\/#organization"},"image":{"@id":"https:\/\/www.ariasassessors.com\/ca\/optimitzant-la-tarifa-plana-guia-per-a-autonoms-que-es-van-donar-dalta-en-2023\/#primaryimage"},"thumbnailUrl":"https:\/\/www.ariasassessors.com\/wp-content\/uploads\/2024\/01\/Diseno-sin-titulo-1.jpg","articleSection":["noticies"],"inLanguage":"ca","potentialAction":[{"@type":"CommentAction","name":"Comment","target":["https:\/\/www.ariasassessors.com\/ca\/optimitzant-la-tarifa-plana-guia-per-a-autonoms-que-es-van-donar-dalta-en-2023\/#respond"]}]},{"@type":"WebPage","@id":"https:\/\/www.ariasassessors.com\/ca\/optimitzant-la-tarifa-plana-guia-per-a-autonoms-que-es-van-donar-dalta-en-2023\/","url":"https:\/\/www.ariasassessors.com\/ca\/optimitzant-la-tarifa-plana-guia-per-a-autonoms-que-es-van-donar-dalta-en-2023\/","name":"Optimitzant Tarifa a Aut\u00f2noms Donats d'Alta en 2023 | Arias Assessors","isPartOf":{"@id":"https:\/\/www.ariasassessors.com\/#website"},"primaryImageOfPage":{"@id":"https:\/\/www.ariasassessors.com\/ca\/optimitzant-la-tarifa-plana-guia-per-a-autonoms-que-es-van-donar-dalta-en-2023\/#primaryimage"},"image":{"@id":"https:\/\/www.ariasassessors.com\/ca\/optimitzant-la-tarifa-plana-guia-per-a-autonoms-que-es-van-donar-dalta-en-2023\/#primaryimage"},"thumbnailUrl":"https:\/\/www.ariasassessors.com\/wp-content\/uploads\/2024\/01\/Diseno-sin-titulo-1.jpg","datePublished":"2024-01-09T16:52:33+00:00","dateModified":"2024-01-09T16:52:33+00:00","description":"Aquells que es van donar d'alta com a aut\u00f2noms en 2023 \u00e9s la nova tarifa plana de 80\u20ac mensuals per als primers 12 mesos.","breadcrumb":{"@id":"https:\/\/www.ariasassessors.com\/ca\/optimitzant-la-tarifa-plana-guia-per-a-autonoms-que-es-van-donar-dalta-en-2023\/#breadcrumb"},"inLanguage":"ca","potentialAction":[{"@type":"ReadAction","target":["https:\/\/www.ariasassessors.com\/ca\/optimitzant-la-tarifa-plana-guia-per-a-autonoms-que-es-van-donar-dalta-en-2023\/"]}]},{"@type":"ImageObject","inLanguage":"ca","@id":"https:\/\/www.ariasassessors.com\/ca\/optimitzant-la-tarifa-plana-guia-per-a-autonoms-que-es-van-donar-dalta-en-2023\/#primaryimage","url":"https:\/\/www.ariasassessors.com\/wp-content\/uploads\/2024\/01\/Diseno-sin-titulo-1.jpg","contentUrl":"https:\/\/www.ariasassessors.com\/wp-content\/uploads\/2024\/01\/Diseno-sin-titulo-1.jpg","width":2048,"height":1367},{"@type":"BreadcrumbList","@id":"https:\/\/www.ariasassessors.com\/ca\/optimitzant-la-tarifa-plana-guia-per-a-autonoms-que-es-van-donar-dalta-en-2023\/#breadcrumb","itemListElement":[{"@type":"ListItem","position":1,"name":"Portada","item":"https:\/\/www.ariasassessors.com\/ca\/"},{"@type":"ListItem","position":2,"name":"Optimitzant la Tarifa Plana: Guia per a Aut\u00f2noms que es van donar d&#8217;Alta en 2023"}]},{"@type":"WebSite","@id":"https:\/\/www.ariasassessors.com\/#website","url":"https:\/\/www.ariasassessors.com\/","name":"Arias Assessors","description":"Asesor\u00eda para aut\u00f3nomos, profesionales y PYMES","publisher":{"@id":"https:\/\/www.ariasassessors.com\/#organization"},"potentialAction":[{"@type":"SearchAction","target":{"@type":"EntryPoint","urlTemplate":"https:\/\/www.ariasassessors.com\/?s={search_term_string}"},"query-input":{"@type":"PropertyValueSpecification","valueRequired":true,"valueName":"search_term_string"}}],"inLanguage":"ca"},{"@type":"Organization","@id":"https:\/\/www.ariasassessors.com\/#organization","name":"Arias Assessors","url":"https:\/\/www.ariasassessors.com\/","logo":{"@type":"ImageObject","inLanguage":"ca","@id":"https:\/\/www.ariasassessors.com\/#\/schema\/logo\/image\/","url":"https:\/\/www.ariasassessors.com\/wp-content\/uploads\/2019\/01\/arias-logo.png","contentUrl":"https:\/\/www.ariasassessors.com\/wp-content\/uploads\/2019\/01\/arias-logo.png","width":349,"height":254,"caption":"Arias Assessors"},"image":{"@id":"https:\/\/www.ariasassessors.com\/#\/schema\/logo\/image\/"},"sameAs":["https:\/\/www.facebook.com\/ariasassessors\/","https:\/\/x.com\/ariasassessors","https:\/\/www.linkedin.com\/company\/r&amp;amp;r-growing-knowledge\/"]},{"@type":"Person","@id":"https:\/\/www.ariasassessors.com\/#\/schema\/person\/63c6ad1775f0a9413c37932562673cef","name":"btorras","image":{"@type":"ImageObject","inLanguage":"ca","@id":"https:\/\/www.ariasassessors.com\/#\/schema\/person\/image\/","url":"https:\/\/secure.gravatar.com\/avatar\/0531db351fc361fdbfd204c58fa2d6a3?s=96&d=mm&r=g","contentUrl":"https:\/\/secure.gravatar.com\/avatar\/0531db351fc361fdbfd204c58fa2d6a3?s=96&d=mm&r=g","caption":"btorras"}}]}},"_links":{"self":[{"href":"https:\/\/www.ariasassessors.com\/ca\/wp-json\/wp\/v2\/posts\/3116","targetHints":{"allow":["GET"]}}],"collection":[{"href":"https:\/\/www.ariasassessors.com\/ca\/wp-json\/wp\/v2\/posts"}],"about":[{"href":"https:\/\/www.ariasassessors.com\/ca\/wp-json\/wp\/v2\/types\/post"}],"author":[{"embeddable":true,"href":"https:\/\/www.ariasassessors.com\/ca\/wp-json\/wp\/v2\/users\/2"}],"replies":[{"embeddable":true,"href":"https:\/\/www.ariasassessors.com\/ca\/wp-json\/wp\/v2\/comments?post=3116"}],"version-history":[{"count":2,"href":"https:\/\/www.ariasassessors.com\/ca\/wp-json\/wp\/v2\/posts\/3116\/revisions"}],"predecessor-version":[{"id":3124,"href":"https:\/\/www.ariasassessors.com\/ca\/wp-json\/wp\/v2\/posts\/3116\/revisions\/3124"}],"wp:featuredmedia":[{"embeddable":true,"href":"https:\/\/www.ariasassessors.com\/ca\/wp-json\/wp\/v2\/media\/3110"}],"wp:attachment":[{"href":"https:\/\/www.ariasassessors.com\/ca\/wp-json\/wp\/v2\/media?parent=3116"}],"wp:term":[{"taxonomy":"category","embeddable":true,"href":"https:\/\/www.ariasassessors.com\/ca\/wp-json\/wp\/v2\/categories?post=3116"},{"taxonomy":"post_tag","embeddable":true,"href":"https:\/\/www.ariasassessors.com\/ca\/wp-json\/wp\/v2\/tags?post=3116"}],"curies":[{"name":"wp","href":"https:\/\/api.w.org\/{rel}","templated":true}]}}