{"id":3147,"date":"2024-02-19T09:19:41","date_gmt":"2024-02-19T08:19:41","guid":{"rendered":"https:\/\/www.ariasassessors.com\/?p=3147"},"modified":"2024-02-19T09:19:41","modified_gmt":"2024-02-19T08:19:41","slug":"tornen-a-augmentar-els-limits-perque-la-seguretat-social-pugui-embargar-les-pensions-dels-autonoms-al-2024","status":"publish","type":"post","link":"https:\/\/www.ariasassessors.com\/ca\/tornen-a-augmentar-els-limits-perque-la-seguretat-social-pugui-embargar-les-pensions-dels-autonoms-al-2024\/","title":{"rendered":"Tornen a augmentar els l\u00edmits perqu\u00e8 la Seguretat Social pugui embargar les pensions dels aut\u00f2noms al 2024."},"content":{"rendered":"<p>L&#8217;increment recent del Salari M\u00ednim Interprofessional (SMI) a Espanya no nom\u00e9s afecta els sous dels treballadors, sin\u00f3 que tamb\u00e9 redefineix els l\u00edmits embargables per la Seguretat Social. Aquesta \u00e9s la sisena pujada consecutiva, portant el SMI a 1.134 euros al mes en 14 pagues. No obstant aix\u00f2, aquest augment no afecta nom\u00e9s els sous, sin\u00f3 que tamb\u00e9 modifica els llindars d&#8217;ingressos i pensions que poden ser embargats per deutes amb la Seguretat Social o Hisenda.<\/p>\n<div id=\"ez-toc-container\" class=\"ez-toc-v2_0_72 counter-hierarchy ez-toc-counter ez-toc-grey ez-toc-container-direction\">\n<div class=\"ez-toc-title-container\">\n<p class=\"ez-toc-title\" style=\"cursor:inherit\">\u00cdndice de Contenidos<\/p>\n<span class=\"ez-toc-title-toggle\"><a href=\"#\" class=\"ez-toc-pull-right ez-toc-btn ez-toc-btn-xs ez-toc-btn-default ez-toc-toggle\" aria-label=\"Toggle Table of Content\"><span class=\"ez-toc-js-icon-con\"><span class=\"\"><span class=\"eztoc-hide\" style=\"display:none;\">Toggle<\/span><span class=\"ez-toc-icon-toggle-span\"><svg style=\"fill: #428bca;color:#428bca\" xmlns=\"http:\/\/www.w3.org\/2000\/svg\" class=\"list-377408\" width=\"20px\" height=\"20px\" viewBox=\"0 0 24 24\" fill=\"none\"><path d=\"M6 6H4v2h2V6zm14 0H8v2h12V6zM4 11h2v2H4v-2zm16 0H8v2h12v-2zM4 16h2v2H4v-2zm16 0H8v2h12v-2z\" fill=\"currentColor\"><\/path><\/svg><svg style=\"fill: #428bca;color:#428bca\" class=\"arrow-unsorted-368013\" xmlns=\"http:\/\/www.w3.org\/2000\/svg\" width=\"10px\" height=\"10px\" viewBox=\"0 0 24 24\" version=\"1.2\" baseProfile=\"tiny\"><path d=\"M18.2 9.3l-6.2-6.3-6.2 6.3c-.2.2-.3.4-.3.7s.1.5.3.7c.2.2.4.3.7.3h11c.3 0 .5-.1.7-.3.2-.2.3-.5.3-.7s-.1-.5-.3-.7zM5.8 14.7l6.2 6.3 6.2-6.3c.2-.2.3-.5.3-.7s-.1-.5-.3-.7c-.2-.2-.4-.3-.7-.3h-11c-.3 0-.5.1-.7.3-.2.2-.3.5-.3.7s.1.5.3.7z\"\/><\/svg><\/span><\/span><\/span><\/a><\/span><\/div>\n<nav><ul class='ez-toc-list ez-toc-list-level-1 eztoc-toggle-hide-by-default' ><li class='ez-toc-page-1 ez-toc-heading-level-3'><a class=\"ez-toc-link ez-toc-heading-1\" href=\"https:\/\/www.ariasassessors.com\/ca\/tornen-a-augmentar-els-limits-perque-la-seguretat-social-pugui-embargar-les-pensions-dels-autonoms-al-2024\/#El_Vincle_entre_el_SMI_i_els_Embargos\" title=\"El Vincle entre el SMI i els Embargos\">El Vincle entre el SMI i els Embargos<\/a><\/li><li class='ez-toc-page-1 ez-toc-heading-level-3'><a class=\"ez-toc-link ez-toc-heading-2\" href=\"https:\/\/www.ariasassessors.com\/ca\/tornen-a-augmentar-els-limits-perque-la-seguretat-social-pugui-embargar-les-pensions-dels-autonoms-al-2024\/#Les_Quantitats_Inembargables_per_Autonoms_al_2024\" title=\"Les Quantitats Inembargables per Aut\u00f2noms al 2024\">Les Quantitats Inembargables per Aut\u00f2noms al 2024<\/a><\/li><li class='ez-toc-page-1 ez-toc-heading-level-3'><a class=\"ez-toc-link ez-toc-heading-3\" href=\"https:\/\/www.ariasassessors.com\/ca\/tornen-a-augmentar-els-limits-perque-la-seguretat-social-pugui-embargar-les-pensions-dels-autonoms-al-2024\/#Peculiaritats_per_als_Autonoms_que_Mantenen_el_seu_Negoci\" title=\"Peculiaritats per als Aut\u00f2noms que Mantenen el seu Negoci\">Peculiaritats per als Aut\u00f2noms que Mantenen el seu Negoci<\/a><\/li><\/ul><\/nav><\/div>\n<h3><span class=\"ez-toc-section\" id=\"El_Vincle_entre_el_SMI_i_els_Embargos\"><\/span>El Vincle entre el SMI i els Embargos<span class=\"ez-toc-section-end\"><\/span><\/h3>\n<p>Amb l&#8217;\u00faltima pujada del SMI, tamb\u00e9 es va ampliar la quantitat de pensi\u00f3 considerada &#8220;inembargable&#8221; per la Seguretat Social. Aquest l\u00edmit s&#8217;aplica en casos en qu\u00e8 els aut\u00f2noms o qualsevol altre pensionista tenen deutes amb la Tresoreria a causa de pagaments endarrerits, com les quotes obligat\u00f2ries per als empleats.<\/p>\n<p>L&#8217;augment del SMI tamb\u00e9 eleva el llindar d&#8217;ingressos dels aut\u00f2noms que es considera inembargable per altres administracions, com ara Hisenda. Aquest ajust afecta els embargos sobre ajudes o rendiments nets percebuts pels aut\u00f2noms en els seus negocis.<\/p>\n<h3><span class=\"ez-toc-section\" id=\"Les_Quantitats_Inembargables_per_Autonoms_al_2024\"><\/span>Les Quantitats Inembargables per Aut\u00f2noms al 2024<span class=\"ez-toc-section-end\"><\/span><\/h3>\n<p>La llei estableix que &#8220;el salari, sou, pensi\u00f3, retribuci\u00f3 o el seu equivalent&#8221; no \u00e9s embargable si no excedeix la quantitat del SMI. Amb el nou SMI de 1.134 euros en 14 pagues, cap salari o pensi\u00f3 \u00e9s embargable si no supera els 15.876 euros anuals.<\/p>\n<p>Per als ingressos superiors al SMI i inferiors al doble del SMI (entre 1.134 i 2.268 euros), el 30% dels ingressos que superin el salari m\u00ednim s\u00f3n embargables. Si els ingressos oscil\u00b7len entre dues i tres vegades el SMI (entre 2.268 i 3.402 euros), el 50% \u00e9s embargable. Per als ingressos entre tres i quatre vegades el SMI (entre 3.402 i 4.536 euros), el 60% \u00e9s embargable. Si es superen cinc vegades el SMI (m\u00e9s de 5.670 euros), el 75% \u00e9s embargable.<\/p>\n<h3><span class=\"ez-toc-section\" id=\"Peculiaritats_per_als_Autonoms_que_Mantenen_el_seu_Negoci\"><\/span>Peculiaritats per als Aut\u00f2noms que Mantenen el seu Negoci<span class=\"ez-toc-section-end\"><\/span><\/h3>\n<p>Tot i que la llei estableix l\u00edmits, els aut\u00f2noms que continuen amb els seus negocis presenten peculiaritats pel que fa als embargos. Els ingressos d&#8217;activitats econ\u00f2miques sovint no compleixen amb els requisits de continu\u00eftat, concentraci\u00f3 i periodicitat dels sous del treballador per compte ali\u00e8.<\/p>\n<p>Determinar la quantitat embargable a l&#8217;aut\u00f2nom \u00e9s complex, ja que part dels seus ingressos es destina a cobrir despeses i costos fixos de la seva activitat. La llei sempre es refereix al rendiment net, descomptant despeses com assegurances i quotes. En embargar quantitats superiors al SMI, l&#8217;aut\u00f2nom ha de proporcionar dades per fixar la part inembargable.<\/p>\n<p>En aquest escenari, la quantitat de refer\u00e8ncia ja no \u00e9s el SMI per 14 pagues, sin\u00f3 per 12, ja que els aut\u00f2noms no reben pagues extra. En aquest sup\u00f2sit, la quantitat seria de 1.323 euros al mes.<\/p>\n<p>Aquesta nova din\u00e0mica en els embargos destaca la import\u00e0ncia per als aut\u00f2noms de comprendre els l\u00edmits i buscar assessorament per protegir els seus ingressos en el canviant panorama legal i econ\u00f2mic. A la pr\u00f2xima part, explorarem m\u00e9s detalls sobre com aquests canvis afecten als aut\u00f2noms i les estrat\u00e8gies per mitigar els riscos.<\/p>\n","protected":false},"excerpt":{"rendered":"<p>L&#8217;increment recent del Salari M\u00ednim Interprofessional (SMI) a Espanya no nom\u00e9s afecta els sous dels treballadors, sin\u00f3 que tamb\u00e9 redefineix els l\u00edmits embargables per la Seguretat Social. Aquesta \u00e9s la sisena pujada consecutiva, portant el SMI a 1.134 euros al mes en 14 pagues. No&#8230;<\/p>\n","protected":false},"author":2,"featured_media":3145,"comment_status":"open","ping_status":"open","sticky":false,"template":"","format":"standard","meta":{"footnotes":""},"categories":[4],"tags":[],"class_list":["post-3147","post","type-post","status-publish","format-standard","has-post-thumbnail","hentry","category-noticies"],"yoast_head":"<!-- This site is optimized with the Yoast SEO plugin v24.3 - https:\/\/yoast.com\/wordpress\/plugins\/seo\/ -->\n<title>Nous l\u00edmits per augmentar les pensions dels aut\u00f2noms. | Arias Assessors<\/title>\n<meta name=\"description\" content=\"L&#039;augment recent del SMI redefineix l\u00edmits embargables per la Seguretat Social.\" \/>\n<meta name=\"robots\" content=\"index, follow, max-snippet:-1, max-image-preview:large, max-video-preview:-1\" \/>\n<link rel=\"canonical\" href=\"https:\/\/www.ariasassessors.com\/ca\/tornen-a-augmentar-els-limits-perque-la-seguretat-social-pugui-embargar-les-pensions-dels-autonoms-al-2024\/\" \/>\n<meta property=\"og:locale\" content=\"ca_ES\" \/>\n<meta property=\"og:type\" content=\"article\" \/>\n<meta property=\"og:title\" content=\"Nous l\u00edmits per augmentar les pensions dels aut\u00f2noms. | Arias Assessors\" \/>\n<meta property=\"og:description\" content=\"L&#039;augment recent del SMI redefineix l\u00edmits embargables per la Seguretat Social.\" \/>\n<meta property=\"og:url\" content=\"https:\/\/www.ariasassessors.com\/ca\/tornen-a-augmentar-els-limits-perque-la-seguretat-social-pugui-embargar-les-pensions-dels-autonoms-al-2024\/\" \/>\n<meta property=\"og:site_name\" content=\"Arias Assessors\" \/>\n<meta property=\"article:publisher\" content=\"https:\/\/www.facebook.com\/ariasassessors\/\" \/>\n<meta property=\"article:published_time\" content=\"2024-02-19T08:19:41+00:00\" \/>\n<meta property=\"og:image\" content=\"https:\/\/www.ariasassessors.com\/wp-content\/uploads\/2024\/02\/pensiones-autonomos-min.png\" \/>\n\t<meta property=\"og:image:width\" content=\"1000\" \/>\n\t<meta property=\"og:image:height\" content=\"667\" \/>\n\t<meta property=\"og:image:type\" content=\"image\/png\" \/>\n<meta name=\"author\" content=\"btorras\" \/>\n<meta name=\"twitter:card\" content=\"summary_large_image\" \/>\n<meta name=\"twitter:creator\" content=\"@ariasassessors\" \/>\n<meta name=\"twitter:site\" content=\"@ariasassessors\" \/>\n<meta name=\"twitter:label1\" content=\"Escrit per\" \/>\n\t<meta name=\"twitter:data1\" content=\"btorras\" \/>\n\t<meta name=\"twitter:label2\" content=\"Temps estimat de lectura\" \/>\n\t<meta name=\"twitter:data2\" content=\"3 minuts\" \/>\n<script type=\"application\/ld+json\" class=\"yoast-schema-graph\">{\"@context\":\"https:\/\/schema.org\",\"@graph\":[{\"@type\":\"Article\",\"@id\":\"https:\/\/www.ariasassessors.com\/ca\/tornen-a-augmentar-els-limits-perque-la-seguretat-social-pugui-embargar-les-pensions-dels-autonoms-al-2024\/#article\",\"isPartOf\":{\"@id\":\"https:\/\/www.ariasassessors.com\/ca\/tornen-a-augmentar-els-limits-perque-la-seguretat-social-pugui-embargar-les-pensions-dels-autonoms-al-2024\/\"},\"author\":{\"name\":\"btorras\",\"@id\":\"https:\/\/www.ariasassessors.com\/#\/schema\/person\/63c6ad1775f0a9413c37932562673cef\"},\"headline\":\"Tornen a augmentar els l\u00edmits perqu\u00e8 la Seguretat Social pugui embargar les pensions dels aut\u00f2noms al 2024.\",\"datePublished\":\"2024-02-19T08:19:41+00:00\",\"dateModified\":\"2024-02-19T08:19:41+00:00\",\"mainEntityOfPage\":{\"@id\":\"https:\/\/www.ariasassessors.com\/ca\/tornen-a-augmentar-els-limits-perque-la-seguretat-social-pugui-embargar-les-pensions-dels-autonoms-al-2024\/\"},\"wordCount\":534,\"commentCount\":0,\"publisher\":{\"@id\":\"https:\/\/www.ariasassessors.com\/#organization\"},\"image\":{\"@id\":\"https:\/\/www.ariasassessors.com\/ca\/tornen-a-augmentar-els-limits-perque-la-seguretat-social-pugui-embargar-les-pensions-dels-autonoms-al-2024\/#primaryimage\"},\"thumbnailUrl\":\"https:\/\/www.ariasassessors.com\/wp-content\/uploads\/2024\/02\/pensiones-autonomos-min.png\",\"articleSection\":[\"noticies\"],\"inLanguage\":\"ca\",\"potentialAction\":[{\"@type\":\"CommentAction\",\"name\":\"Comment\",\"target\":[\"https:\/\/www.ariasassessors.com\/ca\/tornen-a-augmentar-els-limits-perque-la-seguretat-social-pugui-embargar-les-pensions-dels-autonoms-al-2024\/#respond\"]}]},{\"@type\":\"WebPage\",\"@id\":\"https:\/\/www.ariasassessors.com\/ca\/tornen-a-augmentar-els-limits-perque-la-seguretat-social-pugui-embargar-les-pensions-dels-autonoms-al-2024\/\",\"url\":\"https:\/\/www.ariasassessors.com\/ca\/tornen-a-augmentar-els-limits-perque-la-seguretat-social-pugui-embargar-les-pensions-dels-autonoms-al-2024\/\",\"name\":\"Nous l\u00edmits per augmentar les pensions dels aut\u00f2noms. | Arias Assessors\",\"isPartOf\":{\"@id\":\"https:\/\/www.ariasassessors.com\/#website\"},\"primaryImageOfPage\":{\"@id\":\"https:\/\/www.ariasassessors.com\/ca\/tornen-a-augmentar-els-limits-perque-la-seguretat-social-pugui-embargar-les-pensions-dels-autonoms-al-2024\/#primaryimage\"},\"image\":{\"@id\":\"https:\/\/www.ariasassessors.com\/ca\/tornen-a-augmentar-els-limits-perque-la-seguretat-social-pugui-embargar-les-pensions-dels-autonoms-al-2024\/#primaryimage\"},\"thumbnailUrl\":\"https:\/\/www.ariasassessors.com\/wp-content\/uploads\/2024\/02\/pensiones-autonomos-min.png\",\"datePublished\":\"2024-02-19T08:19:41+00:00\",\"dateModified\":\"2024-02-19T08:19:41+00:00\",\"description\":\"L'augment recent del SMI redefineix l\u00edmits embargables per la Seguretat Social.\",\"breadcrumb\":{\"@id\":\"https:\/\/www.ariasassessors.com\/ca\/tornen-a-augmentar-els-limits-perque-la-seguretat-social-pugui-embargar-les-pensions-dels-autonoms-al-2024\/#breadcrumb\"},\"inLanguage\":\"ca\",\"potentialAction\":[{\"@type\":\"ReadAction\",\"target\":[\"https:\/\/www.ariasassessors.com\/ca\/tornen-a-augmentar-els-limits-perque-la-seguretat-social-pugui-embargar-les-pensions-dels-autonoms-al-2024\/\"]}]},{\"@type\":\"ImageObject\",\"inLanguage\":\"ca\",\"@id\":\"https:\/\/www.ariasassessors.com\/ca\/tornen-a-augmentar-els-limits-perque-la-seguretat-social-pugui-embargar-les-pensions-dels-autonoms-al-2024\/#primaryimage\",\"url\":\"https:\/\/www.ariasassessors.com\/wp-content\/uploads\/2024\/02\/pensiones-autonomos-min.png\",\"contentUrl\":\"https:\/\/www.ariasassessors.com\/wp-content\/uploads\/2024\/02\/pensiones-autonomos-min.png\",\"width\":1000,\"height\":667,\"caption\":\"pensiones autonomos\"},{\"@type\":\"BreadcrumbList\",\"@id\":\"https:\/\/www.ariasassessors.com\/ca\/tornen-a-augmentar-els-limits-perque-la-seguretat-social-pugui-embargar-les-pensions-dels-autonoms-al-2024\/#breadcrumb\",\"itemListElement\":[{\"@type\":\"ListItem\",\"position\":1,\"name\":\"Portada\",\"item\":\"https:\/\/www.ariasassessors.com\/ca\/\"},{\"@type\":\"ListItem\",\"position\":2,\"name\":\"Tornen a augmentar els l\u00edmits perqu\u00e8 la Seguretat Social pugui embargar les pensions dels aut\u00f2noms al 2024.\"}]},{\"@type\":\"WebSite\",\"@id\":\"https:\/\/www.ariasassessors.com\/#website\",\"url\":\"https:\/\/www.ariasassessors.com\/\",\"name\":\"Arias Assessors\",\"description\":\"Asesor\u00eda para aut\u00f3nomos, profesionales y PYMES\",\"publisher\":{\"@id\":\"https:\/\/www.ariasassessors.com\/#organization\"},\"potentialAction\":[{\"@type\":\"SearchAction\",\"target\":{\"@type\":\"EntryPoint\",\"urlTemplate\":\"https:\/\/www.ariasassessors.com\/?s={search_term_string}\"},\"query-input\":{\"@type\":\"PropertyValueSpecification\",\"valueRequired\":true,\"valueName\":\"search_term_string\"}}],\"inLanguage\":\"ca\"},{\"@type\":\"Organization\",\"@id\":\"https:\/\/www.ariasassessors.com\/#organization\",\"name\":\"Arias Assessors\",\"url\":\"https:\/\/www.ariasassessors.com\/\",\"logo\":{\"@type\":\"ImageObject\",\"inLanguage\":\"ca\",\"@id\":\"https:\/\/www.ariasassessors.com\/#\/schema\/logo\/image\/\",\"url\":\"https:\/\/www.ariasassessors.com\/wp-content\/uploads\/2019\/01\/arias-logo.png\",\"contentUrl\":\"https:\/\/www.ariasassessors.com\/wp-content\/uploads\/2019\/01\/arias-logo.png\",\"width\":349,\"height\":254,\"caption\":\"Arias Assessors\"},\"image\":{\"@id\":\"https:\/\/www.ariasassessors.com\/#\/schema\/logo\/image\/\"},\"sameAs\":[\"https:\/\/www.facebook.com\/ariasassessors\/\",\"https:\/\/x.com\/ariasassessors\",\"https:\/\/www.linkedin.com\/company\/r&amp;amp;r-growing-knowledge\/\"]},{\"@type\":\"Person\",\"@id\":\"https:\/\/www.ariasassessors.com\/#\/schema\/person\/63c6ad1775f0a9413c37932562673cef\",\"name\":\"btorras\",\"image\":{\"@type\":\"ImageObject\",\"inLanguage\":\"ca\",\"@id\":\"https:\/\/www.ariasassessors.com\/#\/schema\/person\/image\/\",\"url\":\"https:\/\/secure.gravatar.com\/avatar\/0531db351fc361fdbfd204c58fa2d6a3?s=96&d=mm&r=g\",\"contentUrl\":\"https:\/\/secure.gravatar.com\/avatar\/0531db351fc361fdbfd204c58fa2d6a3?s=96&d=mm&r=g\",\"caption\":\"btorras\"}}]}<\/script>\n<!-- \/ Yoast SEO plugin. -->","yoast_head_json":{"title":"Nous l\u00edmits per augmentar les pensions dels aut\u00f2noms. | Arias Assessors","description":"L'augment recent del SMI redefineix l\u00edmits embargables per la Seguretat Social.","robots":{"index":"index","follow":"follow","max-snippet":"max-snippet:-1","max-image-preview":"max-image-preview:large","max-video-preview":"max-video-preview:-1"},"canonical":"https:\/\/www.ariasassessors.com\/ca\/tornen-a-augmentar-els-limits-perque-la-seguretat-social-pugui-embargar-les-pensions-dels-autonoms-al-2024\/","og_locale":"ca_ES","og_type":"article","og_title":"Nous l\u00edmits per augmentar les pensions dels aut\u00f2noms. | Arias Assessors","og_description":"L'augment recent del SMI redefineix l\u00edmits embargables per la Seguretat Social.","og_url":"https:\/\/www.ariasassessors.com\/ca\/tornen-a-augmentar-els-limits-perque-la-seguretat-social-pugui-embargar-les-pensions-dels-autonoms-al-2024\/","og_site_name":"Arias Assessors","article_publisher":"https:\/\/www.facebook.com\/ariasassessors\/","article_published_time":"2024-02-19T08:19:41+00:00","og_image":[{"width":1000,"height":667,"url":"https:\/\/www.ariasassessors.com\/wp-content\/uploads\/2024\/02\/pensiones-autonomos-min.png","type":"image\/png"}],"author":"btorras","twitter_card":"summary_large_image","twitter_creator":"@ariasassessors","twitter_site":"@ariasassessors","twitter_misc":{"Escrit per":"btorras","Temps estimat de lectura":"3 minuts"},"schema":{"@context":"https:\/\/schema.org","@graph":[{"@type":"Article","@id":"https:\/\/www.ariasassessors.com\/ca\/tornen-a-augmentar-els-limits-perque-la-seguretat-social-pugui-embargar-les-pensions-dels-autonoms-al-2024\/#article","isPartOf":{"@id":"https:\/\/www.ariasassessors.com\/ca\/tornen-a-augmentar-els-limits-perque-la-seguretat-social-pugui-embargar-les-pensions-dels-autonoms-al-2024\/"},"author":{"name":"btorras","@id":"https:\/\/www.ariasassessors.com\/#\/schema\/person\/63c6ad1775f0a9413c37932562673cef"},"headline":"Tornen a augmentar els l\u00edmits perqu\u00e8 la Seguretat Social pugui embargar les pensions dels aut\u00f2noms al 2024.","datePublished":"2024-02-19T08:19:41+00:00","dateModified":"2024-02-19T08:19:41+00:00","mainEntityOfPage":{"@id":"https:\/\/www.ariasassessors.com\/ca\/tornen-a-augmentar-els-limits-perque-la-seguretat-social-pugui-embargar-les-pensions-dels-autonoms-al-2024\/"},"wordCount":534,"commentCount":0,"publisher":{"@id":"https:\/\/www.ariasassessors.com\/#organization"},"image":{"@id":"https:\/\/www.ariasassessors.com\/ca\/tornen-a-augmentar-els-limits-perque-la-seguretat-social-pugui-embargar-les-pensions-dels-autonoms-al-2024\/#primaryimage"},"thumbnailUrl":"https:\/\/www.ariasassessors.com\/wp-content\/uploads\/2024\/02\/pensiones-autonomos-min.png","articleSection":["noticies"],"inLanguage":"ca","potentialAction":[{"@type":"CommentAction","name":"Comment","target":["https:\/\/www.ariasassessors.com\/ca\/tornen-a-augmentar-els-limits-perque-la-seguretat-social-pugui-embargar-les-pensions-dels-autonoms-al-2024\/#respond"]}]},{"@type":"WebPage","@id":"https:\/\/www.ariasassessors.com\/ca\/tornen-a-augmentar-els-limits-perque-la-seguretat-social-pugui-embargar-les-pensions-dels-autonoms-al-2024\/","url":"https:\/\/www.ariasassessors.com\/ca\/tornen-a-augmentar-els-limits-perque-la-seguretat-social-pugui-embargar-les-pensions-dels-autonoms-al-2024\/","name":"Nous l\u00edmits per augmentar les pensions dels aut\u00f2noms. | Arias Assessors","isPartOf":{"@id":"https:\/\/www.ariasassessors.com\/#website"},"primaryImageOfPage":{"@id":"https:\/\/www.ariasassessors.com\/ca\/tornen-a-augmentar-els-limits-perque-la-seguretat-social-pugui-embargar-les-pensions-dels-autonoms-al-2024\/#primaryimage"},"image":{"@id":"https:\/\/www.ariasassessors.com\/ca\/tornen-a-augmentar-els-limits-perque-la-seguretat-social-pugui-embargar-les-pensions-dels-autonoms-al-2024\/#primaryimage"},"thumbnailUrl":"https:\/\/www.ariasassessors.com\/wp-content\/uploads\/2024\/02\/pensiones-autonomos-min.png","datePublished":"2024-02-19T08:19:41+00:00","dateModified":"2024-02-19T08:19:41+00:00","description":"L'augment recent del SMI redefineix l\u00edmits embargables per la Seguretat Social.","breadcrumb":{"@id":"https:\/\/www.ariasassessors.com\/ca\/tornen-a-augmentar-els-limits-perque-la-seguretat-social-pugui-embargar-les-pensions-dels-autonoms-al-2024\/#breadcrumb"},"inLanguage":"ca","potentialAction":[{"@type":"ReadAction","target":["https:\/\/www.ariasassessors.com\/ca\/tornen-a-augmentar-els-limits-perque-la-seguretat-social-pugui-embargar-les-pensions-dels-autonoms-al-2024\/"]}]},{"@type":"ImageObject","inLanguage":"ca","@id":"https:\/\/www.ariasassessors.com\/ca\/tornen-a-augmentar-els-limits-perque-la-seguretat-social-pugui-embargar-les-pensions-dels-autonoms-al-2024\/#primaryimage","url":"https:\/\/www.ariasassessors.com\/wp-content\/uploads\/2024\/02\/pensiones-autonomos-min.png","contentUrl":"https:\/\/www.ariasassessors.com\/wp-content\/uploads\/2024\/02\/pensiones-autonomos-min.png","width":1000,"height":667,"caption":"pensiones autonomos"},{"@type":"BreadcrumbList","@id":"https:\/\/www.ariasassessors.com\/ca\/tornen-a-augmentar-els-limits-perque-la-seguretat-social-pugui-embargar-les-pensions-dels-autonoms-al-2024\/#breadcrumb","itemListElement":[{"@type":"ListItem","position":1,"name":"Portada","item":"https:\/\/www.ariasassessors.com\/ca\/"},{"@type":"ListItem","position":2,"name":"Tornen a augmentar els l\u00edmits perqu\u00e8 la Seguretat Social pugui embargar les pensions dels aut\u00f2noms al 2024."}]},{"@type":"WebSite","@id":"https:\/\/www.ariasassessors.com\/#website","url":"https:\/\/www.ariasassessors.com\/","name":"Arias Assessors","description":"Asesor\u00eda para aut\u00f3nomos, profesionales y PYMES","publisher":{"@id":"https:\/\/www.ariasassessors.com\/#organization"},"potentialAction":[{"@type":"SearchAction","target":{"@type":"EntryPoint","urlTemplate":"https:\/\/www.ariasassessors.com\/?s={search_term_string}"},"query-input":{"@type":"PropertyValueSpecification","valueRequired":true,"valueName":"search_term_string"}}],"inLanguage":"ca"},{"@type":"Organization","@id":"https:\/\/www.ariasassessors.com\/#organization","name":"Arias Assessors","url":"https:\/\/www.ariasassessors.com\/","logo":{"@type":"ImageObject","inLanguage":"ca","@id":"https:\/\/www.ariasassessors.com\/#\/schema\/logo\/image\/","url":"https:\/\/www.ariasassessors.com\/wp-content\/uploads\/2019\/01\/arias-logo.png","contentUrl":"https:\/\/www.ariasassessors.com\/wp-content\/uploads\/2019\/01\/arias-logo.png","width":349,"height":254,"caption":"Arias Assessors"},"image":{"@id":"https:\/\/www.ariasassessors.com\/#\/schema\/logo\/image\/"},"sameAs":["https:\/\/www.facebook.com\/ariasassessors\/","https:\/\/x.com\/ariasassessors","https:\/\/www.linkedin.com\/company\/r&amp;amp;r-growing-knowledge\/"]},{"@type":"Person","@id":"https:\/\/www.ariasassessors.com\/#\/schema\/person\/63c6ad1775f0a9413c37932562673cef","name":"btorras","image":{"@type":"ImageObject","inLanguage":"ca","@id":"https:\/\/www.ariasassessors.com\/#\/schema\/person\/image\/","url":"https:\/\/secure.gravatar.com\/avatar\/0531db351fc361fdbfd204c58fa2d6a3?s=96&d=mm&r=g","contentUrl":"https:\/\/secure.gravatar.com\/avatar\/0531db351fc361fdbfd204c58fa2d6a3?s=96&d=mm&r=g","caption":"btorras"}}]}},"_links":{"self":[{"href":"https:\/\/www.ariasassessors.com\/ca\/wp-json\/wp\/v2\/posts\/3147","targetHints":{"allow":["GET"]}}],"collection":[{"href":"https:\/\/www.ariasassessors.com\/ca\/wp-json\/wp\/v2\/posts"}],"about":[{"href":"https:\/\/www.ariasassessors.com\/ca\/wp-json\/wp\/v2\/types\/post"}],"author":[{"embeddable":true,"href":"https:\/\/www.ariasassessors.com\/ca\/wp-json\/wp\/v2\/users\/2"}],"replies":[{"embeddable":true,"href":"https:\/\/www.ariasassessors.com\/ca\/wp-json\/wp\/v2\/comments?post=3147"}],"version-history":[{"count":1,"href":"https:\/\/www.ariasassessors.com\/ca\/wp-json\/wp\/v2\/posts\/3147\/revisions"}],"predecessor-version":[{"id":3148,"href":"https:\/\/www.ariasassessors.com\/ca\/wp-json\/wp\/v2\/posts\/3147\/revisions\/3148"}],"wp:featuredmedia":[{"embeddable":true,"href":"https:\/\/www.ariasassessors.com\/ca\/wp-json\/wp\/v2\/media\/3145"}],"wp:attachment":[{"href":"https:\/\/www.ariasassessors.com\/ca\/wp-json\/wp\/v2\/media?parent=3147"}],"wp:term":[{"taxonomy":"category","embeddable":true,"href":"https:\/\/www.ariasassessors.com\/ca\/wp-json\/wp\/v2\/categories?post=3147"},{"taxonomy":"post_tag","embeddable":true,"href":"https:\/\/www.ariasassessors.com\/ca\/wp-json\/wp\/v2\/tags?post=3147"}],"curies":[{"name":"wp","href":"https:\/\/api.w.org\/{rel}","templated":true}]}}