{"id":3157,"date":"2024-02-26T12:35:18","date_gmt":"2024-02-26T11:35:18","guid":{"rendered":"https:\/\/www.ariasassessors.com\/?p=3157"},"modified":"2024-03-08T12:50:17","modified_gmt":"2024-03-08T11:50:17","slug":"prorroga-de-la-tarifa-plana-per-a-autonoms-novetat-de-la-tgss","status":"publish","type":"post","link":"https:\/\/www.ariasassessors.com\/ca\/prorroga-de-la-tarifa-plana-per-a-autonoms-novetat-de-la-tgss\/","title":{"rendered":"Pr\u00f2rroga de la Tarifa Plana per a Aut\u00f2noms: Novetat de la TGSS."},"content":{"rendered":"<p>La Tresoreria General de la Seguretat Social (TGSS) presenta un servei innovador que simplifica la sol\u00b7licitud de pr\u00f2rroga per a la tarifa plana dels aut\u00f2noms. Aquesta tarifa especial, que estableix una quota redu\u00efda de 80 euros mensuals durant els primers 12 mesos, ara es pot estendre per altres 12 mesos si els rendiments del primer any s\u00f3n inferiors al Salari M\u00ednim Interprofessional.<\/p>\n<h3>Com funciona el proc\u00e9s?<\/h3>\n<p>El nou servei de la TGSS ofereix un proc\u00e9s \u00e0gil i eficient:<\/p>\n<ol>\n<li>Accedeix al portal de la TGSS i autentica el teu compte.<\/li>\n<li>Completa el formulari de sol\u00b7licitud, prestant especial atenci\u00f3 a les consideracions per a col\u00b7lectius vulnerables.<\/li>\n<li>Presenta la sol\u00b7licitud abans que finalitzin els 12\/24 mesos inicials, segons la teva situaci\u00f3.<\/li>\n<\/ol>\n<p>Avantatges autom\u00e0tics per a col\u00b7lectius vulnerables: Per a persones amb discapacitat reconeguda del 33% o m\u00e9s, v\u00edctimes de viol\u00e8ncia de g\u00e8nere o terrorisme, s&#8217;ofereix una pr\u00f2rroga m\u00e9s extensa, fins a 36 mesos addicionals!<\/p>\n<p>Un cop aprovada la pr\u00f2rroga de la tarifa plana, s&#8217;activa autom\u00e0ticament al dia seg\u00fcent de completar els primers 12 o 24 mesos, assegurant una transici\u00f3 sense interrupcions i mantenint la protecci\u00f3 econ\u00f2mica sense escletxes.<\/p>\n<p>Si compleixes amb aquests requisits i desitges que gestionem la pr\u00f2rroga de la teva tarifa plana des d&#8217;Arias Assessors, et convidem a posar-te en contacte amb nosaltres via telef\u00f2nica o per correu electr\u00f2nic a <a target=\"_new\" rel=\"noopener\">fiscal@ariasassessors.com<\/a>. Estem aqu\u00ed per ajudar-te en tot el proc\u00e9s.<\/p>\n","protected":false},"excerpt":{"rendered":"<p>La Tresoreria General de la Seguretat Social (TGSS) presenta un servei innovador que simplifica la sol\u00b7licitud de pr\u00f2rroga per a la tarifa plana dels aut\u00f2noms. Aquesta tarifa especial, que estableix una quota redu\u00efda de 80 euros mensuals durant els primers 12 mesos, ara es pot&#8230;<\/p>\n","protected":false},"author":2,"featured_media":3166,"comment_status":"open","ping_status":"open","sticky":false,"template":"","format":"standard","meta":{"footnotes":""},"categories":[4],"tags":[],"class_list":["post-3157","post","type-post","status-publish","format-standard","has-post-thumbnail","hentry","category-noticies"],"yoast_head":"<!-- This site is optimized with the Yoast SEO plugin v24.3 - https:\/\/yoast.com\/wordpress\/plugins\/seo\/ -->\n<title>Pr\u00f2rroga de la Tarifa Plana per a Aut\u00f2noms: Novetat de la TGS<\/title>\n<meta name=\"description\" content=\"Descobreix el nou servei de la TGSS que simplifica la pr\u00f2rroga de la tarifa plana per a aut\u00f2noms. Gestiona f\u00e0cilment la teva sol\u00b7licitud.\" \/>\n<meta name=\"robots\" content=\"index, follow, max-snippet:-1, max-image-preview:large, max-video-preview:-1\" \/>\n<link rel=\"canonical\" href=\"https:\/\/www.ariasassessors.com\/ca\/prorroga-de-la-tarifa-plana-per-a-autonoms-novetat-de-la-tgss\/\" \/>\n<meta property=\"og:locale\" content=\"ca_ES\" \/>\n<meta property=\"og:type\" content=\"article\" \/>\n<meta property=\"og:title\" content=\"Pr\u00f2rroga de la Tarifa Plana per a Aut\u00f2noms: Novetat de la TGS\" \/>\n<meta property=\"og:description\" content=\"Descobreix el nou servei de la TGSS que simplifica la pr\u00f2rroga de la tarifa plana per a aut\u00f2noms. Gestiona f\u00e0cilment la teva sol\u00b7licitud.\" \/>\n<meta property=\"og:url\" content=\"https:\/\/www.ariasassessors.com\/ca\/prorroga-de-la-tarifa-plana-per-a-autonoms-novetat-de-la-tgss\/\" \/>\n<meta property=\"og:site_name\" content=\"Arias Assessors\" \/>\n<meta property=\"article:publisher\" content=\"https:\/\/www.facebook.com\/ariasassessors\/\" \/>\n<meta property=\"article:published_time\" content=\"2024-02-26T11:35:18+00:00\" \/>\n<meta property=\"article:modified_time\" content=\"2024-03-08T11:50:17+00:00\" \/>\n<meta property=\"og:image\" content=\"https:\/\/www.ariasassessors.com\/wp-content\/uploads\/2024\/02\/arias-assessors-blog-26.png\" \/>\n\t<meta property=\"og:image:width\" content=\"1000\" \/>\n\t<meta property=\"og:image:height\" content=\"667\" \/>\n\t<meta property=\"og:image:type\" content=\"image\/png\" \/>\n<meta name=\"author\" content=\"btorras\" \/>\n<meta name=\"twitter:card\" content=\"summary_large_image\" \/>\n<meta name=\"twitter:creator\" content=\"@ariasassessors\" \/>\n<meta name=\"twitter:site\" content=\"@ariasassessors\" \/>\n<meta name=\"twitter:label1\" content=\"Escrit per\" \/>\n\t<meta name=\"twitter:data1\" content=\"btorras\" \/>\n\t<meta name=\"twitter:label2\" content=\"Temps estimat de lectura\" \/>\n\t<meta name=\"twitter:data2\" content=\"1 minut\" \/>\n<script type=\"application\/ld+json\" class=\"yoast-schema-graph\">{\"@context\":\"https:\/\/schema.org\",\"@graph\":[{\"@type\":\"Article\",\"@id\":\"https:\/\/www.ariasassessors.com\/ca\/prorroga-de-la-tarifa-plana-per-a-autonoms-novetat-de-la-tgss\/#article\",\"isPartOf\":{\"@id\":\"https:\/\/www.ariasassessors.com\/ca\/prorroga-de-la-tarifa-plana-per-a-autonoms-novetat-de-la-tgss\/\"},\"author\":{\"name\":\"btorras\",\"@id\":\"https:\/\/www.ariasassessors.com\/#\/schema\/person\/63c6ad1775f0a9413c37932562673cef\"},\"headline\":\"Pr\u00f2rroga de la Tarifa Plana per a Aut\u00f2noms: Novetat de la TGSS.\",\"datePublished\":\"2024-02-26T11:35:18+00:00\",\"dateModified\":\"2024-03-08T11:50:17+00:00\",\"mainEntityOfPage\":{\"@id\":\"https:\/\/www.ariasassessors.com\/ca\/prorroga-de-la-tarifa-plana-per-a-autonoms-novetat-de-la-tgss\/\"},\"wordCount\":263,\"commentCount\":0,\"publisher\":{\"@id\":\"https:\/\/www.ariasassessors.com\/#organization\"},\"image\":{\"@id\":\"https:\/\/www.ariasassessors.com\/ca\/prorroga-de-la-tarifa-plana-per-a-autonoms-novetat-de-la-tgss\/#primaryimage\"},\"thumbnailUrl\":\"https:\/\/www.ariasassessors.com\/wp-content\/uploads\/2024\/02\/arias-assessors-blog-26.png\",\"articleSection\":[\"noticies\"],\"inLanguage\":\"ca\",\"potentialAction\":[{\"@type\":\"CommentAction\",\"name\":\"Comment\",\"target\":[\"https:\/\/www.ariasassessors.com\/ca\/prorroga-de-la-tarifa-plana-per-a-autonoms-novetat-de-la-tgss\/#respond\"]}]},{\"@type\":\"WebPage\",\"@id\":\"https:\/\/www.ariasassessors.com\/ca\/prorroga-de-la-tarifa-plana-per-a-autonoms-novetat-de-la-tgss\/\",\"url\":\"https:\/\/www.ariasassessors.com\/ca\/prorroga-de-la-tarifa-plana-per-a-autonoms-novetat-de-la-tgss\/\",\"name\":\"Pr\u00f2rroga de la Tarifa Plana per a Aut\u00f2noms: Novetat de la TGS\",\"isPartOf\":{\"@id\":\"https:\/\/www.ariasassessors.com\/#website\"},\"primaryImageOfPage\":{\"@id\":\"https:\/\/www.ariasassessors.com\/ca\/prorroga-de-la-tarifa-plana-per-a-autonoms-novetat-de-la-tgss\/#primaryimage\"},\"image\":{\"@id\":\"https:\/\/www.ariasassessors.com\/ca\/prorroga-de-la-tarifa-plana-per-a-autonoms-novetat-de-la-tgss\/#primaryimage\"},\"thumbnailUrl\":\"https:\/\/www.ariasassessors.com\/wp-content\/uploads\/2024\/02\/arias-assessors-blog-26.png\",\"datePublished\":\"2024-02-26T11:35:18+00:00\",\"dateModified\":\"2024-03-08T11:50:17+00:00\",\"description\":\"Descobreix el nou servei de la TGSS que simplifica la pr\u00f2rroga de la tarifa plana per a aut\u00f2noms. Gestiona f\u00e0cilment la teva sol\u00b7licitud.\",\"breadcrumb\":{\"@id\":\"https:\/\/www.ariasassessors.com\/ca\/prorroga-de-la-tarifa-plana-per-a-autonoms-novetat-de-la-tgss\/#breadcrumb\"},\"inLanguage\":\"ca\",\"potentialAction\":[{\"@type\":\"ReadAction\",\"target\":[\"https:\/\/www.ariasassessors.com\/ca\/prorroga-de-la-tarifa-plana-per-a-autonoms-novetat-de-la-tgss\/\"]}]},{\"@type\":\"ImageObject\",\"inLanguage\":\"ca\",\"@id\":\"https:\/\/www.ariasassessors.com\/ca\/prorroga-de-la-tarifa-plana-per-a-autonoms-novetat-de-la-tgss\/#primaryimage\",\"url\":\"https:\/\/www.ariasassessors.com\/wp-content\/uploads\/2024\/02\/arias-assessors-blog-26.png\",\"contentUrl\":\"https:\/\/www.ariasassessors.com\/wp-content\/uploads\/2024\/02\/arias-assessors-blog-26.png\",\"width\":1000,\"height\":667},{\"@type\":\"BreadcrumbList\",\"@id\":\"https:\/\/www.ariasassessors.com\/ca\/prorroga-de-la-tarifa-plana-per-a-autonoms-novetat-de-la-tgss\/#breadcrumb\",\"itemListElement\":[{\"@type\":\"ListItem\",\"position\":1,\"name\":\"Portada\",\"item\":\"https:\/\/www.ariasassessors.com\/ca\/\"},{\"@type\":\"ListItem\",\"position\":2,\"name\":\"Pr\u00f2rroga de la Tarifa Plana per a Aut\u00f2noms: Novetat de la TGSS.\"}]},{\"@type\":\"WebSite\",\"@id\":\"https:\/\/www.ariasassessors.com\/#website\",\"url\":\"https:\/\/www.ariasassessors.com\/\",\"name\":\"Arias Assessors\",\"description\":\"Asesor\u00eda para aut\u00f3nomos, profesionales y PYMES\",\"publisher\":{\"@id\":\"https:\/\/www.ariasassessors.com\/#organization\"},\"potentialAction\":[{\"@type\":\"SearchAction\",\"target\":{\"@type\":\"EntryPoint\",\"urlTemplate\":\"https:\/\/www.ariasassessors.com\/?s={search_term_string}\"},\"query-input\":{\"@type\":\"PropertyValueSpecification\",\"valueRequired\":true,\"valueName\":\"search_term_string\"}}],\"inLanguage\":\"ca\"},{\"@type\":\"Organization\",\"@id\":\"https:\/\/www.ariasassessors.com\/#organization\",\"name\":\"Arias Assessors\",\"url\":\"https:\/\/www.ariasassessors.com\/\",\"logo\":{\"@type\":\"ImageObject\",\"inLanguage\":\"ca\",\"@id\":\"https:\/\/www.ariasassessors.com\/#\/schema\/logo\/image\/\",\"url\":\"https:\/\/www.ariasassessors.com\/wp-content\/uploads\/2019\/01\/arias-logo.png\",\"contentUrl\":\"https:\/\/www.ariasassessors.com\/wp-content\/uploads\/2019\/01\/arias-logo.png\",\"width\":349,\"height\":254,\"caption\":\"Arias Assessors\"},\"image\":{\"@id\":\"https:\/\/www.ariasassessors.com\/#\/schema\/logo\/image\/\"},\"sameAs\":[\"https:\/\/www.facebook.com\/ariasassessors\/\",\"https:\/\/x.com\/ariasassessors\",\"https:\/\/www.linkedin.com\/company\/r&amp;amp;r-growing-knowledge\/\"]},{\"@type\":\"Person\",\"@id\":\"https:\/\/www.ariasassessors.com\/#\/schema\/person\/63c6ad1775f0a9413c37932562673cef\",\"name\":\"btorras\",\"image\":{\"@type\":\"ImageObject\",\"inLanguage\":\"ca\",\"@id\":\"https:\/\/www.ariasassessors.com\/#\/schema\/person\/image\/\",\"url\":\"https:\/\/secure.gravatar.com\/avatar\/0531db351fc361fdbfd204c58fa2d6a3?s=96&d=mm&r=g\",\"contentUrl\":\"https:\/\/secure.gravatar.com\/avatar\/0531db351fc361fdbfd204c58fa2d6a3?s=96&d=mm&r=g\",\"caption\":\"btorras\"}}]}<\/script>\n<!-- \/ Yoast SEO plugin. -->","yoast_head_json":{"title":"Pr\u00f2rroga de la Tarifa Plana per a Aut\u00f2noms: Novetat de la TGS","description":"Descobreix el nou servei de la TGSS que simplifica la pr\u00f2rroga de la tarifa plana per a aut\u00f2noms. Gestiona f\u00e0cilment la teva sol\u00b7licitud.","robots":{"index":"index","follow":"follow","max-snippet":"max-snippet:-1","max-image-preview":"max-image-preview:large","max-video-preview":"max-video-preview:-1"},"canonical":"https:\/\/www.ariasassessors.com\/ca\/prorroga-de-la-tarifa-plana-per-a-autonoms-novetat-de-la-tgss\/","og_locale":"ca_ES","og_type":"article","og_title":"Pr\u00f2rroga de la Tarifa Plana per a Aut\u00f2noms: Novetat de la TGS","og_description":"Descobreix el nou servei de la TGSS que simplifica la pr\u00f2rroga de la tarifa plana per a aut\u00f2noms. Gestiona f\u00e0cilment la teva sol\u00b7licitud.","og_url":"https:\/\/www.ariasassessors.com\/ca\/prorroga-de-la-tarifa-plana-per-a-autonoms-novetat-de-la-tgss\/","og_site_name":"Arias Assessors","article_publisher":"https:\/\/www.facebook.com\/ariasassessors\/","article_published_time":"2024-02-26T11:35:18+00:00","article_modified_time":"2024-03-08T11:50:17+00:00","og_image":[{"width":1000,"height":667,"url":"https:\/\/www.ariasassessors.com\/wp-content\/uploads\/2024\/02\/arias-assessors-blog-26.png","type":"image\/png"}],"author":"btorras","twitter_card":"summary_large_image","twitter_creator":"@ariasassessors","twitter_site":"@ariasassessors","twitter_misc":{"Escrit per":"btorras","Temps estimat de lectura":"1 minut"},"schema":{"@context":"https:\/\/schema.org","@graph":[{"@type":"Article","@id":"https:\/\/www.ariasassessors.com\/ca\/prorroga-de-la-tarifa-plana-per-a-autonoms-novetat-de-la-tgss\/#article","isPartOf":{"@id":"https:\/\/www.ariasassessors.com\/ca\/prorroga-de-la-tarifa-plana-per-a-autonoms-novetat-de-la-tgss\/"},"author":{"name":"btorras","@id":"https:\/\/www.ariasassessors.com\/#\/schema\/person\/63c6ad1775f0a9413c37932562673cef"},"headline":"Pr\u00f2rroga de la Tarifa Plana per a Aut\u00f2noms: Novetat de la TGSS.","datePublished":"2024-02-26T11:35:18+00:00","dateModified":"2024-03-08T11:50:17+00:00","mainEntityOfPage":{"@id":"https:\/\/www.ariasassessors.com\/ca\/prorroga-de-la-tarifa-plana-per-a-autonoms-novetat-de-la-tgss\/"},"wordCount":263,"commentCount":0,"publisher":{"@id":"https:\/\/www.ariasassessors.com\/#organization"},"image":{"@id":"https:\/\/www.ariasassessors.com\/ca\/prorroga-de-la-tarifa-plana-per-a-autonoms-novetat-de-la-tgss\/#primaryimage"},"thumbnailUrl":"https:\/\/www.ariasassessors.com\/wp-content\/uploads\/2024\/02\/arias-assessors-blog-26.png","articleSection":["noticies"],"inLanguage":"ca","potentialAction":[{"@type":"CommentAction","name":"Comment","target":["https:\/\/www.ariasassessors.com\/ca\/prorroga-de-la-tarifa-plana-per-a-autonoms-novetat-de-la-tgss\/#respond"]}]},{"@type":"WebPage","@id":"https:\/\/www.ariasassessors.com\/ca\/prorroga-de-la-tarifa-plana-per-a-autonoms-novetat-de-la-tgss\/","url":"https:\/\/www.ariasassessors.com\/ca\/prorroga-de-la-tarifa-plana-per-a-autonoms-novetat-de-la-tgss\/","name":"Pr\u00f2rroga de la Tarifa Plana per a Aut\u00f2noms: Novetat de la TGS","isPartOf":{"@id":"https:\/\/www.ariasassessors.com\/#website"},"primaryImageOfPage":{"@id":"https:\/\/www.ariasassessors.com\/ca\/prorroga-de-la-tarifa-plana-per-a-autonoms-novetat-de-la-tgss\/#primaryimage"},"image":{"@id":"https:\/\/www.ariasassessors.com\/ca\/prorroga-de-la-tarifa-plana-per-a-autonoms-novetat-de-la-tgss\/#primaryimage"},"thumbnailUrl":"https:\/\/www.ariasassessors.com\/wp-content\/uploads\/2024\/02\/arias-assessors-blog-26.png","datePublished":"2024-02-26T11:35:18+00:00","dateModified":"2024-03-08T11:50:17+00:00","description":"Descobreix el nou servei de la TGSS que simplifica la pr\u00f2rroga de la tarifa plana per a aut\u00f2noms. Gestiona f\u00e0cilment la teva sol\u00b7licitud.","breadcrumb":{"@id":"https:\/\/www.ariasassessors.com\/ca\/prorroga-de-la-tarifa-plana-per-a-autonoms-novetat-de-la-tgss\/#breadcrumb"},"inLanguage":"ca","potentialAction":[{"@type":"ReadAction","target":["https:\/\/www.ariasassessors.com\/ca\/prorroga-de-la-tarifa-plana-per-a-autonoms-novetat-de-la-tgss\/"]}]},{"@type":"ImageObject","inLanguage":"ca","@id":"https:\/\/www.ariasassessors.com\/ca\/prorroga-de-la-tarifa-plana-per-a-autonoms-novetat-de-la-tgss\/#primaryimage","url":"https:\/\/www.ariasassessors.com\/wp-content\/uploads\/2024\/02\/arias-assessors-blog-26.png","contentUrl":"https:\/\/www.ariasassessors.com\/wp-content\/uploads\/2024\/02\/arias-assessors-blog-26.png","width":1000,"height":667},{"@type":"BreadcrumbList","@id":"https:\/\/www.ariasassessors.com\/ca\/prorroga-de-la-tarifa-plana-per-a-autonoms-novetat-de-la-tgss\/#breadcrumb","itemListElement":[{"@type":"ListItem","position":1,"name":"Portada","item":"https:\/\/www.ariasassessors.com\/ca\/"},{"@type":"ListItem","position":2,"name":"Pr\u00f2rroga de la Tarifa Plana per a Aut\u00f2noms: Novetat de la TGSS."}]},{"@type":"WebSite","@id":"https:\/\/www.ariasassessors.com\/#website","url":"https:\/\/www.ariasassessors.com\/","name":"Arias Assessors","description":"Asesor\u00eda para aut\u00f3nomos, profesionales y PYMES","publisher":{"@id":"https:\/\/www.ariasassessors.com\/#organization"},"potentialAction":[{"@type":"SearchAction","target":{"@type":"EntryPoint","urlTemplate":"https:\/\/www.ariasassessors.com\/?s={search_term_string}"},"query-input":{"@type":"PropertyValueSpecification","valueRequired":true,"valueName":"search_term_string"}}],"inLanguage":"ca"},{"@type":"Organization","@id":"https:\/\/www.ariasassessors.com\/#organization","name":"Arias Assessors","url":"https:\/\/www.ariasassessors.com\/","logo":{"@type":"ImageObject","inLanguage":"ca","@id":"https:\/\/www.ariasassessors.com\/#\/schema\/logo\/image\/","url":"https:\/\/www.ariasassessors.com\/wp-content\/uploads\/2019\/01\/arias-logo.png","contentUrl":"https:\/\/www.ariasassessors.com\/wp-content\/uploads\/2019\/01\/arias-logo.png","width":349,"height":254,"caption":"Arias Assessors"},"image":{"@id":"https:\/\/www.ariasassessors.com\/#\/schema\/logo\/image\/"},"sameAs":["https:\/\/www.facebook.com\/ariasassessors\/","https:\/\/x.com\/ariasassessors","https:\/\/www.linkedin.com\/company\/r&amp;amp;r-growing-knowledge\/"]},{"@type":"Person","@id":"https:\/\/www.ariasassessors.com\/#\/schema\/person\/63c6ad1775f0a9413c37932562673cef","name":"btorras","image":{"@type":"ImageObject","inLanguage":"ca","@id":"https:\/\/www.ariasassessors.com\/#\/schema\/person\/image\/","url":"https:\/\/secure.gravatar.com\/avatar\/0531db351fc361fdbfd204c58fa2d6a3?s=96&d=mm&r=g","contentUrl":"https:\/\/secure.gravatar.com\/avatar\/0531db351fc361fdbfd204c58fa2d6a3?s=96&d=mm&r=g","caption":"btorras"}}]}},"_links":{"self":[{"href":"https:\/\/www.ariasassessors.com\/ca\/wp-json\/wp\/v2\/posts\/3157","targetHints":{"allow":["GET"]}}],"collection":[{"href":"https:\/\/www.ariasassessors.com\/ca\/wp-json\/wp\/v2\/posts"}],"about":[{"href":"https:\/\/www.ariasassessors.com\/ca\/wp-json\/wp\/v2\/types\/post"}],"author":[{"embeddable":true,"href":"https:\/\/www.ariasassessors.com\/ca\/wp-json\/wp\/v2\/users\/2"}],"replies":[{"embeddable":true,"href":"https:\/\/www.ariasassessors.com\/ca\/wp-json\/wp\/v2\/comments?post=3157"}],"version-history":[{"count":3,"href":"https:\/\/www.ariasassessors.com\/ca\/wp-json\/wp\/v2\/posts\/3157\/revisions"}],"predecessor-version":[{"id":3169,"href":"https:\/\/www.ariasassessors.com\/ca\/wp-json\/wp\/v2\/posts\/3157\/revisions\/3169"}],"wp:featuredmedia":[{"embeddable":true,"href":"https:\/\/www.ariasassessors.com\/ca\/wp-json\/wp\/v2\/media\/3166"}],"wp:attachment":[{"href":"https:\/\/www.ariasassessors.com\/ca\/wp-json\/wp\/v2\/media?parent=3157"}],"wp:term":[{"taxonomy":"category","embeddable":true,"href":"https:\/\/www.ariasassessors.com\/ca\/wp-json\/wp\/v2\/categories?post=3157"},{"taxonomy":"post_tag","embeddable":true,"href":"https:\/\/www.ariasassessors.com\/ca\/wp-json\/wp\/v2\/tags?post=3157"}],"curies":[{"name":"wp","href":"https:\/\/api.w.org\/{rel}","templated":true}]}}