{"id":3177,"date":"2024-03-11T10:20:00","date_gmt":"2024-03-11T09:20:00","guid":{"rendered":"https:\/\/www.ariasassessors.com\/?p=3177"},"modified":"2024-03-08T12:54:21","modified_gmt":"2024-03-08T11:54:21","slug":"obligacio-de-pagar-aliments-despres-de-modificar-la-custodia","status":"publish","type":"post","link":"https:\/\/www.ariasassessors.com\/ca\/obligacio-de-pagar-aliments-despres-de-modificar-la-custodia\/","title":{"rendered":"L&#8217;obligaci\u00f3 de pagar els aliments en una modificaci\u00f3 de cust\u00f2dia."},"content":{"rendered":"<p>El TS analitza la retroactivitat de la pensi\u00f3 d&#8217;aliments en un cas de modificaci\u00f3 del r\u00e8gim de cust\u00f2dia.<\/p>\n<p>La sent\u00e8ncia del Tribunal Suprem, n\u00famero 6\/2024, de data 8 de gener, ECLI:ES:TS:2024:32, aborda un cas en qu\u00e8 es produeix una modificaci\u00f3 significativa de les circumst\u00e0ncies que porta a canviar el r\u00e8gim de cust\u00f2dia dels fills menors. En aquest cas espec\u00edfic, es passa d&#8217;un r\u00e8gim de cust\u00f2dia compartida, on no s&#8217;havia establert una pensi\u00f3 d&#8217;aliments, a un r\u00e8gim de cust\u00f2dia exclusiva a favor del pare dels menors.<\/p>\n<p>El demandant assenyala que, des que els fills menors van comen\u00e7ar a viure amb ell, la mare no ha contribu\u00eft econ\u00f2micament en concepte d&#8217;aliments ni ha assumit els gastos de cal\u00e7at i roba dels nens. Per altra banda, la mare, en la seva contestaci\u00f3 a la demanda, argumenta que la quantitat estipulada per als aliments \u00e9s excessiva, fixada en 400 euros per cada menor, i proposa una reducci\u00f3 a 232 euros per cada fill, que considera m\u00e9s adequada i proporcional.<\/p>\n<p>Aquest cas ressalta la import\u00e0ncia de revisar i ajustar les obligacions financeres d&#8217;acord amb els canvis en les circumst\u00e0ncies familiars. La transici\u00f3 d&#8217;un r\u00e8gim de cust\u00f2dia compartida a un de exclusiu pot implicar una redistribuci\u00f3 significativa de responsabilitats financeres, com el pagament d&#8217;aliments.<\/p>\n<p>\u00c9s essencial que les parts involucrades en un proc\u00e9s de modificaci\u00f3 de mesures abordin aquestes q\u00fcestions de manera justa i equitativa, tenint en compte les necessitats reals dels fills menors i les capacitats econ\u00f2miques dels pares. En aquest context, el paper del Tribunal Suprem \u00e9s crucial per garantir que les decisions preses siguin justes i equitatives per a totes les parts involucrades, tenint en compte totes les circumst\u00e0ncies rellevants del cas.<\/p>\n<div id=\"ez-toc-container\" class=\"ez-toc-v2_0_72 counter-hierarchy ez-toc-counter ez-toc-grey ez-toc-container-direction\">\n<div class=\"ez-toc-title-container\">\n<p class=\"ez-toc-title\" style=\"cursor:inherit\">\u00cdndice de Contenidos<\/p>\n<span class=\"ez-toc-title-toggle\"><a href=\"#\" class=\"ez-toc-pull-right ez-toc-btn ez-toc-btn-xs ez-toc-btn-default ez-toc-toggle\" aria-label=\"Toggle Table of Content\"><span class=\"ez-toc-js-icon-con\"><span class=\"\"><span class=\"eztoc-hide\" style=\"display:none;\">Toggle<\/span><span class=\"ez-toc-icon-toggle-span\"><svg style=\"fill: #428bca;color:#428bca\" xmlns=\"http:\/\/www.w3.org\/2000\/svg\" class=\"list-377408\" width=\"20px\" height=\"20px\" viewBox=\"0 0 24 24\" fill=\"none\"><path d=\"M6 6H4v2h2V6zm14 0H8v2h12V6zM4 11h2v2H4v-2zm16 0H8v2h12v-2zM4 16h2v2H4v-2zm16 0H8v2h12v-2z\" fill=\"currentColor\"><\/path><\/svg><svg style=\"fill: #428bca;color:#428bca\" class=\"arrow-unsorted-368013\" xmlns=\"http:\/\/www.w3.org\/2000\/svg\" width=\"10px\" height=\"10px\" viewBox=\"0 0 24 24\" version=\"1.2\" baseProfile=\"tiny\"><path d=\"M18.2 9.3l-6.2-6.3-6.2 6.3c-.2.2-.3.4-.3.7s.1.5.3.7c.2.2.4.3.7.3h11c.3 0 .5-.1.7-.3.2-.2.3-.5.3-.7s-.1-.5-.3-.7zM5.8 14.7l6.2 6.3 6.2-6.3c.2-.2.3-.5.3-.7s-.1-.5-.3-.7c-.2-.2-.4-.3-.7-.3h-11c-.3 0-.5.1-.7.3-.2.2-.3.5-.3.7s.1.5.3.7z\"\/><\/svg><\/span><\/span><\/span><\/a><\/span><\/div>\n<nav><ul class='ez-toc-list ez-toc-list-level-1 eztoc-toggle-hide-by-default' ><li class='ez-toc-page-1 ez-toc-heading-level-3'><a class=\"ez-toc-link ez-toc-heading-1\" href=\"https:\/\/www.ariasassessors.com\/ca\/obligacio-de-pagar-aliments-despres-de-modificar-la-custodia\/#La_part_mes_debatuda_que_requereix_analisi_en_aquest_cas_es_Quan_era_necessari_que_la_demandada_comences_a_pagar_la_pensio_alimenticia\" title=\"La part m\u00e9s debatuda que requereix an\u00e0lisi en aquest cas \u00e9s: Quan era necessari que la demandada comenc\u00e9s a pagar la pensi\u00f3 aliment\u00edcia?\">La part m\u00e9s debatuda que requereix an\u00e0lisi en aquest cas \u00e9s: Quan era necessari que la demandada comenc\u00e9s a pagar la pensi\u00f3 aliment\u00edcia?<\/a><\/li><li class='ez-toc-page-1 ez-toc-heading-level-3'><a class=\"ez-toc-link ez-toc-heading-2\" href=\"https:\/\/www.ariasassessors.com\/ca\/obligacio-de-pagar-aliments-despres-de-modificar-la-custodia\/#%C2%BFEn_que_es_va_basar_la_seva_decisio_la_Audiencia_Provincial_de_Madrid\" title=\"\u00bfEn qu\u00e8 es va basar la seva decisi\u00f3 la Audi\u00e8ncia Provincial de Madrid?\">\u00bfEn qu\u00e8 es va basar la seva decisi\u00f3 la Audi\u00e8ncia Provincial de Madrid?<\/a><\/li><\/ul><\/nav><\/div>\n<h3><span class=\"ez-toc-section\" id=\"La_part_mes_debatuda_que_requereix_analisi_en_aquest_cas_es_Quan_era_necessari_que_la_demandada_comences_a_pagar_la_pensio_alimenticia\"><\/span>La part m\u00e9s debatuda que requereix an\u00e0lisi en aquest cas \u00e9s: Quan era necessari que la demandada comenc\u00e9s a pagar la pensi\u00f3 aliment\u00edcia?<span class=\"ez-toc-section-end\"><\/span><\/h3>\n<p>En el cas en q\u00fcesti\u00f3, el Tribunal Suprem realitza una an\u00e0lisi detallada de la doctrina existent en relaci\u00f3 amb la determinaci\u00f3 del moment des del qual la demandada ha de comen\u00e7ar a abonar la pensi\u00f3 d&#8217;aliments. La Audi\u00e8ncia Provincial de Madrid va decidir que l&#8217;obligaci\u00f3 de la demandada d&#8217;abonar aliments havia de retrotraure&#8217;s a la data d&#8217;interposici\u00f3 de la demanda, seguint la jurisprud\u00e8ncia establerta pel Tribunal Suprem.<\/p>\n<h3><span class=\"ez-toc-section\" id=\"%C2%BFEn_que_es_va_basar_la_seva_decisio_la_Audiencia_Provincial_de_Madrid\"><\/span>\u00bfEn qu\u00e8 es va basar la seva decisi\u00f3 la Audi\u00e8ncia Provincial de Madrid?<span class=\"ez-toc-section-end\"><\/span><\/h3>\n<p>La Audi\u00e8ncia Provincial de Madrid va fonamentar la seva decisi\u00f3 en la interpretaci\u00f3 de la sent\u00e8ncia de divorci pr\u00e8via, en la qual no s&#8217;havia establert una pensi\u00f3 d&#8217;aliments espec\u00edfica, per\u00f2 s&#8217;havien acordat certs compromisos financers per part de la mare en relaci\u00f3 amb les despeses escolars i altres despeses relacionades amb els fills menors. A m\u00e9s, es va considerar que, tot i que aquests compromisos no constituien formalment una pensi\u00f3 d&#8217;aliments, en la pr\u00e0ctica equivalien a una contribuci\u00f3 econ\u00f2mica regular per part de la mare.<\/p>\n<p>El Tribunal Suprem analitza la jurisprud\u00e8ncia relacionada amb la retroactivitat de la pensi\u00f3 aliment\u00edcia en casos de modificaci\u00f3 de mesures. Destaca que, en situacions on es produeix un canvi de cust\u00f2dia dels fills menors d&#8217;un progenitor a un altre, l&#8217;obligaci\u00f3 d&#8217;abonar aliments per part del progenitor no custodi comen\u00e7a des de la data de la demanda. Aix\u00f2 es deu al fet que, en aquests casos, s&#8217;est\u00e0 establint una obligaci\u00f3 d&#8217;aliments per primera vegada per al progenitor no custodi, la qual cosa implica que l&#8217;obligaci\u00f3 comen\u00e7a des del moment en qu\u00e8 es presenta la demanda.<\/p>\n<p>En el present cas, el Tribunal Suprem conclo\u00ef que el canvi de cust\u00f2dia ja estava consolidat en el moment de la presentaci\u00f3 de la demanda per part del pare, ja que els fills menors vivien amb ell en aquell moment. Per tant, la situaci\u00f3 de cust\u00f2dia compartida havia cessat, i era necessari establir una nova obligaci\u00f3 d&#8217;aliments per part de la mare, com a progenitora no custodia. En conseq\u00fc\u00e8ncia, el Tribunal Suprem determina que l&#8217;obligaci\u00f3 de la mare d&#8217;abonar aliments ha de retrotraure&#8217;s a la data de presentaci\u00f3 de la demanda, de manera similar a com es faria en casos en qu\u00e8 s&#8217;estableix una pensi\u00f3 d&#8217;aliments per primera vegada.<\/p>\n<p>En resum, el Tribunal Suprem estableix que, en situacions de canvi de cust\u00f2dia dels fills menors, l&#8217;obligaci\u00f3 d&#8217;abonar aliments per part del progenitor no custodi comen\u00e7a des de la data de presentaci\u00f3 de la demanda, fins i tot si pr\u00e8viament existien compromisos financers que no es consideraven formalment una pensi\u00f3 d&#8217;aliments.<\/p>\n","protected":false},"excerpt":{"rendered":"<p>El TS analitza la retroactivitat de la pensi\u00f3 d&#8217;aliments en un cas de modificaci\u00f3 del r\u00e8gim de cust\u00f2dia. La sent\u00e8ncia del Tribunal Suprem, n\u00famero 6\/2024, de data 8 de gener, ECLI:ES:TS:2024:32, aborda un cas en qu\u00e8 es produeix una modificaci\u00f3 significativa de les circumst\u00e0ncies que&#8230;<\/p>\n","protected":false},"author":2,"featured_media":3175,"comment_status":"open","ping_status":"open","sticky":false,"template":"","format":"standard","meta":{"footnotes":""},"categories":[4],"tags":[],"class_list":["post-3177","post","type-post","status-publish","format-standard","has-post-thumbnail","hentry","category-noticies"],"yoast_head":"<!-- This site is optimized with the Yoast SEO plugin v24.3 - https:\/\/yoast.com\/wordpress\/plugins\/seo\/ -->\n<title>Pagament d&#039;aliments despr\u00e9s de canviar la cust\u00f2dia - Arias Assessors<\/title>\n<meta name=\"description\" content=\"Explora les complexitats de la modificaci\u00f3 de la cust\u00f2dia i descobreix quan s&#039;ha d&#039;abonar la pensi\u00f3 d&#039;aliments en el nostre \u00faltim article.\" \/>\n<meta name=\"robots\" content=\"index, follow, max-snippet:-1, max-image-preview:large, max-video-preview:-1\" \/>\n<link rel=\"canonical\" href=\"https:\/\/www.ariasassessors.com\/ca\/obligacio-de-pagar-aliments-despres-de-modificar-la-custodia\/\" \/>\n<meta property=\"og:locale\" content=\"ca_ES\" \/>\n<meta property=\"og:type\" content=\"article\" \/>\n<meta property=\"og:title\" content=\"Pagament d&#039;aliments despr\u00e9s de canviar la cust\u00f2dia - Arias Assessors\" \/>\n<meta property=\"og:description\" content=\"Explora les complexitats de la modificaci\u00f3 de la cust\u00f2dia i descobreix quan s&#039;ha d&#039;abonar la pensi\u00f3 d&#039;aliments en el nostre \u00faltim article.\" \/>\n<meta property=\"og:url\" content=\"https:\/\/www.ariasassessors.com\/ca\/obligacio-de-pagar-aliments-despres-de-modificar-la-custodia\/\" \/>\n<meta property=\"og:site_name\" content=\"Arias Assessors\" \/>\n<meta property=\"article:publisher\" content=\"https:\/\/www.facebook.com\/ariasassessors\/\" \/>\n<meta property=\"article:published_time\" content=\"2024-03-11T09:20:00+00:00\" \/>\n<meta property=\"article:modified_time\" content=\"2024-03-08T11:54:21+00:00\" \/>\n<meta property=\"og:image\" content=\"https:\/\/www.ariasassessors.com\/wp-content\/uploads\/2024\/03\/custodia.png\" \/>\n\t<meta property=\"og:image:width\" content=\"1000\" \/>\n\t<meta property=\"og:image:height\" content=\"667\" \/>\n\t<meta property=\"og:image:type\" content=\"image\/png\" \/>\n<meta name=\"author\" content=\"btorras\" \/>\n<meta name=\"twitter:card\" content=\"summary_large_image\" \/>\n<meta name=\"twitter:creator\" content=\"@ariasassessors\" \/>\n<meta name=\"twitter:site\" content=\"@ariasassessors\" \/>\n<meta name=\"twitter:label1\" content=\"Escrit per\" \/>\n\t<meta name=\"twitter:data1\" content=\"btorras\" \/>\n\t<meta name=\"twitter:label2\" content=\"Temps estimat de lectura\" \/>\n\t<meta name=\"twitter:data2\" content=\"4 minuts\" \/>\n<script type=\"application\/ld+json\" class=\"yoast-schema-graph\">{\"@context\":\"https:\/\/schema.org\",\"@graph\":[{\"@type\":\"Article\",\"@id\":\"https:\/\/www.ariasassessors.com\/ca\/obligacio-de-pagar-aliments-despres-de-modificar-la-custodia\/#article\",\"isPartOf\":{\"@id\":\"https:\/\/www.ariasassessors.com\/ca\/obligacio-de-pagar-aliments-despres-de-modificar-la-custodia\/\"},\"author\":{\"name\":\"btorras\",\"@id\":\"https:\/\/www.ariasassessors.com\/#\/schema\/person\/63c6ad1775f0a9413c37932562673cef\"},\"headline\":\"L&#8217;obligaci\u00f3 de pagar els aliments en una modificaci\u00f3 de cust\u00f2dia.\",\"datePublished\":\"2024-03-11T09:20:00+00:00\",\"dateModified\":\"2024-03-08T11:54:21+00:00\",\"mainEntityOfPage\":{\"@id\":\"https:\/\/www.ariasassessors.com\/ca\/obligacio-de-pagar-aliments-despres-de-modificar-la-custodia\/\"},\"wordCount\":783,\"commentCount\":0,\"publisher\":{\"@id\":\"https:\/\/www.ariasassessors.com\/#organization\"},\"image\":{\"@id\":\"https:\/\/www.ariasassessors.com\/ca\/obligacio-de-pagar-aliments-despres-de-modificar-la-custodia\/#primaryimage\"},\"thumbnailUrl\":\"https:\/\/www.ariasassessors.com\/wp-content\/uploads\/2024\/03\/custodia.png\",\"articleSection\":[\"noticies\"],\"inLanguage\":\"ca\",\"potentialAction\":[{\"@type\":\"CommentAction\",\"name\":\"Comment\",\"target\":[\"https:\/\/www.ariasassessors.com\/ca\/obligacio-de-pagar-aliments-despres-de-modificar-la-custodia\/#respond\"]}]},{\"@type\":\"WebPage\",\"@id\":\"https:\/\/www.ariasassessors.com\/ca\/obligacio-de-pagar-aliments-despres-de-modificar-la-custodia\/\",\"url\":\"https:\/\/www.ariasassessors.com\/ca\/obligacio-de-pagar-aliments-despres-de-modificar-la-custodia\/\",\"name\":\"Pagament d'aliments despr\u00e9s de canviar la cust\u00f2dia - Arias Assessors\",\"isPartOf\":{\"@id\":\"https:\/\/www.ariasassessors.com\/#website\"},\"primaryImageOfPage\":{\"@id\":\"https:\/\/www.ariasassessors.com\/ca\/obligacio-de-pagar-aliments-despres-de-modificar-la-custodia\/#primaryimage\"},\"image\":{\"@id\":\"https:\/\/www.ariasassessors.com\/ca\/obligacio-de-pagar-aliments-despres-de-modificar-la-custodia\/#primaryimage\"},\"thumbnailUrl\":\"https:\/\/www.ariasassessors.com\/wp-content\/uploads\/2024\/03\/custodia.png\",\"datePublished\":\"2024-03-11T09:20:00+00:00\",\"dateModified\":\"2024-03-08T11:54:21+00:00\",\"description\":\"Explora les complexitats de la modificaci\u00f3 de la cust\u00f2dia i descobreix quan s'ha d'abonar la pensi\u00f3 d'aliments en el nostre \u00faltim article.\",\"breadcrumb\":{\"@id\":\"https:\/\/www.ariasassessors.com\/ca\/obligacio-de-pagar-aliments-despres-de-modificar-la-custodia\/#breadcrumb\"},\"inLanguage\":\"ca\",\"potentialAction\":[{\"@type\":\"ReadAction\",\"target\":[\"https:\/\/www.ariasassessors.com\/ca\/obligacio-de-pagar-aliments-despres-de-modificar-la-custodia\/\"]}]},{\"@type\":\"ImageObject\",\"inLanguage\":\"ca\",\"@id\":\"https:\/\/www.ariasassessors.com\/ca\/obligacio-de-pagar-aliments-despres-de-modificar-la-custodia\/#primaryimage\",\"url\":\"https:\/\/www.ariasassessors.com\/wp-content\/uploads\/2024\/03\/custodia.png\",\"contentUrl\":\"https:\/\/www.ariasassessors.com\/wp-content\/uploads\/2024\/03\/custodia.png\",\"width\":1000,\"height\":667},{\"@type\":\"BreadcrumbList\",\"@id\":\"https:\/\/www.ariasassessors.com\/ca\/obligacio-de-pagar-aliments-despres-de-modificar-la-custodia\/#breadcrumb\",\"itemListElement\":[{\"@type\":\"ListItem\",\"position\":1,\"name\":\"Portada\",\"item\":\"https:\/\/www.ariasassessors.com\/ca\/\"},{\"@type\":\"ListItem\",\"position\":2,\"name\":\"L&#8217;obligaci\u00f3 de pagar els aliments en una modificaci\u00f3 de cust\u00f2dia.\"}]},{\"@type\":\"WebSite\",\"@id\":\"https:\/\/www.ariasassessors.com\/#website\",\"url\":\"https:\/\/www.ariasassessors.com\/\",\"name\":\"Arias Assessors\",\"description\":\"Asesor\u00eda para aut\u00f3nomos, profesionales y PYMES\",\"publisher\":{\"@id\":\"https:\/\/www.ariasassessors.com\/#organization\"},\"potentialAction\":[{\"@type\":\"SearchAction\",\"target\":{\"@type\":\"EntryPoint\",\"urlTemplate\":\"https:\/\/www.ariasassessors.com\/?s={search_term_string}\"},\"query-input\":{\"@type\":\"PropertyValueSpecification\",\"valueRequired\":true,\"valueName\":\"search_term_string\"}}],\"inLanguage\":\"ca\"},{\"@type\":\"Organization\",\"@id\":\"https:\/\/www.ariasassessors.com\/#organization\",\"name\":\"Arias Assessors\",\"url\":\"https:\/\/www.ariasassessors.com\/\",\"logo\":{\"@type\":\"ImageObject\",\"inLanguage\":\"ca\",\"@id\":\"https:\/\/www.ariasassessors.com\/#\/schema\/logo\/image\/\",\"url\":\"https:\/\/www.ariasassessors.com\/wp-content\/uploads\/2019\/01\/arias-logo.png\",\"contentUrl\":\"https:\/\/www.ariasassessors.com\/wp-content\/uploads\/2019\/01\/arias-logo.png\",\"width\":349,\"height\":254,\"caption\":\"Arias Assessors\"},\"image\":{\"@id\":\"https:\/\/www.ariasassessors.com\/#\/schema\/logo\/image\/\"},\"sameAs\":[\"https:\/\/www.facebook.com\/ariasassessors\/\",\"https:\/\/x.com\/ariasassessors\",\"https:\/\/www.linkedin.com\/company\/r&amp;amp;r-growing-knowledge\/\"]},{\"@type\":\"Person\",\"@id\":\"https:\/\/www.ariasassessors.com\/#\/schema\/person\/63c6ad1775f0a9413c37932562673cef\",\"name\":\"btorras\",\"image\":{\"@type\":\"ImageObject\",\"inLanguage\":\"ca\",\"@id\":\"https:\/\/www.ariasassessors.com\/#\/schema\/person\/image\/\",\"url\":\"https:\/\/secure.gravatar.com\/avatar\/0531db351fc361fdbfd204c58fa2d6a3?s=96&d=mm&r=g\",\"contentUrl\":\"https:\/\/secure.gravatar.com\/avatar\/0531db351fc361fdbfd204c58fa2d6a3?s=96&d=mm&r=g\",\"caption\":\"btorras\"}}]}<\/script>\n<!-- \/ Yoast SEO plugin. -->","yoast_head_json":{"title":"Pagament d'aliments despr\u00e9s de canviar la cust\u00f2dia - Arias Assessors","description":"Explora les complexitats de la modificaci\u00f3 de la cust\u00f2dia i descobreix quan s'ha d'abonar la pensi\u00f3 d'aliments en el nostre \u00faltim article.","robots":{"index":"index","follow":"follow","max-snippet":"max-snippet:-1","max-image-preview":"max-image-preview:large","max-video-preview":"max-video-preview:-1"},"canonical":"https:\/\/www.ariasassessors.com\/ca\/obligacio-de-pagar-aliments-despres-de-modificar-la-custodia\/","og_locale":"ca_ES","og_type":"article","og_title":"Pagament d'aliments despr\u00e9s de canviar la cust\u00f2dia - Arias Assessors","og_description":"Explora les complexitats de la modificaci\u00f3 de la cust\u00f2dia i descobreix quan s'ha d'abonar la pensi\u00f3 d'aliments en el nostre \u00faltim article.","og_url":"https:\/\/www.ariasassessors.com\/ca\/obligacio-de-pagar-aliments-despres-de-modificar-la-custodia\/","og_site_name":"Arias Assessors","article_publisher":"https:\/\/www.facebook.com\/ariasassessors\/","article_published_time":"2024-03-11T09:20:00+00:00","article_modified_time":"2024-03-08T11:54:21+00:00","og_image":[{"width":1000,"height":667,"url":"https:\/\/www.ariasassessors.com\/wp-content\/uploads\/2024\/03\/custodia.png","type":"image\/png"}],"author":"btorras","twitter_card":"summary_large_image","twitter_creator":"@ariasassessors","twitter_site":"@ariasassessors","twitter_misc":{"Escrit per":"btorras","Temps estimat de lectura":"4 minuts"},"schema":{"@context":"https:\/\/schema.org","@graph":[{"@type":"Article","@id":"https:\/\/www.ariasassessors.com\/ca\/obligacio-de-pagar-aliments-despres-de-modificar-la-custodia\/#article","isPartOf":{"@id":"https:\/\/www.ariasassessors.com\/ca\/obligacio-de-pagar-aliments-despres-de-modificar-la-custodia\/"},"author":{"name":"btorras","@id":"https:\/\/www.ariasassessors.com\/#\/schema\/person\/63c6ad1775f0a9413c37932562673cef"},"headline":"L&#8217;obligaci\u00f3 de pagar els aliments en una modificaci\u00f3 de cust\u00f2dia.","datePublished":"2024-03-11T09:20:00+00:00","dateModified":"2024-03-08T11:54:21+00:00","mainEntityOfPage":{"@id":"https:\/\/www.ariasassessors.com\/ca\/obligacio-de-pagar-aliments-despres-de-modificar-la-custodia\/"},"wordCount":783,"commentCount":0,"publisher":{"@id":"https:\/\/www.ariasassessors.com\/#organization"},"image":{"@id":"https:\/\/www.ariasassessors.com\/ca\/obligacio-de-pagar-aliments-despres-de-modificar-la-custodia\/#primaryimage"},"thumbnailUrl":"https:\/\/www.ariasassessors.com\/wp-content\/uploads\/2024\/03\/custodia.png","articleSection":["noticies"],"inLanguage":"ca","potentialAction":[{"@type":"CommentAction","name":"Comment","target":["https:\/\/www.ariasassessors.com\/ca\/obligacio-de-pagar-aliments-despres-de-modificar-la-custodia\/#respond"]}]},{"@type":"WebPage","@id":"https:\/\/www.ariasassessors.com\/ca\/obligacio-de-pagar-aliments-despres-de-modificar-la-custodia\/","url":"https:\/\/www.ariasassessors.com\/ca\/obligacio-de-pagar-aliments-despres-de-modificar-la-custodia\/","name":"Pagament d'aliments despr\u00e9s de canviar la cust\u00f2dia - Arias Assessors","isPartOf":{"@id":"https:\/\/www.ariasassessors.com\/#website"},"primaryImageOfPage":{"@id":"https:\/\/www.ariasassessors.com\/ca\/obligacio-de-pagar-aliments-despres-de-modificar-la-custodia\/#primaryimage"},"image":{"@id":"https:\/\/www.ariasassessors.com\/ca\/obligacio-de-pagar-aliments-despres-de-modificar-la-custodia\/#primaryimage"},"thumbnailUrl":"https:\/\/www.ariasassessors.com\/wp-content\/uploads\/2024\/03\/custodia.png","datePublished":"2024-03-11T09:20:00+00:00","dateModified":"2024-03-08T11:54:21+00:00","description":"Explora les complexitats de la modificaci\u00f3 de la cust\u00f2dia i descobreix quan s'ha d'abonar la pensi\u00f3 d'aliments en el nostre \u00faltim article.","breadcrumb":{"@id":"https:\/\/www.ariasassessors.com\/ca\/obligacio-de-pagar-aliments-despres-de-modificar-la-custodia\/#breadcrumb"},"inLanguage":"ca","potentialAction":[{"@type":"ReadAction","target":["https:\/\/www.ariasassessors.com\/ca\/obligacio-de-pagar-aliments-despres-de-modificar-la-custodia\/"]}]},{"@type":"ImageObject","inLanguage":"ca","@id":"https:\/\/www.ariasassessors.com\/ca\/obligacio-de-pagar-aliments-despres-de-modificar-la-custodia\/#primaryimage","url":"https:\/\/www.ariasassessors.com\/wp-content\/uploads\/2024\/03\/custodia.png","contentUrl":"https:\/\/www.ariasassessors.com\/wp-content\/uploads\/2024\/03\/custodia.png","width":1000,"height":667},{"@type":"BreadcrumbList","@id":"https:\/\/www.ariasassessors.com\/ca\/obligacio-de-pagar-aliments-despres-de-modificar-la-custodia\/#breadcrumb","itemListElement":[{"@type":"ListItem","position":1,"name":"Portada","item":"https:\/\/www.ariasassessors.com\/ca\/"},{"@type":"ListItem","position":2,"name":"L&#8217;obligaci\u00f3 de pagar els aliments en una modificaci\u00f3 de cust\u00f2dia."}]},{"@type":"WebSite","@id":"https:\/\/www.ariasassessors.com\/#website","url":"https:\/\/www.ariasassessors.com\/","name":"Arias Assessors","description":"Asesor\u00eda para aut\u00f3nomos, profesionales y PYMES","publisher":{"@id":"https:\/\/www.ariasassessors.com\/#organization"},"potentialAction":[{"@type":"SearchAction","target":{"@type":"EntryPoint","urlTemplate":"https:\/\/www.ariasassessors.com\/?s={search_term_string}"},"query-input":{"@type":"PropertyValueSpecification","valueRequired":true,"valueName":"search_term_string"}}],"inLanguage":"ca"},{"@type":"Organization","@id":"https:\/\/www.ariasassessors.com\/#organization","name":"Arias Assessors","url":"https:\/\/www.ariasassessors.com\/","logo":{"@type":"ImageObject","inLanguage":"ca","@id":"https:\/\/www.ariasassessors.com\/#\/schema\/logo\/image\/","url":"https:\/\/www.ariasassessors.com\/wp-content\/uploads\/2019\/01\/arias-logo.png","contentUrl":"https:\/\/www.ariasassessors.com\/wp-content\/uploads\/2019\/01\/arias-logo.png","width":349,"height":254,"caption":"Arias Assessors"},"image":{"@id":"https:\/\/www.ariasassessors.com\/#\/schema\/logo\/image\/"},"sameAs":["https:\/\/www.facebook.com\/ariasassessors\/","https:\/\/x.com\/ariasassessors","https:\/\/www.linkedin.com\/company\/r&amp;amp;r-growing-knowledge\/"]},{"@type":"Person","@id":"https:\/\/www.ariasassessors.com\/#\/schema\/person\/63c6ad1775f0a9413c37932562673cef","name":"btorras","image":{"@type":"ImageObject","inLanguage":"ca","@id":"https:\/\/www.ariasassessors.com\/#\/schema\/person\/image\/","url":"https:\/\/secure.gravatar.com\/avatar\/0531db351fc361fdbfd204c58fa2d6a3?s=96&d=mm&r=g","contentUrl":"https:\/\/secure.gravatar.com\/avatar\/0531db351fc361fdbfd204c58fa2d6a3?s=96&d=mm&r=g","caption":"btorras"}}]}},"_links":{"self":[{"href":"https:\/\/www.ariasassessors.com\/ca\/wp-json\/wp\/v2\/posts\/3177","targetHints":{"allow":["GET"]}}],"collection":[{"href":"https:\/\/www.ariasassessors.com\/ca\/wp-json\/wp\/v2\/posts"}],"about":[{"href":"https:\/\/www.ariasassessors.com\/ca\/wp-json\/wp\/v2\/types\/post"}],"author":[{"embeddable":true,"href":"https:\/\/www.ariasassessors.com\/ca\/wp-json\/wp\/v2\/users\/2"}],"replies":[{"embeddable":true,"href":"https:\/\/www.ariasassessors.com\/ca\/wp-json\/wp\/v2\/comments?post=3177"}],"version-history":[{"count":3,"href":"https:\/\/www.ariasassessors.com\/ca\/wp-json\/wp\/v2\/posts\/3177\/revisions"}],"predecessor-version":[{"id":3209,"href":"https:\/\/www.ariasassessors.com\/ca\/wp-json\/wp\/v2\/posts\/3177\/revisions\/3209"}],"wp:featuredmedia":[{"embeddable":true,"href":"https:\/\/www.ariasassessors.com\/ca\/wp-json\/wp\/v2\/media\/3175"}],"wp:attachment":[{"href":"https:\/\/www.ariasassessors.com\/ca\/wp-json\/wp\/v2\/media?parent=3177"}],"wp:term":[{"taxonomy":"category","embeddable":true,"href":"https:\/\/www.ariasassessors.com\/ca\/wp-json\/wp\/v2\/categories?post=3177"},{"taxonomy":"post_tag","embeddable":true,"href":"https:\/\/www.ariasassessors.com\/ca\/wp-json\/wp\/v2\/tags?post=3177"}],"curies":[{"name":"wp","href":"https:\/\/api.w.org\/{rel}","templated":true}]}}