{"id":3184,"date":"2024-03-11T10:20:43","date_gmt":"2024-03-11T09:20:43","guid":{"rendered":"https:\/\/www.ariasassessors.com\/?p=3184"},"modified":"2024-03-11T10:20:35","modified_gmt":"2024-03-11T09:20:35","slug":"el-ts-i-la-naturalesa-salarial-del-plus-de-transport","status":"publish","type":"post","link":"https:\/\/www.ariasassessors.com\/ca\/el-ts-i-la-naturalesa-salarial-del-plus-de-transport\/","title":{"rendered":"El Tribunal Suprem i la naturalesa salarial del plus de transport"},"content":{"rendered":"<div class=\"w-full text-token-text-primary\" data-testid=\"conversation-turn-50\">\n<div class=\"px-4 py-2 justify-center text-base md:gap-6 m-auto\">\n<div class=\"flex flex-1 text-base mx-auto gap-3 md:px-5 lg:px-1 xl:px-5 md:max-w-3xl lg:max-w-[40rem] xl:max-w-[48rem] group\">\n<div class=\"relative flex w-full flex-col agent-turn\">\n<div class=\"flex-col gap-1 md:gap-3\">\n<div class=\"flex flex-grow flex-col max-w-full\">\n<div class=\"min-h-[20px] text-message flex flex-col items-start gap-3 whitespace-pre-wrap break-words [.text-message+&amp;]:mt-5 overflow-x-auto\" data-message-author-role=\"assistant\" data-message-id=\"61132e11-9c6f-4689-b22b-1f9b040d4e58\">\n<div class=\"markdown prose w-full break-words dark:prose-invert light\">\n<p>El Tribunal Suprem ha abordat en diversos fallos la q\u00fcesti\u00f3 del plus de dist\u00e0ncia o transport, determinant la seva naturalesa salarial malgrat la seva denominaci\u00f3 com a extra salarial en els convenis col\u00b7lectius. Aquesta controv\u00e8rsia sobre el seu car\u00e0cter salarial o extra salarial ha adquirit rellev\u00e0ncia en relaci\u00f3 amb la compensaci\u00f3 i absorci\u00f3 del plus de transport davant els increments del Salari M\u00ednim Interprofessional (SMI).<\/p>\n<p>\u00c9s important considerar que la definici\u00f3 de salari t\u00e9 implicacions significatives tant en l&#8217;\u00e0mbit laboral (com mecanismes de protecci\u00f3 salarial, c\u00e0lcul d&#8217;indemnitzacions per terminaci\u00f3 de contracte, responsabilitat salarial) com en el de la Seguretat Social (segons els articles 26 de l&#8217;Estatut dels Treballadors i 147.2 de la Llei General de la Seguretat Social).<\/p>\n<p>La Sala Social del Tribunal Suprem ha modulat la seva doctrina sobre si el plus de dist\u00e0ncia o transport s&#8217;ha de considerar com a part del salari o com a una compensaci\u00f3 addicional al salari b\u00e0sic, a trav\u00e9s de la Sent\u00e8ncia del Tribunal Suprem n\u00famero 756\/2023, del 23 d&#8217;octubre de 2023, ECLI:ES:TS:2023:4839.<\/p>\n<h3>Quins s\u00f3n els detalls concrets establerts per la jurisprud\u00e8ncia?<\/h3>\n<p>Inicialment, el plus de transport es considerava de naturalesa extra salarial, destinat a compensar les despeses derivades de l&#8217;activitat laboral del treballador. No obstant aix\u00f2, si el plus de transport oculta una veritable retribuci\u00f3 salarial per la feina realitzada, s&#8217;analitza la realitat de la remuneraci\u00f3 i no la seva aparen\u00e7a. La naturalesa salarial o extra salarial del plus dep\u00e8n de si realment compensa les despeses de transport o de vestimenta professional del treballador, independentment de la seva denominaci\u00f3 en el conveni col\u00b7lectiu.<\/p>\n<p>La percepci\u00f3 del plus de transport durant les vacances o la seva inclusi\u00f3 en les pagues extres no indica autom\u00e0ticament la seva naturalesa salarial, especialment si es paga en proporci\u00f3 als dies treballats a cada mes.<\/p>\n<p>Quan no hi ha despla\u00e7ament legal o convencional per part del treballador, i el contracte es realitza per treballar al lloc del seu objecte, el plus de transport es considera salarial i no compensatori de despeses de despla\u00e7ament.<\/p>\n<p>El Tribunal Suprem, en revisar la jurisprud\u00e8ncia existent sobre la presumpci\u00f3 que totes les quantitats pagades per l&#8217;empleador al treballador constitueixen salari, en el context del plus de transport, determina que per establir si l&#8217;empresa compleix amb el salari m\u00ednim interprofessional, s&#8217;han de considerar tots els complements salarials pagats als empleats de determinades categories professionals, incloent les quantitats abonades com a plus de dist\u00e0ncia o transport, les quals tenen naturalesa salarial.<\/p>\n<p>Aquesta conclusi\u00f3 es basa en el fet que el plus es paga de manera fixa, independentment de les circumst\u00e0ncies individuals de cada treballador i la seva necessitat de despeses de transport. Es paga fins i tot durant per\u00edodes no laborals com vacances i pagues extres, el que indica clarament la seva naturalesa salarial. A m\u00e9s, el complement del plus en els per\u00edodes d&#8217;incapacitat temporal es paga de manera consistent, sense variar segons els dies treballats, la qual cosa refor\u00e7a la seva naturalesa salarial.<\/p>\n<p>El Tribunal tamb\u00e9 rebutja aplicar interpretacions favorables al treballador en aquest cas, ja que les raons exposades eliminen qualsevol dubte que pugui sorgir. A m\u00e9s, el que pot ser preferible pel treballador en termes d&#8217;absorci\u00f3 i compensaci\u00f3 pot tenir un efecte contrari en el c\u00e0lcul d&#8217;indemnitzacions o altres contextos.<\/p>\n<\/div>\n<\/div>\n<\/div>\n<div class=\"mt-1 flex justify-start gap-3 empty:hidden\">\n<div class=\"text-gray-400 flex self-end lg:self-center justify-center lg:justify-start mt-0 -ml-1 h-7 visible\"><\/div>\n<\/div>\n<div class=\"pr-2 lg:pr-0\"><\/div>\n<\/div>\n<\/div>\n<\/div>\n<\/div>\n<\/div>\n<div class=\"w-full text-token-text-primary\" data-testid=\"conversation-turn-51\">\n<div class=\"px-4 py-2 justify-center text-base md:gap-6 m-auto\">\n<div class=\"flex flex-1 text-base mx-auto gap-3 md:px-5 lg:px-1 xl:px-5 md:max-w-3xl lg:max-w-[40rem] xl:max-w-[48rem] group\">\n<div class=\"flex-shrink-0 flex flex-col relative items-end\">\n<div>\n<div class=\"pt-0.5\">\n<div class=\"gizmo-shadow-stroke flex h-6 w-6 items-center justify-center overflow-hidden rounded-full\"><\/div>\n<\/div>\n<\/div>\n<\/div>\n<\/div>\n<\/div>\n<\/div>\n","protected":false},"excerpt":{"rendered":"<p>El Tribunal Suprem ha abordat en diversos fallos la q\u00fcesti\u00f3 del plus de dist\u00e0ncia o transport, determinant la seva naturalesa salarial malgrat la seva denominaci\u00f3 com a extra salarial en els convenis col\u00b7lectius. Aquesta controv\u00e8rsia sobre el seu car\u00e0cter salarial o extra salarial ha adquirit&#8230;<\/p>\n","protected":false},"author":2,"featured_media":3182,"comment_status":"open","ping_status":"open","sticky":false,"template":"","format":"standard","meta":{"footnotes":""},"categories":[4],"tags":[],"class_list":["post-3184","post","type-post","status-publish","format-standard","has-post-thumbnail","hentry","category-noticies"],"yoast_head":"<!-- This site is optimized with the Yoast SEO plugin v24.3 - https:\/\/yoast.com\/wordpress\/plugins\/seo\/ -->\n<title>El TS i la naturalesa salarial del plus de transport - Arias Assessors<\/title>\n<meta name=\"description\" content=\"Explorarem la jurisprud\u00e8ncia del Tribunal Suprem sobre el car\u00e0cter salarial del plus de transport.\" \/>\n<meta name=\"robots\" content=\"index, follow, max-snippet:-1, max-image-preview:large, max-video-preview:-1\" \/>\n<link rel=\"canonical\" href=\"https:\/\/www.ariasassessors.com\/ca\/el-ts-i-la-naturalesa-salarial-del-plus-de-transport\/\" \/>\n<meta property=\"og:locale\" content=\"ca_ES\" \/>\n<meta property=\"og:type\" content=\"article\" \/>\n<meta property=\"og:title\" content=\"El TS i la naturalesa salarial del plus de transport - Arias Assessors\" \/>\n<meta property=\"og:description\" content=\"Explorarem la jurisprud\u00e8ncia del Tribunal Suprem sobre el car\u00e0cter salarial del plus de transport.\" \/>\n<meta property=\"og:url\" content=\"https:\/\/www.ariasassessors.com\/ca\/el-ts-i-la-naturalesa-salarial-del-plus-de-transport\/\" \/>\n<meta property=\"og:site_name\" content=\"Arias Assessors\" \/>\n<meta property=\"article:publisher\" content=\"https:\/\/www.facebook.com\/ariasassessors\/\" \/>\n<meta property=\"article:published_time\" content=\"2024-03-11T09:20:43+00:00\" \/>\n<meta property=\"article:modified_time\" content=\"2024-03-11T09:20:35+00:00\" \/>\n<meta property=\"og:image\" content=\"https:\/\/www.ariasassessors.com\/wp-content\/uploads\/2024\/03\/transporte-plus.png\" \/>\n\t<meta property=\"og:image:width\" content=\"1000\" \/>\n\t<meta property=\"og:image:height\" content=\"667\" \/>\n\t<meta property=\"og:image:type\" content=\"image\/png\" \/>\n<meta name=\"author\" content=\"btorras\" \/>\n<meta name=\"twitter:card\" content=\"summary_large_image\" \/>\n<meta name=\"twitter:creator\" content=\"@ariasassessors\" \/>\n<meta name=\"twitter:site\" content=\"@ariasassessors\" \/>\n<meta name=\"twitter:label1\" content=\"Escrit per\" \/>\n\t<meta name=\"twitter:data1\" content=\"btorras\" \/>\n\t<meta name=\"twitter:label2\" content=\"Temps estimat de lectura\" \/>\n\t<meta name=\"twitter:data2\" content=\"3 minuts\" \/>\n<script type=\"application\/ld+json\" class=\"yoast-schema-graph\">{\"@context\":\"https:\/\/schema.org\",\"@graph\":[{\"@type\":\"Article\",\"@id\":\"https:\/\/www.ariasassessors.com\/ca\/el-ts-i-la-naturalesa-salarial-del-plus-de-transport\/#article\",\"isPartOf\":{\"@id\":\"https:\/\/www.ariasassessors.com\/ca\/el-ts-i-la-naturalesa-salarial-del-plus-de-transport\/\"},\"author\":{\"name\":\"btorras\",\"@id\":\"https:\/\/www.ariasassessors.com\/#\/schema\/person\/63c6ad1775f0a9413c37932562673cef\"},\"headline\":\"El Tribunal Suprem i la naturalesa salarial del plus de transport\",\"datePublished\":\"2024-03-11T09:20:43+00:00\",\"dateModified\":\"2024-03-11T09:20:35+00:00\",\"mainEntityOfPage\":{\"@id\":\"https:\/\/www.ariasassessors.com\/ca\/el-ts-i-la-naturalesa-salarial-del-plus-de-transport\/\"},\"wordCount\":578,\"commentCount\":0,\"publisher\":{\"@id\":\"https:\/\/www.ariasassessors.com\/#organization\"},\"image\":{\"@id\":\"https:\/\/www.ariasassessors.com\/ca\/el-ts-i-la-naturalesa-salarial-del-plus-de-transport\/#primaryimage\"},\"thumbnailUrl\":\"https:\/\/www.ariasassessors.com\/wp-content\/uploads\/2024\/03\/transporte-plus.png\",\"articleSection\":[\"noticies\"],\"inLanguage\":\"ca\",\"potentialAction\":[{\"@type\":\"CommentAction\",\"name\":\"Comment\",\"target\":[\"https:\/\/www.ariasassessors.com\/ca\/el-ts-i-la-naturalesa-salarial-del-plus-de-transport\/#respond\"]}]},{\"@type\":\"WebPage\",\"@id\":\"https:\/\/www.ariasassessors.com\/ca\/el-ts-i-la-naturalesa-salarial-del-plus-de-transport\/\",\"url\":\"https:\/\/www.ariasassessors.com\/ca\/el-ts-i-la-naturalesa-salarial-del-plus-de-transport\/\",\"name\":\"El TS i la naturalesa salarial del plus de transport - Arias Assessors\",\"isPartOf\":{\"@id\":\"https:\/\/www.ariasassessors.com\/#website\"},\"primaryImageOfPage\":{\"@id\":\"https:\/\/www.ariasassessors.com\/ca\/el-ts-i-la-naturalesa-salarial-del-plus-de-transport\/#primaryimage\"},\"image\":{\"@id\":\"https:\/\/www.ariasassessors.com\/ca\/el-ts-i-la-naturalesa-salarial-del-plus-de-transport\/#primaryimage\"},\"thumbnailUrl\":\"https:\/\/www.ariasassessors.com\/wp-content\/uploads\/2024\/03\/transporte-plus.png\",\"datePublished\":\"2024-03-11T09:20:43+00:00\",\"dateModified\":\"2024-03-11T09:20:35+00:00\",\"description\":\"Explorarem la jurisprud\u00e8ncia del Tribunal Suprem sobre el car\u00e0cter salarial del plus de transport.\",\"breadcrumb\":{\"@id\":\"https:\/\/www.ariasassessors.com\/ca\/el-ts-i-la-naturalesa-salarial-del-plus-de-transport\/#breadcrumb\"},\"inLanguage\":\"ca\",\"potentialAction\":[{\"@type\":\"ReadAction\",\"target\":[\"https:\/\/www.ariasassessors.com\/ca\/el-ts-i-la-naturalesa-salarial-del-plus-de-transport\/\"]}]},{\"@type\":\"ImageObject\",\"inLanguage\":\"ca\",\"@id\":\"https:\/\/www.ariasassessors.com\/ca\/el-ts-i-la-naturalesa-salarial-del-plus-de-transport\/#primaryimage\",\"url\":\"https:\/\/www.ariasassessors.com\/wp-content\/uploads\/2024\/03\/transporte-plus.png\",\"contentUrl\":\"https:\/\/www.ariasassessors.com\/wp-content\/uploads\/2024\/03\/transporte-plus.png\",\"width\":1000,\"height\":667},{\"@type\":\"BreadcrumbList\",\"@id\":\"https:\/\/www.ariasassessors.com\/ca\/el-ts-i-la-naturalesa-salarial-del-plus-de-transport\/#breadcrumb\",\"itemListElement\":[{\"@type\":\"ListItem\",\"position\":1,\"name\":\"Portada\",\"item\":\"https:\/\/www.ariasassessors.com\/ca\/\"},{\"@type\":\"ListItem\",\"position\":2,\"name\":\"El Tribunal Suprem i la naturalesa salarial del plus de transport\"}]},{\"@type\":\"WebSite\",\"@id\":\"https:\/\/www.ariasassessors.com\/#website\",\"url\":\"https:\/\/www.ariasassessors.com\/\",\"name\":\"Arias Assessors\",\"description\":\"Asesor\u00eda para aut\u00f3nomos, profesionales y PYMES\",\"publisher\":{\"@id\":\"https:\/\/www.ariasassessors.com\/#organization\"},\"potentialAction\":[{\"@type\":\"SearchAction\",\"target\":{\"@type\":\"EntryPoint\",\"urlTemplate\":\"https:\/\/www.ariasassessors.com\/?s={search_term_string}\"},\"query-input\":{\"@type\":\"PropertyValueSpecification\",\"valueRequired\":true,\"valueName\":\"search_term_string\"}}],\"inLanguage\":\"ca\"},{\"@type\":\"Organization\",\"@id\":\"https:\/\/www.ariasassessors.com\/#organization\",\"name\":\"Arias Assessors\",\"url\":\"https:\/\/www.ariasassessors.com\/\",\"logo\":{\"@type\":\"ImageObject\",\"inLanguage\":\"ca\",\"@id\":\"https:\/\/www.ariasassessors.com\/#\/schema\/logo\/image\/\",\"url\":\"https:\/\/www.ariasassessors.com\/wp-content\/uploads\/2019\/01\/arias-logo.png\",\"contentUrl\":\"https:\/\/www.ariasassessors.com\/wp-content\/uploads\/2019\/01\/arias-logo.png\",\"width\":349,\"height\":254,\"caption\":\"Arias Assessors\"},\"image\":{\"@id\":\"https:\/\/www.ariasassessors.com\/#\/schema\/logo\/image\/\"},\"sameAs\":[\"https:\/\/www.facebook.com\/ariasassessors\/\",\"https:\/\/x.com\/ariasassessors\",\"https:\/\/www.linkedin.com\/company\/r&amp;amp;r-growing-knowledge\/\"]},{\"@type\":\"Person\",\"@id\":\"https:\/\/www.ariasassessors.com\/#\/schema\/person\/63c6ad1775f0a9413c37932562673cef\",\"name\":\"btorras\",\"image\":{\"@type\":\"ImageObject\",\"inLanguage\":\"ca\",\"@id\":\"https:\/\/www.ariasassessors.com\/#\/schema\/person\/image\/\",\"url\":\"https:\/\/secure.gravatar.com\/avatar\/0531db351fc361fdbfd204c58fa2d6a3?s=96&d=mm&r=g\",\"contentUrl\":\"https:\/\/secure.gravatar.com\/avatar\/0531db351fc361fdbfd204c58fa2d6a3?s=96&d=mm&r=g\",\"caption\":\"btorras\"}}]}<\/script>\n<!-- \/ Yoast SEO plugin. -->","yoast_head_json":{"title":"El TS i la naturalesa salarial del plus de transport - Arias Assessors","description":"Explorarem la jurisprud\u00e8ncia del Tribunal Suprem sobre el car\u00e0cter salarial del plus de transport.","robots":{"index":"index","follow":"follow","max-snippet":"max-snippet:-1","max-image-preview":"max-image-preview:large","max-video-preview":"max-video-preview:-1"},"canonical":"https:\/\/www.ariasassessors.com\/ca\/el-ts-i-la-naturalesa-salarial-del-plus-de-transport\/","og_locale":"ca_ES","og_type":"article","og_title":"El TS i la naturalesa salarial del plus de transport - Arias Assessors","og_description":"Explorarem la jurisprud\u00e8ncia del Tribunal Suprem sobre el car\u00e0cter salarial del plus de transport.","og_url":"https:\/\/www.ariasassessors.com\/ca\/el-ts-i-la-naturalesa-salarial-del-plus-de-transport\/","og_site_name":"Arias Assessors","article_publisher":"https:\/\/www.facebook.com\/ariasassessors\/","article_published_time":"2024-03-11T09:20:43+00:00","article_modified_time":"2024-03-11T09:20:35+00:00","og_image":[{"width":1000,"height":667,"url":"https:\/\/www.ariasassessors.com\/wp-content\/uploads\/2024\/03\/transporte-plus.png","type":"image\/png"}],"author":"btorras","twitter_card":"summary_large_image","twitter_creator":"@ariasassessors","twitter_site":"@ariasassessors","twitter_misc":{"Escrit per":"btorras","Temps estimat de lectura":"3 minuts"},"schema":{"@context":"https:\/\/schema.org","@graph":[{"@type":"Article","@id":"https:\/\/www.ariasassessors.com\/ca\/el-ts-i-la-naturalesa-salarial-del-plus-de-transport\/#article","isPartOf":{"@id":"https:\/\/www.ariasassessors.com\/ca\/el-ts-i-la-naturalesa-salarial-del-plus-de-transport\/"},"author":{"name":"btorras","@id":"https:\/\/www.ariasassessors.com\/#\/schema\/person\/63c6ad1775f0a9413c37932562673cef"},"headline":"El Tribunal Suprem i la naturalesa salarial del plus de transport","datePublished":"2024-03-11T09:20:43+00:00","dateModified":"2024-03-11T09:20:35+00:00","mainEntityOfPage":{"@id":"https:\/\/www.ariasassessors.com\/ca\/el-ts-i-la-naturalesa-salarial-del-plus-de-transport\/"},"wordCount":578,"commentCount":0,"publisher":{"@id":"https:\/\/www.ariasassessors.com\/#organization"},"image":{"@id":"https:\/\/www.ariasassessors.com\/ca\/el-ts-i-la-naturalesa-salarial-del-plus-de-transport\/#primaryimage"},"thumbnailUrl":"https:\/\/www.ariasassessors.com\/wp-content\/uploads\/2024\/03\/transporte-plus.png","articleSection":["noticies"],"inLanguage":"ca","potentialAction":[{"@type":"CommentAction","name":"Comment","target":["https:\/\/www.ariasassessors.com\/ca\/el-ts-i-la-naturalesa-salarial-del-plus-de-transport\/#respond"]}]},{"@type":"WebPage","@id":"https:\/\/www.ariasassessors.com\/ca\/el-ts-i-la-naturalesa-salarial-del-plus-de-transport\/","url":"https:\/\/www.ariasassessors.com\/ca\/el-ts-i-la-naturalesa-salarial-del-plus-de-transport\/","name":"El TS i la naturalesa salarial del plus de transport - Arias Assessors","isPartOf":{"@id":"https:\/\/www.ariasassessors.com\/#website"},"primaryImageOfPage":{"@id":"https:\/\/www.ariasassessors.com\/ca\/el-ts-i-la-naturalesa-salarial-del-plus-de-transport\/#primaryimage"},"image":{"@id":"https:\/\/www.ariasassessors.com\/ca\/el-ts-i-la-naturalesa-salarial-del-plus-de-transport\/#primaryimage"},"thumbnailUrl":"https:\/\/www.ariasassessors.com\/wp-content\/uploads\/2024\/03\/transporte-plus.png","datePublished":"2024-03-11T09:20:43+00:00","dateModified":"2024-03-11T09:20:35+00:00","description":"Explorarem la jurisprud\u00e8ncia del Tribunal Suprem sobre el car\u00e0cter salarial del plus de transport.","breadcrumb":{"@id":"https:\/\/www.ariasassessors.com\/ca\/el-ts-i-la-naturalesa-salarial-del-plus-de-transport\/#breadcrumb"},"inLanguage":"ca","potentialAction":[{"@type":"ReadAction","target":["https:\/\/www.ariasassessors.com\/ca\/el-ts-i-la-naturalesa-salarial-del-plus-de-transport\/"]}]},{"@type":"ImageObject","inLanguage":"ca","@id":"https:\/\/www.ariasassessors.com\/ca\/el-ts-i-la-naturalesa-salarial-del-plus-de-transport\/#primaryimage","url":"https:\/\/www.ariasassessors.com\/wp-content\/uploads\/2024\/03\/transporte-plus.png","contentUrl":"https:\/\/www.ariasassessors.com\/wp-content\/uploads\/2024\/03\/transporte-plus.png","width":1000,"height":667},{"@type":"BreadcrumbList","@id":"https:\/\/www.ariasassessors.com\/ca\/el-ts-i-la-naturalesa-salarial-del-plus-de-transport\/#breadcrumb","itemListElement":[{"@type":"ListItem","position":1,"name":"Portada","item":"https:\/\/www.ariasassessors.com\/ca\/"},{"@type":"ListItem","position":2,"name":"El Tribunal Suprem i la naturalesa salarial del plus de transport"}]},{"@type":"WebSite","@id":"https:\/\/www.ariasassessors.com\/#website","url":"https:\/\/www.ariasassessors.com\/","name":"Arias Assessors","description":"Asesor\u00eda para aut\u00f3nomos, profesionales y PYMES","publisher":{"@id":"https:\/\/www.ariasassessors.com\/#organization"},"potentialAction":[{"@type":"SearchAction","target":{"@type":"EntryPoint","urlTemplate":"https:\/\/www.ariasassessors.com\/?s={search_term_string}"},"query-input":{"@type":"PropertyValueSpecification","valueRequired":true,"valueName":"search_term_string"}}],"inLanguage":"ca"},{"@type":"Organization","@id":"https:\/\/www.ariasassessors.com\/#organization","name":"Arias Assessors","url":"https:\/\/www.ariasassessors.com\/","logo":{"@type":"ImageObject","inLanguage":"ca","@id":"https:\/\/www.ariasassessors.com\/#\/schema\/logo\/image\/","url":"https:\/\/www.ariasassessors.com\/wp-content\/uploads\/2019\/01\/arias-logo.png","contentUrl":"https:\/\/www.ariasassessors.com\/wp-content\/uploads\/2019\/01\/arias-logo.png","width":349,"height":254,"caption":"Arias Assessors"},"image":{"@id":"https:\/\/www.ariasassessors.com\/#\/schema\/logo\/image\/"},"sameAs":["https:\/\/www.facebook.com\/ariasassessors\/","https:\/\/x.com\/ariasassessors","https:\/\/www.linkedin.com\/company\/r&amp;amp;r-growing-knowledge\/"]},{"@type":"Person","@id":"https:\/\/www.ariasassessors.com\/#\/schema\/person\/63c6ad1775f0a9413c37932562673cef","name":"btorras","image":{"@type":"ImageObject","inLanguage":"ca","@id":"https:\/\/www.ariasassessors.com\/#\/schema\/person\/image\/","url":"https:\/\/secure.gravatar.com\/avatar\/0531db351fc361fdbfd204c58fa2d6a3?s=96&d=mm&r=g","contentUrl":"https:\/\/secure.gravatar.com\/avatar\/0531db351fc361fdbfd204c58fa2d6a3?s=96&d=mm&r=g","caption":"btorras"}}]}},"_links":{"self":[{"href":"https:\/\/www.ariasassessors.com\/ca\/wp-json\/wp\/v2\/posts\/3184","targetHints":{"allow":["GET"]}}],"collection":[{"href":"https:\/\/www.ariasassessors.com\/ca\/wp-json\/wp\/v2\/posts"}],"about":[{"href":"https:\/\/www.ariasassessors.com\/ca\/wp-json\/wp\/v2\/types\/post"}],"author":[{"embeddable":true,"href":"https:\/\/www.ariasassessors.com\/ca\/wp-json\/wp\/v2\/users\/2"}],"replies":[{"embeddable":true,"href":"https:\/\/www.ariasassessors.com\/ca\/wp-json\/wp\/v2\/comments?post=3184"}],"version-history":[{"count":2,"href":"https:\/\/www.ariasassessors.com\/ca\/wp-json\/wp\/v2\/posts\/3184\/revisions"}],"predecessor-version":[{"id":3214,"href":"https:\/\/www.ariasassessors.com\/ca\/wp-json\/wp\/v2\/posts\/3184\/revisions\/3214"}],"wp:featuredmedia":[{"embeddable":true,"href":"https:\/\/www.ariasassessors.com\/ca\/wp-json\/wp\/v2\/media\/3182"}],"wp:attachment":[{"href":"https:\/\/www.ariasassessors.com\/ca\/wp-json\/wp\/v2\/media?parent=3184"}],"wp:term":[{"taxonomy":"category","embeddable":true,"href":"https:\/\/www.ariasassessors.com\/ca\/wp-json\/wp\/v2\/categories?post=3184"},{"taxonomy":"post_tag","embeddable":true,"href":"https:\/\/www.ariasassessors.com\/ca\/wp-json\/wp\/v2\/tags?post=3184"}],"curies":[{"name":"wp","href":"https:\/\/api.w.org\/{rel}","templated":true}]}}