{"id":3220,"date":"2024-03-18T10:29:11","date_gmt":"2024-03-18T09:29:11","guid":{"rendered":"https:\/\/www.ariasassessors.com\/?p=3220"},"modified":"2024-03-18T10:29:11","modified_gmt":"2024-03-18T09:29:11","slug":"clarifiquem-la-deduccio-de-despeses-per-a-autonoms-i-freelancers-a-barcelona","status":"publish","type":"post","link":"https:\/\/www.ariasassessors.com\/ca\/clarifiquem-la-deduccio-de-despeses-per-a-autonoms-i-freelancers-a-barcelona\/","title":{"rendered":"Clarifiquem la deducci\u00f3 de despeses per a aut\u00f2noms i freelancers a Barcelona."},"content":{"rendered":"<p>Si ets aut\u00f2nom o freelancer a Barcelona, \u00e9s probable que et preguntis qu\u00e8 pots deduir a la teva declaraci\u00f3 d&#8217;impostos. Recentment, Hisenda ha em\u00e8s una consulta vinculant que aclareix la dedu\u00efbilitat dels gastos de subministraments d&#8217;una llar parcialment utilitzada per a activitats professionals. En aquest article, t&#8217;explicarem com aquestes noves regulacions poden afectar-te i com Arias Assessors pot ajudar-te a optimitzar els teus impostos.<\/p>\n<p>La consulta vinculant d&#8217;Hisenda proporciona claredat sobre la dedu\u00efbilitat dels gastos de subministraments en una llar parcialment utilitzada per a activitats professionals. Tot i que la normativa estableix que els gastos com aigua, gas, electricitat, telefonia i Internet s\u00f3n dedu\u00efbles en funci\u00f3 del percentatge de la llar utilitzada per a l&#8217;activitat professional, \u00e9s important comprendre com aplicar aquestes normes en la pr\u00e0ctica.<\/p>\n<p>En primer lloc, \u00e9s fonamental determinar quina part de la teva llar est\u00e0 dedicada exclusivament a la teva activitat professional. Si tens una habitaci\u00f3 o un espai de treball designat, pots calcular el percentatge de la llar que s&#8217;utilitza per al teu negoci. Aquest percentatge s&#8217;utilitzar\u00e0 despr\u00e9s per determinar quant pots deduir dels teus gastos de subministraments.<\/p>\n<p>No obstant aix\u00f2, la consulta tamb\u00e9 assenyala que hi ha excepcions a aquesta norma general. Per exemple, els gastos associats amb l&#8217;\u00fas exclusiu d&#8217;una l\u00ednia de tel\u00e8fon m\u00f2bil no es consideren subministraments de la llar i estan subjectes a normes diferents. En aquest cas, la dedu\u00efbilitat est\u00e0 vinculada a la correlaci\u00f3 amb els ingressos, la qual cosa significa que nom\u00e9s pots deduir els gastos si la l\u00ednia s&#8217;utilitza exclusivament per a la teva activitat econ\u00f2mica.<\/p>\n<p>La recent consulta vinculant d&#8217;Hisenda proporciona claredat sobre la dedu\u00efbilitat dels gastos de subministraments en una llar parcialment utilitzada per a activitats professionals. A Arias Assessors, estem aqu\u00ed per ajudar-te a comprendre aquestes regulacions i maximitzar les teves deduccions fiscals.<\/p>\n<p>Posa&#8217;t en contacte amb el nostre equip d&#8217;Arias Assessors avui mateix per obtenir assessorament expert i garantir que est\u00e0s aprofitant al m\u00e0xim les oportunitats fiscals disponibles per a aut\u00f2noms i freelancers a Barcelona.<\/p>\n","protected":false},"excerpt":{"rendered":"<p>Si ets aut\u00f2nom o freelancer a Barcelona, \u00e9s probable que et preguntis qu\u00e8 pots deduir a la teva declaraci\u00f3 d&#8217;impostos. Recentment, Hisenda ha em\u00e8s una consulta vinculant que aclareix la dedu\u00efbilitat dels gastos de subministraments d&#8217;una llar parcialment utilitzada per a activitats professionals. En aquest&#8230;<\/p>\n","protected":false},"author":2,"featured_media":3218,"comment_status":"open","ping_status":"open","sticky":false,"template":"","format":"standard","meta":{"footnotes":""},"categories":[4],"tags":[],"class_list":["post-3220","post","type-post","status-publish","format-standard","has-post-thumbnail","hentry","category-noticies"],"yoast_head":"<!-- This site is optimized with the Yoast SEO plugin v24.3 - https:\/\/yoast.com\/wordpress\/plugins\/seo\/ -->\n<title>Dedu\u00efnt despeses per aut\u00f2noms a Barcelona - Arias Assessors<\/title>\n<meta name=\"description\" content=\"Descobreix com la recent consulta vinculant de l&#039;Ag\u00e8ncia Tribut\u00e0ria sobre la deducci\u00f3 de despeses al domicili afecta als aut\u00f2noms i freelancers a Barcelona\" \/>\n<meta name=\"robots\" content=\"index, follow, max-snippet:-1, max-image-preview:large, max-video-preview:-1\" \/>\n<link rel=\"canonical\" href=\"https:\/\/www.ariasassessors.com\/ca\/clarifiquem-la-deduccio-de-despeses-per-a-autonoms-i-freelancers-a-barcelona\/\" \/>\n<meta property=\"og:locale\" content=\"ca_ES\" \/>\n<meta property=\"og:type\" content=\"article\" \/>\n<meta property=\"og:title\" content=\"Dedu\u00efnt despeses per aut\u00f2noms a Barcelona - Arias Assessors\" \/>\n<meta property=\"og:description\" content=\"Descobreix com la recent consulta vinculant de l&#039;Ag\u00e8ncia Tribut\u00e0ria sobre la deducci\u00f3 de despeses al domicili afecta als aut\u00f2noms i freelancers a Barcelona\" \/>\n<meta property=\"og:url\" content=\"https:\/\/www.ariasassessors.com\/ca\/clarifiquem-la-deduccio-de-despeses-per-a-autonoms-i-freelancers-a-barcelona\/\" \/>\n<meta property=\"og:site_name\" content=\"Arias Assessors\" \/>\n<meta property=\"article:publisher\" content=\"https:\/\/www.facebook.com\/ariasassessors\/\" \/>\n<meta property=\"article:published_time\" content=\"2024-03-18T09:29:11+00:00\" \/>\n<meta property=\"og:image\" content=\"https:\/\/www.ariasassessors.com\/wp-content\/uploads\/2024\/03\/freelance.png\" \/>\n\t<meta property=\"og:image:width\" content=\"1000\" \/>\n\t<meta property=\"og:image:height\" content=\"667\" \/>\n\t<meta property=\"og:image:type\" content=\"image\/png\" \/>\n<meta name=\"author\" content=\"btorras\" \/>\n<meta name=\"twitter:card\" content=\"summary_large_image\" \/>\n<meta name=\"twitter:creator\" content=\"@ariasassessors\" \/>\n<meta name=\"twitter:site\" content=\"@ariasassessors\" \/>\n<meta name=\"twitter:label1\" content=\"Escrit per\" \/>\n\t<meta name=\"twitter:data1\" content=\"btorras\" \/>\n\t<meta name=\"twitter:label2\" content=\"Temps estimat de lectura\" \/>\n\t<meta name=\"twitter:data2\" content=\"2 minuts\" \/>\n<script type=\"application\/ld+json\" class=\"yoast-schema-graph\">{\"@context\":\"https:\/\/schema.org\",\"@graph\":[{\"@type\":\"Article\",\"@id\":\"https:\/\/www.ariasassessors.com\/ca\/clarifiquem-la-deduccio-de-despeses-per-a-autonoms-i-freelancers-a-barcelona\/#article\",\"isPartOf\":{\"@id\":\"https:\/\/www.ariasassessors.com\/ca\/clarifiquem-la-deduccio-de-despeses-per-a-autonoms-i-freelancers-a-barcelona\/\"},\"author\":{\"name\":\"btorras\",\"@id\":\"https:\/\/www.ariasassessors.com\/#\/schema\/person\/63c6ad1775f0a9413c37932562673cef\"},\"headline\":\"Clarifiquem la deducci\u00f3 de despeses per a aut\u00f2noms i freelancers a Barcelona.\",\"datePublished\":\"2024-03-18T09:29:11+00:00\",\"dateModified\":\"2024-03-18T09:29:11+00:00\",\"mainEntityOfPage\":{\"@id\":\"https:\/\/www.ariasassessors.com\/ca\/clarifiquem-la-deduccio-de-despeses-per-a-autonoms-i-freelancers-a-barcelona\/\"},\"wordCount\":364,\"commentCount\":0,\"publisher\":{\"@id\":\"https:\/\/www.ariasassessors.com\/#organization\"},\"image\":{\"@id\":\"https:\/\/www.ariasassessors.com\/ca\/clarifiquem-la-deduccio-de-despeses-per-a-autonoms-i-freelancers-a-barcelona\/#primaryimage\"},\"thumbnailUrl\":\"https:\/\/www.ariasassessors.com\/wp-content\/uploads\/2024\/03\/freelance.png\",\"articleSection\":[\"noticies\"],\"inLanguage\":\"ca\",\"potentialAction\":[{\"@type\":\"CommentAction\",\"name\":\"Comment\",\"target\":[\"https:\/\/www.ariasassessors.com\/ca\/clarifiquem-la-deduccio-de-despeses-per-a-autonoms-i-freelancers-a-barcelona\/#respond\"]}]},{\"@type\":\"WebPage\",\"@id\":\"https:\/\/www.ariasassessors.com\/ca\/clarifiquem-la-deduccio-de-despeses-per-a-autonoms-i-freelancers-a-barcelona\/\",\"url\":\"https:\/\/www.ariasassessors.com\/ca\/clarifiquem-la-deduccio-de-despeses-per-a-autonoms-i-freelancers-a-barcelona\/\",\"name\":\"Dedu\u00efnt despeses per aut\u00f2noms a Barcelona - Arias Assessors\",\"isPartOf\":{\"@id\":\"https:\/\/www.ariasassessors.com\/#website\"},\"primaryImageOfPage\":{\"@id\":\"https:\/\/www.ariasassessors.com\/ca\/clarifiquem-la-deduccio-de-despeses-per-a-autonoms-i-freelancers-a-barcelona\/#primaryimage\"},\"image\":{\"@id\":\"https:\/\/www.ariasassessors.com\/ca\/clarifiquem-la-deduccio-de-despeses-per-a-autonoms-i-freelancers-a-barcelona\/#primaryimage\"},\"thumbnailUrl\":\"https:\/\/www.ariasassessors.com\/wp-content\/uploads\/2024\/03\/freelance.png\",\"datePublished\":\"2024-03-18T09:29:11+00:00\",\"dateModified\":\"2024-03-18T09:29:11+00:00\",\"description\":\"Descobreix com la recent consulta vinculant de l'Ag\u00e8ncia Tribut\u00e0ria sobre la deducci\u00f3 de despeses al domicili afecta als aut\u00f2noms i freelancers a Barcelona\",\"breadcrumb\":{\"@id\":\"https:\/\/www.ariasassessors.com\/ca\/clarifiquem-la-deduccio-de-despeses-per-a-autonoms-i-freelancers-a-barcelona\/#breadcrumb\"},\"inLanguage\":\"ca\",\"potentialAction\":[{\"@type\":\"ReadAction\",\"target\":[\"https:\/\/www.ariasassessors.com\/ca\/clarifiquem-la-deduccio-de-despeses-per-a-autonoms-i-freelancers-a-barcelona\/\"]}]},{\"@type\":\"ImageObject\",\"inLanguage\":\"ca\",\"@id\":\"https:\/\/www.ariasassessors.com\/ca\/clarifiquem-la-deduccio-de-despeses-per-a-autonoms-i-freelancers-a-barcelona\/#primaryimage\",\"url\":\"https:\/\/www.ariasassessors.com\/wp-content\/uploads\/2024\/03\/freelance.png\",\"contentUrl\":\"https:\/\/www.ariasassessors.com\/wp-content\/uploads\/2024\/03\/freelance.png\",\"width\":1000,\"height\":667,\"caption\":\"freelance\"},{\"@type\":\"BreadcrumbList\",\"@id\":\"https:\/\/www.ariasassessors.com\/ca\/clarifiquem-la-deduccio-de-despeses-per-a-autonoms-i-freelancers-a-barcelona\/#breadcrumb\",\"itemListElement\":[{\"@type\":\"ListItem\",\"position\":1,\"name\":\"Portada\",\"item\":\"https:\/\/www.ariasassessors.com\/ca\/\"},{\"@type\":\"ListItem\",\"position\":2,\"name\":\"Clarifiquem la deducci\u00f3 de despeses per a aut\u00f2noms i freelancers a Barcelona.\"}]},{\"@type\":\"WebSite\",\"@id\":\"https:\/\/www.ariasassessors.com\/#website\",\"url\":\"https:\/\/www.ariasassessors.com\/\",\"name\":\"Arias Assessors\",\"description\":\"Asesor\u00eda para aut\u00f3nomos, profesionales y PYMES\",\"publisher\":{\"@id\":\"https:\/\/www.ariasassessors.com\/#organization\"},\"potentialAction\":[{\"@type\":\"SearchAction\",\"target\":{\"@type\":\"EntryPoint\",\"urlTemplate\":\"https:\/\/www.ariasassessors.com\/?s={search_term_string}\"},\"query-input\":{\"@type\":\"PropertyValueSpecification\",\"valueRequired\":true,\"valueName\":\"search_term_string\"}}],\"inLanguage\":\"ca\"},{\"@type\":\"Organization\",\"@id\":\"https:\/\/www.ariasassessors.com\/#organization\",\"name\":\"Arias Assessors\",\"url\":\"https:\/\/www.ariasassessors.com\/\",\"logo\":{\"@type\":\"ImageObject\",\"inLanguage\":\"ca\",\"@id\":\"https:\/\/www.ariasassessors.com\/#\/schema\/logo\/image\/\",\"url\":\"https:\/\/www.ariasassessors.com\/wp-content\/uploads\/2019\/01\/arias-logo.png\",\"contentUrl\":\"https:\/\/www.ariasassessors.com\/wp-content\/uploads\/2019\/01\/arias-logo.png\",\"width\":349,\"height\":254,\"caption\":\"Arias Assessors\"},\"image\":{\"@id\":\"https:\/\/www.ariasassessors.com\/#\/schema\/logo\/image\/\"},\"sameAs\":[\"https:\/\/www.facebook.com\/ariasassessors\/\",\"https:\/\/x.com\/ariasassessors\",\"https:\/\/www.linkedin.com\/company\/r&amp;amp;r-growing-knowledge\/\"]},{\"@type\":\"Person\",\"@id\":\"https:\/\/www.ariasassessors.com\/#\/schema\/person\/63c6ad1775f0a9413c37932562673cef\",\"name\":\"btorras\",\"image\":{\"@type\":\"ImageObject\",\"inLanguage\":\"ca\",\"@id\":\"https:\/\/www.ariasassessors.com\/#\/schema\/person\/image\/\",\"url\":\"https:\/\/secure.gravatar.com\/avatar\/0531db351fc361fdbfd204c58fa2d6a3?s=96&d=mm&r=g\",\"contentUrl\":\"https:\/\/secure.gravatar.com\/avatar\/0531db351fc361fdbfd204c58fa2d6a3?s=96&d=mm&r=g\",\"caption\":\"btorras\"}}]}<\/script>\n<!-- \/ Yoast SEO plugin. -->","yoast_head_json":{"title":"Dedu\u00efnt despeses per aut\u00f2noms a Barcelona - Arias Assessors","description":"Descobreix com la recent consulta vinculant de l'Ag\u00e8ncia Tribut\u00e0ria sobre la deducci\u00f3 de despeses al domicili afecta als aut\u00f2noms i freelancers a Barcelona","robots":{"index":"index","follow":"follow","max-snippet":"max-snippet:-1","max-image-preview":"max-image-preview:large","max-video-preview":"max-video-preview:-1"},"canonical":"https:\/\/www.ariasassessors.com\/ca\/clarifiquem-la-deduccio-de-despeses-per-a-autonoms-i-freelancers-a-barcelona\/","og_locale":"ca_ES","og_type":"article","og_title":"Dedu\u00efnt despeses per aut\u00f2noms a Barcelona - Arias Assessors","og_description":"Descobreix com la recent consulta vinculant de l'Ag\u00e8ncia Tribut\u00e0ria sobre la deducci\u00f3 de despeses al domicili afecta als aut\u00f2noms i freelancers a Barcelona","og_url":"https:\/\/www.ariasassessors.com\/ca\/clarifiquem-la-deduccio-de-despeses-per-a-autonoms-i-freelancers-a-barcelona\/","og_site_name":"Arias Assessors","article_publisher":"https:\/\/www.facebook.com\/ariasassessors\/","article_published_time":"2024-03-18T09:29:11+00:00","og_image":[{"width":1000,"height":667,"url":"https:\/\/www.ariasassessors.com\/wp-content\/uploads\/2024\/03\/freelance.png","type":"image\/png"}],"author":"btorras","twitter_card":"summary_large_image","twitter_creator":"@ariasassessors","twitter_site":"@ariasassessors","twitter_misc":{"Escrit per":"btorras","Temps estimat de lectura":"2 minuts"},"schema":{"@context":"https:\/\/schema.org","@graph":[{"@type":"Article","@id":"https:\/\/www.ariasassessors.com\/ca\/clarifiquem-la-deduccio-de-despeses-per-a-autonoms-i-freelancers-a-barcelona\/#article","isPartOf":{"@id":"https:\/\/www.ariasassessors.com\/ca\/clarifiquem-la-deduccio-de-despeses-per-a-autonoms-i-freelancers-a-barcelona\/"},"author":{"name":"btorras","@id":"https:\/\/www.ariasassessors.com\/#\/schema\/person\/63c6ad1775f0a9413c37932562673cef"},"headline":"Clarifiquem la deducci\u00f3 de despeses per a aut\u00f2noms i freelancers a Barcelona.","datePublished":"2024-03-18T09:29:11+00:00","dateModified":"2024-03-18T09:29:11+00:00","mainEntityOfPage":{"@id":"https:\/\/www.ariasassessors.com\/ca\/clarifiquem-la-deduccio-de-despeses-per-a-autonoms-i-freelancers-a-barcelona\/"},"wordCount":364,"commentCount":0,"publisher":{"@id":"https:\/\/www.ariasassessors.com\/#organization"},"image":{"@id":"https:\/\/www.ariasassessors.com\/ca\/clarifiquem-la-deduccio-de-despeses-per-a-autonoms-i-freelancers-a-barcelona\/#primaryimage"},"thumbnailUrl":"https:\/\/www.ariasassessors.com\/wp-content\/uploads\/2024\/03\/freelance.png","articleSection":["noticies"],"inLanguage":"ca","potentialAction":[{"@type":"CommentAction","name":"Comment","target":["https:\/\/www.ariasassessors.com\/ca\/clarifiquem-la-deduccio-de-despeses-per-a-autonoms-i-freelancers-a-barcelona\/#respond"]}]},{"@type":"WebPage","@id":"https:\/\/www.ariasassessors.com\/ca\/clarifiquem-la-deduccio-de-despeses-per-a-autonoms-i-freelancers-a-barcelona\/","url":"https:\/\/www.ariasassessors.com\/ca\/clarifiquem-la-deduccio-de-despeses-per-a-autonoms-i-freelancers-a-barcelona\/","name":"Dedu\u00efnt despeses per aut\u00f2noms a Barcelona - Arias Assessors","isPartOf":{"@id":"https:\/\/www.ariasassessors.com\/#website"},"primaryImageOfPage":{"@id":"https:\/\/www.ariasassessors.com\/ca\/clarifiquem-la-deduccio-de-despeses-per-a-autonoms-i-freelancers-a-barcelona\/#primaryimage"},"image":{"@id":"https:\/\/www.ariasassessors.com\/ca\/clarifiquem-la-deduccio-de-despeses-per-a-autonoms-i-freelancers-a-barcelona\/#primaryimage"},"thumbnailUrl":"https:\/\/www.ariasassessors.com\/wp-content\/uploads\/2024\/03\/freelance.png","datePublished":"2024-03-18T09:29:11+00:00","dateModified":"2024-03-18T09:29:11+00:00","description":"Descobreix com la recent consulta vinculant de l'Ag\u00e8ncia Tribut\u00e0ria sobre la deducci\u00f3 de despeses al domicili afecta als aut\u00f2noms i freelancers a Barcelona","breadcrumb":{"@id":"https:\/\/www.ariasassessors.com\/ca\/clarifiquem-la-deduccio-de-despeses-per-a-autonoms-i-freelancers-a-barcelona\/#breadcrumb"},"inLanguage":"ca","potentialAction":[{"@type":"ReadAction","target":["https:\/\/www.ariasassessors.com\/ca\/clarifiquem-la-deduccio-de-despeses-per-a-autonoms-i-freelancers-a-barcelona\/"]}]},{"@type":"ImageObject","inLanguage":"ca","@id":"https:\/\/www.ariasassessors.com\/ca\/clarifiquem-la-deduccio-de-despeses-per-a-autonoms-i-freelancers-a-barcelona\/#primaryimage","url":"https:\/\/www.ariasassessors.com\/wp-content\/uploads\/2024\/03\/freelance.png","contentUrl":"https:\/\/www.ariasassessors.com\/wp-content\/uploads\/2024\/03\/freelance.png","width":1000,"height":667,"caption":"freelance"},{"@type":"BreadcrumbList","@id":"https:\/\/www.ariasassessors.com\/ca\/clarifiquem-la-deduccio-de-despeses-per-a-autonoms-i-freelancers-a-barcelona\/#breadcrumb","itemListElement":[{"@type":"ListItem","position":1,"name":"Portada","item":"https:\/\/www.ariasassessors.com\/ca\/"},{"@type":"ListItem","position":2,"name":"Clarifiquem la deducci\u00f3 de despeses per a aut\u00f2noms i freelancers a Barcelona."}]},{"@type":"WebSite","@id":"https:\/\/www.ariasassessors.com\/#website","url":"https:\/\/www.ariasassessors.com\/","name":"Arias Assessors","description":"Asesor\u00eda para aut\u00f3nomos, profesionales y PYMES","publisher":{"@id":"https:\/\/www.ariasassessors.com\/#organization"},"potentialAction":[{"@type":"SearchAction","target":{"@type":"EntryPoint","urlTemplate":"https:\/\/www.ariasassessors.com\/?s={search_term_string}"},"query-input":{"@type":"PropertyValueSpecification","valueRequired":true,"valueName":"search_term_string"}}],"inLanguage":"ca"},{"@type":"Organization","@id":"https:\/\/www.ariasassessors.com\/#organization","name":"Arias Assessors","url":"https:\/\/www.ariasassessors.com\/","logo":{"@type":"ImageObject","inLanguage":"ca","@id":"https:\/\/www.ariasassessors.com\/#\/schema\/logo\/image\/","url":"https:\/\/www.ariasassessors.com\/wp-content\/uploads\/2019\/01\/arias-logo.png","contentUrl":"https:\/\/www.ariasassessors.com\/wp-content\/uploads\/2019\/01\/arias-logo.png","width":349,"height":254,"caption":"Arias Assessors"},"image":{"@id":"https:\/\/www.ariasassessors.com\/#\/schema\/logo\/image\/"},"sameAs":["https:\/\/www.facebook.com\/ariasassessors\/","https:\/\/x.com\/ariasassessors","https:\/\/www.linkedin.com\/company\/r&amp;amp;r-growing-knowledge\/"]},{"@type":"Person","@id":"https:\/\/www.ariasassessors.com\/#\/schema\/person\/63c6ad1775f0a9413c37932562673cef","name":"btorras","image":{"@type":"ImageObject","inLanguage":"ca","@id":"https:\/\/www.ariasassessors.com\/#\/schema\/person\/image\/","url":"https:\/\/secure.gravatar.com\/avatar\/0531db351fc361fdbfd204c58fa2d6a3?s=96&d=mm&r=g","contentUrl":"https:\/\/secure.gravatar.com\/avatar\/0531db351fc361fdbfd204c58fa2d6a3?s=96&d=mm&r=g","caption":"btorras"}}]}},"_links":{"self":[{"href":"https:\/\/www.ariasassessors.com\/ca\/wp-json\/wp\/v2\/posts\/3220","targetHints":{"allow":["GET"]}}],"collection":[{"href":"https:\/\/www.ariasassessors.com\/ca\/wp-json\/wp\/v2\/posts"}],"about":[{"href":"https:\/\/www.ariasassessors.com\/ca\/wp-json\/wp\/v2\/types\/post"}],"author":[{"embeddable":true,"href":"https:\/\/www.ariasassessors.com\/ca\/wp-json\/wp\/v2\/users\/2"}],"replies":[{"embeddable":true,"href":"https:\/\/www.ariasassessors.com\/ca\/wp-json\/wp\/v2\/comments?post=3220"}],"version-history":[{"count":1,"href":"https:\/\/www.ariasassessors.com\/ca\/wp-json\/wp\/v2\/posts\/3220\/revisions"}],"predecessor-version":[{"id":3221,"href":"https:\/\/www.ariasassessors.com\/ca\/wp-json\/wp\/v2\/posts\/3220\/revisions\/3221"}],"wp:featuredmedia":[{"embeddable":true,"href":"https:\/\/www.ariasassessors.com\/ca\/wp-json\/wp\/v2\/media\/3218"}],"wp:attachment":[{"href":"https:\/\/www.ariasassessors.com\/ca\/wp-json\/wp\/v2\/media?parent=3220"}],"wp:term":[{"taxonomy":"category","embeddable":true,"href":"https:\/\/www.ariasassessors.com\/ca\/wp-json\/wp\/v2\/categories?post=3220"},{"taxonomy":"post_tag","embeddable":true,"href":"https:\/\/www.ariasassessors.com\/ca\/wp-json\/wp\/v2\/tags?post=3220"}],"curies":[{"name":"wp","href":"https:\/\/api.w.org\/{rel}","templated":true}]}}