{"id":3249,"date":"2024-04-01T12:01:22","date_gmt":"2024-04-01T10:01:22","guid":{"rendered":"https:\/\/www.ariasassessors.com\/?p=3249"},"modified":"2024-04-03T12:02:26","modified_gmt":"2024-04-03T10:02:26","slug":"atur-per-a-autonoms","status":"publish","type":"post","link":"https:\/\/www.ariasassessors.com\/ca\/atur-per-a-autonoms\/","title":{"rendered":"Atur per a aut\u00f2noms"},"content":{"rendered":"<p>Recentment, a trav\u00e9s d&#8217;un comunicat em\u00e8s pel Poder Judicial el 2 de febrer de 2024, s&#8217;ha donat a con\u00e8ixer una resoluci\u00f3 del Jutjat de lo Social n\u00fam. 4 de Santander que marca un canvi significatiu en els requisits per accedir a la prestaci\u00f3 per cessament d&#8217;activitat per a aut\u00f2noms. En aquesta sent\u00e8ncia, s&#8217;estableix que no \u00e9s indispensable patir p\u00e8rdues del 10% per obtenir aquesta prestaci\u00f3, sin\u00f3 que bastar\u00e0 demostrar que els ingressos s\u00f3n tan baixos que impedeixen la continu\u00eftat del negoci. Aquest veredicte senta un precedent important en la interpretaci\u00f3 de la normativa laboral relacionada amb el cessament d&#8217;activitats per motius econ\u00f2mics, t\u00e8cnics, productius o organitzatius.<\/p>\n<p>En el cas en q\u00fcesti\u00f3, l&#8217;aut\u00f2nom va aturar la seva activitat comercial despr\u00e9s d&#8217;un per\u00edode d&#8217;ingressos insuficients, documentant guanys de 5.079 euros el 2021 i una disminuci\u00f3 a 1.543 euros el 2022. A m\u00e9s, es van argumentar problemes t\u00e8cnics, com la manca de cobertura de veu i dades, que van derivar en queixes i p\u00e8rdua de clientela. Tot aix\u00f2 es va sumar a un context empresarial desafiador, incloent-hi un advertiment de tancament del punt de venda per una baixa productivitat.<\/p>\n<p>Basant-se en aquestes circumst\u00e0ncies, el demandant va sol\u00b7licitar la prestaci\u00f3 argumentant que, tot i no haver patit p\u00e8rdues superiors al 10%, els ingressos obtinguts van ser tan limitats que van fer inviable continuar amb el negoci. Despr\u00e9s d&#8217;examinar la normativa vigent, que menciona una s\u00e8rie de situacions que justificarien l&#8217;obtenci\u00f3 de la prestaci\u00f3, incloses les p\u00e8rdues del 10%, el jutge va destacar que &#8220;la normativa requereix l&#8217;acreditaci\u00f3 de motius econ\u00f2mics, t\u00e8cnics, productius o organitzatius determinants de la inviabilitat de continuar amb l&#8217;activitat&#8221;.<\/p>\n<p>El jutge va afegir que la norma enumera casos en qu\u00e8 es comprendria autom\u00e0ticament la pres\u00e8ncia d&#8217;aquests motius que habiliten la prestaci\u00f3, per\u00f2 que aquesta llista no exclou la possibilitat que existeixin altres motius igualment v\u00e0lids. Per tant, la sent\u00e8ncia conclou que \u00e9s adequat estimar la demanda, ja que l&#8217;aut\u00f2nom &#8220;ha demostrat motius econ\u00f2mics, t\u00e8cnics i productius determinants de la inviabilitat de continuar amb l&#8217;activitat empresarial&#8221;.<\/p>\n<p>Aquesta sent\u00e8ncia obre la porta a una nova interpretaci\u00f3 dels requisits per accedir a la prestaci\u00f3 per cessament d&#8217;activitat per a aut\u00f2noms, permetent que aquells que experimentin situacions de viabilitat compromesa, encara que no es tradueixin en p\u00e8rdues estrictament quantificables, puguin ser considerats per rebre aquest suport financer. La sent\u00e8ncia, susceptible d&#8217;apel\u00b7laci\u00f3 davant la Sala de lo Social del Tribunal Superior de Just\u00edcia de Cant\u00e0bria, representa un precedent legal significatiu i un possible punt de refer\u00e8ncia per a casos futurs similars.<\/p>\n","protected":false},"excerpt":{"rendered":"<p>Recentment, a trav\u00e9s d&#8217;un comunicat em\u00e8s pel Poder Judicial el 2 de febrer de 2024, s&#8217;ha donat a con\u00e8ixer una resoluci\u00f3 del Jutjat de lo Social n\u00fam. 4 de Santander que marca un canvi significatiu en els requisits per accedir a la prestaci\u00f3 per cessament&#8230;<\/p>\n","protected":false},"author":2,"featured_media":3247,"comment_status":"open","ping_status":"open","sticky":false,"template":"","format":"standard","meta":{"footnotes":""},"categories":[4],"tags":[],"class_list":["post-3249","post","type-post","status-publish","format-standard","has-post-thumbnail","hentry","category-noticies"],"yoast_head":"<!-- This site is optimized with the Yoast SEO plugin v24.3 - https:\/\/yoast.com\/wordpress\/plugins\/seo\/ -->\n<title>Atur per a aut\u00f2noms | Arias Assessors<\/title>\n<meta name=\"description\" content=\"questa sent\u00e8ncia obre la porta a una nova interpretaci\u00f3 dels requisits per accedir a la prestaci\u00f3 per cessament d&#039;activitat per a aut\u00f2noms.\" \/>\n<meta name=\"robots\" content=\"index, follow, max-snippet:-1, max-image-preview:large, max-video-preview:-1\" \/>\n<link rel=\"canonical\" href=\"https:\/\/www.ariasassessors.com\/ca\/atur-per-a-autonoms\/\" \/>\n<meta property=\"og:locale\" content=\"ca_ES\" \/>\n<meta property=\"og:type\" content=\"article\" \/>\n<meta property=\"og:title\" content=\"Atur per a aut\u00f2noms | Arias Assessors\" \/>\n<meta property=\"og:description\" content=\"questa sent\u00e8ncia obre la porta a una nova interpretaci\u00f3 dels requisits per accedir a la prestaci\u00f3 per cessament d&#039;activitat per a aut\u00f2noms.\" \/>\n<meta property=\"og:url\" content=\"https:\/\/www.ariasassessors.com\/ca\/atur-per-a-autonoms\/\" \/>\n<meta property=\"og:site_name\" content=\"Arias Assessors\" \/>\n<meta property=\"article:publisher\" content=\"https:\/\/www.facebook.com\/ariasassessors\/\" \/>\n<meta property=\"article:published_time\" content=\"2024-04-01T10:01:22+00:00\" \/>\n<meta property=\"article:modified_time\" content=\"2024-04-03T10:02:26+00:00\" \/>\n<meta property=\"og:image\" content=\"https:\/\/www.ariasassessors.com\/wp-content\/uploads\/2024\/04\/template-filtro-azul.png\" \/>\n\t<meta property=\"og:image:width\" content=\"1000\" \/>\n\t<meta property=\"og:image:height\" content=\"667\" \/>\n\t<meta property=\"og:image:type\" content=\"image\/png\" \/>\n<meta name=\"author\" content=\"btorras\" \/>\n<meta name=\"twitter:card\" content=\"summary_large_image\" \/>\n<meta name=\"twitter:creator\" content=\"@ariasassessors\" \/>\n<meta name=\"twitter:site\" content=\"@ariasassessors\" \/>\n<meta name=\"twitter:label1\" content=\"Escrit per\" \/>\n\t<meta name=\"twitter:data1\" content=\"btorras\" \/>\n\t<meta name=\"twitter:label2\" content=\"Temps estimat de lectura\" \/>\n\t<meta name=\"twitter:data2\" content=\"2 minuts\" \/>\n<script type=\"application\/ld+json\" class=\"yoast-schema-graph\">{\"@context\":\"https:\/\/schema.org\",\"@graph\":[{\"@type\":\"Article\",\"@id\":\"https:\/\/www.ariasassessors.com\/ca\/atur-per-a-autonoms\/#article\",\"isPartOf\":{\"@id\":\"https:\/\/www.ariasassessors.com\/ca\/atur-per-a-autonoms\/\"},\"author\":{\"name\":\"btorras\",\"@id\":\"https:\/\/www.ariasassessors.com\/#\/schema\/person\/63c6ad1775f0a9413c37932562673cef\"},\"headline\":\"Atur per a aut\u00f2noms\",\"datePublished\":\"2024-04-01T10:01:22+00:00\",\"dateModified\":\"2024-04-03T10:02:26+00:00\",\"mainEntityOfPage\":{\"@id\":\"https:\/\/www.ariasassessors.com\/ca\/atur-per-a-autonoms\/\"},\"wordCount\":451,\"commentCount\":0,\"publisher\":{\"@id\":\"https:\/\/www.ariasassessors.com\/#organization\"},\"image\":{\"@id\":\"https:\/\/www.ariasassessors.com\/ca\/atur-per-a-autonoms\/#primaryimage\"},\"thumbnailUrl\":\"https:\/\/www.ariasassessors.com\/wp-content\/uploads\/2024\/04\/template-filtro-azul.png\",\"articleSection\":[\"noticies\"],\"inLanguage\":\"ca\",\"potentialAction\":[{\"@type\":\"CommentAction\",\"name\":\"Comment\",\"target\":[\"https:\/\/www.ariasassessors.com\/ca\/atur-per-a-autonoms\/#respond\"]}]},{\"@type\":\"WebPage\",\"@id\":\"https:\/\/www.ariasassessors.com\/ca\/atur-per-a-autonoms\/\",\"url\":\"https:\/\/www.ariasassessors.com\/ca\/atur-per-a-autonoms\/\",\"name\":\"Atur per a aut\u00f2noms | Arias Assessors\",\"isPartOf\":{\"@id\":\"https:\/\/www.ariasassessors.com\/#website\"},\"primaryImageOfPage\":{\"@id\":\"https:\/\/www.ariasassessors.com\/ca\/atur-per-a-autonoms\/#primaryimage\"},\"image\":{\"@id\":\"https:\/\/www.ariasassessors.com\/ca\/atur-per-a-autonoms\/#primaryimage\"},\"thumbnailUrl\":\"https:\/\/www.ariasassessors.com\/wp-content\/uploads\/2024\/04\/template-filtro-azul.png\",\"datePublished\":\"2024-04-01T10:01:22+00:00\",\"dateModified\":\"2024-04-03T10:02:26+00:00\",\"description\":\"questa sent\u00e8ncia obre la porta a una nova interpretaci\u00f3 dels requisits per accedir a la prestaci\u00f3 per cessament d'activitat per a aut\u00f2noms.\",\"breadcrumb\":{\"@id\":\"https:\/\/www.ariasassessors.com\/ca\/atur-per-a-autonoms\/#breadcrumb\"},\"inLanguage\":\"ca\",\"potentialAction\":[{\"@type\":\"ReadAction\",\"target\":[\"https:\/\/www.ariasassessors.com\/ca\/atur-per-a-autonoms\/\"]}]},{\"@type\":\"ImageObject\",\"inLanguage\":\"ca\",\"@id\":\"https:\/\/www.ariasassessors.com\/ca\/atur-per-a-autonoms\/#primaryimage\",\"url\":\"https:\/\/www.ariasassessors.com\/wp-content\/uploads\/2024\/04\/template-filtro-azul.png\",\"contentUrl\":\"https:\/\/www.ariasassessors.com\/wp-content\/uploads\/2024\/04\/template-filtro-azul.png\",\"width\":1000,\"height\":667,\"caption\":\"paro para aut\u00f3nomos\"},{\"@type\":\"BreadcrumbList\",\"@id\":\"https:\/\/www.ariasassessors.com\/ca\/atur-per-a-autonoms\/#breadcrumb\",\"itemListElement\":[{\"@type\":\"ListItem\",\"position\":1,\"name\":\"Portada\",\"item\":\"https:\/\/www.ariasassessors.com\/ca\/\"},{\"@type\":\"ListItem\",\"position\":2,\"name\":\"Atur per a aut\u00f2noms\"}]},{\"@type\":\"WebSite\",\"@id\":\"https:\/\/www.ariasassessors.com\/#website\",\"url\":\"https:\/\/www.ariasassessors.com\/\",\"name\":\"Arias Assessors\",\"description\":\"Asesor\u00eda para aut\u00f3nomos, profesionales y PYMES\",\"publisher\":{\"@id\":\"https:\/\/www.ariasassessors.com\/#organization\"},\"potentialAction\":[{\"@type\":\"SearchAction\",\"target\":{\"@type\":\"EntryPoint\",\"urlTemplate\":\"https:\/\/www.ariasassessors.com\/?s={search_term_string}\"},\"query-input\":{\"@type\":\"PropertyValueSpecification\",\"valueRequired\":true,\"valueName\":\"search_term_string\"}}],\"inLanguage\":\"ca\"},{\"@type\":\"Organization\",\"@id\":\"https:\/\/www.ariasassessors.com\/#organization\",\"name\":\"Arias Assessors\",\"url\":\"https:\/\/www.ariasassessors.com\/\",\"logo\":{\"@type\":\"ImageObject\",\"inLanguage\":\"ca\",\"@id\":\"https:\/\/www.ariasassessors.com\/#\/schema\/logo\/image\/\",\"url\":\"https:\/\/www.ariasassessors.com\/wp-content\/uploads\/2019\/01\/arias-logo.png\",\"contentUrl\":\"https:\/\/www.ariasassessors.com\/wp-content\/uploads\/2019\/01\/arias-logo.png\",\"width\":349,\"height\":254,\"caption\":\"Arias Assessors\"},\"image\":{\"@id\":\"https:\/\/www.ariasassessors.com\/#\/schema\/logo\/image\/\"},\"sameAs\":[\"https:\/\/www.facebook.com\/ariasassessors\/\",\"https:\/\/x.com\/ariasassessors\",\"https:\/\/www.linkedin.com\/company\/r&amp;amp;r-growing-knowledge\/\"]},{\"@type\":\"Person\",\"@id\":\"https:\/\/www.ariasassessors.com\/#\/schema\/person\/63c6ad1775f0a9413c37932562673cef\",\"name\":\"btorras\",\"image\":{\"@type\":\"ImageObject\",\"inLanguage\":\"ca\",\"@id\":\"https:\/\/www.ariasassessors.com\/#\/schema\/person\/image\/\",\"url\":\"https:\/\/secure.gravatar.com\/avatar\/0531db351fc361fdbfd204c58fa2d6a3?s=96&d=mm&r=g\",\"contentUrl\":\"https:\/\/secure.gravatar.com\/avatar\/0531db351fc361fdbfd204c58fa2d6a3?s=96&d=mm&r=g\",\"caption\":\"btorras\"}}]}<\/script>\n<!-- \/ Yoast SEO plugin. -->","yoast_head_json":{"title":"Atur per a aut\u00f2noms | Arias Assessors","description":"questa sent\u00e8ncia obre la porta a una nova interpretaci\u00f3 dels requisits per accedir a la prestaci\u00f3 per cessament d'activitat per a aut\u00f2noms.","robots":{"index":"index","follow":"follow","max-snippet":"max-snippet:-1","max-image-preview":"max-image-preview:large","max-video-preview":"max-video-preview:-1"},"canonical":"https:\/\/www.ariasassessors.com\/ca\/atur-per-a-autonoms\/","og_locale":"ca_ES","og_type":"article","og_title":"Atur per a aut\u00f2noms | Arias Assessors","og_description":"questa sent\u00e8ncia obre la porta a una nova interpretaci\u00f3 dels requisits per accedir a la prestaci\u00f3 per cessament d'activitat per a aut\u00f2noms.","og_url":"https:\/\/www.ariasassessors.com\/ca\/atur-per-a-autonoms\/","og_site_name":"Arias Assessors","article_publisher":"https:\/\/www.facebook.com\/ariasassessors\/","article_published_time":"2024-04-01T10:01:22+00:00","article_modified_time":"2024-04-03T10:02:26+00:00","og_image":[{"width":1000,"height":667,"url":"https:\/\/www.ariasassessors.com\/wp-content\/uploads\/2024\/04\/template-filtro-azul.png","type":"image\/png"}],"author":"btorras","twitter_card":"summary_large_image","twitter_creator":"@ariasassessors","twitter_site":"@ariasassessors","twitter_misc":{"Escrit per":"btorras","Temps estimat de lectura":"2 minuts"},"schema":{"@context":"https:\/\/schema.org","@graph":[{"@type":"Article","@id":"https:\/\/www.ariasassessors.com\/ca\/atur-per-a-autonoms\/#article","isPartOf":{"@id":"https:\/\/www.ariasassessors.com\/ca\/atur-per-a-autonoms\/"},"author":{"name":"btorras","@id":"https:\/\/www.ariasassessors.com\/#\/schema\/person\/63c6ad1775f0a9413c37932562673cef"},"headline":"Atur per a aut\u00f2noms","datePublished":"2024-04-01T10:01:22+00:00","dateModified":"2024-04-03T10:02:26+00:00","mainEntityOfPage":{"@id":"https:\/\/www.ariasassessors.com\/ca\/atur-per-a-autonoms\/"},"wordCount":451,"commentCount":0,"publisher":{"@id":"https:\/\/www.ariasassessors.com\/#organization"},"image":{"@id":"https:\/\/www.ariasassessors.com\/ca\/atur-per-a-autonoms\/#primaryimage"},"thumbnailUrl":"https:\/\/www.ariasassessors.com\/wp-content\/uploads\/2024\/04\/template-filtro-azul.png","articleSection":["noticies"],"inLanguage":"ca","potentialAction":[{"@type":"CommentAction","name":"Comment","target":["https:\/\/www.ariasassessors.com\/ca\/atur-per-a-autonoms\/#respond"]}]},{"@type":"WebPage","@id":"https:\/\/www.ariasassessors.com\/ca\/atur-per-a-autonoms\/","url":"https:\/\/www.ariasassessors.com\/ca\/atur-per-a-autonoms\/","name":"Atur per a aut\u00f2noms | Arias Assessors","isPartOf":{"@id":"https:\/\/www.ariasassessors.com\/#website"},"primaryImageOfPage":{"@id":"https:\/\/www.ariasassessors.com\/ca\/atur-per-a-autonoms\/#primaryimage"},"image":{"@id":"https:\/\/www.ariasassessors.com\/ca\/atur-per-a-autonoms\/#primaryimage"},"thumbnailUrl":"https:\/\/www.ariasassessors.com\/wp-content\/uploads\/2024\/04\/template-filtro-azul.png","datePublished":"2024-04-01T10:01:22+00:00","dateModified":"2024-04-03T10:02:26+00:00","description":"questa sent\u00e8ncia obre la porta a una nova interpretaci\u00f3 dels requisits per accedir a la prestaci\u00f3 per cessament d'activitat per a aut\u00f2noms.","breadcrumb":{"@id":"https:\/\/www.ariasassessors.com\/ca\/atur-per-a-autonoms\/#breadcrumb"},"inLanguage":"ca","potentialAction":[{"@type":"ReadAction","target":["https:\/\/www.ariasassessors.com\/ca\/atur-per-a-autonoms\/"]}]},{"@type":"ImageObject","inLanguage":"ca","@id":"https:\/\/www.ariasassessors.com\/ca\/atur-per-a-autonoms\/#primaryimage","url":"https:\/\/www.ariasassessors.com\/wp-content\/uploads\/2024\/04\/template-filtro-azul.png","contentUrl":"https:\/\/www.ariasassessors.com\/wp-content\/uploads\/2024\/04\/template-filtro-azul.png","width":1000,"height":667,"caption":"paro para aut\u00f3nomos"},{"@type":"BreadcrumbList","@id":"https:\/\/www.ariasassessors.com\/ca\/atur-per-a-autonoms\/#breadcrumb","itemListElement":[{"@type":"ListItem","position":1,"name":"Portada","item":"https:\/\/www.ariasassessors.com\/ca\/"},{"@type":"ListItem","position":2,"name":"Atur per a aut\u00f2noms"}]},{"@type":"WebSite","@id":"https:\/\/www.ariasassessors.com\/#website","url":"https:\/\/www.ariasassessors.com\/","name":"Arias Assessors","description":"Asesor\u00eda para aut\u00f3nomos, profesionales y PYMES","publisher":{"@id":"https:\/\/www.ariasassessors.com\/#organization"},"potentialAction":[{"@type":"SearchAction","target":{"@type":"EntryPoint","urlTemplate":"https:\/\/www.ariasassessors.com\/?s={search_term_string}"},"query-input":{"@type":"PropertyValueSpecification","valueRequired":true,"valueName":"search_term_string"}}],"inLanguage":"ca"},{"@type":"Organization","@id":"https:\/\/www.ariasassessors.com\/#organization","name":"Arias Assessors","url":"https:\/\/www.ariasassessors.com\/","logo":{"@type":"ImageObject","inLanguage":"ca","@id":"https:\/\/www.ariasassessors.com\/#\/schema\/logo\/image\/","url":"https:\/\/www.ariasassessors.com\/wp-content\/uploads\/2019\/01\/arias-logo.png","contentUrl":"https:\/\/www.ariasassessors.com\/wp-content\/uploads\/2019\/01\/arias-logo.png","width":349,"height":254,"caption":"Arias Assessors"},"image":{"@id":"https:\/\/www.ariasassessors.com\/#\/schema\/logo\/image\/"},"sameAs":["https:\/\/www.facebook.com\/ariasassessors\/","https:\/\/x.com\/ariasassessors","https:\/\/www.linkedin.com\/company\/r&amp;amp;r-growing-knowledge\/"]},{"@type":"Person","@id":"https:\/\/www.ariasassessors.com\/#\/schema\/person\/63c6ad1775f0a9413c37932562673cef","name":"btorras","image":{"@type":"ImageObject","inLanguage":"ca","@id":"https:\/\/www.ariasassessors.com\/#\/schema\/person\/image\/","url":"https:\/\/secure.gravatar.com\/avatar\/0531db351fc361fdbfd204c58fa2d6a3?s=96&d=mm&r=g","contentUrl":"https:\/\/secure.gravatar.com\/avatar\/0531db351fc361fdbfd204c58fa2d6a3?s=96&d=mm&r=g","caption":"btorras"}}]}},"_links":{"self":[{"href":"https:\/\/www.ariasassessors.com\/ca\/wp-json\/wp\/v2\/posts\/3249","targetHints":{"allow":["GET"]}}],"collection":[{"href":"https:\/\/www.ariasassessors.com\/ca\/wp-json\/wp\/v2\/posts"}],"about":[{"href":"https:\/\/www.ariasassessors.com\/ca\/wp-json\/wp\/v2\/types\/post"}],"author":[{"embeddable":true,"href":"https:\/\/www.ariasassessors.com\/ca\/wp-json\/wp\/v2\/users\/2"}],"replies":[{"embeddable":true,"href":"https:\/\/www.ariasassessors.com\/ca\/wp-json\/wp\/v2\/comments?post=3249"}],"version-history":[{"count":1,"href":"https:\/\/www.ariasassessors.com\/ca\/wp-json\/wp\/v2\/posts\/3249\/revisions"}],"predecessor-version":[{"id":3250,"href":"https:\/\/www.ariasassessors.com\/ca\/wp-json\/wp\/v2\/posts\/3249\/revisions\/3250"}],"wp:featuredmedia":[{"embeddable":true,"href":"https:\/\/www.ariasassessors.com\/ca\/wp-json\/wp\/v2\/media\/3247"}],"wp:attachment":[{"href":"https:\/\/www.ariasassessors.com\/ca\/wp-json\/wp\/v2\/media?parent=3249"}],"wp:term":[{"taxonomy":"category","embeddable":true,"href":"https:\/\/www.ariasassessors.com\/ca\/wp-json\/wp\/v2\/categories?post=3249"},{"taxonomy":"post_tag","embeddable":true,"href":"https:\/\/www.ariasassessors.com\/ca\/wp-json\/wp\/v2\/tags?post=3249"}],"curies":[{"name":"wp","href":"https:\/\/api.w.org\/{rel}","templated":true}]}}