{"id":3257,"date":"2024-04-08T13:11:29","date_gmt":"2024-04-08T11:11:29","guid":{"rendered":"https:\/\/www.ariasassessors.com\/?p=3257"},"modified":"2024-04-08T13:11:29","modified_gmt":"2024-04-08T11:11:29","slug":"canvis-importants-en-el-permis-per-malaltia-de-familiars","status":"publish","type":"post","link":"https:\/\/www.ariasassessors.com\/ca\/canvis-importants-en-el-permis-per-malaltia-de-familiars\/","title":{"rendered":"Canvis importants en el perm\u00eds per malaltia de familiars."},"content":{"rendered":"<p>La recent sent\u00e8ncia de l&#8217;Audi\u00e8ncia Nacional n.\u00ba 9\/2024, emesa el 25 de gener de 2024, ha tingut un impacte significatiu en els permisos per malaltia, accident o hospitalitzaci\u00f3 de familiars propers. Aquests permisos, inclosos en les modificacions introdu\u00efdes pel Reial decret llei 5\/2023, de 28 de juny, sobre l&#8217;article 37 de l&#8217;Estatut dels Treballadors (ET), han estat objecte de clarificaci\u00f3 en quant a la seva comptabilitzaci\u00f3.<\/p>\n<div id=\"ez-toc-container\" class=\"ez-toc-v2_0_72 counter-hierarchy ez-toc-counter ez-toc-grey ez-toc-container-direction\">\n<div class=\"ez-toc-title-container\">\n<p class=\"ez-toc-title\" style=\"cursor:inherit\">\u00cdndice de Contenidos<\/p>\n<span class=\"ez-toc-title-toggle\"><a href=\"#\" class=\"ez-toc-pull-right ez-toc-btn ez-toc-btn-xs ez-toc-btn-default ez-toc-toggle\" aria-label=\"Toggle Table of Content\"><span class=\"ez-toc-js-icon-con\"><span class=\"\"><span class=\"eztoc-hide\" style=\"display:none;\">Toggle<\/span><span class=\"ez-toc-icon-toggle-span\"><svg style=\"fill: #428bca;color:#428bca\" xmlns=\"http:\/\/www.w3.org\/2000\/svg\" class=\"list-377408\" width=\"20px\" height=\"20px\" viewBox=\"0 0 24 24\" fill=\"none\"><path d=\"M6 6H4v2h2V6zm14 0H8v2h12V6zM4 11h2v2H4v-2zm16 0H8v2h12v-2zM4 16h2v2H4v-2zm16 0H8v2h12v-2z\" fill=\"currentColor\"><\/path><\/svg><svg style=\"fill: #428bca;color:#428bca\" class=\"arrow-unsorted-368013\" xmlns=\"http:\/\/www.w3.org\/2000\/svg\" width=\"10px\" height=\"10px\" viewBox=\"0 0 24 24\" version=\"1.2\" baseProfile=\"tiny\"><path d=\"M18.2 9.3l-6.2-6.3-6.2 6.3c-.2.2-.3.4-.3.7s.1.5.3.7c.2.2.4.3.7.3h11c.3 0 .5-.1.7-.3.2-.2.3-.5.3-.7s-.1-.5-.3-.7zM5.8 14.7l6.2 6.3 6.2-6.3c.2-.2.3-.5.3-.7s-.1-.5-.3-.7c-.2-.2-.4-.3-.7-.3h-11c-.3 0-.5.1-.7.3-.2.2-.3.5-.3.7s.1.5.3.7z\"\/><\/svg><\/span><\/span><\/span><\/a><\/span><\/div>\n<nav><ul class='ez-toc-list ez-toc-list-level-1 eztoc-toggle-hide-by-default' ><li class='ez-toc-page-1 ez-toc-heading-level-2'><a class=\"ez-toc-link ez-toc-heading-1\" href=\"https:\/\/www.ariasassessors.com\/ca\/canvis-importants-en-el-permis-per-malaltia-de-familiars\/#Detalls_Clau_de_la_Sentencia\" title=\"Detalls Clau de la Sent\u00e8ncia\">Detalls Clau de la Sent\u00e8ncia<\/a><\/li><li class='ez-toc-page-1 ez-toc-heading-level-2'><a class=\"ez-toc-link ez-toc-heading-2\" href=\"https:\/\/www.ariasassessors.com\/ca\/canvis-importants-en-el-permis-per-malaltia-de-familiars\/#Ampliacio_del_Permis\" title=\"Ampliaci\u00f3 del Perm\u00eds\">Ampliaci\u00f3 del Perm\u00eds<\/a><\/li><\/ul><\/nav><\/div>\n<h2><span class=\"ez-toc-section\" id=\"Detalls_Clau_de_la_Sentencia\"><\/span>Detalls Clau de la Sent\u00e8ncia<span class=\"ez-toc-section-end\"><\/span><\/h2>\n<p>El veredicte estableix que els cinc dies de perm\u00eds per malaltia, accident o hospitalitzaci\u00f3 de familiars no han d&#8217;incloure caps de setmana ni festius, sin\u00f3 que han de considerar-se dies H\u00c0BILS i no naturals. Aquesta interpretaci\u00f3 \u00e9s crucial per entendre l&#8217;extensi\u00f3 i la naturalesa real d&#8217;aquests permisos, que no nom\u00e9s afecten la jornada laboral sin\u00f3 que tamb\u00e9 tenen implicacions importants per a la igualtat de g\u00e8nere en l&#8217;\u00e0mbit laboral i familiar.<\/p>\n<p>Mar\u00eda Eugenia Moreno, l&#8217;advocada darrere d&#8217;aquesta exitosa sent\u00e8ncia, destaca que el perm\u00eds va m\u00e9s enll\u00e0 de la mera hospitalitzaci\u00f3 i s&#8217;orienta cap a un suport a les responsabilitats de cura, que hist\u00f2ricament han recaigut principalment en les dones. Amb aquesta mesura, es busca redistribuir de manera m\u00e9s equitativa aquestes responsabilitats entre homes i dones.<\/p>\n<p>La rellev\u00e0ncia d&#8217;aquesta sent\u00e8ncia rau en el seu establiment de jurisprud\u00e8ncia i la seva aplicaci\u00f3 a totes les empreses del pa\u00eds, independentment del sector en qu\u00e8 operin o dels termes espec\u00edfics dels seus convenis col\u00b7lectius. Es considera que les disposicions anteriors del conveni col\u00b7lectiu, que comptaven els dies de perm\u00eds com a naturals, s\u00f3n contr\u00e0ries a la legislaci\u00f3 europea i a l&#8217;Estatut dels Treballadors espanyol.<\/p>\n<h2><span class=\"ez-toc-section\" id=\"Ampliacio_del_Permis\"><\/span>Ampliaci\u00f3 del Perm\u00eds<span class=\"ez-toc-section-end\"><\/span><\/h2>\n<p>\u00c9s important destacar que l&#8217;autoritzaci\u00f3 per a aquests dies de perm\u00eds no es limita \u00fanicament al c\u00f2njuge o parella, sin\u00f3 que s&#8217;est\u00e9n tamb\u00e9 als familiars fins al segon grau de consanguinitat, aix\u00ed com a qualsevol persona que convisqui amb el treballador en el seu domicili i que necessiti atenci\u00f3 i cura.<\/p>\n<p>La sent\u00e8ncia emesa per l&#8217;Audi\u00e8ncia Nacional representa un pas endavant en la clarificaci\u00f3 dels permisos per malaltia, accident o hospitalitzaci\u00f3 de familiars. A m\u00e9s d&#8217;establir una base legal s\u00f2lida, aquesta decisi\u00f3 reflecteix un canvi important en la interpretaci\u00f3 de la normativa laboral en l\u00ednia amb les demandes d&#8217;igualtat de g\u00e8nere i les necessitats socials contempor\u00e0nies.<\/p>\n<p>Per a m\u00e9s informaci\u00f3 sobre com aquesta sent\u00e8ncia pot afectar la teva empresa o els teus drets com a treballador, no dubtis en posar-te en contacte amb nosaltres a Arias Assessors.<\/p>\n","protected":false},"excerpt":{"rendered":"<p>La recent sent\u00e8ncia de l&#8217;Audi\u00e8ncia Nacional n.\u00ba 9\/2024, emesa el 25 de gener de 2024, ha tingut un impacte significatiu en els permisos per malaltia, accident o hospitalitzaci\u00f3 de familiars propers. Aquests permisos, inclosos en les modificacions introdu\u00efdes pel Reial decret llei 5\/2023, de 28&#8230;<\/p>\n","protected":false},"author":2,"featured_media":3255,"comment_status":"open","ping_status":"open","sticky":false,"template":"","format":"standard","meta":{"footnotes":""},"categories":[4],"tags":[],"class_list":["post-3257","post","type-post","status-publish","format-standard","has-post-thumbnail","hentry","category-noticies"],"yoast_head":"<!-- This site is optimized with the Yoast SEO plugin v24.3 - https:\/\/yoast.com\/wordpress\/plugins\/seo\/ -->\n<title>Permis per malaltia de familiars Arias Assessors<\/title>\n<meta name=\"description\" content=\"La sent\u00e8ncia emesa per l&#039;Audi\u00e8ncia Nacional representa un pas endavant en la clarificaci\u00f3 dels permisos per malaltia.\" \/>\n<meta name=\"robots\" content=\"index, follow, max-snippet:-1, max-image-preview:large, max-video-preview:-1\" \/>\n<link rel=\"canonical\" href=\"https:\/\/www.ariasassessors.com\/ca\/canvis-importants-en-el-permis-per-malaltia-de-familiars\/\" \/>\n<meta property=\"og:locale\" content=\"ca_ES\" \/>\n<meta property=\"og:type\" content=\"article\" \/>\n<meta property=\"og:title\" content=\"Permis per malaltia de familiars Arias Assessors\" \/>\n<meta property=\"og:description\" content=\"La sent\u00e8ncia emesa per l&#039;Audi\u00e8ncia Nacional representa un pas endavant en la clarificaci\u00f3 dels permisos per malaltia.\" \/>\n<meta property=\"og:url\" content=\"https:\/\/www.ariasassessors.com\/ca\/canvis-importants-en-el-permis-per-malaltia-de-familiars\/\" \/>\n<meta property=\"og:site_name\" content=\"Arias Assessors\" \/>\n<meta property=\"article:publisher\" content=\"https:\/\/www.facebook.com\/ariasassessors\/\" \/>\n<meta property=\"article:published_time\" content=\"2024-04-08T11:11:29+00:00\" \/>\n<meta property=\"og:image\" content=\"https:\/\/www.ariasassessors.com\/wp-content\/uploads\/2024\/04\/template-filtro-azul-abril-2.png\" \/>\n\t<meta property=\"og:image:width\" content=\"1000\" \/>\n\t<meta property=\"og:image:height\" content=\"667\" \/>\n\t<meta property=\"og:image:type\" content=\"image\/png\" \/>\n<meta name=\"author\" content=\"btorras\" \/>\n<meta name=\"twitter:card\" content=\"summary_large_image\" \/>\n<meta name=\"twitter:creator\" content=\"@ariasassessors\" \/>\n<meta name=\"twitter:site\" content=\"@ariasassessors\" \/>\n<meta name=\"twitter:label1\" content=\"Escrit per\" \/>\n\t<meta name=\"twitter:data1\" content=\"btorras\" \/>\n\t<meta name=\"twitter:label2\" content=\"Temps estimat de lectura\" \/>\n\t<meta name=\"twitter:data2\" content=\"2 minuts\" \/>\n<script type=\"application\/ld+json\" class=\"yoast-schema-graph\">{\"@context\":\"https:\/\/schema.org\",\"@graph\":[{\"@type\":\"Article\",\"@id\":\"https:\/\/www.ariasassessors.com\/ca\/canvis-importants-en-el-permis-per-malaltia-de-familiars\/#article\",\"isPartOf\":{\"@id\":\"https:\/\/www.ariasassessors.com\/ca\/canvis-importants-en-el-permis-per-malaltia-de-familiars\/\"},\"author\":{\"name\":\"btorras\",\"@id\":\"https:\/\/www.ariasassessors.com\/#\/schema\/person\/63c6ad1775f0a9413c37932562673cef\"},\"headline\":\"Canvis importants en el perm\u00eds per malaltia de familiars.\",\"datePublished\":\"2024-04-08T11:11:29+00:00\",\"dateModified\":\"2024-04-08T11:11:29+00:00\",\"mainEntityOfPage\":{\"@id\":\"https:\/\/www.ariasassessors.com\/ca\/canvis-importants-en-el-permis-per-malaltia-de-familiars\/\"},\"wordCount\":443,\"commentCount\":0,\"publisher\":{\"@id\":\"https:\/\/www.ariasassessors.com\/#organization\"},\"image\":{\"@id\":\"https:\/\/www.ariasassessors.com\/ca\/canvis-importants-en-el-permis-per-malaltia-de-familiars\/#primaryimage\"},\"thumbnailUrl\":\"https:\/\/www.ariasassessors.com\/wp-content\/uploads\/2024\/04\/template-filtro-azul-abril-2.png\",\"articleSection\":[\"noticies\"],\"inLanguage\":\"ca\",\"potentialAction\":[{\"@type\":\"CommentAction\",\"name\":\"Comment\",\"target\":[\"https:\/\/www.ariasassessors.com\/ca\/canvis-importants-en-el-permis-per-malaltia-de-familiars\/#respond\"]}]},{\"@type\":\"WebPage\",\"@id\":\"https:\/\/www.ariasassessors.com\/ca\/canvis-importants-en-el-permis-per-malaltia-de-familiars\/\",\"url\":\"https:\/\/www.ariasassessors.com\/ca\/canvis-importants-en-el-permis-per-malaltia-de-familiars\/\",\"name\":\"Permis per malaltia de familiars Arias Assessors\",\"isPartOf\":{\"@id\":\"https:\/\/www.ariasassessors.com\/#website\"},\"primaryImageOfPage\":{\"@id\":\"https:\/\/www.ariasassessors.com\/ca\/canvis-importants-en-el-permis-per-malaltia-de-familiars\/#primaryimage\"},\"image\":{\"@id\":\"https:\/\/www.ariasassessors.com\/ca\/canvis-importants-en-el-permis-per-malaltia-de-familiars\/#primaryimage\"},\"thumbnailUrl\":\"https:\/\/www.ariasassessors.com\/wp-content\/uploads\/2024\/04\/template-filtro-azul-abril-2.png\",\"datePublished\":\"2024-04-08T11:11:29+00:00\",\"dateModified\":\"2024-04-08T11:11:29+00:00\",\"description\":\"La sent\u00e8ncia emesa per l'Audi\u00e8ncia Nacional representa un pas endavant en la clarificaci\u00f3 dels permisos per malaltia.\",\"breadcrumb\":{\"@id\":\"https:\/\/www.ariasassessors.com\/ca\/canvis-importants-en-el-permis-per-malaltia-de-familiars\/#breadcrumb\"},\"inLanguage\":\"ca\",\"potentialAction\":[{\"@type\":\"ReadAction\",\"target\":[\"https:\/\/www.ariasassessors.com\/ca\/canvis-importants-en-el-permis-per-malaltia-de-familiars\/\"]}]},{\"@type\":\"ImageObject\",\"inLanguage\":\"ca\",\"@id\":\"https:\/\/www.ariasassessors.com\/ca\/canvis-importants-en-el-permis-per-malaltia-de-familiars\/#primaryimage\",\"url\":\"https:\/\/www.ariasassessors.com\/wp-content\/uploads\/2024\/04\/template-filtro-azul-abril-2.png\",\"contentUrl\":\"https:\/\/www.ariasassessors.com\/wp-content\/uploads\/2024\/04\/template-filtro-azul-abril-2.png\",\"width\":1000,\"height\":667,\"caption\":\"permiso enfermedad\"},{\"@type\":\"BreadcrumbList\",\"@id\":\"https:\/\/www.ariasassessors.com\/ca\/canvis-importants-en-el-permis-per-malaltia-de-familiars\/#breadcrumb\",\"itemListElement\":[{\"@type\":\"ListItem\",\"position\":1,\"name\":\"Portada\",\"item\":\"https:\/\/www.ariasassessors.com\/ca\/\"},{\"@type\":\"ListItem\",\"position\":2,\"name\":\"Canvis importants en el perm\u00eds per malaltia de familiars.\"}]},{\"@type\":\"WebSite\",\"@id\":\"https:\/\/www.ariasassessors.com\/#website\",\"url\":\"https:\/\/www.ariasassessors.com\/\",\"name\":\"Arias Assessors\",\"description\":\"Asesor\u00eda para aut\u00f3nomos, profesionales y PYMES\",\"publisher\":{\"@id\":\"https:\/\/www.ariasassessors.com\/#organization\"},\"potentialAction\":[{\"@type\":\"SearchAction\",\"target\":{\"@type\":\"EntryPoint\",\"urlTemplate\":\"https:\/\/www.ariasassessors.com\/?s={search_term_string}\"},\"query-input\":{\"@type\":\"PropertyValueSpecification\",\"valueRequired\":true,\"valueName\":\"search_term_string\"}}],\"inLanguage\":\"ca\"},{\"@type\":\"Organization\",\"@id\":\"https:\/\/www.ariasassessors.com\/#organization\",\"name\":\"Arias Assessors\",\"url\":\"https:\/\/www.ariasassessors.com\/\",\"logo\":{\"@type\":\"ImageObject\",\"inLanguage\":\"ca\",\"@id\":\"https:\/\/www.ariasassessors.com\/#\/schema\/logo\/image\/\",\"url\":\"https:\/\/www.ariasassessors.com\/wp-content\/uploads\/2019\/01\/arias-logo.png\",\"contentUrl\":\"https:\/\/www.ariasassessors.com\/wp-content\/uploads\/2019\/01\/arias-logo.png\",\"width\":349,\"height\":254,\"caption\":\"Arias Assessors\"},\"image\":{\"@id\":\"https:\/\/www.ariasassessors.com\/#\/schema\/logo\/image\/\"},\"sameAs\":[\"https:\/\/www.facebook.com\/ariasassessors\/\",\"https:\/\/x.com\/ariasassessors\",\"https:\/\/www.linkedin.com\/company\/r&amp;amp;r-growing-knowledge\/\"]},{\"@type\":\"Person\",\"@id\":\"https:\/\/www.ariasassessors.com\/#\/schema\/person\/63c6ad1775f0a9413c37932562673cef\",\"name\":\"btorras\",\"image\":{\"@type\":\"ImageObject\",\"inLanguage\":\"ca\",\"@id\":\"https:\/\/www.ariasassessors.com\/#\/schema\/person\/image\/\",\"url\":\"https:\/\/secure.gravatar.com\/avatar\/0531db351fc361fdbfd204c58fa2d6a3?s=96&d=mm&r=g\",\"contentUrl\":\"https:\/\/secure.gravatar.com\/avatar\/0531db351fc361fdbfd204c58fa2d6a3?s=96&d=mm&r=g\",\"caption\":\"btorras\"}}]}<\/script>\n<!-- \/ Yoast SEO plugin. -->","yoast_head_json":{"title":"Permis per malaltia de familiars Arias Assessors","description":"La sent\u00e8ncia emesa per l'Audi\u00e8ncia Nacional representa un pas endavant en la clarificaci\u00f3 dels permisos per malaltia.","robots":{"index":"index","follow":"follow","max-snippet":"max-snippet:-1","max-image-preview":"max-image-preview:large","max-video-preview":"max-video-preview:-1"},"canonical":"https:\/\/www.ariasassessors.com\/ca\/canvis-importants-en-el-permis-per-malaltia-de-familiars\/","og_locale":"ca_ES","og_type":"article","og_title":"Permis per malaltia de familiars Arias Assessors","og_description":"La sent\u00e8ncia emesa per l'Audi\u00e8ncia Nacional representa un pas endavant en la clarificaci\u00f3 dels permisos per malaltia.","og_url":"https:\/\/www.ariasassessors.com\/ca\/canvis-importants-en-el-permis-per-malaltia-de-familiars\/","og_site_name":"Arias Assessors","article_publisher":"https:\/\/www.facebook.com\/ariasassessors\/","article_published_time":"2024-04-08T11:11:29+00:00","og_image":[{"width":1000,"height":667,"url":"https:\/\/www.ariasassessors.com\/wp-content\/uploads\/2024\/04\/template-filtro-azul-abril-2.png","type":"image\/png"}],"author":"btorras","twitter_card":"summary_large_image","twitter_creator":"@ariasassessors","twitter_site":"@ariasassessors","twitter_misc":{"Escrit per":"btorras","Temps estimat de lectura":"2 minuts"},"schema":{"@context":"https:\/\/schema.org","@graph":[{"@type":"Article","@id":"https:\/\/www.ariasassessors.com\/ca\/canvis-importants-en-el-permis-per-malaltia-de-familiars\/#article","isPartOf":{"@id":"https:\/\/www.ariasassessors.com\/ca\/canvis-importants-en-el-permis-per-malaltia-de-familiars\/"},"author":{"name":"btorras","@id":"https:\/\/www.ariasassessors.com\/#\/schema\/person\/63c6ad1775f0a9413c37932562673cef"},"headline":"Canvis importants en el perm\u00eds per malaltia de familiars.","datePublished":"2024-04-08T11:11:29+00:00","dateModified":"2024-04-08T11:11:29+00:00","mainEntityOfPage":{"@id":"https:\/\/www.ariasassessors.com\/ca\/canvis-importants-en-el-permis-per-malaltia-de-familiars\/"},"wordCount":443,"commentCount":0,"publisher":{"@id":"https:\/\/www.ariasassessors.com\/#organization"},"image":{"@id":"https:\/\/www.ariasassessors.com\/ca\/canvis-importants-en-el-permis-per-malaltia-de-familiars\/#primaryimage"},"thumbnailUrl":"https:\/\/www.ariasassessors.com\/wp-content\/uploads\/2024\/04\/template-filtro-azul-abril-2.png","articleSection":["noticies"],"inLanguage":"ca","potentialAction":[{"@type":"CommentAction","name":"Comment","target":["https:\/\/www.ariasassessors.com\/ca\/canvis-importants-en-el-permis-per-malaltia-de-familiars\/#respond"]}]},{"@type":"WebPage","@id":"https:\/\/www.ariasassessors.com\/ca\/canvis-importants-en-el-permis-per-malaltia-de-familiars\/","url":"https:\/\/www.ariasassessors.com\/ca\/canvis-importants-en-el-permis-per-malaltia-de-familiars\/","name":"Permis per malaltia de familiars Arias Assessors","isPartOf":{"@id":"https:\/\/www.ariasassessors.com\/#website"},"primaryImageOfPage":{"@id":"https:\/\/www.ariasassessors.com\/ca\/canvis-importants-en-el-permis-per-malaltia-de-familiars\/#primaryimage"},"image":{"@id":"https:\/\/www.ariasassessors.com\/ca\/canvis-importants-en-el-permis-per-malaltia-de-familiars\/#primaryimage"},"thumbnailUrl":"https:\/\/www.ariasassessors.com\/wp-content\/uploads\/2024\/04\/template-filtro-azul-abril-2.png","datePublished":"2024-04-08T11:11:29+00:00","dateModified":"2024-04-08T11:11:29+00:00","description":"La sent\u00e8ncia emesa per l'Audi\u00e8ncia Nacional representa un pas endavant en la clarificaci\u00f3 dels permisos per malaltia.","breadcrumb":{"@id":"https:\/\/www.ariasassessors.com\/ca\/canvis-importants-en-el-permis-per-malaltia-de-familiars\/#breadcrumb"},"inLanguage":"ca","potentialAction":[{"@type":"ReadAction","target":["https:\/\/www.ariasassessors.com\/ca\/canvis-importants-en-el-permis-per-malaltia-de-familiars\/"]}]},{"@type":"ImageObject","inLanguage":"ca","@id":"https:\/\/www.ariasassessors.com\/ca\/canvis-importants-en-el-permis-per-malaltia-de-familiars\/#primaryimage","url":"https:\/\/www.ariasassessors.com\/wp-content\/uploads\/2024\/04\/template-filtro-azul-abril-2.png","contentUrl":"https:\/\/www.ariasassessors.com\/wp-content\/uploads\/2024\/04\/template-filtro-azul-abril-2.png","width":1000,"height":667,"caption":"permiso enfermedad"},{"@type":"BreadcrumbList","@id":"https:\/\/www.ariasassessors.com\/ca\/canvis-importants-en-el-permis-per-malaltia-de-familiars\/#breadcrumb","itemListElement":[{"@type":"ListItem","position":1,"name":"Portada","item":"https:\/\/www.ariasassessors.com\/ca\/"},{"@type":"ListItem","position":2,"name":"Canvis importants en el perm\u00eds per malaltia de familiars."}]},{"@type":"WebSite","@id":"https:\/\/www.ariasassessors.com\/#website","url":"https:\/\/www.ariasassessors.com\/","name":"Arias Assessors","description":"Asesor\u00eda para aut\u00f3nomos, profesionales y PYMES","publisher":{"@id":"https:\/\/www.ariasassessors.com\/#organization"},"potentialAction":[{"@type":"SearchAction","target":{"@type":"EntryPoint","urlTemplate":"https:\/\/www.ariasassessors.com\/?s={search_term_string}"},"query-input":{"@type":"PropertyValueSpecification","valueRequired":true,"valueName":"search_term_string"}}],"inLanguage":"ca"},{"@type":"Organization","@id":"https:\/\/www.ariasassessors.com\/#organization","name":"Arias Assessors","url":"https:\/\/www.ariasassessors.com\/","logo":{"@type":"ImageObject","inLanguage":"ca","@id":"https:\/\/www.ariasassessors.com\/#\/schema\/logo\/image\/","url":"https:\/\/www.ariasassessors.com\/wp-content\/uploads\/2019\/01\/arias-logo.png","contentUrl":"https:\/\/www.ariasassessors.com\/wp-content\/uploads\/2019\/01\/arias-logo.png","width":349,"height":254,"caption":"Arias Assessors"},"image":{"@id":"https:\/\/www.ariasassessors.com\/#\/schema\/logo\/image\/"},"sameAs":["https:\/\/www.facebook.com\/ariasassessors\/","https:\/\/x.com\/ariasassessors","https:\/\/www.linkedin.com\/company\/r&amp;amp;r-growing-knowledge\/"]},{"@type":"Person","@id":"https:\/\/www.ariasassessors.com\/#\/schema\/person\/63c6ad1775f0a9413c37932562673cef","name":"btorras","image":{"@type":"ImageObject","inLanguage":"ca","@id":"https:\/\/www.ariasassessors.com\/#\/schema\/person\/image\/","url":"https:\/\/secure.gravatar.com\/avatar\/0531db351fc361fdbfd204c58fa2d6a3?s=96&d=mm&r=g","contentUrl":"https:\/\/secure.gravatar.com\/avatar\/0531db351fc361fdbfd204c58fa2d6a3?s=96&d=mm&r=g","caption":"btorras"}}]}},"_links":{"self":[{"href":"https:\/\/www.ariasassessors.com\/ca\/wp-json\/wp\/v2\/posts\/3257","targetHints":{"allow":["GET"]}}],"collection":[{"href":"https:\/\/www.ariasassessors.com\/ca\/wp-json\/wp\/v2\/posts"}],"about":[{"href":"https:\/\/www.ariasassessors.com\/ca\/wp-json\/wp\/v2\/types\/post"}],"author":[{"embeddable":true,"href":"https:\/\/www.ariasassessors.com\/ca\/wp-json\/wp\/v2\/users\/2"}],"replies":[{"embeddable":true,"href":"https:\/\/www.ariasassessors.com\/ca\/wp-json\/wp\/v2\/comments?post=3257"}],"version-history":[{"count":1,"href":"https:\/\/www.ariasassessors.com\/ca\/wp-json\/wp\/v2\/posts\/3257\/revisions"}],"predecessor-version":[{"id":3258,"href":"https:\/\/www.ariasassessors.com\/ca\/wp-json\/wp\/v2\/posts\/3257\/revisions\/3258"}],"wp:featuredmedia":[{"embeddable":true,"href":"https:\/\/www.ariasassessors.com\/ca\/wp-json\/wp\/v2\/media\/3255"}],"wp:attachment":[{"href":"https:\/\/www.ariasassessors.com\/ca\/wp-json\/wp\/v2\/media?parent=3257"}],"wp:term":[{"taxonomy":"category","embeddable":true,"href":"https:\/\/www.ariasassessors.com\/ca\/wp-json\/wp\/v2\/categories?post=3257"},{"taxonomy":"post_tag","embeddable":true,"href":"https:\/\/www.ariasassessors.com\/ca\/wp-json\/wp\/v2\/tags?post=3257"}],"curies":[{"name":"wp","href":"https:\/\/api.w.org\/{rel}","templated":true}]}}