{"id":3290,"date":"2024-04-29T11:56:41","date_gmt":"2024-04-29T09:56:41","guid":{"rendered":"https:\/\/www.ariasassessors.com\/?p=3290"},"modified":"2024-04-22T11:57:06","modified_gmt":"2024-04-22T09:57:06","slug":"canvis-en-la-jubilacio-per-a-autonoms-noves-opcions-de-rescat-de-plans-de-pensions","status":"publish","type":"post","link":"https:\/\/www.ariasassessors.com\/ca\/canvis-en-la-jubilacio-per-a-autonoms-noves-opcions-de-rescat-de-plans-de-pensions\/","title":{"rendered":"Canvis en la jubilaci\u00f3 per a aut\u00f2noms: noves opcions de rescat de plans de pensions"},"content":{"rendered":"<div id=\"ez-toc-container\" class=\"ez-toc-v2_0_72 counter-hierarchy ez-toc-counter ez-toc-grey ez-toc-container-direction\">\n<div class=\"ez-toc-title-container\">\n<p class=\"ez-toc-title\" style=\"cursor:inherit\">\u00cdndice de Contenidos<\/p>\n<span class=\"ez-toc-title-toggle\"><a href=\"#\" class=\"ez-toc-pull-right ez-toc-btn ez-toc-btn-xs ez-toc-btn-default ez-toc-toggle\" aria-label=\"Toggle Table of Content\"><span class=\"ez-toc-js-icon-con\"><span class=\"\"><span class=\"eztoc-hide\" style=\"display:none;\">Toggle<\/span><span class=\"ez-toc-icon-toggle-span\"><svg style=\"fill: #428bca;color:#428bca\" xmlns=\"http:\/\/www.w3.org\/2000\/svg\" class=\"list-377408\" width=\"20px\" height=\"20px\" viewBox=\"0 0 24 24\" fill=\"none\"><path d=\"M6 6H4v2h2V6zm14 0H8v2h12V6zM4 11h2v2H4v-2zm16 0H8v2h12v-2zM4 16h2v2H4v-2zm16 0H8v2h12v-2z\" fill=\"currentColor\"><\/path><\/svg><svg style=\"fill: #428bca;color:#428bca\" class=\"arrow-unsorted-368013\" xmlns=\"http:\/\/www.w3.org\/2000\/svg\" width=\"10px\" height=\"10px\" viewBox=\"0 0 24 24\" version=\"1.2\" baseProfile=\"tiny\"><path d=\"M18.2 9.3l-6.2-6.3-6.2 6.3c-.2.2-.3.4-.3.7s.1.5.3.7c.2.2.4.3.7.3h11c.3 0 .5-.1.7-.3.2-.2.3-.5.3-.7s-.1-.5-.3-.7zM5.8 14.7l6.2 6.3 6.2-6.3c.2-.2.3-.5.3-.7s-.1-.5-.3-.7c-.2-.2-.4-.3-.7-.3h-11c-.3 0-.5.1-.7.3-.2.2-.3.5-.3.7s.1.5.3.7z\"\/><\/svg><\/span><\/span><\/span><\/a><\/span><\/div>\n<nav><ul class='ez-toc-list ez-toc-list-level-1 eztoc-toggle-hide-by-default' ><li class='ez-toc-page-1 ez-toc-heading-level-2'><a class=\"ez-toc-link ez-toc-heading-1\" href=\"https:\/\/www.ariasassessors.com\/ca\/canvis-en-la-jubilacio-per-a-autonoms-noves-opcions-de-rescat-de-plans-de-pensions\/#Una_reforma_significativa_en_la_legislacio\" title=\"Una reforma significativa en la legislaci\u00f3\">Una reforma significativa en la legislaci\u00f3<\/a><\/li><li class='ez-toc-page-1 ez-toc-heading-level-2'><a class=\"ez-toc-link ez-toc-heading-2\" href=\"https:\/\/www.ariasassessors.com\/ca\/canvis-en-la-jubilacio-per-a-autonoms-noves-opcions-de-rescat-de-plans-de-pensions\/#Una_decisio_transcendental_per_als_autonoms\" title=\"Una decisi\u00f3 transcendental per als aut\u00f2noms\">Una decisi\u00f3 transcendental per als aut\u00f2noms<\/a><\/li><li class='ez-toc-page-1 ez-toc-heading-level-2'><a class=\"ez-toc-link ez-toc-heading-3\" href=\"https:\/\/www.ariasassessors.com\/ca\/canvis-en-la-jubilacio-per-a-autonoms-noves-opcions-de-rescat-de-plans-de-pensions\/#Com_funcionara_el_nou_sistema\" title=\"Com funcionar\u00e0 el nou sistema?\">Com funcionar\u00e0 el nou sistema?<\/a><\/li><li class='ez-toc-page-1 ez-toc-heading-level-2'><a class=\"ez-toc-link ez-toc-heading-4\" href=\"https:\/\/www.ariasassessors.com\/ca\/canvis-en-la-jubilacio-per-a-autonoms-noves-opcions-de-rescat-de-plans-de-pensions\/#Consideracions_fiscals_importants\" title=\"Consideracions fiscals importants\">Consideracions fiscals importants<\/a><\/li><\/ul><\/nav><\/div>\n<h2><span class=\"ez-toc-section\" id=\"Una_reforma_significativa_en_la_legislacio\"><\/span>Una reforma significativa en la legislaci\u00f3<span class=\"ez-toc-section-end\"><\/span><\/h2>\n<p>A partir de l&#8217;any vinent, els aut\u00f2noms tindran l&#8217;oportunitat d&#8217;accedir als seus plans de pensions abans d&#8217;arribar a l&#8217;edat de jubilaci\u00f3, gr\u00e0cies a una esmena al Reglament de Plans de Pensions que entrar\u00e0 en vigor al gener de 2025. Aquesta modificaci\u00f3 representa un canvi significatiu en les pol\u00edtiques de jubilaci\u00f3, atorgant major flexibilitat financera als treballadors per compte propi. Hist\u00f2ricament, els plans de pensions s&#8217;han considerat una eina crucial per a la preparaci\u00f3 financera de la jubilaci\u00f3, per\u00f2 la incapacitat d&#8217;accedir a aquests fons abans de l&#8217;edat de jubilaci\u00f3 ha estat una limitaci\u00f3 per a molts aut\u00f2noms.<\/p>\n<h2><span class=\"ez-toc-section\" id=\"Una_decisio_transcendental_per_als_autonoms\"><\/span>Una decisi\u00f3 transcendental per als aut\u00f2noms<span class=\"ez-toc-section-end\"><\/span><\/h2>\n<p>L&#8217;acc\u00e9s anticipat als plans de pensions implica una decisi\u00f3 transcendental per als aut\u00f2noms en la seva planificaci\u00f3 financera. Aquests plans, concebuts originalment com una font complement\u00e0ria d&#8217;ingressos en la jubilaci\u00f3, han estat fonamentals per garantir l&#8217;estabilitat financera a llarg termini. Ara, amb l&#8217;oportunitat de rescatar aquests fons abans del previst, els aut\u00f2noms poden prendre el control del seu futur financer i adaptar-lo a les seves necessitats individuals. Aix\u00f2 pot ser especialment rellevant en situacions d&#8217;emerg\u00e8ncia financera o per finan\u00e7ar projectes importants.<\/p>\n<h2><span class=\"ez-toc-section\" id=\"Com_funcionara_el_nou_sistema\"><\/span>Com funcionar\u00e0 el nou sistema?<span class=\"ez-toc-section-end\"><\/span><\/h2>\n<p>La disposici\u00f3 transitoria setena estableix que els aut\u00f2noms podran recuperar els seus plans de pensions amb m\u00e9s de deu anys d&#8217;antiguitat. Aix\u00f2 implica que aquells que hagin subscrit un pla de pensions abans del 31 de desembre de 2015 podran disposar dels seus estalvis a partir de l&#8217;1 de gener de 2025. Aquesta mesura ofereix als aut\u00f2noms una flexibilitat sense precedents per accedir als seus fons de jubilaci\u00f3 segons les seves necessitats financeres individuals. No obstant aix\u00f2, \u00e9s important tenir en compte que aquest acc\u00e9s anticipat est\u00e0 subjecte a certes condicions i restriccions que cal avaluar detingudament per cada individu.<\/p>\n<h2><span class=\"ez-toc-section\" id=\"Consideracions_fiscals_importants\"><\/span>Consideracions fiscals importants<span class=\"ez-toc-section-end\"><\/span><\/h2>\n<p>El rescat anticipat d&#8217;un pla de pensions comporta implicacions fiscals significatives que els aut\u00f2noms han de tenir en compte. Depenent de si opten per rebre els diners en forma de capital o de renda, s&#8217;aplicaran diferents tipus impositius. \u00c9s crucial entendre aquestes implicacions i planificar en conseq\u00fc\u00e8ncia per evitar sorpreses desagradables en el futur. Es recomana encaridament als aut\u00f2noms que busquin assessorament professional per entendre completament l&#8217;impacte fiscal de les seves decisions de jubilaci\u00f3. A m\u00e9s, \u00e9s important considerar com afectar\u00e0 l&#8217;acc\u00e9s anticipat als fons de jubilaci\u00f3 a la planificaci\u00f3 fiscal a llarg termini i com s&#8217;integrar\u00e0 en l&#8217;estrat\u00e8gia financera general de l&#8217;individu.<\/p>\n<p>Aquesta reforma representa una oportunitat \u00fanica per als aut\u00f2noms de prendre el control del seu futur financer i adaptar-lo a les seves necessitats i circumst\u00e0ncies individuals. No obstant aix\u00f2, \u00e9s fonamental abordar aquesta decisi\u00f3 amb precauci\u00f3 i buscar orientaci\u00f3 professional per assegurar-se que es prenguin les millors decisions financeres possibles. A Arias Assessors, estem aqu\u00ed per oferir assessorament expert i ajudar els aut\u00f2noms a navegar per aquests canvis i prendre decisions informades sobre la seva planificaci\u00f3 financera i fiscal. Contacta&#8217;ns avui mateix per obtenir m\u00e9s informaci\u00f3 i assessorament personalitzat!<\/p>\n","protected":false},"excerpt":{"rendered":"<p>Una reforma significativa en la legislaci\u00f3 A partir de l&#8217;any vinent, els aut\u00f2noms tindran l&#8217;oportunitat d&#8217;accedir als seus plans de pensions abans d&#8217;arribar a l&#8217;edat de jubilaci\u00f3, gr\u00e0cies a una esmena al Reglament de Plans de Pensions que entrar\u00e0 en vigor al gener de 2025&#8230;.<\/p>\n","protected":false},"author":2,"featured_media":3282,"comment_status":"open","ping_status":"open","sticky":false,"template":"","format":"standard","meta":{"footnotes":""},"categories":[4],"tags":[],"class_list":["post-3290","post","type-post","status-publish","format-standard","has-post-thumbnail","hentry","category-noticies"],"yoast_head":"<!-- This site is optimized with the Yoast SEO plugin v24.3 - https:\/\/yoast.com\/wordpress\/plugins\/seo\/ -->\n<title>Noves opcions de rescat de plans de pensions | Arias Assessors<\/title>\n<meta name=\"description\" content=\"Descobreix com els aut\u00f2noms podran rescatar els seus plans de pensions abans de la jubilaci\u00f3 a partir de 2025.\" \/>\n<meta name=\"robots\" content=\"index, follow, max-snippet:-1, max-image-preview:large, max-video-preview:-1\" \/>\n<link rel=\"canonical\" href=\"https:\/\/www.ariasassessors.com\/ca\/canvis-en-la-jubilacio-per-a-autonoms-noves-opcions-de-rescat-de-plans-de-pensions\/\" \/>\n<meta property=\"og:locale\" content=\"ca_ES\" \/>\n<meta property=\"og:type\" content=\"article\" \/>\n<meta property=\"og:title\" content=\"Noves opcions de rescat de plans de pensions | Arias Assessors\" \/>\n<meta property=\"og:description\" content=\"Descobreix com els aut\u00f2noms podran rescatar els seus plans de pensions abans de la jubilaci\u00f3 a partir de 2025.\" \/>\n<meta property=\"og:url\" content=\"https:\/\/www.ariasassessors.com\/ca\/canvis-en-la-jubilacio-per-a-autonoms-noves-opcions-de-rescat-de-plans-de-pensions\/\" \/>\n<meta property=\"og:site_name\" content=\"Arias Assessors\" \/>\n<meta property=\"article:publisher\" content=\"https:\/\/www.facebook.com\/ariasassessors\/\" \/>\n<meta property=\"article:published_time\" content=\"2024-04-29T09:56:41+00:00\" \/>\n<meta property=\"article:modified_time\" content=\"2024-04-22T09:57:06+00:00\" \/>\n<meta property=\"og:image\" content=\"https:\/\/www.ariasassessors.com\/wp-content\/uploads\/2024\/04\/24_04_17_jubilacion.png\" \/>\n\t<meta property=\"og:image:width\" content=\"1000\" \/>\n\t<meta property=\"og:image:height\" content=\"667\" \/>\n\t<meta property=\"og:image:type\" content=\"image\/png\" \/>\n<meta name=\"author\" content=\"btorras\" \/>\n<meta name=\"twitter:card\" content=\"summary_large_image\" \/>\n<meta name=\"twitter:creator\" content=\"@ariasassessors\" \/>\n<meta name=\"twitter:site\" content=\"@ariasassessors\" \/>\n<meta name=\"twitter:label1\" content=\"Escrit per\" \/>\n\t<meta name=\"twitter:data1\" content=\"btorras\" \/>\n\t<meta name=\"twitter:label2\" content=\"Temps estimat de lectura\" \/>\n\t<meta name=\"twitter:data2\" content=\"3 minuts\" \/>\n<script type=\"application\/ld+json\" class=\"yoast-schema-graph\">{\"@context\":\"https:\/\/schema.org\",\"@graph\":[{\"@type\":\"Article\",\"@id\":\"https:\/\/www.ariasassessors.com\/ca\/canvis-en-la-jubilacio-per-a-autonoms-noves-opcions-de-rescat-de-plans-de-pensions\/#article\",\"isPartOf\":{\"@id\":\"https:\/\/www.ariasassessors.com\/ca\/canvis-en-la-jubilacio-per-a-autonoms-noves-opcions-de-rescat-de-plans-de-pensions\/\"},\"author\":{\"name\":\"btorras\",\"@id\":\"https:\/\/www.ariasassessors.com\/#\/schema\/person\/63c6ad1775f0a9413c37932562673cef\"},\"headline\":\"Canvis en la jubilaci\u00f3 per a aut\u00f2noms: noves opcions de rescat de plans de pensions\",\"datePublished\":\"2024-04-29T09:56:41+00:00\",\"dateModified\":\"2024-04-22T09:57:06+00:00\",\"mainEntityOfPage\":{\"@id\":\"https:\/\/www.ariasassessors.com\/ca\/canvis-en-la-jubilacio-per-a-autonoms-noves-opcions-de-rescat-de-plans-de-pensions\/\"},\"wordCount\":528,\"commentCount\":0,\"publisher\":{\"@id\":\"https:\/\/www.ariasassessors.com\/#organization\"},\"image\":{\"@id\":\"https:\/\/www.ariasassessors.com\/ca\/canvis-en-la-jubilacio-per-a-autonoms-noves-opcions-de-rescat-de-plans-de-pensions\/#primaryimage\"},\"thumbnailUrl\":\"https:\/\/www.ariasassessors.com\/wp-content\/uploads\/2024\/04\/24_04_17_jubilacion.png\",\"articleSection\":[\"noticies\"],\"inLanguage\":\"ca\",\"potentialAction\":[{\"@type\":\"CommentAction\",\"name\":\"Comment\",\"target\":[\"https:\/\/www.ariasassessors.com\/ca\/canvis-en-la-jubilacio-per-a-autonoms-noves-opcions-de-rescat-de-plans-de-pensions\/#respond\"]}]},{\"@type\":\"WebPage\",\"@id\":\"https:\/\/www.ariasassessors.com\/ca\/canvis-en-la-jubilacio-per-a-autonoms-noves-opcions-de-rescat-de-plans-de-pensions\/\",\"url\":\"https:\/\/www.ariasassessors.com\/ca\/canvis-en-la-jubilacio-per-a-autonoms-noves-opcions-de-rescat-de-plans-de-pensions\/\",\"name\":\"Noves opcions de rescat de plans de pensions | Arias Assessors\",\"isPartOf\":{\"@id\":\"https:\/\/www.ariasassessors.com\/#website\"},\"primaryImageOfPage\":{\"@id\":\"https:\/\/www.ariasassessors.com\/ca\/canvis-en-la-jubilacio-per-a-autonoms-noves-opcions-de-rescat-de-plans-de-pensions\/#primaryimage\"},\"image\":{\"@id\":\"https:\/\/www.ariasassessors.com\/ca\/canvis-en-la-jubilacio-per-a-autonoms-noves-opcions-de-rescat-de-plans-de-pensions\/#primaryimage\"},\"thumbnailUrl\":\"https:\/\/www.ariasassessors.com\/wp-content\/uploads\/2024\/04\/24_04_17_jubilacion.png\",\"datePublished\":\"2024-04-29T09:56:41+00:00\",\"dateModified\":\"2024-04-22T09:57:06+00:00\",\"description\":\"Descobreix com els aut\u00f2noms podran rescatar els seus plans de pensions abans de la jubilaci\u00f3 a partir de 2025.\",\"breadcrumb\":{\"@id\":\"https:\/\/www.ariasassessors.com\/ca\/canvis-en-la-jubilacio-per-a-autonoms-noves-opcions-de-rescat-de-plans-de-pensions\/#breadcrumb\"},\"inLanguage\":\"ca\",\"potentialAction\":[{\"@type\":\"ReadAction\",\"target\":[\"https:\/\/www.ariasassessors.com\/ca\/canvis-en-la-jubilacio-per-a-autonoms-noves-opcions-de-rescat-de-plans-de-pensions\/\"]}]},{\"@type\":\"ImageObject\",\"inLanguage\":\"ca\",\"@id\":\"https:\/\/www.ariasassessors.com\/ca\/canvis-en-la-jubilacio-per-a-autonoms-noves-opcions-de-rescat-de-plans-de-pensions\/#primaryimage\",\"url\":\"https:\/\/www.ariasassessors.com\/wp-content\/uploads\/2024\/04\/24_04_17_jubilacion.png\",\"contentUrl\":\"https:\/\/www.ariasassessors.com\/wp-content\/uploads\/2024\/04\/24_04_17_jubilacion.png\",\"width\":1000,\"height\":667,\"caption\":\"jubilaci\u00f3n\"},{\"@type\":\"BreadcrumbList\",\"@id\":\"https:\/\/www.ariasassessors.com\/ca\/canvis-en-la-jubilacio-per-a-autonoms-noves-opcions-de-rescat-de-plans-de-pensions\/#breadcrumb\",\"itemListElement\":[{\"@type\":\"ListItem\",\"position\":1,\"name\":\"Portada\",\"item\":\"https:\/\/www.ariasassessors.com\/ca\/\"},{\"@type\":\"ListItem\",\"position\":2,\"name\":\"Canvis en la jubilaci\u00f3 per a aut\u00f2noms: noves opcions de rescat de plans de pensions\"}]},{\"@type\":\"WebSite\",\"@id\":\"https:\/\/www.ariasassessors.com\/#website\",\"url\":\"https:\/\/www.ariasassessors.com\/\",\"name\":\"Arias Assessors\",\"description\":\"Asesor\u00eda para aut\u00f3nomos, profesionales y PYMES\",\"publisher\":{\"@id\":\"https:\/\/www.ariasassessors.com\/#organization\"},\"potentialAction\":[{\"@type\":\"SearchAction\",\"target\":{\"@type\":\"EntryPoint\",\"urlTemplate\":\"https:\/\/www.ariasassessors.com\/?s={search_term_string}\"},\"query-input\":{\"@type\":\"PropertyValueSpecification\",\"valueRequired\":true,\"valueName\":\"search_term_string\"}}],\"inLanguage\":\"ca\"},{\"@type\":\"Organization\",\"@id\":\"https:\/\/www.ariasassessors.com\/#organization\",\"name\":\"Arias Assessors\",\"url\":\"https:\/\/www.ariasassessors.com\/\",\"logo\":{\"@type\":\"ImageObject\",\"inLanguage\":\"ca\",\"@id\":\"https:\/\/www.ariasassessors.com\/#\/schema\/logo\/image\/\",\"url\":\"https:\/\/www.ariasassessors.com\/wp-content\/uploads\/2019\/01\/arias-logo.png\",\"contentUrl\":\"https:\/\/www.ariasassessors.com\/wp-content\/uploads\/2019\/01\/arias-logo.png\",\"width\":349,\"height\":254,\"caption\":\"Arias Assessors\"},\"image\":{\"@id\":\"https:\/\/www.ariasassessors.com\/#\/schema\/logo\/image\/\"},\"sameAs\":[\"https:\/\/www.facebook.com\/ariasassessors\/\",\"https:\/\/x.com\/ariasassessors\",\"https:\/\/www.linkedin.com\/company\/r&amp;amp;r-growing-knowledge\/\"]},{\"@type\":\"Person\",\"@id\":\"https:\/\/www.ariasassessors.com\/#\/schema\/person\/63c6ad1775f0a9413c37932562673cef\",\"name\":\"btorras\",\"image\":{\"@type\":\"ImageObject\",\"inLanguage\":\"ca\",\"@id\":\"https:\/\/www.ariasassessors.com\/#\/schema\/person\/image\/\",\"url\":\"https:\/\/secure.gravatar.com\/avatar\/0531db351fc361fdbfd204c58fa2d6a3?s=96&d=mm&r=g\",\"contentUrl\":\"https:\/\/secure.gravatar.com\/avatar\/0531db351fc361fdbfd204c58fa2d6a3?s=96&d=mm&r=g\",\"caption\":\"btorras\"}}]}<\/script>\n<!-- \/ Yoast SEO plugin. -->","yoast_head_json":{"title":"Noves opcions de rescat de plans de pensions | Arias Assessors","description":"Descobreix com els aut\u00f2noms podran rescatar els seus plans de pensions abans de la jubilaci\u00f3 a partir de 2025.","robots":{"index":"index","follow":"follow","max-snippet":"max-snippet:-1","max-image-preview":"max-image-preview:large","max-video-preview":"max-video-preview:-1"},"canonical":"https:\/\/www.ariasassessors.com\/ca\/canvis-en-la-jubilacio-per-a-autonoms-noves-opcions-de-rescat-de-plans-de-pensions\/","og_locale":"ca_ES","og_type":"article","og_title":"Noves opcions de rescat de plans de pensions | Arias Assessors","og_description":"Descobreix com els aut\u00f2noms podran rescatar els seus plans de pensions abans de la jubilaci\u00f3 a partir de 2025.","og_url":"https:\/\/www.ariasassessors.com\/ca\/canvis-en-la-jubilacio-per-a-autonoms-noves-opcions-de-rescat-de-plans-de-pensions\/","og_site_name":"Arias Assessors","article_publisher":"https:\/\/www.facebook.com\/ariasassessors\/","article_published_time":"2024-04-29T09:56:41+00:00","article_modified_time":"2024-04-22T09:57:06+00:00","og_image":[{"width":1000,"height":667,"url":"https:\/\/www.ariasassessors.com\/wp-content\/uploads\/2024\/04\/24_04_17_jubilacion.png","type":"image\/png"}],"author":"btorras","twitter_card":"summary_large_image","twitter_creator":"@ariasassessors","twitter_site":"@ariasassessors","twitter_misc":{"Escrit per":"btorras","Temps estimat de lectura":"3 minuts"},"schema":{"@context":"https:\/\/schema.org","@graph":[{"@type":"Article","@id":"https:\/\/www.ariasassessors.com\/ca\/canvis-en-la-jubilacio-per-a-autonoms-noves-opcions-de-rescat-de-plans-de-pensions\/#article","isPartOf":{"@id":"https:\/\/www.ariasassessors.com\/ca\/canvis-en-la-jubilacio-per-a-autonoms-noves-opcions-de-rescat-de-plans-de-pensions\/"},"author":{"name":"btorras","@id":"https:\/\/www.ariasassessors.com\/#\/schema\/person\/63c6ad1775f0a9413c37932562673cef"},"headline":"Canvis en la jubilaci\u00f3 per a aut\u00f2noms: noves opcions de rescat de plans de pensions","datePublished":"2024-04-29T09:56:41+00:00","dateModified":"2024-04-22T09:57:06+00:00","mainEntityOfPage":{"@id":"https:\/\/www.ariasassessors.com\/ca\/canvis-en-la-jubilacio-per-a-autonoms-noves-opcions-de-rescat-de-plans-de-pensions\/"},"wordCount":528,"commentCount":0,"publisher":{"@id":"https:\/\/www.ariasassessors.com\/#organization"},"image":{"@id":"https:\/\/www.ariasassessors.com\/ca\/canvis-en-la-jubilacio-per-a-autonoms-noves-opcions-de-rescat-de-plans-de-pensions\/#primaryimage"},"thumbnailUrl":"https:\/\/www.ariasassessors.com\/wp-content\/uploads\/2024\/04\/24_04_17_jubilacion.png","articleSection":["noticies"],"inLanguage":"ca","potentialAction":[{"@type":"CommentAction","name":"Comment","target":["https:\/\/www.ariasassessors.com\/ca\/canvis-en-la-jubilacio-per-a-autonoms-noves-opcions-de-rescat-de-plans-de-pensions\/#respond"]}]},{"@type":"WebPage","@id":"https:\/\/www.ariasassessors.com\/ca\/canvis-en-la-jubilacio-per-a-autonoms-noves-opcions-de-rescat-de-plans-de-pensions\/","url":"https:\/\/www.ariasassessors.com\/ca\/canvis-en-la-jubilacio-per-a-autonoms-noves-opcions-de-rescat-de-plans-de-pensions\/","name":"Noves opcions de rescat de plans de pensions | Arias Assessors","isPartOf":{"@id":"https:\/\/www.ariasassessors.com\/#website"},"primaryImageOfPage":{"@id":"https:\/\/www.ariasassessors.com\/ca\/canvis-en-la-jubilacio-per-a-autonoms-noves-opcions-de-rescat-de-plans-de-pensions\/#primaryimage"},"image":{"@id":"https:\/\/www.ariasassessors.com\/ca\/canvis-en-la-jubilacio-per-a-autonoms-noves-opcions-de-rescat-de-plans-de-pensions\/#primaryimage"},"thumbnailUrl":"https:\/\/www.ariasassessors.com\/wp-content\/uploads\/2024\/04\/24_04_17_jubilacion.png","datePublished":"2024-04-29T09:56:41+00:00","dateModified":"2024-04-22T09:57:06+00:00","description":"Descobreix com els aut\u00f2noms podran rescatar els seus plans de pensions abans de la jubilaci\u00f3 a partir de 2025.","breadcrumb":{"@id":"https:\/\/www.ariasassessors.com\/ca\/canvis-en-la-jubilacio-per-a-autonoms-noves-opcions-de-rescat-de-plans-de-pensions\/#breadcrumb"},"inLanguage":"ca","potentialAction":[{"@type":"ReadAction","target":["https:\/\/www.ariasassessors.com\/ca\/canvis-en-la-jubilacio-per-a-autonoms-noves-opcions-de-rescat-de-plans-de-pensions\/"]}]},{"@type":"ImageObject","inLanguage":"ca","@id":"https:\/\/www.ariasassessors.com\/ca\/canvis-en-la-jubilacio-per-a-autonoms-noves-opcions-de-rescat-de-plans-de-pensions\/#primaryimage","url":"https:\/\/www.ariasassessors.com\/wp-content\/uploads\/2024\/04\/24_04_17_jubilacion.png","contentUrl":"https:\/\/www.ariasassessors.com\/wp-content\/uploads\/2024\/04\/24_04_17_jubilacion.png","width":1000,"height":667,"caption":"jubilaci\u00f3n"},{"@type":"BreadcrumbList","@id":"https:\/\/www.ariasassessors.com\/ca\/canvis-en-la-jubilacio-per-a-autonoms-noves-opcions-de-rescat-de-plans-de-pensions\/#breadcrumb","itemListElement":[{"@type":"ListItem","position":1,"name":"Portada","item":"https:\/\/www.ariasassessors.com\/ca\/"},{"@type":"ListItem","position":2,"name":"Canvis en la jubilaci\u00f3 per a aut\u00f2noms: noves opcions de rescat de plans de pensions"}]},{"@type":"WebSite","@id":"https:\/\/www.ariasassessors.com\/#website","url":"https:\/\/www.ariasassessors.com\/","name":"Arias Assessors","description":"Asesor\u00eda para aut\u00f3nomos, profesionales y PYMES","publisher":{"@id":"https:\/\/www.ariasassessors.com\/#organization"},"potentialAction":[{"@type":"SearchAction","target":{"@type":"EntryPoint","urlTemplate":"https:\/\/www.ariasassessors.com\/?s={search_term_string}"},"query-input":{"@type":"PropertyValueSpecification","valueRequired":true,"valueName":"search_term_string"}}],"inLanguage":"ca"},{"@type":"Organization","@id":"https:\/\/www.ariasassessors.com\/#organization","name":"Arias Assessors","url":"https:\/\/www.ariasassessors.com\/","logo":{"@type":"ImageObject","inLanguage":"ca","@id":"https:\/\/www.ariasassessors.com\/#\/schema\/logo\/image\/","url":"https:\/\/www.ariasassessors.com\/wp-content\/uploads\/2019\/01\/arias-logo.png","contentUrl":"https:\/\/www.ariasassessors.com\/wp-content\/uploads\/2019\/01\/arias-logo.png","width":349,"height":254,"caption":"Arias Assessors"},"image":{"@id":"https:\/\/www.ariasassessors.com\/#\/schema\/logo\/image\/"},"sameAs":["https:\/\/www.facebook.com\/ariasassessors\/","https:\/\/x.com\/ariasassessors","https:\/\/www.linkedin.com\/company\/r&amp;amp;r-growing-knowledge\/"]},{"@type":"Person","@id":"https:\/\/www.ariasassessors.com\/#\/schema\/person\/63c6ad1775f0a9413c37932562673cef","name":"btorras","image":{"@type":"ImageObject","inLanguage":"ca","@id":"https:\/\/www.ariasassessors.com\/#\/schema\/person\/image\/","url":"https:\/\/secure.gravatar.com\/avatar\/0531db351fc361fdbfd204c58fa2d6a3?s=96&d=mm&r=g","contentUrl":"https:\/\/secure.gravatar.com\/avatar\/0531db351fc361fdbfd204c58fa2d6a3?s=96&d=mm&r=g","caption":"btorras"}}]}},"_links":{"self":[{"href":"https:\/\/www.ariasassessors.com\/ca\/wp-json\/wp\/v2\/posts\/3290","targetHints":{"allow":["GET"]}}],"collection":[{"href":"https:\/\/www.ariasassessors.com\/ca\/wp-json\/wp\/v2\/posts"}],"about":[{"href":"https:\/\/www.ariasassessors.com\/ca\/wp-json\/wp\/v2\/types\/post"}],"author":[{"embeddable":true,"href":"https:\/\/www.ariasassessors.com\/ca\/wp-json\/wp\/v2\/users\/2"}],"replies":[{"embeddable":true,"href":"https:\/\/www.ariasassessors.com\/ca\/wp-json\/wp\/v2\/comments?post=3290"}],"version-history":[{"count":1,"href":"https:\/\/www.ariasassessors.com\/ca\/wp-json\/wp\/v2\/posts\/3290\/revisions"}],"predecessor-version":[{"id":3291,"href":"https:\/\/www.ariasassessors.com\/ca\/wp-json\/wp\/v2\/posts\/3290\/revisions\/3291"}],"wp:featuredmedia":[{"embeddable":true,"href":"https:\/\/www.ariasassessors.com\/ca\/wp-json\/wp\/v2\/media\/3282"}],"wp:attachment":[{"href":"https:\/\/www.ariasassessors.com\/ca\/wp-json\/wp\/v2\/media?parent=3290"}],"wp:term":[{"taxonomy":"category","embeddable":true,"href":"https:\/\/www.ariasassessors.com\/ca\/wp-json\/wp\/v2\/categories?post=3290"},{"taxonomy":"post_tag","embeddable":true,"href":"https:\/\/www.ariasassessors.com\/ca\/wp-json\/wp\/v2\/tags?post=3290"}],"curies":[{"name":"wp","href":"https:\/\/api.w.org\/{rel}","templated":true}]}}