{"id":3296,"date":"2024-05-06T10:09:29","date_gmt":"2024-05-06T08:09:29","guid":{"rendered":"https:\/\/www.ariasassessors.com\/?p=3296"},"modified":"2024-04-22T12:11:37","modified_gmt":"2024-04-22T10:11:37","slug":"las-razones-mas-habituales-detras-de-las-ausencias-laborales","status":"publish","type":"post","link":"https:\/\/www.ariasassessors.com\/ca\/las-razones-mas-habituales-detras-de-las-ausencias-laborales\/","title":{"rendered":"Les raons m\u00e9s habituals darrere de les abs\u00e8ncies laborals"},"content":{"rendered":"<p>L&#8217;abs\u00e8ncia del treball a causa de conting\u00e8ncies comunes \u00e9s un tema que afecta tant als treballadors com a les empreses per igual a Espanya. Segons dades de l&#8217;INE, el 2023 les baixes m\u00e8diques per conting\u00e8ncies comunes van augmentar en un 33%, la qual cosa \u00e9s alarmant si considerem que estem comparant aquestes dades amb les de l&#8217;\u00e8poca pand\u00e8mica.<\/p>\n<p>La majoria de les circumst\u00e0ncies que han provocat aquestes abs\u00e8ncies estan relacionades amb diagn\u00f2stics de lumb\u00e0lgia, tendinitis, esquin\u00e7os o artrosi. Per\u00f2 a m\u00e9s d&#8217;aquestes causes, que no s\u00f3n les \u00faniques, hem d&#8217;afegir una dada preocupant: el 2023 les abs\u00e8ncies laborals per problemes de salut mental van assolir un r\u00e8cord hist\u00f2ric de 597.686, segons dades del Ministeri d&#8217;Inclusi\u00f3, Seguretat Social i Migracions.<\/p>\n<p>Per\u00f2, quines s\u00f3n totes aquelles circumst\u00e0ncies que m\u00e9s estan afectant al dia a dia d&#8217;empreses i treballadors? Quines causes i efectes hi ha darrere de la incapacitat temporal de la for\u00e7a laboral del nostre pa\u00eds? Vegem-ho.<\/p>\n<div id=\"ez-toc-container\" class=\"ez-toc-v2_0_72 counter-hierarchy ez-toc-counter ez-toc-grey ez-toc-container-direction\">\n<div class=\"ez-toc-title-container\">\n<p class=\"ez-toc-title\" style=\"cursor:inherit\">\u00cdndice de Contenidos<\/p>\n<span class=\"ez-toc-title-toggle\"><a href=\"#\" class=\"ez-toc-pull-right ez-toc-btn ez-toc-btn-xs ez-toc-btn-default ez-toc-toggle\" aria-label=\"Toggle Table of Content\"><span class=\"ez-toc-js-icon-con\"><span class=\"\"><span class=\"eztoc-hide\" style=\"display:none;\">Toggle<\/span><span class=\"ez-toc-icon-toggle-span\"><svg style=\"fill: #428bca;color:#428bca\" xmlns=\"http:\/\/www.w3.org\/2000\/svg\" class=\"list-377408\" width=\"20px\" height=\"20px\" viewBox=\"0 0 24 24\" fill=\"none\"><path d=\"M6 6H4v2h2V6zm14 0H8v2h12V6zM4 11h2v2H4v-2zm16 0H8v2h12v-2zM4 16h2v2H4v-2zm16 0H8v2h12v-2z\" fill=\"currentColor\"><\/path><\/svg><svg style=\"fill: #428bca;color:#428bca\" class=\"arrow-unsorted-368013\" xmlns=\"http:\/\/www.w3.org\/2000\/svg\" width=\"10px\" height=\"10px\" viewBox=\"0 0 24 24\" version=\"1.2\" baseProfile=\"tiny\"><path d=\"M18.2 9.3l-6.2-6.3-6.2 6.3c-.2.2-.3.4-.3.7s.1.5.3.7c.2.2.4.3.7.3h11c.3 0 .5-.1.7-.3.2-.2.3-.5.3-.7s-.1-.5-.3-.7zM5.8 14.7l6.2 6.3 6.2-6.3c.2-.2.3-.5.3-.7s-.1-.5-.3-.7c-.2-.2-.4-.3-.7-.3h-11c-.3 0-.5.1-.7.3-.2.2-.3.5-.3.7s.1.5.3.7z\"\/><\/svg><\/span><\/span><\/span><\/a><\/span><\/div>\n<nav><ul class='ez-toc-list ez-toc-list-level-1 eztoc-toggle-hide-by-default' ><li class='ez-toc-page-1 ez-toc-heading-level-3'><a class=\"ez-toc-link ez-toc-heading-1\" href=\"https:\/\/www.ariasassessors.com\/ca\/las-razones-mas-habituales-detras-de-las-ausencias-laborales\/#Malalties_respiratories_virus_i_altres_factors_ambientals\" title=\"Malalties respirat\u00f2ries: virus i altres factors ambientals\">Malalties respirat\u00f2ries: virus i altres factors ambientals<\/a><\/li><li class='ez-toc-page-1 ez-toc-heading-level-3'><a class=\"ez-toc-link ez-toc-heading-2\" href=\"https:\/\/www.ariasassessors.com\/ca\/las-razones-mas-habituales-detras-de-las-ausencias-laborales\/#Trastorns_musculoesqueletics_una_causa_comuna_dabsencia\" title=\"Trastorns musculoesquel\u00e8tics: una causa comuna d&#8217;abs\u00e8ncia\">Trastorns musculoesquel\u00e8tics: una causa comuna d&#8217;abs\u00e8ncia<\/a><\/li><li class='ez-toc-page-1 ez-toc-heading-level-3'><a class=\"ez-toc-link ez-toc-heading-3\" href=\"https:\/\/www.ariasassessors.com\/ca\/las-razones-mas-habituales-detras-de-las-ausencias-laborales\/#Estres_laboral_limpacte_de_la_pressio_en_el_treball\" title=\"Estr\u00e8s laboral: l&#8217;impacte de la pressi\u00f3 en el treball\">Estr\u00e8s laboral: l&#8217;impacte de la pressi\u00f3 en el treball<\/a><\/li><li class='ez-toc-page-1 ez-toc-heading-level-3'><a class=\"ez-toc-link ez-toc-heading-4\" href=\"https:\/\/www.ariasassessors.com\/ca\/las-razones-mas-habituales-detras-de-las-ausencias-laborales\/#Absencies_per_malalties_infeccioses\" title=\"Abs\u00e8ncies per malalties infeccioses\">Abs\u00e8ncies per malalties infeccioses<\/a><\/li><li class='ez-toc-page-1 ez-toc-heading-level-3'><a class=\"ez-toc-link ez-toc-heading-5\" href=\"https:\/\/www.ariasassessors.com\/ca\/las-razones-mas-habituales-detras-de-las-ausencias-laborales\/#Lesions_esportives_i_accidents_no_laborals\" title=\"Lesions esportives i accidents no laborals\">Lesions esportives i accidents no laborals<\/a><\/li><\/ul><\/nav><\/div>\n<h3><span class=\"ez-toc-section\" id=\"Malalties_respiratories_virus_i_altres_factors_ambientals\"><\/span>Malalties respirat\u00f2ries: virus i altres factors ambientals<span class=\"ez-toc-section-end\"><\/span><\/h3>\n<p>Una grip severa pot deixar-nos fora de combat per complet. Les malalties respirat\u00f2ries, que inclouen grip, refredats i altres patologies del sistema respiratori, s\u00f3n una de les principals causes d&#8217;abs\u00e8ncia laboral per conting\u00e8ncies comunes a Espanya. L&#8217;exposici\u00f3 a factors ambientals com la contaminaci\u00f3 de l&#8217;aire, el pol\u00b7len i altres al\u00b7l\u00e8rgens pot contribuir a la proliferaci\u00f3 i agreujament d&#8217;aquestes malalties, especialment en els mesos m\u00e9s freds. A m\u00e9s, la manca de mesures preventives, com una ventilaci\u00f3 adequada al lloc de treball, pot augmentar el risc de propagaci\u00f3 de malalties respirat\u00f2ries entre els treballadors.<\/p>\n<h3><span class=\"ez-toc-section\" id=\"Trastorns_musculoesqueletics_una_causa_comuna_dabsencia\"><\/span>Trastorns musculoesquel\u00e8tics: una causa comuna d&#8217;abs\u00e8ncia<span class=\"ez-toc-section-end\"><\/span><\/h3>\n<p>Els trastorns musculoesquel\u00e8tics, com el s\u00edndrome del t\u00fanel carpia i les lesions a l&#8217;esquena, s\u00f3n una altra causa freq\u00fcent d&#8217;abs\u00e8ncies laborals per conting\u00e8ncies comunes. Aquests trastorns estan relacionats sovint amb l&#8217;ergonomia laboral i la manca de mesures preventives per protegir la salut f\u00edsica dels treballadors. Passar moltes hores de treball en postures inc\u00f2modes, la manca de descans i un \u00fas inadequat d&#8217;equips poden contribuir a aquests problemes de salut.<\/p>\n<h3><span class=\"ez-toc-section\" id=\"Estres_laboral_limpacte_de_la_pressio_en_el_treball\"><\/span>Estr\u00e8s laboral: l&#8217;impacte de la pressi\u00f3 en el treball<span class=\"ez-toc-section-end\"><\/span><\/h3>\n<p>L&#8217;estr\u00e8s laboral tamb\u00e9 provoca abs\u00e8ncies laborals per conting\u00e8ncies comunes a Espanya, i aqu\u00ed entrem directament en el terreny de la salut mental, sovint ignorada. Les demandes excessives, la pressi\u00f3 constant i el desequilibri entre la feina i la vida personal poden contribuir al desenvolupament de problemes de salut mental i f\u00edsica. L&#8217;estr\u00e8s laboral no nom\u00e9s afecta el benestar individual dels treballadors, sin\u00f3 que tamb\u00e9 t\u00e9 un impacte en la productivitat i en l&#8217;ambient laboral en general.<\/p>\n<h3><span class=\"ez-toc-section\" id=\"Absencies_per_malalties_infeccioses\"><\/span>Abs\u00e8ncies per malalties infeccioses<span class=\"ez-toc-section-end\"><\/span><\/h3>\n<p>Les malalties infeccioses, com la gastroenteritis i altres infeccions v\u00edriques, tamb\u00e9 s\u00f3n causes freq\u00fcents d&#8217;abs\u00e8ncies laborals per conting\u00e8ncies comunes a Espanya. Tot i que puguin semblar estranyes al segle XXI, aquestes malalties es poden propagar f\u00e0cilment en entorns laborals on es comparteixen espais i estris, i on les mesures d&#8217;higiene no s&#8217;apliquen adequadament.<\/p>\n<h3><span class=\"ez-toc-section\" id=\"Lesions_esportives_i_accidents_no_laborals\"><\/span>Lesions esportives i accidents no laborals<span class=\"ez-toc-section-end\"><\/span><\/h3>\n<p>Les lesions derivades d&#8217;activitats esportives o accidents no laborals tamb\u00e9 s\u00f3n una causa comuna d&#8217;abs\u00e8ncies laborals per conting\u00e8ncies comunes. Aquestes situacions poden oc\u00f3rrer tant dins com fora del lloc de treball, i la seva prevenci\u00f3 implica mesures generals de seguretat per part de l&#8217;empresa, per\u00f2 tamb\u00e9 i sobretot del treballador.<\/p>\n<p>Necessites assessorament sobre com abordar aquestes situacions a la teva empresa? Contacta&#8217;ns avui mateix per obtenir assessorament personalitzat i solucions efectives per a la gesti\u00f3 de recursos humans. L&#8217;equip d&#8217;experts en assessoria laboral d&#8217;Arias Assessors est\u00e0 aqu\u00ed per ajudar-te.<\/p>\n","protected":false},"excerpt":{"rendered":"<p>L&#8217;abs\u00e8ncia del treball a causa de conting\u00e8ncies comunes \u00e9s un tema que afecta tant als treballadors com a les empreses per igual a Espanya. Segons dades de l&#8217;INE, el 2023 les baixes m\u00e8diques per conting\u00e8ncies comunes van augmentar en un 33%, la qual cosa \u00e9s&#8230;<\/p>\n","protected":false},"author":2,"featured_media":3294,"comment_status":"open","ping_status":"open","sticky":false,"template":"","format":"standard","meta":{"footnotes":""},"categories":[4],"tags":[],"class_list":["post-3296","post","type-post","status-publish","format-standard","has-post-thumbnail","hentry","category-noticies"],"yoast_head":"<!-- This site is optimized with the Yoast SEO plugin v24.3 - https:\/\/yoast.com\/wordpress\/plugins\/seo\/ -->\n<title>Les raons m\u00e9s habituals de les abs\u00e8ncies laborals | Arias Assessors<\/title>\n<meta name=\"description\" content=\"Descobreix les causes m\u00e9s habituals d&#039;abs\u00e8ncies laborals a Espanya, des de malalties respirat\u00f2ries fins a estr\u00e8s laboral, i com abordar-les.\" \/>\n<meta name=\"robots\" content=\"index, follow, max-snippet:-1, max-image-preview:large, max-video-preview:-1\" \/>\n<link rel=\"canonical\" href=\"https:\/\/www.ariasassessors.com\/ca\/las-razones-mas-habituales-detras-de-las-ausencias-laborales\/\" \/>\n<meta property=\"og:locale\" content=\"ca_ES\" \/>\n<meta property=\"og:type\" content=\"article\" \/>\n<meta property=\"og:title\" content=\"Les raons m\u00e9s habituals de les abs\u00e8ncies laborals | Arias Assessors\" \/>\n<meta property=\"og:description\" content=\"Descobreix les causes m\u00e9s habituals d&#039;abs\u00e8ncies laborals a Espanya, des de malalties respirat\u00f2ries fins a estr\u00e8s laboral, i com abordar-les.\" \/>\n<meta property=\"og:url\" content=\"https:\/\/www.ariasassessors.com\/ca\/las-razones-mas-habituales-detras-de-las-ausencias-laborales\/\" \/>\n<meta property=\"og:site_name\" content=\"Arias Assessors\" \/>\n<meta property=\"article:publisher\" content=\"https:\/\/www.facebook.com\/ariasassessors\/\" \/>\n<meta property=\"article:published_time\" content=\"2024-05-06T08:09:29+00:00\" \/>\n<meta property=\"article:modified_time\" content=\"2024-04-22T10:11:37+00:00\" \/>\n<meta property=\"og:image\" content=\"https:\/\/www.ariasassessors.com\/wp-content\/uploads\/2024\/04\/24_05_06_lesiones.png\" \/>\n\t<meta property=\"og:image:width\" content=\"1000\" \/>\n\t<meta property=\"og:image:height\" content=\"667\" \/>\n\t<meta property=\"og:image:type\" content=\"image\/png\" \/>\n<meta name=\"author\" content=\"btorras\" \/>\n<meta name=\"twitter:card\" content=\"summary_large_image\" \/>\n<meta name=\"twitter:creator\" content=\"@ariasassessors\" \/>\n<meta name=\"twitter:site\" content=\"@ariasassessors\" \/>\n<meta name=\"twitter:label1\" content=\"Escrit per\" \/>\n\t<meta name=\"twitter:data1\" content=\"btorras\" \/>\n\t<meta name=\"twitter:label2\" content=\"Temps estimat de lectura\" \/>\n\t<meta name=\"twitter:data2\" content=\"3 minuts\" \/>\n<script type=\"application\/ld+json\" class=\"yoast-schema-graph\">{\"@context\":\"https:\/\/schema.org\",\"@graph\":[{\"@type\":\"Article\",\"@id\":\"https:\/\/www.ariasassessors.com\/ca\/las-razones-mas-habituales-detras-de-las-ausencias-laborales\/#article\",\"isPartOf\":{\"@id\":\"https:\/\/www.ariasassessors.com\/ca\/las-razones-mas-habituales-detras-de-las-ausencias-laborales\/\"},\"author\":{\"name\":\"btorras\",\"@id\":\"https:\/\/www.ariasassessors.com\/#\/schema\/person\/63c6ad1775f0a9413c37932562673cef\"},\"headline\":\"Les raons m\u00e9s habituals darrere de les abs\u00e8ncies laborals\",\"datePublished\":\"2024-05-06T08:09:29+00:00\",\"dateModified\":\"2024-04-22T10:11:37+00:00\",\"mainEntityOfPage\":{\"@id\":\"https:\/\/www.ariasassessors.com\/ca\/las-razones-mas-habituales-detras-de-las-ausencias-laborales\/\"},\"wordCount\":634,\"commentCount\":0,\"publisher\":{\"@id\":\"https:\/\/www.ariasassessors.com\/#organization\"},\"image\":{\"@id\":\"https:\/\/www.ariasassessors.com\/ca\/las-razones-mas-habituales-detras-de-las-ausencias-laborales\/#primaryimage\"},\"thumbnailUrl\":\"https:\/\/www.ariasassessors.com\/wp-content\/uploads\/2024\/04\/24_05_06_lesiones.png\",\"articleSection\":[\"noticies\"],\"inLanguage\":\"ca\",\"potentialAction\":[{\"@type\":\"CommentAction\",\"name\":\"Comment\",\"target\":[\"https:\/\/www.ariasassessors.com\/ca\/las-razones-mas-habituales-detras-de-las-ausencias-laborales\/#respond\"]}]},{\"@type\":\"WebPage\",\"@id\":\"https:\/\/www.ariasassessors.com\/ca\/las-razones-mas-habituales-detras-de-las-ausencias-laborales\/\",\"url\":\"https:\/\/www.ariasassessors.com\/ca\/las-razones-mas-habituales-detras-de-las-ausencias-laborales\/\",\"name\":\"Les raons m\u00e9s habituals de les abs\u00e8ncies laborals | Arias Assessors\",\"isPartOf\":{\"@id\":\"https:\/\/www.ariasassessors.com\/#website\"},\"primaryImageOfPage\":{\"@id\":\"https:\/\/www.ariasassessors.com\/ca\/las-razones-mas-habituales-detras-de-las-ausencias-laborales\/#primaryimage\"},\"image\":{\"@id\":\"https:\/\/www.ariasassessors.com\/ca\/las-razones-mas-habituales-detras-de-las-ausencias-laborales\/#primaryimage\"},\"thumbnailUrl\":\"https:\/\/www.ariasassessors.com\/wp-content\/uploads\/2024\/04\/24_05_06_lesiones.png\",\"datePublished\":\"2024-05-06T08:09:29+00:00\",\"dateModified\":\"2024-04-22T10:11:37+00:00\",\"description\":\"Descobreix les causes m\u00e9s habituals d'abs\u00e8ncies laborals a Espanya, des de malalties respirat\u00f2ries fins a estr\u00e8s laboral, i com abordar-les.\",\"breadcrumb\":{\"@id\":\"https:\/\/www.ariasassessors.com\/ca\/las-razones-mas-habituales-detras-de-las-ausencias-laborales\/#breadcrumb\"},\"inLanguage\":\"ca\",\"potentialAction\":[{\"@type\":\"ReadAction\",\"target\":[\"https:\/\/www.ariasassessors.com\/ca\/las-razones-mas-habituales-detras-de-las-ausencias-laborales\/\"]}]},{\"@type\":\"ImageObject\",\"inLanguage\":\"ca\",\"@id\":\"https:\/\/www.ariasassessors.com\/ca\/las-razones-mas-habituales-detras-de-las-ausencias-laborales\/#primaryimage\",\"url\":\"https:\/\/www.ariasassessors.com\/wp-content\/uploads\/2024\/04\/24_05_06_lesiones.png\",\"contentUrl\":\"https:\/\/www.ariasassessors.com\/wp-content\/uploads\/2024\/04\/24_05_06_lesiones.png\",\"width\":1000,\"height\":667,\"caption\":\"ausencias laborales\"},{\"@type\":\"BreadcrumbList\",\"@id\":\"https:\/\/www.ariasassessors.com\/ca\/las-razones-mas-habituales-detras-de-las-ausencias-laborales\/#breadcrumb\",\"itemListElement\":[{\"@type\":\"ListItem\",\"position\":1,\"name\":\"Portada\",\"item\":\"https:\/\/www.ariasassessors.com\/ca\/\"},{\"@type\":\"ListItem\",\"position\":2,\"name\":\"Les raons m\u00e9s habituals darrere de les abs\u00e8ncies laborals\"}]},{\"@type\":\"WebSite\",\"@id\":\"https:\/\/www.ariasassessors.com\/#website\",\"url\":\"https:\/\/www.ariasassessors.com\/\",\"name\":\"Arias Assessors\",\"description\":\"Asesor\u00eda para aut\u00f3nomos, profesionales y PYMES\",\"publisher\":{\"@id\":\"https:\/\/www.ariasassessors.com\/#organization\"},\"potentialAction\":[{\"@type\":\"SearchAction\",\"target\":{\"@type\":\"EntryPoint\",\"urlTemplate\":\"https:\/\/www.ariasassessors.com\/?s={search_term_string}\"},\"query-input\":{\"@type\":\"PropertyValueSpecification\",\"valueRequired\":true,\"valueName\":\"search_term_string\"}}],\"inLanguage\":\"ca\"},{\"@type\":\"Organization\",\"@id\":\"https:\/\/www.ariasassessors.com\/#organization\",\"name\":\"Arias Assessors\",\"url\":\"https:\/\/www.ariasassessors.com\/\",\"logo\":{\"@type\":\"ImageObject\",\"inLanguage\":\"ca\",\"@id\":\"https:\/\/www.ariasassessors.com\/#\/schema\/logo\/image\/\",\"url\":\"https:\/\/www.ariasassessors.com\/wp-content\/uploads\/2019\/01\/arias-logo.png\",\"contentUrl\":\"https:\/\/www.ariasassessors.com\/wp-content\/uploads\/2019\/01\/arias-logo.png\",\"width\":349,\"height\":254,\"caption\":\"Arias Assessors\"},\"image\":{\"@id\":\"https:\/\/www.ariasassessors.com\/#\/schema\/logo\/image\/\"},\"sameAs\":[\"https:\/\/www.facebook.com\/ariasassessors\/\",\"https:\/\/x.com\/ariasassessors\",\"https:\/\/www.linkedin.com\/company\/r&amp;amp;r-growing-knowledge\/\"]},{\"@type\":\"Person\",\"@id\":\"https:\/\/www.ariasassessors.com\/#\/schema\/person\/63c6ad1775f0a9413c37932562673cef\",\"name\":\"btorras\",\"image\":{\"@type\":\"ImageObject\",\"inLanguage\":\"ca\",\"@id\":\"https:\/\/www.ariasassessors.com\/#\/schema\/person\/image\/\",\"url\":\"https:\/\/secure.gravatar.com\/avatar\/0531db351fc361fdbfd204c58fa2d6a3?s=96&d=mm&r=g\",\"contentUrl\":\"https:\/\/secure.gravatar.com\/avatar\/0531db351fc361fdbfd204c58fa2d6a3?s=96&d=mm&r=g\",\"caption\":\"btorras\"}}]}<\/script>\n<!-- \/ Yoast SEO plugin. -->","yoast_head_json":{"title":"Les raons m\u00e9s habituals de les abs\u00e8ncies laborals | Arias Assessors","description":"Descobreix les causes m\u00e9s habituals d'abs\u00e8ncies laborals a Espanya, des de malalties respirat\u00f2ries fins a estr\u00e8s laboral, i com abordar-les.","robots":{"index":"index","follow":"follow","max-snippet":"max-snippet:-1","max-image-preview":"max-image-preview:large","max-video-preview":"max-video-preview:-1"},"canonical":"https:\/\/www.ariasassessors.com\/ca\/las-razones-mas-habituales-detras-de-las-ausencias-laborales\/","og_locale":"ca_ES","og_type":"article","og_title":"Les raons m\u00e9s habituals de les abs\u00e8ncies laborals | Arias Assessors","og_description":"Descobreix les causes m\u00e9s habituals d'abs\u00e8ncies laborals a Espanya, des de malalties respirat\u00f2ries fins a estr\u00e8s laboral, i com abordar-les.","og_url":"https:\/\/www.ariasassessors.com\/ca\/las-razones-mas-habituales-detras-de-las-ausencias-laborales\/","og_site_name":"Arias Assessors","article_publisher":"https:\/\/www.facebook.com\/ariasassessors\/","article_published_time":"2024-05-06T08:09:29+00:00","article_modified_time":"2024-04-22T10:11:37+00:00","og_image":[{"width":1000,"height":667,"url":"https:\/\/www.ariasassessors.com\/wp-content\/uploads\/2024\/04\/24_05_06_lesiones.png","type":"image\/png"}],"author":"btorras","twitter_card":"summary_large_image","twitter_creator":"@ariasassessors","twitter_site":"@ariasassessors","twitter_misc":{"Escrit per":"btorras","Temps estimat de lectura":"3 minuts"},"schema":{"@context":"https:\/\/schema.org","@graph":[{"@type":"Article","@id":"https:\/\/www.ariasassessors.com\/ca\/las-razones-mas-habituales-detras-de-las-ausencias-laborales\/#article","isPartOf":{"@id":"https:\/\/www.ariasassessors.com\/ca\/las-razones-mas-habituales-detras-de-las-ausencias-laborales\/"},"author":{"name":"btorras","@id":"https:\/\/www.ariasassessors.com\/#\/schema\/person\/63c6ad1775f0a9413c37932562673cef"},"headline":"Les raons m\u00e9s habituals darrere de les abs\u00e8ncies laborals","datePublished":"2024-05-06T08:09:29+00:00","dateModified":"2024-04-22T10:11:37+00:00","mainEntityOfPage":{"@id":"https:\/\/www.ariasassessors.com\/ca\/las-razones-mas-habituales-detras-de-las-ausencias-laborales\/"},"wordCount":634,"commentCount":0,"publisher":{"@id":"https:\/\/www.ariasassessors.com\/#organization"},"image":{"@id":"https:\/\/www.ariasassessors.com\/ca\/las-razones-mas-habituales-detras-de-las-ausencias-laborales\/#primaryimage"},"thumbnailUrl":"https:\/\/www.ariasassessors.com\/wp-content\/uploads\/2024\/04\/24_05_06_lesiones.png","articleSection":["noticies"],"inLanguage":"ca","potentialAction":[{"@type":"CommentAction","name":"Comment","target":["https:\/\/www.ariasassessors.com\/ca\/las-razones-mas-habituales-detras-de-las-ausencias-laborales\/#respond"]}]},{"@type":"WebPage","@id":"https:\/\/www.ariasassessors.com\/ca\/las-razones-mas-habituales-detras-de-las-ausencias-laborales\/","url":"https:\/\/www.ariasassessors.com\/ca\/las-razones-mas-habituales-detras-de-las-ausencias-laborales\/","name":"Les raons m\u00e9s habituals de les abs\u00e8ncies laborals | Arias Assessors","isPartOf":{"@id":"https:\/\/www.ariasassessors.com\/#website"},"primaryImageOfPage":{"@id":"https:\/\/www.ariasassessors.com\/ca\/las-razones-mas-habituales-detras-de-las-ausencias-laborales\/#primaryimage"},"image":{"@id":"https:\/\/www.ariasassessors.com\/ca\/las-razones-mas-habituales-detras-de-las-ausencias-laborales\/#primaryimage"},"thumbnailUrl":"https:\/\/www.ariasassessors.com\/wp-content\/uploads\/2024\/04\/24_05_06_lesiones.png","datePublished":"2024-05-06T08:09:29+00:00","dateModified":"2024-04-22T10:11:37+00:00","description":"Descobreix les causes m\u00e9s habituals d'abs\u00e8ncies laborals a Espanya, des de malalties respirat\u00f2ries fins a estr\u00e8s laboral, i com abordar-les.","breadcrumb":{"@id":"https:\/\/www.ariasassessors.com\/ca\/las-razones-mas-habituales-detras-de-las-ausencias-laborales\/#breadcrumb"},"inLanguage":"ca","potentialAction":[{"@type":"ReadAction","target":["https:\/\/www.ariasassessors.com\/ca\/las-razones-mas-habituales-detras-de-las-ausencias-laborales\/"]}]},{"@type":"ImageObject","inLanguage":"ca","@id":"https:\/\/www.ariasassessors.com\/ca\/las-razones-mas-habituales-detras-de-las-ausencias-laborales\/#primaryimage","url":"https:\/\/www.ariasassessors.com\/wp-content\/uploads\/2024\/04\/24_05_06_lesiones.png","contentUrl":"https:\/\/www.ariasassessors.com\/wp-content\/uploads\/2024\/04\/24_05_06_lesiones.png","width":1000,"height":667,"caption":"ausencias laborales"},{"@type":"BreadcrumbList","@id":"https:\/\/www.ariasassessors.com\/ca\/las-razones-mas-habituales-detras-de-las-ausencias-laborales\/#breadcrumb","itemListElement":[{"@type":"ListItem","position":1,"name":"Portada","item":"https:\/\/www.ariasassessors.com\/ca\/"},{"@type":"ListItem","position":2,"name":"Les raons m\u00e9s habituals darrere de les abs\u00e8ncies laborals"}]},{"@type":"WebSite","@id":"https:\/\/www.ariasassessors.com\/#website","url":"https:\/\/www.ariasassessors.com\/","name":"Arias Assessors","description":"Asesor\u00eda para aut\u00f3nomos, profesionales y PYMES","publisher":{"@id":"https:\/\/www.ariasassessors.com\/#organization"},"potentialAction":[{"@type":"SearchAction","target":{"@type":"EntryPoint","urlTemplate":"https:\/\/www.ariasassessors.com\/?s={search_term_string}"},"query-input":{"@type":"PropertyValueSpecification","valueRequired":true,"valueName":"search_term_string"}}],"inLanguage":"ca"},{"@type":"Organization","@id":"https:\/\/www.ariasassessors.com\/#organization","name":"Arias Assessors","url":"https:\/\/www.ariasassessors.com\/","logo":{"@type":"ImageObject","inLanguage":"ca","@id":"https:\/\/www.ariasassessors.com\/#\/schema\/logo\/image\/","url":"https:\/\/www.ariasassessors.com\/wp-content\/uploads\/2019\/01\/arias-logo.png","contentUrl":"https:\/\/www.ariasassessors.com\/wp-content\/uploads\/2019\/01\/arias-logo.png","width":349,"height":254,"caption":"Arias Assessors"},"image":{"@id":"https:\/\/www.ariasassessors.com\/#\/schema\/logo\/image\/"},"sameAs":["https:\/\/www.facebook.com\/ariasassessors\/","https:\/\/x.com\/ariasassessors","https:\/\/www.linkedin.com\/company\/r&amp;amp;r-growing-knowledge\/"]},{"@type":"Person","@id":"https:\/\/www.ariasassessors.com\/#\/schema\/person\/63c6ad1775f0a9413c37932562673cef","name":"btorras","image":{"@type":"ImageObject","inLanguage":"ca","@id":"https:\/\/www.ariasassessors.com\/#\/schema\/person\/image\/","url":"https:\/\/secure.gravatar.com\/avatar\/0531db351fc361fdbfd204c58fa2d6a3?s=96&d=mm&r=g","contentUrl":"https:\/\/secure.gravatar.com\/avatar\/0531db351fc361fdbfd204c58fa2d6a3?s=96&d=mm&r=g","caption":"btorras"}}]}},"_links":{"self":[{"href":"https:\/\/www.ariasassessors.com\/ca\/wp-json\/wp\/v2\/posts\/3296","targetHints":{"allow":["GET"]}}],"collection":[{"href":"https:\/\/www.ariasassessors.com\/ca\/wp-json\/wp\/v2\/posts"}],"about":[{"href":"https:\/\/www.ariasassessors.com\/ca\/wp-json\/wp\/v2\/types\/post"}],"author":[{"embeddable":true,"href":"https:\/\/www.ariasassessors.com\/ca\/wp-json\/wp\/v2\/users\/2"}],"replies":[{"embeddable":true,"href":"https:\/\/www.ariasassessors.com\/ca\/wp-json\/wp\/v2\/comments?post=3296"}],"version-history":[{"count":3,"href":"https:\/\/www.ariasassessors.com\/ca\/wp-json\/wp\/v2\/posts\/3296\/revisions"}],"predecessor-version":[{"id":3299,"href":"https:\/\/www.ariasassessors.com\/ca\/wp-json\/wp\/v2\/posts\/3296\/revisions\/3299"}],"wp:featuredmedia":[{"embeddable":true,"href":"https:\/\/www.ariasassessors.com\/ca\/wp-json\/wp\/v2\/media\/3294"}],"wp:attachment":[{"href":"https:\/\/www.ariasassessors.com\/ca\/wp-json\/wp\/v2\/media?parent=3296"}],"wp:term":[{"taxonomy":"category","embeddable":true,"href":"https:\/\/www.ariasassessors.com\/ca\/wp-json\/wp\/v2\/categories?post=3296"},{"taxonomy":"post_tag","embeddable":true,"href":"https:\/\/www.ariasassessors.com\/ca\/wp-json\/wp\/v2\/tags?post=3296"}],"curies":[{"name":"wp","href":"https:\/\/api.w.org\/{rel}","templated":true}]}}