{"id":3325,"date":"2024-06-03T16:30:59","date_gmt":"2024-06-03T14:30:59","guid":{"rendered":"https:\/\/www.ariasassessors.com\/?p=3325"},"modified":"2024-05-22T12:46:04","modified_gmt":"2024-05-22T10:46:04","slug":"los-autonomos-podran-beneficiarse-de-cuotas-reducidas-durante-cinco-anos-2","status":"publish","type":"post","link":"https:\/\/www.ariasassessors.com\/ca\/los-autonomos-podran-beneficiarse-de-cuotas-reducidas-durante-cinco-anos-2\/","title":{"rendered":"Els aut\u00f2noms podran beneficiar-se de quotes redu\u00efdes durant cinc anys"},"content":{"rendered":"<p>L&#8217;entrada en vigor del Reial Decret Llei 13\/2022 de 26 de juliol de 2022 ha portat importants canvis en el sistema de cotitzaci\u00f3 per als treballadors aut\u00f2noms a Espanya. Entre aquestes modificacions es troba la nova tarifa plana, ara anomenada tarifa redu\u00efda, que permet a la majoria d&#8217;aut\u00f2noms pagar una quota redu\u00efda de 80 euros al mes durant un any, amb possibilitat d&#8217;ampliaci\u00f3 a dos anys. No obstant aix\u00f2, hi ha certs col\u00b7lectius especials que poden gaudir d&#8217;aquesta bonificaci\u00f3 durant un total de cinc anys.<\/p>\n<div id=\"ez-toc-container\" class=\"ez-toc-v2_0_72 counter-hierarchy ez-toc-counter ez-toc-grey ez-toc-container-direction\">\n<div class=\"ez-toc-title-container\">\n<p class=\"ez-toc-title\" style=\"cursor:inherit\">\u00cdndice de Contenidos<\/p>\n<span class=\"ez-toc-title-toggle\"><a href=\"#\" class=\"ez-toc-pull-right ez-toc-btn ez-toc-btn-xs ez-toc-btn-default ez-toc-toggle\" aria-label=\"Toggle Table of Content\"><span class=\"ez-toc-js-icon-con\"><span class=\"\"><span class=\"eztoc-hide\" style=\"display:none;\">Toggle<\/span><span class=\"ez-toc-icon-toggle-span\"><svg style=\"fill: #428bca;color:#428bca\" xmlns=\"http:\/\/www.w3.org\/2000\/svg\" class=\"list-377408\" width=\"20px\" height=\"20px\" viewBox=\"0 0 24 24\" fill=\"none\"><path d=\"M6 6H4v2h2V6zm14 0H8v2h12V6zM4 11h2v2H4v-2zm16 0H8v2h12v-2zM4 16h2v2H4v-2zm16 0H8v2h12v-2z\" fill=\"currentColor\"><\/path><\/svg><svg style=\"fill: #428bca;color:#428bca\" class=\"arrow-unsorted-368013\" xmlns=\"http:\/\/www.w3.org\/2000\/svg\" width=\"10px\" height=\"10px\" viewBox=\"0 0 24 24\" version=\"1.2\" baseProfile=\"tiny\"><path d=\"M18.2 9.3l-6.2-6.3-6.2 6.3c-.2.2-.3.4-.3.7s.1.5.3.7c.2.2.4.3.7.3h11c.3 0 .5-.1.7-.3.2-.2.3-.5.3-.7s-.1-.5-.3-.7zM5.8 14.7l6.2 6.3 6.2-6.3c.2-.2.3-.5.3-.7s-.1-.5-.3-.7c-.2-.2-.4-.3-.7-.3h-11c-.3 0-.5.1-.7.3-.2.2-.3.5-.3.7s.1.5.3.7z\"\/><\/svg><\/span><\/span><\/span><\/a><\/span><\/div>\n<nav><ul class='ez-toc-list ez-toc-list-level-1 eztoc-toggle-hide-by-default' ><ul class='ez-toc-list-level-3' ><li class='ez-toc-heading-level-3'><a class=\"ez-toc-link ez-toc-heading-1\" href=\"https:\/\/www.ariasassessors.com\/ca\/los-autonomos-podran-beneficiarse-de-cuotas-reducidas-durante-cinco-anos-2\/#Ampliacio_de_la_tarifa_plana_Que_implica_i_qui_pot_beneficiar-sen\" title=\"Ampliaci\u00f3 de la tarifa plana: Qu\u00e8 implica i qui pot beneficiar-se&#8217;n?\">Ampliaci\u00f3 de la tarifa plana: Qu\u00e8 implica i qui pot beneficiar-se&#8217;n?<\/a><\/li><li class='ez-toc-page-1 ez-toc-heading-level-3'><a class=\"ez-toc-link ez-toc-heading-2\" href=\"https:\/\/www.ariasassessors.com\/ca\/los-autonomos-podran-beneficiarse-de-cuotas-reducidas-durante-cinco-anos-2\/#Procediment_per_ampliar_la_durada_de_la_tarifa_plana\" title=\"Procediment per ampliar la durada de la tarifa plana\">Procediment per ampliar la durada de la tarifa plana<\/a><\/li><\/ul><\/li><li class='ez-toc-page-1 ez-toc-heading-level-2'><a class=\"ez-toc-link ez-toc-heading-3\" href=\"https:\/\/www.ariasassessors.com\/ca\/los-autonomos-podran-beneficiarse-de-cuotas-reducidas-durante-cinco-anos-2\/#Necessites_assessorament\" title=\"Necessites assessorament?\">Necessites assessorament?<\/a><\/li><\/ul><\/nav><\/div>\n<h3><span class=\"ez-toc-section\" id=\"Ampliacio_de_la_tarifa_plana_Que_implica_i_qui_pot_beneficiar-sen\"><\/span>Ampliaci\u00f3 de la tarifa plana: Qu\u00e8 implica i qui pot beneficiar-se&#8217;n?<span class=\"ez-toc-section-end\"><\/span><\/h3>\n<p>Segons l&#8217;article 38 de l&#8217;Estatut del Treball Aut\u00f2nom, alguns col\u00b7lectius, com les persones amb un 33% o m\u00e9s de discapacitat, poden accedir a una bonificaci\u00f3 inicial de 24 mesos, ampliable a 36 mesos m\u00e9s. Aix\u00f2 significa que podrien gaudir fins a cinc anys de quota redu\u00efda.<\/p>\n<h3><span class=\"ez-toc-section\" id=\"Procediment_per_ampliar_la_durada_de_la_tarifa_plana\"><\/span>Procediment per ampliar la durada de la tarifa plana<span class=\"ez-toc-section-end\"><\/span><\/h3>\n<p>Els nous aut\u00f2noms que desitgin ampliar la durada de la Tarifa Plana hauran de complir amb cert requisits i sol\u00b7licitar expressament aquesta ampliaci\u00f3 a la Seguretat Social. \u00c9s important realitzar aquest tr\u00e0mit dins del termini establert i a trav\u00e9s dels canals adequats.<\/p>\n<p>L&#8217;ampliaci\u00f3 de la tarifa plana ofereix una oportunitat valuosa per als aut\u00f2noms de reduir els seus costos durant els primers anys d&#8217;activitat. No obstant aix\u00f2, \u00e9s fonamental estar informat sobre els requisits i procediments necessaris per beneficiar-se d&#8217;aquesta bonificaci\u00f3. A Arias Assessors, estem aqu\u00ed per proporcionar assessorament i orientaci\u00f3 en tot el proc\u00e9s, assegurant que els nostres clients aprofitin al m\u00e0xim els beneficis disponibles per a ells. Per obtenir m\u00e9s informaci\u00f3 sobre com ampliar la tarifa plana i altres avantatges per als aut\u00f2noms, contacta&#8217;ns avui mateix!<\/p>\n<h2><span class=\"ez-toc-section\" id=\"Necessites_assessorament\"><\/span>Necessites assessorament?<span class=\"ez-toc-section-end\"><\/span><\/h2>\n<p>Si et trobes en una situaci\u00f3 on necessites presentar una declaraci\u00f3 complement\u00e0ria o tens dubtes sobre com fer-ho correctament, \u00e9s fonamental comptar amb l&#8217;assessorament professional adequat. A Arias Assessors estem aqu\u00ed per ajudar-te.<\/p>\n<p><strong>Per qu\u00e8 triar Arias Assessors?<\/strong><\/p>\n<p>Experi\u00e8ncia i especialitzaci\u00f3: Comptem amb un equip d&#8217;experts en mat\u00e8ria fiscal amb \u00e0mplia experi\u00e8ncia en la presentaci\u00f3 de declaracions complement\u00e0ries i resoluci\u00f3 de problemes fiscals. Assessorament personalitzat: Ens comprometem a proporcionar-te un assessorament personalitzat i adaptat a la teva situaci\u00f3 espec\u00edfica. Ens prenem el temps necessari per entendre les teves necessitats i oferir-te solucions eficaces. Compliment normatiu: El nostre objectiu \u00e9s garantir el compliment adequat de les teves obligacions tribut\u00e0ries, evitant possibles sancions o problemes amb l&#8217;administraci\u00f3 tribut\u00e0ria.<\/p>\n<p><a href=\"https:\/\/www.ariasassessors.com\/contacto\/\">Contacta&#8217;ns<\/a> avui mateix per obtenir ajuda especialitzada i garantir el compliment adequat de les teves obligacions tribut\u00e0ries<\/p>\n","protected":false},"excerpt":{"rendered":"<p>L&#8217;entrada en vigor del Reial Decret Llei 13\/2022 de 26 de juliol de 2022 ha portat importants canvis en el sistema de cotitzaci\u00f3 per als treballadors aut\u00f2noms a Espanya. Entre aquestes modificacions es troba la nova tarifa plana, ara anomenada tarifa redu\u00efda, que permet a&#8230;<\/p>\n","protected":false},"author":2,"featured_media":3322,"comment_status":"open","ping_status":"open","sticky":false,"template":"","format":"standard","meta":{"footnotes":""},"categories":[4],"tags":[],"class_list":["post-3325","post","type-post","status-publish","format-standard","has-post-thumbnail","hentry","category-noticies"],"yoast_head":"<!-- This site is optimized with the Yoast SEO plugin v24.3 - https:\/\/yoast.com\/wordpress\/plugins\/seo\/ -->\n<title>Els aut\u00f2noms podran beneficiar-se de quotes redu\u00efdes durant 5 anys | Arias Assessors<\/title>\n<meta name=\"description\" content=\"Descobreix com l&#039;ampliaci\u00f3 de la Tarifa Plana ofereix als aut\u00f2noms l&#039;oportunitat de reduir les seves quotes durant cinc anys.\" \/>\n<meta name=\"robots\" content=\"index, follow, max-snippet:-1, max-image-preview:large, max-video-preview:-1\" \/>\n<link rel=\"canonical\" href=\"https:\/\/www.ariasassessors.com\/ca\/los-autonomos-podran-beneficiarse-de-cuotas-reducidas-durante-cinco-anos-2\/\" \/>\n<meta property=\"og:locale\" content=\"ca_ES\" \/>\n<meta property=\"og:type\" content=\"article\" \/>\n<meta property=\"og:title\" content=\"Els aut\u00f2noms podran beneficiar-se de quotes redu\u00efdes durant 5 anys | Arias Assessors\" \/>\n<meta property=\"og:description\" content=\"Descobreix com l&#039;ampliaci\u00f3 de la Tarifa Plana ofereix als aut\u00f2noms l&#039;oportunitat de reduir les seves quotes durant cinc anys.\" \/>\n<meta property=\"og:url\" content=\"https:\/\/www.ariasassessors.com\/ca\/los-autonomos-podran-beneficiarse-de-cuotas-reducidas-durante-cinco-anos-2\/\" \/>\n<meta property=\"og:site_name\" content=\"Arias Assessors\" \/>\n<meta property=\"article:publisher\" content=\"https:\/\/www.facebook.com\/ariasassessors\/\" \/>\n<meta property=\"article:published_time\" content=\"2024-06-03T14:30:59+00:00\" \/>\n<meta property=\"article:modified_time\" content=\"2024-05-22T10:46:04+00:00\" \/>\n<meta property=\"og:image\" content=\"https:\/\/www.ariasassessors.com\/wp-content\/uploads\/2024\/04\/24_06_03.png\" \/>\n\t<meta property=\"og:image:width\" content=\"1000\" \/>\n\t<meta property=\"og:image:height\" content=\"667\" \/>\n\t<meta property=\"og:image:type\" content=\"image\/png\" \/>\n<meta name=\"author\" content=\"btorras\" \/>\n<meta name=\"twitter:card\" content=\"summary_large_image\" \/>\n<meta name=\"twitter:creator\" content=\"@ariasassessors\" \/>\n<meta name=\"twitter:site\" content=\"@ariasassessors\" \/>\n<meta name=\"twitter:label1\" content=\"Escrit per\" \/>\n\t<meta name=\"twitter:data1\" content=\"btorras\" \/>\n\t<meta name=\"twitter:label2\" content=\"Temps estimat de lectura\" \/>\n\t<meta name=\"twitter:data2\" content=\"2 minuts\" \/>\n<script type=\"application\/ld+json\" class=\"yoast-schema-graph\">{\"@context\":\"https:\/\/schema.org\",\"@graph\":[{\"@type\":\"Article\",\"@id\":\"https:\/\/www.ariasassessors.com\/ca\/los-autonomos-podran-beneficiarse-de-cuotas-reducidas-durante-cinco-anos-2\/#article\",\"isPartOf\":{\"@id\":\"https:\/\/www.ariasassessors.com\/ca\/los-autonomos-podran-beneficiarse-de-cuotas-reducidas-durante-cinco-anos-2\/\"},\"author\":{\"name\":\"btorras\",\"@id\":\"https:\/\/www.ariasassessors.com\/#\/schema\/person\/63c6ad1775f0a9413c37932562673cef\"},\"headline\":\"Els aut\u00f2noms podran beneficiar-se de quotes redu\u00efdes durant cinc anys\",\"datePublished\":\"2024-06-03T14:30:59+00:00\",\"dateModified\":\"2024-05-22T10:46:04+00:00\",\"mainEntityOfPage\":{\"@id\":\"https:\/\/www.ariasassessors.com\/ca\/los-autonomos-podran-beneficiarse-de-cuotas-reducidas-durante-cinco-anos-2\/\"},\"wordCount\":446,\"commentCount\":0,\"publisher\":{\"@id\":\"https:\/\/www.ariasassessors.com\/#organization\"},\"image\":{\"@id\":\"https:\/\/www.ariasassessors.com\/ca\/los-autonomos-podran-beneficiarse-de-cuotas-reducidas-durante-cinco-anos-2\/#primaryimage\"},\"thumbnailUrl\":\"https:\/\/www.ariasassessors.com\/wp-content\/uploads\/2024\/04\/24_06_03.png\",\"articleSection\":[\"noticies\"],\"inLanguage\":\"ca\",\"potentialAction\":[{\"@type\":\"CommentAction\",\"name\":\"Comment\",\"target\":[\"https:\/\/www.ariasassessors.com\/ca\/los-autonomos-podran-beneficiarse-de-cuotas-reducidas-durante-cinco-anos-2\/#respond\"]}]},{\"@type\":\"WebPage\",\"@id\":\"https:\/\/www.ariasassessors.com\/ca\/los-autonomos-podran-beneficiarse-de-cuotas-reducidas-durante-cinco-anos-2\/\",\"url\":\"https:\/\/www.ariasassessors.com\/ca\/los-autonomos-podran-beneficiarse-de-cuotas-reducidas-durante-cinco-anos-2\/\",\"name\":\"Els aut\u00f2noms podran beneficiar-se de quotes redu\u00efdes durant 5 anys | Arias Assessors\",\"isPartOf\":{\"@id\":\"https:\/\/www.ariasassessors.com\/#website\"},\"primaryImageOfPage\":{\"@id\":\"https:\/\/www.ariasassessors.com\/ca\/los-autonomos-podran-beneficiarse-de-cuotas-reducidas-durante-cinco-anos-2\/#primaryimage\"},\"image\":{\"@id\":\"https:\/\/www.ariasassessors.com\/ca\/los-autonomos-podran-beneficiarse-de-cuotas-reducidas-durante-cinco-anos-2\/#primaryimage\"},\"thumbnailUrl\":\"https:\/\/www.ariasassessors.com\/wp-content\/uploads\/2024\/04\/24_06_03.png\",\"datePublished\":\"2024-06-03T14:30:59+00:00\",\"dateModified\":\"2024-05-22T10:46:04+00:00\",\"description\":\"Descobreix com l'ampliaci\u00f3 de la Tarifa Plana ofereix als aut\u00f2noms l'oportunitat de reduir les seves quotes durant cinc anys.\",\"breadcrumb\":{\"@id\":\"https:\/\/www.ariasassessors.com\/ca\/los-autonomos-podran-beneficiarse-de-cuotas-reducidas-durante-cinco-anos-2\/#breadcrumb\"},\"inLanguage\":\"ca\",\"potentialAction\":[{\"@type\":\"ReadAction\",\"target\":[\"https:\/\/www.ariasassessors.com\/ca\/los-autonomos-podran-beneficiarse-de-cuotas-reducidas-durante-cinco-anos-2\/\"]}]},{\"@type\":\"ImageObject\",\"inLanguage\":\"ca\",\"@id\":\"https:\/\/www.ariasassessors.com\/ca\/los-autonomos-podran-beneficiarse-de-cuotas-reducidas-durante-cinco-anos-2\/#primaryimage\",\"url\":\"https:\/\/www.ariasassessors.com\/wp-content\/uploads\/2024\/04\/24_06_03.png\",\"contentUrl\":\"https:\/\/www.ariasassessors.com\/wp-content\/uploads\/2024\/04\/24_06_03.png\",\"width\":1000,\"height\":667,\"caption\":\"cuotas reducidas\"},{\"@type\":\"BreadcrumbList\",\"@id\":\"https:\/\/www.ariasassessors.com\/ca\/los-autonomos-podran-beneficiarse-de-cuotas-reducidas-durante-cinco-anos-2\/#breadcrumb\",\"itemListElement\":[{\"@type\":\"ListItem\",\"position\":1,\"name\":\"Portada\",\"item\":\"https:\/\/www.ariasassessors.com\/ca\/\"},{\"@type\":\"ListItem\",\"position\":2,\"name\":\"Els aut\u00f2noms podran beneficiar-se de quotes redu\u00efdes durant cinc anys\"}]},{\"@type\":\"WebSite\",\"@id\":\"https:\/\/www.ariasassessors.com\/#website\",\"url\":\"https:\/\/www.ariasassessors.com\/\",\"name\":\"Arias Assessors\",\"description\":\"Asesor\u00eda para aut\u00f3nomos, profesionales y PYMES\",\"publisher\":{\"@id\":\"https:\/\/www.ariasassessors.com\/#organization\"},\"potentialAction\":[{\"@type\":\"SearchAction\",\"target\":{\"@type\":\"EntryPoint\",\"urlTemplate\":\"https:\/\/www.ariasassessors.com\/?s={search_term_string}\"},\"query-input\":{\"@type\":\"PropertyValueSpecification\",\"valueRequired\":true,\"valueName\":\"search_term_string\"}}],\"inLanguage\":\"ca\"},{\"@type\":\"Organization\",\"@id\":\"https:\/\/www.ariasassessors.com\/#organization\",\"name\":\"Arias Assessors\",\"url\":\"https:\/\/www.ariasassessors.com\/\",\"logo\":{\"@type\":\"ImageObject\",\"inLanguage\":\"ca\",\"@id\":\"https:\/\/www.ariasassessors.com\/#\/schema\/logo\/image\/\",\"url\":\"https:\/\/www.ariasassessors.com\/wp-content\/uploads\/2019\/01\/arias-logo.png\",\"contentUrl\":\"https:\/\/www.ariasassessors.com\/wp-content\/uploads\/2019\/01\/arias-logo.png\",\"width\":349,\"height\":254,\"caption\":\"Arias Assessors\"},\"image\":{\"@id\":\"https:\/\/www.ariasassessors.com\/#\/schema\/logo\/image\/\"},\"sameAs\":[\"https:\/\/www.facebook.com\/ariasassessors\/\",\"https:\/\/x.com\/ariasassessors\",\"https:\/\/www.linkedin.com\/company\/r&amp;amp;r-growing-knowledge\/\"]},{\"@type\":\"Person\",\"@id\":\"https:\/\/www.ariasassessors.com\/#\/schema\/person\/63c6ad1775f0a9413c37932562673cef\",\"name\":\"btorras\",\"image\":{\"@type\":\"ImageObject\",\"inLanguage\":\"ca\",\"@id\":\"https:\/\/www.ariasassessors.com\/#\/schema\/person\/image\/\",\"url\":\"https:\/\/secure.gravatar.com\/avatar\/0531db351fc361fdbfd204c58fa2d6a3?s=96&d=mm&r=g\",\"contentUrl\":\"https:\/\/secure.gravatar.com\/avatar\/0531db351fc361fdbfd204c58fa2d6a3?s=96&d=mm&r=g\",\"caption\":\"btorras\"}}]}<\/script>\n<!-- \/ Yoast SEO plugin. -->","yoast_head_json":{"title":"Els aut\u00f2noms podran beneficiar-se de quotes redu\u00efdes durant 5 anys | Arias Assessors","description":"Descobreix com l'ampliaci\u00f3 de la Tarifa Plana ofereix als aut\u00f2noms l'oportunitat de reduir les seves quotes durant cinc anys.","robots":{"index":"index","follow":"follow","max-snippet":"max-snippet:-1","max-image-preview":"max-image-preview:large","max-video-preview":"max-video-preview:-1"},"canonical":"https:\/\/www.ariasassessors.com\/ca\/los-autonomos-podran-beneficiarse-de-cuotas-reducidas-durante-cinco-anos-2\/","og_locale":"ca_ES","og_type":"article","og_title":"Els aut\u00f2noms podran beneficiar-se de quotes redu\u00efdes durant 5 anys | Arias Assessors","og_description":"Descobreix com l'ampliaci\u00f3 de la Tarifa Plana ofereix als aut\u00f2noms l'oportunitat de reduir les seves quotes durant cinc anys.","og_url":"https:\/\/www.ariasassessors.com\/ca\/los-autonomos-podran-beneficiarse-de-cuotas-reducidas-durante-cinco-anos-2\/","og_site_name":"Arias Assessors","article_publisher":"https:\/\/www.facebook.com\/ariasassessors\/","article_published_time":"2024-06-03T14:30:59+00:00","article_modified_time":"2024-05-22T10:46:04+00:00","og_image":[{"width":1000,"height":667,"url":"https:\/\/www.ariasassessors.com\/wp-content\/uploads\/2024\/04\/24_06_03.png","type":"image\/png"}],"author":"btorras","twitter_card":"summary_large_image","twitter_creator":"@ariasassessors","twitter_site":"@ariasassessors","twitter_misc":{"Escrit per":"btorras","Temps estimat de lectura":"2 minuts"},"schema":{"@context":"https:\/\/schema.org","@graph":[{"@type":"Article","@id":"https:\/\/www.ariasassessors.com\/ca\/los-autonomos-podran-beneficiarse-de-cuotas-reducidas-durante-cinco-anos-2\/#article","isPartOf":{"@id":"https:\/\/www.ariasassessors.com\/ca\/los-autonomos-podran-beneficiarse-de-cuotas-reducidas-durante-cinco-anos-2\/"},"author":{"name":"btorras","@id":"https:\/\/www.ariasassessors.com\/#\/schema\/person\/63c6ad1775f0a9413c37932562673cef"},"headline":"Els aut\u00f2noms podran beneficiar-se de quotes redu\u00efdes durant cinc anys","datePublished":"2024-06-03T14:30:59+00:00","dateModified":"2024-05-22T10:46:04+00:00","mainEntityOfPage":{"@id":"https:\/\/www.ariasassessors.com\/ca\/los-autonomos-podran-beneficiarse-de-cuotas-reducidas-durante-cinco-anos-2\/"},"wordCount":446,"commentCount":0,"publisher":{"@id":"https:\/\/www.ariasassessors.com\/#organization"},"image":{"@id":"https:\/\/www.ariasassessors.com\/ca\/los-autonomos-podran-beneficiarse-de-cuotas-reducidas-durante-cinco-anos-2\/#primaryimage"},"thumbnailUrl":"https:\/\/www.ariasassessors.com\/wp-content\/uploads\/2024\/04\/24_06_03.png","articleSection":["noticies"],"inLanguage":"ca","potentialAction":[{"@type":"CommentAction","name":"Comment","target":["https:\/\/www.ariasassessors.com\/ca\/los-autonomos-podran-beneficiarse-de-cuotas-reducidas-durante-cinco-anos-2\/#respond"]}]},{"@type":"WebPage","@id":"https:\/\/www.ariasassessors.com\/ca\/los-autonomos-podran-beneficiarse-de-cuotas-reducidas-durante-cinco-anos-2\/","url":"https:\/\/www.ariasassessors.com\/ca\/los-autonomos-podran-beneficiarse-de-cuotas-reducidas-durante-cinco-anos-2\/","name":"Els aut\u00f2noms podran beneficiar-se de quotes redu\u00efdes durant 5 anys | Arias Assessors","isPartOf":{"@id":"https:\/\/www.ariasassessors.com\/#website"},"primaryImageOfPage":{"@id":"https:\/\/www.ariasassessors.com\/ca\/los-autonomos-podran-beneficiarse-de-cuotas-reducidas-durante-cinco-anos-2\/#primaryimage"},"image":{"@id":"https:\/\/www.ariasassessors.com\/ca\/los-autonomos-podran-beneficiarse-de-cuotas-reducidas-durante-cinco-anos-2\/#primaryimage"},"thumbnailUrl":"https:\/\/www.ariasassessors.com\/wp-content\/uploads\/2024\/04\/24_06_03.png","datePublished":"2024-06-03T14:30:59+00:00","dateModified":"2024-05-22T10:46:04+00:00","description":"Descobreix com l'ampliaci\u00f3 de la Tarifa Plana ofereix als aut\u00f2noms l'oportunitat de reduir les seves quotes durant cinc anys.","breadcrumb":{"@id":"https:\/\/www.ariasassessors.com\/ca\/los-autonomos-podran-beneficiarse-de-cuotas-reducidas-durante-cinco-anos-2\/#breadcrumb"},"inLanguage":"ca","potentialAction":[{"@type":"ReadAction","target":["https:\/\/www.ariasassessors.com\/ca\/los-autonomos-podran-beneficiarse-de-cuotas-reducidas-durante-cinco-anos-2\/"]}]},{"@type":"ImageObject","inLanguage":"ca","@id":"https:\/\/www.ariasassessors.com\/ca\/los-autonomos-podran-beneficiarse-de-cuotas-reducidas-durante-cinco-anos-2\/#primaryimage","url":"https:\/\/www.ariasassessors.com\/wp-content\/uploads\/2024\/04\/24_06_03.png","contentUrl":"https:\/\/www.ariasassessors.com\/wp-content\/uploads\/2024\/04\/24_06_03.png","width":1000,"height":667,"caption":"cuotas reducidas"},{"@type":"BreadcrumbList","@id":"https:\/\/www.ariasassessors.com\/ca\/los-autonomos-podran-beneficiarse-de-cuotas-reducidas-durante-cinco-anos-2\/#breadcrumb","itemListElement":[{"@type":"ListItem","position":1,"name":"Portada","item":"https:\/\/www.ariasassessors.com\/ca\/"},{"@type":"ListItem","position":2,"name":"Els aut\u00f2noms podran beneficiar-se de quotes redu\u00efdes durant cinc anys"}]},{"@type":"WebSite","@id":"https:\/\/www.ariasassessors.com\/#website","url":"https:\/\/www.ariasassessors.com\/","name":"Arias Assessors","description":"Asesor\u00eda para aut\u00f3nomos, profesionales y PYMES","publisher":{"@id":"https:\/\/www.ariasassessors.com\/#organization"},"potentialAction":[{"@type":"SearchAction","target":{"@type":"EntryPoint","urlTemplate":"https:\/\/www.ariasassessors.com\/?s={search_term_string}"},"query-input":{"@type":"PropertyValueSpecification","valueRequired":true,"valueName":"search_term_string"}}],"inLanguage":"ca"},{"@type":"Organization","@id":"https:\/\/www.ariasassessors.com\/#organization","name":"Arias Assessors","url":"https:\/\/www.ariasassessors.com\/","logo":{"@type":"ImageObject","inLanguage":"ca","@id":"https:\/\/www.ariasassessors.com\/#\/schema\/logo\/image\/","url":"https:\/\/www.ariasassessors.com\/wp-content\/uploads\/2019\/01\/arias-logo.png","contentUrl":"https:\/\/www.ariasassessors.com\/wp-content\/uploads\/2019\/01\/arias-logo.png","width":349,"height":254,"caption":"Arias Assessors"},"image":{"@id":"https:\/\/www.ariasassessors.com\/#\/schema\/logo\/image\/"},"sameAs":["https:\/\/www.facebook.com\/ariasassessors\/","https:\/\/x.com\/ariasassessors","https:\/\/www.linkedin.com\/company\/r&amp;amp;r-growing-knowledge\/"]},{"@type":"Person","@id":"https:\/\/www.ariasassessors.com\/#\/schema\/person\/63c6ad1775f0a9413c37932562673cef","name":"btorras","image":{"@type":"ImageObject","inLanguage":"ca","@id":"https:\/\/www.ariasassessors.com\/#\/schema\/person\/image\/","url":"https:\/\/secure.gravatar.com\/avatar\/0531db351fc361fdbfd204c58fa2d6a3?s=96&d=mm&r=g","contentUrl":"https:\/\/secure.gravatar.com\/avatar\/0531db351fc361fdbfd204c58fa2d6a3?s=96&d=mm&r=g","caption":"btorras"}}]}},"_links":{"self":[{"href":"https:\/\/www.ariasassessors.com\/ca\/wp-json\/wp\/v2\/posts\/3325","targetHints":{"allow":["GET"]}}],"collection":[{"href":"https:\/\/www.ariasassessors.com\/ca\/wp-json\/wp\/v2\/posts"}],"about":[{"href":"https:\/\/www.ariasassessors.com\/ca\/wp-json\/wp\/v2\/types\/post"}],"author":[{"embeddable":true,"href":"https:\/\/www.ariasassessors.com\/ca\/wp-json\/wp\/v2\/users\/2"}],"replies":[{"embeddable":true,"href":"https:\/\/www.ariasassessors.com\/ca\/wp-json\/wp\/v2\/comments?post=3325"}],"version-history":[{"count":4,"href":"https:\/\/www.ariasassessors.com\/ca\/wp-json\/wp\/v2\/posts\/3325\/revisions"}],"predecessor-version":[{"id":3362,"href":"https:\/\/www.ariasassessors.com\/ca\/wp-json\/wp\/v2\/posts\/3325\/revisions\/3362"}],"wp:featuredmedia":[{"embeddable":true,"href":"https:\/\/www.ariasassessors.com\/ca\/wp-json\/wp\/v2\/media\/3322"}],"wp:attachment":[{"href":"https:\/\/www.ariasassessors.com\/ca\/wp-json\/wp\/v2\/media?parent=3325"}],"wp:term":[{"taxonomy":"category","embeddable":true,"href":"https:\/\/www.ariasassessors.com\/ca\/wp-json\/wp\/v2\/categories?post=3325"},{"taxonomy":"post_tag","embeddable":true,"href":"https:\/\/www.ariasassessors.com\/ca\/wp-json\/wp\/v2\/tags?post=3325"}],"curies":[{"name":"wp","href":"https:\/\/api.w.org\/{rel}","templated":true}]}}