{"id":3357,"date":"2024-06-10T10:30:58","date_gmt":"2024-06-10T08:30:58","guid":{"rendered":"https:\/\/www.ariasassessors.com\/?p=3357"},"modified":"2024-05-22T12:43:43","modified_gmt":"2024-05-22T10:43:43","slug":"aprofita-la-deduccio-temporal-per-a-vehicles-electrics","status":"publish","type":"post","link":"https:\/\/www.ariasassessors.com\/ca\/aprofita-la-deduccio-temporal-per-a-vehicles-electrics\/","title":{"rendered":"Aprofita la Deducci\u00f3 Temporal per a Vehicles El\u00e8ctrics"},"content":{"rendered":"<p>Des del 30 de juny de 2023 fins al 31 de desembre de 2024, s&#8217;ha implementat una deducci\u00f3 temporal aplicable \u00fanicament a la quota \u00edntegra estatal per a l&#8217;adquisici\u00f3 de vehicles el\u00e8ctrics. Aquesta deducci\u00f3 \u00e9s exclusiva per a particulars i no pot aplicar-se a vehicles adquirits fora d&#8217;aquestes dates.<\/p>\n<div id=\"ez-toc-container\" class=\"ez-toc-v2_0_72 counter-hierarchy ez-toc-counter ez-toc-grey ez-toc-container-direction\">\n<div class=\"ez-toc-title-container\">\n<p class=\"ez-toc-title\" style=\"cursor:inherit\">\u00cdndice de Contenidos<\/p>\n<span class=\"ez-toc-title-toggle\"><a href=\"#\" class=\"ez-toc-pull-right ez-toc-btn ez-toc-btn-xs ez-toc-btn-default ez-toc-toggle\" aria-label=\"Toggle Table of Content\"><span class=\"ez-toc-js-icon-con\"><span class=\"\"><span class=\"eztoc-hide\" style=\"display:none;\">Toggle<\/span><span class=\"ez-toc-icon-toggle-span\"><svg style=\"fill: #428bca;color:#428bca\" xmlns=\"http:\/\/www.w3.org\/2000\/svg\" class=\"list-377408\" width=\"20px\" height=\"20px\" viewBox=\"0 0 24 24\" fill=\"none\"><path d=\"M6 6H4v2h2V6zm14 0H8v2h12V6zM4 11h2v2H4v-2zm16 0H8v2h12v-2zM4 16h2v2H4v-2zm16 0H8v2h12v-2z\" fill=\"currentColor\"><\/path><\/svg><svg style=\"fill: #428bca;color:#428bca\" class=\"arrow-unsorted-368013\" xmlns=\"http:\/\/www.w3.org\/2000\/svg\" width=\"10px\" height=\"10px\" viewBox=\"0 0 24 24\" version=\"1.2\" baseProfile=\"tiny\"><path d=\"M18.2 9.3l-6.2-6.3-6.2 6.3c-.2.2-.3.4-.3.7s.1.5.3.7c.2.2.4.3.7.3h11c.3 0 .5-.1.7-.3.2-.2.3-.5.3-.7s-.1-.5-.3-.7zM5.8 14.7l6.2 6.3 6.2-6.3c.2-.2.3-.5.3-.7s-.1-.5-.3-.7c-.2-.2-.4-.3-.7-.3h-11c-.3 0-.5.1-.7.3-.2.2-.3.5-.3.7s.1.5.3.7z\"\/><\/svg><\/span><\/span><\/span><\/a><\/span><\/div>\n<nav><ul class='ez-toc-list ez-toc-list-level-1 eztoc-toggle-hide-by-default' ><ul class='ez-toc-list-level-4' ><li class='ez-toc-heading-level-4'><ul class='ez-toc-list-level-4' ><li class='ez-toc-heading-level-4'><a class=\"ez-toc-link ez-toc-heading-1\" href=\"https:\/\/www.ariasassessors.com\/ca\/aprofita-la-deduccio-temporal-per-a-vehicles-electrics\/#Requisits_per_a_la_Deduccio\" title=\"Requisits per a la Deducci\u00f3\">Requisits per a la Deducci\u00f3<\/a><\/li><li class='ez-toc-page-1 ez-toc-heading-level-4'><a class=\"ez-toc-link ez-toc-heading-2\" href=\"https:\/\/www.ariasassessors.com\/ca\/aprofita-la-deduccio-temporal-per-a-vehicles-electrics\/#Condicions_de_Pagament\" title=\"Condicions de Pagament\">Condicions de Pagament<\/a><\/li><li class='ez-toc-page-1 ez-toc-heading-level-4'><a class=\"ez-toc-link ez-toc-heading-3\" href=\"https:\/\/www.ariasassessors.com\/ca\/aprofita-la-deduccio-temporal-per-a-vehicles-electrics\/#Limits_i_Base_de_la_Deduccio\" title=\"L\u00edmits i Base de la Deducci\u00f3\">L\u00edmits i Base de la Deducci\u00f3<\/a><\/li><\/ul><\/li><\/ul><\/li><li class='ez-toc-page-1 ez-toc-heading-level-2'><a class=\"ez-toc-link ez-toc-heading-4\" href=\"https:\/\/www.ariasassessors.com\/ca\/aprofita-la-deduccio-temporal-per-a-vehicles-electrics\/#Preu_Maxim_de_Venda\" title=\"Preu M\u00e0xim de Venda\">Preu M\u00e0xim de Venda<\/a><\/li><\/ul><\/nav><\/div>\n<h4><span class=\"ez-toc-section\" id=\"Requisits_per_a_la_Deduccio\"><\/span>Requisits per a la Deducci\u00f3<span class=\"ez-toc-section-end\"><\/span><\/h4>\n<ol>\n<li><strong>Per\u00edode d&#8217;Aplicaci\u00f3<\/strong>: Nom\u00e9s per a adquisicions realitzades entre el 30 de juny de 2023 i el 31 de desembre de 2024.<\/li>\n<li><strong>Compatibilitat<\/strong>: Aquesta deducci\u00f3 \u00e9s compatible amb les deduccions auton\u00f2miques que compleixin els requisits establerts per les normatives locals.<\/li>\n<li><strong>\u00das Personal<\/strong>: Nom\u00e9s s&#8217;aplica a particulars que no utilitzin el vehicle per a activitats econ\u00f2miques empresarials o professionals.<\/li>\n<li><strong>Nombre de Vehicles<\/strong>: La deducci\u00f3 es limita a un \u00fanic vehicle per contribuent.<\/li>\n<li><strong>Condici\u00f3 del Vehicle<\/strong>: Els vehicles han de ser nous i matriculats per primera vegada en el per\u00edode indicat, excloent vehicles de segona m\u00e0 i aquells en r\u00e8gim de renting o leasing.<\/li>\n<\/ol>\n<h4><span class=\"ez-toc-section\" id=\"Condicions_de_Pagament\"><\/span>Condicions de Pagament<span class=\"ez-toc-section-end\"><\/span><\/h4>\n<ul>\n<li><strong>Pagament \u00danic<\/strong>: El pagament ha de realitzar-se d&#8217;una sola vegada en l&#8217;exercici de la matriculaci\u00f3 del vehicle.<\/li>\n<li><strong>Pagaments Fraccionats<\/strong>: Si s&#8217;opta per un primer pagament a compte, aquest ha de ser almenys del 25% del valor total del vehicle, amb la resta pagada abans de finalitzar el segon per\u00edode impositiu immediatament posterior al del primer pagament.<\/li>\n<\/ul>\n<h4><span class=\"ez-toc-section\" id=\"Limits_i_Base_de_la_Deduccio\"><\/span>L\u00edmits i Base de la Deducci\u00f3<span class=\"ez-toc-section-end\"><\/span><\/h4>\n<ul>\n<li><strong>Base M\u00e0xima<\/strong>: La base m\u00e0xima de la deducci\u00f3 \u00e9s de 20.000 euros, tant per a tributaci\u00f3 individual com conjunta.<\/li>\n<li><strong>C\u00e0lcul de la Base<\/strong>: Inclou el valor d&#8217;adquisici\u00f3 del vehicle i les despeses inherents, menys les subvencions rebudes.<\/li>\n<li><strong>Percentatge de Deducci\u00f3<\/strong>: El percentatge de deducci\u00f3 aplicable sobre la base \u00e9s del 15%.<\/li>\n<\/ul>\n<h2><\/h2>\n<p>Perqu\u00e8 la deducci\u00f3 sigui aplicable, el vehicle ha d&#8217;estar registrat a la Base de Vehicles de l&#8217;IDAE i pert\u00e0nyer a les seg\u00fcents categories:<\/p>\n<ul>\n<li><strong>Categoria M<\/strong>:\n<ul>\n<li>Vehicles el\u00e8ctrics purs (BEV)<\/li>\n<li>Vehicles el\u00e8ctrics d&#8217;autonomia estesa (EREV)<\/li>\n<li>Vehicles h\u00edbrids endollables (PHEV)<\/li>\n<li>Vehicles el\u00e8ctrics de c\u00e8l\u00b7lules de combustible (FCV)<\/li>\n<li>Vehicles el\u00e8ctrics h\u00edbrids de c\u00e8l\u00b7lules de combustible (FCHV)<\/li>\n<\/ul>\n<\/li>\n<li><strong>Categoria L<\/strong>:\n<ul>\n<li>Propulsats exclusivament per motors el\u00e8ctrics i homologats com a vehicles el\u00e8ctrics.<\/li>\n<li><strong>Motocicletes El\u00e8ctriques Noves (L3e, L4e, L5e)<\/strong>: Bateries de liti, motor el\u00e8ctric d&#8217;almenys 3 kW i autonomia m\u00ednima de 70 km.<\/li>\n<\/ul>\n<\/li>\n<\/ul>\n<h2><span class=\"ez-toc-section\" id=\"Preu_Maxim_de_Venda\"><\/span>Preu M\u00e0xim de Venda<span class=\"ez-toc-section-end\"><\/span><\/h2>\n<p>El preu de venda del vehicle (abans d&#8217;IVA o IGIC) no ha de superar els imports m\u00e0xims establerts a l&#8217;Annex III del RD 266\/2021, de 13 d&#8217;abril, relacionat amb el programa MOVES III.<\/p>\n<p><img loading=\"lazy\" decoding=\"async\" class=\"aligncenter wp-image-3358 \" src=\"https:\/\/www.ariasassessors.com\/wp-content\/uploads\/2024\/05\/Articulos-Arias-Assessors-5-1-1024x681.png\" alt=\"\" width=\"830\" height=\"552\" srcset=\"https:\/\/www.ariasassessors.com\/wp-content\/uploads\/2024\/05\/Articulos-Arias-Assessors-5-1-1024x681.png 1024w, https:\/\/www.ariasassessors.com\/wp-content\/uploads\/2024\/05\/Articulos-Arias-Assessors-5-1-300x199.png 300w, https:\/\/www.ariasassessors.com\/wp-content\/uploads\/2024\/05\/Articulos-Arias-Assessors-5-1-768x511.png 768w, https:\/\/www.ariasassessors.com\/wp-content\/uploads\/2024\/05\/Articulos-Arias-Assessors-5-1-1536x1021.png 1536w, https:\/\/www.ariasassessors.com\/wp-content\/uploads\/2024\/05\/Articulos-Arias-Assessors-5-1-2048x1361.png 2048w, https:\/\/www.ariasassessors.com\/wp-content\/uploads\/2024\/05\/Articulos-Arias-Assessors-5-1-700x465.png 700w\" sizes=\"auto, (max-width: 830px) 100vw, 830px\" \/><\/p>\n<p>Per a m\u00e9s informaci\u00f3 sobre els vehicles elegibles i els detalls del programa, visita la <a href=\"https:\/\/coches.idae.es\/base-datos\/vehiculos\" target=\"_new\" rel=\"noreferrer noopener\">Base de Vehicles de l&#8217;IDAE<\/a>.<\/p>\n<p>Aprofita aquesta oportunitat per adquirir un vehicle el\u00e8ctric i contribuir a una mobilitat m\u00e9s sostenible, beneficiant-te dels avantatges fiscals disponibles.<\/p>\n","protected":false},"excerpt":{"rendered":"<p>Des del 30 de juny de 2023 fins al 31 de desembre de 2024, s&#8217;ha implementat una deducci\u00f3 temporal aplicable \u00fanicament a la quota \u00edntegra estatal per a l&#8217;adquisici\u00f3 de vehicles el\u00e8ctrics. Aquesta deducci\u00f3 \u00e9s exclusiva per a particulars i no pot aplicar-se a vehicles&#8230;<\/p>\n","protected":false},"author":2,"featured_media":3356,"comment_status":"open","ping_status":"open","sticky":false,"template":"","format":"standard","meta":{"footnotes":""},"categories":[4],"tags":[],"class_list":["post-3357","post","type-post","status-publish","format-standard","has-post-thumbnail","hentry","category-noticies"],"yoast_head":"<!-- This site is optimized with the Yoast SEO plugin v24.3 - https:\/\/yoast.com\/wordpress\/plugins\/seo\/ -->\n<title>Aprofita la Deducci\u00f3 Temporal per a Vehicles El\u00e8ctrics | Arias Assessors<\/title>\n<meta name=\"description\" content=\"Aprofita la deducci\u00f3 temporal per a vehicles el\u00e8ctrics nous fins al 31\/12\/2024 i estalvia en la teva pr\u00f2xima compra. Informa&#039;t aqu\u00ed!\" \/>\n<meta name=\"robots\" content=\"index, follow, max-snippet:-1, max-image-preview:large, max-video-preview:-1\" \/>\n<link rel=\"canonical\" href=\"https:\/\/www.ariasassessors.com\/ca\/aprofita-la-deduccio-temporal-per-a-vehicles-electrics\/\" \/>\n<meta property=\"og:locale\" content=\"ca_ES\" \/>\n<meta property=\"og:type\" content=\"article\" \/>\n<meta property=\"og:title\" content=\"Aprofita la Deducci\u00f3 Temporal per a Vehicles El\u00e8ctrics | Arias Assessors\" \/>\n<meta property=\"og:description\" content=\"Aprofita la deducci\u00f3 temporal per a vehicles el\u00e8ctrics nous fins al 31\/12\/2024 i estalvia en la teva pr\u00f2xima compra. Informa&#039;t aqu\u00ed!\" \/>\n<meta property=\"og:url\" content=\"https:\/\/www.ariasassessors.com\/ca\/aprofita-la-deduccio-temporal-per-a-vehicles-electrics\/\" \/>\n<meta property=\"og:site_name\" content=\"Arias Assessors\" \/>\n<meta property=\"article:publisher\" content=\"https:\/\/www.facebook.com\/ariasassessors\/\" \/>\n<meta property=\"article:published_time\" content=\"2024-06-10T08:30:58+00:00\" \/>\n<meta property=\"article:modified_time\" content=\"2024-05-22T10:43:43+00:00\" \/>\n<meta property=\"og:image\" content=\"https:\/\/www.ariasassessors.com\/wp-content\/uploads\/2024\/05\/Arias_Blog_IMAGEN_DESTACADA.png\" \/>\n\t<meta property=\"og:image:width\" content=\"1920\" \/>\n\t<meta property=\"og:image:height\" content=\"1202\" \/>\n\t<meta property=\"og:image:type\" content=\"image\/png\" \/>\n<meta name=\"author\" content=\"btorras\" \/>\n<meta name=\"twitter:card\" content=\"summary_large_image\" \/>\n<meta name=\"twitter:creator\" content=\"@ariasassessors\" \/>\n<meta name=\"twitter:site\" content=\"@ariasassessors\" \/>\n<meta name=\"twitter:label1\" content=\"Escrit per\" \/>\n\t<meta name=\"twitter:data1\" content=\"btorras\" \/>\n\t<meta name=\"twitter:label2\" content=\"Temps estimat de lectura\" \/>\n\t<meta name=\"twitter:data2\" content=\"3 minuts\" \/>\n<script type=\"application\/ld+json\" class=\"yoast-schema-graph\">{\"@context\":\"https:\/\/schema.org\",\"@graph\":[{\"@type\":\"Article\",\"@id\":\"https:\/\/www.ariasassessors.com\/ca\/aprofita-la-deduccio-temporal-per-a-vehicles-electrics\/#article\",\"isPartOf\":{\"@id\":\"https:\/\/www.ariasassessors.com\/ca\/aprofita-la-deduccio-temporal-per-a-vehicles-electrics\/\"},\"author\":{\"name\":\"btorras\",\"@id\":\"https:\/\/www.ariasassessors.com\/#\/schema\/person\/63c6ad1775f0a9413c37932562673cef\"},\"headline\":\"Aprofita la Deducci\u00f3 Temporal per a Vehicles El\u00e8ctrics\",\"datePublished\":\"2024-06-10T08:30:58+00:00\",\"dateModified\":\"2024-05-22T10:43:43+00:00\",\"mainEntityOfPage\":{\"@id\":\"https:\/\/www.ariasassessors.com\/ca\/aprofita-la-deduccio-temporal-per-a-vehicles-electrics\/\"},\"wordCount\":466,\"commentCount\":0,\"publisher\":{\"@id\":\"https:\/\/www.ariasassessors.com\/#organization\"},\"image\":{\"@id\":\"https:\/\/www.ariasassessors.com\/ca\/aprofita-la-deduccio-temporal-per-a-vehicles-electrics\/#primaryimage\"},\"thumbnailUrl\":\"https:\/\/www.ariasassessors.com\/wp-content\/uploads\/2024\/05\/Arias_Blog_IMAGEN_DESTACADA.png\",\"articleSection\":[\"noticies\"],\"inLanguage\":\"ca\",\"potentialAction\":[{\"@type\":\"CommentAction\",\"name\":\"Comment\",\"target\":[\"https:\/\/www.ariasassessors.com\/ca\/aprofita-la-deduccio-temporal-per-a-vehicles-electrics\/#respond\"]}]},{\"@type\":\"WebPage\",\"@id\":\"https:\/\/www.ariasassessors.com\/ca\/aprofita-la-deduccio-temporal-per-a-vehicles-electrics\/\",\"url\":\"https:\/\/www.ariasassessors.com\/ca\/aprofita-la-deduccio-temporal-per-a-vehicles-electrics\/\",\"name\":\"Aprofita la Deducci\u00f3 Temporal per a Vehicles El\u00e8ctrics | Arias Assessors\",\"isPartOf\":{\"@id\":\"https:\/\/www.ariasassessors.com\/#website\"},\"primaryImageOfPage\":{\"@id\":\"https:\/\/www.ariasassessors.com\/ca\/aprofita-la-deduccio-temporal-per-a-vehicles-electrics\/#primaryimage\"},\"image\":{\"@id\":\"https:\/\/www.ariasassessors.com\/ca\/aprofita-la-deduccio-temporal-per-a-vehicles-electrics\/#primaryimage\"},\"thumbnailUrl\":\"https:\/\/www.ariasassessors.com\/wp-content\/uploads\/2024\/05\/Arias_Blog_IMAGEN_DESTACADA.png\",\"datePublished\":\"2024-06-10T08:30:58+00:00\",\"dateModified\":\"2024-05-22T10:43:43+00:00\",\"description\":\"Aprofita la deducci\u00f3 temporal per a vehicles el\u00e8ctrics nous fins al 31\/12\/2024 i estalvia en la teva pr\u00f2xima compra. Informa't aqu\u00ed!\",\"breadcrumb\":{\"@id\":\"https:\/\/www.ariasassessors.com\/ca\/aprofita-la-deduccio-temporal-per-a-vehicles-electrics\/#breadcrumb\"},\"inLanguage\":\"ca\",\"potentialAction\":[{\"@type\":\"ReadAction\",\"target\":[\"https:\/\/www.ariasassessors.com\/ca\/aprofita-la-deduccio-temporal-per-a-vehicles-electrics\/\"]}]},{\"@type\":\"ImageObject\",\"inLanguage\":\"ca\",\"@id\":\"https:\/\/www.ariasassessors.com\/ca\/aprofita-la-deduccio-temporal-per-a-vehicles-electrics\/#primaryimage\",\"url\":\"https:\/\/www.ariasassessors.com\/wp-content\/uploads\/2024\/05\/Arias_Blog_IMAGEN_DESTACADA.png\",\"contentUrl\":\"https:\/\/www.ariasassessors.com\/wp-content\/uploads\/2024\/05\/Arias_Blog_IMAGEN_DESTACADA.png\",\"width\":1920,\"height\":1202},{\"@type\":\"BreadcrumbList\",\"@id\":\"https:\/\/www.ariasassessors.com\/ca\/aprofita-la-deduccio-temporal-per-a-vehicles-electrics\/#breadcrumb\",\"itemListElement\":[{\"@type\":\"ListItem\",\"position\":1,\"name\":\"Portada\",\"item\":\"https:\/\/www.ariasassessors.com\/ca\/\"},{\"@type\":\"ListItem\",\"position\":2,\"name\":\"Aprofita la Deducci\u00f3 Temporal per a Vehicles El\u00e8ctrics\"}]},{\"@type\":\"WebSite\",\"@id\":\"https:\/\/www.ariasassessors.com\/#website\",\"url\":\"https:\/\/www.ariasassessors.com\/\",\"name\":\"Arias Assessors\",\"description\":\"Asesor\u00eda para aut\u00f3nomos, profesionales y PYMES\",\"publisher\":{\"@id\":\"https:\/\/www.ariasassessors.com\/#organization\"},\"potentialAction\":[{\"@type\":\"SearchAction\",\"target\":{\"@type\":\"EntryPoint\",\"urlTemplate\":\"https:\/\/www.ariasassessors.com\/?s={search_term_string}\"},\"query-input\":{\"@type\":\"PropertyValueSpecification\",\"valueRequired\":true,\"valueName\":\"search_term_string\"}}],\"inLanguage\":\"ca\"},{\"@type\":\"Organization\",\"@id\":\"https:\/\/www.ariasassessors.com\/#organization\",\"name\":\"Arias Assessors\",\"url\":\"https:\/\/www.ariasassessors.com\/\",\"logo\":{\"@type\":\"ImageObject\",\"inLanguage\":\"ca\",\"@id\":\"https:\/\/www.ariasassessors.com\/#\/schema\/logo\/image\/\",\"url\":\"https:\/\/www.ariasassessors.com\/wp-content\/uploads\/2019\/01\/arias-logo.png\",\"contentUrl\":\"https:\/\/www.ariasassessors.com\/wp-content\/uploads\/2019\/01\/arias-logo.png\",\"width\":349,\"height\":254,\"caption\":\"Arias Assessors\"},\"image\":{\"@id\":\"https:\/\/www.ariasassessors.com\/#\/schema\/logo\/image\/\"},\"sameAs\":[\"https:\/\/www.facebook.com\/ariasassessors\/\",\"https:\/\/x.com\/ariasassessors\",\"https:\/\/www.linkedin.com\/company\/r&amp;amp;r-growing-knowledge\/\"]},{\"@type\":\"Person\",\"@id\":\"https:\/\/www.ariasassessors.com\/#\/schema\/person\/63c6ad1775f0a9413c37932562673cef\",\"name\":\"btorras\",\"image\":{\"@type\":\"ImageObject\",\"inLanguage\":\"ca\",\"@id\":\"https:\/\/www.ariasassessors.com\/#\/schema\/person\/image\/\",\"url\":\"https:\/\/secure.gravatar.com\/avatar\/0531db351fc361fdbfd204c58fa2d6a3?s=96&d=mm&r=g\",\"contentUrl\":\"https:\/\/secure.gravatar.com\/avatar\/0531db351fc361fdbfd204c58fa2d6a3?s=96&d=mm&r=g\",\"caption\":\"btorras\"}}]}<\/script>\n<!-- \/ Yoast SEO plugin. -->","yoast_head_json":{"title":"Aprofita la Deducci\u00f3 Temporal per a Vehicles El\u00e8ctrics | Arias Assessors","description":"Aprofita la deducci\u00f3 temporal per a vehicles el\u00e8ctrics nous fins al 31\/12\/2024 i estalvia en la teva pr\u00f2xima compra. Informa't aqu\u00ed!","robots":{"index":"index","follow":"follow","max-snippet":"max-snippet:-1","max-image-preview":"max-image-preview:large","max-video-preview":"max-video-preview:-1"},"canonical":"https:\/\/www.ariasassessors.com\/ca\/aprofita-la-deduccio-temporal-per-a-vehicles-electrics\/","og_locale":"ca_ES","og_type":"article","og_title":"Aprofita la Deducci\u00f3 Temporal per a Vehicles El\u00e8ctrics | Arias Assessors","og_description":"Aprofita la deducci\u00f3 temporal per a vehicles el\u00e8ctrics nous fins al 31\/12\/2024 i estalvia en la teva pr\u00f2xima compra. Informa't aqu\u00ed!","og_url":"https:\/\/www.ariasassessors.com\/ca\/aprofita-la-deduccio-temporal-per-a-vehicles-electrics\/","og_site_name":"Arias Assessors","article_publisher":"https:\/\/www.facebook.com\/ariasassessors\/","article_published_time":"2024-06-10T08:30:58+00:00","article_modified_time":"2024-05-22T10:43:43+00:00","og_image":[{"width":1920,"height":1202,"url":"https:\/\/www.ariasassessors.com\/wp-content\/uploads\/2024\/05\/Arias_Blog_IMAGEN_DESTACADA.png","type":"image\/png"}],"author":"btorras","twitter_card":"summary_large_image","twitter_creator":"@ariasassessors","twitter_site":"@ariasassessors","twitter_misc":{"Escrit per":"btorras","Temps estimat de lectura":"3 minuts"},"schema":{"@context":"https:\/\/schema.org","@graph":[{"@type":"Article","@id":"https:\/\/www.ariasassessors.com\/ca\/aprofita-la-deduccio-temporal-per-a-vehicles-electrics\/#article","isPartOf":{"@id":"https:\/\/www.ariasassessors.com\/ca\/aprofita-la-deduccio-temporal-per-a-vehicles-electrics\/"},"author":{"name":"btorras","@id":"https:\/\/www.ariasassessors.com\/#\/schema\/person\/63c6ad1775f0a9413c37932562673cef"},"headline":"Aprofita la Deducci\u00f3 Temporal per a Vehicles El\u00e8ctrics","datePublished":"2024-06-10T08:30:58+00:00","dateModified":"2024-05-22T10:43:43+00:00","mainEntityOfPage":{"@id":"https:\/\/www.ariasassessors.com\/ca\/aprofita-la-deduccio-temporal-per-a-vehicles-electrics\/"},"wordCount":466,"commentCount":0,"publisher":{"@id":"https:\/\/www.ariasassessors.com\/#organization"},"image":{"@id":"https:\/\/www.ariasassessors.com\/ca\/aprofita-la-deduccio-temporal-per-a-vehicles-electrics\/#primaryimage"},"thumbnailUrl":"https:\/\/www.ariasassessors.com\/wp-content\/uploads\/2024\/05\/Arias_Blog_IMAGEN_DESTACADA.png","articleSection":["noticies"],"inLanguage":"ca","potentialAction":[{"@type":"CommentAction","name":"Comment","target":["https:\/\/www.ariasassessors.com\/ca\/aprofita-la-deduccio-temporal-per-a-vehicles-electrics\/#respond"]}]},{"@type":"WebPage","@id":"https:\/\/www.ariasassessors.com\/ca\/aprofita-la-deduccio-temporal-per-a-vehicles-electrics\/","url":"https:\/\/www.ariasassessors.com\/ca\/aprofita-la-deduccio-temporal-per-a-vehicles-electrics\/","name":"Aprofita la Deducci\u00f3 Temporal per a Vehicles El\u00e8ctrics | Arias Assessors","isPartOf":{"@id":"https:\/\/www.ariasassessors.com\/#website"},"primaryImageOfPage":{"@id":"https:\/\/www.ariasassessors.com\/ca\/aprofita-la-deduccio-temporal-per-a-vehicles-electrics\/#primaryimage"},"image":{"@id":"https:\/\/www.ariasassessors.com\/ca\/aprofita-la-deduccio-temporal-per-a-vehicles-electrics\/#primaryimage"},"thumbnailUrl":"https:\/\/www.ariasassessors.com\/wp-content\/uploads\/2024\/05\/Arias_Blog_IMAGEN_DESTACADA.png","datePublished":"2024-06-10T08:30:58+00:00","dateModified":"2024-05-22T10:43:43+00:00","description":"Aprofita la deducci\u00f3 temporal per a vehicles el\u00e8ctrics nous fins al 31\/12\/2024 i estalvia en la teva pr\u00f2xima compra. Informa't aqu\u00ed!","breadcrumb":{"@id":"https:\/\/www.ariasassessors.com\/ca\/aprofita-la-deduccio-temporal-per-a-vehicles-electrics\/#breadcrumb"},"inLanguage":"ca","potentialAction":[{"@type":"ReadAction","target":["https:\/\/www.ariasassessors.com\/ca\/aprofita-la-deduccio-temporal-per-a-vehicles-electrics\/"]}]},{"@type":"ImageObject","inLanguage":"ca","@id":"https:\/\/www.ariasassessors.com\/ca\/aprofita-la-deduccio-temporal-per-a-vehicles-electrics\/#primaryimage","url":"https:\/\/www.ariasassessors.com\/wp-content\/uploads\/2024\/05\/Arias_Blog_IMAGEN_DESTACADA.png","contentUrl":"https:\/\/www.ariasassessors.com\/wp-content\/uploads\/2024\/05\/Arias_Blog_IMAGEN_DESTACADA.png","width":1920,"height":1202},{"@type":"BreadcrumbList","@id":"https:\/\/www.ariasassessors.com\/ca\/aprofita-la-deduccio-temporal-per-a-vehicles-electrics\/#breadcrumb","itemListElement":[{"@type":"ListItem","position":1,"name":"Portada","item":"https:\/\/www.ariasassessors.com\/ca\/"},{"@type":"ListItem","position":2,"name":"Aprofita la Deducci\u00f3 Temporal per a Vehicles El\u00e8ctrics"}]},{"@type":"WebSite","@id":"https:\/\/www.ariasassessors.com\/#website","url":"https:\/\/www.ariasassessors.com\/","name":"Arias Assessors","description":"Asesor\u00eda para aut\u00f3nomos, profesionales y PYMES","publisher":{"@id":"https:\/\/www.ariasassessors.com\/#organization"},"potentialAction":[{"@type":"SearchAction","target":{"@type":"EntryPoint","urlTemplate":"https:\/\/www.ariasassessors.com\/?s={search_term_string}"},"query-input":{"@type":"PropertyValueSpecification","valueRequired":true,"valueName":"search_term_string"}}],"inLanguage":"ca"},{"@type":"Organization","@id":"https:\/\/www.ariasassessors.com\/#organization","name":"Arias Assessors","url":"https:\/\/www.ariasassessors.com\/","logo":{"@type":"ImageObject","inLanguage":"ca","@id":"https:\/\/www.ariasassessors.com\/#\/schema\/logo\/image\/","url":"https:\/\/www.ariasassessors.com\/wp-content\/uploads\/2019\/01\/arias-logo.png","contentUrl":"https:\/\/www.ariasassessors.com\/wp-content\/uploads\/2019\/01\/arias-logo.png","width":349,"height":254,"caption":"Arias Assessors"},"image":{"@id":"https:\/\/www.ariasassessors.com\/#\/schema\/logo\/image\/"},"sameAs":["https:\/\/www.facebook.com\/ariasassessors\/","https:\/\/x.com\/ariasassessors","https:\/\/www.linkedin.com\/company\/r&amp;amp;r-growing-knowledge\/"]},{"@type":"Person","@id":"https:\/\/www.ariasassessors.com\/#\/schema\/person\/63c6ad1775f0a9413c37932562673cef","name":"btorras","image":{"@type":"ImageObject","inLanguage":"ca","@id":"https:\/\/www.ariasassessors.com\/#\/schema\/person\/image\/","url":"https:\/\/secure.gravatar.com\/avatar\/0531db351fc361fdbfd204c58fa2d6a3?s=96&d=mm&r=g","contentUrl":"https:\/\/secure.gravatar.com\/avatar\/0531db351fc361fdbfd204c58fa2d6a3?s=96&d=mm&r=g","caption":"btorras"}}]}},"_links":{"self":[{"href":"https:\/\/www.ariasassessors.com\/ca\/wp-json\/wp\/v2\/posts\/3357","targetHints":{"allow":["GET"]}}],"collection":[{"href":"https:\/\/www.ariasassessors.com\/ca\/wp-json\/wp\/v2\/posts"}],"about":[{"href":"https:\/\/www.ariasassessors.com\/ca\/wp-json\/wp\/v2\/types\/post"}],"author":[{"embeddable":true,"href":"https:\/\/www.ariasassessors.com\/ca\/wp-json\/wp\/v2\/users\/2"}],"replies":[{"embeddable":true,"href":"https:\/\/www.ariasassessors.com\/ca\/wp-json\/wp\/v2\/comments?post=3357"}],"version-history":[{"count":2,"href":"https:\/\/www.ariasassessors.com\/ca\/wp-json\/wp\/v2\/posts\/3357\/revisions"}],"predecessor-version":[{"id":3361,"href":"https:\/\/www.ariasassessors.com\/ca\/wp-json\/wp\/v2\/posts\/3357\/revisions\/3361"}],"wp:featuredmedia":[{"embeddable":true,"href":"https:\/\/www.ariasassessors.com\/ca\/wp-json\/wp\/v2\/media\/3356"}],"wp:attachment":[{"href":"https:\/\/www.ariasassessors.com\/ca\/wp-json\/wp\/v2\/media?parent=3357"}],"wp:term":[{"taxonomy":"category","embeddable":true,"href":"https:\/\/www.ariasassessors.com\/ca\/wp-json\/wp\/v2\/categories?post=3357"},{"taxonomy":"post_tag","embeddable":true,"href":"https:\/\/www.ariasassessors.com\/ca\/wp-json\/wp\/v2\/tags?post=3357"}],"curies":[{"name":"wp","href":"https:\/\/api.w.org\/{rel}","templated":true}]}}