{"id":3401,"date":"2024-06-17T10:00:47","date_gmt":"2024-06-17T08:00:47","guid":{"rendered":"https:\/\/www.ariasassessors.com\/?p=3401"},"modified":"2024-06-11T10:41:06","modified_gmt":"2024-06-11T08:41:06","slug":"els-gestors-alerten-que-molts-autonoms-encara-no-han-comunicat-les-seves-dades-a-la-seguretat-social","status":"publish","type":"post","link":"https:\/\/www.ariasassessors.com\/ca\/els-gestors-alerten-que-molts-autonoms-encara-no-han-comunicat-les-seves-dades-a-la-seguretat-social\/","title":{"rendered":"Els gestors alerten que molts aut\u00f2noms encara no han comunicat les seves dades a la seguretat social"},"content":{"rendered":"<p>Nom\u00e9s queden dos setmanes perqu\u00e8 milers d&#8217;aut\u00f2noms, incloent-hi els societaris, els econ\u00f2micament dependents i els col\u00b7laboradors, comuniquin les seves dades a la Seguretat Social. El 30 de juny finalitza la pr\u00f2rroga atorgada pel Govern, i molts encara no han complert amb aquest requisit.<\/p>\n<p>Inicialment, el decret que regula el nou sistema de cotitzaci\u00f3 per ingressos reals establia el 31 d&#8217;octubre com a data l\u00edmit. Tanmateix, a causa de les protestes dels aut\u00f2noms i els gestors que realitzen aquests tr\u00e0mits, el Govern va decidir no sancionar aquells que no ho fessin i va ampliar la pr\u00f2rroga fins al 30 de juny.<\/p>\n<p>Aquest proc\u00e9s ha estat controvertit, ja que la Seguretat Social en molts casos ja posseeix aquestes dades, com les raons socials i els CIF. Els graduats socials i gestors han assenyalat que el ministeri dirigit per Elma Saiz est\u00e0 delegant en ells la tasca d&#8217;obtenir aquestes dades per regularitzar les quotes de 2023 a la tardor.<\/p>\n<p>Tot i que han passat vuit mesos des de la data inicial, molts gestors admeten que les dades encara no han estat comunicades. A m\u00e9s, un gran nombre d&#8217;aut\u00f2noms consultats van afirmar descon\u00e8ixer aquesta obligaci\u00f3, malgrat la proximitat del termini final.<\/p>\n<div id=\"ez-toc-container\" class=\"ez-toc-v2_0_72 counter-hierarchy ez-toc-counter ez-toc-grey ez-toc-container-direction\">\n<div class=\"ez-toc-title-container\">\n<p class=\"ez-toc-title\" style=\"cursor:inherit\">\u00cdndice de Contenidos<\/p>\n<span class=\"ez-toc-title-toggle\"><a href=\"#\" class=\"ez-toc-pull-right ez-toc-btn ez-toc-btn-xs ez-toc-btn-default ez-toc-toggle\" aria-label=\"Toggle Table of Content\"><span class=\"ez-toc-js-icon-con\"><span class=\"\"><span class=\"eztoc-hide\" style=\"display:none;\">Toggle<\/span><span class=\"ez-toc-icon-toggle-span\"><svg style=\"fill: #428bca;color:#428bca\" xmlns=\"http:\/\/www.w3.org\/2000\/svg\" class=\"list-377408\" width=\"20px\" height=\"20px\" viewBox=\"0 0 24 24\" fill=\"none\"><path d=\"M6 6H4v2h2V6zm14 0H8v2h12V6zM4 11h2v2H4v-2zm16 0H8v2h12v-2zM4 16h2v2H4v-2zm16 0H8v2h12v-2z\" fill=\"currentColor\"><\/path><\/svg><svg style=\"fill: #428bca;color:#428bca\" class=\"arrow-unsorted-368013\" xmlns=\"http:\/\/www.w3.org\/2000\/svg\" width=\"10px\" height=\"10px\" viewBox=\"0 0 24 24\" version=\"1.2\" baseProfile=\"tiny\"><path d=\"M18.2 9.3l-6.2-6.3-6.2 6.3c-.2.2-.3.4-.3.7s.1.5.3.7c.2.2.4.3.7.3h11c.3 0 .5-.1.7-.3.2-.2.3-.5.3-.7s-.1-.5-.3-.7zM5.8 14.7l6.2 6.3 6.2-6.3c.2-.2.3-.5.3-.7s-.1-.5-.3-.7c-.2-.2-.4-.3-.7-.3h-11c-.3 0-.5.1-.7.3-.2.2-.3.5-.3.7s.1.5.3.7z\"\/><\/svg><\/span><\/span><\/span><\/a><\/span><\/div>\n<nav><ul class='ez-toc-list ez-toc-list-level-1 eztoc-toggle-hide-by-default' ><ul class='ez-toc-list-level-3' ><li class='ez-toc-heading-level-3'><a class=\"ez-toc-link ez-toc-heading-1\" href=\"https:\/\/www.ariasassessors.com\/ca\/els-gestors-alerten-que-molts-autonoms-encara-no-han-comunicat-les-seves-dades-a-la-seguretat-social\/#Els_gestors_denuncien_sobrecarrega_de_treball_en_plena_campanya_de_la_RENTA\" title=\"Els gestors denuncien sobrec\u00e0rrega de treball en plena campanya de la RENTA\">Els gestors denuncien sobrec\u00e0rrega de treball en plena campanya de la RENTA<\/a><\/li><li class='ez-toc-page-1 ez-toc-heading-level-3'><a class=\"ez-toc-link ez-toc-heading-2\" href=\"https:\/\/www.ariasassessors.com\/ca\/els-gestors-alerten-que-molts-autonoms-encara-no-han-comunicat-les-seves-dades-a-la-seguretat-social\/#Quins_autonoms_han_de_comunicar_les_seves_dades_a_la_Seguretat_Social_abans_del_30_de_juny\" title=\"Quins aut\u00f2noms han de comunicar les seves dades a la Seguretat Social abans del 30 de juny?\">Quins aut\u00f2noms han de comunicar les seves dades a la Seguretat Social abans del 30 de juny?<\/a><\/li><li class='ez-toc-page-1 ez-toc-heading-level-3'><a class=\"ez-toc-link ez-toc-heading-3\" href=\"https:\/\/www.ariasassessors.com\/ca\/els-gestors-alerten-que-molts-autonoms-encara-no-han-comunicat-les-seves-dades-a-la-seguretat-social\/#Les_dades_que_han_de_comunicar_varien_segons_el_tipus_dautonom\" title=\"Les dades que han de comunicar varien segons el tipus d&#8217;aut\u00f2nom\">Les dades que han de comunicar varien segons el tipus d&#8217;aut\u00f2nom<\/a><\/li><\/ul><\/li><li class='ez-toc-page-1 ez-toc-heading-level-2'><a class=\"ez-toc-link ez-toc-heading-4\" href=\"https:\/\/www.ariasassessors.com\/ca\/els-gestors-alerten-que-molts-autonoms-encara-no-han-comunicat-les-seves-dades-a-la-seguretat-social\/#Necessites_assessorament\" title=\"Necessites assessorament?\">Necessites assessorament?<\/a><ul class='ez-toc-list-level-3' ><li class='ez-toc-heading-level-3'><a class=\"ez-toc-link ez-toc-heading-5\" href=\"https:\/\/www.ariasassessors.com\/ca\/els-gestors-alerten-que-molts-autonoms-encara-no-han-comunicat-les-seves-dades-a-la-seguretat-social\/#Per_que_triar_Arias_Assessors\" title=\"Per qu\u00e8 triar Arias Assessors?\">Per qu\u00e8 triar Arias Assessors?<\/a><\/li><\/ul><\/li><\/ul><\/nav><\/div>\n<h3><span class=\"ez-toc-section\" id=\"Els_gestors_denuncien_sobrecarrega_de_treball_en_plena_campanya_de_la_RENTA\"><\/span><strong>Els gestors denuncien sobrec\u00e0rrega de treball en plena campanya de la RENTA<\/strong><span class=\"ez-toc-section-end\"><\/span><\/h3>\n<p>Tot i que molts aut\u00f2noms han complert amb l&#8217;obligaci\u00f3 de comunicar les seves dades a la Seguretat Social, altres tants encara no ho han fet. Aquesta tasca, generalment realitzada pels seus gestors, ha suposat una c\u00e0rrega de treball significativa, especialment durant la campanya de la RENTA.<\/p>\n<p>Mar\u00eda Dolores Ortega, vocal de l&#8217;Associaci\u00f3 Espanyola d&#8217;Assessors Fiscals i Gestors Tributaris (Asefiget), va comentar que \u201cel Govern podria haver considerat ampliar la pr\u00f2rroga uns dies m\u00e9s, almenys deu dies, per a poder completar el tr\u00e0mit despr\u00e9s de la campanya de la RENTA.\u201d<\/p>\n<p>Ortega va explicar que per als assessors i gestors, la comunicaci\u00f3 de dades ha estat un treball &#8220;excessiu&#8221;. &#8220;Aquells que van intentar fer-ho en el primer termini van trobar molts problemes: no hi havia assist\u00e8ncia telef\u00f2nica ni per correu electr\u00f2nic, i hi havia moltes incid\u00e8ncies en el sistema. No ens ho van posar gens f\u00e0cil,&#8221; va afirmar.<\/p>\n<p>Tot i que aquests problemes s&#8217;han solucionat gradualment, &#8220;la c\u00e0rrega de treball ha estat excessiva i no pot repercutir-se al client. En alguns casos, ni tan sols hem comunicat als aut\u00f2noms aquesta obligaci\u00f3, sin\u00f3 que l&#8217;hem assumida directament per estalviar temps,&#8221; va afegir Ortega.<\/p>\n<p>Els gestors i graduats socials han subratllat que es tracta d&#8217;informaci\u00f3 que ja est\u00e0 en poder de l&#8217;Administraci\u00f3. &#8220;Haurien de tenir els mitjans per creuar o carregar les dades, en lloc de delegar aquesta feina en nosaltres,&#8221; va concloure Ortega.<\/p>\n<h3><span class=\"ez-toc-section\" id=\"Quins_autonoms_han_de_comunicar_les_seves_dades_a_la_Seguretat_Social_abans_del_30_de_juny\"><\/span><strong>Quins aut\u00f2noms han de comunicar les seves dades a la Seguretat Social abans del 30 de juny?<\/strong><span class=\"ez-toc-section-end\"><\/span><\/h3>\n<p>El termini perqu\u00e8 milers d&#8217;aut\u00f2noms, com els societaris, els econ\u00f2micament dependents (TRADE) i els col\u00b7laboradors, comuniquin les seves dades a la Seguretat Social finalitza el 30 de juny, despr\u00e9s de la pr\u00f2rroga aprovada pel Govern al mar\u00e7.<\/p>\n<p>Segons l&#8217;ordre de la Seguretat Social, els aut\u00f2noms que han de comunicar les seves dades s\u00f3n:<\/p>\n<ul>\n<li>Aut\u00f2noms societaris.<\/li>\n<li>Aut\u00f2noms al capdavant d&#8217;una comunitat de b\u00e9ns o societat civil.<\/li>\n<li>Treballadors aut\u00f2noms econ\u00f2micament dependents (TRADE).<\/li>\n<li>Aut\u00f2noms col\u00b7laboradors.<\/li>\n<li>Aut\u00f2noms professionals que han d&#8217;estar col\u00b7legiats.<\/li>\n<li>Aut\u00f2nom principal amb col\u00b7laboradors al seu c\u00e0rrec: han de comunicar el nom, cognoms i NIF dels col\u00b7laboradors, va explicar Carlos Pi\u00f1ero, director de l&#8217;\u00e0rea jur\u00eddica de la Federaci\u00f3 Nacional d&#8217;Associacions de Treballadors Aut\u00f2noms (ATA).<\/li>\n<\/ul>\n<h3><span class=\"ez-toc-section\" id=\"Les_dades_que_han_de_comunicar_varien_segons_el_tipus_dautonom\"><\/span><strong>Les dades que han de comunicar varien segons el tipus d&#8217;aut\u00f2nom<\/strong><span class=\"ez-toc-section-end\"><\/span><\/h3>\n<p>La Federaci\u00f3 Nacional d&#8217;Associacions de Treballadors Aut\u00f2noms (ATA) va explicar que les dades que ha de comunicar cada tipus d&#8217;aut\u00f2nom s\u00f3n diferents, tots relacionats amb la seva activitat. Els detalls s\u00f3n:<\/p>\n<ul>\n<li>Aut\u00f2noms societaris: Ra\u00f3 social i CIF de totes les societats en qu\u00e8 participin. Si s\u00f3n consellers, administradors o presten altres serveis, han de comunicar el percentatge de participaci\u00f3 propi i dels familiars convivents, aix\u00ed com els seus noms, cognoms i DNI.<\/li>\n<li>Treballadors aut\u00f2noms econ\u00f2micament dependents (TRADE): Han de comunicar el CIF del client principal.<\/li>\n<li>Aut\u00f2noms col\u00b7legiats: Han d&#8217;indicar el col\u00b7legi professional al qual pertanyen.<\/li>\n<li>Sanitaris en el R\u00e8gim Especial de Treballadors Aut\u00f2noms (RETA): Han de notificar el CIF del pagador si treballen en l&#8217;empresa privada a m\u00e9s de jornada completa per al servei p\u00fablic.<\/li>\n<\/ul>\n<p>Aut\u00f2noms amb col\u00b7laboradors: Han de comunicar el nom, cognoms i NIF dels col\u00b7laboradors.<\/p>\n<h2><span class=\"ez-toc-section\" id=\"Necessites_assessorament\"><\/span>Necessites assessorament?<span class=\"ez-toc-section-end\"><\/span><\/h2>\n<p>Si et trobes en una situaci\u00f3 on necessites presentar una documentaci\u00f3 o tens dubtes sobre com fer-ho correctament, \u00e9s fonamental comptar amb l&#8217;assessorament professional adequat. A Arias Assessors estem aqu\u00ed per ajudar-te.<\/p>\n<h3><span class=\"ez-toc-section\" id=\"Per_que_triar_Arias_Assessors\"><\/span><strong>Per qu\u00e8 triar Arias Assessors?<\/strong><span class=\"ez-toc-section-end\"><\/span><\/h3>\n<ol>\n<li><strong>Experi\u00e8ncia i especialitzaci\u00f3:<\/strong> Comptem amb un equip d&#8217;experts en mat\u00e8ria fiscal amb \u00e0mplia experi\u00e8ncia en la presentaci\u00f3 de declaracions complement\u00e0ries i resoluci\u00f3 de problemes fiscals.<\/li>\n<li><strong>Assessorament personalitzat:<\/strong> Ens comprometem a proporcionar-te un assessorament personalitzat i adaptat a la teva situaci\u00f3 espec\u00edfica. Ens prenem el temps necessari per entendre les teves necessitats i oferir-te solucions eficaces.<\/li>\n<li><strong>Compliment normatiu:<\/strong> El nostre objectiu \u00e9s garantir el compliment adequat de les teves obligacions tribut\u00e0ries, evitant possibles sancions o problemes amb l&#8217;administraci\u00f3 tribut\u00e0ria.<\/li>\n<\/ol>\n<p><a href=\"https:\/\/www.ariasassessors.com\/ca\/contacte\/\">Contacta&#8217;ns avui mateix<\/a> per obtenir ajuda especialitzada i garantir el compliment adequat de les teves obligacions tribut\u00e0ries!<\/p>\n","protected":false},"excerpt":{"rendered":"<p>Nom\u00e9s queden dos setmanes perqu\u00e8 milers d&#8217;aut\u00f2noms, incloent-hi els societaris, els econ\u00f2micament dependents i els col\u00b7laboradors, comuniquin les seves dades a la Seguretat Social. El 30 de juny finalitza la pr\u00f2rroga atorgada pel Govern, i molts encara no han complert amb aquest requisit. Inicialment, el&#8230;<\/p>\n","protected":false},"author":2,"featured_media":3396,"comment_status":"open","ping_status":"open","sticky":false,"template":"","format":"standard","meta":{"footnotes":""},"categories":[4],"tags":[],"class_list":["post-3401","post","type-post","status-publish","format-standard","has-post-thumbnail","hentry","category-noticies"],"yoast_head":"<!-- This site is optimized with the Yoast SEO plugin v24.3 - https:\/\/yoast.com\/wordpress\/plugins\/seo\/ -->\n<title>Els gestors alerten que molts aut\u00f2noms encara no han comunicat les seves dades a la seguretat social | Arias Assessors<\/title>\n<meta name=\"description\" content=\"Milions d&#039;aut\u00f2noms, inclosos els societaris, tenen fins al 30 de juny per enviar les seves dades a la Seguretat Social. La Tresoreria ja posse\u00efa aquesta informaci\u00f3, cosa que ha provocat queixes dels gestors i graduats socials degut a la &quot;c\u00e0rrega de treball excessiva&quot; que han hagut d&#039;assumir.\" \/>\n<meta name=\"robots\" content=\"index, follow, max-snippet:-1, max-image-preview:large, max-video-preview:-1\" \/>\n<link rel=\"canonical\" href=\"https:\/\/www.ariasassessors.com\/ca\/els-gestors-alerten-que-molts-autonoms-encara-no-han-comunicat-les-seves-dades-a-la-seguretat-social\/\" \/>\n<meta property=\"og:locale\" content=\"ca_ES\" \/>\n<meta property=\"og:type\" content=\"article\" \/>\n<meta property=\"og:title\" content=\"Els gestors alerten que molts aut\u00f2noms encara no han comunicat les seves dades a la seguretat social | Arias Assessors\" \/>\n<meta property=\"og:description\" content=\"Milions d&#039;aut\u00f2noms, inclosos els societaris, tenen fins al 30 de juny per enviar les seves dades a la Seguretat Social. La Tresoreria ja posse\u00efa aquesta informaci\u00f3, cosa que ha provocat queixes dels gestors i graduats socials degut a la &quot;c\u00e0rrega de treball excessiva&quot; que han hagut d&#039;assumir.\" \/>\n<meta property=\"og:url\" content=\"https:\/\/www.ariasassessors.com\/ca\/els-gestors-alerten-que-molts-autonoms-encara-no-han-comunicat-les-seves-dades-a-la-seguretat-social\/\" \/>\n<meta property=\"og:site_name\" content=\"Arias Assessors\" \/>\n<meta property=\"article:publisher\" content=\"https:\/\/www.facebook.com\/ariasassessors\/\" \/>\n<meta property=\"article:published_time\" content=\"2024-06-17T08:00:47+00:00\" \/>\n<meta property=\"article:modified_time\" content=\"2024-06-11T08:41:06+00:00\" \/>\n<meta property=\"og:image\" content=\"https:\/\/www.ariasassessors.com\/wp-content\/uploads\/2024\/06\/Arias_Blog_IMAGEN_DESTACADA-1-1024x641.png\" \/>\n\t<meta property=\"og:image:width\" content=\"1024\" \/>\n\t<meta property=\"og:image:height\" content=\"641\" \/>\n\t<meta property=\"og:image:type\" content=\"image\/png\" \/>\n<meta name=\"author\" content=\"btorras\" \/>\n<meta name=\"twitter:card\" content=\"summary_large_image\" \/>\n<meta name=\"twitter:creator\" content=\"@ariasassessors\" \/>\n<meta name=\"twitter:site\" content=\"@ariasassessors\" \/>\n<meta name=\"twitter:label1\" content=\"Escrit per\" \/>\n\t<meta name=\"twitter:data1\" content=\"btorras\" \/>\n\t<meta name=\"twitter:label2\" content=\"Temps estimat de lectura\" \/>\n\t<meta name=\"twitter:data2\" content=\"4 minuts\" \/>\n<script type=\"application\/ld+json\" class=\"yoast-schema-graph\">{\"@context\":\"https:\/\/schema.org\",\"@graph\":[{\"@type\":\"Article\",\"@id\":\"https:\/\/www.ariasassessors.com\/ca\/els-gestors-alerten-que-molts-autonoms-encara-no-han-comunicat-les-seves-dades-a-la-seguretat-social\/#article\",\"isPartOf\":{\"@id\":\"https:\/\/www.ariasassessors.com\/ca\/els-gestors-alerten-que-molts-autonoms-encara-no-han-comunicat-les-seves-dades-a-la-seguretat-social\/\"},\"author\":{\"name\":\"btorras\",\"@id\":\"https:\/\/www.ariasassessors.com\/#\/schema\/person\/63c6ad1775f0a9413c37932562673cef\"},\"headline\":\"Els gestors alerten que molts aut\u00f2noms encara no han comunicat les seves dades a la seguretat social\",\"datePublished\":\"2024-06-17T08:00:47+00:00\",\"dateModified\":\"2024-06-11T08:41:06+00:00\",\"mainEntityOfPage\":{\"@id\":\"https:\/\/www.ariasassessors.com\/ca\/els-gestors-alerten-que-molts-autonoms-encara-no-han-comunicat-les-seves-dades-a-la-seguretat-social\/\"},\"wordCount\":943,\"commentCount\":0,\"publisher\":{\"@id\":\"https:\/\/www.ariasassessors.com\/#organization\"},\"image\":{\"@id\":\"https:\/\/www.ariasassessors.com\/ca\/els-gestors-alerten-que-molts-autonoms-encara-no-han-comunicat-les-seves-dades-a-la-seguretat-social\/#primaryimage\"},\"thumbnailUrl\":\"https:\/\/www.ariasassessors.com\/wp-content\/uploads\/2024\/06\/Arias_Blog_IMAGEN_DESTACADA-1.png\",\"articleSection\":[\"noticies\"],\"inLanguage\":\"ca\",\"potentialAction\":[{\"@type\":\"CommentAction\",\"name\":\"Comment\",\"target\":[\"https:\/\/www.ariasassessors.com\/ca\/els-gestors-alerten-que-molts-autonoms-encara-no-han-comunicat-les-seves-dades-a-la-seguretat-social\/#respond\"]}]},{\"@type\":\"WebPage\",\"@id\":\"https:\/\/www.ariasassessors.com\/ca\/els-gestors-alerten-que-molts-autonoms-encara-no-han-comunicat-les-seves-dades-a-la-seguretat-social\/\",\"url\":\"https:\/\/www.ariasassessors.com\/ca\/els-gestors-alerten-que-molts-autonoms-encara-no-han-comunicat-les-seves-dades-a-la-seguretat-social\/\",\"name\":\"Els gestors alerten que molts aut\u00f2noms encara no han comunicat les seves dades a la seguretat social | Arias Assessors\",\"isPartOf\":{\"@id\":\"https:\/\/www.ariasassessors.com\/#website\"},\"primaryImageOfPage\":{\"@id\":\"https:\/\/www.ariasassessors.com\/ca\/els-gestors-alerten-que-molts-autonoms-encara-no-han-comunicat-les-seves-dades-a-la-seguretat-social\/#primaryimage\"},\"image\":{\"@id\":\"https:\/\/www.ariasassessors.com\/ca\/els-gestors-alerten-que-molts-autonoms-encara-no-han-comunicat-les-seves-dades-a-la-seguretat-social\/#primaryimage\"},\"thumbnailUrl\":\"https:\/\/www.ariasassessors.com\/wp-content\/uploads\/2024\/06\/Arias_Blog_IMAGEN_DESTACADA-1.png\",\"datePublished\":\"2024-06-17T08:00:47+00:00\",\"dateModified\":\"2024-06-11T08:41:06+00:00\",\"description\":\"Milions d'aut\u00f2noms, inclosos els societaris, tenen fins al 30 de juny per enviar les seves dades a la Seguretat Social. La Tresoreria ja posse\u00efa aquesta informaci\u00f3, cosa que ha provocat queixes dels gestors i graduats socials degut a la \\\"c\u00e0rrega de treball excessiva\\\" que han hagut d'assumir.\",\"breadcrumb\":{\"@id\":\"https:\/\/www.ariasassessors.com\/ca\/els-gestors-alerten-que-molts-autonoms-encara-no-han-comunicat-les-seves-dades-a-la-seguretat-social\/#breadcrumb\"},\"inLanguage\":\"ca\",\"potentialAction\":[{\"@type\":\"ReadAction\",\"target\":[\"https:\/\/www.ariasassessors.com\/ca\/els-gestors-alerten-que-molts-autonoms-encara-no-han-comunicat-les-seves-dades-a-la-seguretat-social\/\"]}]},{\"@type\":\"ImageObject\",\"inLanguage\":\"ca\",\"@id\":\"https:\/\/www.ariasassessors.com\/ca\/els-gestors-alerten-que-molts-autonoms-encara-no-han-comunicat-les-seves-dades-a-la-seguretat-social\/#primaryimage\",\"url\":\"https:\/\/www.ariasassessors.com\/wp-content\/uploads\/2024\/06\/Arias_Blog_IMAGEN_DESTACADA-1.png\",\"contentUrl\":\"https:\/\/www.ariasassessors.com\/wp-content\/uploads\/2024\/06\/Arias_Blog_IMAGEN_DESTACADA-1.png\",\"width\":1920,\"height\":1202},{\"@type\":\"BreadcrumbList\",\"@id\":\"https:\/\/www.ariasassessors.com\/ca\/els-gestors-alerten-que-molts-autonoms-encara-no-han-comunicat-les-seves-dades-a-la-seguretat-social\/#breadcrumb\",\"itemListElement\":[{\"@type\":\"ListItem\",\"position\":1,\"name\":\"Portada\",\"item\":\"https:\/\/www.ariasassessors.com\/ca\/\"},{\"@type\":\"ListItem\",\"position\":2,\"name\":\"Els gestors alerten que molts aut\u00f2noms encara no han comunicat les seves dades a la seguretat social\"}]},{\"@type\":\"WebSite\",\"@id\":\"https:\/\/www.ariasassessors.com\/#website\",\"url\":\"https:\/\/www.ariasassessors.com\/\",\"name\":\"Arias Assessors\",\"description\":\"Asesor\u00eda para aut\u00f3nomos, profesionales y PYMES\",\"publisher\":{\"@id\":\"https:\/\/www.ariasassessors.com\/#organization\"},\"potentialAction\":[{\"@type\":\"SearchAction\",\"target\":{\"@type\":\"EntryPoint\",\"urlTemplate\":\"https:\/\/www.ariasassessors.com\/?s={search_term_string}\"},\"query-input\":{\"@type\":\"PropertyValueSpecification\",\"valueRequired\":true,\"valueName\":\"search_term_string\"}}],\"inLanguage\":\"ca\"},{\"@type\":\"Organization\",\"@id\":\"https:\/\/www.ariasassessors.com\/#organization\",\"name\":\"Arias Assessors\",\"url\":\"https:\/\/www.ariasassessors.com\/\",\"logo\":{\"@type\":\"ImageObject\",\"inLanguage\":\"ca\",\"@id\":\"https:\/\/www.ariasassessors.com\/#\/schema\/logo\/image\/\",\"url\":\"https:\/\/www.ariasassessors.com\/wp-content\/uploads\/2019\/01\/arias-logo.png\",\"contentUrl\":\"https:\/\/www.ariasassessors.com\/wp-content\/uploads\/2019\/01\/arias-logo.png\",\"width\":349,\"height\":254,\"caption\":\"Arias Assessors\"},\"image\":{\"@id\":\"https:\/\/www.ariasassessors.com\/#\/schema\/logo\/image\/\"},\"sameAs\":[\"https:\/\/www.facebook.com\/ariasassessors\/\",\"https:\/\/x.com\/ariasassessors\",\"https:\/\/www.linkedin.com\/company\/r&amp;amp;r-growing-knowledge\/\"]},{\"@type\":\"Person\",\"@id\":\"https:\/\/www.ariasassessors.com\/#\/schema\/person\/63c6ad1775f0a9413c37932562673cef\",\"name\":\"btorras\",\"image\":{\"@type\":\"ImageObject\",\"inLanguage\":\"ca\",\"@id\":\"https:\/\/www.ariasassessors.com\/#\/schema\/person\/image\/\",\"url\":\"https:\/\/secure.gravatar.com\/avatar\/0531db351fc361fdbfd204c58fa2d6a3?s=96&d=mm&r=g\",\"contentUrl\":\"https:\/\/secure.gravatar.com\/avatar\/0531db351fc361fdbfd204c58fa2d6a3?s=96&d=mm&r=g\",\"caption\":\"btorras\"}}]}<\/script>\n<!-- \/ Yoast SEO plugin. -->","yoast_head_json":{"title":"Els gestors alerten que molts aut\u00f2noms encara no han comunicat les seves dades a la seguretat social | Arias Assessors","description":"Milions d'aut\u00f2noms, inclosos els societaris, tenen fins al 30 de juny per enviar les seves dades a la Seguretat Social. La Tresoreria ja posse\u00efa aquesta informaci\u00f3, cosa que ha provocat queixes dels gestors i graduats socials degut a la \"c\u00e0rrega de treball excessiva\" que han hagut d'assumir.","robots":{"index":"index","follow":"follow","max-snippet":"max-snippet:-1","max-image-preview":"max-image-preview:large","max-video-preview":"max-video-preview:-1"},"canonical":"https:\/\/www.ariasassessors.com\/ca\/els-gestors-alerten-que-molts-autonoms-encara-no-han-comunicat-les-seves-dades-a-la-seguretat-social\/","og_locale":"ca_ES","og_type":"article","og_title":"Els gestors alerten que molts aut\u00f2noms encara no han comunicat les seves dades a la seguretat social | Arias Assessors","og_description":"Milions d'aut\u00f2noms, inclosos els societaris, tenen fins al 30 de juny per enviar les seves dades a la Seguretat Social. La Tresoreria ja posse\u00efa aquesta informaci\u00f3, cosa que ha provocat queixes dels gestors i graduats socials degut a la \"c\u00e0rrega de treball excessiva\" que han hagut d'assumir.","og_url":"https:\/\/www.ariasassessors.com\/ca\/els-gestors-alerten-que-molts-autonoms-encara-no-han-comunicat-les-seves-dades-a-la-seguretat-social\/","og_site_name":"Arias Assessors","article_publisher":"https:\/\/www.facebook.com\/ariasassessors\/","article_published_time":"2024-06-17T08:00:47+00:00","article_modified_time":"2024-06-11T08:41:06+00:00","og_image":[{"width":1024,"height":641,"url":"https:\/\/www.ariasassessors.com\/wp-content\/uploads\/2024\/06\/Arias_Blog_IMAGEN_DESTACADA-1-1024x641.png","type":"image\/png"}],"author":"btorras","twitter_card":"summary_large_image","twitter_creator":"@ariasassessors","twitter_site":"@ariasassessors","twitter_misc":{"Escrit per":"btorras","Temps estimat de lectura":"4 minuts"},"schema":{"@context":"https:\/\/schema.org","@graph":[{"@type":"Article","@id":"https:\/\/www.ariasassessors.com\/ca\/els-gestors-alerten-que-molts-autonoms-encara-no-han-comunicat-les-seves-dades-a-la-seguretat-social\/#article","isPartOf":{"@id":"https:\/\/www.ariasassessors.com\/ca\/els-gestors-alerten-que-molts-autonoms-encara-no-han-comunicat-les-seves-dades-a-la-seguretat-social\/"},"author":{"name":"btorras","@id":"https:\/\/www.ariasassessors.com\/#\/schema\/person\/63c6ad1775f0a9413c37932562673cef"},"headline":"Els gestors alerten que molts aut\u00f2noms encara no han comunicat les seves dades a la seguretat social","datePublished":"2024-06-17T08:00:47+00:00","dateModified":"2024-06-11T08:41:06+00:00","mainEntityOfPage":{"@id":"https:\/\/www.ariasassessors.com\/ca\/els-gestors-alerten-que-molts-autonoms-encara-no-han-comunicat-les-seves-dades-a-la-seguretat-social\/"},"wordCount":943,"commentCount":0,"publisher":{"@id":"https:\/\/www.ariasassessors.com\/#organization"},"image":{"@id":"https:\/\/www.ariasassessors.com\/ca\/els-gestors-alerten-que-molts-autonoms-encara-no-han-comunicat-les-seves-dades-a-la-seguretat-social\/#primaryimage"},"thumbnailUrl":"https:\/\/www.ariasassessors.com\/wp-content\/uploads\/2024\/06\/Arias_Blog_IMAGEN_DESTACADA-1.png","articleSection":["noticies"],"inLanguage":"ca","potentialAction":[{"@type":"CommentAction","name":"Comment","target":["https:\/\/www.ariasassessors.com\/ca\/els-gestors-alerten-que-molts-autonoms-encara-no-han-comunicat-les-seves-dades-a-la-seguretat-social\/#respond"]}]},{"@type":"WebPage","@id":"https:\/\/www.ariasassessors.com\/ca\/els-gestors-alerten-que-molts-autonoms-encara-no-han-comunicat-les-seves-dades-a-la-seguretat-social\/","url":"https:\/\/www.ariasassessors.com\/ca\/els-gestors-alerten-que-molts-autonoms-encara-no-han-comunicat-les-seves-dades-a-la-seguretat-social\/","name":"Els gestors alerten que molts aut\u00f2noms encara no han comunicat les seves dades a la seguretat social | Arias Assessors","isPartOf":{"@id":"https:\/\/www.ariasassessors.com\/#website"},"primaryImageOfPage":{"@id":"https:\/\/www.ariasassessors.com\/ca\/els-gestors-alerten-que-molts-autonoms-encara-no-han-comunicat-les-seves-dades-a-la-seguretat-social\/#primaryimage"},"image":{"@id":"https:\/\/www.ariasassessors.com\/ca\/els-gestors-alerten-que-molts-autonoms-encara-no-han-comunicat-les-seves-dades-a-la-seguretat-social\/#primaryimage"},"thumbnailUrl":"https:\/\/www.ariasassessors.com\/wp-content\/uploads\/2024\/06\/Arias_Blog_IMAGEN_DESTACADA-1.png","datePublished":"2024-06-17T08:00:47+00:00","dateModified":"2024-06-11T08:41:06+00:00","description":"Milions d'aut\u00f2noms, inclosos els societaris, tenen fins al 30 de juny per enviar les seves dades a la Seguretat Social. La Tresoreria ja posse\u00efa aquesta informaci\u00f3, cosa que ha provocat queixes dels gestors i graduats socials degut a la \"c\u00e0rrega de treball excessiva\" que han hagut d'assumir.","breadcrumb":{"@id":"https:\/\/www.ariasassessors.com\/ca\/els-gestors-alerten-que-molts-autonoms-encara-no-han-comunicat-les-seves-dades-a-la-seguretat-social\/#breadcrumb"},"inLanguage":"ca","potentialAction":[{"@type":"ReadAction","target":["https:\/\/www.ariasassessors.com\/ca\/els-gestors-alerten-que-molts-autonoms-encara-no-han-comunicat-les-seves-dades-a-la-seguretat-social\/"]}]},{"@type":"ImageObject","inLanguage":"ca","@id":"https:\/\/www.ariasassessors.com\/ca\/els-gestors-alerten-que-molts-autonoms-encara-no-han-comunicat-les-seves-dades-a-la-seguretat-social\/#primaryimage","url":"https:\/\/www.ariasassessors.com\/wp-content\/uploads\/2024\/06\/Arias_Blog_IMAGEN_DESTACADA-1.png","contentUrl":"https:\/\/www.ariasassessors.com\/wp-content\/uploads\/2024\/06\/Arias_Blog_IMAGEN_DESTACADA-1.png","width":1920,"height":1202},{"@type":"BreadcrumbList","@id":"https:\/\/www.ariasassessors.com\/ca\/els-gestors-alerten-que-molts-autonoms-encara-no-han-comunicat-les-seves-dades-a-la-seguretat-social\/#breadcrumb","itemListElement":[{"@type":"ListItem","position":1,"name":"Portada","item":"https:\/\/www.ariasassessors.com\/ca\/"},{"@type":"ListItem","position":2,"name":"Els gestors alerten que molts aut\u00f2noms encara no han comunicat les seves dades a la seguretat social"}]},{"@type":"WebSite","@id":"https:\/\/www.ariasassessors.com\/#website","url":"https:\/\/www.ariasassessors.com\/","name":"Arias Assessors","description":"Asesor\u00eda para aut\u00f3nomos, profesionales y PYMES","publisher":{"@id":"https:\/\/www.ariasassessors.com\/#organization"},"potentialAction":[{"@type":"SearchAction","target":{"@type":"EntryPoint","urlTemplate":"https:\/\/www.ariasassessors.com\/?s={search_term_string}"},"query-input":{"@type":"PropertyValueSpecification","valueRequired":true,"valueName":"search_term_string"}}],"inLanguage":"ca"},{"@type":"Organization","@id":"https:\/\/www.ariasassessors.com\/#organization","name":"Arias Assessors","url":"https:\/\/www.ariasassessors.com\/","logo":{"@type":"ImageObject","inLanguage":"ca","@id":"https:\/\/www.ariasassessors.com\/#\/schema\/logo\/image\/","url":"https:\/\/www.ariasassessors.com\/wp-content\/uploads\/2019\/01\/arias-logo.png","contentUrl":"https:\/\/www.ariasassessors.com\/wp-content\/uploads\/2019\/01\/arias-logo.png","width":349,"height":254,"caption":"Arias Assessors"},"image":{"@id":"https:\/\/www.ariasassessors.com\/#\/schema\/logo\/image\/"},"sameAs":["https:\/\/www.facebook.com\/ariasassessors\/","https:\/\/x.com\/ariasassessors","https:\/\/www.linkedin.com\/company\/r&amp;amp;r-growing-knowledge\/"]},{"@type":"Person","@id":"https:\/\/www.ariasassessors.com\/#\/schema\/person\/63c6ad1775f0a9413c37932562673cef","name":"btorras","image":{"@type":"ImageObject","inLanguage":"ca","@id":"https:\/\/www.ariasassessors.com\/#\/schema\/person\/image\/","url":"https:\/\/secure.gravatar.com\/avatar\/0531db351fc361fdbfd204c58fa2d6a3?s=96&d=mm&r=g","contentUrl":"https:\/\/secure.gravatar.com\/avatar\/0531db351fc361fdbfd204c58fa2d6a3?s=96&d=mm&r=g","caption":"btorras"}}]}},"_links":{"self":[{"href":"https:\/\/www.ariasassessors.com\/ca\/wp-json\/wp\/v2\/posts\/3401","targetHints":{"allow":["GET"]}}],"collection":[{"href":"https:\/\/www.ariasassessors.com\/ca\/wp-json\/wp\/v2\/posts"}],"about":[{"href":"https:\/\/www.ariasassessors.com\/ca\/wp-json\/wp\/v2\/types\/post"}],"author":[{"embeddable":true,"href":"https:\/\/www.ariasassessors.com\/ca\/wp-json\/wp\/v2\/users\/2"}],"replies":[{"embeddable":true,"href":"https:\/\/www.ariasassessors.com\/ca\/wp-json\/wp\/v2\/comments?post=3401"}],"version-history":[{"count":5,"href":"https:\/\/www.ariasassessors.com\/ca\/wp-json\/wp\/v2\/posts\/3401\/revisions"}],"predecessor-version":[{"id":3409,"href":"https:\/\/www.ariasassessors.com\/ca\/wp-json\/wp\/v2\/posts\/3401\/revisions\/3409"}],"wp:featuredmedia":[{"embeddable":true,"href":"https:\/\/www.ariasassessors.com\/ca\/wp-json\/wp\/v2\/media\/3396"}],"wp:attachment":[{"href":"https:\/\/www.ariasassessors.com\/ca\/wp-json\/wp\/v2\/media?parent=3401"}],"wp:term":[{"taxonomy":"category","embeddable":true,"href":"https:\/\/www.ariasassessors.com\/ca\/wp-json\/wp\/v2\/categories?post=3401"},{"taxonomy":"post_tag","embeddable":true,"href":"https:\/\/www.ariasassessors.com\/ca\/wp-json\/wp\/v2\/tags?post=3401"}],"curies":[{"name":"wp","href":"https:\/\/api.w.org\/{rel}","templated":true}]}}