{"id":3417,"date":"2024-06-24T10:00:29","date_gmt":"2024-06-24T08:00:29","guid":{"rendered":"https:\/\/www.ariasassessors.com\/?p=3417"},"modified":"2024-06-11T11:01:55","modified_gmt":"2024-06-11T09:01:55","slug":"responsabilitat-dels-autonoms-col%c2%b7laboradors-en-el-pagament-de-quotes-del-titular-del-negoci","status":"publish","type":"post","link":"https:\/\/www.ariasassessors.com\/ca\/responsabilitat-dels-autonoms-col%c2%b7laboradors-en-el-pagament-de-quotes-del-titular-del-negoci\/","title":{"rendered":"Responsabilitat dels Aut\u00f2noms Col\u00b7laboradors en el Pagament de Quotes del Titular del Negoci"},"content":{"rendered":"<p>A Espanya, aproximadament 185.000 persones estan inscrites en la Seguretat Social com a aut\u00f2noms col\u00b7laboradors, amb prop del 80% treballant en els sectors de comer\u00e7 i hostaleria. Des de l&#8217;any passat, aquests aut\u00f2noms cotitzen per una base m\u00ednima de 1.000 euros i han estat el grup que m\u00e9s ha disminu\u00eft en l&#8217;\u00faltim any, segons dades de la Seguretat Social. Encara que aquesta figura ofereix alguns avantatges i bonificacions, treballar amb un familiar en el negoci pot ser complicat i, en alguns casos, desfavorable, especialment a causa de la responsabilitat de cobrir les quotes en cas d&#8217;impagament del titular.<\/p>\n<p>El Reglament General sobre Cotitzaci\u00f3 i Liquidaci\u00f3 d&#8217;altres Drets de la Seguretat Social estableix que l&#8217;aut\u00f2nom titular \u00e9s responsable del pagament de les seves quotes i de les dels seus col\u00b7laboradors, i viceversa. Jaume\u00a0Barcons, advocat laboralista de la Gestoria\u00a0Barcons, aclareix que encara que l&#8217;aut\u00f2nom col\u00b7laborador no \u00e9s responsable directe, s\u00ed que \u00e9s responsable subsidiari. Si el titular no pot pagar, el col\u00b7laborador haur\u00e0 d&#8217;assumir el pagament de les quotes del titular a m\u00e9s de les seves pr\u00f2pies.<\/p>\n<div id=\"ez-toc-container\" class=\"ez-toc-v2_0_72 counter-hierarchy ez-toc-counter ez-toc-grey ez-toc-container-direction\">\n<div class=\"ez-toc-title-container\">\n<p class=\"ez-toc-title\" style=\"cursor:inherit\">\u00cdndice de Contenidos<\/p>\n<span class=\"ez-toc-title-toggle\"><a href=\"#\" class=\"ez-toc-pull-right ez-toc-btn ez-toc-btn-xs ez-toc-btn-default ez-toc-toggle\" aria-label=\"Toggle Table of Content\"><span class=\"ez-toc-js-icon-con\"><span class=\"\"><span class=\"eztoc-hide\" style=\"display:none;\">Toggle<\/span><span class=\"ez-toc-icon-toggle-span\"><svg style=\"fill: #428bca;color:#428bca\" xmlns=\"http:\/\/www.w3.org\/2000\/svg\" class=\"list-377408\" width=\"20px\" height=\"20px\" viewBox=\"0 0 24 24\" fill=\"none\"><path d=\"M6 6H4v2h2V6zm14 0H8v2h12V6zM4 11h2v2H4v-2zm16 0H8v2h12v-2zM4 16h2v2H4v-2zm16 0H8v2h12v-2z\" fill=\"currentColor\"><\/path><\/svg><svg style=\"fill: #428bca;color:#428bca\" class=\"arrow-unsorted-368013\" xmlns=\"http:\/\/www.w3.org\/2000\/svg\" width=\"10px\" height=\"10px\" viewBox=\"0 0 24 24\" version=\"1.2\" baseProfile=\"tiny\"><path d=\"M18.2 9.3l-6.2-6.3-6.2 6.3c-.2.2-.3.4-.3.7s.1.5.3.7c.2.2.4.3.7.3h11c.3 0 .5-.1.7-.3.2-.2.3-.5.3-.7s-.1-.5-.3-.7zM5.8 14.7l6.2 6.3 6.2-6.3c.2-.2.3-.5.3-.7s-.1-.5-.3-.7c-.2-.2-.4-.3-.7-.3h-11c-.3 0-.5.1-.7.3-.2.2-.3.5-.3.7s.1.5.3.7z\"\/><\/svg><\/span><\/span><\/span><\/a><\/span><\/div>\n<nav><ul class='ez-toc-list ez-toc-list-level-1 eztoc-toggle-hide-by-default' ><ul class='ez-toc-list-level-3' ><li class='ez-toc-heading-level-3'><a class=\"ez-toc-link ez-toc-heading-1\" href=\"https:\/\/www.ariasassessors.com\/ca\/responsabilitat-dels-autonoms-col%c2%b7laboradors-en-el-pagament-de-quotes-del-titular-del-negoci\/#Responsabilitat_mutua_en_el_pagament_de_quotes_per_a_fills_o_conjuges_que_comparteixen_negoci\" title=\"Responsabilitat m\u00fatua en el pagament de quotes per a fills o c\u00f2njuges que comparteixen negoci\">Responsabilitat m\u00fatua en el pagament de quotes per a fills o c\u00f2njuges que comparteixen negoci<\/a><\/li><li class='ez-toc-page-1 ez-toc-heading-level-3'><a class=\"ez-toc-link ez-toc-heading-2\" href=\"https:\/\/www.ariasassessors.com\/ca\/responsabilitat-dels-autonoms-col%c2%b7laboradors-en-el-pagament-de-quotes-del-titular-del-negoci\/#Reclamacio_de_quantitats_pagades_per_lautonom_collaborador_en_cas_dimpagament_del_titular\" title=\"Reclamaci\u00f3 de quantitats pagades per l&#8217;aut\u00f2nom col\u00b7laborador en cas d&#8217;impagament del titular\">Reclamaci\u00f3 de quantitats pagades per l&#8217;aut\u00f2nom col\u00b7laborador en cas d&#8217;impagament del titular<\/a><\/li><li class='ez-toc-page-1 ez-toc-heading-level-3'><a class=\"ez-toc-link ez-toc-heading-3\" href=\"https:\/\/www.ariasassessors.com\/ca\/responsabilitat-dels-autonoms-col%c2%b7laboradors-en-el-pagament-de-quotes-del-titular-del-negoci\/#Contractacio_de_fills_com_a_assalariats_encara_que_visquin_a_casa_si_son_menors_de_30_anys\" title=\"Contractaci\u00f3 de fills com a assalariats encara que visquin a casa si s\u00f3n menors de 30 anys\">Contractaci\u00f3 de fills com a assalariats encara que visquin a casa si s\u00f3n menors de 30 anys<\/a><\/li><li class='ez-toc-page-1 ez-toc-heading-level-3'><a class=\"ez-toc-link ez-toc-heading-4\" href=\"https:\/\/www.ariasassessors.com\/ca\/responsabilitat-dels-autonoms-col%c2%b7laboradors-en-el-pagament-de-quotes-del-titular-del-negoci\/#Bonificacio_en_la_quota_dautonoms_per_a_autonoms_collaboradors\" title=\"Bonificaci\u00f3 en la quota d&#8217;aut\u00f2noms per a aut\u00f2noms col\u00b7laboradors\">Bonificaci\u00f3 en la quota d&#8217;aut\u00f2noms per a aut\u00f2noms col\u00b7laboradors<\/a><\/li><\/ul><\/li><li class='ez-toc-page-1 ez-toc-heading-level-2'><a class=\"ez-toc-link ez-toc-heading-5\" href=\"https:\/\/www.ariasassessors.com\/ca\/responsabilitat-dels-autonoms-col%c2%b7laboradors-en-el-pagament-de-quotes-del-titular-del-negoci\/#Necessites_assessorament\" title=\"Necessites assessorament?\">Necessites assessorament?<\/a><\/li><li class='ez-toc-page-1 ez-toc-heading-level-2'><a class=\"ez-toc-link ez-toc-heading-6\" href=\"https:\/\/www.ariasassessors.com\/ca\/responsabilitat-dels-autonoms-col%c2%b7laboradors-en-el-pagament-de-quotes-del-titular-del-negoci\/#Per_que_triar_Arias_Assessors\" title=\"Per qu\u00e8 triar Arias\u00a0Assessors?\">Per qu\u00e8 triar Arias\u00a0Assessors?<\/a><\/li><\/ul><\/nav><\/div>\n<h3><span class=\"ez-toc-section\" id=\"Responsabilitat_mutua_en_el_pagament_de_quotes_per_a_fills_o_conjuges_que_comparteixen_negoci\"><\/span><strong>Responsabilitat m\u00fatua en el pagament de quotes per a fills o c\u00f2njuges que comparteixen negoci<\/strong><span class=\"ez-toc-section-end\"><\/span><\/h3>\n<p>\u00c9s com\u00fa que els aut\u00f2noms incorporin a familiars en el seu negoci, ja sigui per proximitat, confian\u00e7a o per a mantenir l&#8217;empresa familiar. Els familiars de primer grau, com a c\u00f2njuges, fills, pares o sogres, han de registrar-se com a aut\u00f2noms col\u00b7laboradors en el R\u00e8gim Especial de Treballadors Aut\u00f2noms (RETA), assumint els riscos de l&#8217;activitat econ\u00f2mica familiar.<\/p>\n<p>No obstant aix\u00f2, molts desconeixen que en fer-ho es converteixen en responsables subsidiaris del pagament de les quotes del titular en cas d&#8217;impagament. Per tant, si el titular no pot pagar, els col\u00b7laboradors hauran de respondre davant la Seguretat Social.<\/p>\n<h3><span class=\"ez-toc-section\" id=\"Reclamacio_de_quantitats_pagades_per_lautonom_collaborador_en_cas_dimpagament_del_titular\"><\/span>Reclamaci\u00f3 de quantitats pagades per l&#8217;aut\u00f2nom col\u00b7laborador en cas d&#8217;impagament del titular<span class=\"ez-toc-section-end\"><\/span><\/h3>\n<p>Si el titular queda insolvent i l&#8217;aut\u00f2nom col\u00b7laborador ha d&#8217;assumir les quotes, aquest pot reclamar les quantitats pagades mitjan\u00e7ant una acci\u00f3 de repetici\u00f3, prevista en el Codi Civil. Aix\u00f2 permet al col\u00b7laborador recuperar els diners abonats en lloc del titular.<\/p>\n<h3><span class=\"ez-toc-section\" id=\"Contractacio_de_fills_com_a_assalariats_encara_que_visquin_a_casa_si_son_menors_de_30_anys\"><\/span><strong>Contractaci\u00f3 de fills com a assalariats encara que visquin a casa si s\u00f3n menors de 30 anys<\/strong><span class=\"ez-toc-section-end\"><\/span><\/h3>\n<p>El titular pot contractar familiars com a assalariats demostrant que no hi ha conviv\u00e8ncia ni depend\u00e8ncia econ\u00f2mica. No obstant aix\u00f2, els fills menors de 30 anys poden ser contractats com a assalariats encara que visquin a casa, encara que no tindran dret a la prestaci\u00f3 per desocupaci\u00f3.<\/p>\n<h3><span class=\"ez-toc-section\" id=\"Bonificacio_en_la_quota_dautonoms_per_a_autonoms_collaboradors\"><\/span><strong>Bonificaci\u00f3 en la quota d&#8217;aut\u00f2noms per a aut\u00f2noms col\u00b7laboradors<\/strong><span class=\"ez-toc-section-end\"><\/span><\/h3>\n<p>Un avantatge important per als aut\u00f2noms col\u00b7laboradors \u00e9s una bonificaci\u00f3 del 50% en la quota d&#8217;aut\u00f2noms durant els primers 18 mesos, sempre que no hagin estat donats d&#8217;alta en els cinc anys anteriors. A m\u00e9s, durant els seg\u00fcents sis mesos, la bonificaci\u00f3 ser\u00e0 del 25%.<\/p>\n<h2><span class=\"ez-toc-section\" id=\"Necessites_assessorament\"><\/span><strong>Necessites assessorament?<\/strong><span class=\"ez-toc-section-end\"><\/span><\/h2>\n<p>Si et trobes en una situaci\u00f3 on necessites presentar una documentaci\u00f3 o tens dubtes sobre com fer-ho correctament, \u00e9s fonamental comptar amb l&#8217;assessorament professional adequat. En Arias\u00a0Assessors\u00a0som aqu\u00ed per a ajudar-te.<\/p>\n<h2><span class=\"ez-toc-section\" id=\"Per_que_triar_Arias_Assessors\"><\/span>Per qu\u00e8 triar Arias\u00a0Assessors?<span class=\"ez-toc-section-end\"><\/span><\/h2>\n<ol>\n<li><strong>Experi\u00e8ncia i especialitzaci\u00f3:<\/strong> Comptem amb un equip d&#8217;experts en mat\u00e8ria fiscal amb \u00e0mplia experi\u00e8ncia en la presentaci\u00f3 de declaracions complement\u00e0ries i resoluci\u00f3 de problemes fiscals.<\/li>\n<li><strong>Assessorament personalitzat:<\/strong> Ens comprometem a proporcionar-te un assessorament personalitzat i adaptat a la teva situaci\u00f3 espec\u00edfica. Ens prenem el temps necessari per a entendre les teves necessitats i oferir-te solucions eficaces.<\/li>\n<li><strong>Compliment normatiu:<\/strong> El nostre objectiu \u00e9s garantir el compliment adequat de les teves obligacions tribut\u00e0ries, evitant possibles sancions o problemes amb l&#8217;administraci\u00f3 tribut\u00e0ria.<\/li>\n<\/ol>\n<p><a href=\"https:\/\/www.ariasassessors.com\/ca\/contacte\/\">Contacta&#8217;ns avui mateix<\/a> per a obtenir ajuda especialitzada i garantir el compliment adequat de les teves obligacions tribut\u00e0ries!<\/p>\n","protected":false},"excerpt":{"rendered":"<p>A Espanya, aproximadament 185.000 persones estan inscrites en la Seguretat Social com a aut\u00f2noms col\u00b7laboradors, amb prop del 80% treballant en els sectors de comer\u00e7 i hostaleria. Des de l&#8217;any passat, aquests aut\u00f2noms cotitzen per una base m\u00ednima de 1.000 euros i han estat el&#8230;<\/p>\n","protected":false},"author":2,"featured_media":3415,"comment_status":"open","ping_status":"open","sticky":false,"template":"","format":"standard","meta":{"footnotes":""},"categories":[4],"tags":[],"class_list":["post-3417","post","type-post","status-publish","format-standard","has-post-thumbnail","hentry","category-noticies"],"yoast_head":"<!-- This site is optimized with the Yoast SEO plugin v24.3 - https:\/\/yoast.com\/wordpress\/plugins\/seo\/ -->\n<title>Responsabilitat dels Aut\u00f2noms Col\u00b7laboradors en el Pagament de Quotes del Titular del Negoci | Arias Assessors<\/title>\n<meta name=\"description\" content=\"Els aut\u00f2noms col\u00b7laboradors tenen la responsabilitat subsidi\u00e0ria de les quotes del titular del negoci en cas d&#039;impagament. Aquesta normativa afecta a familiars com a fills, pares i c\u00f2njuges involucrats en la gesti\u00f3 d&#039;un negoci familiar.\" \/>\n<meta name=\"robots\" content=\"index, follow, max-snippet:-1, max-image-preview:large, max-video-preview:-1\" \/>\n<link rel=\"canonical\" href=\"https:\/\/www.ariasassessors.com\/ca\/responsabilitat-dels-autonoms-col\u00b7laboradors-en-el-pagament-de-quotes-del-titular-del-negoci\/\" \/>\n<meta property=\"og:locale\" content=\"ca_ES\" \/>\n<meta property=\"og:type\" content=\"article\" \/>\n<meta property=\"og:title\" content=\"Responsabilitat dels Aut\u00f2noms Col\u00b7laboradors en el Pagament de Quotes del Titular del Negoci | Arias Assessors\" \/>\n<meta property=\"og:description\" content=\"Els aut\u00f2noms col\u00b7laboradors tenen la responsabilitat subsidi\u00e0ria de les quotes del titular del negoci en cas d&#039;impagament. Aquesta normativa afecta a familiars com a fills, pares i c\u00f2njuges involucrats en la gesti\u00f3 d&#039;un negoci familiar.\" \/>\n<meta property=\"og:url\" content=\"https:\/\/www.ariasassessors.com\/ca\/responsabilitat-dels-autonoms-col\u00b7laboradors-en-el-pagament-de-quotes-del-titular-del-negoci\/\" \/>\n<meta property=\"og:site_name\" content=\"Arias Assessors\" \/>\n<meta property=\"article:publisher\" content=\"https:\/\/www.facebook.com\/ariasassessors\/\" \/>\n<meta property=\"article:published_time\" content=\"2024-06-24T08:00:29+00:00\" \/>\n<meta property=\"article:modified_time\" content=\"2024-06-11T09:01:55+00:00\" \/>\n<meta property=\"og:image\" content=\"https:\/\/www.ariasassessors.com\/wp-content\/uploads\/2024\/06\/Arias_Blog_IMAGEN_DESTACADA-2-1024x641.png\" \/>\n\t<meta property=\"og:image:width\" content=\"1024\" \/>\n\t<meta property=\"og:image:height\" content=\"641\" \/>\n\t<meta property=\"og:image:type\" content=\"image\/png\" \/>\n<meta name=\"author\" content=\"btorras\" \/>\n<meta name=\"twitter:card\" content=\"summary_large_image\" \/>\n<meta name=\"twitter:creator\" content=\"@ariasassessors\" \/>\n<meta name=\"twitter:site\" content=\"@ariasassessors\" \/>\n<meta name=\"twitter:label1\" content=\"Escrit per\" \/>\n\t<meta name=\"twitter:data1\" content=\"btorras\" \/>\n\t<meta name=\"twitter:label2\" content=\"Temps estimat de lectura\" \/>\n\t<meta name=\"twitter:data2\" content=\"3 minuts\" \/>\n<script type=\"application\/ld+json\" class=\"yoast-schema-graph\">{\"@context\":\"https:\/\/schema.org\",\"@graph\":[{\"@type\":\"Article\",\"@id\":\"https:\/\/www.ariasassessors.com\/ca\/responsabilitat-dels-autonoms-col%c2%b7laboradors-en-el-pagament-de-quotes-del-titular-del-negoci\/#article\",\"isPartOf\":{\"@id\":\"https:\/\/www.ariasassessors.com\/ca\/responsabilitat-dels-autonoms-col%c2%b7laboradors-en-el-pagament-de-quotes-del-titular-del-negoci\/\"},\"author\":{\"name\":\"btorras\",\"@id\":\"https:\/\/www.ariasassessors.com\/#\/schema\/person\/63c6ad1775f0a9413c37932562673cef\"},\"headline\":\"Responsabilitat dels Aut\u00f2noms Col\u00b7laboradors en el Pagament de Quotes del Titular del Negoci\",\"datePublished\":\"2024-06-24T08:00:29+00:00\",\"dateModified\":\"2024-06-11T09:01:55+00:00\",\"mainEntityOfPage\":{\"@id\":\"https:\/\/www.ariasassessors.com\/ca\/responsabilitat-dels-autonoms-col%c2%b7laboradors-en-el-pagament-de-quotes-del-titular-del-negoci\/\"},\"wordCount\":654,\"commentCount\":0,\"publisher\":{\"@id\":\"https:\/\/www.ariasassessors.com\/#organization\"},\"image\":{\"@id\":\"https:\/\/www.ariasassessors.com\/ca\/responsabilitat-dels-autonoms-col%c2%b7laboradors-en-el-pagament-de-quotes-del-titular-del-negoci\/#primaryimage\"},\"thumbnailUrl\":\"https:\/\/www.ariasassessors.com\/wp-content\/uploads\/2024\/06\/Arias_Blog_IMAGEN_DESTACADA-2.png\",\"articleSection\":[\"noticies\"],\"inLanguage\":\"ca\",\"potentialAction\":[{\"@type\":\"CommentAction\",\"name\":\"Comment\",\"target\":[\"https:\/\/www.ariasassessors.com\/ca\/responsabilitat-dels-autonoms-col%c2%b7laboradors-en-el-pagament-de-quotes-del-titular-del-negoci\/#respond\"]}]},{\"@type\":\"WebPage\",\"@id\":\"https:\/\/www.ariasassessors.com\/ca\/responsabilitat-dels-autonoms-col%c2%b7laboradors-en-el-pagament-de-quotes-del-titular-del-negoci\/\",\"url\":\"https:\/\/www.ariasassessors.com\/ca\/responsabilitat-dels-autonoms-col%c2%b7laboradors-en-el-pagament-de-quotes-del-titular-del-negoci\/\",\"name\":\"Responsabilitat dels Aut\u00f2noms Col\u00b7laboradors en el Pagament de Quotes del Titular del Negoci | Arias Assessors\",\"isPartOf\":{\"@id\":\"https:\/\/www.ariasassessors.com\/#website\"},\"primaryImageOfPage\":{\"@id\":\"https:\/\/www.ariasassessors.com\/ca\/responsabilitat-dels-autonoms-col%c2%b7laboradors-en-el-pagament-de-quotes-del-titular-del-negoci\/#primaryimage\"},\"image\":{\"@id\":\"https:\/\/www.ariasassessors.com\/ca\/responsabilitat-dels-autonoms-col%c2%b7laboradors-en-el-pagament-de-quotes-del-titular-del-negoci\/#primaryimage\"},\"thumbnailUrl\":\"https:\/\/www.ariasassessors.com\/wp-content\/uploads\/2024\/06\/Arias_Blog_IMAGEN_DESTACADA-2.png\",\"datePublished\":\"2024-06-24T08:00:29+00:00\",\"dateModified\":\"2024-06-11T09:01:55+00:00\",\"description\":\"Els aut\u00f2noms col\u00b7laboradors tenen la responsabilitat subsidi\u00e0ria de les quotes del titular del negoci en cas d'impagament. Aquesta normativa afecta a familiars com a fills, pares i c\u00f2njuges involucrats en la gesti\u00f3 d'un negoci familiar.\",\"breadcrumb\":{\"@id\":\"https:\/\/www.ariasassessors.com\/ca\/responsabilitat-dels-autonoms-col%c2%b7laboradors-en-el-pagament-de-quotes-del-titular-del-negoci\/#breadcrumb\"},\"inLanguage\":\"ca\",\"potentialAction\":[{\"@type\":\"ReadAction\",\"target\":[\"https:\/\/www.ariasassessors.com\/ca\/responsabilitat-dels-autonoms-col%c2%b7laboradors-en-el-pagament-de-quotes-del-titular-del-negoci\/\"]}]},{\"@type\":\"ImageObject\",\"inLanguage\":\"ca\",\"@id\":\"https:\/\/www.ariasassessors.com\/ca\/responsabilitat-dels-autonoms-col%c2%b7laboradors-en-el-pagament-de-quotes-del-titular-del-negoci\/#primaryimage\",\"url\":\"https:\/\/www.ariasassessors.com\/wp-content\/uploads\/2024\/06\/Arias_Blog_IMAGEN_DESTACADA-2.png\",\"contentUrl\":\"https:\/\/www.ariasassessors.com\/wp-content\/uploads\/2024\/06\/Arias_Blog_IMAGEN_DESTACADA-2.png\",\"width\":1920,\"height\":1202},{\"@type\":\"BreadcrumbList\",\"@id\":\"https:\/\/www.ariasassessors.com\/ca\/responsabilitat-dels-autonoms-col%c2%b7laboradors-en-el-pagament-de-quotes-del-titular-del-negoci\/#breadcrumb\",\"itemListElement\":[{\"@type\":\"ListItem\",\"position\":1,\"name\":\"Portada\",\"item\":\"https:\/\/www.ariasassessors.com\/ca\/\"},{\"@type\":\"ListItem\",\"position\":2,\"name\":\"Responsabilitat dels Aut\u00f2noms Col\u00b7laboradors en el Pagament de Quotes del Titular del Negoci\"}]},{\"@type\":\"WebSite\",\"@id\":\"https:\/\/www.ariasassessors.com\/#website\",\"url\":\"https:\/\/www.ariasassessors.com\/\",\"name\":\"Arias Assessors\",\"description\":\"Asesor\u00eda para aut\u00f3nomos, profesionales y PYMES\",\"publisher\":{\"@id\":\"https:\/\/www.ariasassessors.com\/#organization\"},\"potentialAction\":[{\"@type\":\"SearchAction\",\"target\":{\"@type\":\"EntryPoint\",\"urlTemplate\":\"https:\/\/www.ariasassessors.com\/?s={search_term_string}\"},\"query-input\":{\"@type\":\"PropertyValueSpecification\",\"valueRequired\":true,\"valueName\":\"search_term_string\"}}],\"inLanguage\":\"ca\"},{\"@type\":\"Organization\",\"@id\":\"https:\/\/www.ariasassessors.com\/#organization\",\"name\":\"Arias Assessors\",\"url\":\"https:\/\/www.ariasassessors.com\/\",\"logo\":{\"@type\":\"ImageObject\",\"inLanguage\":\"ca\",\"@id\":\"https:\/\/www.ariasassessors.com\/#\/schema\/logo\/image\/\",\"url\":\"https:\/\/www.ariasassessors.com\/wp-content\/uploads\/2019\/01\/arias-logo.png\",\"contentUrl\":\"https:\/\/www.ariasassessors.com\/wp-content\/uploads\/2019\/01\/arias-logo.png\",\"width\":349,\"height\":254,\"caption\":\"Arias Assessors\"},\"image\":{\"@id\":\"https:\/\/www.ariasassessors.com\/#\/schema\/logo\/image\/\"},\"sameAs\":[\"https:\/\/www.facebook.com\/ariasassessors\/\",\"https:\/\/x.com\/ariasassessors\",\"https:\/\/www.linkedin.com\/company\/r&amp;amp;r-growing-knowledge\/\"]},{\"@type\":\"Person\",\"@id\":\"https:\/\/www.ariasassessors.com\/#\/schema\/person\/63c6ad1775f0a9413c37932562673cef\",\"name\":\"btorras\",\"image\":{\"@type\":\"ImageObject\",\"inLanguage\":\"ca\",\"@id\":\"https:\/\/www.ariasassessors.com\/#\/schema\/person\/image\/\",\"url\":\"https:\/\/secure.gravatar.com\/avatar\/0531db351fc361fdbfd204c58fa2d6a3?s=96&d=mm&r=g\",\"contentUrl\":\"https:\/\/secure.gravatar.com\/avatar\/0531db351fc361fdbfd204c58fa2d6a3?s=96&d=mm&r=g\",\"caption\":\"btorras\"}}]}<\/script>\n<!-- \/ Yoast SEO plugin. -->","yoast_head_json":{"title":"Responsabilitat dels Aut\u00f2noms Col\u00b7laboradors en el Pagament de Quotes del Titular del Negoci | Arias Assessors","description":"Els aut\u00f2noms col\u00b7laboradors tenen la responsabilitat subsidi\u00e0ria de les quotes del titular del negoci en cas d'impagament. Aquesta normativa afecta a familiars com a fills, pares i c\u00f2njuges involucrats en la gesti\u00f3 d'un negoci familiar.","robots":{"index":"index","follow":"follow","max-snippet":"max-snippet:-1","max-image-preview":"max-image-preview:large","max-video-preview":"max-video-preview:-1"},"canonical":"https:\/\/www.ariasassessors.com\/ca\/responsabilitat-dels-autonoms-col\u00b7laboradors-en-el-pagament-de-quotes-del-titular-del-negoci\/","og_locale":"ca_ES","og_type":"article","og_title":"Responsabilitat dels Aut\u00f2noms Col\u00b7laboradors en el Pagament de Quotes del Titular del Negoci | Arias Assessors","og_description":"Els aut\u00f2noms col\u00b7laboradors tenen la responsabilitat subsidi\u00e0ria de les quotes del titular del negoci en cas d'impagament. Aquesta normativa afecta a familiars com a fills, pares i c\u00f2njuges involucrats en la gesti\u00f3 d'un negoci familiar.","og_url":"https:\/\/www.ariasassessors.com\/ca\/responsabilitat-dels-autonoms-col\u00b7laboradors-en-el-pagament-de-quotes-del-titular-del-negoci\/","og_site_name":"Arias Assessors","article_publisher":"https:\/\/www.facebook.com\/ariasassessors\/","article_published_time":"2024-06-24T08:00:29+00:00","article_modified_time":"2024-06-11T09:01:55+00:00","og_image":[{"width":1024,"height":641,"url":"https:\/\/www.ariasassessors.com\/wp-content\/uploads\/2024\/06\/Arias_Blog_IMAGEN_DESTACADA-2-1024x641.png","type":"image\/png"}],"author":"btorras","twitter_card":"summary_large_image","twitter_creator":"@ariasassessors","twitter_site":"@ariasassessors","twitter_misc":{"Escrit per":"btorras","Temps estimat de lectura":"3 minuts"},"schema":{"@context":"https:\/\/schema.org","@graph":[{"@type":"Article","@id":"https:\/\/www.ariasassessors.com\/ca\/responsabilitat-dels-autonoms-col%c2%b7laboradors-en-el-pagament-de-quotes-del-titular-del-negoci\/#article","isPartOf":{"@id":"https:\/\/www.ariasassessors.com\/ca\/responsabilitat-dels-autonoms-col%c2%b7laboradors-en-el-pagament-de-quotes-del-titular-del-negoci\/"},"author":{"name":"btorras","@id":"https:\/\/www.ariasassessors.com\/#\/schema\/person\/63c6ad1775f0a9413c37932562673cef"},"headline":"Responsabilitat dels Aut\u00f2noms Col\u00b7laboradors en el Pagament de Quotes del Titular del Negoci","datePublished":"2024-06-24T08:00:29+00:00","dateModified":"2024-06-11T09:01:55+00:00","mainEntityOfPage":{"@id":"https:\/\/www.ariasassessors.com\/ca\/responsabilitat-dels-autonoms-col%c2%b7laboradors-en-el-pagament-de-quotes-del-titular-del-negoci\/"},"wordCount":654,"commentCount":0,"publisher":{"@id":"https:\/\/www.ariasassessors.com\/#organization"},"image":{"@id":"https:\/\/www.ariasassessors.com\/ca\/responsabilitat-dels-autonoms-col%c2%b7laboradors-en-el-pagament-de-quotes-del-titular-del-negoci\/#primaryimage"},"thumbnailUrl":"https:\/\/www.ariasassessors.com\/wp-content\/uploads\/2024\/06\/Arias_Blog_IMAGEN_DESTACADA-2.png","articleSection":["noticies"],"inLanguage":"ca","potentialAction":[{"@type":"CommentAction","name":"Comment","target":["https:\/\/www.ariasassessors.com\/ca\/responsabilitat-dels-autonoms-col%c2%b7laboradors-en-el-pagament-de-quotes-del-titular-del-negoci\/#respond"]}]},{"@type":"WebPage","@id":"https:\/\/www.ariasassessors.com\/ca\/responsabilitat-dels-autonoms-col%c2%b7laboradors-en-el-pagament-de-quotes-del-titular-del-negoci\/","url":"https:\/\/www.ariasassessors.com\/ca\/responsabilitat-dels-autonoms-col%c2%b7laboradors-en-el-pagament-de-quotes-del-titular-del-negoci\/","name":"Responsabilitat dels Aut\u00f2noms Col\u00b7laboradors en el Pagament de Quotes del Titular del Negoci | Arias Assessors","isPartOf":{"@id":"https:\/\/www.ariasassessors.com\/#website"},"primaryImageOfPage":{"@id":"https:\/\/www.ariasassessors.com\/ca\/responsabilitat-dels-autonoms-col%c2%b7laboradors-en-el-pagament-de-quotes-del-titular-del-negoci\/#primaryimage"},"image":{"@id":"https:\/\/www.ariasassessors.com\/ca\/responsabilitat-dels-autonoms-col%c2%b7laboradors-en-el-pagament-de-quotes-del-titular-del-negoci\/#primaryimage"},"thumbnailUrl":"https:\/\/www.ariasassessors.com\/wp-content\/uploads\/2024\/06\/Arias_Blog_IMAGEN_DESTACADA-2.png","datePublished":"2024-06-24T08:00:29+00:00","dateModified":"2024-06-11T09:01:55+00:00","description":"Els aut\u00f2noms col\u00b7laboradors tenen la responsabilitat subsidi\u00e0ria de les quotes del titular del negoci en cas d'impagament. Aquesta normativa afecta a familiars com a fills, pares i c\u00f2njuges involucrats en la gesti\u00f3 d'un negoci familiar.","breadcrumb":{"@id":"https:\/\/www.ariasassessors.com\/ca\/responsabilitat-dels-autonoms-col%c2%b7laboradors-en-el-pagament-de-quotes-del-titular-del-negoci\/#breadcrumb"},"inLanguage":"ca","potentialAction":[{"@type":"ReadAction","target":["https:\/\/www.ariasassessors.com\/ca\/responsabilitat-dels-autonoms-col%c2%b7laboradors-en-el-pagament-de-quotes-del-titular-del-negoci\/"]}]},{"@type":"ImageObject","inLanguage":"ca","@id":"https:\/\/www.ariasassessors.com\/ca\/responsabilitat-dels-autonoms-col%c2%b7laboradors-en-el-pagament-de-quotes-del-titular-del-negoci\/#primaryimage","url":"https:\/\/www.ariasassessors.com\/wp-content\/uploads\/2024\/06\/Arias_Blog_IMAGEN_DESTACADA-2.png","contentUrl":"https:\/\/www.ariasassessors.com\/wp-content\/uploads\/2024\/06\/Arias_Blog_IMAGEN_DESTACADA-2.png","width":1920,"height":1202},{"@type":"BreadcrumbList","@id":"https:\/\/www.ariasassessors.com\/ca\/responsabilitat-dels-autonoms-col%c2%b7laboradors-en-el-pagament-de-quotes-del-titular-del-negoci\/#breadcrumb","itemListElement":[{"@type":"ListItem","position":1,"name":"Portada","item":"https:\/\/www.ariasassessors.com\/ca\/"},{"@type":"ListItem","position":2,"name":"Responsabilitat dels Aut\u00f2noms Col\u00b7laboradors en el Pagament de Quotes del Titular del Negoci"}]},{"@type":"WebSite","@id":"https:\/\/www.ariasassessors.com\/#website","url":"https:\/\/www.ariasassessors.com\/","name":"Arias Assessors","description":"Asesor\u00eda para aut\u00f3nomos, profesionales y PYMES","publisher":{"@id":"https:\/\/www.ariasassessors.com\/#organization"},"potentialAction":[{"@type":"SearchAction","target":{"@type":"EntryPoint","urlTemplate":"https:\/\/www.ariasassessors.com\/?s={search_term_string}"},"query-input":{"@type":"PropertyValueSpecification","valueRequired":true,"valueName":"search_term_string"}}],"inLanguage":"ca"},{"@type":"Organization","@id":"https:\/\/www.ariasassessors.com\/#organization","name":"Arias Assessors","url":"https:\/\/www.ariasassessors.com\/","logo":{"@type":"ImageObject","inLanguage":"ca","@id":"https:\/\/www.ariasassessors.com\/#\/schema\/logo\/image\/","url":"https:\/\/www.ariasassessors.com\/wp-content\/uploads\/2019\/01\/arias-logo.png","contentUrl":"https:\/\/www.ariasassessors.com\/wp-content\/uploads\/2019\/01\/arias-logo.png","width":349,"height":254,"caption":"Arias Assessors"},"image":{"@id":"https:\/\/www.ariasassessors.com\/#\/schema\/logo\/image\/"},"sameAs":["https:\/\/www.facebook.com\/ariasassessors\/","https:\/\/x.com\/ariasassessors","https:\/\/www.linkedin.com\/company\/r&amp;amp;r-growing-knowledge\/"]},{"@type":"Person","@id":"https:\/\/www.ariasassessors.com\/#\/schema\/person\/63c6ad1775f0a9413c37932562673cef","name":"btorras","image":{"@type":"ImageObject","inLanguage":"ca","@id":"https:\/\/www.ariasassessors.com\/#\/schema\/person\/image\/","url":"https:\/\/secure.gravatar.com\/avatar\/0531db351fc361fdbfd204c58fa2d6a3?s=96&d=mm&r=g","contentUrl":"https:\/\/secure.gravatar.com\/avatar\/0531db351fc361fdbfd204c58fa2d6a3?s=96&d=mm&r=g","caption":"btorras"}}]}},"_links":{"self":[{"href":"https:\/\/www.ariasassessors.com\/ca\/wp-json\/wp\/v2\/posts\/3417","targetHints":{"allow":["GET"]}}],"collection":[{"href":"https:\/\/www.ariasassessors.com\/ca\/wp-json\/wp\/v2\/posts"}],"about":[{"href":"https:\/\/www.ariasassessors.com\/ca\/wp-json\/wp\/v2\/types\/post"}],"author":[{"embeddable":true,"href":"https:\/\/www.ariasassessors.com\/ca\/wp-json\/wp\/v2\/users\/2"}],"replies":[{"embeddable":true,"href":"https:\/\/www.ariasassessors.com\/ca\/wp-json\/wp\/v2\/comments?post=3417"}],"version-history":[{"count":1,"href":"https:\/\/www.ariasassessors.com\/ca\/wp-json\/wp\/v2\/posts\/3417\/revisions"}],"predecessor-version":[{"id":3418,"href":"https:\/\/www.ariasassessors.com\/ca\/wp-json\/wp\/v2\/posts\/3417\/revisions\/3418"}],"wp:featuredmedia":[{"embeddable":true,"href":"https:\/\/www.ariasassessors.com\/ca\/wp-json\/wp\/v2\/media\/3415"}],"wp:attachment":[{"href":"https:\/\/www.ariasassessors.com\/ca\/wp-json\/wp\/v2\/media?parent=3417"}],"wp:term":[{"taxonomy":"category","embeddable":true,"href":"https:\/\/www.ariasassessors.com\/ca\/wp-json\/wp\/v2\/categories?post=3417"},{"taxonomy":"post_tag","embeddable":true,"href":"https:\/\/www.ariasassessors.com\/ca\/wp-json\/wp\/v2\/tags?post=3417"}],"curies":[{"name":"wp","href":"https:\/\/api.w.org\/{rel}","templated":true}]}}