{"id":3592,"date":"2024-08-12T10:00:25","date_gmt":"2024-08-12T08:00:25","guid":{"rendered":"https:\/\/www.ariasassessors.com\/?p=3592"},"modified":"2024-08-27T10:25:58","modified_gmt":"2024-08-27T08:25:58","slug":"segur-de-baixa-laboral-per-a-autonoms","status":"publish","type":"post","link":"https:\/\/www.ariasassessors.com\/ca\/segur-de-baixa-laboral-per-a-autonoms\/","title":{"rendered":"Asseguran\u00e7a de Baixa Laboral per a Aut\u00f2noms: Complement Essencial a la Prestaci\u00f3 P\u00fablica"},"content":{"rendered":"<p>A Arias Assessors entenem la import\u00e0ncia d\u2019estar protegit davant d\u2019imprevistos. Molts aut\u00f2noms reben prestacions redu\u00efdes en cas d&#8217;incapacitat temporal a causa de les seves baixes cotitzacions a la Seguretat Social. Per aquesta ra\u00f3, contractar un segur de baixa laboral per a aut\u00f2noms \u00e9s una opci\u00f3 clau per assegurar el seu benestar econ\u00f2mic i professional.<\/p>\n<div id=\"ez-toc-container\" class=\"ez-toc-v2_0_72 counter-hierarchy ez-toc-counter ez-toc-grey ez-toc-container-direction\">\n<div class=\"ez-toc-title-container\">\n<p class=\"ez-toc-title\" style=\"cursor:inherit\">\u00cdndice de Contenidos<\/p>\n<span class=\"ez-toc-title-toggle\"><a href=\"#\" class=\"ez-toc-pull-right ez-toc-btn ez-toc-btn-xs ez-toc-btn-default ez-toc-toggle\" aria-label=\"Toggle Table of Content\"><span class=\"ez-toc-js-icon-con\"><span class=\"\"><span class=\"eztoc-hide\" style=\"display:none;\">Toggle<\/span><span class=\"ez-toc-icon-toggle-span\"><svg style=\"fill: #428bca;color:#428bca\" xmlns=\"http:\/\/www.w3.org\/2000\/svg\" class=\"list-377408\" width=\"20px\" height=\"20px\" viewBox=\"0 0 24 24\" fill=\"none\"><path d=\"M6 6H4v2h2V6zm14 0H8v2h12V6zM4 11h2v2H4v-2zm16 0H8v2h12v-2zM4 16h2v2H4v-2zm16 0H8v2h12v-2z\" fill=\"currentColor\"><\/path><\/svg><svg style=\"fill: #428bca;color:#428bca\" class=\"arrow-unsorted-368013\" xmlns=\"http:\/\/www.w3.org\/2000\/svg\" width=\"10px\" height=\"10px\" viewBox=\"0 0 24 24\" version=\"1.2\" baseProfile=\"tiny\"><path d=\"M18.2 9.3l-6.2-6.3-6.2 6.3c-.2.2-.3.4-.3.7s.1.5.3.7c.2.2.4.3.7.3h11c.3 0 .5-.1.7-.3.2-.2.3-.5.3-.7s-.1-.5-.3-.7zM5.8 14.7l6.2 6.3 6.2-6.3c.2-.2.3-.5.3-.7s-.1-.5-.3-.7c-.2-.2-.4-.3-.7-.3h-11c-.3 0-.5.1-.7.3-.2.2-.3.5-.3.7s.1.5.3.7z\"\/><\/svg><\/span><\/span><\/span><\/a><\/span><\/div>\n<nav><ul class='ez-toc-list ez-toc-list-level-1 eztoc-toggle-hide-by-default' ><ul class='ez-toc-list-level-3' ><li class='ez-toc-heading-level-3'><a class=\"ez-toc-link ez-toc-heading-1\" href=\"https:\/\/www.ariasassessors.com\/ca\/segur-de-baixa-laboral-per-a-autonoms\/#Que_es_una_Asseguranca_de_Baixa_Laboral_per_a_Autonoms\" title=\"Qu\u00e8 \u00e9s una Asseguran\u00e7a de Baixa Laboral per a Aut\u00f2noms?\">Qu\u00e8 \u00e9s una Asseguran\u00e7a de Baixa Laboral per a Aut\u00f2noms?<\/a><\/li><li class='ez-toc-page-1 ez-toc-heading-level-3'><a class=\"ez-toc-link ez-toc-heading-2\" href=\"https:\/\/www.ariasassessors.com\/ca\/segur-de-baixa-laboral-per-a-autonoms\/#Beneficis_i_Funcionament_de_lAsseguranca_de_Baixa_Laboral\" title=\"Beneficis i Funcionament de l\u2019Asseguran\u00e7a de Baixa Laboral\">Beneficis i Funcionament de l\u2019Asseguran\u00e7a de Baixa Laboral<\/a><\/li><li class='ez-toc-page-1 ez-toc-heading-level-3'><a class=\"ez-toc-link ez-toc-heading-3\" href=\"https:\/\/www.ariasassessors.com\/ca\/segur-de-baixa-laboral-per-a-autonoms\/#Cost_i_Cobertures_de_lAsseguranca_de_Baixa_Laboral\" title=\"Cost i Cobertures de l\u2019Asseguran\u00e7a de Baixa Laboral\">Cost i Cobertures de l\u2019Asseguran\u00e7a de Baixa Laboral<\/a><\/li><li class='ez-toc-page-1 ez-toc-heading-level-3'><a class=\"ez-toc-link ez-toc-heading-4\" href=\"https:\/\/www.ariasassessors.com\/ca\/segur-de-baixa-laboral-per-a-autonoms\/#Aspectes_a_Considerar_Abans_de_Contractar_una_Asseguranca_de_Baixa_Laboral\" title=\"Aspectes a Considerar Abans de Contractar una Asseguran\u00e7a de Baixa Laboral\">Aspectes a Considerar Abans de Contractar una Asseguran\u00e7a de Baixa Laboral<\/a><\/li><\/ul><\/li><li class='ez-toc-page-1 ez-toc-heading-level-2'><a class=\"ez-toc-link ez-toc-heading-5\" href=\"https:\/\/www.ariasassessors.com\/ca\/segur-de-baixa-laboral-per-a-autonoms\/#Necessites_assessorament\" title=\"Necessites assessorament?\">Necessites assessorament?<\/a><ul class='ez-toc-list-level-3' ><li class='ez-toc-heading-level-3'><a class=\"ez-toc-link ez-toc-heading-6\" href=\"https:\/\/www.ariasassessors.com\/ca\/segur-de-baixa-laboral-per-a-autonoms\/#Per_que_triar_Arias_Assessors\" title=\"Per qu\u00e8 triar Arias Assessors?\">Per qu\u00e8 triar Arias Assessors?<\/a><\/li><\/ul><\/li><\/ul><\/nav><\/div>\n<h3><span class=\"ez-toc-section\" id=\"Que_es_una_Asseguranca_de_Baixa_Laboral_per_a_Autonoms\"><\/span><strong>Qu\u00e8 \u00e9s una Asseguran\u00e7a de Baixa Laboral per a Aut\u00f2noms?<\/strong><span class=\"ez-toc-section-end\"><\/span><\/h3>\n<p>Una asseguran\u00e7a de baixa laboral privada permet als aut\u00f2noms complementar les prestacions p\u00fabliques que reben quan pateixen una incapacitat temporal per accident o malaltia. Aquest tipus d\u2019asseguran\u00e7a \u00e9s crucial per a aquells que cotitzen poc a la <a href=\"https:\/\/www.seg-social.es\/wps\/portal\/wss\/internet\/Inicio\">Seguretat Social<\/a> i, per tant, rebrien ingressos insuficients per cobrir les seves despeses personals i de negoci durant una baixa.<\/p>\n<h3><span class=\"ez-toc-section\" id=\"Beneficis_i_Funcionament_de_lAsseguranca_de_Baixa_Laboral\"><\/span><strong>Beneficis i Funcionament de l\u2019Asseguran\u00e7a de Baixa Laboral<\/strong><span class=\"ez-toc-section-end\"><\/span><\/h3>\n<p>La prestaci\u00f3 per incapacitat temporal de la Seguretat Social ascendeix al 60% de la base reguladora entre el quart i el vint\u00e8 dia de baixa i al 75% a partir de llavors. No obstant aix\u00f2, per a un aut\u00f2nom que cotitza en la base m\u00ednima, aix\u00f2 representa una quantitat insuficient. Aqu\u00ed \u00e9s on entra l&#8217;asseguran\u00e7a de baixa laboral, que proporciona una indemnitzaci\u00f3 addicional durant el temps que duri la baixa, amb una durada m\u00e0xima de 365 dies, i en alguns casos, fins a any i mig.<\/p>\n<h3><span class=\"ez-toc-section\" id=\"Cost_i_Cobertures_de_lAsseguranca_de_Baixa_Laboral\"><\/span><strong>Cost i Cobertures de l\u2019Asseguran\u00e7a de Baixa Laboral<\/strong><span class=\"ez-toc-section-end\"><\/span><\/h3>\n<p>El preu d\u2019aquestes assegurances \u00e9s assequible, rondant els 40 euros al mes, i les cobertures varien segons la professi\u00f3 i l\u2019edat de l\u2019aut\u00f2nom. Per exemple, un cirurgi\u00e0 pot duplicar la seva indemnitzaci\u00f3 di\u00e0ria si la baixa afecta les seves extremitats superiors. Aix\u00ed mateix, un transportista pot rebre un plus en cas d&#8217;accident de tr\u00e0nsit.<\/p>\n<h3><span class=\"ez-toc-section\" id=\"Aspectes_a_Considerar_Abans_de_Contractar_una_Asseguranca_de_Baixa_Laboral\"><\/span><strong>Aspectes a Considerar Abans de Contractar una Asseguran\u00e7a de Baixa Laboral<\/strong><span class=\"ez-toc-section-end\"><\/span><\/h3>\n<ol>\n<li><strong>C\u00e0lcul de Despeses i Ingressos:<\/strong> \u00c9s essencial que els aut\u00f2noms avalu\u00efn els seus ingressos i despeses per determinar la quantitat di\u00e0ria que necessiten durant una baixa.<\/li>\n<li><strong>Asseguran\u00e7a amb Franqu\u00edcia:<\/strong> Optar per una asseguran\u00e7a amb franqu\u00edcia pot ser una opci\u00f3 rendible. Tot i que no es rep indemnitzaci\u00f3 en els primers dies de baixa, la prima de l&#8217;asseguran\u00e7a \u00e9s m\u00e9s baixa.<\/li>\n<li><strong>Cobertures Addicionals:<\/strong> Existeixen cobertures espec\u00edfiques que permeten, per exemple, rebre una indemnitzaci\u00f3 extra en cas d&#8217;hospitalitzaci\u00f3, cobrint despeses m\u00e8diques, transport i dietes.<\/li>\n<\/ol>\n<h2><span class=\"ez-toc-section\" id=\"Necessites_assessorament\"><\/span><strong>Necessites assessorament?<\/strong><span class=\"ez-toc-section-end\"><\/span><\/h2>\n<p>\u00c9s fonamental comptar amb assessorament professional abans de contractar una asseguran\u00e7a de baixa laboral. A Arias Assessors, oferim orientaci\u00f3 personalitzada perqu\u00e8 els aut\u00f2noms tri\u00efn l&#8217;asseguran\u00e7a que millor s&#8217;adapti a les seves necessitats, garantint aix\u00ed la seva tranquil\u00b7litat i estabilitat econ\u00f2mica en cas d&#8217;incapacitat temporal.<\/p>\n<h3><span class=\"ez-toc-section\" id=\"Per_que_triar_Arias_Assessors\"><\/span><strong>Per qu\u00e8 triar Arias Assessors?<\/strong><span class=\"ez-toc-section-end\"><\/span><\/h3>\n<ol>\n<li><strong>Experi\u00e8ncia i especialitzaci\u00f3:<\/strong>\u00a0Comptem amb un equip d\u2019experts en mat\u00e8ria fiscal amb \u00e0mplia experi\u00e8ncia en la presentaci\u00f3 de declaracions complement\u00e0ries i resoluci\u00f3 de problemes fiscals.<\/li>\n<li><strong>Assessorament personalitzat:<\/strong>\u00a0Ens comprometem a proporcionar-te un assessorament personalitzat i adaptat a la teva situaci\u00f3 espec\u00edfica. Ens prenem el temps necessari per entendre les teves necessitats i oferir-te solucions eficaces.<\/li>\n<li><strong>Cumpliment normatiu:<\/strong>\u00a0El nostre objectiu \u00e9s garantir el compliment adequat de les teves obligacions tribut\u00e0ries, evitant possibles sancions o problemes amb l\u2019administraci\u00f3 tribut\u00e0ria.<\/li>\n<\/ol>\n<p><a href=\"https:\/\/www.ariasassessors.com\/ca\/contacte\/\">Contacta\u2019ns avui mateix<\/a> per obtenir ajuda especialitzada i assegurar el compliment adequat de les teves obligacions tribut\u00e0ries!<\/p>\n","protected":false},"excerpt":{"rendered":"<p>A Arias Assessors entenem la import\u00e0ncia d\u2019estar protegit davant d\u2019imprevistos. Molts aut\u00f2noms reben prestacions redu\u00efdes en cas d&#8217;incapacitat temporal a causa de les seves baixes cotitzacions a la Seguretat Social. Per aquesta ra\u00f3, contractar un segur de baixa laboral per a aut\u00f2noms \u00e9s una opci\u00f3&#8230;<\/p>\n","protected":false},"author":2,"featured_media":3587,"comment_status":"open","ping_status":"open","sticky":false,"template":"","format":"standard","meta":{"footnotes":""},"categories":[4],"tags":[],"class_list":["post-3592","post","type-post","status-publish","format-standard","has-post-thumbnail","hentry","category-noticies"],"yoast_head":"<!-- This site is optimized with the Yoast SEO plugin v24.3 - https:\/\/yoast.com\/wordpress\/plugins\/seo\/ -->\n<title>Segur de baixa laboral per a aut\u00f2noms<\/title>\n<meta name=\"description\" content=\"Descobreix com un segur de baixa laboral per a aut\u00f2noms pot complementar les prestacions p\u00fabliques, garantint la teva estabilitat econ\u00f2mica durant una incapacitat temporal. Assessora&#039;t amb Arias Assessors.\" \/>\n<meta name=\"robots\" content=\"index, follow, max-snippet:-1, max-image-preview:large, max-video-preview:-1\" \/>\n<link rel=\"canonical\" href=\"https:\/\/www.ariasassessors.com\/ca\/segur-de-baixa-laboral-per-a-autonoms\/\" \/>\n<meta property=\"og:locale\" content=\"ca_ES\" \/>\n<meta property=\"og:type\" content=\"article\" \/>\n<meta property=\"og:title\" content=\"Segur de baixa laboral per a aut\u00f2noms\" \/>\n<meta property=\"og:description\" content=\"Descobreix com un segur de baixa laboral per a aut\u00f2noms pot complementar les prestacions p\u00fabliques, garantint la teva estabilitat econ\u00f2mica durant una incapacitat temporal. Assessora&#039;t amb Arias Assessors.\" \/>\n<meta property=\"og:url\" content=\"https:\/\/www.ariasassessors.com\/ca\/segur-de-baixa-laboral-per-a-autonoms\/\" \/>\n<meta property=\"og:site_name\" content=\"Arias Assessors\" \/>\n<meta property=\"article:publisher\" content=\"https:\/\/www.facebook.com\/ariasassessors\/\" \/>\n<meta property=\"article:published_time\" content=\"2024-08-12T08:00:25+00:00\" \/>\n<meta property=\"article:modified_time\" content=\"2024-08-27T08:25:58+00:00\" \/>\n<meta property=\"og:image\" content=\"https:\/\/www.ariasassessors.com\/wp-content\/uploads\/2024\/08\/Arias_Blog_IMAGEN_DESTACADA-5.png\" \/>\n\t<meta property=\"og:image:width\" content=\"1920\" \/>\n\t<meta property=\"og:image:height\" content=\"1202\" \/>\n\t<meta property=\"og:image:type\" content=\"image\/png\" \/>\n<meta name=\"author\" content=\"btorras\" \/>\n<meta name=\"twitter:card\" content=\"summary_large_image\" \/>\n<meta name=\"twitter:creator\" content=\"@ariasassessors\" \/>\n<meta name=\"twitter:site\" content=\"@ariasassessors\" \/>\n<meta name=\"twitter:label1\" content=\"Escrit per\" \/>\n\t<meta name=\"twitter:data1\" content=\"btorras\" \/>\n\t<meta name=\"twitter:label2\" content=\"Temps estimat de lectura\" \/>\n\t<meta name=\"twitter:data2\" content=\"3 minuts\" \/>\n<script type=\"application\/ld+json\" class=\"yoast-schema-graph\">{\"@context\":\"https:\/\/schema.org\",\"@graph\":[{\"@type\":\"Article\",\"@id\":\"https:\/\/www.ariasassessors.com\/ca\/segur-de-baixa-laboral-per-a-autonoms\/#article\",\"isPartOf\":{\"@id\":\"https:\/\/www.ariasassessors.com\/ca\/segur-de-baixa-laboral-per-a-autonoms\/\"},\"author\":{\"name\":\"btorras\",\"@id\":\"https:\/\/www.ariasassessors.com\/#\/schema\/person\/63c6ad1775f0a9413c37932562673cef\"},\"headline\":\"Asseguran\u00e7a de Baixa Laboral per a Aut\u00f2noms: Complement Essencial a la Prestaci\u00f3 P\u00fablica\",\"datePublished\":\"2024-08-12T08:00:25+00:00\",\"dateModified\":\"2024-08-27T08:25:58+00:00\",\"mainEntityOfPage\":{\"@id\":\"https:\/\/www.ariasassessors.com\/ca\/segur-de-baixa-laboral-per-a-autonoms\/\"},\"wordCount\":586,\"commentCount\":0,\"publisher\":{\"@id\":\"https:\/\/www.ariasassessors.com\/#organization\"},\"image\":{\"@id\":\"https:\/\/www.ariasassessors.com\/ca\/segur-de-baixa-laboral-per-a-autonoms\/#primaryimage\"},\"thumbnailUrl\":\"https:\/\/www.ariasassessors.com\/wp-content\/uploads\/2024\/08\/Arias_Blog_IMAGEN_DESTACADA-5.png\",\"articleSection\":[\"noticies\"],\"inLanguage\":\"ca\",\"potentialAction\":[{\"@type\":\"CommentAction\",\"name\":\"Comment\",\"target\":[\"https:\/\/www.ariasassessors.com\/ca\/segur-de-baixa-laboral-per-a-autonoms\/#respond\"]}]},{\"@type\":\"WebPage\",\"@id\":\"https:\/\/www.ariasassessors.com\/ca\/segur-de-baixa-laboral-per-a-autonoms\/\",\"url\":\"https:\/\/www.ariasassessors.com\/ca\/segur-de-baixa-laboral-per-a-autonoms\/\",\"name\":\"Segur de baixa laboral per a aut\u00f2noms\",\"isPartOf\":{\"@id\":\"https:\/\/www.ariasassessors.com\/#website\"},\"primaryImageOfPage\":{\"@id\":\"https:\/\/www.ariasassessors.com\/ca\/segur-de-baixa-laboral-per-a-autonoms\/#primaryimage\"},\"image\":{\"@id\":\"https:\/\/www.ariasassessors.com\/ca\/segur-de-baixa-laboral-per-a-autonoms\/#primaryimage\"},\"thumbnailUrl\":\"https:\/\/www.ariasassessors.com\/wp-content\/uploads\/2024\/08\/Arias_Blog_IMAGEN_DESTACADA-5.png\",\"datePublished\":\"2024-08-12T08:00:25+00:00\",\"dateModified\":\"2024-08-27T08:25:58+00:00\",\"description\":\"Descobreix com un segur de baixa laboral per a aut\u00f2noms pot complementar les prestacions p\u00fabliques, garantint la teva estabilitat econ\u00f2mica durant una incapacitat temporal. Assessora't amb Arias Assessors.\",\"breadcrumb\":{\"@id\":\"https:\/\/www.ariasassessors.com\/ca\/segur-de-baixa-laboral-per-a-autonoms\/#breadcrumb\"},\"inLanguage\":\"ca\",\"potentialAction\":[{\"@type\":\"ReadAction\",\"target\":[\"https:\/\/www.ariasassessors.com\/ca\/segur-de-baixa-laboral-per-a-autonoms\/\"]}]},{\"@type\":\"ImageObject\",\"inLanguage\":\"ca\",\"@id\":\"https:\/\/www.ariasassessors.com\/ca\/segur-de-baixa-laboral-per-a-autonoms\/#primaryimage\",\"url\":\"https:\/\/www.ariasassessors.com\/wp-content\/uploads\/2024\/08\/Arias_Blog_IMAGEN_DESTACADA-5.png\",\"contentUrl\":\"https:\/\/www.ariasassessors.com\/wp-content\/uploads\/2024\/08\/Arias_Blog_IMAGEN_DESTACADA-5.png\",\"width\":1920,\"height\":1202},{\"@type\":\"BreadcrumbList\",\"@id\":\"https:\/\/www.ariasassessors.com\/ca\/segur-de-baixa-laboral-per-a-autonoms\/#breadcrumb\",\"itemListElement\":[{\"@type\":\"ListItem\",\"position\":1,\"name\":\"Portada\",\"item\":\"https:\/\/www.ariasassessors.com\/ca\/\"},{\"@type\":\"ListItem\",\"position\":2,\"name\":\"Asseguran\u00e7a de Baixa Laboral per a Aut\u00f2noms: Complement Essencial a la Prestaci\u00f3 P\u00fablica\"}]},{\"@type\":\"WebSite\",\"@id\":\"https:\/\/www.ariasassessors.com\/#website\",\"url\":\"https:\/\/www.ariasassessors.com\/\",\"name\":\"Arias Assessors\",\"description\":\"Asesor\u00eda para aut\u00f3nomos, profesionales y PYMES\",\"publisher\":{\"@id\":\"https:\/\/www.ariasassessors.com\/#organization\"},\"potentialAction\":[{\"@type\":\"SearchAction\",\"target\":{\"@type\":\"EntryPoint\",\"urlTemplate\":\"https:\/\/www.ariasassessors.com\/?s={search_term_string}\"},\"query-input\":{\"@type\":\"PropertyValueSpecification\",\"valueRequired\":true,\"valueName\":\"search_term_string\"}}],\"inLanguage\":\"ca\"},{\"@type\":\"Organization\",\"@id\":\"https:\/\/www.ariasassessors.com\/#organization\",\"name\":\"Arias Assessors\",\"url\":\"https:\/\/www.ariasassessors.com\/\",\"logo\":{\"@type\":\"ImageObject\",\"inLanguage\":\"ca\",\"@id\":\"https:\/\/www.ariasassessors.com\/#\/schema\/logo\/image\/\",\"url\":\"https:\/\/www.ariasassessors.com\/wp-content\/uploads\/2019\/01\/arias-logo.png\",\"contentUrl\":\"https:\/\/www.ariasassessors.com\/wp-content\/uploads\/2019\/01\/arias-logo.png\",\"width\":349,\"height\":254,\"caption\":\"Arias Assessors\"},\"image\":{\"@id\":\"https:\/\/www.ariasassessors.com\/#\/schema\/logo\/image\/\"},\"sameAs\":[\"https:\/\/www.facebook.com\/ariasassessors\/\",\"https:\/\/x.com\/ariasassessors\",\"https:\/\/www.linkedin.com\/company\/r&amp;amp;r-growing-knowledge\/\"]},{\"@type\":\"Person\",\"@id\":\"https:\/\/www.ariasassessors.com\/#\/schema\/person\/63c6ad1775f0a9413c37932562673cef\",\"name\":\"btorras\",\"image\":{\"@type\":\"ImageObject\",\"inLanguage\":\"ca\",\"@id\":\"https:\/\/www.ariasassessors.com\/#\/schema\/person\/image\/\",\"url\":\"https:\/\/secure.gravatar.com\/avatar\/0531db351fc361fdbfd204c58fa2d6a3?s=96&d=mm&r=g\",\"contentUrl\":\"https:\/\/secure.gravatar.com\/avatar\/0531db351fc361fdbfd204c58fa2d6a3?s=96&d=mm&r=g\",\"caption\":\"btorras\"}}]}<\/script>\n<!-- \/ Yoast SEO plugin. -->","yoast_head_json":{"title":"Segur de baixa laboral per a aut\u00f2noms","description":"Descobreix com un segur de baixa laboral per a aut\u00f2noms pot complementar les prestacions p\u00fabliques, garantint la teva estabilitat econ\u00f2mica durant una incapacitat temporal. Assessora't amb Arias Assessors.","robots":{"index":"index","follow":"follow","max-snippet":"max-snippet:-1","max-image-preview":"max-image-preview:large","max-video-preview":"max-video-preview:-1"},"canonical":"https:\/\/www.ariasassessors.com\/ca\/segur-de-baixa-laboral-per-a-autonoms\/","og_locale":"ca_ES","og_type":"article","og_title":"Segur de baixa laboral per a aut\u00f2noms","og_description":"Descobreix com un segur de baixa laboral per a aut\u00f2noms pot complementar les prestacions p\u00fabliques, garantint la teva estabilitat econ\u00f2mica durant una incapacitat temporal. Assessora't amb Arias Assessors.","og_url":"https:\/\/www.ariasassessors.com\/ca\/segur-de-baixa-laboral-per-a-autonoms\/","og_site_name":"Arias Assessors","article_publisher":"https:\/\/www.facebook.com\/ariasassessors\/","article_published_time":"2024-08-12T08:00:25+00:00","article_modified_time":"2024-08-27T08:25:58+00:00","og_image":[{"width":1920,"height":1202,"url":"https:\/\/www.ariasassessors.com\/wp-content\/uploads\/2024\/08\/Arias_Blog_IMAGEN_DESTACADA-5.png","type":"image\/png"}],"author":"btorras","twitter_card":"summary_large_image","twitter_creator":"@ariasassessors","twitter_site":"@ariasassessors","twitter_misc":{"Escrit per":"btorras","Temps estimat de lectura":"3 minuts"},"schema":{"@context":"https:\/\/schema.org","@graph":[{"@type":"Article","@id":"https:\/\/www.ariasassessors.com\/ca\/segur-de-baixa-laboral-per-a-autonoms\/#article","isPartOf":{"@id":"https:\/\/www.ariasassessors.com\/ca\/segur-de-baixa-laboral-per-a-autonoms\/"},"author":{"name":"btorras","@id":"https:\/\/www.ariasassessors.com\/#\/schema\/person\/63c6ad1775f0a9413c37932562673cef"},"headline":"Asseguran\u00e7a de Baixa Laboral per a Aut\u00f2noms: Complement Essencial a la Prestaci\u00f3 P\u00fablica","datePublished":"2024-08-12T08:00:25+00:00","dateModified":"2024-08-27T08:25:58+00:00","mainEntityOfPage":{"@id":"https:\/\/www.ariasassessors.com\/ca\/segur-de-baixa-laboral-per-a-autonoms\/"},"wordCount":586,"commentCount":0,"publisher":{"@id":"https:\/\/www.ariasassessors.com\/#organization"},"image":{"@id":"https:\/\/www.ariasassessors.com\/ca\/segur-de-baixa-laboral-per-a-autonoms\/#primaryimage"},"thumbnailUrl":"https:\/\/www.ariasassessors.com\/wp-content\/uploads\/2024\/08\/Arias_Blog_IMAGEN_DESTACADA-5.png","articleSection":["noticies"],"inLanguage":"ca","potentialAction":[{"@type":"CommentAction","name":"Comment","target":["https:\/\/www.ariasassessors.com\/ca\/segur-de-baixa-laboral-per-a-autonoms\/#respond"]}]},{"@type":"WebPage","@id":"https:\/\/www.ariasassessors.com\/ca\/segur-de-baixa-laboral-per-a-autonoms\/","url":"https:\/\/www.ariasassessors.com\/ca\/segur-de-baixa-laboral-per-a-autonoms\/","name":"Segur de baixa laboral per a aut\u00f2noms","isPartOf":{"@id":"https:\/\/www.ariasassessors.com\/#website"},"primaryImageOfPage":{"@id":"https:\/\/www.ariasassessors.com\/ca\/segur-de-baixa-laboral-per-a-autonoms\/#primaryimage"},"image":{"@id":"https:\/\/www.ariasassessors.com\/ca\/segur-de-baixa-laboral-per-a-autonoms\/#primaryimage"},"thumbnailUrl":"https:\/\/www.ariasassessors.com\/wp-content\/uploads\/2024\/08\/Arias_Blog_IMAGEN_DESTACADA-5.png","datePublished":"2024-08-12T08:00:25+00:00","dateModified":"2024-08-27T08:25:58+00:00","description":"Descobreix com un segur de baixa laboral per a aut\u00f2noms pot complementar les prestacions p\u00fabliques, garantint la teva estabilitat econ\u00f2mica durant una incapacitat temporal. Assessora't amb Arias Assessors.","breadcrumb":{"@id":"https:\/\/www.ariasassessors.com\/ca\/segur-de-baixa-laboral-per-a-autonoms\/#breadcrumb"},"inLanguage":"ca","potentialAction":[{"@type":"ReadAction","target":["https:\/\/www.ariasassessors.com\/ca\/segur-de-baixa-laboral-per-a-autonoms\/"]}]},{"@type":"ImageObject","inLanguage":"ca","@id":"https:\/\/www.ariasassessors.com\/ca\/segur-de-baixa-laboral-per-a-autonoms\/#primaryimage","url":"https:\/\/www.ariasassessors.com\/wp-content\/uploads\/2024\/08\/Arias_Blog_IMAGEN_DESTACADA-5.png","contentUrl":"https:\/\/www.ariasassessors.com\/wp-content\/uploads\/2024\/08\/Arias_Blog_IMAGEN_DESTACADA-5.png","width":1920,"height":1202},{"@type":"BreadcrumbList","@id":"https:\/\/www.ariasassessors.com\/ca\/segur-de-baixa-laboral-per-a-autonoms\/#breadcrumb","itemListElement":[{"@type":"ListItem","position":1,"name":"Portada","item":"https:\/\/www.ariasassessors.com\/ca\/"},{"@type":"ListItem","position":2,"name":"Asseguran\u00e7a de Baixa Laboral per a Aut\u00f2noms: Complement Essencial a la Prestaci\u00f3 P\u00fablica"}]},{"@type":"WebSite","@id":"https:\/\/www.ariasassessors.com\/#website","url":"https:\/\/www.ariasassessors.com\/","name":"Arias Assessors","description":"Asesor\u00eda para aut\u00f3nomos, profesionales y PYMES","publisher":{"@id":"https:\/\/www.ariasassessors.com\/#organization"},"potentialAction":[{"@type":"SearchAction","target":{"@type":"EntryPoint","urlTemplate":"https:\/\/www.ariasassessors.com\/?s={search_term_string}"},"query-input":{"@type":"PropertyValueSpecification","valueRequired":true,"valueName":"search_term_string"}}],"inLanguage":"ca"},{"@type":"Organization","@id":"https:\/\/www.ariasassessors.com\/#organization","name":"Arias Assessors","url":"https:\/\/www.ariasassessors.com\/","logo":{"@type":"ImageObject","inLanguage":"ca","@id":"https:\/\/www.ariasassessors.com\/#\/schema\/logo\/image\/","url":"https:\/\/www.ariasassessors.com\/wp-content\/uploads\/2019\/01\/arias-logo.png","contentUrl":"https:\/\/www.ariasassessors.com\/wp-content\/uploads\/2019\/01\/arias-logo.png","width":349,"height":254,"caption":"Arias Assessors"},"image":{"@id":"https:\/\/www.ariasassessors.com\/#\/schema\/logo\/image\/"},"sameAs":["https:\/\/www.facebook.com\/ariasassessors\/","https:\/\/x.com\/ariasassessors","https:\/\/www.linkedin.com\/company\/r&amp;amp;r-growing-knowledge\/"]},{"@type":"Person","@id":"https:\/\/www.ariasassessors.com\/#\/schema\/person\/63c6ad1775f0a9413c37932562673cef","name":"btorras","image":{"@type":"ImageObject","inLanguage":"ca","@id":"https:\/\/www.ariasassessors.com\/#\/schema\/person\/image\/","url":"https:\/\/secure.gravatar.com\/avatar\/0531db351fc361fdbfd204c58fa2d6a3?s=96&d=mm&r=g","contentUrl":"https:\/\/secure.gravatar.com\/avatar\/0531db351fc361fdbfd204c58fa2d6a3?s=96&d=mm&r=g","caption":"btorras"}}]}},"_links":{"self":[{"href":"https:\/\/www.ariasassessors.com\/ca\/wp-json\/wp\/v2\/posts\/3592","targetHints":{"allow":["GET"]}}],"collection":[{"href":"https:\/\/www.ariasassessors.com\/ca\/wp-json\/wp\/v2\/posts"}],"about":[{"href":"https:\/\/www.ariasassessors.com\/ca\/wp-json\/wp\/v2\/types\/post"}],"author":[{"embeddable":true,"href":"https:\/\/www.ariasassessors.com\/ca\/wp-json\/wp\/v2\/users\/2"}],"replies":[{"embeddable":true,"href":"https:\/\/www.ariasassessors.com\/ca\/wp-json\/wp\/v2\/comments?post=3592"}],"version-history":[{"count":3,"href":"https:\/\/www.ariasassessors.com\/ca\/wp-json\/wp\/v2\/posts\/3592\/revisions"}],"predecessor-version":[{"id":3689,"href":"https:\/\/www.ariasassessors.com\/ca\/wp-json\/wp\/v2\/posts\/3592\/revisions\/3689"}],"wp:featuredmedia":[{"embeddable":true,"href":"https:\/\/www.ariasassessors.com\/ca\/wp-json\/wp\/v2\/media\/3587"}],"wp:attachment":[{"href":"https:\/\/www.ariasassessors.com\/ca\/wp-json\/wp\/v2\/media?parent=3592"}],"wp:term":[{"taxonomy":"category","embeddable":true,"href":"https:\/\/www.ariasassessors.com\/ca\/wp-json\/wp\/v2\/categories?post=3592"},{"taxonomy":"post_tag","embeddable":true,"href":"https:\/\/www.ariasassessors.com\/ca\/wp-json\/wp\/v2\/tags?post=3592"}],"curies":[{"name":"wp","href":"https:\/\/api.w.org\/{rel}","templated":true}]}}