{"id":3695,"date":"2024-09-09T10:00:41","date_gmt":"2024-09-09T08:00:41","guid":{"rendered":"https:\/\/www.ariasassessors.com\/?p=3695"},"modified":"2024-08-27T10:42:31","modified_gmt":"2024-08-27T08:42:31","slug":"donar-se-d-alta-i-baixa-en-el-reta","status":"publish","type":"post","link":"https:\/\/www.ariasassessors.com\/ca\/donar-se-d-alta-i-baixa-en-el-reta\/","title":{"rendered":"Quantes Vegades Poden els Aut\u00f2noms Donar-se d&#8217;Alta i Baixa el 2024?"},"content":{"rendered":"<p>La Seguretat Social ha respost una de les preguntes m\u00e9s freq\u00fcents entre els aut\u00f2noms: quantes vegades es poden donar d&#8217;alta i baixa\u00a0en el <a href=\"https:\/\/www.seg-social.es\/wps\/portal\/wss\/internet\/Trabajadores\/Afiliacion\/10548\/32825\">R\u00e8gim Especial de Treballadors Aut\u00f2noms (RETA)<\/a> durant l&#8217;any 2024? Aquesta informaci\u00f3 \u00e9s crucial per a aquells treballadors per compte propi que tenen activitats estacionals o que no necessiten mantenir la seva alta durant tot l&#8217;any.<\/p>\n<div id=\"ez-toc-container\" class=\"ez-toc-v2_0_72 counter-hierarchy ez-toc-counter ez-toc-grey ez-toc-container-direction\">\n<div class=\"ez-toc-title-container\">\n<p class=\"ez-toc-title\" style=\"cursor:inherit\">\u00cdndice de Contenidos<\/p>\n<span class=\"ez-toc-title-toggle\"><a href=\"#\" class=\"ez-toc-pull-right ez-toc-btn ez-toc-btn-xs ez-toc-btn-default ez-toc-toggle\" aria-label=\"Toggle Table of Content\"><span class=\"ez-toc-js-icon-con\"><span class=\"\"><span class=\"eztoc-hide\" style=\"display:none;\">Toggle<\/span><span class=\"ez-toc-icon-toggle-span\"><svg style=\"fill: #428bca;color:#428bca\" xmlns=\"http:\/\/www.w3.org\/2000\/svg\" class=\"list-377408\" width=\"20px\" height=\"20px\" viewBox=\"0 0 24 24\" fill=\"none\"><path d=\"M6 6H4v2h2V6zm14 0H8v2h12V6zM4 11h2v2H4v-2zm16 0H8v2h12v-2zM4 16h2v2H4v-2zm16 0H8v2h12v-2z\" fill=\"currentColor\"><\/path><\/svg><svg style=\"fill: #428bca;color:#428bca\" class=\"arrow-unsorted-368013\" xmlns=\"http:\/\/www.w3.org\/2000\/svg\" width=\"10px\" height=\"10px\" viewBox=\"0 0 24 24\" version=\"1.2\" baseProfile=\"tiny\"><path d=\"M18.2 9.3l-6.2-6.3-6.2 6.3c-.2.2-.3.4-.3.7s.1.5.3.7c.2.2.4.3.7.3h11c.3 0 .5-.1.7-.3.2-.2.3-.5.3-.7s-.1-.5-.3-.7zM5.8 14.7l6.2 6.3 6.2-6.3c.2-.2.3-.5.3-.7s-.1-.5-.3-.7c-.2-.2-.4-.3-.7-.3h-11c-.3 0-.5.1-.7.3-.2.2-.3.5-.3.7s.1.5.3.7z\"\/><\/svg><\/span><\/span><\/span><\/a><\/span><\/div>\n<nav><ul class='ez-toc-list ez-toc-list-level-1 eztoc-toggle-hide-by-default' ><ul class='ez-toc-list-level-3' ><li class='ez-toc-heading-level-3'><a class=\"ez-toc-link ez-toc-heading-1\" href=\"https:\/\/www.ariasassessors.com\/ca\/donar-se-d-alta-i-baixa-en-el-reta\/#Llibertat_per_Donar-se_dAlta_i_Baixa_en_el_RETA\" title=\"Llibertat per Donar-se d&#8217;Alta i Baixa en el RETA\">Llibertat per Donar-se d&#8217;Alta i Baixa en el RETA<\/a><\/li><li class='ez-toc-page-1 ez-toc-heading-level-3'><a class=\"ez-toc-link ez-toc-heading-2\" href=\"https:\/\/www.ariasassessors.com\/ca\/donar-se-d-alta-i-baixa-en-el-reta\/#Exemples_Practics_de_Calcul\" title=\"Exemples Pr\u00e0ctics de C\u00e0lcul\">Exemples Pr\u00e0ctics de C\u00e0lcul<\/a><\/li><li class='ez-toc-page-1 ez-toc-heading-level-3'><a class=\"ez-toc-link ez-toc-heading-3\" href=\"https:\/\/www.ariasassessors.com\/ca\/donar-se-d-alta-i-baixa-en-el-reta\/#Excepcions_i_Casos_Especials\" title=\"Excepcions i Casos Especials\">Excepcions i Casos Especials<\/a><\/li><li class='ez-toc-page-1 ez-toc-heading-level-3'><a class=\"ez-toc-link ez-toc-heading-4\" href=\"https:\/\/www.ariasassessors.com\/ca\/donar-se-d-alta-i-baixa-en-el-reta\/#Implicacions_Fiscals_i_de_Seguretat_Social\" title=\"Implicacions Fiscals i de Seguretat Social\">Implicacions Fiscals i de Seguretat Social<\/a><\/li><\/ul><\/li><li class='ez-toc-page-1 ez-toc-heading-level-2'><a class=\"ez-toc-link ez-toc-heading-5\" href=\"https:\/\/www.ariasassessors.com\/ca\/donar-se-d-alta-i-baixa-en-el-reta\/#Necessites_assessorament\" title=\"Necessites assessorament?\">Necessites assessorament?<\/a><ul class='ez-toc-list-level-3' ><li class='ez-toc-heading-level-3'><a class=\"ez-toc-link ez-toc-heading-6\" href=\"https:\/\/www.ariasassessors.com\/ca\/donar-se-d-alta-i-baixa-en-el-reta\/#Per_que_triar_Arias_Assessors\" title=\"Per qu\u00e8 triar Arias Assessors?\">Per qu\u00e8 triar Arias Assessors?<\/a><\/li><\/ul><\/li><\/ul><\/nav><\/div>\n<h3><span class=\"ez-toc-section\" id=\"Llibertat_per_Donar-se_dAlta_i_Baixa_en_el_RETA\"><\/span>Llibertat per Donar-se d&#8217;Alta i Baixa en el RETA<span class=\"ez-toc-section-end\"><\/span><\/h3>\n<p>Al llarg de 2024, els aut\u00f2noms tenen la llibertat de donar-se d&#8217;alta i baixa en el <a href=\"https:\/\/www.seg-social.es\/wps\/portal\/wss\/internet\/Trabajadores\/Afiliacion\/10548\/32825\">RETA<\/a> tantes vegades com ho necessitin. No obstant aix\u00f2, \u00e9s important tenir en compte certes condicions que afecten com i quan es realitzen aquests moviments:<\/p>\n<ul>\n<li><strong>Tres Altes i Baixes amb Data Escollida<\/strong>: Els aut\u00f2noms poden seleccionar la data exacta en qu\u00e8 desitgen donar-se d&#8217;alta o baixa fins a tres vegades durant l&#8217;any. Si es realitza dins del termini, la quota a pagar ser\u00e0 proporcional als dies que han estat d&#8217;alta en aquell mes. Aix\u00f2 significa que nom\u00e9s pagaran pels dies treballats, la qual cosa pot representar un estalvi significatiu per a aquells que no mantenen una activitat constant.<\/li>\n<li><strong>Altes i Baixes Posteriors<\/strong>: A partir de la quarta vegada que un aut\u00f2nom es dona d&#8217;alta o baixa, la data ser\u00e0 determinada per la Tresoreria General de la Seguretat Social. En aquest cas, es cobrar\u00e0 la quota completa del mes, independentment de si l&#8217;aut\u00f2nom nom\u00e9s va treballar una part del mateix. Aix\u00f2 podria suposar un cost addicional per a aquells que no planifiquen adequadament els seus moviments.<\/li>\n<\/ul>\n<h3><span class=\"ez-toc-section\" id=\"Exemples_Practics_de_Calcul\"><\/span>Exemples Pr\u00e0ctics de C\u00e0lcul<span class=\"ez-toc-section-end\"><\/span><\/h3>\n<p>Per il\u00b7lustrar millor com funcionen aquestes regles, considerem els seg\u00fcents escenaris:<\/p>\n<ul>\n<li><strong>Primera Alta de l&#8217;Any<\/strong>: Un aut\u00f2nom decideix donar-se d&#8217;alta el 10 de mar\u00e7. En haver escollit la data dins de les primeres tres altes de l&#8217;any, pagar\u00e0 nom\u00e9s pels dies treballats. Si la seva base de cotitzaci\u00f3 \u00e9s de 300 euros al mes i treballa 20 dies, pagar\u00e0 una quota proporcional d&#8217;aproximadament 200 euros.<\/li>\n<li><strong>Quarta Baixa de l&#8217;Any<\/strong>: El mateix aut\u00f2nom decideix donar-se de baixa per quarta vegada el 20 d&#8217;agost. En aquest cas, la Tresoreria determinar\u00e0 que ha de pagar la quota completa del mes, que serien 300 euros, sense importar que nom\u00e9s va treballar fins al dia 20.<\/li>\n<\/ul>\n<h3><span class=\"ez-toc-section\" id=\"Excepcions_i_Casos_Especials\"><\/span>Excepcions i Casos Especials<span class=\"ez-toc-section-end\"><\/span><\/h3>\n<p>Encara que aquestes normes s&#8217;apliquen de manera general, hi ha algunes excepcions que els aut\u00f2noms han de con\u00e8ixer:<\/p>\n<ul>\n<li><strong>Tarifa Plana<\/strong>: Els aut\u00f2noms que estan acollits a la Tarifa Plana no poden beneficiar-se de la regla de les tres altes o baixes amb data escollida. Aquest grup ha de pagar la quota completa de 80 euros al mes, independentment de si treballen tot el mes o nom\u00e9s una part. A m\u00e9s, si decideixen donar-se de baixa i m\u00e9s tard volen tornar a acollir-se a la Tarifa Plana, hauran d&#8217;esperar tres anys per poder fer-ho.<\/li>\n<li><strong>Impacte en la Cotitzaci\u00f3<\/strong>: \u00c9s important que els aut\u00f2noms que opten per donar-se d&#8217;alta i baixa diverses vegades a l&#8217;any considerin com aix\u00f2 impactar\u00e0 la seva base de cotitzaci\u00f3 i, per tant, en les prestacions a les quals podrien tenir dret, com la jubilaci\u00f3 o les baixes per malaltia.<\/li>\n<\/ul>\n<h3><span class=\"ez-toc-section\" id=\"Implicacions_Fiscals_i_de_Seguretat_Social\"><\/span>Implicacions Fiscals i de Seguretat Social<span class=\"ez-toc-section-end\"><\/span><\/h3>\n<p>Els moviments d&#8217;alta i baixa en el RETA no nom\u00e9s afecten la quota mensual, sin\u00f3 que tamb\u00e9 tenen implicacions fiscals i en la Seguretat Social:<\/p>\n<ul>\n<li><strong>Declaracions Trimestrals<\/strong>: Els aut\u00f2noms que es donin de baixa a mitjan trimestre encara han de presentar les seves declaracions d&#8217;impostos per a aquell per\u00edode. Aix\u00f2 pot requerir un seguiment m\u00e9s detallat dels ingressos i despeses, ja que l&#8217;activitat econ\u00f2mica no es det\u00e9 autom\u00e0ticament en donar-se de baixa en el RETA.<\/li>\n<li><strong>Acc\u00e9s a Prestacions<\/strong>: Aquells aut\u00f2noms que cotitzen menys dies a l&#8217;any poden veure redu\u00efdes les seves prestacions, com les de jubilaci\u00f3 o incapacitat temporal. \u00c9s crucial tenir aix\u00f2 en compte a l&#8217;hora de planificar les altes i baixes, per no comprometre futurs drets.<\/li>\n<li><strong>Gesti\u00f3 Administrativa<\/strong>: El proc\u00e9s de donar-se d&#8217;alta i baixa repetidament tamb\u00e9 pot incrementar la c\u00e0rrega administrativa. \u00c9s recomanable utilitzar eines de gesti\u00f3 o comptar amb el suport d&#8217;una gestoria especialitzada per evitar errors i assegurar que totes les obligacions es compleixin correctament.<\/li>\n<\/ul>\n<h2><span class=\"ez-toc-section\" id=\"Necessites_assessorament\"><\/span><strong>Necessites assessorament?<\/strong><span class=\"ez-toc-section-end\"><\/span><\/h2>\n<p>A Arias Assessors estem aqu\u00ed per ajudar el teu negoci a complir amb aquestes noves obligacions laborals, garantint una transici\u00f3 fluida i evitant sancions. Contacta&#8217;ns per a assessorament especialitzat i prepara la teva empresa per al futur de la igualtat retributiva.<\/p>\n<h3><span class=\"ez-toc-section\" id=\"Per_que_triar_Arias_Assessors\"><\/span><strong>Per qu\u00e8 triar Arias Assessors?<\/strong><span class=\"ez-toc-section-end\"><\/span><\/h3>\n<ol>\n<li><strong>Experi\u00e8ncia i especialitzaci\u00f3:<\/strong>\u00a0Comptem amb un equip d\u2019experts en mat\u00e8ria fiscal amb \u00e0mplia experi\u00e8ncia en la presentaci\u00f3 de declaracions complement\u00e0ries i resoluci\u00f3 de problemes fiscals.<\/li>\n<li><strong>Assessorament personalitzat:<\/strong>\u00a0Ens comprometem a proporcionar-te un assessorament personalitzat i adaptat a la teva situaci\u00f3 espec\u00edfica. Ens prenem el temps necessari per entendre les teves necessitats i oferir-te solucions eficaces.<\/li>\n<li><strong>Cumpliment normatiu:<\/strong>\u00a0El nostre objectiu \u00e9s garantir el compliment adequat de les teves obligacions tribut\u00e0ries, evitant possibles sancions o problemes amb l\u2019administraci\u00f3 tribut\u00e0ria.<\/li>\n<\/ol>\n<p><a href=\"https:\/\/www.ariasassessors.com\/ca\/contacte\/\">Contacta\u2019ns avui mateix<\/a>\u00a0per obtenir ajuda especialitzada i assegurar el compliment adequat de les teves obligacions tribut\u00e0ries!<\/p>\n","protected":false},"excerpt":{"rendered":"<p>La Seguretat Social ha respost una de les preguntes m\u00e9s freq\u00fcents entre els aut\u00f2noms: quantes vegades es poden donar d&#8217;alta i baixa\u00a0en el R\u00e8gim Especial de Treballadors Aut\u00f2noms (RETA) durant l&#8217;any 2024? Aquesta informaci\u00f3 \u00e9s crucial per a aquells treballadors per compte propi que tenen&#8230;<\/p>\n","protected":false},"author":2,"featured_media":3692,"comment_status":"open","ping_status":"open","sticky":false,"template":"","format":"standard","meta":{"footnotes":""},"categories":[4],"tags":[],"class_list":["post-3695","post","type-post","status-publish","format-standard","has-post-thumbnail","hentry","category-noticies"],"yoast_head":"<!-- This site is optimized with the Yoast SEO plugin v24.3 - https:\/\/yoast.com\/wordpress\/plugins\/seo\/ -->\n<title>Donar-se d&#039;alta i baixa en el RETA<\/title>\n<meta name=\"description\" content=\"Descobreix quantes vegades poden els aut\u00f2noms donar-se d&#039;alta i baixa en el RETA durant 2024, les condicions per triar dates i com afecta la Tarifa Plana. Informaci\u00f3 clau per gestionar la teva activitat com a aut\u00f2nom.\" \/>\n<meta name=\"robots\" content=\"index, follow, max-snippet:-1, max-image-preview:large, max-video-preview:-1\" \/>\n<link rel=\"canonical\" href=\"https:\/\/www.ariasassessors.com\/cuantas-veces-pueden-los-autonomos-darse-de-alta-y-baja\/\" \/>\n<meta property=\"og:locale\" content=\"ca_ES\" \/>\n<meta property=\"og:type\" content=\"article\" \/>\n<meta property=\"og:title\" content=\"Donar-se d&#039;alta i baixa en el RETA\" \/>\n<meta property=\"og:description\" content=\"Descobreix quantes vegades poden els aut\u00f2noms donar-se d&#039;alta i baixa en el RETA durant 2024, les condicions per triar dates i com afecta la Tarifa Plana. Informaci\u00f3 clau per gestionar la teva activitat com a aut\u00f2nom.\" \/>\n<meta property=\"og:url\" content=\"https:\/\/www.ariasassessors.com\/cuantas-veces-pueden-los-autonomos-darse-de-alta-y-baja\/\" \/>\n<meta property=\"og:site_name\" content=\"Arias Assessors\" \/>\n<meta property=\"article:publisher\" content=\"https:\/\/www.facebook.com\/ariasassessors\/\" \/>\n<meta property=\"article:published_time\" content=\"2024-09-09T08:00:41+00:00\" \/>\n<meta property=\"article:modified_time\" content=\"2024-08-27T08:42:31+00:00\" \/>\n<meta property=\"og:image\" content=\"https:\/\/www.ariasassessors.com\/wp-content\/uploads\/2024\/08\/Cuantas-Veces-Pueden-los-Autonomos-Darse-de-Alta-y-Baja-en-2024.png\" \/>\n\t<meta property=\"og:image:width\" content=\"1920\" \/>\n\t<meta property=\"og:image:height\" content=\"1202\" \/>\n\t<meta property=\"og:image:type\" content=\"image\/png\" \/>\n<meta name=\"author\" content=\"btorras\" \/>\n<meta name=\"twitter:card\" content=\"summary_large_image\" \/>\n<meta name=\"twitter:creator\" content=\"@ariasassessors\" \/>\n<meta name=\"twitter:site\" content=\"@ariasassessors\" \/>\n<meta name=\"twitter:label1\" content=\"Escrit per\" \/>\n\t<meta name=\"twitter:data1\" content=\"btorras\" \/>\n\t<meta name=\"twitter:label2\" content=\"Temps estimat de lectura\" \/>\n\t<meta name=\"twitter:data2\" content=\"4 minuts\" \/>\n<script type=\"application\/ld+json\" class=\"yoast-schema-graph\">{\"@context\":\"https:\/\/schema.org\",\"@graph\":[{\"@type\":\"Article\",\"@id\":\"https:\/\/www.ariasassessors.com\/cuantas-veces-pueden-los-autonomos-darse-de-alta-y-baja\/#article\",\"isPartOf\":{\"@id\":\"https:\/\/www.ariasassessors.com\/cuantas-veces-pueden-los-autonomos-darse-de-alta-y-baja\/\"},\"author\":{\"name\":\"btorras\",\"@id\":\"https:\/\/www.ariasassessors.com\/#\/schema\/person\/63c6ad1775f0a9413c37932562673cef\"},\"headline\":\"Quantes Vegades Poden els Aut\u00f2noms Donar-se d&#8217;Alta i Baixa el 2024?\",\"datePublished\":\"2024-09-09T08:00:41+00:00\",\"dateModified\":\"2024-08-27T08:42:31+00:00\",\"mainEntityOfPage\":{\"@id\":\"https:\/\/www.ariasassessors.com\/cuantas-veces-pueden-los-autonomos-darse-de-alta-y-baja\/\"},\"wordCount\":868,\"commentCount\":0,\"publisher\":{\"@id\":\"https:\/\/www.ariasassessors.com\/#organization\"},\"image\":{\"@id\":\"https:\/\/www.ariasassessors.com\/cuantas-veces-pueden-los-autonomos-darse-de-alta-y-baja\/#primaryimage\"},\"thumbnailUrl\":\"https:\/\/www.ariasassessors.com\/wp-content\/uploads\/2024\/08\/Cuantas-Veces-Pueden-los-Autonomos-Darse-de-Alta-y-Baja-en-2024.png\",\"articleSection\":[\"noticies\"],\"inLanguage\":\"ca\",\"potentialAction\":[{\"@type\":\"CommentAction\",\"name\":\"Comment\",\"target\":[\"https:\/\/www.ariasassessors.com\/cuantas-veces-pueden-los-autonomos-darse-de-alta-y-baja\/#respond\"]}]},{\"@type\":\"WebPage\",\"@id\":\"https:\/\/www.ariasassessors.com\/cuantas-veces-pueden-los-autonomos-darse-de-alta-y-baja\/\",\"url\":\"https:\/\/www.ariasassessors.com\/cuantas-veces-pueden-los-autonomos-darse-de-alta-y-baja\/\",\"name\":\"Donar-se d'alta i baixa en el RETA\",\"isPartOf\":{\"@id\":\"https:\/\/www.ariasassessors.com\/#website\"},\"primaryImageOfPage\":{\"@id\":\"https:\/\/www.ariasassessors.com\/cuantas-veces-pueden-los-autonomos-darse-de-alta-y-baja\/#primaryimage\"},\"image\":{\"@id\":\"https:\/\/www.ariasassessors.com\/cuantas-veces-pueden-los-autonomos-darse-de-alta-y-baja\/#primaryimage\"},\"thumbnailUrl\":\"https:\/\/www.ariasassessors.com\/wp-content\/uploads\/2024\/08\/Cuantas-Veces-Pueden-los-Autonomos-Darse-de-Alta-y-Baja-en-2024.png\",\"datePublished\":\"2024-09-09T08:00:41+00:00\",\"dateModified\":\"2024-08-27T08:42:31+00:00\",\"description\":\"Descobreix quantes vegades poden els aut\u00f2noms donar-se d'alta i baixa en el RETA durant 2024, les condicions per triar dates i com afecta la Tarifa Plana. Informaci\u00f3 clau per gestionar la teva activitat com a aut\u00f2nom.\",\"breadcrumb\":{\"@id\":\"https:\/\/www.ariasassessors.com\/cuantas-veces-pueden-los-autonomos-darse-de-alta-y-baja\/#breadcrumb\"},\"inLanguage\":\"ca\",\"potentialAction\":[{\"@type\":\"ReadAction\",\"target\":[\"https:\/\/www.ariasassessors.com\/cuantas-veces-pueden-los-autonomos-darse-de-alta-y-baja\/\"]}]},{\"@type\":\"ImageObject\",\"inLanguage\":\"ca\",\"@id\":\"https:\/\/www.ariasassessors.com\/cuantas-veces-pueden-los-autonomos-darse-de-alta-y-baja\/#primaryimage\",\"url\":\"https:\/\/www.ariasassessors.com\/wp-content\/uploads\/2024\/08\/Cuantas-Veces-Pueden-los-Autonomos-Darse-de-Alta-y-Baja-en-2024.png\",\"contentUrl\":\"https:\/\/www.ariasassessors.com\/wp-content\/uploads\/2024\/08\/Cuantas-Veces-Pueden-los-Autonomos-Darse-de-Alta-y-Baja-en-2024.png\",\"width\":1920,\"height\":1202,\"caption\":\"Cu\u00e1ntas Veces Pueden los Aut\u00f3nomos Darse de Alta y Baja en 2024\"},{\"@type\":\"BreadcrumbList\",\"@id\":\"https:\/\/www.ariasassessors.com\/cuantas-veces-pueden-los-autonomos-darse-de-alta-y-baja\/#breadcrumb\",\"itemListElement\":[{\"@type\":\"ListItem\",\"position\":1,\"name\":\"Portada\",\"item\":\"https:\/\/www.ariasassessors.com\/ca\/\"},{\"@type\":\"ListItem\",\"position\":2,\"name\":\"Quantes Vegades Poden els Aut\u00f2noms Donar-se d&#8217;Alta i Baixa el 2024?\"}]},{\"@type\":\"WebSite\",\"@id\":\"https:\/\/www.ariasassessors.com\/#website\",\"url\":\"https:\/\/www.ariasassessors.com\/\",\"name\":\"Arias Assessors\",\"description\":\"Asesor\u00eda para aut\u00f3nomos, profesionales y PYMES\",\"publisher\":{\"@id\":\"https:\/\/www.ariasassessors.com\/#organization\"},\"potentialAction\":[{\"@type\":\"SearchAction\",\"target\":{\"@type\":\"EntryPoint\",\"urlTemplate\":\"https:\/\/www.ariasassessors.com\/?s={search_term_string}\"},\"query-input\":{\"@type\":\"PropertyValueSpecification\",\"valueRequired\":true,\"valueName\":\"search_term_string\"}}],\"inLanguage\":\"ca\"},{\"@type\":\"Organization\",\"@id\":\"https:\/\/www.ariasassessors.com\/#organization\",\"name\":\"Arias Assessors\",\"url\":\"https:\/\/www.ariasassessors.com\/\",\"logo\":{\"@type\":\"ImageObject\",\"inLanguage\":\"ca\",\"@id\":\"https:\/\/www.ariasassessors.com\/#\/schema\/logo\/image\/\",\"url\":\"https:\/\/www.ariasassessors.com\/wp-content\/uploads\/2019\/01\/arias-logo.png\",\"contentUrl\":\"https:\/\/www.ariasassessors.com\/wp-content\/uploads\/2019\/01\/arias-logo.png\",\"width\":349,\"height\":254,\"caption\":\"Arias Assessors\"},\"image\":{\"@id\":\"https:\/\/www.ariasassessors.com\/#\/schema\/logo\/image\/\"},\"sameAs\":[\"https:\/\/www.facebook.com\/ariasassessors\/\",\"https:\/\/x.com\/ariasassessors\",\"https:\/\/www.linkedin.com\/company\/r&amp;amp;r-growing-knowledge\/\"]},{\"@type\":\"Person\",\"@id\":\"https:\/\/www.ariasassessors.com\/#\/schema\/person\/63c6ad1775f0a9413c37932562673cef\",\"name\":\"btorras\",\"image\":{\"@type\":\"ImageObject\",\"inLanguage\":\"ca\",\"@id\":\"https:\/\/www.ariasassessors.com\/#\/schema\/person\/image\/\",\"url\":\"https:\/\/secure.gravatar.com\/avatar\/0531db351fc361fdbfd204c58fa2d6a3?s=96&d=mm&r=g\",\"contentUrl\":\"https:\/\/secure.gravatar.com\/avatar\/0531db351fc361fdbfd204c58fa2d6a3?s=96&d=mm&r=g\",\"caption\":\"btorras\"}}]}<\/script>\n<!-- \/ Yoast SEO plugin. -->","yoast_head_json":{"title":"Donar-se d'alta i baixa en el RETA","description":"Descobreix quantes vegades poden els aut\u00f2noms donar-se d'alta i baixa en el RETA durant 2024, les condicions per triar dates i com afecta la Tarifa Plana. Informaci\u00f3 clau per gestionar la teva activitat com a aut\u00f2nom.","robots":{"index":"index","follow":"follow","max-snippet":"max-snippet:-1","max-image-preview":"max-image-preview:large","max-video-preview":"max-video-preview:-1"},"canonical":"https:\/\/www.ariasassessors.com\/cuantas-veces-pueden-los-autonomos-darse-de-alta-y-baja\/","og_locale":"ca_ES","og_type":"article","og_title":"Donar-se d'alta i baixa en el RETA","og_description":"Descobreix quantes vegades poden els aut\u00f2noms donar-se d'alta i baixa en el RETA durant 2024, les condicions per triar dates i com afecta la Tarifa Plana. Informaci\u00f3 clau per gestionar la teva activitat com a aut\u00f2nom.","og_url":"https:\/\/www.ariasassessors.com\/cuantas-veces-pueden-los-autonomos-darse-de-alta-y-baja\/","og_site_name":"Arias Assessors","article_publisher":"https:\/\/www.facebook.com\/ariasassessors\/","article_published_time":"2024-09-09T08:00:41+00:00","article_modified_time":"2024-08-27T08:42:31+00:00","og_image":[{"width":1920,"height":1202,"url":"https:\/\/www.ariasassessors.com\/wp-content\/uploads\/2024\/08\/Cuantas-Veces-Pueden-los-Autonomos-Darse-de-Alta-y-Baja-en-2024.png","type":"image\/png"}],"author":"btorras","twitter_card":"summary_large_image","twitter_creator":"@ariasassessors","twitter_site":"@ariasassessors","twitter_misc":{"Escrit per":"btorras","Temps estimat de lectura":"4 minuts"},"schema":{"@context":"https:\/\/schema.org","@graph":[{"@type":"Article","@id":"https:\/\/www.ariasassessors.com\/cuantas-veces-pueden-los-autonomos-darse-de-alta-y-baja\/#article","isPartOf":{"@id":"https:\/\/www.ariasassessors.com\/cuantas-veces-pueden-los-autonomos-darse-de-alta-y-baja\/"},"author":{"name":"btorras","@id":"https:\/\/www.ariasassessors.com\/#\/schema\/person\/63c6ad1775f0a9413c37932562673cef"},"headline":"Quantes Vegades Poden els Aut\u00f2noms Donar-se d&#8217;Alta i Baixa el 2024?","datePublished":"2024-09-09T08:00:41+00:00","dateModified":"2024-08-27T08:42:31+00:00","mainEntityOfPage":{"@id":"https:\/\/www.ariasassessors.com\/cuantas-veces-pueden-los-autonomos-darse-de-alta-y-baja\/"},"wordCount":868,"commentCount":0,"publisher":{"@id":"https:\/\/www.ariasassessors.com\/#organization"},"image":{"@id":"https:\/\/www.ariasassessors.com\/cuantas-veces-pueden-los-autonomos-darse-de-alta-y-baja\/#primaryimage"},"thumbnailUrl":"https:\/\/www.ariasassessors.com\/wp-content\/uploads\/2024\/08\/Cuantas-Veces-Pueden-los-Autonomos-Darse-de-Alta-y-Baja-en-2024.png","articleSection":["noticies"],"inLanguage":"ca","potentialAction":[{"@type":"CommentAction","name":"Comment","target":["https:\/\/www.ariasassessors.com\/cuantas-veces-pueden-los-autonomos-darse-de-alta-y-baja\/#respond"]}]},{"@type":"WebPage","@id":"https:\/\/www.ariasassessors.com\/cuantas-veces-pueden-los-autonomos-darse-de-alta-y-baja\/","url":"https:\/\/www.ariasassessors.com\/cuantas-veces-pueden-los-autonomos-darse-de-alta-y-baja\/","name":"Donar-se d'alta i baixa en el RETA","isPartOf":{"@id":"https:\/\/www.ariasassessors.com\/#website"},"primaryImageOfPage":{"@id":"https:\/\/www.ariasassessors.com\/cuantas-veces-pueden-los-autonomos-darse-de-alta-y-baja\/#primaryimage"},"image":{"@id":"https:\/\/www.ariasassessors.com\/cuantas-veces-pueden-los-autonomos-darse-de-alta-y-baja\/#primaryimage"},"thumbnailUrl":"https:\/\/www.ariasassessors.com\/wp-content\/uploads\/2024\/08\/Cuantas-Veces-Pueden-los-Autonomos-Darse-de-Alta-y-Baja-en-2024.png","datePublished":"2024-09-09T08:00:41+00:00","dateModified":"2024-08-27T08:42:31+00:00","description":"Descobreix quantes vegades poden els aut\u00f2noms donar-se d'alta i baixa en el RETA durant 2024, les condicions per triar dates i com afecta la Tarifa Plana. Informaci\u00f3 clau per gestionar la teva activitat com a aut\u00f2nom.","breadcrumb":{"@id":"https:\/\/www.ariasassessors.com\/cuantas-veces-pueden-los-autonomos-darse-de-alta-y-baja\/#breadcrumb"},"inLanguage":"ca","potentialAction":[{"@type":"ReadAction","target":["https:\/\/www.ariasassessors.com\/cuantas-veces-pueden-los-autonomos-darse-de-alta-y-baja\/"]}]},{"@type":"ImageObject","inLanguage":"ca","@id":"https:\/\/www.ariasassessors.com\/cuantas-veces-pueden-los-autonomos-darse-de-alta-y-baja\/#primaryimage","url":"https:\/\/www.ariasassessors.com\/wp-content\/uploads\/2024\/08\/Cuantas-Veces-Pueden-los-Autonomos-Darse-de-Alta-y-Baja-en-2024.png","contentUrl":"https:\/\/www.ariasassessors.com\/wp-content\/uploads\/2024\/08\/Cuantas-Veces-Pueden-los-Autonomos-Darse-de-Alta-y-Baja-en-2024.png","width":1920,"height":1202,"caption":"Cu\u00e1ntas Veces Pueden los Aut\u00f3nomos Darse de Alta y Baja en 2024"},{"@type":"BreadcrumbList","@id":"https:\/\/www.ariasassessors.com\/cuantas-veces-pueden-los-autonomos-darse-de-alta-y-baja\/#breadcrumb","itemListElement":[{"@type":"ListItem","position":1,"name":"Portada","item":"https:\/\/www.ariasassessors.com\/ca\/"},{"@type":"ListItem","position":2,"name":"Quantes Vegades Poden els Aut\u00f2noms Donar-se d&#8217;Alta i Baixa el 2024?"}]},{"@type":"WebSite","@id":"https:\/\/www.ariasassessors.com\/#website","url":"https:\/\/www.ariasassessors.com\/","name":"Arias Assessors","description":"Asesor\u00eda para aut\u00f3nomos, profesionales y PYMES","publisher":{"@id":"https:\/\/www.ariasassessors.com\/#organization"},"potentialAction":[{"@type":"SearchAction","target":{"@type":"EntryPoint","urlTemplate":"https:\/\/www.ariasassessors.com\/?s={search_term_string}"},"query-input":{"@type":"PropertyValueSpecification","valueRequired":true,"valueName":"search_term_string"}}],"inLanguage":"ca"},{"@type":"Organization","@id":"https:\/\/www.ariasassessors.com\/#organization","name":"Arias Assessors","url":"https:\/\/www.ariasassessors.com\/","logo":{"@type":"ImageObject","inLanguage":"ca","@id":"https:\/\/www.ariasassessors.com\/#\/schema\/logo\/image\/","url":"https:\/\/www.ariasassessors.com\/wp-content\/uploads\/2019\/01\/arias-logo.png","contentUrl":"https:\/\/www.ariasassessors.com\/wp-content\/uploads\/2019\/01\/arias-logo.png","width":349,"height":254,"caption":"Arias Assessors"},"image":{"@id":"https:\/\/www.ariasassessors.com\/#\/schema\/logo\/image\/"},"sameAs":["https:\/\/www.facebook.com\/ariasassessors\/","https:\/\/x.com\/ariasassessors","https:\/\/www.linkedin.com\/company\/r&amp;amp;r-growing-knowledge\/"]},{"@type":"Person","@id":"https:\/\/www.ariasassessors.com\/#\/schema\/person\/63c6ad1775f0a9413c37932562673cef","name":"btorras","image":{"@type":"ImageObject","inLanguage":"ca","@id":"https:\/\/www.ariasassessors.com\/#\/schema\/person\/image\/","url":"https:\/\/secure.gravatar.com\/avatar\/0531db351fc361fdbfd204c58fa2d6a3?s=96&d=mm&r=g","contentUrl":"https:\/\/secure.gravatar.com\/avatar\/0531db351fc361fdbfd204c58fa2d6a3?s=96&d=mm&r=g","caption":"btorras"}}]}},"_links":{"self":[{"href":"https:\/\/www.ariasassessors.com\/ca\/wp-json\/wp\/v2\/posts\/3695","targetHints":{"allow":["GET"]}}],"collection":[{"href":"https:\/\/www.ariasassessors.com\/ca\/wp-json\/wp\/v2\/posts"}],"about":[{"href":"https:\/\/www.ariasassessors.com\/ca\/wp-json\/wp\/v2\/types\/post"}],"author":[{"embeddable":true,"href":"https:\/\/www.ariasassessors.com\/ca\/wp-json\/wp\/v2\/users\/2"}],"replies":[{"embeddable":true,"href":"https:\/\/www.ariasassessors.com\/ca\/wp-json\/wp\/v2\/comments?post=3695"}],"version-history":[{"count":1,"href":"https:\/\/www.ariasassessors.com\/ca\/wp-json\/wp\/v2\/posts\/3695\/revisions"}],"predecessor-version":[{"id":3696,"href":"https:\/\/www.ariasassessors.com\/ca\/wp-json\/wp\/v2\/posts\/3695\/revisions\/3696"}],"wp:featuredmedia":[{"embeddable":true,"href":"https:\/\/www.ariasassessors.com\/ca\/wp-json\/wp\/v2\/media\/3692"}],"wp:attachment":[{"href":"https:\/\/www.ariasassessors.com\/ca\/wp-json\/wp\/v2\/media?parent=3695"}],"wp:term":[{"taxonomy":"category","embeddable":true,"href":"https:\/\/www.ariasassessors.com\/ca\/wp-json\/wp\/v2\/categories?post=3695"},{"taxonomy":"post_tag","embeddable":true,"href":"https:\/\/www.ariasassessors.com\/ca\/wp-json\/wp\/v2\/tags?post=3695"}],"curies":[{"name":"wp","href":"https:\/\/api.w.org\/{rel}","templated":true}]}}