{"id":3734,"date":"2024-09-30T11:00:24","date_gmt":"2024-09-30T09:00:24","guid":{"rendered":"https:\/\/www.ariasassessors.com\/?p=3734"},"modified":"2024-09-30T19:44:39","modified_gmt":"2024-09-30T17:44:39","slug":"la-seguretat-social-regularitzara-quotes-dautonoms","status":"publish","type":"post","link":"https:\/\/www.ariasassessors.com\/ca\/la-seguretat-social-regularitzara-quotes-dautonoms\/","title":{"rendered":"La Seguretat Social Regularitzar\u00e0 Quotes d&#8217;Aut\u00f2noms"},"content":{"rendered":"<p>En les pr\u00f2ximes setmanes, la <a href=\"https:\/\/www.seg-social.es\/wps\/portal\/wss\/internet\/Inicio\">Seguretat Social<\/a> regularitzar\u00e0 les quotes d&#8217;aut\u00f2noms ajustant les cotitzacions en funci\u00f3 dels ingressos reals que cada treballador aut\u00f2nom hagi declarat durant l&#8217;any. Aquesta mesura busca garantir que els aut\u00f2noms cotitzin d&#8217;acord amb els seus ingressos reals, proporcionant un sistema m\u00e9s just.<\/p>\n<div id=\"ez-toc-container\" class=\"ez-toc-v2_0_72 counter-hierarchy ez-toc-counter ez-toc-grey ez-toc-container-direction\">\n<div class=\"ez-toc-title-container\">\n<p class=\"ez-toc-title\" style=\"cursor:inherit\">\u00cdndice de Contenidos<\/p>\n<span class=\"ez-toc-title-toggle\"><a href=\"#\" class=\"ez-toc-pull-right ez-toc-btn ez-toc-btn-xs ez-toc-btn-default ez-toc-toggle\" aria-label=\"Toggle Table of Content\"><span class=\"ez-toc-js-icon-con\"><span class=\"\"><span class=\"eztoc-hide\" style=\"display:none;\">Toggle<\/span><span class=\"ez-toc-icon-toggle-span\"><svg style=\"fill: #428bca;color:#428bca\" xmlns=\"http:\/\/www.w3.org\/2000\/svg\" class=\"list-377408\" width=\"20px\" height=\"20px\" viewBox=\"0 0 24 24\" fill=\"none\"><path d=\"M6 6H4v2h2V6zm14 0H8v2h12V6zM4 11h2v2H4v-2zm16 0H8v2h12v-2zM4 16h2v2H4v-2zm16 0H8v2h12v-2z\" fill=\"currentColor\"><\/path><\/svg><svg style=\"fill: #428bca;color:#428bca\" class=\"arrow-unsorted-368013\" xmlns=\"http:\/\/www.w3.org\/2000\/svg\" width=\"10px\" height=\"10px\" viewBox=\"0 0 24 24\" version=\"1.2\" baseProfile=\"tiny\"><path d=\"M18.2 9.3l-6.2-6.3-6.2 6.3c-.2.2-.3.4-.3.7s.1.5.3.7c.2.2.4.3.7.3h11c.3 0 .5-.1.7-.3.2-.2.3-.5.3-.7s-.1-.5-.3-.7zM5.8 14.7l6.2 6.3 6.2-6.3c.2-.2.3-.5.3-.7s-.1-.5-.3-.7c-.2-.2-.4-.3-.7-.3h-11c-.3 0-.5.1-.7.3-.2.2-.3.5-.3.7s.1.5.3.7z\"\/><\/svg><\/span><\/span><\/span><\/a><\/span><\/div>\n<nav><ul class='ez-toc-list ez-toc-list-level-1 eztoc-toggle-hide-by-default' ><ul class='ez-toc-list-level-3' ><li class='ez-toc-heading-level-3'><a class=\"ez-toc-link ez-toc-heading-1\" href=\"https:\/\/www.ariasassessors.com\/ca\/la-seguretat-social-regularitzara-quotes-dautonoms\/#Que_Implica_la_Regularitzacio_de_Quotes_dAutonoms\" title=\"Qu\u00e8 Implica la Regularitzaci\u00f3 de Quotes d&#8217;Aut\u00f2noms?\">Qu\u00e8 Implica la Regularitzaci\u00f3 de Quotes d&#8217;Aut\u00f2noms?<\/a><\/li><li class='ez-toc-page-1 ez-toc-heading-level-3'><a class=\"ez-toc-link ez-toc-heading-2\" href=\"https:\/\/www.ariasassessors.com\/ca\/la-seguretat-social-regularitzara-quotes-dautonoms\/#Com_Sera_el_Proces_de_Regularitzacio\" title=\"Com Ser\u00e0 el Proc\u00e9s de Regularitzaci\u00f3?\">Com Ser\u00e0 el Proc\u00e9s de Regularitzaci\u00f3?<\/a><\/li><li class='ez-toc-page-1 ez-toc-heading-level-3'><a class=\"ez-toc-link ez-toc-heading-3\" href=\"https:\/\/www.ariasassessors.com\/ca\/la-seguretat-social-regularitzara-quotes-dautonoms\/#Quan_sAplicaran_els_Ajustos\" title=\"Quan s&#8217;Aplicaran els Ajustos?\">Quan s&#8217;Aplicaran els Ajustos?<\/a><\/li><li class='ez-toc-page-1 ez-toc-heading-level-3'><a class=\"ez-toc-link ez-toc-heading-4\" href=\"https:\/\/www.ariasassessors.com\/ca\/la-seguretat-social-regularitzara-quotes-dautonoms\/#Com_Impactara_als_Autonoms\" title=\"Com Impactar\u00e0 als Aut\u00f2noms?\">Com Impactar\u00e0 als Aut\u00f2noms?<\/a><\/li><li class='ez-toc-page-1 ez-toc-heading-level-3'><a class=\"ez-toc-link ez-toc-heading-5\" href=\"https:\/\/www.ariasassessors.com\/ca\/la-seguretat-social-regularitzara-quotes-dautonoms\/#Quins_Son_els_Terminis_per_a_la_Regularitzacio\" title=\"Quins S\u00f3n els Terminis per a la Regularitzaci\u00f3?\">Quins S\u00f3n els Terminis per a la Regularitzaci\u00f3?<\/a><\/li><li class='ez-toc-page-1 ez-toc-heading-level-3'><a class=\"ez-toc-link ez-toc-heading-6\" href=\"https:\/\/www.ariasassessors.com\/ca\/la-seguretat-social-regularitzara-quotes-dautonoms\/#Consells_per_Estar_Preparat\" title=\"Consells per Estar Preparat\">Consells per Estar Preparat<\/a><\/li><\/ul><\/li><li class='ez-toc-page-1 ez-toc-heading-level-2'><a class=\"ez-toc-link ez-toc-heading-7\" href=\"https:\/\/www.ariasassessors.com\/ca\/la-seguretat-social-regularitzara-quotes-dautonoms\/#Necessites_assessorament\" title=\"Necessites assessorament?\">Necessites assessorament?<\/a><ul class='ez-toc-list-level-3' ><li class='ez-toc-heading-level-3'><a class=\"ez-toc-link ez-toc-heading-8\" href=\"https:\/\/www.ariasassessors.com\/ca\/la-seguretat-social-regularitzara-quotes-dautonoms\/#Per_que_Arias_Assessors\" title=\"Per qu\u00e8 Arias Assessors?\">Per qu\u00e8 Arias Assessors?<\/a><\/li><\/ul><\/li><\/ul><\/nav><\/div>\n<h3><span class=\"ez-toc-section\" id=\"Que_Implica_la_Regularitzacio_de_Quotes_dAutonoms\"><\/span><strong>Qu\u00e8 Implica la Regularitzaci\u00f3 de Quotes d&#8217;Aut\u00f2noms?<\/strong><span class=\"ez-toc-section-end\"><\/span><\/h3>\n<p>La regularitzaci\u00f3 de quotes \u00e9s un ajust que realitza la Seguretat Social per garantir que els aut\u00f2noms estiguin cotitzant segons el que realment guanyen. Amb l&#8217;entrada en vigor del nou sistema de cotitzaci\u00f3 per ingressos reals, les bases de cotitzaci\u00f3 dels aut\u00f2noms es determinen en funci\u00f3 dels seus beneficis reals, en lloc de ser una quota fixa.<\/p>\n<p>Aquest nou enfocament permet que els aut\u00f2noms amb ingressos m\u00e9s alts cotitzin m\u00e9s, mentre que aquells amb ingressos m\u00e9s baixos puguin reduir les seves cotitzacions, promovent una major equitat en el sistema.<\/p>\n<h3><span class=\"ez-toc-section\" id=\"Com_Sera_el_Proces_de_Regularitzacio\"><\/span><strong>Com Ser\u00e0 el Proc\u00e9s de Regularitzaci\u00f3?<\/strong><span class=\"ez-toc-section-end\"><\/span><\/h3>\n<p>La Seguretat Social regularitzar\u00e0 les quotes d&#8217;aut\u00f2noms en diverses fases:<\/p>\n<ol>\n<li><strong>Verificaci\u00f3 d\u2019ingressos:<\/strong> La Seguretat Social creuar\u00e0 les dades fiscals obtingudes de l&#8217;Ag\u00e8ncia Tribut\u00e0ria amb les cotitzacions declarades pels aut\u00f2noms. D&#8217;aquesta manera, es comprovar\u00e0 si s&#8217;ha cotitzat en funci\u00f3 dels ingressos reals.<\/li>\n<li><strong>Ajust de les quotes:<\/strong> En cas que s&#8217;hagi cotitzat per sota del que correspon, els aut\u00f2noms rebran una notificaci\u00f3 amb la quantitat a pagar. D&#8217;altra banda, si s&#8217;ha cotitzat de m\u00e9s, la Seguretat Social procedir\u00e0 a retornar l&#8217;exc\u00e9s pagat.<\/li>\n<li><strong>Terminis de cobrament o devoluci\u00f3:<\/strong> Les difer\u00e8ncies que s&#8217;hagin de pagar s&#8217;afegiran a les pr\u00f2ximes quotes dels aut\u00f2noms. En cas de devoluci\u00f3, els reemborsaments es realitzaran directament al compte bancari dels treballadors aut\u00f2noms.<\/li>\n<\/ol>\n<h3><span class=\"ez-toc-section\" id=\"Quan_sAplicaran_els_Ajustos\"><\/span><strong>Quan s&#8217;Aplicaran els Ajustos?<\/strong><span class=\"ez-toc-section-end\"><\/span><\/h3>\n<p>La Seguretat Social regularitzar\u00e0 les quotes d&#8217;aut\u00f2noms al llarg de les pr\u00f2ximes setmanes. Aquest proc\u00e9s afectar\u00e0 tots els aut\u00f2noms que hagin presentat les seves declaracions d&#8217;ingressos corresponents a l&#8217;exercici fiscal de l&#8217;any anterior.<\/p>\n<h3><span class=\"ez-toc-section\" id=\"Com_Impactara_als_Autonoms\"><\/span><strong>Com Impactar\u00e0 als Aut\u00f2noms?<\/strong><span class=\"ez-toc-section-end\"><\/span><\/h3>\n<ul>\n<li><strong>Aut\u00f2noms que han cotitzat menys del que correspon:<\/strong> Si has declarat ingressos superiors als que corresponen a la teva base de cotitzaci\u00f3, rebr\u00e0s una notificaci\u00f3 amb l&#8217;ajust. L&#8217;import a pagar s&#8217;inclour\u00e0 en les pr\u00f2ximes facturacions de la Seguretat Social.<\/li>\n<li><strong>Aut\u00f2noms que han cotitzat en exc\u00e9s:<\/strong> Si, per contra, has cotitzat de m\u00e9s, la Seguretat Social et retornar\u00e0 la difer\u00e8ncia, beneficiant-te d&#8217;aquest ajust.<\/li>\n<\/ul>\n<h3><span class=\"ez-toc-section\" id=\"Quins_Son_els_Terminis_per_a_la_Regularitzacio\"><\/span><strong>Quins S\u00f3n els Terminis per a la Regularitzaci\u00f3?<\/strong><span class=\"ez-toc-section-end\"><\/span><\/h3>\n<p>Encara que la Seguretat Social regularitzar\u00e0 les quotes d&#8217;aut\u00f2noms aviat, encara no s&#8217;ha especificat una data exacta per a l&#8217;inici del cobrament o devoluci\u00f3 de les quotes regularitzades. S&#8217;espera que aquest proc\u00e9s comenci abans que finalitzi l&#8217;any, per la qual cosa \u00e9s crucial estar atents a les notificacions oficials.<\/p>\n<h3><span class=\"ez-toc-section\" id=\"Consells_per_Estar_Preparat\"><\/span><strong>Consells per Estar Preparat<\/strong><span class=\"ez-toc-section-end\"><\/span><\/h3>\n<ol>\n<li><strong>Verifica els teus ingressos:<\/strong> Revisa que els ingressos declarats davant Hisenda siguin coherents amb els que vas utilitzar per calcular la teva base de cotitzaci\u00f3. Aix\u00f2 evitar\u00e0 possibles sorpreses quan comenci la regularitzaci\u00f3.<\/li>\n<li><strong>Ajusta la teva base de cotitzaci\u00f3 si cal:<\/strong> Si preveus que els teus ingressos seran majors o menors del que estimaves, pots modificar la teva base de cotitzaci\u00f3 per evitar ajustos majors a final d&#8217;any.<\/li>\n<li><strong>Consulta un expert:<\/strong> Si tens dubtes sobre com t&#8217;afectar\u00e0 l&#8217;ajust, el m\u00e9s recomanable \u00e9s comptar amb el suport d&#8217;un assessor especialitzat en temes laborals i fiscals.<\/li>\n<\/ol>\n<h2><span class=\"ez-toc-section\" id=\"Necessites_assessorament\"><\/span><strong>Necessites assessorament?<\/strong><span class=\"ez-toc-section-end\"><\/span><\/h2>\n<p>A <strong>Arias Assessors<\/strong> no nom\u00e9s ens encarreguem de gestionar les teves obligacions fiscals i comptables, sin\u00f3 que tamb\u00e9 t&#8217;assessorem. La nostra experi\u00e8ncia de m\u00e9s de dues d\u00e8cades en el sector ens permet oferir-te un servei personalitzat ajustat a les necessitats del teu negoci. Recorda que la mesura per la qual la Seguretat Social regularitzar\u00e0 les quotes d&#8217;aut\u00f2noms \u00e9s un pas cap a un sistema m\u00e9s equitatiu i adaptat als ingressos reals dels treballadors aut\u00f2noms. Encara que pot suposar ajustos en els pagaments, el seu objectiu \u00e9s aconseguir una cotitzaci\u00f3 justa i proporcional. \u00c9s essencial que els aut\u00f2noms es mantinguin informats i preparats per gestionar correctament aquests canvis i evitar inconvenients futurs.<\/p>\n<h3><span class=\"ez-toc-section\" id=\"Per_que_Arias_Assessors\"><\/span><strong>Per qu\u00e8 Arias Assessors?<\/strong><span class=\"ez-toc-section-end\"><\/span><\/h3>\n<ol>\n<li><strong>Experi\u00e8ncia i especialitzaci\u00f3:<\/strong> Comptem amb un equip d&#8217;experts en mat\u00e8ria fiscal amb \u00e0mplia experi\u00e8ncia en la presentaci\u00f3 de declaracions complement\u00e0ries i resoluci\u00f3 de problemes fiscals.<\/li>\n<li><strong>Assessorament personalitzat:<\/strong> Ens comprometem a proporcionar-te un assessorament personalitzat i adaptat a la teva situaci\u00f3 espec\u00edfica. Ens prenem el temps necessari per entendre les teves necessitats i oferir-te solucions eficaces.<\/li>\n<li><strong>Compliment normatiu:<\/strong> El nostre objectiu \u00e9s garantir el compliment adequat de les teves obligacions tribut\u00e0ries, evitant possibles sancions o problemes amb l&#8217;administraci\u00f3 tribut\u00e0ria.<\/li>\n<\/ol>\n<p><a href=\"https:\/\/www.ariasassessors.com\/ca\/contacte\/\"><strong>Contacta&#8217;ns avui mateix<\/strong><\/a> i descobreix com podem ajudar-te a prendre decisions financeres encertades per al teu negoci. Et guiarem perqu\u00e8 puguis centrar-te en el que realment importa: fer cr\u00e9ixer la teva empresa amb la tranquil\u00b7litat que les teves finances estan en bones mans.<\/p>\n","protected":false},"excerpt":{"rendered":"<p>En les pr\u00f2ximes setmanes, la Seguretat Social regularitzar\u00e0 les quotes d&#8217;aut\u00f2noms ajustant les cotitzacions en funci\u00f3 dels ingressos reals que cada treballador aut\u00f2nom hagi declarat durant l&#8217;any. Aquesta mesura busca garantir que els aut\u00f2noms cotitzin d&#8217;acord amb els seus ingressos reals, proporcionant un sistema m\u00e9s&#8230;<\/p>\n","protected":false},"author":2,"featured_media":2624,"comment_status":"open","ping_status":"open","sticky":false,"template":"","format":"standard","meta":{"footnotes":""},"categories":[4],"tags":[],"class_list":["post-3734","post","type-post","status-publish","format-standard","has-post-thumbnail","hentry","category-noticies"],"yoast_head":"<!-- This site is optimized with the Yoast SEO plugin v24.3 - https:\/\/yoast.com\/wordpress\/plugins\/seo\/ -->\n<title>Seguretat Social Regularitzar\u00e0 Quotes d&#039;Aut\u00f2noms<\/title>\n<meta name=\"description\" content=\"Descobreix com la Seguretat Social regularitzar\u00e0 les quotes d&#039;aut\u00f2noms en funci\u00f3 dels ingressos reals. Informa&#039;t per estar preparat.\" \/>\n<meta name=\"robots\" content=\"index, follow, max-snippet:-1, max-image-preview:large, max-video-preview:-1\" \/>\n<link rel=\"canonical\" href=\"https:\/\/www.ariasassessors.com\/ca\/la-seguretat-social-regularitzara-quotes-dautonoms\/\" \/>\n<meta property=\"og:locale\" content=\"ca_ES\" \/>\n<meta property=\"og:type\" content=\"article\" \/>\n<meta property=\"og:title\" content=\"Seguretat Social Regularitzar\u00e0 Quotes d&#039;Aut\u00f2noms\" \/>\n<meta property=\"og:description\" content=\"Descobreix com la Seguretat Social regularitzar\u00e0 les quotes d&#039;aut\u00f2noms en funci\u00f3 dels ingressos reals. Informa&#039;t per estar preparat.\" \/>\n<meta property=\"og:url\" content=\"https:\/\/www.ariasassessors.com\/ca\/la-seguretat-social-regularitzara-quotes-dautonoms\/\" \/>\n<meta property=\"og:site_name\" content=\"Arias Assessors\" \/>\n<meta property=\"article:publisher\" content=\"https:\/\/www.facebook.com\/ariasassessors\/\" \/>\n<meta property=\"article:published_time\" content=\"2024-09-30T09:00:24+00:00\" \/>\n<meta property=\"article:modified_time\" content=\"2024-09-30T17:44:39+00:00\" \/>\n<meta property=\"og:image\" content=\"https:\/\/www.ariasassessors.com\/wp-content\/uploads\/2023\/06\/Arias_Blog_IMAGEN_DESTACADA-31.png\" \/>\n\t<meta property=\"og:image:width\" content=\"1920\" \/>\n\t<meta property=\"og:image:height\" content=\"1202\" \/>\n\t<meta property=\"og:image:type\" content=\"image\/png\" \/>\n<meta name=\"author\" content=\"btorras\" \/>\n<meta name=\"twitter:card\" content=\"summary_large_image\" \/>\n<meta name=\"twitter:creator\" content=\"@ariasassessors\" \/>\n<meta name=\"twitter:site\" content=\"@ariasassessors\" \/>\n<meta name=\"twitter:label1\" content=\"Escrit per\" \/>\n\t<meta name=\"twitter:data1\" content=\"btorras\" \/>\n\t<meta name=\"twitter:label2\" content=\"Temps estimat de lectura\" \/>\n\t<meta name=\"twitter:data2\" content=\"4 minuts\" \/>\n<script type=\"application\/ld+json\" class=\"yoast-schema-graph\">{\"@context\":\"https:\/\/schema.org\",\"@graph\":[{\"@type\":\"Article\",\"@id\":\"https:\/\/www.ariasassessors.com\/ca\/la-seguretat-social-regularitzara-quotes-dautonoms\/#article\",\"isPartOf\":{\"@id\":\"https:\/\/www.ariasassessors.com\/ca\/la-seguretat-social-regularitzara-quotes-dautonoms\/\"},\"author\":{\"name\":\"btorras\",\"@id\":\"https:\/\/www.ariasassessors.com\/#\/schema\/person\/63c6ad1775f0a9413c37932562673cef\"},\"headline\":\"La Seguretat Social Regularitzar\u00e0 Quotes d&#8217;Aut\u00f2noms\",\"datePublished\":\"2024-09-30T09:00:24+00:00\",\"dateModified\":\"2024-09-30T17:44:39+00:00\",\"mainEntityOfPage\":{\"@id\":\"https:\/\/www.ariasassessors.com\/ca\/la-seguretat-social-regularitzara-quotes-dautonoms\/\"},\"wordCount\":822,\"commentCount\":0,\"publisher\":{\"@id\":\"https:\/\/www.ariasassessors.com\/#organization\"},\"image\":{\"@id\":\"https:\/\/www.ariasassessors.com\/ca\/la-seguretat-social-regularitzara-quotes-dautonoms\/#primaryimage\"},\"thumbnailUrl\":\"https:\/\/www.ariasassessors.com\/wp-content\/uploads\/2023\/06\/Arias_Blog_IMAGEN_DESTACADA-31.png\",\"articleSection\":[\"noticies\"],\"inLanguage\":\"ca\",\"potentialAction\":[{\"@type\":\"CommentAction\",\"name\":\"Comment\",\"target\":[\"https:\/\/www.ariasassessors.com\/ca\/la-seguretat-social-regularitzara-quotes-dautonoms\/#respond\"]}]},{\"@type\":\"WebPage\",\"@id\":\"https:\/\/www.ariasassessors.com\/ca\/la-seguretat-social-regularitzara-quotes-dautonoms\/\",\"url\":\"https:\/\/www.ariasassessors.com\/ca\/la-seguretat-social-regularitzara-quotes-dautonoms\/\",\"name\":\"Seguretat Social Regularitzar\u00e0 Quotes d'Aut\u00f2noms\",\"isPartOf\":{\"@id\":\"https:\/\/www.ariasassessors.com\/#website\"},\"primaryImageOfPage\":{\"@id\":\"https:\/\/www.ariasassessors.com\/ca\/la-seguretat-social-regularitzara-quotes-dautonoms\/#primaryimage\"},\"image\":{\"@id\":\"https:\/\/www.ariasassessors.com\/ca\/la-seguretat-social-regularitzara-quotes-dautonoms\/#primaryimage\"},\"thumbnailUrl\":\"https:\/\/www.ariasassessors.com\/wp-content\/uploads\/2023\/06\/Arias_Blog_IMAGEN_DESTACADA-31.png\",\"datePublished\":\"2024-09-30T09:00:24+00:00\",\"dateModified\":\"2024-09-30T17:44:39+00:00\",\"description\":\"Descobreix com la Seguretat Social regularitzar\u00e0 les quotes d'aut\u00f2noms en funci\u00f3 dels ingressos reals. Informa't per estar preparat.\",\"breadcrumb\":{\"@id\":\"https:\/\/www.ariasassessors.com\/ca\/la-seguretat-social-regularitzara-quotes-dautonoms\/#breadcrumb\"},\"inLanguage\":\"ca\",\"potentialAction\":[{\"@type\":\"ReadAction\",\"target\":[\"https:\/\/www.ariasassessors.com\/ca\/la-seguretat-social-regularitzara-quotes-dautonoms\/\"]}]},{\"@type\":\"ImageObject\",\"inLanguage\":\"ca\",\"@id\":\"https:\/\/www.ariasassessors.com\/ca\/la-seguretat-social-regularitzara-quotes-dautonoms\/#primaryimage\",\"url\":\"https:\/\/www.ariasassessors.com\/wp-content\/uploads\/2023\/06\/Arias_Blog_IMAGEN_DESTACADA-31.png\",\"contentUrl\":\"https:\/\/www.ariasassessors.com\/wp-content\/uploads\/2023\/06\/Arias_Blog_IMAGEN_DESTACADA-31.png\",\"width\":1920,\"height\":1202,\"caption\":\"subvencions\"},{\"@type\":\"BreadcrumbList\",\"@id\":\"https:\/\/www.ariasassessors.com\/ca\/la-seguretat-social-regularitzara-quotes-dautonoms\/#breadcrumb\",\"itemListElement\":[{\"@type\":\"ListItem\",\"position\":1,\"name\":\"Portada\",\"item\":\"https:\/\/www.ariasassessors.com\/ca\/\"},{\"@type\":\"ListItem\",\"position\":2,\"name\":\"La Seguretat Social Regularitzar\u00e0 Quotes d&#8217;Aut\u00f2noms\"}]},{\"@type\":\"WebSite\",\"@id\":\"https:\/\/www.ariasassessors.com\/#website\",\"url\":\"https:\/\/www.ariasassessors.com\/\",\"name\":\"Arias Assessors\",\"description\":\"Asesor\u00eda para aut\u00f3nomos, profesionales y PYMES\",\"publisher\":{\"@id\":\"https:\/\/www.ariasassessors.com\/#organization\"},\"potentialAction\":[{\"@type\":\"SearchAction\",\"target\":{\"@type\":\"EntryPoint\",\"urlTemplate\":\"https:\/\/www.ariasassessors.com\/?s={search_term_string}\"},\"query-input\":{\"@type\":\"PropertyValueSpecification\",\"valueRequired\":true,\"valueName\":\"search_term_string\"}}],\"inLanguage\":\"ca\"},{\"@type\":\"Organization\",\"@id\":\"https:\/\/www.ariasassessors.com\/#organization\",\"name\":\"Arias Assessors\",\"url\":\"https:\/\/www.ariasassessors.com\/\",\"logo\":{\"@type\":\"ImageObject\",\"inLanguage\":\"ca\",\"@id\":\"https:\/\/www.ariasassessors.com\/#\/schema\/logo\/image\/\",\"url\":\"https:\/\/www.ariasassessors.com\/wp-content\/uploads\/2019\/01\/arias-logo.png\",\"contentUrl\":\"https:\/\/www.ariasassessors.com\/wp-content\/uploads\/2019\/01\/arias-logo.png\",\"width\":349,\"height\":254,\"caption\":\"Arias Assessors\"},\"image\":{\"@id\":\"https:\/\/www.ariasassessors.com\/#\/schema\/logo\/image\/\"},\"sameAs\":[\"https:\/\/www.facebook.com\/ariasassessors\/\",\"https:\/\/x.com\/ariasassessors\",\"https:\/\/www.linkedin.com\/company\/r&amp;amp;r-growing-knowledge\/\"]},{\"@type\":\"Person\",\"@id\":\"https:\/\/www.ariasassessors.com\/#\/schema\/person\/63c6ad1775f0a9413c37932562673cef\",\"name\":\"btorras\",\"image\":{\"@type\":\"ImageObject\",\"inLanguage\":\"ca\",\"@id\":\"https:\/\/www.ariasassessors.com\/#\/schema\/person\/image\/\",\"url\":\"https:\/\/secure.gravatar.com\/avatar\/0531db351fc361fdbfd204c58fa2d6a3?s=96&d=mm&r=g\",\"contentUrl\":\"https:\/\/secure.gravatar.com\/avatar\/0531db351fc361fdbfd204c58fa2d6a3?s=96&d=mm&r=g\",\"caption\":\"btorras\"}}]}<\/script>\n<!-- \/ Yoast SEO plugin. -->","yoast_head_json":{"title":"Seguretat Social Regularitzar\u00e0 Quotes d'Aut\u00f2noms","description":"Descobreix com la Seguretat Social regularitzar\u00e0 les quotes d'aut\u00f2noms en funci\u00f3 dels ingressos reals. Informa't per estar preparat.","robots":{"index":"index","follow":"follow","max-snippet":"max-snippet:-1","max-image-preview":"max-image-preview:large","max-video-preview":"max-video-preview:-1"},"canonical":"https:\/\/www.ariasassessors.com\/ca\/la-seguretat-social-regularitzara-quotes-dautonoms\/","og_locale":"ca_ES","og_type":"article","og_title":"Seguretat Social Regularitzar\u00e0 Quotes d'Aut\u00f2noms","og_description":"Descobreix com la Seguretat Social regularitzar\u00e0 les quotes d'aut\u00f2noms en funci\u00f3 dels ingressos reals. Informa't per estar preparat.","og_url":"https:\/\/www.ariasassessors.com\/ca\/la-seguretat-social-regularitzara-quotes-dautonoms\/","og_site_name":"Arias Assessors","article_publisher":"https:\/\/www.facebook.com\/ariasassessors\/","article_published_time":"2024-09-30T09:00:24+00:00","article_modified_time":"2024-09-30T17:44:39+00:00","og_image":[{"width":1920,"height":1202,"url":"https:\/\/www.ariasassessors.com\/wp-content\/uploads\/2023\/06\/Arias_Blog_IMAGEN_DESTACADA-31.png","type":"image\/png"}],"author":"btorras","twitter_card":"summary_large_image","twitter_creator":"@ariasassessors","twitter_site":"@ariasassessors","twitter_misc":{"Escrit per":"btorras","Temps estimat de lectura":"4 minuts"},"schema":{"@context":"https:\/\/schema.org","@graph":[{"@type":"Article","@id":"https:\/\/www.ariasassessors.com\/ca\/la-seguretat-social-regularitzara-quotes-dautonoms\/#article","isPartOf":{"@id":"https:\/\/www.ariasassessors.com\/ca\/la-seguretat-social-regularitzara-quotes-dautonoms\/"},"author":{"name":"btorras","@id":"https:\/\/www.ariasassessors.com\/#\/schema\/person\/63c6ad1775f0a9413c37932562673cef"},"headline":"La Seguretat Social Regularitzar\u00e0 Quotes d&#8217;Aut\u00f2noms","datePublished":"2024-09-30T09:00:24+00:00","dateModified":"2024-09-30T17:44:39+00:00","mainEntityOfPage":{"@id":"https:\/\/www.ariasassessors.com\/ca\/la-seguretat-social-regularitzara-quotes-dautonoms\/"},"wordCount":822,"commentCount":0,"publisher":{"@id":"https:\/\/www.ariasassessors.com\/#organization"},"image":{"@id":"https:\/\/www.ariasassessors.com\/ca\/la-seguretat-social-regularitzara-quotes-dautonoms\/#primaryimage"},"thumbnailUrl":"https:\/\/www.ariasassessors.com\/wp-content\/uploads\/2023\/06\/Arias_Blog_IMAGEN_DESTACADA-31.png","articleSection":["noticies"],"inLanguage":"ca","potentialAction":[{"@type":"CommentAction","name":"Comment","target":["https:\/\/www.ariasassessors.com\/ca\/la-seguretat-social-regularitzara-quotes-dautonoms\/#respond"]}]},{"@type":"WebPage","@id":"https:\/\/www.ariasassessors.com\/ca\/la-seguretat-social-regularitzara-quotes-dautonoms\/","url":"https:\/\/www.ariasassessors.com\/ca\/la-seguretat-social-regularitzara-quotes-dautonoms\/","name":"Seguretat Social Regularitzar\u00e0 Quotes d'Aut\u00f2noms","isPartOf":{"@id":"https:\/\/www.ariasassessors.com\/#website"},"primaryImageOfPage":{"@id":"https:\/\/www.ariasassessors.com\/ca\/la-seguretat-social-regularitzara-quotes-dautonoms\/#primaryimage"},"image":{"@id":"https:\/\/www.ariasassessors.com\/ca\/la-seguretat-social-regularitzara-quotes-dautonoms\/#primaryimage"},"thumbnailUrl":"https:\/\/www.ariasassessors.com\/wp-content\/uploads\/2023\/06\/Arias_Blog_IMAGEN_DESTACADA-31.png","datePublished":"2024-09-30T09:00:24+00:00","dateModified":"2024-09-30T17:44:39+00:00","description":"Descobreix com la Seguretat Social regularitzar\u00e0 les quotes d'aut\u00f2noms en funci\u00f3 dels ingressos reals. Informa't per estar preparat.","breadcrumb":{"@id":"https:\/\/www.ariasassessors.com\/ca\/la-seguretat-social-regularitzara-quotes-dautonoms\/#breadcrumb"},"inLanguage":"ca","potentialAction":[{"@type":"ReadAction","target":["https:\/\/www.ariasassessors.com\/ca\/la-seguretat-social-regularitzara-quotes-dautonoms\/"]}]},{"@type":"ImageObject","inLanguage":"ca","@id":"https:\/\/www.ariasassessors.com\/ca\/la-seguretat-social-regularitzara-quotes-dautonoms\/#primaryimage","url":"https:\/\/www.ariasassessors.com\/wp-content\/uploads\/2023\/06\/Arias_Blog_IMAGEN_DESTACADA-31.png","contentUrl":"https:\/\/www.ariasassessors.com\/wp-content\/uploads\/2023\/06\/Arias_Blog_IMAGEN_DESTACADA-31.png","width":1920,"height":1202,"caption":"subvencions"},{"@type":"BreadcrumbList","@id":"https:\/\/www.ariasassessors.com\/ca\/la-seguretat-social-regularitzara-quotes-dautonoms\/#breadcrumb","itemListElement":[{"@type":"ListItem","position":1,"name":"Portada","item":"https:\/\/www.ariasassessors.com\/ca\/"},{"@type":"ListItem","position":2,"name":"La Seguretat Social Regularitzar\u00e0 Quotes d&#8217;Aut\u00f2noms"}]},{"@type":"WebSite","@id":"https:\/\/www.ariasassessors.com\/#website","url":"https:\/\/www.ariasassessors.com\/","name":"Arias Assessors","description":"Asesor\u00eda para aut\u00f3nomos, profesionales y PYMES","publisher":{"@id":"https:\/\/www.ariasassessors.com\/#organization"},"potentialAction":[{"@type":"SearchAction","target":{"@type":"EntryPoint","urlTemplate":"https:\/\/www.ariasassessors.com\/?s={search_term_string}"},"query-input":{"@type":"PropertyValueSpecification","valueRequired":true,"valueName":"search_term_string"}}],"inLanguage":"ca"},{"@type":"Organization","@id":"https:\/\/www.ariasassessors.com\/#organization","name":"Arias Assessors","url":"https:\/\/www.ariasassessors.com\/","logo":{"@type":"ImageObject","inLanguage":"ca","@id":"https:\/\/www.ariasassessors.com\/#\/schema\/logo\/image\/","url":"https:\/\/www.ariasassessors.com\/wp-content\/uploads\/2019\/01\/arias-logo.png","contentUrl":"https:\/\/www.ariasassessors.com\/wp-content\/uploads\/2019\/01\/arias-logo.png","width":349,"height":254,"caption":"Arias Assessors"},"image":{"@id":"https:\/\/www.ariasassessors.com\/#\/schema\/logo\/image\/"},"sameAs":["https:\/\/www.facebook.com\/ariasassessors\/","https:\/\/x.com\/ariasassessors","https:\/\/www.linkedin.com\/company\/r&amp;amp;r-growing-knowledge\/"]},{"@type":"Person","@id":"https:\/\/www.ariasassessors.com\/#\/schema\/person\/63c6ad1775f0a9413c37932562673cef","name":"btorras","image":{"@type":"ImageObject","inLanguage":"ca","@id":"https:\/\/www.ariasassessors.com\/#\/schema\/person\/image\/","url":"https:\/\/secure.gravatar.com\/avatar\/0531db351fc361fdbfd204c58fa2d6a3?s=96&d=mm&r=g","contentUrl":"https:\/\/secure.gravatar.com\/avatar\/0531db351fc361fdbfd204c58fa2d6a3?s=96&d=mm&r=g","caption":"btorras"}}]}},"_links":{"self":[{"href":"https:\/\/www.ariasassessors.com\/ca\/wp-json\/wp\/v2\/posts\/3734","targetHints":{"allow":["GET"]}}],"collection":[{"href":"https:\/\/www.ariasassessors.com\/ca\/wp-json\/wp\/v2\/posts"}],"about":[{"href":"https:\/\/www.ariasassessors.com\/ca\/wp-json\/wp\/v2\/types\/post"}],"author":[{"embeddable":true,"href":"https:\/\/www.ariasassessors.com\/ca\/wp-json\/wp\/v2\/users\/2"}],"replies":[{"embeddable":true,"href":"https:\/\/www.ariasassessors.com\/ca\/wp-json\/wp\/v2\/comments?post=3734"}],"version-history":[{"count":1,"href":"https:\/\/www.ariasassessors.com\/ca\/wp-json\/wp\/v2\/posts\/3734\/revisions"}],"predecessor-version":[{"id":3738,"href":"https:\/\/www.ariasassessors.com\/ca\/wp-json\/wp\/v2\/posts\/3734\/revisions\/3738"}],"wp:featuredmedia":[{"embeddable":true,"href":"https:\/\/www.ariasassessors.com\/ca\/wp-json\/wp\/v2\/media\/2624"}],"wp:attachment":[{"href":"https:\/\/www.ariasassessors.com\/ca\/wp-json\/wp\/v2\/media?parent=3734"}],"wp:term":[{"taxonomy":"category","embeddable":true,"href":"https:\/\/www.ariasassessors.com\/ca\/wp-json\/wp\/v2\/categories?post=3734"},{"taxonomy":"post_tag","embeddable":true,"href":"https:\/\/www.ariasassessors.com\/ca\/wp-json\/wp\/v2\/tags?post=3734"}],"curies":[{"name":"wp","href":"https:\/\/api.w.org\/{rel}","templated":true}]}}