{"id":3822,"date":"2024-11-12T10:57:50","date_gmt":"2024-11-12T09:57:50","guid":{"rendered":"https:\/\/www.ariasassessors.com\/?p=3822"},"modified":"2024-11-12T10:57:50","modified_gmt":"2024-11-12T09:57:50","slug":"com-afecta-la-dana-als-autonoms","status":"publish","type":"post","link":"https:\/\/www.ariasassessors.com\/ca\/com-afecta-la-dana-als-autonoms\/","title":{"rendered":"Com afecta la DANA als aut\u00f2noms i quines ajudes existeixen?"},"content":{"rendered":"<p><img loading=\"lazy\" decoding=\"async\" class=\"alignnone size-medium wp-image-3820\" src=\"https:\/\/www.ariasassessors.com\/wp-content\/uploads\/2024\/11\/829-300x300.jpg\" alt=\"Cristal empa\u00f1ado con gotas de lluvia que distorsionan la vista de un paisaje al fondo, evocando un ambiente melanc\u00f3lico y de incertidumbre, relacionado con el impacto de la DANA.\" width=\"300\" height=\"300\" srcset=\"https:\/\/www.ariasassessors.com\/wp-content\/uploads\/2024\/11\/829-300x300.jpg 300w, https:\/\/www.ariasassessors.com\/wp-content\/uploads\/2024\/11\/829-1024x1024.jpg 1024w, https:\/\/www.ariasassessors.com\/wp-content\/uploads\/2024\/11\/829-150x150.jpg 150w, https:\/\/www.ariasassessors.com\/wp-content\/uploads\/2024\/11\/829-768x768.jpg 768w, https:\/\/www.ariasassessors.com\/wp-content\/uploads\/2024\/11\/829-570x570.jpg 570w, https:\/\/www.ariasassessors.com\/wp-content\/uploads\/2024\/11\/829-500x500.jpg 500w, https:\/\/www.ariasassessors.com\/wp-content\/uploads\/2024\/11\/829-1000x1000.jpg 1000w, https:\/\/www.ariasassessors.com\/wp-content\/uploads\/2024\/11\/829-700x700.jpg 700w, https:\/\/www.ariasassessors.com\/wp-content\/uploads\/2024\/11\/829.jpg 1500w\" sizes=\"auto, (max-width: 300px) 100vw, 300px\" \/>Les recents pluges torrencials causades per la Depressi\u00f3 A\u00efllada en Nivells Alts (DANA) han deixat un fort impacte en moltes zones del pa\u00eds. Aquest fenomen ha danyat habitatges, negocis i, en particular, l\u2019activitat econ\u00f2mica de milers d\u2019aut\u00f2noms que depenen dels seus establiments per generar ingressos. Segons dades recents, <a href=\"https:\/\/ata.es\/\">la Federaci\u00f3 Nacional d\u2019Associacions de Treballadors Aut\u00f2noms (ATA)<\/a> estima que m\u00e9s de <strong>50,000 aut\u00f2noms han vist afectades les seves activitats<\/strong>. Davant aquestes circumst\u00e0ncies, el Govern ha implementat una s\u00e8rie d&#8217;ajudes, entre elles la possibilitat de sol\u00b7licitar el <strong>cessament d\u2019activitat per for\u00e7a major<\/strong>, que permet als aut\u00f2noms afectats accedir a una prestaci\u00f3 sense haver de tancar completament el negoci.<\/p>\n<p>Aquesta ajuda est\u00e0 pensada especialment per als treballadors per compte propi que han interromput totalment o parcialment les seves activitats a causa dels danys de la DANA. Per entendre <strong>com afecta la DANA als aut\u00f2noms<\/strong>, la mesura \u00e9s similar a la implementada durant la pand\u00e8mia i permet accedir a una compensaci\u00f3 econ\u00f2mica. Aix\u00ed, els aut\u00f2noms poden mantenir uns ingressos m\u00ednims mentre recuperen els seus negocis.<\/p>\n<div id=\"ez-toc-container\" class=\"ez-toc-v2_0_72 counter-hierarchy ez-toc-counter ez-toc-grey ez-toc-container-direction\">\n<div class=\"ez-toc-title-container\">\n<p class=\"ez-toc-title\" style=\"cursor:inherit\">\u00cdndice de Contenidos<\/p>\n<span class=\"ez-toc-title-toggle\"><a href=\"#\" class=\"ez-toc-pull-right ez-toc-btn ez-toc-btn-xs ez-toc-btn-default ez-toc-toggle\" aria-label=\"Toggle Table of Content\"><span class=\"ez-toc-js-icon-con\"><span class=\"\"><span class=\"eztoc-hide\" style=\"display:none;\">Toggle<\/span><span class=\"ez-toc-icon-toggle-span\"><svg style=\"fill: #428bca;color:#428bca\" xmlns=\"http:\/\/www.w3.org\/2000\/svg\" class=\"list-377408\" width=\"20px\" height=\"20px\" viewBox=\"0 0 24 24\" fill=\"none\"><path d=\"M6 6H4v2h2V6zm14 0H8v2h12V6zM4 11h2v2H4v-2zm16 0H8v2h12v-2zM4 16h2v2H4v-2zm16 0H8v2h12v-2z\" fill=\"currentColor\"><\/path><\/svg><svg style=\"fill: #428bca;color:#428bca\" class=\"arrow-unsorted-368013\" xmlns=\"http:\/\/www.w3.org\/2000\/svg\" width=\"10px\" height=\"10px\" viewBox=\"0 0 24 24\" version=\"1.2\" baseProfile=\"tiny\"><path d=\"M18.2 9.3l-6.2-6.3-6.2 6.3c-.2.2-.3.4-.3.7s.1.5.3.7c.2.2.4.3.7.3h11c.3 0 .5-.1.7-.3.2-.2.3-.5.3-.7s-.1-.5-.3-.7zM5.8 14.7l6.2 6.3 6.2-6.3c.2-.2.3-.5.3-.7s-.1-.5-.3-.7c-.2-.2-.4-.3-.7-.3h-11c-.3 0-.5.1-.7.3-.2.2-.3.5-.3.7s.1.5.3.7z\"\/><\/svg><\/span><\/span><\/span><\/a><\/span><\/div>\n<nav><ul class='ez-toc-list ez-toc-list-level-1 eztoc-toggle-hide-by-default' ><li class='ez-toc-page-1 ez-toc-heading-level-2'><a class=\"ez-toc-link ez-toc-heading-1\" href=\"https:\/\/www.ariasassessors.com\/ca\/com-afecta-la-dana-als-autonoms\/#Cessament_dactivitat_per_forca_major_Una_opcio_de_suport_en_moments_critics\" title=\"Cessament d\u2019activitat per for\u00e7a major: Una opci\u00f3 de suport en moments cr\u00edtics\">Cessament d\u2019activitat per for\u00e7a major: Una opci\u00f3 de suport en moments cr\u00edtics<\/a><\/li><li class='ez-toc-page-1 ez-toc-heading-level-2'><a class=\"ez-toc-link ez-toc-heading-2\" href=\"https:\/\/www.ariasassessors.com\/ca\/com-afecta-la-dana-als-autonoms\/#Quina_quantia_poden_esperar_els_autonoms_afectats_per_la_DANA\" title=\"Quina quantia poden esperar els aut\u00f2noms afectats per la DANA?\">Quina quantia poden esperar els aut\u00f2noms afectats per la DANA?<\/a><\/li><li class='ez-toc-page-1 ez-toc-heading-level-2'><a class=\"ez-toc-link ez-toc-heading-3\" href=\"https:\/\/www.ariasassessors.com\/ca\/com-afecta-la-dana-als-autonoms\/#Quins_son_els_requisits_i_condicions_per_accedir_a_lajuda\" title=\"Quins s\u00f3n els requisits i condicions per accedir a l\u2019ajuda?\">Quins s\u00f3n els requisits i condicions per accedir a l\u2019ajuda?<\/a><\/li><li class='ez-toc-page-1 ez-toc-heading-level-2'><a class=\"ez-toc-link ez-toc-heading-4\" href=\"https:\/\/www.ariasassessors.com\/ca\/com-afecta-la-dana-als-autonoms\/#Flexibilitzacio_del_cessament_dactivitat_Canvis_normatius_clau\" title=\"Flexibilitzaci\u00f3 del cessament d\u2019activitat: Canvis normatius clau\">Flexibilitzaci\u00f3 del cessament d\u2019activitat: Canvis normatius clau<\/a><\/li><li class='ez-toc-page-1 ez-toc-heading-level-2'><a class=\"ez-toc-link ez-toc-heading-5\" href=\"https:\/\/www.ariasassessors.com\/ca\/com-afecta-la-dana-als-autonoms\/#Arias_Assessors_Suport_integral_per_als_autonoms_en_situacions_demergencia\" title=\"Arias Assessors: Suport integral per als aut\u00f2noms en situacions d&#8217;emerg\u00e8ncia\">Arias Assessors: Suport integral per als aut\u00f2noms en situacions d&#8217;emerg\u00e8ncia<\/a><\/li><\/ul><\/nav><\/div>\n<h2><span class=\"ez-toc-section\" id=\"Cessament_dactivitat_per_forca_major_Una_opcio_de_suport_en_moments_critics\"><\/span>Cessament d\u2019activitat per for\u00e7a major: Una opci\u00f3 de suport en moments cr\u00edtics<span class=\"ez-toc-section-end\"><\/span><\/h2>\n<p>El <strong>cessament d\u2019activitat per for\u00e7a major<\/strong> \u00e9s una prestaci\u00f3 dissenyada espec\u00edficament per als aut\u00f2noms en situacions extraordin\u00e0ries. En el context de la DANA, aquest benefici s\u2019ha flexibilitzat per oferir suport als aut\u00f2noms que afronten una p\u00e8rdua o reducci\u00f3 significativa dels ingressos. Aquesta modalitat de cessament, aprovada pel Reial decret llei 13\/2022, de 26 de juliol, permet rebre una ajuda econ\u00f2mica sense necessitat de donar-se de baixa del <a href=\"https:\/\/www.seg-social.es\/wps\/portal\/wss\/internet\/Trabajadores\/Afiliacion\/10548\/32825\">R\u00e8gim Especial de Treballadors Aut\u00f2noms (RETA)<\/a>.<\/p>\n<p>Per sort, la sol\u00b7licitud del cessament d\u2019activitat per for\u00e7a major pot ser tant temporal com parcial. Aix\u00f2 permet a l\u2019aut\u00f2nom mantenir el registre al RETA sense haver de tancar el negoci de manera definitiva. <strong>Com afecta la DANA als aut\u00f2noms<\/strong>? La DANA, amb les seves pluges torrencials i condicions extremes, sovint impedeix que els aut\u00f2noms puguin continuar amb la seva activitat normal, provocant p\u00e8rdues econ\u00f2miques significatives. En situacions on les condicions no permeten una reactivaci\u00f3 immediata, aquesta ajuda econ\u00f2mica es converteix en una eina essencial per evitar la fallida total de l\u2019activitat.<\/p>\n<h2><span class=\"ez-toc-section\" id=\"Quina_quantia_poden_esperar_els_autonoms_afectats_per_la_DANA\"><\/span>Quina quantia poden esperar els aut\u00f2noms afectats per la DANA?<span class=\"ez-toc-section-end\"><\/span><\/h2>\n<p>La quantia de la prestaci\u00f3 dep\u00e8n de la base de cotitzaci\u00f3 de l\u2019aut\u00f2nom i segueix l\u2019esquema del 70% de la base reguladora. Per exemple, un aut\u00f2nom que cotitzi sobre una base de 1.500 euros mensuals podria rebre una prestaci\u00f3 d\u2019aproximadament <strong>1.050 euros al mes<\/strong>. Per als que cotitzen per la base m\u00ednima, l\u2019import de l&#8217;ajuda estaria al voltant dels <strong>670 euros mensuals<\/strong>.<\/p>\n<p>La llei tamb\u00e9 estableix l\u00edmits m\u00e0xims i m\u00ednims en funci\u00f3 de l&#8217;<a href=\"http:\/\/www.iprem.com.es\/\"><strong>Indicador P\u00fablic de Renda d\u2019Efectes M\u00faltiples (IPREM)<\/strong><\/a>. Aix\u00ed, l\u2019import m\u00e0xim de la prestaci\u00f3 ser\u00e0 del 175% de l&#8217;IPREM, i pot arribar fins al 225% si l\u2019aut\u00f2nom t\u00e9 dos o m\u00e9s fills a c\u00e0rrec. D\u2019aquesta manera, el m\u00e0xim pot assolir fins a <strong>1.350 euros mensuals<\/strong>.<\/p>\n<p>&nbsp;<\/p>\n<h2><span class=\"ez-toc-section\" id=\"Quins_son_els_requisits_i_condicions_per_accedir_a_lajuda\"><\/span>Quins s\u00f3n els requisits i condicions per accedir a l\u2019ajuda?<span class=\"ez-toc-section-end\"><\/span><\/h2>\n<p>Els requisits per accedir al cessament d\u2019activitat per la DANA inclouen, entre d&#8217;altres, demostrar una reducci\u00f3 significativa dels ingressos a causa de la cat\u00e0strofe. En aquest cas, el Govern ha anunciat mesures de flexibilitzaci\u00f3, eliminant, en alguns casos, el per\u00edode m\u00ednim de cotitzaci\u00f3 per sol\u00b7licitar aquesta ajuda. Aix\u00f2 permet que aut\u00f2noms recents tamb\u00e9 hi puguin accedir. En qualsevol cas, la sol\u00b7licitud ha de fer-se a trav\u00e9s de la m\u00fatua corresponent.<\/p>\n<p>A m\u00e9s, la prestaci\u00f3 no computa en el &#8220;comptador d\u2019ajudes&#8221; de l\u2019aut\u00f2nom, \u00e9s a dir, <strong>els dies de prestaci\u00f3 no es descomptaran<\/strong> en cas de futures sol\u00b7licituds. Aix\u00f2 representa un alleujament addicional, ja que permet als aut\u00f2noms accedir a aquest suport sense comprometre possibles necessitats futures de cessament d\u2019activitat.<\/p>\n<h2><span class=\"ez-toc-section\" id=\"Flexibilitzacio_del_cessament_dactivitat_Canvis_normatius_clau\"><\/span>Flexibilitzaci\u00f3 del cessament d\u2019activitat: Canvis normatius clau<span class=\"ez-toc-section-end\"><\/span><\/h2>\n<p>Des de gener de 2023, el cessament d\u2019activitat per for\u00e7a major es va modificar per adaptar-se millor a situacions extraordin\u00e0ries. En el context de la DANA, el Govern ha implementat canvis per oferir m\u00e9s flexibilitat als aut\u00f2noms amb danys parcials o totals en els seus negocis. Gr\u00e0cies a aquests ajustaments, no ser\u00e0 necessari demostrar una interrupci\u00f3 absoluta de l\u2019activitat. Aix\u00f2 permet als aut\u00f2noms continuar generant ingressos limitats mentre reben la prestaci\u00f3.<\/p>\n<p>&nbsp;<\/p>\n<h2><span class=\"ez-toc-section\" id=\"Arias_Assessors_Suport_integral_per_als_autonoms_en_situacions_demergencia\"><\/span>Arias Assessors: Suport integral per als aut\u00f2noms en situacions d&#8217;emerg\u00e8ncia<span class=\"ez-toc-section-end\"><\/span><\/h2>\n<p>En moments de crisi com la DANA, comptar amb un equip d\u2019experts es converteix en una avantatge crucial. A<a href=\"https:\/\/www.ariasassessors.com\/\"> <strong>Arias Assessors<\/strong><\/a>, ajudem els aut\u00f2noms a navegar pels procediments necessaris per accedir al cessament d\u2019activitat i altres ajudes econ\u00f2miques que els permetin sostenir els seus negocis en situacions adverses. El <a href=\"https:\/\/www.ariasassessors.com\/sobre-nosotros\/\">nostre equip<\/a> est\u00e0 especialitzat en oferir assessorament integral, assegurant que els aut\u00f2noms comprenguin i compleixin amb cada requisit legal i administratiu.<\/p>\n<p>Ja sigui que necessitin assist\u00e8ncia amb la sol\u00b7licitud de prestacions o informaci\u00f3 sobre com maximitzar les ajudes disponibles, a Arias Assessors oferim suport i orientaci\u00f3 necess\u00e0ria. Creiem en la import\u00e0ncia d\u2019una gesti\u00f3 \u00e0gil i eficient, especialment quan l\u2019economia dels nostres clients dep\u00e8n d\u2019aix\u00f2.<\/p>\n","protected":false},"excerpt":{"rendered":"<p>Les recents pluges torrencials causades per la Depressi\u00f3 A\u00efllada en Nivells Alts (DANA) han deixat un fort impacte en moltes zones del pa\u00eds. Aquest fenomen ha danyat habitatges, negocis i, en particular, l\u2019activitat econ\u00f2mica de milers d\u2019aut\u00f2noms que depenen dels seus establiments per generar ingressos&#8230;.<\/p>\n","protected":false},"author":2,"featured_media":1697,"comment_status":"open","ping_status":"open","sticky":false,"template":"","format":"standard","meta":{"footnotes":""},"categories":[4],"tags":[],"class_list":["post-3822","post","type-post","status-publish","format-standard","has-post-thumbnail","hentry","category-noticies"],"yoast_head":"<!-- This site is optimized with the Yoast SEO plugin v24.3 - https:\/\/yoast.com\/wordpress\/plugins\/seo\/ -->\n<title>Com afecta la DANA als aut\u00f2noms i quines ajudes existeixen? | Arias Assessors<\/title>\n<meta name=\"description\" content=\"Com afecta la DANA als aut\u00f2noms? Descobreix les ajudes i prestacions disponibles per fer front als danys. Demana suport a Arias Assessors.\" \/>\n<meta name=\"robots\" content=\"index, follow, max-snippet:-1, max-image-preview:large, max-video-preview:-1\" \/>\n<link rel=\"canonical\" href=\"https:\/\/www.ariasassessors.com\/ca\/com-afecta-la-dana-als-autonoms\/\" \/>\n<meta property=\"og:locale\" content=\"ca_ES\" \/>\n<meta property=\"og:type\" content=\"article\" \/>\n<meta property=\"og:title\" content=\"Com afecta la DANA als aut\u00f2noms i quines ajudes existeixen? | Arias Assessors\" \/>\n<meta property=\"og:description\" content=\"Com afecta la DANA als aut\u00f2noms? Descobreix les ajudes i prestacions disponibles per fer front als danys. Demana suport a Arias Assessors.\" \/>\n<meta property=\"og:url\" content=\"https:\/\/www.ariasassessors.com\/ca\/com-afecta-la-dana-als-autonoms\/\" \/>\n<meta property=\"og:site_name\" content=\"Arias Assessors\" \/>\n<meta property=\"article:publisher\" content=\"https:\/\/www.facebook.com\/ariasassessors\/\" \/>\n<meta property=\"article:published_time\" content=\"2024-11-12T09:57:50+00:00\" \/>\n<meta property=\"og:image\" content=\"https:\/\/www.ariasassessors.com\/wp-content\/uploads\/2021\/10\/Arias_Blog_IMAGEN_DESTACADA-2.png\" \/>\n\t<meta property=\"og:image:width\" content=\"1920\" \/>\n\t<meta property=\"og:image:height\" content=\"1202\" \/>\n\t<meta property=\"og:image:type\" content=\"image\/png\" \/>\n<meta name=\"author\" content=\"btorras\" \/>\n<meta name=\"twitter:card\" content=\"summary_large_image\" \/>\n<meta name=\"twitter:creator\" content=\"@ariasassessors\" \/>\n<meta name=\"twitter:site\" content=\"@ariasassessors\" \/>\n<meta name=\"twitter:label1\" content=\"Escrit per\" \/>\n\t<meta name=\"twitter:data1\" content=\"btorras\" \/>\n\t<meta name=\"twitter:label2\" content=\"Temps estimat de lectura\" \/>\n\t<meta name=\"twitter:data2\" content=\"5 minuts\" \/>\n<script type=\"application\/ld+json\" class=\"yoast-schema-graph\">{\"@context\":\"https:\/\/schema.org\",\"@graph\":[{\"@type\":\"Article\",\"@id\":\"https:\/\/www.ariasassessors.com\/ca\/com-afecta-la-dana-als-autonoms\/#article\",\"isPartOf\":{\"@id\":\"https:\/\/www.ariasassessors.com\/ca\/com-afecta-la-dana-als-autonoms\/\"},\"author\":{\"name\":\"btorras\",\"@id\":\"https:\/\/www.ariasassessors.com\/#\/schema\/person\/63c6ad1775f0a9413c37932562673cef\"},\"headline\":\"Com afecta la DANA als aut\u00f2noms i quines ajudes existeixen?\",\"datePublished\":\"2024-11-12T09:57:50+00:00\",\"dateModified\":\"2024-11-12T09:57:50+00:00\",\"mainEntityOfPage\":{\"@id\":\"https:\/\/www.ariasassessors.com\/ca\/com-afecta-la-dana-als-autonoms\/\"},\"wordCount\":919,\"commentCount\":0,\"publisher\":{\"@id\":\"https:\/\/www.ariasassessors.com\/#organization\"},\"image\":{\"@id\":\"https:\/\/www.ariasassessors.com\/ca\/com-afecta-la-dana-als-autonoms\/#primaryimage\"},\"thumbnailUrl\":\"https:\/\/www.ariasassessors.com\/wp-content\/uploads\/2021\/10\/Arias_Blog_IMAGEN_DESTACADA-2.png\",\"articleSection\":[\"noticies\"],\"inLanguage\":\"ca\",\"potentialAction\":[{\"@type\":\"CommentAction\",\"name\":\"Comment\",\"target\":[\"https:\/\/www.ariasassessors.com\/ca\/com-afecta-la-dana-als-autonoms\/#respond\"]}]},{\"@type\":\"WebPage\",\"@id\":\"https:\/\/www.ariasassessors.com\/ca\/com-afecta-la-dana-als-autonoms\/\",\"url\":\"https:\/\/www.ariasassessors.com\/ca\/com-afecta-la-dana-als-autonoms\/\",\"name\":\"Com afecta la DANA als aut\u00f2noms i quines ajudes existeixen? | Arias Assessors\",\"isPartOf\":{\"@id\":\"https:\/\/www.ariasassessors.com\/#website\"},\"primaryImageOfPage\":{\"@id\":\"https:\/\/www.ariasassessors.com\/ca\/com-afecta-la-dana-als-autonoms\/#primaryimage\"},\"image\":{\"@id\":\"https:\/\/www.ariasassessors.com\/ca\/com-afecta-la-dana-als-autonoms\/#primaryimage\"},\"thumbnailUrl\":\"https:\/\/www.ariasassessors.com\/wp-content\/uploads\/2021\/10\/Arias_Blog_IMAGEN_DESTACADA-2.png\",\"datePublished\":\"2024-11-12T09:57:50+00:00\",\"dateModified\":\"2024-11-12T09:57:50+00:00\",\"description\":\"Com afecta la DANA als aut\u00f2noms? Descobreix les ajudes i prestacions disponibles per fer front als danys. Demana suport a Arias Assessors.\",\"breadcrumb\":{\"@id\":\"https:\/\/www.ariasassessors.com\/ca\/com-afecta-la-dana-als-autonoms\/#breadcrumb\"},\"inLanguage\":\"ca\",\"potentialAction\":[{\"@type\":\"ReadAction\",\"target\":[\"https:\/\/www.ariasassessors.com\/ca\/com-afecta-la-dana-als-autonoms\/\"]}]},{\"@type\":\"ImageObject\",\"inLanguage\":\"ca\",\"@id\":\"https:\/\/www.ariasassessors.com\/ca\/com-afecta-la-dana-als-autonoms\/#primaryimage\",\"url\":\"https:\/\/www.ariasassessors.com\/wp-content\/uploads\/2021\/10\/Arias_Blog_IMAGEN_DESTACADA-2.png\",\"contentUrl\":\"https:\/\/www.ariasassessors.com\/wp-content\/uploads\/2021\/10\/Arias_Blog_IMAGEN_DESTACADA-2.png\",\"width\":1920,\"height\":1202},{\"@type\":\"BreadcrumbList\",\"@id\":\"https:\/\/www.ariasassessors.com\/ca\/com-afecta-la-dana-als-autonoms\/#breadcrumb\",\"itemListElement\":[{\"@type\":\"ListItem\",\"position\":1,\"name\":\"Portada\",\"item\":\"https:\/\/www.ariasassessors.com\/ca\/\"},{\"@type\":\"ListItem\",\"position\":2,\"name\":\"Com afecta la DANA als aut\u00f2noms i quines ajudes existeixen?\"}]},{\"@type\":\"WebSite\",\"@id\":\"https:\/\/www.ariasassessors.com\/#website\",\"url\":\"https:\/\/www.ariasassessors.com\/\",\"name\":\"Arias Assessors\",\"description\":\"Asesor\u00eda para aut\u00f3nomos, profesionales y PYMES\",\"publisher\":{\"@id\":\"https:\/\/www.ariasassessors.com\/#organization\"},\"potentialAction\":[{\"@type\":\"SearchAction\",\"target\":{\"@type\":\"EntryPoint\",\"urlTemplate\":\"https:\/\/www.ariasassessors.com\/?s={search_term_string}\"},\"query-input\":{\"@type\":\"PropertyValueSpecification\",\"valueRequired\":true,\"valueName\":\"search_term_string\"}}],\"inLanguage\":\"ca\"},{\"@type\":\"Organization\",\"@id\":\"https:\/\/www.ariasassessors.com\/#organization\",\"name\":\"Arias Assessors\",\"url\":\"https:\/\/www.ariasassessors.com\/\",\"logo\":{\"@type\":\"ImageObject\",\"inLanguage\":\"ca\",\"@id\":\"https:\/\/www.ariasassessors.com\/#\/schema\/logo\/image\/\",\"url\":\"https:\/\/www.ariasassessors.com\/wp-content\/uploads\/2019\/01\/arias-logo.png\",\"contentUrl\":\"https:\/\/www.ariasassessors.com\/wp-content\/uploads\/2019\/01\/arias-logo.png\",\"width\":349,\"height\":254,\"caption\":\"Arias Assessors\"},\"image\":{\"@id\":\"https:\/\/www.ariasassessors.com\/#\/schema\/logo\/image\/\"},\"sameAs\":[\"https:\/\/www.facebook.com\/ariasassessors\/\",\"https:\/\/x.com\/ariasassessors\",\"https:\/\/www.linkedin.com\/company\/r&amp;amp;r-growing-knowledge\/\"]},{\"@type\":\"Person\",\"@id\":\"https:\/\/www.ariasassessors.com\/#\/schema\/person\/63c6ad1775f0a9413c37932562673cef\",\"name\":\"btorras\",\"image\":{\"@type\":\"ImageObject\",\"inLanguage\":\"ca\",\"@id\":\"https:\/\/www.ariasassessors.com\/#\/schema\/person\/image\/\",\"url\":\"https:\/\/secure.gravatar.com\/avatar\/0531db351fc361fdbfd204c58fa2d6a3?s=96&d=mm&r=g\",\"contentUrl\":\"https:\/\/secure.gravatar.com\/avatar\/0531db351fc361fdbfd204c58fa2d6a3?s=96&d=mm&r=g\",\"caption\":\"btorras\"}}]}<\/script>\n<!-- \/ Yoast SEO plugin. -->","yoast_head_json":{"title":"Com afecta la DANA als aut\u00f2noms i quines ajudes existeixen? | Arias Assessors","description":"Com afecta la DANA als aut\u00f2noms? Descobreix les ajudes i prestacions disponibles per fer front als danys. Demana suport a Arias Assessors.","robots":{"index":"index","follow":"follow","max-snippet":"max-snippet:-1","max-image-preview":"max-image-preview:large","max-video-preview":"max-video-preview:-1"},"canonical":"https:\/\/www.ariasassessors.com\/ca\/com-afecta-la-dana-als-autonoms\/","og_locale":"ca_ES","og_type":"article","og_title":"Com afecta la DANA als aut\u00f2noms i quines ajudes existeixen? | Arias Assessors","og_description":"Com afecta la DANA als aut\u00f2noms? Descobreix les ajudes i prestacions disponibles per fer front als danys. Demana suport a Arias Assessors.","og_url":"https:\/\/www.ariasassessors.com\/ca\/com-afecta-la-dana-als-autonoms\/","og_site_name":"Arias Assessors","article_publisher":"https:\/\/www.facebook.com\/ariasassessors\/","article_published_time":"2024-11-12T09:57:50+00:00","og_image":[{"width":1920,"height":1202,"url":"https:\/\/www.ariasassessors.com\/wp-content\/uploads\/2021\/10\/Arias_Blog_IMAGEN_DESTACADA-2.png","type":"image\/png"}],"author":"btorras","twitter_card":"summary_large_image","twitter_creator":"@ariasassessors","twitter_site":"@ariasassessors","twitter_misc":{"Escrit per":"btorras","Temps estimat de lectura":"5 minuts"},"schema":{"@context":"https:\/\/schema.org","@graph":[{"@type":"Article","@id":"https:\/\/www.ariasassessors.com\/ca\/com-afecta-la-dana-als-autonoms\/#article","isPartOf":{"@id":"https:\/\/www.ariasassessors.com\/ca\/com-afecta-la-dana-als-autonoms\/"},"author":{"name":"btorras","@id":"https:\/\/www.ariasassessors.com\/#\/schema\/person\/63c6ad1775f0a9413c37932562673cef"},"headline":"Com afecta la DANA als aut\u00f2noms i quines ajudes existeixen?","datePublished":"2024-11-12T09:57:50+00:00","dateModified":"2024-11-12T09:57:50+00:00","mainEntityOfPage":{"@id":"https:\/\/www.ariasassessors.com\/ca\/com-afecta-la-dana-als-autonoms\/"},"wordCount":919,"commentCount":0,"publisher":{"@id":"https:\/\/www.ariasassessors.com\/#organization"},"image":{"@id":"https:\/\/www.ariasassessors.com\/ca\/com-afecta-la-dana-als-autonoms\/#primaryimage"},"thumbnailUrl":"https:\/\/www.ariasassessors.com\/wp-content\/uploads\/2021\/10\/Arias_Blog_IMAGEN_DESTACADA-2.png","articleSection":["noticies"],"inLanguage":"ca","potentialAction":[{"@type":"CommentAction","name":"Comment","target":["https:\/\/www.ariasassessors.com\/ca\/com-afecta-la-dana-als-autonoms\/#respond"]}]},{"@type":"WebPage","@id":"https:\/\/www.ariasassessors.com\/ca\/com-afecta-la-dana-als-autonoms\/","url":"https:\/\/www.ariasassessors.com\/ca\/com-afecta-la-dana-als-autonoms\/","name":"Com afecta la DANA als aut\u00f2noms i quines ajudes existeixen? | Arias Assessors","isPartOf":{"@id":"https:\/\/www.ariasassessors.com\/#website"},"primaryImageOfPage":{"@id":"https:\/\/www.ariasassessors.com\/ca\/com-afecta-la-dana-als-autonoms\/#primaryimage"},"image":{"@id":"https:\/\/www.ariasassessors.com\/ca\/com-afecta-la-dana-als-autonoms\/#primaryimage"},"thumbnailUrl":"https:\/\/www.ariasassessors.com\/wp-content\/uploads\/2021\/10\/Arias_Blog_IMAGEN_DESTACADA-2.png","datePublished":"2024-11-12T09:57:50+00:00","dateModified":"2024-11-12T09:57:50+00:00","description":"Com afecta la DANA als aut\u00f2noms? Descobreix les ajudes i prestacions disponibles per fer front als danys. Demana suport a Arias Assessors.","breadcrumb":{"@id":"https:\/\/www.ariasassessors.com\/ca\/com-afecta-la-dana-als-autonoms\/#breadcrumb"},"inLanguage":"ca","potentialAction":[{"@type":"ReadAction","target":["https:\/\/www.ariasassessors.com\/ca\/com-afecta-la-dana-als-autonoms\/"]}]},{"@type":"ImageObject","inLanguage":"ca","@id":"https:\/\/www.ariasassessors.com\/ca\/com-afecta-la-dana-als-autonoms\/#primaryimage","url":"https:\/\/www.ariasassessors.com\/wp-content\/uploads\/2021\/10\/Arias_Blog_IMAGEN_DESTACADA-2.png","contentUrl":"https:\/\/www.ariasassessors.com\/wp-content\/uploads\/2021\/10\/Arias_Blog_IMAGEN_DESTACADA-2.png","width":1920,"height":1202},{"@type":"BreadcrumbList","@id":"https:\/\/www.ariasassessors.com\/ca\/com-afecta-la-dana-als-autonoms\/#breadcrumb","itemListElement":[{"@type":"ListItem","position":1,"name":"Portada","item":"https:\/\/www.ariasassessors.com\/ca\/"},{"@type":"ListItem","position":2,"name":"Com afecta la DANA als aut\u00f2noms i quines ajudes existeixen?"}]},{"@type":"WebSite","@id":"https:\/\/www.ariasassessors.com\/#website","url":"https:\/\/www.ariasassessors.com\/","name":"Arias Assessors","description":"Asesor\u00eda para aut\u00f3nomos, profesionales y PYMES","publisher":{"@id":"https:\/\/www.ariasassessors.com\/#organization"},"potentialAction":[{"@type":"SearchAction","target":{"@type":"EntryPoint","urlTemplate":"https:\/\/www.ariasassessors.com\/?s={search_term_string}"},"query-input":{"@type":"PropertyValueSpecification","valueRequired":true,"valueName":"search_term_string"}}],"inLanguage":"ca"},{"@type":"Organization","@id":"https:\/\/www.ariasassessors.com\/#organization","name":"Arias Assessors","url":"https:\/\/www.ariasassessors.com\/","logo":{"@type":"ImageObject","inLanguage":"ca","@id":"https:\/\/www.ariasassessors.com\/#\/schema\/logo\/image\/","url":"https:\/\/www.ariasassessors.com\/wp-content\/uploads\/2019\/01\/arias-logo.png","contentUrl":"https:\/\/www.ariasassessors.com\/wp-content\/uploads\/2019\/01\/arias-logo.png","width":349,"height":254,"caption":"Arias Assessors"},"image":{"@id":"https:\/\/www.ariasassessors.com\/#\/schema\/logo\/image\/"},"sameAs":["https:\/\/www.facebook.com\/ariasassessors\/","https:\/\/x.com\/ariasassessors","https:\/\/www.linkedin.com\/company\/r&amp;amp;r-growing-knowledge\/"]},{"@type":"Person","@id":"https:\/\/www.ariasassessors.com\/#\/schema\/person\/63c6ad1775f0a9413c37932562673cef","name":"btorras","image":{"@type":"ImageObject","inLanguage":"ca","@id":"https:\/\/www.ariasassessors.com\/#\/schema\/person\/image\/","url":"https:\/\/secure.gravatar.com\/avatar\/0531db351fc361fdbfd204c58fa2d6a3?s=96&d=mm&r=g","contentUrl":"https:\/\/secure.gravatar.com\/avatar\/0531db351fc361fdbfd204c58fa2d6a3?s=96&d=mm&r=g","caption":"btorras"}}]}},"_links":{"self":[{"href":"https:\/\/www.ariasassessors.com\/ca\/wp-json\/wp\/v2\/posts\/3822","targetHints":{"allow":["GET"]}}],"collection":[{"href":"https:\/\/www.ariasassessors.com\/ca\/wp-json\/wp\/v2\/posts"}],"about":[{"href":"https:\/\/www.ariasassessors.com\/ca\/wp-json\/wp\/v2\/types\/post"}],"author":[{"embeddable":true,"href":"https:\/\/www.ariasassessors.com\/ca\/wp-json\/wp\/v2\/users\/2"}],"replies":[{"embeddable":true,"href":"https:\/\/www.ariasassessors.com\/ca\/wp-json\/wp\/v2\/comments?post=3822"}],"version-history":[{"count":1,"href":"https:\/\/www.ariasassessors.com\/ca\/wp-json\/wp\/v2\/posts\/3822\/revisions"}],"predecessor-version":[{"id":3823,"href":"https:\/\/www.ariasassessors.com\/ca\/wp-json\/wp\/v2\/posts\/3822\/revisions\/3823"}],"wp:featuredmedia":[{"embeddable":true,"href":"https:\/\/www.ariasassessors.com\/ca\/wp-json\/wp\/v2\/media\/1697"}],"wp:attachment":[{"href":"https:\/\/www.ariasassessors.com\/ca\/wp-json\/wp\/v2\/media?parent=3822"}],"wp:term":[{"taxonomy":"category","embeddable":true,"href":"https:\/\/www.ariasassessors.com\/ca\/wp-json\/wp\/v2\/categories?post=3822"},{"taxonomy":"post_tag","embeddable":true,"href":"https:\/\/www.ariasassessors.com\/ca\/wp-json\/wp\/v2\/tags?post=3822"}],"curies":[{"name":"wp","href":"https:\/\/api.w.org\/{rel}","templated":true}]}}