{"id":3869,"date":"2024-11-25T10:00:24","date_gmt":"2024-11-25T09:00:24","guid":{"rendered":"https:\/\/www.ariasassessors.com\/?p=3869"},"modified":"2024-12-10T15:56:02","modified_gmt":"2024-12-10T14:56:02","slug":"puc-cobrar-latur-si-vaig-ser-assalariat-abans-de-ser-autonom","status":"publish","type":"post","link":"https:\/\/www.ariasassessors.com\/ca\/puc-cobrar-latur-si-vaig-ser-assalariat-abans-de-ser-autonom\/","title":{"rendered":"Puc cobrar l\u2019atur si vaig ser assalariat abans de ser aut\u00f2nom: tot el que cal saber"},"content":{"rendered":"<h3><\/h3>\n<p>Molts treballadors passen d&#8217;assalariats a aut\u00f2noms al llarg de la seva vida laboral. Aquesta transici\u00f3 genera moltes preguntes, especialment sobre els drets a prestacions com l\u2019atur. Una de les m\u00e9s habituals \u00e9s: <strong>Puc cobrar l\u2019atur si vaig ser assalariat abans de ser aut\u00f2nom?<\/strong> La resposta \u00e9s que s\u00ed, per\u00f2 complint uns requisits espec\u00edfics. En aquest article t\u2019expliquem tot el que necessites saber per protegir els teus drets laborals i econ\u00f2mics.<\/p>\n<div id=\"ez-toc-container\" class=\"ez-toc-v2_0_72 counter-hierarchy ez-toc-counter ez-toc-grey ez-toc-container-direction\">\n<div class=\"ez-toc-title-container\">\n<p class=\"ez-toc-title\" style=\"cursor:inherit\">\u00cdndice de Contenidos<\/p>\n<span class=\"ez-toc-title-toggle\"><a href=\"#\" class=\"ez-toc-pull-right ez-toc-btn ez-toc-btn-xs ez-toc-btn-default ez-toc-toggle\" aria-label=\"Toggle Table of Content\"><span class=\"ez-toc-js-icon-con\"><span class=\"\"><span class=\"eztoc-hide\" style=\"display:none;\">Toggle<\/span><span class=\"ez-toc-icon-toggle-span\"><svg style=\"fill: #428bca;color:#428bca\" xmlns=\"http:\/\/www.w3.org\/2000\/svg\" class=\"list-377408\" width=\"20px\" height=\"20px\" viewBox=\"0 0 24 24\" fill=\"none\"><path d=\"M6 6H4v2h2V6zm14 0H8v2h12V6zM4 11h2v2H4v-2zm16 0H8v2h12v-2zM4 16h2v2H4v-2zm16 0H8v2h12v-2z\" fill=\"currentColor\"><\/path><\/svg><svg style=\"fill: #428bca;color:#428bca\" class=\"arrow-unsorted-368013\" xmlns=\"http:\/\/www.w3.org\/2000\/svg\" width=\"10px\" height=\"10px\" viewBox=\"0 0 24 24\" version=\"1.2\" baseProfile=\"tiny\"><path d=\"M18.2 9.3l-6.2-6.3-6.2 6.3c-.2.2-.3.4-.3.7s.1.5.3.7c.2.2.4.3.7.3h11c.3 0 .5-.1.7-.3.2-.2.3-.5.3-.7s-.1-.5-.3-.7zM5.8 14.7l6.2 6.3 6.2-6.3c.2-.2.3-.5.3-.7s-.1-.5-.3-.7c-.2-.2-.4-.3-.7-.3h-11c-.3 0-.5.1-.7.3-.2.2-.3.5-.3.7s.1.5.3.7z\"\/><\/svg><\/span><\/span><\/span><\/a><\/span><\/div>\n<nav><ul class='ez-toc-list ez-toc-list-level-1 eztoc-toggle-hide-by-default' ><li class='ez-toc-page-1 ez-toc-heading-level-2'><a class=\"ez-toc-link ez-toc-heading-1\" href=\"https:\/\/www.ariasassessors.com\/ca\/puc-cobrar-latur-si-vaig-ser-assalariat-abans-de-ser-autonom\/#Diferencies_clau_entre_latur_per_a_assalariats_i_autonoms\" title=\"Difer\u00e8ncies clau entre l\u2019atur per a assalariats i aut\u00f2noms\">Difer\u00e8ncies clau entre l\u2019atur per a assalariats i aut\u00f2noms<\/a><\/li><li class='ez-toc-page-1 ez-toc-heading-level-2'><a class=\"ez-toc-link ez-toc-heading-2\" href=\"https:\/\/www.ariasassessors.com\/ca\/puc-cobrar-latur-si-vaig-ser-assalariat-abans-de-ser-autonom\/#Que_passa_amb_les_cotitzacions_com_a_assalariat\" title=\"Qu\u00e8 passa amb les cotitzacions com a assalariat?\">Qu\u00e8 passa amb les cotitzacions com a assalariat?<\/a><\/li><li class='ez-toc-page-1 ez-toc-heading-level-2'><a class=\"ez-toc-link ez-toc-heading-3\" href=\"https:\/\/www.ariasassessors.com\/ca\/puc-cobrar-latur-si-vaig-ser-assalariat-abans-de-ser-autonom\/#Requisits_imprescindibles_per_cobrar_latur_despres_de_ser_autonom\" title=\"Requisits imprescindibles per cobrar l\u2019atur despr\u00e9s de ser aut\u00f2nom\">Requisits imprescindibles per cobrar l\u2019atur despr\u00e9s de ser aut\u00f2nom<\/a><\/li><li class='ez-toc-page-1 ez-toc-heading-level-2'><a class=\"ez-toc-link ez-toc-heading-4\" href=\"https:\/\/www.ariasassessors.com\/ca\/puc-cobrar-latur-si-vaig-ser-assalariat-abans-de-ser-autonom\/#Quan_no_es_pot_cobrar_la_prestacio_datur\" title=\"Quan no es pot cobrar la prestaci\u00f3 d\u2019atur?\">Quan no es pot cobrar la prestaci\u00f3 d\u2019atur?<\/a><\/li><li class='ez-toc-page-1 ez-toc-heading-level-2'><a class=\"ez-toc-link ez-toc-heading-5\" href=\"https:\/\/www.ariasassessors.com\/ca\/puc-cobrar-latur-si-vaig-ser-assalariat-abans-de-ser-autonom\/#Dubtes_frequents_sobre_latur_dels_autonoms\" title=\"Dubtes freq\u00fcents sobre l\u2019atur dels aut\u00f2noms\">Dubtes freq\u00fcents sobre l\u2019atur dels aut\u00f2noms<\/a><\/li><\/ul><\/nav><\/div>\n<h2><span class=\"ez-toc-section\" id=\"Diferencies_clau_entre_latur_per_a_assalariats_i_autonoms\"><\/span><strong>Difer\u00e8ncies clau entre l\u2019atur per a assalariats i aut\u00f2noms<\/strong><span class=\"ez-toc-section-end\"><\/span><\/h2>\n<p>El sistema de prestacions per atur funciona de manera diferent per a assalariats i aut\u00f2noms. Si ets assalariat i has treballat un m\u00ednim de 360 dies en els darrers sis anys, tens dret a l\u2019atur sempre que la p\u00e8rdua de feina sigui involunt\u00e0ria.<\/p>\n<p>En canvi, els aut\u00f2noms han de complir condicions m\u00e9s restrictives. El cessament voluntari de l&#8217;activitat no es considera situaci\u00f3 legal de desocupaci\u00f3, per tant, no es pot accedir a la prestaci\u00f3 coneguda com a &#8220;atur d\u2019aut\u00f2noms&#8221;. No obstant aix\u00f2, si pots demostrar que has cessat l\u2019activitat per causes alienes a la teva voluntat, pots sol\u00b7licitar l\u2019ajuda.<\/p>\n<p>Aquestes difer\u00e8ncies fan que l\u2019atur sigui m\u00e9s accessible per a assalariats, mentre que per als aut\u00f2noms les condicions s\u00f3n m\u00e9s exigents. Aix\u00f2 fa que molts es preguntin: <strong>Puc cobrar l\u2019atur si vaig ser assalariat abans de ser aut\u00f2nom?<\/strong> La resposta \u00e9s clara, per\u00f2 dep\u00e8n de cada situaci\u00f3 concreta.<\/p>\n<h2><span class=\"ez-toc-section\" id=\"Que_passa_amb_les_cotitzacions_com_a_assalariat\"><\/span><strong>Qu\u00e8 passa amb les cotitzacions com a assalariat?<\/strong><span class=\"ez-toc-section-end\"><\/span><\/h2>\n<p>Una de les millors not\u00edcies \u00e9s que les cotitzacions acumulades com a assalariat no es perden en donar-se d&#8217;alta com a aut\u00f2nom. Aquestes cotitzacions queden &#8220;guardades&#8221; al teu historial laboral.<\/p>\n<p>Per tant, si deixes la teva activitat com a aut\u00f2nom, pots accedir a l\u2019atur acumulat durant la teva etapa com a assalariat. Aix\u00f2 s\u00ed, has de complir amb aquests requisits:<\/p>\n<ul>\n<li>Haver cotitzat almenys 360 dies com a assalariat en els darrers sis anys.<\/li>\n<li>No haver esgotat l\u2019atur abans de fer-te aut\u00f2nom.<\/li>\n<li>Haver cessat l\u2019activitat com a aut\u00f2nom per motius justificats (econ\u00f2mics, for\u00e7a major, o altres).<\/li>\n<\/ul>\n<p>Per exemple, un cas habitual \u00e9s el cessament per p\u00e8rdues econ\u00f2miques. Si les p\u00e8rdues superen el 10% dels ingressos o els embargaments superen el 30% dels beneficis, pots tenir dret a la prestaci\u00f3. A m\u00e9s, situacions com la p\u00e8rdua de llic\u00e8ncies administratives o la viol\u00e8ncia de g\u00e8nere tamb\u00e9 es consideren motius v\u00e0lids.<\/p>\n<p><img loading=\"lazy\" decoding=\"async\" class=\"alignnone size-medium wp-image-3865\" src=\"https:\/\/www.ariasassessors.com\/wp-content\/uploads\/2024\/11\/high-angle-view-man-using-mobile-phone-table-300x300.jpg\" alt=\"Persona revisando documentos y contando dinero, relacionado con la consulta sobre si se puede cobrar el paro tras haber sido asalariado antes de aut\u00f3nomo.\" width=\"300\" height=\"300\" srcset=\"https:\/\/www.ariasassessors.com\/wp-content\/uploads\/2024\/11\/high-angle-view-man-using-mobile-phone-table-300x300.jpg 300w, https:\/\/www.ariasassessors.com\/wp-content\/uploads\/2024\/11\/high-angle-view-man-using-mobile-phone-table-1024x1024.jpg 1024w, https:\/\/www.ariasassessors.com\/wp-content\/uploads\/2024\/11\/high-angle-view-man-using-mobile-phone-table-150x150.jpg 150w, https:\/\/www.ariasassessors.com\/wp-content\/uploads\/2024\/11\/high-angle-view-man-using-mobile-phone-table-768x768.jpg 768w, https:\/\/www.ariasassessors.com\/wp-content\/uploads\/2024\/11\/high-angle-view-man-using-mobile-phone-table-1536x1536.jpg 1536w, https:\/\/www.ariasassessors.com\/wp-content\/uploads\/2024\/11\/high-angle-view-man-using-mobile-phone-table-2048x2048.jpg 2048w, https:\/\/www.ariasassessors.com\/wp-content\/uploads\/2024\/11\/high-angle-view-man-using-mobile-phone-table-570x570.jpg 570w, https:\/\/www.ariasassessors.com\/wp-content\/uploads\/2024\/11\/high-angle-view-man-using-mobile-phone-table-500x500.jpg 500w, https:\/\/www.ariasassessors.com\/wp-content\/uploads\/2024\/11\/high-angle-view-man-using-mobile-phone-table-1000x1000.jpg 1000w, https:\/\/www.ariasassessors.com\/wp-content\/uploads\/2024\/11\/high-angle-view-man-using-mobile-phone-table-700x700.jpg 700w\" sizes=\"auto, (max-width: 300px) 100vw, 300px\" \/><\/p>\n<h2><span class=\"ez-toc-section\" id=\"Requisits_imprescindibles_per_cobrar_latur_despres_de_ser_autonom\"><\/span><strong>Requisits imprescindibles per cobrar l\u2019atur despr\u00e9s de ser aut\u00f2nom<\/strong><span class=\"ez-toc-section-end\"><\/span><\/h2>\n<p>Els requisits principals per cobrar l\u2019atur en aquests casos s\u00f3n:<\/p>\n<ol>\n<li><strong>Cotitzaci\u00f3 suficient<\/strong>: Haver acumulat almenys 360 dies com a assalariat.<\/li>\n<li><strong>Cessament involuntari<\/strong>: Justificar que el cessament no \u00e9s voluntari.<\/li>\n<li><strong>No haver esgotat la prestaci\u00f3<\/strong>: Si ja vas cobrar l\u2019atur abans de fer-te aut\u00f2nom, no pots sol\u00b7licitar-lo de nou.<\/li>\n<li><strong>No haver capitalitzat l\u2019atur<\/strong>: Si vas utilitzar l\u2019atur per emprendre, ja no podr\u00e0s reclamar la prestaci\u00f3.<\/li>\n<\/ol>\n<h2><span class=\"ez-toc-section\" id=\"Quan_no_es_pot_cobrar_la_prestacio_datur\"><\/span><strong>Quan no es pot cobrar la prestaci\u00f3 d\u2019atur?<\/strong><span class=\"ez-toc-section-end\"><\/span><\/h2>\n<p>Tot i haver treballat per compte ali\u00e8, hi ha situacions en qu\u00e8 no es pot accedir a l\u2019atur:<\/p>\n<ul>\n<li>Si et dones de baixa com a aut\u00f2nom volunt\u00e0riament.<\/li>\n<li>Si no has cotitzat prou com a assalariat.<\/li>\n<li>Si ja has utilitzat l\u2019atur per emprendre i has esgotat la prestaci\u00f3.<\/li>\n<\/ul>\n<p>Aquestes condicions fan imprescindible planificar b\u00e9 qualsevol transici\u00f3 entre els dos r\u00e8gims laborals per protegir els teus drets.<\/p>\n<h2><span class=\"ez-toc-section\" id=\"Dubtes_frequents_sobre_latur_dels_autonoms\"><\/span><strong>Dubtes freq\u00fcents sobre l\u2019atur dels aut\u00f2noms<\/strong><span class=\"ez-toc-section-end\"><\/span><\/h2>\n<ol>\n<li><strong>Puc compatibilitzar l\u2019atur amb l\u2019activitat com a aut\u00f2nom?<\/strong><br \/>\nS\u00ed, pots compatibilitzar-ho durant un m\u00e0xim de 9 mesos, sempre que ho justifiquis.<\/li>\n<li><strong>Quina documentaci\u00f3 necessito per sol\u00b7licitar l\u2019atur?<\/strong><br \/>\nCal presentar el certificat de vida laboral, ingressos del negoci i justificants del cessament.<\/li>\n<li><strong>I si he treballat com a assalariat i aut\u00f2nom alhora?<\/strong><br \/>\nEn aquest cas, dep\u00e8n de la teva base de cotitzaci\u00f3. \u00c9s recomanable consultar amb un assessor laboral.<\/li>\n<\/ol>\n<p><a href=\"https:\/\/www.ariasassessors.com\/\">A <strong>Arias Assessors<\/strong><\/a>, sabem que gestionar els teus drets laborals i fiscals pot ser complicat, especialment en la transici\u00f3 d\u2019assalariat a aut\u00f2nom. El nostre equip d\u2019experts t\u2019ajudar\u00e0 a entendre tots els detalls i a garantir que puguis accedir a les prestacions que et corresponen. Contacta amb nosaltres per un assessorament personalitzat. Ens comprometem a facilitar-te la gesti\u00f3 dels teus drets i acompanyar-te en tot el proc\u00e9s.<\/p>\n","protected":false},"excerpt":{"rendered":"<p>Molts treballadors passen d&#8217;assalariats a aut\u00f2noms al llarg de la seva vida laboral. Aquesta transici\u00f3 genera moltes preguntes, especialment sobre els drets a prestacions com l\u2019atur. Una de les m\u00e9s habituals \u00e9s: Puc cobrar l\u2019atur si vaig ser assalariat abans de ser aut\u00f2nom? La resposta&#8230;<\/p>\n","protected":false},"author":2,"featured_media":3863,"comment_status":"open","ping_status":"open","sticky":false,"template":"","format":"standard","meta":{"footnotes":""},"categories":[1115],"tags":[],"class_list":["post-3869","post","type-post","status-publish","format-standard","has-post-thumbnail","hentry","category-articulos-ca"],"yoast_head":"<!-- This site is optimized with the Yoast SEO plugin v24.3 - https:\/\/yoast.com\/wordpress\/plugins\/seo\/ -->\n<title>Puc cobrar l\u2019atur si vaig ser assalariat abans de ser aut\u00f2nom? Arias<\/title>\n<meta name=\"description\" content=\"Puc cobrar l\u2019atur si vaig ser assalariat abans de ser aut\u00f2nom? Descobreix els requisits, les difer\u00e8ncies i com protegir els teus drets.\" \/>\n<meta name=\"robots\" content=\"index, follow, max-snippet:-1, max-image-preview:large, max-video-preview:-1\" \/>\n<link rel=\"canonical\" href=\"https:\/\/www.ariasassessors.com\/ca\/puc-cobrar-latur-si-vaig-ser-assalariat-abans-de-ser-autonom\/\" \/>\n<meta property=\"og:locale\" content=\"ca_ES\" \/>\n<meta property=\"og:type\" content=\"article\" \/>\n<meta property=\"og:title\" content=\"Puc cobrar l\u2019atur si vaig ser assalariat abans de ser aut\u00f2nom? Arias\" \/>\n<meta property=\"og:description\" content=\"Puc cobrar l\u2019atur si vaig ser assalariat abans de ser aut\u00f2nom? Descobreix els requisits, les difer\u00e8ncies i com protegir els teus drets.\" \/>\n<meta property=\"og:url\" content=\"https:\/\/www.ariasassessors.com\/ca\/puc-cobrar-latur-si-vaig-ser-assalariat-abans-de-ser-autonom\/\" \/>\n<meta property=\"og:site_name\" content=\"Arias Assessors\" \/>\n<meta property=\"article:publisher\" content=\"https:\/\/www.facebook.com\/ariasassessors\/\" \/>\n<meta property=\"article:published_time\" content=\"2024-11-25T09:00:24+00:00\" \/>\n<meta property=\"article:modified_time\" content=\"2024-12-10T14:56:02+00:00\" \/>\n<meta property=\"og:image\" content=\"https:\/\/www.ariasassessors.com\/wp-content\/uploads\/2024\/11\/Articulos-Arias-Assessors-2.png\" \/>\n\t<meta property=\"og:image:width\" content=\"1000\" \/>\n\t<meta property=\"og:image:height\" content=\"665\" \/>\n\t<meta property=\"og:image:type\" content=\"image\/png\" \/>\n<meta name=\"author\" content=\"btorras\" \/>\n<meta name=\"twitter:card\" content=\"summary_large_image\" \/>\n<meta name=\"twitter:creator\" content=\"@ariasassessors\" \/>\n<meta name=\"twitter:site\" content=\"@ariasassessors\" \/>\n<meta name=\"twitter:label1\" content=\"Escrit per\" \/>\n\t<meta name=\"twitter:data1\" content=\"btorras\" \/>\n\t<meta name=\"twitter:label2\" content=\"Temps estimat de lectura\" \/>\n\t<meta name=\"twitter:data2\" content=\"4 minuts\" \/>\n<script type=\"application\/ld+json\" class=\"yoast-schema-graph\">{\"@context\":\"https:\/\/schema.org\",\"@graph\":[{\"@type\":\"Article\",\"@id\":\"https:\/\/www.ariasassessors.com\/ca\/puc-cobrar-latur-si-vaig-ser-assalariat-abans-de-ser-autonom\/#article\",\"isPartOf\":{\"@id\":\"https:\/\/www.ariasassessors.com\/ca\/puc-cobrar-latur-si-vaig-ser-assalariat-abans-de-ser-autonom\/\"},\"author\":{\"name\":\"btorras\",\"@id\":\"https:\/\/www.ariasassessors.com\/#\/schema\/person\/63c6ad1775f0a9413c37932562673cef\"},\"headline\":\"Puc cobrar l\u2019atur si vaig ser assalariat abans de ser aut\u00f2nom: tot el que cal saber\",\"datePublished\":\"2024-11-25T09:00:24+00:00\",\"dateModified\":\"2024-12-10T14:56:02+00:00\",\"mainEntityOfPage\":{\"@id\":\"https:\/\/www.ariasassessors.com\/ca\/puc-cobrar-latur-si-vaig-ser-assalariat-abans-de-ser-autonom\/\"},\"wordCount\":763,\"commentCount\":0,\"publisher\":{\"@id\":\"https:\/\/www.ariasassessors.com\/#organization\"},\"image\":{\"@id\":\"https:\/\/www.ariasassessors.com\/ca\/puc-cobrar-latur-si-vaig-ser-assalariat-abans-de-ser-autonom\/#primaryimage\"},\"thumbnailUrl\":\"https:\/\/www.ariasassessors.com\/wp-content\/uploads\/2024\/11\/Articulos-Arias-Assessors-2.png\",\"articleSection\":[\"Art\u00edculos\"],\"inLanguage\":\"ca\",\"potentialAction\":[{\"@type\":\"CommentAction\",\"name\":\"Comment\",\"target\":[\"https:\/\/www.ariasassessors.com\/ca\/puc-cobrar-latur-si-vaig-ser-assalariat-abans-de-ser-autonom\/#respond\"]}]},{\"@type\":\"WebPage\",\"@id\":\"https:\/\/www.ariasassessors.com\/ca\/puc-cobrar-latur-si-vaig-ser-assalariat-abans-de-ser-autonom\/\",\"url\":\"https:\/\/www.ariasassessors.com\/ca\/puc-cobrar-latur-si-vaig-ser-assalariat-abans-de-ser-autonom\/\",\"name\":\"Puc cobrar l\u2019atur si vaig ser assalariat abans de ser aut\u00f2nom? Arias\",\"isPartOf\":{\"@id\":\"https:\/\/www.ariasassessors.com\/#website\"},\"primaryImageOfPage\":{\"@id\":\"https:\/\/www.ariasassessors.com\/ca\/puc-cobrar-latur-si-vaig-ser-assalariat-abans-de-ser-autonom\/#primaryimage\"},\"image\":{\"@id\":\"https:\/\/www.ariasassessors.com\/ca\/puc-cobrar-latur-si-vaig-ser-assalariat-abans-de-ser-autonom\/#primaryimage\"},\"thumbnailUrl\":\"https:\/\/www.ariasassessors.com\/wp-content\/uploads\/2024\/11\/Articulos-Arias-Assessors-2.png\",\"datePublished\":\"2024-11-25T09:00:24+00:00\",\"dateModified\":\"2024-12-10T14:56:02+00:00\",\"description\":\"Puc cobrar l\u2019atur si vaig ser assalariat abans de ser aut\u00f2nom? Descobreix els requisits, les difer\u00e8ncies i com protegir els teus drets.\",\"breadcrumb\":{\"@id\":\"https:\/\/www.ariasassessors.com\/ca\/puc-cobrar-latur-si-vaig-ser-assalariat-abans-de-ser-autonom\/#breadcrumb\"},\"inLanguage\":\"ca\",\"potentialAction\":[{\"@type\":\"ReadAction\",\"target\":[\"https:\/\/www.ariasassessors.com\/ca\/puc-cobrar-latur-si-vaig-ser-assalariat-abans-de-ser-autonom\/\"]}]},{\"@type\":\"ImageObject\",\"inLanguage\":\"ca\",\"@id\":\"https:\/\/www.ariasassessors.com\/ca\/puc-cobrar-latur-si-vaig-ser-assalariat-abans-de-ser-autonom\/#primaryimage\",\"url\":\"https:\/\/www.ariasassessors.com\/wp-content\/uploads\/2024\/11\/Articulos-Arias-Assessors-2.png\",\"contentUrl\":\"https:\/\/www.ariasassessors.com\/wp-content\/uploads\/2024\/11\/Articulos-Arias-Assessors-2.png\",\"width\":1000,\"height\":665,\"caption\":\"\u00bfPuedo cobrar el paro si fui asalariado antes de aut\u00f3nomo? Todo lo que necesitas saber sobre requisitos y derechos laborales explicados por Arias Assessors\"},{\"@type\":\"BreadcrumbList\",\"@id\":\"https:\/\/www.ariasassessors.com\/ca\/puc-cobrar-latur-si-vaig-ser-assalariat-abans-de-ser-autonom\/#breadcrumb\",\"itemListElement\":[{\"@type\":\"ListItem\",\"position\":1,\"name\":\"Portada\",\"item\":\"https:\/\/www.ariasassessors.com\/ca\/\"},{\"@type\":\"ListItem\",\"position\":2,\"name\":\"Puc cobrar l\u2019atur si vaig ser assalariat abans de ser aut\u00f2nom: tot el que cal saber\"}]},{\"@type\":\"WebSite\",\"@id\":\"https:\/\/www.ariasassessors.com\/#website\",\"url\":\"https:\/\/www.ariasassessors.com\/\",\"name\":\"Arias Assessors\",\"description\":\"Asesor\u00eda para aut\u00f3nomos, profesionales y PYMES\",\"publisher\":{\"@id\":\"https:\/\/www.ariasassessors.com\/#organization\"},\"potentialAction\":[{\"@type\":\"SearchAction\",\"target\":{\"@type\":\"EntryPoint\",\"urlTemplate\":\"https:\/\/www.ariasassessors.com\/?s={search_term_string}\"},\"query-input\":{\"@type\":\"PropertyValueSpecification\",\"valueRequired\":true,\"valueName\":\"search_term_string\"}}],\"inLanguage\":\"ca\"},{\"@type\":\"Organization\",\"@id\":\"https:\/\/www.ariasassessors.com\/#organization\",\"name\":\"Arias Assessors\",\"url\":\"https:\/\/www.ariasassessors.com\/\",\"logo\":{\"@type\":\"ImageObject\",\"inLanguage\":\"ca\",\"@id\":\"https:\/\/www.ariasassessors.com\/#\/schema\/logo\/image\/\",\"url\":\"https:\/\/www.ariasassessors.com\/wp-content\/uploads\/2019\/01\/arias-logo.png\",\"contentUrl\":\"https:\/\/www.ariasassessors.com\/wp-content\/uploads\/2019\/01\/arias-logo.png\",\"width\":349,\"height\":254,\"caption\":\"Arias Assessors\"},\"image\":{\"@id\":\"https:\/\/www.ariasassessors.com\/#\/schema\/logo\/image\/\"},\"sameAs\":[\"https:\/\/www.facebook.com\/ariasassessors\/\",\"https:\/\/x.com\/ariasassessors\",\"https:\/\/www.linkedin.com\/company\/r&amp;amp;r-growing-knowledge\/\"]},{\"@type\":\"Person\",\"@id\":\"https:\/\/www.ariasassessors.com\/#\/schema\/person\/63c6ad1775f0a9413c37932562673cef\",\"name\":\"btorras\",\"image\":{\"@type\":\"ImageObject\",\"inLanguage\":\"ca\",\"@id\":\"https:\/\/www.ariasassessors.com\/#\/schema\/person\/image\/\",\"url\":\"https:\/\/secure.gravatar.com\/avatar\/0531db351fc361fdbfd204c58fa2d6a3?s=96&d=mm&r=g\",\"contentUrl\":\"https:\/\/secure.gravatar.com\/avatar\/0531db351fc361fdbfd204c58fa2d6a3?s=96&d=mm&r=g\",\"caption\":\"btorras\"}}]}<\/script>\n<!-- \/ Yoast SEO plugin. -->","yoast_head_json":{"title":"Puc cobrar l\u2019atur si vaig ser assalariat abans de ser aut\u00f2nom? Arias","description":"Puc cobrar l\u2019atur si vaig ser assalariat abans de ser aut\u00f2nom? Descobreix els requisits, les difer\u00e8ncies i com protegir els teus drets.","robots":{"index":"index","follow":"follow","max-snippet":"max-snippet:-1","max-image-preview":"max-image-preview:large","max-video-preview":"max-video-preview:-1"},"canonical":"https:\/\/www.ariasassessors.com\/ca\/puc-cobrar-latur-si-vaig-ser-assalariat-abans-de-ser-autonom\/","og_locale":"ca_ES","og_type":"article","og_title":"Puc cobrar l\u2019atur si vaig ser assalariat abans de ser aut\u00f2nom? Arias","og_description":"Puc cobrar l\u2019atur si vaig ser assalariat abans de ser aut\u00f2nom? Descobreix els requisits, les difer\u00e8ncies i com protegir els teus drets.","og_url":"https:\/\/www.ariasassessors.com\/ca\/puc-cobrar-latur-si-vaig-ser-assalariat-abans-de-ser-autonom\/","og_site_name":"Arias Assessors","article_publisher":"https:\/\/www.facebook.com\/ariasassessors\/","article_published_time":"2024-11-25T09:00:24+00:00","article_modified_time":"2024-12-10T14:56:02+00:00","og_image":[{"width":1000,"height":665,"url":"https:\/\/www.ariasassessors.com\/wp-content\/uploads\/2024\/11\/Articulos-Arias-Assessors-2.png","type":"image\/png"}],"author":"btorras","twitter_card":"summary_large_image","twitter_creator":"@ariasassessors","twitter_site":"@ariasassessors","twitter_misc":{"Escrit per":"btorras","Temps estimat de lectura":"4 minuts"},"schema":{"@context":"https:\/\/schema.org","@graph":[{"@type":"Article","@id":"https:\/\/www.ariasassessors.com\/ca\/puc-cobrar-latur-si-vaig-ser-assalariat-abans-de-ser-autonom\/#article","isPartOf":{"@id":"https:\/\/www.ariasassessors.com\/ca\/puc-cobrar-latur-si-vaig-ser-assalariat-abans-de-ser-autonom\/"},"author":{"name":"btorras","@id":"https:\/\/www.ariasassessors.com\/#\/schema\/person\/63c6ad1775f0a9413c37932562673cef"},"headline":"Puc cobrar l\u2019atur si vaig ser assalariat abans de ser aut\u00f2nom: tot el que cal saber","datePublished":"2024-11-25T09:00:24+00:00","dateModified":"2024-12-10T14:56:02+00:00","mainEntityOfPage":{"@id":"https:\/\/www.ariasassessors.com\/ca\/puc-cobrar-latur-si-vaig-ser-assalariat-abans-de-ser-autonom\/"},"wordCount":763,"commentCount":0,"publisher":{"@id":"https:\/\/www.ariasassessors.com\/#organization"},"image":{"@id":"https:\/\/www.ariasassessors.com\/ca\/puc-cobrar-latur-si-vaig-ser-assalariat-abans-de-ser-autonom\/#primaryimage"},"thumbnailUrl":"https:\/\/www.ariasassessors.com\/wp-content\/uploads\/2024\/11\/Articulos-Arias-Assessors-2.png","articleSection":["Art\u00edculos"],"inLanguage":"ca","potentialAction":[{"@type":"CommentAction","name":"Comment","target":["https:\/\/www.ariasassessors.com\/ca\/puc-cobrar-latur-si-vaig-ser-assalariat-abans-de-ser-autonom\/#respond"]}]},{"@type":"WebPage","@id":"https:\/\/www.ariasassessors.com\/ca\/puc-cobrar-latur-si-vaig-ser-assalariat-abans-de-ser-autonom\/","url":"https:\/\/www.ariasassessors.com\/ca\/puc-cobrar-latur-si-vaig-ser-assalariat-abans-de-ser-autonom\/","name":"Puc cobrar l\u2019atur si vaig ser assalariat abans de ser aut\u00f2nom? Arias","isPartOf":{"@id":"https:\/\/www.ariasassessors.com\/#website"},"primaryImageOfPage":{"@id":"https:\/\/www.ariasassessors.com\/ca\/puc-cobrar-latur-si-vaig-ser-assalariat-abans-de-ser-autonom\/#primaryimage"},"image":{"@id":"https:\/\/www.ariasassessors.com\/ca\/puc-cobrar-latur-si-vaig-ser-assalariat-abans-de-ser-autonom\/#primaryimage"},"thumbnailUrl":"https:\/\/www.ariasassessors.com\/wp-content\/uploads\/2024\/11\/Articulos-Arias-Assessors-2.png","datePublished":"2024-11-25T09:00:24+00:00","dateModified":"2024-12-10T14:56:02+00:00","description":"Puc cobrar l\u2019atur si vaig ser assalariat abans de ser aut\u00f2nom? Descobreix els requisits, les difer\u00e8ncies i com protegir els teus drets.","breadcrumb":{"@id":"https:\/\/www.ariasassessors.com\/ca\/puc-cobrar-latur-si-vaig-ser-assalariat-abans-de-ser-autonom\/#breadcrumb"},"inLanguage":"ca","potentialAction":[{"@type":"ReadAction","target":["https:\/\/www.ariasassessors.com\/ca\/puc-cobrar-latur-si-vaig-ser-assalariat-abans-de-ser-autonom\/"]}]},{"@type":"ImageObject","inLanguage":"ca","@id":"https:\/\/www.ariasassessors.com\/ca\/puc-cobrar-latur-si-vaig-ser-assalariat-abans-de-ser-autonom\/#primaryimage","url":"https:\/\/www.ariasassessors.com\/wp-content\/uploads\/2024\/11\/Articulos-Arias-Assessors-2.png","contentUrl":"https:\/\/www.ariasassessors.com\/wp-content\/uploads\/2024\/11\/Articulos-Arias-Assessors-2.png","width":1000,"height":665,"caption":"\u00bfPuedo cobrar el paro si fui asalariado antes de aut\u00f3nomo? Todo lo que necesitas saber sobre requisitos y derechos laborales explicados por Arias Assessors"},{"@type":"BreadcrumbList","@id":"https:\/\/www.ariasassessors.com\/ca\/puc-cobrar-latur-si-vaig-ser-assalariat-abans-de-ser-autonom\/#breadcrumb","itemListElement":[{"@type":"ListItem","position":1,"name":"Portada","item":"https:\/\/www.ariasassessors.com\/ca\/"},{"@type":"ListItem","position":2,"name":"Puc cobrar l\u2019atur si vaig ser assalariat abans de ser aut\u00f2nom: tot el que cal saber"}]},{"@type":"WebSite","@id":"https:\/\/www.ariasassessors.com\/#website","url":"https:\/\/www.ariasassessors.com\/","name":"Arias Assessors","description":"Asesor\u00eda para aut\u00f3nomos, profesionales y PYMES","publisher":{"@id":"https:\/\/www.ariasassessors.com\/#organization"},"potentialAction":[{"@type":"SearchAction","target":{"@type":"EntryPoint","urlTemplate":"https:\/\/www.ariasassessors.com\/?s={search_term_string}"},"query-input":{"@type":"PropertyValueSpecification","valueRequired":true,"valueName":"search_term_string"}}],"inLanguage":"ca"},{"@type":"Organization","@id":"https:\/\/www.ariasassessors.com\/#organization","name":"Arias Assessors","url":"https:\/\/www.ariasassessors.com\/","logo":{"@type":"ImageObject","inLanguage":"ca","@id":"https:\/\/www.ariasassessors.com\/#\/schema\/logo\/image\/","url":"https:\/\/www.ariasassessors.com\/wp-content\/uploads\/2019\/01\/arias-logo.png","contentUrl":"https:\/\/www.ariasassessors.com\/wp-content\/uploads\/2019\/01\/arias-logo.png","width":349,"height":254,"caption":"Arias Assessors"},"image":{"@id":"https:\/\/www.ariasassessors.com\/#\/schema\/logo\/image\/"},"sameAs":["https:\/\/www.facebook.com\/ariasassessors\/","https:\/\/x.com\/ariasassessors","https:\/\/www.linkedin.com\/company\/r&amp;amp;r-growing-knowledge\/"]},{"@type":"Person","@id":"https:\/\/www.ariasassessors.com\/#\/schema\/person\/63c6ad1775f0a9413c37932562673cef","name":"btorras","image":{"@type":"ImageObject","inLanguage":"ca","@id":"https:\/\/www.ariasassessors.com\/#\/schema\/person\/image\/","url":"https:\/\/secure.gravatar.com\/avatar\/0531db351fc361fdbfd204c58fa2d6a3?s=96&d=mm&r=g","contentUrl":"https:\/\/secure.gravatar.com\/avatar\/0531db351fc361fdbfd204c58fa2d6a3?s=96&d=mm&r=g","caption":"btorras"}}]}},"_links":{"self":[{"href":"https:\/\/www.ariasassessors.com\/ca\/wp-json\/wp\/v2\/posts\/3869","targetHints":{"allow":["GET"]}}],"collection":[{"href":"https:\/\/www.ariasassessors.com\/ca\/wp-json\/wp\/v2\/posts"}],"about":[{"href":"https:\/\/www.ariasassessors.com\/ca\/wp-json\/wp\/v2\/types\/post"}],"author":[{"embeddable":true,"href":"https:\/\/www.ariasassessors.com\/ca\/wp-json\/wp\/v2\/users\/2"}],"replies":[{"embeddable":true,"href":"https:\/\/www.ariasassessors.com\/ca\/wp-json\/wp\/v2\/comments?post=3869"}],"version-history":[{"count":1,"href":"https:\/\/www.ariasassessors.com\/ca\/wp-json\/wp\/v2\/posts\/3869\/revisions"}],"predecessor-version":[{"id":3870,"href":"https:\/\/www.ariasassessors.com\/ca\/wp-json\/wp\/v2\/posts\/3869\/revisions\/3870"}],"wp:featuredmedia":[{"embeddable":true,"href":"https:\/\/www.ariasassessors.com\/ca\/wp-json\/wp\/v2\/media\/3863"}],"wp:attachment":[{"href":"https:\/\/www.ariasassessors.com\/ca\/wp-json\/wp\/v2\/media?parent=3869"}],"wp:term":[{"taxonomy":"category","embeddable":true,"href":"https:\/\/www.ariasassessors.com\/ca\/wp-json\/wp\/v2\/categories?post=3869"},{"taxonomy":"post_tag","embeddable":true,"href":"https:\/\/www.ariasassessors.com\/ca\/wp-json\/wp\/v2\/tags?post=3869"}],"curies":[{"name":"wp","href":"https:\/\/api.w.org\/{rel}","templated":true}]}}