{"id":3892,"date":"2024-12-02T10:00:00","date_gmt":"2024-12-02T09:00:00","guid":{"rendered":"https:\/\/www.ariasassessors.com\/?p=3892"},"modified":"2024-12-10T15:54:27","modified_gmt":"2024-12-10T14:54:27","slug":"deduir-liva-dels-vehicles","status":"publish","type":"post","link":"https:\/\/www.ariasassessors.com\/ca\/deduir-liva-dels-vehicles\/","title":{"rendered":"Dedu\u00efr l&#8217;IVA dels vehicles: com pot acreditar-ho un aut\u00f2nom segons el TEAC?"},"content":{"rendered":"<p><a href=\"https:\/\/www.hacienda.gob.es\/es-es\/areas%20tematicas\/impuestos\/teac\/paginas\/tribunal%20economico-administrativo%20central.aspx\">El Tribunal Econ\u00f2mic-Administratiu Central (TEAC)<\/a> ha aclarit les proves que Hisenda pot exigir als aut\u00f2noms per deduir l&#8217;IVA dels vehicles destinats a activitats laborals. Aquesta decisi\u00f3 \u00e9s rellevant per a aut\u00f2noms i petites empreses que utilitzen cotxes o furgonetes com a part essencial del seu negoci. En aquest article, desgranarem les claus per justificar correctament aquest tipus de deducci\u00f3.<\/p>\n<div id=\"ez-toc-container\" class=\"ez-toc-v2_0_72 counter-hierarchy ez-toc-counter ez-toc-grey ez-toc-container-direction\">\n<div class=\"ez-toc-title-container\">\n<p class=\"ez-toc-title\" style=\"cursor:inherit\">\u00cdndice de Contenidos<\/p>\n<span class=\"ez-toc-title-toggle\"><a href=\"#\" class=\"ez-toc-pull-right ez-toc-btn ez-toc-btn-xs ez-toc-btn-default ez-toc-toggle\" aria-label=\"Toggle Table of Content\"><span class=\"ez-toc-js-icon-con\"><span class=\"\"><span class=\"eztoc-hide\" style=\"display:none;\">Toggle<\/span><span class=\"ez-toc-icon-toggle-span\"><svg style=\"fill: #428bca;color:#428bca\" xmlns=\"http:\/\/www.w3.org\/2000\/svg\" class=\"list-377408\" width=\"20px\" height=\"20px\" viewBox=\"0 0 24 24\" fill=\"none\"><path d=\"M6 6H4v2h2V6zm14 0H8v2h12V6zM4 11h2v2H4v-2zm16 0H8v2h12v-2zM4 16h2v2H4v-2zm16 0H8v2h12v-2z\" fill=\"currentColor\"><\/path><\/svg><svg style=\"fill: #428bca;color:#428bca\" class=\"arrow-unsorted-368013\" xmlns=\"http:\/\/www.w3.org\/2000\/svg\" width=\"10px\" height=\"10px\" viewBox=\"0 0 24 24\" version=\"1.2\" baseProfile=\"tiny\"><path d=\"M18.2 9.3l-6.2-6.3-6.2 6.3c-.2.2-.3.4-.3.7s.1.5.3.7c.2.2.4.3.7.3h11c.3 0 .5-.1.7-.3.2-.2.3-.5.3-.7s-.1-.5-.3-.7zM5.8 14.7l6.2 6.3 6.2-6.3c.2-.2.3-.5.3-.7s-.1-.5-.3-.7c-.2-.2-.4-.3-.7-.3h-11c-.3 0-.5.1-.7.3-.2.2-.3.5-.3.7s.1.5.3.7z\"\/><\/svg><\/span><\/span><\/span><\/a><\/span><\/div>\n<nav><ul class='ez-toc-list ez-toc-list-level-1 eztoc-toggle-hide-by-default' ><ul class='ez-toc-list-level-4' ><li class='ez-toc-heading-level-4'><a class=\"ez-toc-link ez-toc-heading-1\" href=\"https:\/\/www.ariasassessors.com\/ca\/deduir-liva-dels-vehicles\/#Evidencies_necessaries_per_deduir_lIVA_dels_vehicles_dempresa\" title=\"Evid\u00e8ncies necess\u00e0ries per deduir l&#8217;IVA dels vehicles d&#8217;empresa\">Evid\u00e8ncies necess\u00e0ries per deduir l&#8217;IVA dels vehicles d&#8217;empresa<\/a><\/li><li class='ez-toc-page-1 ez-toc-heading-level-4'><a class=\"ez-toc-link ez-toc-heading-2\" href=\"https:\/\/www.ariasassessors.com\/ca\/deduir-liva-dels-vehicles\/#Qui_ha_de_provar_lus_del_vehicle\" title=\"Qui ha de provar l&#8217;\u00fas del vehicle?\">Qui ha de provar l&#8217;\u00fas del vehicle?<\/a><\/li><li class='ez-toc-page-1 ez-toc-heading-level-4'><a class=\"ez-toc-link ez-toc-heading-3\" href=\"https:\/\/www.ariasassessors.com\/ca\/deduir-liva-dels-vehicles\/#Proves_acceptades_per_Hisenda_per_a_la_deduccio_de_lIVA_dels_vehicles\" title=\"Proves acceptades per Hisenda per a la deducci\u00f3 de l&#8217;IVA dels vehicles\">Proves acceptades per Hisenda per a la deducci\u00f3 de l&#8217;IVA dels vehicles<\/a><\/li><li class='ez-toc-page-1 ez-toc-heading-level-4'><a class=\"ez-toc-link ez-toc-heading-4\" href=\"https:\/\/www.ariasassessors.com\/ca\/deduir-liva-dels-vehicles\/#La_importancia_de_lambit_laboral\" title=\"La import\u00e0ncia de l\u2019\u00e0mbit laboral\">La import\u00e0ncia de l\u2019\u00e0mbit laboral<\/a><\/li><li class='ez-toc-page-1 ez-toc-heading-level-4'><a class=\"ez-toc-link ez-toc-heading-5\" href=\"https:\/\/www.ariasassessors.com\/ca\/deduir-liva-dels-vehicles\/#Altres_indicis_i_proves_admeses_pel_TEAC\" title=\"Altres indicis i proves admeses pel TEAC\">Altres indicis i proves admeses pel TEAC<\/a><\/li><\/ul><\/li><li class='ez-toc-page-1 ez-toc-heading-level-3'><a class=\"ez-toc-link ez-toc-heading-6\" href=\"https:\/\/www.ariasassessors.com\/ca\/deduir-liva-dels-vehicles\/#Conclusio_com_deduir_lIVA_dels_vehicles_sense_problemes\" title=\"Conclusi\u00f3: com deduir l&#8217;IVA dels vehicles sense problemes?\">Conclusi\u00f3: com deduir l&#8217;IVA dels vehicles sense problemes?<\/a><\/li><\/ul><\/nav><\/div>\n<h4><span class=\"ez-toc-section\" id=\"Evidencies_necessaries_per_deduir_lIVA_dels_vehicles_dempresa\"><\/span>Evid\u00e8ncies necess\u00e0ries per deduir l&#8217;IVA dels vehicles d&#8217;empresa<span class=\"ez-toc-section-end\"><\/span><\/h4>\n<p>Les darreres sent\u00e8ncies del TEAC exigeixen que l\u2019aut\u00f2nom demostri que l\u2019\u00fas del vehicle t\u00e9 una finalitat laboral. No \u00e9s suficient la presumpci\u00f3 del 50% d\u2019\u00fas professional, ja que Hisenda pot sol\u00b7licitar evid\u00e8ncies concretes que provin l\u2019\u00fas relacionat amb l\u2019activitat. Aix\u00f2 afecta tant els vehicles utilitzats pels treballadors com els usats pels propietaris del negoci.<\/p>\n<h4><span class=\"ez-toc-section\" id=\"Qui_ha_de_provar_lus_del_vehicle\"><\/span>Qui ha de provar l&#8217;\u00fas del vehicle?<span class=\"ez-toc-section-end\"><\/span><\/h4>\n<p>El TEAC ha determinat que la c\u00e0rrega de la prova recau principalment sobre l\u2019empresa o l\u2019aut\u00f2nom. \u00c9s necessari acreditar que el vehicle \u00e9s imprescindible per a l\u2019activitat laboral. Per a aix\u00f2, es pot aportar informaci\u00f3 detallada sobre l\u2019\u00fas del vehicle, com ara notes de combustible, registres de quilometratge o la demostraci\u00f3 que el cotxe \u00e9s una eina clau per al treball de l\u2019empleat.<\/p>\n<h4><span class=\"ez-toc-section\" id=\"Proves_acceptades_per_Hisenda_per_a_la_deduccio_de_lIVA_dels_vehicles\"><\/span>Proves acceptades per Hisenda per a la deducci\u00f3 de l&#8217;IVA dels vehicles<img loading=\"lazy\" decoding=\"async\" class=\"alignnone size-medium wp-image-3857\" src=\"https:\/\/www.ariasassessors.com\/wp-content\/uploads\/2024\/11\/2147919114-300x200.jpg\" alt=\"Un coche de juguete rojo sobre pilas de monedas, simbolizando la deducci\u00f3n del IVA en la compra de veh\u00edculos para uso empresarial.\" width=\"300\" height=\"200\" srcset=\"https:\/\/www.ariasassessors.com\/wp-content\/uploads\/2024\/11\/2147919114-300x200.jpg 300w, https:\/\/www.ariasassessors.com\/wp-content\/uploads\/2024\/11\/2147919114-1024x683.jpg 1024w, https:\/\/www.ariasassessors.com\/wp-content\/uploads\/2024\/11\/2147919114-768x513.jpg 768w, https:\/\/www.ariasassessors.com\/wp-content\/uploads\/2024\/11\/2147919114-700x467.jpg 700w, https:\/\/www.ariasassessors.com\/wp-content\/uploads\/2024\/11\/2147919114.jpg 1500w\" sizes=\"auto, (max-width: 300px) 100vw, 300px\" \/><span class=\"ez-toc-section-end\"><\/span><\/h4>\n<p>La Administraci\u00f3 pot sol\u00b7licitar diferents tipus de proves per validar la deducci\u00f3 de l&#8217;IVA del vehicle. Entre les proves m\u00e9s comunes trobem:<\/p>\n<ul>\n<li><strong>Notes de combustible:<\/strong> Tot i que s\u00f3n un indici d\u2019\u00fas, no s\u00f3n una prova suficient per si soles. Es necessita m\u00e9s informaci\u00f3 per considerar la deducci\u00f3 v\u00e0lida.<\/li>\n<li><strong>Sol\u00b7licituds de reemborsament de dietes:<\/strong> Si un treballador o directiu sol\u00b7licita dietes per \u00fas de vehicle privat per a fins laborals, Hisenda podria considerar que el vehicle d\u2019empresa no es fa servir per al treball, perjudicant la deducci\u00f3 de l\u2019IVA.<\/li>\n<li><strong>Registres de quilometratge i GPS:<\/strong> Fotografies del quilometratge, registres en Excel dels despla\u00e7aments i dades del GPS poden ser evid\u00e8ncies v\u00e0lides.<\/li>\n<\/ul>\n<h4><span class=\"ez-toc-section\" id=\"La_importancia_de_lambit_laboral\"><\/span>La import\u00e0ncia de l\u2019\u00e0mbit laboral<span class=\"ez-toc-section-end\"><\/span><\/h4>\n<p>Per deduir l&#8217;IVA dels vehicles, \u00e9s fonamental justificar que s\u2019utilitzen dins de la jornada laboral. El TEAC indica que l\u2019empresa ha de demostrar que el cotxe s\u2019usa majorit\u00e0riament en activitats laborals, no nom\u00e9s mitjan\u00e7ant una estimaci\u00f3 del percentatge d\u2019\u00fas, sin\u00f3 aportant proves contundents.<\/p>\n<h4><span class=\"ez-toc-section\" id=\"Altres_indicis_i_proves_admeses_pel_TEAC\"><\/span>Altres indicis i proves admeses pel TEAC<span class=\"ez-toc-section-end\"><\/span><\/h4>\n<p>El TEAC ha subratllat que la deducci\u00f3 de l&#8217;IVA del vehicle ha de fonamentar-se en m\u00faltiples proves, no en un \u00fanic indici. Entre les proves addicionals que Hisenda sol sol\u00b7licitar es troben els justificants de quilometratge, l\u2019exist\u00e8ncia de GPS instal\u00b7lat en el vehicle i registres detallats dels trajectes realitzats.<\/p>\n<p>El TEAC tamb\u00e9 ha mencionat que l\u2019empresa t\u00e9 una \u00abmajor facilitat probat\u00f2ria\u00bb sobre l\u2019\u00fas del vehicle, en disposar de dades i registres que podrien evidenciar que el cotxe \u00e9s imprescindible per al treball. Per altra banda, Hisenda t\u00e9 m\u00e9s dificultats per provar que un vehicle no s\u2019utilitza de manera professional, ja que implica demostrar un fet negatiu.<\/p>\n<h3><span class=\"ez-toc-section\" id=\"Conclusio_com_deduir_lIVA_dels_vehicles_sense_problemes\"><\/span>Conclusi\u00f3: com deduir l&#8217;IVA dels vehicles sense problemes?<span class=\"ez-toc-section-end\"><\/span><\/h3>\n<p>Per deduir l&#8217;IVA dels vehicles d\u2019empresa, l\u2019aut\u00f2nom ha de ser molt rigor\u00f3s en l\u2019acreditaci\u00f3 de l\u2019\u00fas laboral. \u00c9s important mantenir un registre detallat de l\u2019\u00fas del vehicle, que inclogui quilometratge, notes de combustible i qualsevol altra prova que pugui recolzar l\u2019\u00fas empresarial del cotxe. Nom\u00e9s aix\u00ed es podr\u00e0 superar la inspecci\u00f3 d\u2019Hisenda sense inconvenients.<\/p>\n<p>Si tens dubtes sobre com deduir l&#8217;IVA dels vehicles de la teva empresa o necessites ajuda per justificar aquest tipus de despeses, a <a href=\"https:\/\/www.ariasassessors.com\/\"><strong>Arias Assessors<\/strong><\/a> estem aqu\u00ed per ajudar-te. Els nostres experts t\u2019assessoraran per complir amb totes les obligacions fiscals de manera efica\u00e7 i sense sorpreses.<\/p>\n","protected":false},"excerpt":{"rendered":"<p>El Tribunal Econ\u00f2mic-Administratiu Central (TEAC) ha aclarit les proves que Hisenda pot exigir als aut\u00f2noms per deduir l&#8217;IVA dels vehicles destinats a activitats laborals. Aquesta decisi\u00f3 \u00e9s rellevant per a aut\u00f2noms i petites empreses que utilitzen cotxes o furgonetes com a part essencial del seu&#8230;<\/p>\n","protected":false},"author":2,"featured_media":3868,"comment_status":"open","ping_status":"open","sticky":false,"template":"","format":"standard","meta":{"footnotes":""},"categories":[4],"tags":[],"class_list":["post-3892","post","type-post","status-publish","format-standard","has-post-thumbnail","hentry","category-noticies"],"yoast_head":"<!-- This site is optimized with the Yoast SEO plugin v24.3 - https:\/\/yoast.com\/wordpress\/plugins\/seo\/ -->\n<title>Dedu\u00efr l&#039;IVA dels vehicles: com pot acreditar-ho un aut\u00f2nom?<\/title>\n<meta name=\"description\" content=\"Descobreix com deduir l&#039;IVA dels vehicles d\u2019empresa segons el TEAC. Aconsegueix proves v\u00e0lides per superar qualsevol inspecci\u00f3.\" \/>\n<meta name=\"robots\" content=\"index, follow, max-snippet:-1, max-image-preview:large, max-video-preview:-1\" \/>\n<link rel=\"canonical\" href=\"https:\/\/www.ariasassessors.com\/ca\/deduir-liva-dels-vehicles\/\" \/>\n<meta property=\"og:locale\" content=\"ca_ES\" \/>\n<meta property=\"og:type\" content=\"article\" \/>\n<meta property=\"og:title\" content=\"Dedu\u00efr l&#039;IVA dels vehicles: com pot acreditar-ho un aut\u00f2nom?\" \/>\n<meta property=\"og:description\" content=\"Descobreix com deduir l&#039;IVA dels vehicles d\u2019empresa segons el TEAC. Aconsegueix proves v\u00e0lides per superar qualsevol inspecci\u00f3.\" \/>\n<meta property=\"og:url\" content=\"https:\/\/www.ariasassessors.com\/ca\/deduir-liva-dels-vehicles\/\" \/>\n<meta property=\"og:site_name\" content=\"Arias Assessors\" \/>\n<meta property=\"article:publisher\" content=\"https:\/\/www.facebook.com\/ariasassessors\/\" \/>\n<meta property=\"article:published_time\" content=\"2024-12-02T09:00:00+00:00\" \/>\n<meta property=\"article:modified_time\" content=\"2024-12-10T14:54:27+00:00\" \/>\n<meta property=\"og:image\" content=\"https:\/\/www.ariasassessors.com\/wp-content\/uploads\/2024\/12\/Arias_Blog_IMAGEN_DESTACADA-4.png\" \/>\n\t<meta property=\"og:image:width\" content=\"1920\" \/>\n\t<meta property=\"og:image:height\" content=\"1202\" \/>\n\t<meta property=\"og:image:type\" content=\"image\/png\" \/>\n<meta name=\"author\" content=\"btorras\" \/>\n<meta name=\"twitter:card\" content=\"summary_large_image\" \/>\n<meta name=\"twitter:creator\" content=\"@ariasassessors\" \/>\n<meta name=\"twitter:site\" content=\"@ariasassessors\" \/>\n<meta name=\"twitter:label1\" content=\"Escrit per\" \/>\n\t<meta name=\"twitter:data1\" content=\"btorras\" \/>\n\t<meta name=\"twitter:label2\" content=\"Temps estimat de lectura\" \/>\n\t<meta name=\"twitter:data2\" content=\"4 minuts\" \/>\n<script type=\"application\/ld+json\" class=\"yoast-schema-graph\">{\"@context\":\"https:\/\/schema.org\",\"@graph\":[{\"@type\":\"Article\",\"@id\":\"https:\/\/www.ariasassessors.com\/ca\/deduir-liva-dels-vehicles\/#article\",\"isPartOf\":{\"@id\":\"https:\/\/www.ariasassessors.com\/ca\/deduir-liva-dels-vehicles\/\"},\"author\":{\"name\":\"btorras\",\"@id\":\"https:\/\/www.ariasassessors.com\/#\/schema\/person\/63c6ad1775f0a9413c37932562673cef\"},\"headline\":\"Dedu\u00efr l&#8217;IVA dels vehicles: com pot acreditar-ho un aut\u00f2nom segons el TEAC?\",\"datePublished\":\"2024-12-02T09:00:00+00:00\",\"dateModified\":\"2024-12-10T14:54:27+00:00\",\"mainEntityOfPage\":{\"@id\":\"https:\/\/www.ariasassessors.com\/ca\/deduir-liva-dels-vehicles\/\"},\"wordCount\":661,\"commentCount\":0,\"publisher\":{\"@id\":\"https:\/\/www.ariasassessors.com\/#organization\"},\"image\":{\"@id\":\"https:\/\/www.ariasassessors.com\/ca\/deduir-liva-dels-vehicles\/#primaryimage\"},\"thumbnailUrl\":\"https:\/\/www.ariasassessors.com\/wp-content\/uploads\/2024\/12\/Arias_Blog_IMAGEN_DESTACADA-4.png\",\"articleSection\":[\"noticies\"],\"inLanguage\":\"ca\",\"potentialAction\":[{\"@type\":\"CommentAction\",\"name\":\"Comment\",\"target\":[\"https:\/\/www.ariasassessors.com\/ca\/deduir-liva-dels-vehicles\/#respond\"]}]},{\"@type\":\"WebPage\",\"@id\":\"https:\/\/www.ariasassessors.com\/ca\/deduir-liva-dels-vehicles\/\",\"url\":\"https:\/\/www.ariasassessors.com\/ca\/deduir-liva-dels-vehicles\/\",\"name\":\"Dedu\u00efr l'IVA dels vehicles: com pot acreditar-ho un aut\u00f2nom?\",\"isPartOf\":{\"@id\":\"https:\/\/www.ariasassessors.com\/#website\"},\"primaryImageOfPage\":{\"@id\":\"https:\/\/www.ariasassessors.com\/ca\/deduir-liva-dels-vehicles\/#primaryimage\"},\"image\":{\"@id\":\"https:\/\/www.ariasassessors.com\/ca\/deduir-liva-dels-vehicles\/#primaryimage\"},\"thumbnailUrl\":\"https:\/\/www.ariasassessors.com\/wp-content\/uploads\/2024\/12\/Arias_Blog_IMAGEN_DESTACADA-4.png\",\"datePublished\":\"2024-12-02T09:00:00+00:00\",\"dateModified\":\"2024-12-10T14:54:27+00:00\",\"description\":\"Descobreix com deduir l'IVA dels vehicles d\u2019empresa segons el TEAC. Aconsegueix proves v\u00e0lides per superar qualsevol inspecci\u00f3.\",\"breadcrumb\":{\"@id\":\"https:\/\/www.ariasassessors.com\/ca\/deduir-liva-dels-vehicles\/#breadcrumb\"},\"inLanguage\":\"ca\",\"potentialAction\":[{\"@type\":\"ReadAction\",\"target\":[\"https:\/\/www.ariasassessors.com\/ca\/deduir-liva-dels-vehicles\/\"]}]},{\"@type\":\"ImageObject\",\"inLanguage\":\"ca\",\"@id\":\"https:\/\/www.ariasassessors.com\/ca\/deduir-liva-dels-vehicles\/#primaryimage\",\"url\":\"https:\/\/www.ariasassessors.com\/wp-content\/uploads\/2024\/12\/Arias_Blog_IMAGEN_DESTACADA-4.png\",\"contentUrl\":\"https:\/\/www.ariasassessors.com\/wp-content\/uploads\/2024\/12\/Arias_Blog_IMAGEN_DESTACADA-4.png\",\"width\":1920,\"height\":1202,\"caption\":\"Un coche de juguete rojo sobre pilas de monedas, simbolizando la deducci\u00f3n del IVA en la compra de veh\u00edculos para uso empresarial.\"},{\"@type\":\"BreadcrumbList\",\"@id\":\"https:\/\/www.ariasassessors.com\/ca\/deduir-liva-dels-vehicles\/#breadcrumb\",\"itemListElement\":[{\"@type\":\"ListItem\",\"position\":1,\"name\":\"Portada\",\"item\":\"https:\/\/www.ariasassessors.com\/ca\/\"},{\"@type\":\"ListItem\",\"position\":2,\"name\":\"Dedu\u00efr l&#8217;IVA dels vehicles: com pot acreditar-ho un aut\u00f2nom segons el TEAC?\"}]},{\"@type\":\"WebSite\",\"@id\":\"https:\/\/www.ariasassessors.com\/#website\",\"url\":\"https:\/\/www.ariasassessors.com\/\",\"name\":\"Arias Assessors\",\"description\":\"Asesor\u00eda para aut\u00f3nomos, profesionales y PYMES\",\"publisher\":{\"@id\":\"https:\/\/www.ariasassessors.com\/#organization\"},\"potentialAction\":[{\"@type\":\"SearchAction\",\"target\":{\"@type\":\"EntryPoint\",\"urlTemplate\":\"https:\/\/www.ariasassessors.com\/?s={search_term_string}\"},\"query-input\":{\"@type\":\"PropertyValueSpecification\",\"valueRequired\":true,\"valueName\":\"search_term_string\"}}],\"inLanguage\":\"ca\"},{\"@type\":\"Organization\",\"@id\":\"https:\/\/www.ariasassessors.com\/#organization\",\"name\":\"Arias Assessors\",\"url\":\"https:\/\/www.ariasassessors.com\/\",\"logo\":{\"@type\":\"ImageObject\",\"inLanguage\":\"ca\",\"@id\":\"https:\/\/www.ariasassessors.com\/#\/schema\/logo\/image\/\",\"url\":\"https:\/\/www.ariasassessors.com\/wp-content\/uploads\/2019\/01\/arias-logo.png\",\"contentUrl\":\"https:\/\/www.ariasassessors.com\/wp-content\/uploads\/2019\/01\/arias-logo.png\",\"width\":349,\"height\":254,\"caption\":\"Arias Assessors\"},\"image\":{\"@id\":\"https:\/\/www.ariasassessors.com\/#\/schema\/logo\/image\/\"},\"sameAs\":[\"https:\/\/www.facebook.com\/ariasassessors\/\",\"https:\/\/x.com\/ariasassessors\",\"https:\/\/www.linkedin.com\/company\/r&amp;amp;r-growing-knowledge\/\"]},{\"@type\":\"Person\",\"@id\":\"https:\/\/www.ariasassessors.com\/#\/schema\/person\/63c6ad1775f0a9413c37932562673cef\",\"name\":\"btorras\",\"image\":{\"@type\":\"ImageObject\",\"inLanguage\":\"ca\",\"@id\":\"https:\/\/www.ariasassessors.com\/#\/schema\/person\/image\/\",\"url\":\"https:\/\/secure.gravatar.com\/avatar\/0531db351fc361fdbfd204c58fa2d6a3?s=96&d=mm&r=g\",\"contentUrl\":\"https:\/\/secure.gravatar.com\/avatar\/0531db351fc361fdbfd204c58fa2d6a3?s=96&d=mm&r=g\",\"caption\":\"btorras\"}}]}<\/script>\n<!-- \/ Yoast SEO plugin. -->","yoast_head_json":{"title":"Dedu\u00efr l'IVA dels vehicles: com pot acreditar-ho un aut\u00f2nom?","description":"Descobreix com deduir l'IVA dels vehicles d\u2019empresa segons el TEAC. Aconsegueix proves v\u00e0lides per superar qualsevol inspecci\u00f3.","robots":{"index":"index","follow":"follow","max-snippet":"max-snippet:-1","max-image-preview":"max-image-preview:large","max-video-preview":"max-video-preview:-1"},"canonical":"https:\/\/www.ariasassessors.com\/ca\/deduir-liva-dels-vehicles\/","og_locale":"ca_ES","og_type":"article","og_title":"Dedu\u00efr l'IVA dels vehicles: com pot acreditar-ho un aut\u00f2nom?","og_description":"Descobreix com deduir l'IVA dels vehicles d\u2019empresa segons el TEAC. Aconsegueix proves v\u00e0lides per superar qualsevol inspecci\u00f3.","og_url":"https:\/\/www.ariasassessors.com\/ca\/deduir-liva-dels-vehicles\/","og_site_name":"Arias Assessors","article_publisher":"https:\/\/www.facebook.com\/ariasassessors\/","article_published_time":"2024-12-02T09:00:00+00:00","article_modified_time":"2024-12-10T14:54:27+00:00","og_image":[{"width":1920,"height":1202,"url":"https:\/\/www.ariasassessors.com\/wp-content\/uploads\/2024\/12\/Arias_Blog_IMAGEN_DESTACADA-4.png","type":"image\/png"}],"author":"btorras","twitter_card":"summary_large_image","twitter_creator":"@ariasassessors","twitter_site":"@ariasassessors","twitter_misc":{"Escrit per":"btorras","Temps estimat de lectura":"4 minuts"},"schema":{"@context":"https:\/\/schema.org","@graph":[{"@type":"Article","@id":"https:\/\/www.ariasassessors.com\/ca\/deduir-liva-dels-vehicles\/#article","isPartOf":{"@id":"https:\/\/www.ariasassessors.com\/ca\/deduir-liva-dels-vehicles\/"},"author":{"name":"btorras","@id":"https:\/\/www.ariasassessors.com\/#\/schema\/person\/63c6ad1775f0a9413c37932562673cef"},"headline":"Dedu\u00efr l&#8217;IVA dels vehicles: com pot acreditar-ho un aut\u00f2nom segons el TEAC?","datePublished":"2024-12-02T09:00:00+00:00","dateModified":"2024-12-10T14:54:27+00:00","mainEntityOfPage":{"@id":"https:\/\/www.ariasassessors.com\/ca\/deduir-liva-dels-vehicles\/"},"wordCount":661,"commentCount":0,"publisher":{"@id":"https:\/\/www.ariasassessors.com\/#organization"},"image":{"@id":"https:\/\/www.ariasassessors.com\/ca\/deduir-liva-dels-vehicles\/#primaryimage"},"thumbnailUrl":"https:\/\/www.ariasassessors.com\/wp-content\/uploads\/2024\/12\/Arias_Blog_IMAGEN_DESTACADA-4.png","articleSection":["noticies"],"inLanguage":"ca","potentialAction":[{"@type":"CommentAction","name":"Comment","target":["https:\/\/www.ariasassessors.com\/ca\/deduir-liva-dels-vehicles\/#respond"]}]},{"@type":"WebPage","@id":"https:\/\/www.ariasassessors.com\/ca\/deduir-liva-dels-vehicles\/","url":"https:\/\/www.ariasassessors.com\/ca\/deduir-liva-dels-vehicles\/","name":"Dedu\u00efr l'IVA dels vehicles: com pot acreditar-ho un aut\u00f2nom?","isPartOf":{"@id":"https:\/\/www.ariasassessors.com\/#website"},"primaryImageOfPage":{"@id":"https:\/\/www.ariasassessors.com\/ca\/deduir-liva-dels-vehicles\/#primaryimage"},"image":{"@id":"https:\/\/www.ariasassessors.com\/ca\/deduir-liva-dels-vehicles\/#primaryimage"},"thumbnailUrl":"https:\/\/www.ariasassessors.com\/wp-content\/uploads\/2024\/12\/Arias_Blog_IMAGEN_DESTACADA-4.png","datePublished":"2024-12-02T09:00:00+00:00","dateModified":"2024-12-10T14:54:27+00:00","description":"Descobreix com deduir l'IVA dels vehicles d\u2019empresa segons el TEAC. Aconsegueix proves v\u00e0lides per superar qualsevol inspecci\u00f3.","breadcrumb":{"@id":"https:\/\/www.ariasassessors.com\/ca\/deduir-liva-dels-vehicles\/#breadcrumb"},"inLanguage":"ca","potentialAction":[{"@type":"ReadAction","target":["https:\/\/www.ariasassessors.com\/ca\/deduir-liva-dels-vehicles\/"]}]},{"@type":"ImageObject","inLanguage":"ca","@id":"https:\/\/www.ariasassessors.com\/ca\/deduir-liva-dels-vehicles\/#primaryimage","url":"https:\/\/www.ariasassessors.com\/wp-content\/uploads\/2024\/12\/Arias_Blog_IMAGEN_DESTACADA-4.png","contentUrl":"https:\/\/www.ariasassessors.com\/wp-content\/uploads\/2024\/12\/Arias_Blog_IMAGEN_DESTACADA-4.png","width":1920,"height":1202,"caption":"Un coche de juguete rojo sobre pilas de monedas, simbolizando la deducci\u00f3n del IVA en la compra de veh\u00edculos para uso empresarial."},{"@type":"BreadcrumbList","@id":"https:\/\/www.ariasassessors.com\/ca\/deduir-liva-dels-vehicles\/#breadcrumb","itemListElement":[{"@type":"ListItem","position":1,"name":"Portada","item":"https:\/\/www.ariasassessors.com\/ca\/"},{"@type":"ListItem","position":2,"name":"Dedu\u00efr l&#8217;IVA dels vehicles: com pot acreditar-ho un aut\u00f2nom segons el TEAC?"}]},{"@type":"WebSite","@id":"https:\/\/www.ariasassessors.com\/#website","url":"https:\/\/www.ariasassessors.com\/","name":"Arias Assessors","description":"Asesor\u00eda para aut\u00f3nomos, profesionales y PYMES","publisher":{"@id":"https:\/\/www.ariasassessors.com\/#organization"},"potentialAction":[{"@type":"SearchAction","target":{"@type":"EntryPoint","urlTemplate":"https:\/\/www.ariasassessors.com\/?s={search_term_string}"},"query-input":{"@type":"PropertyValueSpecification","valueRequired":true,"valueName":"search_term_string"}}],"inLanguage":"ca"},{"@type":"Organization","@id":"https:\/\/www.ariasassessors.com\/#organization","name":"Arias Assessors","url":"https:\/\/www.ariasassessors.com\/","logo":{"@type":"ImageObject","inLanguage":"ca","@id":"https:\/\/www.ariasassessors.com\/#\/schema\/logo\/image\/","url":"https:\/\/www.ariasassessors.com\/wp-content\/uploads\/2019\/01\/arias-logo.png","contentUrl":"https:\/\/www.ariasassessors.com\/wp-content\/uploads\/2019\/01\/arias-logo.png","width":349,"height":254,"caption":"Arias Assessors"},"image":{"@id":"https:\/\/www.ariasassessors.com\/#\/schema\/logo\/image\/"},"sameAs":["https:\/\/www.facebook.com\/ariasassessors\/","https:\/\/x.com\/ariasassessors","https:\/\/www.linkedin.com\/company\/r&amp;amp;r-growing-knowledge\/"]},{"@type":"Person","@id":"https:\/\/www.ariasassessors.com\/#\/schema\/person\/63c6ad1775f0a9413c37932562673cef","name":"btorras","image":{"@type":"ImageObject","inLanguage":"ca","@id":"https:\/\/www.ariasassessors.com\/#\/schema\/person\/image\/","url":"https:\/\/secure.gravatar.com\/avatar\/0531db351fc361fdbfd204c58fa2d6a3?s=96&d=mm&r=g","contentUrl":"https:\/\/secure.gravatar.com\/avatar\/0531db351fc361fdbfd204c58fa2d6a3?s=96&d=mm&r=g","caption":"btorras"}}]}},"_links":{"self":[{"href":"https:\/\/www.ariasassessors.com\/ca\/wp-json\/wp\/v2\/posts\/3892","targetHints":{"allow":["GET"]}}],"collection":[{"href":"https:\/\/www.ariasassessors.com\/ca\/wp-json\/wp\/v2\/posts"}],"about":[{"href":"https:\/\/www.ariasassessors.com\/ca\/wp-json\/wp\/v2\/types\/post"}],"author":[{"embeddable":true,"href":"https:\/\/www.ariasassessors.com\/ca\/wp-json\/wp\/v2\/users\/2"}],"replies":[{"embeddable":true,"href":"https:\/\/www.ariasassessors.com\/ca\/wp-json\/wp\/v2\/comments?post=3892"}],"version-history":[{"count":1,"href":"https:\/\/www.ariasassessors.com\/ca\/wp-json\/wp\/v2\/posts\/3892\/revisions"}],"predecessor-version":[{"id":3893,"href":"https:\/\/www.ariasassessors.com\/ca\/wp-json\/wp\/v2\/posts\/3892\/revisions\/3893"}],"wp:featuredmedia":[{"embeddable":true,"href":"https:\/\/www.ariasassessors.com\/ca\/wp-json\/wp\/v2\/media\/3868"}],"wp:attachment":[{"href":"https:\/\/www.ariasassessors.com\/ca\/wp-json\/wp\/v2\/media?parent=3892"}],"wp:term":[{"taxonomy":"category","embeddable":true,"href":"https:\/\/www.ariasassessors.com\/ca\/wp-json\/wp\/v2\/categories?post=3892"},{"taxonomy":"post_tag","embeddable":true,"href":"https:\/\/www.ariasassessors.com\/ca\/wp-json\/wp\/v2\/tags?post=3892"}],"curies":[{"name":"wp","href":"https:\/\/api.w.org\/{rel}","templated":true}]}}