{"id":3894,"date":"2024-11-18T10:00:56","date_gmt":"2024-11-18T09:00:56","guid":{"rendered":"https:\/\/www.ariasassessors.com\/?p=3894"},"modified":"2024-12-10T15:53:55","modified_gmt":"2024-12-10T14:53:55","slug":"factura-electronica","status":"publish","type":"post","link":"https:\/\/www.ariasassessors.com\/ca\/factura-electronica\/","title":{"rendered":"L\u2019\u00fas de la factura electr\u00f2nica es dispara un 50% el 2024"},"content":{"rendered":"<div id=\"ez-toc-container\" class=\"ez-toc-v2_0_72 counter-hierarchy ez-toc-counter ez-toc-grey ez-toc-container-direction\">\n<div class=\"ez-toc-title-container\">\n<p class=\"ez-toc-title\" style=\"cursor:inherit\">\u00cdndice de Contenidos<\/p>\n<span class=\"ez-toc-title-toggle\"><a href=\"#\" class=\"ez-toc-pull-right ez-toc-btn ez-toc-btn-xs ez-toc-btn-default ez-toc-toggle\" aria-label=\"Toggle Table of Content\"><span class=\"ez-toc-js-icon-con\"><span class=\"\"><span class=\"eztoc-hide\" style=\"display:none;\">Toggle<\/span><span class=\"ez-toc-icon-toggle-span\"><svg style=\"fill: #428bca;color:#428bca\" xmlns=\"http:\/\/www.w3.org\/2000\/svg\" class=\"list-377408\" width=\"20px\" height=\"20px\" viewBox=\"0 0 24 24\" fill=\"none\"><path d=\"M6 6H4v2h2V6zm14 0H8v2h12V6zM4 11h2v2H4v-2zm16 0H8v2h12v-2zM4 16h2v2H4v-2zm16 0H8v2h12v-2z\" fill=\"currentColor\"><\/path><\/svg><svg style=\"fill: #428bca;color:#428bca\" class=\"arrow-unsorted-368013\" xmlns=\"http:\/\/www.w3.org\/2000\/svg\" width=\"10px\" height=\"10px\" viewBox=\"0 0 24 24\" version=\"1.2\" baseProfile=\"tiny\"><path d=\"M18.2 9.3l-6.2-6.3-6.2 6.3c-.2.2-.3.4-.3.7s.1.5.3.7c.2.2.4.3.7.3h11c.3 0 .5-.1.7-.3.2-.2.3-.5.3-.7s-.1-.5-.3-.7zM5.8 14.7l6.2 6.3 6.2-6.3c.2-.2.3-.5.3-.7s-.1-.5-.3-.7c-.2-.2-.4-.3-.7-.3h-11c-.3 0-.5.1-.7.3-.2.2-.3.5-.3.7s.1.5.3.7z\"\/><\/svg><\/span><\/span><\/span><\/a><\/span><\/div>\n<nav><ul class='ez-toc-list ez-toc-list-level-1 eztoc-toggle-hide-by-default' ><li class='ez-toc-page-1 ez-toc-heading-level-4'><a class=\"ez-toc-link ez-toc-heading-1\" href=\"https:\/\/www.ariasassessors.com\/ca\/factura-electronica\/#El_comerc_lenergia_i_la_industria_lideren_ladopcio_daquesta_eina_digital_clau_per_a_la_transformacio_empresarial\" title=\"El comer\u00e7, l\u2019energia i la ind\u00fastria lideren l\u2019adopci\u00f3 d\u2019aquesta eina digital clau per a la transformaci\u00f3 empresarial\">El comer\u00e7, l\u2019energia i la ind\u00fastria lideren l\u2019adopci\u00f3 d\u2019aquesta eina digital clau per a la transformaci\u00f3 empresarial<\/a><\/li><li class='ez-toc-page-1 ez-toc-heading-level-4'><a class=\"ez-toc-link ez-toc-heading-2\" href=\"https:\/\/www.ariasassessors.com\/ca\/factura-electronica\/#El_comerc_lider_indiscutible_en_emissio_i_recepcio_de_factures_electroniques\" title=\"El comer\u00e7, l\u00edder indiscutible en emissi\u00f3 i recepci\u00f3 de factures electr\u00f2niques\">El comer\u00e7, l\u00edder indiscutible en emissi\u00f3 i recepci\u00f3 de factures electr\u00f2niques<\/a><\/li><li class='ez-toc-page-1 ez-toc-heading-level-4'><a class=\"ez-toc-link ez-toc-heading-3\" href=\"https:\/\/www.ariasassessors.com\/ca\/factura-electronica\/#Energia_i_industria_dos_sectors_en_rapida_transformacio\" title=\"Energia i ind\u00fastria: dos sectors en r\u00e0pida transformaci\u00f3\">Energia i ind\u00fastria: dos sectors en r\u00e0pida transformaci\u00f3<\/a><\/li><li class='ez-toc-page-1 ez-toc-heading-level-4'><a class=\"ez-toc-link ez-toc-heading-4\" href=\"https:\/\/www.ariasassessors.com\/ca\/factura-electronica\/#Beneficis_economics_i_operatius\" title=\"Beneficis econ\u00f2mics i operatius\">Beneficis econ\u00f2mics i operatius<\/a><\/li><li class='ez-toc-page-1 ez-toc-heading-level-4'><a class=\"ez-toc-link ez-toc-heading-5\" href=\"https:\/\/www.ariasassessors.com\/ca\/factura-electronica\/#Empreses_mitjanes_al_capdavant_de_ladopcio\" title=\"Empreses mitjanes al capdavant de l\u2019adopci\u00f3\">Empreses mitjanes al capdavant de l\u2019adopci\u00f3<\/a><\/li><li class='ez-toc-page-1 ez-toc-heading-level-4'><a class=\"ez-toc-link ez-toc-heading-6\" href=\"https:\/\/www.ariasassessors.com\/ca\/factura-electronica\/#Un_pas_cap_a_lobligatorietat\" title=\"Un pas cap a l\u2019obligatorietat\">Un pas cap a l\u2019obligatorietat<\/a><\/li><\/ul><\/nav><\/div>\n<h4><span class=\"ez-toc-section\" id=\"El_comerc_lenergia_i_la_industria_lideren_ladopcio_daquesta_eina_digital_clau_per_a_la_transformacio_empresarial\"><\/span>El comer\u00e7, l\u2019energia i la ind\u00fastria lideren l\u2019adopci\u00f3 d\u2019aquesta eina digital clau per a la transformaci\u00f3 empresarial<span class=\"ez-toc-section-end\"><\/span><\/h4>\n<p>Un informe recent sobre la factura electr\u00f2nica a Espanya revela un creixement significatiu en el seu \u00fas durant els primers sis mesos de 2024, amb un increment superior al 50% respecte a l\u2019any anterior. Aquest aven\u00e7 refor\u00e7a la tend\u00e8ncia cap a la digitalitzaci\u00f3 en sectors clau com el comer\u00e7, el subministrament energ\u00e8tic i la ind\u00fastria manufacturera.<\/p>\n<h4><span class=\"ez-toc-section\" id=\"El_comerc_lider_indiscutible_en_emissio_i_recepcio_de_factures_electroniques\"><\/span>El comer\u00e7, l\u00edder indiscutible en emissi\u00f3 i recepci\u00f3 de factures electr\u00f2niques<span class=\"ez-toc-section-end\"><\/span><\/h4>\n<p>El sector del retail, que inclou el comer\u00e7 a l&#8217;engr\u00f2s i al detall, encap\u00e7ala la llista amb gaireb\u00e9 una quarta part de les factures electr\u00f2niques emeses al pa\u00eds. A m\u00e9s, el 16% de les empreses d\u2019aquest sector ja han adoptat aquest format per gestionar la seva facturaci\u00f3. Tamb\u00e9 destaca en la recepci\u00f3 de documents electr\u00f2nics, acumulant prop de la meitat del total nacional.<\/p>\n<p>Segons Alberto Redondo, especialista en digitalitzaci\u00f3 empresarial, aquest lideratge situa el comer\u00e7 com un sector clau per a la implementaci\u00f3 de <a href=\"https:\/\/www.ariasassessors.com\/ley-crea-crece-facturacion\/\">la llei Crea i Creix<\/a>. Aquesta llei pret\u00e9n generalitzar l\u2019\u00fas de la factura electr\u00f2nica en les relacions entre empreses i aut\u00f2noms.<\/p>\n<h4><span class=\"ez-toc-section\" id=\"Energia_i_industria_dos_sectors_en_rapida_transformacio\"><\/span>Energia i ind\u00fastria: dos sectors en r\u00e0pida transformaci\u00f3<span class=\"ez-toc-section-end\"><\/span><\/h4>\n<p>El sector energ\u00e8tic, que inclou l\u2019electricitat, el gas i la climatitzaci\u00f3, destaca amb l\u2019enviament d\u2019una cinquena part de les factures electr\u00f2niques, tot i que les seves empreses receptores representen un percentatge menor. Aquest sector ha demostrat una gran capacitat d\u2019adaptaci\u00f3 a la transformaci\u00f3 digital, avan\u00e7ant cap a una major efici\u00e8ncia administrativa.<\/p>\n<p>D\u2019altra banda, la ind\u00fastria manufacturera contribueix amb el 17% de les factures emeses i el 10% de les rebudes, mostrant una adopci\u00f3 gradual per\u00f2 significativa. Segons els experts, aquest progr\u00e9s tindr\u00e0 un impacte positiu en la modernitzaci\u00f3 del teixit productiu nacional.<\/p>\n<h4><span class=\"ez-toc-section\" id=\"Beneficis_economics_i_operatius\"><\/span>Beneficis econ\u00f2mics i operatius<span class=\"ez-toc-section-end\"><\/span><\/h4>\n<h4><img loading=\"lazy\" decoding=\"async\" class=\" wp-image-3839 alignright\" src=\"https:\/\/www.ariasassessors.com\/wp-content\/uploads\/2024\/11\/138115-300x200.jpg\" alt=\"&quot;Descubre c\u00f3mo el uso de la factura electr\u00f3nica ha crecido m\u00e1s del 50% en 2024, liderado por los sectores de comercio, energ\u00eda e industria. Conoce las ventajas econ\u00f3micas y operativas de esta herramienta digital.\" width=\"321\" height=\"214\" srcset=\"https:\/\/www.ariasassessors.com\/wp-content\/uploads\/2024\/11\/138115-300x200.jpg 300w, https:\/\/www.ariasassessors.com\/wp-content\/uploads\/2024\/11\/138115-1024x683.jpg 1024w, https:\/\/www.ariasassessors.com\/wp-content\/uploads\/2024\/11\/138115-768x513.jpg 768w, https:\/\/www.ariasassessors.com\/wp-content\/uploads\/2024\/11\/138115-700x467.jpg 700w, https:\/\/www.ariasassessors.com\/wp-content\/uploads\/2024\/11\/138115.jpg 1500w\" sizes=\"auto, (max-width: 321px) 100vw, 321px\" \/><\/h4>\n<p>L\u2019informe subratlla que la <a href=\"https:\/\/www.facturae.gob.es\/\">digitalitzaci\u00f3 de les factures<\/a> no nom\u00e9s redueix costos de gesti\u00f3, sin\u00f3 que tamb\u00e9 optimitza els temps de treball. Durant el primer semestre de 2024, l\u2019\u00fas de la factura electr\u00f2nica ha generat estalvis estimats en m\u00e9s de 2.700 milions d\u2019euros i l\u2019equivalent a 746 anys laborals en termes d\u2019efici\u00e8ncia.<\/p>\n<p>Aquest aven\u00e7 prepara les empreses per al compliment de normatives futures i fomenta un entorn empresarial m\u00e9s competitiu i sostenible.<\/p>\n<h4><span class=\"ez-toc-section\" id=\"Empreses_mitjanes_al_capdavant_de_ladopcio\"><\/span>Empreses mitjanes al capdavant de l\u2019adopci\u00f3<span class=\"ez-toc-section-end\"><\/span><\/h4>\n<p>Entre les tipologies d\u2019empreses, les mitjanes lideren l\u2019\u00fas de la factura electr\u00f2nica, seguides de prop per les petites empreses. En tercer lloc se situen les grans corporacions, mentre que les microempreses encara mostren una adopci\u00f3 m\u00e9s lenta. Aix\u00f2 es degut en part a limitacions de recursos i capacitaci\u00f3 tecnol\u00f2gica.<\/p>\n<h4><span class=\"ez-toc-section\" id=\"Un_pas_cap_a_lobligatorietat\"><\/span>Un pas cap a l\u2019obligatorietat<span class=\"ez-toc-section-end\"><\/span><\/h4>\n<p>L\u2019increment en l\u2019\u00fas de la factura electr\u00f2nica no \u00e9s casual. L\u2019entrada imminent en vigor de la normativa que obliga a utilitzar aquest format en les relacions entre empreses i aut\u00f2noms ha estat un motor clau per a aquest creixement. L\u2019expectativa \u00e9s que, en els propers mesos, l\u2019adopci\u00f3 s\u2019acceleri encara m\u00e9s, consolidant aquesta eina com un est\u00e0ndard en la gesti\u00f3 empresarial.<\/p>\n<p>A <strong>Arias Assessors<\/strong>, <a href=\"https:\/\/www.ariasassessors.com\/contacto\/\">especialistes en assessorament empresarial<\/a>, ens posicionem com un aliat estrat\u00e8gic per a les empreses que busquen implementar solucions eficients i adaptar-se a les noves normatives. Amb un enfocament personalitzat, oferim assessorament integral per optimitzar l\u2019\u00fas de la factura electr\u00f2nica.<\/p>\n","protected":false},"excerpt":{"rendered":"<p>El comer\u00e7, l\u2019energia i la ind\u00fastria lideren l\u2019adopci\u00f3 d\u2019aquesta eina digital clau per a la transformaci\u00f3 empresarial Un informe recent sobre la factura electr\u00f2nica a Espanya revela un creixement significatiu en el seu \u00fas durant els primers sis mesos de 2024, amb un increment superior&#8230;<\/p>\n","protected":false},"author":2,"featured_media":3841,"comment_status":"open","ping_status":"open","sticky":false,"template":"","format":"standard","meta":{"footnotes":""},"categories":[4],"tags":[],"class_list":["post-3894","post","type-post","status-publish","format-standard","has-post-thumbnail","hentry","category-noticies"],"yoast_head":"<!-- This site is optimized with the Yoast SEO plugin v24.3 - https:\/\/yoast.com\/wordpress\/plugins\/seo\/ -->\n<title>L\u2019\u00fas de la factura electr\u00f2nica es dispara un 50% el 2024 | Arias Assessors<\/title>\n<meta name=\"description\" content=\"L\u2019\u00fas de la factura electr\u00f2nica creix un 50% el 2024, impulsat pels sectors de comer\u00e7, energia i ind\u00fastria.\" \/>\n<meta name=\"robots\" content=\"index, follow, max-snippet:-1, max-image-preview:large, max-video-preview:-1\" \/>\n<link rel=\"canonical\" href=\"https:\/\/www.ariasassessors.com\/ca\/factura-electronica\/\" \/>\n<meta property=\"og:locale\" content=\"ca_ES\" \/>\n<meta property=\"og:type\" content=\"article\" \/>\n<meta property=\"og:title\" content=\"L\u2019\u00fas de la factura electr\u00f2nica es dispara un 50% el 2024 | Arias Assessors\" \/>\n<meta property=\"og:description\" content=\"L\u2019\u00fas de la factura electr\u00f2nica creix un 50% el 2024, impulsat pels sectors de comer\u00e7, energia i ind\u00fastria.\" \/>\n<meta property=\"og:url\" content=\"https:\/\/www.ariasassessors.com\/ca\/factura-electronica\/\" \/>\n<meta property=\"og:site_name\" content=\"Arias Assessors\" \/>\n<meta property=\"article:publisher\" content=\"https:\/\/www.facebook.com\/ariasassessors\/\" \/>\n<meta property=\"article:published_time\" content=\"2024-11-18T09:00:56+00:00\" \/>\n<meta property=\"article:modified_time\" content=\"2024-12-10T14:53:55+00:00\" \/>\n<meta property=\"og:image\" content=\"https:\/\/www.ariasassessors.com\/wp-content\/uploads\/2024\/11\/Arias_Blog_IMAGEN_DESTACADA-3.png\" \/>\n\t<meta property=\"og:image:width\" content=\"1920\" \/>\n\t<meta property=\"og:image:height\" content=\"1202\" \/>\n\t<meta property=\"og:image:type\" content=\"image\/png\" \/>\n<meta name=\"author\" content=\"btorras\" \/>\n<meta name=\"twitter:card\" content=\"summary_large_image\" \/>\n<meta name=\"twitter:creator\" content=\"@ariasassessors\" \/>\n<meta name=\"twitter:site\" content=\"@ariasassessors\" \/>\n<meta name=\"twitter:label1\" content=\"Escrit per\" \/>\n\t<meta name=\"twitter:data1\" content=\"btorras\" \/>\n\t<meta name=\"twitter:label2\" content=\"Temps estimat de lectura\" \/>\n\t<meta name=\"twitter:data2\" content=\"3 minuts\" \/>\n<script type=\"application\/ld+json\" class=\"yoast-schema-graph\">{\"@context\":\"https:\/\/schema.org\",\"@graph\":[{\"@type\":\"Article\",\"@id\":\"https:\/\/www.ariasassessors.com\/ca\/factura-electronica\/#article\",\"isPartOf\":{\"@id\":\"https:\/\/www.ariasassessors.com\/ca\/factura-electronica\/\"},\"author\":{\"name\":\"btorras\",\"@id\":\"https:\/\/www.ariasassessors.com\/#\/schema\/person\/63c6ad1775f0a9413c37932562673cef\"},\"headline\":\"L\u2019\u00fas de la factura electr\u00f2nica es dispara un 50% el 2024\",\"datePublished\":\"2024-11-18T09:00:56+00:00\",\"dateModified\":\"2024-12-10T14:53:55+00:00\",\"mainEntityOfPage\":{\"@id\":\"https:\/\/www.ariasassessors.com\/ca\/factura-electronica\/\"},\"wordCount\":597,\"commentCount\":0,\"publisher\":{\"@id\":\"https:\/\/www.ariasassessors.com\/#organization\"},\"image\":{\"@id\":\"https:\/\/www.ariasassessors.com\/ca\/factura-electronica\/#primaryimage\"},\"thumbnailUrl\":\"https:\/\/www.ariasassessors.com\/wp-content\/uploads\/2024\/11\/Arias_Blog_IMAGEN_DESTACADA-3.png\",\"articleSection\":[\"noticies\"],\"inLanguage\":\"ca\",\"potentialAction\":[{\"@type\":\"CommentAction\",\"name\":\"Comment\",\"target\":[\"https:\/\/www.ariasassessors.com\/ca\/factura-electronica\/#respond\"]}]},{\"@type\":\"WebPage\",\"@id\":\"https:\/\/www.ariasassessors.com\/ca\/factura-electronica\/\",\"url\":\"https:\/\/www.ariasassessors.com\/ca\/factura-electronica\/\",\"name\":\"L\u2019\u00fas de la factura electr\u00f2nica es dispara un 50% el 2024 | Arias Assessors\",\"isPartOf\":{\"@id\":\"https:\/\/www.ariasassessors.com\/#website\"},\"primaryImageOfPage\":{\"@id\":\"https:\/\/www.ariasassessors.com\/ca\/factura-electronica\/#primaryimage\"},\"image\":{\"@id\":\"https:\/\/www.ariasassessors.com\/ca\/factura-electronica\/#primaryimage\"},\"thumbnailUrl\":\"https:\/\/www.ariasassessors.com\/wp-content\/uploads\/2024\/11\/Arias_Blog_IMAGEN_DESTACADA-3.png\",\"datePublished\":\"2024-11-18T09:00:56+00:00\",\"dateModified\":\"2024-12-10T14:53:55+00:00\",\"description\":\"L\u2019\u00fas de la factura electr\u00f2nica creix un 50% el 2024, impulsat pels sectors de comer\u00e7, energia i ind\u00fastria.\",\"breadcrumb\":{\"@id\":\"https:\/\/www.ariasassessors.com\/ca\/factura-electronica\/#breadcrumb\"},\"inLanguage\":\"ca\",\"potentialAction\":[{\"@type\":\"ReadAction\",\"target\":[\"https:\/\/www.ariasassessors.com\/ca\/factura-electronica\/\"]}]},{\"@type\":\"ImageObject\",\"inLanguage\":\"ca\",\"@id\":\"https:\/\/www.ariasassessors.com\/ca\/factura-electronica\/#primaryimage\",\"url\":\"https:\/\/www.ariasassessors.com\/wp-content\/uploads\/2024\/11\/Arias_Blog_IMAGEN_DESTACADA-3.png\",\"contentUrl\":\"https:\/\/www.ariasassessors.com\/wp-content\/uploads\/2024\/11\/Arias_Blog_IMAGEN_DESTACADA-3.png\",\"width\":1920,\"height\":1202,\"caption\":\"Representaci\u00f3n digital del uso de la factura electr\u00f3nica, destacando su funcionalidad moderna y sostenible como herramienta clave en la transformaci\u00f3n digital empresarial.\"},{\"@type\":\"BreadcrumbList\",\"@id\":\"https:\/\/www.ariasassessors.com\/ca\/factura-electronica\/#breadcrumb\",\"itemListElement\":[{\"@type\":\"ListItem\",\"position\":1,\"name\":\"Portada\",\"item\":\"https:\/\/www.ariasassessors.com\/ca\/\"},{\"@type\":\"ListItem\",\"position\":2,\"name\":\"L\u2019\u00fas de la factura electr\u00f2nica es dispara un 50% el 2024\"}]},{\"@type\":\"WebSite\",\"@id\":\"https:\/\/www.ariasassessors.com\/#website\",\"url\":\"https:\/\/www.ariasassessors.com\/\",\"name\":\"Arias Assessors\",\"description\":\"Asesor\u00eda para aut\u00f3nomos, profesionales y PYMES\",\"publisher\":{\"@id\":\"https:\/\/www.ariasassessors.com\/#organization\"},\"potentialAction\":[{\"@type\":\"SearchAction\",\"target\":{\"@type\":\"EntryPoint\",\"urlTemplate\":\"https:\/\/www.ariasassessors.com\/?s={search_term_string}\"},\"query-input\":{\"@type\":\"PropertyValueSpecification\",\"valueRequired\":true,\"valueName\":\"search_term_string\"}}],\"inLanguage\":\"ca\"},{\"@type\":\"Organization\",\"@id\":\"https:\/\/www.ariasassessors.com\/#organization\",\"name\":\"Arias Assessors\",\"url\":\"https:\/\/www.ariasassessors.com\/\",\"logo\":{\"@type\":\"ImageObject\",\"inLanguage\":\"ca\",\"@id\":\"https:\/\/www.ariasassessors.com\/#\/schema\/logo\/image\/\",\"url\":\"https:\/\/www.ariasassessors.com\/wp-content\/uploads\/2019\/01\/arias-logo.png\",\"contentUrl\":\"https:\/\/www.ariasassessors.com\/wp-content\/uploads\/2019\/01\/arias-logo.png\",\"width\":349,\"height\":254,\"caption\":\"Arias Assessors\"},\"image\":{\"@id\":\"https:\/\/www.ariasassessors.com\/#\/schema\/logo\/image\/\"},\"sameAs\":[\"https:\/\/www.facebook.com\/ariasassessors\/\",\"https:\/\/x.com\/ariasassessors\",\"https:\/\/www.linkedin.com\/company\/r&amp;amp;r-growing-knowledge\/\"]},{\"@type\":\"Person\",\"@id\":\"https:\/\/www.ariasassessors.com\/#\/schema\/person\/63c6ad1775f0a9413c37932562673cef\",\"name\":\"btorras\",\"image\":{\"@type\":\"ImageObject\",\"inLanguage\":\"ca\",\"@id\":\"https:\/\/www.ariasassessors.com\/#\/schema\/person\/image\/\",\"url\":\"https:\/\/secure.gravatar.com\/avatar\/0531db351fc361fdbfd204c58fa2d6a3?s=96&d=mm&r=g\",\"contentUrl\":\"https:\/\/secure.gravatar.com\/avatar\/0531db351fc361fdbfd204c58fa2d6a3?s=96&d=mm&r=g\",\"caption\":\"btorras\"}}]}<\/script>\n<!-- \/ Yoast SEO plugin. -->","yoast_head_json":{"title":"L\u2019\u00fas de la factura electr\u00f2nica es dispara un 50% el 2024 | Arias Assessors","description":"L\u2019\u00fas de la factura electr\u00f2nica creix un 50% el 2024, impulsat pels sectors de comer\u00e7, energia i ind\u00fastria.","robots":{"index":"index","follow":"follow","max-snippet":"max-snippet:-1","max-image-preview":"max-image-preview:large","max-video-preview":"max-video-preview:-1"},"canonical":"https:\/\/www.ariasassessors.com\/ca\/factura-electronica\/","og_locale":"ca_ES","og_type":"article","og_title":"L\u2019\u00fas de la factura electr\u00f2nica es dispara un 50% el 2024 | Arias Assessors","og_description":"L\u2019\u00fas de la factura electr\u00f2nica creix un 50% el 2024, impulsat pels sectors de comer\u00e7, energia i ind\u00fastria.","og_url":"https:\/\/www.ariasassessors.com\/ca\/factura-electronica\/","og_site_name":"Arias Assessors","article_publisher":"https:\/\/www.facebook.com\/ariasassessors\/","article_published_time":"2024-11-18T09:00:56+00:00","article_modified_time":"2024-12-10T14:53:55+00:00","og_image":[{"width":1920,"height":1202,"url":"https:\/\/www.ariasassessors.com\/wp-content\/uploads\/2024\/11\/Arias_Blog_IMAGEN_DESTACADA-3.png","type":"image\/png"}],"author":"btorras","twitter_card":"summary_large_image","twitter_creator":"@ariasassessors","twitter_site":"@ariasassessors","twitter_misc":{"Escrit per":"btorras","Temps estimat de lectura":"3 minuts"},"schema":{"@context":"https:\/\/schema.org","@graph":[{"@type":"Article","@id":"https:\/\/www.ariasassessors.com\/ca\/factura-electronica\/#article","isPartOf":{"@id":"https:\/\/www.ariasassessors.com\/ca\/factura-electronica\/"},"author":{"name":"btorras","@id":"https:\/\/www.ariasassessors.com\/#\/schema\/person\/63c6ad1775f0a9413c37932562673cef"},"headline":"L\u2019\u00fas de la factura electr\u00f2nica es dispara un 50% el 2024","datePublished":"2024-11-18T09:00:56+00:00","dateModified":"2024-12-10T14:53:55+00:00","mainEntityOfPage":{"@id":"https:\/\/www.ariasassessors.com\/ca\/factura-electronica\/"},"wordCount":597,"commentCount":0,"publisher":{"@id":"https:\/\/www.ariasassessors.com\/#organization"},"image":{"@id":"https:\/\/www.ariasassessors.com\/ca\/factura-electronica\/#primaryimage"},"thumbnailUrl":"https:\/\/www.ariasassessors.com\/wp-content\/uploads\/2024\/11\/Arias_Blog_IMAGEN_DESTACADA-3.png","articleSection":["noticies"],"inLanguage":"ca","potentialAction":[{"@type":"CommentAction","name":"Comment","target":["https:\/\/www.ariasassessors.com\/ca\/factura-electronica\/#respond"]}]},{"@type":"WebPage","@id":"https:\/\/www.ariasassessors.com\/ca\/factura-electronica\/","url":"https:\/\/www.ariasassessors.com\/ca\/factura-electronica\/","name":"L\u2019\u00fas de la factura electr\u00f2nica es dispara un 50% el 2024 | Arias Assessors","isPartOf":{"@id":"https:\/\/www.ariasassessors.com\/#website"},"primaryImageOfPage":{"@id":"https:\/\/www.ariasassessors.com\/ca\/factura-electronica\/#primaryimage"},"image":{"@id":"https:\/\/www.ariasassessors.com\/ca\/factura-electronica\/#primaryimage"},"thumbnailUrl":"https:\/\/www.ariasassessors.com\/wp-content\/uploads\/2024\/11\/Arias_Blog_IMAGEN_DESTACADA-3.png","datePublished":"2024-11-18T09:00:56+00:00","dateModified":"2024-12-10T14:53:55+00:00","description":"L\u2019\u00fas de la factura electr\u00f2nica creix un 50% el 2024, impulsat pels sectors de comer\u00e7, energia i ind\u00fastria.","breadcrumb":{"@id":"https:\/\/www.ariasassessors.com\/ca\/factura-electronica\/#breadcrumb"},"inLanguage":"ca","potentialAction":[{"@type":"ReadAction","target":["https:\/\/www.ariasassessors.com\/ca\/factura-electronica\/"]}]},{"@type":"ImageObject","inLanguage":"ca","@id":"https:\/\/www.ariasassessors.com\/ca\/factura-electronica\/#primaryimage","url":"https:\/\/www.ariasassessors.com\/wp-content\/uploads\/2024\/11\/Arias_Blog_IMAGEN_DESTACADA-3.png","contentUrl":"https:\/\/www.ariasassessors.com\/wp-content\/uploads\/2024\/11\/Arias_Blog_IMAGEN_DESTACADA-3.png","width":1920,"height":1202,"caption":"Representaci\u00f3n digital del uso de la factura electr\u00f3nica, destacando su funcionalidad moderna y sostenible como herramienta clave en la transformaci\u00f3n digital empresarial."},{"@type":"BreadcrumbList","@id":"https:\/\/www.ariasassessors.com\/ca\/factura-electronica\/#breadcrumb","itemListElement":[{"@type":"ListItem","position":1,"name":"Portada","item":"https:\/\/www.ariasassessors.com\/ca\/"},{"@type":"ListItem","position":2,"name":"L\u2019\u00fas de la factura electr\u00f2nica es dispara un 50% el 2024"}]},{"@type":"WebSite","@id":"https:\/\/www.ariasassessors.com\/#website","url":"https:\/\/www.ariasassessors.com\/","name":"Arias Assessors","description":"Asesor\u00eda para aut\u00f3nomos, profesionales y PYMES","publisher":{"@id":"https:\/\/www.ariasassessors.com\/#organization"},"potentialAction":[{"@type":"SearchAction","target":{"@type":"EntryPoint","urlTemplate":"https:\/\/www.ariasassessors.com\/?s={search_term_string}"},"query-input":{"@type":"PropertyValueSpecification","valueRequired":true,"valueName":"search_term_string"}}],"inLanguage":"ca"},{"@type":"Organization","@id":"https:\/\/www.ariasassessors.com\/#organization","name":"Arias Assessors","url":"https:\/\/www.ariasassessors.com\/","logo":{"@type":"ImageObject","inLanguage":"ca","@id":"https:\/\/www.ariasassessors.com\/#\/schema\/logo\/image\/","url":"https:\/\/www.ariasassessors.com\/wp-content\/uploads\/2019\/01\/arias-logo.png","contentUrl":"https:\/\/www.ariasassessors.com\/wp-content\/uploads\/2019\/01\/arias-logo.png","width":349,"height":254,"caption":"Arias Assessors"},"image":{"@id":"https:\/\/www.ariasassessors.com\/#\/schema\/logo\/image\/"},"sameAs":["https:\/\/www.facebook.com\/ariasassessors\/","https:\/\/x.com\/ariasassessors","https:\/\/www.linkedin.com\/company\/r&amp;amp;r-growing-knowledge\/"]},{"@type":"Person","@id":"https:\/\/www.ariasassessors.com\/#\/schema\/person\/63c6ad1775f0a9413c37932562673cef","name":"btorras","image":{"@type":"ImageObject","inLanguage":"ca","@id":"https:\/\/www.ariasassessors.com\/#\/schema\/person\/image\/","url":"https:\/\/secure.gravatar.com\/avatar\/0531db351fc361fdbfd204c58fa2d6a3?s=96&d=mm&r=g","contentUrl":"https:\/\/secure.gravatar.com\/avatar\/0531db351fc361fdbfd204c58fa2d6a3?s=96&d=mm&r=g","caption":"btorras"}}]}},"_links":{"self":[{"href":"https:\/\/www.ariasassessors.com\/ca\/wp-json\/wp\/v2\/posts\/3894","targetHints":{"allow":["GET"]}}],"collection":[{"href":"https:\/\/www.ariasassessors.com\/ca\/wp-json\/wp\/v2\/posts"}],"about":[{"href":"https:\/\/www.ariasassessors.com\/ca\/wp-json\/wp\/v2\/types\/post"}],"author":[{"embeddable":true,"href":"https:\/\/www.ariasassessors.com\/ca\/wp-json\/wp\/v2\/users\/2"}],"replies":[{"embeddable":true,"href":"https:\/\/www.ariasassessors.com\/ca\/wp-json\/wp\/v2\/comments?post=3894"}],"version-history":[{"count":1,"href":"https:\/\/www.ariasassessors.com\/ca\/wp-json\/wp\/v2\/posts\/3894\/revisions"}],"predecessor-version":[{"id":3895,"href":"https:\/\/www.ariasassessors.com\/ca\/wp-json\/wp\/v2\/posts\/3894\/revisions\/3895"}],"wp:featuredmedia":[{"embeddable":true,"href":"https:\/\/www.ariasassessors.com\/ca\/wp-json\/wp\/v2\/media\/3841"}],"wp:attachment":[{"href":"https:\/\/www.ariasassessors.com\/ca\/wp-json\/wp\/v2\/media?parent=3894"}],"wp:term":[{"taxonomy":"category","embeddable":true,"href":"https:\/\/www.ariasassessors.com\/ca\/wp-json\/wp\/v2\/categories?post=3894"},{"taxonomy":"post_tag","embeddable":true,"href":"https:\/\/www.ariasassessors.com\/ca\/wp-json\/wp\/v2\/tags?post=3894"}],"curies":[{"name":"wp","href":"https:\/\/api.w.org\/{rel}","templated":true}]}}