{"id":4040,"date":"2025-01-06T12:00:56","date_gmt":"2025-01-06T11:00:56","guid":{"rendered":"https:\/\/www.ariasassessors.com\/?p=4040"},"modified":"2025-01-03T13:18:49","modified_gmt":"2025-01-03T12:18:49","slug":"com-afecta-el-canvi-en-la-quota-dels-autonoms-el-2025","status":"publish","type":"post","link":"https:\/\/www.ariasassessors.com\/ca\/com-afecta-el-canvi-en-la-quota-dels-autonoms-el-2025\/","title":{"rendered":"Com afecta el canvi en la quota dels aut\u00f2noms el 2025"},"content":{"rendered":"<p>El 2025, els treballadors per compte propi d&#8217;Espanya s\u2019enfrontaran a un canvi en la quota dels aut\u00f2noms. Aquest canvi es deu a la implementaci\u00f3 del <a href=\"https:\/\/xarxanet.org\/juridic\/recursos\/que-es-el-mecanisme-dequitat-intergeneracional\">Mecanisme d\u2019Equitat Intergeneracional (MEI)<\/a>, una mesura creada per refor\u00e7ar la sostenibilitat del sistema de pensions. Aix\u00f2 implicar\u00e0 un increment d\u2019entre 8 i 24 euros mensuals, segons els ingressos i la situaci\u00f3 laboral de cada treballador aut\u00f2nom.<\/p>\n<p>A <a href=\"https:\/\/www.ariasassessors.com\/ca\/contacte\/\">Arias Assessors<\/a>, comprenem que aquests canvis poden representar un desafiament. Per aquest motiu, estem preparats per oferir-te suport i solucions adaptades a les teves necessitats.<\/p>\n<div id=\"ez-toc-container\" class=\"ez-toc-v2_0_72 counter-hierarchy ez-toc-counter ez-toc-grey ez-toc-container-direction\">\n<div class=\"ez-toc-title-container\">\n<p class=\"ez-toc-title\" style=\"cursor:inherit\">\u00cdndice de Contenidos<\/p>\n<span class=\"ez-toc-title-toggle\"><a href=\"#\" class=\"ez-toc-pull-right ez-toc-btn ez-toc-btn-xs ez-toc-btn-default ez-toc-toggle\" aria-label=\"Toggle Table of Content\"><span class=\"ez-toc-js-icon-con\"><span class=\"\"><span class=\"eztoc-hide\" style=\"display:none;\">Toggle<\/span><span class=\"ez-toc-icon-toggle-span\"><svg style=\"fill: #428bca;color:#428bca\" xmlns=\"http:\/\/www.w3.org\/2000\/svg\" class=\"list-377408\" width=\"20px\" height=\"20px\" viewBox=\"0 0 24 24\" fill=\"none\"><path d=\"M6 6H4v2h2V6zm14 0H8v2h12V6zM4 11h2v2H4v-2zm16 0H8v2h12v-2zM4 16h2v2H4v-2zm16 0H8v2h12v-2z\" fill=\"currentColor\"><\/path><\/svg><svg style=\"fill: #428bca;color:#428bca\" class=\"arrow-unsorted-368013\" xmlns=\"http:\/\/www.w3.org\/2000\/svg\" width=\"10px\" height=\"10px\" viewBox=\"0 0 24 24\" version=\"1.2\" baseProfile=\"tiny\"><path d=\"M18.2 9.3l-6.2-6.3-6.2 6.3c-.2.2-.3.4-.3.7s.1.5.3.7c.2.2.4.3.7.3h11c.3 0 .5-.1.7-.3.2-.2.3-.5.3-.7s-.1-.5-.3-.7zM5.8 14.7l6.2 6.3 6.2-6.3c.2-.2.3-.5.3-.7s-.1-.5-.3-.7c-.2-.2-.4-.3-.7-.3h-11c-.3 0-.5.1-.7.3-.2.2-.3.5-.3.7s.1.5.3.7z\"\/><\/svg><\/span><\/span><\/span><\/a><\/span><\/div>\n<nav><ul class='ez-toc-list ez-toc-list-level-1 eztoc-toggle-hide-by-default' ><li class='ez-toc-page-1 ez-toc-heading-level-2'><a class=\"ez-toc-link ez-toc-heading-1\" href=\"https:\/\/www.ariasassessors.com\/ca\/com-afecta-el-canvi-en-la-quota-dels-autonoms-el-2025\/#Que_es_el_Mecanisme_dEquitat_Intergeneracional_MEI_i_com_impacta_les_quotes\" title=\"Qu\u00e8 \u00e9s el Mecanisme d\u2019Equitat Intergeneracional (MEI) i com impacta les quotes?\">Qu\u00e8 \u00e9s el Mecanisme d\u2019Equitat Intergeneracional (MEI) i com impacta les quotes?<\/a><\/li><li class='ez-toc-page-1 ez-toc-heading-level-2'><a class=\"ez-toc-link ez-toc-heading-2\" href=\"https:\/\/www.ariasassessors.com\/ca\/com-afecta-el-canvi-en-la-quota-dels-autonoms-el-2025\/#Diferencies_entre_la_quota_actual_i_la_de_2025_exemples_practics\" title=\"Difer\u00e8ncies entre la quota actual i la de 2025: exemples pr\u00e0ctics\">Difer\u00e8ncies entre la quota actual i la de 2025: exemples pr\u00e0ctics<\/a><ul class='ez-toc-list-level-3' ><li class='ez-toc-heading-level-3'><a class=\"ez-toc-link ez-toc-heading-3\" href=\"https:\/\/www.ariasassessors.com\/ca\/com-afecta-el-canvi-en-la-quota-dels-autonoms-el-2025\/#Autonom_amb_base_minima_de_cotitzacio_1000_E\" title=\"Aut\u00f2nom amb base m\u00ednima de cotitzaci\u00f3 (1.000 \u20ac):\">Aut\u00f2nom amb base m\u00ednima de cotitzaci\u00f3 (1.000 \u20ac):<\/a><\/li><li class='ez-toc-page-1 ez-toc-heading-level-3'><a class=\"ez-toc-link ez-toc-heading-4\" href=\"https:\/\/www.ariasassessors.com\/ca\/com-afecta-el-canvi-en-la-quota-dels-autonoms-el-2025\/#Autonom_amb_base_mitjana_de_cotitzacio_2000_E\" title=\"Aut\u00f2nom amb base mitjana de cotitzaci\u00f3 (2.000 \u20ac):\">Aut\u00f2nom amb base mitjana de cotitzaci\u00f3 (2.000 \u20ac):<\/a><\/li><li class='ez-toc-page-1 ez-toc-heading-level-3'><a class=\"ez-toc-link ez-toc-heading-5\" href=\"https:\/\/www.ariasassessors.com\/ca\/com-afecta-el-canvi-en-la-quota-dels-autonoms-el-2025\/#Autonom_amb_base_alta_de_cotitzacio_3000_E\" title=\"Aut\u00f2nom amb base alta de cotitzaci\u00f3 (3.000 \u20ac):\">Aut\u00f2nom amb base alta de cotitzaci\u00f3 (3.000 \u20ac):<\/a><\/li><li class='ez-toc-page-1 ez-toc-heading-level-3'><a class=\"ez-toc-link ez-toc-heading-6\" href=\"https:\/\/www.ariasassessors.com\/ca\/com-afecta-el-canvi-en-la-quota-dels-autonoms-el-2025\/#Impacte_economic_del_canvi_en_les_quotes_dels_autonoms\" title=\"Impacte econ\u00f2mic del canvi en les quotes dels aut\u00f2noms\">Impacte econ\u00f2mic del canvi en les quotes dels aut\u00f2noms<\/a><\/li><\/ul><\/li><li class='ez-toc-page-1 ez-toc-heading-level-2'><a class=\"ez-toc-link ez-toc-heading-7\" href=\"https:\/\/www.ariasassessors.com\/ca\/com-afecta-el-canvi-en-la-quota-dels-autonoms-el-2025\/#Respostes_dels_autonoms_al_canvi_de_quota\" title=\"Respostes dels aut\u00f2noms al canvi de quota\">Respostes dels aut\u00f2noms al canvi de quota<\/a><\/li><li class='ez-toc-page-1 ez-toc-heading-level-2'><a class=\"ez-toc-link ez-toc-heading-8\" href=\"https:\/\/www.ariasassessors.com\/ca\/com-afecta-el-canvi-en-la-quota-dels-autonoms-el-2025\/#Consells_per_minimitzar_limpacte_de_laugment_de_quotes\" title=\"Consells per minimitzar l\u2019impacte de l\u2019augment de quotes\">Consells per minimitzar l\u2019impacte de l\u2019augment de quotes<\/a><\/li><li class='ez-toc-page-1 ez-toc-heading-level-2'><a class=\"ez-toc-link ez-toc-heading-9\" href=\"https:\/\/www.ariasassessors.com\/ca\/com-afecta-el-canvi-en-la-quota-dels-autonoms-el-2025\/#Conclusio_preparat_per_als_ajustos_economics_del_2025\" title=\"Conclusi\u00f3: prepara\u2019t per als ajustos econ\u00f2mics del 2025\">Conclusi\u00f3: prepara\u2019t per als ajustos econ\u00f2mics del 2025<\/a><\/li><\/ul><\/nav><\/div>\n<h2><span class=\"ez-toc-section\" id=\"Que_es_el_Mecanisme_dEquitat_Intergeneracional_MEI_i_com_impacta_les_quotes\"><\/span>Qu\u00e8 \u00e9s el Mecanisme d\u2019Equitat Intergeneracional (MEI) i com impacta les quotes?<span class=\"ez-toc-section-end\"><\/span><\/h2>\n<p>El MEI \u00e9s un complement a les cotitzacions actuals. Afegint un petit percentatge addicional, aquest mecanisme busca garantir que el sistema de pensions disposi dels recursos necessaris per al futur.<\/p>\n<p><strong>Com funciona?<\/strong> El MEI aplica un percentatge sobre la base m\u00ednima de cotitzaci\u00f3, que augmenta gradualment cada any. Per al 2025, el percentatge ser\u00e0 del 0,8 %. Aix\u00f2 tindr\u00e0 un efecte directe sobre la quota mensual que paguen els aut\u00f2noms.<\/p>\n<p>A <strong>Arias Assessors<\/strong>, calculem amb precisi\u00f3 com aquest canvi afecta les teves finances i t\u2019ajudem a optimitzar la teva cotitzaci\u00f3 per minimitzar-ne l\u2019impacte.<\/p>\n<h2><span class=\"ez-toc-section\" id=\"Diferencies_entre_la_quota_actual_i_la_de_2025_exemples_practics\"><\/span>Difer\u00e8ncies entre la quota actual i la de 2025: exemples pr\u00e0ctics<span class=\"ez-toc-section-end\"><\/span><\/h2>\n<p>Per entendre millor el canvi, vegem alguns exemples:<\/p>\n<ul>\n<li>\n<h3><span class=\"ez-toc-section\" id=\"Autonom_amb_base_minima_de_cotitzacio_1000_E\"><\/span><strong>Aut\u00f2nom amb base m\u00ednima de cotitzaci\u00f3 (1.000 \u20ac):<\/strong><span class=\"ez-toc-section-end\"><\/span><\/h3>\n<ul>\n<li>Quota actual (2024): 294 \u20ac<\/li>\n<li>Quota amb el MEI (2025): 302 \u20ac<\/li>\n<li><strong>Increment mensual:<\/strong> 8 \u20ac<\/li>\n<\/ul>\n<\/li>\n<li>\n<h3><span class=\"ez-toc-section\" id=\"Autonom_amb_base_mitjana_de_cotitzacio_2000_E\"><\/span><strong>Aut\u00f2nom amb base mitjana de cotitzaci\u00f3 (2.000 \u20ac):<\/strong><span class=\"ez-toc-section-end\"><\/span><\/h3>\n<ul>\n<li>Quota actual (2024): 588 \u20ac<\/li>\n<li>Quota amb el MEI (2025): 606 \u20ac<\/li>\n<li><strong>Increment mensual:<\/strong> 18 \u20ac<\/li>\n<\/ul>\n<\/li>\n<li>\n<h3><span class=\"ez-toc-section\" id=\"Autonom_amb_base_alta_de_cotitzacio_3000_E\"><\/span><strong>Aut\u00f2nom amb base alta de cotitzaci\u00f3 (3.000 \u20ac):<\/strong><span class=\"ez-toc-section-end\"><\/span><\/h3>\n<ul>\n<li>Quota actual (2024): 882 \u20ac<\/li>\n<li>Quota amb el MEI (2025): 906 \u20ac<\/li>\n<li><strong>Increment mensual:<\/strong> 24 \u20ac<\/li>\n<\/ul>\n<\/li>\n<\/ul>\n<p>Si no saps quina base de cotitzaci\u00f3 et conv\u00e9 m\u00e9s, nosaltres t\u2019acompanyem en el proc\u00e9s per trobar l\u2019opci\u00f3 m\u00e9s adequada.<\/p>\n<h3><span class=\"ez-toc-section\" id=\"Impacte_economic_del_canvi_en_les_quotes_dels_autonoms\"><\/span>Impacte econ\u00f2mic del canvi en les quotes dels aut\u00f2noms<span class=\"ez-toc-section-end\"><\/span><\/h3>\n<p>Aquest increment pot tenir diverses conseq\u00fc\u00e8ncies econ\u00f2miques:<\/p>\n<ol>\n<li><strong>M\u00e9s pressi\u00f3 sobre els ingressos nets:<\/strong> Aix\u00f2 \u00e9s especialment cr\u00edtic per a aquells amb ingressos baixos o variables.<\/li>\n<li><strong>Menys capacitat de reinversi\u00f3:<\/strong> Alguns aut\u00f2noms hauran d\u2019ajustar els seus pressupostos per adaptar-se al canvi.<\/li>\n<li><strong>Risc d\u2019increment de l\u2019economia submergida:<\/strong> \u00c9s possible que alguns optin per reduir l\u2019activitat registrada per evitar costos addicionals.<\/li>\n<\/ol>\n<p>Amb els serveis d\u2019<strong>Arias Assessors<\/strong>, t\u2019ajudem a planificar les teves finances perqu\u00e8 puguis gestionar aquest repte amb confian\u00e7a.<\/p>\n<h2><span class=\"ez-toc-section\" id=\"Respostes_dels_autonoms_al_canvi_de_quota\"><\/span>Respostes dels aut\u00f2noms al canvi de quota<span class=\"ez-toc-section-end\"><\/span><\/h2>\n<p>Diverses associacions, com ara l<a href=\"https:\/\/ata.es\/\">\u2019ATA (Associaci\u00f3 de Treballadors Aut\u00f2noms)<\/a>, han expressat la seva preocupaci\u00f3. Argumenten que el context fiscal actual ja \u00e9s complicat per als aut\u00f2noms. Aix\u00ed mateix, s\u2019han proposat mesures compensat\u00f2ries, com bonificacions o deduccions, per alleugerir aquest augment.<\/p>\n<p>A <strong>Arias Assessors<\/strong>, t\u2019informem de tots els canvis legislatius i t\u2019assessorem perqu\u00e8 puguis aprofitar qualsevol ajuda disponible.<\/p>\n<h2><span class=\"ez-toc-section\" id=\"Consells_per_minimitzar_limpacte_de_laugment_de_quotes\"><\/span>Consells per minimitzar l\u2019impacte de l\u2019augment de quotes<span class=\"ez-toc-section-end\"><\/span><\/h2>\n<p>Per tal de reduir l\u2019impacte del canvi, et recomanem les seg\u00fcents accions:<\/p>\n<ol>\n<li><strong>Revisa la teva base de cotitzaci\u00f3:<\/strong> Tria una base que s\u2019ajusti als teus ingressos reals.<\/li>\n<li><strong>Optimitza despeses i deduccions:<\/strong> Identifica totes les despeses dedu\u00efbles per millorar la teva situaci\u00f3 fiscal.<\/li>\n<li><strong>Planifica les teves finances:<\/strong> Reserva fons per anticipar-te a futurs ajustos.<\/li>\n<li><strong>Consulta les ajudes disponibles:<\/strong> Estudia si tens dret a bonificacions o incentius per aut\u00f2noms.<\/li>\n<\/ol>\n<p>El nostre equip pot ajudar-te a implementar aquestes mesures de manera personalitzada.<\/p>\n<h2><span class=\"ez-toc-section\" id=\"Conclusio_preparat_per_als_ajustos_economics_del_2025\"><\/span>Conclusi\u00f3: prepara\u2019t per als ajustos econ\u00f2mics del 2025<span class=\"ez-toc-section-end\"><\/span><\/h2>\n<p>El canvi en la quota dels aut\u00f2noms \u00e9s un recordatori de la necessitat d\u2019adaptar-se a un sistema de pensions m\u00e9s sostenible. Tot i que l\u2019impacte a curt termini pot semblar complicat, amb una planificaci\u00f3 adequada i l\u2019ajuda d\u2019experts com els <a href=\"https:\/\/www.ariasassessors.com\/ca\/contacte\/\">d\u2019Arias Assessors,<\/a> \u00e9s possible afrontar aquest repte amb \u00e8xit.<\/p>\n<p>Confia en nosaltres per gestionar els teus assumptes fiscals i assegurar que les teves finances estiguin en ordre, ara i en el futur.<\/p>\n","protected":false},"excerpt":{"rendered":"<p>El 2025, els treballadors per compte propi d&#8217;Espanya s\u2019enfrontaran a un canvi en la quota dels aut\u00f2noms. Aquest canvi es deu a la implementaci\u00f3 del Mecanisme d\u2019Equitat Intergeneracional (MEI), una mesura creada per refor\u00e7ar la sostenibilitat del sistema de pensions. Aix\u00f2 implicar\u00e0 un increment d\u2019entre&#8230;<\/p>\n","protected":false},"author":2,"featured_media":4039,"comment_status":"open","ping_status":"open","sticky":false,"template":"","format":"standard","meta":{"footnotes":""},"categories":[4],"tags":[],"class_list":["post-4040","post","type-post","status-publish","format-standard","has-post-thumbnail","hentry","category-noticies"],"yoast_head":"<!-- This site is optimized with the Yoast SEO plugin v24.3 - https:\/\/yoast.com\/wordpress\/plugins\/seo\/ -->\n<title>Com afecta el canvi en la quota dels aut\u00f2noms el 2025 | Arias Assessors<\/title>\n<meta name=\"description\" content=\"Descobreix com afrontar el canvi en la quota dels aut\u00f2noms el 2025 amb estrat\u00e8gies efectives i assessorament personalitzat d&#039;experts.\" \/>\n<meta name=\"robots\" content=\"index, follow, max-snippet:-1, max-image-preview:large, max-video-preview:-1\" \/>\n<link rel=\"canonical\" href=\"https:\/\/www.ariasassessors.com\/como-afecta-el-cambio-en-la-cuota-de-autonomos-en-2025\/\" \/>\n<meta property=\"og:locale\" content=\"ca_ES\" \/>\n<meta property=\"og:type\" content=\"article\" \/>\n<meta property=\"og:title\" content=\"Com afecta el canvi en la quota dels aut\u00f2noms el 2025 | Arias Assessors\" \/>\n<meta property=\"og:description\" content=\"Descobreix com afrontar el canvi en la quota dels aut\u00f2noms el 2025 amb estrat\u00e8gies efectives i assessorament personalitzat d&#039;experts.\" \/>\n<meta property=\"og:url\" content=\"https:\/\/www.ariasassessors.com\/como-afecta-el-cambio-en-la-cuota-de-autonomos-en-2025\/\" \/>\n<meta property=\"og:site_name\" content=\"Arias Assessors\" \/>\n<meta property=\"article:publisher\" content=\"https:\/\/www.facebook.com\/ariasassessors\/\" \/>\n<meta property=\"article:published_time\" content=\"2025-01-06T11:00:56+00:00\" \/>\n<meta property=\"article:modified_time\" content=\"2025-01-03T12:18:49+00:00\" \/>\n<meta name=\"author\" content=\"btorras\" \/>\n<meta name=\"twitter:card\" content=\"summary_large_image\" \/>\n<meta name=\"twitter:creator\" content=\"@ariasassessors\" \/>\n<meta name=\"twitter:site\" content=\"@ariasassessors\" \/>\n<meta name=\"twitter:label1\" content=\"Escrit per\" \/>\n\t<meta name=\"twitter:data1\" content=\"btorras\" \/>\n\t<meta name=\"twitter:label2\" content=\"Temps estimat de lectura\" \/>\n\t<meta name=\"twitter:data2\" content=\"3 minuts\" \/>\n<script type=\"application\/ld+json\" class=\"yoast-schema-graph\">{\"@context\":\"https:\/\/schema.org\",\"@graph\":[{\"@type\":\"Article\",\"@id\":\"https:\/\/www.ariasassessors.com\/como-afecta-el-cambio-en-la-cuota-de-autonomos-en-2025\/#article\",\"isPartOf\":{\"@id\":\"https:\/\/www.ariasassessors.com\/como-afecta-el-cambio-en-la-cuota-de-autonomos-en-2025\/\"},\"author\":{\"name\":\"btorras\",\"@id\":\"https:\/\/www.ariasassessors.com\/#\/schema\/person\/63c6ad1775f0a9413c37932562673cef\"},\"headline\":\"Com afecta el canvi en la quota dels aut\u00f2noms el 2025\",\"datePublished\":\"2025-01-06T11:00:56+00:00\",\"dateModified\":\"2025-01-03T12:18:49+00:00\",\"mainEntityOfPage\":{\"@id\":\"https:\/\/www.ariasassessors.com\/como-afecta-el-cambio-en-la-cuota-de-autonomos-en-2025\/\"},\"wordCount\":652,\"commentCount\":0,\"publisher\":{\"@id\":\"https:\/\/www.ariasassessors.com\/#organization\"},\"image\":{\"@id\":\"https:\/\/www.ariasassessors.com\/como-afecta-el-cambio-en-la-cuota-de-autonomos-en-2025\/#primaryimage\"},\"thumbnailUrl\":\"https:\/\/www.ariasassessors.com\/wp-content\/uploads\/2025\/01\/Arias_Blog_IMAGEN_DESTACADA-9.png\",\"articleSection\":[\"noticies\"],\"inLanguage\":\"ca\",\"potentialAction\":[{\"@type\":\"CommentAction\",\"name\":\"Comment\",\"target\":[\"https:\/\/www.ariasassessors.com\/como-afecta-el-cambio-en-la-cuota-de-autonomos-en-2025\/#respond\"]}]},{\"@type\":\"WebPage\",\"@id\":\"https:\/\/www.ariasassessors.com\/como-afecta-el-cambio-en-la-cuota-de-autonomos-en-2025\/\",\"url\":\"https:\/\/www.ariasassessors.com\/como-afecta-el-cambio-en-la-cuota-de-autonomos-en-2025\/\",\"name\":\"Com afecta el canvi en la quota dels aut\u00f2noms el 2025 | Arias Assessors\",\"isPartOf\":{\"@id\":\"https:\/\/www.ariasassessors.com\/#website\"},\"primaryImageOfPage\":{\"@id\":\"https:\/\/www.ariasassessors.com\/como-afecta-el-cambio-en-la-cuota-de-autonomos-en-2025\/#primaryimage\"},\"image\":{\"@id\":\"https:\/\/www.ariasassessors.com\/como-afecta-el-cambio-en-la-cuota-de-autonomos-en-2025\/#primaryimage\"},\"thumbnailUrl\":\"https:\/\/www.ariasassessors.com\/wp-content\/uploads\/2025\/01\/Arias_Blog_IMAGEN_DESTACADA-9.png\",\"datePublished\":\"2025-01-06T11:00:56+00:00\",\"dateModified\":\"2025-01-03T12:18:49+00:00\",\"description\":\"Descobreix com afrontar el canvi en la quota dels aut\u00f2noms el 2025 amb estrat\u00e8gies efectives i assessorament personalitzat d'experts.\",\"breadcrumb\":{\"@id\":\"https:\/\/www.ariasassessors.com\/como-afecta-el-cambio-en-la-cuota-de-autonomos-en-2025\/#breadcrumb\"},\"inLanguage\":\"ca\",\"potentialAction\":[{\"@type\":\"ReadAction\",\"target\":[\"https:\/\/www.ariasassessors.com\/como-afecta-el-cambio-en-la-cuota-de-autonomos-en-2025\/\"]}]},{\"@type\":\"ImageObject\",\"inLanguage\":\"ca\",\"@id\":\"https:\/\/www.ariasassessors.com\/como-afecta-el-cambio-en-la-cuota-de-autonomos-en-2025\/#primaryimage\",\"url\":\"https:\/\/www.ariasassessors.com\/wp-content\/uploads\/2025\/01\/Arias_Blog_IMAGEN_DESTACADA-9.png\",\"contentUrl\":\"https:\/\/www.ariasassessors.com\/wp-content\/uploads\/2025\/01\/Arias_Blog_IMAGEN_DESTACADA-9.png\",\"width\":1920,\"height\":1202},{\"@type\":\"BreadcrumbList\",\"@id\":\"https:\/\/www.ariasassessors.com\/como-afecta-el-cambio-en-la-cuota-de-autonomos-en-2025\/#breadcrumb\",\"itemListElement\":[{\"@type\":\"ListItem\",\"position\":1,\"name\":\"Portada\",\"item\":\"https:\/\/www.ariasassessors.com\/ca\/\"},{\"@type\":\"ListItem\",\"position\":2,\"name\":\"Com afecta el canvi en la quota dels aut\u00f2noms el 2025\"}]},{\"@type\":\"WebSite\",\"@id\":\"https:\/\/www.ariasassessors.com\/#website\",\"url\":\"https:\/\/www.ariasassessors.com\/\",\"name\":\"Arias Assessors\",\"description\":\"Asesor\u00eda para aut\u00f3nomos, profesionales y PYMES\",\"publisher\":{\"@id\":\"https:\/\/www.ariasassessors.com\/#organization\"},\"potentialAction\":[{\"@type\":\"SearchAction\",\"target\":{\"@type\":\"EntryPoint\",\"urlTemplate\":\"https:\/\/www.ariasassessors.com\/?s={search_term_string}\"},\"query-input\":{\"@type\":\"PropertyValueSpecification\",\"valueRequired\":true,\"valueName\":\"search_term_string\"}}],\"inLanguage\":\"ca\"},{\"@type\":\"Organization\",\"@id\":\"https:\/\/www.ariasassessors.com\/#organization\",\"name\":\"Arias Assessors\",\"url\":\"https:\/\/www.ariasassessors.com\/\",\"logo\":{\"@type\":\"ImageObject\",\"inLanguage\":\"ca\",\"@id\":\"https:\/\/www.ariasassessors.com\/#\/schema\/logo\/image\/\",\"url\":\"https:\/\/www.ariasassessors.com\/wp-content\/uploads\/2019\/01\/arias-logo.png\",\"contentUrl\":\"https:\/\/www.ariasassessors.com\/wp-content\/uploads\/2019\/01\/arias-logo.png\",\"width\":349,\"height\":254,\"caption\":\"Arias Assessors\"},\"image\":{\"@id\":\"https:\/\/www.ariasassessors.com\/#\/schema\/logo\/image\/\"},\"sameAs\":[\"https:\/\/www.facebook.com\/ariasassessors\/\",\"https:\/\/x.com\/ariasassessors\",\"https:\/\/www.linkedin.com\/company\/r&amp;amp;r-growing-knowledge\/\"]},{\"@type\":\"Person\",\"@id\":\"https:\/\/www.ariasassessors.com\/#\/schema\/person\/63c6ad1775f0a9413c37932562673cef\",\"name\":\"btorras\",\"image\":{\"@type\":\"ImageObject\",\"inLanguage\":\"ca\",\"@id\":\"https:\/\/www.ariasassessors.com\/#\/schema\/person\/image\/\",\"url\":\"https:\/\/secure.gravatar.com\/avatar\/0531db351fc361fdbfd204c58fa2d6a3?s=96&d=mm&r=g\",\"contentUrl\":\"https:\/\/secure.gravatar.com\/avatar\/0531db351fc361fdbfd204c58fa2d6a3?s=96&d=mm&r=g\",\"caption\":\"btorras\"}}]}<\/script>\n<!-- \/ Yoast SEO plugin. -->","yoast_head_json":{"title":"Com afecta el canvi en la quota dels aut\u00f2noms el 2025 | Arias Assessors","description":"Descobreix com afrontar el canvi en la quota dels aut\u00f2noms el 2025 amb estrat\u00e8gies efectives i assessorament personalitzat d'experts.","robots":{"index":"index","follow":"follow","max-snippet":"max-snippet:-1","max-image-preview":"max-image-preview:large","max-video-preview":"max-video-preview:-1"},"canonical":"https:\/\/www.ariasassessors.com\/como-afecta-el-cambio-en-la-cuota-de-autonomos-en-2025\/","og_locale":"ca_ES","og_type":"article","og_title":"Com afecta el canvi en la quota dels aut\u00f2noms el 2025 | Arias Assessors","og_description":"Descobreix com afrontar el canvi en la quota dels aut\u00f2noms el 2025 amb estrat\u00e8gies efectives i assessorament personalitzat d'experts.","og_url":"https:\/\/www.ariasassessors.com\/como-afecta-el-cambio-en-la-cuota-de-autonomos-en-2025\/","og_site_name":"Arias Assessors","article_publisher":"https:\/\/www.facebook.com\/ariasassessors\/","article_published_time":"2025-01-06T11:00:56+00:00","article_modified_time":"2025-01-03T12:18:49+00:00","author":"btorras","twitter_card":"summary_large_image","twitter_creator":"@ariasassessors","twitter_site":"@ariasassessors","twitter_misc":{"Escrit per":"btorras","Temps estimat de lectura":"3 minuts"},"schema":{"@context":"https:\/\/schema.org","@graph":[{"@type":"Article","@id":"https:\/\/www.ariasassessors.com\/como-afecta-el-cambio-en-la-cuota-de-autonomos-en-2025\/#article","isPartOf":{"@id":"https:\/\/www.ariasassessors.com\/como-afecta-el-cambio-en-la-cuota-de-autonomos-en-2025\/"},"author":{"name":"btorras","@id":"https:\/\/www.ariasassessors.com\/#\/schema\/person\/63c6ad1775f0a9413c37932562673cef"},"headline":"Com afecta el canvi en la quota dels aut\u00f2noms el 2025","datePublished":"2025-01-06T11:00:56+00:00","dateModified":"2025-01-03T12:18:49+00:00","mainEntityOfPage":{"@id":"https:\/\/www.ariasassessors.com\/como-afecta-el-cambio-en-la-cuota-de-autonomos-en-2025\/"},"wordCount":652,"commentCount":0,"publisher":{"@id":"https:\/\/www.ariasassessors.com\/#organization"},"image":{"@id":"https:\/\/www.ariasassessors.com\/como-afecta-el-cambio-en-la-cuota-de-autonomos-en-2025\/#primaryimage"},"thumbnailUrl":"https:\/\/www.ariasassessors.com\/wp-content\/uploads\/2025\/01\/Arias_Blog_IMAGEN_DESTACADA-9.png","articleSection":["noticies"],"inLanguage":"ca","potentialAction":[{"@type":"CommentAction","name":"Comment","target":["https:\/\/www.ariasassessors.com\/como-afecta-el-cambio-en-la-cuota-de-autonomos-en-2025\/#respond"]}]},{"@type":"WebPage","@id":"https:\/\/www.ariasassessors.com\/como-afecta-el-cambio-en-la-cuota-de-autonomos-en-2025\/","url":"https:\/\/www.ariasassessors.com\/como-afecta-el-cambio-en-la-cuota-de-autonomos-en-2025\/","name":"Com afecta el canvi en la quota dels aut\u00f2noms el 2025 | Arias Assessors","isPartOf":{"@id":"https:\/\/www.ariasassessors.com\/#website"},"primaryImageOfPage":{"@id":"https:\/\/www.ariasassessors.com\/como-afecta-el-cambio-en-la-cuota-de-autonomos-en-2025\/#primaryimage"},"image":{"@id":"https:\/\/www.ariasassessors.com\/como-afecta-el-cambio-en-la-cuota-de-autonomos-en-2025\/#primaryimage"},"thumbnailUrl":"https:\/\/www.ariasassessors.com\/wp-content\/uploads\/2025\/01\/Arias_Blog_IMAGEN_DESTACADA-9.png","datePublished":"2025-01-06T11:00:56+00:00","dateModified":"2025-01-03T12:18:49+00:00","description":"Descobreix com afrontar el canvi en la quota dels aut\u00f2noms el 2025 amb estrat\u00e8gies efectives i assessorament personalitzat d'experts.","breadcrumb":{"@id":"https:\/\/www.ariasassessors.com\/como-afecta-el-cambio-en-la-cuota-de-autonomos-en-2025\/#breadcrumb"},"inLanguage":"ca","potentialAction":[{"@type":"ReadAction","target":["https:\/\/www.ariasassessors.com\/como-afecta-el-cambio-en-la-cuota-de-autonomos-en-2025\/"]}]},{"@type":"ImageObject","inLanguage":"ca","@id":"https:\/\/www.ariasassessors.com\/como-afecta-el-cambio-en-la-cuota-de-autonomos-en-2025\/#primaryimage","url":"https:\/\/www.ariasassessors.com\/wp-content\/uploads\/2025\/01\/Arias_Blog_IMAGEN_DESTACADA-9.png","contentUrl":"https:\/\/www.ariasassessors.com\/wp-content\/uploads\/2025\/01\/Arias_Blog_IMAGEN_DESTACADA-9.png","width":1920,"height":1202},{"@type":"BreadcrumbList","@id":"https:\/\/www.ariasassessors.com\/como-afecta-el-cambio-en-la-cuota-de-autonomos-en-2025\/#breadcrumb","itemListElement":[{"@type":"ListItem","position":1,"name":"Portada","item":"https:\/\/www.ariasassessors.com\/ca\/"},{"@type":"ListItem","position":2,"name":"Com afecta el canvi en la quota dels aut\u00f2noms el 2025"}]},{"@type":"WebSite","@id":"https:\/\/www.ariasassessors.com\/#website","url":"https:\/\/www.ariasassessors.com\/","name":"Arias Assessors","description":"Asesor\u00eda para aut\u00f3nomos, profesionales y PYMES","publisher":{"@id":"https:\/\/www.ariasassessors.com\/#organization"},"potentialAction":[{"@type":"SearchAction","target":{"@type":"EntryPoint","urlTemplate":"https:\/\/www.ariasassessors.com\/?s={search_term_string}"},"query-input":{"@type":"PropertyValueSpecification","valueRequired":true,"valueName":"search_term_string"}}],"inLanguage":"ca"},{"@type":"Organization","@id":"https:\/\/www.ariasassessors.com\/#organization","name":"Arias Assessors","url":"https:\/\/www.ariasassessors.com\/","logo":{"@type":"ImageObject","inLanguage":"ca","@id":"https:\/\/www.ariasassessors.com\/#\/schema\/logo\/image\/","url":"https:\/\/www.ariasassessors.com\/wp-content\/uploads\/2019\/01\/arias-logo.png","contentUrl":"https:\/\/www.ariasassessors.com\/wp-content\/uploads\/2019\/01\/arias-logo.png","width":349,"height":254,"caption":"Arias Assessors"},"image":{"@id":"https:\/\/www.ariasassessors.com\/#\/schema\/logo\/image\/"},"sameAs":["https:\/\/www.facebook.com\/ariasassessors\/","https:\/\/x.com\/ariasassessors","https:\/\/www.linkedin.com\/company\/r&amp;amp;r-growing-knowledge\/"]},{"@type":"Person","@id":"https:\/\/www.ariasassessors.com\/#\/schema\/person\/63c6ad1775f0a9413c37932562673cef","name":"btorras","image":{"@type":"ImageObject","inLanguage":"ca","@id":"https:\/\/www.ariasassessors.com\/#\/schema\/person\/image\/","url":"https:\/\/secure.gravatar.com\/avatar\/0531db351fc361fdbfd204c58fa2d6a3?s=96&d=mm&r=g","contentUrl":"https:\/\/secure.gravatar.com\/avatar\/0531db351fc361fdbfd204c58fa2d6a3?s=96&d=mm&r=g","caption":"btorras"}}]}},"_links":{"self":[{"href":"https:\/\/www.ariasassessors.com\/ca\/wp-json\/wp\/v2\/posts\/4040","targetHints":{"allow":["GET"]}}],"collection":[{"href":"https:\/\/www.ariasassessors.com\/ca\/wp-json\/wp\/v2\/posts"}],"about":[{"href":"https:\/\/www.ariasassessors.com\/ca\/wp-json\/wp\/v2\/types\/post"}],"author":[{"embeddable":true,"href":"https:\/\/www.ariasassessors.com\/ca\/wp-json\/wp\/v2\/users\/2"}],"replies":[{"embeddable":true,"href":"https:\/\/www.ariasassessors.com\/ca\/wp-json\/wp\/v2\/comments?post=4040"}],"version-history":[{"count":1,"href":"https:\/\/www.ariasassessors.com\/ca\/wp-json\/wp\/v2\/posts\/4040\/revisions"}],"predecessor-version":[{"id":4042,"href":"https:\/\/www.ariasassessors.com\/ca\/wp-json\/wp\/v2\/posts\/4040\/revisions\/4042"}],"wp:featuredmedia":[{"embeddable":true,"href":"https:\/\/www.ariasassessors.com\/ca\/wp-json\/wp\/v2\/media\/4039"}],"wp:attachment":[{"href":"https:\/\/www.ariasassessors.com\/ca\/wp-json\/wp\/v2\/media?parent=4040"}],"wp:term":[{"taxonomy":"category","embeddable":true,"href":"https:\/\/www.ariasassessors.com\/ca\/wp-json\/wp\/v2\/categories?post=4040"},{"taxonomy":"post_tag","embeddable":true,"href":"https:\/\/www.ariasassessors.com\/ca\/wp-json\/wp\/v2\/tags?post=4040"}],"curies":[{"name":"wp","href":"https:\/\/api.w.org\/{rel}","templated":true}]}}