{"id":4047,"date":"2025-01-13T10:00:31","date_gmt":"2025-01-13T09:00:31","guid":{"rendered":"https:\/\/www.ariasassessors.com\/?p=4047"},"modified":"2025-01-10T11:27:15","modified_gmt":"2025-01-10T10:27:15","slug":"la-baixa-productivitat-a-les-pimes","status":"publish","type":"post","link":"https:\/\/www.ariasassessors.com\/ca\/la-baixa-productivitat-a-les-pimes\/","title":{"rendered":"La baixa productivitat a les pimes: un desafiament global"},"content":{"rendered":"<p>La productivitat \u00e9s una m\u00e8trica essencial per mesurar el rendiment d\u2019una empresa i la seva capacitat per generar valor amb els recursos disponibles. Tanmateix, en el cas de les pimes catalanes i espanyoles, aquest indicador mostra signes preocupants. Segons un informe del<a href=\"https:\/\/economistas.es\/\"> Consell General d\u2019Economistes (CGE)<\/a>, Espanya \u00e9s el cinqu\u00e8 pa\u00eds de la Uni\u00f3 Europea amb un menor creixement en productivitat durant l\u2019\u00faltima d\u00e8cada. Aquest retard podria tenir greus implicacions per a la competitivitat de les petites empreses en un m\u00f3n cada vegada m\u00e9s globalitzat.<\/p>\n<p>En aquest article explorarem les causes principals de la baixa productivitat a les pimes, les difer\u00e8ncies regionals existents i com factors com la tecnologia, la dimensi\u00f3 de les empreses i les pol\u00edtiques econ\u00f2miques afecten directament el seu rendiment.<\/p>\n<div id=\"ez-toc-container\" class=\"ez-toc-v2_0_72 counter-hierarchy ez-toc-counter ez-toc-grey ez-toc-container-direction\">\n<div class=\"ez-toc-title-container\">\n<p class=\"ez-toc-title\" style=\"cursor:inherit\">\u00cdndice de Contenidos<\/p>\n<span class=\"ez-toc-title-toggle\"><a href=\"#\" class=\"ez-toc-pull-right ez-toc-btn ez-toc-btn-xs ez-toc-btn-default ez-toc-toggle\" aria-label=\"Toggle Table of Content\"><span class=\"ez-toc-js-icon-con\"><span class=\"\"><span class=\"eztoc-hide\" style=\"display:none;\">Toggle<\/span><span class=\"ez-toc-icon-toggle-span\"><svg style=\"fill: #428bca;color:#428bca\" xmlns=\"http:\/\/www.w3.org\/2000\/svg\" class=\"list-377408\" width=\"20px\" height=\"20px\" viewBox=\"0 0 24 24\" fill=\"none\"><path d=\"M6 6H4v2h2V6zm14 0H8v2h12V6zM4 11h2v2H4v-2zm16 0H8v2h12v-2zM4 16h2v2H4v-2zm16 0H8v2h12v-2z\" fill=\"currentColor\"><\/path><\/svg><svg style=\"fill: #428bca;color:#428bca\" class=\"arrow-unsorted-368013\" xmlns=\"http:\/\/www.w3.org\/2000\/svg\" width=\"10px\" height=\"10px\" viewBox=\"0 0 24 24\" version=\"1.2\" baseProfile=\"tiny\"><path d=\"M18.2 9.3l-6.2-6.3-6.2 6.3c-.2.2-.3.4-.3.7s.1.5.3.7c.2.2.4.3.7.3h11c.3 0 .5-.1.7-.3.2-.2.3-.5.3-.7s-.1-.5-.3-.7zM5.8 14.7l6.2 6.3 6.2-6.3c.2-.2.3-.5.3-.7s-.1-.5-.3-.7c-.2-.2-.4-.3-.7-.3h-11c-.3 0-.5.1-.7.3-.2.2-.3.5-.3.7s.1.5.3.7z\"\/><\/svg><\/span><\/span><\/span><\/a><\/span><\/div>\n<nav><ul class='ez-toc-list ez-toc-list-level-1 eztoc-toggle-hide-by-default' ><li class='ez-toc-page-1 ez-toc-heading-level-3'><a class=\"ez-toc-link ez-toc-heading-1\" href=\"https:\/\/www.ariasassessors.com\/ca\/la-baixa-productivitat-a-les-pimes\/#Factors_clau_que_afecten_la_productivitat_de_les_petites_empreses\" title=\"Factors clau que afecten la productivitat de les petites empreses\">Factors clau que afecten la productivitat de les petites empreses<\/a><\/li><li class='ez-toc-page-1 ez-toc-heading-level-3'><a class=\"ez-toc-link ez-toc-heading-2\" href=\"https:\/\/www.ariasassessors.com\/ca\/la-baixa-productivitat-a-les-pimes\/#Limpacte_del_SMI_i_els_costos_creixents_a_les_pimes\" title=\"L\u2019impacte del SMI i els costos creixents a les pimes\">L\u2019impacte del SMI i els costos creixents a les pimes<\/a><\/li><li class='ez-toc-page-1 ez-toc-heading-level-3'><a class=\"ez-toc-link ez-toc-heading-3\" href=\"https:\/\/www.ariasassessors.com\/ca\/la-baixa-productivitat-a-les-pimes\/#Diferencies_regionals_que_fan_be_el_Pais_Basc_Madrid_i_Navarra\" title=\"Difer\u00e8ncies regionals: qu\u00e8 fan b\u00e9 el Pa\u00eds Basc, Madrid i Navarra?\">Difer\u00e8ncies regionals: qu\u00e8 fan b\u00e9 el Pa\u00eds Basc, Madrid i Navarra?<\/a><\/li><li class='ez-toc-page-1 ez-toc-heading-level-3'><a class=\"ez-toc-link ez-toc-heading-4\" href=\"https:\/\/www.ariasassessors.com\/ca\/la-baixa-productivitat-a-les-pimes\/#Sectors_menys_productius_el_repte_del_comerc_i_lhostaleria\" title=\"Sectors menys productius: el repte del comer\u00e7 i l\u2019hostaleria\">Sectors menys productius: el repte del comer\u00e7 i l\u2019hostaleria<\/a><\/li><li class='ez-toc-page-1 ez-toc-heading-level-3'><a class=\"ez-toc-link ez-toc-heading-5\" href=\"https:\/\/www.ariasassessors.com\/ca\/la-baixa-productivitat-a-les-pimes\/#Com_la_tecnologia_i_el_RD_poden_canviar_el_panorama\" title=\"Com la tecnologia i el R+D poden canviar el panorama\">Com la tecnologia i el R+D poden canviar el panorama<\/a><\/li><li class='ez-toc-page-1 ez-toc-heading-level-3'><a class=\"ez-toc-link ez-toc-heading-6\" href=\"https:\/\/www.ariasassessors.com\/ca\/la-baixa-productivitat-a-les-pimes\/#Conclusio_modernitzacio_com_a_clau_per_a_la_competitivitat_global\" title=\"Conclusi\u00f3: modernitzaci\u00f3 com a clau per a la competitivitat global\">Conclusi\u00f3: modernitzaci\u00f3 com a clau per a la competitivitat global<\/a><\/li><\/ul><\/nav><\/div>\n<h3><span class=\"ez-toc-section\" id=\"Factors_clau_que_afecten_la_productivitat_de_les_petites_empreses\"><\/span><strong>Factors clau que afecten la productivitat de les petites empreses<\/strong><span class=\"ez-toc-section-end\"><\/span><\/h3>\n<p>La dimensi\u00f3 d\u2019una empresa juga un paper determinant en la seva productivitat. A Espanya, les pimes representen el 99% del teixit empresarial, per\u00f2 la seva capacitat per competir amb les grans empreses \u00e9s limitada per diverses raons:<\/p>\n<ul>\n<li><strong>Manca d\u2019inversi\u00f3 en tecnologia i R+D:<\/strong> Les grans empreses disposen de m\u00e9s recursos per implementar tecnologies avan\u00e7ades i sistemes d\u2019automatitzaci\u00f3, fet que els permet optimitzar processos i reduir costos.<\/li>\n<li><strong>Augments del SMI:<\/strong> Tot i que les pujades del Salari M\u00ednim Interprofessional (SMI) busquen millorar les condicions laborals, tamb\u00e9 han incrementat els costos laborals per a les pimes, reduint el marge per invertir en millores productives.<\/li>\n<li><strong>Sectors de baix valor afegit:<\/strong> La majoria de pimes es concentren en sectors com el comer\u00e7 o l\u2019hostaleria, on les oportunitats per millorar la productivitat s\u00f3n limitades en comparaci\u00f3 amb les ind\u00fastries tecnol\u00f2giques o financeres.<\/li>\n<\/ul>\n<h3><span class=\"ez-toc-section\" id=\"Limpacte_del_SMI_i_els_costos_creixents_a_les_pimes\"><\/span><strong>L\u2019impacte del SMI i els costos creixents a les pimes<\/strong><span class=\"ez-toc-section-end\"><\/span><\/h3>\n<p>Les pol\u00edtiques econ\u00f2miques poden tenir efectes significatius en les pimes. En els darrers anys, les pujades del SMI han suposat un desafiament important. Segons els economistes, aquestes mesures han incrementat els costos fixos de les empreses, afectant especialment aquelles amb marges m\u00e9s ajustats. Aix\u00f2, combinat amb la inflaci\u00f3 i l\u2019augment dels preus de les mat\u00e8ries primeres, ha deixat moltes petites empreses en una posici\u00f3 vulnerable.<\/p>\n<p><strong>Cita rellevant:<\/strong> El president del CGE, Valent\u00edn Pich, va assenyalar: <em>&#8220;Millorar els nivells de productivitat no nom\u00e9s ha de ser un objectiu com a pa\u00eds, sin\u00f3 tamb\u00e9 una necessitat urgent per no quedar enrere respecte a les economies emergents.&#8221;<\/em><\/p>\n<h3><span class=\"ez-toc-section\" id=\"Diferencies_regionals_que_fan_be_el_Pais_Basc_Madrid_i_Navarra\"><\/span><strong>Difer\u00e8ncies regionals: qu\u00e8 fan b\u00e9 el Pa\u00eds Basc, Madrid i Navarra?<\/strong><span class=\"ez-toc-section-end\"><\/span><\/h3>\n<p>Tot i el panorama general de baixa productivitat a Espanya, hi ha regions que destaquen pels seus bons resultats. Segons l\u2019informe del CGE, el Pa\u00eds Basc, Madrid i Navarra s\u00f3n les \u00faniques comunitats aut\u00f2nomes on les pimes aconsegueixen nivells de productivitat similars a la mitjana europea.<\/p>\n<p>Aquestes regions tenen en com\u00fa:<\/p>\n<ul>\n<li><strong>Major inversi\u00f3 en tecnologia i formaci\u00f3:<\/strong> Han prioritzat el desenvolupament de talent i la implementaci\u00f3 de sistemes avan\u00e7ats de gesti\u00f3.<\/li>\n<li><strong>Diversificaci\u00f3 sectorial:<\/strong> Han centrat esfor\u00e7os en sectors d\u2019alt valor afegit, com la ind\u00fastria i les tecnologies de la informaci\u00f3.<\/li>\n<\/ul>\n<p>D\u2019altra banda, comunitats com M\u00farcia, Extremadura i Andalusia afronten m\u00e9s reptes a causa de la seva alta depend\u00e8ncia de sectors tradicionals amb baixa productivitat.<\/p>\n<h3><span class=\"ez-toc-section\" id=\"Sectors_menys_productius_el_repte_del_comerc_i_lhostaleria\"><\/span><strong>Sectors menys productius: el repte del comer\u00e7 i l\u2019hostaleria<\/strong><span class=\"ez-toc-section-end\"><\/span><\/h3>\n<p>L\u2019informe tamb\u00e9 destaca que sectors com l\u2019agricultura, la ramaderia, el comer\u00e7 i l\u2019hostaleria registren els nivells m\u00e9s baixos de productivitat. Aix\u00f2 es deu, en part, a la naturalesa mateixa d\u2019aquests sectors, que depenen intensament del treball manual i tenen un baix nivell d\u2019automatitzaci\u00f3.<\/p>\n<p>Per la baixa productivitat a les pimes, cal un enfocament estrat\u00e8gic que combini formaci\u00f3 laboral, incentius per a la modernitzaci\u00f3 tecnol\u00f2gica i pol\u00edtiques que promoguin la col\u00b7laboraci\u00f3 entre empreses.<\/p>\n<h3><span class=\"ez-toc-section\" id=\"Com_la_tecnologia_i_el_RD_poden_canviar_el_panorama\"><\/span><strong>Com la tecnologia i el R+D poden canviar el panorama<\/strong><span class=\"ez-toc-section-end\"><\/span><\/h3>\n<p>Una de les claus per revertir aquesta situaci\u00f3 \u00e9s l\u2019adopci\u00f3 de tecnologia i la inversi\u00f3 en recerca i desenvolupament (R+D). Les empreses que implementen eines tecnol\u00f2giques, com ara sistemes de gesti\u00f3 automatitzats o solucions basades en intel\u00b7lig\u00e8ncia artificial, aconsegueixen optimitzar processos i augmentar el seu rendiment.<\/p>\n<p>A m\u00e9s, les pol\u00edtiques p\u00fabliques tamb\u00e9 han de jugar un paper rellevant. Programes d\u2019incentius fiscals i finan\u00e7ament per a pimes que inverteixin en R+D+i podrien ser una soluci\u00f3 efectiva per reduir la bretxa de productivitat entre Espanya i altres pa\u00efsos de la Uni\u00f3 Europea.<\/p>\n<h3><span class=\"ez-toc-section\" id=\"Conclusio_modernitzacio_com_a_clau_per_a_la_competitivitat_global\"><\/span><strong>Conclusi\u00f3: modernitzaci\u00f3 com a clau per a la competitivitat global<\/strong><span class=\"ez-toc-section-end\"><\/span><\/h3>\n<p>La baixa productivitat de les pimes espanyoles \u00e9s un problema estructural que requereix solucions integrals. Des de la modernitzaci\u00f3 tecnol\u00f2gica fins a pol\u00edtiques econ\u00f2miques que equilibrin el creixement empresarial. Cal fer molt per garantir que aquestes empreses no quedin enrere en l\u2019entorn global competitiu.<\/p>\n<p>Per aconseguir-ho, \u00e9s fonamental que les pimes adoptin un enfocament m\u00e9s innovador i estrat\u00e8gic, prioritzant la inversi\u00f3 en tecnologia i el desenvolupament del talent hum\u00e0. Nom\u00e9s aix\u00ed podran superar els desafiaments actuals i posicionar-se com a motors clau del creixement econ\u00f2mic a Espanya.<\/p>\n<p><strong><a href=\"https:\/\/www.ariasassessors.com\/ca\/\">A Arias Assessors<\/a> t\u2019ajudem a superar els reptes de productivitat de la teva pime. Contacta amb nosaltres i transforma el teu negoci avui mateix.<\/strong><\/p>\n","protected":false},"excerpt":{"rendered":"<p>La productivitat \u00e9s una m\u00e8trica essencial per mesurar el rendiment d\u2019una empresa i la seva capacitat per generar valor amb els recursos disponibles. Tanmateix, en el cas de les pimes catalanes i espanyoles, aquest indicador mostra signes preocupants. Segons un informe del Consell General d\u2019Economistes&#8230;<\/p>\n","protected":false},"author":2,"featured_media":4045,"comment_status":"open","ping_status":"open","sticky":false,"template":"","format":"standard","meta":{"footnotes":""},"categories":[4],"tags":[],"class_list":["post-4047","post","type-post","status-publish","format-standard","has-post-thumbnail","hentry","category-noticies"],"yoast_head":"<!-- This site is optimized with the Yoast SEO plugin v24.3 - https:\/\/yoast.com\/wordpress\/plugins\/seo\/ -->\n<title>La baixa productivitat a les pimes: un desafiament global | Arias Assessors<\/title>\n<meta name=\"description\" content=\"Descobreix les claus de la baixa productivitat a les pimes: factors com el SMI i la tecnologia que afecten la seva competitivitat.\" \/>\n<meta name=\"robots\" content=\"index, follow, max-snippet:-1, max-image-preview:large, max-video-preview:-1\" \/>\n<link rel=\"canonical\" href=\"https:\/\/www.ariasassessors.com\/?p=4043\" \/>\n<meta property=\"og:locale\" content=\"ca_ES\" \/>\n<meta property=\"og:type\" content=\"article\" \/>\n<meta property=\"og:title\" content=\"La baixa productivitat a les pimes: un desafiament global | Arias Assessors\" \/>\n<meta property=\"og:description\" content=\"Descobreix les claus de la baixa productivitat a les pimes: factors com el SMI i la tecnologia que afecten la seva competitivitat.\" \/>\n<meta property=\"og:url\" content=\"https:\/\/www.ariasassessors.com\/?p=4043\" \/>\n<meta property=\"og:site_name\" content=\"Arias Assessors\" \/>\n<meta property=\"article:publisher\" content=\"https:\/\/www.facebook.com\/ariasassessors\/\" \/>\n<meta property=\"article:published_time\" content=\"2025-01-13T09:00:31+00:00\" \/>\n<meta property=\"article:modified_time\" content=\"2025-01-10T10:27:15+00:00\" \/>\n<meta property=\"og:image\" content=\"https:\/\/www.ariasassessors.com\/wp-content\/uploads\/2025\/01\/Arias_Blog_IMAGEN_DESTACADA-10.png\" \/>\n\t<meta property=\"og:image:width\" content=\"1920\" \/>\n\t<meta property=\"og:image:height\" content=\"1202\" \/>\n\t<meta property=\"og:image:type\" content=\"image\/png\" \/>\n<meta name=\"author\" content=\"btorras\" \/>\n<meta name=\"twitter:card\" content=\"summary_large_image\" \/>\n<meta name=\"twitter:creator\" content=\"@ariasassessors\" \/>\n<meta name=\"twitter:site\" content=\"@ariasassessors\" \/>\n<meta name=\"twitter:label1\" content=\"Escrit per\" \/>\n\t<meta name=\"twitter:data1\" content=\"btorras\" \/>\n\t<meta name=\"twitter:label2\" content=\"Temps estimat de lectura\" \/>\n\t<meta name=\"twitter:data2\" content=\"4 minuts\" \/>\n<script type=\"application\/ld+json\" class=\"yoast-schema-graph\">{\"@context\":\"https:\/\/schema.org\",\"@graph\":[{\"@type\":\"Article\",\"@id\":\"https:\/\/www.ariasassessors.com\/?p=4043#article\",\"isPartOf\":{\"@id\":\"https:\/\/www.ariasassessors.com\/?p=4043\"},\"author\":{\"name\":\"btorras\",\"@id\":\"https:\/\/www.ariasassessors.com\/#\/schema\/person\/63c6ad1775f0a9413c37932562673cef\"},\"headline\":\"La baixa productivitat a les pimes: un desafiament global\",\"datePublished\":\"2025-01-13T09:00:31+00:00\",\"dateModified\":\"2025-01-10T10:27:15+00:00\",\"mainEntityOfPage\":{\"@id\":\"https:\/\/www.ariasassessors.com\/?p=4043\"},\"wordCount\":898,\"commentCount\":0,\"publisher\":{\"@id\":\"https:\/\/www.ariasassessors.com\/#organization\"},\"image\":{\"@id\":\"https:\/\/www.ariasassessors.com\/?p=4043#primaryimage\"},\"thumbnailUrl\":\"https:\/\/www.ariasassessors.com\/wp-content\/uploads\/2025\/01\/Arias_Blog_IMAGEN_DESTACADA-10.png\",\"articleSection\":[\"noticies\"],\"inLanguage\":\"ca\",\"potentialAction\":[{\"@type\":\"CommentAction\",\"name\":\"Comment\",\"target\":[\"https:\/\/www.ariasassessors.com\/?p=4043#respond\"]}]},{\"@type\":\"WebPage\",\"@id\":\"https:\/\/www.ariasassessors.com\/?p=4043\",\"url\":\"https:\/\/www.ariasassessors.com\/?p=4043\",\"name\":\"La baixa productivitat a les pimes: un desafiament global | Arias Assessors\",\"isPartOf\":{\"@id\":\"https:\/\/www.ariasassessors.com\/#website\"},\"primaryImageOfPage\":{\"@id\":\"https:\/\/www.ariasassessors.com\/?p=4043#primaryimage\"},\"image\":{\"@id\":\"https:\/\/www.ariasassessors.com\/?p=4043#primaryimage\"},\"thumbnailUrl\":\"https:\/\/www.ariasassessors.com\/wp-content\/uploads\/2025\/01\/Arias_Blog_IMAGEN_DESTACADA-10.png\",\"datePublished\":\"2025-01-13T09:00:31+00:00\",\"dateModified\":\"2025-01-10T10:27:15+00:00\",\"description\":\"Descobreix les claus de la baixa productivitat a les pimes: factors com el SMI i la tecnologia que afecten la seva competitivitat.\",\"breadcrumb\":{\"@id\":\"https:\/\/www.ariasassessors.com\/?p=4043#breadcrumb\"},\"inLanguage\":\"ca\",\"potentialAction\":[{\"@type\":\"ReadAction\",\"target\":[\"https:\/\/www.ariasassessors.com\/?p=4043\"]}]},{\"@type\":\"ImageObject\",\"inLanguage\":\"ca\",\"@id\":\"https:\/\/www.ariasassessors.com\/?p=4043#primaryimage\",\"url\":\"https:\/\/www.ariasassessors.com\/wp-content\/uploads\/2025\/01\/Arias_Blog_IMAGEN_DESTACADA-10.png\",\"contentUrl\":\"https:\/\/www.ariasassessors.com\/wp-content\/uploads\/2025\/01\/Arias_Blog_IMAGEN_DESTACADA-10.png\",\"width\":1920,\"height\":1202,\"caption\":\"Hombre preocupado frente a un gr\u00e1fico de descenso, representando la baja productividad en las pymes.\"},{\"@type\":\"BreadcrumbList\",\"@id\":\"https:\/\/www.ariasassessors.com\/?p=4043#breadcrumb\",\"itemListElement\":[{\"@type\":\"ListItem\",\"position\":1,\"name\":\"Portada\",\"item\":\"https:\/\/www.ariasassessors.com\/ca\/\"},{\"@type\":\"ListItem\",\"position\":2,\"name\":\"La baixa productivitat a les pimes: un desafiament global\"}]},{\"@type\":\"WebSite\",\"@id\":\"https:\/\/www.ariasassessors.com\/#website\",\"url\":\"https:\/\/www.ariasassessors.com\/\",\"name\":\"Arias Assessors\",\"description\":\"Asesor\u00eda para aut\u00f3nomos, profesionales y PYMES\",\"publisher\":{\"@id\":\"https:\/\/www.ariasassessors.com\/#organization\"},\"potentialAction\":[{\"@type\":\"SearchAction\",\"target\":{\"@type\":\"EntryPoint\",\"urlTemplate\":\"https:\/\/www.ariasassessors.com\/?s={search_term_string}\"},\"query-input\":{\"@type\":\"PropertyValueSpecification\",\"valueRequired\":true,\"valueName\":\"search_term_string\"}}],\"inLanguage\":\"ca\"},{\"@type\":\"Organization\",\"@id\":\"https:\/\/www.ariasassessors.com\/#organization\",\"name\":\"Arias Assessors\",\"url\":\"https:\/\/www.ariasassessors.com\/\",\"logo\":{\"@type\":\"ImageObject\",\"inLanguage\":\"ca\",\"@id\":\"https:\/\/www.ariasassessors.com\/#\/schema\/logo\/image\/\",\"url\":\"https:\/\/www.ariasassessors.com\/wp-content\/uploads\/2019\/01\/arias-logo.png\",\"contentUrl\":\"https:\/\/www.ariasassessors.com\/wp-content\/uploads\/2019\/01\/arias-logo.png\",\"width\":349,\"height\":254,\"caption\":\"Arias Assessors\"},\"image\":{\"@id\":\"https:\/\/www.ariasassessors.com\/#\/schema\/logo\/image\/\"},\"sameAs\":[\"https:\/\/www.facebook.com\/ariasassessors\/\",\"https:\/\/x.com\/ariasassessors\",\"https:\/\/www.linkedin.com\/company\/r&amp;amp;r-growing-knowledge\/\"]},{\"@type\":\"Person\",\"@id\":\"https:\/\/www.ariasassessors.com\/#\/schema\/person\/63c6ad1775f0a9413c37932562673cef\",\"name\":\"btorras\",\"image\":{\"@type\":\"ImageObject\",\"inLanguage\":\"ca\",\"@id\":\"https:\/\/www.ariasassessors.com\/#\/schema\/person\/image\/\",\"url\":\"https:\/\/secure.gravatar.com\/avatar\/0531db351fc361fdbfd204c58fa2d6a3?s=96&d=mm&r=g\",\"contentUrl\":\"https:\/\/secure.gravatar.com\/avatar\/0531db351fc361fdbfd204c58fa2d6a3?s=96&d=mm&r=g\",\"caption\":\"btorras\"}}]}<\/script>\n<!-- \/ Yoast SEO plugin. -->","yoast_head_json":{"title":"La baixa productivitat a les pimes: un desafiament global | Arias Assessors","description":"Descobreix les claus de la baixa productivitat a les pimes: factors com el SMI i la tecnologia que afecten la seva competitivitat.","robots":{"index":"index","follow":"follow","max-snippet":"max-snippet:-1","max-image-preview":"max-image-preview:large","max-video-preview":"max-video-preview:-1"},"canonical":"https:\/\/www.ariasassessors.com\/?p=4043","og_locale":"ca_ES","og_type":"article","og_title":"La baixa productivitat a les pimes: un desafiament global | Arias Assessors","og_description":"Descobreix les claus de la baixa productivitat a les pimes: factors com el SMI i la tecnologia que afecten la seva competitivitat.","og_url":"https:\/\/www.ariasassessors.com\/?p=4043","og_site_name":"Arias Assessors","article_publisher":"https:\/\/www.facebook.com\/ariasassessors\/","article_published_time":"2025-01-13T09:00:31+00:00","article_modified_time":"2025-01-10T10:27:15+00:00","og_image":[{"width":1920,"height":1202,"url":"https:\/\/www.ariasassessors.com\/wp-content\/uploads\/2025\/01\/Arias_Blog_IMAGEN_DESTACADA-10.png","type":"image\/png"}],"author":"btorras","twitter_card":"summary_large_image","twitter_creator":"@ariasassessors","twitter_site":"@ariasassessors","twitter_misc":{"Escrit per":"btorras","Temps estimat de lectura":"4 minuts"},"schema":{"@context":"https:\/\/schema.org","@graph":[{"@type":"Article","@id":"https:\/\/www.ariasassessors.com\/?p=4043#article","isPartOf":{"@id":"https:\/\/www.ariasassessors.com\/?p=4043"},"author":{"name":"btorras","@id":"https:\/\/www.ariasassessors.com\/#\/schema\/person\/63c6ad1775f0a9413c37932562673cef"},"headline":"La baixa productivitat a les pimes: un desafiament global","datePublished":"2025-01-13T09:00:31+00:00","dateModified":"2025-01-10T10:27:15+00:00","mainEntityOfPage":{"@id":"https:\/\/www.ariasassessors.com\/?p=4043"},"wordCount":898,"commentCount":0,"publisher":{"@id":"https:\/\/www.ariasassessors.com\/#organization"},"image":{"@id":"https:\/\/www.ariasassessors.com\/?p=4043#primaryimage"},"thumbnailUrl":"https:\/\/www.ariasassessors.com\/wp-content\/uploads\/2025\/01\/Arias_Blog_IMAGEN_DESTACADA-10.png","articleSection":["noticies"],"inLanguage":"ca","potentialAction":[{"@type":"CommentAction","name":"Comment","target":["https:\/\/www.ariasassessors.com\/?p=4043#respond"]}]},{"@type":"WebPage","@id":"https:\/\/www.ariasassessors.com\/?p=4043","url":"https:\/\/www.ariasassessors.com\/?p=4043","name":"La baixa productivitat a les pimes: un desafiament global | Arias Assessors","isPartOf":{"@id":"https:\/\/www.ariasassessors.com\/#website"},"primaryImageOfPage":{"@id":"https:\/\/www.ariasassessors.com\/?p=4043#primaryimage"},"image":{"@id":"https:\/\/www.ariasassessors.com\/?p=4043#primaryimage"},"thumbnailUrl":"https:\/\/www.ariasassessors.com\/wp-content\/uploads\/2025\/01\/Arias_Blog_IMAGEN_DESTACADA-10.png","datePublished":"2025-01-13T09:00:31+00:00","dateModified":"2025-01-10T10:27:15+00:00","description":"Descobreix les claus de la baixa productivitat a les pimes: factors com el SMI i la tecnologia que afecten la seva competitivitat.","breadcrumb":{"@id":"https:\/\/www.ariasassessors.com\/?p=4043#breadcrumb"},"inLanguage":"ca","potentialAction":[{"@type":"ReadAction","target":["https:\/\/www.ariasassessors.com\/?p=4043"]}]},{"@type":"ImageObject","inLanguage":"ca","@id":"https:\/\/www.ariasassessors.com\/?p=4043#primaryimage","url":"https:\/\/www.ariasassessors.com\/wp-content\/uploads\/2025\/01\/Arias_Blog_IMAGEN_DESTACADA-10.png","contentUrl":"https:\/\/www.ariasassessors.com\/wp-content\/uploads\/2025\/01\/Arias_Blog_IMAGEN_DESTACADA-10.png","width":1920,"height":1202,"caption":"Hombre preocupado frente a un gr\u00e1fico de descenso, representando la baja productividad en las pymes."},{"@type":"BreadcrumbList","@id":"https:\/\/www.ariasassessors.com\/?p=4043#breadcrumb","itemListElement":[{"@type":"ListItem","position":1,"name":"Portada","item":"https:\/\/www.ariasassessors.com\/ca\/"},{"@type":"ListItem","position":2,"name":"La baixa productivitat a les pimes: un desafiament global"}]},{"@type":"WebSite","@id":"https:\/\/www.ariasassessors.com\/#website","url":"https:\/\/www.ariasassessors.com\/","name":"Arias Assessors","description":"Asesor\u00eda para aut\u00f3nomos, profesionales y PYMES","publisher":{"@id":"https:\/\/www.ariasassessors.com\/#organization"},"potentialAction":[{"@type":"SearchAction","target":{"@type":"EntryPoint","urlTemplate":"https:\/\/www.ariasassessors.com\/?s={search_term_string}"},"query-input":{"@type":"PropertyValueSpecification","valueRequired":true,"valueName":"search_term_string"}}],"inLanguage":"ca"},{"@type":"Organization","@id":"https:\/\/www.ariasassessors.com\/#organization","name":"Arias Assessors","url":"https:\/\/www.ariasassessors.com\/","logo":{"@type":"ImageObject","inLanguage":"ca","@id":"https:\/\/www.ariasassessors.com\/#\/schema\/logo\/image\/","url":"https:\/\/www.ariasassessors.com\/wp-content\/uploads\/2019\/01\/arias-logo.png","contentUrl":"https:\/\/www.ariasassessors.com\/wp-content\/uploads\/2019\/01\/arias-logo.png","width":349,"height":254,"caption":"Arias Assessors"},"image":{"@id":"https:\/\/www.ariasassessors.com\/#\/schema\/logo\/image\/"},"sameAs":["https:\/\/www.facebook.com\/ariasassessors\/","https:\/\/x.com\/ariasassessors","https:\/\/www.linkedin.com\/company\/r&amp;amp;r-growing-knowledge\/"]},{"@type":"Person","@id":"https:\/\/www.ariasassessors.com\/#\/schema\/person\/63c6ad1775f0a9413c37932562673cef","name":"btorras","image":{"@type":"ImageObject","inLanguage":"ca","@id":"https:\/\/www.ariasassessors.com\/#\/schema\/person\/image\/","url":"https:\/\/secure.gravatar.com\/avatar\/0531db351fc361fdbfd204c58fa2d6a3?s=96&d=mm&r=g","contentUrl":"https:\/\/secure.gravatar.com\/avatar\/0531db351fc361fdbfd204c58fa2d6a3?s=96&d=mm&r=g","caption":"btorras"}}]}},"_links":{"self":[{"href":"https:\/\/www.ariasassessors.com\/ca\/wp-json\/wp\/v2\/posts\/4047","targetHints":{"allow":["GET"]}}],"collection":[{"href":"https:\/\/www.ariasassessors.com\/ca\/wp-json\/wp\/v2\/posts"}],"about":[{"href":"https:\/\/www.ariasassessors.com\/ca\/wp-json\/wp\/v2\/types\/post"}],"author":[{"embeddable":true,"href":"https:\/\/www.ariasassessors.com\/ca\/wp-json\/wp\/v2\/users\/2"}],"replies":[{"embeddable":true,"href":"https:\/\/www.ariasassessors.com\/ca\/wp-json\/wp\/v2\/comments?post=4047"}],"version-history":[{"count":2,"href":"https:\/\/www.ariasassessors.com\/ca\/wp-json\/wp\/v2\/posts\/4047\/revisions"}],"predecessor-version":[{"id":4049,"href":"https:\/\/www.ariasassessors.com\/ca\/wp-json\/wp\/v2\/posts\/4047\/revisions\/4049"}],"wp:featuredmedia":[{"embeddable":true,"href":"https:\/\/www.ariasassessors.com\/ca\/wp-json\/wp\/v2\/media\/4045"}],"wp:attachment":[{"href":"https:\/\/www.ariasassessors.com\/ca\/wp-json\/wp\/v2\/media?parent=4047"}],"wp:term":[{"taxonomy":"category","embeddable":true,"href":"https:\/\/www.ariasassessors.com\/ca\/wp-json\/wp\/v2\/categories?post=4047"},{"taxonomy":"post_tag","embeddable":true,"href":"https:\/\/www.ariasassessors.com\/ca\/wp-json\/wp\/v2\/tags?post=4047"}],"curies":[{"name":"wp","href":"https:\/\/api.w.org\/{rel}","templated":true}]}}