{"id":4057,"date":"2025-01-20T10:28:33","date_gmt":"2025-01-20T09:28:33","guid":{"rendered":"https:\/\/www.ariasassessors.com\/?p=4057"},"modified":"2025-01-20T10:28:33","modified_gmt":"2025-01-20T09:28:33","slug":"rescat-de-plans-de-pensions","status":"publish","type":"post","link":"https:\/\/www.ariasassessors.com\/ca\/rescat-de-plans-de-pensions\/","title":{"rendered":"Rescat de plans de pensions: Qu\u00e8 cal saber despr\u00e9s dels canvis de l\u20191 de gener"},"content":{"rendered":"<p>Des de l\u20191 de gener, els aut\u00f2noms a Espanya poden accedir a una nova opci\u00f3 per rescatar els seus plans de pensions. Aquesta mesura, inclosa dins d\u2019un conjunt de reformes, ofereix m\u00e9s flexibilitat per disposar dels estalvis acumulats abans de la jubilaci\u00f3. En aquest article, expliquem en detall els <a href=\"https:\/\/revista.seg-social.es\/-\/claves-reforma-pensiones\">canvis<\/a>, com t\u2019afecten i com <strong>Arias Assessors<\/strong> pot ajudar-te a gestionar el teu rescat de manera eficient.<\/p>\n<div id=\"ez-toc-container\" class=\"ez-toc-v2_0_72 counter-hierarchy ez-toc-counter ez-toc-grey ez-toc-container-direction\">\n<div class=\"ez-toc-title-container\">\n<p class=\"ez-toc-title\" style=\"cursor:inherit\">\u00cdndice de Contenidos<\/p>\n<span class=\"ez-toc-title-toggle\"><a href=\"#\" class=\"ez-toc-pull-right ez-toc-btn ez-toc-btn-xs ez-toc-btn-default ez-toc-toggle\" aria-label=\"Toggle Table of Content\"><span class=\"ez-toc-js-icon-con\"><span class=\"\"><span class=\"eztoc-hide\" style=\"display:none;\">Toggle<\/span><span class=\"ez-toc-icon-toggle-span\"><svg style=\"fill: #428bca;color:#428bca\" xmlns=\"http:\/\/www.w3.org\/2000\/svg\" class=\"list-377408\" width=\"20px\" height=\"20px\" viewBox=\"0 0 24 24\" fill=\"none\"><path d=\"M6 6H4v2h2V6zm14 0H8v2h12V6zM4 11h2v2H4v-2zm16 0H8v2h12v-2zM4 16h2v2H4v-2zm16 0H8v2h12v-2z\" fill=\"currentColor\"><\/path><\/svg><svg style=\"fill: #428bca;color:#428bca\" class=\"arrow-unsorted-368013\" xmlns=\"http:\/\/www.w3.org\/2000\/svg\" width=\"10px\" height=\"10px\" viewBox=\"0 0 24 24\" version=\"1.2\" baseProfile=\"tiny\"><path d=\"M18.2 9.3l-6.2-6.3-6.2 6.3c-.2.2-.3.4-.3.7s.1.5.3.7c.2.2.4.3.7.3h11c.3 0 .5-.1.7-.3.2-.2.3-.5.3-.7s-.1-.5-.3-.7zM5.8 14.7l6.2 6.3 6.2-6.3c.2-.2.3-.5.3-.7s-.1-.5-.3-.7c-.2-.2-.4-.3-.7-.3h-11c-.3 0-.5.1-.7.3-.2.2-.3.5-.3.7s.1.5.3.7z\"\/><\/svg><\/span><\/span><\/span><\/a><\/span><\/div>\n<nav><ul class='ez-toc-list ez-toc-list-level-1 eztoc-toggle-hide-by-default' ><li class='ez-toc-page-1 ez-toc-heading-level-2'><a class=\"ez-toc-link ez-toc-heading-1\" href=\"https:\/\/www.ariasassessors.com\/ca\/rescat-de-plans-de-pensions\/#Canvis_clau_en_la_normativa_per_a_autonoms\" title=\"Canvis clau en la normativa per a aut\u00f2noms\">Canvis clau en la normativa per a aut\u00f2noms<\/a><\/li><li class='ez-toc-page-1 ez-toc-heading-level-2'><a class=\"ez-toc-link ez-toc-heading-2\" href=\"https:\/\/www.ariasassessors.com\/ca\/rescat-de-plans-de-pensions\/#Avantatges_i_punts_a_tenir_en_compte_en_el_rescat_del_pla_de_pensions\" title=\"Avantatges i punts a tenir en compte en el rescat del pla de pensions\">Avantatges i punts a tenir en compte en el rescat del pla de pensions<\/a><ul class='ez-toc-list-level-3' ><li class='ez-toc-heading-level-3'><a class=\"ez-toc-link ez-toc-heading-3\" href=\"https:\/\/www.ariasassessors.com\/ca\/rescat-de-plans-de-pensions\/#Avantatges\" title=\"Avantatges\">Avantatges<\/a><\/li><li class='ez-toc-page-1 ez-toc-heading-level-3'><a class=\"ez-toc-link ez-toc-heading-4\" href=\"https:\/\/www.ariasassessors.com\/ca\/rescat-de-plans-de-pensions\/#Consideracions_importants\" title=\"Consideracions importants\">Consideracions importants<\/a><\/li><\/ul><\/li><li class='ez-toc-page-1 ez-toc-heading-level-2'><a class=\"ez-toc-link ez-toc-heading-5\" href=\"https:\/\/www.ariasassessors.com\/ca\/rescat-de-plans-de-pensions\/#Com_Arias_Assessors_pot_ajudar-te_a_gestionar_el_teu_rescat\" title=\"Com Arias Assessors pot ajudar-te a gestionar el teu rescat\">Com Arias Assessors pot ajudar-te a gestionar el teu rescat<\/a><\/li><li class='ez-toc-page-1 ez-toc-heading-level-2'><a class=\"ez-toc-link ez-toc-heading-6\" href=\"https:\/\/www.ariasassessors.com\/ca\/rescat-de-plans-de-pensions\/#Preguntes_frequents_sobre_el_rescat_de_plans_de_pensions_per_a_autonoms\" title=\"Preguntes freq\u00fcents sobre el rescat de plans de pensions per a aut\u00f2noms\">Preguntes freq\u00fcents sobre el rescat de plans de pensions per a aut\u00f2noms<\/a><\/li><li class='ez-toc-page-1 ez-toc-heading-level-2'><a class=\"ez-toc-link ez-toc-heading-7\" href=\"https:\/\/www.ariasassessors.com\/ca\/rescat-de-plans-de-pensions\/#Conclusio\" title=\"Conclusi\u00f3\">Conclusi\u00f3<\/a><\/li><\/ul><\/nav><\/div>\n<h2><span class=\"ez-toc-section\" id=\"Canvis_clau_en_la_normativa_per_a_autonoms\"><\/span>Canvis clau en la normativa per a aut\u00f2noms<span class=\"ez-toc-section-end\"><\/span><\/h2>\n<p>Fins aquest any, els plans de pensions estaven principalment pensats per ser utilitzats un cop assolida l\u2019edat de jubilaci\u00f3. Ara, per\u00f2, amb la nova regulaci\u00f3, aix\u00f2 ha canviat:<\/p>\n<ul>\n<li><strong>Disponibilitat anticipada sense jubilaci\u00f3<\/strong>: Des de l\u20191 de gener, els aut\u00f2noms poden rescatar els seus plans de pensions en casos concrets, encara que no estiguin jubilats.<\/li>\n<li><strong>Ampliaci\u00f3 dels sup\u00f2sits de liquiditat<\/strong>: Es permet el rescat per afrontar determinades situacions econ\u00f2miques, com la caiguda d\u2019ingressos.<\/li>\n<li><strong>Beneficis fiscals<\/strong>: Tot i que tributa com a rendiments del treball, una bona planificaci\u00f3 pot minimitzar l\u2019impacte fiscal.<\/li>\n<\/ul>\n<h2><span class=\"ez-toc-section\" id=\"Avantatges_i_punts_a_tenir_en_compte_en_el_rescat_del_pla_de_pensions\"><\/span>Avantatges i punts a tenir en compte en el rescat del pla de pensions<span class=\"ez-toc-section-end\"><\/span><\/h2>\n<p>Accedir al rescat del pla de pensions pot ser \u00fatil en situacions econ\u00f2miques complexes. Tot i aix\u00f2, cal considerar pros i contres abans de prendre una decisi\u00f3:<\/p>\n<h3><span class=\"ez-toc-section\" id=\"Avantatges\"><\/span><strong>Avantatges<\/strong><span class=\"ez-toc-section-end\"><\/span><\/h3>\n<ol>\n<li><strong>Liquiditat immediata<\/strong>: Ajuda a cobrir despeses inesperades o mantenir el negoci actiu.<\/li>\n<li><strong>Control sobre els estalvis<\/strong>: Les noves regles permeten una gesti\u00f3 m\u00e9s flexible dels fons.<\/li>\n<li><strong>Opcions de reinversi\u00f3<\/strong>: Els diners rescatats poden generar beneficis en altres \u00e0rees.<\/li>\n<\/ol>\n<h3><span class=\"ez-toc-section\" id=\"Consideracions_importants\"><\/span><strong>Consideracions importants<\/strong><span class=\"ez-toc-section-end\"><\/span><\/h3>\n<ol>\n<li><strong>Impacte fiscal<\/strong>: El rescat augmenta la base general de l\u2019IRPF.<\/li>\n<li><strong>Reducci\u00f3 del fons per a la jubilaci\u00f3<\/strong>: Cal valorar com afectar\u00e0 el futur.<\/li>\n<li><strong>Compliment de requisits<\/strong>: \u00c9s essencial verificar si compleixes les condicions.<\/li>\n<\/ol>\n<h2><span class=\"ez-toc-section\" id=\"Com_Arias_Assessors_pot_ajudar-te_a_gestionar_el_teu_rescat\"><\/span>Com Arias Assessors pot ajudar-te a gestionar el teu rescat<span class=\"ez-toc-section-end\"><\/span><\/h2>\n<p>A <strong>Arias Assessors<\/strong>, t\u2019oferim un servei personalitzat per ajudar-te a:<\/p>\n<ul>\n<li><strong>Avaluar la viabilitat del rescat<\/strong>: Estudiem la teva situaci\u00f3 econ\u00f2mica per assegurar que compleixes els requisits.<\/li>\n<li><strong>Optimitzar l\u2019impacte fiscal<\/strong>: Proposem estrat\u00e8gies que redueixin la c\u00e0rrega fiscal del rescat.<\/li>\n<li><strong>Gesti\u00f3 de la documentaci\u00f3<\/strong>: Ens encarreguem dels tr\u00e0mits perqu\u00e8 el proc\u00e9s sigui senzill i r\u00e0pid.<\/li>\n<\/ul>\n<p>Amb la nostra experi\u00e8ncia en <a href=\"https:\/\/www.ariasassessors.com\/contacto\/\">assessorament fiscal i financer<\/a>, prenem les decisions m\u00e9s segures per treure el m\u00e0xim profit d\u2019aquesta oportunitat.<\/p>\n<h2><span class=\"ez-toc-section\" id=\"Preguntes_frequents_sobre_el_rescat_de_plans_de_pensions_per_a_autonoms\"><\/span>Preguntes freq\u00fcents sobre el rescat de plans de pensions per a aut\u00f2noms<span class=\"ez-toc-section-end\"><\/span><\/h2>\n<ol>\n<li><strong>Quina documentaci\u00f3 cal presentar?<\/strong><br \/>\nDocuments que justifiquin els requisits, com declaracions d\u2019ingressos i certificats d\u2019activitat econ\u00f2mica.<\/li>\n<li><strong>Es pot rescatar nom\u00e9s una part?<\/strong><br \/>\nS\u00ed, la normativa permet rescats parcials segons les necessitats.<\/li>\n<li><strong>Com afecta aix\u00f2 a la meva jubilaci\u00f3 futura?<\/strong><br \/>\nEl fons acumulat es redueix, i per aix\u00f2 \u00e9s important planificar alternatives.<\/li>\n<\/ol>\n<h2><span class=\"ez-toc-section\" id=\"Conclusio\"><\/span>Conclusi\u00f3<span class=\"ez-toc-section-end\"><\/span><\/h2>\n<p>El rescat de plans de pensions \u00e9s una eina \u00fatil per als aut\u00f2noms en moments de necessitat. No obstant, prendre aquesta decisi\u00f3 requereix una bona comprensi\u00f3 dels aspectes fiscals i econ\u00f2mics.<\/p>\n<p>A <a href=\"https:\/\/www.ariasassessors.com\/contacto\/\"><strong>Arias Assessors<\/strong><\/a>, som al teu costat per assessorar-te i ajudar-te a trobar la millor soluci\u00f3. Contacta\u2019ns i assegura el teu futur amb confian\u00e7a i seguretat.<\/p>\n<p><strong>Planifica els teus estalvis amb nosaltres!<\/strong><\/p>\n","protected":false},"excerpt":{"rendered":"<p>Des de l\u20191 de gener, els aut\u00f2noms a Espanya poden accedir a una nova opci\u00f3 per rescatar els seus plans de pensions. Aquesta mesura, inclosa dins d\u2019un conjunt de reformes, ofereix m\u00e9s flexibilitat per disposar dels estalvis acumulats abans de la jubilaci\u00f3. En aquest article,&#8230;<\/p>\n","protected":false},"author":2,"featured_media":4058,"comment_status":"open","ping_status":"open","sticky":false,"template":"","format":"standard","meta":{"footnotes":""},"categories":[4],"tags":[],"class_list":["post-4057","post","type-post","status-publish","format-standard","has-post-thumbnail","hentry","category-noticies"],"yoast_head":"<!-- This site is optimized with the Yoast SEO plugin v24.3 - https:\/\/yoast.com\/wordpress\/plugins\/seo\/ -->\n<title>Rescat de plans de pensions: Qu\u00e8 cal saber despr\u00e9s dels canvis<\/title>\n<meta name=\"description\" content=\"Rescat de plans de pensions: Des de l\u20191 de gener, els aut\u00f2noms poden accedir als seus estalvis anticipadament.\" \/>\n<meta name=\"robots\" content=\"index, follow, max-snippet:-1, max-image-preview:large, max-video-preview:-1\" \/>\n<link rel=\"canonical\" href=\"https:\/\/www.ariasassessors.com\/ca\/rescat-de-plans-de-pensions\/\" \/>\n<meta property=\"og:locale\" content=\"ca_ES\" \/>\n<meta property=\"og:type\" content=\"article\" \/>\n<meta property=\"og:title\" content=\"Rescat de plans de pensions: Qu\u00e8 cal saber despr\u00e9s dels canvis\" \/>\n<meta property=\"og:description\" content=\"Rescat de plans de pensions: Des de l\u20191 de gener, els aut\u00f2noms poden accedir als seus estalvis anticipadament.\" \/>\n<meta property=\"og:url\" content=\"https:\/\/www.ariasassessors.com\/ca\/rescat-de-plans-de-pensions\/\" \/>\n<meta property=\"og:site_name\" content=\"Arias Assessors\" \/>\n<meta property=\"article:publisher\" content=\"https:\/\/www.facebook.com\/ariasassessors\/\" \/>\n<meta property=\"article:published_time\" content=\"2025-01-20T09:28:33+00:00\" \/>\n<meta property=\"og:image\" content=\"https:\/\/www.ariasassessors.com\/wp-content\/uploads\/2025\/01\/Arias_Blog_IMAGEN_DESTACADA-12.png\" \/>\n\t<meta property=\"og:image:width\" content=\"1920\" \/>\n\t<meta property=\"og:image:height\" content=\"1202\" \/>\n\t<meta property=\"og:image:type\" content=\"image\/png\" \/>\n<meta name=\"author\" content=\"btorras\" \/>\n<meta name=\"twitter:card\" content=\"summary_large_image\" \/>\n<meta name=\"twitter:creator\" content=\"@ariasassessors\" \/>\n<meta name=\"twitter:site\" content=\"@ariasassessors\" \/>\n<meta name=\"twitter:label1\" content=\"Escrit per\" \/>\n\t<meta name=\"twitter:data1\" content=\"btorras\" \/>\n\t<meta name=\"twitter:label2\" content=\"Temps estimat de lectura\" \/>\n\t<meta name=\"twitter:data2\" content=\"3 minuts\" \/>\n<script type=\"application\/ld+json\" class=\"yoast-schema-graph\">{\"@context\":\"https:\/\/schema.org\",\"@graph\":[{\"@type\":\"Article\",\"@id\":\"https:\/\/www.ariasassessors.com\/ca\/rescat-de-plans-de-pensions\/#article\",\"isPartOf\":{\"@id\":\"https:\/\/www.ariasassessors.com\/ca\/rescat-de-plans-de-pensions\/\"},\"author\":{\"name\":\"btorras\",\"@id\":\"https:\/\/www.ariasassessors.com\/#\/schema\/person\/63c6ad1775f0a9413c37932562673cef\"},\"headline\":\"Rescat de plans de pensions: Qu\u00e8 cal saber despr\u00e9s dels canvis de l\u20191 de gener\",\"datePublished\":\"2025-01-20T09:28:33+00:00\",\"dateModified\":\"2025-01-20T09:28:33+00:00\",\"mainEntityOfPage\":{\"@id\":\"https:\/\/www.ariasassessors.com\/ca\/rescat-de-plans-de-pensions\/\"},\"wordCount\":542,\"commentCount\":0,\"publisher\":{\"@id\":\"https:\/\/www.ariasassessors.com\/#organization\"},\"image\":{\"@id\":\"https:\/\/www.ariasassessors.com\/ca\/rescat-de-plans-de-pensions\/#primaryimage\"},\"thumbnailUrl\":\"https:\/\/www.ariasassessors.com\/wp-content\/uploads\/2025\/01\/Arias_Blog_IMAGEN_DESTACADA-12.png\",\"articleSection\":[\"noticies\"],\"inLanguage\":\"ca\",\"potentialAction\":[{\"@type\":\"CommentAction\",\"name\":\"Comment\",\"target\":[\"https:\/\/www.ariasassessors.com\/ca\/rescat-de-plans-de-pensions\/#respond\"]}]},{\"@type\":\"WebPage\",\"@id\":\"https:\/\/www.ariasassessors.com\/ca\/rescat-de-plans-de-pensions\/\",\"url\":\"https:\/\/www.ariasassessors.com\/ca\/rescat-de-plans-de-pensions\/\",\"name\":\"Rescat de plans de pensions: Qu\u00e8 cal saber despr\u00e9s dels canvis\",\"isPartOf\":{\"@id\":\"https:\/\/www.ariasassessors.com\/#website\"},\"primaryImageOfPage\":{\"@id\":\"https:\/\/www.ariasassessors.com\/ca\/rescat-de-plans-de-pensions\/#primaryimage\"},\"image\":{\"@id\":\"https:\/\/www.ariasassessors.com\/ca\/rescat-de-plans-de-pensions\/#primaryimage\"},\"thumbnailUrl\":\"https:\/\/www.ariasassessors.com\/wp-content\/uploads\/2025\/01\/Arias_Blog_IMAGEN_DESTACADA-12.png\",\"datePublished\":\"2025-01-20T09:28:33+00:00\",\"dateModified\":\"2025-01-20T09:28:33+00:00\",\"description\":\"Rescat de plans de pensions: Des de l\u20191 de gener, els aut\u00f2noms poden accedir als seus estalvis anticipadament.\",\"breadcrumb\":{\"@id\":\"https:\/\/www.ariasassessors.com\/ca\/rescat-de-plans-de-pensions\/#breadcrumb\"},\"inLanguage\":\"ca\",\"potentialAction\":[{\"@type\":\"ReadAction\",\"target\":[\"https:\/\/www.ariasassessors.com\/ca\/rescat-de-plans-de-pensions\/\"]}]},{\"@type\":\"ImageObject\",\"inLanguage\":\"ca\",\"@id\":\"https:\/\/www.ariasassessors.com\/ca\/rescat-de-plans-de-pensions\/#primaryimage\",\"url\":\"https:\/\/www.ariasassessors.com\/wp-content\/uploads\/2025\/01\/Arias_Blog_IMAGEN_DESTACADA-12.png\",\"contentUrl\":\"https:\/\/www.ariasassessors.com\/wp-content\/uploads\/2025\/01\/Arias_Blog_IMAGEN_DESTACADA-12.png\",\"width\":1920,\"height\":1202,\"caption\":\"Manos de una persona mayor sujetando un frasco con monedas, simbolizando el ahorro y el rescate de planes de pensiones.\"},{\"@type\":\"BreadcrumbList\",\"@id\":\"https:\/\/www.ariasassessors.com\/ca\/rescat-de-plans-de-pensions\/#breadcrumb\",\"itemListElement\":[{\"@type\":\"ListItem\",\"position\":1,\"name\":\"Portada\",\"item\":\"https:\/\/www.ariasassessors.com\/ca\/\"},{\"@type\":\"ListItem\",\"position\":2,\"name\":\"Rescat de plans de pensions: Qu\u00e8 cal saber despr\u00e9s dels canvis de l\u20191 de gener\"}]},{\"@type\":\"WebSite\",\"@id\":\"https:\/\/www.ariasassessors.com\/#website\",\"url\":\"https:\/\/www.ariasassessors.com\/\",\"name\":\"Arias Assessors\",\"description\":\"Asesor\u00eda para aut\u00f3nomos, profesionales y PYMES\",\"publisher\":{\"@id\":\"https:\/\/www.ariasassessors.com\/#organization\"},\"potentialAction\":[{\"@type\":\"SearchAction\",\"target\":{\"@type\":\"EntryPoint\",\"urlTemplate\":\"https:\/\/www.ariasassessors.com\/?s={search_term_string}\"},\"query-input\":{\"@type\":\"PropertyValueSpecification\",\"valueRequired\":true,\"valueName\":\"search_term_string\"}}],\"inLanguage\":\"ca\"},{\"@type\":\"Organization\",\"@id\":\"https:\/\/www.ariasassessors.com\/#organization\",\"name\":\"Arias Assessors\",\"url\":\"https:\/\/www.ariasassessors.com\/\",\"logo\":{\"@type\":\"ImageObject\",\"inLanguage\":\"ca\",\"@id\":\"https:\/\/www.ariasassessors.com\/#\/schema\/logo\/image\/\",\"url\":\"https:\/\/www.ariasassessors.com\/wp-content\/uploads\/2019\/01\/arias-logo.png\",\"contentUrl\":\"https:\/\/www.ariasassessors.com\/wp-content\/uploads\/2019\/01\/arias-logo.png\",\"width\":349,\"height\":254,\"caption\":\"Arias Assessors\"},\"image\":{\"@id\":\"https:\/\/www.ariasassessors.com\/#\/schema\/logo\/image\/\"},\"sameAs\":[\"https:\/\/www.facebook.com\/ariasassessors\/\",\"https:\/\/x.com\/ariasassessors\",\"https:\/\/www.linkedin.com\/company\/r&amp;amp;r-growing-knowledge\/\"]},{\"@type\":\"Person\",\"@id\":\"https:\/\/www.ariasassessors.com\/#\/schema\/person\/63c6ad1775f0a9413c37932562673cef\",\"name\":\"btorras\",\"image\":{\"@type\":\"ImageObject\",\"inLanguage\":\"ca\",\"@id\":\"https:\/\/www.ariasassessors.com\/#\/schema\/person\/image\/\",\"url\":\"https:\/\/secure.gravatar.com\/avatar\/0531db351fc361fdbfd204c58fa2d6a3?s=96&d=mm&r=g\",\"contentUrl\":\"https:\/\/secure.gravatar.com\/avatar\/0531db351fc361fdbfd204c58fa2d6a3?s=96&d=mm&r=g\",\"caption\":\"btorras\"}}]}<\/script>\n<!-- \/ Yoast SEO plugin. -->","yoast_head_json":{"title":"Rescat de plans de pensions: Qu\u00e8 cal saber despr\u00e9s dels canvis","description":"Rescat de plans de pensions: Des de l\u20191 de gener, els aut\u00f2noms poden accedir als seus estalvis anticipadament.","robots":{"index":"index","follow":"follow","max-snippet":"max-snippet:-1","max-image-preview":"max-image-preview:large","max-video-preview":"max-video-preview:-1"},"canonical":"https:\/\/www.ariasassessors.com\/ca\/rescat-de-plans-de-pensions\/","og_locale":"ca_ES","og_type":"article","og_title":"Rescat de plans de pensions: Qu\u00e8 cal saber despr\u00e9s dels canvis","og_description":"Rescat de plans de pensions: Des de l\u20191 de gener, els aut\u00f2noms poden accedir als seus estalvis anticipadament.","og_url":"https:\/\/www.ariasassessors.com\/ca\/rescat-de-plans-de-pensions\/","og_site_name":"Arias Assessors","article_publisher":"https:\/\/www.facebook.com\/ariasassessors\/","article_published_time":"2025-01-20T09:28:33+00:00","og_image":[{"width":1920,"height":1202,"url":"https:\/\/www.ariasassessors.com\/wp-content\/uploads\/2025\/01\/Arias_Blog_IMAGEN_DESTACADA-12.png","type":"image\/png"}],"author":"btorras","twitter_card":"summary_large_image","twitter_creator":"@ariasassessors","twitter_site":"@ariasassessors","twitter_misc":{"Escrit per":"btorras","Temps estimat de lectura":"3 minuts"},"schema":{"@context":"https:\/\/schema.org","@graph":[{"@type":"Article","@id":"https:\/\/www.ariasassessors.com\/ca\/rescat-de-plans-de-pensions\/#article","isPartOf":{"@id":"https:\/\/www.ariasassessors.com\/ca\/rescat-de-plans-de-pensions\/"},"author":{"name":"btorras","@id":"https:\/\/www.ariasassessors.com\/#\/schema\/person\/63c6ad1775f0a9413c37932562673cef"},"headline":"Rescat de plans de pensions: Qu\u00e8 cal saber despr\u00e9s dels canvis de l\u20191 de gener","datePublished":"2025-01-20T09:28:33+00:00","dateModified":"2025-01-20T09:28:33+00:00","mainEntityOfPage":{"@id":"https:\/\/www.ariasassessors.com\/ca\/rescat-de-plans-de-pensions\/"},"wordCount":542,"commentCount":0,"publisher":{"@id":"https:\/\/www.ariasassessors.com\/#organization"},"image":{"@id":"https:\/\/www.ariasassessors.com\/ca\/rescat-de-plans-de-pensions\/#primaryimage"},"thumbnailUrl":"https:\/\/www.ariasassessors.com\/wp-content\/uploads\/2025\/01\/Arias_Blog_IMAGEN_DESTACADA-12.png","articleSection":["noticies"],"inLanguage":"ca","potentialAction":[{"@type":"CommentAction","name":"Comment","target":["https:\/\/www.ariasassessors.com\/ca\/rescat-de-plans-de-pensions\/#respond"]}]},{"@type":"WebPage","@id":"https:\/\/www.ariasassessors.com\/ca\/rescat-de-plans-de-pensions\/","url":"https:\/\/www.ariasassessors.com\/ca\/rescat-de-plans-de-pensions\/","name":"Rescat de plans de pensions: Qu\u00e8 cal saber despr\u00e9s dels canvis","isPartOf":{"@id":"https:\/\/www.ariasassessors.com\/#website"},"primaryImageOfPage":{"@id":"https:\/\/www.ariasassessors.com\/ca\/rescat-de-plans-de-pensions\/#primaryimage"},"image":{"@id":"https:\/\/www.ariasassessors.com\/ca\/rescat-de-plans-de-pensions\/#primaryimage"},"thumbnailUrl":"https:\/\/www.ariasassessors.com\/wp-content\/uploads\/2025\/01\/Arias_Blog_IMAGEN_DESTACADA-12.png","datePublished":"2025-01-20T09:28:33+00:00","dateModified":"2025-01-20T09:28:33+00:00","description":"Rescat de plans de pensions: Des de l\u20191 de gener, els aut\u00f2noms poden accedir als seus estalvis anticipadament.","breadcrumb":{"@id":"https:\/\/www.ariasassessors.com\/ca\/rescat-de-plans-de-pensions\/#breadcrumb"},"inLanguage":"ca","potentialAction":[{"@type":"ReadAction","target":["https:\/\/www.ariasassessors.com\/ca\/rescat-de-plans-de-pensions\/"]}]},{"@type":"ImageObject","inLanguage":"ca","@id":"https:\/\/www.ariasassessors.com\/ca\/rescat-de-plans-de-pensions\/#primaryimage","url":"https:\/\/www.ariasassessors.com\/wp-content\/uploads\/2025\/01\/Arias_Blog_IMAGEN_DESTACADA-12.png","contentUrl":"https:\/\/www.ariasassessors.com\/wp-content\/uploads\/2025\/01\/Arias_Blog_IMAGEN_DESTACADA-12.png","width":1920,"height":1202,"caption":"Manos de una persona mayor sujetando un frasco con monedas, simbolizando el ahorro y el rescate de planes de pensiones."},{"@type":"BreadcrumbList","@id":"https:\/\/www.ariasassessors.com\/ca\/rescat-de-plans-de-pensions\/#breadcrumb","itemListElement":[{"@type":"ListItem","position":1,"name":"Portada","item":"https:\/\/www.ariasassessors.com\/ca\/"},{"@type":"ListItem","position":2,"name":"Rescat de plans de pensions: Qu\u00e8 cal saber despr\u00e9s dels canvis de l\u20191 de gener"}]},{"@type":"WebSite","@id":"https:\/\/www.ariasassessors.com\/#website","url":"https:\/\/www.ariasassessors.com\/","name":"Arias Assessors","description":"Asesor\u00eda para aut\u00f3nomos, profesionales y PYMES","publisher":{"@id":"https:\/\/www.ariasassessors.com\/#organization"},"potentialAction":[{"@type":"SearchAction","target":{"@type":"EntryPoint","urlTemplate":"https:\/\/www.ariasassessors.com\/?s={search_term_string}"},"query-input":{"@type":"PropertyValueSpecification","valueRequired":true,"valueName":"search_term_string"}}],"inLanguage":"ca"},{"@type":"Organization","@id":"https:\/\/www.ariasassessors.com\/#organization","name":"Arias Assessors","url":"https:\/\/www.ariasassessors.com\/","logo":{"@type":"ImageObject","inLanguage":"ca","@id":"https:\/\/www.ariasassessors.com\/#\/schema\/logo\/image\/","url":"https:\/\/www.ariasassessors.com\/wp-content\/uploads\/2019\/01\/arias-logo.png","contentUrl":"https:\/\/www.ariasassessors.com\/wp-content\/uploads\/2019\/01\/arias-logo.png","width":349,"height":254,"caption":"Arias Assessors"},"image":{"@id":"https:\/\/www.ariasassessors.com\/#\/schema\/logo\/image\/"},"sameAs":["https:\/\/www.facebook.com\/ariasassessors\/","https:\/\/x.com\/ariasassessors","https:\/\/www.linkedin.com\/company\/r&amp;amp;r-growing-knowledge\/"]},{"@type":"Person","@id":"https:\/\/www.ariasassessors.com\/#\/schema\/person\/63c6ad1775f0a9413c37932562673cef","name":"btorras","image":{"@type":"ImageObject","inLanguage":"ca","@id":"https:\/\/www.ariasassessors.com\/#\/schema\/person\/image\/","url":"https:\/\/secure.gravatar.com\/avatar\/0531db351fc361fdbfd204c58fa2d6a3?s=96&d=mm&r=g","contentUrl":"https:\/\/secure.gravatar.com\/avatar\/0531db351fc361fdbfd204c58fa2d6a3?s=96&d=mm&r=g","caption":"btorras"}}]}},"_links":{"self":[{"href":"https:\/\/www.ariasassessors.com\/ca\/wp-json\/wp\/v2\/posts\/4057","targetHints":{"allow":["GET"]}}],"collection":[{"href":"https:\/\/www.ariasassessors.com\/ca\/wp-json\/wp\/v2\/posts"}],"about":[{"href":"https:\/\/www.ariasassessors.com\/ca\/wp-json\/wp\/v2\/types\/post"}],"author":[{"embeddable":true,"href":"https:\/\/www.ariasassessors.com\/ca\/wp-json\/wp\/v2\/users\/2"}],"replies":[{"embeddable":true,"href":"https:\/\/www.ariasassessors.com\/ca\/wp-json\/wp\/v2\/comments?post=4057"}],"version-history":[{"count":1,"href":"https:\/\/www.ariasassessors.com\/ca\/wp-json\/wp\/v2\/posts\/4057\/revisions"}],"predecessor-version":[{"id":4060,"href":"https:\/\/www.ariasassessors.com\/ca\/wp-json\/wp\/v2\/posts\/4057\/revisions\/4060"}],"wp:featuredmedia":[{"embeddable":true,"href":"https:\/\/www.ariasassessors.com\/ca\/wp-json\/wp\/v2\/media\/4058"}],"wp:attachment":[{"href":"https:\/\/www.ariasassessors.com\/ca\/wp-json\/wp\/v2\/media?parent=4057"}],"wp:term":[{"taxonomy":"category","embeddable":true,"href":"https:\/\/www.ariasassessors.com\/ca\/wp-json\/wp\/v2\/categories?post=4057"},{"taxonomy":"post_tag","embeddable":true,"href":"https:\/\/www.ariasassessors.com\/ca\/wp-json\/wp\/v2\/tags?post=4057"}],"curies":[{"name":"wp","href":"https:\/\/api.w.org\/{rel}","templated":true}]}}