{"id":406,"date":"2018-10-24T17:49:03","date_gmt":"2018-10-24T15:49:03","guid":{"rendered":"https:\/\/www.ariasassessors.com\/devolucion-irpf-prestacion-maternidad\/"},"modified":"2019-03-12T14:12:14","modified_gmt":"2019-03-12T13:12:14","slug":"devolucio-irpf-prestacio-maternitat","status":"publish","type":"post","link":"https:\/\/www.ariasassessors.com\/ca\/devolucio-irpf-prestacio-maternitat\/","title":{"rendered":"Devoluci\u00f3 IRPF prestaci\u00f3 maternitat"},"content":{"rendered":"<div id=\"bannerR\">\n<h3>L\u2019Ag\u00e8ncia Tribut\u00e0ria est\u00e0 completant el formulari i procediment pel qual es procedir\u00e0 a tramitar, per part del contribuent afectat, la devoluci\u00f3 de IRPF declarat exempt en les prestacions de maternitat (i, en principi, tamb\u00e9 de paternitat), de la Seguretat Social dels exercicis 2014 en endavant.<\/h3>\n<p>Els informen que ha circulat per les xarxes socials i Internet un primer esborrany d\u2019aquest procediment de reclamaci\u00f3, per\u00f2 l\u2019Ag\u00e8ncia Tribut\u00e0ria va esborrar aquesta publicaci\u00f3, de manera que entenem que encara no s\u2019ha publicat de manera definitiva el procediment a seguir, i continuarem esperant la publicaci\u00f3 definitiva per part de l\u2019AEAT d\u2019aquest procediment.<\/p>\n<p>Recordin que a principis d\u2019Octubre el Tribunal Suprem va tancar la pol\u00e8mica de les prestacions per maternitat despr\u00e9s de sentenciar que quedarien exemptes en el Impost sobre la Renda de les Persones F\u00edsiques (IRPF). Aix\u00ed ho reflexa en una sent\u00e8ncia de la Secci\u00f3 Segona de la Sala III, del Contenci\u00f3s-Administratiu, que desestima un recurs de la Abogac\u00eda del Estado, que defenia que aquestes prestacions no haurien de quedar exemptes del IRPF. El Suprem confirma aix\u00ed una sent\u00e8ncia del Tribunal Superior de Just\u00edcia de Madrid, de Juny de 2017, que va estimar el recurs d\u2019una dona i va ordenar a Hisenda que retorn\u00e9s la quantitat ingressada en el IRPF de 2013 per la prestaci\u00f3 de maternitat amb c\u00e0rrec a la Seguretat Social rebuda en l\u2019exercici.<\/p>\n<\/div>\n","protected":false},"excerpt":{"rendered":"<p>Coneix les novetats de la Devoluci\u00f3 IRPF per a la prestaci\u00f3 per maternitat.<\/p>\n","protected":false},"author":1,"featured_media":407,"comment_status":"open","ping_status":"open","sticky":false,"template":"","format":"standard","meta":{"footnotes":""},"categories":[4],"tags":[],"class_list":["post-406","post","type-post","status-publish","format-standard","has-post-thumbnail","hentry","category-noticies"],"yoast_head":"<!-- This site is optimized with the Yoast SEO plugin v24.3 - https:\/\/yoast.com\/wordpress\/plugins\/seo\/ -->\n<title>Devoluci\u00f3 IRPF prestaci\u00f3 maternitat | Arias Assessors<\/title>\n<meta name=\"robots\" content=\"index, follow, max-snippet:-1, max-image-preview:large, max-video-preview:-1\" \/>\n<link rel=\"canonical\" href=\"https:\/\/www.ariasassessors.com\/ca\/devolucio-irpf-prestacio-maternitat\/\" \/>\n<meta property=\"og:locale\" content=\"ca_ES\" \/>\n<meta property=\"og:type\" content=\"article\" \/>\n<meta property=\"og:title\" content=\"Devoluci\u00f3 IRPF prestaci\u00f3 maternitat | Arias Assessors\" \/>\n<meta property=\"og:description\" content=\"Coneix les novetats de la Devoluci\u00f3 IRPF per a la prestaci\u00f3 per maternitat.\" \/>\n<meta property=\"og:url\" content=\"https:\/\/www.ariasassessors.com\/ca\/devolucio-irpf-prestacio-maternitat\/\" \/>\n<meta property=\"og:site_name\" content=\"Arias Assessors\" \/>\n<meta property=\"article:publisher\" content=\"https:\/\/www.facebook.com\/ariasassessors\/\" \/>\n<meta property=\"article:published_time\" content=\"2018-10-24T15:49:03+00:00\" \/>\n<meta property=\"article:modified_time\" content=\"2019-03-12T13:12:14+00:00\" \/>\n<meta property=\"og:image\" content=\"https:\/\/www.ariasassessors.com\/wp-content\/uploads\/2019\/02\/Devoluci\u00f3n-IRPF-prestaci\u00f3n-maternidad.jpg\" \/>\n\t<meta property=\"og:image:width\" content=\"1200\" \/>\n\t<meta property=\"og:image:height\" content=\"500\" \/>\n\t<meta property=\"og:image:type\" content=\"image\/jpeg\" \/>\n<meta name=\"author\" content=\"agbdmin\" \/>\n<meta name=\"twitter:card\" content=\"summary_large_image\" \/>\n<meta name=\"twitter:creator\" content=\"@ariasassessors\" \/>\n<meta name=\"twitter:site\" content=\"@ariasassessors\" \/>\n<meta name=\"twitter:label1\" content=\"Escrit per\" \/>\n\t<meta name=\"twitter:data1\" content=\"agbdmin\" \/>\n\t<meta name=\"twitter:label2\" content=\"Temps estimat de lectura\" \/>\n\t<meta name=\"twitter:data2\" content=\"1 minut\" \/>\n<script type=\"application\/ld+json\" class=\"yoast-schema-graph\">{\"@context\":\"https:\/\/schema.org\",\"@graph\":[{\"@type\":\"Article\",\"@id\":\"https:\/\/www.ariasassessors.com\/ca\/devolucio-irpf-prestacio-maternitat\/#article\",\"isPartOf\":{\"@id\":\"https:\/\/www.ariasassessors.com\/ca\/devolucio-irpf-prestacio-maternitat\/\"},\"author\":{\"name\":\"agbdmin\",\"@id\":\"https:\/\/www.ariasassessors.com\/#\/schema\/person\/b8db80e6dfb0dd8121aa47f2b0b9aedb\"},\"headline\":\"Devoluci\u00f3 IRPF prestaci\u00f3 maternitat\",\"datePublished\":\"2018-10-24T15:49:03+00:00\",\"dateModified\":\"2019-03-12T13:12:14+00:00\",\"mainEntityOfPage\":{\"@id\":\"https:\/\/www.ariasassessors.com\/ca\/devolucio-irpf-prestacio-maternitat\/\"},\"wordCount\":246,\"commentCount\":0,\"publisher\":{\"@id\":\"https:\/\/www.ariasassessors.com\/#organization\"},\"image\":{\"@id\":\"https:\/\/www.ariasassessors.com\/ca\/devolucio-irpf-prestacio-maternitat\/#primaryimage\"},\"thumbnailUrl\":\"https:\/\/www.ariasassessors.com\/wp-content\/uploads\/2019\/02\/Devoluci\u00f3n-IRPF-prestaci\u00f3n-maternidad.jpg\",\"articleSection\":[\"noticies\"],\"inLanguage\":\"ca\",\"potentialAction\":[{\"@type\":\"CommentAction\",\"name\":\"Comment\",\"target\":[\"https:\/\/www.ariasassessors.com\/ca\/devolucio-irpf-prestacio-maternitat\/#respond\"]}]},{\"@type\":\"WebPage\",\"@id\":\"https:\/\/www.ariasassessors.com\/ca\/devolucio-irpf-prestacio-maternitat\/\",\"url\":\"https:\/\/www.ariasassessors.com\/ca\/devolucio-irpf-prestacio-maternitat\/\",\"name\":\"Devoluci\u00f3 IRPF prestaci\u00f3 maternitat | Arias Assessors\",\"isPartOf\":{\"@id\":\"https:\/\/www.ariasassessors.com\/#website\"},\"primaryImageOfPage\":{\"@id\":\"https:\/\/www.ariasassessors.com\/ca\/devolucio-irpf-prestacio-maternitat\/#primaryimage\"},\"image\":{\"@id\":\"https:\/\/www.ariasassessors.com\/ca\/devolucio-irpf-prestacio-maternitat\/#primaryimage\"},\"thumbnailUrl\":\"https:\/\/www.ariasassessors.com\/wp-content\/uploads\/2019\/02\/Devoluci\u00f3n-IRPF-prestaci\u00f3n-maternidad.jpg\",\"datePublished\":\"2018-10-24T15:49:03+00:00\",\"dateModified\":\"2019-03-12T13:12:14+00:00\",\"breadcrumb\":{\"@id\":\"https:\/\/www.ariasassessors.com\/ca\/devolucio-irpf-prestacio-maternitat\/#breadcrumb\"},\"inLanguage\":\"ca\",\"potentialAction\":[{\"@type\":\"ReadAction\",\"target\":[\"https:\/\/www.ariasassessors.com\/ca\/devolucio-irpf-prestacio-maternitat\/\"]}]},{\"@type\":\"ImageObject\",\"inLanguage\":\"ca\",\"@id\":\"https:\/\/www.ariasassessors.com\/ca\/devolucio-irpf-prestacio-maternitat\/#primaryimage\",\"url\":\"https:\/\/www.ariasassessors.com\/wp-content\/uploads\/2019\/02\/Devoluci\u00f3n-IRPF-prestaci\u00f3n-maternidad.jpg\",\"contentUrl\":\"https:\/\/www.ariasassessors.com\/wp-content\/uploads\/2019\/02\/Devoluci\u00f3n-IRPF-prestaci\u00f3n-maternidad.jpg\",\"width\":1200,\"height\":500,\"caption\":\"Devoluci\u00f3n IRPF prestaci\u00f3n maternidad\"},{\"@type\":\"BreadcrumbList\",\"@id\":\"https:\/\/www.ariasassessors.com\/ca\/devolucio-irpf-prestacio-maternitat\/#breadcrumb\",\"itemListElement\":[{\"@type\":\"ListItem\",\"position\":1,\"name\":\"Portada\",\"item\":\"https:\/\/www.ariasassessors.com\/ca\/\"},{\"@type\":\"ListItem\",\"position\":2,\"name\":\"Devoluci\u00f3 IRPF prestaci\u00f3 maternitat\"}]},{\"@type\":\"WebSite\",\"@id\":\"https:\/\/www.ariasassessors.com\/#website\",\"url\":\"https:\/\/www.ariasassessors.com\/\",\"name\":\"Arias Assessors\",\"description\":\"Asesor\u00eda para aut\u00f3nomos, profesionales y PYMES\",\"publisher\":{\"@id\":\"https:\/\/www.ariasassessors.com\/#organization\"},\"potentialAction\":[{\"@type\":\"SearchAction\",\"target\":{\"@type\":\"EntryPoint\",\"urlTemplate\":\"https:\/\/www.ariasassessors.com\/?s={search_term_string}\"},\"query-input\":{\"@type\":\"PropertyValueSpecification\",\"valueRequired\":true,\"valueName\":\"search_term_string\"}}],\"inLanguage\":\"ca\"},{\"@type\":\"Organization\",\"@id\":\"https:\/\/www.ariasassessors.com\/#organization\",\"name\":\"Arias Assessors\",\"url\":\"https:\/\/www.ariasassessors.com\/\",\"logo\":{\"@type\":\"ImageObject\",\"inLanguage\":\"ca\",\"@id\":\"https:\/\/www.ariasassessors.com\/#\/schema\/logo\/image\/\",\"url\":\"https:\/\/www.ariasassessors.com\/wp-content\/uploads\/2019\/01\/arias-logo.png\",\"contentUrl\":\"https:\/\/www.ariasassessors.com\/wp-content\/uploads\/2019\/01\/arias-logo.png\",\"width\":349,\"height\":254,\"caption\":\"Arias Assessors\"},\"image\":{\"@id\":\"https:\/\/www.ariasassessors.com\/#\/schema\/logo\/image\/\"},\"sameAs\":[\"https:\/\/www.facebook.com\/ariasassessors\/\",\"https:\/\/x.com\/ariasassessors\",\"https:\/\/www.linkedin.com\/company\/r&amp;amp;r-growing-knowledge\/\"]},{\"@type\":\"Person\",\"@id\":\"https:\/\/www.ariasassessors.com\/#\/schema\/person\/b8db80e6dfb0dd8121aa47f2b0b9aedb\",\"name\":\"agbdmin\",\"image\":{\"@type\":\"ImageObject\",\"inLanguage\":\"ca\",\"@id\":\"https:\/\/www.ariasassessors.com\/#\/schema\/person\/image\/\",\"url\":\"https:\/\/secure.gravatar.com\/avatar\/fd02ac7e28885b138879b3f2902d0e79?s=96&d=mm&r=g\",\"contentUrl\":\"https:\/\/secure.gravatar.com\/avatar\/fd02ac7e28885b138879b3f2902d0e79?s=96&d=mm&r=g\",\"caption\":\"agbdmin\"}}]}<\/script>\n<!-- \/ Yoast SEO plugin. -->","yoast_head_json":{"title":"Devoluci\u00f3 IRPF prestaci\u00f3 maternitat | Arias Assessors","robots":{"index":"index","follow":"follow","max-snippet":"max-snippet:-1","max-image-preview":"max-image-preview:large","max-video-preview":"max-video-preview:-1"},"canonical":"https:\/\/www.ariasassessors.com\/ca\/devolucio-irpf-prestacio-maternitat\/","og_locale":"ca_ES","og_type":"article","og_title":"Devoluci\u00f3 IRPF prestaci\u00f3 maternitat | Arias Assessors","og_description":"Coneix les novetats de la Devoluci\u00f3 IRPF per a la prestaci\u00f3 per maternitat.","og_url":"https:\/\/www.ariasassessors.com\/ca\/devolucio-irpf-prestacio-maternitat\/","og_site_name":"Arias Assessors","article_publisher":"https:\/\/www.facebook.com\/ariasassessors\/","article_published_time":"2018-10-24T15:49:03+00:00","article_modified_time":"2019-03-12T13:12:14+00:00","og_image":[{"width":1200,"height":500,"url":"https:\/\/www.ariasassessors.com\/wp-content\/uploads\/2019\/02\/Devoluci\u00f3n-IRPF-prestaci\u00f3n-maternidad.jpg","type":"image\/jpeg"}],"author":"agbdmin","twitter_card":"summary_large_image","twitter_creator":"@ariasassessors","twitter_site":"@ariasassessors","twitter_misc":{"Escrit per":"agbdmin","Temps estimat de lectura":"1 minut"},"schema":{"@context":"https:\/\/schema.org","@graph":[{"@type":"Article","@id":"https:\/\/www.ariasassessors.com\/ca\/devolucio-irpf-prestacio-maternitat\/#article","isPartOf":{"@id":"https:\/\/www.ariasassessors.com\/ca\/devolucio-irpf-prestacio-maternitat\/"},"author":{"name":"agbdmin","@id":"https:\/\/www.ariasassessors.com\/#\/schema\/person\/b8db80e6dfb0dd8121aa47f2b0b9aedb"},"headline":"Devoluci\u00f3 IRPF prestaci\u00f3 maternitat","datePublished":"2018-10-24T15:49:03+00:00","dateModified":"2019-03-12T13:12:14+00:00","mainEntityOfPage":{"@id":"https:\/\/www.ariasassessors.com\/ca\/devolucio-irpf-prestacio-maternitat\/"},"wordCount":246,"commentCount":0,"publisher":{"@id":"https:\/\/www.ariasassessors.com\/#organization"},"image":{"@id":"https:\/\/www.ariasassessors.com\/ca\/devolucio-irpf-prestacio-maternitat\/#primaryimage"},"thumbnailUrl":"https:\/\/www.ariasassessors.com\/wp-content\/uploads\/2019\/02\/Devoluci\u00f3n-IRPF-prestaci\u00f3n-maternidad.jpg","articleSection":["noticies"],"inLanguage":"ca","potentialAction":[{"@type":"CommentAction","name":"Comment","target":["https:\/\/www.ariasassessors.com\/ca\/devolucio-irpf-prestacio-maternitat\/#respond"]}]},{"@type":"WebPage","@id":"https:\/\/www.ariasassessors.com\/ca\/devolucio-irpf-prestacio-maternitat\/","url":"https:\/\/www.ariasassessors.com\/ca\/devolucio-irpf-prestacio-maternitat\/","name":"Devoluci\u00f3 IRPF prestaci\u00f3 maternitat | Arias Assessors","isPartOf":{"@id":"https:\/\/www.ariasassessors.com\/#website"},"primaryImageOfPage":{"@id":"https:\/\/www.ariasassessors.com\/ca\/devolucio-irpf-prestacio-maternitat\/#primaryimage"},"image":{"@id":"https:\/\/www.ariasassessors.com\/ca\/devolucio-irpf-prestacio-maternitat\/#primaryimage"},"thumbnailUrl":"https:\/\/www.ariasassessors.com\/wp-content\/uploads\/2019\/02\/Devoluci\u00f3n-IRPF-prestaci\u00f3n-maternidad.jpg","datePublished":"2018-10-24T15:49:03+00:00","dateModified":"2019-03-12T13:12:14+00:00","breadcrumb":{"@id":"https:\/\/www.ariasassessors.com\/ca\/devolucio-irpf-prestacio-maternitat\/#breadcrumb"},"inLanguage":"ca","potentialAction":[{"@type":"ReadAction","target":["https:\/\/www.ariasassessors.com\/ca\/devolucio-irpf-prestacio-maternitat\/"]}]},{"@type":"ImageObject","inLanguage":"ca","@id":"https:\/\/www.ariasassessors.com\/ca\/devolucio-irpf-prestacio-maternitat\/#primaryimage","url":"https:\/\/www.ariasassessors.com\/wp-content\/uploads\/2019\/02\/Devoluci\u00f3n-IRPF-prestaci\u00f3n-maternidad.jpg","contentUrl":"https:\/\/www.ariasassessors.com\/wp-content\/uploads\/2019\/02\/Devoluci\u00f3n-IRPF-prestaci\u00f3n-maternidad.jpg","width":1200,"height":500,"caption":"Devoluci\u00f3n IRPF prestaci\u00f3n maternidad"},{"@type":"BreadcrumbList","@id":"https:\/\/www.ariasassessors.com\/ca\/devolucio-irpf-prestacio-maternitat\/#breadcrumb","itemListElement":[{"@type":"ListItem","position":1,"name":"Portada","item":"https:\/\/www.ariasassessors.com\/ca\/"},{"@type":"ListItem","position":2,"name":"Devoluci\u00f3 IRPF prestaci\u00f3 maternitat"}]},{"@type":"WebSite","@id":"https:\/\/www.ariasassessors.com\/#website","url":"https:\/\/www.ariasassessors.com\/","name":"Arias Assessors","description":"Asesor\u00eda para aut\u00f3nomos, profesionales y PYMES","publisher":{"@id":"https:\/\/www.ariasassessors.com\/#organization"},"potentialAction":[{"@type":"SearchAction","target":{"@type":"EntryPoint","urlTemplate":"https:\/\/www.ariasassessors.com\/?s={search_term_string}"},"query-input":{"@type":"PropertyValueSpecification","valueRequired":true,"valueName":"search_term_string"}}],"inLanguage":"ca"},{"@type":"Organization","@id":"https:\/\/www.ariasassessors.com\/#organization","name":"Arias Assessors","url":"https:\/\/www.ariasassessors.com\/","logo":{"@type":"ImageObject","inLanguage":"ca","@id":"https:\/\/www.ariasassessors.com\/#\/schema\/logo\/image\/","url":"https:\/\/www.ariasassessors.com\/wp-content\/uploads\/2019\/01\/arias-logo.png","contentUrl":"https:\/\/www.ariasassessors.com\/wp-content\/uploads\/2019\/01\/arias-logo.png","width":349,"height":254,"caption":"Arias Assessors"},"image":{"@id":"https:\/\/www.ariasassessors.com\/#\/schema\/logo\/image\/"},"sameAs":["https:\/\/www.facebook.com\/ariasassessors\/","https:\/\/x.com\/ariasassessors","https:\/\/www.linkedin.com\/company\/r&amp;amp;r-growing-knowledge\/"]},{"@type":"Person","@id":"https:\/\/www.ariasassessors.com\/#\/schema\/person\/b8db80e6dfb0dd8121aa47f2b0b9aedb","name":"agbdmin","image":{"@type":"ImageObject","inLanguage":"ca","@id":"https:\/\/www.ariasassessors.com\/#\/schema\/person\/image\/","url":"https:\/\/secure.gravatar.com\/avatar\/fd02ac7e28885b138879b3f2902d0e79?s=96&d=mm&r=g","contentUrl":"https:\/\/secure.gravatar.com\/avatar\/fd02ac7e28885b138879b3f2902d0e79?s=96&d=mm&r=g","caption":"agbdmin"}}]}},"_links":{"self":[{"href":"https:\/\/www.ariasassessors.com\/ca\/wp-json\/wp\/v2\/posts\/406","targetHints":{"allow":["GET"]}}],"collection":[{"href":"https:\/\/www.ariasassessors.com\/ca\/wp-json\/wp\/v2\/posts"}],"about":[{"href":"https:\/\/www.ariasassessors.com\/ca\/wp-json\/wp\/v2\/types\/post"}],"author":[{"embeddable":true,"href":"https:\/\/www.ariasassessors.com\/ca\/wp-json\/wp\/v2\/users\/1"}],"replies":[{"embeddable":true,"href":"https:\/\/www.ariasassessors.com\/ca\/wp-json\/wp\/v2\/comments?post=406"}],"version-history":[{"count":2,"href":"https:\/\/www.ariasassessors.com\/ca\/wp-json\/wp\/v2\/posts\/406\/revisions"}],"predecessor-version":[{"id":409,"href":"https:\/\/www.ariasassessors.com\/ca\/wp-json\/wp\/v2\/posts\/406\/revisions\/409"}],"wp:featuredmedia":[{"embeddable":true,"href":"https:\/\/www.ariasassessors.com\/ca\/wp-json\/wp\/v2\/media\/407"}],"wp:attachment":[{"href":"https:\/\/www.ariasassessors.com\/ca\/wp-json\/wp\/v2\/media?parent=406"}],"wp:term":[{"taxonomy":"category","embeddable":true,"href":"https:\/\/www.ariasassessors.com\/ca\/wp-json\/wp\/v2\/categories?post=406"},{"taxonomy":"post_tag","embeddable":true,"href":"https:\/\/www.ariasassessors.com\/ca\/wp-json\/wp\/v2\/tags?post=406"}],"curies":[{"name":"wp","href":"https:\/\/api.w.org\/{rel}","templated":true}]}}