{"id":4068,"date":"2025-01-27T14:33:37","date_gmt":"2025-01-27T13:33:37","guid":{"rendered":"https:\/\/www.ariasassessors.com\/?p=4068"},"modified":"2025-01-30T13:31:52","modified_gmt":"2025-01-30T12:31:52","slug":"els-autonoms-hauran-dutilitzar-la-mediacio-obligatoria-tot-el-que-necessites-saber","status":"publish","type":"post","link":"https:\/\/www.ariasassessors.com\/ca\/els-autonoms-hauran-dutilitzar-la-mediacio-obligatoria-tot-el-que-necessites-saber\/","title":{"rendered":"Els Aut\u00f2noms Hauran d&#8217;Utilitzar la Mediaci\u00f3 Obligat\u00f2ria: Tot el que Necessites Saber"},"content":{"rendered":"<p>El m\u00f3n empresarial evoluciona constantment, i els aut\u00f2noms, com a pilar fonamental de l&#8217;economia, no queden al marge. Una de les novetats m\u00e9s destacades \u00e9s la <strong>obligatorietat d\u2019utilitzar la mediaci\u00f3 abans d\u2019acudir als tribunals en casos d\u2019impagaments o altres conflictes legals<\/strong>. Aquest requisit no nom\u00e9s descongestiona els <a href=\"https:\/\/www.mjusticia.gob.es\/BUSCADIR\/ServletControlador?apartado=buscadorGeneral&amp;lang=ca_es\">jutjats<\/a>, sin\u00f3 que tamb\u00e9 fomenta solucions m\u00e9s r\u00e0pides i econ\u00f2miques. A <strong>Arias Assessors<\/strong>, coneixem les implicacions d\u2019aquesta normativa i t\u2019ajudem a complir-la de manera senzilla.<\/p>\n<div id=\"ez-toc-container\" class=\"ez-toc-v2_0_72 counter-hierarchy ez-toc-counter ez-toc-grey ez-toc-container-direction\">\n<div class=\"ez-toc-title-container\">\n<p class=\"ez-toc-title\" style=\"cursor:inherit\">\u00cdndice de Contenidos<\/p>\n<span class=\"ez-toc-title-toggle\"><a href=\"#\" class=\"ez-toc-pull-right ez-toc-btn ez-toc-btn-xs ez-toc-btn-default ez-toc-toggle\" aria-label=\"Toggle Table of Content\"><span class=\"ez-toc-js-icon-con\"><span class=\"\"><span class=\"eztoc-hide\" style=\"display:none;\">Toggle<\/span><span class=\"ez-toc-icon-toggle-span\"><svg style=\"fill: #428bca;color:#428bca\" xmlns=\"http:\/\/www.w3.org\/2000\/svg\" class=\"list-377408\" width=\"20px\" height=\"20px\" viewBox=\"0 0 24 24\" fill=\"none\"><path d=\"M6 6H4v2h2V6zm14 0H8v2h12V6zM4 11h2v2H4v-2zm16 0H8v2h12v-2zM4 16h2v2H4v-2zm16 0H8v2h12v-2z\" fill=\"currentColor\"><\/path><\/svg><svg style=\"fill: #428bca;color:#428bca\" class=\"arrow-unsorted-368013\" xmlns=\"http:\/\/www.w3.org\/2000\/svg\" width=\"10px\" height=\"10px\" viewBox=\"0 0 24 24\" version=\"1.2\" baseProfile=\"tiny\"><path d=\"M18.2 9.3l-6.2-6.3-6.2 6.3c-.2.2-.3.4-.3.7s.1.5.3.7c.2.2.4.3.7.3h11c.3 0 .5-.1.7-.3.2-.2.3-.5.3-.7s-.1-.5-.3-.7zM5.8 14.7l6.2 6.3 6.2-6.3c.2-.2.3-.5.3-.7s-.1-.5-.3-.7c-.2-.2-.4-.3-.7-.3h-11c-.3 0-.5.1-.7.3-.2.2-.3.5-.3.7s.1.5.3.7z\"\/><\/svg><\/span><\/span><\/span><\/a><\/span><\/div>\n<nav><ul class='ez-toc-list ez-toc-list-level-1 eztoc-toggle-hide-by-default' ><li class='ez-toc-page-1 ez-toc-heading-level-2'><a class=\"ez-toc-link ez-toc-heading-1\" href=\"https:\/\/www.ariasassessors.com\/ca\/els-autonoms-hauran-dutilitzar-la-mediacio-obligatoria-tot-el-que-necessites-saber\/#Que_Implica_la_Mediacio_Obligatoria_Detalls_Clau_per_a_Autonoms\" title=\"Qu\u00e8 Implica la Mediaci\u00f3 Obligat\u00f2ria? Detalls Clau per a Aut\u00f2noms\">Qu\u00e8 Implica la Mediaci\u00f3 Obligat\u00f2ria? Detalls Clau per a Aut\u00f2noms<\/a><\/li><li class='ez-toc-page-1 ez-toc-heading-level-2'><a class=\"ez-toc-link ez-toc-heading-2\" href=\"https:\/\/www.ariasassessors.com\/ca\/els-autonoms-hauran-dutilitzar-la-mediacio-obligatoria-tot-el-que-necessites-saber\/#Beneficis_de_la_Mediacio_Mes_Enlla_dels_Tribunals\" title=\"Beneficis de la Mediaci\u00f3: M\u00e9s Enll\u00e0 dels Tribunals\">Beneficis de la Mediaci\u00f3: M\u00e9s Enll\u00e0 dels Tribunals<\/a><\/li><li class='ez-toc-page-1 ez-toc-heading-level-2'><a class=\"ez-toc-link ez-toc-heading-3\" href=\"https:\/\/www.ariasassessors.com\/ca\/els-autonoms-hauran-dutilitzar-la-mediacio-obligatoria-tot-el-que-necessites-saber\/#Com_Preparar-se_per_a_la_Mediacio_Consells_Practics\" title=\"Com Preparar-se per a la Mediaci\u00f3? Consells Pr\u00e0ctics\">Com Preparar-se per a la Mediaci\u00f3? Consells Pr\u00e0ctics<\/a><\/li><li class='ez-toc-page-1 ez-toc-heading-level-2'><a class=\"ez-toc-link ez-toc-heading-4\" href=\"https:\/\/www.ariasassessors.com\/ca\/els-autonoms-hauran-dutilitzar-la-mediacio-obligatoria-tot-el-que-necessites-saber\/#El_Rol_dArias_Assessors_en_la_Gestio_de_Conflictes_per_a_Autonoms\" title=\"El Rol d\u2019Arias Assessors en la Gesti\u00f3 de Conflictes per a Aut\u00f2noms\">El Rol d\u2019Arias Assessors en la Gesti\u00f3 de Conflictes per a Aut\u00f2noms<\/a><\/li><li class='ez-toc-page-1 ez-toc-heading-level-2'><a class=\"ez-toc-link ez-toc-heading-5\" href=\"https:\/\/www.ariasassessors.com\/ca\/els-autonoms-hauran-dutilitzar-la-mediacio-obligatoria-tot-el-que-necessites-saber\/#Casos_Practics_Com_la_Mediacio_Pot_Estalviar_Temps_i_Costos\" title=\"Casos Pr\u00e0ctics: Com la Mediaci\u00f3 Pot Estalviar Temps i Costos\">Casos Pr\u00e0ctics: Com la Mediaci\u00f3 Pot Estalviar Temps i Costos<\/a><\/li><li class='ez-toc-page-1 ez-toc-heading-level-2'><a class=\"ez-toc-link ez-toc-heading-6\" href=\"https:\/\/www.ariasassessors.com\/ca\/els-autonoms-hauran-dutilitzar-la-mediacio-obligatoria-tot-el-que-necessites-saber\/#Conclusio_Arias_Assessors_el_Teu_Aliat_en_el_Compliment_Legal\" title=\"Conclusi\u00f3: Arias Assessors, el Teu Aliat en el Compliment Legal\">Conclusi\u00f3: Arias Assessors, el Teu Aliat en el Compliment Legal<\/a><\/li><\/ul><\/nav><\/div>\n<h2><span class=\"ez-toc-section\" id=\"Que_Implica_la_Mediacio_Obligatoria_Detalls_Clau_per_a_Autonoms\"><\/span>Qu\u00e8 Implica la Mediaci\u00f3 Obligat\u00f2ria? Detalls Clau per a Aut\u00f2noms<span class=\"ez-toc-section-end\"><\/span><\/h2>\n<p>La mediaci\u00f3 \u00e9s un mecanisme per resoldre conflictes en qu\u00e8 les parts implicades, amb l\u2019ajuda d\u2019un mediador imparcial, intenten arribar a un acord. Segons la nova normativa, abans de portar un cas d\u2019impagament als tribunals, els Aut\u00f2noms Hauran d&#8217;Utilitzar la Mediaci\u00f3.<\/p>\n<p>Aquest proc\u00e9s t\u00e9 diverses caracter\u00edstiques importants:<\/p>\n<ul>\n<li><strong>Acords voluntaris<\/strong>: Tot i que la mediaci\u00f3 \u00e9s obligat\u00f2ria com a pas previ, qualsevol acord nom\u00e9s ser\u00e0 v\u00e0lid si les dues parts el consensuen.<\/li>\n<li><strong>Rapidesa i cost redu\u00eft<\/strong>: Comparat amb un judici, la mediaci\u00f3 \u00e9s m\u00e9s r\u00e0pida i econ\u00f2mica, una opci\u00f3 atractiva per als aut\u00f2noms que volen evitar llargues disputes legals.<\/li>\n<li><strong>Confidencialitat garantida<\/strong>: Tot el que es discuteix a la mediaci\u00f3 \u00e9s confidencial, un aspecte essencial en casos delicats.<\/li>\n<\/ul>\n<h2><span class=\"ez-toc-section\" id=\"Beneficis_de_la_Mediacio_Mes_Enlla_dels_Tribunals\"><\/span>Beneficis de la Mediaci\u00f3: M\u00e9s Enll\u00e0 dels Tribunals<span class=\"ez-toc-section-end\"><\/span><\/h2>\n<p>Per qu\u00e8 triar la mediaci\u00f3 en lloc d\u2019acudir directament als tribunals? La resposta rau en els m\u00faltiples avantatges que ofereix aquest proc\u00e9s:<\/p>\n<ol>\n<li><strong>Estalvi econ\u00f2mic i de temps<\/strong>: Els judicis poden durar mesos o anys, amb costos elevats. En canvi, la mediaci\u00f3 es resol en setmanes i amb menys despeses.<\/li>\n<li><strong>Control sobre el resultat<\/strong>: En un judici, la decisi\u00f3 dep\u00e8n d\u2019un jutge, per\u00f2 a la mediaci\u00f3, les parts tenen m\u00e9s control sobre l\u2019acord final.<\/li>\n<li><strong>Preservaci\u00f3 de les relacions comercials<\/strong>: Resoldre un conflicte de manera amistosa ajuda a mantenir bones relacions comercials, vitals per als aut\u00f2noms.<\/li>\n<\/ol>\n<p>A <strong>Arias Assessors<\/strong>, destaquem aquests beneficis als nostres clients, garantint-los processos clars i avantatjosos.<\/p>\n<p><img loading=\"lazy\" decoding=\"async\" class=\"size-medium wp-image-4066 alignright\" src=\"https:\/\/www.ariasassessors.com\/wp-content\/uploads\/2025\/01\/10064-300x200.jpg\" alt=\"Personas participando en una mediaci\u00f3n, un requisito obligatorio para los aut\u00f3nomos antes de acudir a juicio seg\u00fan la nueva normativa legal.\" width=\"300\" height=\"200\" srcset=\"https:\/\/www.ariasassessors.com\/wp-content\/uploads\/2025\/01\/10064-300x200.jpg 300w, https:\/\/www.ariasassessors.com\/wp-content\/uploads\/2025\/01\/10064-1024x683.jpg 1024w, https:\/\/www.ariasassessors.com\/wp-content\/uploads\/2025\/01\/10064-768x512.jpg 768w, https:\/\/www.ariasassessors.com\/wp-content\/uploads\/2025\/01\/10064-700x467.jpg 700w, https:\/\/www.ariasassessors.com\/wp-content\/uploads\/2025\/01\/10064.jpg 1500w\" sizes=\"auto, (max-width: 300px) 100vw, 300px\" \/><\/p>\n<p>&nbsp;<\/p>\n<h2><span class=\"ez-toc-section\" id=\"Com_Preparar-se_per_a_la_Mediacio_Consells_Practics\"><\/span>Com Preparar-se per a la Mediaci\u00f3? Consells Pr\u00e0ctics<span class=\"ez-toc-section-end\"><\/span><\/h2>\n<p>Per afrontar una mediaci\u00f3 amb \u00e8xit, \u00e9s imprescindible preparar-se adequadament. Aqu\u00ed tens alguns consells essencials:<\/p>\n<ol>\n<li><strong>Reuneix tota la documentaci\u00f3 necess\u00e0ria<\/strong>: Factures, correus electr\u00f2nics, contractes i altres documents relacionats seran claus en el proc\u00e9s.<\/li>\n<li><strong>Defineix els teus objectius<\/strong>: Tingues clar qu\u00e8 esperes aconseguir. Aix\u00f2 t\u2019ajudar\u00e0 a negociar amb efic\u00e0cia.<\/li>\n<li><strong>Confia en assessorament professional<\/strong>: Comptar amb experts com <strong>Arias Assessors<\/strong> garanteix que els teus drets estiguin protegits i que entenguis cada pas.<\/li>\n<\/ol>\n<p>Recorda, la mediaci\u00f3 no \u00e9s un proc\u00e9s per afrontar sol. A <strong>Arias Assessors<\/strong>, t\u2019acompanyem per assegurar-te el millor resultat possible.<\/p>\n<p>&nbsp;<\/p>\n<h2><span class=\"ez-toc-section\" id=\"El_Rol_dArias_Assessors_en_la_Gestio_de_Conflictes_per_a_Autonoms\"><\/span>El Rol d\u2019Arias Assessors en la Gesti\u00f3 de Conflictes per a Aut\u00f2noms<span class=\"ez-toc-section-end\"><\/span><\/h2>\n<p>A <strong>Arias Assessors<\/strong>, som especialistes en ajudar els aut\u00f2noms a gestionar les seves obligacions legals i superar conflictes amb efic\u00e0cia. Amb l\u2019entrada en vigor de la mediaci\u00f3 obligat\u00f2ria, la nostra experi\u00e8ncia esdev\u00e9 un recurs imprescindible per als nostres clients.<\/p>\n<p>Qu\u00e8 t\u2019oferim?<\/p>\n<ul>\n<li><strong>Assessorament personalitzat<\/strong>: T\u2019expliquem com funciona la mediaci\u00f3 i com complir amb la normativa.<\/li>\n<li><strong>Representaci\u00f3 experta<\/strong>: T\u2019acompanyem a cada sessi\u00f3 de mediaci\u00f3, assegurant-nos que els teus interessos quedin protegits.<\/li>\n<li><strong>Gesti\u00f3 integral de conflictes<\/strong>: Des de la preparaci\u00f3 de la documentaci\u00f3 fins al seguiment de l\u2019acord, cobrim tots els aspectes del proc\u00e9s.<\/li>\n<\/ul>\n<h2><span class=\"ez-toc-section\" id=\"Casos_Practics_Com_la_Mediacio_Pot_Estalviar_Temps_i_Costos\"><\/span>Casos Pr\u00e0ctics: Com la Mediaci\u00f3 Pot Estalviar Temps i Costos<span class=\"ez-toc-section-end\"><\/span><\/h2>\n<p>Imagina\u2019t aquesta situaci\u00f3: ets un aut\u00f2nom que no ha rebut el pagament d\u2019un client per un servei prestat. Portar el cas a judici podria implicar mesos d\u2019espera i despeses considerables. Amb la mediaci\u00f3, podries arribar a un acord perqu\u00e8 el client pagui totalment o parcialment en un termini raonable.<\/p>\n<p>A <strong>Arias Assessors<\/strong>, hem ajudat molts clients a resoldre situacions similars, estalviant-los temps, diners i estr\u00e8s.<\/p>\n<p>&nbsp;<\/p>\n<h2><span class=\"ez-toc-section\" id=\"Conclusio_Arias_Assessors_el_Teu_Aliat_en_el_Compliment_Legal\"><\/span>Conclusi\u00f3: Arias Assessors, el Teu Aliat en el Compliment Legal<span class=\"ez-toc-section-end\"><\/span><\/h2>\n<p>Els Aut\u00f2noms Hauran d&#8217;Utilitzar la Mediaci\u00f3, aix\u00f2\u00a0pot semblar un repte, per\u00f2 tamb\u00e9 \u00e9s una oportunitat per resoldre conflictes de manera m\u00e9s eficient. A <a href=\"https:\/\/www.ariasassessors.com\/ca\/contacte\/\"><strong>Arias Assessors<\/strong><\/a>, ens encarreguem de fer que aquest proc\u00e9s sigui senzill i benefici\u00f3s per a tu.<\/p>\n<p>Si necessites assessorament sobre mediaci\u00f3 obligat\u00f2ria o altres temes relacionats amb la teva activitat com a aut\u00f2nom, no dubtis a contactar amb nosaltres. T\u2019ajudem a complir amb la normativa, protegir els teus drets i garantir que el teu negoci continu\u00ef prosperant sense problemes.<\/p>\n","protected":false},"excerpt":{"rendered":"<p>El m\u00f3n empresarial evoluciona constantment, i els aut\u00f2noms, com a pilar fonamental de l&#8217;economia, no queden al marge. Una de les novetats m\u00e9s destacades \u00e9s la obligatorietat d\u2019utilitzar la mediaci\u00f3 abans d\u2019acudir als tribunals en casos d\u2019impagaments o altres conflictes legals. Aquest requisit no nom\u00e9s&#8230;<\/p>\n","protected":false},"author":2,"featured_media":4074,"comment_status":"open","ping_status":"open","sticky":false,"template":"","format":"standard","meta":{"footnotes":""},"categories":[1115],"tags":[],"class_list":["post-4068","post","type-post","status-publish","format-standard","has-post-thumbnail","hentry","category-articulos-ca"],"yoast_head":"<!-- This site is optimized with the Yoast SEO plugin v24.3 - https:\/\/yoast.com\/wordpress\/plugins\/seo\/ -->\n<title>Els Aut\u00f2noms Hauran d&#039;Utilitzar la Mediaci\u00f3 | Arias Assessors<\/title>\n<meta name=\"description\" content=\"Els aut\u00f2noms hauran d&#039;utilitzar la mediaci\u00f3 abans d&#039;anar als tribunals. T&#039;assessorem perqu\u00e8 compleixis amb aquesta normativa.\" \/>\n<meta name=\"robots\" content=\"index, follow, max-snippet:-1, max-image-preview:large, max-video-preview:-1\" \/>\n<link rel=\"canonical\" href=\"https:\/\/www.ariasassessors.com\/ca\/els-autonoms-hauran-dutilitzar-la-mediacio-obligatoria-tot-el-que-necessites-saber\/\" \/>\n<meta property=\"og:locale\" content=\"ca_ES\" \/>\n<meta property=\"og:type\" content=\"article\" \/>\n<meta property=\"og:title\" content=\"Els Aut\u00f2noms Hauran d&#039;Utilitzar la Mediaci\u00f3 | Arias Assessors\" \/>\n<meta property=\"og:description\" content=\"Els aut\u00f2noms hauran d&#039;utilitzar la mediaci\u00f3 abans d&#039;anar als tribunals. T&#039;assessorem perqu\u00e8 compleixis amb aquesta normativa.\" \/>\n<meta property=\"og:url\" content=\"https:\/\/www.ariasassessors.com\/ca\/els-autonoms-hauran-dutilitzar-la-mediacio-obligatoria-tot-el-que-necessites-saber\/\" \/>\n<meta property=\"og:site_name\" content=\"Arias Assessors\" \/>\n<meta property=\"article:publisher\" content=\"https:\/\/www.facebook.com\/ariasassessors\/\" \/>\n<meta property=\"article:published_time\" content=\"2025-01-27T13:33:37+00:00\" \/>\n<meta property=\"article:modified_time\" content=\"2025-01-30T12:31:52+00:00\" \/>\n<meta property=\"og:image\" content=\"https:\/\/www.ariasassessors.com\/wp-content\/uploads\/2025\/01\/Articulos-Arias-Assessors-7.png\" \/>\n\t<meta property=\"og:image:width\" content=\"1000\" \/>\n\t<meta property=\"og:image:height\" content=\"665\" \/>\n\t<meta property=\"og:image:type\" content=\"image\/png\" \/>\n<meta name=\"author\" content=\"btorras\" \/>\n<meta name=\"twitter:card\" content=\"summary_large_image\" \/>\n<meta name=\"twitter:creator\" content=\"@ariasassessors\" \/>\n<meta name=\"twitter:site\" content=\"@ariasassessors\" \/>\n<meta name=\"twitter:label1\" content=\"Escrit per\" \/>\n\t<meta name=\"twitter:data1\" content=\"btorras\" \/>\n\t<meta name=\"twitter:label2\" content=\"Temps estimat de lectura\" \/>\n\t<meta name=\"twitter:data2\" content=\"4 minuts\" \/>\n<script type=\"application\/ld+json\" class=\"yoast-schema-graph\">{\"@context\":\"https:\/\/schema.org\",\"@graph\":[{\"@type\":\"Article\",\"@id\":\"https:\/\/www.ariasassessors.com\/ca\/els-autonoms-hauran-dutilitzar-la-mediacio-obligatoria-tot-el-que-necessites-saber\/#article\",\"isPartOf\":{\"@id\":\"https:\/\/www.ariasassessors.com\/ca\/els-autonoms-hauran-dutilitzar-la-mediacio-obligatoria-tot-el-que-necessites-saber\/\"},\"author\":{\"name\":\"btorras\",\"@id\":\"https:\/\/www.ariasassessors.com\/#\/schema\/person\/63c6ad1775f0a9413c37932562673cef\"},\"headline\":\"Els Aut\u00f2noms Hauran d&#8217;Utilitzar la Mediaci\u00f3 Obligat\u00f2ria: Tot el que Necessites Saber\",\"datePublished\":\"2025-01-27T13:33:37+00:00\",\"dateModified\":\"2025-01-30T12:31:52+00:00\",\"mainEntityOfPage\":{\"@id\":\"https:\/\/www.ariasassessors.com\/ca\/els-autonoms-hauran-dutilitzar-la-mediacio-obligatoria-tot-el-que-necessites-saber\/\"},\"wordCount\":771,\"commentCount\":0,\"publisher\":{\"@id\":\"https:\/\/www.ariasassessors.com\/#organization\"},\"image\":{\"@id\":\"https:\/\/www.ariasassessors.com\/ca\/els-autonoms-hauran-dutilitzar-la-mediacio-obligatoria-tot-el-que-necessites-saber\/#primaryimage\"},\"thumbnailUrl\":\"https:\/\/www.ariasassessors.com\/wp-content\/uploads\/2025\/01\/Articulos-Arias-Assessors-7.png\",\"articleSection\":[\"Art\u00edculos\"],\"inLanguage\":\"ca\",\"potentialAction\":[{\"@type\":\"CommentAction\",\"name\":\"Comment\",\"target\":[\"https:\/\/www.ariasassessors.com\/ca\/els-autonoms-hauran-dutilitzar-la-mediacio-obligatoria-tot-el-que-necessites-saber\/#respond\"]}]},{\"@type\":\"WebPage\",\"@id\":\"https:\/\/www.ariasassessors.com\/ca\/els-autonoms-hauran-dutilitzar-la-mediacio-obligatoria-tot-el-que-necessites-saber\/\",\"url\":\"https:\/\/www.ariasassessors.com\/ca\/els-autonoms-hauran-dutilitzar-la-mediacio-obligatoria-tot-el-que-necessites-saber\/\",\"name\":\"Els Aut\u00f2noms Hauran d'Utilitzar la Mediaci\u00f3 | Arias Assessors\",\"isPartOf\":{\"@id\":\"https:\/\/www.ariasassessors.com\/#website\"},\"primaryImageOfPage\":{\"@id\":\"https:\/\/www.ariasassessors.com\/ca\/els-autonoms-hauran-dutilitzar-la-mediacio-obligatoria-tot-el-que-necessites-saber\/#primaryimage\"},\"image\":{\"@id\":\"https:\/\/www.ariasassessors.com\/ca\/els-autonoms-hauran-dutilitzar-la-mediacio-obligatoria-tot-el-que-necessites-saber\/#primaryimage\"},\"thumbnailUrl\":\"https:\/\/www.ariasassessors.com\/wp-content\/uploads\/2025\/01\/Articulos-Arias-Assessors-7.png\",\"datePublished\":\"2025-01-27T13:33:37+00:00\",\"dateModified\":\"2025-01-30T12:31:52+00:00\",\"description\":\"Els aut\u00f2noms hauran d'utilitzar la mediaci\u00f3 abans d'anar als tribunals. T'assessorem perqu\u00e8 compleixis amb aquesta normativa.\",\"breadcrumb\":{\"@id\":\"https:\/\/www.ariasassessors.com\/ca\/els-autonoms-hauran-dutilitzar-la-mediacio-obligatoria-tot-el-que-necessites-saber\/#breadcrumb\"},\"inLanguage\":\"ca\",\"potentialAction\":[{\"@type\":\"ReadAction\",\"target\":[\"https:\/\/www.ariasassessors.com\/ca\/els-autonoms-hauran-dutilitzar-la-mediacio-obligatoria-tot-el-que-necessites-saber\/\"]}]},{\"@type\":\"ImageObject\",\"inLanguage\":\"ca\",\"@id\":\"https:\/\/www.ariasassessors.com\/ca\/els-autonoms-hauran-dutilitzar-la-mediacio-obligatoria-tot-el-que-necessites-saber\/#primaryimage\",\"url\":\"https:\/\/www.ariasassessors.com\/wp-content\/uploads\/2025\/01\/Articulos-Arias-Assessors-7.png\",\"contentUrl\":\"https:\/\/www.ariasassessors.com\/wp-content\/uploads\/2025\/01\/Articulos-Arias-Assessors-7.png\",\"width\":1000,\"height\":665},{\"@type\":\"BreadcrumbList\",\"@id\":\"https:\/\/www.ariasassessors.com\/ca\/els-autonoms-hauran-dutilitzar-la-mediacio-obligatoria-tot-el-que-necessites-saber\/#breadcrumb\",\"itemListElement\":[{\"@type\":\"ListItem\",\"position\":1,\"name\":\"Portada\",\"item\":\"https:\/\/www.ariasassessors.com\/ca\/\"},{\"@type\":\"ListItem\",\"position\":2,\"name\":\"Els Aut\u00f2noms Hauran d&#8217;Utilitzar la Mediaci\u00f3 Obligat\u00f2ria: Tot el que Necessites Saber\"}]},{\"@type\":\"WebSite\",\"@id\":\"https:\/\/www.ariasassessors.com\/#website\",\"url\":\"https:\/\/www.ariasassessors.com\/\",\"name\":\"Arias Assessors\",\"description\":\"Asesor\u00eda para aut\u00f3nomos, profesionales y PYMES\",\"publisher\":{\"@id\":\"https:\/\/www.ariasassessors.com\/#organization\"},\"potentialAction\":[{\"@type\":\"SearchAction\",\"target\":{\"@type\":\"EntryPoint\",\"urlTemplate\":\"https:\/\/www.ariasassessors.com\/?s={search_term_string}\"},\"query-input\":{\"@type\":\"PropertyValueSpecification\",\"valueRequired\":true,\"valueName\":\"search_term_string\"}}],\"inLanguage\":\"ca\"},{\"@type\":\"Organization\",\"@id\":\"https:\/\/www.ariasassessors.com\/#organization\",\"name\":\"Arias Assessors\",\"url\":\"https:\/\/www.ariasassessors.com\/\",\"logo\":{\"@type\":\"ImageObject\",\"inLanguage\":\"ca\",\"@id\":\"https:\/\/www.ariasassessors.com\/#\/schema\/logo\/image\/\",\"url\":\"https:\/\/www.ariasassessors.com\/wp-content\/uploads\/2019\/01\/arias-logo.png\",\"contentUrl\":\"https:\/\/www.ariasassessors.com\/wp-content\/uploads\/2019\/01\/arias-logo.png\",\"width\":349,\"height\":254,\"caption\":\"Arias Assessors\"},\"image\":{\"@id\":\"https:\/\/www.ariasassessors.com\/#\/schema\/logo\/image\/\"},\"sameAs\":[\"https:\/\/www.facebook.com\/ariasassessors\/\",\"https:\/\/x.com\/ariasassessors\",\"https:\/\/www.linkedin.com\/company\/r&amp;amp;r-growing-knowledge\/\"]},{\"@type\":\"Person\",\"@id\":\"https:\/\/www.ariasassessors.com\/#\/schema\/person\/63c6ad1775f0a9413c37932562673cef\",\"name\":\"btorras\",\"image\":{\"@type\":\"ImageObject\",\"inLanguage\":\"ca\",\"@id\":\"https:\/\/www.ariasassessors.com\/#\/schema\/person\/image\/\",\"url\":\"https:\/\/secure.gravatar.com\/avatar\/0531db351fc361fdbfd204c58fa2d6a3?s=96&d=mm&r=g\",\"contentUrl\":\"https:\/\/secure.gravatar.com\/avatar\/0531db351fc361fdbfd204c58fa2d6a3?s=96&d=mm&r=g\",\"caption\":\"btorras\"}}]}<\/script>\n<!-- \/ Yoast SEO plugin. -->","yoast_head_json":{"title":"Els Aut\u00f2noms Hauran d'Utilitzar la Mediaci\u00f3 | Arias Assessors","description":"Els aut\u00f2noms hauran d'utilitzar la mediaci\u00f3 abans d'anar als tribunals. T'assessorem perqu\u00e8 compleixis amb aquesta normativa.","robots":{"index":"index","follow":"follow","max-snippet":"max-snippet:-1","max-image-preview":"max-image-preview:large","max-video-preview":"max-video-preview:-1"},"canonical":"https:\/\/www.ariasassessors.com\/ca\/els-autonoms-hauran-dutilitzar-la-mediacio-obligatoria-tot-el-que-necessites-saber\/","og_locale":"ca_ES","og_type":"article","og_title":"Els Aut\u00f2noms Hauran d'Utilitzar la Mediaci\u00f3 | Arias Assessors","og_description":"Els aut\u00f2noms hauran d'utilitzar la mediaci\u00f3 abans d'anar als tribunals. T'assessorem perqu\u00e8 compleixis amb aquesta normativa.","og_url":"https:\/\/www.ariasassessors.com\/ca\/els-autonoms-hauran-dutilitzar-la-mediacio-obligatoria-tot-el-que-necessites-saber\/","og_site_name":"Arias Assessors","article_publisher":"https:\/\/www.facebook.com\/ariasassessors\/","article_published_time":"2025-01-27T13:33:37+00:00","article_modified_time":"2025-01-30T12:31:52+00:00","og_image":[{"width":1000,"height":665,"url":"https:\/\/www.ariasassessors.com\/wp-content\/uploads\/2025\/01\/Articulos-Arias-Assessors-7.png","type":"image\/png"}],"author":"btorras","twitter_card":"summary_large_image","twitter_creator":"@ariasassessors","twitter_site":"@ariasassessors","twitter_misc":{"Escrit per":"btorras","Temps estimat de lectura":"4 minuts"},"schema":{"@context":"https:\/\/schema.org","@graph":[{"@type":"Article","@id":"https:\/\/www.ariasassessors.com\/ca\/els-autonoms-hauran-dutilitzar-la-mediacio-obligatoria-tot-el-que-necessites-saber\/#article","isPartOf":{"@id":"https:\/\/www.ariasassessors.com\/ca\/els-autonoms-hauran-dutilitzar-la-mediacio-obligatoria-tot-el-que-necessites-saber\/"},"author":{"name":"btorras","@id":"https:\/\/www.ariasassessors.com\/#\/schema\/person\/63c6ad1775f0a9413c37932562673cef"},"headline":"Els Aut\u00f2noms Hauran d&#8217;Utilitzar la Mediaci\u00f3 Obligat\u00f2ria: Tot el que Necessites Saber","datePublished":"2025-01-27T13:33:37+00:00","dateModified":"2025-01-30T12:31:52+00:00","mainEntityOfPage":{"@id":"https:\/\/www.ariasassessors.com\/ca\/els-autonoms-hauran-dutilitzar-la-mediacio-obligatoria-tot-el-que-necessites-saber\/"},"wordCount":771,"commentCount":0,"publisher":{"@id":"https:\/\/www.ariasassessors.com\/#organization"},"image":{"@id":"https:\/\/www.ariasassessors.com\/ca\/els-autonoms-hauran-dutilitzar-la-mediacio-obligatoria-tot-el-que-necessites-saber\/#primaryimage"},"thumbnailUrl":"https:\/\/www.ariasassessors.com\/wp-content\/uploads\/2025\/01\/Articulos-Arias-Assessors-7.png","articleSection":["Art\u00edculos"],"inLanguage":"ca","potentialAction":[{"@type":"CommentAction","name":"Comment","target":["https:\/\/www.ariasassessors.com\/ca\/els-autonoms-hauran-dutilitzar-la-mediacio-obligatoria-tot-el-que-necessites-saber\/#respond"]}]},{"@type":"WebPage","@id":"https:\/\/www.ariasassessors.com\/ca\/els-autonoms-hauran-dutilitzar-la-mediacio-obligatoria-tot-el-que-necessites-saber\/","url":"https:\/\/www.ariasassessors.com\/ca\/els-autonoms-hauran-dutilitzar-la-mediacio-obligatoria-tot-el-que-necessites-saber\/","name":"Els Aut\u00f2noms Hauran d'Utilitzar la Mediaci\u00f3 | Arias Assessors","isPartOf":{"@id":"https:\/\/www.ariasassessors.com\/#website"},"primaryImageOfPage":{"@id":"https:\/\/www.ariasassessors.com\/ca\/els-autonoms-hauran-dutilitzar-la-mediacio-obligatoria-tot-el-que-necessites-saber\/#primaryimage"},"image":{"@id":"https:\/\/www.ariasassessors.com\/ca\/els-autonoms-hauran-dutilitzar-la-mediacio-obligatoria-tot-el-que-necessites-saber\/#primaryimage"},"thumbnailUrl":"https:\/\/www.ariasassessors.com\/wp-content\/uploads\/2025\/01\/Articulos-Arias-Assessors-7.png","datePublished":"2025-01-27T13:33:37+00:00","dateModified":"2025-01-30T12:31:52+00:00","description":"Els aut\u00f2noms hauran d'utilitzar la mediaci\u00f3 abans d'anar als tribunals. T'assessorem perqu\u00e8 compleixis amb aquesta normativa.","breadcrumb":{"@id":"https:\/\/www.ariasassessors.com\/ca\/els-autonoms-hauran-dutilitzar-la-mediacio-obligatoria-tot-el-que-necessites-saber\/#breadcrumb"},"inLanguage":"ca","potentialAction":[{"@type":"ReadAction","target":["https:\/\/www.ariasassessors.com\/ca\/els-autonoms-hauran-dutilitzar-la-mediacio-obligatoria-tot-el-que-necessites-saber\/"]}]},{"@type":"ImageObject","inLanguage":"ca","@id":"https:\/\/www.ariasassessors.com\/ca\/els-autonoms-hauran-dutilitzar-la-mediacio-obligatoria-tot-el-que-necessites-saber\/#primaryimage","url":"https:\/\/www.ariasassessors.com\/wp-content\/uploads\/2025\/01\/Articulos-Arias-Assessors-7.png","contentUrl":"https:\/\/www.ariasassessors.com\/wp-content\/uploads\/2025\/01\/Articulos-Arias-Assessors-7.png","width":1000,"height":665},{"@type":"BreadcrumbList","@id":"https:\/\/www.ariasassessors.com\/ca\/els-autonoms-hauran-dutilitzar-la-mediacio-obligatoria-tot-el-que-necessites-saber\/#breadcrumb","itemListElement":[{"@type":"ListItem","position":1,"name":"Portada","item":"https:\/\/www.ariasassessors.com\/ca\/"},{"@type":"ListItem","position":2,"name":"Els Aut\u00f2noms Hauran d&#8217;Utilitzar la Mediaci\u00f3 Obligat\u00f2ria: Tot el que Necessites Saber"}]},{"@type":"WebSite","@id":"https:\/\/www.ariasassessors.com\/#website","url":"https:\/\/www.ariasassessors.com\/","name":"Arias Assessors","description":"Asesor\u00eda para aut\u00f3nomos, profesionales y PYMES","publisher":{"@id":"https:\/\/www.ariasassessors.com\/#organization"},"potentialAction":[{"@type":"SearchAction","target":{"@type":"EntryPoint","urlTemplate":"https:\/\/www.ariasassessors.com\/?s={search_term_string}"},"query-input":{"@type":"PropertyValueSpecification","valueRequired":true,"valueName":"search_term_string"}}],"inLanguage":"ca"},{"@type":"Organization","@id":"https:\/\/www.ariasassessors.com\/#organization","name":"Arias Assessors","url":"https:\/\/www.ariasassessors.com\/","logo":{"@type":"ImageObject","inLanguage":"ca","@id":"https:\/\/www.ariasassessors.com\/#\/schema\/logo\/image\/","url":"https:\/\/www.ariasassessors.com\/wp-content\/uploads\/2019\/01\/arias-logo.png","contentUrl":"https:\/\/www.ariasassessors.com\/wp-content\/uploads\/2019\/01\/arias-logo.png","width":349,"height":254,"caption":"Arias Assessors"},"image":{"@id":"https:\/\/www.ariasassessors.com\/#\/schema\/logo\/image\/"},"sameAs":["https:\/\/www.facebook.com\/ariasassessors\/","https:\/\/x.com\/ariasassessors","https:\/\/www.linkedin.com\/company\/r&amp;amp;r-growing-knowledge\/"]},{"@type":"Person","@id":"https:\/\/www.ariasassessors.com\/#\/schema\/person\/63c6ad1775f0a9413c37932562673cef","name":"btorras","image":{"@type":"ImageObject","inLanguage":"ca","@id":"https:\/\/www.ariasassessors.com\/#\/schema\/person\/image\/","url":"https:\/\/secure.gravatar.com\/avatar\/0531db351fc361fdbfd204c58fa2d6a3?s=96&d=mm&r=g","contentUrl":"https:\/\/secure.gravatar.com\/avatar\/0531db351fc361fdbfd204c58fa2d6a3?s=96&d=mm&r=g","caption":"btorras"}}]}},"_links":{"self":[{"href":"https:\/\/www.ariasassessors.com\/ca\/wp-json\/wp\/v2\/posts\/4068","targetHints":{"allow":["GET"]}}],"collection":[{"href":"https:\/\/www.ariasassessors.com\/ca\/wp-json\/wp\/v2\/posts"}],"about":[{"href":"https:\/\/www.ariasassessors.com\/ca\/wp-json\/wp\/v2\/types\/post"}],"author":[{"embeddable":true,"href":"https:\/\/www.ariasassessors.com\/ca\/wp-json\/wp\/v2\/users\/2"}],"replies":[{"embeddable":true,"href":"https:\/\/www.ariasassessors.com\/ca\/wp-json\/wp\/v2\/comments?post=4068"}],"version-history":[{"count":1,"href":"https:\/\/www.ariasassessors.com\/ca\/wp-json\/wp\/v2\/posts\/4068\/revisions"}],"predecessor-version":[{"id":4071,"href":"https:\/\/www.ariasassessors.com\/ca\/wp-json\/wp\/v2\/posts\/4068\/revisions\/4071"}],"wp:featuredmedia":[{"embeddable":true,"href":"https:\/\/www.ariasassessors.com\/ca\/wp-json\/wp\/v2\/media\/4074"}],"wp:attachment":[{"href":"https:\/\/www.ariasassessors.com\/ca\/wp-json\/wp\/v2\/media?parent=4068"}],"wp:term":[{"taxonomy":"category","embeddable":true,"href":"https:\/\/www.ariasassessors.com\/ca\/wp-json\/wp\/v2\/categories?post=4068"},{"taxonomy":"post_tag","embeddable":true,"href":"https:\/\/www.ariasassessors.com\/ca\/wp-json\/wp\/v2\/tags?post=4068"}],"curies":[{"name":"wp","href":"https:\/\/api.w.org\/{rel}","templated":true}]}}