{"id":4096,"date":"2025-01-30T16:45:01","date_gmt":"2025-01-30T15:45:01","guid":{"rendered":"https:\/\/www.ariasassessors.com\/arias-assessors-entrevista-a-raul-arias-en-caraktertv\/"},"modified":"2025-01-30T16:46:55","modified_gmt":"2025-01-30T15:46:55","slug":"arias-assessors-entrevista-a-raul-arias-en-caraktertv","status":"publish","type":"post","link":"https:\/\/www.ariasassessors.com\/ca\/arias-assessors-entrevista-a-raul-arias-en-caraktertv\/","title":{"rendered":"ARIAS ASSESSORS: ENTREVISTA A RA\u00daL ARIAS EN CARAKTERTV"},"content":{"rendered":"<p>En aquesta entrevista, <strong>Ra\u00fal Arias<\/strong>, CEO de <strong>Arias Assessors<\/strong>, comparteix la seva visi\u00f3 sobre els reptes principals que enfronten aut\u00f2noms i pimes en mat\u00e8ria fiscal, comptable i laboral. Amb m\u00e9s de 25 anys d&#8217;experi\u00e8ncia, analitza l&#8217;impacte de les reformes constants en la gesti\u00f3 empresarial i explica com una planificaci\u00f3 adequada pot marcar la difer\u00e8ncia en l&#8217;optimitzaci\u00f3 d&#8217;impostos i l&#8217;estabilitat financera dels negocis. A m\u00e9s, aborda la import\u00e0ncia de comptar amb un assessorament especialitzat per evitar errors que poden derivar en sancions i maximitzar el creixement empresarial en un entorn cada vegada m\u00e9s complex.<\/p>\n<p><iframe loading=\"lazy\" src=\"https:\/\/www.youtube.com\/embed\/eUfcV-8zNiU\" width=\"560\" height=\"315\" frameborder=\"0\" allowfullscreen=\"allowfullscreen\"><\/iframe><\/p>\n","protected":false},"excerpt":{"rendered":"<p>En aquesta entrevista, Ra\u00fal Arias, CEO de Arias Assessors, comparteix la seva visi\u00f3 sobre els reptes principals que enfronten aut\u00f2noms i pimes en mat\u00e8ria fiscal, comptable i laboral. Amb m\u00e9s de 25 anys d&#8217;experi\u00e8ncia, analitza l&#8217;impacte de les reformes constants en la gesti\u00f3 empresarial i&#8230;<\/p>\n","protected":false},"author":2,"featured_media":4092,"comment_status":"open","ping_status":"open","sticky":false,"template":"","format":"standard","meta":{"footnotes":""},"categories":[1353],"tags":[],"class_list":["post-4096","post","type-post","status-publish","format-standard","has-post-thumbnail","hentry","category-premsa"],"yoast_head":"<!-- This site is optimized with the Yoast SEO plugin v24.3 - https:\/\/yoast.com\/wordpress\/plugins\/seo\/ -->\n<title>ARIAS ASSESSORS: ENTREVISTA A RA\u00daL ARIAS EN CARAKTERTV | Arias Assessors<\/title>\n<meta name=\"robots\" content=\"index, follow, max-snippet:-1, max-image-preview:large, max-video-preview:-1\" \/>\n<link rel=\"canonical\" href=\"https:\/\/www.ariasassessors.com\/ca\/arias-assessors-entrevista-a-raul-arias-en-caraktertv\/\" \/>\n<meta property=\"og:locale\" content=\"ca_ES\" \/>\n<meta property=\"og:type\" content=\"article\" \/>\n<meta property=\"og:title\" content=\"ARIAS ASSESSORS: ENTREVISTA A RA\u00daL ARIAS EN CARAKTERTV | Arias Assessors\" \/>\n<meta property=\"og:description\" content=\"En aquesta entrevista, Ra\u00fal Arias, CEO de Arias Assessors, comparteix la seva visi\u00f3 sobre els reptes principals que enfronten aut\u00f2noms i pimes en mat\u00e8ria fiscal, comptable i laboral. Amb m\u00e9s de 25 anys d&#8217;experi\u00e8ncia, analitza l&#8217;impacte de les reformes constants en la gesti\u00f3 empresarial i...\" \/>\n<meta property=\"og:url\" content=\"https:\/\/www.ariasassessors.com\/ca\/arias-assessors-entrevista-a-raul-arias-en-caraktertv\/\" \/>\n<meta property=\"og:site_name\" content=\"Arias Assessors\" \/>\n<meta property=\"article:publisher\" content=\"https:\/\/www.facebook.com\/ariasassessors\/\" \/>\n<meta property=\"article:published_time\" content=\"2025-01-30T15:45:01+00:00\" \/>\n<meta property=\"article:modified_time\" content=\"2025-01-30T15:46:55+00:00\" \/>\n<meta property=\"og:image\" content=\"https:\/\/www.ariasassessors.com\/wp-content\/uploads\/2025\/01\/Miniatura-Entrevista-Raul.png\" \/>\n\t<meta property=\"og:image:width\" content=\"1920\" \/>\n\t<meta property=\"og:image:height\" content=\"1202\" \/>\n\t<meta property=\"og:image:type\" content=\"image\/png\" \/>\n<meta name=\"author\" content=\"btorras\" \/>\n<meta name=\"twitter:card\" content=\"summary_large_image\" \/>\n<meta name=\"twitter:creator\" content=\"@ariasassessors\" \/>\n<meta name=\"twitter:site\" content=\"@ariasassessors\" \/>\n<meta name=\"twitter:label1\" content=\"Escrit per\" \/>\n\t<meta name=\"twitter:data1\" content=\"btorras\" \/>\n\t<meta name=\"twitter:label2\" content=\"Temps estimat de lectura\" \/>\n\t<meta name=\"twitter:data2\" content=\"1 minut\" \/>\n<script type=\"application\/ld+json\" class=\"yoast-schema-graph\">{\"@context\":\"https:\/\/schema.org\",\"@graph\":[{\"@type\":\"Article\",\"@id\":\"https:\/\/www.ariasassessors.com\/ca\/arias-assessors-entrevista-a-raul-arias-en-caraktertv\/#article\",\"isPartOf\":{\"@id\":\"https:\/\/www.ariasassessors.com\/ca\/arias-assessors-entrevista-a-raul-arias-en-caraktertv\/\"},\"author\":{\"name\":\"btorras\",\"@id\":\"https:\/\/www.ariasassessors.com\/#\/schema\/person\/63c6ad1775f0a9413c37932562673cef\"},\"headline\":\"ARIAS ASSESSORS: ENTREVISTA A RA\u00daL ARIAS EN CARAKTERTV\",\"datePublished\":\"2025-01-30T15:45:01+00:00\",\"dateModified\":\"2025-01-30T15:46:55+00:00\",\"mainEntityOfPage\":{\"@id\":\"https:\/\/www.ariasassessors.com\/ca\/arias-assessors-entrevista-a-raul-arias-en-caraktertv\/\"},\"wordCount\":110,\"commentCount\":0,\"publisher\":{\"@id\":\"https:\/\/www.ariasassessors.com\/#organization\"},\"image\":{\"@id\":\"https:\/\/www.ariasassessors.com\/ca\/arias-assessors-entrevista-a-raul-arias-en-caraktertv\/#primaryimage\"},\"thumbnailUrl\":\"https:\/\/www.ariasassessors.com\/wp-content\/uploads\/2025\/01\/Miniatura-Entrevista-Raul.png\",\"articleSection\":[\"Premsa\"],\"inLanguage\":\"ca\",\"potentialAction\":[{\"@type\":\"CommentAction\",\"name\":\"Comment\",\"target\":[\"https:\/\/www.ariasassessors.com\/ca\/arias-assessors-entrevista-a-raul-arias-en-caraktertv\/#respond\"]}]},{\"@type\":\"WebPage\",\"@id\":\"https:\/\/www.ariasassessors.com\/ca\/arias-assessors-entrevista-a-raul-arias-en-caraktertv\/\",\"url\":\"https:\/\/www.ariasassessors.com\/ca\/arias-assessors-entrevista-a-raul-arias-en-caraktertv\/\",\"name\":\"ARIAS ASSESSORS: ENTREVISTA A RA\u00daL ARIAS EN CARAKTERTV | Arias Assessors\",\"isPartOf\":{\"@id\":\"https:\/\/www.ariasassessors.com\/#website\"},\"primaryImageOfPage\":{\"@id\":\"https:\/\/www.ariasassessors.com\/ca\/arias-assessors-entrevista-a-raul-arias-en-caraktertv\/#primaryimage\"},\"image\":{\"@id\":\"https:\/\/www.ariasassessors.com\/ca\/arias-assessors-entrevista-a-raul-arias-en-caraktertv\/#primaryimage\"},\"thumbnailUrl\":\"https:\/\/www.ariasassessors.com\/wp-content\/uploads\/2025\/01\/Miniatura-Entrevista-Raul.png\",\"datePublished\":\"2025-01-30T15:45:01+00:00\",\"dateModified\":\"2025-01-30T15:46:55+00:00\",\"breadcrumb\":{\"@id\":\"https:\/\/www.ariasassessors.com\/ca\/arias-assessors-entrevista-a-raul-arias-en-caraktertv\/#breadcrumb\"},\"inLanguage\":\"ca\",\"potentialAction\":[{\"@type\":\"ReadAction\",\"target\":[\"https:\/\/www.ariasassessors.com\/ca\/arias-assessors-entrevista-a-raul-arias-en-caraktertv\/\"]}]},{\"@type\":\"ImageObject\",\"inLanguage\":\"ca\",\"@id\":\"https:\/\/www.ariasassessors.com\/ca\/arias-assessors-entrevista-a-raul-arias-en-caraktertv\/#primaryimage\",\"url\":\"https:\/\/www.ariasassessors.com\/wp-content\/uploads\/2025\/01\/Miniatura-Entrevista-Raul.png\",\"contentUrl\":\"https:\/\/www.ariasassessors.com\/wp-content\/uploads\/2025\/01\/Miniatura-Entrevista-Raul.png\",\"width\":1920,\"height\":1202},{\"@type\":\"BreadcrumbList\",\"@id\":\"https:\/\/www.ariasassessors.com\/ca\/arias-assessors-entrevista-a-raul-arias-en-caraktertv\/#breadcrumb\",\"itemListElement\":[{\"@type\":\"ListItem\",\"position\":1,\"name\":\"Portada\",\"item\":\"https:\/\/www.ariasassessors.com\/ca\/\"},{\"@type\":\"ListItem\",\"position\":2,\"name\":\"ARIAS ASSESSORS: ENTREVISTA A RA\u00daL ARIAS EN CARAKTERTV\"}]},{\"@type\":\"WebSite\",\"@id\":\"https:\/\/www.ariasassessors.com\/#website\",\"url\":\"https:\/\/www.ariasassessors.com\/\",\"name\":\"Arias Assessors\",\"description\":\"Asesor\u00eda para aut\u00f3nomos, profesionales y PYMES\",\"publisher\":{\"@id\":\"https:\/\/www.ariasassessors.com\/#organization\"},\"potentialAction\":[{\"@type\":\"SearchAction\",\"target\":{\"@type\":\"EntryPoint\",\"urlTemplate\":\"https:\/\/www.ariasassessors.com\/?s={search_term_string}\"},\"query-input\":{\"@type\":\"PropertyValueSpecification\",\"valueRequired\":true,\"valueName\":\"search_term_string\"}}],\"inLanguage\":\"ca\"},{\"@type\":\"Organization\",\"@id\":\"https:\/\/www.ariasassessors.com\/#organization\",\"name\":\"Arias Assessors\",\"url\":\"https:\/\/www.ariasassessors.com\/\",\"logo\":{\"@type\":\"ImageObject\",\"inLanguage\":\"ca\",\"@id\":\"https:\/\/www.ariasassessors.com\/#\/schema\/logo\/image\/\",\"url\":\"https:\/\/www.ariasassessors.com\/wp-content\/uploads\/2019\/01\/arias-logo.png\",\"contentUrl\":\"https:\/\/www.ariasassessors.com\/wp-content\/uploads\/2019\/01\/arias-logo.png\",\"width\":349,\"height\":254,\"caption\":\"Arias Assessors\"},\"image\":{\"@id\":\"https:\/\/www.ariasassessors.com\/#\/schema\/logo\/image\/\"},\"sameAs\":[\"https:\/\/www.facebook.com\/ariasassessors\/\",\"https:\/\/x.com\/ariasassessors\",\"https:\/\/www.linkedin.com\/company\/r&amp;amp;r-growing-knowledge\/\"]},{\"@type\":\"Person\",\"@id\":\"https:\/\/www.ariasassessors.com\/#\/schema\/person\/63c6ad1775f0a9413c37932562673cef\",\"name\":\"btorras\",\"image\":{\"@type\":\"ImageObject\",\"inLanguage\":\"ca\",\"@id\":\"https:\/\/www.ariasassessors.com\/#\/schema\/person\/image\/\",\"url\":\"https:\/\/secure.gravatar.com\/avatar\/0531db351fc361fdbfd204c58fa2d6a3?s=96&d=mm&r=g\",\"contentUrl\":\"https:\/\/secure.gravatar.com\/avatar\/0531db351fc361fdbfd204c58fa2d6a3?s=96&d=mm&r=g\",\"caption\":\"btorras\"}}]}<\/script>\n<!-- \/ Yoast SEO plugin. -->","yoast_head_json":{"title":"ARIAS ASSESSORS: ENTREVISTA A RA\u00daL ARIAS EN CARAKTERTV | Arias Assessors","robots":{"index":"index","follow":"follow","max-snippet":"max-snippet:-1","max-image-preview":"max-image-preview:large","max-video-preview":"max-video-preview:-1"},"canonical":"https:\/\/www.ariasassessors.com\/ca\/arias-assessors-entrevista-a-raul-arias-en-caraktertv\/","og_locale":"ca_ES","og_type":"article","og_title":"ARIAS ASSESSORS: ENTREVISTA A RA\u00daL ARIAS EN CARAKTERTV | Arias Assessors","og_description":"En aquesta entrevista, Ra\u00fal Arias, CEO de Arias Assessors, comparteix la seva visi\u00f3 sobre els reptes principals que enfronten aut\u00f2noms i pimes en mat\u00e8ria fiscal, comptable i laboral. Amb m\u00e9s de 25 anys d&#8217;experi\u00e8ncia, analitza l&#8217;impacte de les reformes constants en la gesti\u00f3 empresarial i...","og_url":"https:\/\/www.ariasassessors.com\/ca\/arias-assessors-entrevista-a-raul-arias-en-caraktertv\/","og_site_name":"Arias Assessors","article_publisher":"https:\/\/www.facebook.com\/ariasassessors\/","article_published_time":"2025-01-30T15:45:01+00:00","article_modified_time":"2025-01-30T15:46:55+00:00","og_image":[{"width":1920,"height":1202,"url":"https:\/\/www.ariasassessors.com\/wp-content\/uploads\/2025\/01\/Miniatura-Entrevista-Raul.png","type":"image\/png"}],"author":"btorras","twitter_card":"summary_large_image","twitter_creator":"@ariasassessors","twitter_site":"@ariasassessors","twitter_misc":{"Escrit per":"btorras","Temps estimat de lectura":"1 minut"},"schema":{"@context":"https:\/\/schema.org","@graph":[{"@type":"Article","@id":"https:\/\/www.ariasassessors.com\/ca\/arias-assessors-entrevista-a-raul-arias-en-caraktertv\/#article","isPartOf":{"@id":"https:\/\/www.ariasassessors.com\/ca\/arias-assessors-entrevista-a-raul-arias-en-caraktertv\/"},"author":{"name":"btorras","@id":"https:\/\/www.ariasassessors.com\/#\/schema\/person\/63c6ad1775f0a9413c37932562673cef"},"headline":"ARIAS ASSESSORS: ENTREVISTA A RA\u00daL ARIAS EN CARAKTERTV","datePublished":"2025-01-30T15:45:01+00:00","dateModified":"2025-01-30T15:46:55+00:00","mainEntityOfPage":{"@id":"https:\/\/www.ariasassessors.com\/ca\/arias-assessors-entrevista-a-raul-arias-en-caraktertv\/"},"wordCount":110,"commentCount":0,"publisher":{"@id":"https:\/\/www.ariasassessors.com\/#organization"},"image":{"@id":"https:\/\/www.ariasassessors.com\/ca\/arias-assessors-entrevista-a-raul-arias-en-caraktertv\/#primaryimage"},"thumbnailUrl":"https:\/\/www.ariasassessors.com\/wp-content\/uploads\/2025\/01\/Miniatura-Entrevista-Raul.png","articleSection":["Premsa"],"inLanguage":"ca","potentialAction":[{"@type":"CommentAction","name":"Comment","target":["https:\/\/www.ariasassessors.com\/ca\/arias-assessors-entrevista-a-raul-arias-en-caraktertv\/#respond"]}]},{"@type":"WebPage","@id":"https:\/\/www.ariasassessors.com\/ca\/arias-assessors-entrevista-a-raul-arias-en-caraktertv\/","url":"https:\/\/www.ariasassessors.com\/ca\/arias-assessors-entrevista-a-raul-arias-en-caraktertv\/","name":"ARIAS ASSESSORS: ENTREVISTA A RA\u00daL ARIAS EN CARAKTERTV | Arias Assessors","isPartOf":{"@id":"https:\/\/www.ariasassessors.com\/#website"},"primaryImageOfPage":{"@id":"https:\/\/www.ariasassessors.com\/ca\/arias-assessors-entrevista-a-raul-arias-en-caraktertv\/#primaryimage"},"image":{"@id":"https:\/\/www.ariasassessors.com\/ca\/arias-assessors-entrevista-a-raul-arias-en-caraktertv\/#primaryimage"},"thumbnailUrl":"https:\/\/www.ariasassessors.com\/wp-content\/uploads\/2025\/01\/Miniatura-Entrevista-Raul.png","datePublished":"2025-01-30T15:45:01+00:00","dateModified":"2025-01-30T15:46:55+00:00","breadcrumb":{"@id":"https:\/\/www.ariasassessors.com\/ca\/arias-assessors-entrevista-a-raul-arias-en-caraktertv\/#breadcrumb"},"inLanguage":"ca","potentialAction":[{"@type":"ReadAction","target":["https:\/\/www.ariasassessors.com\/ca\/arias-assessors-entrevista-a-raul-arias-en-caraktertv\/"]}]},{"@type":"ImageObject","inLanguage":"ca","@id":"https:\/\/www.ariasassessors.com\/ca\/arias-assessors-entrevista-a-raul-arias-en-caraktertv\/#primaryimage","url":"https:\/\/www.ariasassessors.com\/wp-content\/uploads\/2025\/01\/Miniatura-Entrevista-Raul.png","contentUrl":"https:\/\/www.ariasassessors.com\/wp-content\/uploads\/2025\/01\/Miniatura-Entrevista-Raul.png","width":1920,"height":1202},{"@type":"BreadcrumbList","@id":"https:\/\/www.ariasassessors.com\/ca\/arias-assessors-entrevista-a-raul-arias-en-caraktertv\/#breadcrumb","itemListElement":[{"@type":"ListItem","position":1,"name":"Portada","item":"https:\/\/www.ariasassessors.com\/ca\/"},{"@type":"ListItem","position":2,"name":"ARIAS ASSESSORS: ENTREVISTA A RA\u00daL ARIAS EN CARAKTERTV"}]},{"@type":"WebSite","@id":"https:\/\/www.ariasassessors.com\/#website","url":"https:\/\/www.ariasassessors.com\/","name":"Arias Assessors","description":"Asesor\u00eda para aut\u00f3nomos, profesionales y PYMES","publisher":{"@id":"https:\/\/www.ariasassessors.com\/#organization"},"potentialAction":[{"@type":"SearchAction","target":{"@type":"EntryPoint","urlTemplate":"https:\/\/www.ariasassessors.com\/?s={search_term_string}"},"query-input":{"@type":"PropertyValueSpecification","valueRequired":true,"valueName":"search_term_string"}}],"inLanguage":"ca"},{"@type":"Organization","@id":"https:\/\/www.ariasassessors.com\/#organization","name":"Arias Assessors","url":"https:\/\/www.ariasassessors.com\/","logo":{"@type":"ImageObject","inLanguage":"ca","@id":"https:\/\/www.ariasassessors.com\/#\/schema\/logo\/image\/","url":"https:\/\/www.ariasassessors.com\/wp-content\/uploads\/2019\/01\/arias-logo.png","contentUrl":"https:\/\/www.ariasassessors.com\/wp-content\/uploads\/2019\/01\/arias-logo.png","width":349,"height":254,"caption":"Arias Assessors"},"image":{"@id":"https:\/\/www.ariasassessors.com\/#\/schema\/logo\/image\/"},"sameAs":["https:\/\/www.facebook.com\/ariasassessors\/","https:\/\/x.com\/ariasassessors","https:\/\/www.linkedin.com\/company\/r&amp;amp;r-growing-knowledge\/"]},{"@type":"Person","@id":"https:\/\/www.ariasassessors.com\/#\/schema\/person\/63c6ad1775f0a9413c37932562673cef","name":"btorras","image":{"@type":"ImageObject","inLanguage":"ca","@id":"https:\/\/www.ariasassessors.com\/#\/schema\/person\/image\/","url":"https:\/\/secure.gravatar.com\/avatar\/0531db351fc361fdbfd204c58fa2d6a3?s=96&d=mm&r=g","contentUrl":"https:\/\/secure.gravatar.com\/avatar\/0531db351fc361fdbfd204c58fa2d6a3?s=96&d=mm&r=g","caption":"btorras"}}]}},"_links":{"self":[{"href":"https:\/\/www.ariasassessors.com\/ca\/wp-json\/wp\/v2\/posts\/4096","targetHints":{"allow":["GET"]}}],"collection":[{"href":"https:\/\/www.ariasassessors.com\/ca\/wp-json\/wp\/v2\/posts"}],"about":[{"href":"https:\/\/www.ariasassessors.com\/ca\/wp-json\/wp\/v2\/types\/post"}],"author":[{"embeddable":true,"href":"https:\/\/www.ariasassessors.com\/ca\/wp-json\/wp\/v2\/users\/2"}],"replies":[{"embeddable":true,"href":"https:\/\/www.ariasassessors.com\/ca\/wp-json\/wp\/v2\/comments?post=4096"}],"version-history":[{"count":2,"href":"https:\/\/www.ariasassessors.com\/ca\/wp-json\/wp\/v2\/posts\/4096\/revisions"}],"predecessor-version":[{"id":4098,"href":"https:\/\/www.ariasassessors.com\/ca\/wp-json\/wp\/v2\/posts\/4096\/revisions\/4098"}],"wp:featuredmedia":[{"embeddable":true,"href":"https:\/\/www.ariasassessors.com\/ca\/wp-json\/wp\/v2\/media\/4092"}],"wp:attachment":[{"href":"https:\/\/www.ariasassessors.com\/ca\/wp-json\/wp\/v2\/media?parent=4096"}],"wp:term":[{"taxonomy":"category","embeddable":true,"href":"https:\/\/www.ariasassessors.com\/ca\/wp-json\/wp\/v2\/categories?post=4096"},{"taxonomy":"post_tag","embeddable":true,"href":"https:\/\/www.ariasassessors.com\/ca\/wp-json\/wp\/v2\/tags?post=4096"}],"curies":[{"name":"wp","href":"https:\/\/api.w.org\/{rel}","templated":true}]}}