{"id":411,"date":"2019-02-16T17:04:57","date_gmt":"2019-02-16T16:04:57","guid":{"rendered":"https:\/\/www.ariasassessors.com\/irpf-como-funciona-la-nueva-deduccion-de-gastos-por-guarderia\/"},"modified":"2019-03-12T14:18:08","modified_gmt":"2019-03-12T13:18:08","slug":"irpf-com-funciona-la-nova-deduccio-de-despeses-per-escola-bressol","status":"publish","type":"post","link":"https:\/\/www.ariasassessors.com\/ca\/irpf-com-funciona-la-nova-deduccio-de-despeses-per-escola-bressol\/","title":{"rendered":"IRPF: com funciona la nova deducci\u00f3 de despeses per escola bressol?"},"content":{"rendered":"<h3>La declaraci\u00f3 de la Renda 2018 portar\u00e0 una nova deducci\u00f3 per als treballadors que portin els seus fills a l\u2019escola bressol. A m\u00e9s de la de deducci\u00f3 per 1.200 euros amb la que compten les mares treballadores amb fills menors de 3 anys, els pressupostos inclouen un benefici fiscal afegit per despeses de l\u2019escola bressol que d\u00f3na dret a una deducci\u00f3 per 1.000 euros anuals m\u00e9s, b\u00e9 siguin treballadores assalariades o aut\u00f2nomes.<\/h3>\n<p>Aquesta deducci\u00f3 ja es va incloure en els Pressupostos de 2019, que varen entrar en vigor a comen\u00e7aments de Julio de l\u2019any passat. Els Pressupostos presentats pel Govern el passat dilluns reconeixen la validesa del benefici fiscal per al conjunt de l\u2019exercici, de manera que es recollir\u00e0 en la declaraci\u00f3 de la renta que es presenti entre Abril i Juny d\u2019aquest any. Si \u00e9s el pare o tutor qui assumeix la despesa de l\u2019escola bressol, podr\u00e0 igualment gaudir de la deducci\u00f3.<\/p>\n<p>La deducci\u00f3 inclou totes les despeses mensuals de l\u2019escola infantil, amb la limitaci\u00f3 d\u2019aquests 1.000 euros anuals, amb independ\u00e8ncia de si el fill ja t\u00e9 els tres anys al llarg de 2018. D\u2019aquesta manera, Hisenda reconeixer\u00e0 com a despeses de l\u2019escola bressol dedu\u00efbles els registrats fins al mes anterior a que el nen inici\u00ef el primer curs d\u2019infantil. Aix\u00ed, si el nen va complir els 3 anys al febrer i no va al col\u00b7legi fins al Setembre, es contemplaran les despeses de l\u2019escola bressol fins el mes de Juny incl\u00f2s.<\/p>\n<p>La deducci\u00f3 s\u2019aplicar\u00e0 per la quantitat pagada a les escoles infantils autoritzades, que seran les encarregades de la tramitaci\u00f3 amb Hisenda per la seva aplicaci\u00f3 a trav\u00e9s de la complementaci\u00f3 del model 233. Aix\u00ed, no correspon als pares o mares realitzar cap tr\u00e0mit. El progenitor no necessitar\u00e0 tampoc aportar cap justificant em\u00e8s per l\u2019escola bressol o centre d\u2019educaci\u00f3 infantil autoritzat per a gaudir de la deducci\u00f3. \u201c\u00danicament ser\u00e0 necessari que l\u2019escola bressol o centre d\u2019educaci\u00f3 infantil autoritzat presentin correctament la declaraci\u00f3 informativa, model 233\u201d, expliquen des de l\u2019Ag\u00e8ncia Tribut\u00e0ria, tenint un termini fins al 15 de Febrer, amb la informaci\u00f3 corresponent a l\u2019any anterior.<\/p>\n<p>El dret a la deducci\u00f3 estatal per despeses de l\u2019escola bressol de fins a 1.000 euros anuals s\u2019aplica \u00fanicament a la quantitat pagada pel contribuent de la seva butxaca. \u00c9s a dir, no es considerar\u00e0 com a despesa dedu\u00efble la subvenci\u00f3 o ajut que pugui percebre el progenitor per a despeses de l\u2019escola bressol ni tampoc l\u2019abonament que realitzi en el seu nom l\u2019empresa com a retribuci\u00f3 en esp\u00e8cie. Es pret\u00e9n aix\u00ed evitar una doble deducci\u00f3 pel mateix concepte.<\/p>\n<p>Quan un treballador pacta amb la seva empresa que el cost de l\u2019escola bressol del seu fill es consideri com a retribuci\u00f3 en esp\u00e8cie, es redueix aquesta quantia en la n\u00f2mina, de manera que seran inferiors els rendiments del treball subjectes al pagament dels impostos. \u00c9s l\u2019empresa aleshores qui paga a l\u2019escola bressol cada mes, per tant no d\u00f3na dret a l\u2019aplicaci\u00f3 d\u2019aquesta deducci\u00f3 estatal.<\/p>\n","protected":false},"excerpt":{"rendered":"<p>Resolem tots els teus dubtes sobre aquesta nova deducci\u00f3 de despeses.<\/p>\n","protected":false},"author":1,"featured_media":412,"comment_status":"open","ping_status":"open","sticky":false,"template":"","format":"standard","meta":{"footnotes":""},"categories":[4],"tags":[],"class_list":["post-411","post","type-post","status-publish","format-standard","has-post-thumbnail","hentry","category-noticies"],"yoast_head":"<!-- This site is optimized with the Yoast SEO plugin v24.3 - https:\/\/yoast.com\/wordpress\/plugins\/seo\/ -->\n<title>IRPF: com funciona la nova deducci\u00f3 de despeses per escola bressol? | Arias Assessors<\/title>\n<meta name=\"robots\" content=\"index, follow, max-snippet:-1, max-image-preview:large, max-video-preview:-1\" \/>\n<link rel=\"canonical\" href=\"https:\/\/www.ariasassessors.com\/ca\/irpf-com-funciona-la-nova-deduccio-de-despeses-per-escola-bressol\/\" \/>\n<meta property=\"og:locale\" content=\"ca_ES\" \/>\n<meta property=\"og:type\" content=\"article\" \/>\n<meta property=\"og:title\" content=\"IRPF: com funciona la nova deducci\u00f3 de despeses per escola bressol? | Arias Assessors\" \/>\n<meta property=\"og:description\" content=\"Resolem tots els teus dubtes sobre aquesta nova deducci\u00f3 de despeses.\" \/>\n<meta property=\"og:url\" content=\"https:\/\/www.ariasassessors.com\/ca\/irpf-com-funciona-la-nova-deduccio-de-despeses-per-escola-bressol\/\" \/>\n<meta property=\"og:site_name\" content=\"Arias Assessors\" \/>\n<meta property=\"article:publisher\" content=\"https:\/\/www.facebook.com\/ariasassessors\/\" \/>\n<meta property=\"article:published_time\" content=\"2019-02-16T16:04:57+00:00\" \/>\n<meta property=\"article:modified_time\" content=\"2019-03-12T13:18:08+00:00\" \/>\n<meta property=\"og:image\" content=\"https:\/\/www.ariasassessors.com\/wp-content\/uploads\/2019\/02\/irpf-guarderia.jpg\" \/>\n\t<meta property=\"og:image:width\" content=\"1200\" \/>\n\t<meta property=\"og:image:height\" content=\"500\" \/>\n\t<meta property=\"og:image:type\" content=\"image\/jpeg\" \/>\n<meta name=\"author\" content=\"agbdmin\" \/>\n<meta name=\"twitter:card\" content=\"summary_large_image\" \/>\n<meta name=\"twitter:creator\" content=\"@ariasassessors\" \/>\n<meta name=\"twitter:site\" content=\"@ariasassessors\" \/>\n<meta name=\"twitter:label1\" content=\"Escrit per\" \/>\n\t<meta name=\"twitter:data1\" content=\"agbdmin\" \/>\n\t<meta name=\"twitter:label2\" content=\"Temps estimat de lectura\" \/>\n\t<meta name=\"twitter:data2\" content=\"3 minuts\" \/>\n<script type=\"application\/ld+json\" class=\"yoast-schema-graph\">{\"@context\":\"https:\/\/schema.org\",\"@graph\":[{\"@type\":\"Article\",\"@id\":\"https:\/\/www.ariasassessors.com\/ca\/irpf-com-funciona-la-nova-deduccio-de-despeses-per-escola-bressol\/#article\",\"isPartOf\":{\"@id\":\"https:\/\/www.ariasassessors.com\/ca\/irpf-com-funciona-la-nova-deduccio-de-despeses-per-escola-bressol\/\"},\"author\":{\"name\":\"agbdmin\",\"@id\":\"https:\/\/www.ariasassessors.com\/#\/schema\/person\/b8db80e6dfb0dd8121aa47f2b0b9aedb\"},\"headline\":\"IRPF: com funciona la nova deducci\u00f3 de despeses per escola bressol?\",\"datePublished\":\"2019-02-16T16:04:57+00:00\",\"dateModified\":\"2019-03-12T13:18:08+00:00\",\"mainEntityOfPage\":{\"@id\":\"https:\/\/www.ariasassessors.com\/ca\/irpf-com-funciona-la-nova-deduccio-de-despeses-per-escola-bressol\/\"},\"wordCount\":539,\"commentCount\":0,\"publisher\":{\"@id\":\"https:\/\/www.ariasassessors.com\/#organization\"},\"image\":{\"@id\":\"https:\/\/www.ariasassessors.com\/ca\/irpf-com-funciona-la-nova-deduccio-de-despeses-per-escola-bressol\/#primaryimage\"},\"thumbnailUrl\":\"https:\/\/www.ariasassessors.com\/wp-content\/uploads\/2019\/02\/irpf-guarderia.jpg\",\"articleSection\":[\"noticies\"],\"inLanguage\":\"ca\",\"potentialAction\":[{\"@type\":\"CommentAction\",\"name\":\"Comment\",\"target\":[\"https:\/\/www.ariasassessors.com\/ca\/irpf-com-funciona-la-nova-deduccio-de-despeses-per-escola-bressol\/#respond\"]}]},{\"@type\":\"WebPage\",\"@id\":\"https:\/\/www.ariasassessors.com\/ca\/irpf-com-funciona-la-nova-deduccio-de-despeses-per-escola-bressol\/\",\"url\":\"https:\/\/www.ariasassessors.com\/ca\/irpf-com-funciona-la-nova-deduccio-de-despeses-per-escola-bressol\/\",\"name\":\"IRPF: com funciona la nova deducci\u00f3 de despeses per escola bressol? | Arias Assessors\",\"isPartOf\":{\"@id\":\"https:\/\/www.ariasassessors.com\/#website\"},\"primaryImageOfPage\":{\"@id\":\"https:\/\/www.ariasassessors.com\/ca\/irpf-com-funciona-la-nova-deduccio-de-despeses-per-escola-bressol\/#primaryimage\"},\"image\":{\"@id\":\"https:\/\/www.ariasassessors.com\/ca\/irpf-com-funciona-la-nova-deduccio-de-despeses-per-escola-bressol\/#primaryimage\"},\"thumbnailUrl\":\"https:\/\/www.ariasassessors.com\/wp-content\/uploads\/2019\/02\/irpf-guarderia.jpg\",\"datePublished\":\"2019-02-16T16:04:57+00:00\",\"dateModified\":\"2019-03-12T13:18:08+00:00\",\"breadcrumb\":{\"@id\":\"https:\/\/www.ariasassessors.com\/ca\/irpf-com-funciona-la-nova-deduccio-de-despeses-per-escola-bressol\/#breadcrumb\"},\"inLanguage\":\"ca\",\"potentialAction\":[{\"@type\":\"ReadAction\",\"target\":[\"https:\/\/www.ariasassessors.com\/ca\/irpf-com-funciona-la-nova-deduccio-de-despeses-per-escola-bressol\/\"]}]},{\"@type\":\"ImageObject\",\"inLanguage\":\"ca\",\"@id\":\"https:\/\/www.ariasassessors.com\/ca\/irpf-com-funciona-la-nova-deduccio-de-despeses-per-escola-bressol\/#primaryimage\",\"url\":\"https:\/\/www.ariasassessors.com\/wp-content\/uploads\/2019\/02\/irpf-guarderia.jpg\",\"contentUrl\":\"https:\/\/www.ariasassessors.com\/wp-content\/uploads\/2019\/02\/irpf-guarderia.jpg\",\"width\":1200,\"height\":500},{\"@type\":\"BreadcrumbList\",\"@id\":\"https:\/\/www.ariasassessors.com\/ca\/irpf-com-funciona-la-nova-deduccio-de-despeses-per-escola-bressol\/#breadcrumb\",\"itemListElement\":[{\"@type\":\"ListItem\",\"position\":1,\"name\":\"Portada\",\"item\":\"https:\/\/www.ariasassessors.com\/ca\/\"},{\"@type\":\"ListItem\",\"position\":2,\"name\":\"IRPF: com funciona la nova deducci\u00f3 de despeses per escola bressol?\"}]},{\"@type\":\"WebSite\",\"@id\":\"https:\/\/www.ariasassessors.com\/#website\",\"url\":\"https:\/\/www.ariasassessors.com\/\",\"name\":\"Arias Assessors\",\"description\":\"Asesor\u00eda para aut\u00f3nomos, profesionales y PYMES\",\"publisher\":{\"@id\":\"https:\/\/www.ariasassessors.com\/#organization\"},\"potentialAction\":[{\"@type\":\"SearchAction\",\"target\":{\"@type\":\"EntryPoint\",\"urlTemplate\":\"https:\/\/www.ariasassessors.com\/?s={search_term_string}\"},\"query-input\":{\"@type\":\"PropertyValueSpecification\",\"valueRequired\":true,\"valueName\":\"search_term_string\"}}],\"inLanguage\":\"ca\"},{\"@type\":\"Organization\",\"@id\":\"https:\/\/www.ariasassessors.com\/#organization\",\"name\":\"Arias Assessors\",\"url\":\"https:\/\/www.ariasassessors.com\/\",\"logo\":{\"@type\":\"ImageObject\",\"inLanguage\":\"ca\",\"@id\":\"https:\/\/www.ariasassessors.com\/#\/schema\/logo\/image\/\",\"url\":\"https:\/\/www.ariasassessors.com\/wp-content\/uploads\/2019\/01\/arias-logo.png\",\"contentUrl\":\"https:\/\/www.ariasassessors.com\/wp-content\/uploads\/2019\/01\/arias-logo.png\",\"width\":349,\"height\":254,\"caption\":\"Arias Assessors\"},\"image\":{\"@id\":\"https:\/\/www.ariasassessors.com\/#\/schema\/logo\/image\/\"},\"sameAs\":[\"https:\/\/www.facebook.com\/ariasassessors\/\",\"https:\/\/x.com\/ariasassessors\",\"https:\/\/www.linkedin.com\/company\/r&amp;amp;r-growing-knowledge\/\"]},{\"@type\":\"Person\",\"@id\":\"https:\/\/www.ariasassessors.com\/#\/schema\/person\/b8db80e6dfb0dd8121aa47f2b0b9aedb\",\"name\":\"agbdmin\",\"image\":{\"@type\":\"ImageObject\",\"inLanguage\":\"ca\",\"@id\":\"https:\/\/www.ariasassessors.com\/#\/schema\/person\/image\/\",\"url\":\"https:\/\/secure.gravatar.com\/avatar\/fd02ac7e28885b138879b3f2902d0e79?s=96&d=mm&r=g\",\"contentUrl\":\"https:\/\/secure.gravatar.com\/avatar\/fd02ac7e28885b138879b3f2902d0e79?s=96&d=mm&r=g\",\"caption\":\"agbdmin\"}}]}<\/script>\n<!-- \/ Yoast SEO plugin. -->","yoast_head_json":{"title":"IRPF: com funciona la nova deducci\u00f3 de despeses per escola bressol? | Arias Assessors","robots":{"index":"index","follow":"follow","max-snippet":"max-snippet:-1","max-image-preview":"max-image-preview:large","max-video-preview":"max-video-preview:-1"},"canonical":"https:\/\/www.ariasassessors.com\/ca\/irpf-com-funciona-la-nova-deduccio-de-despeses-per-escola-bressol\/","og_locale":"ca_ES","og_type":"article","og_title":"IRPF: com funciona la nova deducci\u00f3 de despeses per escola bressol? | Arias Assessors","og_description":"Resolem tots els teus dubtes sobre aquesta nova deducci\u00f3 de despeses.","og_url":"https:\/\/www.ariasassessors.com\/ca\/irpf-com-funciona-la-nova-deduccio-de-despeses-per-escola-bressol\/","og_site_name":"Arias Assessors","article_publisher":"https:\/\/www.facebook.com\/ariasassessors\/","article_published_time":"2019-02-16T16:04:57+00:00","article_modified_time":"2019-03-12T13:18:08+00:00","og_image":[{"width":1200,"height":500,"url":"https:\/\/www.ariasassessors.com\/wp-content\/uploads\/2019\/02\/irpf-guarderia.jpg","type":"image\/jpeg"}],"author":"agbdmin","twitter_card":"summary_large_image","twitter_creator":"@ariasassessors","twitter_site":"@ariasassessors","twitter_misc":{"Escrit per":"agbdmin","Temps estimat de lectura":"3 minuts"},"schema":{"@context":"https:\/\/schema.org","@graph":[{"@type":"Article","@id":"https:\/\/www.ariasassessors.com\/ca\/irpf-com-funciona-la-nova-deduccio-de-despeses-per-escola-bressol\/#article","isPartOf":{"@id":"https:\/\/www.ariasassessors.com\/ca\/irpf-com-funciona-la-nova-deduccio-de-despeses-per-escola-bressol\/"},"author":{"name":"agbdmin","@id":"https:\/\/www.ariasassessors.com\/#\/schema\/person\/b8db80e6dfb0dd8121aa47f2b0b9aedb"},"headline":"IRPF: com funciona la nova deducci\u00f3 de despeses per escola bressol?","datePublished":"2019-02-16T16:04:57+00:00","dateModified":"2019-03-12T13:18:08+00:00","mainEntityOfPage":{"@id":"https:\/\/www.ariasassessors.com\/ca\/irpf-com-funciona-la-nova-deduccio-de-despeses-per-escola-bressol\/"},"wordCount":539,"commentCount":0,"publisher":{"@id":"https:\/\/www.ariasassessors.com\/#organization"},"image":{"@id":"https:\/\/www.ariasassessors.com\/ca\/irpf-com-funciona-la-nova-deduccio-de-despeses-per-escola-bressol\/#primaryimage"},"thumbnailUrl":"https:\/\/www.ariasassessors.com\/wp-content\/uploads\/2019\/02\/irpf-guarderia.jpg","articleSection":["noticies"],"inLanguage":"ca","potentialAction":[{"@type":"CommentAction","name":"Comment","target":["https:\/\/www.ariasassessors.com\/ca\/irpf-com-funciona-la-nova-deduccio-de-despeses-per-escola-bressol\/#respond"]}]},{"@type":"WebPage","@id":"https:\/\/www.ariasassessors.com\/ca\/irpf-com-funciona-la-nova-deduccio-de-despeses-per-escola-bressol\/","url":"https:\/\/www.ariasassessors.com\/ca\/irpf-com-funciona-la-nova-deduccio-de-despeses-per-escola-bressol\/","name":"IRPF: com funciona la nova deducci\u00f3 de despeses per escola bressol? | Arias Assessors","isPartOf":{"@id":"https:\/\/www.ariasassessors.com\/#website"},"primaryImageOfPage":{"@id":"https:\/\/www.ariasassessors.com\/ca\/irpf-com-funciona-la-nova-deduccio-de-despeses-per-escola-bressol\/#primaryimage"},"image":{"@id":"https:\/\/www.ariasassessors.com\/ca\/irpf-com-funciona-la-nova-deduccio-de-despeses-per-escola-bressol\/#primaryimage"},"thumbnailUrl":"https:\/\/www.ariasassessors.com\/wp-content\/uploads\/2019\/02\/irpf-guarderia.jpg","datePublished":"2019-02-16T16:04:57+00:00","dateModified":"2019-03-12T13:18:08+00:00","breadcrumb":{"@id":"https:\/\/www.ariasassessors.com\/ca\/irpf-com-funciona-la-nova-deduccio-de-despeses-per-escola-bressol\/#breadcrumb"},"inLanguage":"ca","potentialAction":[{"@type":"ReadAction","target":["https:\/\/www.ariasassessors.com\/ca\/irpf-com-funciona-la-nova-deduccio-de-despeses-per-escola-bressol\/"]}]},{"@type":"ImageObject","inLanguage":"ca","@id":"https:\/\/www.ariasassessors.com\/ca\/irpf-com-funciona-la-nova-deduccio-de-despeses-per-escola-bressol\/#primaryimage","url":"https:\/\/www.ariasassessors.com\/wp-content\/uploads\/2019\/02\/irpf-guarderia.jpg","contentUrl":"https:\/\/www.ariasassessors.com\/wp-content\/uploads\/2019\/02\/irpf-guarderia.jpg","width":1200,"height":500},{"@type":"BreadcrumbList","@id":"https:\/\/www.ariasassessors.com\/ca\/irpf-com-funciona-la-nova-deduccio-de-despeses-per-escola-bressol\/#breadcrumb","itemListElement":[{"@type":"ListItem","position":1,"name":"Portada","item":"https:\/\/www.ariasassessors.com\/ca\/"},{"@type":"ListItem","position":2,"name":"IRPF: com funciona la nova deducci\u00f3 de despeses per escola bressol?"}]},{"@type":"WebSite","@id":"https:\/\/www.ariasassessors.com\/#website","url":"https:\/\/www.ariasassessors.com\/","name":"Arias Assessors","description":"Asesor\u00eda para aut\u00f3nomos, profesionales y PYMES","publisher":{"@id":"https:\/\/www.ariasassessors.com\/#organization"},"potentialAction":[{"@type":"SearchAction","target":{"@type":"EntryPoint","urlTemplate":"https:\/\/www.ariasassessors.com\/?s={search_term_string}"},"query-input":{"@type":"PropertyValueSpecification","valueRequired":true,"valueName":"search_term_string"}}],"inLanguage":"ca"},{"@type":"Organization","@id":"https:\/\/www.ariasassessors.com\/#organization","name":"Arias Assessors","url":"https:\/\/www.ariasassessors.com\/","logo":{"@type":"ImageObject","inLanguage":"ca","@id":"https:\/\/www.ariasassessors.com\/#\/schema\/logo\/image\/","url":"https:\/\/www.ariasassessors.com\/wp-content\/uploads\/2019\/01\/arias-logo.png","contentUrl":"https:\/\/www.ariasassessors.com\/wp-content\/uploads\/2019\/01\/arias-logo.png","width":349,"height":254,"caption":"Arias Assessors"},"image":{"@id":"https:\/\/www.ariasassessors.com\/#\/schema\/logo\/image\/"},"sameAs":["https:\/\/www.facebook.com\/ariasassessors\/","https:\/\/x.com\/ariasassessors","https:\/\/www.linkedin.com\/company\/r&amp;amp;r-growing-knowledge\/"]},{"@type":"Person","@id":"https:\/\/www.ariasassessors.com\/#\/schema\/person\/b8db80e6dfb0dd8121aa47f2b0b9aedb","name":"agbdmin","image":{"@type":"ImageObject","inLanguage":"ca","@id":"https:\/\/www.ariasassessors.com\/#\/schema\/person\/image\/","url":"https:\/\/secure.gravatar.com\/avatar\/fd02ac7e28885b138879b3f2902d0e79?s=96&d=mm&r=g","contentUrl":"https:\/\/secure.gravatar.com\/avatar\/fd02ac7e28885b138879b3f2902d0e79?s=96&d=mm&r=g","caption":"agbdmin"}}]}},"_links":{"self":[{"href":"https:\/\/www.ariasassessors.com\/ca\/wp-json\/wp\/v2\/posts\/411","targetHints":{"allow":["GET"]}}],"collection":[{"href":"https:\/\/www.ariasassessors.com\/ca\/wp-json\/wp\/v2\/posts"}],"about":[{"href":"https:\/\/www.ariasassessors.com\/ca\/wp-json\/wp\/v2\/types\/post"}],"author":[{"embeddable":true,"href":"https:\/\/www.ariasassessors.com\/ca\/wp-json\/wp\/v2\/users\/1"}],"replies":[{"embeddable":true,"href":"https:\/\/www.ariasassessors.com\/ca\/wp-json\/wp\/v2\/comments?post=411"}],"version-history":[{"count":1,"href":"https:\/\/www.ariasassessors.com\/ca\/wp-json\/wp\/v2\/posts\/411\/revisions"}],"predecessor-version":[{"id":413,"href":"https:\/\/www.ariasassessors.com\/ca\/wp-json\/wp\/v2\/posts\/411\/revisions\/413"}],"wp:featuredmedia":[{"embeddable":true,"href":"https:\/\/www.ariasassessors.com\/ca\/wp-json\/wp\/v2\/media\/412"}],"wp:attachment":[{"href":"https:\/\/www.ariasassessors.com\/ca\/wp-json\/wp\/v2\/media?parent=411"}],"wp:term":[{"taxonomy":"category","embeddable":true,"href":"https:\/\/www.ariasassessors.com\/ca\/wp-json\/wp\/v2\/categories?post=411"},{"taxonomy":"post_tag","embeddable":true,"href":"https:\/\/www.ariasassessors.com\/ca\/wp-json\/wp\/v2\/tags?post=411"}],"curies":[{"name":"wp","href":"https:\/\/api.w.org\/{rel}","templated":true}]}}