{"id":4170,"date":"2025-03-25T09:38:46","date_gmt":"2025-03-25T08:38:46","guid":{"rendered":"https:\/\/www.ariasassessors.com\/?p=4170"},"modified":"2025-03-25T09:48:07","modified_gmt":"2025-03-25T08:48:07","slug":"factura-electronica-per-a-autonoms-aixi-funcionara-la-plataforma-gratuita","status":"publish","type":"post","link":"https:\/\/www.ariasassessors.com\/ca\/factura-electronica-per-a-autonoms-aixi-funcionara-la-plataforma-gratuita\/","title":{"rendered":"Factura electr\u00f2nica per a aut\u00f2noms: aix\u00ed funcionar\u00e0 la plataforma gratu\u00efta d\u2019Hisenda"},"content":{"rendered":"<p class=\"\" data-start=\"440\" data-end=\"625\">A <a href=\"https:\/\/www.ariasassessors.com\/\">Arias Assessors<\/a> fa anys que acompanyem els aut\u00f2noms en cada canvi normatiu. El 2025 arriba una novetat important: l\u2019obligaci\u00f3 de fer servir la <strong data-start=\"585\" data-end=\"623\">factura electr\u00f2nica per a aut\u00f2noms<\/strong>.<\/p>\n<p class=\"\" data-start=\"627\" data-end=\"861\">Per facilitar aquest canvi, l\u2019Ag\u00e8ncia Tribut\u00e0ria ha anunciat una <strong data-start=\"692\" data-end=\"715\">plataforma gratu\u00efta<\/strong> que estar\u00e0 disponible a partir de l\u2019estiu. Gr\u00e0cies a ella, molts professionals podran emetre factures electr\u00f2niques sense comprar cap programari.<\/p>\n<p class=\"\" data-start=\"863\" data-end=\"969\">A continuaci\u00f3, t\u2019expliquem com funciona, quan la podr\u00e0s utilitzar, i si \u00e9s la millor opci\u00f3 per al teu cas.<\/p>\n<div id=\"ez-toc-container\" class=\"ez-toc-v2_0_72 counter-hierarchy ez-toc-counter ez-toc-grey ez-toc-container-direction\">\n<div class=\"ez-toc-title-container\">\n<p class=\"ez-toc-title\" style=\"cursor:inherit\">\u00cdndice de Contenidos<\/p>\n<span class=\"ez-toc-title-toggle\"><a href=\"#\" class=\"ez-toc-pull-right ez-toc-btn ez-toc-btn-xs ez-toc-btn-default ez-toc-toggle\" aria-label=\"Toggle Table of Content\"><span class=\"ez-toc-js-icon-con\"><span class=\"\"><span class=\"eztoc-hide\" style=\"display:none;\">Toggle<\/span><span class=\"ez-toc-icon-toggle-span\"><svg style=\"fill: #428bca;color:#428bca\" xmlns=\"http:\/\/www.w3.org\/2000\/svg\" class=\"list-377408\" width=\"20px\" height=\"20px\" viewBox=\"0 0 24 24\" fill=\"none\"><path d=\"M6 6H4v2h2V6zm14 0H8v2h12V6zM4 11h2v2H4v-2zm16 0H8v2h12v-2zM4 16h2v2H4v-2zm16 0H8v2h12v-2z\" fill=\"currentColor\"><\/path><\/svg><svg style=\"fill: #428bca;color:#428bca\" class=\"arrow-unsorted-368013\" xmlns=\"http:\/\/www.w3.org\/2000\/svg\" width=\"10px\" height=\"10px\" viewBox=\"0 0 24 24\" version=\"1.2\" baseProfile=\"tiny\"><path d=\"M18.2 9.3l-6.2-6.3-6.2 6.3c-.2.2-.3.4-.3.7s.1.5.3.7c.2.2.4.3.7.3h11c.3 0 .5-.1.7-.3.2-.2.3-.5.3-.7s-.1-.5-.3-.7zM5.8 14.7l6.2 6.3 6.2-6.3c.2-.2.3-.5.3-.7s-.1-.5-.3-.7c-.2-.2-.4-.3-.7-.3h-11c-.3 0-.5.1-.7.3-.2.2-.3.5-.3.7s.1.5.3.7z\"\/><\/svg><\/span><\/span><\/span><\/a><\/span><\/div>\n<nav><ul class='ez-toc-list ez-toc-list-level-1 eztoc-toggle-hide-by-default' ><li class='ez-toc-page-1 ez-toc-heading-level-2'><a class=\"ez-toc-link ez-toc-heading-1\" href=\"https:\/\/www.ariasassessors.com\/ca\/factura-electronica-per-a-autonoms-aixi-funcionara-la-plataforma-gratuita\/#Que_es_la_nova_plataforma_gratuita_dHisenda\" title=\"Qu\u00e8 \u00e9s la nova plataforma gratu\u00efta d\u2019Hisenda?\">Qu\u00e8 \u00e9s la nova plataforma gratu\u00efta d\u2019Hisenda?<\/a><\/li><li class='ez-toc-page-1 ez-toc-heading-level-2'><a class=\"ez-toc-link ez-toc-heading-2\" href=\"https:\/\/www.ariasassessors.com\/ca\/factura-electronica-per-a-autonoms-aixi-funcionara-la-plataforma-gratuita\/#Quan_estara_disponible_i_qui_la_pot_fer_servir\" title=\"Quan estar\u00e0 disponible i qui la pot fer servir?\">Quan estar\u00e0 disponible i qui la pot fer servir?<\/a><\/li><li class='ez-toc-page-1 ez-toc-heading-level-2'><a class=\"ez-toc-link ez-toc-heading-3\" href=\"https:\/\/www.ariasassessors.com\/ca\/factura-electronica-per-a-autonoms-aixi-funcionara-la-plataforma-gratuita\/#Per_que_ara_Lorigen_de_la_plataforma_gratuita\" title=\"Per qu\u00e8 ara? L\u2019origen de la plataforma gratu\u00efta\">Per qu\u00e8 ara? L\u2019origen de la plataforma gratu\u00efta<\/a><\/li><li class='ez-toc-page-1 ez-toc-heading-level-2'><a class=\"ez-toc-link ez-toc-heading-4\" href=\"https:\/\/www.ariasassessors.com\/ca\/factura-electronica-per-a-autonoms-aixi-funcionara-la-plataforma-gratuita\/#La_plataforma_compleix_amb_el_nou_reglament\" title=\"La plataforma compleix amb el nou reglament\">La plataforma compleix amb el nou reglament<\/a><\/li><li class='ez-toc-page-1 ez-toc-heading-level-2'><a class=\"ez-toc-link ez-toc-heading-5\" href=\"https:\/\/www.ariasassessors.com\/ca\/factura-electronica-per-a-autonoms-aixi-funcionara-la-plataforma-gratuita\/#Que_es_Verifactu_i_com_sintegra\" title=\"Qu\u00e8 \u00e9s Verifactu i com s\u2019integra?\">Qu\u00e8 \u00e9s Verifactu i com s\u2019integra?<\/a><\/li><li class='ez-toc-page-1 ez-toc-heading-level-2'><a class=\"ez-toc-link ez-toc-heading-6\" href=\"https:\/\/www.ariasassessors.com\/ca\/factura-electronica-per-a-autonoms-aixi-funcionara-la-plataforma-gratuita\/#Com_es_creen_factures_amb_la_nova_aplicacio\" title=\"Com es creen factures amb la nova aplicaci\u00f3?\">Com es creen factures amb la nova aplicaci\u00f3?<\/a><\/li><li class='ez-toc-page-1 ez-toc-heading-level-2'><a class=\"ez-toc-link ez-toc-heading-7\" href=\"https:\/\/www.ariasassessors.com\/ca\/factura-electronica-per-a-autonoms-aixi-funcionara-la-plataforma-gratuita\/#Avantatges_i_limits_de_la_plataforma_gratuita\" title=\"Avantatges i l\u00edmits de la plataforma gratu\u00efta\">Avantatges i l\u00edmits de la plataforma gratu\u00efta<\/a><\/li><li class='ez-toc-page-1 ez-toc-heading-level-2'><a class=\"ez-toc-link ez-toc-heading-8\" href=\"https:\/\/www.ariasassessors.com\/ca\/factura-electronica-per-a-autonoms-aixi-funcionara-la-plataforma-gratuita\/#Les_tres_opcions_per_complir_amb_la_nova_normativa\" title=\"Les tres opcions per complir amb la nova normativa\">Les tres opcions per complir amb la nova normativa<\/a><\/li><li class='ez-toc-page-1 ez-toc-heading-level-2'><a class=\"ez-toc-link ez-toc-heading-9\" href=\"https:\/\/www.ariasassessors.com\/ca\/factura-electronica-per-a-autonoms-aixi-funcionara-la-plataforma-gratuita\/#Des_dArias_Assessors_com_et_podem_ajudar\" title=\"Des d\u2019Arias Assessors: com et podem ajudar?\">Des d\u2019Arias Assessors: com et podem ajudar?<\/a><\/li><\/ul><\/nav><\/div>\n<h2 class=\"\" data-start=\"971\" data-end=\"1019\"><span class=\"ez-toc-section\" id=\"Que_es_la_nova_plataforma_gratuita_dHisenda\"><\/span>Qu\u00e8 \u00e9s la nova plataforma gratu\u00efta d\u2019Hisenda?<span class=\"ez-toc-section-end\"><\/span><\/h2>\n<p class=\"\" data-start=\"1021\" data-end=\"1203\">Es tracta d\u2019una eina en l\u00ednia que permetr\u00e0 als aut\u00f2noms generar i enviar <strong data-start=\"1094\" data-end=\"1120\">factures electr\u00f2niques<\/strong> de manera legal. Estar\u00e0 disponible a la Seu Electr\u00f2nica de l\u2019AEAT, sense cap cost.<\/p>\n<p class=\"\" data-start=\"1205\" data-end=\"1379\">La seva funci\u00f3 principal ser\u00e0 ajudar aquells aut\u00f2noms que fan poques factures al mes. Per tant, no caldr\u00e0 tenir coneixements t\u00e8cnics ni instal\u00b7lar cap programa especialitzat.<\/p>\n<p class=\"\" data-start=\"1381\" data-end=\"1511\">Des d\u2019Arias Assessors, considerem que aquesta opci\u00f3 pot ser molt \u00fatil per a professionals amb una activitat senzilla i controlada.<\/p>\n<h2 class=\"\" data-start=\"1513\" data-end=\"1563\"><span class=\"ez-toc-section\" id=\"Quan_estara_disponible_i_qui_la_pot_fer_servir\"><\/span>Quan estar\u00e0 disponible i qui la pot fer servir?<span class=\"ez-toc-section-end\"><\/span><\/h2>\n<p class=\"\" data-start=\"1565\" data-end=\"1779\">Segons Hisenda, la plataforma estar\u00e0 operativa entre <strong data-start=\"1618\" data-end=\"1645\">juny i setembre de 2025<\/strong>. No hi haur\u00e0 l\u00edmits d\u2019ingressos per accedir-hi, per\u00f2 est\u00e0 dissenyada especialment per a <strong data-start=\"1734\" data-end=\"1778\">aut\u00f2noms amb un volum baix de facturaci\u00f3<\/strong>.<\/p>\n<p class=\"\" data-start=\"1781\" data-end=\"1971\">Aquesta eina permetr\u00e0 complir amb el nou reglament sense haver de contractar cap programari privat. \u00c9s, doncs, una soluci\u00f3 pr\u00e0ctica i immediata per als qui no necessiten una gesti\u00f3 avan\u00e7ada.<\/p>\n<h2 class=\"\" data-start=\"1973\" data-end=\"2023\"><span class=\"ez-toc-section\" id=\"Per_que_ara_Lorigen_de_la_plataforma_gratuita\"><\/span>Per qu\u00e8 ara? L\u2019origen de la plataforma gratu\u00efta<span class=\"ez-toc-section-end\"><\/span><\/h2>\n<p class=\"\" data-start=\"2025\" data-end=\"2245\">A partir del juliol de 2025, nom\u00e9s es podran vendre programes de facturaci\u00f3 <strong data-start=\"2101\" data-end=\"2116\">certificats<\/strong> per Hisenda. Aquests han d\u2019incloure opcions com Verifactu, que envia les dades de les factures autom\u00e0ticament a l\u2019Administraci\u00f3.<\/p>\n<p class=\"\" data-start=\"2247\" data-end=\"2476\">Per evitar que cap professional es quedi enrere per motius econ\u00f2mics, Hisenda ofereix aquesta alternativa gratu\u00efta. \u00c9s una manera d\u2019assegurar que <strong data-start=\"2393\" data-end=\"2455\">tots els aut\u00f2noms poden emetre la seva factura electr\u00f2nica<\/strong> segons la nova llei.<\/p>\n<h2 class=\"\" data-start=\"2478\" data-end=\"2524\"><span class=\"ez-toc-section\" id=\"La_plataforma_compleix_amb_el_nou_reglament\"><\/span>La plataforma compleix amb el nou reglament<span class=\"ez-toc-section-end\"><\/span><\/h2>\n<p class=\"\" data-start=\"2526\" data-end=\"2689\">El nou reglament exigeix que les <strong data-start=\"2559\" data-end=\"2585\">factures electr\u00f2niques<\/strong> siguin clares, completes i inalterables. A m\u00e9s, en molts casos, s\u2019han d\u2019enviar a Hisenda en temps real.<\/p>\n<p class=\"\" data-start=\"2691\" data-end=\"2917\">Aquesta aplicaci\u00f3 gratu\u00efta <strong data-start=\"2718\" data-end=\"2748\">fa tot aix\u00f2 autom\u00e0ticament<\/strong>. El formulari genera una factura v\u00e0lida i envia al moment les dades a l\u2019<a href=\"https:\/\/sede.agenciatributaria.gob.es\/\">AEAT<\/a>. Aix\u00ed, l\u2019aut\u00f2nom rep un codi de verificaci\u00f3 que demostra que la factura ha estat acceptada.<\/p>\n<h2 class=\"\" data-start=\"2919\" data-end=\"2955\"><span class=\"ez-toc-section\" id=\"Que_es_Verifactu_i_com_sintegra\"><\/span>Qu\u00e8 \u00e9s Verifactu i com s\u2019integra?<span class=\"ez-toc-section-end\"><\/span><\/h2>\n<p class=\"\" data-start=\"2957\" data-end=\"3126\">Verifactu \u00e9s el sistema de <strong data-start=\"2984\" data-end=\"3019\">remissi\u00f3 autom\u00e0tica de factures<\/strong>. En altres paraules, envia a <a href=\"https:\/\/sede.agenciatributaria.gob.es\/\">Hisenda<\/a> la informaci\u00f3 de cada operaci\u00f3 just en el moment d\u2019emetre la factura.<\/p>\n<p class=\"\" data-start=\"3128\" data-end=\"3348\">Amb la plataforma gratu\u00efta, <strong data-start=\"3156\" data-end=\"3196\">Verifactu estar\u00e0 activat per defecte<\/strong>. L\u2019aut\u00f2nom nom\u00e9s haur\u00e0 d\u2019omplir un formulari i el sistema far\u00e0 la resta. La factura es registrar\u00e0 en format XML i rebr\u00e0s un justificant amb codi segur.<\/p>\n<p class=\"\" data-start=\"3350\" data-end=\"3477\">Aquest sistema \u00e9s similar al SII o al TicketBAI, per\u00f2 de moment, <strong data-start=\"3415\" data-end=\"3476\">per als aut\u00f2noms, ser\u00e0 voluntari fora d\u2019aquesta aplicaci\u00f3<\/strong>.<\/p>\n<h2 class=\"\" data-start=\"3479\" data-end=\"3526\"><span class=\"ez-toc-section\" id=\"Com_es_creen_factures_amb_la_nova_aplicacio\"><\/span>Com es creen factures amb la nova aplicaci\u00f3?<span class=\"ez-toc-section-end\"><\/span><\/h2>\n<p class=\"\" data-start=\"3528\" data-end=\"3682\">El proc\u00e9s \u00e9s senzill. L\u2019aut\u00f2nom accedeix a la seu electr\u00f2nica, obre el formulari i introdueix les dades b\u00e0siques: emissor, client, import, concepte i IVA.<\/p>\n<p class=\"\" data-start=\"3684\" data-end=\"3812\">Amb un clic, es genera la factura i s\u2019envia a Hisenda. El sistema tamb\u00e9 et permet guardar un PDF per enviar-lo al client si cal.<\/p>\n<p class=\"\" data-start=\"3814\" data-end=\"3985\">Aquesta eina <strong data-start=\"3827\" data-end=\"3860\">no ofereix funcions avan\u00e7ades<\/strong>. No hi ha control de despeses, conciliaci\u00f3 banc\u00e0ria ni informes. \u00c9s una soluci\u00f3 pr\u00e0ctica per a qui necessita nom\u00e9s facturar.<\/p>\n<h2 class=\"\" data-start=\"3987\" data-end=\"4035\"><span class=\"ez-toc-section\" id=\"Avantatges_i_limits_de_la_plataforma_gratuita\"><\/span>Avantatges i l\u00edmits de la plataforma gratu\u00efta<span class=\"ez-toc-section-end\"><\/span><\/h2>\n<p class=\"\" data-start=\"4037\" data-end=\"4118\">A Arias Assessors valorem positivament l\u2019eina, per\u00f2 cal con\u00e8ixer els seus l\u00edmits.<\/p>\n<p class=\"\" data-start=\"4120\" data-end=\"4135\"><strong data-start=\"4120\" data-end=\"4135\">Avantatges:<\/strong><\/p>\n<ul data-start=\"4136\" data-end=\"4229\">\n<li class=\"\" data-start=\"4136\" data-end=\"4162\">\n<p class=\"\" data-start=\"4138\" data-end=\"4162\">Gratu\u00efta i f\u00e0cil d\u2019usar.<\/p>\n<\/li>\n<li class=\"\" data-start=\"4163\" data-end=\"4200\">\n<p class=\"\" data-start=\"4165\" data-end=\"4200\">Evita haver de comprar un programa.<\/p>\n<\/li>\n<li class=\"\" data-start=\"4201\" data-end=\"4229\">\n<p class=\"\" data-start=\"4203\" data-end=\"4229\">Adaptada al nou reglament.<\/p>\n<\/li>\n<\/ul>\n<p class=\"\" data-start=\"4231\" data-end=\"4247\"><strong data-start=\"4231\" data-end=\"4247\">Limitacions:<\/strong><\/p>\n<ul data-start=\"4248\" data-end=\"4381\">\n<li class=\"\" data-start=\"4248\" data-end=\"4282\">\n<p class=\"\" data-start=\"4250\" data-end=\"4282\">No permet automatitzar gestions.<\/p>\n<\/li>\n<li class=\"\" data-start=\"4283\" data-end=\"4329\">\n<p class=\"\" data-start=\"4285\" data-end=\"4329\">No \u00e9s \u00fatil si tens molts clients o factures.<\/p>\n<\/li>\n<li class=\"\" data-start=\"4330\" data-end=\"4381\">\n<p class=\"\" data-start=\"4332\" data-end=\"4381\">No genera informes ni connecta amb comptabilitat.<\/p>\n<\/li>\n<\/ul>\n<p class=\"\" data-start=\"4383\" data-end=\"4473\">Per aix\u00f2, tot i ser \u00fatil per a molts, <strong data-start=\"4421\" data-end=\"4472\">no ser\u00e0 la millor opci\u00f3 per a tots els aut\u00f2noms<\/strong>.<\/p>\n<h2 class=\"\" data-start=\"4475\" data-end=\"4528\"><span class=\"ez-toc-section\" id=\"Les_tres_opcions_per_complir_amb_la_nova_normativa\"><\/span>Les tres opcions per complir amb la nova normativa<span class=\"ez-toc-section-end\"><\/span><\/h2>\n<p class=\"\" data-start=\"4530\" data-end=\"4612\">A partir de juliol de 2025, podr\u00e0s triar entre tres maneres de facturar legalment:<\/p>\n<ol data-start=\"4614\" data-end=\"4884\">\n<li class=\"\" data-start=\"4614\" data-end=\"4720\">\n<p class=\"\" data-start=\"4617\" data-end=\"4720\"><strong data-start=\"4617\" data-end=\"4658\">Programari certificat sense Verifactu<\/strong>: no envies dades a Hisenda, per\u00f2 compleixes amb la normativa.<\/p>\n<\/li>\n<li class=\"\" data-start=\"4721\" data-end=\"4807\">\n<p class=\"\" data-start=\"4724\" data-end=\"4807\"><strong data-start=\"4724\" data-end=\"4769\">Programari certificat amb Verifactu actiu<\/strong>: les dades es remeten autom\u00e0ticament.<\/p>\n<\/li>\n<li class=\"\" data-start=\"4808\" data-end=\"4884\">\n<p class=\"\" data-start=\"4811\" data-end=\"4884\"><strong data-start=\"4811\" data-end=\"4843\">Aplicaci\u00f3 gratu\u00efta d\u2019Hisenda<\/strong>: opci\u00f3 senzilla amb enviament autom\u00e0tic.<\/p>\n<\/li>\n<\/ol>\n<p class=\"\" data-start=\"4886\" data-end=\"5003\">Cada cas \u00e9s diferent. Per aix\u00f2, a Arias Assessors, <strong data-start=\"4937\" data-end=\"5002\">analitzem el teu perfil i t\u2019ajudem a escollir la millor opci\u00f3<\/strong>.<\/p>\n<h2 class=\"\" data-start=\"5005\" data-end=\"5051\"><span class=\"ez-toc-section\" id=\"Des_dArias_Assessors_com_et_podem_ajudar\"><\/span>Des d\u2019Arias Assessors: com et podem ajudar?<span class=\"ez-toc-section-end\"><\/span><\/h2>\n<p class=\"\" data-start=\"5053\" data-end=\"5247\">Com a assessoria especialitzada en <strong data-start=\"5088\" data-end=\"5110\">aut\u00f2noms i empresa<\/strong>, estem preparats per assessorar-te en tot aquest proc\u00e9s. El nostre objectiu \u00e9s que compleixis amb la llei, sense perdre temps ni diners.<\/p>\n<p class=\"\" data-start=\"5249\" data-end=\"5267\">Et podem ajudar a:<\/p>\n<ul data-start=\"5268\" data-end=\"5461\">\n<li class=\"\" data-start=\"5268\" data-end=\"5316\">\n<p class=\"\" data-start=\"5270\" data-end=\"5316\">Valorar si la plataforma gratu\u00efta \u00e9s per a tu.<\/p>\n<\/li>\n<li class=\"\" data-start=\"5317\" data-end=\"5370\">\n<p class=\"\" data-start=\"5319\" data-end=\"5370\">Escollir un programari certificat si ho necessites.<\/p>\n<\/li>\n<li class=\"\" data-start=\"5371\" data-end=\"5410\">\n<p class=\"\" data-start=\"5373\" data-end=\"5410\">Configurar Verifactu i evitar errors.<\/p>\n<\/li>\n<li class=\"\" data-start=\"5411\" data-end=\"5461\">\n<p class=\"\" data-start=\"5413\" data-end=\"5461\">Portar al dia la teva facturaci\u00f3 i declaracions.<\/p>\n<\/li>\n<\/ul>\n<p class=\"\" data-start=\"5463\" data-end=\"5582\">\u00c9s important actuar abans que la nova norma sigui obligat\u00f2ria. Com m\u00e9s aviat ho gestionis, <strong data-start=\"5554\" data-end=\"5581\">menys problemes tindr\u00e0s<\/strong>.<\/p>\n","protected":false},"excerpt":{"rendered":"<p>A Arias Assessors fa anys que acompanyem els aut\u00f2noms en cada canvi normatiu. El 2025 arriba una novetat important: l\u2019obligaci\u00f3 de fer servir la factura electr\u00f2nica per a aut\u00f2noms. Per facilitar aquest canvi, l\u2019Ag\u00e8ncia Tribut\u00e0ria ha anunciat una plataforma gratu\u00efta que estar\u00e0 disponible a partir&#8230;<\/p>\n","protected":false},"author":2,"featured_media":4172,"comment_status":"open","ping_status":"open","sticky":false,"template":"","format":"standard","meta":{"footnotes":""},"categories":[4],"tags":[],"class_list":["post-4170","post","type-post","status-publish","format-standard","has-post-thumbnail","hentry","category-noticies"],"yoast_head":"<!-- This site is optimized with the Yoast SEO plugin v24.3 - https:\/\/yoast.com\/wordpress\/plugins\/seo\/ -->\n<title>Factura electr\u00f2nica per a aut\u00f2noms: aix\u00ed funcionar\u00e0 la plataforma<\/title>\n<meta name=\"description\" content=\"Descobreix com funciona la nova plataforma gratu\u00efta d&#039;Hisenda per emetre la factura electr\u00f2nica per a aut\u00f2noms i complir amb la llei.\" \/>\n<meta name=\"robots\" content=\"index, follow, max-snippet:-1, max-image-preview:large, max-video-preview:-1\" \/>\n<link rel=\"canonical\" href=\"https:\/\/www.ariasassessors.com\/ca\/factura-electronica-per-a-autonoms-aixi-funcionara-la-plataforma-gratuita\/\" \/>\n<meta property=\"og:locale\" content=\"ca_ES\" \/>\n<meta property=\"og:type\" content=\"article\" \/>\n<meta property=\"og:title\" content=\"Factura electr\u00f2nica per a aut\u00f2noms: aix\u00ed funcionar\u00e0 la plataforma\" \/>\n<meta property=\"og:description\" content=\"Descobreix com funciona la nova plataforma gratu\u00efta d&#039;Hisenda per emetre la factura electr\u00f2nica per a aut\u00f2noms i complir amb la llei.\" \/>\n<meta property=\"og:url\" content=\"https:\/\/www.ariasassessors.com\/ca\/factura-electronica-per-a-autonoms-aixi-funcionara-la-plataforma-gratuita\/\" \/>\n<meta property=\"og:site_name\" content=\"Arias Assessors\" \/>\n<meta property=\"article:publisher\" content=\"https:\/\/www.facebook.com\/ariasassessors\/\" \/>\n<meta property=\"article:published_time\" content=\"2025-03-25T08:38:46+00:00\" \/>\n<meta property=\"article:modified_time\" content=\"2025-03-25T08:48:07+00:00\" \/>\n<meta property=\"og:image\" content=\"https:\/\/www.ariasassessors.com\/wp-content\/uploads\/2025\/03\/Arias_Blog_IMAGEN_DESTACADA-21.png\" \/>\n\t<meta property=\"og:image:width\" content=\"1920\" \/>\n\t<meta property=\"og:image:height\" content=\"1202\" \/>\n\t<meta property=\"og:image:type\" content=\"image\/png\" \/>\n<meta name=\"author\" content=\"btorras\" \/>\n<meta name=\"twitter:card\" content=\"summary_large_image\" \/>\n<meta name=\"twitter:creator\" content=\"@ariasassessors\" \/>\n<meta name=\"twitter:site\" content=\"@ariasassessors\" \/>\n<meta name=\"twitter:label1\" content=\"Escrit per\" \/>\n\t<meta name=\"twitter:data1\" content=\"btorras\" \/>\n\t<meta name=\"twitter:label2\" content=\"Temps estimat de lectura\" \/>\n\t<meta name=\"twitter:data2\" content=\"4 minuts\" \/>\n<script type=\"application\/ld+json\" class=\"yoast-schema-graph\">{\"@context\":\"https:\/\/schema.org\",\"@graph\":[{\"@type\":\"Article\",\"@id\":\"https:\/\/www.ariasassessors.com\/ca\/factura-electronica-per-a-autonoms-aixi-funcionara-la-plataforma-gratuita\/#article\",\"isPartOf\":{\"@id\":\"https:\/\/www.ariasassessors.com\/ca\/factura-electronica-per-a-autonoms-aixi-funcionara-la-plataforma-gratuita\/\"},\"author\":{\"name\":\"btorras\",\"@id\":\"https:\/\/www.ariasassessors.com\/#\/schema\/person\/63c6ad1775f0a9413c37932562673cef\"},\"headline\":\"Factura electr\u00f2nica per a aut\u00f2noms: aix\u00ed funcionar\u00e0 la plataforma gratu\u00efta d\u2019Hisenda\",\"datePublished\":\"2025-03-25T08:38:46+00:00\",\"dateModified\":\"2025-03-25T08:48:07+00:00\",\"mainEntityOfPage\":{\"@id\":\"https:\/\/www.ariasassessors.com\/ca\/factura-electronica-per-a-autonoms-aixi-funcionara-la-plataforma-gratuita\/\"},\"wordCount\":887,\"commentCount\":0,\"publisher\":{\"@id\":\"https:\/\/www.ariasassessors.com\/#organization\"},\"image\":{\"@id\":\"https:\/\/www.ariasassessors.com\/ca\/factura-electronica-per-a-autonoms-aixi-funcionara-la-plataforma-gratuita\/#primaryimage\"},\"thumbnailUrl\":\"https:\/\/www.ariasassessors.com\/wp-content\/uploads\/2025\/03\/Arias_Blog_IMAGEN_DESTACADA-21.png\",\"articleSection\":[\"noticies\"],\"inLanguage\":\"ca\",\"potentialAction\":[{\"@type\":\"CommentAction\",\"name\":\"Comment\",\"target\":[\"https:\/\/www.ariasassessors.com\/ca\/factura-electronica-per-a-autonoms-aixi-funcionara-la-plataforma-gratuita\/#respond\"]}]},{\"@type\":\"WebPage\",\"@id\":\"https:\/\/www.ariasassessors.com\/ca\/factura-electronica-per-a-autonoms-aixi-funcionara-la-plataforma-gratuita\/\",\"url\":\"https:\/\/www.ariasassessors.com\/ca\/factura-electronica-per-a-autonoms-aixi-funcionara-la-plataforma-gratuita\/\",\"name\":\"Factura electr\u00f2nica per a aut\u00f2noms: aix\u00ed funcionar\u00e0 la plataforma\",\"isPartOf\":{\"@id\":\"https:\/\/www.ariasassessors.com\/#website\"},\"primaryImageOfPage\":{\"@id\":\"https:\/\/www.ariasassessors.com\/ca\/factura-electronica-per-a-autonoms-aixi-funcionara-la-plataforma-gratuita\/#primaryimage\"},\"image\":{\"@id\":\"https:\/\/www.ariasassessors.com\/ca\/factura-electronica-per-a-autonoms-aixi-funcionara-la-plataforma-gratuita\/#primaryimage\"},\"thumbnailUrl\":\"https:\/\/www.ariasassessors.com\/wp-content\/uploads\/2025\/03\/Arias_Blog_IMAGEN_DESTACADA-21.png\",\"datePublished\":\"2025-03-25T08:38:46+00:00\",\"dateModified\":\"2025-03-25T08:48:07+00:00\",\"description\":\"Descobreix com funciona la nova plataforma gratu\u00efta d'Hisenda per emetre la factura electr\u00f2nica per a aut\u00f2noms i complir amb la llei.\",\"breadcrumb\":{\"@id\":\"https:\/\/www.ariasassessors.com\/ca\/factura-electronica-per-a-autonoms-aixi-funcionara-la-plataforma-gratuita\/#breadcrumb\"},\"inLanguage\":\"ca\",\"potentialAction\":[{\"@type\":\"ReadAction\",\"target\":[\"https:\/\/www.ariasassessors.com\/ca\/factura-electronica-per-a-autonoms-aixi-funcionara-la-plataforma-gratuita\/\"]}]},{\"@type\":\"ImageObject\",\"inLanguage\":\"ca\",\"@id\":\"https:\/\/www.ariasassessors.com\/ca\/factura-electronica-per-a-autonoms-aixi-funcionara-la-plataforma-gratuita\/#primaryimage\",\"url\":\"https:\/\/www.ariasassessors.com\/wp-content\/uploads\/2025\/03\/Arias_Blog_IMAGEN_DESTACADA-21.png\",\"contentUrl\":\"https:\/\/www.ariasassessors.com\/wp-content\/uploads\/2025\/03\/Arias_Blog_IMAGEN_DESTACADA-21.png\",\"width\":1920,\"height\":1202},{\"@type\":\"BreadcrumbList\",\"@id\":\"https:\/\/www.ariasassessors.com\/ca\/factura-electronica-per-a-autonoms-aixi-funcionara-la-plataforma-gratuita\/#breadcrumb\",\"itemListElement\":[{\"@type\":\"ListItem\",\"position\":1,\"name\":\"Portada\",\"item\":\"https:\/\/www.ariasassessors.com\/ca\/\"},{\"@type\":\"ListItem\",\"position\":2,\"name\":\"Factura electr\u00f2nica per a aut\u00f2noms: aix\u00ed funcionar\u00e0 la plataforma gratu\u00efta d\u2019Hisenda\"}]},{\"@type\":\"WebSite\",\"@id\":\"https:\/\/www.ariasassessors.com\/#website\",\"url\":\"https:\/\/www.ariasassessors.com\/\",\"name\":\"Arias Assessors\",\"description\":\"Asesor\u00eda para aut\u00f3nomos, profesionales y PYMES\",\"publisher\":{\"@id\":\"https:\/\/www.ariasassessors.com\/#organization\"},\"potentialAction\":[{\"@type\":\"SearchAction\",\"target\":{\"@type\":\"EntryPoint\",\"urlTemplate\":\"https:\/\/www.ariasassessors.com\/?s={search_term_string}\"},\"query-input\":{\"@type\":\"PropertyValueSpecification\",\"valueRequired\":true,\"valueName\":\"search_term_string\"}}],\"inLanguage\":\"ca\"},{\"@type\":\"Organization\",\"@id\":\"https:\/\/www.ariasassessors.com\/#organization\",\"name\":\"Arias Assessors\",\"url\":\"https:\/\/www.ariasassessors.com\/\",\"logo\":{\"@type\":\"ImageObject\",\"inLanguage\":\"ca\",\"@id\":\"https:\/\/www.ariasassessors.com\/#\/schema\/logo\/image\/\",\"url\":\"https:\/\/www.ariasassessors.com\/wp-content\/uploads\/2019\/01\/arias-logo.png\",\"contentUrl\":\"https:\/\/www.ariasassessors.com\/wp-content\/uploads\/2019\/01\/arias-logo.png\",\"width\":349,\"height\":254,\"caption\":\"Arias Assessors\"},\"image\":{\"@id\":\"https:\/\/www.ariasassessors.com\/#\/schema\/logo\/image\/\"},\"sameAs\":[\"https:\/\/www.facebook.com\/ariasassessors\/\",\"https:\/\/x.com\/ariasassessors\",\"https:\/\/www.linkedin.com\/company\/r&amp;amp;r-growing-knowledge\/\"]},{\"@type\":\"Person\",\"@id\":\"https:\/\/www.ariasassessors.com\/#\/schema\/person\/63c6ad1775f0a9413c37932562673cef\",\"name\":\"btorras\",\"image\":{\"@type\":\"ImageObject\",\"inLanguage\":\"ca\",\"@id\":\"https:\/\/www.ariasassessors.com\/#\/schema\/person\/image\/\",\"url\":\"https:\/\/secure.gravatar.com\/avatar\/0531db351fc361fdbfd204c58fa2d6a3?s=96&d=mm&r=g\",\"contentUrl\":\"https:\/\/secure.gravatar.com\/avatar\/0531db351fc361fdbfd204c58fa2d6a3?s=96&d=mm&r=g\",\"caption\":\"btorras\"}}]}<\/script>\n<!-- \/ Yoast SEO plugin. -->","yoast_head_json":{"title":"Factura electr\u00f2nica per a aut\u00f2noms: aix\u00ed funcionar\u00e0 la plataforma","description":"Descobreix com funciona la nova plataforma gratu\u00efta d'Hisenda per emetre la factura electr\u00f2nica per a aut\u00f2noms i complir amb la llei.","robots":{"index":"index","follow":"follow","max-snippet":"max-snippet:-1","max-image-preview":"max-image-preview:large","max-video-preview":"max-video-preview:-1"},"canonical":"https:\/\/www.ariasassessors.com\/ca\/factura-electronica-per-a-autonoms-aixi-funcionara-la-plataforma-gratuita\/","og_locale":"ca_ES","og_type":"article","og_title":"Factura electr\u00f2nica per a aut\u00f2noms: aix\u00ed funcionar\u00e0 la plataforma","og_description":"Descobreix com funciona la nova plataforma gratu\u00efta d'Hisenda per emetre la factura electr\u00f2nica per a aut\u00f2noms i complir amb la llei.","og_url":"https:\/\/www.ariasassessors.com\/ca\/factura-electronica-per-a-autonoms-aixi-funcionara-la-plataforma-gratuita\/","og_site_name":"Arias Assessors","article_publisher":"https:\/\/www.facebook.com\/ariasassessors\/","article_published_time":"2025-03-25T08:38:46+00:00","article_modified_time":"2025-03-25T08:48:07+00:00","og_image":[{"width":1920,"height":1202,"url":"https:\/\/www.ariasassessors.com\/wp-content\/uploads\/2025\/03\/Arias_Blog_IMAGEN_DESTACADA-21.png","type":"image\/png"}],"author":"btorras","twitter_card":"summary_large_image","twitter_creator":"@ariasassessors","twitter_site":"@ariasassessors","twitter_misc":{"Escrit per":"btorras","Temps estimat de lectura":"4 minuts"},"schema":{"@context":"https:\/\/schema.org","@graph":[{"@type":"Article","@id":"https:\/\/www.ariasassessors.com\/ca\/factura-electronica-per-a-autonoms-aixi-funcionara-la-plataforma-gratuita\/#article","isPartOf":{"@id":"https:\/\/www.ariasassessors.com\/ca\/factura-electronica-per-a-autonoms-aixi-funcionara-la-plataforma-gratuita\/"},"author":{"name":"btorras","@id":"https:\/\/www.ariasassessors.com\/#\/schema\/person\/63c6ad1775f0a9413c37932562673cef"},"headline":"Factura electr\u00f2nica per a aut\u00f2noms: aix\u00ed funcionar\u00e0 la plataforma gratu\u00efta d\u2019Hisenda","datePublished":"2025-03-25T08:38:46+00:00","dateModified":"2025-03-25T08:48:07+00:00","mainEntityOfPage":{"@id":"https:\/\/www.ariasassessors.com\/ca\/factura-electronica-per-a-autonoms-aixi-funcionara-la-plataforma-gratuita\/"},"wordCount":887,"commentCount":0,"publisher":{"@id":"https:\/\/www.ariasassessors.com\/#organization"},"image":{"@id":"https:\/\/www.ariasassessors.com\/ca\/factura-electronica-per-a-autonoms-aixi-funcionara-la-plataforma-gratuita\/#primaryimage"},"thumbnailUrl":"https:\/\/www.ariasassessors.com\/wp-content\/uploads\/2025\/03\/Arias_Blog_IMAGEN_DESTACADA-21.png","articleSection":["noticies"],"inLanguage":"ca","potentialAction":[{"@type":"CommentAction","name":"Comment","target":["https:\/\/www.ariasassessors.com\/ca\/factura-electronica-per-a-autonoms-aixi-funcionara-la-plataforma-gratuita\/#respond"]}]},{"@type":"WebPage","@id":"https:\/\/www.ariasassessors.com\/ca\/factura-electronica-per-a-autonoms-aixi-funcionara-la-plataforma-gratuita\/","url":"https:\/\/www.ariasassessors.com\/ca\/factura-electronica-per-a-autonoms-aixi-funcionara-la-plataforma-gratuita\/","name":"Factura electr\u00f2nica per a aut\u00f2noms: aix\u00ed funcionar\u00e0 la plataforma","isPartOf":{"@id":"https:\/\/www.ariasassessors.com\/#website"},"primaryImageOfPage":{"@id":"https:\/\/www.ariasassessors.com\/ca\/factura-electronica-per-a-autonoms-aixi-funcionara-la-plataforma-gratuita\/#primaryimage"},"image":{"@id":"https:\/\/www.ariasassessors.com\/ca\/factura-electronica-per-a-autonoms-aixi-funcionara-la-plataforma-gratuita\/#primaryimage"},"thumbnailUrl":"https:\/\/www.ariasassessors.com\/wp-content\/uploads\/2025\/03\/Arias_Blog_IMAGEN_DESTACADA-21.png","datePublished":"2025-03-25T08:38:46+00:00","dateModified":"2025-03-25T08:48:07+00:00","description":"Descobreix com funciona la nova plataforma gratu\u00efta d'Hisenda per emetre la factura electr\u00f2nica per a aut\u00f2noms i complir amb la llei.","breadcrumb":{"@id":"https:\/\/www.ariasassessors.com\/ca\/factura-electronica-per-a-autonoms-aixi-funcionara-la-plataforma-gratuita\/#breadcrumb"},"inLanguage":"ca","potentialAction":[{"@type":"ReadAction","target":["https:\/\/www.ariasassessors.com\/ca\/factura-electronica-per-a-autonoms-aixi-funcionara-la-plataforma-gratuita\/"]}]},{"@type":"ImageObject","inLanguage":"ca","@id":"https:\/\/www.ariasassessors.com\/ca\/factura-electronica-per-a-autonoms-aixi-funcionara-la-plataforma-gratuita\/#primaryimage","url":"https:\/\/www.ariasassessors.com\/wp-content\/uploads\/2025\/03\/Arias_Blog_IMAGEN_DESTACADA-21.png","contentUrl":"https:\/\/www.ariasassessors.com\/wp-content\/uploads\/2025\/03\/Arias_Blog_IMAGEN_DESTACADA-21.png","width":1920,"height":1202},{"@type":"BreadcrumbList","@id":"https:\/\/www.ariasassessors.com\/ca\/factura-electronica-per-a-autonoms-aixi-funcionara-la-plataforma-gratuita\/#breadcrumb","itemListElement":[{"@type":"ListItem","position":1,"name":"Portada","item":"https:\/\/www.ariasassessors.com\/ca\/"},{"@type":"ListItem","position":2,"name":"Factura electr\u00f2nica per a aut\u00f2noms: aix\u00ed funcionar\u00e0 la plataforma gratu\u00efta d\u2019Hisenda"}]},{"@type":"WebSite","@id":"https:\/\/www.ariasassessors.com\/#website","url":"https:\/\/www.ariasassessors.com\/","name":"Arias Assessors","description":"Asesor\u00eda para aut\u00f3nomos, profesionales y PYMES","publisher":{"@id":"https:\/\/www.ariasassessors.com\/#organization"},"potentialAction":[{"@type":"SearchAction","target":{"@type":"EntryPoint","urlTemplate":"https:\/\/www.ariasassessors.com\/?s={search_term_string}"},"query-input":{"@type":"PropertyValueSpecification","valueRequired":true,"valueName":"search_term_string"}}],"inLanguage":"ca"},{"@type":"Organization","@id":"https:\/\/www.ariasassessors.com\/#organization","name":"Arias Assessors","url":"https:\/\/www.ariasassessors.com\/","logo":{"@type":"ImageObject","inLanguage":"ca","@id":"https:\/\/www.ariasassessors.com\/#\/schema\/logo\/image\/","url":"https:\/\/www.ariasassessors.com\/wp-content\/uploads\/2019\/01\/arias-logo.png","contentUrl":"https:\/\/www.ariasassessors.com\/wp-content\/uploads\/2019\/01\/arias-logo.png","width":349,"height":254,"caption":"Arias Assessors"},"image":{"@id":"https:\/\/www.ariasassessors.com\/#\/schema\/logo\/image\/"},"sameAs":["https:\/\/www.facebook.com\/ariasassessors\/","https:\/\/x.com\/ariasassessors","https:\/\/www.linkedin.com\/company\/r&amp;amp;r-growing-knowledge\/"]},{"@type":"Person","@id":"https:\/\/www.ariasassessors.com\/#\/schema\/person\/63c6ad1775f0a9413c37932562673cef","name":"btorras","image":{"@type":"ImageObject","inLanguage":"ca","@id":"https:\/\/www.ariasassessors.com\/#\/schema\/person\/image\/","url":"https:\/\/secure.gravatar.com\/avatar\/0531db351fc361fdbfd204c58fa2d6a3?s=96&d=mm&r=g","contentUrl":"https:\/\/secure.gravatar.com\/avatar\/0531db351fc361fdbfd204c58fa2d6a3?s=96&d=mm&r=g","caption":"btorras"}}]}},"_links":{"self":[{"href":"https:\/\/www.ariasassessors.com\/ca\/wp-json\/wp\/v2\/posts\/4170","targetHints":{"allow":["GET"]}}],"collection":[{"href":"https:\/\/www.ariasassessors.com\/ca\/wp-json\/wp\/v2\/posts"}],"about":[{"href":"https:\/\/www.ariasassessors.com\/ca\/wp-json\/wp\/v2\/types\/post"}],"author":[{"embeddable":true,"href":"https:\/\/www.ariasassessors.com\/ca\/wp-json\/wp\/v2\/users\/2"}],"replies":[{"embeddable":true,"href":"https:\/\/www.ariasassessors.com\/ca\/wp-json\/wp\/v2\/comments?post=4170"}],"version-history":[{"count":1,"href":"https:\/\/www.ariasassessors.com\/ca\/wp-json\/wp\/v2\/posts\/4170\/revisions"}],"predecessor-version":[{"id":4171,"href":"https:\/\/www.ariasassessors.com\/ca\/wp-json\/wp\/v2\/posts\/4170\/revisions\/4171"}],"wp:featuredmedia":[{"embeddable":true,"href":"https:\/\/www.ariasassessors.com\/ca\/wp-json\/wp\/v2\/media\/4172"}],"wp:attachment":[{"href":"https:\/\/www.ariasassessors.com\/ca\/wp-json\/wp\/v2\/media?parent=4170"}],"wp:term":[{"taxonomy":"category","embeddable":true,"href":"https:\/\/www.ariasassessors.com\/ca\/wp-json\/wp\/v2\/categories?post=4170"},{"taxonomy":"post_tag","embeddable":true,"href":"https:\/\/www.ariasassessors.com\/ca\/wp-json\/wp\/v2\/tags?post=4170"}],"curies":[{"name":"wp","href":"https:\/\/api.w.org\/{rel}","templated":true}]}}