{"id":4179,"date":"2025-03-31T08:30:47","date_gmt":"2025-03-31T06:30:47","guid":{"rendered":"https:\/\/www.ariasassessors.com\/?p=4179"},"modified":"2025-03-31T08:34:44","modified_gmt":"2025-03-31T06:34:44","slug":"renda-2025-exempcions-i-beneficis-fiscals-per-a-autonoms-majors-de-65-anys","status":"publish","type":"post","link":"https:\/\/www.ariasassessors.com\/ca\/renda-2025-exempcions-i-beneficis-fiscals-per-a-autonoms-majors-de-65-anys\/","title":{"rendered":"Renda 2025: Exempcions i beneficis fiscals per a aut\u00f2noms majors de 65 anys"},"content":{"rendered":"<p class=\"\" data-start=\"496\" data-end=\"751\">A<a href=\"https:\/\/www.ariasassessors.com\/ca\/contacte\/\"> Arias Assessors<\/a> sabem que molts aut\u00f2noms no es jubilen als 65 anys. Alguns continuen actius per voluntat pr\u00f2pia; d\u2019altres, per necessitat. En tots els casos, \u00e9s essencial con\u00e8ixer quins avantatges fiscals poden aplicar en la seva declaraci\u00f3 de la renda.<\/p>\n<p class=\"\" data-start=\"753\" data-end=\"1010\">La campanya de la Renda 2025 inclou diversos beneficis per a aut\u00f2noms majors de 65 anys. Aquestes mesures poden reduir de manera important els imports a pagar, i en alguns casos, eliminar-los completament. A continuaci\u00f3, t\u2019expliquem els principals sup\u00f2sits.<\/p>\n<div id=\"ez-toc-container\" class=\"ez-toc-v2_0_72 counter-hierarchy ez-toc-counter ez-toc-grey ez-toc-container-direction\">\n<div class=\"ez-toc-title-container\">\n<p class=\"ez-toc-title\" style=\"cursor:inherit\">\u00cdndice de Contenidos<\/p>\n<span class=\"ez-toc-title-toggle\"><a href=\"#\" class=\"ez-toc-pull-right ez-toc-btn ez-toc-btn-xs ez-toc-btn-default ez-toc-toggle\" aria-label=\"Toggle Table of Content\"><span class=\"ez-toc-js-icon-con\"><span class=\"\"><span class=\"eztoc-hide\" style=\"display:none;\">Toggle<\/span><span class=\"ez-toc-icon-toggle-span\"><svg style=\"fill: #428bca;color:#428bca\" xmlns=\"http:\/\/www.w3.org\/2000\/svg\" class=\"list-377408\" width=\"20px\" height=\"20px\" viewBox=\"0 0 24 24\" fill=\"none\"><path d=\"M6 6H4v2h2V6zm14 0H8v2h12V6zM4 11h2v2H4v-2zm16 0H8v2h12v-2zM4 16h2v2H4v-2zm16 0H8v2h12v-2z\" fill=\"currentColor\"><\/path><\/svg><svg style=\"fill: #428bca;color:#428bca\" class=\"arrow-unsorted-368013\" xmlns=\"http:\/\/www.w3.org\/2000\/svg\" width=\"10px\" height=\"10px\" viewBox=\"0 0 24 24\" version=\"1.2\" baseProfile=\"tiny\"><path d=\"M18.2 9.3l-6.2-6.3-6.2 6.3c-.2.2-.3.4-.3.7s.1.5.3.7c.2.2.4.3.7.3h11c.3 0 .5-.1.7-.3.2-.2.3-.5.3-.7s-.1-.5-.3-.7zM5.8 14.7l6.2 6.3 6.2-6.3c.2-.2.3-.5.3-.7s-.1-.5-.3-.7c-.2-.2-.4-.3-.7-.3h-11c-.3 0-.5.1-.7.3-.2.2-.3.5-.3.7s.1.5.3.7z\"\/><\/svg><\/span><\/span><\/span><\/a><\/span><\/div>\n<nav><ul class='ez-toc-list ez-toc-list-level-1 eztoc-toggle-hide-by-default' ><li class='ez-toc-page-1 ez-toc-heading-level-2'><a class=\"ez-toc-link ez-toc-heading-1\" href=\"https:\/\/www.ariasassessors.com\/ca\/renda-2025-exempcions-i-beneficis-fiscals-per-a-autonoms-majors-de-65-anys\/#Exempcio_per_transmissio_de_lhabitatge_habitual\" title=\"Exempci\u00f3 per transmissi\u00f3 de l\u2019habitatge habitual\">Exempci\u00f3 per transmissi\u00f3 de l\u2019habitatge habitual<\/a><\/li><li class='ez-toc-page-1 ez-toc-heading-level-2'><a class=\"ez-toc-link ez-toc-heading-2\" href=\"https:\/\/www.ariasassessors.com\/ca\/renda-2025-exempcions-i-beneficis-fiscals-per-a-autonoms-majors-de-65-anys\/#Reinversio_en_una_renda_vitalicia\" title=\"Reinversi\u00f3 en una renda vital\u00edcia\">Reinversi\u00f3 en una renda vital\u00edcia<\/a><\/li><li class='ez-toc-page-1 ez-toc-heading-level-2'><a class=\"ez-toc-link ez-toc-heading-3\" href=\"https:\/\/www.ariasassessors.com\/ca\/renda-2025-exempcions-i-beneficis-fiscals-per-a-autonoms-majors-de-65-anys\/#Ajuts_publics_per_centres_de_dia_o_residencies\" title=\"Ajuts p\u00fablics per centres de dia o resid\u00e8ncies\">Ajuts p\u00fablics per centres de dia o resid\u00e8ncies<\/a><\/li><li class='ez-toc-page-1 ez-toc-heading-level-2'><a class=\"ez-toc-link ez-toc-heading-4\" href=\"https:\/\/www.ariasassessors.com\/ca\/renda-2025-exempcions-i-beneficis-fiscals-per-a-autonoms-majors-de-65-anys\/#Hipoteca_inversa_sense_tributacio\" title=\"Hipoteca inversa sense tributaci\u00f3\">Hipoteca inversa sense tributaci\u00f3<\/a><\/li><li class='ez-toc-page-1 ez-toc-heading-level-2'><a class=\"ez-toc-link ez-toc-heading-5\" href=\"https:\/\/www.ariasassessors.com\/ca\/renda-2025-exempcions-i-beneficis-fiscals-per-a-autonoms-majors-de-65-anys\/#Minim_personal_incrementat_per_edat\" title=\"M\u00ednim personal incrementat per edat\">M\u00ednim personal incrementat per edat<\/a><\/li><li class='ez-toc-page-1 ez-toc-heading-level-2'><a class=\"ez-toc-link ez-toc-heading-6\" href=\"https:\/\/www.ariasassessors.com\/ca\/renda-2025-exempcions-i-beneficis-fiscals-per-a-autonoms-majors-de-65-anys\/#Deduccions_fiscals_segons_la_comunitat_autonoma\" title=\"Deduccions fiscals segons la comunitat aut\u00f2noma\">Deduccions fiscals segons la comunitat aut\u00f2noma<\/a><\/li><li class='ez-toc-page-1 ez-toc-heading-level-2'><a class=\"ez-toc-link ez-toc-heading-7\" href=\"https:\/\/www.ariasassessors.com\/ca\/renda-2025-exempcions-i-beneficis-fiscals-per-a-autonoms-majors-de-65-anys\/#Conclusio\" title=\"Conclusi\u00f3\">Conclusi\u00f3<\/a><\/li><\/ul><\/nav><\/div>\n<h2 data-start=\"1012\" data-end=\"1064\"><span class=\"ez-toc-section\" id=\"Exempcio_per_transmissio_de_lhabitatge_habitual\"><\/span><strong data-start=\"1012\" data-end=\"1064\">Exempci\u00f3 per transmissi\u00f3 de l\u2019habitatge habitual<\/strong><span class=\"ez-toc-section-end\"><\/span><\/h2>\n<p class=\"\" data-start=\"1066\" data-end=\"1348\">Si tens m\u00e9s de 65 anys i vens o cedeixes el teu habitatge habitual, no haur\u00e0s de tributar per les plusv\u00e0lues obtingudes. Aquesta exempci\u00f3 s\u2019aplica tant si es tracta d\u2019una venda com d\u2019una donaci\u00f3. A m\u00e9s, tamb\u00e9 \u00e9s v\u00e0lida si nom\u00e9s cedeixes la nua propietat i et reserves l\u2019\u00fas vitalici.<\/p>\n<p class=\"\" data-start=\"1350\" data-end=\"1646\">Ara b\u00e9, cal complir alguns requisits. Per exemple, haver viscut a l\u2019habitatge durant un m\u00ednim de tres anys seguits. En cas contrari, cal justificar el canvi de domicili per motius com una separaci\u00f3 o un trasllat laboral. A Arias Assessors t\u2019ajudem a comprovar que compleixes totes les condicions.<\/p>\n<h2 data-start=\"1648\" data-end=\"1685\"><span class=\"ez-toc-section\" id=\"Reinversio_en_una_renda_vitalicia\"><\/span><strong data-start=\"1648\" data-end=\"1685\">Reinversi\u00f3 en una renda vital\u00edcia<\/strong><span class=\"ez-toc-section-end\"><\/span><\/h2>\n<p class=\"\" data-start=\"1687\" data-end=\"1945\">Vens una segona resid\u00e8ncia i tens m\u00e9s de 65 anys? Pots quedar exempt de tributar per les plusv\u00e0lues si reinverteixes els guanys en una renda vital\u00edcia. Aquesta renda ha d\u2019estar contractada amb una asseguradora i formalitzada en un termini m\u00e0xim de sis mesos.<\/p>\n<p class=\"\" data-start=\"1947\" data-end=\"2149\">El l\u00edmit d\u2019inversi\u00f3 \u00e9s de 240.000 euros. A m\u00e9s, l\u2019asseguradora ha de saber que els diners provenen d\u2019aquesta venda. \u00c9s imprescindible deixar-ho reflectit al contracte. Per aix\u00f2, la planificaci\u00f3 \u00e9s clau.<\/p>\n<h2 data-start=\"2151\" data-end=\"2201\"><span class=\"ez-toc-section\" id=\"Ajuts_publics_per_centres_de_dia_o_residencies\"><\/span><strong data-start=\"2151\" data-end=\"2201\">Ajuts p\u00fablics per centres de dia o resid\u00e8ncies<\/strong><img loading=\"lazy\" decoding=\"async\" class=\" wp-image-4176 alignright\" style=\"font-size: 16px;\" src=\"https:\/\/www.ariasassessors.com\/wp-content\/uploads\/2025\/03\/2149366843-200x300.jpg\" alt=\"Pareja de aut\u00f3nomos mayores de 65 a\u00f1os revisando su declaraci\u00f3n de la renta en un ordenador port\u00e1til, con actitud tranquila y positiva.\" width=\"249\" height=\"374\" srcset=\"https:\/\/www.ariasassessors.com\/wp-content\/uploads\/2025\/03\/2149366843-200x300.jpg 200w, https:\/\/www.ariasassessors.com\/wp-content\/uploads\/2025\/03\/2149366843.jpg 667w\" sizes=\"auto, (max-width: 249px) 100vw, 249px\" \/><span class=\"ez-toc-section-end\"><\/span><\/h2>\n<p class=\"\" data-start=\"2203\" data-end=\"2436\">Alguns aut\u00f2noms reben ajuts p\u00fablics per cobrir les despeses d\u2019un centre de dia o d\u2019una resid\u00e8ncia. Si els teus ingressos anuals no superen el doble de l\u2019<a href=\"http:\/\/www.iprem.com.es\/\">IPREM<\/a> (16.800\u202f\u20ac), aquestes ajudes no tributen. \u00c9s a dir, queden exemptes d\u2019IRPF.<\/p>\n<p class=\"\" data-start=\"2438\" data-end=\"2602\">Aquesta exempci\u00f3 no sempre s\u2019aplica de forma autom\u00e0tica. Per aix\u00f2, \u00e9s important revisar b\u00e9 cada cas. A Arias Assessors ens assegurem que no paguis m\u00e9s del que toca.<\/p>\n<h2 data-start=\"2604\" data-end=\"2641\"><span class=\"ez-toc-section\" id=\"Hipoteca_inversa_sense_tributacio\"><\/span><strong data-start=\"2604\" data-end=\"2641\">Hipoteca inversa sense tributaci\u00f3<\/strong><span class=\"ez-toc-section-end\"><\/span><\/h2>\n<p class=\"\" data-start=\"2643\" data-end=\"2880\">La hipoteca inversa \u00e9s una eina \u00fatil per a molts aut\u00f2noms majors de 65 anys. Permet obtenir ingressos a canvi de la teva vivenda, per\u00f2 sense perdre\u2019n l\u2019\u00fas. Les quantitats que rebis no tributen, sempre que compleixis els requisits legals.<\/p>\n<p class=\"\" data-start=\"2882\" data-end=\"3100\">Cal tenir m\u00e9s de 65 anys en el moment de signar. Tamb\u00e9 \u00e9s necessari que la vivenda estigui assegurada i ben taxada. El deute nom\u00e9s es reclama un cop el titular ha mort. Si tens dubtes, et podem assessorar personalment.<\/p>\n<h2 data-start=\"3102\" data-end=\"3141\"><span class=\"ez-toc-section\" id=\"Minim_personal_incrementat_per_edat\"><\/span><strong data-start=\"3102\" data-end=\"3141\">M\u00ednim personal incrementat per edat<\/strong><span class=\"ez-toc-section-end\"><\/span><\/h2>\n<p class=\"\" data-start=\"3143\" data-end=\"3346\">Els aut\u00f2noms majors de 65 anys gaudeixen d\u2019un m\u00ednim personal m\u00e9s alt a la seva declaraci\u00f3. L\u2019import exempt s\u2019incrementa en 1.150 euros. Si tens m\u00e9s de 75 anys, el suplement \u00e9s de 1.400 euros addicionals.<\/p>\n<p class=\"\" data-start=\"3348\" data-end=\"3494\">Aquest m\u00ednim s\u2019aplica de forma autom\u00e0tica. Tot i aix\u00ed, recomanem revisar-ho si tens canvis familiars, canvis de resid\u00e8ncia o fonts d\u2019ingr\u00e9s noves.<\/p>\n<h2 data-start=\"3496\" data-end=\"3547\"><span class=\"ez-toc-section\" id=\"Deduccions_fiscals_segons_la_comunitat_autonoma\"><\/span><strong data-start=\"3496\" data-end=\"3547\">Deduccions fiscals segons la comunitat aut\u00f2noma<\/strong><span class=\"ez-toc-section-end\"><\/span><\/h2>\n<p class=\"\" data-start=\"3549\" data-end=\"3828\">A m\u00e9s dels avantatges estatals, cada comunitat aut\u00f2noma pot oferir deduccions pr\u00f2pies. Aquestes poden estar relacionades amb lloguers, despeses de depend\u00e8ncia o inversions en habitatge habitual. A Catalunya, existeixen diversos sup\u00f2sits que poden beneficiar-te com a contribuent.<\/p>\n<p class=\"\" data-start=\"3830\" data-end=\"3982\">A Arias Assessors coneixem la normativa catalana al detall. Ens encarreguem d\u2019optimitzar la teva declaraci\u00f3 perqu\u00e8 aprofitis tots els avantatges legals.<\/p>\n<h2 data-start=\"3984\" data-end=\"3997\"><span class=\"ez-toc-section\" id=\"Conclusio\"><\/span><strong data-start=\"3984\" data-end=\"3997\">Conclusi\u00f3<\/strong><span class=\"ez-toc-section-end\"><\/span><\/h2>\n<p class=\"\" data-start=\"3999\" data-end=\"4359\">Ser aut\u00f2nom i tenir m\u00e9s de 65 anys no implica deixar d\u2019atendre les obligacions fiscals. Tot i aix\u00ed, hi ha moltes opcions per reduir-les o eliminar-les. Transmetre l\u2019habitatge habitual, invertir en una renda vital\u00edcia o contractar una hipoteca inversa poden representar estalvis importants. Tamb\u00e9 ho poden ser els m\u00ednims personals o les deduccions auton\u00f2miques.<\/p>\n<p class=\"\" data-start=\"4361\" data-end=\"4655\">A Arias Assessors et guiem pas a pas perqu\u00e8 no deixis escapar cap oportunitat. Som especialistes en fiscalitat per a aut\u00f2noms i t\u2019oferim un assessorament proper, clar i segur. Si tens m\u00e9s de 65 anys i continues treballant, deixa\u2019ns ajudar-te a declarar de manera eficient i sense preocupacions.<\/p>\n<p class=\"\" data-start=\"4657\" data-end=\"4751\">Vols saber quines exempcions pots aplicar a la Renda 2025? Contacta\u2019ns i ho revisarem plegats.<\/p>\n","protected":false},"excerpt":{"rendered":"<p>A Arias Assessors sabem que molts aut\u00f2noms no es jubilen als 65 anys. Alguns continuen actius per voluntat pr\u00f2pia; d\u2019altres, per necessitat. En tots els casos, \u00e9s essencial con\u00e8ixer quins avantatges fiscals poden aplicar en la seva declaraci\u00f3 de la renda. La campanya de la&#8230;<\/p>\n","protected":false},"author":2,"featured_media":4186,"comment_status":"open","ping_status":"open","sticky":false,"template":"","format":"standard","meta":{"footnotes":""},"categories":[1115],"tags":[],"class_list":["post-4179","post","type-post","status-publish","format-standard","has-post-thumbnail","hentry","category-articulos-ca"],"yoast_head":"<!-- This site is optimized with the Yoast SEO plugin v24.3 - https:\/\/yoast.com\/wordpress\/plugins\/seo\/ -->\n<title>Beneficis fiscals per a aut\u00f2noms majors de 65 anys a la Renda 25&#039;<\/title>\n<meta name=\"description\" content=\"Descobreix les exempcions i deduccions que poden aplicar els aut\u00f2noms majors de 65 anys a la declaraci\u00f3 de la Renda 2025.\" \/>\n<meta name=\"robots\" content=\"index, follow, max-snippet:-1, max-image-preview:large, max-video-preview:-1\" \/>\n<link rel=\"canonical\" href=\"https:\/\/www.ariasassessors.com\/ca\/renda-2025-exempcions-i-beneficis-fiscals-per-a-autonoms-majors-de-65-anys\/\" \/>\n<meta property=\"og:locale\" content=\"ca_ES\" \/>\n<meta property=\"og:type\" content=\"article\" \/>\n<meta property=\"og:title\" content=\"Beneficis fiscals per a aut\u00f2noms majors de 65 anys a la Renda 25&#039;\" \/>\n<meta property=\"og:description\" content=\"Descobreix les exempcions i deduccions que poden aplicar els aut\u00f2noms majors de 65 anys a la declaraci\u00f3 de la Renda 2025.\" \/>\n<meta property=\"og:url\" content=\"https:\/\/www.ariasassessors.com\/ca\/renda-2025-exempcions-i-beneficis-fiscals-per-a-autonoms-majors-de-65-anys\/\" \/>\n<meta property=\"og:site_name\" content=\"Arias Assessors\" \/>\n<meta property=\"article:publisher\" content=\"https:\/\/www.facebook.com\/ariasassessors\/\" \/>\n<meta property=\"article:published_time\" content=\"2025-03-31T06:30:47+00:00\" \/>\n<meta property=\"article:modified_time\" content=\"2025-03-31T06:34:44+00:00\" \/>\n<meta property=\"og:image\" content=\"https:\/\/www.ariasassessors.com\/wp-content\/uploads\/2025\/03\/15.png\" \/>\n\t<meta property=\"og:image:width\" content=\"1000\" \/>\n\t<meta property=\"og:image:height\" content=\"665\" \/>\n\t<meta property=\"og:image:type\" content=\"image\/png\" \/>\n<meta name=\"author\" content=\"btorras\" \/>\n<meta name=\"twitter:card\" content=\"summary_large_image\" \/>\n<meta name=\"twitter:creator\" content=\"@ariasassessors\" \/>\n<meta name=\"twitter:site\" content=\"@ariasassessors\" \/>\n<meta name=\"twitter:label1\" content=\"Escrit per\" \/>\n\t<meta name=\"twitter:data1\" content=\"btorras\" \/>\n\t<meta name=\"twitter:label2\" content=\"Temps estimat de lectura\" \/>\n\t<meta name=\"twitter:data2\" content=\"4 minuts\" \/>\n<script type=\"application\/ld+json\" class=\"yoast-schema-graph\">{\"@context\":\"https:\/\/schema.org\",\"@graph\":[{\"@type\":\"Article\",\"@id\":\"https:\/\/www.ariasassessors.com\/ca\/renda-2025-exempcions-i-beneficis-fiscals-per-a-autonoms-majors-de-65-anys\/#article\",\"isPartOf\":{\"@id\":\"https:\/\/www.ariasassessors.com\/ca\/renda-2025-exempcions-i-beneficis-fiscals-per-a-autonoms-majors-de-65-anys\/\"},\"author\":{\"name\":\"btorras\",\"@id\":\"https:\/\/www.ariasassessors.com\/#\/schema\/person\/63c6ad1775f0a9413c37932562673cef\"},\"headline\":\"Renda 2025: Exempcions i beneficis fiscals per a aut\u00f2noms majors de 65 anys\",\"datePublished\":\"2025-03-31T06:30:47+00:00\",\"dateModified\":\"2025-03-31T06:34:44+00:00\",\"mainEntityOfPage\":{\"@id\":\"https:\/\/www.ariasassessors.com\/ca\/renda-2025-exempcions-i-beneficis-fiscals-per-a-autonoms-majors-de-65-anys\/\"},\"wordCount\":744,\"commentCount\":0,\"publisher\":{\"@id\":\"https:\/\/www.ariasassessors.com\/#organization\"},\"image\":{\"@id\":\"https:\/\/www.ariasassessors.com\/ca\/renda-2025-exempcions-i-beneficis-fiscals-per-a-autonoms-majors-de-65-anys\/#primaryimage\"},\"thumbnailUrl\":\"https:\/\/www.ariasassessors.com\/wp-content\/uploads\/2025\/03\/15.png\",\"articleSection\":[\"Art\u00edculos\"],\"inLanguage\":\"ca\",\"potentialAction\":[{\"@type\":\"CommentAction\",\"name\":\"Comment\",\"target\":[\"https:\/\/www.ariasassessors.com\/ca\/renda-2025-exempcions-i-beneficis-fiscals-per-a-autonoms-majors-de-65-anys\/#respond\"]}]},{\"@type\":\"WebPage\",\"@id\":\"https:\/\/www.ariasassessors.com\/ca\/renda-2025-exempcions-i-beneficis-fiscals-per-a-autonoms-majors-de-65-anys\/\",\"url\":\"https:\/\/www.ariasassessors.com\/ca\/renda-2025-exempcions-i-beneficis-fiscals-per-a-autonoms-majors-de-65-anys\/\",\"name\":\"Beneficis fiscals per a aut\u00f2noms majors de 65 anys a la Renda 25'\",\"isPartOf\":{\"@id\":\"https:\/\/www.ariasassessors.com\/#website\"},\"primaryImageOfPage\":{\"@id\":\"https:\/\/www.ariasassessors.com\/ca\/renda-2025-exempcions-i-beneficis-fiscals-per-a-autonoms-majors-de-65-anys\/#primaryimage\"},\"image\":{\"@id\":\"https:\/\/www.ariasassessors.com\/ca\/renda-2025-exempcions-i-beneficis-fiscals-per-a-autonoms-majors-de-65-anys\/#primaryimage\"},\"thumbnailUrl\":\"https:\/\/www.ariasassessors.com\/wp-content\/uploads\/2025\/03\/15.png\",\"datePublished\":\"2025-03-31T06:30:47+00:00\",\"dateModified\":\"2025-03-31T06:34:44+00:00\",\"description\":\"Descobreix les exempcions i deduccions que poden aplicar els aut\u00f2noms majors de 65 anys a la declaraci\u00f3 de la Renda 2025.\",\"breadcrumb\":{\"@id\":\"https:\/\/www.ariasassessors.com\/ca\/renda-2025-exempcions-i-beneficis-fiscals-per-a-autonoms-majors-de-65-anys\/#breadcrumb\"},\"inLanguage\":\"ca\",\"potentialAction\":[{\"@type\":\"ReadAction\",\"target\":[\"https:\/\/www.ariasassessors.com\/ca\/renda-2025-exempcions-i-beneficis-fiscals-per-a-autonoms-majors-de-65-anys\/\"]}]},{\"@type\":\"ImageObject\",\"inLanguage\":\"ca\",\"@id\":\"https:\/\/www.ariasassessors.com\/ca\/renda-2025-exempcions-i-beneficis-fiscals-per-a-autonoms-majors-de-65-anys\/#primaryimage\",\"url\":\"https:\/\/www.ariasassessors.com\/wp-content\/uploads\/2025\/03\/15.png\",\"contentUrl\":\"https:\/\/www.ariasassessors.com\/wp-content\/uploads\/2025\/03\/15.png\",\"width\":1000,\"height\":665},{\"@type\":\"BreadcrumbList\",\"@id\":\"https:\/\/www.ariasassessors.com\/ca\/renda-2025-exempcions-i-beneficis-fiscals-per-a-autonoms-majors-de-65-anys\/#breadcrumb\",\"itemListElement\":[{\"@type\":\"ListItem\",\"position\":1,\"name\":\"Portada\",\"item\":\"https:\/\/www.ariasassessors.com\/ca\/\"},{\"@type\":\"ListItem\",\"position\":2,\"name\":\"Renda 2025: Exempcions i beneficis fiscals per a aut\u00f2noms majors de 65 anys\"}]},{\"@type\":\"WebSite\",\"@id\":\"https:\/\/www.ariasassessors.com\/#website\",\"url\":\"https:\/\/www.ariasassessors.com\/\",\"name\":\"Arias Assessors\",\"description\":\"Asesor\u00eda para aut\u00f3nomos, profesionales y PYMES\",\"publisher\":{\"@id\":\"https:\/\/www.ariasassessors.com\/#organization\"},\"potentialAction\":[{\"@type\":\"SearchAction\",\"target\":{\"@type\":\"EntryPoint\",\"urlTemplate\":\"https:\/\/www.ariasassessors.com\/?s={search_term_string}\"},\"query-input\":{\"@type\":\"PropertyValueSpecification\",\"valueRequired\":true,\"valueName\":\"search_term_string\"}}],\"inLanguage\":\"ca\"},{\"@type\":\"Organization\",\"@id\":\"https:\/\/www.ariasassessors.com\/#organization\",\"name\":\"Arias Assessors\",\"url\":\"https:\/\/www.ariasassessors.com\/\",\"logo\":{\"@type\":\"ImageObject\",\"inLanguage\":\"ca\",\"@id\":\"https:\/\/www.ariasassessors.com\/#\/schema\/logo\/image\/\",\"url\":\"https:\/\/www.ariasassessors.com\/wp-content\/uploads\/2019\/01\/arias-logo.png\",\"contentUrl\":\"https:\/\/www.ariasassessors.com\/wp-content\/uploads\/2019\/01\/arias-logo.png\",\"width\":349,\"height\":254,\"caption\":\"Arias Assessors\"},\"image\":{\"@id\":\"https:\/\/www.ariasassessors.com\/#\/schema\/logo\/image\/\"},\"sameAs\":[\"https:\/\/www.facebook.com\/ariasassessors\/\",\"https:\/\/x.com\/ariasassessors\",\"https:\/\/www.linkedin.com\/company\/r&amp;amp;r-growing-knowledge\/\"]},{\"@type\":\"Person\",\"@id\":\"https:\/\/www.ariasassessors.com\/#\/schema\/person\/63c6ad1775f0a9413c37932562673cef\",\"name\":\"btorras\",\"image\":{\"@type\":\"ImageObject\",\"inLanguage\":\"ca\",\"@id\":\"https:\/\/www.ariasassessors.com\/#\/schema\/person\/image\/\",\"url\":\"https:\/\/secure.gravatar.com\/avatar\/0531db351fc361fdbfd204c58fa2d6a3?s=96&d=mm&r=g\",\"contentUrl\":\"https:\/\/secure.gravatar.com\/avatar\/0531db351fc361fdbfd204c58fa2d6a3?s=96&d=mm&r=g\",\"caption\":\"btorras\"}}]}<\/script>\n<!-- \/ Yoast SEO plugin. -->","yoast_head_json":{"title":"Beneficis fiscals per a aut\u00f2noms majors de 65 anys a la Renda 25'","description":"Descobreix les exempcions i deduccions que poden aplicar els aut\u00f2noms majors de 65 anys a la declaraci\u00f3 de la Renda 2025.","robots":{"index":"index","follow":"follow","max-snippet":"max-snippet:-1","max-image-preview":"max-image-preview:large","max-video-preview":"max-video-preview:-1"},"canonical":"https:\/\/www.ariasassessors.com\/ca\/renda-2025-exempcions-i-beneficis-fiscals-per-a-autonoms-majors-de-65-anys\/","og_locale":"ca_ES","og_type":"article","og_title":"Beneficis fiscals per a aut\u00f2noms majors de 65 anys a la Renda 25'","og_description":"Descobreix les exempcions i deduccions que poden aplicar els aut\u00f2noms majors de 65 anys a la declaraci\u00f3 de la Renda 2025.","og_url":"https:\/\/www.ariasassessors.com\/ca\/renda-2025-exempcions-i-beneficis-fiscals-per-a-autonoms-majors-de-65-anys\/","og_site_name":"Arias Assessors","article_publisher":"https:\/\/www.facebook.com\/ariasassessors\/","article_published_time":"2025-03-31T06:30:47+00:00","article_modified_time":"2025-03-31T06:34:44+00:00","og_image":[{"width":1000,"height":665,"url":"https:\/\/www.ariasassessors.com\/wp-content\/uploads\/2025\/03\/15.png","type":"image\/png"}],"author":"btorras","twitter_card":"summary_large_image","twitter_creator":"@ariasassessors","twitter_site":"@ariasassessors","twitter_misc":{"Escrit per":"btorras","Temps estimat de lectura":"4 minuts"},"schema":{"@context":"https:\/\/schema.org","@graph":[{"@type":"Article","@id":"https:\/\/www.ariasassessors.com\/ca\/renda-2025-exempcions-i-beneficis-fiscals-per-a-autonoms-majors-de-65-anys\/#article","isPartOf":{"@id":"https:\/\/www.ariasassessors.com\/ca\/renda-2025-exempcions-i-beneficis-fiscals-per-a-autonoms-majors-de-65-anys\/"},"author":{"name":"btorras","@id":"https:\/\/www.ariasassessors.com\/#\/schema\/person\/63c6ad1775f0a9413c37932562673cef"},"headline":"Renda 2025: Exempcions i beneficis fiscals per a aut\u00f2noms majors de 65 anys","datePublished":"2025-03-31T06:30:47+00:00","dateModified":"2025-03-31T06:34:44+00:00","mainEntityOfPage":{"@id":"https:\/\/www.ariasassessors.com\/ca\/renda-2025-exempcions-i-beneficis-fiscals-per-a-autonoms-majors-de-65-anys\/"},"wordCount":744,"commentCount":0,"publisher":{"@id":"https:\/\/www.ariasassessors.com\/#organization"},"image":{"@id":"https:\/\/www.ariasassessors.com\/ca\/renda-2025-exempcions-i-beneficis-fiscals-per-a-autonoms-majors-de-65-anys\/#primaryimage"},"thumbnailUrl":"https:\/\/www.ariasassessors.com\/wp-content\/uploads\/2025\/03\/15.png","articleSection":["Art\u00edculos"],"inLanguage":"ca","potentialAction":[{"@type":"CommentAction","name":"Comment","target":["https:\/\/www.ariasassessors.com\/ca\/renda-2025-exempcions-i-beneficis-fiscals-per-a-autonoms-majors-de-65-anys\/#respond"]}]},{"@type":"WebPage","@id":"https:\/\/www.ariasassessors.com\/ca\/renda-2025-exempcions-i-beneficis-fiscals-per-a-autonoms-majors-de-65-anys\/","url":"https:\/\/www.ariasassessors.com\/ca\/renda-2025-exempcions-i-beneficis-fiscals-per-a-autonoms-majors-de-65-anys\/","name":"Beneficis fiscals per a aut\u00f2noms majors de 65 anys a la Renda 25'","isPartOf":{"@id":"https:\/\/www.ariasassessors.com\/#website"},"primaryImageOfPage":{"@id":"https:\/\/www.ariasassessors.com\/ca\/renda-2025-exempcions-i-beneficis-fiscals-per-a-autonoms-majors-de-65-anys\/#primaryimage"},"image":{"@id":"https:\/\/www.ariasassessors.com\/ca\/renda-2025-exempcions-i-beneficis-fiscals-per-a-autonoms-majors-de-65-anys\/#primaryimage"},"thumbnailUrl":"https:\/\/www.ariasassessors.com\/wp-content\/uploads\/2025\/03\/15.png","datePublished":"2025-03-31T06:30:47+00:00","dateModified":"2025-03-31T06:34:44+00:00","description":"Descobreix les exempcions i deduccions que poden aplicar els aut\u00f2noms majors de 65 anys a la declaraci\u00f3 de la Renda 2025.","breadcrumb":{"@id":"https:\/\/www.ariasassessors.com\/ca\/renda-2025-exempcions-i-beneficis-fiscals-per-a-autonoms-majors-de-65-anys\/#breadcrumb"},"inLanguage":"ca","potentialAction":[{"@type":"ReadAction","target":["https:\/\/www.ariasassessors.com\/ca\/renda-2025-exempcions-i-beneficis-fiscals-per-a-autonoms-majors-de-65-anys\/"]}]},{"@type":"ImageObject","inLanguage":"ca","@id":"https:\/\/www.ariasassessors.com\/ca\/renda-2025-exempcions-i-beneficis-fiscals-per-a-autonoms-majors-de-65-anys\/#primaryimage","url":"https:\/\/www.ariasassessors.com\/wp-content\/uploads\/2025\/03\/15.png","contentUrl":"https:\/\/www.ariasassessors.com\/wp-content\/uploads\/2025\/03\/15.png","width":1000,"height":665},{"@type":"BreadcrumbList","@id":"https:\/\/www.ariasassessors.com\/ca\/renda-2025-exempcions-i-beneficis-fiscals-per-a-autonoms-majors-de-65-anys\/#breadcrumb","itemListElement":[{"@type":"ListItem","position":1,"name":"Portada","item":"https:\/\/www.ariasassessors.com\/ca\/"},{"@type":"ListItem","position":2,"name":"Renda 2025: Exempcions i beneficis fiscals per a aut\u00f2noms majors de 65 anys"}]},{"@type":"WebSite","@id":"https:\/\/www.ariasassessors.com\/#website","url":"https:\/\/www.ariasassessors.com\/","name":"Arias Assessors","description":"Asesor\u00eda para aut\u00f3nomos, profesionales y PYMES","publisher":{"@id":"https:\/\/www.ariasassessors.com\/#organization"},"potentialAction":[{"@type":"SearchAction","target":{"@type":"EntryPoint","urlTemplate":"https:\/\/www.ariasassessors.com\/?s={search_term_string}"},"query-input":{"@type":"PropertyValueSpecification","valueRequired":true,"valueName":"search_term_string"}}],"inLanguage":"ca"},{"@type":"Organization","@id":"https:\/\/www.ariasassessors.com\/#organization","name":"Arias Assessors","url":"https:\/\/www.ariasassessors.com\/","logo":{"@type":"ImageObject","inLanguage":"ca","@id":"https:\/\/www.ariasassessors.com\/#\/schema\/logo\/image\/","url":"https:\/\/www.ariasassessors.com\/wp-content\/uploads\/2019\/01\/arias-logo.png","contentUrl":"https:\/\/www.ariasassessors.com\/wp-content\/uploads\/2019\/01\/arias-logo.png","width":349,"height":254,"caption":"Arias Assessors"},"image":{"@id":"https:\/\/www.ariasassessors.com\/#\/schema\/logo\/image\/"},"sameAs":["https:\/\/www.facebook.com\/ariasassessors\/","https:\/\/x.com\/ariasassessors","https:\/\/www.linkedin.com\/company\/r&amp;amp;r-growing-knowledge\/"]},{"@type":"Person","@id":"https:\/\/www.ariasassessors.com\/#\/schema\/person\/63c6ad1775f0a9413c37932562673cef","name":"btorras","image":{"@type":"ImageObject","inLanguage":"ca","@id":"https:\/\/www.ariasassessors.com\/#\/schema\/person\/image\/","url":"https:\/\/secure.gravatar.com\/avatar\/0531db351fc361fdbfd204c58fa2d6a3?s=96&d=mm&r=g","contentUrl":"https:\/\/secure.gravatar.com\/avatar\/0531db351fc361fdbfd204c58fa2d6a3?s=96&d=mm&r=g","caption":"btorras"}}]}},"_links":{"self":[{"href":"https:\/\/www.ariasassessors.com\/ca\/wp-json\/wp\/v2\/posts\/4179","targetHints":{"allow":["GET"]}}],"collection":[{"href":"https:\/\/www.ariasassessors.com\/ca\/wp-json\/wp\/v2\/posts"}],"about":[{"href":"https:\/\/www.ariasassessors.com\/ca\/wp-json\/wp\/v2\/types\/post"}],"author":[{"embeddable":true,"href":"https:\/\/www.ariasassessors.com\/ca\/wp-json\/wp\/v2\/users\/2"}],"replies":[{"embeddable":true,"href":"https:\/\/www.ariasassessors.com\/ca\/wp-json\/wp\/v2\/comments?post=4179"}],"version-history":[{"count":2,"href":"https:\/\/www.ariasassessors.com\/ca\/wp-json\/wp\/v2\/posts\/4179\/revisions"}],"predecessor-version":[{"id":4181,"href":"https:\/\/www.ariasassessors.com\/ca\/wp-json\/wp\/v2\/posts\/4179\/revisions\/4181"}],"wp:featuredmedia":[{"embeddable":true,"href":"https:\/\/www.ariasassessors.com\/ca\/wp-json\/wp\/v2\/media\/4186"}],"wp:attachment":[{"href":"https:\/\/www.ariasassessors.com\/ca\/wp-json\/wp\/v2\/media?parent=4179"}],"wp:term":[{"taxonomy":"category","embeddable":true,"href":"https:\/\/www.ariasassessors.com\/ca\/wp-json\/wp\/v2\/categories?post=4179"},{"taxonomy":"post_tag","embeddable":true,"href":"https:\/\/www.ariasassessors.com\/ca\/wp-json\/wp\/v2\/tags?post=4179"}],"curies":[{"name":"wp","href":"https:\/\/api.w.org\/{rel}","templated":true}]}}