{"id":4253,"date":"2025-04-14T09:55:47","date_gmt":"2025-04-14T07:55:47","guid":{"rendered":"https:\/\/www.ariasassessors.com\/?p=4253"},"modified":"2025-04-14T10:03:09","modified_gmt":"2025-04-14T08:03:09","slug":"per-que-estan-tancant-els-basars-xinesos-a-espanya","status":"publish","type":"post","link":"https:\/\/www.ariasassessors.com\/ca\/per-que-estan-tancant-els-basars-xinesos-a-espanya\/","title":{"rendered":"Per qu\u00e8 estan tancant els basars xinesos a Espanya?"},"content":{"rendered":"<p class=\"\" data-start=\"323\" data-end=\"692\">En les darreres setmanes, la clausura de nombrosos basars xinesos a diverses ciutats espanyoles ha cridat l\u2019atenci\u00f3 tant dels mitjans com de la ciutadania. All\u00f2 que semblava un fenomen puntual, \u00e9s en realitat un s\u00edmptoma d\u2019un problema molt m\u00e9s profund. La pressi\u00f3 fiscal, l\u2019augment de costos i els canvis en els h\u00e0bits de consum estan afectant greument el petit comer\u00e7.<\/p>\n<p class=\"\" data-start=\"694\" data-end=\"974\">Ciutats com Mallorca, Madrid o M\u00e0laga han vist com els basars abaixaven la persiana. Durant anys, aquests establiments han ofert productes a bon preu i amb gran varietat. Ara, per\u00f2, aquest model de negoci es veu amena\u00e7at per factors que van m\u00e9s enll\u00e0 del rumor o la desinformaci\u00f3.<\/p>\n<p class=\"\" data-start=\"976\" data-end=\"1170\">Aquest article analitza qu\u00e8 est\u00e0 passant realment i com aix\u00f2 afecta tot l\u2019ecosistema empresarial. Tamb\u00e9 expliquem com una assessoria fiscal i comptable pot ser clau per resistir i reinventar-se.<\/p>\n<div id=\"ez-toc-container\" class=\"ez-toc-v2_0_72 counter-hierarchy ez-toc-counter ez-toc-grey ez-toc-container-direction\">\n<div class=\"ez-toc-title-container\">\n<p class=\"ez-toc-title\" style=\"cursor:inherit\">\u00cdndice de Contenidos<\/p>\n<span class=\"ez-toc-title-toggle\"><a href=\"#\" class=\"ez-toc-pull-right ez-toc-btn ez-toc-btn-xs ez-toc-btn-default ez-toc-toggle\" aria-label=\"Toggle Table of Content\"><span class=\"ez-toc-js-icon-con\"><span class=\"\"><span class=\"eztoc-hide\" style=\"display:none;\">Toggle<\/span><span class=\"ez-toc-icon-toggle-span\"><svg style=\"fill: #428bca;color:#428bca\" xmlns=\"http:\/\/www.w3.org\/2000\/svg\" class=\"list-377408\" width=\"20px\" height=\"20px\" viewBox=\"0 0 24 24\" fill=\"none\"><path d=\"M6 6H4v2h2V6zm14 0H8v2h12V6zM4 11h2v2H4v-2zm16 0H8v2h12v-2zM4 16h2v2H4v-2zm16 0H8v2h12v-2z\" fill=\"currentColor\"><\/path><\/svg><svg style=\"fill: #428bca;color:#428bca\" class=\"arrow-unsorted-368013\" xmlns=\"http:\/\/www.w3.org\/2000\/svg\" width=\"10px\" height=\"10px\" viewBox=\"0 0 24 24\" version=\"1.2\" baseProfile=\"tiny\"><path d=\"M18.2 9.3l-6.2-6.3-6.2 6.3c-.2.2-.3.4-.3.7s.1.5.3.7c.2.2.4.3.7.3h11c.3 0 .5-.1.7-.3.2-.2.3-.5.3-.7s-.1-.5-.3-.7zM5.8 14.7l6.2 6.3 6.2-6.3c.2-.2.3-.5.3-.7s-.1-.5-.3-.7c-.2-.2-.4-.3-.7-.3h-11c-.3 0-.5.1-.7.3-.2.2-.3.5-.3.7s.1.5.3.7z\"\/><\/svg><\/span><\/span><\/span><\/a><\/span><\/div>\n<nav><ul class='ez-toc-list ez-toc-list-level-1 eztoc-toggle-hide-by-default' ><li class='ez-toc-page-1 ez-toc-heading-level-2'><a class=\"ez-toc-link ez-toc-heading-1\" href=\"https:\/\/www.ariasassessors.com\/ca\/per-que-estan-tancant-els-basars-xinesos-a-espanya\/#De_la_inflacio_al_comerc_electronic_causes_reals_del_tancament\" title=\"De la inflaci\u00f3 al comer\u00e7 electr\u00f2nic: causes reals del tancament\">De la inflaci\u00f3 al comer\u00e7 electr\u00f2nic: causes reals del tancament<\/a><\/li><li class='ez-toc-page-1 ez-toc-heading-level-2'><a class=\"ez-toc-link ez-toc-heading-2\" href=\"https:\/\/www.ariasassessors.com\/ca\/per-que-estan-tancant-els-basars-xinesos-a-espanya\/#El_petit_comerc_tambe_esta_en_risc\" title=\"El petit comer\u00e7 tamb\u00e9 est\u00e0 en risc\">El petit comer\u00e7 tamb\u00e9 est\u00e0 en risc<\/a><\/li><li class='ez-toc-page-1 ez-toc-heading-level-2'><a class=\"ez-toc-link ez-toc-heading-3\" href=\"https:\/\/www.ariasassessors.com\/ca\/per-que-estan-tancant-els-basars-xinesos-a-espanya\/#La_fiscalitat_un_factor_clau_que_no_es_pot_ignorar\" title=\"La fiscalitat: un factor clau que no es pot ignorar\">La fiscalitat: un factor clau que no es pot ignorar<\/a><\/li><li class='ez-toc-page-1 ez-toc-heading-level-2'><a class=\"ez-toc-link ez-toc-heading-4\" href=\"https:\/\/www.ariasassessors.com\/ca\/per-que-estan-tancant-els-basars-xinesos-a-espanya\/#Estem_davant_la_fi_dun_model_comercial\" title=\"Estem davant la fi d\u2019un model comercial?\">Estem davant la fi d\u2019un model comercial?<\/a><\/li><li class='ez-toc-page-1 ez-toc-heading-level-2'><a class=\"ez-toc-link ez-toc-heading-5\" href=\"https:\/\/www.ariasassessors.com\/ca\/per-que-estan-tancant-els-basars-xinesos-a-espanya\/#Que_pot_fer_una_assessoria_per_evitar_el_tancament\" title=\"Qu\u00e8 pot fer una assessoria per evitar el tancament?\">Qu\u00e8 pot fer una assessoria per evitar el tancament?<\/a><\/li><li class='ez-toc-page-1 ez-toc-heading-level-2'><a class=\"ez-toc-link ez-toc-heading-6\" href=\"https:\/\/www.ariasassessors.com\/ca\/per-que-estan-tancant-els-basars-xinesos-a-espanya\/#Reinvencio_planificacio_i_digitalitzacio_les_claus_per_resistir\" title=\"Reinvenci\u00f3, planificaci\u00f3 i digitalitzaci\u00f3: les claus per resistir\">Reinvenci\u00f3, planificaci\u00f3 i digitalitzaci\u00f3: les claus per resistir<\/a><\/li><li class='ez-toc-page-1 ez-toc-heading-level-2'><a class=\"ez-toc-link ez-toc-heading-7\" href=\"https:\/\/www.ariasassessors.com\/ca\/per-que-estan-tancant-els-basars-xinesos-a-espanya\/#Conclusions_els_reptes_son_reals_pero_superables\" title=\"Conclusions: els reptes s\u00f3n reals, per\u00f2 superables\">Conclusions: els reptes s\u00f3n reals, per\u00f2 superables<\/a><\/li><\/ul><\/nav><\/div>\n<h2 data-start=\"1172\" data-end=\"1237\"><span class=\"ez-toc-section\" id=\"De_la_inflacio_al_comerc_electronic_causes_reals_del_tancament\"><\/span>De la inflaci\u00f3 al comer\u00e7 electr\u00f2nic: causes reals del tancament<span class=\"ez-toc-section-end\"><\/span><\/h2>\n<p class=\"\" data-start=\"1239\" data-end=\"1331\">Tot i que han circulat diverses teories poc fonamentades, les causes s\u00f3n clares i tangibles.<\/p>\n<p class=\"\" data-start=\"1333\" data-end=\"1388\"><strong data-start=\"1333\" data-end=\"1388\">1. L&#8217;impacte de la inflaci\u00f3 i l\u2019augment dels costos<\/strong><\/p>\n<p class=\"\" data-start=\"1390\" data-end=\"1669\">L\u2019increment generalitzat dels preus ha disparat despeses fixes com lloguers, subministraments i assegurances. Molts petits negocis no tenen prou marge per traslladar aquests augments al consumidor. A m\u00e9s, molts contractes de lloguer s\u2019han revisat a l\u2019al\u00e7a despr\u00e9s de la pand\u00e8mia.<\/p>\n<p class=\"\" data-start=\"1671\" data-end=\"1717\"><strong data-start=\"1671\" data-end=\"1717\">2. Pressi\u00f3 fiscal i c\u00e0rrega administrativa<\/strong><\/p>\n<p class=\"\" data-start=\"1719\" data-end=\"2019\">A<strong><a href=\"https:\/\/www.ariasassessors.com\/ca\/contacte\/\"> Arias Assessors<\/a><\/strong> ho comprovem cada setmana: molts aut\u00f2noms no estan preparats per fer front a la complexitat fiscal actual. Els canvis en normatives, els nous requisits electr\u00f2nics i la vigil\u00e0ncia m\u00e9s gran de l\u2019<a href=\"https:\/\/sede.agenciatributaria.gob.es\/\">Ag\u00e8ncia Tribut\u00e0ria<\/a> poden suposar sancions greus si no es compta amb una gesti\u00f3 adequada.<\/p>\n<p class=\"\" data-start=\"2021\" data-end=\"2063\"><strong data-start=\"2021\" data-end=\"2063\">3. Transformaci\u00f3 dels h\u00e0bits de compra<\/strong><\/p>\n<p class=\"\" data-start=\"2065\" data-end=\"2292\">La digitalitzaci\u00f3 ha provocat una revoluci\u00f3 en el comportament del consumidor. Comprar per internet \u00e9s m\u00e9s f\u00e0cil i r\u00e0pid, i molts basars no han sabut adaptar-se. L\u2019abs\u00e8ncia d\u2019estrat\u00e8gia digital ha accelerat la p\u00e8rdua de vendes.<\/p>\n<h2 data-start=\"2294\" data-end=\"2330\"><span class=\"ez-toc-section\" id=\"El_petit_comerc_tambe_esta_en_risc\"><\/span>El petit comer\u00e7 tamb\u00e9 est\u00e0 en risc<span class=\"ez-toc-section-end\"><\/span><\/h2>\n<p class=\"\" data-start=\"2332\" data-end=\"2597\">El tancament dels basars xinesos no \u00e9s un cas a\u00efllat. Altres negocis locals \u2014com perruqueries, papereries o botigues de barri\u2014 tamb\u00e9 viuen dificultats similars. Les causes s\u00f3n comunes: inflaci\u00f3, compet\u00e8ncia digital, manca de planificaci\u00f3 i un entorn fiscal exigent.<\/p>\n<p class=\"\" data-start=\"2599\" data-end=\"2860\">A <strong>Arias Assessors<\/strong>, ens trobem sovint amb clients que arriben quan el negoci ja est\u00e0 molt tocat. Per\u00f2 en molts casos, una bona planificaci\u00f3 hauria evitat la situaci\u00f3. Per aix\u00f2 defensem que l\u2019assessorament ha d\u2019arribar <strong data-start=\"2816\" data-end=\"2825\">abans<\/strong>, no quan ja hi ha problemes greus.<\/p>\n<p class=\"\" data-start=\"2862\" data-end=\"3048\">En sectors sensibles com el comer\u00e7 o l\u2019hostaleria, anticipar-se \u00e9s essencial. Cal saber quan reformular el negoci, com optimitzar impostos o quines ajudes p\u00fabliques es poden sol\u00b7licitar.<\/p>\n<h2 data-start=\"3050\" data-end=\"3103\"><span class=\"ez-toc-section\" id=\"La_fiscalitat_un_factor_clau_que_no_es_pot_ignorar\"><\/span>La fiscalitat: un factor clau que no es pot ignorar<span class=\"ez-toc-section-end\"><\/span><\/h2>\n<p class=\"\" data-start=\"3105\" data-end=\"3316\">La c\u00e0rrega fiscal i burocr\u00e0tica pot ser un obstacle important per al petit empresari. I encara ho \u00e9s m\u00e9s quan no es coneix b\u00e9 el sistema tributari espanyol. Per aix\u00f2 \u00e9s fonamental tenir un assessor de confian\u00e7a.<\/p>\n<p class=\"\" data-start=\"3318\" data-end=\"3571\">El sistema de m\u00f2duls, les declaracions trimestrals, la nova facturaci\u00f3 electr\u00f2nica i l\u2019obligaci\u00f3 de dur una comptabilitat actualitzada poden suposar un repte dif\u00edcil per a molts. Si no es gestiona b\u00e9, aix\u00f2 pot derivar en multes, rec\u00e0rrecs o inspeccions.<\/p>\n<p class=\"\" data-start=\"3573\" data-end=\"3801\">Un error habitual: molts comerciants ignoren terminis importants, com el del IVA intracomunitari, i aix\u00f2 els genera problemes amb l\u2019Administraci\u00f3. Altres, simplement, paguen m\u00e9s del que tocaria per no tenir un bon assessorament.<\/p>\n<h2 data-start=\"3803\" data-end=\"3845\"><span class=\"ez-toc-section\" id=\"Estem_davant_la_fi_dun_model_comercial\"><\/span>Estem davant la fi d\u2019un model comercial?<span class=\"ez-toc-section-end\"><\/span><\/h2>\n<p class=\"\" data-start=\"3847\" data-end=\"4089\">El tancament de basars pot indicar el final d\u2019una etapa. Un model basat en l\u2019oferta f\u00edsica de productes a baix cost pot haver perdut for\u00e7a davant les alternatives digitals. Per\u00f2 no es tracta necess\u00e0riament d\u2019un col\u00b7lapse, sin\u00f3 d\u2019una evoluci\u00f3.<\/p>\n<p class=\"\" data-start=\"4091\" data-end=\"4326\">Adaptar-se \u00e9s possible. De fet, molts empresaris xinesos ja estan canviant de sector. Alguns inverteixen en restauraci\u00f3, d\u2019altres exploren la venda en l\u00ednia o nous models h\u00edbrids. El futur del comer\u00e7 passa per la capacitat d\u2019adaptaci\u00f3.<\/p>\n<p class=\"\" data-start=\"4328\" data-end=\"4459\">Aquest canvi no afecta nom\u00e9s els basars, sin\u00f3 a qualsevol comer\u00e7 que no planifiqui amb visi\u00f3 estrat\u00e8gica, fiscalment i digitalment.<\/p>\n<h2 data-start=\"4461\" data-end=\"4514\"><span class=\"ez-toc-section\" id=\"Que_pot_fer_una_assessoria_per_evitar_el_tancament\"><\/span>Qu\u00e8 pot fer una assessoria per evitar el tancament?<span class=\"ez-toc-section-end\"><\/span><\/h2>\n<p class=\"\" data-start=\"4516\" data-end=\"4748\">Aqu\u00ed \u00e9s on un servei com el d\u2019Arias Assessors fa la difer\u00e8ncia. Quan un aut\u00f2nom o empresa disposa d\u2019un equip que no nom\u00e9s tramita papers, sin\u00f3 que orienta, anticipa i ofereix solucions, les possibilitats de sostenibilitat augmenten.<\/p>\n<p class=\"\" data-start=\"4750\" data-end=\"4788\">Els nostres serveis m\u00e9s destacats s\u00f3n:<\/p>\n<ul data-start=\"4790\" data-end=\"5025\">\n<li data-start=\"4790\" data-end=\"4824\">Estudis de viabilitat del negoci<\/li>\n<li data-start=\"4790\" data-end=\"4824\">Planificaci\u00f3 fiscal personalitzada<\/li>\n<li data-start=\"4790\" data-end=\"4824\">Acompanyament en processos de digitalitzaci\u00f3<\/li>\n<li data-start=\"4790\" data-end=\"4824\">Gesti\u00f3 de subvencions i ajuts<\/li>\n<li data-start=\"4790\" data-end=\"4824\">Representaci\u00f3 davant Hisenda i Seguretat Social<\/li>\n<li data-start=\"4790\" data-end=\"4824\">An\u00e0lisi de costos i rendibilitat<\/li>\n<\/ul>\n<p class=\"\" data-start=\"5027\" data-end=\"5107\">Amb tot aix\u00f2, els nostres clients poden prendre decisions amb dades i seguretat.<\/p>\n<h2 data-start=\"5109\" data-end=\"5176\"><span class=\"ez-toc-section\" id=\"Reinvencio_planificacio_i_digitalitzacio_les_claus_per_resistir\"><\/span>Reinvenci\u00f3, planificaci\u00f3 i digitalitzaci\u00f3: les claus per resistir<span class=\"ez-toc-section-end\"><\/span><\/h2>\n<p class=\"\" data-start=\"5178\" data-end=\"5355\">Obrir cada dia ja no n\u2019hi ha prou. Avui, mantenir un negoci viu exigeix visi\u00f3, capacitat d\u2019an\u00e0lisi i adaptaci\u00f3 constant. Les tend\u00e8ncies canvien r\u00e0pidament, i cal estar preparat.<\/p>\n<p class=\"\" data-start=\"5357\" data-end=\"5575\">Els negocis que integren una bona gesti\u00f3 fiscal, estrat\u00e8gia digital i assessorament extern tenen m\u00e9s possibilitats d\u2019\u00e8xit. Aix\u00f2 no nom\u00e9s val pels basars: qualsevol aut\u00f2nom o petita empresa hauria de tenir-ho en compte.<\/p>\n<p class=\"\" data-start=\"5577\" data-end=\"5728\">Des de fa anys, a Arias Assessors donem suport a negocis de tota mena. I sabem que invertir temps en planificar \u00e9s guanyar estabilitat a llarg termini.<\/p>\n<h2 data-start=\"5730\" data-end=\"5782\"><span class=\"ez-toc-section\" id=\"Conclusions_els_reptes_son_reals_pero_superables\"><\/span>Conclusions: els reptes s\u00f3n reals, per\u00f2 superables<span class=\"ez-toc-section-end\"><\/span><\/h2>\n<p class=\"\" data-start=\"5784\" data-end=\"5985\">El tancament dels basars xinesos \u00e9s un reflex d\u2019un mercat en transformaci\u00f3. La pressi\u00f3 fiscal, l\u2019encariment de costos i l\u2019evoluci\u00f3 del consum fan que sigui m\u00e9s complicat mantenir un comer\u00e7 tradicional.<\/p>\n<p class=\"\" data-start=\"5987\" data-end=\"6154\">Per\u00f2 amb informaci\u00f3, suport t\u00e8cnic i una actitud proactiva, \u00e9s possible continuar. Els qui s\u2019adapten i planifiquen amb criteri poden no nom\u00e9s sobreviure, sin\u00f3 cr\u00e9ixer.<\/p>\n<p class=\"\" data-start=\"6156\" data-end=\"6377\">A <strong><a href=\"https:\/\/www.ariasassessors.com\/\">Arias Assessors<\/a><\/strong> estem al costat d\u2019aut\u00f2noms i empresaris perqu\u00e8 entenem que el teu negoci no nom\u00e9s \u00e9s feina: \u00e9s projecte, esfor\u00e7 i futur. Per aix\u00f2 treballem per donar-te les eines que necessites per resistir i prosperar.<\/p>\n","protected":false},"excerpt":{"rendered":"<p>En les darreres setmanes, la clausura de nombrosos basars xinesos a diverses ciutats espanyoles ha cridat l\u2019atenci\u00f3 tant dels mitjans com de la ciutadania. All\u00f2 que semblava un fenomen puntual, \u00e9s en realitat un s\u00edmptoma d\u2019un problema molt m\u00e9s profund. La pressi\u00f3 fiscal, l\u2019augment de&#8230;<\/p>\n","protected":false},"author":2,"featured_media":4251,"comment_status":"open","ping_status":"open","sticky":false,"template":"","format":"standard","meta":{"footnotes":""},"categories":[4],"tags":[],"class_list":["post-4253","post","type-post","status-publish","format-standard","has-post-thumbnail","hentry","category-noticies"],"yoast_head":"<!-- This site is optimized with the Yoast SEO plugin v24.3 - https:\/\/yoast.com\/wordpress\/plugins\/seo\/ -->\n<title>Per qu\u00e8 estan tancant els basars xinesos a Espanya? | Arias Assessors<\/title>\n<meta name=\"description\" content=\"Descobreix per qu\u00e8 estan tancant els basars xinesos a Espanya: inflaci\u00f3, fiscalitat i digitalitzaci\u00f3 posen en risc el petit comer\u00e7.\" \/>\n<meta name=\"robots\" content=\"index, follow, max-snippet:-1, max-image-preview:large, max-video-preview:-1\" \/>\n<link rel=\"canonical\" href=\"https:\/\/www.ariasassessors.com\/ca\/per-que-estan-tancant-els-basars-xinesos-a-espanya\/\" \/>\n<meta property=\"og:locale\" content=\"ca_ES\" \/>\n<meta property=\"og:type\" content=\"article\" \/>\n<meta property=\"og:title\" content=\"Per qu\u00e8 estan tancant els basars xinesos a Espanya? | Arias Assessors\" \/>\n<meta property=\"og:description\" content=\"Descobreix per qu\u00e8 estan tancant els basars xinesos a Espanya: inflaci\u00f3, fiscalitat i digitalitzaci\u00f3 posen en risc el petit comer\u00e7.\" \/>\n<meta property=\"og:url\" content=\"https:\/\/www.ariasassessors.com\/ca\/per-que-estan-tancant-els-basars-xinesos-a-espanya\/\" \/>\n<meta property=\"og:site_name\" content=\"Arias Assessors\" \/>\n<meta property=\"article:publisher\" content=\"https:\/\/www.facebook.com\/ariasassessors\/\" \/>\n<meta property=\"article:published_time\" content=\"2025-04-14T07:55:47+00:00\" \/>\n<meta property=\"article:modified_time\" content=\"2025-04-14T08:03:09+00:00\" \/>\n<meta property=\"og:image\" content=\"https:\/\/www.ariasassessors.com\/wp-content\/uploads\/2025\/04\/Arias_Blog_IMAGEN_DESTACADA-24.png\" \/>\n\t<meta property=\"og:image:width\" content=\"1920\" \/>\n\t<meta property=\"og:image:height\" content=\"1202\" \/>\n\t<meta property=\"og:image:type\" content=\"image\/png\" \/>\n<meta name=\"author\" content=\"btorras\" \/>\n<meta name=\"twitter:card\" content=\"summary_large_image\" \/>\n<meta name=\"twitter:creator\" content=\"@ariasassessors\" \/>\n<meta name=\"twitter:site\" content=\"@ariasassessors\" \/>\n<meta name=\"twitter:label1\" content=\"Escrit per\" \/>\n\t<meta name=\"twitter:data1\" content=\"btorras\" \/>\n\t<meta name=\"twitter:label2\" content=\"Temps estimat de lectura\" \/>\n\t<meta name=\"twitter:data2\" content=\"5 minuts\" \/>\n<script type=\"application\/ld+json\" class=\"yoast-schema-graph\">{\"@context\":\"https:\/\/schema.org\",\"@graph\":[{\"@type\":\"Article\",\"@id\":\"https:\/\/www.ariasassessors.com\/ca\/per-que-estan-tancant-els-basars-xinesos-a-espanya\/#article\",\"isPartOf\":{\"@id\":\"https:\/\/www.ariasassessors.com\/ca\/per-que-estan-tancant-els-basars-xinesos-a-espanya\/\"},\"author\":{\"name\":\"btorras\",\"@id\":\"https:\/\/www.ariasassessors.com\/#\/schema\/person\/63c6ad1775f0a9413c37932562673cef\"},\"headline\":\"Per qu\u00e8 estan tancant els basars xinesos a Espanya?\",\"datePublished\":\"2025-04-14T07:55:47+00:00\",\"dateModified\":\"2025-04-14T08:03:09+00:00\",\"mainEntityOfPage\":{\"@id\":\"https:\/\/www.ariasassessors.com\/ca\/per-que-estan-tancant-els-basars-xinesos-a-espanya\/\"},\"wordCount\":1040,\"commentCount\":0,\"publisher\":{\"@id\":\"https:\/\/www.ariasassessors.com\/#organization\"},\"image\":{\"@id\":\"https:\/\/www.ariasassessors.com\/ca\/per-que-estan-tancant-els-basars-xinesos-a-espanya\/#primaryimage\"},\"thumbnailUrl\":\"https:\/\/www.ariasassessors.com\/wp-content\/uploads\/2025\/04\/Arias_Blog_IMAGEN_DESTACADA-24.png\",\"articleSection\":[\"noticies\"],\"inLanguage\":\"ca\",\"potentialAction\":[{\"@type\":\"CommentAction\",\"name\":\"Comment\",\"target\":[\"https:\/\/www.ariasassessors.com\/ca\/per-que-estan-tancant-els-basars-xinesos-a-espanya\/#respond\"]}]},{\"@type\":\"WebPage\",\"@id\":\"https:\/\/www.ariasassessors.com\/ca\/per-que-estan-tancant-els-basars-xinesos-a-espanya\/\",\"url\":\"https:\/\/www.ariasassessors.com\/ca\/per-que-estan-tancant-els-basars-xinesos-a-espanya\/\",\"name\":\"Per qu\u00e8 estan tancant els basars xinesos a Espanya? | Arias Assessors\",\"isPartOf\":{\"@id\":\"https:\/\/www.ariasassessors.com\/#website\"},\"primaryImageOfPage\":{\"@id\":\"https:\/\/www.ariasassessors.com\/ca\/per-que-estan-tancant-els-basars-xinesos-a-espanya\/#primaryimage\"},\"image\":{\"@id\":\"https:\/\/www.ariasassessors.com\/ca\/per-que-estan-tancant-els-basars-xinesos-a-espanya\/#primaryimage\"},\"thumbnailUrl\":\"https:\/\/www.ariasassessors.com\/wp-content\/uploads\/2025\/04\/Arias_Blog_IMAGEN_DESTACADA-24.png\",\"datePublished\":\"2025-04-14T07:55:47+00:00\",\"dateModified\":\"2025-04-14T08:03:09+00:00\",\"description\":\"Descobreix per qu\u00e8 estan tancant els basars xinesos a Espanya: inflaci\u00f3, fiscalitat i digitalitzaci\u00f3 posen en risc el petit comer\u00e7.\",\"breadcrumb\":{\"@id\":\"https:\/\/www.ariasassessors.com\/ca\/per-que-estan-tancant-els-basars-xinesos-a-espanya\/#breadcrumb\"},\"inLanguage\":\"ca\",\"potentialAction\":[{\"@type\":\"ReadAction\",\"target\":[\"https:\/\/www.ariasassessors.com\/ca\/per-que-estan-tancant-els-basars-xinesos-a-espanya\/\"]}]},{\"@type\":\"ImageObject\",\"inLanguage\":\"ca\",\"@id\":\"https:\/\/www.ariasassessors.com\/ca\/per-que-estan-tancant-els-basars-xinesos-a-espanya\/#primaryimage\",\"url\":\"https:\/\/www.ariasassessors.com\/wp-content\/uploads\/2025\/04\/Arias_Blog_IMAGEN_DESTACADA-24.png\",\"contentUrl\":\"https:\/\/www.ariasassessors.com\/wp-content\/uploads\/2025\/04\/Arias_Blog_IMAGEN_DESTACADA-24.png\",\"width\":1920,\"height\":1202},{\"@type\":\"BreadcrumbList\",\"@id\":\"https:\/\/www.ariasassessors.com\/ca\/per-que-estan-tancant-els-basars-xinesos-a-espanya\/#breadcrumb\",\"itemListElement\":[{\"@type\":\"ListItem\",\"position\":1,\"name\":\"Portada\",\"item\":\"https:\/\/www.ariasassessors.com\/ca\/\"},{\"@type\":\"ListItem\",\"position\":2,\"name\":\"Per qu\u00e8 estan tancant els basars xinesos a Espanya?\"}]},{\"@type\":\"WebSite\",\"@id\":\"https:\/\/www.ariasassessors.com\/#website\",\"url\":\"https:\/\/www.ariasassessors.com\/\",\"name\":\"Arias Assessors\",\"description\":\"Asesor\u00eda para aut\u00f3nomos, profesionales y PYMES\",\"publisher\":{\"@id\":\"https:\/\/www.ariasassessors.com\/#organization\"},\"potentialAction\":[{\"@type\":\"SearchAction\",\"target\":{\"@type\":\"EntryPoint\",\"urlTemplate\":\"https:\/\/www.ariasassessors.com\/?s={search_term_string}\"},\"query-input\":{\"@type\":\"PropertyValueSpecification\",\"valueRequired\":true,\"valueName\":\"search_term_string\"}}],\"inLanguage\":\"ca\"},{\"@type\":\"Organization\",\"@id\":\"https:\/\/www.ariasassessors.com\/#organization\",\"name\":\"Arias Assessors\",\"url\":\"https:\/\/www.ariasassessors.com\/\",\"logo\":{\"@type\":\"ImageObject\",\"inLanguage\":\"ca\",\"@id\":\"https:\/\/www.ariasassessors.com\/#\/schema\/logo\/image\/\",\"url\":\"https:\/\/www.ariasassessors.com\/wp-content\/uploads\/2019\/01\/arias-logo.png\",\"contentUrl\":\"https:\/\/www.ariasassessors.com\/wp-content\/uploads\/2019\/01\/arias-logo.png\",\"width\":349,\"height\":254,\"caption\":\"Arias Assessors\"},\"image\":{\"@id\":\"https:\/\/www.ariasassessors.com\/#\/schema\/logo\/image\/\"},\"sameAs\":[\"https:\/\/www.facebook.com\/ariasassessors\/\",\"https:\/\/x.com\/ariasassessors\",\"https:\/\/www.linkedin.com\/company\/r&amp;amp;r-growing-knowledge\/\"]},{\"@type\":\"Person\",\"@id\":\"https:\/\/www.ariasassessors.com\/#\/schema\/person\/63c6ad1775f0a9413c37932562673cef\",\"name\":\"btorras\",\"image\":{\"@type\":\"ImageObject\",\"inLanguage\":\"ca\",\"@id\":\"https:\/\/www.ariasassessors.com\/#\/schema\/person\/image\/\",\"url\":\"https:\/\/secure.gravatar.com\/avatar\/0531db351fc361fdbfd204c58fa2d6a3?s=96&d=mm&r=g\",\"contentUrl\":\"https:\/\/secure.gravatar.com\/avatar\/0531db351fc361fdbfd204c58fa2d6a3?s=96&d=mm&r=g\",\"caption\":\"btorras\"}}]}<\/script>\n<!-- \/ Yoast SEO plugin. -->","yoast_head_json":{"title":"Per qu\u00e8 estan tancant els basars xinesos a Espanya? | Arias Assessors","description":"Descobreix per qu\u00e8 estan tancant els basars xinesos a Espanya: inflaci\u00f3, fiscalitat i digitalitzaci\u00f3 posen en risc el petit comer\u00e7.","robots":{"index":"index","follow":"follow","max-snippet":"max-snippet:-1","max-image-preview":"max-image-preview:large","max-video-preview":"max-video-preview:-1"},"canonical":"https:\/\/www.ariasassessors.com\/ca\/per-que-estan-tancant-els-basars-xinesos-a-espanya\/","og_locale":"ca_ES","og_type":"article","og_title":"Per qu\u00e8 estan tancant els basars xinesos a Espanya? | Arias Assessors","og_description":"Descobreix per qu\u00e8 estan tancant els basars xinesos a Espanya: inflaci\u00f3, fiscalitat i digitalitzaci\u00f3 posen en risc el petit comer\u00e7.","og_url":"https:\/\/www.ariasassessors.com\/ca\/per-que-estan-tancant-els-basars-xinesos-a-espanya\/","og_site_name":"Arias Assessors","article_publisher":"https:\/\/www.facebook.com\/ariasassessors\/","article_published_time":"2025-04-14T07:55:47+00:00","article_modified_time":"2025-04-14T08:03:09+00:00","og_image":[{"width":1920,"height":1202,"url":"https:\/\/www.ariasassessors.com\/wp-content\/uploads\/2025\/04\/Arias_Blog_IMAGEN_DESTACADA-24.png","type":"image\/png"}],"author":"btorras","twitter_card":"summary_large_image","twitter_creator":"@ariasassessors","twitter_site":"@ariasassessors","twitter_misc":{"Escrit per":"btorras","Temps estimat de lectura":"5 minuts"},"schema":{"@context":"https:\/\/schema.org","@graph":[{"@type":"Article","@id":"https:\/\/www.ariasassessors.com\/ca\/per-que-estan-tancant-els-basars-xinesos-a-espanya\/#article","isPartOf":{"@id":"https:\/\/www.ariasassessors.com\/ca\/per-que-estan-tancant-els-basars-xinesos-a-espanya\/"},"author":{"name":"btorras","@id":"https:\/\/www.ariasassessors.com\/#\/schema\/person\/63c6ad1775f0a9413c37932562673cef"},"headline":"Per qu\u00e8 estan tancant els basars xinesos a Espanya?","datePublished":"2025-04-14T07:55:47+00:00","dateModified":"2025-04-14T08:03:09+00:00","mainEntityOfPage":{"@id":"https:\/\/www.ariasassessors.com\/ca\/per-que-estan-tancant-els-basars-xinesos-a-espanya\/"},"wordCount":1040,"commentCount":0,"publisher":{"@id":"https:\/\/www.ariasassessors.com\/#organization"},"image":{"@id":"https:\/\/www.ariasassessors.com\/ca\/per-que-estan-tancant-els-basars-xinesos-a-espanya\/#primaryimage"},"thumbnailUrl":"https:\/\/www.ariasassessors.com\/wp-content\/uploads\/2025\/04\/Arias_Blog_IMAGEN_DESTACADA-24.png","articleSection":["noticies"],"inLanguage":"ca","potentialAction":[{"@type":"CommentAction","name":"Comment","target":["https:\/\/www.ariasassessors.com\/ca\/per-que-estan-tancant-els-basars-xinesos-a-espanya\/#respond"]}]},{"@type":"WebPage","@id":"https:\/\/www.ariasassessors.com\/ca\/per-que-estan-tancant-els-basars-xinesos-a-espanya\/","url":"https:\/\/www.ariasassessors.com\/ca\/per-que-estan-tancant-els-basars-xinesos-a-espanya\/","name":"Per qu\u00e8 estan tancant els basars xinesos a Espanya? | Arias Assessors","isPartOf":{"@id":"https:\/\/www.ariasassessors.com\/#website"},"primaryImageOfPage":{"@id":"https:\/\/www.ariasassessors.com\/ca\/per-que-estan-tancant-els-basars-xinesos-a-espanya\/#primaryimage"},"image":{"@id":"https:\/\/www.ariasassessors.com\/ca\/per-que-estan-tancant-els-basars-xinesos-a-espanya\/#primaryimage"},"thumbnailUrl":"https:\/\/www.ariasassessors.com\/wp-content\/uploads\/2025\/04\/Arias_Blog_IMAGEN_DESTACADA-24.png","datePublished":"2025-04-14T07:55:47+00:00","dateModified":"2025-04-14T08:03:09+00:00","description":"Descobreix per qu\u00e8 estan tancant els basars xinesos a Espanya: inflaci\u00f3, fiscalitat i digitalitzaci\u00f3 posen en risc el petit comer\u00e7.","breadcrumb":{"@id":"https:\/\/www.ariasassessors.com\/ca\/per-que-estan-tancant-els-basars-xinesos-a-espanya\/#breadcrumb"},"inLanguage":"ca","potentialAction":[{"@type":"ReadAction","target":["https:\/\/www.ariasassessors.com\/ca\/per-que-estan-tancant-els-basars-xinesos-a-espanya\/"]}]},{"@type":"ImageObject","inLanguage":"ca","@id":"https:\/\/www.ariasassessors.com\/ca\/per-que-estan-tancant-els-basars-xinesos-a-espanya\/#primaryimage","url":"https:\/\/www.ariasassessors.com\/wp-content\/uploads\/2025\/04\/Arias_Blog_IMAGEN_DESTACADA-24.png","contentUrl":"https:\/\/www.ariasassessors.com\/wp-content\/uploads\/2025\/04\/Arias_Blog_IMAGEN_DESTACADA-24.png","width":1920,"height":1202},{"@type":"BreadcrumbList","@id":"https:\/\/www.ariasassessors.com\/ca\/per-que-estan-tancant-els-basars-xinesos-a-espanya\/#breadcrumb","itemListElement":[{"@type":"ListItem","position":1,"name":"Portada","item":"https:\/\/www.ariasassessors.com\/ca\/"},{"@type":"ListItem","position":2,"name":"Per qu\u00e8 estan tancant els basars xinesos a Espanya?"}]},{"@type":"WebSite","@id":"https:\/\/www.ariasassessors.com\/#website","url":"https:\/\/www.ariasassessors.com\/","name":"Arias Assessors","description":"Asesor\u00eda para aut\u00f3nomos, profesionales y PYMES","publisher":{"@id":"https:\/\/www.ariasassessors.com\/#organization"},"potentialAction":[{"@type":"SearchAction","target":{"@type":"EntryPoint","urlTemplate":"https:\/\/www.ariasassessors.com\/?s={search_term_string}"},"query-input":{"@type":"PropertyValueSpecification","valueRequired":true,"valueName":"search_term_string"}}],"inLanguage":"ca"},{"@type":"Organization","@id":"https:\/\/www.ariasassessors.com\/#organization","name":"Arias Assessors","url":"https:\/\/www.ariasassessors.com\/","logo":{"@type":"ImageObject","inLanguage":"ca","@id":"https:\/\/www.ariasassessors.com\/#\/schema\/logo\/image\/","url":"https:\/\/www.ariasassessors.com\/wp-content\/uploads\/2019\/01\/arias-logo.png","contentUrl":"https:\/\/www.ariasassessors.com\/wp-content\/uploads\/2019\/01\/arias-logo.png","width":349,"height":254,"caption":"Arias Assessors"},"image":{"@id":"https:\/\/www.ariasassessors.com\/#\/schema\/logo\/image\/"},"sameAs":["https:\/\/www.facebook.com\/ariasassessors\/","https:\/\/x.com\/ariasassessors","https:\/\/www.linkedin.com\/company\/r&amp;amp;r-growing-knowledge\/"]},{"@type":"Person","@id":"https:\/\/www.ariasassessors.com\/#\/schema\/person\/63c6ad1775f0a9413c37932562673cef","name":"btorras","image":{"@type":"ImageObject","inLanguage":"ca","@id":"https:\/\/www.ariasassessors.com\/#\/schema\/person\/image\/","url":"https:\/\/secure.gravatar.com\/avatar\/0531db351fc361fdbfd204c58fa2d6a3?s=96&d=mm&r=g","contentUrl":"https:\/\/secure.gravatar.com\/avatar\/0531db351fc361fdbfd204c58fa2d6a3?s=96&d=mm&r=g","caption":"btorras"}}]}},"_links":{"self":[{"href":"https:\/\/www.ariasassessors.com\/ca\/wp-json\/wp\/v2\/posts\/4253","targetHints":{"allow":["GET"]}}],"collection":[{"href":"https:\/\/www.ariasassessors.com\/ca\/wp-json\/wp\/v2\/posts"}],"about":[{"href":"https:\/\/www.ariasassessors.com\/ca\/wp-json\/wp\/v2\/types\/post"}],"author":[{"embeddable":true,"href":"https:\/\/www.ariasassessors.com\/ca\/wp-json\/wp\/v2\/users\/2"}],"replies":[{"embeddable":true,"href":"https:\/\/www.ariasassessors.com\/ca\/wp-json\/wp\/v2\/comments?post=4253"}],"version-history":[{"count":3,"href":"https:\/\/www.ariasassessors.com\/ca\/wp-json\/wp\/v2\/posts\/4253\/revisions"}],"predecessor-version":[{"id":4257,"href":"https:\/\/www.ariasassessors.com\/ca\/wp-json\/wp\/v2\/posts\/4253\/revisions\/4257"}],"wp:featuredmedia":[{"embeddable":true,"href":"https:\/\/www.ariasassessors.com\/ca\/wp-json\/wp\/v2\/media\/4251"}],"wp:attachment":[{"href":"https:\/\/www.ariasassessors.com\/ca\/wp-json\/wp\/v2\/media?parent=4253"}],"wp:term":[{"taxonomy":"category","embeddable":true,"href":"https:\/\/www.ariasassessors.com\/ca\/wp-json\/wp\/v2\/categories?post=4253"},{"taxonomy":"post_tag","embeddable":true,"href":"https:\/\/www.ariasassessors.com\/ca\/wp-json\/wp\/v2\/tags?post=4253"}],"curies":[{"name":"wp","href":"https:\/\/api.w.org\/{rel}","templated":true}]}}