{"id":4357,"date":"2025-06-30T10:30:40","date_gmt":"2025-06-30T08:30:40","guid":{"rendered":"https:\/\/www.ariasassessors.com\/?p=4357"},"modified":"2025-06-30T10:07:01","modified_gmt":"2025-06-30T08:07:01","slug":"ajuts-per-a-transportistes-autonoms","status":"publish","type":"post","link":"https:\/\/www.ariasassessors.com\/ca\/ajuts-per-a-transportistes-autonoms\/","title":{"rendered":"Ajudes per a transportistes aut\u00f2noms: el pla de xoc que proposa fins a 25.000\u202f\u20ac per cami\u00f3 vell"},"content":{"rendered":"<div id=\"ez-toc-container\" class=\"ez-toc-v2_0_72 counter-hierarchy ez-toc-counter ez-toc-grey ez-toc-container-direction\">\n<div class=\"ez-toc-title-container\">\n<p class=\"ez-toc-title\" style=\"cursor:inherit\">\u00cdndice de Contenidos<\/p>\n<span class=\"ez-toc-title-toggle\"><a href=\"#\" class=\"ez-toc-pull-right ez-toc-btn ez-toc-btn-xs ez-toc-btn-default ez-toc-toggle\" aria-label=\"Toggle Table of Content\"><span class=\"ez-toc-js-icon-con\"><span class=\"\"><span class=\"eztoc-hide\" style=\"display:none;\">Toggle<\/span><span class=\"ez-toc-icon-toggle-span\"><svg style=\"fill: #428bca;color:#428bca\" xmlns=\"http:\/\/www.w3.org\/2000\/svg\" class=\"list-377408\" width=\"20px\" height=\"20px\" viewBox=\"0 0 24 24\" fill=\"none\"><path d=\"M6 6H4v2h2V6zm14 0H8v2h12V6zM4 11h2v2H4v-2zm16 0H8v2h12v-2zM4 16h2v2H4v-2zm16 0H8v2h12v-2z\" fill=\"currentColor\"><\/path><\/svg><svg style=\"fill: #428bca;color:#428bca\" class=\"arrow-unsorted-368013\" xmlns=\"http:\/\/www.w3.org\/2000\/svg\" width=\"10px\" height=\"10px\" viewBox=\"0 0 24 24\" version=\"1.2\" baseProfile=\"tiny\"><path d=\"M18.2 9.3l-6.2-6.3-6.2 6.3c-.2.2-.3.4-.3.7s.1.5.3.7c.2.2.4.3.7.3h11c.3 0 .5-.1.7-.3.2-.2.3-.5.3-.7s-.1-.5-.3-.7zM5.8 14.7l6.2 6.3 6.2-6.3c.2-.2.3-.5.3-.7s-.1-.5-.3-.7c-.2-.2-.4-.3-.7-.3h-11c-.3 0-.5.1-.7.3-.2.2-.3.5-.3.7s.1.5.3.7z\"\/><\/svg><\/span><\/span><\/span><\/a><\/span><\/div>\n<nav><ul class='ez-toc-list ez-toc-list-level-1 eztoc-toggle-hide-by-default' ><li class='ez-toc-page-1 ez-toc-heading-level-2'><a class=\"ez-toc-link ez-toc-heading-1\" href=\"https:\/\/www.ariasassessors.com\/ca\/ajuts-per-a-transportistes-autonoms\/#1_Ajudes_per_a_transportistes_autonoms_que_proposa_el_nou_pla_nacional\" title=\"1. Ajudes per a transportistes aut\u00f2noms: qu\u00e8 proposa el nou pla nacional?\">1. Ajudes per a transportistes aut\u00f2noms: qu\u00e8 proposa el nou pla nacional?<\/a><\/li><li class='ez-toc-page-1 ez-toc-heading-level-2'><a class=\"ez-toc-link ez-toc-heading-2\" href=\"https:\/\/www.ariasassessors.com\/ca\/ajuts-per-a-transportistes-autonoms\/#2_Un_sector_al_limit_caiguda_de_vendes_i_cap_suport_des_del_2024\" title=\"2. Un sector al l\u00edmit: caiguda de vendes i cap suport des del 2024\">2. Un sector al l\u00edmit: caiguda de vendes i cap suport des del 2024<\/a><\/li><li class='ez-toc-page-1 ez-toc-heading-level-2'><a class=\"ez-toc-link ez-toc-heading-3\" href=\"https:\/\/www.ariasassessors.com\/ca\/ajuts-per-a-transportistes-autonoms\/#3_En_que_consisteixen_les_ajudes_Fins_a_25000%E2%80%AFE_per_camio\" title=\"3. En qu\u00e8 consisteixen les ajudes? Fins a 25.000\u202f\u20ac per cami\u00f3\">3. En qu\u00e8 consisteixen les ajudes? Fins a 25.000\u202f\u20ac per cami\u00f3<\/a><\/li><li class='ez-toc-page-1 ez-toc-heading-level-2'><a class=\"ez-toc-link ez-toc-heading-4\" href=\"https:\/\/www.ariasassessors.com\/ca\/ajuts-per-a-transportistes-autonoms\/#4_Flotes_antigues_i_costos_a_lalca_la_realitat_del_transport_autonom\" title=\"4. Flotes antigues i costos a l\u2019al\u00e7a: la realitat del transport aut\u00f2nom\">4. Flotes antigues i costos a l\u2019al\u00e7a: la realitat del transport aut\u00f2nom<\/a><\/li><li class='ez-toc-page-1 ez-toc-heading-level-2'><a class=\"ez-toc-link ez-toc-heading-5\" href=\"https:\/\/www.ariasassessors.com\/ca\/ajuts-per-a-transportistes-autonoms\/#5_Opcions_reals_diesel_hibrids_gas_natural_o_biocombustibles\" title=\"5. Opcions reals: di\u00e8sel, h\u00edbrids, gas natural o biocombustibles\">5. Opcions reals: di\u00e8sel, h\u00edbrids, gas natural o biocombustibles<\/a><\/li><li class='ez-toc-page-1 ez-toc-heading-level-2'><a class=\"ez-toc-link ez-toc-heading-6\" href=\"https:\/\/www.ariasassessors.com\/ca\/ajuts-per-a-transportistes-autonoms\/#6_Burocracia_incertesa_tecnologica_i_por_dequivocar-se\" title=\"6. Burocr\u00e0cia, incertesa tecnol\u00f2gica i por d\u2019equivocar-se\">6. Burocr\u00e0cia, incertesa tecnol\u00f2gica i por d\u2019equivocar-se<\/a><\/li><li class='ez-toc-page-1 ez-toc-heading-level-2'><a class=\"ez-toc-link ez-toc-heading-7\" href=\"https:\/\/www.ariasassessors.com\/ca\/ajuts-per-a-transportistes-autonoms\/#7_Per_que_el_pla_Moves_va_fracassar\" title=\"7. Per qu\u00e8 el pla Moves va fracassar?\">7. Per qu\u00e8 el pla Moves va fracassar?<\/a><\/li><li class='ez-toc-page-1 ez-toc-heading-level-2'><a class=\"ez-toc-link ez-toc-heading-8\" href=\"https:\/\/www.ariasassessors.com\/ca\/ajuts-per-a-transportistes-autonoms\/#8_Arias_Assessors_et_prepara_per_aprofitar_aquestes_ajudes\" title=\"8. Arias Assessors et prepara per aprofitar aquestes ajudes\">8. Arias Assessors et prepara per aprofitar aquestes ajudes<\/a><\/li><li class='ez-toc-page-1 ez-toc-heading-level-2'><a class=\"ez-toc-link ez-toc-heading-9\" href=\"https:\/\/www.ariasassessors.com\/ca\/ajuts-per-a-transportistes-autonoms\/#9_Beneficis_globals_transportistes_concessionaris_i_medi_ambient\" title=\"9. Beneficis globals: transportistes, concessionaris i medi ambient\">9. Beneficis globals: transportistes, concessionaris i medi ambient<\/a><\/li><li class='ez-toc-page-1 ez-toc-heading-level-2'><a class=\"ez-toc-link ez-toc-heading-10\" href=\"https:\/\/www.ariasassessors.com\/ca\/ajuts-per-a-transportistes-autonoms\/#10_Conclusio_una_oportunitat_que_no_es_pot_deixar_escapar\" title=\"10. Conclusi\u00f3: una oportunitat que no es pot deixar escapar\">10. Conclusi\u00f3: una oportunitat que no es pot deixar escapar<\/a><\/li><\/ul><\/nav><\/div>\n<h2 data-start=\"103\" data-end=\"179\"><span class=\"ez-toc-section\" id=\"1_Ajudes_per_a_transportistes_autonoms_que_proposa_el_nou_pla_nacional\"><\/span>1. Ajudes per a transportistes aut\u00f2noms: qu\u00e8 proposa el nou pla nacional?<span class=\"ez-toc-section-end\"><\/span><\/h2>\n<p data-start=\"181\" data-end=\"523\">Les ajudes per a transportistes aut\u00f2noms podrien tornar a escena amb for\u00e7a si s\u2019aprova el nou <a href=\"https:\/\/web.gencat.cat\/es\/tramits\/tramits-temes\/Subvencions-per-transformar-flotes-de-transport-per-carretera-de-viatgers-i-mercaderies\"><strong data-start=\"275\" data-end=\"314\">Pla Nacional de Renovaci\u00f3 de Flotes<\/strong><\/a>, impulsat per Faconauto. Aquesta proposta preveu <strong data-start=\"364\" data-end=\"411\">subvencions directes de fins a 25.000 euros<\/strong> per a cada cami\u00f3 pesat que s\u2019achatarri, permetent adquirir-ne un de nou o seminueu amb tecnologia m\u00e9s eficient.<\/p>\n<p data-start=\"525\" data-end=\"807\">Actualment, el sector pateix una manca total de suport des de l\u2019abril del 2024, cosa que ha deixat milers d\u2019aut\u00f2noms sense recursos per renovar els seus vehicles. Aquesta ajuda es presenta com una oportunitat realista i urgent per modernitzar la flota i reduir els costos operatius.<\/p>\n<h2 data-start=\"809\" data-end=\"878\"><span class=\"ez-toc-section\" id=\"2_Un_sector_al_limit_caiguda_de_vendes_i_cap_suport_des_del_2024\"><\/span>2. Un sector al l\u00edmit: caiguda de vendes i cap suport des del 2024<span class=\"ez-toc-section-end\"><\/span><\/h2>\n<p data-start=\"880\" data-end=\"1111\">El 2025 ha comen\u00e7at amb una davallada del <strong data-start=\"922\" data-end=\"960\">15% en la venda de camions pesants<\/strong>, una xifra que preocupa tant concessionaris com professionals de la carretera. La previsi\u00f3 \u00e9s tancar l\u2019any amb una baixada del 9,6% en matriculacions.<\/p>\n<p data-start=\"1113\" data-end=\"1313\">Aquesta caiguda no \u00e9s casual: des de l\u2019extinci\u00f3 del pla Moves, <strong data-start=\"1176\" data-end=\"1239\">els transportistes aut\u00f2noms no han rebut cap ajuda efectiva<\/strong>. El resultat? Un fre en la inversi\u00f3, flotes envellides i un futur incert.<\/p>\n<p data-start=\"1315\" data-end=\"1450\">A <strong data-start=\"1317\" data-end=\"1336\">Arias Assessors<\/strong>, situats al cor de Barcelona, assessorem cada dia a aut\u00f2noms que ens demanen solucions davant d\u2019aquesta par\u00e0lisi.<\/p>\n<h2 data-start=\"1452\" data-end=\"1515\"><span class=\"ez-toc-section\" id=\"3_En_que_consisteixen_les_ajudes_Fins_a_25000%E2%80%AFE_per_camio\"><\/span>3. En qu\u00e8 consisteixen les ajudes? Fins a 25.000\u202f\u20ac per cami\u00f3<span class=\"ez-toc-section-end\"><\/span><\/h2>\n<p data-start=\"1517\" data-end=\"1783\">La proposta planteja <strong data-start=\"1538\" data-end=\"1561\">300 milions d\u2019euros<\/strong> destinats a subvencionar l\u2019achatarament de vehicles antics i la compra de camions nous o m\u00e9s moderns. Amb fins a <strong data-start=\"1675\" data-end=\"1698\">25.000\u202f\u20ac per unitat<\/strong>, aquestes ajudes per a transportistes aut\u00f2noms podrien marcar un abans i un despr\u00e9s.<\/p>\n<p data-start=\"1785\" data-end=\"1952\">El sistema seria senzill i directe: <strong data-start=\"1821\" data-end=\"1869\">tramitaci\u00f3 \u00e0gil a trav\u00e9s dels concessionaris<\/strong>, sense exigir a l\u2019aut\u00f2nom avan\u00e7ar grans quantitats ni gestionar tr\u00e0mits complexos.<\/p>\n<p data-start=\"1954\" data-end=\"2107\">Des del nostre despatx a Arias Assessors, estem preparats per gestionar tot el proc\u00e9s de forma telem\u00e0tica, r\u00e0pida i segura quan aquest pla sigui aprovat.<\/p>\n<h2 data-start=\"2109\" data-end=\"2183\"><span class=\"ez-toc-section\" id=\"4_Flotes_antigues_i_costos_a_lalca_la_realitat_del_transport_autonom\"><\/span>4. Flotes antigues i costos a l\u2019al\u00e7a: la realitat del transport aut\u00f2nom<span class=\"ez-toc-section-end\"><\/span><\/h2>\n<p data-start=\"2185\" data-end=\"2393\">M\u00e9s del 60% dels camions en circulaci\u00f3 tenen m\u00e9s de 15 anys. Aquest fet no nom\u00e9s incrementa els costos per manteniment i combustible, sin\u00f3 que complica l\u2019acc\u00e9s a zones urbanes amb restriccions mediambientals.<\/p>\n<p data-start=\"2395\" data-end=\"2629\">Els camions nous redueixen el <strong data-start=\"2425\" data-end=\"2458\">cost total de propietat (TCO)<\/strong>: consumeixen menys, tenen menys avaries i s\u00f3n m\u00e9s eficients. Amb una ajuda de 25.000 euros, molts aut\u00f2noms podrien fer el salt necessari sense enfonsar la seva activitat.<\/p>\n<h2 data-start=\"2631\" data-end=\"2698\"><span class=\"ez-toc-section\" id=\"5_Opcions_reals_diesel_hibrids_gas_natural_o_biocombustibles\"><\/span>5. Opcions reals: di\u00e8sel, h\u00edbrids, gas natural o biocombustibles<span class=\"ez-toc-section-end\"><\/span><\/h2>\n<p data-start=\"2700\" data-end=\"2947\">Un dels punts m\u00e9s destacats del pla \u00e9s la <strong data-start=\"2742\" data-end=\"2769\">neutralitat tecnol\u00f2gica<\/strong>. A difer\u00e8ncia d\u2019altres ajudes que nom\u00e9s contemplen el\u00e8ctrics (inviables per a rutes llargues), aquesta proposta inclou <strong data-start=\"2889\" data-end=\"2946\">camions Euro 6 di\u00e8sel, h\u00edbrids, GNL o biocombustibles<\/strong>.<\/p>\n<p data-start=\"2949\" data-end=\"3057\">Aquesta flexibilitat \u00e9s clau per garantir que l\u2019ajuda sigui \u00fatil. Segons L\u00f3pez Jato, portaveu de Fetransa:<\/p>\n<blockquote data-start=\"3058\" data-end=\"3154\">\n<p data-start=\"3060\" data-end=\"3154\">\u201cEl que funciona avui \u00e9s el di\u00e8sel. No es pot imposar ci\u00e8ncia-ficci\u00f3 a qui viu del seu cami\u00f3\u201d.<\/p>\n<\/blockquote>\n<p data-start=\"3156\" data-end=\"3296\">Des de<a href=\"https:\/\/www.ariasassessors.com\/ca\/contacte\/\"> <strong data-start=\"3163\" data-end=\"3182\">Arias Assessors<\/strong><\/a>, ens sumem a aquesta visi\u00f3 pragm\u00e0tica: les ajudes per a transportistes aut\u00f2noms han de ser \u00fatils, no simb\u00f2liques.<\/p>\n<h2 data-start=\"3298\" data-end=\"3358\"><span class=\"ez-toc-section\" id=\"6_Burocracia_incertesa_tecnologica_i_por_dequivocar-se\"><\/span>6. Burocr\u00e0cia, incertesa tecnol\u00f2gica i por d\u2019equivocar-se<span class=\"ez-toc-section-end\"><\/span><\/h2>\n<p data-start=\"3360\" data-end=\"3559\">Molts transportistes dubten. No saben quin vehicle comprar, ni si complir\u00e0 les normatives futures. Aquesta incertesa ha paralitzat el mercat, allargant l\u2019\u00fas de camions antics que ja no s\u00f3n rendibles.<\/p>\n<p data-start=\"3561\" data-end=\"3726\">Per aix\u00f2 \u00e9s essencial que aquestes ajudes siguin <strong data-start=\"3610\" data-end=\"3644\">clares, r\u00e0pides i sense traves<\/strong>. A m\u00e9s, cal que l\u2019aut\u00f2nom estigui ben assessorat per prendre la decisi\u00f3 correcta.<\/p>\n<p data-start=\"3728\" data-end=\"3886\">A <a href=\"https:\/\/www.ariasassessors.com\/ca\/contacte\/\"><strong data-start=\"3730\" data-end=\"3749\">Arias Assessors<\/strong><\/a> oferim acompanyament complet: des de la planificaci\u00f3 fiscal fins a la gesti\u00f3 documental, perqu\u00e8 quan s\u2019activi el pla, tot estigui llest.<\/p>\n<h2 data-start=\"3888\" data-end=\"3928\"><span class=\"ez-toc-section\" id=\"7_Per_que_el_pla_Moves_va_fracassar\"><\/span>7. Per qu\u00e8 el pla Moves va fracassar?<span class=\"ez-toc-section-end\"><\/span><\/h2>\n<p data-start=\"3930\" data-end=\"4072\">El pla Moves no va funcionar per al transport pesant per diverses raons: massa burocr\u00e0cia, exig\u00e8ncia de vehicles el\u00e8ctrics i tramitaci\u00f3 lenta.<\/p>\n<p data-start=\"4074\" data-end=\"4109\">Aquest nou pla apr\u00e8n dels errors:<\/p>\n<ul data-start=\"4110\" data-end=\"4191\">\n<li data-start=\"4110\" data-end=\"4134\">\n<p data-start=\"4112\" data-end=\"4134\">Simplifica la gesti\u00f3<\/p>\n<\/li>\n<li data-start=\"4135\" data-end=\"4165\">\n<p data-start=\"4137\" data-end=\"4165\">Permet escollir tecnologia<\/p>\n<\/li>\n<li data-start=\"4166\" data-end=\"4191\">\n<p data-start=\"4168\" data-end=\"4191\"><strong data-start=\"4168\" data-end=\"4191\">Prioritza l\u2019aut\u00f2nom<\/strong><\/p>\n<\/li>\n<\/ul>\n<p data-start=\"4193\" data-end=\"4289\">Ajudes per a transportistes aut\u00f2noms com aquesta s\u00f3n les que poden tenir impacte real al sector.<\/p>\n<h2 data-start=\"4291\" data-end=\"4353\"><span class=\"ez-toc-section\" id=\"8_Arias_Assessors_et_prepara_per_aprofitar_aquestes_ajudes\"><\/span>8. Arias Assessors et prepara per aprofitar aquestes ajudes<span class=\"ez-toc-section-end\"><\/span><\/h2>\n<p data-start=\"4355\" data-end=\"4549\">Encara que el pla no s\u2019ha aprovat, nosaltres ja treballem amb clients per preparar-los. Analitzem la seva situaci\u00f3 fiscal, el valor dels camions, la planificaci\u00f3 de costos i l\u2019estalvi potencial.<\/p>\n<p data-start=\"4551\" data-end=\"4765\">Com a <strong data-start=\"4557\" data-end=\"4595\">Gestors Administratius col\u00b7legiats<\/strong>, tramitem directament amb Hisenda, la Seguretat Social i les administracions catalanes. Aix\u00f2 ens permet <strong data-start=\"4700\" data-end=\"4741\">agilitzar qualsevol ajuda o subvenci\u00f3<\/strong> de manera professional.<\/p>\n<h2 data-start=\"4767\" data-end=\"4837\"><span class=\"ez-toc-section\" id=\"9_Beneficis_globals_transportistes_concessionaris_i_medi_ambient\"><\/span>9. Beneficis globals: transportistes, concessionaris i medi ambient<span class=\"ez-toc-section-end\"><\/span><\/h2>\n<p data-start=\"4839\" data-end=\"4983\">Aquesta mesura no nom\u00e9s ajudaria els transportistes, sin\u00f3 que tamb\u00e9 revitalitzaria les vendes de vehicles i reduiria les emissions contaminants.<\/p>\n<p data-start=\"4985\" data-end=\"5110\">Els <strong data-start=\"4989\" data-end=\"5032\">aut\u00f2noms serien els primers beneficiats<\/strong>, per\u00f2 l\u2019impacte positiu es notaria a tota la cadena del sector del transport.<\/p>\n<p data-start=\"5112\" data-end=\"5251\">Per aix\u00f2 \u00e9s tan urgent que les institucions tinguin <strong data-start=\"5164\" data-end=\"5185\">voluntat pol\u00edtica<\/strong> per activar aquest pla i no deixar enrere ni un sol professional.<\/p>\n<h2 data-start=\"5253\" data-end=\"5315\"><span class=\"ez-toc-section\" id=\"10_Conclusio_una_oportunitat_que_no_es_pot_deixar_escapar\"><\/span>10. Conclusi\u00f3: una oportunitat que no es pot deixar escapar<span class=\"ez-toc-section-end\"><\/span><\/h2>\n<p data-start=\"5317\" data-end=\"5598\">Les <strong data-start=\"5321\" data-end=\"5361\">ajudes per a transportistes aut\u00f2noms<\/strong> que proposa Faconauto poden ser la clau per evitar l\u2019ensorrament del sector. Amb una gesti\u00f3 \u00e0gil, neutralitat tecnol\u00f2gica i un suport real, milers de professionals podrien renovar la seva flota i assegurar la continu\u00eftat del seu negoci.<\/p>\n<p data-start=\"5600\" data-end=\"5845\">A<a href=\"https:\/\/www.ariasassessors.com\/ca\/contacte\/\"> <strong data-start=\"5602\" data-end=\"5621\">Arias Assessors<\/strong><\/a>, som al teu costat per guiar-te i ajudar-te a aprofitar aquesta oportunitat quan arribi. Amb m\u00e9s de 25 anys d\u2019experi\u00e8ncia, eines digitals i un equip multidisciplinari, ens encarreguem de tot perqu\u00e8 tu et centris en conduir.<\/p>\n","protected":false},"excerpt":{"rendered":"<p>1. Ajudes per a transportistes aut\u00f2noms: qu\u00e8 proposa el nou pla nacional? Les ajudes per a transportistes aut\u00f2noms podrien tornar a escena amb for\u00e7a si s\u2019aprova el nou Pla Nacional de Renovaci\u00f3 de Flotes, impulsat per Faconauto. Aquesta proposta preveu subvencions directes de fins a&#8230;<\/p>\n","protected":false},"author":2,"featured_media":4353,"comment_status":"open","ping_status":"open","sticky":false,"template":"","format":"standard","meta":{"footnotes":""},"categories":[1115],"tags":[],"class_list":["post-4357","post","type-post","status-publish","format-standard","has-post-thumbnail","hentry","category-articulos-ca"],"yoast_head":"<!-- This site is optimized with the Yoast SEO plugin v24.3 - https:\/\/yoast.com\/wordpress\/plugins\/seo\/ -->\n<title>Ajudes per a transportistes aut\u00f2noms: Tot el que has de saber<\/title>\n<meta name=\"description\" content=\"Consulta les noves ajudes per a transportistes aut\u00f2noms: fins a 25.000\u202f\u20ac per renovar el teu cami\u00f3. T\u2019ajudem des d\u2019Arias Assessors.\" \/>\n<meta name=\"robots\" content=\"index, follow, max-snippet:-1, max-image-preview:large, max-video-preview:-1\" \/>\n<link rel=\"canonical\" href=\"https:\/\/www.ariasassessors.com\/?p=4349\" \/>\n<meta property=\"og:locale\" content=\"ca_ES\" \/>\n<meta property=\"og:type\" content=\"article\" \/>\n<meta property=\"og:title\" content=\"Ajudes per a transportistes aut\u00f2noms: Tot el que has de saber\" \/>\n<meta property=\"og:description\" content=\"Consulta les noves ajudes per a transportistes aut\u00f2noms: fins a 25.000\u202f\u20ac per renovar el teu cami\u00f3. T\u2019ajudem des d\u2019Arias Assessors.\" \/>\n<meta property=\"og:url\" content=\"https:\/\/www.ariasassessors.com\/?p=4349\" \/>\n<meta property=\"og:site_name\" content=\"Arias Assessors\" \/>\n<meta property=\"article:publisher\" content=\"https:\/\/www.facebook.com\/ariasassessors\/\" \/>\n<meta property=\"article:published_time\" content=\"2025-06-30T08:30:40+00:00\" \/>\n<meta property=\"article:modified_time\" content=\"2025-06-30T08:07:01+00:00\" \/>\n<meta property=\"og:image\" content=\"https:\/\/www.ariasassessors.com\/wp-content\/uploads\/2025\/06\/19.png\" \/>\n\t<meta property=\"og:image:width\" content=\"1000\" \/>\n\t<meta property=\"og:image:height\" content=\"665\" \/>\n\t<meta property=\"og:image:type\" content=\"image\/png\" \/>\n<meta name=\"author\" content=\"btorras\" \/>\n<meta name=\"twitter:card\" content=\"summary_large_image\" \/>\n<meta name=\"twitter:creator\" content=\"@ariasassessors\" \/>\n<meta name=\"twitter:site\" content=\"@ariasassessors\" \/>\n<meta name=\"twitter:label1\" content=\"Escrit per\" \/>\n\t<meta name=\"twitter:data1\" content=\"btorras\" \/>\n\t<meta name=\"twitter:label2\" content=\"Temps estimat de lectura\" \/>\n\t<meta name=\"twitter:data2\" content=\"5 minuts\" \/>\n<script type=\"application\/ld+json\" class=\"yoast-schema-graph\">{\"@context\":\"https:\/\/schema.org\",\"@graph\":[{\"@type\":\"Article\",\"@id\":\"https:\/\/www.ariasassessors.com\/?p=4349#article\",\"isPartOf\":{\"@id\":\"https:\/\/www.ariasassessors.com\/?p=4349\"},\"author\":{\"name\":\"btorras\",\"@id\":\"https:\/\/www.ariasassessors.com\/#\/schema\/person\/63c6ad1775f0a9413c37932562673cef\"},\"headline\":\"Ajudes per a transportistes aut\u00f2noms: el pla de xoc que proposa fins a 25.000\u202f\u20ac per cami\u00f3 vell\",\"datePublished\":\"2025-06-30T08:30:40+00:00\",\"dateModified\":\"2025-06-30T08:07:01+00:00\",\"mainEntityOfPage\":{\"@id\":\"https:\/\/www.ariasassessors.com\/?p=4349\"},\"wordCount\":956,\"commentCount\":0,\"publisher\":{\"@id\":\"https:\/\/www.ariasassessors.com\/#organization\"},\"image\":{\"@id\":\"https:\/\/www.ariasassessors.com\/?p=4349#primaryimage\"},\"thumbnailUrl\":\"https:\/\/www.ariasassessors.com\/wp-content\/uploads\/2025\/06\/19.png\",\"articleSection\":[\"Art\u00edculos\"],\"inLanguage\":\"ca\",\"potentialAction\":[{\"@type\":\"CommentAction\",\"name\":\"Comment\",\"target\":[\"https:\/\/www.ariasassessors.com\/?p=4349#respond\"]}]},{\"@type\":\"WebPage\",\"@id\":\"https:\/\/www.ariasassessors.com\/?p=4349\",\"url\":\"https:\/\/www.ariasassessors.com\/?p=4349\",\"name\":\"Ajudes per a transportistes aut\u00f2noms: Tot el que has de saber\",\"isPartOf\":{\"@id\":\"https:\/\/www.ariasassessors.com\/#website\"},\"primaryImageOfPage\":{\"@id\":\"https:\/\/www.ariasassessors.com\/?p=4349#primaryimage\"},\"image\":{\"@id\":\"https:\/\/www.ariasassessors.com\/?p=4349#primaryimage\"},\"thumbnailUrl\":\"https:\/\/www.ariasassessors.com\/wp-content\/uploads\/2025\/06\/19.png\",\"datePublished\":\"2025-06-30T08:30:40+00:00\",\"dateModified\":\"2025-06-30T08:07:01+00:00\",\"description\":\"Consulta les noves ajudes per a transportistes aut\u00f2noms: fins a 25.000\u202f\u20ac per renovar el teu cami\u00f3. T\u2019ajudem des d\u2019Arias Assessors.\",\"breadcrumb\":{\"@id\":\"https:\/\/www.ariasassessors.com\/?p=4349#breadcrumb\"},\"inLanguage\":\"ca\",\"potentialAction\":[{\"@type\":\"ReadAction\",\"target\":[\"https:\/\/www.ariasassessors.com\/?p=4349\"]}]},{\"@type\":\"ImageObject\",\"inLanguage\":\"ca\",\"@id\":\"https:\/\/www.ariasassessors.com\/?p=4349#primaryimage\",\"url\":\"https:\/\/www.ariasassessors.com\/wp-content\/uploads\/2025\/06\/19.png\",\"contentUrl\":\"https:\/\/www.ariasassessors.com\/wp-content\/uploads\/2025\/06\/19.png\",\"width\":1000,\"height\":665},{\"@type\":\"BreadcrumbList\",\"@id\":\"https:\/\/www.ariasassessors.com\/?p=4349#breadcrumb\",\"itemListElement\":[{\"@type\":\"ListItem\",\"position\":1,\"name\":\"Portada\",\"item\":\"https:\/\/www.ariasassessors.com\/ca\/\"},{\"@type\":\"ListItem\",\"position\":2,\"name\":\"Ajudes per a transportistes aut\u00f2noms: el pla de xoc que proposa fins a 25.000\u202f\u20ac per cami\u00f3 vell\"}]},{\"@type\":\"WebSite\",\"@id\":\"https:\/\/www.ariasassessors.com\/#website\",\"url\":\"https:\/\/www.ariasassessors.com\/\",\"name\":\"Arias Assessors\",\"description\":\"Asesor\u00eda para aut\u00f3nomos, profesionales y PYMES\",\"publisher\":{\"@id\":\"https:\/\/www.ariasassessors.com\/#organization\"},\"potentialAction\":[{\"@type\":\"SearchAction\",\"target\":{\"@type\":\"EntryPoint\",\"urlTemplate\":\"https:\/\/www.ariasassessors.com\/?s={search_term_string}\"},\"query-input\":{\"@type\":\"PropertyValueSpecification\",\"valueRequired\":true,\"valueName\":\"search_term_string\"}}],\"inLanguage\":\"ca\"},{\"@type\":\"Organization\",\"@id\":\"https:\/\/www.ariasassessors.com\/#organization\",\"name\":\"Arias Assessors\",\"url\":\"https:\/\/www.ariasassessors.com\/\",\"logo\":{\"@type\":\"ImageObject\",\"inLanguage\":\"ca\",\"@id\":\"https:\/\/www.ariasassessors.com\/#\/schema\/logo\/image\/\",\"url\":\"https:\/\/www.ariasassessors.com\/wp-content\/uploads\/2019\/01\/arias-logo.png\",\"contentUrl\":\"https:\/\/www.ariasassessors.com\/wp-content\/uploads\/2019\/01\/arias-logo.png\",\"width\":349,\"height\":254,\"caption\":\"Arias Assessors\"},\"image\":{\"@id\":\"https:\/\/www.ariasassessors.com\/#\/schema\/logo\/image\/\"},\"sameAs\":[\"https:\/\/www.facebook.com\/ariasassessors\/\",\"https:\/\/x.com\/ariasassessors\",\"https:\/\/www.linkedin.com\/company\/r&amp;amp;r-growing-knowledge\/\"]},{\"@type\":\"Person\",\"@id\":\"https:\/\/www.ariasassessors.com\/#\/schema\/person\/63c6ad1775f0a9413c37932562673cef\",\"name\":\"btorras\",\"image\":{\"@type\":\"ImageObject\",\"inLanguage\":\"ca\",\"@id\":\"https:\/\/www.ariasassessors.com\/#\/schema\/person\/image\/\",\"url\":\"https:\/\/secure.gravatar.com\/avatar\/0531db351fc361fdbfd204c58fa2d6a3?s=96&d=mm&r=g\",\"contentUrl\":\"https:\/\/secure.gravatar.com\/avatar\/0531db351fc361fdbfd204c58fa2d6a3?s=96&d=mm&r=g\",\"caption\":\"btorras\"}}]}<\/script>\n<!-- \/ Yoast SEO plugin. -->","yoast_head_json":{"title":"Ajudes per a transportistes aut\u00f2noms: Tot el que has de saber","description":"Consulta les noves ajudes per a transportistes aut\u00f2noms: fins a 25.000\u202f\u20ac per renovar el teu cami\u00f3. T\u2019ajudem des d\u2019Arias Assessors.","robots":{"index":"index","follow":"follow","max-snippet":"max-snippet:-1","max-image-preview":"max-image-preview:large","max-video-preview":"max-video-preview:-1"},"canonical":"https:\/\/www.ariasassessors.com\/?p=4349","og_locale":"ca_ES","og_type":"article","og_title":"Ajudes per a transportistes aut\u00f2noms: Tot el que has de saber","og_description":"Consulta les noves ajudes per a transportistes aut\u00f2noms: fins a 25.000\u202f\u20ac per renovar el teu cami\u00f3. T\u2019ajudem des d\u2019Arias Assessors.","og_url":"https:\/\/www.ariasassessors.com\/?p=4349","og_site_name":"Arias Assessors","article_publisher":"https:\/\/www.facebook.com\/ariasassessors\/","article_published_time":"2025-06-30T08:30:40+00:00","article_modified_time":"2025-06-30T08:07:01+00:00","og_image":[{"width":1000,"height":665,"url":"https:\/\/www.ariasassessors.com\/wp-content\/uploads\/2025\/06\/19.png","type":"image\/png"}],"author":"btorras","twitter_card":"summary_large_image","twitter_creator":"@ariasassessors","twitter_site":"@ariasassessors","twitter_misc":{"Escrit per":"btorras","Temps estimat de lectura":"5 minuts"},"schema":{"@context":"https:\/\/schema.org","@graph":[{"@type":"Article","@id":"https:\/\/www.ariasassessors.com\/?p=4349#article","isPartOf":{"@id":"https:\/\/www.ariasassessors.com\/?p=4349"},"author":{"name":"btorras","@id":"https:\/\/www.ariasassessors.com\/#\/schema\/person\/63c6ad1775f0a9413c37932562673cef"},"headline":"Ajudes per a transportistes aut\u00f2noms: el pla de xoc que proposa fins a 25.000\u202f\u20ac per cami\u00f3 vell","datePublished":"2025-06-30T08:30:40+00:00","dateModified":"2025-06-30T08:07:01+00:00","mainEntityOfPage":{"@id":"https:\/\/www.ariasassessors.com\/?p=4349"},"wordCount":956,"commentCount":0,"publisher":{"@id":"https:\/\/www.ariasassessors.com\/#organization"},"image":{"@id":"https:\/\/www.ariasassessors.com\/?p=4349#primaryimage"},"thumbnailUrl":"https:\/\/www.ariasassessors.com\/wp-content\/uploads\/2025\/06\/19.png","articleSection":["Art\u00edculos"],"inLanguage":"ca","potentialAction":[{"@type":"CommentAction","name":"Comment","target":["https:\/\/www.ariasassessors.com\/?p=4349#respond"]}]},{"@type":"WebPage","@id":"https:\/\/www.ariasassessors.com\/?p=4349","url":"https:\/\/www.ariasassessors.com\/?p=4349","name":"Ajudes per a transportistes aut\u00f2noms: Tot el que has de saber","isPartOf":{"@id":"https:\/\/www.ariasassessors.com\/#website"},"primaryImageOfPage":{"@id":"https:\/\/www.ariasassessors.com\/?p=4349#primaryimage"},"image":{"@id":"https:\/\/www.ariasassessors.com\/?p=4349#primaryimage"},"thumbnailUrl":"https:\/\/www.ariasassessors.com\/wp-content\/uploads\/2025\/06\/19.png","datePublished":"2025-06-30T08:30:40+00:00","dateModified":"2025-06-30T08:07:01+00:00","description":"Consulta les noves ajudes per a transportistes aut\u00f2noms: fins a 25.000\u202f\u20ac per renovar el teu cami\u00f3. T\u2019ajudem des d\u2019Arias Assessors.","breadcrumb":{"@id":"https:\/\/www.ariasassessors.com\/?p=4349#breadcrumb"},"inLanguage":"ca","potentialAction":[{"@type":"ReadAction","target":["https:\/\/www.ariasassessors.com\/?p=4349"]}]},{"@type":"ImageObject","inLanguage":"ca","@id":"https:\/\/www.ariasassessors.com\/?p=4349#primaryimage","url":"https:\/\/www.ariasassessors.com\/wp-content\/uploads\/2025\/06\/19.png","contentUrl":"https:\/\/www.ariasassessors.com\/wp-content\/uploads\/2025\/06\/19.png","width":1000,"height":665},{"@type":"BreadcrumbList","@id":"https:\/\/www.ariasassessors.com\/?p=4349#breadcrumb","itemListElement":[{"@type":"ListItem","position":1,"name":"Portada","item":"https:\/\/www.ariasassessors.com\/ca\/"},{"@type":"ListItem","position":2,"name":"Ajudes per a transportistes aut\u00f2noms: el pla de xoc que proposa fins a 25.000\u202f\u20ac per cami\u00f3 vell"}]},{"@type":"WebSite","@id":"https:\/\/www.ariasassessors.com\/#website","url":"https:\/\/www.ariasassessors.com\/","name":"Arias Assessors","description":"Asesor\u00eda para aut\u00f3nomos, profesionales y PYMES","publisher":{"@id":"https:\/\/www.ariasassessors.com\/#organization"},"potentialAction":[{"@type":"SearchAction","target":{"@type":"EntryPoint","urlTemplate":"https:\/\/www.ariasassessors.com\/?s={search_term_string}"},"query-input":{"@type":"PropertyValueSpecification","valueRequired":true,"valueName":"search_term_string"}}],"inLanguage":"ca"},{"@type":"Organization","@id":"https:\/\/www.ariasassessors.com\/#organization","name":"Arias Assessors","url":"https:\/\/www.ariasassessors.com\/","logo":{"@type":"ImageObject","inLanguage":"ca","@id":"https:\/\/www.ariasassessors.com\/#\/schema\/logo\/image\/","url":"https:\/\/www.ariasassessors.com\/wp-content\/uploads\/2019\/01\/arias-logo.png","contentUrl":"https:\/\/www.ariasassessors.com\/wp-content\/uploads\/2019\/01\/arias-logo.png","width":349,"height":254,"caption":"Arias Assessors"},"image":{"@id":"https:\/\/www.ariasassessors.com\/#\/schema\/logo\/image\/"},"sameAs":["https:\/\/www.facebook.com\/ariasassessors\/","https:\/\/x.com\/ariasassessors","https:\/\/www.linkedin.com\/company\/r&amp;amp;r-growing-knowledge\/"]},{"@type":"Person","@id":"https:\/\/www.ariasassessors.com\/#\/schema\/person\/63c6ad1775f0a9413c37932562673cef","name":"btorras","image":{"@type":"ImageObject","inLanguage":"ca","@id":"https:\/\/www.ariasassessors.com\/#\/schema\/person\/image\/","url":"https:\/\/secure.gravatar.com\/avatar\/0531db351fc361fdbfd204c58fa2d6a3?s=96&d=mm&r=g","contentUrl":"https:\/\/secure.gravatar.com\/avatar\/0531db351fc361fdbfd204c58fa2d6a3?s=96&d=mm&r=g","caption":"btorras"}}]}},"_links":{"self":[{"href":"https:\/\/www.ariasassessors.com\/ca\/wp-json\/wp\/v2\/posts\/4357","targetHints":{"allow":["GET"]}}],"collection":[{"href":"https:\/\/www.ariasassessors.com\/ca\/wp-json\/wp\/v2\/posts"}],"about":[{"href":"https:\/\/www.ariasassessors.com\/ca\/wp-json\/wp\/v2\/types\/post"}],"author":[{"embeddable":true,"href":"https:\/\/www.ariasassessors.com\/ca\/wp-json\/wp\/v2\/users\/2"}],"replies":[{"embeddable":true,"href":"https:\/\/www.ariasassessors.com\/ca\/wp-json\/wp\/v2\/comments?post=4357"}],"version-history":[{"count":1,"href":"https:\/\/www.ariasassessors.com\/ca\/wp-json\/wp\/v2\/posts\/4357\/revisions"}],"predecessor-version":[{"id":4358,"href":"https:\/\/www.ariasassessors.com\/ca\/wp-json\/wp\/v2\/posts\/4357\/revisions\/4358"}],"wp:featuredmedia":[{"embeddable":true,"href":"https:\/\/www.ariasassessors.com\/ca\/wp-json\/wp\/v2\/media\/4353"}],"wp:attachment":[{"href":"https:\/\/www.ariasassessors.com\/ca\/wp-json\/wp\/v2\/media?parent=4357"}],"wp:term":[{"taxonomy":"category","embeddable":true,"href":"https:\/\/www.ariasassessors.com\/ca\/wp-json\/wp\/v2\/categories?post=4357"},{"taxonomy":"post_tag","embeddable":true,"href":"https:\/\/www.ariasassessors.com\/ca\/wp-json\/wp\/v2\/tags?post=4357"}],"curies":[{"name":"wp","href":"https:\/\/api.w.org\/{rel}","templated":true}]}}