{"id":4435,"date":"2025-09-01T09:46:11","date_gmt":"2025-09-01T07:46:11","guid":{"rendered":"https:\/\/www.ariasassessors.com\/?p=4435"},"modified":"2025-09-01T09:46:11","modified_gmt":"2025-09-01T07:46:11","slug":"indemnitzacio-per-a-pimes-afectades-pels-incendis-com-protegir-el-teu-negoci","status":"publish","type":"post","link":"https:\/\/www.ariasassessors.com\/ca\/indemnitzacio-per-a-pimes-afectades-pels-incendis-com-protegir-el-teu-negoci\/","title":{"rendered":"Indemnitzaci\u00f3 per a pimes afectades pels incendis: com protegir el teu negoci"},"content":{"rendered":"<p data-start=\"379\" data-end=\"755\">Aquest estiu, Espanya est\u00e0 vivint un dels pitjors episodis d\u2019incendis forestals dels \u00faltims anys. Amb centenars de milers d\u2019hect\u00e0rees cremades, moltes pimes i aut\u00f2noms es troben en una situaci\u00f3 cr\u00edtica. Davant d\u2019aquest escenari, \u00e9s fonamental saber com reclamar una indemnitzaci\u00f3 per a pimes afectades pels incendis, ja sigui a trav\u00e9s d\u2019un segur o mitjan\u00e7ant ajudes p\u00fabliques.<\/p>\n<p data-start=\"757\" data-end=\"938\">A<a href=\"https:\/\/www.ariasassessors.com\/ca\/\"> Arias Assessors<\/a>, donem suport cada dia a professionals i petits negocis per gestionar situacions d\u2019emerg\u00e8ncia com aquesta, amb assessorament directe, pr\u00e0ctic i adaptat a cada cas.<\/p>\n<div id=\"ez-toc-container\" class=\"ez-toc-v2_0_72 counter-hierarchy ez-toc-counter ez-toc-grey ez-toc-container-direction\">\n<div class=\"ez-toc-title-container\">\n<p class=\"ez-toc-title\" style=\"cursor:inherit\">\u00cdndice de Contenidos<\/p>\n<span class=\"ez-toc-title-toggle\"><a href=\"#\" class=\"ez-toc-pull-right ez-toc-btn ez-toc-btn-xs ez-toc-btn-default ez-toc-toggle\" aria-label=\"Toggle Table of Content\"><span class=\"ez-toc-js-icon-con\"><span class=\"\"><span class=\"eztoc-hide\" style=\"display:none;\">Toggle<\/span><span class=\"ez-toc-icon-toggle-span\"><svg style=\"fill: #428bca;color:#428bca\" xmlns=\"http:\/\/www.w3.org\/2000\/svg\" class=\"list-377408\" width=\"20px\" height=\"20px\" viewBox=\"0 0 24 24\" fill=\"none\"><path d=\"M6 6H4v2h2V6zm14 0H8v2h12V6zM4 11h2v2H4v-2zm16 0H8v2h12v-2zM4 16h2v2H4v-2zm16 0H8v2h12v-2z\" fill=\"currentColor\"><\/path><\/svg><svg style=\"fill: #428bca;color:#428bca\" class=\"arrow-unsorted-368013\" xmlns=\"http:\/\/www.w3.org\/2000\/svg\" width=\"10px\" height=\"10px\" viewBox=\"0 0 24 24\" version=\"1.2\" baseProfile=\"tiny\"><path d=\"M18.2 9.3l-6.2-6.3-6.2 6.3c-.2.2-.3.4-.3.7s.1.5.3.7c.2.2.4.3.7.3h11c.3 0 .5-.1.7-.3.2-.2.3-.5.3-.7s-.1-.5-.3-.7zM5.8 14.7l6.2 6.3 6.2-6.3c.2-.2.3-.5.3-.7s-.1-.5-.3-.7c-.2-.2-.4-.3-.7-.3h-11c-.3 0-.5.1-.7.3-.2.2-.3.5-.3.7s.1.5.3.7z\"\/><\/svg><\/span><\/span><\/span><\/a><\/span><\/div>\n<nav><ul class='ez-toc-list ez-toc-list-level-1 eztoc-toggle-hide-by-default' ><li class='ez-toc-page-1 ez-toc-heading-level-3'><a class=\"ez-toc-link ez-toc-heading-1\" href=\"https:\/\/www.ariasassessors.com\/ca\/indemnitzacio-per-a-pimes-afectades-pels-incendis-com-protegir-el-teu-negoci\/#Tens_un_segur_agrari_o_empresarial_Aquesta_es_la_via_mes_agil\" title=\"Tens un segur agrari o empresarial? Aquesta \u00e9s la via m\u00e9s \u00e0gil\">Tens un segur agrari o empresarial? Aquesta \u00e9s la via m\u00e9s \u00e0gil<\/a><\/li><li class='ez-toc-page-1 ez-toc-heading-level-3'><a class=\"ez-toc-link ez-toc-heading-2\" href=\"https:\/\/www.ariasassessors.com\/ca\/indemnitzacio-per-a-pimes-afectades-pels-incendis-com-protegir-el-teu-negoci\/#I_si_no_tens_asseguranca_Encara_hi_ha_opcions\" title=\"I si no tens asseguran\u00e7a? Encara hi ha opcions\">I si no tens asseguran\u00e7a? Encara hi ha opcions<\/a><\/li><li class='ez-toc-page-1 ez-toc-heading-level-3'><a class=\"ez-toc-link ez-toc-heading-3\" href=\"https:\/\/www.ariasassessors.com\/ca\/indemnitzacio-per-a-pimes-afectades-pels-incendis-com-protegir-el-teu-negoci\/#Que_cal_fer_Passos_per_reclamar_una_indemnitzacio\" title=\"Qu\u00e8 cal fer? Passos per reclamar una indemnitzaci\u00f3\">Qu\u00e8 cal fer? Passos per reclamar una indemnitzaci\u00f3<\/a><\/li><li class='ez-toc-page-1 ez-toc-heading-level-3'><a class=\"ez-toc-link ez-toc-heading-4\" href=\"https:\/\/www.ariasassessors.com\/ca\/indemnitzacio-per-a-pimes-afectades-pels-incendis-com-protegir-el-teu-negoci\/#Cobertures_i_terminis_habituals\" title=\"Cobertures i terminis habituals\">Cobertures i terminis habituals<\/a><\/li><li class='ez-toc-page-1 ez-toc-heading-level-3'><a class=\"ez-toc-link ez-toc-heading-5\" href=\"https:\/\/www.ariasassessors.com\/ca\/indemnitzacio-per-a-pimes-afectades-pels-incendis-com-protegir-el-teu-negoci\/#Lanalisi_dArias_Assessors\" title=\"L\u2019an\u00e0lisi d\u2019Arias Assessors\">L\u2019an\u00e0lisi d\u2019Arias Assessors<\/a><\/li><li class='ez-toc-page-1 ez-toc-heading-level-3'><a class=\"ez-toc-link ez-toc-heading-6\" href=\"https:\/\/www.ariasassessors.com\/ca\/indemnitzacio-per-a-pimes-afectades-pels-incendis-com-protegir-el-teu-negoci\/#Conclusio_actua_ara_per_no_lamentar_despres\" title=\"Conclusi\u00f3: actua ara per no lamentar despr\u00e9s\">Conclusi\u00f3: actua ara per no lamentar despr\u00e9s<\/a><\/li><\/ul><\/nav><\/div>\n<h3 data-start=\"945\" data-end=\"1011\"><span class=\"ez-toc-section\" id=\"Tens_un_segur_agrari_o_empresarial_Aquesta_es_la_via_mes_agil\"><\/span>Tens un segur agrari o empresarial? Aquesta \u00e9s la via m\u00e9s \u00e0gil<span class=\"ez-toc-section-end\"><\/span><\/h3>\n<p data-start=\"1013\" data-end=\"1238\">Si disposes d\u2019una p\u00f2lissa de segur que cobreixi incendis, les gestions es poden iniciar gaireb\u00e9 de manera immediata. Nom\u00e9s cal comunicar el sinistre com m\u00e9s aviat millor i seguir els passos habituals per activar la peritaci\u00f3.<\/p>\n<p data-start=\"1240\" data-end=\"1452\">A m\u00e9s, un cop valorats els danys i acceptada la proposta, la indemnitzaci\u00f3 s\u2019abona, habitualment, en un termini de 30 dies. Aquesta rapidesa \u00e9s clau per recuperar l\u2019activitat o evitar perdre clients i contractes.<\/p>\n<h3 data-start=\"1459\" data-end=\"1509\"><span class=\"ez-toc-section\" id=\"I_si_no_tens_asseguranca_Encara_hi_ha_opcions\"><\/span>I si no tens asseguran\u00e7a? Encara hi ha opcions<span class=\"ez-toc-section-end\"><\/span><\/h3>\n<p data-start=\"1511\" data-end=\"1741\">Molts negocis petits o explotacions familiars no tenen asseguran\u00e7a espec\u00edfica contra incendis. En aquests casos, l\u2019alternativa passa per sol\u00b7licitar <a href=\"https:\/\/www.diba.cat\/ca\/web\/incendis\/ajutsadf\">ajudes p\u00fabliques,<\/a> sempre que el Govern declari la zona com a \u201czona catastr\u00f2fica\u201d.<\/p>\n<p data-start=\"1743\" data-end=\"1982\">Aquest tr\u00e0mit comen\u00e7a al municipi o comunitat aut\u00f2noma, amb la presentaci\u00f3 d\u2019un informe detallat dels danys. Tot i que el proc\u00e9s \u00e9s m\u00e9s lent, no \u00e9s impossible. Per aix\u00f2 \u00e9s essencial actuar amb previsi\u00f3 i tenir tota la informaci\u00f3 preparada.<\/p>\n<h3 data-start=\"1989\" data-end=\"2043\"><span class=\"ez-toc-section\" id=\"Que_cal_fer_Passos_per_reclamar_una_indemnitzacio\"><\/span>Qu\u00e8 cal fer? Passos per reclamar una indemnitzaci\u00f3<span class=\"ez-toc-section-end\"><\/span><\/h3>\n<p data-start=\"2045\" data-end=\"2129\">Independentment de si tens asseguran\u00e7a o no, aquests s\u00f3n els passos imprescindibles:<\/p>\n<ol data-start=\"2131\" data-end=\"2485\">\n<li data-start=\"2131\" data-end=\"2181\">\n<p data-start=\"2134\" data-end=\"2181\">Recull proves: fotografies, v\u00eddeos i documents.<\/p>\n<\/li>\n<li data-start=\"2182\" data-end=\"2255\">\n<p data-start=\"2185\" data-end=\"2255\">Detalla les p\u00e8rdues en maquin\u00e0ria, collites, instal\u00b7lacions o animals.<\/p>\n<\/li>\n<li data-start=\"2256\" data-end=\"2363\">\n<p data-start=\"2259\" data-end=\"2363\">Contacta amb la teva asseguradora o mediador, o b\u00e9 dirigeix-te al teu ajuntament per sol\u00b7licitar ajudes.<\/p>\n<\/li>\n<li data-start=\"2364\" data-end=\"2485\">\n<p data-start=\"2367\" data-end=\"2485\">Mantingues ordenada tota la documentaci\u00f3 per accelerar els tr\u00e0mits i evitar errors que puguin endarrerir el cobrament.<\/p>\n<\/li>\n<\/ol>\n<h3 data-start=\"2492\" data-end=\"2527\"><span class=\"ez-toc-section\" id=\"Cobertures_i_terminis_habituals\"><\/span>Cobertures i terminis habituals<span class=\"ez-toc-section-end\"><\/span><\/h3>\n<p data-start=\"2529\" data-end=\"2713\">Amb una p\u00f2lissa activa, la indemnitzaci\u00f3 es pot cobrar en aproximadament un mes. Les assegurances cobreixen des de danys totals fins a p\u00e8rdues parcials, depenent del tipus d\u2019activitat:<\/p>\n<ul data-start=\"2715\" data-end=\"2899\">\n<li data-start=\"2715\" data-end=\"2772\">\n<p data-start=\"2717\" data-end=\"2772\">Collites i conreus: afectacions per foc o p\u00e8rdua total.<\/p>\n<\/li>\n<li data-start=\"2773\" data-end=\"2822\">\n<p data-start=\"2775\" data-end=\"2822\">Ramaderia: indemnitzacions per mort de bestiar.<\/p>\n<\/li>\n<li data-start=\"2823\" data-end=\"2899\">\n<p data-start=\"2825\" data-end=\"2899\">Infraestructura i maquin\u00e0ria: substituci\u00f3 o reparaci\u00f3 segons el contracte.<\/p>\n<\/li>\n<\/ul>\n<p data-start=\"2901\" data-end=\"3040\">En canvi, les ajudes p\u00fabliques poden trigar diversos mesos, i en molts casos s\u2019han d\u2019avan\u00e7ar despeses essencials per continuar l\u2019activitat.<\/p>\n<h3 data-start=\"3047\" data-end=\"3078\"><span class=\"ez-toc-section\" id=\"Lanalisi_dArias_Assessors\"><\/span>L\u2019an\u00e0lisi d\u2019Arias Assessors<span class=\"ez-toc-section-end\"><\/span><\/h3>\n<p data-start=\"3080\" data-end=\"3300\">Des de la nostra experi\u00e8ncia, sabem que molts negocis no estan prou preparats per situacions com aquesta. Sovint no disposen d\u2019una asseguran\u00e7a adequada, no tenen la documentaci\u00f3 en ordre o inicien els tr\u00e0mits massa tard.<\/p>\n<p data-start=\"3302\" data-end=\"3465\">Per aquest motiu, recomanem a totes les pimes i aut\u00f2noms revisar peri\u00f2dicament les seves cobertures i tenir sempre un pla de resposta davant possibles emerg\u00e8ncies.<\/p>\n<h3 data-start=\"3472\" data-end=\"3520\"><span class=\"ez-toc-section\" id=\"Conclusio_actua_ara_per_no_lamentar_despres\"><\/span>Conclusi\u00f3: actua ara per no lamentar despr\u00e9s<span class=\"ez-toc-section-end\"><\/span><\/h3>\n<p data-start=\"3522\" data-end=\"3782\">Els incendis poden destruir anys d\u2019esfor\u00e7 en minuts. Si ets aut\u00f2nom o tens una pime afectada, \u00e9s vital saber com gestionar una <strong data-start=\"3649\" data-end=\"3702\">indemnitzaci\u00f3 per a pimes afectades pels incendis<\/strong>. La clau \u00e9s actuar r\u00e0pidament, conservar la calma i buscar suport professional.<\/p>\n<p data-start=\"3784\" data-end=\"4024\">A <a href=\"https:\/\/www.ariasassessors.com\/ca\/\">Arias Assessors<\/a> estem al teu costat per tramitar reclamacions, ja sigui amb asseguran\u00e7a o mitjan\u00e7ant les vies p\u00fabliques disponibles. No deixis el teu futur en mans de la improvisaci\u00f3. Protegeix el teu negoci amb una gesti\u00f3 \u00e0gil i experta.<\/p>\n","protected":false},"excerpt":{"rendered":"<p>Aquest estiu, Espanya est\u00e0 vivint un dels pitjors episodis d\u2019incendis forestals dels \u00faltims anys. Amb centenars de milers d\u2019hect\u00e0rees cremades, moltes pimes i aut\u00f2noms es troben en una situaci\u00f3 cr\u00edtica. Davant d\u2019aquest escenari, \u00e9s fonamental saber com reclamar una indemnitzaci\u00f3 per a pimes afectades pels&#8230;<\/p>\n","protected":false},"author":2,"featured_media":4433,"comment_status":"open","ping_status":"open","sticky":false,"template":"","format":"standard","meta":{"footnotes":""},"categories":[4],"tags":[],"class_list":["post-4435","post","type-post","status-publish","format-standard","has-post-thumbnail","hentry","category-noticies"],"yoast_head":"<!-- This site is optimized with the Yoast SEO plugin v24.3 - https:\/\/yoast.com\/wordpress\/plugins\/seo\/ -->\n<title>Indemnitzaci\u00f3 per a pimes afectades pels incendis - Arias<\/title>\n<meta name=\"description\" content=\"Descobreix com sol\u00b7licitar una indemnitzaci\u00f3 per a pimes afectades pels incendis aquest estiu i protegeix el teu negoci amb experts.\" \/>\n<meta name=\"robots\" content=\"index, follow, max-snippet:-1, max-image-preview:large, max-video-preview:-1\" \/>\n<link rel=\"canonical\" href=\"https:\/\/www.ariasassessors.com\/ca\/indemnitzacio-per-a-pimes-afectades-pels-incendis-com-protegir-el-teu-negoci\/\" \/>\n<meta property=\"og:locale\" content=\"ca_ES\" \/>\n<meta property=\"og:type\" content=\"article\" \/>\n<meta property=\"og:title\" content=\"Indemnitzaci\u00f3 per a pimes afectades pels incendis - Arias\" \/>\n<meta property=\"og:description\" content=\"Descobreix com sol\u00b7licitar una indemnitzaci\u00f3 per a pimes afectades pels incendis aquest estiu i protegeix el teu negoci amb experts.\" \/>\n<meta property=\"og:url\" content=\"https:\/\/www.ariasassessors.com\/ca\/indemnitzacio-per-a-pimes-afectades-pels-incendis-com-protegir-el-teu-negoci\/\" \/>\n<meta property=\"og:site_name\" content=\"Arias Assessors\" \/>\n<meta property=\"article:publisher\" content=\"https:\/\/www.facebook.com\/ariasassessors\/\" \/>\n<meta property=\"article:published_time\" content=\"2025-09-01T07:46:11+00:00\" \/>\n<meta property=\"og:image\" content=\"https:\/\/www.ariasassessors.com\/wp-content\/uploads\/2025\/09\/Multas-por-Mal-Registro-Horario-Lo-que-las-Empresas-Deben-Saber-1.png\" \/>\n\t<meta property=\"og:image:width\" content=\"1920\" \/>\n\t<meta property=\"og:image:height\" content=\"1202\" \/>\n\t<meta property=\"og:image:type\" content=\"image\/png\" \/>\n<meta name=\"author\" content=\"btorras\" \/>\n<meta name=\"twitter:card\" content=\"summary_large_image\" \/>\n<meta name=\"twitter:creator\" content=\"@ariasassessors\" \/>\n<meta name=\"twitter:site\" content=\"@ariasassessors\" \/>\n<meta name=\"twitter:label1\" content=\"Escrit per\" \/>\n\t<meta name=\"twitter:data1\" content=\"btorras\" \/>\n\t<meta name=\"twitter:label2\" content=\"Temps estimat de lectura\" \/>\n\t<meta name=\"twitter:data2\" content=\"3 minuts\" \/>\n<script type=\"application\/ld+json\" class=\"yoast-schema-graph\">{\"@context\":\"https:\/\/schema.org\",\"@graph\":[{\"@type\":\"Article\",\"@id\":\"https:\/\/www.ariasassessors.com\/ca\/indemnitzacio-per-a-pimes-afectades-pels-incendis-com-protegir-el-teu-negoci\/#article\",\"isPartOf\":{\"@id\":\"https:\/\/www.ariasassessors.com\/ca\/indemnitzacio-per-a-pimes-afectades-pels-incendis-com-protegir-el-teu-negoci\/\"},\"author\":{\"name\":\"btorras\",\"@id\":\"https:\/\/www.ariasassessors.com\/#\/schema\/person\/63c6ad1775f0a9413c37932562673cef\"},\"headline\":\"Indemnitzaci\u00f3 per a pimes afectades pels incendis: com protegir el teu negoci\",\"datePublished\":\"2025-09-01T07:46:11+00:00\",\"dateModified\":\"2025-09-01T07:46:11+00:00\",\"mainEntityOfPage\":{\"@id\":\"https:\/\/www.ariasassessors.com\/ca\/indemnitzacio-per-a-pimes-afectades-pels-incendis-com-protegir-el-teu-negoci\/\"},\"wordCount\":621,\"commentCount\":0,\"publisher\":{\"@id\":\"https:\/\/www.ariasassessors.com\/#organization\"},\"image\":{\"@id\":\"https:\/\/www.ariasassessors.com\/ca\/indemnitzacio-per-a-pimes-afectades-pels-incendis-com-protegir-el-teu-negoci\/#primaryimage\"},\"thumbnailUrl\":\"https:\/\/www.ariasassessors.com\/wp-content\/uploads\/2025\/09\/Multas-por-Mal-Registro-Horario-Lo-que-las-Empresas-Deben-Saber-1.png\",\"articleSection\":[\"noticies\"],\"inLanguage\":\"ca\",\"potentialAction\":[{\"@type\":\"CommentAction\",\"name\":\"Comment\",\"target\":[\"https:\/\/www.ariasassessors.com\/ca\/indemnitzacio-per-a-pimes-afectades-pels-incendis-com-protegir-el-teu-negoci\/#respond\"]}]},{\"@type\":\"WebPage\",\"@id\":\"https:\/\/www.ariasassessors.com\/ca\/indemnitzacio-per-a-pimes-afectades-pels-incendis-com-protegir-el-teu-negoci\/\",\"url\":\"https:\/\/www.ariasassessors.com\/ca\/indemnitzacio-per-a-pimes-afectades-pels-incendis-com-protegir-el-teu-negoci\/\",\"name\":\"Indemnitzaci\u00f3 per a pimes afectades pels incendis - Arias\",\"isPartOf\":{\"@id\":\"https:\/\/www.ariasassessors.com\/#website\"},\"primaryImageOfPage\":{\"@id\":\"https:\/\/www.ariasassessors.com\/ca\/indemnitzacio-per-a-pimes-afectades-pels-incendis-com-protegir-el-teu-negoci\/#primaryimage\"},\"image\":{\"@id\":\"https:\/\/www.ariasassessors.com\/ca\/indemnitzacio-per-a-pimes-afectades-pels-incendis-com-protegir-el-teu-negoci\/#primaryimage\"},\"thumbnailUrl\":\"https:\/\/www.ariasassessors.com\/wp-content\/uploads\/2025\/09\/Multas-por-Mal-Registro-Horario-Lo-que-las-Empresas-Deben-Saber-1.png\",\"datePublished\":\"2025-09-01T07:46:11+00:00\",\"dateModified\":\"2025-09-01T07:46:11+00:00\",\"description\":\"Descobreix com sol\u00b7licitar una indemnitzaci\u00f3 per a pimes afectades pels incendis aquest estiu i protegeix el teu negoci amb experts.\",\"breadcrumb\":{\"@id\":\"https:\/\/www.ariasassessors.com\/ca\/indemnitzacio-per-a-pimes-afectades-pels-incendis-com-protegir-el-teu-negoci\/#breadcrumb\"},\"inLanguage\":\"ca\",\"potentialAction\":[{\"@type\":\"ReadAction\",\"target\":[\"https:\/\/www.ariasassessors.com\/ca\/indemnitzacio-per-a-pimes-afectades-pels-incendis-com-protegir-el-teu-negoci\/\"]}]},{\"@type\":\"ImageObject\",\"inLanguage\":\"ca\",\"@id\":\"https:\/\/www.ariasassessors.com\/ca\/indemnitzacio-per-a-pimes-afectades-pels-incendis-com-protegir-el-teu-negoci\/#primaryimage\",\"url\":\"https:\/\/www.ariasassessors.com\/wp-content\/uploads\/2025\/09\/Multas-por-Mal-Registro-Horario-Lo-que-las-Empresas-Deben-Saber-1.png\",\"contentUrl\":\"https:\/\/www.ariasassessors.com\/wp-content\/uploads\/2025\/09\/Multas-por-Mal-Registro-Horario-Lo-que-las-Empresas-Deben-Saber-1.png\",\"width\":1920,\"height\":1202},{\"@type\":\"BreadcrumbList\",\"@id\":\"https:\/\/www.ariasassessors.com\/ca\/indemnitzacio-per-a-pimes-afectades-pels-incendis-com-protegir-el-teu-negoci\/#breadcrumb\",\"itemListElement\":[{\"@type\":\"ListItem\",\"position\":1,\"name\":\"Portada\",\"item\":\"https:\/\/www.ariasassessors.com\/ca\/\"},{\"@type\":\"ListItem\",\"position\":2,\"name\":\"Indemnitzaci\u00f3 per a pimes afectades pels incendis: com protegir el teu negoci\"}]},{\"@type\":\"WebSite\",\"@id\":\"https:\/\/www.ariasassessors.com\/#website\",\"url\":\"https:\/\/www.ariasassessors.com\/\",\"name\":\"Arias Assessors\",\"description\":\"Asesor\u00eda para aut\u00f3nomos, profesionales y PYMES\",\"publisher\":{\"@id\":\"https:\/\/www.ariasassessors.com\/#organization\"},\"potentialAction\":[{\"@type\":\"SearchAction\",\"target\":{\"@type\":\"EntryPoint\",\"urlTemplate\":\"https:\/\/www.ariasassessors.com\/?s={search_term_string}\"},\"query-input\":{\"@type\":\"PropertyValueSpecification\",\"valueRequired\":true,\"valueName\":\"search_term_string\"}}],\"inLanguage\":\"ca\"},{\"@type\":\"Organization\",\"@id\":\"https:\/\/www.ariasassessors.com\/#organization\",\"name\":\"Arias Assessors\",\"url\":\"https:\/\/www.ariasassessors.com\/\",\"logo\":{\"@type\":\"ImageObject\",\"inLanguage\":\"ca\",\"@id\":\"https:\/\/www.ariasassessors.com\/#\/schema\/logo\/image\/\",\"url\":\"https:\/\/www.ariasassessors.com\/wp-content\/uploads\/2019\/01\/arias-logo.png\",\"contentUrl\":\"https:\/\/www.ariasassessors.com\/wp-content\/uploads\/2019\/01\/arias-logo.png\",\"width\":349,\"height\":254,\"caption\":\"Arias Assessors\"},\"image\":{\"@id\":\"https:\/\/www.ariasassessors.com\/#\/schema\/logo\/image\/\"},\"sameAs\":[\"https:\/\/www.facebook.com\/ariasassessors\/\",\"https:\/\/x.com\/ariasassessors\",\"https:\/\/www.linkedin.com\/company\/r&amp;amp;r-growing-knowledge\/\"]},{\"@type\":\"Person\",\"@id\":\"https:\/\/www.ariasassessors.com\/#\/schema\/person\/63c6ad1775f0a9413c37932562673cef\",\"name\":\"btorras\",\"image\":{\"@type\":\"ImageObject\",\"inLanguage\":\"ca\",\"@id\":\"https:\/\/www.ariasassessors.com\/#\/schema\/person\/image\/\",\"url\":\"https:\/\/secure.gravatar.com\/avatar\/0531db351fc361fdbfd204c58fa2d6a3?s=96&d=mm&r=g\",\"contentUrl\":\"https:\/\/secure.gravatar.com\/avatar\/0531db351fc361fdbfd204c58fa2d6a3?s=96&d=mm&r=g\",\"caption\":\"btorras\"}}]}<\/script>\n<!-- \/ Yoast SEO plugin. -->","yoast_head_json":{"title":"Indemnitzaci\u00f3 per a pimes afectades pels incendis - Arias","description":"Descobreix com sol\u00b7licitar una indemnitzaci\u00f3 per a pimes afectades pels incendis aquest estiu i protegeix el teu negoci amb experts.","robots":{"index":"index","follow":"follow","max-snippet":"max-snippet:-1","max-image-preview":"max-image-preview:large","max-video-preview":"max-video-preview:-1"},"canonical":"https:\/\/www.ariasassessors.com\/ca\/indemnitzacio-per-a-pimes-afectades-pels-incendis-com-protegir-el-teu-negoci\/","og_locale":"ca_ES","og_type":"article","og_title":"Indemnitzaci\u00f3 per a pimes afectades pels incendis - Arias","og_description":"Descobreix com sol\u00b7licitar una indemnitzaci\u00f3 per a pimes afectades pels incendis aquest estiu i protegeix el teu negoci amb experts.","og_url":"https:\/\/www.ariasassessors.com\/ca\/indemnitzacio-per-a-pimes-afectades-pels-incendis-com-protegir-el-teu-negoci\/","og_site_name":"Arias Assessors","article_publisher":"https:\/\/www.facebook.com\/ariasassessors\/","article_published_time":"2025-09-01T07:46:11+00:00","og_image":[{"width":1920,"height":1202,"url":"https:\/\/www.ariasassessors.com\/wp-content\/uploads\/2025\/09\/Multas-por-Mal-Registro-Horario-Lo-que-las-Empresas-Deben-Saber-1.png","type":"image\/png"}],"author":"btorras","twitter_card":"summary_large_image","twitter_creator":"@ariasassessors","twitter_site":"@ariasassessors","twitter_misc":{"Escrit per":"btorras","Temps estimat de lectura":"3 minuts"},"schema":{"@context":"https:\/\/schema.org","@graph":[{"@type":"Article","@id":"https:\/\/www.ariasassessors.com\/ca\/indemnitzacio-per-a-pimes-afectades-pels-incendis-com-protegir-el-teu-negoci\/#article","isPartOf":{"@id":"https:\/\/www.ariasassessors.com\/ca\/indemnitzacio-per-a-pimes-afectades-pels-incendis-com-protegir-el-teu-negoci\/"},"author":{"name":"btorras","@id":"https:\/\/www.ariasassessors.com\/#\/schema\/person\/63c6ad1775f0a9413c37932562673cef"},"headline":"Indemnitzaci\u00f3 per a pimes afectades pels incendis: com protegir el teu negoci","datePublished":"2025-09-01T07:46:11+00:00","dateModified":"2025-09-01T07:46:11+00:00","mainEntityOfPage":{"@id":"https:\/\/www.ariasassessors.com\/ca\/indemnitzacio-per-a-pimes-afectades-pels-incendis-com-protegir-el-teu-negoci\/"},"wordCount":621,"commentCount":0,"publisher":{"@id":"https:\/\/www.ariasassessors.com\/#organization"},"image":{"@id":"https:\/\/www.ariasassessors.com\/ca\/indemnitzacio-per-a-pimes-afectades-pels-incendis-com-protegir-el-teu-negoci\/#primaryimage"},"thumbnailUrl":"https:\/\/www.ariasassessors.com\/wp-content\/uploads\/2025\/09\/Multas-por-Mal-Registro-Horario-Lo-que-las-Empresas-Deben-Saber-1.png","articleSection":["noticies"],"inLanguage":"ca","potentialAction":[{"@type":"CommentAction","name":"Comment","target":["https:\/\/www.ariasassessors.com\/ca\/indemnitzacio-per-a-pimes-afectades-pels-incendis-com-protegir-el-teu-negoci\/#respond"]}]},{"@type":"WebPage","@id":"https:\/\/www.ariasassessors.com\/ca\/indemnitzacio-per-a-pimes-afectades-pels-incendis-com-protegir-el-teu-negoci\/","url":"https:\/\/www.ariasassessors.com\/ca\/indemnitzacio-per-a-pimes-afectades-pels-incendis-com-protegir-el-teu-negoci\/","name":"Indemnitzaci\u00f3 per a pimes afectades pels incendis - Arias","isPartOf":{"@id":"https:\/\/www.ariasassessors.com\/#website"},"primaryImageOfPage":{"@id":"https:\/\/www.ariasassessors.com\/ca\/indemnitzacio-per-a-pimes-afectades-pels-incendis-com-protegir-el-teu-negoci\/#primaryimage"},"image":{"@id":"https:\/\/www.ariasassessors.com\/ca\/indemnitzacio-per-a-pimes-afectades-pels-incendis-com-protegir-el-teu-negoci\/#primaryimage"},"thumbnailUrl":"https:\/\/www.ariasassessors.com\/wp-content\/uploads\/2025\/09\/Multas-por-Mal-Registro-Horario-Lo-que-las-Empresas-Deben-Saber-1.png","datePublished":"2025-09-01T07:46:11+00:00","dateModified":"2025-09-01T07:46:11+00:00","description":"Descobreix com sol\u00b7licitar una indemnitzaci\u00f3 per a pimes afectades pels incendis aquest estiu i protegeix el teu negoci amb experts.","breadcrumb":{"@id":"https:\/\/www.ariasassessors.com\/ca\/indemnitzacio-per-a-pimes-afectades-pels-incendis-com-protegir-el-teu-negoci\/#breadcrumb"},"inLanguage":"ca","potentialAction":[{"@type":"ReadAction","target":["https:\/\/www.ariasassessors.com\/ca\/indemnitzacio-per-a-pimes-afectades-pels-incendis-com-protegir-el-teu-negoci\/"]}]},{"@type":"ImageObject","inLanguage":"ca","@id":"https:\/\/www.ariasassessors.com\/ca\/indemnitzacio-per-a-pimes-afectades-pels-incendis-com-protegir-el-teu-negoci\/#primaryimage","url":"https:\/\/www.ariasassessors.com\/wp-content\/uploads\/2025\/09\/Multas-por-Mal-Registro-Horario-Lo-que-las-Empresas-Deben-Saber-1.png","contentUrl":"https:\/\/www.ariasassessors.com\/wp-content\/uploads\/2025\/09\/Multas-por-Mal-Registro-Horario-Lo-que-las-Empresas-Deben-Saber-1.png","width":1920,"height":1202},{"@type":"BreadcrumbList","@id":"https:\/\/www.ariasassessors.com\/ca\/indemnitzacio-per-a-pimes-afectades-pels-incendis-com-protegir-el-teu-negoci\/#breadcrumb","itemListElement":[{"@type":"ListItem","position":1,"name":"Portada","item":"https:\/\/www.ariasassessors.com\/ca\/"},{"@type":"ListItem","position":2,"name":"Indemnitzaci\u00f3 per a pimes afectades pels incendis: com protegir el teu negoci"}]},{"@type":"WebSite","@id":"https:\/\/www.ariasassessors.com\/#website","url":"https:\/\/www.ariasassessors.com\/","name":"Arias Assessors","description":"Asesor\u00eda para aut\u00f3nomos, profesionales y PYMES","publisher":{"@id":"https:\/\/www.ariasassessors.com\/#organization"},"potentialAction":[{"@type":"SearchAction","target":{"@type":"EntryPoint","urlTemplate":"https:\/\/www.ariasassessors.com\/?s={search_term_string}"},"query-input":{"@type":"PropertyValueSpecification","valueRequired":true,"valueName":"search_term_string"}}],"inLanguage":"ca"},{"@type":"Organization","@id":"https:\/\/www.ariasassessors.com\/#organization","name":"Arias Assessors","url":"https:\/\/www.ariasassessors.com\/","logo":{"@type":"ImageObject","inLanguage":"ca","@id":"https:\/\/www.ariasassessors.com\/#\/schema\/logo\/image\/","url":"https:\/\/www.ariasassessors.com\/wp-content\/uploads\/2019\/01\/arias-logo.png","contentUrl":"https:\/\/www.ariasassessors.com\/wp-content\/uploads\/2019\/01\/arias-logo.png","width":349,"height":254,"caption":"Arias Assessors"},"image":{"@id":"https:\/\/www.ariasassessors.com\/#\/schema\/logo\/image\/"},"sameAs":["https:\/\/www.facebook.com\/ariasassessors\/","https:\/\/x.com\/ariasassessors","https:\/\/www.linkedin.com\/company\/r&amp;amp;r-growing-knowledge\/"]},{"@type":"Person","@id":"https:\/\/www.ariasassessors.com\/#\/schema\/person\/63c6ad1775f0a9413c37932562673cef","name":"btorras","image":{"@type":"ImageObject","inLanguage":"ca","@id":"https:\/\/www.ariasassessors.com\/#\/schema\/person\/image\/","url":"https:\/\/secure.gravatar.com\/avatar\/0531db351fc361fdbfd204c58fa2d6a3?s=96&d=mm&r=g","contentUrl":"https:\/\/secure.gravatar.com\/avatar\/0531db351fc361fdbfd204c58fa2d6a3?s=96&d=mm&r=g","caption":"btorras"}}]}},"_links":{"self":[{"href":"https:\/\/www.ariasassessors.com\/ca\/wp-json\/wp\/v2\/posts\/4435","targetHints":{"allow":["GET"]}}],"collection":[{"href":"https:\/\/www.ariasassessors.com\/ca\/wp-json\/wp\/v2\/posts"}],"about":[{"href":"https:\/\/www.ariasassessors.com\/ca\/wp-json\/wp\/v2\/types\/post"}],"author":[{"embeddable":true,"href":"https:\/\/www.ariasassessors.com\/ca\/wp-json\/wp\/v2\/users\/2"}],"replies":[{"embeddable":true,"href":"https:\/\/www.ariasassessors.com\/ca\/wp-json\/wp\/v2\/comments?post=4435"}],"version-history":[{"count":1,"href":"https:\/\/www.ariasassessors.com\/ca\/wp-json\/wp\/v2\/posts\/4435\/revisions"}],"predecessor-version":[{"id":4436,"href":"https:\/\/www.ariasassessors.com\/ca\/wp-json\/wp\/v2\/posts\/4435\/revisions\/4436"}],"wp:featuredmedia":[{"embeddable":true,"href":"https:\/\/www.ariasassessors.com\/ca\/wp-json\/wp\/v2\/media\/4433"}],"wp:attachment":[{"href":"https:\/\/www.ariasassessors.com\/ca\/wp-json\/wp\/v2\/media?parent=4435"}],"wp:term":[{"taxonomy":"category","embeddable":true,"href":"https:\/\/www.ariasassessors.com\/ca\/wp-json\/wp\/v2\/categories?post=4435"},{"taxonomy":"post_tag","embeddable":true,"href":"https:\/\/www.ariasassessors.com\/ca\/wp-json\/wp\/v2\/tags?post=4435"}],"curies":[{"name":"wp","href":"https:\/\/api.w.org\/{rel}","templated":true}]}}