{"id":4442,"date":"2025-09-05T10:20:59","date_gmt":"2025-09-05T08:20:59","guid":{"rendered":"https:\/\/www.ariasassessors.com\/?p=4442"},"modified":"2025-09-05T10:20:59","modified_gmt":"2025-09-05T08:20:59","slug":"milers-dautonoms-encara-esperen-la-devolucio-de-la-renda","status":"publish","type":"post","link":"https:\/\/www.ariasassessors.com\/ca\/milers-dautonoms-encara-esperen-la-devolucio-de-la-renda\/","title":{"rendered":"Milers d&#8217;aut\u00f2noms encara esperen la devoluci\u00f3 de la renda: per qu\u00e8 es retarda?"},"content":{"rendered":"<p>A mesura que avan\u00e7a el calendari, milers d&#8217;aut\u00f2noms a Espanya segueixen esperant la tan esperada devoluci\u00f3 de la renda. Encara que la campanya de l&#8217;IRPF 2024-2025 va finalitzar fa setmanes, un percentatge significatiu de contribuents encara no ha rebut l&#8217;ingr\u00e9s per part de l&#8217;Ag\u00e8ncia Tribut\u00e0ria. Aquest retard, lluny de ser anecd\u00f2tic, afecta directament la liquiditat de molts negocis.<\/p>\n<p>Segons les \u00faltimes dades, Hisenda ha abonat ja prop del 86% de les devolucions sol\u00b7licitades. No obstant aix\u00f2, aix\u00f2 implica que prop del 14% dels declarants, molts d&#8217;ells aut\u00f2noms, continuen en espera. Aquesta situaci\u00f3 genera incertesa i tensi\u00f3 financera, especialment entre aquells que comptaven amb aquest ingr\u00e9s per afrontar pagaments urgents o fer noves inversions.<\/p>\n<div id=\"ez-toc-container\" class=\"ez-toc-v2_0_72 counter-hierarchy ez-toc-counter ez-toc-grey ez-toc-container-direction\">\n<div class=\"ez-toc-title-container\">\n<p class=\"ez-toc-title\" style=\"cursor:inherit\">\u00cdndice de Contenidos<\/p>\n<span class=\"ez-toc-title-toggle\"><a href=\"#\" class=\"ez-toc-pull-right ez-toc-btn ez-toc-btn-xs ez-toc-btn-default ez-toc-toggle\" aria-label=\"Toggle Table of Content\"><span class=\"ez-toc-js-icon-con\"><span class=\"\"><span class=\"eztoc-hide\" style=\"display:none;\">Toggle<\/span><span class=\"ez-toc-icon-toggle-span\"><svg style=\"fill: #428bca;color:#428bca\" xmlns=\"http:\/\/www.w3.org\/2000\/svg\" class=\"list-377408\" width=\"20px\" height=\"20px\" viewBox=\"0 0 24 24\" fill=\"none\"><path d=\"M6 6H4v2h2V6zm14 0H8v2h12V6zM4 11h2v2H4v-2zm16 0H8v2h12v-2zM4 16h2v2H4v-2zm16 0H8v2h12v-2z\" fill=\"currentColor\"><\/path><\/svg><svg style=\"fill: #428bca;color:#428bca\" class=\"arrow-unsorted-368013\" xmlns=\"http:\/\/www.w3.org\/2000\/svg\" width=\"10px\" height=\"10px\" viewBox=\"0 0 24 24\" version=\"1.2\" baseProfile=\"tiny\"><path d=\"M18.2 9.3l-6.2-6.3-6.2 6.3c-.2.2-.3.4-.3.7s.1.5.3.7c.2.2.4.3.7.3h11c.3 0 .5-.1.7-.3.2-.2.3-.5.3-.7s-.1-.5-.3-.7zM5.8 14.7l6.2 6.3 6.2-6.3c.2-.2.3-.5.3-.7s-.1-.5-.3-.7c-.2-.2-.4-.3-.7-.3h-11c-.3 0-.5.1-.7.3-.2.2-.3.5-.3.7s.1.5.3.7z\"\/><\/svg><\/span><\/span><\/span><\/a><\/span><\/div>\n<nav><ul class='ez-toc-list ez-toc-list-level-1 eztoc-toggle-hide-by-default' ><li class='ez-toc-page-1 ez-toc-heading-level-2'><a class=\"ez-toc-link ez-toc-heading-1\" href=\"https:\/\/www.ariasassessors.com\/ca\/milers-dautonoms-encara-esperen-la-devolucio-de-la-renda\/#Que_diu_Hisenda_sobre_els_pagaments_pendents_de_la_devolucio_de_la_renda\" title=\"Qu\u00e8 diu Hisenda sobre els pagaments pendents de la devoluci\u00f3 de la renda\">Qu\u00e8 diu Hisenda sobre els pagaments pendents de la devoluci\u00f3 de la renda<\/a><\/li><li class='ez-toc-page-1 ez-toc-heading-level-2'><a class=\"ez-toc-link ez-toc-heading-2\" href=\"https:\/\/www.ariasassessors.com\/ca\/milers-dautonoms-encara-esperen-la-devolucio-de-la-renda\/#Principals_causes_per_les_quals_Hisenda_pot_retenir_la_devolucio\" title=\"Principals causes per les quals Hisenda pot retenir la devoluci\u00f3\">Principals causes per les quals Hisenda pot retenir la devoluci\u00f3<\/a><\/li><li class='ez-toc-page-1 ez-toc-heading-level-2'><a class=\"ez-toc-link ez-toc-heading-3\" href=\"https:\/\/www.ariasassessors.com\/ca\/milers-dautonoms-encara-esperen-la-devolucio-de-la-renda\/#Que_fer_si_la_teva_devolucio_no_ha_arribat_abans_de_final_dany\" title=\"Qu\u00e8 fer si la teva devoluci\u00f3 no ha arribat abans de final d&#8217;any\">Qu\u00e8 fer si la teva devoluci\u00f3 no ha arribat abans de final d&#8217;any<\/a><\/li><li class='ez-toc-page-1 ez-toc-heading-level-2'><a class=\"ez-toc-link ez-toc-heading-4\" href=\"https:\/\/www.ariasassessors.com\/ca\/milers-dautonoms-encara-esperen-la-devolucio-de-la-renda\/#Com_afecta_el_retard_de_la_devolucio_a_la_liquiditat_dels_autonoms\" title=\"Com afecta el retard de la devoluci\u00f3 a la liquiditat dels aut\u00f2noms\">Com afecta el retard de la devoluci\u00f3 a la liquiditat dels aut\u00f2noms<\/a><\/li><li class='ez-toc-page-1 ez-toc-heading-level-2'><a class=\"ez-toc-link ez-toc-heading-5\" href=\"https:\/\/www.ariasassessors.com\/ca\/milers-dautonoms-encara-esperen-la-devolucio-de-la-renda\/#Errors_frequents_en_les_declaracions_de_la_renda_que_generen_comprovacions\" title=\"Errors freq\u00fcents en les declaracions de la renda que generen comprovacions\">Errors freq\u00fcents en les declaracions de la renda que generen comprovacions<\/a><\/li><li class='ez-toc-page-1 ez-toc-heading-level-2'><a class=\"ez-toc-link ez-toc-heading-6\" href=\"https:\/\/www.ariasassessors.com\/ca\/milers-dautonoms-encara-esperen-la-devolucio-de-la-renda\/#Com_podem_ajudar-te_a_Arias_Assessors_si_encara_no_has_cobrat_la_teva_devolucio\" title=\"Com podem ajudar-te a Arias Assessors si encara no has cobrat la teva devoluci\u00f3\">Com podem ajudar-te a Arias Assessors si encara no has cobrat la teva devoluci\u00f3<\/a><\/li><\/ul><\/nav><\/div>\n<h2><span class=\"ez-toc-section\" id=\"Que_diu_Hisenda_sobre_els_pagaments_pendents_de_la_devolucio_de_la_renda\"><\/span>Qu\u00e8 diu Hisenda sobre els pagaments pendents de la devoluci\u00f3 de la renda<span class=\"ez-toc-section-end\"><\/span><\/h2>\n<p>Des de l&#8217;Ag\u00e8ncia Tribut\u00e0ria s&#8217;assegura que, encara que una gran part de les devolucions ja s&#8217;han abonat, encara en queden moltes per processar i que s&#8217;estan gestionant dins del termini legal. De fet, Hisenda disposa de fins a sis mesos des del final de la campanya per fer l&#8217;ingr\u00e9s sense haver de pagar interessos de demora.<\/p>\n<p>Tanmateix, aquest marge temporal no sempre \u00e9s ben ent\u00e8s pels aut\u00f2noms, que tendeixen a comparar la seva situaci\u00f3 amb altres contribuents que ja han rebut els diners. En molts casos, el fet que Hisenda encara no hagi fet l&#8217;ingr\u00e9s no significa que hi hagi un problema greu, sin\u00f3 que la declaraci\u00f3 podria estar sotmesa a revisions rutin\u00e0ries.<\/p>\n<h2><span class=\"ez-toc-section\" id=\"Principals_causes_per_les_quals_Hisenda_pot_retenir_la_devolucio\"><\/span>Principals causes per les quals Hisenda pot retenir la devoluci\u00f3<span class=\"ez-toc-section-end\"><\/span><\/h2>\n<p>Hi ha diverses raons per les quals la devoluci\u00f3 de la renda pot retardar-se. Algunes de les m\u00e9s habituals s\u00f3n:<\/p>\n<ul data-spread=\"false\">\n<li><strong>Discrep\u00e0ncies entre les dades fiscals i la declaraci\u00f3 presentada.<\/strong> Per exemple, si el contribuent va ometre ingressos o va aplicar deduccions sense justificar.<\/li>\n<li><strong>Errors en les dades personals.<\/strong> Canvis de domicili no comunicats, comptes bancaris incorrectes o dades desactualitzades.<\/li>\n<li><strong>Ingressos at\u00edpics.<\/strong> Com els procedents de lloguers de curta durada o subvencions no declarades pr\u00e8viament.<\/li>\n<li><strong>Quantitats elevades a retornar.<\/strong> En aquests casos, Hisenda tendeix a aplicar controls m\u00e9s exhaustius abans d&#8217;autoritzar l&#8217;ingr\u00e9s.<\/li>\n<li><strong>Comprovaci\u00f3 o revisi\u00f3 manual de la declaraci\u00f3.<\/strong> Quelcom bastant com\u00fa entre els aut\u00f2noms, a causa de la complexitat dels seus rendiments.<\/li>\n<\/ul>\n<h2><span class=\"ez-toc-section\" id=\"Que_fer_si_la_teva_devolucio_no_ha_arribat_abans_de_final_dany\"><\/span>Qu\u00e8 fer si la teva devoluci\u00f3 no ha arribat abans de final d&#8217;any<span class=\"ez-toc-section-end\"><\/span><\/h2>\n<p>La clau \u00e9s fer un seguiment proactiu. Si passat desembre no s&#8217;ha rebut la devoluci\u00f3, i han transcorregut m\u00e9s de sis mesos des de la presentaci\u00f3, \u00e9s convenient revisar l&#8217;estat de la declaraci\u00f3 a la seu electr\u00f2nica de l&#8217;Ag\u00e8ncia Tribut\u00e0ria.<\/p>\n<p>En aquests casos, Hisenda est\u00e0 obligada a abonar interessos de demora (al voltant del 4%) des de l&#8217;1 de gener. Tamb\u00e9 es pot rebre una notificaci\u00f3 sol\u00b7licitant documentaci\u00f3 addicional. Per aix\u00f2, \u00e9s fonamental comptar amb un assessor que pugui respondre de manera \u00e0gil a qualsevol requeriment.<\/p>\n<h2><span class=\"ez-toc-section\" id=\"Com_afecta_el_retard_de_la_devolucio_a_la_liquiditat_dels_autonoms\"><\/span>Com afecta el retard de la devoluci\u00f3 a la liquiditat dels aut\u00f2noms<span class=\"ez-toc-section-end\"><\/span><\/h2>\n<p>Per als aut\u00f2noms, la devoluci\u00f3 de la renda no \u00e9s un extra, sin\u00f3 part del seu circulant. Molts presenten la declaraci\u00f3 a retornar amb la previsi\u00f3 d&#8217;utilitzar aquest ingr\u00e9s per pagar quotes, invertir en millores o simplement mantenir la seva activitat sense tensions financeres.<\/p>\n<p>Un retard de setmanes, o fins i tot mesos, pot significar la necessitat de rec\u00f3rrer a finan\u00e7ament extern, endarrerir pagaments a prove\u00efdors o posposar decisions clau. La devoluci\u00f3 de la renda no \u00e9s un luxe, \u00e9s una eina essencial per mantenir l&#8217;estabilitat econ\u00f2mica de molts negocis.<\/p>\n<h2><span class=\"ez-toc-section\" id=\"Errors_frequents_en_les_declaracions_de_la_renda_que_generen_comprovacions\"><\/span>Errors freq\u00fcents en les declaracions de la renda que generen comprovacions<span class=\"ez-toc-section-end\"><\/span><\/h2>\n<p>En la nostra experi\u00e8ncia a Arias Assessors, els errors que m\u00e9s solen provocar retards en les devolucions de la renda s\u00f3n:<\/p>\n<ul data-spread=\"false\">\n<li>Deduccions per habitatge habitual mal aplicades.<\/li>\n<li>Despeses per subministraments al domicili professional no ben documentats.<\/li>\n<li>Confusi\u00f3 en declarar ingressos procedents d&#8217;activitats access\u00f2ries.<\/li>\n<li>Errors en indicar retencions practicades o ingressos exempts.<\/li>\n<\/ul>\n<p>La complexitat de la situaci\u00f3 de molts aut\u00f2noms fa que qualsevol error, per lleu que sembli, pugui donar lloc a una revisi\u00f3 manual que alentisca tot el proc\u00e9s.<\/p>\n<h2><span class=\"ez-toc-section\" id=\"Com_podem_ajudar-te_a_Arias_Assessors_si_encara_no_has_cobrat_la_teva_devolucio\"><\/span>Com podem ajudar-te a Arias Assessors si encara no has cobrat la teva devoluci\u00f3<span class=\"ez-toc-section-end\"><\/span><\/h2>\n<p>A <a href=\"https:\/\/www.ariasassessors.com\/\">Arias Assessors<\/a> portem m\u00e9s de 25 anys ajudant aut\u00f2noms i pimes a Barcelona amb les seves obligacions fiscals. Si encara no has rebut la teva devoluci\u00f3 de la renda:<\/p>\n<ul data-spread=\"false\">\n<li>Podem revisar l&#8217;estat del teu expedient i detectar possibles incid\u00e8ncies.<\/li>\n<li>Gestionem amb l<a href=\"https:\/\/sede.agenciatributaria.gob.es\/\" target=\"_blank\" rel=\"noopener\">&#8216;Ag\u00e8ncia Tribut\u00e0ria<\/a> qualsevol requeriment que hagis rebut.<\/li>\n<li>Ens assegurem que totes les teves dades estiguin correctes i actualitzades.<\/li>\n<li>T&#8217;acompanyem en cas de reclamacions, sol\u00b7licituds d&#8217;inter\u00e8s o esmenes.<\/li>\n<\/ul>\n<p>La nostra experi\u00e8ncia ens permet actuar amb rapidesa i efic\u00e0cia, resolent la situaci\u00f3 perqu\u00e8 puguis recuperar al m\u00e9s aviat possible all\u00f2 que et correspon.<\/p>\n<p><strong>En resum<\/strong>, si encara no has rebut la devoluci\u00f3 de la renda, no est\u00e0s sol. Molts aut\u00f2noms es troben en la mateixa situaci\u00f3. Per\u00f2 no tot est\u00e0 perdut: entendre els motius, vigilar els terminis i comptar amb assessorament expert pot marcar la difer\u00e8ncia entre un simple retard i una complicaci\u00f3 major.<\/p>\n","protected":false},"excerpt":{"rendered":"<p>A mesura que avan\u00e7a el calendari, milers d&#8217;aut\u00f2noms a Espanya segueixen esperant la tan esperada devoluci\u00f3 de la renda. Encara que la campanya de l&#8217;IRPF 2024-2025 va finalitzar fa setmanes, un percentatge significatiu de contribuents encara no ha rebut l&#8217;ingr\u00e9s per part de l&#8217;Ag\u00e8ncia Tribut\u00e0ria&#8230;.<\/p>\n","protected":false},"author":2,"featured_media":4440,"comment_status":"open","ping_status":"open","sticky":false,"template":"","format":"standard","meta":{"footnotes":""},"categories":[4],"tags":[],"class_list":["post-4442","post","type-post","status-publish","format-standard","has-post-thumbnail","hentry","category-noticies"],"yoast_head":"<!-- This site is optimized with the Yoast SEO plugin v24.3 - https:\/\/yoast.com\/wordpress\/plugins\/seo\/ -->\n<title>Milers d&#039;aut\u00f2noms encara esperen la devoluci\u00f3 de la renda - Arias<\/title>\n<meta name=\"description\" content=\"La devoluci\u00f3 de la renda s\u2019est\u00e0 retardant per a milers d\u2019aut\u00f2noms. Analitzem les causes habituals i com actuar si encara no has cobrat.\" \/>\n<meta name=\"robots\" content=\"index, follow, max-snippet:-1, max-image-preview:large, max-video-preview:-1\" \/>\n<link rel=\"canonical\" href=\"https:\/\/www.ariasassessors.com\/ca\/milers-dautonoms-encara-esperen-la-devolucio-de-la-renda\/\" \/>\n<meta property=\"og:locale\" content=\"ca_ES\" \/>\n<meta property=\"og:type\" content=\"article\" \/>\n<meta property=\"og:title\" content=\"Milers d&#039;aut\u00f2noms encara esperen la devoluci\u00f3 de la renda - Arias\" \/>\n<meta property=\"og:description\" content=\"La devoluci\u00f3 de la renda s\u2019est\u00e0 retardant per a milers d\u2019aut\u00f2noms. Analitzem les causes habituals i com actuar si encara no has cobrat.\" \/>\n<meta property=\"og:url\" content=\"https:\/\/www.ariasassessors.com\/ca\/milers-dautonoms-encara-esperen-la-devolucio-de-la-renda\/\" \/>\n<meta property=\"og:site_name\" content=\"Arias Assessors\" \/>\n<meta property=\"article:publisher\" content=\"https:\/\/www.facebook.com\/ariasassessors\/\" \/>\n<meta property=\"article:published_time\" content=\"2025-09-05T08:20:59+00:00\" \/>\n<meta property=\"og:image\" content=\"https:\/\/www.ariasassessors.com\/wp-content\/uploads\/2025\/09\/Miniatura-Entrevista-Raul-1.png\" \/>\n\t<meta property=\"og:image:width\" content=\"1920\" \/>\n\t<meta property=\"og:image:height\" content=\"1202\" \/>\n\t<meta property=\"og:image:type\" content=\"image\/png\" \/>\n<meta name=\"author\" content=\"btorras\" \/>\n<meta name=\"twitter:card\" content=\"summary_large_image\" \/>\n<meta name=\"twitter:creator\" content=\"@ariasassessors\" \/>\n<meta name=\"twitter:site\" content=\"@ariasassessors\" \/>\n<meta name=\"twitter:label1\" content=\"Escrit per\" \/>\n\t<meta name=\"twitter:data1\" content=\"btorras\" \/>\n\t<meta name=\"twitter:label2\" content=\"Temps estimat de lectura\" \/>\n\t<meta name=\"twitter:data2\" content=\"4 minuts\" \/>\n<script type=\"application\/ld+json\" class=\"yoast-schema-graph\">{\"@context\":\"https:\/\/schema.org\",\"@graph\":[{\"@type\":\"Article\",\"@id\":\"https:\/\/www.ariasassessors.com\/ca\/milers-dautonoms-encara-esperen-la-devolucio-de-la-renda\/#article\",\"isPartOf\":{\"@id\":\"https:\/\/www.ariasassessors.com\/ca\/milers-dautonoms-encara-esperen-la-devolucio-de-la-renda\/\"},\"author\":{\"name\":\"btorras\",\"@id\":\"https:\/\/www.ariasassessors.com\/#\/schema\/person\/63c6ad1775f0a9413c37932562673cef\"},\"headline\":\"Milers d&#8217;aut\u00f2noms encara esperen la devoluci\u00f3 de la renda: per qu\u00e8 es retarda?\",\"datePublished\":\"2025-09-05T08:20:59+00:00\",\"dateModified\":\"2025-09-05T08:20:59+00:00\",\"mainEntityOfPage\":{\"@id\":\"https:\/\/www.ariasassessors.com\/ca\/milers-dautonoms-encara-esperen-la-devolucio-de-la-renda\/\"},\"wordCount\":876,\"commentCount\":0,\"publisher\":{\"@id\":\"https:\/\/www.ariasassessors.com\/#organization\"},\"image\":{\"@id\":\"https:\/\/www.ariasassessors.com\/ca\/milers-dautonoms-encara-esperen-la-devolucio-de-la-renda\/#primaryimage\"},\"thumbnailUrl\":\"https:\/\/www.ariasassessors.com\/wp-content\/uploads\/2025\/09\/Miniatura-Entrevista-Raul-1.png\",\"articleSection\":[\"noticies\"],\"inLanguage\":\"ca\",\"potentialAction\":[{\"@type\":\"CommentAction\",\"name\":\"Comment\",\"target\":[\"https:\/\/www.ariasassessors.com\/ca\/milers-dautonoms-encara-esperen-la-devolucio-de-la-renda\/#respond\"]}]},{\"@type\":\"WebPage\",\"@id\":\"https:\/\/www.ariasassessors.com\/ca\/milers-dautonoms-encara-esperen-la-devolucio-de-la-renda\/\",\"url\":\"https:\/\/www.ariasassessors.com\/ca\/milers-dautonoms-encara-esperen-la-devolucio-de-la-renda\/\",\"name\":\"Milers d'aut\u00f2noms encara esperen la devoluci\u00f3 de la renda - Arias\",\"isPartOf\":{\"@id\":\"https:\/\/www.ariasassessors.com\/#website\"},\"primaryImageOfPage\":{\"@id\":\"https:\/\/www.ariasassessors.com\/ca\/milers-dautonoms-encara-esperen-la-devolucio-de-la-renda\/#primaryimage\"},\"image\":{\"@id\":\"https:\/\/www.ariasassessors.com\/ca\/milers-dautonoms-encara-esperen-la-devolucio-de-la-renda\/#primaryimage\"},\"thumbnailUrl\":\"https:\/\/www.ariasassessors.com\/wp-content\/uploads\/2025\/09\/Miniatura-Entrevista-Raul-1.png\",\"datePublished\":\"2025-09-05T08:20:59+00:00\",\"dateModified\":\"2025-09-05T08:20:59+00:00\",\"description\":\"La devoluci\u00f3 de la renda s\u2019est\u00e0 retardant per a milers d\u2019aut\u00f2noms. Analitzem les causes habituals i com actuar si encara no has cobrat.\",\"breadcrumb\":{\"@id\":\"https:\/\/www.ariasassessors.com\/ca\/milers-dautonoms-encara-esperen-la-devolucio-de-la-renda\/#breadcrumb\"},\"inLanguage\":\"ca\",\"potentialAction\":[{\"@type\":\"ReadAction\",\"target\":[\"https:\/\/www.ariasassessors.com\/ca\/milers-dautonoms-encara-esperen-la-devolucio-de-la-renda\/\"]}]},{\"@type\":\"ImageObject\",\"inLanguage\":\"ca\",\"@id\":\"https:\/\/www.ariasassessors.com\/ca\/milers-dautonoms-encara-esperen-la-devolucio-de-la-renda\/#primaryimage\",\"url\":\"https:\/\/www.ariasassessors.com\/wp-content\/uploads\/2025\/09\/Miniatura-Entrevista-Raul-1.png\",\"contentUrl\":\"https:\/\/www.ariasassessors.com\/wp-content\/uploads\/2025\/09\/Miniatura-Entrevista-Raul-1.png\",\"width\":1920,\"height\":1202},{\"@type\":\"BreadcrumbList\",\"@id\":\"https:\/\/www.ariasassessors.com\/ca\/milers-dautonoms-encara-esperen-la-devolucio-de-la-renda\/#breadcrumb\",\"itemListElement\":[{\"@type\":\"ListItem\",\"position\":1,\"name\":\"Portada\",\"item\":\"https:\/\/www.ariasassessors.com\/ca\/\"},{\"@type\":\"ListItem\",\"position\":2,\"name\":\"Milers d&#8217;aut\u00f2noms encara esperen la devoluci\u00f3 de la renda: per qu\u00e8 es retarda?\"}]},{\"@type\":\"WebSite\",\"@id\":\"https:\/\/www.ariasassessors.com\/#website\",\"url\":\"https:\/\/www.ariasassessors.com\/\",\"name\":\"Arias Assessors\",\"description\":\"Asesor\u00eda para aut\u00f3nomos, profesionales y PYMES\",\"publisher\":{\"@id\":\"https:\/\/www.ariasassessors.com\/#organization\"},\"potentialAction\":[{\"@type\":\"SearchAction\",\"target\":{\"@type\":\"EntryPoint\",\"urlTemplate\":\"https:\/\/www.ariasassessors.com\/?s={search_term_string}\"},\"query-input\":{\"@type\":\"PropertyValueSpecification\",\"valueRequired\":true,\"valueName\":\"search_term_string\"}}],\"inLanguage\":\"ca\"},{\"@type\":\"Organization\",\"@id\":\"https:\/\/www.ariasassessors.com\/#organization\",\"name\":\"Arias Assessors\",\"url\":\"https:\/\/www.ariasassessors.com\/\",\"logo\":{\"@type\":\"ImageObject\",\"inLanguage\":\"ca\",\"@id\":\"https:\/\/www.ariasassessors.com\/#\/schema\/logo\/image\/\",\"url\":\"https:\/\/www.ariasassessors.com\/wp-content\/uploads\/2019\/01\/arias-logo.png\",\"contentUrl\":\"https:\/\/www.ariasassessors.com\/wp-content\/uploads\/2019\/01\/arias-logo.png\",\"width\":349,\"height\":254,\"caption\":\"Arias Assessors\"},\"image\":{\"@id\":\"https:\/\/www.ariasassessors.com\/#\/schema\/logo\/image\/\"},\"sameAs\":[\"https:\/\/www.facebook.com\/ariasassessors\/\",\"https:\/\/x.com\/ariasassessors\",\"https:\/\/www.linkedin.com\/company\/r&amp;amp;r-growing-knowledge\/\"]},{\"@type\":\"Person\",\"@id\":\"https:\/\/www.ariasassessors.com\/#\/schema\/person\/63c6ad1775f0a9413c37932562673cef\",\"name\":\"btorras\",\"image\":{\"@type\":\"ImageObject\",\"inLanguage\":\"ca\",\"@id\":\"https:\/\/www.ariasassessors.com\/#\/schema\/person\/image\/\",\"url\":\"https:\/\/secure.gravatar.com\/avatar\/0531db351fc361fdbfd204c58fa2d6a3?s=96&d=mm&r=g\",\"contentUrl\":\"https:\/\/secure.gravatar.com\/avatar\/0531db351fc361fdbfd204c58fa2d6a3?s=96&d=mm&r=g\",\"caption\":\"btorras\"}}]}<\/script>\n<!-- \/ Yoast SEO plugin. -->","yoast_head_json":{"title":"Milers d'aut\u00f2noms encara esperen la devoluci\u00f3 de la renda - Arias","description":"La devoluci\u00f3 de la renda s\u2019est\u00e0 retardant per a milers d\u2019aut\u00f2noms. Analitzem les causes habituals i com actuar si encara no has cobrat.","robots":{"index":"index","follow":"follow","max-snippet":"max-snippet:-1","max-image-preview":"max-image-preview:large","max-video-preview":"max-video-preview:-1"},"canonical":"https:\/\/www.ariasassessors.com\/ca\/milers-dautonoms-encara-esperen-la-devolucio-de-la-renda\/","og_locale":"ca_ES","og_type":"article","og_title":"Milers d'aut\u00f2noms encara esperen la devoluci\u00f3 de la renda - Arias","og_description":"La devoluci\u00f3 de la renda s\u2019est\u00e0 retardant per a milers d\u2019aut\u00f2noms. Analitzem les causes habituals i com actuar si encara no has cobrat.","og_url":"https:\/\/www.ariasassessors.com\/ca\/milers-dautonoms-encara-esperen-la-devolucio-de-la-renda\/","og_site_name":"Arias Assessors","article_publisher":"https:\/\/www.facebook.com\/ariasassessors\/","article_published_time":"2025-09-05T08:20:59+00:00","og_image":[{"width":1920,"height":1202,"url":"https:\/\/www.ariasassessors.com\/wp-content\/uploads\/2025\/09\/Miniatura-Entrevista-Raul-1.png","type":"image\/png"}],"author":"btorras","twitter_card":"summary_large_image","twitter_creator":"@ariasassessors","twitter_site":"@ariasassessors","twitter_misc":{"Escrit per":"btorras","Temps estimat de lectura":"4 minuts"},"schema":{"@context":"https:\/\/schema.org","@graph":[{"@type":"Article","@id":"https:\/\/www.ariasassessors.com\/ca\/milers-dautonoms-encara-esperen-la-devolucio-de-la-renda\/#article","isPartOf":{"@id":"https:\/\/www.ariasassessors.com\/ca\/milers-dautonoms-encara-esperen-la-devolucio-de-la-renda\/"},"author":{"name":"btorras","@id":"https:\/\/www.ariasassessors.com\/#\/schema\/person\/63c6ad1775f0a9413c37932562673cef"},"headline":"Milers d&#8217;aut\u00f2noms encara esperen la devoluci\u00f3 de la renda: per qu\u00e8 es retarda?","datePublished":"2025-09-05T08:20:59+00:00","dateModified":"2025-09-05T08:20:59+00:00","mainEntityOfPage":{"@id":"https:\/\/www.ariasassessors.com\/ca\/milers-dautonoms-encara-esperen-la-devolucio-de-la-renda\/"},"wordCount":876,"commentCount":0,"publisher":{"@id":"https:\/\/www.ariasassessors.com\/#organization"},"image":{"@id":"https:\/\/www.ariasassessors.com\/ca\/milers-dautonoms-encara-esperen-la-devolucio-de-la-renda\/#primaryimage"},"thumbnailUrl":"https:\/\/www.ariasassessors.com\/wp-content\/uploads\/2025\/09\/Miniatura-Entrevista-Raul-1.png","articleSection":["noticies"],"inLanguage":"ca","potentialAction":[{"@type":"CommentAction","name":"Comment","target":["https:\/\/www.ariasassessors.com\/ca\/milers-dautonoms-encara-esperen-la-devolucio-de-la-renda\/#respond"]}]},{"@type":"WebPage","@id":"https:\/\/www.ariasassessors.com\/ca\/milers-dautonoms-encara-esperen-la-devolucio-de-la-renda\/","url":"https:\/\/www.ariasassessors.com\/ca\/milers-dautonoms-encara-esperen-la-devolucio-de-la-renda\/","name":"Milers d'aut\u00f2noms encara esperen la devoluci\u00f3 de la renda - Arias","isPartOf":{"@id":"https:\/\/www.ariasassessors.com\/#website"},"primaryImageOfPage":{"@id":"https:\/\/www.ariasassessors.com\/ca\/milers-dautonoms-encara-esperen-la-devolucio-de-la-renda\/#primaryimage"},"image":{"@id":"https:\/\/www.ariasassessors.com\/ca\/milers-dautonoms-encara-esperen-la-devolucio-de-la-renda\/#primaryimage"},"thumbnailUrl":"https:\/\/www.ariasassessors.com\/wp-content\/uploads\/2025\/09\/Miniatura-Entrevista-Raul-1.png","datePublished":"2025-09-05T08:20:59+00:00","dateModified":"2025-09-05T08:20:59+00:00","description":"La devoluci\u00f3 de la renda s\u2019est\u00e0 retardant per a milers d\u2019aut\u00f2noms. Analitzem les causes habituals i com actuar si encara no has cobrat.","breadcrumb":{"@id":"https:\/\/www.ariasassessors.com\/ca\/milers-dautonoms-encara-esperen-la-devolucio-de-la-renda\/#breadcrumb"},"inLanguage":"ca","potentialAction":[{"@type":"ReadAction","target":["https:\/\/www.ariasassessors.com\/ca\/milers-dautonoms-encara-esperen-la-devolucio-de-la-renda\/"]}]},{"@type":"ImageObject","inLanguage":"ca","@id":"https:\/\/www.ariasassessors.com\/ca\/milers-dautonoms-encara-esperen-la-devolucio-de-la-renda\/#primaryimage","url":"https:\/\/www.ariasassessors.com\/wp-content\/uploads\/2025\/09\/Miniatura-Entrevista-Raul-1.png","contentUrl":"https:\/\/www.ariasassessors.com\/wp-content\/uploads\/2025\/09\/Miniatura-Entrevista-Raul-1.png","width":1920,"height":1202},{"@type":"BreadcrumbList","@id":"https:\/\/www.ariasassessors.com\/ca\/milers-dautonoms-encara-esperen-la-devolucio-de-la-renda\/#breadcrumb","itemListElement":[{"@type":"ListItem","position":1,"name":"Portada","item":"https:\/\/www.ariasassessors.com\/ca\/"},{"@type":"ListItem","position":2,"name":"Milers d&#8217;aut\u00f2noms encara esperen la devoluci\u00f3 de la renda: per qu\u00e8 es retarda?"}]},{"@type":"WebSite","@id":"https:\/\/www.ariasassessors.com\/#website","url":"https:\/\/www.ariasassessors.com\/","name":"Arias Assessors","description":"Asesor\u00eda para aut\u00f3nomos, profesionales y PYMES","publisher":{"@id":"https:\/\/www.ariasassessors.com\/#organization"},"potentialAction":[{"@type":"SearchAction","target":{"@type":"EntryPoint","urlTemplate":"https:\/\/www.ariasassessors.com\/?s={search_term_string}"},"query-input":{"@type":"PropertyValueSpecification","valueRequired":true,"valueName":"search_term_string"}}],"inLanguage":"ca"},{"@type":"Organization","@id":"https:\/\/www.ariasassessors.com\/#organization","name":"Arias Assessors","url":"https:\/\/www.ariasassessors.com\/","logo":{"@type":"ImageObject","inLanguage":"ca","@id":"https:\/\/www.ariasassessors.com\/#\/schema\/logo\/image\/","url":"https:\/\/www.ariasassessors.com\/wp-content\/uploads\/2019\/01\/arias-logo.png","contentUrl":"https:\/\/www.ariasassessors.com\/wp-content\/uploads\/2019\/01\/arias-logo.png","width":349,"height":254,"caption":"Arias Assessors"},"image":{"@id":"https:\/\/www.ariasassessors.com\/#\/schema\/logo\/image\/"},"sameAs":["https:\/\/www.facebook.com\/ariasassessors\/","https:\/\/x.com\/ariasassessors","https:\/\/www.linkedin.com\/company\/r&amp;amp;r-growing-knowledge\/"]},{"@type":"Person","@id":"https:\/\/www.ariasassessors.com\/#\/schema\/person\/63c6ad1775f0a9413c37932562673cef","name":"btorras","image":{"@type":"ImageObject","inLanguage":"ca","@id":"https:\/\/www.ariasassessors.com\/#\/schema\/person\/image\/","url":"https:\/\/secure.gravatar.com\/avatar\/0531db351fc361fdbfd204c58fa2d6a3?s=96&d=mm&r=g","contentUrl":"https:\/\/secure.gravatar.com\/avatar\/0531db351fc361fdbfd204c58fa2d6a3?s=96&d=mm&r=g","caption":"btorras"}}]}},"_links":{"self":[{"href":"https:\/\/www.ariasassessors.com\/ca\/wp-json\/wp\/v2\/posts\/4442","targetHints":{"allow":["GET"]}}],"collection":[{"href":"https:\/\/www.ariasassessors.com\/ca\/wp-json\/wp\/v2\/posts"}],"about":[{"href":"https:\/\/www.ariasassessors.com\/ca\/wp-json\/wp\/v2\/types\/post"}],"author":[{"embeddable":true,"href":"https:\/\/www.ariasassessors.com\/ca\/wp-json\/wp\/v2\/users\/2"}],"replies":[{"embeddable":true,"href":"https:\/\/www.ariasassessors.com\/ca\/wp-json\/wp\/v2\/comments?post=4442"}],"version-history":[{"count":1,"href":"https:\/\/www.ariasassessors.com\/ca\/wp-json\/wp\/v2\/posts\/4442\/revisions"}],"predecessor-version":[{"id":4443,"href":"https:\/\/www.ariasassessors.com\/ca\/wp-json\/wp\/v2\/posts\/4442\/revisions\/4443"}],"wp:featuredmedia":[{"embeddable":true,"href":"https:\/\/www.ariasassessors.com\/ca\/wp-json\/wp\/v2\/media\/4440"}],"wp:attachment":[{"href":"https:\/\/www.ariasassessors.com\/ca\/wp-json\/wp\/v2\/media?parent=4442"}],"wp:term":[{"taxonomy":"category","embeddable":true,"href":"https:\/\/www.ariasassessors.com\/ca\/wp-json\/wp\/v2\/categories?post=4442"},{"taxonomy":"post_tag","embeddable":true,"href":"https:\/\/www.ariasassessors.com\/ca\/wp-json\/wp\/v2\/tags?post=4442"}],"curies":[{"name":"wp","href":"https:\/\/api.w.org\/{rel}","templated":true}]}}