{"id":4459,"date":"2025-09-22T09:45:12","date_gmt":"2025-09-22T07:45:12","guid":{"rendered":"https:\/\/www.ariasassessors.com\/?p=4459"},"modified":"2025-09-22T09:45:12","modified_gmt":"2025-09-22T07:45:12","slug":"noves-quotes-per-a-autonoms-el-2026","status":"publish","type":"post","link":"https:\/\/www.ariasassessors.com\/ca\/noves-quotes-per-a-autonoms-el-2026\/","title":{"rendered":"Qu\u00e8 passar\u00e0 amb les noves quotes per a aut\u00f2noms el 2026?"},"content":{"rendered":"<p>Falten quatre mesos per acabar el 2025 i encara no sabem com seran les noves quotes per a aut\u00f2noms el 2026. Com a assessors fiscals, ens sorpr\u00e8n que encara no s\u2019hagi obert cap negociaci\u00f3 entre les associacions d\u2019aut\u00f2noms i la Seguretat Social. Aquesta incertesa afecta directament la planificaci\u00f3 econ\u00f2mica dels professionals per compte propi.<\/p>\n<p>El sistema de cotitzaci\u00f3 per ingressos reals, que va entrar en vigor fa dos anys, preveia taules per als anys 2023, 2024 i 2025. Passat aquest trienni, tocava revisar el funcionament del sistema i adaptar les taules. Aquesta revisi\u00f3 no ha comen\u00e7at ni tan sols.<\/p>\n<div id=\"ez-toc-container\" class=\"ez-toc-v2_0_72 counter-hierarchy ez-toc-counter ez-toc-grey ez-toc-container-direction\">\n<div class=\"ez-toc-title-container\">\n<p class=\"ez-toc-title\" style=\"cursor:inherit\">\u00cdndice de Contenidos<\/p>\n<span class=\"ez-toc-title-toggle\"><a href=\"#\" class=\"ez-toc-pull-right ez-toc-btn ez-toc-btn-xs ez-toc-btn-default ez-toc-toggle\" aria-label=\"Toggle Table of Content\"><span class=\"ez-toc-js-icon-con\"><span class=\"\"><span class=\"eztoc-hide\" style=\"display:none;\">Toggle<\/span><span class=\"ez-toc-icon-toggle-span\"><svg style=\"fill: #428bca;color:#428bca\" xmlns=\"http:\/\/www.w3.org\/2000\/svg\" class=\"list-377408\" width=\"20px\" height=\"20px\" viewBox=\"0 0 24 24\" fill=\"none\"><path d=\"M6 6H4v2h2V6zm14 0H8v2h12V6zM4 11h2v2H4v-2zm16 0H8v2h12v-2zM4 16h2v2H4v-2zm16 0H8v2h12v-2z\" fill=\"currentColor\"><\/path><\/svg><svg style=\"fill: #428bca;color:#428bca\" class=\"arrow-unsorted-368013\" xmlns=\"http:\/\/www.w3.org\/2000\/svg\" width=\"10px\" height=\"10px\" viewBox=\"0 0 24 24\" version=\"1.2\" baseProfile=\"tiny\"><path d=\"M18.2 9.3l-6.2-6.3-6.2 6.3c-.2.2-.3.4-.3.7s.1.5.3.7c.2.2.4.3.7.3h11c.3 0 .5-.1.7-.3.2-.2.3-.5.3-.7s-.1-.5-.3-.7zM5.8 14.7l6.2 6.3 6.2-6.3c.2-.2.3-.5.3-.7s-.1-.5-.3-.7c-.2-.2-.4-.3-.7-.3h-11c-.3 0-.5.1-.7.3-.2.2-.3.5-.3.7s.1.5.3.7z\"\/><\/svg><\/span><\/span><\/span><\/a><\/span><\/div>\n<nav><ul class='ez-toc-list ez-toc-list-level-1 eztoc-toggle-hide-by-default' ><li class='ez-toc-page-1 ez-toc-heading-level-2'><a class=\"ez-toc-link ez-toc-heading-1\" href=\"https:\/\/www.ariasassessors.com\/ca\/noves-quotes-per-a-autonoms-el-2026\/#Per_que_encara_no_sha_arribat_a_cap_acord\" title=\"Per qu\u00e8 encara no s\u2019ha arribat a cap acord?\">Per qu\u00e8 encara no s\u2019ha arribat a cap acord?<\/a><\/li><li class='ez-toc-page-1 ez-toc-heading-level-2'><a class=\"ez-toc-link ez-toc-heading-2\" href=\"https:\/\/www.ariasassessors.com\/ca\/noves-quotes-per-a-autonoms-el-2026\/#Que_reclamen_els_autonoms\" title=\"Qu\u00e8 reclamen els aut\u00f2noms?\">Qu\u00e8 reclamen els aut\u00f2noms?<\/a><\/li><li class='ez-toc-page-1 ez-toc-heading-level-2'><a class=\"ez-toc-link ez-toc-heading-3\" href=\"https:\/\/www.ariasassessors.com\/ca\/noves-quotes-per-a-autonoms-el-2026\/#Possibles_escenaris_per_al_2026\" title=\"Possibles escenaris per al 2026\">Possibles escenaris per al 2026<\/a><\/li><li class='ez-toc-page-1 ez-toc-heading-level-2'><a class=\"ez-toc-link ez-toc-heading-4\" href=\"https:\/\/www.ariasassessors.com\/ca\/noves-quotes-per-a-autonoms-el-2026\/#Impacte_per_als_autonoms\" title=\"Impacte per als aut\u00f2noms\">Impacte per als aut\u00f2noms<\/a><\/li><li class='ez-toc-page-1 ez-toc-heading-level-2'><a class=\"ez-toc-link ez-toc-heading-5\" href=\"https:\/\/www.ariasassessors.com\/ca\/noves-quotes-per-a-autonoms-el-2026\/#La_nostra_visio_des_dArias_Assessors\" title=\"La nostra visi\u00f3 des d&#8217;Arias Assessors\">La nostra visi\u00f3 des d&#8217;Arias Assessors<\/a><\/li><\/ul><\/nav><\/div>\n<h2><span class=\"ez-toc-section\" id=\"Per_que_encara_no_sha_arribat_a_cap_acord\"><\/span>Per qu\u00e8 encara no s\u2019ha arribat a cap acord?<span class=\"ez-toc-section-end\"><\/span><\/h2>\n<p>L\u2019<a href=\"https:\/\/ata.es\/\" target=\"_blank\" rel=\"noopener\">Associaci\u00f3 ATA<\/a> no vol iniciar les negociacions fins que la Seguretat Social no corregeixi diversos errors. En primer lloc, la prestaci\u00f3 per cessament d\u2019activitat, que segueix rebutjant al 60% dels sol\u00b7licitants. En segon lloc, els problemes en la regularitzaci\u00f3 de bases per a aut\u00f2noms en pluriactivitat o societaris. Sense dades clares, no es pot analitzar amb garanties el sistema.<\/p>\n<h2><span class=\"ez-toc-section\" id=\"Que_reclamen_els_autonoms\"><\/span>Qu\u00e8 reclamen els aut\u00f2noms?<span class=\"ez-toc-section-end\"><\/span><\/h2>\n<p>Les principals demandes de les associacions com ATA s\u00f3n:<\/p>\n<ul data-spread=\"false\">\n<li>Reforma del cessament d\u2019activitat.<\/li>\n<li>Subsidi per a majors de 52 anys en igualtat de condicions amb els assalariats.<\/li>\n<li>Informaci\u00f3 desglossada sobre regularitzacions.<\/li>\n<li>Soluci\u00f3 als errors detectats.<\/li>\n<\/ul>\n<p>Sense aix\u00f2, estudiar noves quotes per a aut\u00f2noms \u00e9s in\u00factil.<\/p>\n<h2><span class=\"ez-toc-section\" id=\"Possibles_escenaris_per_al_2026\"><\/span>Possibles escenaris per al 2026<span class=\"ez-toc-section-end\"><\/span><\/h2>\n<p>Amb el temps en contra i sense negociacions obertes, la pr\u00f2rroga de les taules actuals sembla el cam\u00ed m\u00e9s probable. Si es mant\u00e9n l\u2019estructura vigent, les bases m\u00ednimes i m\u00e0ximes, i les quotes segons ingressos, seran id\u00e8ntiques.<\/p>\n<p>Tot i que pot semblar una mesura de continu\u00eftat, en realitat suposa frenar l\u2019evoluci\u00f3 del sistema i ignorar l\u2019impacte econ\u00f2mic actual.<\/p>\n<h2><span class=\"ez-toc-section\" id=\"Impacte_per_als_autonoms\"><\/span>Impacte per als aut\u00f2noms<span class=\"ez-toc-section-end\"><\/span><\/h2>\n<p>Des d\u2019<a href=\"https:\/\/www.ariasassessors.com\/ca\/\">Arias Assessors<\/a> ho veiem clar: l\u2019incertesa complica la gesti\u00f3 dels negocis. Els aut\u00f2noms necessiten saber amb temps les quotes que pagaran. No fer-ho suposa un risc per a les seves finances.<\/p>\n<p>Les noves quotes per a aut\u00f2noms han de decidir-se amb temps i de forma consensuada. No poden ser una improvisaci\u00f3 de final d\u2019any.<\/p>\n<h2><span class=\"ez-toc-section\" id=\"La_nostra_visio_des_dArias_Assessors\"><\/span>La nostra visi\u00f3 des d&#8217;Arias Assessors<span class=\"ez-toc-section-end\"><\/span><\/h2>\n<p>A <a href=\"https:\/\/www.ariasassessors.com\/ca\/\">Arias Assessors<\/a> defensem una normativa clara, amb informaci\u00f3 accessible i participaci\u00f3 activa del col\u00b7lectiu aut\u00f2nom. Les noves quotes per a aut\u00f2noms han d\u2019equilibrar protecci\u00f3 social i sostenibilitat econ\u00f2mica.<\/p>\n<p>Recomanem seguir cotitzant segons les previsions reals i estar al dia de les novetats. Com sempre, estem aqu\u00ed per ajudar-vos a gestionar els canvis amb seguretat.<\/p>\n","protected":false},"excerpt":{"rendered":"<p>Falten quatre mesos per acabar el 2025 i encara no sabem com seran les noves quotes per a aut\u00f2noms el 2026. Com a assessors fiscals, ens sorpr\u00e8n que encara no s\u2019hagi obert cap negociaci\u00f3 entre les associacions d\u2019aut\u00f2noms i la Seguretat Social. Aquesta incertesa afecta&#8230;<\/p>\n","protected":false},"author":2,"featured_media":4460,"comment_status":"open","ping_status":"open","sticky":false,"template":"","format":"standard","meta":{"footnotes":""},"categories":[4],"tags":[],"class_list":["post-4459","post","type-post","status-publish","format-standard","has-post-thumbnail","hentry","category-noticies"],"yoast_head":"<!-- This site is optimized with the Yoast SEO plugin v24.3 - https:\/\/yoast.com\/wordpress\/plugins\/seo\/ -->\n<title>Noves quotes per a aut\u00f2noms el 2026: incertesa i pr\u00f2rrogues<\/title>\n<meta name=\"description\" content=\"Els aut\u00f2noms encara no saben si canviar\u00e0 la seva quota el 2026. La pr\u00f2rroga de les taules actuals \u00e9s cada cop m\u00e9s probable.\" \/>\n<meta name=\"robots\" content=\"index, follow, max-snippet:-1, max-image-preview:large, max-video-preview:-1\" \/>\n<link rel=\"canonical\" href=\"https:\/\/www.ariasassessors.com\/ca\/noves-quotes-per-a-autonoms-el-2026\/\" \/>\n<meta property=\"og:locale\" content=\"ca_ES\" \/>\n<meta property=\"og:type\" content=\"article\" \/>\n<meta property=\"og:title\" content=\"Noves quotes per a aut\u00f2noms el 2026: incertesa i pr\u00f2rrogues\" \/>\n<meta property=\"og:description\" content=\"Els aut\u00f2noms encara no saben si canviar\u00e0 la seva quota el 2026. La pr\u00f2rroga de les taules actuals \u00e9s cada cop m\u00e9s probable.\" \/>\n<meta property=\"og:url\" content=\"https:\/\/www.ariasassessors.com\/ca\/noves-quotes-per-a-autonoms-el-2026\/\" \/>\n<meta property=\"og:site_name\" content=\"Arias Assessors\" \/>\n<meta property=\"article:publisher\" content=\"https:\/\/www.facebook.com\/ariasassessors\/\" \/>\n<meta property=\"article:published_time\" content=\"2025-09-22T07:45:12+00:00\" \/>\n<meta property=\"og:image\" content=\"https:\/\/www.ariasassessors.com\/wp-content\/uploads\/2025\/09\/Arias_Blog_IMAGEN_DESTACADA-38.png\" \/>\n\t<meta property=\"og:image:width\" content=\"1920\" \/>\n\t<meta property=\"og:image:height\" content=\"1202\" \/>\n\t<meta property=\"og:image:type\" content=\"image\/png\" \/>\n<meta name=\"author\" content=\"btorras\" \/>\n<meta name=\"twitter:card\" content=\"summary_large_image\" \/>\n<meta name=\"twitter:creator\" content=\"@ariasassessors\" \/>\n<meta name=\"twitter:site\" content=\"@ariasassessors\" \/>\n<meta name=\"twitter:label1\" content=\"Escrit per\" \/>\n\t<meta name=\"twitter:data1\" content=\"btorras\" \/>\n\t<meta name=\"twitter:label2\" content=\"Temps estimat de lectura\" \/>\n\t<meta name=\"twitter:data2\" content=\"3 minuts\" \/>\n<script type=\"application\/ld+json\" class=\"yoast-schema-graph\">{\"@context\":\"https:\/\/schema.org\",\"@graph\":[{\"@type\":\"Article\",\"@id\":\"https:\/\/www.ariasassessors.com\/ca\/noves-quotes-per-a-autonoms-el-2026\/#article\",\"isPartOf\":{\"@id\":\"https:\/\/www.ariasassessors.com\/ca\/noves-quotes-per-a-autonoms-el-2026\/\"},\"author\":{\"name\":\"btorras\",\"@id\":\"https:\/\/www.ariasassessors.com\/#\/schema\/person\/63c6ad1775f0a9413c37932562673cef\"},\"headline\":\"Qu\u00e8 passar\u00e0 amb les noves quotes per a aut\u00f2noms el 2026?\",\"datePublished\":\"2025-09-22T07:45:12+00:00\",\"dateModified\":\"2025-09-22T07:45:12+00:00\",\"mainEntityOfPage\":{\"@id\":\"https:\/\/www.ariasassessors.com\/ca\/noves-quotes-per-a-autonoms-el-2026\/\"},\"wordCount\":441,\"commentCount\":0,\"publisher\":{\"@id\":\"https:\/\/www.ariasassessors.com\/#organization\"},\"image\":{\"@id\":\"https:\/\/www.ariasassessors.com\/ca\/noves-quotes-per-a-autonoms-el-2026\/#primaryimage\"},\"thumbnailUrl\":\"https:\/\/www.ariasassessors.com\/wp-content\/uploads\/2025\/09\/Arias_Blog_IMAGEN_DESTACADA-38.png\",\"articleSection\":[\"noticies\"],\"inLanguage\":\"ca\",\"potentialAction\":[{\"@type\":\"CommentAction\",\"name\":\"Comment\",\"target\":[\"https:\/\/www.ariasassessors.com\/ca\/noves-quotes-per-a-autonoms-el-2026\/#respond\"]}]},{\"@type\":\"WebPage\",\"@id\":\"https:\/\/www.ariasassessors.com\/ca\/noves-quotes-per-a-autonoms-el-2026\/\",\"url\":\"https:\/\/www.ariasassessors.com\/ca\/noves-quotes-per-a-autonoms-el-2026\/\",\"name\":\"Noves quotes per a aut\u00f2noms el 2026: incertesa i pr\u00f2rrogues\",\"isPartOf\":{\"@id\":\"https:\/\/www.ariasassessors.com\/#website\"},\"primaryImageOfPage\":{\"@id\":\"https:\/\/www.ariasassessors.com\/ca\/noves-quotes-per-a-autonoms-el-2026\/#primaryimage\"},\"image\":{\"@id\":\"https:\/\/www.ariasassessors.com\/ca\/noves-quotes-per-a-autonoms-el-2026\/#primaryimage\"},\"thumbnailUrl\":\"https:\/\/www.ariasassessors.com\/wp-content\/uploads\/2025\/09\/Arias_Blog_IMAGEN_DESTACADA-38.png\",\"datePublished\":\"2025-09-22T07:45:12+00:00\",\"dateModified\":\"2025-09-22T07:45:12+00:00\",\"description\":\"Els aut\u00f2noms encara no saben si canviar\u00e0 la seva quota el 2026. La pr\u00f2rroga de les taules actuals \u00e9s cada cop m\u00e9s probable.\",\"breadcrumb\":{\"@id\":\"https:\/\/www.ariasassessors.com\/ca\/noves-quotes-per-a-autonoms-el-2026\/#breadcrumb\"},\"inLanguage\":\"ca\",\"potentialAction\":[{\"@type\":\"ReadAction\",\"target\":[\"https:\/\/www.ariasassessors.com\/ca\/noves-quotes-per-a-autonoms-el-2026\/\"]}]},{\"@type\":\"ImageObject\",\"inLanguage\":\"ca\",\"@id\":\"https:\/\/www.ariasassessors.com\/ca\/noves-quotes-per-a-autonoms-el-2026\/#primaryimage\",\"url\":\"https:\/\/www.ariasassessors.com\/wp-content\/uploads\/2025\/09\/Arias_Blog_IMAGEN_DESTACADA-38.png\",\"contentUrl\":\"https:\/\/www.ariasassessors.com\/wp-content\/uploads\/2025\/09\/Arias_Blog_IMAGEN_DESTACADA-38.png\",\"width\":1920,\"height\":1202},{\"@type\":\"BreadcrumbList\",\"@id\":\"https:\/\/www.ariasassessors.com\/ca\/noves-quotes-per-a-autonoms-el-2026\/#breadcrumb\",\"itemListElement\":[{\"@type\":\"ListItem\",\"position\":1,\"name\":\"Portada\",\"item\":\"https:\/\/www.ariasassessors.com\/ca\/\"},{\"@type\":\"ListItem\",\"position\":2,\"name\":\"Qu\u00e8 passar\u00e0 amb les noves quotes per a aut\u00f2noms el 2026?\"}]},{\"@type\":\"WebSite\",\"@id\":\"https:\/\/www.ariasassessors.com\/#website\",\"url\":\"https:\/\/www.ariasassessors.com\/\",\"name\":\"Arias Assessors\",\"description\":\"Asesor\u00eda para aut\u00f3nomos, profesionales y PYMES\",\"publisher\":{\"@id\":\"https:\/\/www.ariasassessors.com\/#organization\"},\"potentialAction\":[{\"@type\":\"SearchAction\",\"target\":{\"@type\":\"EntryPoint\",\"urlTemplate\":\"https:\/\/www.ariasassessors.com\/?s={search_term_string}\"},\"query-input\":{\"@type\":\"PropertyValueSpecification\",\"valueRequired\":true,\"valueName\":\"search_term_string\"}}],\"inLanguage\":\"ca\"},{\"@type\":\"Organization\",\"@id\":\"https:\/\/www.ariasassessors.com\/#organization\",\"name\":\"Arias Assessors\",\"url\":\"https:\/\/www.ariasassessors.com\/\",\"logo\":{\"@type\":\"ImageObject\",\"inLanguage\":\"ca\",\"@id\":\"https:\/\/www.ariasassessors.com\/#\/schema\/logo\/image\/\",\"url\":\"https:\/\/www.ariasassessors.com\/wp-content\/uploads\/2019\/01\/arias-logo.png\",\"contentUrl\":\"https:\/\/www.ariasassessors.com\/wp-content\/uploads\/2019\/01\/arias-logo.png\",\"width\":349,\"height\":254,\"caption\":\"Arias Assessors\"},\"image\":{\"@id\":\"https:\/\/www.ariasassessors.com\/#\/schema\/logo\/image\/\"},\"sameAs\":[\"https:\/\/www.facebook.com\/ariasassessors\/\",\"https:\/\/x.com\/ariasassessors\",\"https:\/\/www.linkedin.com\/company\/r&amp;amp;r-growing-knowledge\/\"]},{\"@type\":\"Person\",\"@id\":\"https:\/\/www.ariasassessors.com\/#\/schema\/person\/63c6ad1775f0a9413c37932562673cef\",\"name\":\"btorras\",\"image\":{\"@type\":\"ImageObject\",\"inLanguage\":\"ca\",\"@id\":\"https:\/\/www.ariasassessors.com\/#\/schema\/person\/image\/\",\"url\":\"https:\/\/secure.gravatar.com\/avatar\/0531db351fc361fdbfd204c58fa2d6a3?s=96&d=mm&r=g\",\"contentUrl\":\"https:\/\/secure.gravatar.com\/avatar\/0531db351fc361fdbfd204c58fa2d6a3?s=96&d=mm&r=g\",\"caption\":\"btorras\"}}]}<\/script>\n<!-- \/ Yoast SEO plugin. -->","yoast_head_json":{"title":"Noves quotes per a aut\u00f2noms el 2026: incertesa i pr\u00f2rrogues","description":"Els aut\u00f2noms encara no saben si canviar\u00e0 la seva quota el 2026. La pr\u00f2rroga de les taules actuals \u00e9s cada cop m\u00e9s probable.","robots":{"index":"index","follow":"follow","max-snippet":"max-snippet:-1","max-image-preview":"max-image-preview:large","max-video-preview":"max-video-preview:-1"},"canonical":"https:\/\/www.ariasassessors.com\/ca\/noves-quotes-per-a-autonoms-el-2026\/","og_locale":"ca_ES","og_type":"article","og_title":"Noves quotes per a aut\u00f2noms el 2026: incertesa i pr\u00f2rrogues","og_description":"Els aut\u00f2noms encara no saben si canviar\u00e0 la seva quota el 2026. La pr\u00f2rroga de les taules actuals \u00e9s cada cop m\u00e9s probable.","og_url":"https:\/\/www.ariasassessors.com\/ca\/noves-quotes-per-a-autonoms-el-2026\/","og_site_name":"Arias Assessors","article_publisher":"https:\/\/www.facebook.com\/ariasassessors\/","article_published_time":"2025-09-22T07:45:12+00:00","og_image":[{"width":1920,"height":1202,"url":"https:\/\/www.ariasassessors.com\/wp-content\/uploads\/2025\/09\/Arias_Blog_IMAGEN_DESTACADA-38.png","type":"image\/png"}],"author":"btorras","twitter_card":"summary_large_image","twitter_creator":"@ariasassessors","twitter_site":"@ariasassessors","twitter_misc":{"Escrit per":"btorras","Temps estimat de lectura":"3 minuts"},"schema":{"@context":"https:\/\/schema.org","@graph":[{"@type":"Article","@id":"https:\/\/www.ariasassessors.com\/ca\/noves-quotes-per-a-autonoms-el-2026\/#article","isPartOf":{"@id":"https:\/\/www.ariasassessors.com\/ca\/noves-quotes-per-a-autonoms-el-2026\/"},"author":{"name":"btorras","@id":"https:\/\/www.ariasassessors.com\/#\/schema\/person\/63c6ad1775f0a9413c37932562673cef"},"headline":"Qu\u00e8 passar\u00e0 amb les noves quotes per a aut\u00f2noms el 2026?","datePublished":"2025-09-22T07:45:12+00:00","dateModified":"2025-09-22T07:45:12+00:00","mainEntityOfPage":{"@id":"https:\/\/www.ariasassessors.com\/ca\/noves-quotes-per-a-autonoms-el-2026\/"},"wordCount":441,"commentCount":0,"publisher":{"@id":"https:\/\/www.ariasassessors.com\/#organization"},"image":{"@id":"https:\/\/www.ariasassessors.com\/ca\/noves-quotes-per-a-autonoms-el-2026\/#primaryimage"},"thumbnailUrl":"https:\/\/www.ariasassessors.com\/wp-content\/uploads\/2025\/09\/Arias_Blog_IMAGEN_DESTACADA-38.png","articleSection":["noticies"],"inLanguage":"ca","potentialAction":[{"@type":"CommentAction","name":"Comment","target":["https:\/\/www.ariasassessors.com\/ca\/noves-quotes-per-a-autonoms-el-2026\/#respond"]}]},{"@type":"WebPage","@id":"https:\/\/www.ariasassessors.com\/ca\/noves-quotes-per-a-autonoms-el-2026\/","url":"https:\/\/www.ariasassessors.com\/ca\/noves-quotes-per-a-autonoms-el-2026\/","name":"Noves quotes per a aut\u00f2noms el 2026: incertesa i pr\u00f2rrogues","isPartOf":{"@id":"https:\/\/www.ariasassessors.com\/#website"},"primaryImageOfPage":{"@id":"https:\/\/www.ariasassessors.com\/ca\/noves-quotes-per-a-autonoms-el-2026\/#primaryimage"},"image":{"@id":"https:\/\/www.ariasassessors.com\/ca\/noves-quotes-per-a-autonoms-el-2026\/#primaryimage"},"thumbnailUrl":"https:\/\/www.ariasassessors.com\/wp-content\/uploads\/2025\/09\/Arias_Blog_IMAGEN_DESTACADA-38.png","datePublished":"2025-09-22T07:45:12+00:00","dateModified":"2025-09-22T07:45:12+00:00","description":"Els aut\u00f2noms encara no saben si canviar\u00e0 la seva quota el 2026. La pr\u00f2rroga de les taules actuals \u00e9s cada cop m\u00e9s probable.","breadcrumb":{"@id":"https:\/\/www.ariasassessors.com\/ca\/noves-quotes-per-a-autonoms-el-2026\/#breadcrumb"},"inLanguage":"ca","potentialAction":[{"@type":"ReadAction","target":["https:\/\/www.ariasassessors.com\/ca\/noves-quotes-per-a-autonoms-el-2026\/"]}]},{"@type":"ImageObject","inLanguage":"ca","@id":"https:\/\/www.ariasassessors.com\/ca\/noves-quotes-per-a-autonoms-el-2026\/#primaryimage","url":"https:\/\/www.ariasassessors.com\/wp-content\/uploads\/2025\/09\/Arias_Blog_IMAGEN_DESTACADA-38.png","contentUrl":"https:\/\/www.ariasassessors.com\/wp-content\/uploads\/2025\/09\/Arias_Blog_IMAGEN_DESTACADA-38.png","width":1920,"height":1202},{"@type":"BreadcrumbList","@id":"https:\/\/www.ariasassessors.com\/ca\/noves-quotes-per-a-autonoms-el-2026\/#breadcrumb","itemListElement":[{"@type":"ListItem","position":1,"name":"Portada","item":"https:\/\/www.ariasassessors.com\/ca\/"},{"@type":"ListItem","position":2,"name":"Qu\u00e8 passar\u00e0 amb les noves quotes per a aut\u00f2noms el 2026?"}]},{"@type":"WebSite","@id":"https:\/\/www.ariasassessors.com\/#website","url":"https:\/\/www.ariasassessors.com\/","name":"Arias Assessors","description":"Asesor\u00eda para aut\u00f3nomos, profesionales y PYMES","publisher":{"@id":"https:\/\/www.ariasassessors.com\/#organization"},"potentialAction":[{"@type":"SearchAction","target":{"@type":"EntryPoint","urlTemplate":"https:\/\/www.ariasassessors.com\/?s={search_term_string}"},"query-input":{"@type":"PropertyValueSpecification","valueRequired":true,"valueName":"search_term_string"}}],"inLanguage":"ca"},{"@type":"Organization","@id":"https:\/\/www.ariasassessors.com\/#organization","name":"Arias Assessors","url":"https:\/\/www.ariasassessors.com\/","logo":{"@type":"ImageObject","inLanguage":"ca","@id":"https:\/\/www.ariasassessors.com\/#\/schema\/logo\/image\/","url":"https:\/\/www.ariasassessors.com\/wp-content\/uploads\/2019\/01\/arias-logo.png","contentUrl":"https:\/\/www.ariasassessors.com\/wp-content\/uploads\/2019\/01\/arias-logo.png","width":349,"height":254,"caption":"Arias Assessors"},"image":{"@id":"https:\/\/www.ariasassessors.com\/#\/schema\/logo\/image\/"},"sameAs":["https:\/\/www.facebook.com\/ariasassessors\/","https:\/\/x.com\/ariasassessors","https:\/\/www.linkedin.com\/company\/r&amp;amp;r-growing-knowledge\/"]},{"@type":"Person","@id":"https:\/\/www.ariasassessors.com\/#\/schema\/person\/63c6ad1775f0a9413c37932562673cef","name":"btorras","image":{"@type":"ImageObject","inLanguage":"ca","@id":"https:\/\/www.ariasassessors.com\/#\/schema\/person\/image\/","url":"https:\/\/secure.gravatar.com\/avatar\/0531db351fc361fdbfd204c58fa2d6a3?s=96&d=mm&r=g","contentUrl":"https:\/\/secure.gravatar.com\/avatar\/0531db351fc361fdbfd204c58fa2d6a3?s=96&d=mm&r=g","caption":"btorras"}}]}},"_links":{"self":[{"href":"https:\/\/www.ariasassessors.com\/ca\/wp-json\/wp\/v2\/posts\/4459","targetHints":{"allow":["GET"]}}],"collection":[{"href":"https:\/\/www.ariasassessors.com\/ca\/wp-json\/wp\/v2\/posts"}],"about":[{"href":"https:\/\/www.ariasassessors.com\/ca\/wp-json\/wp\/v2\/types\/post"}],"author":[{"embeddable":true,"href":"https:\/\/www.ariasassessors.com\/ca\/wp-json\/wp\/v2\/users\/2"}],"replies":[{"embeddable":true,"href":"https:\/\/www.ariasassessors.com\/ca\/wp-json\/wp\/v2\/comments?post=4459"}],"version-history":[{"count":1,"href":"https:\/\/www.ariasassessors.com\/ca\/wp-json\/wp\/v2\/posts\/4459\/revisions"}],"predecessor-version":[{"id":4462,"href":"https:\/\/www.ariasassessors.com\/ca\/wp-json\/wp\/v2\/posts\/4459\/revisions\/4462"}],"wp:featuredmedia":[{"embeddable":true,"href":"https:\/\/www.ariasassessors.com\/ca\/wp-json\/wp\/v2\/media\/4460"}],"wp:attachment":[{"href":"https:\/\/www.ariasassessors.com\/ca\/wp-json\/wp\/v2\/media?parent=4459"}],"wp:term":[{"taxonomy":"category","embeddable":true,"href":"https:\/\/www.ariasassessors.com\/ca\/wp-json\/wp\/v2\/categories?post=4459"},{"taxonomy":"post_tag","embeddable":true,"href":"https:\/\/www.ariasassessors.com\/ca\/wp-json\/wp\/v2\/tags?post=4459"}],"curies":[{"name":"wp","href":"https:\/\/api.w.org\/{rel}","templated":true}]}}