{"id":4468,"date":"2025-09-29T11:55:14","date_gmt":"2025-09-29T09:55:14","guid":{"rendered":"https:\/\/www.ariasassessors.com\/?p=4468"},"modified":"2025-10-02T13:48:29","modified_gmt":"2025-10-02T11:48:29","slug":"registre-horari-digital-obligatori","status":"publish","type":"post","link":"https:\/\/www.ariasassessors.com\/ca\/registre-horari-digital-obligatori\/","title":{"rendered":"Registre horari digital obligatori el 2026: calendari, requisits i guia pr\u00e0ctica per a pimes i aut\u00f2noms"},"content":{"rendered":"<div id=\"ez-toc-container\" class=\"ez-toc-v2_0_72 counter-hierarchy ez-toc-counter ez-toc-grey ez-toc-container-direction\">\n<div class=\"ez-toc-title-container\">\n<p class=\"ez-toc-title\" style=\"cursor:inherit\">\u00cdndice de Contenidos<\/p>\n<span class=\"ez-toc-title-toggle\"><a href=\"#\" class=\"ez-toc-pull-right ez-toc-btn ez-toc-btn-xs ez-toc-btn-default ez-toc-toggle\" aria-label=\"Toggle Table of Content\"><span class=\"ez-toc-js-icon-con\"><span class=\"\"><span class=\"eztoc-hide\" style=\"display:none;\">Toggle<\/span><span class=\"ez-toc-icon-toggle-span\"><svg style=\"fill: #428bca;color:#428bca\" xmlns=\"http:\/\/www.w3.org\/2000\/svg\" class=\"list-377408\" width=\"20px\" height=\"20px\" viewBox=\"0 0 24 24\" fill=\"none\"><path d=\"M6 6H4v2h2V6zm14 0H8v2h12V6zM4 11h2v2H4v-2zm16 0H8v2h12v-2zM4 16h2v2H4v-2zm16 0H8v2h12v-2z\" fill=\"currentColor\"><\/path><\/svg><svg style=\"fill: #428bca;color:#428bca\" class=\"arrow-unsorted-368013\" xmlns=\"http:\/\/www.w3.org\/2000\/svg\" width=\"10px\" height=\"10px\" viewBox=\"0 0 24 24\" version=\"1.2\" baseProfile=\"tiny\"><path d=\"M18.2 9.3l-6.2-6.3-6.2 6.3c-.2.2-.3.4-.3.7s.1.5.3.7c.2.2.4.3.7.3h11c.3 0 .5-.1.7-.3.2-.2.3-.5.3-.7s-.1-.5-.3-.7zM5.8 14.7l6.2 6.3 6.2-6.3c.2-.2.3-.5.3-.7s-.1-.5-.3-.7c-.2-.2-.4-.3-.7-.3h-11c-.3 0-.5.1-.7.3-.2.2-.3.5-.3.7s.1.5.3.7z\"\/><\/svg><\/span><\/span><\/span><\/a><\/span><\/div>\n<nav><ul class='ez-toc-list ez-toc-list-level-1 eztoc-toggle-hide-by-default' ><li class='ez-toc-page-1 ez-toc-heading-level-2'><a class=\"ez-toc-link ez-toc-heading-1\" href=\"https:\/\/www.ariasassessors.com\/ca\/registre-horari-digital-obligatori\/#1_Que_es_el_registre_horari_digital_i_que_canvia_respecte_al_2019\" title=\"1) Qu\u00e8 \u00e9s el registre horari digital i qu\u00e8 canvia respecte al 2019\">1) Qu\u00e8 \u00e9s el registre horari digital i qu\u00e8 canvia respecte al 2019<\/a><\/li><li class='ez-toc-page-1 ez-toc-heading-level-2'><a class=\"ez-toc-link ez-toc-heading-2\" href=\"https:\/\/www.ariasassessors.com\/ca\/registre-horari-digital-obligatori\/#2_Calendari_previst_de_la_consulta_a_laprovacio_i_al_BOE\" title=\"2) Calendari previst: de la consulta a l\u2019aprovaci\u00f3 i al BOE\">2) Calendari previst: de la consulta a l\u2019aprovaci\u00f3 i al BOE<\/a><\/li><li class='ez-toc-page-1 ez-toc-heading-level-2'><a class=\"ez-toc-link ez-toc-heading-3\" href=\"https:\/\/www.ariasassessors.com\/ca\/registre-horari-digital-obligatori\/#3_Requisits_clau_per_complir_be_la_norma\" title=\"3) Requisits clau per complir b\u00e9 la norma\">3) Requisits clau per complir b\u00e9 la norma<\/a><\/li><li class='ez-toc-page-1 ez-toc-heading-level-2'><a class=\"ez-toc-link ez-toc-heading-4\" href=\"https:\/\/www.ariasassessors.com\/ca\/registre-horari-digital-obligatori\/#4_RGPD_i_biometria_riscos_alternatives_i_documentacio\" title=\"4) RGPD i biometria: riscos, alternatives i documentaci\u00f3\">4) RGPD i biometria: riscos, alternatives i documentaci\u00f3<\/a><\/li><li class='ez-toc-page-1 ez-toc-heading-level-2'><a class=\"ez-toc-link ez-toc-heading-5\" href=\"https:\/\/www.ariasassessors.com\/ca\/registre-horari-digital-obligatori\/#5_Implementacio_en_306090_dies_amb_integracio_de_nomina\" title=\"5) Implementaci\u00f3 en 30\/60\/90 dies amb integraci\u00f3 de n\u00f2mina\">5) Implementaci\u00f3 en 30\/60\/90 dies amb integraci\u00f3 de n\u00f2mina<\/a><\/li><li class='ez-toc-page-1 ez-toc-heading-level-2'><a class=\"ez-toc-link ez-toc-heading-6\" href=\"https:\/\/www.ariasassessors.com\/ca\/registre-horari-digital-obligatori\/#6_Evidencies_per_a_Inspeccio_de_Treball_que_et_poden_demanar\" title=\"6) Evid\u00e8ncies per a Inspecci\u00f3 de Treball: qu\u00e8 et poden demanar\">6) Evid\u00e8ncies per a Inspecci\u00f3 de Treball: qu\u00e8 et poden demanar<\/a><\/li><li class='ez-toc-page-1 ez-toc-heading-level-2'><a class=\"ez-toc-link ez-toc-heading-7\" href=\"https:\/\/www.ariasassessors.com\/ca\/registre-horari-digital-obligatori\/#7_Errors_frequents_i_com_evitar-los\" title=\"7) Errors freq\u00fcents i com evitar-los\">7) Errors freq\u00fcents i com evitar-los<\/a><\/li><li class='ez-toc-page-1 ez-toc-heading-level-2'><a class=\"ez-toc-link ez-toc-heading-8\" href=\"https:\/\/www.ariasassessors.com\/ca\/registre-horari-digital-obligatori\/#8_Preguntes_frequents_sobre_el_registre_horari_digital\" title=\"8) Preguntes freq\u00fcents sobre el registre horari digital\">8) Preguntes freq\u00fcents sobre el registre horari digital<\/a><\/li><li class='ez-toc-page-1 ez-toc-heading-level-2'><a class=\"ez-toc-link ez-toc-heading-9\" href=\"https:\/\/www.ariasassessors.com\/ca\/registre-horari-digital-obligatori\/#9_Com_tajudem_des_de_Barcelona_servei_integral_dArias_Assessors\" title=\"9) Com t\u2019ajudem des de Barcelona: servei integral d\u2019Arias Assessors\">9) Com t\u2019ajudem des de Barcelona: servei integral d\u2019Arias Assessors<\/a><\/li><li class='ez-toc-page-1 ez-toc-heading-level-2'><a class=\"ez-toc-link ez-toc-heading-10\" href=\"https:\/\/www.ariasassessors.com\/ca\/registre-horari-digital-obligatori\/#Conclusio\" title=\"Conclusi\u00f3\">Conclusi\u00f3<\/a><\/li><\/ul><\/nav><\/div>\n<h2 data-start=\"107\" data-end=\"176\"><span class=\"ez-toc-section\" id=\"1_Que_es_el_registre_horari_digital_i_que_canvia_respecte_al_2019\"><\/span>1) Qu\u00e8 \u00e9s el registre horari digital i qu\u00e8 canvia respecte al 2019<span class=\"ez-toc-section-end\"><\/span><\/h2>\n<p data-start=\"178\" data-end=\"384\">El <strong data-start=\"181\" data-end=\"200\">registre horari<\/strong> ja \u00e9s obligatori des del 2019. Totes les empreses han d\u2019anotar l\u2019entrada i la sortida de cada persona. A m\u00e9s, han de conservar les dades durant <strong data-start=\"345\" data-end=\"360\">quatre anys<\/strong> i facilitar-ne l\u2019acc\u00e9s.<\/p>\n<p data-start=\"386\" data-end=\"641\">Ara b\u00e9, el <strong data-start=\"397\" data-end=\"424\">registre horari digital<\/strong> porta el control a un altre nivell. El sistema passa a ser electr\u00f2nic, <strong data-start=\"496\" data-end=\"508\">tra\u00e7able<\/strong> i molt m\u00e9s prec\u00eds. A partir d\u2019aqu\u00ed, diferenciem temps efectiu, pauses i disponibilitat. Tamb\u00e9 controlem millor les <strong data-start=\"624\" data-end=\"640\">hores extres<\/strong>.<\/p>\n<p data-start=\"643\" data-end=\"835\">A <strong data-start=\"645\" data-end=\"664\">Arias Assessors<\/strong> ja acompanyem clients en aquest canvi. Quan migrem d\u2019Excel o paper a una soluci\u00f3 digital, la difer\u00e8ncia \u00e9s clara. Els informes surten en segons i el risc de sanci\u00f3 baixa.<\/p>\n<h2 data-start=\"837\" data-end=\"899\"><span class=\"ez-toc-section\" id=\"2_Calendari_previst_de_la_consulta_a_laprovacio_i_al_BOE\"><\/span>2) Calendari previst: de la consulta a l\u2019aprovaci\u00f3 i al BOE<span class=\"ez-toc-section-end\"><\/span><\/h2>\n<p data-start=\"901\" data-end=\"1141\">Parlem de <strong data-start=\"911\" data-end=\"923\">previsi\u00f3<\/strong> fins que el BOE publiqui el text. Primer, el Ministeri obre <strong data-start=\"984\" data-end=\"1004\">consulta p\u00fablica<\/strong>. Despr\u00e9s, el <strong data-start=\"1018\" data-end=\"1037\">Consell d\u2019Estat<\/strong> emet el seu informe. Finalment, el <strong data-start=\"1073\" data-end=\"1097\">Consell de Ministres<\/strong> aprova el reglament i arriba la publicaci\u00f3.<\/p>\n<p data-start=\"1143\" data-end=\"1314\">Mentrestant, tu no t\u2019atures. Si implantes el <strong data-start=\"1188\" data-end=\"1215\">registre horari digital<\/strong> ara, arribes a temps. De fet, aprofites el per\u00edode d\u2019adaptaci\u00f3 i evites corredisses d\u2019\u00faltima hora.<\/p>\n<h2 data-start=\"1316\" data-end=\"1360\"><span class=\"ez-toc-section\" id=\"3_Requisits_clau_per_complir_be_la_norma\"><\/span>3) Requisits clau per complir b\u00e9 la norma<span class=\"ez-toc-section-end\"><\/span><\/h2>\n<p data-start=\"1362\" data-end=\"1521\">El marc actual ja exigeix registre diari, <strong data-start=\"1404\" data-end=\"1429\">conservaci\u00f3 de 4 anys<\/strong> i acc\u00e9s a plantilla, representants i Inspecci\u00f3. El desenvolupament refor\u00e7a cinc punts clau:<\/p>\n<ul data-start=\"1523\" data-end=\"1861\">\n<li data-start=\"1523\" data-end=\"1595\"><strong data-start=\"1525\" data-end=\"1556\">Registre personal i directe<\/strong> per part de la persona treballadora.<\/li>\n<li data-start=\"1596\" data-end=\"1654\"><strong data-start=\"1598\" data-end=\"1624\">Interrupcions i pauses<\/strong> identificades amb claredat.<\/li>\n<li data-start=\"1655\" data-end=\"1716\">Difer\u00e8ncia entre <strong data-start=\"1674\" data-end=\"1694\">hores ordin\u00e0ries<\/strong> i <strong data-start=\"1697\" data-end=\"1713\">hores extres<\/strong>.<\/li>\n<li data-start=\"1717\" data-end=\"1783\"><strong data-start=\"1719\" data-end=\"1735\">Tra\u00e7abilitat<\/strong> de qualsevol canvi: qui, quan i qu\u00e8 modifica.<\/li>\n<li data-start=\"1784\" data-end=\"1861\">Si el sistema \u00e9s electr\u00f2nic, <strong data-start=\"1815\" data-end=\"1841\">acc\u00e9s immediat i remot<\/strong> per a la Inspecci\u00f3.<\/li>\n<\/ul>\n<p data-start=\"1863\" data-end=\"2006\">En resum, el <strong data-start=\"1876\" data-end=\"1903\">registre horari digital<\/strong> demana integritat, invariabilitat i informes fiables. Nosaltres ho preparem perqu\u00e8 no quedi cap forat.<\/p>\n<h2 data-start=\"2008\" data-end=\"2067\"><span class=\"ez-toc-section\" id=\"4_RGPD_i_biometria_riscos_alternatives_i_documentacio\"><\/span>4) RGPD i biometria: riscos, alternatives i documentaci\u00f3<span class=\"ez-toc-section-end\"><\/span><\/h2>\n<p data-start=\"2069\" data-end=\"2277\">La biometria (empremta o rostre) implica <strong data-start=\"2110\" data-end=\"2122\">alt risc<\/strong> en protecci\u00f3 de dades. En l\u2019\u00e0mbit laboral, el consentiment rarament \u00e9s v\u00e0lid. Per aix\u00f2, analitzem <strong data-start=\"2221\" data-end=\"2254\">necessitat i proporcionalitat<\/strong> abans de recomanar-la.<\/p>\n<p data-start=\"2279\" data-end=\"2517\">Primer, valorem alternatives <strong data-start=\"2308\" data-end=\"2327\">no biom\u00e8triques<\/strong>: app, web, targeta o PIN amb tra\u00e7abilitat. Si finalment optes per biometria, fem una <a href=\"https:\/\/www.aepd.es\/preguntas-frecuentes\/2-tus-obligaciones-como-responsable-del-tratamiento\/10-evaluacion-de-impacto\" target=\"_blank\" rel=\"noopener\"><strong data-start=\"2413\" data-end=\"2421\">EIPD<\/strong><\/a>, definim mesures fortes i redactem les <strong data-start=\"2461\" data-end=\"2474\">cl\u00e0usules<\/strong>. Aix\u00ed, compleixes i proteges la plantilla.<\/p>\n<h2 data-start=\"2519\" data-end=\"2580\"><span class=\"ez-toc-section\" id=\"5_Implementacio_en_306090_dies_amb_integracio_de_nomina\"><\/span>5) Implementaci\u00f3 en 30\/60\/90 dies amb integraci\u00f3 de n\u00f2mina<span class=\"ez-toc-section-end\"><\/span><\/h2>\n<p data-start=\"2582\" data-end=\"2850\"><strong data-start=\"2582\" data-end=\"2617\">Dies 0\u201330 \u2014 Diagnosi i decisi\u00f3.<\/strong><br data-start=\"2617\" data-end=\"2620\" \/>Auditem el sistema actual. Mirem col\u00b7lectius, torns i teletreball. Despr\u00e9s, definim requisits: RGPD, tra\u00e7abilitat, informes i <strong data-start=\"2746\" data-end=\"2761\">acc\u00e9s remot<\/strong> per a la Inspecci\u00f3. Finalment, triem l\u2019eina adequada per al <strong data-start=\"2822\" data-end=\"2849\">registre horari digital<\/strong>.<\/p>\n<p data-start=\"2852\" data-end=\"3043\"><strong data-start=\"2852\" data-end=\"2893\">Dies 31\u201360 \u2014 Parametritzaci\u00f3 i pilot.<\/strong><br data-start=\"2893\" data-end=\"2896\" \/>Carreguem calendaris, festius i regles de pauses. Donem d\u2019alta usuaris i formem l\u2019equip. Tanquem un <strong data-start=\"2996\" data-end=\"3005\">pilot<\/strong> en un departament i validem informes.<\/p>\n<p data-start=\"3045\" data-end=\"3271\"><strong data-start=\"3045\" data-end=\"3094\">Dies 61\u201390 \u2014 Desplegament i \u201cmode inspecci\u00f3\u201d.<\/strong><br data-start=\"3094\" data-end=\"3097\" \/>Estenem el sistema a tota l\u2019empresa. Redactem la <strong data-start=\"3146\" data-end=\"3166\">pol\u00edtica interna<\/strong> i el procediment d\u2019incid\u00e8ncies. A m\u00e9s, integrem amb la <strong data-start=\"3222\" data-end=\"3235\">n\u00f2mina A3<\/strong> perqu\u00e8 hores i complements quadrin.<\/p>\n<p data-start=\"3273\" data-end=\"3415\">Un exemple real: una pime de 15 persones va reduir un <strong data-start=\"3327\" data-end=\"3334\">40%<\/strong> d\u2019incid\u00e8ncies amb recordatoris. El responsable ara t\u00e9 visibilitat en temps real.<\/p>\n<h2 data-start=\"3417\" data-end=\"3482\"><span class=\"ez-toc-section\" id=\"6_Evidencies_per_a_Inspeccio_de_Treball_que_et_poden_demanar\"><\/span>6) Evid\u00e8ncies per a Inspecci\u00f3 de Treball: qu\u00e8 et poden demanar<span class=\"ez-toc-section-end\"><\/span><\/h2>\n<p data-start=\"3484\" data-end=\"3545\">Prepara-ho <strong data-start=\"3495\" data-end=\"3504\">abans<\/strong> que arribi el requeriment. Necessitar\u00e0s:<\/p>\n<ol data-start=\"3547\" data-end=\"3855\">\n<li data-start=\"3547\" data-end=\"3589\">Registre diari per persona i per\u00edode.<\/li>\n<li data-start=\"3590\" data-end=\"3637\">Diferenciaci\u00f3 d\u2019hores ordin\u00e0ries i extres.<\/li>\n<li data-start=\"3638\" data-end=\"3692\"><strong data-start=\"3641\" data-end=\"3648\">Log<\/strong> de modificacions amb autor, data i motiu.<\/li>\n<li data-start=\"3693\" data-end=\"3747\">Prova d\u2019acc\u00e9s del treballador als seus registres.<\/li>\n<li data-start=\"3748\" data-end=\"3795\"><strong data-start=\"3751\" data-end=\"3771\">Pol\u00edtica interna<\/strong> i manual del sistema.<\/li>\n<li data-start=\"3796\" data-end=\"3855\">Permisos d\u2019<strong data-start=\"3810\" data-end=\"3825\">acc\u00e9s remot<\/strong> si el registre \u00e9s electr\u00f2nic.<\/li>\n<\/ol>\n<p data-start=\"3857\" data-end=\"3968\">Amb el nostre \u201c<strong data-start=\"3872\" data-end=\"3890\">mode inspecci\u00f3<\/strong>\u201d, descarregues tot aix\u00f2 en un clic. Per tant, guanyes temps i tranquil\u00b7litat.<\/p>\n<h2 data-start=\"3970\" data-end=\"4009\"><span class=\"ez-toc-section\" id=\"7_Errors_frequents_i_com_evitar-los\"><\/span>7) Errors freq\u00fcents i com evitar-los<span class=\"ez-toc-section-end\"><\/span><\/h2>\n<ul data-start=\"4011\" data-end=\"4442\">\n<li data-start=\"4011\" data-end=\"4122\"><strong data-start=\"4013\" data-end=\"4030\">Excel o paper<\/strong> com a soluci\u00f3 definitiva. Evita-ho. El futur va cap a sistemes digitals <strong data-start=\"4103\" data-end=\"4119\">inalterables<\/strong>.<\/li>\n<li data-start=\"4123\" data-end=\"4200\">No registrar <strong data-start=\"4138\" data-end=\"4148\">pauses<\/strong>. La norma demana precisi\u00f3 per tipologia de temps.<\/li>\n<li data-start=\"4201\" data-end=\"4278\"><strong data-start=\"4203\" data-end=\"4216\">Biometria<\/strong> sense EIPD ni base jur\u00eddica s\u00f2lida. Risc alt i poc control.<\/li>\n<li data-start=\"4279\" data-end=\"4358\">No preparar <strong data-start=\"4293\" data-end=\"4305\">informes<\/strong> i <strong data-start=\"4308\" data-end=\"4316\">logs<\/strong>. El dia del requeriment no hi ha marge.<\/li>\n<li data-start=\"4359\" data-end=\"4442\">Desquadraments amb <strong data-start=\"4380\" data-end=\"4390\">n\u00f2mina<\/strong>. Integra registre, torns i n\u00f2mina des del principi.<\/li>\n<\/ul>\n<h2 data-start=\"4444\" data-end=\"4502\"><span class=\"ez-toc-section\" id=\"8_Preguntes_frequents_sobre_el_registre_horari_digital\"><\/span>8) Preguntes freq\u00fcents sobre el registre horari digital<span class=\"ez-toc-section-end\"><\/span><\/h2>\n<p data-start=\"4504\" data-end=\"4651\"><strong data-start=\"4504\" data-end=\"4552\">Quan podria ser obligatori el model digital?<\/strong><br data-start=\"4552\" data-end=\"4555\" \/>Despr\u00e9s de la consulta, l\u2019informe i l\u2019aprovaci\u00f3 en Consell de Ministres. El BOE marcar\u00e0 la data.<\/p>\n<p data-start=\"4653\" data-end=\"4826\"><strong data-start=\"4653\" data-end=\"4681\">Puc continuar amb Excel?<\/strong><br data-start=\"4681\" data-end=\"4684\" \/>Legalment pots documentar el registre, per\u00f2 el <strong data-start=\"4731\" data-end=\"4758\">registre horari digital<\/strong> aporta tra\u00e7abilitat i <strong data-start=\"4781\" data-end=\"4796\">acc\u00e9s remot<\/strong>. Anticipa\u2019t i redueix riscos.<\/p>\n<p data-start=\"4828\" data-end=\"4985\"><strong data-start=\"4828\" data-end=\"4863\">Qu\u00e8 he de registrar exactament?<\/strong><br data-start=\"4863\" data-end=\"4866\" \/>Entrada, sortida, <strong data-start=\"4884\" data-end=\"4901\">interrupcions<\/strong> i tipus de temps. A m\u00e9s, separa hores ordin\u00e0ries i extres. Conserva-ho quatre anys.<\/p>\n<p data-start=\"4987\" data-end=\"5122\"><strong data-start=\"4987\" data-end=\"5036\">La Inspecci\u00f3 es pot connectar al meu sistema?<\/strong><br data-start=\"5036\" data-end=\"5039\" \/>Si el sistema \u00e9s electr\u00f2nic, prepara <strong data-start=\"5076\" data-end=\"5094\">acc\u00e9s immediat<\/strong> i informes estandarditzats.<\/p>\n<p data-start=\"5124\" data-end=\"5249\"><strong data-start=\"5124\" data-end=\"5150\">Quines sancions hi ha?<\/strong><br data-start=\"5150\" data-end=\"5153\" \/>Hi ha multes rellevants si no compleixes. Amb control real i evid\u00e8ncies, minimitzes l\u2019exposici\u00f3.<\/p>\n<h2 data-start=\"5251\" data-end=\"5321\"><span class=\"ez-toc-section\" id=\"9_Com_tajudem_des_de_Barcelona_servei_integral_dArias_Assessors\"><\/span>9) Com t\u2019ajudem des de Barcelona: servei integral d\u2019Arias Assessors<span class=\"ez-toc-section-end\"><\/span><\/h2>\n<p data-start=\"5323\" data-end=\"5632\">Som <a href=\"https:\/\/www.ariasassessors.com\/ca\/\"><strong data-start=\"5327\" data-end=\"5346\">Arias Assessors<\/strong><\/a>, la teva assessoria a Barcelona. Portem <strong data-start=\"5387\" data-end=\"5405\">m\u00e9s de 25 anys<\/strong> ajudant pimes i aut\u00f2noms. Som <strong data-start=\"5436\" data-end=\"5475\">Gestors Administratius de Catalunya<\/strong> col\u00b7legiats <strong data-start=\"5488\" data-end=\"5501\">n\u00fam. 3998<\/strong>. El nostre Departament Laboral gestiona <strong data-start=\"5542\" data-end=\"5591\">n\u00f2mines, Seguretat Social, contractaci\u00f3, IRPF<\/strong> i tot el que afecta els recursos humans.<\/p>\n<p data-start=\"5634\" data-end=\"5896\">Treballem amb <strong data-start=\"5648\" data-end=\"5663\">A3 Software<\/strong> i connectem el <strong data-start=\"5679\" data-end=\"5706\">registre horari digital<\/strong> amb la n\u00f2mina i la comptabilitat. Tamb\u00e9 representem la teva empresa davant <strong data-start=\"5782\" data-end=\"5813\">AEAT, TGSS, SOC i Inspecci\u00f3<\/strong> per via telem\u00e0tica. A m\u00e9s, col\u00b7laborem amb especialistes en <strong data-start=\"5874\" data-end=\"5895\">RGPD i Compliance<\/strong>.<\/p>\n<p data-start=\"5898\" data-end=\"6148\">Qu\u00e8 fem per tu? Diagnosi <strong data-start=\"5923\" data-end=\"5934\">express<\/strong>, pla <strong data-start=\"5940\" data-end=\"5952\">30\/60\/90<\/strong>, desplegament i <strong data-start=\"5969\" data-end=\"5981\">formaci\u00f3<\/strong>. A m\u00e9s, deixem a punt el <strong data-start=\"6007\" data-end=\"6025\">mode inspecci\u00f3<\/strong> i el procediment d\u2019incid\u00e8ncies. Aix\u00ed, el teu <strong data-start=\"6071\" data-end=\"6098\">registre horari digital<\/strong> queda robust i llest per a qualsevol requeriment.<\/p>\n<h2 data-start=\"6150\" data-end=\"6162\"><span class=\"ez-toc-section\" id=\"Conclusio\"><\/span>Conclusi\u00f3<span class=\"ez-toc-section-end\"><\/span><\/h2>\n<p data-start=\"6164\" data-end=\"6458\">La base existeix des del 2019. Ara, el <strong data-start=\"6203\" data-end=\"6230\">registre horari digital<\/strong> aporta precisi\u00f3, tra\u00e7abilitat i agilitat. Anticipa el canvi i evita sorpreses. Nosaltres t\u2019acompanyem en cada pas, des de la diagnosi fins als informes finals. Per aix\u00f2, la teva empresa arriba preparada i amb la casa endre\u00e7ada.<\/p>\n","protected":false},"excerpt":{"rendered":"<p>1) Qu\u00e8 \u00e9s el registre horari digital i qu\u00e8 canvia respecte al 2019 El registre horari ja \u00e9s obligatori des del 2019. Totes les empreses han d\u2019anotar l\u2019entrada i la sortida de cada persona. A m\u00e9s, han de conservar les dades durant quatre anys i&#8230;<\/p>\n","protected":false},"author":2,"featured_media":4466,"comment_status":"open","ping_status":"open","sticky":false,"template":"","format":"standard","meta":{"footnotes":""},"categories":[4],"tags":[],"class_list":["post-4468","post","type-post","status-publish","format-standard","has-post-thumbnail","hentry","category-noticies"],"yoast_head":"<!-- This site is optimized with the Yoast SEO plugin v24.3 - https:\/\/yoast.com\/wordpress\/plugins\/seo\/ -->\n<title>Registre horari digital obligatori el 2025: calendari, requisits i guia<\/title>\n<meta name=\"description\" content=\"Registre horari digital 2025: calendari, requisits i guia pr\u00e0ctica per a pimes i aut\u00f2noms. Arias Assessors t\u2019ajuda a implantar-lo.\" \/>\n<meta name=\"robots\" content=\"index, follow, max-snippet:-1, max-image-preview:large, max-video-preview:-1\" \/>\n<link rel=\"canonical\" href=\"https:\/\/www.ariasassessors.com\/ca\/registre-horari-digital-obligatori\/\" \/>\n<meta property=\"og:locale\" content=\"ca_ES\" \/>\n<meta property=\"og:type\" content=\"article\" \/>\n<meta property=\"og:title\" content=\"Registre horari digital obligatori el 2025: calendari, requisits i guia\" \/>\n<meta property=\"og:description\" content=\"Registre horari digital 2025: calendari, requisits i guia pr\u00e0ctica per a pimes i aut\u00f2noms. Arias Assessors t\u2019ajuda a implantar-lo.\" \/>\n<meta property=\"og:url\" content=\"https:\/\/www.ariasassessors.com\/ca\/registre-horari-digital-obligatori\/\" \/>\n<meta property=\"og:site_name\" content=\"Arias Assessors\" \/>\n<meta property=\"article:publisher\" content=\"https:\/\/www.facebook.com\/ariasassessors\/\" \/>\n<meta property=\"article:published_time\" content=\"2025-09-29T09:55:14+00:00\" \/>\n<meta property=\"article:modified_time\" content=\"2025-10-02T11:48:29+00:00\" \/>\n<meta property=\"og:image\" content=\"https:\/\/www.ariasassessors.com\/wp-content\/uploads\/2025\/09\/Arias_Blog_IMAGEN_DESTACADA-39.png\" \/>\n\t<meta property=\"og:image:width\" content=\"1920\" \/>\n\t<meta property=\"og:image:height\" content=\"1202\" \/>\n\t<meta property=\"og:image:type\" content=\"image\/png\" \/>\n<meta name=\"author\" content=\"btorras\" \/>\n<meta name=\"twitter:card\" content=\"summary_large_image\" \/>\n<meta name=\"twitter:creator\" content=\"@ariasassessors\" \/>\n<meta name=\"twitter:site\" content=\"@ariasassessors\" \/>\n<meta name=\"twitter:label1\" content=\"Escrit per\" \/>\n\t<meta name=\"twitter:data1\" content=\"btorras\" \/>\n\t<meta name=\"twitter:label2\" content=\"Temps estimat de lectura\" \/>\n\t<meta name=\"twitter:data2\" content=\"5 minuts\" \/>\n<script type=\"application\/ld+json\" class=\"yoast-schema-graph\">{\"@context\":\"https:\/\/schema.org\",\"@graph\":[{\"@type\":\"Article\",\"@id\":\"https:\/\/www.ariasassessors.com\/ca\/registre-horari-digital-obligatori\/#article\",\"isPartOf\":{\"@id\":\"https:\/\/www.ariasassessors.com\/ca\/registre-horari-digital-obligatori\/\"},\"author\":{\"name\":\"btorras\",\"@id\":\"https:\/\/www.ariasassessors.com\/#\/schema\/person\/63c6ad1775f0a9413c37932562673cef\"},\"headline\":\"Registre horari digital obligatori el 2026: calendari, requisits i guia pr\u00e0ctica per a pimes i aut\u00f2noms\",\"datePublished\":\"2025-09-29T09:55:14+00:00\",\"dateModified\":\"2025-10-02T11:48:29+00:00\",\"mainEntityOfPage\":{\"@id\":\"https:\/\/www.ariasassessors.com\/ca\/registre-horari-digital-obligatori\/\"},\"wordCount\":1009,\"commentCount\":0,\"publisher\":{\"@id\":\"https:\/\/www.ariasassessors.com\/#organization\"},\"image\":{\"@id\":\"https:\/\/www.ariasassessors.com\/ca\/registre-horari-digital-obligatori\/#primaryimage\"},\"thumbnailUrl\":\"https:\/\/www.ariasassessors.com\/wp-content\/uploads\/2025\/09\/Arias_Blog_IMAGEN_DESTACADA-39.png\",\"articleSection\":[\"noticies\"],\"inLanguage\":\"ca\",\"potentialAction\":[{\"@type\":\"CommentAction\",\"name\":\"Comment\",\"target\":[\"https:\/\/www.ariasassessors.com\/ca\/registre-horari-digital-obligatori\/#respond\"]}]},{\"@type\":\"WebPage\",\"@id\":\"https:\/\/www.ariasassessors.com\/ca\/registre-horari-digital-obligatori\/\",\"url\":\"https:\/\/www.ariasassessors.com\/ca\/registre-horari-digital-obligatori\/\",\"name\":\"Registre horari digital obligatori el 2025: calendari, requisits i guia\",\"isPartOf\":{\"@id\":\"https:\/\/www.ariasassessors.com\/#website\"},\"primaryImageOfPage\":{\"@id\":\"https:\/\/www.ariasassessors.com\/ca\/registre-horari-digital-obligatori\/#primaryimage\"},\"image\":{\"@id\":\"https:\/\/www.ariasassessors.com\/ca\/registre-horari-digital-obligatori\/#primaryimage\"},\"thumbnailUrl\":\"https:\/\/www.ariasassessors.com\/wp-content\/uploads\/2025\/09\/Arias_Blog_IMAGEN_DESTACADA-39.png\",\"datePublished\":\"2025-09-29T09:55:14+00:00\",\"dateModified\":\"2025-10-02T11:48:29+00:00\",\"description\":\"Registre horari digital 2025: calendari, requisits i guia pr\u00e0ctica per a pimes i aut\u00f2noms. Arias Assessors t\u2019ajuda a implantar-lo.\",\"breadcrumb\":{\"@id\":\"https:\/\/www.ariasassessors.com\/ca\/registre-horari-digital-obligatori\/#breadcrumb\"},\"inLanguage\":\"ca\",\"potentialAction\":[{\"@type\":\"ReadAction\",\"target\":[\"https:\/\/www.ariasassessors.com\/ca\/registre-horari-digital-obligatori\/\"]}]},{\"@type\":\"ImageObject\",\"inLanguage\":\"ca\",\"@id\":\"https:\/\/www.ariasassessors.com\/ca\/registre-horari-digital-obligatori\/#primaryimage\",\"url\":\"https:\/\/www.ariasassessors.com\/wp-content\/uploads\/2025\/09\/Arias_Blog_IMAGEN_DESTACADA-39.png\",\"contentUrl\":\"https:\/\/www.ariasassessors.com\/wp-content\/uploads\/2025\/09\/Arias_Blog_IMAGEN_DESTACADA-39.png\",\"width\":1920,\"height\":1202},{\"@type\":\"BreadcrumbList\",\"@id\":\"https:\/\/www.ariasassessors.com\/ca\/registre-horari-digital-obligatori\/#breadcrumb\",\"itemListElement\":[{\"@type\":\"ListItem\",\"position\":1,\"name\":\"Portada\",\"item\":\"https:\/\/www.ariasassessors.com\/ca\/\"},{\"@type\":\"ListItem\",\"position\":2,\"name\":\"Registre horari digital obligatori el 2026: calendari, requisits i guia pr\u00e0ctica per a pimes i aut\u00f2noms\"}]},{\"@type\":\"WebSite\",\"@id\":\"https:\/\/www.ariasassessors.com\/#website\",\"url\":\"https:\/\/www.ariasassessors.com\/\",\"name\":\"Arias Assessors\",\"description\":\"Asesor\u00eda para aut\u00f3nomos, profesionales y PYMES\",\"publisher\":{\"@id\":\"https:\/\/www.ariasassessors.com\/#organization\"},\"potentialAction\":[{\"@type\":\"SearchAction\",\"target\":{\"@type\":\"EntryPoint\",\"urlTemplate\":\"https:\/\/www.ariasassessors.com\/?s={search_term_string}\"},\"query-input\":{\"@type\":\"PropertyValueSpecification\",\"valueRequired\":true,\"valueName\":\"search_term_string\"}}],\"inLanguage\":\"ca\"},{\"@type\":\"Organization\",\"@id\":\"https:\/\/www.ariasassessors.com\/#organization\",\"name\":\"Arias Assessors\",\"url\":\"https:\/\/www.ariasassessors.com\/\",\"logo\":{\"@type\":\"ImageObject\",\"inLanguage\":\"ca\",\"@id\":\"https:\/\/www.ariasassessors.com\/#\/schema\/logo\/image\/\",\"url\":\"https:\/\/www.ariasassessors.com\/wp-content\/uploads\/2019\/01\/arias-logo.png\",\"contentUrl\":\"https:\/\/www.ariasassessors.com\/wp-content\/uploads\/2019\/01\/arias-logo.png\",\"width\":349,\"height\":254,\"caption\":\"Arias Assessors\"},\"image\":{\"@id\":\"https:\/\/www.ariasassessors.com\/#\/schema\/logo\/image\/\"},\"sameAs\":[\"https:\/\/www.facebook.com\/ariasassessors\/\",\"https:\/\/x.com\/ariasassessors\",\"https:\/\/www.linkedin.com\/company\/r&amp;amp;r-growing-knowledge\/\"]},{\"@type\":\"Person\",\"@id\":\"https:\/\/www.ariasassessors.com\/#\/schema\/person\/63c6ad1775f0a9413c37932562673cef\",\"name\":\"btorras\",\"image\":{\"@type\":\"ImageObject\",\"inLanguage\":\"ca\",\"@id\":\"https:\/\/www.ariasassessors.com\/#\/schema\/person\/image\/\",\"url\":\"https:\/\/secure.gravatar.com\/avatar\/0531db351fc361fdbfd204c58fa2d6a3?s=96&d=mm&r=g\",\"contentUrl\":\"https:\/\/secure.gravatar.com\/avatar\/0531db351fc361fdbfd204c58fa2d6a3?s=96&d=mm&r=g\",\"caption\":\"btorras\"}}]}<\/script>\n<!-- \/ Yoast SEO plugin. -->","yoast_head_json":{"title":"Registre horari digital obligatori el 2025: calendari, requisits i guia","description":"Registre horari digital 2025: calendari, requisits i guia pr\u00e0ctica per a pimes i aut\u00f2noms. Arias Assessors t\u2019ajuda a implantar-lo.","robots":{"index":"index","follow":"follow","max-snippet":"max-snippet:-1","max-image-preview":"max-image-preview:large","max-video-preview":"max-video-preview:-1"},"canonical":"https:\/\/www.ariasassessors.com\/ca\/registre-horari-digital-obligatori\/","og_locale":"ca_ES","og_type":"article","og_title":"Registre horari digital obligatori el 2025: calendari, requisits i guia","og_description":"Registre horari digital 2025: calendari, requisits i guia pr\u00e0ctica per a pimes i aut\u00f2noms. Arias Assessors t\u2019ajuda a implantar-lo.","og_url":"https:\/\/www.ariasassessors.com\/ca\/registre-horari-digital-obligatori\/","og_site_name":"Arias Assessors","article_publisher":"https:\/\/www.facebook.com\/ariasassessors\/","article_published_time":"2025-09-29T09:55:14+00:00","article_modified_time":"2025-10-02T11:48:29+00:00","og_image":[{"width":1920,"height":1202,"url":"https:\/\/www.ariasassessors.com\/wp-content\/uploads\/2025\/09\/Arias_Blog_IMAGEN_DESTACADA-39.png","type":"image\/png"}],"author":"btorras","twitter_card":"summary_large_image","twitter_creator":"@ariasassessors","twitter_site":"@ariasassessors","twitter_misc":{"Escrit per":"btorras","Temps estimat de lectura":"5 minuts"},"schema":{"@context":"https:\/\/schema.org","@graph":[{"@type":"Article","@id":"https:\/\/www.ariasassessors.com\/ca\/registre-horari-digital-obligatori\/#article","isPartOf":{"@id":"https:\/\/www.ariasassessors.com\/ca\/registre-horari-digital-obligatori\/"},"author":{"name":"btorras","@id":"https:\/\/www.ariasassessors.com\/#\/schema\/person\/63c6ad1775f0a9413c37932562673cef"},"headline":"Registre horari digital obligatori el 2026: calendari, requisits i guia pr\u00e0ctica per a pimes i aut\u00f2noms","datePublished":"2025-09-29T09:55:14+00:00","dateModified":"2025-10-02T11:48:29+00:00","mainEntityOfPage":{"@id":"https:\/\/www.ariasassessors.com\/ca\/registre-horari-digital-obligatori\/"},"wordCount":1009,"commentCount":0,"publisher":{"@id":"https:\/\/www.ariasassessors.com\/#organization"},"image":{"@id":"https:\/\/www.ariasassessors.com\/ca\/registre-horari-digital-obligatori\/#primaryimage"},"thumbnailUrl":"https:\/\/www.ariasassessors.com\/wp-content\/uploads\/2025\/09\/Arias_Blog_IMAGEN_DESTACADA-39.png","articleSection":["noticies"],"inLanguage":"ca","potentialAction":[{"@type":"CommentAction","name":"Comment","target":["https:\/\/www.ariasassessors.com\/ca\/registre-horari-digital-obligatori\/#respond"]}]},{"@type":"WebPage","@id":"https:\/\/www.ariasassessors.com\/ca\/registre-horari-digital-obligatori\/","url":"https:\/\/www.ariasassessors.com\/ca\/registre-horari-digital-obligatori\/","name":"Registre horari digital obligatori el 2025: calendari, requisits i guia","isPartOf":{"@id":"https:\/\/www.ariasassessors.com\/#website"},"primaryImageOfPage":{"@id":"https:\/\/www.ariasassessors.com\/ca\/registre-horari-digital-obligatori\/#primaryimage"},"image":{"@id":"https:\/\/www.ariasassessors.com\/ca\/registre-horari-digital-obligatori\/#primaryimage"},"thumbnailUrl":"https:\/\/www.ariasassessors.com\/wp-content\/uploads\/2025\/09\/Arias_Blog_IMAGEN_DESTACADA-39.png","datePublished":"2025-09-29T09:55:14+00:00","dateModified":"2025-10-02T11:48:29+00:00","description":"Registre horari digital 2025: calendari, requisits i guia pr\u00e0ctica per a pimes i aut\u00f2noms. Arias Assessors t\u2019ajuda a implantar-lo.","breadcrumb":{"@id":"https:\/\/www.ariasassessors.com\/ca\/registre-horari-digital-obligatori\/#breadcrumb"},"inLanguage":"ca","potentialAction":[{"@type":"ReadAction","target":["https:\/\/www.ariasassessors.com\/ca\/registre-horari-digital-obligatori\/"]}]},{"@type":"ImageObject","inLanguage":"ca","@id":"https:\/\/www.ariasassessors.com\/ca\/registre-horari-digital-obligatori\/#primaryimage","url":"https:\/\/www.ariasassessors.com\/wp-content\/uploads\/2025\/09\/Arias_Blog_IMAGEN_DESTACADA-39.png","contentUrl":"https:\/\/www.ariasassessors.com\/wp-content\/uploads\/2025\/09\/Arias_Blog_IMAGEN_DESTACADA-39.png","width":1920,"height":1202},{"@type":"BreadcrumbList","@id":"https:\/\/www.ariasassessors.com\/ca\/registre-horari-digital-obligatori\/#breadcrumb","itemListElement":[{"@type":"ListItem","position":1,"name":"Portada","item":"https:\/\/www.ariasassessors.com\/ca\/"},{"@type":"ListItem","position":2,"name":"Registre horari digital obligatori el 2026: calendari, requisits i guia pr\u00e0ctica per a pimes i aut\u00f2noms"}]},{"@type":"WebSite","@id":"https:\/\/www.ariasassessors.com\/#website","url":"https:\/\/www.ariasassessors.com\/","name":"Arias Assessors","description":"Asesor\u00eda para aut\u00f3nomos, profesionales y PYMES","publisher":{"@id":"https:\/\/www.ariasassessors.com\/#organization"},"potentialAction":[{"@type":"SearchAction","target":{"@type":"EntryPoint","urlTemplate":"https:\/\/www.ariasassessors.com\/?s={search_term_string}"},"query-input":{"@type":"PropertyValueSpecification","valueRequired":true,"valueName":"search_term_string"}}],"inLanguage":"ca"},{"@type":"Organization","@id":"https:\/\/www.ariasassessors.com\/#organization","name":"Arias Assessors","url":"https:\/\/www.ariasassessors.com\/","logo":{"@type":"ImageObject","inLanguage":"ca","@id":"https:\/\/www.ariasassessors.com\/#\/schema\/logo\/image\/","url":"https:\/\/www.ariasassessors.com\/wp-content\/uploads\/2019\/01\/arias-logo.png","contentUrl":"https:\/\/www.ariasassessors.com\/wp-content\/uploads\/2019\/01\/arias-logo.png","width":349,"height":254,"caption":"Arias Assessors"},"image":{"@id":"https:\/\/www.ariasassessors.com\/#\/schema\/logo\/image\/"},"sameAs":["https:\/\/www.facebook.com\/ariasassessors\/","https:\/\/x.com\/ariasassessors","https:\/\/www.linkedin.com\/company\/r&amp;amp;r-growing-knowledge\/"]},{"@type":"Person","@id":"https:\/\/www.ariasassessors.com\/#\/schema\/person\/63c6ad1775f0a9413c37932562673cef","name":"btorras","image":{"@type":"ImageObject","inLanguage":"ca","@id":"https:\/\/www.ariasassessors.com\/#\/schema\/person\/image\/","url":"https:\/\/secure.gravatar.com\/avatar\/0531db351fc361fdbfd204c58fa2d6a3?s=96&d=mm&r=g","contentUrl":"https:\/\/secure.gravatar.com\/avatar\/0531db351fc361fdbfd204c58fa2d6a3?s=96&d=mm&r=g","caption":"btorras"}}]}},"_links":{"self":[{"href":"https:\/\/www.ariasassessors.com\/ca\/wp-json\/wp\/v2\/posts\/4468","targetHints":{"allow":["GET"]}}],"collection":[{"href":"https:\/\/www.ariasassessors.com\/ca\/wp-json\/wp\/v2\/posts"}],"about":[{"href":"https:\/\/www.ariasassessors.com\/ca\/wp-json\/wp\/v2\/types\/post"}],"author":[{"embeddable":true,"href":"https:\/\/www.ariasassessors.com\/ca\/wp-json\/wp\/v2\/users\/2"}],"replies":[{"embeddable":true,"href":"https:\/\/www.ariasassessors.com\/ca\/wp-json\/wp\/v2\/comments?post=4468"}],"version-history":[{"count":3,"href":"https:\/\/www.ariasassessors.com\/ca\/wp-json\/wp\/v2\/posts\/4468\/revisions"}],"predecessor-version":[{"id":4473,"href":"https:\/\/www.ariasassessors.com\/ca\/wp-json\/wp\/v2\/posts\/4468\/revisions\/4473"}],"wp:featuredmedia":[{"embeddable":true,"href":"https:\/\/www.ariasassessors.com\/ca\/wp-json\/wp\/v2\/media\/4466"}],"wp:attachment":[{"href":"https:\/\/www.ariasassessors.com\/ca\/wp-json\/wp\/v2\/media?parent=4468"}],"wp:term":[{"taxonomy":"category","embeddable":true,"href":"https:\/\/www.ariasassessors.com\/ca\/wp-json\/wp\/v2\/categories?post=4468"},{"taxonomy":"post_tag","embeddable":true,"href":"https:\/\/www.ariasassessors.com\/ca\/wp-json\/wp\/v2\/tags?post=4468"}],"curies":[{"name":"wp","href":"https:\/\/api.w.org\/{rel}","templated":true}]}}