{"id":4540,"date":"2025-10-27T13:51:38","date_gmt":"2025-10-27T12:51:38","guid":{"rendered":"https:\/\/www.ariasassessors.com\/?p=4540"},"modified":"2025-10-27T13:51:38","modified_gmt":"2025-10-27T12:51:38","slug":"hisenda-ja-no-pot-reclamar-sense-proves","status":"publish","type":"post","link":"https:\/\/www.ariasassessors.com\/ca\/hisenda-ja-no-pot-reclamar-sense-proves\/","title":{"rendered":"Hisenda ja no pot reclamar sense proves: com defensar-te (i com t\u2019ajudem a Arias Assessors)"},"content":{"rendered":"<p data-start=\"95\" data-end=\"286\"><strong data-start=\"95\" data-end=\"105\">Resum:<\/strong> Amb el criteri del Suprem <a href=\"https:\/\/www.fide.es\/wp-content\/uploads\/2025\/09\/STS-Ausencia-de-motivacion-derivacion-de-responsabilidad.pdf\">(STS 3465\/2025)<\/a>, <strong data-start=\"149\" data-end=\"192\">Hisenda ja no pot reclamar sense proves<\/strong> ni sense motivaci\u00f3 espec\u00edfica. Aix\u00f2 canvia el joc per a administradors i aut\u00f2noms societaris.<\/p>\n<div id=\"ez-toc-container\" class=\"ez-toc-v2_0_72 counter-hierarchy ez-toc-counter ez-toc-grey ez-toc-container-direction\">\n<div class=\"ez-toc-title-container\">\n<p class=\"ez-toc-title\" style=\"cursor:inherit\">\u00cdndice de Contenidos<\/p>\n<span class=\"ez-toc-title-toggle\"><a href=\"#\" class=\"ez-toc-pull-right ez-toc-btn ez-toc-btn-xs ez-toc-btn-default ez-toc-toggle\" aria-label=\"Toggle Table of Content\"><span class=\"ez-toc-js-icon-con\"><span class=\"\"><span class=\"eztoc-hide\" style=\"display:none;\">Toggle<\/span><span class=\"ez-toc-icon-toggle-span\"><svg style=\"fill: #428bca;color:#428bca\" xmlns=\"http:\/\/www.w3.org\/2000\/svg\" class=\"list-377408\" width=\"20px\" height=\"20px\" viewBox=\"0 0 24 24\" fill=\"none\"><path d=\"M6 6H4v2h2V6zm14 0H8v2h12V6zM4 11h2v2H4v-2zm16 0H8v2h12v-2zM4 16h2v2H4v-2zm16 0H8v2h12v-2z\" fill=\"currentColor\"><\/path><\/svg><svg style=\"fill: #428bca;color:#428bca\" class=\"arrow-unsorted-368013\" xmlns=\"http:\/\/www.w3.org\/2000\/svg\" width=\"10px\" height=\"10px\" viewBox=\"0 0 24 24\" version=\"1.2\" baseProfile=\"tiny\"><path d=\"M18.2 9.3l-6.2-6.3-6.2 6.3c-.2.2-.3.4-.3.7s.1.5.3.7c.2.2.4.3.7.3h11c.3 0 .5-.1.7-.3.2-.2.3-.5.3-.7s-.1-.5-.3-.7zM5.8 14.7l6.2 6.3 6.2-6.3c.2-.2.3-.5.3-.7s-.1-.5-.3-.7c-.2-.2-.4-.3-.7-.3h-11c-.3 0-.5.1-.7.3-.2.2-.3.5-.3.7s.1.5.3.7z\"\/><\/svg><\/span><\/span><\/span><\/a><\/span><\/div>\n<nav><ul class='ez-toc-list ez-toc-list-level-1 eztoc-toggle-hide-by-default' ><li class='ez-toc-page-1 ez-toc-heading-level-2'><a class=\"ez-toc-link ez-toc-heading-1\" href=\"https:\/\/www.ariasassessors.com\/ca\/hisenda-ja-no-pot-reclamar-sense-proves\/#Que_ha_canviat_i_per_que_timporta\" title=\"Qu\u00e8 ha canviat i per qu\u00e8 t\u2019importa\">Qu\u00e8 ha canviat i per qu\u00e8 t\u2019importa<\/a><\/li><li class='ez-toc-page-1 ez-toc-heading-level-2'><a class=\"ez-toc-link ez-toc-heading-2\" href=\"https:\/\/www.ariasassessors.com\/ca\/hisenda-ja-no-pot-reclamar-sense-proves\/#A_qui_afecta_i_quan_aplica\" title=\"A qui afecta i quan aplica\">A qui afecta i quan aplica<\/a><\/li><li class='ez-toc-page-1 ez-toc-heading-level-2'><a class=\"ez-toc-link ez-toc-heading-3\" href=\"https:\/\/www.ariasassessors.com\/ca\/hisenda-ja-no-pot-reclamar-sense-proves\/#Que_ha_dacreditar_lAEAT_ara\" title=\"Qu\u00e8 ha d\u2019acreditar l\u2019AEAT ara\">Qu\u00e8 ha d\u2019acreditar l\u2019AEAT ara<\/a><\/li><li class='ez-toc-page-1 ez-toc-heading-level-2'><a class=\"ez-toc-link ez-toc-heading-4\" href=\"https:\/\/www.ariasassessors.com\/ca\/hisenda-ja-no-pot-reclamar-sense-proves\/#Si_reps_una_derivacio_passos_immediats\" title=\"Si reps una derivaci\u00f3: passos immediats\">Si reps una derivaci\u00f3: passos immediats<\/a><\/li><li class='ez-toc-page-1 ez-toc-heading-level-2'><a class=\"ez-toc-link ez-toc-heading-5\" href=\"https:\/\/www.ariasassessors.com\/ca\/hisenda-ja-no-pot-reclamar-sense-proves\/#La_documentacio_que_soste_la_defensa\" title=\"La documentaci\u00f3 que sost\u00e9 la defensa\">La documentaci\u00f3 que sost\u00e9 la defensa<\/a><\/li><li class='ez-toc-page-1 ez-toc-heading-level-2'><a class=\"ez-toc-link ez-toc-heading-6\" href=\"https:\/\/www.ariasassessors.com\/ca\/hisenda-ja-no-pot-reclamar-sense-proves\/#Errors_que_enfonsen_casos\" title=\"Errors que enfonsen casos\">Errors que enfonsen casos<\/a><\/li><li class='ez-toc-page-1 ez-toc-heading-level-2'><a class=\"ez-toc-link ez-toc-heading-7\" href=\"https:\/\/www.ariasassessors.com\/ca\/hisenda-ja-no-pot-reclamar-sense-proves\/#Com_treballem_a_Arias_Assessors_Barcelona\" title=\"Com treballem a Arias Assessors (Barcelona)\">Com treballem a Arias Assessors (Barcelona)<\/a><\/li><li class='ez-toc-page-1 ez-toc-heading-level-2'><a class=\"ez-toc-link ez-toc-heading-8\" href=\"https:\/\/www.ariasassessors.com\/ca\/hisenda-ja-no-pot-reclamar-sense-proves\/#Casos_tipus_i_expectatives_reals\" title=\"Casos tipus i expectatives reals\">Casos tipus i expectatives reals<\/a><\/li><li class='ez-toc-page-1 ez-toc-heading-level-2'><a class=\"ez-toc-link ez-toc-heading-9\" href=\"https:\/\/www.ariasassessors.com\/ca\/hisenda-ja-no-pot-reclamar-sense-proves\/#Proper_pas\" title=\"Proper pas\">Proper pas<\/a><\/li><\/ul><\/nav><\/div>\n<h2 data-start=\"288\" data-end=\"325\"><span class=\"ez-toc-section\" id=\"Que_ha_canviat_i_per_que_timporta\"><\/span>Qu\u00e8 ha canviat i per qu\u00e8 t\u2019importa<span class=\"ez-toc-section-end\"><\/span><\/h2>\n<p data-start=\"326\" data-end=\"683\">Fins ara, moltes derivacions es basaven en el mer c\u00e0rrec d\u2019administrador. Ara, l\u2019AEAT ha d\u2019individualitzar la teva conducta, demostrar culpa o dol i explicar el nexe causal amb la infracci\u00f3. En conseq\u00fc\u00e8ncia, <strong data-start=\"534\" data-end=\"577\">Hisenda ja no pot reclamar sense proves<\/strong> ni amb par\u00e0grafs gen\u00e8rics. Aquest canvi obre una finestra real de defensa si el teu expedient no \u00e9s ferm.<\/p>\n<h2 data-start=\"685\" data-end=\"714\"><span class=\"ez-toc-section\" id=\"A_qui_afecta_i_quan_aplica\"><\/span>A qui afecta i quan aplica<span class=\"ez-toc-section-end\"><\/span><\/h2>\n<p data-start=\"715\" data-end=\"1000\">Afecta administradors de pimes i aut\u00f2noms societaris als quals l\u2019AEAT pret\u00e9n derivar deutes de la seva societat. Si tens un procediment en curs, pots exigir motivaci\u00f3 detallada i control de proves. En canvi, si existeixen evid\u00e8ncies clares de mala gesti\u00f3, la derivaci\u00f3 pot sostenir-se.<\/p>\n<h2 data-start=\"1002\" data-end=\"1034\"><span class=\"ez-toc-section\" id=\"Que_ha_dacreditar_lAEAT_ara\"><\/span>Qu\u00e8 ha d\u2019acreditar l\u2019AEAT ara<span class=\"ez-toc-section-end\"><\/span><\/h2>\n<p data-start=\"1035\" data-end=\"1350\">L\u2019Administraci\u00f3 ha d\u2019acreditar tres punts: element subjectiu (culpa o dol), relaci\u00f3 directa entre la teva actuaci\u00f3 i el deute, i motivaci\u00f3 individualitzada. Si l\u2019acord copia f\u00f3rmules est\u00e0ndard, tens recorregut per impugnar. Dit d\u2019una altra manera, <strong data-start=\"1283\" data-end=\"1326\">Hisenda ja no pot reclamar sense proves<\/strong> ni sense fets concrets.<\/p>\n<h2 data-start=\"1352\" data-end=\"1394\"><span class=\"ez-toc-section\" id=\"Si_reps_una_derivacio_passos_immediats\"><\/span>Si reps una derivaci\u00f3: passos immediats<span class=\"ez-toc-section-end\"><\/span><\/h2>\n<ol data-start=\"1395\" data-end=\"1884\">\n<li data-start=\"1395\" data-end=\"1462\">\n<p data-start=\"1398\" data-end=\"1462\">Controla els terminis i descarrega la notificaci\u00f3 electr\u00f2nica.<\/p>\n<\/li>\n<li data-start=\"1463\" data-end=\"1531\">\n<p data-start=\"1466\" data-end=\"1531\">Demana l\u2019expedient complet i revisa la motivaci\u00f3 punt per punt.<\/p>\n<\/li>\n<li data-start=\"1532\" data-end=\"1667\">\n<p data-start=\"1535\" data-end=\"1667\">Presenta al\u00b7legacions amb evid\u00e8ncia de dilig\u00e8ncia: actes, llibres socials, models i resguards, correus i respostes a requeriments.<\/p>\n<\/li>\n<li data-start=\"1668\" data-end=\"1757\">\n<p data-start=\"1671\" data-end=\"1757\">Valora recurs de reposici\u00f3 o reclamaci\u00f3 econ\u00f2mic-administrativa segons l\u2019estrat\u00e8gia.<\/p>\n<\/li>\n<li data-start=\"1758\" data-end=\"1884\">\n<p data-start=\"1761\" data-end=\"1884\">Davant risc de rec\u00e0rrecs, estudia pagar i sol\u00b7licitar devoluci\u00f3 d\u2019ingressos indeguts per neutralitzar tensi\u00f3 de tresoreria.<\/p>\n<\/li>\n<\/ol>\n<h2 data-start=\"1886\" data-end=\"1925\"><span class=\"ez-toc-section\" id=\"La_documentacio_que_soste_la_defensa\"><\/span>La documentaci\u00f3 que sost\u00e9 la defensa<span class=\"ez-toc-section-end\"><\/span><\/h2>\n<p data-start=\"1926\" data-end=\"2304\">Mant\u00e9n els llibres socials i les actes al dia. Conserva la comptabilitat i la fiscalitat ordenades (models presentats, justificants i conciliacions). Arxiva les comunicacions amb l\u2019AEAT i amb l\u2019assessoria amb data i contingut. A m\u00e9s, acredita decisions prudents: plans de pagament, mesures de continu\u00eftat o, si tocava, dissoluci\u00f3 i concurs. Aix\u00ed demostres dilig\u00e8ncia i solidesa.<\/p>\n<h2 data-start=\"2306\" data-end=\"2334\"><span class=\"ez-toc-section\" id=\"Errors_que_enfonsen_casos\"><\/span>Errors que enfonsen casos<span class=\"ez-toc-section-end\"><\/span><\/h2>\n<p data-start=\"2335\" data-end=\"2556\">Arxius incomplets, incoher\u00e8ncies entre comptabilitat i declaracions, notificacions no ateses i arguments sense proves. Evita tamb\u00e9 frases ambig\u00fces o promeses vagues. En definitiva, el que pesa \u00e9s el document, no l\u2019opini\u00f3.<\/p>\n<h2 data-start=\"2558\" data-end=\"2604\"><span class=\"ez-toc-section\" id=\"Com_treballem_a_Arias_Assessors_Barcelona\"><\/span>Com treballem a Arias Assessors (Barcelona)<span class=\"ez-toc-section-end\"><\/span><\/h2>\n<p data-start=\"2605\" data-end=\"3215\">A <a href=\"https:\/\/www.ariasassessors.com\/ca\/\">Arias Assessors<\/a> fa m\u00e9s de 25 anys que defensem aut\u00f2noms i pimes des del centre de Barcelona. Som Gestors Administratius de Catalunya col\u00b7legiats n\u00fam. 3998 i representem tercers per via telem\u00e0tica davant l\u2019AEAT, la TGSS, la Generalitat i els ajuntaments. Treballem amb l\u2019ecosistema A3 Software i certificats digitals, integrem les \u00e0rees fiscal, comptable i laboral, i col\u00b7laborem amb firmes de PRL, RGPD i assegurances. Gr\u00e0cies a aquesta combinaci\u00f3, preparem expedients s\u00f2lids, responem \u00e0gilment a requeriments i ordenem la prova perqu\u00e8 <strong data-start=\"3143\" data-end=\"3186\">Hisenda ja no pot reclamar sense proves<\/strong> ni sense motivaci\u00f3 concreta.<\/p>\n<h2 data-start=\"3217\" data-end=\"3252\"><span class=\"ez-toc-section\" id=\"Casos_tipus_i_expectatives_reals\"><\/span>Casos tipus i expectatives reals<span class=\"ez-toc-section-end\"><\/span><\/h2>\n<p data-start=\"3253\" data-end=\"3602\">Quan la derivaci\u00f3 \u00e9s gen\u00e8rica i la teva dilig\u00e8ncia consta documentalment, augmenten molt les opcions d\u2019\u00e8xit en al\u00b7legacions. Si existeixen omissions greus o neglig\u00e8ncia acreditada, busquem minimitzar danys i rutes alternatives, sempre amb calendari de terminis i control de notificacions. Mentrestant, reordenem l\u2019expedient i tanquem buits de prova.<\/p>\n<h2 data-start=\"3604\" data-end=\"3617\"><span class=\"ez-toc-section\" id=\"Proper_pas\"><\/span>Proper pas<span class=\"ez-toc-section-end\"><\/span><\/h2>\n<p data-start=\"3618\" data-end=\"3819\">Et proposem una revisi\u00f3 documental inicial, un mapa de proves i la redacci\u00f3 d\u2019al\u00b7legacions ajustades al teu cas. Despr\u00e9s, marquem el pla de terminis i fem seguiment de cada tr\u00e0mit per evitar sorpreses.<\/p>\n","protected":false},"excerpt":{"rendered":"<p>Resum: Amb el criteri del Suprem (STS 3465\/2025), Hisenda ja no pot reclamar sense proves ni sense motivaci\u00f3 espec\u00edfica. Aix\u00f2 canvia el joc per a administradors i aut\u00f2noms societaris. Qu\u00e8 ha canviat i per qu\u00e8 t\u2019importa Fins ara, moltes derivacions es basaven en el mer&#8230;<\/p>\n","protected":false},"author":2,"featured_media":4538,"comment_status":"open","ping_status":"open","sticky":false,"template":"","format":"standard","meta":{"footnotes":""},"categories":[4],"tags":[],"class_list":["post-4540","post","type-post","status-publish","format-standard","has-post-thumbnail","hentry","category-noticies"],"yoast_head":"<!-- This site is optimized with the Yoast SEO plugin v24.3 - https:\/\/yoast.com\/wordpress\/plugins\/seo\/ -->\n<title>Hisenda ja no pot reclamar sense proves: com defensar-te<\/title>\n<meta name=\"description\" content=\"Hisenda ja no pot reclamar sense proves. A Arias Assessors defensem el teu cas amb documentaci\u00f3 s\u00f2lida i al\u00b7legacions \u00e0gils a Barcelona.\" \/>\n<meta name=\"robots\" content=\"index, follow, max-snippet:-1, max-image-preview:large, max-video-preview:-1\" \/>\n<link rel=\"canonical\" href=\"https:\/\/www.ariasassessors.com\/ca\/hisenda-ja-no-pot-reclamar-sense-proves\/\" \/>\n<meta property=\"og:locale\" content=\"ca_ES\" \/>\n<meta property=\"og:type\" content=\"article\" \/>\n<meta property=\"og:title\" content=\"Hisenda ja no pot reclamar sense proves: com defensar-te\" \/>\n<meta property=\"og:description\" content=\"Hisenda ja no pot reclamar sense proves. A Arias Assessors defensem el teu cas amb documentaci\u00f3 s\u00f2lida i al\u00b7legacions \u00e0gils a Barcelona.\" \/>\n<meta property=\"og:url\" content=\"https:\/\/www.ariasassessors.com\/ca\/hisenda-ja-no-pot-reclamar-sense-proves\/\" \/>\n<meta property=\"og:site_name\" content=\"Arias Assessors\" \/>\n<meta property=\"article:publisher\" content=\"https:\/\/www.facebook.com\/ariasassessors\/\" \/>\n<meta property=\"article:published_time\" content=\"2025-10-27T12:51:38+00:00\" \/>\n<meta property=\"og:image\" content=\"https:\/\/www.ariasassessors.com\/wp-content\/uploads\/2025\/10\/Arias_Blog_IMAGEN_DESTACADA-43.png\" \/>\n\t<meta property=\"og:image:width\" content=\"1920\" \/>\n\t<meta property=\"og:image:height\" content=\"1202\" \/>\n\t<meta property=\"og:image:type\" content=\"image\/png\" \/>\n<meta name=\"author\" content=\"btorras\" \/>\n<meta name=\"twitter:card\" content=\"summary_large_image\" \/>\n<meta name=\"twitter:creator\" content=\"@ariasassessors\" \/>\n<meta name=\"twitter:site\" content=\"@ariasassessors\" \/>\n<meta name=\"twitter:label1\" content=\"Escrit per\" \/>\n\t<meta name=\"twitter:data1\" content=\"btorras\" \/>\n\t<meta name=\"twitter:label2\" content=\"Temps estimat de lectura\" \/>\n\t<meta name=\"twitter:data2\" content=\"3 minuts\" \/>\n<script type=\"application\/ld+json\" class=\"yoast-schema-graph\">{\"@context\":\"https:\/\/schema.org\",\"@graph\":[{\"@type\":\"Article\",\"@id\":\"https:\/\/www.ariasassessors.com\/ca\/hisenda-ja-no-pot-reclamar-sense-proves\/#article\",\"isPartOf\":{\"@id\":\"https:\/\/www.ariasassessors.com\/ca\/hisenda-ja-no-pot-reclamar-sense-proves\/\"},\"author\":{\"name\":\"btorras\",\"@id\":\"https:\/\/www.ariasassessors.com\/#\/schema\/person\/63c6ad1775f0a9413c37932562673cef\"},\"headline\":\"Hisenda ja no pot reclamar sense proves: com defensar-te (i com t\u2019ajudem a Arias Assessors)\",\"datePublished\":\"2025-10-27T12:51:38+00:00\",\"dateModified\":\"2025-10-27T12:51:38+00:00\",\"mainEntityOfPage\":{\"@id\":\"https:\/\/www.ariasassessors.com\/ca\/hisenda-ja-no-pot-reclamar-sense-proves\/\"},\"wordCount\":618,\"commentCount\":0,\"publisher\":{\"@id\":\"https:\/\/www.ariasassessors.com\/#organization\"},\"image\":{\"@id\":\"https:\/\/www.ariasassessors.com\/ca\/hisenda-ja-no-pot-reclamar-sense-proves\/#primaryimage\"},\"thumbnailUrl\":\"https:\/\/www.ariasassessors.com\/wp-content\/uploads\/2025\/10\/Arias_Blog_IMAGEN_DESTACADA-43.png\",\"articleSection\":[\"noticies\"],\"inLanguage\":\"ca\",\"potentialAction\":[{\"@type\":\"CommentAction\",\"name\":\"Comment\",\"target\":[\"https:\/\/www.ariasassessors.com\/ca\/hisenda-ja-no-pot-reclamar-sense-proves\/#respond\"]}]},{\"@type\":\"WebPage\",\"@id\":\"https:\/\/www.ariasassessors.com\/ca\/hisenda-ja-no-pot-reclamar-sense-proves\/\",\"url\":\"https:\/\/www.ariasassessors.com\/ca\/hisenda-ja-no-pot-reclamar-sense-proves\/\",\"name\":\"Hisenda ja no pot reclamar sense proves: com defensar-te\",\"isPartOf\":{\"@id\":\"https:\/\/www.ariasassessors.com\/#website\"},\"primaryImageOfPage\":{\"@id\":\"https:\/\/www.ariasassessors.com\/ca\/hisenda-ja-no-pot-reclamar-sense-proves\/#primaryimage\"},\"image\":{\"@id\":\"https:\/\/www.ariasassessors.com\/ca\/hisenda-ja-no-pot-reclamar-sense-proves\/#primaryimage\"},\"thumbnailUrl\":\"https:\/\/www.ariasassessors.com\/wp-content\/uploads\/2025\/10\/Arias_Blog_IMAGEN_DESTACADA-43.png\",\"datePublished\":\"2025-10-27T12:51:38+00:00\",\"dateModified\":\"2025-10-27T12:51:38+00:00\",\"description\":\"Hisenda ja no pot reclamar sense proves. A Arias Assessors defensem el teu cas amb documentaci\u00f3 s\u00f2lida i al\u00b7legacions \u00e0gils a Barcelona.\",\"breadcrumb\":{\"@id\":\"https:\/\/www.ariasassessors.com\/ca\/hisenda-ja-no-pot-reclamar-sense-proves\/#breadcrumb\"},\"inLanguage\":\"ca\",\"potentialAction\":[{\"@type\":\"ReadAction\",\"target\":[\"https:\/\/www.ariasassessors.com\/ca\/hisenda-ja-no-pot-reclamar-sense-proves\/\"]}]},{\"@type\":\"ImageObject\",\"inLanguage\":\"ca\",\"@id\":\"https:\/\/www.ariasassessors.com\/ca\/hisenda-ja-no-pot-reclamar-sense-proves\/#primaryimage\",\"url\":\"https:\/\/www.ariasassessors.com\/wp-content\/uploads\/2025\/10\/Arias_Blog_IMAGEN_DESTACADA-43.png\",\"contentUrl\":\"https:\/\/www.ariasassessors.com\/wp-content\/uploads\/2025\/10\/Arias_Blog_IMAGEN_DESTACADA-43.png\",\"width\":1920,\"height\":1202},{\"@type\":\"BreadcrumbList\",\"@id\":\"https:\/\/www.ariasassessors.com\/ca\/hisenda-ja-no-pot-reclamar-sense-proves\/#breadcrumb\",\"itemListElement\":[{\"@type\":\"ListItem\",\"position\":1,\"name\":\"Portada\",\"item\":\"https:\/\/www.ariasassessors.com\/ca\/\"},{\"@type\":\"ListItem\",\"position\":2,\"name\":\"Hisenda ja no pot reclamar sense proves: com defensar-te (i com t\u2019ajudem a Arias Assessors)\"}]},{\"@type\":\"WebSite\",\"@id\":\"https:\/\/www.ariasassessors.com\/#website\",\"url\":\"https:\/\/www.ariasassessors.com\/\",\"name\":\"Arias Assessors\",\"description\":\"Asesor\u00eda para aut\u00f3nomos, profesionales y PYMES\",\"publisher\":{\"@id\":\"https:\/\/www.ariasassessors.com\/#organization\"},\"potentialAction\":[{\"@type\":\"SearchAction\",\"target\":{\"@type\":\"EntryPoint\",\"urlTemplate\":\"https:\/\/www.ariasassessors.com\/?s={search_term_string}\"},\"query-input\":{\"@type\":\"PropertyValueSpecification\",\"valueRequired\":true,\"valueName\":\"search_term_string\"}}],\"inLanguage\":\"ca\"},{\"@type\":\"Organization\",\"@id\":\"https:\/\/www.ariasassessors.com\/#organization\",\"name\":\"Arias Assessors\",\"url\":\"https:\/\/www.ariasassessors.com\/\",\"logo\":{\"@type\":\"ImageObject\",\"inLanguage\":\"ca\",\"@id\":\"https:\/\/www.ariasassessors.com\/#\/schema\/logo\/image\/\",\"url\":\"https:\/\/www.ariasassessors.com\/wp-content\/uploads\/2019\/01\/arias-logo.png\",\"contentUrl\":\"https:\/\/www.ariasassessors.com\/wp-content\/uploads\/2019\/01\/arias-logo.png\",\"width\":349,\"height\":254,\"caption\":\"Arias Assessors\"},\"image\":{\"@id\":\"https:\/\/www.ariasassessors.com\/#\/schema\/logo\/image\/\"},\"sameAs\":[\"https:\/\/www.facebook.com\/ariasassessors\/\",\"https:\/\/x.com\/ariasassessors\",\"https:\/\/www.linkedin.com\/company\/r&amp;amp;r-growing-knowledge\/\"]},{\"@type\":\"Person\",\"@id\":\"https:\/\/www.ariasassessors.com\/#\/schema\/person\/63c6ad1775f0a9413c37932562673cef\",\"name\":\"btorras\",\"image\":{\"@type\":\"ImageObject\",\"inLanguage\":\"ca\",\"@id\":\"https:\/\/www.ariasassessors.com\/#\/schema\/person\/image\/\",\"url\":\"https:\/\/secure.gravatar.com\/avatar\/0531db351fc361fdbfd204c58fa2d6a3?s=96&d=mm&r=g\",\"contentUrl\":\"https:\/\/secure.gravatar.com\/avatar\/0531db351fc361fdbfd204c58fa2d6a3?s=96&d=mm&r=g\",\"caption\":\"btorras\"}}]}<\/script>\n<!-- \/ Yoast SEO plugin. -->","yoast_head_json":{"title":"Hisenda ja no pot reclamar sense proves: com defensar-te","description":"Hisenda ja no pot reclamar sense proves. A Arias Assessors defensem el teu cas amb documentaci\u00f3 s\u00f2lida i al\u00b7legacions \u00e0gils a Barcelona.","robots":{"index":"index","follow":"follow","max-snippet":"max-snippet:-1","max-image-preview":"max-image-preview:large","max-video-preview":"max-video-preview:-1"},"canonical":"https:\/\/www.ariasassessors.com\/ca\/hisenda-ja-no-pot-reclamar-sense-proves\/","og_locale":"ca_ES","og_type":"article","og_title":"Hisenda ja no pot reclamar sense proves: com defensar-te","og_description":"Hisenda ja no pot reclamar sense proves. A Arias Assessors defensem el teu cas amb documentaci\u00f3 s\u00f2lida i al\u00b7legacions \u00e0gils a Barcelona.","og_url":"https:\/\/www.ariasassessors.com\/ca\/hisenda-ja-no-pot-reclamar-sense-proves\/","og_site_name":"Arias Assessors","article_publisher":"https:\/\/www.facebook.com\/ariasassessors\/","article_published_time":"2025-10-27T12:51:38+00:00","og_image":[{"width":1920,"height":1202,"url":"https:\/\/www.ariasassessors.com\/wp-content\/uploads\/2025\/10\/Arias_Blog_IMAGEN_DESTACADA-43.png","type":"image\/png"}],"author":"btorras","twitter_card":"summary_large_image","twitter_creator":"@ariasassessors","twitter_site":"@ariasassessors","twitter_misc":{"Escrit per":"btorras","Temps estimat de lectura":"3 minuts"},"schema":{"@context":"https:\/\/schema.org","@graph":[{"@type":"Article","@id":"https:\/\/www.ariasassessors.com\/ca\/hisenda-ja-no-pot-reclamar-sense-proves\/#article","isPartOf":{"@id":"https:\/\/www.ariasassessors.com\/ca\/hisenda-ja-no-pot-reclamar-sense-proves\/"},"author":{"name":"btorras","@id":"https:\/\/www.ariasassessors.com\/#\/schema\/person\/63c6ad1775f0a9413c37932562673cef"},"headline":"Hisenda ja no pot reclamar sense proves: com defensar-te (i com t\u2019ajudem a Arias Assessors)","datePublished":"2025-10-27T12:51:38+00:00","dateModified":"2025-10-27T12:51:38+00:00","mainEntityOfPage":{"@id":"https:\/\/www.ariasassessors.com\/ca\/hisenda-ja-no-pot-reclamar-sense-proves\/"},"wordCount":618,"commentCount":0,"publisher":{"@id":"https:\/\/www.ariasassessors.com\/#organization"},"image":{"@id":"https:\/\/www.ariasassessors.com\/ca\/hisenda-ja-no-pot-reclamar-sense-proves\/#primaryimage"},"thumbnailUrl":"https:\/\/www.ariasassessors.com\/wp-content\/uploads\/2025\/10\/Arias_Blog_IMAGEN_DESTACADA-43.png","articleSection":["noticies"],"inLanguage":"ca","potentialAction":[{"@type":"CommentAction","name":"Comment","target":["https:\/\/www.ariasassessors.com\/ca\/hisenda-ja-no-pot-reclamar-sense-proves\/#respond"]}]},{"@type":"WebPage","@id":"https:\/\/www.ariasassessors.com\/ca\/hisenda-ja-no-pot-reclamar-sense-proves\/","url":"https:\/\/www.ariasassessors.com\/ca\/hisenda-ja-no-pot-reclamar-sense-proves\/","name":"Hisenda ja no pot reclamar sense proves: com defensar-te","isPartOf":{"@id":"https:\/\/www.ariasassessors.com\/#website"},"primaryImageOfPage":{"@id":"https:\/\/www.ariasassessors.com\/ca\/hisenda-ja-no-pot-reclamar-sense-proves\/#primaryimage"},"image":{"@id":"https:\/\/www.ariasassessors.com\/ca\/hisenda-ja-no-pot-reclamar-sense-proves\/#primaryimage"},"thumbnailUrl":"https:\/\/www.ariasassessors.com\/wp-content\/uploads\/2025\/10\/Arias_Blog_IMAGEN_DESTACADA-43.png","datePublished":"2025-10-27T12:51:38+00:00","dateModified":"2025-10-27T12:51:38+00:00","description":"Hisenda ja no pot reclamar sense proves. A Arias Assessors defensem el teu cas amb documentaci\u00f3 s\u00f2lida i al\u00b7legacions \u00e0gils a Barcelona.","breadcrumb":{"@id":"https:\/\/www.ariasassessors.com\/ca\/hisenda-ja-no-pot-reclamar-sense-proves\/#breadcrumb"},"inLanguage":"ca","potentialAction":[{"@type":"ReadAction","target":["https:\/\/www.ariasassessors.com\/ca\/hisenda-ja-no-pot-reclamar-sense-proves\/"]}]},{"@type":"ImageObject","inLanguage":"ca","@id":"https:\/\/www.ariasassessors.com\/ca\/hisenda-ja-no-pot-reclamar-sense-proves\/#primaryimage","url":"https:\/\/www.ariasassessors.com\/wp-content\/uploads\/2025\/10\/Arias_Blog_IMAGEN_DESTACADA-43.png","contentUrl":"https:\/\/www.ariasassessors.com\/wp-content\/uploads\/2025\/10\/Arias_Blog_IMAGEN_DESTACADA-43.png","width":1920,"height":1202},{"@type":"BreadcrumbList","@id":"https:\/\/www.ariasassessors.com\/ca\/hisenda-ja-no-pot-reclamar-sense-proves\/#breadcrumb","itemListElement":[{"@type":"ListItem","position":1,"name":"Portada","item":"https:\/\/www.ariasassessors.com\/ca\/"},{"@type":"ListItem","position":2,"name":"Hisenda ja no pot reclamar sense proves: com defensar-te (i com t\u2019ajudem a Arias Assessors)"}]},{"@type":"WebSite","@id":"https:\/\/www.ariasassessors.com\/#website","url":"https:\/\/www.ariasassessors.com\/","name":"Arias Assessors","description":"Asesor\u00eda para aut\u00f3nomos, profesionales y PYMES","publisher":{"@id":"https:\/\/www.ariasassessors.com\/#organization"},"potentialAction":[{"@type":"SearchAction","target":{"@type":"EntryPoint","urlTemplate":"https:\/\/www.ariasassessors.com\/?s={search_term_string}"},"query-input":{"@type":"PropertyValueSpecification","valueRequired":true,"valueName":"search_term_string"}}],"inLanguage":"ca"},{"@type":"Organization","@id":"https:\/\/www.ariasassessors.com\/#organization","name":"Arias Assessors","url":"https:\/\/www.ariasassessors.com\/","logo":{"@type":"ImageObject","inLanguage":"ca","@id":"https:\/\/www.ariasassessors.com\/#\/schema\/logo\/image\/","url":"https:\/\/www.ariasassessors.com\/wp-content\/uploads\/2019\/01\/arias-logo.png","contentUrl":"https:\/\/www.ariasassessors.com\/wp-content\/uploads\/2019\/01\/arias-logo.png","width":349,"height":254,"caption":"Arias Assessors"},"image":{"@id":"https:\/\/www.ariasassessors.com\/#\/schema\/logo\/image\/"},"sameAs":["https:\/\/www.facebook.com\/ariasassessors\/","https:\/\/x.com\/ariasassessors","https:\/\/www.linkedin.com\/company\/r&amp;amp;r-growing-knowledge\/"]},{"@type":"Person","@id":"https:\/\/www.ariasassessors.com\/#\/schema\/person\/63c6ad1775f0a9413c37932562673cef","name":"btorras","image":{"@type":"ImageObject","inLanguage":"ca","@id":"https:\/\/www.ariasassessors.com\/#\/schema\/person\/image\/","url":"https:\/\/secure.gravatar.com\/avatar\/0531db351fc361fdbfd204c58fa2d6a3?s=96&d=mm&r=g","contentUrl":"https:\/\/secure.gravatar.com\/avatar\/0531db351fc361fdbfd204c58fa2d6a3?s=96&d=mm&r=g","caption":"btorras"}}]}},"_links":{"self":[{"href":"https:\/\/www.ariasassessors.com\/ca\/wp-json\/wp\/v2\/posts\/4540","targetHints":{"allow":["GET"]}}],"collection":[{"href":"https:\/\/www.ariasassessors.com\/ca\/wp-json\/wp\/v2\/posts"}],"about":[{"href":"https:\/\/www.ariasassessors.com\/ca\/wp-json\/wp\/v2\/types\/post"}],"author":[{"embeddable":true,"href":"https:\/\/www.ariasassessors.com\/ca\/wp-json\/wp\/v2\/users\/2"}],"replies":[{"embeddable":true,"href":"https:\/\/www.ariasassessors.com\/ca\/wp-json\/wp\/v2\/comments?post=4540"}],"version-history":[{"count":1,"href":"https:\/\/www.ariasassessors.com\/ca\/wp-json\/wp\/v2\/posts\/4540\/revisions"}],"predecessor-version":[{"id":4541,"href":"https:\/\/www.ariasassessors.com\/ca\/wp-json\/wp\/v2\/posts\/4540\/revisions\/4541"}],"wp:featuredmedia":[{"embeddable":true,"href":"https:\/\/www.ariasassessors.com\/ca\/wp-json\/wp\/v2\/media\/4538"}],"wp:attachment":[{"href":"https:\/\/www.ariasassessors.com\/ca\/wp-json\/wp\/v2\/media?parent=4540"}],"wp:term":[{"taxonomy":"category","embeddable":true,"href":"https:\/\/www.ariasassessors.com\/ca\/wp-json\/wp\/v2\/categories?post=4540"},{"taxonomy":"post_tag","embeddable":true,"href":"https:\/\/www.ariasassessors.com\/ca\/wp-json\/wp\/v2\/tags?post=4540"}],"curies":[{"name":"wp","href":"https:\/\/api.w.org\/{rel}","templated":true}]}}