{"id":4556,"date":"2025-11-10T16:23:01","date_gmt":"2025-11-10T15:23:01","guid":{"rendered":"https:\/\/www.ariasassessors.com\/?p=4556"},"modified":"2025-11-10T16:24:51","modified_gmt":"2025-11-10T15:24:51","slug":"les-microempreses-a-espanya-molt-docupacio-poca-innovacio-i-com-avancar","status":"publish","type":"post","link":"https:\/\/www.ariasassessors.com\/ca\/les-microempreses-a-espanya-molt-docupacio-poca-innovacio-i-com-avancar\/","title":{"rendered":"Les microempreses a Espanya: molt d\u2019ocupaci\u00f3, poca innovaci\u00f3 (i com avan\u00e7ar)"},"content":{"rendered":"<article class=\"text-token-text-primary w-full focus:outline-none [--shadow-height:45px] has-data-writing-block:pointer-events-none has-data-writing-block:-mt-(--shadow-height) has-data-writing-block:pt-(--shadow-height) [&amp;:has([data-writing-block])&gt;*]:pointer-events-auto [content-visibility:auto] supports-[content-visibility:auto]:[contain-intrinsic-size:auto_100lvh] scroll-mt-[calc(var(--header-height)+min(200px,max(70px,20svh)))]\" dir=\"auto\" tabindex=\"-1\" data-turn-id=\"request-6900b64e-4fb8-8330-89c0-f1f8a171199c-2\" data-testid=\"conversation-turn-41\" data-scroll-anchor=\"true\" data-turn=\"assistant\">\n<div class=\"text-base my-auto mx-auto pb-10 [--thread-content-margin:--spacing(4)] thread-sm:[--thread-content-margin:--spacing(6)] thread-lg:[--thread-content-margin:--spacing(16)] px-(--thread-content-margin)\">\n<div class=\"[--thread-content-max-width:40rem] thread-lg:[--thread-content-max-width:48rem] mx-auto max-w-(--thread-content-max-width) flex-1 group\/turn-messages focus-visible:outline-hidden relative flex w-full min-w-0 flex-col agent-turn\" tabindex=\"-1\">\n<div class=\"flex max-w-full flex-col grow\">\n<div class=\"min-h-8 text-message relative flex w-full flex-col items-end gap-2 text-start break-words whitespace-normal [.text-message+&amp;]:mt-1\" dir=\"auto\" data-message-author-role=\"assistant\" data-message-id=\"7248f7ec-a686-4243-af4e-e30a999a83de\" data-message-model-slug=\"gpt-5-thinking\">\n<div class=\"flex w-full flex-col gap-1 empty:hidden first:pt-[1px]\">\n<div class=\"markdown prose dark:prose-invert w-full break-words light markdown-new-styling\">\n<p data-start=\"339\" data-end=\"483\">Les microempreses a Espanya generen gran part de l\u2019ocupaci\u00f3. Tanmateix, la innovaci\u00f3 i la digitalitzaci\u00f3 avancen a un ritme baix.<\/p>\n<div id=\"ez-toc-container\" class=\"ez-toc-v2_0_72 counter-hierarchy ez-toc-counter ez-toc-grey ez-toc-container-direction\">\n<div class=\"ez-toc-title-container\">\n<p class=\"ez-toc-title\" style=\"cursor:inherit\">\u00cdndice de Contenidos<\/p>\n<span class=\"ez-toc-title-toggle\"><a href=\"#\" class=\"ez-toc-pull-right ez-toc-btn ez-toc-btn-xs ez-toc-btn-default ez-toc-toggle\" aria-label=\"Toggle Table of Content\"><span class=\"ez-toc-js-icon-con\"><span class=\"\"><span class=\"eztoc-hide\" style=\"display:none;\">Toggle<\/span><span class=\"ez-toc-icon-toggle-span\"><svg style=\"fill: #428bca;color:#428bca\" xmlns=\"http:\/\/www.w3.org\/2000\/svg\" class=\"list-377408\" width=\"20px\" height=\"20px\" viewBox=\"0 0 24 24\" fill=\"none\"><path d=\"M6 6H4v2h2V6zm14 0H8v2h12V6zM4 11h2v2H4v-2zm16 0H8v2h12v-2zM4 16h2v2H4v-2zm16 0H8v2h12v-2z\" fill=\"currentColor\"><\/path><\/svg><svg style=\"fill: #428bca;color:#428bca\" class=\"arrow-unsorted-368013\" xmlns=\"http:\/\/www.w3.org\/2000\/svg\" width=\"10px\" height=\"10px\" viewBox=\"0 0 24 24\" version=\"1.2\" baseProfile=\"tiny\"><path d=\"M18.2 9.3l-6.2-6.3-6.2 6.3c-.2.2-.3.4-.3.7s.1.5.3.7c.2.2.4.3.7.3h11c.3 0 .5-.1.7-.3.2-.2.3-.5.3-.7s-.1-.5-.3-.7zM5.8 14.7l6.2 6.3 6.2-6.3c.2-.2.3-.5.3-.7s-.1-.5-.3-.7c-.2-.2-.4-.3-.7-.3h-11c-.3 0-.5.1-.7.3-.2.2-.3.5-.3.7s.1.5.3.7z\"\/><\/svg><\/span><\/span><\/span><\/a><\/span><\/div>\n<nav><ul class='ez-toc-list ez-toc-list-level-1 eztoc-toggle-hide-by-default' ><li class='ez-toc-page-1 ez-toc-heading-level-2'><a class=\"ez-toc-link ez-toc-heading-1\" href=\"https:\/\/www.ariasassessors.com\/ca\/les-microempreses-a-espanya-molt-docupacio-poca-innovacio-i-com-avancar\/#Que_ens_diu_lestudi\" title=\"Qu\u00e8 ens diu l\u2019estudi\">Qu\u00e8 ens diu l\u2019estudi<\/a><\/li><li class='ez-toc-page-1 ez-toc-heading-level-2'><a class=\"ez-toc-link ez-toc-heading-2\" href=\"https:\/\/www.ariasassessors.com\/ca\/les-microempreses-a-espanya-molt-docupacio-poca-innovacio-i-com-avancar\/#Barreres_reals_credit_coneixement_i_temps\" title=\"Barreres reals: cr\u00e8dit, coneixement i temps\">Barreres reals: cr\u00e8dit, coneixement i temps<\/a><\/li><li class='ez-toc-page-1 ez-toc-heading-level-2'><a class=\"ez-toc-link ez-toc-heading-3\" href=\"https:\/\/www.ariasassessors.com\/ca\/les-microempreses-a-espanya-molt-docupacio-poca-innovacio-i-com-avancar\/#On_aporta_valor_digitalitzar_ara\" title=\"On aporta valor digitalitzar ara\">On aporta valor digitalitzar ara<\/a><\/li><li class='ez-toc-page-1 ez-toc-heading-level-2'><a class=\"ez-toc-link ez-toc-heading-4\" href=\"https:\/\/www.ariasassessors.com\/ca\/les-microempreses-a-espanya-molt-docupacio-poca-innovacio-i-com-avancar\/#Superar_el_bloqueig_financer_pas_a_pas\" title=\"Superar el bloqueig financer: pas a pas\">Superar el bloqueig financer: pas a pas<\/a><\/li><li class='ez-toc-page-1 ez-toc-heading-level-2'><a class=\"ez-toc-link ez-toc-heading-5\" href=\"https:\/\/www.ariasassessors.com\/ca\/les-microempreses-a-espanya-molt-docupacio-poca-innovacio-i-com-avancar\/#Checklist_de_digitalitzacio_amb_cap\" title=\"Checklist de digitalitzaci\u00f3 amb cap\">Checklist de digitalitzaci\u00f3 amb cap<\/a><\/li><li class='ez-toc-page-1 ez-toc-heading-level-2'><a class=\"ez-toc-link ez-toc-heading-6\" href=\"https:\/\/www.ariasassessors.com\/ca\/les-microempreses-a-espanya-molt-docupacio-poca-innovacio-i-com-avancar\/#Com_tacompanyem\" title=\"Com t\u2019acompanyem\">Com t\u2019acompanyem<\/a><\/li><li class='ez-toc-page-1 ez-toc-heading-level-2'><a class=\"ez-toc-link ez-toc-heading-7\" href=\"https:\/\/www.ariasassessors.com\/ca\/les-microempreses-a-espanya-molt-docupacio-poca-innovacio-i-com-avancar\/#Errors_frequents\" title=\"Errors freq\u00fcents\">Errors freq\u00fcents<\/a><\/li><li class='ez-toc-page-1 ez-toc-heading-level-2'><a class=\"ez-toc-link ez-toc-heading-8\" href=\"https:\/\/www.ariasassessors.com\/ca\/les-microempreses-a-espanya-molt-docupacio-poca-innovacio-i-com-avancar\/#Preguntes_rapides\" title=\"Preguntes r\u00e0pides\">Preguntes r\u00e0pides<\/a><\/li><li class='ez-toc-page-1 ez-toc-heading-level-2'><a class=\"ez-toc-link ez-toc-heading-9\" href=\"https:\/\/www.ariasassessors.com\/ca\/les-microempreses-a-espanya-molt-docupacio-poca-innovacio-i-com-avancar\/#Conclusio\" title=\"Conclusi\u00f3\">Conclusi\u00f3<\/a><\/li><\/ul><\/nav><\/div>\n<h2 data-start=\"485\" data-end=\"508\"><span class=\"ez-toc-section\" id=\"Que_ens_diu_lestudi\"><\/span>Qu\u00e8 ens diu l\u2019estudi<span class=\"ez-toc-section-end\"><\/span><\/h2>\n<p data-start=\"509\" data-end=\"716\">La majoria del teixit s\u00f3n negocis de menys de deu persones. Les microempreses a Espanya sostenen l\u2019ocupaci\u00f3, per\u00f2 poques es declaren \u201cinnovadores\u201d. Per aix\u00f2, cal prioritzar poques palanques i mesurar-les b\u00e9.<\/p>\n<p data-start=\"718\" data-end=\"857\">A <a href=\"https:\/\/www.ariasassessors.com\/ca\/\">Arias<\/a> ho veiem sovint. Quan hi ha focus en facturaci\u00f3 i cobrament, la digitalitzaci\u00f3 deixa de ser despesa i passa a ser estalvi de temps.<\/p>\n<h2 data-start=\"859\" data-end=\"905\"><span class=\"ez-toc-section\" id=\"Barreres_reals_credit_coneixement_i_temps\"><\/span>Barreres reals: cr\u00e8dit, coneixement i temps<span class=\"ez-toc-section-end\"><\/span><\/h2>\n<p data-start=\"906\" data-end=\"1036\">Moltes tenen traves per obtenir cr\u00e8dit. A m\u00e9s, hi ha dubtes sobre qu\u00e8 implantar i quan. Tamb\u00e9 pesen els costos i la manca d\u2019hores.<\/p>\n<p data-start=\"1038\" data-end=\"1062\"><strong data-start=\"1038\" data-end=\"1060\">Proposta pr\u00e0ctica:<\/strong><\/p>\n<ul data-start=\"1063\" data-end=\"1249\">\n<li data-start=\"1063\" data-end=\"1124\"><strong data-start=\"1065\" data-end=\"1085\">Finan\u00e7ament mixt<\/strong>, combinant banca i l\u00ednies p\u00fabliques.<\/li>\n<li data-start=\"1125\" data-end=\"1180\"><strong data-start=\"1127\" data-end=\"1147\">Projectes expr\u00e9s<\/strong> de 30\u201360 dies amb un KPI clar.<\/li>\n<li data-start=\"1181\" data-end=\"1249\"><strong data-start=\"1183\" data-end=\"1200\">Formaci\u00f3 breu<\/strong> en c\u00e0psules de 30 minuts i guies de tres passos.<\/li>\n<\/ul>\n<h2 data-start=\"1251\" data-end=\"1286\"><span class=\"ez-toc-section\" id=\"On_aporta_valor_digitalitzar_ara\"><\/span>On aporta valor digitalitzar ara<span class=\"ez-toc-section-end\"><\/span><\/h2>\n<p data-start=\"1287\" data-end=\"1336\">Prioritza all\u00f2 que toca caixa o redueix errors.<\/p>\n<ul data-start=\"1337\" data-end=\"1583\">\n<li data-start=\"1337\" data-end=\"1399\"><strong data-start=\"1339\" data-end=\"1365\">Facturaci\u00f3 i cobrament<\/strong> amb recordatoris i conciliaci\u00f3.<\/li>\n<li data-start=\"1400\" data-end=\"1462\"><strong data-start=\"1402\" data-end=\"1424\">Compres i despeses<\/strong> digitalitzades i previsi\u00f3 setmanal.<\/li>\n<li data-start=\"1463\" data-end=\"1522\"><strong data-start=\"1465\" data-end=\"1488\">Vendes i m\u00e0rqueting<\/strong> amb CRM senzill i embuts clars.<\/li>\n<li data-start=\"1523\" data-end=\"1583\"><strong data-start=\"1525\" data-end=\"1545\">Temps i persones<\/strong>: registre horari i torns sense Excel.<\/li>\n<\/ul>\n<p data-start=\"1585\" data-end=\"1710\">A <a href=\"https:\/\/www.ariasassessors.com\/ca\/\">Arias<\/a> comencem amb <strong data-start=\"1606\" data-end=\"1631\">tresoreria previsible<\/strong> i <strong data-start=\"1634\" data-end=\"1657\">cicle de vendes net<\/strong>. Despr\u00e9s, la resta es finan\u00e7a amb l\u2019estalvi generat.<\/p>\n<h2 data-start=\"1712\" data-end=\"1754\"><span class=\"ez-toc-section\" id=\"Superar_el_bloqueig_financer_pas_a_pas\"><\/span>Superar el bloqueig financer: pas a pas<span class=\"ez-toc-section-end\"><\/span><\/h2>\n<ol data-start=\"1755\" data-end=\"2046\">\n<li data-start=\"1755\" data-end=\"1802\"><strong data-start=\"1758\" data-end=\"1770\">Diagnosi<\/strong>: marges, calendaris i riscos.<\/li>\n<li data-start=\"1803\" data-end=\"1862\"><strong data-start=\"1806\" data-end=\"1830\">Pla m\u00ednim d\u2019inversi\u00f3<\/strong> amb 1\u20133 eines i responsables.<\/li>\n<li data-start=\"1863\" data-end=\"1937\"><strong data-start=\"1866\" data-end=\"1892\">Dossier de finan\u00e7ament<\/strong> amb projeccions i historial de cobraments.<\/li>\n<li data-start=\"1938\" data-end=\"1987\"><strong data-start=\"1941\" data-end=\"1967\">Estrat\u00e8gia multifuente<\/strong> per fases si cal.<\/li>\n<li data-start=\"1988\" data-end=\"2046\"><strong data-start=\"1991\" data-end=\"2017\">Governan\u00e7a i reporting<\/strong> amb cinc m\u00e8triques mensuals.<\/li>\n<\/ol>\n<p data-start=\"2048\" data-end=\"2113\">Aix\u00ed redueixes friccions i decideixes amb dades, no amb intu\u00efci\u00f3.<\/p>\n<h2 data-start=\"2115\" data-end=\"2153\"><span class=\"ez-toc-section\" id=\"Checklist_de_digitalitzacio_amb_cap\"><\/span>Checklist de digitalitzaci\u00f3 amb cap<span class=\"ez-toc-section-end\"><\/span><\/h2>\n<ul data-start=\"2154\" data-end=\"2441\">\n<li data-start=\"2154\" data-end=\"2188\"><strong data-start=\"2156\" data-end=\"2185\">Un objectiu per trimestre<\/strong>.<\/li>\n<li data-start=\"2189\" data-end=\"2235\"><strong data-start=\"2191\" data-end=\"2216\">Propietari del proc\u00e9s<\/strong> i executor clar.<\/li>\n<li data-start=\"2236\" data-end=\"2291\"><strong data-start=\"2238\" data-end=\"2264\">Integracions senzilles<\/strong> i sense sobreenginyeria.<\/li>\n<li data-start=\"2292\" data-end=\"2327\"><strong data-start=\"2294\" data-end=\"2309\">Dades netes<\/strong> o no serveixen.<\/li>\n<li data-start=\"2328\" data-end=\"2380\"><strong data-start=\"2330\" data-end=\"2351\">Formaci\u00f3 reusable<\/strong> en v\u00eddeo i guies internes.<\/li>\n<li data-start=\"2381\" data-end=\"2441\"><strong data-start=\"2383\" data-end=\"2407\">Auditoria trimestral<\/strong> per mantenir, canviar o eliminar.<\/li>\n<\/ul>\n<h2 data-start=\"2443\" data-end=\"2462\"><span class=\"ez-toc-section\" id=\"Com_tacompanyem\"><\/span>Com t\u2019acompanyem<span class=\"ez-toc-section-end\"><\/span><\/h2>\n<p data-start=\"2463\" data-end=\"2650\">A <a href=\"https:\/\/www.ariasassessors.com\/ca\/\">Arias<\/a> prioritzem, preparem el <strong data-start=\"2495\" data-end=\"2515\">dossier financer<\/strong> i alineem fiscal, comptable i laboral. Menys eines, millor encaix. A m\u00e9s, deixem processos documentats per a auditories i inspeccions.<\/p>\n<h2 data-start=\"2652\" data-end=\"2671\"><span class=\"ez-toc-section\" id=\"Errors_frequents\"><\/span>Errors freq\u00fcents<span class=\"ez-toc-section-end\"><\/span><\/h2>\n<ul data-start=\"2672\" data-end=\"2875\">\n<li data-start=\"2672\" data-end=\"2721\">Comprar software \u201cper moda\u201d i usar-ne el 10%.<\/li>\n<li data-start=\"2722\" data-end=\"2782\">Voler cr\u00e9ixer sense ordenar <strong data-start=\"2752\" data-end=\"2779\">cobraments i tresoreria<\/strong>.<\/li>\n<li data-start=\"2783\" data-end=\"2830\">Subcontractar sense objectius ni m\u00e8triques.<\/li>\n<li data-start=\"2831\" data-end=\"2875\">No documentar processos i perdre know-how.<\/li>\n<\/ul>\n<p data-start=\"2877\" data-end=\"2941\">Evita\u2019ls amb un <strong data-start=\"2893\" data-end=\"2907\">manual viu<\/strong> i dos taulers: vendes i finances.<\/p>\n<h2 data-start=\"2943\" data-end=\"2963\"><span class=\"ez-toc-section\" id=\"Preguntes_rapides\"><\/span>Preguntes r\u00e0pides<span class=\"ez-toc-section-end\"><\/span><\/h2>\n<p data-start=\"2964\" data-end=\"3232\"><strong data-start=\"2964\" data-end=\"3000\">Per on comen\u00e7o si no tinc temps?<\/strong> Per all\u00f2 que m\u00e9s impacta la caixa aquest mes.<br data-start=\"3046\" data-end=\"3049\" \/><strong data-start=\"3049\" data-end=\"3068\">Quant invertir?<\/strong> Entre <strong data-start=\"3075\" data-end=\"3091\">l\u20191% i el 2%<\/strong> de la facturaci\u00f3 anual en 12 mesos.<br data-start=\"3127\" data-end=\"3130\" \/><strong data-start=\"3130\" data-end=\"3156\">Freelance o plantilla?<\/strong> Barreja: pics amb freelance; nucli cr\u00edtic in-house i assessor que coordini.<\/p>\n<h2 data-start=\"3234\" data-end=\"3246\"><span class=\"ez-toc-section\" id=\"Conclusio\"><\/span>Conclusi\u00f3<span class=\"ez-toc-section-end\"><\/span><\/h2>\n<p data-start=\"3247\" data-end=\"3476\">Les microempreses a Espanya s\u00f3n motor d\u2019ocupaci\u00f3, per\u00f2 el focus marca la difer\u00e8ncia. Tria dues palanques, mesura-les i finan\u00e7a per fases. Si cal un impuls, a Arias tra\u00e7em el pla i muntem el tauler perqu\u00e8 vegis el retorn cada mes.<\/p>\n<\/div>\n<\/div>\n<\/div>\n<\/div>\n<div class=\"z-0 flex min-h-[46px] justify-start\"><\/div>\n<div class=\"mt-3 w-full empty:hidden\">\n<div class=\"text-center\"><\/div>\n<\/div>\n<\/div>\n<\/div>\n<\/article>\n<div class=\"pointer-events-none h-px w-px\" aria-hidden=\"true\" data-edge=\"true\"><\/div>\n","protected":false},"excerpt":{"rendered":"<p>Les microempreses a Espanya generen gran part de l\u2019ocupaci\u00f3. Tanmateix, la innovaci\u00f3 i la digitalitzaci\u00f3 avancen a un ritme baix. Qu\u00e8 ens diu l\u2019estudi La majoria del teixit s\u00f3n negocis de menys de deu persones. Les microempreses a Espanya sostenen l\u2019ocupaci\u00f3, per\u00f2 poques es declaren&#8230;<\/p>\n","protected":false},"author":2,"featured_media":4555,"comment_status":"open","ping_status":"open","sticky":false,"template":"","format":"standard","meta":{"footnotes":""},"categories":[4],"tags":[],"class_list":["post-4556","post","type-post","status-publish","format-standard","has-post-thumbnail","hentry","category-noticies"],"yoast_head":"<!-- This site is optimized with the Yoast SEO plugin v24.3 - https:\/\/yoast.com\/wordpress\/plugins\/seo\/ -->\n<title>Les microempreses a Espanya: com impulsar la innovaci\u00f3<\/title>\n<meta name=\"description\" content=\"Radiografia de les microempreses a Espanya: obstacles de cr\u00e8dit, manca de temps i solucions digitals per guanyar efici\u00e8ncia.\" \/>\n<meta name=\"robots\" content=\"index, follow, max-snippet:-1, max-image-preview:large, max-video-preview:-1\" \/>\n<link rel=\"canonical\" href=\"https:\/\/www.ariasassessors.com\/ca\/les-microempreses-a-espanya-molt-docupacio-poca-innovacio-i-com-avancar\/\" \/>\n<meta property=\"og:locale\" content=\"ca_ES\" \/>\n<meta property=\"og:type\" content=\"article\" \/>\n<meta property=\"og:title\" content=\"Les microempreses a Espanya: com impulsar la innovaci\u00f3\" \/>\n<meta property=\"og:description\" content=\"Radiografia de les microempreses a Espanya: obstacles de cr\u00e8dit, manca de temps i solucions digitals per guanyar efici\u00e8ncia.\" \/>\n<meta property=\"og:url\" content=\"https:\/\/www.ariasassessors.com\/ca\/les-microempreses-a-espanya-molt-docupacio-poca-innovacio-i-com-avancar\/\" \/>\n<meta property=\"og:site_name\" content=\"Arias Assessors\" \/>\n<meta property=\"article:publisher\" content=\"https:\/\/www.facebook.com\/ariasassessors\/\" \/>\n<meta property=\"article:published_time\" content=\"2025-11-10T15:23:01+00:00\" \/>\n<meta property=\"article:modified_time\" content=\"2025-11-10T15:24:51+00:00\" \/>\n<meta property=\"og:image\" content=\"https:\/\/www.ariasassessors.com\/wp-content\/uploads\/2025\/11\/Miniatura-Entrevista-Raul-3.png\" \/>\n\t<meta property=\"og:image:width\" content=\"1920\" \/>\n\t<meta property=\"og:image:height\" content=\"1202\" \/>\n\t<meta property=\"og:image:type\" content=\"image\/png\" \/>\n<meta name=\"author\" content=\"btorras\" \/>\n<meta name=\"twitter:card\" content=\"summary_large_image\" \/>\n<meta name=\"twitter:creator\" content=\"@ariasassessors\" \/>\n<meta name=\"twitter:site\" content=\"@ariasassessors\" \/>\n<meta name=\"twitter:label1\" content=\"Escrit per\" \/>\n\t<meta name=\"twitter:data1\" content=\"btorras\" \/>\n\t<meta name=\"twitter:label2\" content=\"Temps estimat de lectura\" \/>\n\t<meta name=\"twitter:data2\" content=\"3 minuts\" \/>\n<script type=\"application\/ld+json\" class=\"yoast-schema-graph\">{\"@context\":\"https:\/\/schema.org\",\"@graph\":[{\"@type\":\"Article\",\"@id\":\"https:\/\/www.ariasassessors.com\/ca\/les-microempreses-a-espanya-molt-docupacio-poca-innovacio-i-com-avancar\/#article\",\"isPartOf\":{\"@id\":\"https:\/\/www.ariasassessors.com\/ca\/les-microempreses-a-espanya-molt-docupacio-poca-innovacio-i-com-avancar\/\"},\"author\":{\"name\":\"btorras\",\"@id\":\"https:\/\/www.ariasassessors.com\/#\/schema\/person\/63c6ad1775f0a9413c37932562673cef\"},\"headline\":\"Les microempreses a Espanya: molt d\u2019ocupaci\u00f3, poca innovaci\u00f3 (i com avan\u00e7ar)\",\"datePublished\":\"2025-11-10T15:23:01+00:00\",\"dateModified\":\"2025-11-10T15:24:51+00:00\",\"mainEntityOfPage\":{\"@id\":\"https:\/\/www.ariasassessors.com\/ca\/les-microempreses-a-espanya-molt-docupacio-poca-innovacio-i-com-avancar\/\"},\"wordCount\":500,\"commentCount\":0,\"publisher\":{\"@id\":\"https:\/\/www.ariasassessors.com\/#organization\"},\"image\":{\"@id\":\"https:\/\/www.ariasassessors.com\/ca\/les-microempreses-a-espanya-molt-docupacio-poca-innovacio-i-com-avancar\/#primaryimage\"},\"thumbnailUrl\":\"https:\/\/www.ariasassessors.com\/wp-content\/uploads\/2025\/11\/Miniatura-Entrevista-Raul-3.png\",\"articleSection\":[\"noticies\"],\"inLanguage\":\"ca\",\"potentialAction\":[{\"@type\":\"CommentAction\",\"name\":\"Comment\",\"target\":[\"https:\/\/www.ariasassessors.com\/ca\/les-microempreses-a-espanya-molt-docupacio-poca-innovacio-i-com-avancar\/#respond\"]}]},{\"@type\":\"WebPage\",\"@id\":\"https:\/\/www.ariasassessors.com\/ca\/les-microempreses-a-espanya-molt-docupacio-poca-innovacio-i-com-avancar\/\",\"url\":\"https:\/\/www.ariasassessors.com\/ca\/les-microempreses-a-espanya-molt-docupacio-poca-innovacio-i-com-avancar\/\",\"name\":\"Les microempreses a Espanya: com impulsar la innovaci\u00f3\",\"isPartOf\":{\"@id\":\"https:\/\/www.ariasassessors.com\/#website\"},\"primaryImageOfPage\":{\"@id\":\"https:\/\/www.ariasassessors.com\/ca\/les-microempreses-a-espanya-molt-docupacio-poca-innovacio-i-com-avancar\/#primaryimage\"},\"image\":{\"@id\":\"https:\/\/www.ariasassessors.com\/ca\/les-microempreses-a-espanya-molt-docupacio-poca-innovacio-i-com-avancar\/#primaryimage\"},\"thumbnailUrl\":\"https:\/\/www.ariasassessors.com\/wp-content\/uploads\/2025\/11\/Miniatura-Entrevista-Raul-3.png\",\"datePublished\":\"2025-11-10T15:23:01+00:00\",\"dateModified\":\"2025-11-10T15:24:51+00:00\",\"description\":\"Radiografia de les microempreses a Espanya: obstacles de cr\u00e8dit, manca de temps i solucions digitals per guanyar efici\u00e8ncia.\",\"breadcrumb\":{\"@id\":\"https:\/\/www.ariasassessors.com\/ca\/les-microempreses-a-espanya-molt-docupacio-poca-innovacio-i-com-avancar\/#breadcrumb\"},\"inLanguage\":\"ca\",\"potentialAction\":[{\"@type\":\"ReadAction\",\"target\":[\"https:\/\/www.ariasassessors.com\/ca\/les-microempreses-a-espanya-molt-docupacio-poca-innovacio-i-com-avancar\/\"]}]},{\"@type\":\"ImageObject\",\"inLanguage\":\"ca\",\"@id\":\"https:\/\/www.ariasassessors.com\/ca\/les-microempreses-a-espanya-molt-docupacio-poca-innovacio-i-com-avancar\/#primaryimage\",\"url\":\"https:\/\/www.ariasassessors.com\/wp-content\/uploads\/2025\/11\/Miniatura-Entrevista-Raul-3.png\",\"contentUrl\":\"https:\/\/www.ariasassessors.com\/wp-content\/uploads\/2025\/11\/Miniatura-Entrevista-Raul-3.png\",\"width\":1920,\"height\":1202},{\"@type\":\"BreadcrumbList\",\"@id\":\"https:\/\/www.ariasassessors.com\/ca\/les-microempreses-a-espanya-molt-docupacio-poca-innovacio-i-com-avancar\/#breadcrumb\",\"itemListElement\":[{\"@type\":\"ListItem\",\"position\":1,\"name\":\"Portada\",\"item\":\"https:\/\/www.ariasassessors.com\/ca\/\"},{\"@type\":\"ListItem\",\"position\":2,\"name\":\"Les microempreses a Espanya: molt d\u2019ocupaci\u00f3, poca innovaci\u00f3 (i com avan\u00e7ar)\"}]},{\"@type\":\"WebSite\",\"@id\":\"https:\/\/www.ariasassessors.com\/#website\",\"url\":\"https:\/\/www.ariasassessors.com\/\",\"name\":\"Arias Assessors\",\"description\":\"Asesor\u00eda para aut\u00f3nomos, profesionales y PYMES\",\"publisher\":{\"@id\":\"https:\/\/www.ariasassessors.com\/#organization\"},\"potentialAction\":[{\"@type\":\"SearchAction\",\"target\":{\"@type\":\"EntryPoint\",\"urlTemplate\":\"https:\/\/www.ariasassessors.com\/?s={search_term_string}\"},\"query-input\":{\"@type\":\"PropertyValueSpecification\",\"valueRequired\":true,\"valueName\":\"search_term_string\"}}],\"inLanguage\":\"ca\"},{\"@type\":\"Organization\",\"@id\":\"https:\/\/www.ariasassessors.com\/#organization\",\"name\":\"Arias Assessors\",\"url\":\"https:\/\/www.ariasassessors.com\/\",\"logo\":{\"@type\":\"ImageObject\",\"inLanguage\":\"ca\",\"@id\":\"https:\/\/www.ariasassessors.com\/#\/schema\/logo\/image\/\",\"url\":\"https:\/\/www.ariasassessors.com\/wp-content\/uploads\/2019\/01\/arias-logo.png\",\"contentUrl\":\"https:\/\/www.ariasassessors.com\/wp-content\/uploads\/2019\/01\/arias-logo.png\",\"width\":349,\"height\":254,\"caption\":\"Arias Assessors\"},\"image\":{\"@id\":\"https:\/\/www.ariasassessors.com\/#\/schema\/logo\/image\/\"},\"sameAs\":[\"https:\/\/www.facebook.com\/ariasassessors\/\",\"https:\/\/x.com\/ariasassessors\",\"https:\/\/www.linkedin.com\/company\/r&amp;amp;r-growing-knowledge\/\"]},{\"@type\":\"Person\",\"@id\":\"https:\/\/www.ariasassessors.com\/#\/schema\/person\/63c6ad1775f0a9413c37932562673cef\",\"name\":\"btorras\",\"image\":{\"@type\":\"ImageObject\",\"inLanguage\":\"ca\",\"@id\":\"https:\/\/www.ariasassessors.com\/#\/schema\/person\/image\/\",\"url\":\"https:\/\/secure.gravatar.com\/avatar\/0531db351fc361fdbfd204c58fa2d6a3?s=96&d=mm&r=g\",\"contentUrl\":\"https:\/\/secure.gravatar.com\/avatar\/0531db351fc361fdbfd204c58fa2d6a3?s=96&d=mm&r=g\",\"caption\":\"btorras\"}}]}<\/script>\n<!-- \/ Yoast SEO plugin. -->","yoast_head_json":{"title":"Les microempreses a Espanya: com impulsar la innovaci\u00f3","description":"Radiografia de les microempreses a Espanya: obstacles de cr\u00e8dit, manca de temps i solucions digitals per guanyar efici\u00e8ncia.","robots":{"index":"index","follow":"follow","max-snippet":"max-snippet:-1","max-image-preview":"max-image-preview:large","max-video-preview":"max-video-preview:-1"},"canonical":"https:\/\/www.ariasassessors.com\/ca\/les-microempreses-a-espanya-molt-docupacio-poca-innovacio-i-com-avancar\/","og_locale":"ca_ES","og_type":"article","og_title":"Les microempreses a Espanya: com impulsar la innovaci\u00f3","og_description":"Radiografia de les microempreses a Espanya: obstacles de cr\u00e8dit, manca de temps i solucions digitals per guanyar efici\u00e8ncia.","og_url":"https:\/\/www.ariasassessors.com\/ca\/les-microempreses-a-espanya-molt-docupacio-poca-innovacio-i-com-avancar\/","og_site_name":"Arias Assessors","article_publisher":"https:\/\/www.facebook.com\/ariasassessors\/","article_published_time":"2025-11-10T15:23:01+00:00","article_modified_time":"2025-11-10T15:24:51+00:00","og_image":[{"width":1920,"height":1202,"url":"https:\/\/www.ariasassessors.com\/wp-content\/uploads\/2025\/11\/Miniatura-Entrevista-Raul-3.png","type":"image\/png"}],"author":"btorras","twitter_card":"summary_large_image","twitter_creator":"@ariasassessors","twitter_site":"@ariasassessors","twitter_misc":{"Escrit per":"btorras","Temps estimat de lectura":"3 minuts"},"schema":{"@context":"https:\/\/schema.org","@graph":[{"@type":"Article","@id":"https:\/\/www.ariasassessors.com\/ca\/les-microempreses-a-espanya-molt-docupacio-poca-innovacio-i-com-avancar\/#article","isPartOf":{"@id":"https:\/\/www.ariasassessors.com\/ca\/les-microempreses-a-espanya-molt-docupacio-poca-innovacio-i-com-avancar\/"},"author":{"name":"btorras","@id":"https:\/\/www.ariasassessors.com\/#\/schema\/person\/63c6ad1775f0a9413c37932562673cef"},"headline":"Les microempreses a Espanya: molt d\u2019ocupaci\u00f3, poca innovaci\u00f3 (i com avan\u00e7ar)","datePublished":"2025-11-10T15:23:01+00:00","dateModified":"2025-11-10T15:24:51+00:00","mainEntityOfPage":{"@id":"https:\/\/www.ariasassessors.com\/ca\/les-microempreses-a-espanya-molt-docupacio-poca-innovacio-i-com-avancar\/"},"wordCount":500,"commentCount":0,"publisher":{"@id":"https:\/\/www.ariasassessors.com\/#organization"},"image":{"@id":"https:\/\/www.ariasassessors.com\/ca\/les-microempreses-a-espanya-molt-docupacio-poca-innovacio-i-com-avancar\/#primaryimage"},"thumbnailUrl":"https:\/\/www.ariasassessors.com\/wp-content\/uploads\/2025\/11\/Miniatura-Entrevista-Raul-3.png","articleSection":["noticies"],"inLanguage":"ca","potentialAction":[{"@type":"CommentAction","name":"Comment","target":["https:\/\/www.ariasassessors.com\/ca\/les-microempreses-a-espanya-molt-docupacio-poca-innovacio-i-com-avancar\/#respond"]}]},{"@type":"WebPage","@id":"https:\/\/www.ariasassessors.com\/ca\/les-microempreses-a-espanya-molt-docupacio-poca-innovacio-i-com-avancar\/","url":"https:\/\/www.ariasassessors.com\/ca\/les-microempreses-a-espanya-molt-docupacio-poca-innovacio-i-com-avancar\/","name":"Les microempreses a Espanya: com impulsar la innovaci\u00f3","isPartOf":{"@id":"https:\/\/www.ariasassessors.com\/#website"},"primaryImageOfPage":{"@id":"https:\/\/www.ariasassessors.com\/ca\/les-microempreses-a-espanya-molt-docupacio-poca-innovacio-i-com-avancar\/#primaryimage"},"image":{"@id":"https:\/\/www.ariasassessors.com\/ca\/les-microempreses-a-espanya-molt-docupacio-poca-innovacio-i-com-avancar\/#primaryimage"},"thumbnailUrl":"https:\/\/www.ariasassessors.com\/wp-content\/uploads\/2025\/11\/Miniatura-Entrevista-Raul-3.png","datePublished":"2025-11-10T15:23:01+00:00","dateModified":"2025-11-10T15:24:51+00:00","description":"Radiografia de les microempreses a Espanya: obstacles de cr\u00e8dit, manca de temps i solucions digitals per guanyar efici\u00e8ncia.","breadcrumb":{"@id":"https:\/\/www.ariasassessors.com\/ca\/les-microempreses-a-espanya-molt-docupacio-poca-innovacio-i-com-avancar\/#breadcrumb"},"inLanguage":"ca","potentialAction":[{"@type":"ReadAction","target":["https:\/\/www.ariasassessors.com\/ca\/les-microempreses-a-espanya-molt-docupacio-poca-innovacio-i-com-avancar\/"]}]},{"@type":"ImageObject","inLanguage":"ca","@id":"https:\/\/www.ariasassessors.com\/ca\/les-microempreses-a-espanya-molt-docupacio-poca-innovacio-i-com-avancar\/#primaryimage","url":"https:\/\/www.ariasassessors.com\/wp-content\/uploads\/2025\/11\/Miniatura-Entrevista-Raul-3.png","contentUrl":"https:\/\/www.ariasassessors.com\/wp-content\/uploads\/2025\/11\/Miniatura-Entrevista-Raul-3.png","width":1920,"height":1202},{"@type":"BreadcrumbList","@id":"https:\/\/www.ariasassessors.com\/ca\/les-microempreses-a-espanya-molt-docupacio-poca-innovacio-i-com-avancar\/#breadcrumb","itemListElement":[{"@type":"ListItem","position":1,"name":"Portada","item":"https:\/\/www.ariasassessors.com\/ca\/"},{"@type":"ListItem","position":2,"name":"Les microempreses a Espanya: molt d\u2019ocupaci\u00f3, poca innovaci\u00f3 (i com avan\u00e7ar)"}]},{"@type":"WebSite","@id":"https:\/\/www.ariasassessors.com\/#website","url":"https:\/\/www.ariasassessors.com\/","name":"Arias Assessors","description":"Asesor\u00eda para aut\u00f3nomos, profesionales y PYMES","publisher":{"@id":"https:\/\/www.ariasassessors.com\/#organization"},"potentialAction":[{"@type":"SearchAction","target":{"@type":"EntryPoint","urlTemplate":"https:\/\/www.ariasassessors.com\/?s={search_term_string}"},"query-input":{"@type":"PropertyValueSpecification","valueRequired":true,"valueName":"search_term_string"}}],"inLanguage":"ca"},{"@type":"Organization","@id":"https:\/\/www.ariasassessors.com\/#organization","name":"Arias Assessors","url":"https:\/\/www.ariasassessors.com\/","logo":{"@type":"ImageObject","inLanguage":"ca","@id":"https:\/\/www.ariasassessors.com\/#\/schema\/logo\/image\/","url":"https:\/\/www.ariasassessors.com\/wp-content\/uploads\/2019\/01\/arias-logo.png","contentUrl":"https:\/\/www.ariasassessors.com\/wp-content\/uploads\/2019\/01\/arias-logo.png","width":349,"height":254,"caption":"Arias Assessors"},"image":{"@id":"https:\/\/www.ariasassessors.com\/#\/schema\/logo\/image\/"},"sameAs":["https:\/\/www.facebook.com\/ariasassessors\/","https:\/\/x.com\/ariasassessors","https:\/\/www.linkedin.com\/company\/r&amp;amp;r-growing-knowledge\/"]},{"@type":"Person","@id":"https:\/\/www.ariasassessors.com\/#\/schema\/person\/63c6ad1775f0a9413c37932562673cef","name":"btorras","image":{"@type":"ImageObject","inLanguage":"ca","@id":"https:\/\/www.ariasassessors.com\/#\/schema\/person\/image\/","url":"https:\/\/secure.gravatar.com\/avatar\/0531db351fc361fdbfd204c58fa2d6a3?s=96&d=mm&r=g","contentUrl":"https:\/\/secure.gravatar.com\/avatar\/0531db351fc361fdbfd204c58fa2d6a3?s=96&d=mm&r=g","caption":"btorras"}}]}},"_links":{"self":[{"href":"https:\/\/www.ariasassessors.com\/ca\/wp-json\/wp\/v2\/posts\/4556","targetHints":{"allow":["GET"]}}],"collection":[{"href":"https:\/\/www.ariasassessors.com\/ca\/wp-json\/wp\/v2\/posts"}],"about":[{"href":"https:\/\/www.ariasassessors.com\/ca\/wp-json\/wp\/v2\/types\/post"}],"author":[{"embeddable":true,"href":"https:\/\/www.ariasassessors.com\/ca\/wp-json\/wp\/v2\/users\/2"}],"replies":[{"embeddable":true,"href":"https:\/\/www.ariasassessors.com\/ca\/wp-json\/wp\/v2\/comments?post=4556"}],"version-history":[{"count":1,"href":"https:\/\/www.ariasassessors.com\/ca\/wp-json\/wp\/v2\/posts\/4556\/revisions"}],"predecessor-version":[{"id":4557,"href":"https:\/\/www.ariasassessors.com\/ca\/wp-json\/wp\/v2\/posts\/4556\/revisions\/4557"}],"wp:featuredmedia":[{"embeddable":true,"href":"https:\/\/www.ariasassessors.com\/ca\/wp-json\/wp\/v2\/media\/4555"}],"wp:attachment":[{"href":"https:\/\/www.ariasassessors.com\/ca\/wp-json\/wp\/v2\/media?parent=4556"}],"wp:term":[{"taxonomy":"category","embeddable":true,"href":"https:\/\/www.ariasassessors.com\/ca\/wp-json\/wp\/v2\/categories?post=4556"},{"taxonomy":"post_tag","embeddable":true,"href":"https:\/\/www.ariasassessors.com\/ca\/wp-json\/wp\/v2\/tags?post=4556"}],"curies":[{"name":"wp","href":"https:\/\/api.w.org\/{rel}","templated":true}]}}