{"id":556,"date":"2019-03-06T07:42:16","date_gmt":"2019-03-06T06:42:16","guid":{"rendered":"https:\/\/www.ariasassessors.com\/se-reformara-el-codigo-penal-para-endurecer-las-penas-por-delitos-de-trafico\/"},"modified":"2019-03-13T15:30:49","modified_gmt":"2019-03-13T14:30:49","slug":"se-reformara-el-codigo-penal-para-endurecer-las-penas-por-delitos-de-trafico","status":"publish","type":"post","link":"https:\/\/www.ariasassessors.com\/ca\/se-reformara-el-codigo-penal-para-endurecer-las-penas-por-delitos-de-trafico\/","title":{"rendered":"Es reformar\u00e0 el codi penal per endurir les penes per delictes de tr\u00e0fic"},"content":{"rendered":"<div id=\"ez-toc-container\" class=\"ez-toc-v2_0_72 counter-hierarchy ez-toc-counter ez-toc-grey ez-toc-container-direction\">\n<div class=\"ez-toc-title-container\">\n<p class=\"ez-toc-title\" style=\"cursor:inherit\">\u00cdndice de Contenidos<\/p>\n<span class=\"ez-toc-title-toggle\"><a href=\"#\" class=\"ez-toc-pull-right ez-toc-btn ez-toc-btn-xs ez-toc-btn-default ez-toc-toggle\" aria-label=\"Toggle Table of Content\"><span class=\"ez-toc-js-icon-con\"><span class=\"\"><span class=\"eztoc-hide\" style=\"display:none;\">Toggle<\/span><span class=\"ez-toc-icon-toggle-span\"><svg style=\"fill: #428bca;color:#428bca\" xmlns=\"http:\/\/www.w3.org\/2000\/svg\" class=\"list-377408\" width=\"20px\" height=\"20px\" viewBox=\"0 0 24 24\" fill=\"none\"><path d=\"M6 6H4v2h2V6zm14 0H8v2h12V6zM4 11h2v2H4v-2zm16 0H8v2h12v-2zM4 16h2v2H4v-2zm16 0H8v2h12v-2z\" fill=\"currentColor\"><\/path><\/svg><svg style=\"fill: #428bca;color:#428bca\" class=\"arrow-unsorted-368013\" xmlns=\"http:\/\/www.w3.org\/2000\/svg\" width=\"10px\" height=\"10px\" viewBox=\"0 0 24 24\" version=\"1.2\" baseProfile=\"tiny\"><path d=\"M18.2 9.3l-6.2-6.3-6.2 6.3c-.2.2-.3.4-.3.7s.1.5.3.7c.2.2.4.3.7.3h11c.3 0 .5-.1.7-.3.2-.2.3-.5.3-.7s-.1-.5-.3-.7zM5.8 14.7l6.2 6.3 6.2-6.3c.2-.2.3-.5.3-.7s-.1-.5-.3-.7c-.2-.2-.4-.3-.7-.3h-11c-.3 0-.5.1-.7.3-.2.2-.3.5-.3.7s.1.5.3.7z\"\/><\/svg><\/span><\/span><\/span><\/a><\/span><\/div>\n<nav><ul class='ez-toc-list ez-toc-list-level-1 eztoc-toggle-hide-by-default' ><li class='ez-toc-page-1 ez-toc-heading-level-3'><a class=\"ez-toc-link ez-toc-heading-1\" href=\"https:\/\/www.ariasassessors.com\/ca\/se-reformara-el-codigo-penal-para-endurecer-las-penas-por-delitos-de-trafico\/#Amb_la_finalitat_dendurir_les_penes_per_la_comissio_de_delictes_de_trafic_saprovara_per_part_del_Senat_una_reforma_del_Codi_Penal_que_sespera_que_es_publiqui_en_el_BOE_i_entri_en_vigor_en_els_propers_dies\" title=\"Amb la finalitat d\u2019endurir les penes per la comissi\u00f3 de delictes de tr\u00e0fic, s\u2019aprovar\u00e0 per part del Senat una reforma del Codi Penal que s\u2019espera que es publiqui en el BOE i entri en vigor en els propers dies.\">Amb la finalitat d\u2019endurir les penes per la comissi\u00f3 de delictes de tr\u00e0fic, s\u2019aprovar\u00e0 per part del Senat una reforma del Codi Penal que s\u2019espera que es publiqui en el BOE i entri en vigor en els propers dies.<\/a><ul class='ez-toc-list-level-4' ><li class='ez-toc-heading-level-4'><a class=\"ez-toc-link ez-toc-heading-2\" href=\"https:\/\/www.ariasassessors.com\/ca\/se-reformara-el-codigo-penal-para-endurecer-las-penas-por-delitos-de-trafico\/#Delicte_de_abandonament_del_lloc_de_laccident\" title=\"Delicte de abandonament del lloc de l\u2019accident.\">Delicte de abandonament del lloc de l\u2019accident.<\/a><\/li><li class='ez-toc-page-1 ez-toc-heading-level-4'><a class=\"ez-toc-link ez-toc-heading-3\" href=\"https:\/\/www.ariasassessors.com\/ca\/se-reformara-el-codigo-penal-para-endurecer-las-penas-por-delitos-de-trafico\/#Delictes_contra_la_seguretat_vial\" title=\"Delictes contra la seguretat vial\">Delictes contra la seguretat vial<\/a><\/li><li class='ez-toc-page-1 ez-toc-heading-level-4'><a class=\"ez-toc-link ez-toc-heading-4\" href=\"https:\/\/www.ariasassessors.com\/ca\/se-reformara-el-codigo-penal-para-endurecer-las-penas-por-delitos-de-trafico\/#Infraccions_greus_previstes_en_la_Llei_de_Trafic\" title=\"Infraccions greus previstes en la Llei de Tr\u00e0fic\">Infraccions greus previstes en la Llei de Tr\u00e0fic<\/a><\/li><\/ul><\/li><\/ul><\/nav><\/div>\n<h3><span class=\"ez-toc-section\" id=\"Amb_la_finalitat_dendurir_les_penes_per_la_comissio_de_delictes_de_trafic_saprovara_per_part_del_Senat_una_reforma_del_Codi_Penal_que_sespera_que_es_publiqui_en_el_BOE_i_entri_en_vigor_en_els_propers_dies\"><\/span>Amb la finalitat d\u2019endurir les penes per la comissi\u00f3 de delictes de tr\u00e0fic, s\u2019aprovar\u00e0 per part del Senat una reforma del Codi Penal que s\u2019espera que es publiqui en el BOE i entri en vigor en els propers dies.<span class=\"ez-toc-section-end\"><\/span><\/h3>\n<p>Els <strong>canvis<\/strong> que s\u2019introduiran seran els seg\u00fcents:<\/p>\n<h4><span class=\"ez-toc-section\" id=\"Delicte_de_abandonament_del_lloc_de_laccident\"><\/span>Delicte de abandonament del lloc de l\u2019accident.<span class=\"ez-toc-section-end\"><\/span><\/h4>\n<p>Aquest delicte ser\u00e0 castigat amb penes de pres\u00f3 de 2 a 4 anys, si existeix imprud\u00e8ncia. Pels casos en que f\u00f3s involuntari, la pena ser\u00e0 de 3 a 6 mesos de pres\u00f3.<\/p>\n<p>&nbsp;<\/p>\n<h4><span class=\"ez-toc-section\" id=\"Delictes_contra_la_seguretat_vial\"><\/span>Delictes contra la seguretat vial<span class=\"ez-toc-section-end\"><\/span><\/h4>\n<p>En cas que es cometi un delicte d\u2019aquest tipus i existeixin morts o ferits, ser\u00e0 considerat que es comet una imprud\u00e8ncia greu, i ser\u00e0 castigat amb la pena de pres\u00f3 de 1 a 4 anys en cas que hi hagi morts, i fins a 1 any de pres\u00f3 en cas de lesions. Aquestes penes podran veure\u2019s agreujades, fins a 6 anys de pres\u00f3 si existeixen com a m\u00ednim 2 morts o un mort i un lesionat molt greu. I fins a 9 anys, si els morts fossin molts, aquesta apreciaci\u00f3 haur\u00e0 de ser definida pel jutge en cada cas.<\/p>\n<p>&nbsp;<\/p>\n<h4><span class=\"ez-toc-section\" id=\"Infraccions_greus_previstes_en_la_Llei_de_Trafic\"><\/span>Infraccions greus previstes en la Llei de Tr\u00e0fic<span class=\"ez-toc-section-end\"><\/span><\/h4>\n<p>En cas que es cometi una infracci\u00f3 greu de les tipificades en la Llei de Tr\u00e0fic, per exemple, conduir utilitzant el m\u00f2bil, no guardar la dist\u00e0ncia amb ciclistes de 1,5 metres, en las que hagi resultat algun mort o lesions, seran considerades imprud\u00e8ncia menys greu, no obstant seran considerats delicte, amb penes de 3 a 6 mesos de multa.<\/p>\n","protected":false},"excerpt":{"rendered":"<p>Amb la finalitat d&#8217;endurir les penes per la comissi\u00f3 de delictes de tr\u00e0nsit, s&#8217;aprovar\u00e0 pel Senat una reforma del Codi penal ..<\/p>\n","protected":false},"author":5,"featured_media":339,"comment_status":"open","ping_status":"open","sticky":false,"template":"","format":"standard","meta":{"footnotes":""},"categories":[4],"tags":[],"class_list":["post-556","post","type-post","status-publish","format-standard","has-post-thumbnail","hentry","category-noticies"],"yoast_head":"<!-- This site is optimized with the Yoast SEO plugin v24.3 - https:\/\/yoast.com\/wordpress\/plugins\/seo\/ -->\n<title>Cambios del C\u00f3digo Penal por delito de Tr\u00e1fico - Not\u00edcias Arias Assessors<\/title>\n<meta name=\"description\" content=\"Consulta los cambios del c\u00f3digo penal por delito de tr\u00e1fico m\u00e1s relevantes que se han aprovado con el objetivo de endurecer las penas.\" \/>\n<meta name=\"robots\" content=\"index, follow, max-snippet:-1, max-image-preview:large, max-video-preview:-1\" \/>\n<link rel=\"canonical\" href=\"https:\/\/www.ariasassessors.com\/ca\/se-reformara-el-codigo-penal-para-endurecer-las-penas-por-delitos-de-trafico\/\" \/>\n<meta property=\"og:locale\" content=\"ca_ES\" \/>\n<meta property=\"og:type\" content=\"article\" \/>\n<meta property=\"og:title\" content=\"Cambios del C\u00f3digo Penal por delito de Tr\u00e1fico - Not\u00edcias Arias Assessors\" \/>\n<meta property=\"og:description\" content=\"Consulta los cambios del c\u00f3digo penal por delito de tr\u00e1fico m\u00e1s relevantes que se han aprovado con el objetivo de endurecer las penas.\" \/>\n<meta property=\"og:url\" content=\"https:\/\/www.ariasassessors.com\/ca\/se-reformara-el-codigo-penal-para-endurecer-las-penas-por-delitos-de-trafico\/\" \/>\n<meta property=\"og:site_name\" content=\"Arias Assessors\" \/>\n<meta property=\"article:publisher\" content=\"https:\/\/www.facebook.com\/ariasassessors\/\" \/>\n<meta property=\"article:published_time\" content=\"2019-03-06T06:42:16+00:00\" \/>\n<meta property=\"article:modified_time\" content=\"2019-03-13T14:30:49+00:00\" \/>\n<meta property=\"og:image\" content=\"https:\/\/www.ariasassessors.com\/wp-content\/uploads\/2019\/03\/accidente.jpg\" \/>\n\t<meta property=\"og:image:width\" content=\"1200\" \/>\n\t<meta property=\"og:image:height\" content=\"500\" \/>\n\t<meta property=\"og:image:type\" content=\"image\/jpeg\" \/>\n<meta name=\"author\" content=\"Design\" \/>\n<meta name=\"twitter:card\" content=\"summary_large_image\" \/>\n<meta name=\"twitter:creator\" content=\"@ariasassessors\" \/>\n<meta name=\"twitter:site\" content=\"@ariasassessors\" \/>\n<meta name=\"twitter:label1\" content=\"Escrit per\" \/>\n\t<meta name=\"twitter:data1\" content=\"Design\" \/>\n\t<meta name=\"twitter:label2\" content=\"Temps estimat de lectura\" \/>\n\t<meta name=\"twitter:data2\" content=\"1 minut\" \/>\n<script type=\"application\/ld+json\" class=\"yoast-schema-graph\">{\"@context\":\"https:\/\/schema.org\",\"@graph\":[{\"@type\":\"Article\",\"@id\":\"https:\/\/www.ariasassessors.com\/ca\/se-reformara-el-codigo-penal-para-endurecer-las-penas-por-delitos-de-trafico\/#article\",\"isPartOf\":{\"@id\":\"https:\/\/www.ariasassessors.com\/ca\/se-reformara-el-codigo-penal-para-endurecer-las-penas-por-delitos-de-trafico\/\"},\"author\":{\"name\":\"Design\",\"@id\":\"https:\/\/www.ariasassessors.com\/#\/schema\/person\/6c5571bcdde274108f71384e5db6b61f\"},\"headline\":\"Es reformar\u00e0 el codi penal per endurir les penes per delictes de tr\u00e0fic\",\"datePublished\":\"2019-03-06T06:42:16+00:00\",\"dateModified\":\"2019-03-13T14:30:49+00:00\",\"mainEntityOfPage\":{\"@id\":\"https:\/\/www.ariasassessors.com\/ca\/se-reformara-el-codigo-penal-para-endurecer-las-penas-por-delitos-de-trafico\/\"},\"wordCount\":277,\"commentCount\":0,\"publisher\":{\"@id\":\"https:\/\/www.ariasassessors.com\/#organization\"},\"image\":{\"@id\":\"https:\/\/www.ariasassessors.com\/ca\/se-reformara-el-codigo-penal-para-endurecer-las-penas-por-delitos-de-trafico\/#primaryimage\"},\"thumbnailUrl\":\"https:\/\/www.ariasassessors.com\/wp-content\/uploads\/2019\/03\/accidente.jpg\",\"articleSection\":[\"noticies\"],\"inLanguage\":\"ca\",\"potentialAction\":[{\"@type\":\"CommentAction\",\"name\":\"Comment\",\"target\":[\"https:\/\/www.ariasassessors.com\/ca\/se-reformara-el-codigo-penal-para-endurecer-las-penas-por-delitos-de-trafico\/#respond\"]}]},{\"@type\":\"WebPage\",\"@id\":\"https:\/\/www.ariasassessors.com\/ca\/se-reformara-el-codigo-penal-para-endurecer-las-penas-por-delitos-de-trafico\/\",\"url\":\"https:\/\/www.ariasassessors.com\/ca\/se-reformara-el-codigo-penal-para-endurecer-las-penas-por-delitos-de-trafico\/\",\"name\":\"Cambios del C\u00f3digo Penal por delito de Tr\u00e1fico - Not\u00edcias Arias Assessors\",\"isPartOf\":{\"@id\":\"https:\/\/www.ariasassessors.com\/#website\"},\"primaryImageOfPage\":{\"@id\":\"https:\/\/www.ariasassessors.com\/ca\/se-reformara-el-codigo-penal-para-endurecer-las-penas-por-delitos-de-trafico\/#primaryimage\"},\"image\":{\"@id\":\"https:\/\/www.ariasassessors.com\/ca\/se-reformara-el-codigo-penal-para-endurecer-las-penas-por-delitos-de-trafico\/#primaryimage\"},\"thumbnailUrl\":\"https:\/\/www.ariasassessors.com\/wp-content\/uploads\/2019\/03\/accidente.jpg\",\"datePublished\":\"2019-03-06T06:42:16+00:00\",\"dateModified\":\"2019-03-13T14:30:49+00:00\",\"description\":\"Consulta los cambios del c\u00f3digo penal por delito de tr\u00e1fico m\u00e1s relevantes que se han aprovado con el objetivo de endurecer las penas.\",\"breadcrumb\":{\"@id\":\"https:\/\/www.ariasassessors.com\/ca\/se-reformara-el-codigo-penal-para-endurecer-las-penas-por-delitos-de-trafico\/#breadcrumb\"},\"inLanguage\":\"ca\",\"potentialAction\":[{\"@type\":\"ReadAction\",\"target\":[\"https:\/\/www.ariasassessors.com\/ca\/se-reformara-el-codigo-penal-para-endurecer-las-penas-por-delitos-de-trafico\/\"]}]},{\"@type\":\"ImageObject\",\"inLanguage\":\"ca\",\"@id\":\"https:\/\/www.ariasassessors.com\/ca\/se-reformara-el-codigo-penal-para-endurecer-las-penas-por-delitos-de-trafico\/#primaryimage\",\"url\":\"https:\/\/www.ariasassessors.com\/wp-content\/uploads\/2019\/03\/accidente.jpg\",\"contentUrl\":\"https:\/\/www.ariasassessors.com\/wp-content\/uploads\/2019\/03\/accidente.jpg\",\"width\":1200,\"height\":500,\"caption\":\"Se reformar\u00e1 el C\u00f3digo Penal para endurecer las penas por delitos de tr\u00e1fico\"},{\"@type\":\"BreadcrumbList\",\"@id\":\"https:\/\/www.ariasassessors.com\/ca\/se-reformara-el-codigo-penal-para-endurecer-las-penas-por-delitos-de-trafico\/#breadcrumb\",\"itemListElement\":[{\"@type\":\"ListItem\",\"position\":1,\"name\":\"Portada\",\"item\":\"https:\/\/www.ariasassessors.com\/ca\/\"},{\"@type\":\"ListItem\",\"position\":2,\"name\":\"Es reformar\u00e0 el codi penal per endurir les penes per delictes de tr\u00e0fic\"}]},{\"@type\":\"WebSite\",\"@id\":\"https:\/\/www.ariasassessors.com\/#website\",\"url\":\"https:\/\/www.ariasassessors.com\/\",\"name\":\"Arias Assessors\",\"description\":\"Asesor\u00eda para aut\u00f3nomos, profesionales y PYMES\",\"publisher\":{\"@id\":\"https:\/\/www.ariasassessors.com\/#organization\"},\"potentialAction\":[{\"@type\":\"SearchAction\",\"target\":{\"@type\":\"EntryPoint\",\"urlTemplate\":\"https:\/\/www.ariasassessors.com\/?s={search_term_string}\"},\"query-input\":{\"@type\":\"PropertyValueSpecification\",\"valueRequired\":true,\"valueName\":\"search_term_string\"}}],\"inLanguage\":\"ca\"},{\"@type\":\"Organization\",\"@id\":\"https:\/\/www.ariasassessors.com\/#organization\",\"name\":\"Arias Assessors\",\"url\":\"https:\/\/www.ariasassessors.com\/\",\"logo\":{\"@type\":\"ImageObject\",\"inLanguage\":\"ca\",\"@id\":\"https:\/\/www.ariasassessors.com\/#\/schema\/logo\/image\/\",\"url\":\"https:\/\/www.ariasassessors.com\/wp-content\/uploads\/2019\/01\/arias-logo.png\",\"contentUrl\":\"https:\/\/www.ariasassessors.com\/wp-content\/uploads\/2019\/01\/arias-logo.png\",\"width\":349,\"height\":254,\"caption\":\"Arias Assessors\"},\"image\":{\"@id\":\"https:\/\/www.ariasassessors.com\/#\/schema\/logo\/image\/\"},\"sameAs\":[\"https:\/\/www.facebook.com\/ariasassessors\/\",\"https:\/\/x.com\/ariasassessors\",\"https:\/\/www.linkedin.com\/company\/r&amp;amp;r-growing-knowledge\/\"]},{\"@type\":\"Person\",\"@id\":\"https:\/\/www.ariasassessors.com\/#\/schema\/person\/6c5571bcdde274108f71384e5db6b61f\",\"name\":\"Design\",\"image\":{\"@type\":\"ImageObject\",\"inLanguage\":\"ca\",\"@id\":\"https:\/\/www.ariasassessors.com\/#\/schema\/person\/image\/\",\"url\":\"https:\/\/secure.gravatar.com\/avatar\/c66e2ac158bfd7d18446a921d71c45c6?s=96&d=mm&r=g\",\"contentUrl\":\"https:\/\/secure.gravatar.com\/avatar\/c66e2ac158bfd7d18446a921d71c45c6?s=96&d=mm&r=g\",\"caption\":\"Design\"}}]}<\/script>\n<!-- \/ Yoast SEO plugin. -->","yoast_head_json":{"title":"Cambios del C\u00f3digo Penal por delito de Tr\u00e1fico - Not\u00edcias Arias Assessors","description":"Consulta los cambios del c\u00f3digo penal por delito de tr\u00e1fico m\u00e1s relevantes que se han aprovado con el objetivo de endurecer las penas.","robots":{"index":"index","follow":"follow","max-snippet":"max-snippet:-1","max-image-preview":"max-image-preview:large","max-video-preview":"max-video-preview:-1"},"canonical":"https:\/\/www.ariasassessors.com\/ca\/se-reformara-el-codigo-penal-para-endurecer-las-penas-por-delitos-de-trafico\/","og_locale":"ca_ES","og_type":"article","og_title":"Cambios del C\u00f3digo Penal por delito de Tr\u00e1fico - Not\u00edcias Arias Assessors","og_description":"Consulta los cambios del c\u00f3digo penal por delito de tr\u00e1fico m\u00e1s relevantes que se han aprovado con el objetivo de endurecer las penas.","og_url":"https:\/\/www.ariasassessors.com\/ca\/se-reformara-el-codigo-penal-para-endurecer-las-penas-por-delitos-de-trafico\/","og_site_name":"Arias Assessors","article_publisher":"https:\/\/www.facebook.com\/ariasassessors\/","article_published_time":"2019-03-06T06:42:16+00:00","article_modified_time":"2019-03-13T14:30:49+00:00","og_image":[{"width":1200,"height":500,"url":"https:\/\/www.ariasassessors.com\/wp-content\/uploads\/2019\/03\/accidente.jpg","type":"image\/jpeg"}],"author":"Design","twitter_card":"summary_large_image","twitter_creator":"@ariasassessors","twitter_site":"@ariasassessors","twitter_misc":{"Escrit per":"Design","Temps estimat de lectura":"1 minut"},"schema":{"@context":"https:\/\/schema.org","@graph":[{"@type":"Article","@id":"https:\/\/www.ariasassessors.com\/ca\/se-reformara-el-codigo-penal-para-endurecer-las-penas-por-delitos-de-trafico\/#article","isPartOf":{"@id":"https:\/\/www.ariasassessors.com\/ca\/se-reformara-el-codigo-penal-para-endurecer-las-penas-por-delitos-de-trafico\/"},"author":{"name":"Design","@id":"https:\/\/www.ariasassessors.com\/#\/schema\/person\/6c5571bcdde274108f71384e5db6b61f"},"headline":"Es reformar\u00e0 el codi penal per endurir les penes per delictes de tr\u00e0fic","datePublished":"2019-03-06T06:42:16+00:00","dateModified":"2019-03-13T14:30:49+00:00","mainEntityOfPage":{"@id":"https:\/\/www.ariasassessors.com\/ca\/se-reformara-el-codigo-penal-para-endurecer-las-penas-por-delitos-de-trafico\/"},"wordCount":277,"commentCount":0,"publisher":{"@id":"https:\/\/www.ariasassessors.com\/#organization"},"image":{"@id":"https:\/\/www.ariasassessors.com\/ca\/se-reformara-el-codigo-penal-para-endurecer-las-penas-por-delitos-de-trafico\/#primaryimage"},"thumbnailUrl":"https:\/\/www.ariasassessors.com\/wp-content\/uploads\/2019\/03\/accidente.jpg","articleSection":["noticies"],"inLanguage":"ca","potentialAction":[{"@type":"CommentAction","name":"Comment","target":["https:\/\/www.ariasassessors.com\/ca\/se-reformara-el-codigo-penal-para-endurecer-las-penas-por-delitos-de-trafico\/#respond"]}]},{"@type":"WebPage","@id":"https:\/\/www.ariasassessors.com\/ca\/se-reformara-el-codigo-penal-para-endurecer-las-penas-por-delitos-de-trafico\/","url":"https:\/\/www.ariasassessors.com\/ca\/se-reformara-el-codigo-penal-para-endurecer-las-penas-por-delitos-de-trafico\/","name":"Cambios del C\u00f3digo Penal por delito de Tr\u00e1fico - Not\u00edcias Arias Assessors","isPartOf":{"@id":"https:\/\/www.ariasassessors.com\/#website"},"primaryImageOfPage":{"@id":"https:\/\/www.ariasassessors.com\/ca\/se-reformara-el-codigo-penal-para-endurecer-las-penas-por-delitos-de-trafico\/#primaryimage"},"image":{"@id":"https:\/\/www.ariasassessors.com\/ca\/se-reformara-el-codigo-penal-para-endurecer-las-penas-por-delitos-de-trafico\/#primaryimage"},"thumbnailUrl":"https:\/\/www.ariasassessors.com\/wp-content\/uploads\/2019\/03\/accidente.jpg","datePublished":"2019-03-06T06:42:16+00:00","dateModified":"2019-03-13T14:30:49+00:00","description":"Consulta los cambios del c\u00f3digo penal por delito de tr\u00e1fico m\u00e1s relevantes que se han aprovado con el objetivo de endurecer las penas.","breadcrumb":{"@id":"https:\/\/www.ariasassessors.com\/ca\/se-reformara-el-codigo-penal-para-endurecer-las-penas-por-delitos-de-trafico\/#breadcrumb"},"inLanguage":"ca","potentialAction":[{"@type":"ReadAction","target":["https:\/\/www.ariasassessors.com\/ca\/se-reformara-el-codigo-penal-para-endurecer-las-penas-por-delitos-de-trafico\/"]}]},{"@type":"ImageObject","inLanguage":"ca","@id":"https:\/\/www.ariasassessors.com\/ca\/se-reformara-el-codigo-penal-para-endurecer-las-penas-por-delitos-de-trafico\/#primaryimage","url":"https:\/\/www.ariasassessors.com\/wp-content\/uploads\/2019\/03\/accidente.jpg","contentUrl":"https:\/\/www.ariasassessors.com\/wp-content\/uploads\/2019\/03\/accidente.jpg","width":1200,"height":500,"caption":"Se reformar\u00e1 el C\u00f3digo Penal para endurecer las penas por delitos de tr\u00e1fico"},{"@type":"BreadcrumbList","@id":"https:\/\/www.ariasassessors.com\/ca\/se-reformara-el-codigo-penal-para-endurecer-las-penas-por-delitos-de-trafico\/#breadcrumb","itemListElement":[{"@type":"ListItem","position":1,"name":"Portada","item":"https:\/\/www.ariasassessors.com\/ca\/"},{"@type":"ListItem","position":2,"name":"Es reformar\u00e0 el codi penal per endurir les penes per delictes de tr\u00e0fic"}]},{"@type":"WebSite","@id":"https:\/\/www.ariasassessors.com\/#website","url":"https:\/\/www.ariasassessors.com\/","name":"Arias Assessors","description":"Asesor\u00eda para aut\u00f3nomos, profesionales y PYMES","publisher":{"@id":"https:\/\/www.ariasassessors.com\/#organization"},"potentialAction":[{"@type":"SearchAction","target":{"@type":"EntryPoint","urlTemplate":"https:\/\/www.ariasassessors.com\/?s={search_term_string}"},"query-input":{"@type":"PropertyValueSpecification","valueRequired":true,"valueName":"search_term_string"}}],"inLanguage":"ca"},{"@type":"Organization","@id":"https:\/\/www.ariasassessors.com\/#organization","name":"Arias Assessors","url":"https:\/\/www.ariasassessors.com\/","logo":{"@type":"ImageObject","inLanguage":"ca","@id":"https:\/\/www.ariasassessors.com\/#\/schema\/logo\/image\/","url":"https:\/\/www.ariasassessors.com\/wp-content\/uploads\/2019\/01\/arias-logo.png","contentUrl":"https:\/\/www.ariasassessors.com\/wp-content\/uploads\/2019\/01\/arias-logo.png","width":349,"height":254,"caption":"Arias Assessors"},"image":{"@id":"https:\/\/www.ariasassessors.com\/#\/schema\/logo\/image\/"},"sameAs":["https:\/\/www.facebook.com\/ariasassessors\/","https:\/\/x.com\/ariasassessors","https:\/\/www.linkedin.com\/company\/r&amp;amp;r-growing-knowledge\/"]},{"@type":"Person","@id":"https:\/\/www.ariasassessors.com\/#\/schema\/person\/6c5571bcdde274108f71384e5db6b61f","name":"Design","image":{"@type":"ImageObject","inLanguage":"ca","@id":"https:\/\/www.ariasassessors.com\/#\/schema\/person\/image\/","url":"https:\/\/secure.gravatar.com\/avatar\/c66e2ac158bfd7d18446a921d71c45c6?s=96&d=mm&r=g","contentUrl":"https:\/\/secure.gravatar.com\/avatar\/c66e2ac158bfd7d18446a921d71c45c6?s=96&d=mm&r=g","caption":"Design"}}]}},"_links":{"self":[{"href":"https:\/\/www.ariasassessors.com\/ca\/wp-json\/wp\/v2\/posts\/556","targetHints":{"allow":["GET"]}}],"collection":[{"href":"https:\/\/www.ariasassessors.com\/ca\/wp-json\/wp\/v2\/posts"}],"about":[{"href":"https:\/\/www.ariasassessors.com\/ca\/wp-json\/wp\/v2\/types\/post"}],"author":[{"embeddable":true,"href":"https:\/\/www.ariasassessors.com\/ca\/wp-json\/wp\/v2\/users\/5"}],"replies":[{"embeddable":true,"href":"https:\/\/www.ariasassessors.com\/ca\/wp-json\/wp\/v2\/comments?post=556"}],"version-history":[{"count":1,"href":"https:\/\/www.ariasassessors.com\/ca\/wp-json\/wp\/v2\/posts\/556\/revisions"}],"predecessor-version":[{"id":557,"href":"https:\/\/www.ariasassessors.com\/ca\/wp-json\/wp\/v2\/posts\/556\/revisions\/557"}],"wp:featuredmedia":[{"embeddable":true,"href":"https:\/\/www.ariasassessors.com\/ca\/wp-json\/wp\/v2\/media\/339"}],"wp:attachment":[{"href":"https:\/\/www.ariasassessors.com\/ca\/wp-json\/wp\/v2\/media?parent=556"}],"wp:term":[{"taxonomy":"category","embeddable":true,"href":"https:\/\/www.ariasassessors.com\/ca\/wp-json\/wp\/v2\/categories?post=556"},{"taxonomy":"post_tag","embeddable":true,"href":"https:\/\/www.ariasassessors.com\/ca\/wp-json\/wp\/v2\/tags?post=556"}],"curies":[{"name":"wp","href":"https:\/\/api.w.org\/{rel}","templated":true}]}}