{"id":589,"date":"2019-03-18T13:41:33","date_gmt":"2019-03-18T12:41:33","guid":{"rendered":"https:\/\/www.ariasassessors.com\/?p=589"},"modified":"2019-03-18T13:41:33","modified_gmt":"2019-03-18T12:41:33","slug":"novetats-destacades-al-rott","status":"publish","type":"post","link":"https:\/\/www.ariasassessors.com\/ca\/novetats-destacades-al-rott\/","title":{"rendered":"Novetats Destacades al ROTT"},"content":{"rendered":"<p>El passat 20 de febrer es va publicar, amb cinc anys de retard, l&#8217;aprovaci\u00f3 definitiva del nou <strong>Reglament d&#8217;Ordenaci\u00f3 dels transports terrestres (ROTT)<\/strong>. Aquest retard ha estat degut a diferents motius de car\u00e0cter pol\u00edtic i institucional, que han anat retardant l&#8217;aprovaci\u00f3 d&#8217;aquesta norma reglament\u00e0ria.<\/p>\n<p>&nbsp;<\/p>\n<p>Aquesta modificaci\u00f3 suposa diverses <strong>novetats destacades<\/strong> <strong>del ROTT<\/strong>, que s\u00f3n les seg\u00fcents:<\/p>\n<ul>\n<li>Per accedir a la professi\u00f3 i obtenir el t\u00edtol professional de transportista o operador de transport, s&#8217;exigir\u00e0 la possessi\u00f3 del t\u00edtol de batxiller o equivalent o b\u00e9 el t\u00edtol de FP corresponent a l&#8217;activitat.<\/li>\n<\/ul>\n<p>&nbsp;<\/p>\n<ul>\n<li>La nova normativa tamb\u00e9 afecta a la vinculaci\u00f3 entre la persona que t\u00e9 el t\u00edtol i l&#8217;empresa titular de l&#8217;activitat empresarial. Ha de ser real i efectiva, exigint una vinculaci\u00f3 laboral a jornada completa i unes tasques de supervisi\u00f3 en totes les \u00e0rees de l&#8217;empresa. Aix\u00f2 crear\u00e0 la figura de gestor de transport.<\/li>\n<\/ul>\n<p><img loading=\"lazy\" decoding=\"async\" class=\" wp-image-582 aligncenter\" src=\"https:\/\/www.ariasassessors.com\/wp-content\/uploads\/2019\/03\/ley-transporte-300x125.png\" alt=\"\" width=\"710\" height=\"296\" srcset=\"https:\/\/www.ariasassessors.com\/wp-content\/uploads\/2019\/03\/ley-transporte-300x125.png 300w, https:\/\/www.ariasassessors.com\/wp-content\/uploads\/2019\/03\/ley-transporte-768x320.png 768w, https:\/\/www.ariasassessors.com\/wp-content\/uploads\/2019\/03\/ley-transporte-1024x427.png 1024w, https:\/\/www.ariasassessors.com\/wp-content\/uploads\/2019\/03\/ley-transporte-700x292.png 700w, https:\/\/www.ariasassessors.com\/wp-content\/uploads\/2019\/03\/ley-transporte.png 1200w\" sizes=\"auto, (max-width: 710px) 100vw, 710px\" \/><\/p>\n<ul>\n<li>Tamb\u00e9 s&#8217;elimina el requisit de flota m\u00ednima per accedir al sector. Anteriorment, aquest requisit era de tres camions a transport de mercaderies i cinc autobusos a transport de viatgers. Amb la modificaci\u00f3 d&#8217;aquesta llei, es pot accedir amb un sol vehicle de transport. Aix\u00f2 s\u00ed, es mant\u00e9 el requisit d&#8217;antiguitat m\u00e0xima, de cinc mesos en transport de mercaderies i de dos anys en transport de viatgers.<\/li>\n<\/ul>\n<p>&nbsp;<\/p>\n<ul>\n<li><strong>\u00a0<\/strong><strong>P\u00e8rdua de honorabilitat del transportista<\/strong>: Implicar\u00e0 suspensi\u00f3 de la validesa de les autoritzacions de transport durant un termini d&#8217;un any per la comissi\u00f3 d&#8217;una infracci\u00f3 molt greu o de tres greus, en alguns sup\u00f2sits en funci\u00f3 de la flota que posseeix l&#8217;empresa transportista.<\/li>\n<\/ul>\n<p>&nbsp;<\/p>\n<ul>\n<li>Una de les grans <strong>novetats destacades del ROTT<\/strong> \u00e9s que s&#8217;implementaran sistemes electr\u00f2nics per obtenir els certificats de compet\u00e8ncia professional, per a complir els principis d&#8217;efici\u00e8ncia, per tal de reduir c\u00e0rregues administratives. En aquesta l\u00ednia, la targeta de transport desapareix com a document acreditatiu de la corresponent autoritzaci\u00f3.<\/li>\n<\/ul>\n","protected":false},"excerpt":{"rendered":"<p>El passat 20 de febrer es va publicar, amb cinc anys de retard, l&#8217;aprovaci\u00f3 definitiva del nou Reglament d&#8217;Ordenaci\u00f3 dels transports terrestres (ROTT). Aquest retard ha estat degut a diferents motius de car\u00e0cter pol\u00edtic i institucional, que han anat retardant l&#8217;aprovaci\u00f3 d&#8217;aquesta norma reglament\u00e0ria. &nbsp;&#8230;<\/p>\n","protected":false},"author":2,"featured_media":584,"comment_status":"open","ping_status":"open","sticky":false,"template":"","format":"standard","meta":{"footnotes":""},"categories":[4],"tags":[204],"class_list":["post-589","post","type-post","status-publish","format-standard","has-post-thumbnail","hentry","category-noticies","tag-reglamentacio"],"yoast_head":"<!-- This site is optimized with the Yoast SEO plugin v24.3 - https:\/\/yoast.com\/wordpress\/plugins\/seo\/ -->\n<title>Novetats Destacades al ROTT | Arias Assessors<\/title>\n<meta name=\"description\" content=\"El passat 20 de febrer es va publicar, amb cinc anys de retard, l&#039;aprovaci\u00f3 definitiva del nou Reglament d&#039;Ordenaci\u00f3 dels transports terrestres (ROTT).\" \/>\n<meta name=\"robots\" content=\"index, follow, max-snippet:-1, max-image-preview:large, max-video-preview:-1\" \/>\n<link rel=\"canonical\" href=\"https:\/\/www.ariasassessors.com\/ca\/novetats-destacades-al-rott\/\" \/>\n<meta property=\"og:locale\" content=\"ca_ES\" \/>\n<meta property=\"og:type\" content=\"article\" \/>\n<meta property=\"og:title\" content=\"Novetats Destacades al ROTT | Arias Assessors\" \/>\n<meta property=\"og:description\" content=\"El passat 20 de febrer es va publicar, amb cinc anys de retard, l&#039;aprovaci\u00f3 definitiva del nou Reglament d&#039;Ordenaci\u00f3 dels transports terrestres (ROTT).\" \/>\n<meta property=\"og:url\" content=\"https:\/\/www.ariasassessors.com\/ca\/novetats-destacades-al-rott\/\" \/>\n<meta property=\"og:site_name\" content=\"Arias Assessors\" \/>\n<meta property=\"article:publisher\" content=\"https:\/\/www.facebook.com\/ariasassessors\/\" \/>\n<meta property=\"article:published_time\" content=\"2019-03-18T12:41:33+00:00\" \/>\n<meta property=\"og:image\" content=\"https:\/\/www.ariasassessors.com\/wp-content\/uploads\/2019\/03\/ley-transporte-1.png\" \/>\n\t<meta property=\"og:image:width\" content=\"1200\" \/>\n\t<meta property=\"og:image:height\" content=\"500\" \/>\n\t<meta property=\"og:image:type\" content=\"image\/png\" \/>\n<meta name=\"author\" content=\"btorras\" \/>\n<meta name=\"twitter:card\" content=\"summary_large_image\" \/>\n<meta name=\"twitter:creator\" content=\"@ariasassessors\" \/>\n<meta name=\"twitter:site\" content=\"@ariasassessors\" \/>\n<meta name=\"twitter:label1\" content=\"Escrit per\" \/>\n\t<meta name=\"twitter:data1\" content=\"btorras\" \/>\n\t<meta name=\"twitter:label2\" content=\"Temps estimat de lectura\" \/>\n\t<meta name=\"twitter:data2\" content=\"2 minuts\" \/>\n<script type=\"application\/ld+json\" class=\"yoast-schema-graph\">{\"@context\":\"https:\/\/schema.org\",\"@graph\":[{\"@type\":\"Article\",\"@id\":\"https:\/\/www.ariasassessors.com\/ca\/novetats-destacades-al-rott\/#article\",\"isPartOf\":{\"@id\":\"https:\/\/www.ariasassessors.com\/ca\/novetats-destacades-al-rott\/\"},\"author\":{\"name\":\"btorras\",\"@id\":\"https:\/\/www.ariasassessors.com\/#\/schema\/person\/63c6ad1775f0a9413c37932562673cef\"},\"headline\":\"Novetats Destacades al ROTT\",\"datePublished\":\"2019-03-18T12:41:33+00:00\",\"dateModified\":\"2019-03-18T12:41:33+00:00\",\"mainEntityOfPage\":{\"@id\":\"https:\/\/www.ariasassessors.com\/ca\/novetats-destacades-al-rott\/\"},\"wordCount\":325,\"commentCount\":0,\"publisher\":{\"@id\":\"https:\/\/www.ariasassessors.com\/#organization\"},\"image\":{\"@id\":\"https:\/\/www.ariasassessors.com\/ca\/novetats-destacades-al-rott\/#primaryimage\"},\"thumbnailUrl\":\"https:\/\/www.ariasassessors.com\/wp-content\/uploads\/2019\/03\/ley-transporte-1.png\",\"keywords\":[\"reglamentaci\u00f3\"],\"articleSection\":[\"noticies\"],\"inLanguage\":\"ca\",\"potentialAction\":[{\"@type\":\"CommentAction\",\"name\":\"Comment\",\"target\":[\"https:\/\/www.ariasassessors.com\/ca\/novetats-destacades-al-rott\/#respond\"]}]},{\"@type\":\"WebPage\",\"@id\":\"https:\/\/www.ariasassessors.com\/ca\/novetats-destacades-al-rott\/\",\"url\":\"https:\/\/www.ariasassessors.com\/ca\/novetats-destacades-al-rott\/\",\"name\":\"Novetats Destacades al ROTT | Arias Assessors\",\"isPartOf\":{\"@id\":\"https:\/\/www.ariasassessors.com\/#website\"},\"primaryImageOfPage\":{\"@id\":\"https:\/\/www.ariasassessors.com\/ca\/novetats-destacades-al-rott\/#primaryimage\"},\"image\":{\"@id\":\"https:\/\/www.ariasassessors.com\/ca\/novetats-destacades-al-rott\/#primaryimage\"},\"thumbnailUrl\":\"https:\/\/www.ariasassessors.com\/wp-content\/uploads\/2019\/03\/ley-transporte-1.png\",\"datePublished\":\"2019-03-18T12:41:33+00:00\",\"dateModified\":\"2019-03-18T12:41:33+00:00\",\"description\":\"El passat 20 de febrer es va publicar, amb cinc anys de retard, l'aprovaci\u00f3 definitiva del nou Reglament d'Ordenaci\u00f3 dels transports terrestres (ROTT).\",\"breadcrumb\":{\"@id\":\"https:\/\/www.ariasassessors.com\/ca\/novetats-destacades-al-rott\/#breadcrumb\"},\"inLanguage\":\"ca\",\"potentialAction\":[{\"@type\":\"ReadAction\",\"target\":[\"https:\/\/www.ariasassessors.com\/ca\/novetats-destacades-al-rott\/\"]}]},{\"@type\":\"ImageObject\",\"inLanguage\":\"ca\",\"@id\":\"https:\/\/www.ariasassessors.com\/ca\/novetats-destacades-al-rott\/#primaryimage\",\"url\":\"https:\/\/www.ariasassessors.com\/wp-content\/uploads\/2019\/03\/ley-transporte-1.png\",\"contentUrl\":\"https:\/\/www.ariasassessors.com\/wp-content\/uploads\/2019\/03\/ley-transporte-1.png\",\"width\":1200,\"height\":500},{\"@type\":\"BreadcrumbList\",\"@id\":\"https:\/\/www.ariasassessors.com\/ca\/novetats-destacades-al-rott\/#breadcrumb\",\"itemListElement\":[{\"@type\":\"ListItem\",\"position\":1,\"name\":\"Portada\",\"item\":\"https:\/\/www.ariasassessors.com\/ca\/\"},{\"@type\":\"ListItem\",\"position\":2,\"name\":\"Novetats Destacades al ROTT\"}]},{\"@type\":\"WebSite\",\"@id\":\"https:\/\/www.ariasassessors.com\/#website\",\"url\":\"https:\/\/www.ariasassessors.com\/\",\"name\":\"Arias Assessors\",\"description\":\"Asesor\u00eda para aut\u00f3nomos, profesionales y PYMES\",\"publisher\":{\"@id\":\"https:\/\/www.ariasassessors.com\/#organization\"},\"potentialAction\":[{\"@type\":\"SearchAction\",\"target\":{\"@type\":\"EntryPoint\",\"urlTemplate\":\"https:\/\/www.ariasassessors.com\/?s={search_term_string}\"},\"query-input\":{\"@type\":\"PropertyValueSpecification\",\"valueRequired\":true,\"valueName\":\"search_term_string\"}}],\"inLanguage\":\"ca\"},{\"@type\":\"Organization\",\"@id\":\"https:\/\/www.ariasassessors.com\/#organization\",\"name\":\"Arias Assessors\",\"url\":\"https:\/\/www.ariasassessors.com\/\",\"logo\":{\"@type\":\"ImageObject\",\"inLanguage\":\"ca\",\"@id\":\"https:\/\/www.ariasassessors.com\/#\/schema\/logo\/image\/\",\"url\":\"https:\/\/www.ariasassessors.com\/wp-content\/uploads\/2019\/01\/arias-logo.png\",\"contentUrl\":\"https:\/\/www.ariasassessors.com\/wp-content\/uploads\/2019\/01\/arias-logo.png\",\"width\":349,\"height\":254,\"caption\":\"Arias Assessors\"},\"image\":{\"@id\":\"https:\/\/www.ariasassessors.com\/#\/schema\/logo\/image\/\"},\"sameAs\":[\"https:\/\/www.facebook.com\/ariasassessors\/\",\"https:\/\/x.com\/ariasassessors\",\"https:\/\/www.linkedin.com\/company\/r&amp;amp;r-growing-knowledge\/\"]},{\"@type\":\"Person\",\"@id\":\"https:\/\/www.ariasassessors.com\/#\/schema\/person\/63c6ad1775f0a9413c37932562673cef\",\"name\":\"btorras\",\"image\":{\"@type\":\"ImageObject\",\"inLanguage\":\"ca\",\"@id\":\"https:\/\/www.ariasassessors.com\/#\/schema\/person\/image\/\",\"url\":\"https:\/\/secure.gravatar.com\/avatar\/0531db351fc361fdbfd204c58fa2d6a3?s=96&d=mm&r=g\",\"contentUrl\":\"https:\/\/secure.gravatar.com\/avatar\/0531db351fc361fdbfd204c58fa2d6a3?s=96&d=mm&r=g\",\"caption\":\"btorras\"}}]}<\/script>\n<!-- \/ Yoast SEO plugin. -->","yoast_head_json":{"title":"Novetats Destacades al ROTT | Arias Assessors","description":"El passat 20 de febrer es va publicar, amb cinc anys de retard, l'aprovaci\u00f3 definitiva del nou Reglament d'Ordenaci\u00f3 dels transports terrestres (ROTT).","robots":{"index":"index","follow":"follow","max-snippet":"max-snippet:-1","max-image-preview":"max-image-preview:large","max-video-preview":"max-video-preview:-1"},"canonical":"https:\/\/www.ariasassessors.com\/ca\/novetats-destacades-al-rott\/","og_locale":"ca_ES","og_type":"article","og_title":"Novetats Destacades al ROTT | Arias Assessors","og_description":"El passat 20 de febrer es va publicar, amb cinc anys de retard, l'aprovaci\u00f3 definitiva del nou Reglament d'Ordenaci\u00f3 dels transports terrestres (ROTT).","og_url":"https:\/\/www.ariasassessors.com\/ca\/novetats-destacades-al-rott\/","og_site_name":"Arias Assessors","article_publisher":"https:\/\/www.facebook.com\/ariasassessors\/","article_published_time":"2019-03-18T12:41:33+00:00","og_image":[{"width":1200,"height":500,"url":"https:\/\/www.ariasassessors.com\/wp-content\/uploads\/2019\/03\/ley-transporte-1.png","type":"image\/png"}],"author":"btorras","twitter_card":"summary_large_image","twitter_creator":"@ariasassessors","twitter_site":"@ariasassessors","twitter_misc":{"Escrit per":"btorras","Temps estimat de lectura":"2 minuts"},"schema":{"@context":"https:\/\/schema.org","@graph":[{"@type":"Article","@id":"https:\/\/www.ariasassessors.com\/ca\/novetats-destacades-al-rott\/#article","isPartOf":{"@id":"https:\/\/www.ariasassessors.com\/ca\/novetats-destacades-al-rott\/"},"author":{"name":"btorras","@id":"https:\/\/www.ariasassessors.com\/#\/schema\/person\/63c6ad1775f0a9413c37932562673cef"},"headline":"Novetats Destacades al ROTT","datePublished":"2019-03-18T12:41:33+00:00","dateModified":"2019-03-18T12:41:33+00:00","mainEntityOfPage":{"@id":"https:\/\/www.ariasassessors.com\/ca\/novetats-destacades-al-rott\/"},"wordCount":325,"commentCount":0,"publisher":{"@id":"https:\/\/www.ariasassessors.com\/#organization"},"image":{"@id":"https:\/\/www.ariasassessors.com\/ca\/novetats-destacades-al-rott\/#primaryimage"},"thumbnailUrl":"https:\/\/www.ariasassessors.com\/wp-content\/uploads\/2019\/03\/ley-transporte-1.png","keywords":["reglamentaci\u00f3"],"articleSection":["noticies"],"inLanguage":"ca","potentialAction":[{"@type":"CommentAction","name":"Comment","target":["https:\/\/www.ariasassessors.com\/ca\/novetats-destacades-al-rott\/#respond"]}]},{"@type":"WebPage","@id":"https:\/\/www.ariasassessors.com\/ca\/novetats-destacades-al-rott\/","url":"https:\/\/www.ariasassessors.com\/ca\/novetats-destacades-al-rott\/","name":"Novetats Destacades al ROTT | Arias Assessors","isPartOf":{"@id":"https:\/\/www.ariasassessors.com\/#website"},"primaryImageOfPage":{"@id":"https:\/\/www.ariasassessors.com\/ca\/novetats-destacades-al-rott\/#primaryimage"},"image":{"@id":"https:\/\/www.ariasassessors.com\/ca\/novetats-destacades-al-rott\/#primaryimage"},"thumbnailUrl":"https:\/\/www.ariasassessors.com\/wp-content\/uploads\/2019\/03\/ley-transporte-1.png","datePublished":"2019-03-18T12:41:33+00:00","dateModified":"2019-03-18T12:41:33+00:00","description":"El passat 20 de febrer es va publicar, amb cinc anys de retard, l'aprovaci\u00f3 definitiva del nou Reglament d'Ordenaci\u00f3 dels transports terrestres (ROTT).","breadcrumb":{"@id":"https:\/\/www.ariasassessors.com\/ca\/novetats-destacades-al-rott\/#breadcrumb"},"inLanguage":"ca","potentialAction":[{"@type":"ReadAction","target":["https:\/\/www.ariasassessors.com\/ca\/novetats-destacades-al-rott\/"]}]},{"@type":"ImageObject","inLanguage":"ca","@id":"https:\/\/www.ariasassessors.com\/ca\/novetats-destacades-al-rott\/#primaryimage","url":"https:\/\/www.ariasassessors.com\/wp-content\/uploads\/2019\/03\/ley-transporte-1.png","contentUrl":"https:\/\/www.ariasassessors.com\/wp-content\/uploads\/2019\/03\/ley-transporte-1.png","width":1200,"height":500},{"@type":"BreadcrumbList","@id":"https:\/\/www.ariasassessors.com\/ca\/novetats-destacades-al-rott\/#breadcrumb","itemListElement":[{"@type":"ListItem","position":1,"name":"Portada","item":"https:\/\/www.ariasassessors.com\/ca\/"},{"@type":"ListItem","position":2,"name":"Novetats Destacades al ROTT"}]},{"@type":"WebSite","@id":"https:\/\/www.ariasassessors.com\/#website","url":"https:\/\/www.ariasassessors.com\/","name":"Arias Assessors","description":"Asesor\u00eda para aut\u00f3nomos, profesionales y PYMES","publisher":{"@id":"https:\/\/www.ariasassessors.com\/#organization"},"potentialAction":[{"@type":"SearchAction","target":{"@type":"EntryPoint","urlTemplate":"https:\/\/www.ariasassessors.com\/?s={search_term_string}"},"query-input":{"@type":"PropertyValueSpecification","valueRequired":true,"valueName":"search_term_string"}}],"inLanguage":"ca"},{"@type":"Organization","@id":"https:\/\/www.ariasassessors.com\/#organization","name":"Arias Assessors","url":"https:\/\/www.ariasassessors.com\/","logo":{"@type":"ImageObject","inLanguage":"ca","@id":"https:\/\/www.ariasassessors.com\/#\/schema\/logo\/image\/","url":"https:\/\/www.ariasassessors.com\/wp-content\/uploads\/2019\/01\/arias-logo.png","contentUrl":"https:\/\/www.ariasassessors.com\/wp-content\/uploads\/2019\/01\/arias-logo.png","width":349,"height":254,"caption":"Arias Assessors"},"image":{"@id":"https:\/\/www.ariasassessors.com\/#\/schema\/logo\/image\/"},"sameAs":["https:\/\/www.facebook.com\/ariasassessors\/","https:\/\/x.com\/ariasassessors","https:\/\/www.linkedin.com\/company\/r&amp;amp;r-growing-knowledge\/"]},{"@type":"Person","@id":"https:\/\/www.ariasassessors.com\/#\/schema\/person\/63c6ad1775f0a9413c37932562673cef","name":"btorras","image":{"@type":"ImageObject","inLanguage":"ca","@id":"https:\/\/www.ariasassessors.com\/#\/schema\/person\/image\/","url":"https:\/\/secure.gravatar.com\/avatar\/0531db351fc361fdbfd204c58fa2d6a3?s=96&d=mm&r=g","contentUrl":"https:\/\/secure.gravatar.com\/avatar\/0531db351fc361fdbfd204c58fa2d6a3?s=96&d=mm&r=g","caption":"btorras"}}]}},"_links":{"self":[{"href":"https:\/\/www.ariasassessors.com\/ca\/wp-json\/wp\/v2\/posts\/589","targetHints":{"allow":["GET"]}}],"collection":[{"href":"https:\/\/www.ariasassessors.com\/ca\/wp-json\/wp\/v2\/posts"}],"about":[{"href":"https:\/\/www.ariasassessors.com\/ca\/wp-json\/wp\/v2\/types\/post"}],"author":[{"embeddable":true,"href":"https:\/\/www.ariasassessors.com\/ca\/wp-json\/wp\/v2\/users\/2"}],"replies":[{"embeddable":true,"href":"https:\/\/www.ariasassessors.com\/ca\/wp-json\/wp\/v2\/comments?post=589"}],"version-history":[{"count":1,"href":"https:\/\/www.ariasassessors.com\/ca\/wp-json\/wp\/v2\/posts\/589\/revisions"}],"predecessor-version":[{"id":590,"href":"https:\/\/www.ariasassessors.com\/ca\/wp-json\/wp\/v2\/posts\/589\/revisions\/590"}],"wp:featuredmedia":[{"embeddable":true,"href":"https:\/\/www.ariasassessors.com\/ca\/wp-json\/wp\/v2\/media\/584"}],"wp:attachment":[{"href":"https:\/\/www.ariasassessors.com\/ca\/wp-json\/wp\/v2\/media?parent=589"}],"wp:term":[{"taxonomy":"category","embeddable":true,"href":"https:\/\/www.ariasassessors.com\/ca\/wp-json\/wp\/v2\/categories?post=589"},{"taxonomy":"post_tag","embeddable":true,"href":"https:\/\/www.ariasassessors.com\/ca\/wp-json\/wp\/v2\/tags?post=589"}],"curies":[{"name":"wp","href":"https:\/\/api.w.org\/{rel}","templated":true}]}}